{"id":30417,"date":"2025-08-02T23:16:23","date_gmt":"2025-08-02T21:16:23","guid":{"rendered":"https:\/\/www.welovecycling.com\/cs\/?p=30417"},"modified":"2025-08-02T23:16:23","modified_gmt":"2025-08-02T21:16:23","slug":"olympijske-sampionce-bouchly-saze-a-letela-pro-placku","status":"publish","type":"post","link":"https:\/\/www.welovecycling.com\/cs\/2025\/08\/02\/olympijske-sampionce-bouchly-saze-a-letela-pro-placku\/","title":{"rendered":"Olympijsk\u00e9 \u0161ampionce bouchly saze a let\u011bla pro placku"},"content":{"rendered":"<p style=\"font-weight: 400;\"><strong>Zapln\u011bn\u00e9 n\u00e1m\u011bst\u00ed v Prachatic\u00edch bou\u0159liv\u011b aplaudovalo. Kate\u0159ina Neumannov\u00e1, \u0161umavsk\u00e1 patriotka, projela c\u00edlem Horsk\u00e9 L&#8217;Etape Czech Republic by Tour de France jako t\u0159et\u00ed v absolutn\u00edm po\u0159ad\u00ed \u017een a druh\u00e1 nejlep\u0161\u00ed \u010desk\u00e1 z\u00e1vodnice. \u201eJsem nad\u0161en\u00e1. Ne\u010dekala jsem, \u017ee budu m\u00edt tak velk\u00fd z\u00e1\u017eitek. Opravdu neuv\u011b\u0159iteln\u00fd den,\u201c rozpl\u00fdvala se po projet\u00ed c\u00edlem olympijsk\u00e1 \u0161ampionka z Tur\u00edna 2006, kter\u00e1 jako prvn\u00ed \u010desk\u00e1 \u017eena v historii startovala na letn\u00edch i zimn\u00edch olympijsk\u00fdch hr\u00e1ch.<\/strong><\/p>\n<h2 style=\"font-weight: 400;\"><strong>Kate\u0159ina Neumannov\u00e1 trasu Horsk\u00e9 L&#8217;Etape dlouhou 110 kilometr\u016f s p\u0159ev\u00fd\u0161en\u00edm 2200 metr\u016f zvl\u00e1dla za 3 hodiny 34 minut a dojela jako t\u0159et\u00ed nejlep\u0161\u00ed \u017eena. \u0160la jste na start s ambicemi na stupn\u011b v\u00edt\u011bz\u016f?<\/strong><\/h2>\n<p style=\"font-weight: 400;\">Jsem otrok startovn\u00edho \u010d\u00edsla. Kdy\u017e mi n\u011bkdo d\u00e1 startovn\u00ed \u010d\u00edslo na kolo nebo na z\u00e1da, neum\u00edm jet pomalu a v\u017edy nech\u00e1m na trase v\u0161echno. Ale vzhledem k m\u00e9mu ro\u010dn\u00edku narozen\u00ed a po\u010dtu najet\u00fdch kilometr\u016f, jich\u017e jsem letos nasb\u00edrala jen t\u0159i tis\u00edce, m\u011b soupe\u0159ky m\u011bly porazit. Byla jsem p\u0159ekvapen\u00e1, jak moc m\u011b z\u00e1vod pohltil. J\u00e1 si koupila nov\u00e9 silni\u010dn\u00ed kolo, do n\u011bho\u017e jsem se \u00fapln\u011b zamilovala. Roman Kreuziger mi pomohl s n\u00e1kupem krasavce, kter\u00fd m\u011b motivoval, abych za\u010dala jezdit tro\u0161ku v\u00edce.<\/p>\n<figure id=\"attachment_30419\" aria-describedby=\"caption-attachment-30419\" style=\"width: 1920px\" class=\"wp-caption alignnone\"><a href=\"https:\/\/d2p6e6u75xmxt8.cloudfront.net\/13\/2025\/08\/3C9A4983-scaled.webp\"><img loading=\"lazy\" decoding=\"async\" class=\"size-extra-large wp-image-30419\" src=\"https:\/\/d2p6e6u75xmxt8.cloudfront.net\/13\/2025\/08\/3C9A4983-1920x1280.webp\" alt=\"\" width=\"1920\" height=\"1280\" srcset=\"https:\/\/d2p6e6u75xmxt8.cloudfront.net\/13\/2025\/08\/3C9A4983-1920x1280.webp 1920w, https:\/\/d2p6e6u75xmxt8.cloudfront.net\/13\/2025\/08\/3C9A4983-300x200.webp 300w, https:\/\/d2p6e6u75xmxt8.cloudfront.net\/13\/2025\/08\/3C9A4983-1024x683.webp 1024w, https:\/\/d2p6e6u75xmxt8.cloudfront.net\/13\/2025\/08\/3C9A4983-768x512.webp 768w, https:\/\/d2p6e6u75xmxt8.cloudfront.net\/13\/2025\/08\/3C9A4983-1536x1024.webp 1536w, https:\/\/d2p6e6u75xmxt8.cloudfront.net\/13\/2025\/08\/3C9A4983-2048x1366.webp 2048w, https:\/\/d2p6e6u75xmxt8.cloudfront.net\/13\/2025\/08\/3C9A4983-400x267.webp 400w, https:\/\/d2p6e6u75xmxt8.cloudfront.net\/13\/2025\/08\/3C9A4983-272x182.webp 272w, https:\/\/d2p6e6u75xmxt8.cloudfront.net\/13\/2025\/08\/3C9A4983-1920x1280.webp 1920w\" sizes=\"auto, (max-width: 1920px) 100vw, 1920px\" \/><\/a><figcaption id=\"caption-attachment-30419\" class=\"wp-caption-text\"><em>Olympijsk\u00e1 \u0161ampionka Kate\u0159ina Neumannov\u00e1 a hejtman Martin Kuba.<\/em><\/figcaption><\/figure>\n<h2 style=\"font-weight: 400;\"><strong>Tak\u017ee a\u010d b\u00fdval\u00e1 bikerka, kter\u00e1 m\u00e1 na kont\u011b i start na olympijsk\u00fdch hr\u00e1ch, jste propadla silni\u010dn\u00ed cyklistice?<\/strong><\/h2>\n<p style=\"font-weight: 400;\">Ano. P\u0159ede\u0161l\u00e9 sezony jsem jezdila t\u00e9m\u011b\u0159 v\u00fdhrad\u011b na horsk\u00e9m kole. A te\u010f jsem zase skoro v\u00fdhradn\u011b na silnici. Dvakr\u00e1t a\u017e t\u0159ikr\u00e1t v t\u00fddnu se sna\u017e\u00edm vyrazit. A proto jsem si \u0159\u00edkala, pro\u010d nezkusit z\u00e1vod. Ale j\u00e1 t\u0159eba v\u016fbec netu\u0161\u00edm, jak\u00e9 m\u00e1m p\u0159evody na kole. Pro m\u011b je d\u016fle\u017eit\u00e1 barva a fakt, \u017ee kolo kr\u00e1sn\u011b jede. Technick\u00e9 v\u011bci v\u016fbec ne\u0159e\u0161\u00edm. Jezd\u00edm podle pocit\u016f a chuti, tak\u017ee t\u0159eba watty nebo tepovou frekvenci absolutn\u011b nesleduji.<\/p>\n<h2 style=\"font-weight: 400;\"><strong>A distanci podobnou trase z\u00e1vodu jezd\u00ed Kate\u0159ina Neumannov\u00e1 v tr\u00e9ninku pravideln\u011b?<\/strong><\/h2>\n<p style=\"font-weight: 400;\">Letos jsme absolvovala stovku jednou, jinak jezd\u00edm \u0161edes\u00e1t a\u017e osmdes\u00e1t kilometr\u016f. A o p\u0159ev\u00fd\u0161en\u00ed bl\u00ed\u017e\u00edc\u00edm se dvou tis\u00edc\u016fm \u010di dokonce v\u011bt\u0161\u00edm v\u016fbec mluvit nemohu. J\u00e1 si d\u011bl\u00e1m v\u00fdlety po \u0160umav\u011b a v\u011bt\u0161inu se dostanu n\u011bkam k patn\u00e1cti \u010di \u0161estn\u00e1cti stovk\u00e1m v\u00fd\u0161kov\u00fdch metr\u016f.<\/p>\n<div class=\"shortcode-ys-post-pinup\"><article class=\"loop-simple post-30384 post type-post status-publish format-standard has-post-thumbnail hentry category-letape-czech-republic tag-andy-schleck tag-cyklistika tag-frank-schleck tag-horska-letape tag-prachatice tag-silnicni-cyklistika tag-tour-de-france tag-tour-de-france-2010 global-categories-cycling\" data-postid=\"30384\" role=\"article\" data-post-id=\"30384\" data-word-count=\"842\" data-headline-length=\"43\" data-category=\"L&#039;Etape Czech Republic\" data-global-category=\"Cycling\" data-author=\"Radek Malina\" data-published=\"2025-07-31T16:00:54+02:00\" data-published-day=\"Thursday\">\n    <div class=\"entry-thumbnail article-thumbnail\" content=\"https:\/\/d2p6e6u75xmxt8.cloudfront.net\/13\/2024\/08\/1864-SKODA-TDF-Femmes-2024-150x150.webp\"><a href=\"https:\/\/www.welovecycling.com\/cs\/2025\/07\/31\/sampionem-tour-ale-bez-financni-odmeny\/\" class=\"image-holder\" target=\"_self\"><img decoding=\"async\" loading=\"lazy\" class=\"\" src=\"https:\/\/d2p6e6u75xmxt8.cloudfront.net\/13\/2024\/08\/1864-SKODA-TDF-Femmes-2024-1024x683.webp\" srcset=\"https:\/\/d2p6e6u75xmxt8.cloudfront.net\/13\/2024\/08\/1864-SKODA-TDF-Femmes-2024-scaled.webp 2560w, https:\/\/d2p6e6u75xmxt8.cloudfront.net\/13\/2024\/08\/1864-SKODA-TDF-Femmes-2024-300x200.webp 300w, https:\/\/d2p6e6u75xmxt8.cloudfront.net\/13\/2024\/08\/1864-SKODA-TDF-Femmes-2024-1024x683.webp 1024w, https:\/\/d2p6e6u75xmxt8.cloudfront.net\/13\/2024\/08\/1864-SKODA-TDF-Femmes-2024-768x512.webp 768w, https:\/\/d2p6e6u75xmxt8.cloudfront.net\/13\/2024\/08\/1864-SKODA-TDF-Femmes-2024-1536x1024.webp 1536w, https:\/\/d2p6e6u75xmxt8.cloudfront.net\/13\/2024\/08\/1864-SKODA-TDF-Femmes-2024-2048x1366.webp 2048w, https:\/\/d2p6e6u75xmxt8.cloudfront.net\/13\/2024\/08\/1864-SKODA-TDF-Femmes-2024-1920x1280.webp 1920w, https:\/\/d2p6e6u75xmxt8.cloudfront.net\/13\/2024\/08\/1864-SKODA-TDF-Femmes-2024-400x267.webp 400w, https:\/\/d2p6e6u75xmxt8.cloudfront.net\/13\/2024\/08\/1864-SKODA-TDF-Femmes-2024-272x182.webp 272w, https:\/\/d2p6e6u75xmxt8.cloudfront.net\/13\/2024\/08\/1864-SKODA-TDF-Femmes-2024-1920x1280.webp 1920w\" width=\"1024\" height=\"683\" sizes=\"auto, (min-width: 1200px) 300px, (min-width: 768px) 25vw, 100vw\" alt=\"sampionem-tour-ale-bez-financni-odmeny\"\/><\/a><\/div>    <div class=\"entry-meta\">\n        <a class=\"label label-secondary post-category\" href=\"https:\/\/www.welovecycling.com\/cs\/category\/letape-czech-republic\/\" title=\"L'Etape Czech Republic\">L'Etape Czech Republic<\/a>\n    <\/div>\n    <div class=\"entry-details\">\n        <a href=\"https:\/\/www.welovecycling.com\/cs\/2025\/07\/31\/sampionem-tour-ale-bez-financni-odmeny\/\" class='entry-title-wrapper'>\n            <h3 class=\"entry-title\"><span>\u0160ampionem Tour, ale bez finan\u010dn\u00ed odm\u011bny<\/span><\/h3>\n        <\/a>\n    <\/div>\n    <\/article>\n<\/div>\n<h2 style=\"font-weight: 400;\"><strong>Stihla jste t\u0159eba po \u010d\u00e1stech projet trasu Horsk\u00e9 L&#8217;Etape?<\/strong><\/h2>\n<p style=\"font-weight: 400;\">V\u016fbec. N\u011bkolik m\u00e1lo \u010d\u00e1sti jsem znala, ale opravdu jen m\u00e1lo. V\u0161ak jsem tak\u00e9 n\u011bkolikr\u00e1t ud\u011blala chyby ve sjezdu, tak\u017ee mi skupina, v n\u00ed\u017e jsem byla, odjela a j\u00e1 ji t\u011b\u017ece doj\u00ed\u017ed\u011bla. Technick\u00e9 mezery z moj\u00ed strany byly velik\u00e9. J\u00e1 nikdy nejezdila ve skupin\u011b, ve velk\u00e9m bal\u00edku. M\u011bla jsem respekt. Ale lid\u00e9 kolem m\u011b se chovali velice slu\u0161n\u011b. A pokud jsem se nec\u00edtila dob\u0159e, tak jsem si rad\u011bji povysko\u010dila, ne\u017e abych byla ve st\u0159edu bal\u00edku. To neum\u00edm.<\/p>\n<h2 style=\"font-weight: 400;\"><strong>Kdy jste za\u010dala tu\u0161it, \u017ee jedete o stupn\u011b v\u00edt\u011bz\u016f?<\/strong><\/h2>\n<p style=\"font-weight: 400;\">Jelo se mi v\u00e1\u017en\u011b dob\u0159e. Pro m\u011b \u0161lo o obrovsk\u00fd z\u00e1\u017eitek. Jak z\u00e1vod postupoval a doj\u00ed\u017ed\u011bla jsem v\u00fdkonnostn\u011b hodn\u011b dobr\u00e9 holky, tak ve mn\u011b bouchly saze. Kdy\u017e jsem p\u0159edj\u00ed\u017ed\u011bla Terezu Hu\u0159\u00edkovou, tak jsem si \u0159\u00edkala, \u017ee je to divn\u00e9. A pak jsem najednou m\u00edjela Karlu \u0160t\u011bp\u00e1novou (L\u00f6ffelmannovou), co\u017e u\u017e mi bylo \u00fapln\u011b divn\u00e9, proto\u017ee jde v obou p\u0159\u00edpadech o z\u00e1vodnice. Na trase bylo hodn\u011b kopc\u016f, co\u017e mi nahr\u00e1lo. Miluju dlouh\u00e1 stoup\u00e1n\u00ed, tak\u017ee od v\u00fdjezdu na Kle\u0165 jsem se za\u010dala dost\u00e1vat hodn\u011b vp\u0159ed. A pak jsem jela s n\u011bjakou holkou v posledn\u00edm kopci a za\u010dala jsem spurtovat, abych ji utrhla.<\/p>\n<figure id=\"attachment_30432\" aria-describedby=\"caption-attachment-30432\" style=\"width: 1920px\" class=\"wp-caption alignnone\"><a href=\"https:\/\/d2p6e6u75xmxt8.cloudfront.net\/13\/2025\/08\/LEtape-Czech_Prachatice2025_3485-scaled.webp\"><img loading=\"lazy\" decoding=\"async\" class=\"size-extra-large wp-image-30432\" src=\"https:\/\/d2p6e6u75xmxt8.cloudfront.net\/13\/2025\/08\/LEtape-Czech_Prachatice2025_3485-1920x1280.webp\" alt=\"\" width=\"1920\" height=\"1280\" srcset=\"https:\/\/d2p6e6u75xmxt8.cloudfront.net\/13\/2025\/08\/LEtape-Czech_Prachatice2025_3485-1920x1280.webp 1920w, https:\/\/d2p6e6u75xmxt8.cloudfront.net\/13\/2025\/08\/LEtape-Czech_Prachatice2025_3485-300x200.webp 300w, https:\/\/d2p6e6u75xmxt8.cloudfront.net\/13\/2025\/08\/LEtape-Czech_Prachatice2025_3485-1024x683.webp 1024w, https:\/\/d2p6e6u75xmxt8.cloudfront.net\/13\/2025\/08\/LEtape-Czech_Prachatice2025_3485-768x512.webp 768w, https:\/\/d2p6e6u75xmxt8.cloudfront.net\/13\/2025\/08\/LEtape-Czech_Prachatice2025_3485-1536x1024.webp 1536w, https:\/\/d2p6e6u75xmxt8.cloudfront.net\/13\/2025\/08\/LEtape-Czech_Prachatice2025_3485-2048x1365.webp 2048w, https:\/\/d2p6e6u75xmxt8.cloudfront.net\/13\/2025\/08\/LEtape-Czech_Prachatice2025_3485-400x267.webp 400w, https:\/\/d2p6e6u75xmxt8.cloudfront.net\/13\/2025\/08\/LEtape-Czech_Prachatice2025_3485-272x182.webp 272w, https:\/\/d2p6e6u75xmxt8.cloudfront.net\/13\/2025\/08\/LEtape-Czech_Prachatice2025_3485-1920x1280.webp 1920w\" sizes=\"auto, (max-width: 1920px) 100vw, 1920px\" \/><\/a><figcaption id=\"caption-attachment-30432\" class=\"wp-caption-text\"><em>Kate\u0159ina Neumanov\u00e1 v c\u00edli Horsk\u00e9 L&#8217;Etape Czech Republic by Tour de France v Prachatic\u00edch.<\/em><\/figcaption><\/figure>\n<h2 style=\"font-weight: 400;\"><strong>Vn\u00edmala <a href=\"https:\/\/www.welovecycling.com\/cs\/2022\/04\/05\/katerina-neumannova-jsem-nerada-kdyz-me-nekdo-predjizdi\/\">Kate\u0159ina Neumannov\u00e1<\/a> atmosf\u00e9ru na trase? Pohltilo v\u00e1s d\u011bn\u00ed na fan pointech?<\/strong><\/h2>\n<p style=\"font-weight: 400;\">Minim\u00e1ln\u011b dvakr\u00e1t ve mn\u011b vzpl\u00e1ly hodn\u011b velk\u00e9 emoce. Ur\u010dit\u011b p\u0159i za\u010d\u00e1tku stoup\u00e1n\u00ed na Kle\u0165, kde byla obrovsk\u00e1 atmosf\u00e9ra. Rovn\u011b\u017e v Chrobolech byli fanou\u0161ci fantasti\u010dt\u00ed. A pak v \u010cesk\u00e9m Krumlov\u011b, by\u0165 na kostk\u00e1ch to bylo t\u011b\u017ek\u00e9. Ale v\u00e1\u017en\u011b jsem hodn\u011b nad\u0161en\u00e1. Ohromn\u011b nad\u0161en\u00e1. Ne\u010dekala jsem, \u017ee budu m\u00edt ze z\u00e1vodu tak velk\u00fd z\u00e1\u017eitek.<\/p>\n<h2 style=\"font-weight: 400;\"><strong>Tak\u017ee Horsk\u00e1 L&#8217;Etape 2025 nez\u016fstane jedinou zku\u0161enost\u00ed se silni\u010dn\u00edmi z\u00e1vody?<\/strong><\/h2>\n<p style=\"font-weight: 400;\">Za \u010dtrn\u00e1ct dn\u016f ur\u010dit\u011b pojedu z\u00e1vod horsk\u00fdch kol na Lipn\u011b, co\u017e je m\u016fj projekt a budu zapojen\u00e1 v organiza\u010dn\u00ed roli, tud\u00ed\u017e p\u0159\u00edstup bude odli\u0161n\u00fd. Moment\u00e1ln\u011b \u017e\u00e1dn\u00fd dal\u0161\u00ed silni\u010dn\u00ed podnik v pl\u00e1nu nem\u00e1m. Jist\u00e9 je, \u017ee rovinat\u00e9 z\u00e1vody pro m\u011b nejsou.<\/p>\n","protected":false},"excerpt":{"rendered":"<p>Zapln\u011bn\u00e9 n\u00e1m\u011bst\u00ed v Prachatic\u00edch bou\u0159liv\u011b aplaudovalo. Kate\u0159ina Neumannov\u00e1, \u0161umavsk\u00e1 patriotka, projela c\u00edlem Horsk\u00e9 L&#8217;Etape Czech Republic by Tour de France [&hellip;]<\/p>\n","protected":false},"author":138,"featured_media":30431,"comment_status":"open","ping_status":"open","sticky":false,"template":"","format":"standard","meta":{"footnotes":""},"categories":[10],"tags":[126,84,1091,9],"global-categories":[411],"class_list":["post-30417","post","type-post","status-publish","format-standard","has-post-thumbnail","hentry","category-silnicni-cyklistika","tag-cyklistika","tag-katerina-neumannova","tag-letape","tag-silnicni-cyklistika","global-categories-cycling"],"yoast_head":"<!-- This site is optimized with the Yoast SEO Premium plugin v25.3 (Yoast SEO v25.9) - https:\/\/yoast.com\/wordpress\/plugins\/seo\/ -->\n<title>Olympijsk\u00e9 \u0161ampionce bouchly saze a let\u011bla pro placku | \u0160koda We Love Cycling - \u010cesk\u00e1 republika<\/title>\n<meta name=\"description\" content=\"Zapln\u011bn\u00e9 n\u00e1m\u011bst\u00ed v Prachatic\u00edch bou\u0159liv\u011b aplaudovalo. Kate\u0159ina Neumannov\u00e1, \u0161umavsk\u00e1 patriotka, projela c\u00edlem Horsk\u00e9 L&#039;Etape Czech Republic by Tour de France jako t\u0159et\u00ed v absolutn\u00edm po\u0159ad\u00ed \u017een a druh\u00e1 nejlep\u0161\u00ed \u010desk\u00e1 z\u00e1vodnice. \u201eJsem nad\u0161en\u00e1. Ne\u010dekala jsem, \u017ee budu m\u00edt tak velk\u00fd z\u00e1\u017eitek. Opravdu neuv\u011b\u0159iteln\u00fd den,\u201c rozpl\u00fdvala se po projet\u00ed c\u00edlem olympijsk\u00e1 \u0161ampionka z Tur\u00edna 2006, kter\u00e1 jako prvn\u00ed \u010desk\u00e1 \u017eena v historii startovala na letn\u00edch i zimn\u00edch olympijsk\u00fdch hr\u00e1ch.\" \/>\n<meta name=\"robots\" content=\"index, follow, max-snippet:-1, max-image-preview:large, max-video-preview:-1\" \/>\n<link rel=\"canonical\" href=\"https:\/\/www.welovecycling.com\/cs\/2025\/08\/02\/olympijske-sampionce-bouchly-saze-a-letela-pro-placku\/\" \/>\n<meta property=\"og:locale\" content=\"cs_CZ\" \/>\n<meta property=\"og:type\" content=\"article\" \/>\n<meta property=\"og:title\" content=\"Olympijsk\u00e9 \u0161ampionce bouchly saze a let\u011bla pro placku\" \/>\n<meta property=\"og:description\" content=\"Zapln\u011bn\u00e9 n\u00e1m\u011bst\u00ed v Prachatic\u00edch bou\u0159liv\u011b aplaudovalo. Kate\u0159ina Neumannov\u00e1, \u0161umavsk\u00e1 patriotka, projela c\u00edlem Horsk\u00e9 L&#039;Etape Czech Republic by Tour de France jako t\u0159et\u00ed v absolutn\u00edm po\u0159ad\u00ed \u017een a druh\u00e1 nejlep\u0161\u00ed \u010desk\u00e1 z\u00e1vodnice. \u201eJsem nad\u0161en\u00e1. Ne\u010dekala jsem, \u017ee budu m\u00edt tak velk\u00fd z\u00e1\u017eitek. Opravdu neuv\u011b\u0159iteln\u00fd den,\u201c rozpl\u00fdvala se po projet\u00ed c\u00edlem olympijsk\u00e1 \u0161ampionka z Tur\u00edna 2006, kter\u00e1 jako prvn\u00ed \u010desk\u00e1 \u017eena v historii startovala na letn\u00edch i zimn\u00edch olympijsk\u00fdch hr\u00e1ch.\" \/>\n<meta property=\"og:url\" content=\"https:\/\/www.welovecycling.com\/cs\/2025\/08\/02\/olympijske-sampionce-bouchly-saze-a-letela-pro-placku\/\" \/>\n<meta property=\"og:site_name\" content=\"\u0160koda We Love Cycling - \u010cesk\u00e1 republika\" \/>\n<meta property=\"article:published_time\" content=\"2025-08-02T21:16:23+00:00\" \/>\n<meta property=\"og:image\" content=\"https:\/\/d2p6e6u75xmxt8.cloudfront.net\/13\/2025\/08\/LEtape-Czech_Prachatice2025_1229-scaled.webp\" \/>\n\t<meta property=\"og:image:width\" content=\"2560\" \/>\n\t<meta property=\"og:image:height\" content=\"1707\" \/>\n\t<meta property=\"og:image:type\" content=\"image\/webp\" \/>\n<meta name=\"author\" content=\"radekmalina\" \/>\n<meta name=\"twitter:card\" content=\"summary_large_image\" \/>\n<meta name=\"twitter:label1\" content=\"Written by\" \/>\n\t<meta name=\"twitter:data1\" content=\"Radek Malina\" \/>\n\t<meta name=\"twitter:label2\" content=\"Est. reading time\" \/>\n\t<meta name=\"twitter:data2\" content=\"5\" \/>\n<script type=\"application\/ld+json\" class=\"yoast-schema-graph\">{\"@context\":\"https:\/\/schema.org\",\"@graph\":[{\"@type\":\"WebPage\",\"@id\":\"https:\/\/www.welovecycling.com\/cs\/2025\/08\/02\/olympijske-sampionce-bouchly-saze-a-letela-pro-placku\/\",\"url\":\"https:\/\/www.welovecycling.com\/cs\/2025\/08\/02\/olympijske-sampionce-bouchly-saze-a-letela-pro-placku\/\",\"name\":\"Olympijsk\u00e9 \u0161ampionce bouchly saze a let\u011bla pro placku | \u0160koda We Love Cycling - \u010cesk\u00e1 republika\",\"isPartOf\":{\"@id\":\"https:\/\/www.welovecycling.com\/cs\/#website\"},\"primaryImageOfPage\":{\"@id\":\"https:\/\/www.welovecycling.com\/cs\/2025\/08\/02\/olympijske-sampionce-bouchly-saze-a-letela-pro-placku\/#primaryimage\"},\"image\":{\"@id\":\"https:\/\/www.welovecycling.com\/cs\/2025\/08\/02\/olympijske-sampionce-bouchly-saze-a-letela-pro-placku\/#primaryimage\"},\"thumbnailUrl\":\"https:\/\/d2p6e6u75xmxt8.cloudfront.net\/13\/2025\/08\/LEtape-Czech_Prachatice2025_1229-scaled.webp\",\"datePublished\":\"2025-08-02T21:16:23+00:00\",\"author\":{\"@id\":\"https:\/\/www.welovecycling.com\/cs\/#\/schema\/person\/d9eeb0a378f3a7e4a6d12d2b536b04b8\"},\"description\":\"Zapln\u011bn\u00e9 n\u00e1m\u011bst\u00ed v Prachatic\u00edch bou\u0159liv\u011b aplaudovalo. Kate\u0159ina Neumannov\u00e1, \u0161umavsk\u00e1 patriotka, projela c\u00edlem Horsk\u00e9 L'Etape Czech Republic by Tour de France jako t\u0159et\u00ed v absolutn\u00edm po\u0159ad\u00ed \u017een a druh\u00e1 nejlep\u0161\u00ed \u010desk\u00e1 z\u00e1vodnice. \u201eJsem nad\u0161en\u00e1. Ne\u010dekala jsem, \u017ee budu m\u00edt tak velk\u00fd z\u00e1\u017eitek. Opravdu neuv\u011b\u0159iteln\u00fd den,\u201c rozpl\u00fdvala se po projet\u00ed c\u00edlem olympijsk\u00e1 \u0161ampionka z Tur\u00edna 2006, kter\u00e1 jako prvn\u00ed \u010desk\u00e1 \u017eena v historii startovala na letn\u00edch i zimn\u00edch olympijsk\u00fdch hr\u00e1ch.\",\"inLanguage\":\"cs\",\"potentialAction\":[{\"@type\":\"ReadAction\",\"target\":[\"https:\/\/www.welovecycling.com\/cs\/2025\/08\/02\/olympijske-sampionce-bouchly-saze-a-letela-pro-placku\/\"]}]},{\"@type\":\"ImageObject\",\"inLanguage\":\"cs\",\"@id\":\"https:\/\/www.welovecycling.com\/cs\/2025\/08\/02\/olympijske-sampionce-bouchly-saze-a-letela-pro-placku\/#primaryimage\",\"url\":\"https:\/\/d2p6e6u75xmxt8.cloudfront.net\/13\/2025\/08\/LEtape-Czech_Prachatice2025_1229-scaled.webp\",\"contentUrl\":\"https:\/\/d2p6e6u75xmxt8.cloudfront.net\/13\/2025\/08\/LEtape-Czech_Prachatice2025_1229-scaled.webp\",\"width\":2560,\"height\":1707,\"caption\":\"Kate\u0159ina Neumanov\u00e1 L'Etape\"},{\"@type\":\"WebSite\",\"@id\":\"https:\/\/www.welovecycling.com\/cs\/#website\",\"url\":\"https:\/\/www.welovecycling.com\/cs\/\",\"name\":\"\u0160koda We Love Cycling - \u010cesk\u00e1 republika\",\"description\":\"WeLoveCycling.cz je online magaz\u00edn, kter\u00fd v\u00e1m pravideln\u011b p\u0159in\u00e1\u0161\u00ed rady a tipy, zaj\u00edmav\u00e9 \u010dl\u00e1nky, videa a jedine\u010dn\u00e9 report\u00e1\u017ee ze sv\u011bta cyklistiky.\",\"potentialAction\":[{\"@type\":\"SearchAction\",\"target\":{\"@type\":\"EntryPoint\",\"urlTemplate\":\"https:\/\/www.welovecycling.com\/cs\/?s={search_term_string}\"},\"query-input\":{\"@type\":\"PropertyValueSpecification\",\"valueRequired\":true,\"valueName\":\"search_term_string\"}}],\"inLanguage\":\"cs\"},{\"@type\":\"Person\",\"@id\":\"https:\/\/www.welovecycling.com\/cs\/#\/schema\/person\/d9eeb0a378f3a7e4a6d12d2b536b04b8\",\"name\":\"radekmalina\",\"image\":{\"@type\":\"ImageObject\",\"inLanguage\":\"cs\",\"@id\":\"https:\/\/www.welovecycling.com\/cs\/#\/schema\/person\/image\/\",\"url\":\"https:\/\/secure.gravatar.com\/avatar\/66994b632cb8c39a46b9f54afa3ae07201b678d32a54275b6f1c9ffec356bfc0?s=96&d=mm&r=g\",\"contentUrl\":\"https:\/\/secure.gravatar.com\/avatar\/66994b632cb8c39a46b9f54afa3ae07201b678d32a54275b6f1c9ffec356bfc0?s=96&d=mm&r=g\",\"caption\":\"radekmalina\"},\"url\":\"https:\/\/www.welovecycling.com\/cs\/author\/radekmalina\/\"}]}<\/script>\n<!-- \/ Yoast SEO Premium plugin. -->","yoast_head_json":{"title":"Olympijsk\u00e9 \u0161ampionce bouchly saze a let\u011bla pro placku | \u0160koda We Love Cycling - \u010cesk\u00e1 republika","description":"Zapln\u011bn\u00e9 n\u00e1m\u011bst\u00ed v Prachatic\u00edch bou\u0159liv\u011b aplaudovalo. Kate\u0159ina Neumannov\u00e1, \u0161umavsk\u00e1 patriotka, projela c\u00edlem Horsk\u00e9 L'Etape Czech Republic by Tour de France jako t\u0159et\u00ed v absolutn\u00edm po\u0159ad\u00ed \u017een a druh\u00e1 nejlep\u0161\u00ed \u010desk\u00e1 z\u00e1vodnice. \u201eJsem nad\u0161en\u00e1. Ne\u010dekala jsem, \u017ee budu m\u00edt tak velk\u00fd z\u00e1\u017eitek. Opravdu neuv\u011b\u0159iteln\u00fd den,\u201c rozpl\u00fdvala se po projet\u00ed c\u00edlem olympijsk\u00e1 \u0161ampionka z Tur\u00edna 2006, kter\u00e1 jako prvn\u00ed \u010desk\u00e1 \u017eena v historii startovala na letn\u00edch i zimn\u00edch olympijsk\u00fdch hr\u00e1ch.","robots":{"index":"index","follow":"follow","max-snippet":"max-snippet:-1","max-image-preview":"max-image-preview:large","max-video-preview":"max-video-preview:-1"},"canonical":"https:\/\/www.welovecycling.com\/cs\/2025\/08\/02\/olympijske-sampionce-bouchly-saze-a-letela-pro-placku\/","og_locale":"cs_CZ","og_type":"article","og_title":"Olympijsk\u00e9 \u0161ampionce bouchly saze a let\u011bla pro placku","og_description":"Zapln\u011bn\u00e9 n\u00e1m\u011bst\u00ed v Prachatic\u00edch bou\u0159liv\u011b aplaudovalo. Kate\u0159ina Neumannov\u00e1, \u0161umavsk\u00e1 patriotka, projela c\u00edlem Horsk\u00e9 L'Etape Czech Republic by Tour de France jako t\u0159et\u00ed v absolutn\u00edm po\u0159ad\u00ed \u017een a druh\u00e1 nejlep\u0161\u00ed \u010desk\u00e1 z\u00e1vodnice. \u201eJsem nad\u0161en\u00e1. Ne\u010dekala jsem, \u017ee budu m\u00edt tak velk\u00fd z\u00e1\u017eitek. Opravdu neuv\u011b\u0159iteln\u00fd den,\u201c rozpl\u00fdvala se po projet\u00ed c\u00edlem olympijsk\u00e1 \u0161ampionka z Tur\u00edna 2006, kter\u00e1 jako prvn\u00ed \u010desk\u00e1 \u017eena v historii startovala na letn\u00edch i zimn\u00edch olympijsk\u00fdch hr\u00e1ch.","og_url":"https:\/\/www.welovecycling.com\/cs\/2025\/08\/02\/olympijske-sampionce-bouchly-saze-a-letela-pro-placku\/","og_site_name":"\u0160koda We Love Cycling - \u010cesk\u00e1 republika","article_published_time":"2025-08-02T21:16:23+00:00","og_image":[{"width":2560,"height":1707,"url":"https:\/\/d2p6e6u75xmxt8.cloudfront.net\/13\/2025\/08\/LEtape-Czech_Prachatice2025_1229-scaled.webp","type":"image\/webp"}],"author":"radekmalina","twitter_card":"summary_large_image","twitter_misc":{"Written by":"Radek Malina","Est. reading time":"5"},"schema":{"@context":"https:\/\/schema.org","@graph":[{"@type":"WebPage","@id":"https:\/\/www.welovecycling.com\/cs\/2025\/08\/02\/olympijske-sampionce-bouchly-saze-a-letela-pro-placku\/","url":"https:\/\/www.welovecycling.com\/cs\/2025\/08\/02\/olympijske-sampionce-bouchly-saze-a-letela-pro-placku\/","name":"Olympijsk\u00e9 \u0161ampionce bouchly saze a let\u011bla pro placku | \u0160koda We Love Cycling - \u010cesk\u00e1 republika","isPartOf":{"@id":"https:\/\/www.welovecycling.com\/cs\/#website"},"primaryImageOfPage":{"@id":"https:\/\/www.welovecycling.com\/cs\/2025\/08\/02\/olympijske-sampionce-bouchly-saze-a-letela-pro-placku\/#primaryimage"},"image":{"@id":"https:\/\/www.welovecycling.com\/cs\/2025\/08\/02\/olympijske-sampionce-bouchly-saze-a-letela-pro-placku\/#primaryimage"},"thumbnailUrl":"https:\/\/d2p6e6u75xmxt8.cloudfront.net\/13\/2025\/08\/LEtape-Czech_Prachatice2025_1229-scaled.webp","datePublished":"2025-08-02T21:16:23+00:00","author":{"@id":"https:\/\/www.welovecycling.com\/cs\/#\/schema\/person\/d9eeb0a378f3a7e4a6d12d2b536b04b8"},"description":"Zapln\u011bn\u00e9 n\u00e1m\u011bst\u00ed v Prachatic\u00edch bou\u0159liv\u011b aplaudovalo. Kate\u0159ina Neumannov\u00e1, \u0161umavsk\u00e1 patriotka, projela c\u00edlem Horsk\u00e9 L'Etape Czech Republic by Tour de France jako t\u0159et\u00ed v absolutn\u00edm po\u0159ad\u00ed \u017een a druh\u00e1 nejlep\u0161\u00ed \u010desk\u00e1 z\u00e1vodnice. \u201eJsem nad\u0161en\u00e1. Ne\u010dekala jsem, \u017ee budu m\u00edt tak velk\u00fd z\u00e1\u017eitek. Opravdu neuv\u011b\u0159iteln\u00fd den,\u201c rozpl\u00fdvala se po projet\u00ed c\u00edlem olympijsk\u00e1 \u0161ampionka z Tur\u00edna 2006, kter\u00e1 jako prvn\u00ed \u010desk\u00e1 \u017eena v historii startovala na letn\u00edch i zimn\u00edch olympijsk\u00fdch hr\u00e1ch.","inLanguage":"cs","potentialAction":[{"@type":"ReadAction","target":["https:\/\/www.welovecycling.com\/cs\/2025\/08\/02\/olympijske-sampionce-bouchly-saze-a-letela-pro-placku\/"]}]},{"@type":"ImageObject","inLanguage":"cs","@id":"https:\/\/www.welovecycling.com\/cs\/2025\/08\/02\/olympijske-sampionce-bouchly-saze-a-letela-pro-placku\/#primaryimage","url":"https:\/\/d2p6e6u75xmxt8.cloudfront.net\/13\/2025\/08\/LEtape-Czech_Prachatice2025_1229-scaled.webp","contentUrl":"https:\/\/d2p6e6u75xmxt8.cloudfront.net\/13\/2025\/08\/LEtape-Czech_Prachatice2025_1229-scaled.webp","width":2560,"height":1707,"caption":"Kate\u0159ina Neumanov\u00e1 L'Etape"},{"@type":"WebSite","@id":"https:\/\/www.welovecycling.com\/cs\/#website","url":"https:\/\/www.welovecycling.com\/cs\/","name":"\u0160koda We Love Cycling - \u010cesk\u00e1 republika","description":"WeLoveCycling.cz je online magaz\u00edn, kter\u00fd v\u00e1m pravideln\u011b p\u0159in\u00e1\u0161\u00ed rady a tipy, zaj\u00edmav\u00e9 \u010dl\u00e1nky, videa a jedine\u010dn\u00e9 report\u00e1\u017ee ze sv\u011bta cyklistiky.","potentialAction":[{"@type":"SearchAction","target":{"@type":"EntryPoint","urlTemplate":"https:\/\/www.welovecycling.com\/cs\/?s={search_term_string}"},"query-input":{"@type":"PropertyValueSpecification","valueRequired":true,"valueName":"search_term_string"}}],"inLanguage":"cs"},{"@type":"Person","@id":"https:\/\/www.welovecycling.com\/cs\/#\/schema\/person\/d9eeb0a378f3a7e4a6d12d2b536b04b8","name":"radekmalina","image":{"@type":"ImageObject","inLanguage":"cs","@id":"https:\/\/www.welovecycling.com\/cs\/#\/schema\/person\/image\/","url":"https:\/\/secure.gravatar.com\/avatar\/66994b632cb8c39a46b9f54afa3ae07201b678d32a54275b6f1c9ffec356bfc0?s=96&d=mm&r=g","contentUrl":"https:\/\/secure.gravatar.com\/avatar\/66994b632cb8c39a46b9f54afa3ae07201b678d32a54275b6f1c9ffec356bfc0?s=96&d=mm&r=g","caption":"radekmalina"},"url":"https:\/\/www.welovecycling.com\/cs\/author\/radekmalina\/"}]}},"_links":{"self":[{"href":"https:\/\/www.welovecycling.com\/cs\/wp-json\/wp\/v2\/posts\/30417","targetHints":{"allow":["GET"]}}],"collection":[{"href":"https:\/\/www.welovecycling.com\/cs\/wp-json\/wp\/v2\/posts"}],"about":[{"href":"https:\/\/www.welovecycling.com\/cs\/wp-json\/wp\/v2\/types\/post"}],"author":[{"embeddable":true,"href":"https:\/\/www.welovecycling.com\/cs\/wp-json\/wp\/v2\/users\/138"}],"replies":[{"embeddable":true,"href":"https:\/\/www.welovecycling.com\/cs\/wp-json\/wp\/v2\/comments?post=30417"}],"version-history":[{"count":1,"href":"https:\/\/www.welovecycling.com\/cs\/wp-json\/wp\/v2\/posts\/30417\/revisions"}],"predecessor-version":[{"id":30437,"href":"https:\/\/www.welovecycling.com\/cs\/wp-json\/wp\/v2\/posts\/30417\/revisions\/30437"}],"wp:featuredmedia":[{"embeddable":true,"href":"https:\/\/www.welovecycling.com\/cs\/wp-json\/wp\/v2\/media\/30431"}],"wp:attachment":[{"href":"https:\/\/www.welovecycling.com\/cs\/wp-json\/wp\/v2\/media?parent=30417"}],"wp:term":[{"taxonomy":"category","embeddable":true,"href":"https:\/\/www.welovecycling.com\/cs\/wp-json\/wp\/v2\/categories?post=30417"},{"taxonomy":"post_tag","embeddable":true,"href":"https:\/\/www.welovecycling.com\/cs\/wp-json\/wp\/v2\/tags?post=30417"},{"taxonomy":"global-categories","embeddable":true,"href":"https:\/\/www.welovecycling.com\/cs\/wp-json\/wp\/v2\/global-categories?post=30417"}],"curies":[{"name":"wp","href":"https:\/\/api.w.org\/{rel}","templated":true}]}}