{"id":30410,"date":"2025-08-02T19:46:29","date_gmt":"2025-08-02T17:46:29","guid":{"rendered":"https:\/\/www.welovecycling.com\/cs\/?p=30410"},"modified":"2025-08-02T23:20:26","modified_gmt":"2025-08-02T21:20:26","slug":"olympijska-sampionka-neumannova-a-vitez-tour-de-france-ohromili-pri-letape-jizni-cechy","status":"publish","type":"post","link":"https:\/\/www.welovecycling.com\/cs\/2025\/08\/02\/olympijska-sampionka-neumannova-a-vitez-tour-de-france-ohromili-pri-letape-jizni-cechy\/","title":{"rendered":"Olympijsk\u00e1 \u0161ampionka Neumannov\u00e1 a v\u00edt\u011bz Tour de France ohromili p\u0159i L&#8217;Etape ji\u017en\u00ed \u010cechy"},"content":{"rendered":"<p><strong>Celkem 1068 cyklist\u016f si i p\u0159es prom\u011bnliv\u00e9 po\u010das\u00ed u\u017eilo Horskou L&#8217;Etape Czech Republic by Tour de France, kter\u00e1 se jela prvn\u00ed srpnovou sobotu podruh\u00e9 v historii v Prachatic\u00edch. \u00da\u010dastn\u00edky i fanou\u0161ky nadchl Andy Schleck, v\u00edt\u011bz Tour de France 2010, kter\u00fd se na start postavil jako ambasador \u0160koda We Love Cycling. Bou\u0159liv\u00e9ho aplausu p\u0159i n\u00e1vratu na Velk\u00e9 n\u00e1m\u011bst\u00ed si u\u017e\u00edvala rovn\u011b\u017e \u0161umavsk\u00e1 patriotka a b\u00fdval\u00e1 reprezentantka v klasick\u00e9m ly\u017eov\u00e1n\u00ed Kate\u0159ina Neumannov\u00e1, kter\u00e1 dojela jako druh\u00e1 nejlep\u0161\u00ed \u010desk\u00e1 cyklistka a t\u0159et\u00ed absolutn\u011b.<\/strong><\/p>\n<p><span style=\"font-weight: 400;\">N\u00e1ro\u010dnou trasu zvl\u00e1dl nejrychleji Ital Matteo Raimondi, p\u0159ed \u010desk\u00fdm rod\u00e1kem Martinem Kaprem z\u00e1vod\u00edc\u00edm za australsk\u00fd t\u00fdm Ccache Bodywrap a nejlep\u0161\u00edm z \u010desk\u00fdch cyklist\u016f Jon\u00e1\u0161em Vojt\u011bchem z Lawi Stars Giant. V\u00edt\u011bzkou \u017eensk\u00e9ho z\u00e1vodu byla stejn\u011b jako p\u0159i premi\u00e9\u0159e z\u00e1vodu Denisa Sl\u00e1mov\u00e1.<\/span><\/p>\n<p><i><span style=\"font-weight: 400;\">\u201eByl jsem ohromen nad\u0161en\u00edm cyklist\u016f, kte\u0159\u00ed se postavili na start, i prost\u0159ed\u00edm, v n\u011bm\u017e se jelo. P\u0159\u00edroda byla skute\u010dn\u011b okouzluj\u00edc\u00ed. P\u0159ipadal jsem si jako doma, proto\u017ee trasu obklopovaly n\u00e1dhern\u00e9 lesy a louky. A ur\u010dit\u011b mus\u00edm vyzdvihnout silnice, po kter\u00fdch se jelo, proto\u017ee byly jako vy\u017eehlen\u00e9. \u0160lo prost\u011b o den k zapamatov\u00e1n\u00ed,\u201c<\/span><\/i><span style=\"font-weight: 400;\"> hodnotil p\u0159edstaven\u00ed na jihu \u010cech Andy Schleck, ambasador \u0160koda We Love Cycling. <\/span><i><span style=\"font-weight: 400;\">\u201eBylo neuv\u011b\u0159iteln\u00e9, kolik dorazilo k trati div\u00e1k\u016f. I p\u0159es de\u0161tiv\u00e9 po\u010das\u00ed fantasticky podporovali v\u0161echny bez rozd\u00edlu. Prost\u011b uk\u00e1zali nad\u0161en\u00ed a velk\u00fd z\u00e1pal, kter\u00fd dod\u00e1val energii,\u201c<\/span><\/i> <span style=\"font-weight: 400;\">vyzdvihl fanou\u0161ky Andy Schleck.<\/span><\/p>\n<h2><strong>Ital byl p\u0159i Horsk\u00e9 L&#8217;Etape nepolapiteln\u00fd<\/strong><\/h2>\n<p><span style=\"font-weight: 400;\">Horsk\u00e1 L&#8217;Etape Czech Republic by Tour de France byla dlouh\u00e1 110 kilometr\u016f, z\u00e1vodn\u00edci museli p\u0159ekonat 2200 v\u00fd\u0161kov\u00fdch metr\u016f. Mimo\u0159\u00e1dn\u011b atraktivn\u00edm bodem z\u00e1vodu byl pr\u016fjezd p\u0159es \u010cesk\u00fd Krumlov, kde se peloton zano\u0159il do historick\u00e9ho centra m\u011bsta za\u0159azen\u00e9ho na seznam sv\u011btov\u00e9ho d\u011bdictv\u00ed UNESCO.<\/span><\/p>\n<figure id=\"attachment_30415\" aria-describedby=\"caption-attachment-30415\" style=\"width: 1920px\" class=\"wp-caption alignnone\"><a href=\"https:\/\/d2p6e6u75xmxt8.cloudfront.net\/13\/2025\/08\/7VAI3558-scaled.webp\"><img loading=\"lazy\" decoding=\"async\" class=\"size-extra-large wp-image-30415\" src=\"https:\/\/d2p6e6u75xmxt8.cloudfront.net\/13\/2025\/08\/7VAI3558-1920x1280.webp\" alt=\"\" width=\"1920\" height=\"1280\" srcset=\"https:\/\/d2p6e6u75xmxt8.cloudfront.net\/13\/2025\/08\/7VAI3558-1920x1280.webp 1920w, https:\/\/d2p6e6u75xmxt8.cloudfront.net\/13\/2025\/08\/7VAI3558-300x200.webp 300w, https:\/\/d2p6e6u75xmxt8.cloudfront.net\/13\/2025\/08\/7VAI3558-1024x683.webp 1024w, https:\/\/d2p6e6u75xmxt8.cloudfront.net\/13\/2025\/08\/7VAI3558-768x512.webp 768w, https:\/\/d2p6e6u75xmxt8.cloudfront.net\/13\/2025\/08\/7VAI3558-1536x1024.webp 1536w, https:\/\/d2p6e6u75xmxt8.cloudfront.net\/13\/2025\/08\/7VAI3558-2048x1365.webp 2048w, https:\/\/d2p6e6u75xmxt8.cloudfront.net\/13\/2025\/08\/7VAI3558-400x267.webp 400w, https:\/\/d2p6e6u75xmxt8.cloudfront.net\/13\/2025\/08\/7VAI3558-272x182.webp 272w, https:\/\/d2p6e6u75xmxt8.cloudfront.net\/13\/2025\/08\/7VAI3558-1920x1280.webp 1920w\" sizes=\"auto, (max-width: 1920px) 100vw, 1920px\" \/><\/a><figcaption id=\"caption-attachment-30415\" class=\"wp-caption-text\"><em>Horsk\u00e1 L&#8217;Etape Czech Republic by Tour de France 2025 vedla historick\u00fdm centrem \u010cesk\u00e9ho Krumlova.<\/em><\/figcaption><\/figure>\n<p><span style=\"font-weight: 400;\">Nejrychlej\u0161\u00ed Matteo Raimondi ji poko\u0159il za 2:58:21 hodiny. <\/span><i><span style=\"font-weight: 400;\">\u201eU\u017eil jsem si celou trasu. Zkusil jsem za\u00fato\u010dit u\u017e v prvn\u00edm kopci a vy\u0161lo to dokonale. Hned jsem se vzd\u00e1lil a vlastn\u011b \u0161lo o \u00fanik na cel\u00fd den. D\u00e9\u0161\u0165 mi nijak nevadil. Nem\u00e1m probl\u00e9m se z\u00e1vod\u011bn\u00edm v t\u011bchto podm\u00ednk\u00e1ch. Hlavn\u00ed bylo, \u017ee n\u00e1s nikde netr\u00e1pil siln\u00fd v\u00edtr. Pro m\u011b \u0161lo samoz\u0159ejm\u011b o super den, kdy\u017e jsem slavil v\u00edt\u011bzstv\u00ed. V\u00e1\u017en\u011b par\u00e1dn\u00ed z\u00e1vod,\u201c<\/span><\/i><span style=\"font-weight: 400;\"> radoval se z triumfu italsk\u00fd cyklista.<\/span><\/p>\n<p><span style=\"font-weight: 400;\">S odstupem t\u00e9m\u011b\u0159 t\u0159\u00ed minut dorazili do centra Prachatic pron\u00e1sledovatel\u00e9. Nejrychlej\u0161\u00ed byl Martin Kapr, australsk\u00fd z\u00e1vodn\u00edk \u010desk\u00e9ho p\u016fvodu, jen\u017e ve spurtu p\u0159edstihl Jon\u00e1\u0161e Vojt\u011bcha z t\u00fdmu Lawi Stars Giant.<\/span><\/p>\n<figure id=\"attachment_30420\" aria-describedby=\"caption-attachment-30420\" style=\"width: 1920px\" class=\"wp-caption alignnone\"><a href=\"https:\/\/d2p6e6u75xmxt8.cloudfront.net\/13\/2025\/08\/3C9A6527-scaled.webp\"><img loading=\"lazy\" decoding=\"async\" class=\"size-extra-large wp-image-30420\" src=\"https:\/\/d2p6e6u75xmxt8.cloudfront.net\/13\/2025\/08\/3C9A6527-1920x1280.webp\" alt=\"\" width=\"1920\" height=\"1280\" srcset=\"https:\/\/d2p6e6u75xmxt8.cloudfront.net\/13\/2025\/08\/3C9A6527-1920x1280.webp 1920w, https:\/\/d2p6e6u75xmxt8.cloudfront.net\/13\/2025\/08\/3C9A6527-300x200.webp 300w, https:\/\/d2p6e6u75xmxt8.cloudfront.net\/13\/2025\/08\/3C9A6527-1024x683.webp 1024w, https:\/\/d2p6e6u75xmxt8.cloudfront.net\/13\/2025\/08\/3C9A6527-768x512.webp 768w, https:\/\/d2p6e6u75xmxt8.cloudfront.net\/13\/2025\/08\/3C9A6527-1536x1024.webp 1536w, https:\/\/d2p6e6u75xmxt8.cloudfront.net\/13\/2025\/08\/3C9A6527-2048x1365.webp 2048w, https:\/\/d2p6e6u75xmxt8.cloudfront.net\/13\/2025\/08\/3C9A6527-400x267.webp 400w, https:\/\/d2p6e6u75xmxt8.cloudfront.net\/13\/2025\/08\/3C9A6527-272x182.webp 272w, https:\/\/d2p6e6u75xmxt8.cloudfront.net\/13\/2025\/08\/3C9A6527-1920x1280.webp 1920w\" sizes=\"auto, (max-width: 1920px) 100vw, 1920px\" \/><\/a><figcaption id=\"caption-attachment-30420\" class=\"wp-caption-text\"><em>Andy Schleck na trase z\u00e1vodu Horsk\u00e9 <span style=\"font-weight: 400;\">L&#8217;Etape Czech Republic by Tour de France v Prachatic\u00edch.<\/span><\/em><\/figcaption><\/figure>\n<p><i><span style=\"font-weight: 400;\">\u201eUjel n\u00e1m hned po startu. Bylo jasn\u011b vid\u011bt, \u017ee jde o jinou v\u00fdkonnostn\u00ed t\u0159\u00eddu. Chvilku se s n\u00edm dr\u017eel n\u00e1\u0161 t\u00fdmov\u00fd kolega Va\u0161ek Ne\u017eerka, ale odpadl. Jelo se hodn\u011b vysok\u00e9 tempo, kter\u00e9 diktovali hlavn\u011b kluci z Fany Gastro, ale stejn\u011b jsme v\u016fbec nic z n\u00e1skoku vedouc\u00edho z\u00e1vodn\u00edka nestahovali. Vlastn\u011b jsme po\u0159\u00e1d ztr\u00e1celi. Na Kleti jsme dob\u0159e spolupracovali, moji t\u00fdmov\u00ed par\u0165\u00e1ci d\u011blali z\u00e1vod hodn\u011b t\u011b\u017ek\u00fd, ale j\u00e1 pak paradoxn\u011b dostal v posledn\u00edm stoup\u00e1n\u00ed k\u0159e\u010de a odpadl. Ale dok\u00e1zal jsem se vr\u00e1tit a do z\u00e1v\u011bre\u010dn\u00e9 pas\u00e1\u017ee naj\u00ed\u017ed\u011bl prvn\u00ed. Nicm\u00e9n\u011b v \u00fapln\u00e9m z\u00e1v\u011bru m\u011b je\u0161t\u011b p\u0159edjel Martin Kapr,\u201c<\/span><\/i><span style=\"font-weight: 400;\"> ohl\u00ed\u017eel se za Horskou L&#8217;Etape Jon\u00e1\u0161 Vojt\u011bch.<\/span><\/p>\n<p><a href=\"https:\/\/d2p6e6u75xmxt8.cloudfront.net\/13\/2025\/08\/7VAI3720-scaled.webp\"><img loading=\"lazy\" decoding=\"async\" class=\"alignnone size-extra-large wp-image-30413\" src=\"https:\/\/d2p6e6u75xmxt8.cloudfront.net\/13\/2025\/08\/7VAI3720-1920x1280.webp\" alt=\"\" width=\"1920\" height=\"1280\" srcset=\"https:\/\/d2p6e6u75xmxt8.cloudfront.net\/13\/2025\/08\/7VAI3720-1920x1280.webp 1920w, https:\/\/d2p6e6u75xmxt8.cloudfront.net\/13\/2025\/08\/7VAI3720-300x200.webp 300w, https:\/\/d2p6e6u75xmxt8.cloudfront.net\/13\/2025\/08\/7VAI3720-1024x683.webp 1024w, https:\/\/d2p6e6u75xmxt8.cloudfront.net\/13\/2025\/08\/7VAI3720-768x512.webp 768w, https:\/\/d2p6e6u75xmxt8.cloudfront.net\/13\/2025\/08\/7VAI3720-1536x1024.webp 1536w, https:\/\/d2p6e6u75xmxt8.cloudfront.net\/13\/2025\/08\/7VAI3720-2048x1365.webp 2048w, https:\/\/d2p6e6u75xmxt8.cloudfront.net\/13\/2025\/08\/7VAI3720-400x267.webp 400w, https:\/\/d2p6e6u75xmxt8.cloudfront.net\/13\/2025\/08\/7VAI3720-272x182.webp 272w, https:\/\/d2p6e6u75xmxt8.cloudfront.net\/13\/2025\/08\/7VAI3720-1920x1280.webp 1920w\" sizes=\"auto, (max-width: 1920px) 100vw, 1920px\" \/><\/a><\/p>\n<p><span style=\"font-weight: 400;\">Nejrychlej\u0161\u00ed mezi \u017eenami byla Denisa Sl\u00e1mov\u00e1 v dresu t\u00fdmu Cyklotr\u00e9nink, druh\u00e1 dojela italsk\u00e1 z\u00e1vodnice Martina Cavallo, pro t\u0159et\u00ed p\u0159\u00ed\u010dku si p\u0159ijela Kate\u0159ina Neumannov\u00e1, olympijsk\u00e1 \u0161ampionka v klasick\u00e9m ly\u017eov\u00e1n\u00ed. <\/span><i><span style=\"font-weight: 400;\">\u201eItalsk\u00e1 soupe\u0159ka byla v\u00fdborn\u00e1 v kopc\u00edch. J\u00e1 nem\u011bla dobr\u00e9 nohy a chytaly m\u011b k\u0159e\u010de. U\u017e jsem z\u00e1vod v hlav\u011b vzd\u00e1vala, ale skv\u011bl\u00ed fanou\u0161ci mi v\u017edy dodali energii a udr\u017eeli m\u011b ve h\u0159e. Velk\u00e9 pod\u011bkov\u00e1n\u00ed pat\u0159\u00ed i kluk\u016fm ze skupiny, v kter\u00e9 jsem se pohybovala, proto\u017ee skv\u011ble st\u0159\u00eddali a pomohli mi,\u201c <\/span><\/i><span style=\"font-weight: 400;\">hodnotila prachatick\u00fd z\u00e1vod Denisa Sl\u00e1mov\u00e1, kter\u00e1 obh\u00e1jila lo\u0148sk\u00e9 v\u00edt\u011bzstv\u00ed.<\/span><\/p>\n<p><span style=\"font-weight: 400;\">Kate\u0159ina Neumannov\u00e1 jako druh\u00e1 nejlep\u0161\u00ed z \u010desk\u00fdch z\u00e1vodnic byla z v\u00fdsledku vylo\u017een\u011b nad\u0161en\u00e1. <\/span><i><span style=\"font-weight: 400;\">\u201eJ\u00e1 prost\u011b trp\u00edm syndromem startovn\u00edho \u010d\u00edsla. Jak nastoup\u00edm do z\u00e1vodu, jedu naplno. Na za\u010d\u00e1tku jsem nem\u011bla pocit, \u017ee bych m\u011bla jet o stupn\u011b, ale v kopc\u00edch jsem se propracov\u00e1vala startovn\u00edm polem dop\u0159edu a c\u00edtila se skv\u011ble. Ohromn\u00fdm zp\u016fsobem jsem si Horskou L&#8217;Etape u\u017eila,\u201c<\/span><\/i><span style=\"font-weight: 400;\"> prohl\u00e1sila dvaapades\u00e1tilet\u00e1 roda\u010dka z P\u00edsku, kter\u00e1 z\u00edskala na olympijsk\u00fdch hr\u00e1ch v Tur\u00edn\u011b zlatou medaili v b\u011bhu na t\u0159icet kilometru volnou technikou.<\/span><\/p>\n<h2><strong>\u0160rajer a Sl\u00e1mov\u00e1 v\u00edt\u011bzi minis\u00e9rie L&#8217;Etape <\/strong><\/h2>\n<p><span style=\"font-weight: 400;\">Celkov\u00fdm v\u00edt\u011bzem minis\u00e9rie L&#8217;Etape Czech Republic by Tour de France, kter\u00e1 zahrnuje Kopcovitou etapu v Praze a na K\u0159ivokl\u00e1tsku i Horskou etapu v\u00a0Prachatic\u00edch, se stal Martin \u0160rajer z Cyklotrener TOS Varnsdorf, kter\u00fd na Strahov\u011b dojel pro druh\u00e9 m\u00edsto a na jihu \u010cech byl p\u00e1t\u00fd. Mezi \u017eenami je \u010deskou kr\u00e1lovnou L&#8217;Etape Denisa Sl\u00e1mov\u00e1, je\u017e druh\u00e9 m\u00edsto z Prahy vy\u0161perkovala triumfem na jihu \u010cech.<\/span><\/p>\n<p><a href=\"https:\/\/d2p6e6u75xmxt8.cloudfront.net\/13\/2025\/08\/7VAI3709-scaled.webp\"><img loading=\"lazy\" decoding=\"async\" class=\"alignnone size-extra-large wp-image-30412\" src=\"https:\/\/d2p6e6u75xmxt8.cloudfront.net\/13\/2025\/08\/7VAI3709-1920x1280.webp\" alt=\"\" width=\"1920\" height=\"1280\" srcset=\"https:\/\/d2p6e6u75xmxt8.cloudfront.net\/13\/2025\/08\/7VAI3709-1920x1280.webp 1920w, https:\/\/d2p6e6u75xmxt8.cloudfront.net\/13\/2025\/08\/7VAI3709-300x200.webp 300w, https:\/\/d2p6e6u75xmxt8.cloudfront.net\/13\/2025\/08\/7VAI3709-1024x683.webp 1024w, https:\/\/d2p6e6u75xmxt8.cloudfront.net\/13\/2025\/08\/7VAI3709-768x512.webp 768w, https:\/\/d2p6e6u75xmxt8.cloudfront.net\/13\/2025\/08\/7VAI3709-1536x1024.webp 1536w, https:\/\/d2p6e6u75xmxt8.cloudfront.net\/13\/2025\/08\/7VAI3709-2048x1365.webp 2048w, https:\/\/d2p6e6u75xmxt8.cloudfront.net\/13\/2025\/08\/7VAI3709-400x267.webp 400w, https:\/\/d2p6e6u75xmxt8.cloudfront.net\/13\/2025\/08\/7VAI3709-272x182.webp 272w, https:\/\/d2p6e6u75xmxt8.cloudfront.net\/13\/2025\/08\/7VAI3709-1920x1280.webp 1920w\" sizes=\"auto, (max-width: 1920px) 100vw, 1920px\" \/><\/a><\/p>\n<p><span style=\"font-weight: 400;\">Sou\u010d\u00e1st\u00ed Horsk\u00e9 L&#8217;Etape Czech Republic byl bohat\u00fd doprovodn\u00fd program zahrnuj\u00edc\u00ed Kub\u00edk family ride \u010di Kub\u00edk Tour. Po trase bylo celkem dev\u011bt ofici\u00e1ln\u00edch fan point\u016f, dal\u0161\u00ed p\u0159\u00edznivci fandili pod\u00e9l trasy na mnoha m\u00edstech a vytvo\u0159ili jedine\u010dnou atmosf\u00e9ru.<\/span><\/p>\n<p><span style=\"font-weight: 400;\">L&#8217;Etape Czech Republic by Tour de France je nejv\u011bt\u0161\u00edm dom\u00e1c\u00edm podnikem pro amat\u00e9rsk\u00e9 cyklisty, jeho\u017e se ve dvou z\u00e1vodech \u00fa\u010dastn\u00ed p\u0159es \u010dty\u0159i tis\u00edce milovn\u00edk\u016f j\u00edzdy v sedle. Prvn\u00ed z\u00e1vod na tuzemsk\u00fdch silnic\u00edch prob\u011bhl 21. \u010dervna v Praze a St\u0159edo\u010desk\u00e9m kraji, kdy\u017e \u00fa\u010dastn\u00edkem Kopcovit\u00e9 etapy byl i Bradley Wiggins, v\u00edt\u011bz Tour de France 2012.\u00a0<\/span><\/p>\n<figure id=\"attachment_30430\" aria-describedby=\"caption-attachment-30430\" style=\"width: 1920px\" class=\"wp-caption alignnone\"><a href=\"https:\/\/d2p6e6u75xmxt8.cloudfront.net\/13\/2025\/08\/LEtape-Czech_Prachatice2025_1227-scaled.webp\"><img loading=\"lazy\" decoding=\"async\" class=\"size-extra-large wp-image-30430\" src=\"https:\/\/d2p6e6u75xmxt8.cloudfront.net\/13\/2025\/08\/LEtape-Czech_Prachatice2025_1227-1920x1280.webp\" alt=\"\" width=\"1920\" height=\"1280\" srcset=\"https:\/\/d2p6e6u75xmxt8.cloudfront.net\/13\/2025\/08\/LEtape-Czech_Prachatice2025_1227-1920x1280.webp 1920w, https:\/\/d2p6e6u75xmxt8.cloudfront.net\/13\/2025\/08\/LEtape-Czech_Prachatice2025_1227-300x200.webp 300w, https:\/\/d2p6e6u75xmxt8.cloudfront.net\/13\/2025\/08\/LEtape-Czech_Prachatice2025_1227-1024x683.webp 1024w, https:\/\/d2p6e6u75xmxt8.cloudfront.net\/13\/2025\/08\/LEtape-Czech_Prachatice2025_1227-768x512.webp 768w, https:\/\/d2p6e6u75xmxt8.cloudfront.net\/13\/2025\/08\/LEtape-Czech_Prachatice2025_1227-1536x1024.webp 1536w, https:\/\/d2p6e6u75xmxt8.cloudfront.net\/13\/2025\/08\/LEtape-Czech_Prachatice2025_1227-2048x1365.webp 2048w, https:\/\/d2p6e6u75xmxt8.cloudfront.net\/13\/2025\/08\/LEtape-Czech_Prachatice2025_1227-400x267.webp 400w, https:\/\/d2p6e6u75xmxt8.cloudfront.net\/13\/2025\/08\/LEtape-Czech_Prachatice2025_1227-272x182.webp 272w, https:\/\/d2p6e6u75xmxt8.cloudfront.net\/13\/2025\/08\/LEtape-Czech_Prachatice2025_1227-1920x1280.webp 1920w\" sizes=\"auto, (max-width: 1920px) 100vw, 1920px\" \/><\/a><figcaption id=\"caption-attachment-30430\" class=\"wp-caption-text\">Kate\u0159ina Neumannov\u00e1 dojela v Prachatic\u00edch na t\u0159et\u00ed pozici.<\/figcaption><\/figure>\n<p><span style=\"font-weight: 400;\">Akce pat\u0159\u00ed do glob\u00e1ln\u00ed s\u00e9rie zast\u0159e\u0161en\u00e9 organizac\u00ed A.S.O. pe\u010duj\u00edc\u00ed o samotnou Tour de France. Jednotliv\u00e9 akce se konaj\u00ed nap\u0159\u00ed\u010d kontinenty ve v\u00edce ne\u017e t\u0159iceti zem\u00edch sv\u011bta. V tuzemsku L&#8217;Etape Czech Republic by Tour de France krom\u011b p\u0159\u00edpravy dvou z\u00e1vod\u016f organizuje i vyj\u00ed\u017e\u010fky v jednotliv\u00fdch regionech zem\u011b \u010di cyklistick\u00e9 akce v podob\u011b tr\u00e9ninkov\u00fdch kemp\u016f nebo z\u00e1jezd\u016f na velk\u00e9 zahrani\u010dn\u00ed z\u00e1vody, jako je Tour de France.<\/span><\/p>\n","protected":false},"excerpt":{"rendered":"<p>Celkem 1068 cyklist\u016f si i p\u0159es prom\u011bnliv\u00e9 po\u010das\u00ed u\u017eilo Horskou L&#8217;Etape Czech Republic by Tour de France, kter\u00e1 se jela [&hellip;]<\/p>\n","protected":false},"author":138,"featured_media":30414,"comment_status":"open","ping_status":"open","sticky":false,"template":"","format":"standard","meta":{"footnotes":""},"categories":[1564],"tags":[320,126,4324,84,9],"global-categories":[411],"class_list":["post-30410","post","type-post","status-publish","format-standard","has-post-thumbnail","hentry","category-letape-czech-republic","tag-andy-schleck","tag-cyklistika","tag-horska-letape-2025","tag-katerina-neumannova","tag-silnicni-cyklistika","global-categories-cycling"],"yoast_head":"<!-- This site is optimized with the Yoast SEO Premium plugin v25.3 (Yoast SEO v25.9) - https:\/\/yoast.com\/wordpress\/plugins\/seo\/ -->\n<title>Olympijsk\u00e1 \u0161ampionka Neumannov\u00e1 a v\u00edt\u011bz Tour de France ohromili p\u0159i L&#039;Etape ji\u017en\u00ed \u010cechy | \u0160koda We Love Cycling - \u010cesk\u00e1 republika<\/title>\n<meta name=\"description\" content=\"Celkem 1068 cyklist\u016f si i p\u0159es prom\u011bnliv\u00e9 po\u010das\u00ed u\u017eilo Horskou L&#039;Etape Czech Republic by Tour de France, kter\u00e1 se jela prvn\u00ed srpnovou sobotu podruh\u00e9 v historii v Prachatic\u00edch. \u00da\u010dastn\u00edky i fanou\u0161ky nadchl Andy Schleck, v\u00edt\u011bz Tour de France 2010, kter\u00fd se na start postavil jako ambasador \u0160koda We Love Cycling. Bou\u0159liv\u00e9ho aplausu p\u0159i n\u00e1vratu na Velk\u00e9 n\u00e1m\u011bst\u00ed si u\u017e\u00edvala rovn\u011b\u017e \u0161umavsk\u00e1 patriotka a b\u00fdval\u00e1 reprezentantka v klasick\u00e9m ly\u017eov\u00e1n\u00ed Kate\u0159ina Neumannov\u00e1, kter\u00e1 dojela jako druh\u00e1 nejlep\u0161\u00ed \u010desk\u00e1 cyklistka a t\u0159et\u00ed absolutn\u011b.\" \/>\n<meta name=\"robots\" content=\"index, follow, max-snippet:-1, max-image-preview:large, max-video-preview:-1\" \/>\n<link rel=\"canonical\" href=\"https:\/\/www.welovecycling.com\/cs\/2025\/08\/02\/olympijska-sampionka-neumannova-a-vitez-tour-de-france-ohromili-pri-letape-jizni-cechy\/\" \/>\n<meta property=\"og:locale\" content=\"cs_CZ\" \/>\n<meta property=\"og:type\" content=\"article\" \/>\n<meta property=\"og:title\" content=\"Olympijsk\u00e1 \u0161ampionka Neumannov\u00e1 a v\u00edt\u011bz Tour de France ohromili p\u0159i L&#039;Etape ji\u017en\u00ed \u010cechy\" \/>\n<meta property=\"og:description\" content=\"Celkem 1068 cyklist\u016f si i p\u0159es prom\u011bnliv\u00e9 po\u010das\u00ed u\u017eilo Horskou L&#039;Etape Czech Republic by Tour de France, kter\u00e1 se jela prvn\u00ed srpnovou sobotu podruh\u00e9 v historii v Prachatic\u00edch. \u00da\u010dastn\u00edky i fanou\u0161ky nadchl Andy Schleck, v\u00edt\u011bz Tour de France 2010, kter\u00fd se na start postavil jako ambasador \u0160koda We Love Cycling. Bou\u0159liv\u00e9ho aplausu p\u0159i n\u00e1vratu na Velk\u00e9 n\u00e1m\u011bst\u00ed si u\u017e\u00edvala rovn\u011b\u017e \u0161umavsk\u00e1 patriotka a b\u00fdval\u00e1 reprezentantka v klasick\u00e9m ly\u017eov\u00e1n\u00ed Kate\u0159ina Neumannov\u00e1, kter\u00e1 dojela jako druh\u00e1 nejlep\u0161\u00ed \u010desk\u00e1 cyklistka a t\u0159et\u00ed absolutn\u011b.\" \/>\n<meta property=\"og:url\" content=\"https:\/\/www.welovecycling.com\/cs\/2025\/08\/02\/olympijska-sampionka-neumannova-a-vitez-tour-de-france-ohromili-pri-letape-jizni-cechy\/\" \/>\n<meta property=\"og:site_name\" content=\"\u0160koda We Love Cycling - \u010cesk\u00e1 republika\" \/>\n<meta property=\"article:published_time\" content=\"2025-08-02T17:46:29+00:00\" \/>\n<meta property=\"article:modified_time\" content=\"2025-08-02T21:20:26+00:00\" \/>\n<meta property=\"og:image\" content=\"https:\/\/d2p6e6u75xmxt8.cloudfront.net\/13\/2025\/08\/7VAI3418-scaled.webp\" \/>\n\t<meta property=\"og:image:width\" content=\"2560\" \/>\n\t<meta property=\"og:image:height\" content=\"1706\" \/>\n\t<meta property=\"og:image:type\" content=\"image\/webp\" \/>\n<meta name=\"author\" content=\"radekmalina\" \/>\n<meta name=\"twitter:card\" content=\"summary_large_image\" \/>\n<meta name=\"twitter:label1\" content=\"Written by\" \/>\n\t<meta name=\"twitter:data1\" content=\"We Love Cycling\" \/>\n\t<meta name=\"twitter:label2\" content=\"Est. reading time\" \/>\n\t<meta name=\"twitter:data2\" content=\"5\" \/>\n<script type=\"application\/ld+json\" class=\"yoast-schema-graph\">{\"@context\":\"https:\/\/schema.org\",\"@graph\":[{\"@type\":\"WebPage\",\"@id\":\"https:\/\/www.welovecycling.com\/cs\/2025\/08\/02\/olympijska-sampionka-neumannova-a-vitez-tour-de-france-ohromili-pri-letape-jizni-cechy\/\",\"url\":\"https:\/\/www.welovecycling.com\/cs\/2025\/08\/02\/olympijska-sampionka-neumannova-a-vitez-tour-de-france-ohromili-pri-letape-jizni-cechy\/\",\"name\":\"Olympijsk\u00e1 \u0161ampionka Neumannov\u00e1 a v\u00edt\u011bz Tour de France ohromili p\u0159i L'Etape ji\u017en\u00ed \u010cechy | \u0160koda We Love Cycling - \u010cesk\u00e1 republika\",\"isPartOf\":{\"@id\":\"https:\/\/www.welovecycling.com\/cs\/#website\"},\"primaryImageOfPage\":{\"@id\":\"https:\/\/www.welovecycling.com\/cs\/2025\/08\/02\/olympijska-sampionka-neumannova-a-vitez-tour-de-france-ohromili-pri-letape-jizni-cechy\/#primaryimage\"},\"image\":{\"@id\":\"https:\/\/www.welovecycling.com\/cs\/2025\/08\/02\/olympijska-sampionka-neumannova-a-vitez-tour-de-france-ohromili-pri-letape-jizni-cechy\/#primaryimage\"},\"thumbnailUrl\":\"https:\/\/d2p6e6u75xmxt8.cloudfront.net\/13\/2025\/08\/7VAI3418-scaled.webp\",\"datePublished\":\"2025-08-02T17:46:29+00:00\",\"dateModified\":\"2025-08-02T21:20:26+00:00\",\"author\":{\"@id\":\"https:\/\/www.welovecycling.com\/cs\/#\/schema\/person\/d9eeb0a378f3a7e4a6d12d2b536b04b8\"},\"description\":\"Celkem 1068 cyklist\u016f si i p\u0159es prom\u011bnliv\u00e9 po\u010das\u00ed u\u017eilo Horskou L'Etape Czech Republic by Tour de France, kter\u00e1 se jela prvn\u00ed srpnovou sobotu podruh\u00e9 v historii v Prachatic\u00edch. \u00da\u010dastn\u00edky i fanou\u0161ky nadchl Andy Schleck, v\u00edt\u011bz Tour de France 2010, kter\u00fd se na start postavil jako ambasador \u0160koda We Love Cycling. Bou\u0159liv\u00e9ho aplausu p\u0159i n\u00e1vratu na Velk\u00e9 n\u00e1m\u011bst\u00ed si u\u017e\u00edvala rovn\u011b\u017e \u0161umavsk\u00e1 patriotka a b\u00fdval\u00e1 reprezentantka v klasick\u00e9m ly\u017eov\u00e1n\u00ed Kate\u0159ina Neumannov\u00e1, kter\u00e1 dojela jako druh\u00e1 nejlep\u0161\u00ed \u010desk\u00e1 cyklistka a t\u0159et\u00ed absolutn\u011b.\",\"inLanguage\":\"cs\",\"potentialAction\":[{\"@type\":\"ReadAction\",\"target\":[\"https:\/\/www.welovecycling.com\/cs\/2025\/08\/02\/olympijska-sampionka-neumannova-a-vitez-tour-de-france-ohromili-pri-letape-jizni-cechy\/\"]}]},{\"@type\":\"ImageObject\",\"inLanguage\":\"cs\",\"@id\":\"https:\/\/www.welovecycling.com\/cs\/2025\/08\/02\/olympijska-sampionka-neumannova-a-vitez-tour-de-france-ohromili-pri-letape-jizni-cechy\/#primaryimage\",\"url\":\"https:\/\/d2p6e6u75xmxt8.cloudfront.net\/13\/2025\/08\/7VAI3418-scaled.webp\",\"contentUrl\":\"https:\/\/d2p6e6u75xmxt8.cloudfront.net\/13\/2025\/08\/7VAI3418-scaled.webp\",\"width\":2560,\"height\":1706,\"caption\":\"Horsk\u00e1 L'Etape\"},{\"@type\":\"WebSite\",\"@id\":\"https:\/\/www.welovecycling.com\/cs\/#website\",\"url\":\"https:\/\/www.welovecycling.com\/cs\/\",\"name\":\"\u0160koda We Love Cycling - \u010cesk\u00e1 republika\",\"description\":\"WeLoveCycling.cz je online magaz\u00edn, kter\u00fd v\u00e1m pravideln\u011b p\u0159in\u00e1\u0161\u00ed rady a tipy, zaj\u00edmav\u00e9 \u010dl\u00e1nky, videa a jedine\u010dn\u00e9 report\u00e1\u017ee ze sv\u011bta cyklistiky.\",\"potentialAction\":[{\"@type\":\"SearchAction\",\"target\":{\"@type\":\"EntryPoint\",\"urlTemplate\":\"https:\/\/www.welovecycling.com\/cs\/?s={search_term_string}\"},\"query-input\":{\"@type\":\"PropertyValueSpecification\",\"valueRequired\":true,\"valueName\":\"search_term_string\"}}],\"inLanguage\":\"cs\"},{\"@type\":\"Person\",\"@id\":\"https:\/\/www.welovecycling.com\/cs\/#\/schema\/person\/d9eeb0a378f3a7e4a6d12d2b536b04b8\",\"name\":\"radekmalina\",\"image\":{\"@type\":\"ImageObject\",\"inLanguage\":\"cs\",\"@id\":\"https:\/\/www.welovecycling.com\/cs\/#\/schema\/person\/image\/\",\"url\":\"https:\/\/secure.gravatar.com\/avatar\/66994b632cb8c39a46b9f54afa3ae07201b678d32a54275b6f1c9ffec356bfc0?s=96&d=mm&r=g\",\"contentUrl\":\"https:\/\/secure.gravatar.com\/avatar\/66994b632cb8c39a46b9f54afa3ae07201b678d32a54275b6f1c9ffec356bfc0?s=96&d=mm&r=g\",\"caption\":\"radekmalina\"},\"url\":\"https:\/\/www.welovecycling.com\/cs\/author\/radekmalina\/\"}]}<\/script>\n<!-- \/ Yoast SEO Premium plugin. -->","yoast_head_json":{"title":"Olympijsk\u00e1 \u0161ampionka Neumannov\u00e1 a v\u00edt\u011bz Tour de France ohromili p\u0159i L'Etape ji\u017en\u00ed \u010cechy | \u0160koda We Love Cycling - \u010cesk\u00e1 republika","description":"Celkem 1068 cyklist\u016f si i p\u0159es prom\u011bnliv\u00e9 po\u010das\u00ed u\u017eilo Horskou L'Etape Czech Republic by Tour de France, kter\u00e1 se jela prvn\u00ed srpnovou sobotu podruh\u00e9 v historii v Prachatic\u00edch. \u00da\u010dastn\u00edky i fanou\u0161ky nadchl Andy Schleck, v\u00edt\u011bz Tour de France 2010, kter\u00fd se na start postavil jako ambasador \u0160koda We Love Cycling. Bou\u0159liv\u00e9ho aplausu p\u0159i n\u00e1vratu na Velk\u00e9 n\u00e1m\u011bst\u00ed si u\u017e\u00edvala rovn\u011b\u017e \u0161umavsk\u00e1 patriotka a b\u00fdval\u00e1 reprezentantka v klasick\u00e9m ly\u017eov\u00e1n\u00ed Kate\u0159ina Neumannov\u00e1, kter\u00e1 dojela jako druh\u00e1 nejlep\u0161\u00ed \u010desk\u00e1 cyklistka a t\u0159et\u00ed absolutn\u011b.","robots":{"index":"index","follow":"follow","max-snippet":"max-snippet:-1","max-image-preview":"max-image-preview:large","max-video-preview":"max-video-preview:-1"},"canonical":"https:\/\/www.welovecycling.com\/cs\/2025\/08\/02\/olympijska-sampionka-neumannova-a-vitez-tour-de-france-ohromili-pri-letape-jizni-cechy\/","og_locale":"cs_CZ","og_type":"article","og_title":"Olympijsk\u00e1 \u0161ampionka Neumannov\u00e1 a v\u00edt\u011bz Tour de France ohromili p\u0159i L'Etape ji\u017en\u00ed \u010cechy","og_description":"Celkem 1068 cyklist\u016f si i p\u0159es prom\u011bnliv\u00e9 po\u010das\u00ed u\u017eilo Horskou L'Etape Czech Republic by Tour de France, kter\u00e1 se jela prvn\u00ed srpnovou sobotu podruh\u00e9 v historii v Prachatic\u00edch. \u00da\u010dastn\u00edky i fanou\u0161ky nadchl Andy Schleck, v\u00edt\u011bz Tour de France 2010, kter\u00fd se na start postavil jako ambasador \u0160koda We Love Cycling. Bou\u0159liv\u00e9ho aplausu p\u0159i n\u00e1vratu na Velk\u00e9 n\u00e1m\u011bst\u00ed si u\u017e\u00edvala rovn\u011b\u017e \u0161umavsk\u00e1 patriotka a b\u00fdval\u00e1 reprezentantka v klasick\u00e9m ly\u017eov\u00e1n\u00ed Kate\u0159ina Neumannov\u00e1, kter\u00e1 dojela jako druh\u00e1 nejlep\u0161\u00ed \u010desk\u00e1 cyklistka a t\u0159et\u00ed absolutn\u011b.","og_url":"https:\/\/www.welovecycling.com\/cs\/2025\/08\/02\/olympijska-sampionka-neumannova-a-vitez-tour-de-france-ohromili-pri-letape-jizni-cechy\/","og_site_name":"\u0160koda We Love Cycling - \u010cesk\u00e1 republika","article_published_time":"2025-08-02T17:46:29+00:00","article_modified_time":"2025-08-02T21:20:26+00:00","og_image":[{"width":2560,"height":1706,"url":"https:\/\/d2p6e6u75xmxt8.cloudfront.net\/13\/2025\/08\/7VAI3418-scaled.webp","type":"image\/webp"}],"author":"radekmalina","twitter_card":"summary_large_image","twitter_misc":{"Written by":"We Love Cycling","Est. reading time":"5"},"schema":{"@context":"https:\/\/schema.org","@graph":[{"@type":"WebPage","@id":"https:\/\/www.welovecycling.com\/cs\/2025\/08\/02\/olympijska-sampionka-neumannova-a-vitez-tour-de-france-ohromili-pri-letape-jizni-cechy\/","url":"https:\/\/www.welovecycling.com\/cs\/2025\/08\/02\/olympijska-sampionka-neumannova-a-vitez-tour-de-france-ohromili-pri-letape-jizni-cechy\/","name":"Olympijsk\u00e1 \u0161ampionka Neumannov\u00e1 a v\u00edt\u011bz Tour de France ohromili p\u0159i L'Etape ji\u017en\u00ed \u010cechy | \u0160koda We Love Cycling - \u010cesk\u00e1 republika","isPartOf":{"@id":"https:\/\/www.welovecycling.com\/cs\/#website"},"primaryImageOfPage":{"@id":"https:\/\/www.welovecycling.com\/cs\/2025\/08\/02\/olympijska-sampionka-neumannova-a-vitez-tour-de-france-ohromili-pri-letape-jizni-cechy\/#primaryimage"},"image":{"@id":"https:\/\/www.welovecycling.com\/cs\/2025\/08\/02\/olympijska-sampionka-neumannova-a-vitez-tour-de-france-ohromili-pri-letape-jizni-cechy\/#primaryimage"},"thumbnailUrl":"https:\/\/d2p6e6u75xmxt8.cloudfront.net\/13\/2025\/08\/7VAI3418-scaled.webp","datePublished":"2025-08-02T17:46:29+00:00","dateModified":"2025-08-02T21:20:26+00:00","author":{"@id":"https:\/\/www.welovecycling.com\/cs\/#\/schema\/person\/d9eeb0a378f3a7e4a6d12d2b536b04b8"},"description":"Celkem 1068 cyklist\u016f si i p\u0159es prom\u011bnliv\u00e9 po\u010das\u00ed u\u017eilo Horskou L'Etape Czech Republic by Tour de France, kter\u00e1 se jela prvn\u00ed srpnovou sobotu podruh\u00e9 v historii v Prachatic\u00edch. \u00da\u010dastn\u00edky i fanou\u0161ky nadchl Andy Schleck, v\u00edt\u011bz Tour de France 2010, kter\u00fd se na start postavil jako ambasador \u0160koda We Love Cycling. Bou\u0159liv\u00e9ho aplausu p\u0159i n\u00e1vratu na Velk\u00e9 n\u00e1m\u011bst\u00ed si u\u017e\u00edvala rovn\u011b\u017e \u0161umavsk\u00e1 patriotka a b\u00fdval\u00e1 reprezentantka v klasick\u00e9m ly\u017eov\u00e1n\u00ed Kate\u0159ina Neumannov\u00e1, kter\u00e1 dojela jako druh\u00e1 nejlep\u0161\u00ed \u010desk\u00e1 cyklistka a t\u0159et\u00ed absolutn\u011b.","inLanguage":"cs","potentialAction":[{"@type":"ReadAction","target":["https:\/\/www.welovecycling.com\/cs\/2025\/08\/02\/olympijska-sampionka-neumannova-a-vitez-tour-de-france-ohromili-pri-letape-jizni-cechy\/"]}]},{"@type":"ImageObject","inLanguage":"cs","@id":"https:\/\/www.welovecycling.com\/cs\/2025\/08\/02\/olympijska-sampionka-neumannova-a-vitez-tour-de-france-ohromili-pri-letape-jizni-cechy\/#primaryimage","url":"https:\/\/d2p6e6u75xmxt8.cloudfront.net\/13\/2025\/08\/7VAI3418-scaled.webp","contentUrl":"https:\/\/d2p6e6u75xmxt8.cloudfront.net\/13\/2025\/08\/7VAI3418-scaled.webp","width":2560,"height":1706,"caption":"Horsk\u00e1 L'Etape"},{"@type":"WebSite","@id":"https:\/\/www.welovecycling.com\/cs\/#website","url":"https:\/\/www.welovecycling.com\/cs\/","name":"\u0160koda We Love Cycling - \u010cesk\u00e1 republika","description":"WeLoveCycling.cz je online magaz\u00edn, kter\u00fd v\u00e1m pravideln\u011b p\u0159in\u00e1\u0161\u00ed rady a tipy, zaj\u00edmav\u00e9 \u010dl\u00e1nky, videa a jedine\u010dn\u00e9 report\u00e1\u017ee ze sv\u011bta cyklistiky.","potentialAction":[{"@type":"SearchAction","target":{"@type":"EntryPoint","urlTemplate":"https:\/\/www.welovecycling.com\/cs\/?s={search_term_string}"},"query-input":{"@type":"PropertyValueSpecification","valueRequired":true,"valueName":"search_term_string"}}],"inLanguage":"cs"},{"@type":"Person","@id":"https:\/\/www.welovecycling.com\/cs\/#\/schema\/person\/d9eeb0a378f3a7e4a6d12d2b536b04b8","name":"radekmalina","image":{"@type":"ImageObject","inLanguage":"cs","@id":"https:\/\/www.welovecycling.com\/cs\/#\/schema\/person\/image\/","url":"https:\/\/secure.gravatar.com\/avatar\/66994b632cb8c39a46b9f54afa3ae07201b678d32a54275b6f1c9ffec356bfc0?s=96&d=mm&r=g","contentUrl":"https:\/\/secure.gravatar.com\/avatar\/66994b632cb8c39a46b9f54afa3ae07201b678d32a54275b6f1c9ffec356bfc0?s=96&d=mm&r=g","caption":"radekmalina"},"url":"https:\/\/www.welovecycling.com\/cs\/author\/radekmalina\/"}]}},"_links":{"self":[{"href":"https:\/\/www.welovecycling.com\/cs\/wp-json\/wp\/v2\/posts\/30410","targetHints":{"allow":["GET"]}}],"collection":[{"href":"https:\/\/www.welovecycling.com\/cs\/wp-json\/wp\/v2\/posts"}],"about":[{"href":"https:\/\/www.welovecycling.com\/cs\/wp-json\/wp\/v2\/types\/post"}],"author":[{"embeddable":true,"href":"https:\/\/www.welovecycling.com\/cs\/wp-json\/wp\/v2\/users\/138"}],"replies":[{"embeddable":true,"href":"https:\/\/www.welovecycling.com\/cs\/wp-json\/wp\/v2\/comments?post=30410"}],"version-history":[{"count":4,"href":"https:\/\/www.welovecycling.com\/cs\/wp-json\/wp\/v2\/posts\/30410\/revisions"}],"predecessor-version":[{"id":30439,"href":"https:\/\/www.welovecycling.com\/cs\/wp-json\/wp\/v2\/posts\/30410\/revisions\/30439"}],"wp:featuredmedia":[{"embeddable":true,"href":"https:\/\/www.welovecycling.com\/cs\/wp-json\/wp\/v2\/media\/30414"}],"wp:attachment":[{"href":"https:\/\/www.welovecycling.com\/cs\/wp-json\/wp\/v2\/media?parent=30410"}],"wp:term":[{"taxonomy":"category","embeddable":true,"href":"https:\/\/www.welovecycling.com\/cs\/wp-json\/wp\/v2\/categories?post=30410"},{"taxonomy":"post_tag","embeddable":true,"href":"https:\/\/www.welovecycling.com\/cs\/wp-json\/wp\/v2\/tags?post=30410"},{"taxonomy":"global-categories","embeddable":true,"href":"https:\/\/www.welovecycling.com\/cs\/wp-json\/wp\/v2\/global-categories?post=30410"}],"curies":[{"name":"wp","href":"https:\/\/api.w.org\/{rel}","templated":true}]}}