{"id":30390,"date":"2025-08-01T16:00:20","date_gmt":"2025-08-01T14:00:20","guid":{"rendered":"https:\/\/www.welovecycling.com\/cs\/?p=30390"},"modified":"2025-08-01T15:52:13","modified_gmt":"2025-08-01T13:52:13","slug":"vitez-tour-de-france-ozdobi-horskou-letape-na-jihu-cech","status":"publish","type":"post","link":"https:\/\/www.welovecycling.com\/cs\/2025\/08\/01\/vitez-tour-de-france-ozdobi-horskou-letape-na-jihu-cech\/","title":{"rendered":"V\u00edt\u011bz Tour de France ozdob\u00ed Horskou L&#8217;Etape na jihu \u010cech"},"content":{"rendered":"<p><strong>V\u00edt\u011bz Tour de France 2010, nejv\u011bt\u0161\u00edho cyklistick\u00e9ho z\u00e1vodu planety, Andy Schleck bude hlavn\u00ed hv\u011bzdou historicky druh\u00e9 Horsk\u00e9 L&#8217;Etape Czech Republic, kter\u00e1 se jede s podporou m\u011bsta Prachatice a Jiho\u010desk\u00e9ho kraje 2. srpna. Lucembursk\u00fd cyklista se na jihu \u010cech p\u0159edstav\u00ed coby ambasador \u0160koda WeLoveCycling.<\/strong><\/p>\n<p><i><span style=\"font-weight: 400;\">\u201eNemohu se do\u010dkat dal\u0161\u00edho cyklistick\u00e9ho z\u00e1\u017eitku na \u010desk\u00e9m \u00fazem\u00ed. P\u0159ed t\u0159emi lety jsem byl ambasadorem Kopcovit\u00e9 L&#8217;Etape. Odl\u00e9tal jsem dom\u016f nad\u0161en\u00fd z fanou\u0161k\u016f pod\u00e9l trasy. Jel jsem v pelotonu amat\u00e9rsk\u00fdch cyklist\u016f a v\u0161ude kolem silnic byli div\u00e1ci. Prost\u011b neuv\u011b\u0159iteln\u00fd z\u00e1\u017eitek. Kdy\u017e m\u011b organiz\u00e1to\u0159i oslovili s mo\u017enost\u00ed pod\u00edlet se na Horsk\u00e9 L&#8217;Etape Czech Republic, nev\u00e1hal jsem,\u201c<\/span><\/i><span style=\"font-weight: 400;\"> \u0159\u00edk\u00e1 \u010dty\u0159icetilet\u00fd \u0161ampion Tour de France, jen\u017e kv\u016fli zdravotn\u00edm pot\u00ed\u017e\u00edm musel profesion\u00e1ln\u00ed peloton opustit u\u017e v dev\u011btadvaceti letech.<\/span><\/p>\n<p><span style=\"font-weight: 400;\">\u010cty\u0159iadvacet hodin p\u0159ed startem z\u00e1vodu si projel \u010d\u00e1st trasy v\u010detn\u011b \u00favodn\u00edho stoup\u00e1n\u00ed na Lib\u00ednsk\u00e9 sedlo. <\/span><i><span style=\"font-weight: 400;\">\u201eA byl jsem p\u0159ekvapen\u00fd. \u0160lo o n\u00e1ro\u010dn\u011bj\u0161\u00ed stoup\u00e1n\u00ed, ne\u017e jsem \u010dekal. U\u017e nejsem ve form\u011b, jako jsem b\u00fdval. Ale u\u017eil jsem si kr\u00e1snou p\u0159\u00edrodu. Je to hodn\u011b podobn\u00e9 m\u00e9mu domovu,\u201c<\/span><\/i><span style=\"font-weight: 400;\"> uvedl <a href=\"https:\/\/www.welovecycling.com\/cs\/2025\/07\/31\/sampionem-tour-ale-bez-financni-odmeny\/\">Andy Schleck<\/a>.<\/span><\/p>\n<h2><strong>L&#8217;Etape projede centrem \u010cesk\u00e9ho Krumlova<\/strong><\/h2>\n<p><span style=\"font-weight: 400;\">Lucembursk\u00fd sympa\u0165\u00e1k nebude jedinou hv\u011bzdou v sedle kola, kter\u00e1 se postav\u00ed 2. srpna ve 13 hodin na n\u00e1m\u011bst\u00ed v Prachatic\u00edch na start z\u00e1vodu. V pelotonu bude Tereza Vlk Hu\u0159\u00edkov\u00e1, juniorsk\u00e1 mistryn\u011b sv\u011bta v \u010dasovce a cross country horsk\u00fdch kol, nebo dr\u00e1hov\u00fd \u0161ampion z Evropsk\u00fdch her 2019 Tom\u00e1\u0161 B\u00e1bek.\u00a0<\/span><\/p>\n<p><i><span style=\"font-weight: 400;\">\u201eL&#8217;Etape je festivalem cyklistiky pro v\u0161echny mal\u00e9 i velk\u00e9 fanou\u0161ky Star\u00e9 d\u00e1my. Jsme hrd\u00ed, \u017ee se d\u011bji\u0161t\u011bm t\u00e9to velkolep\u00e9 sportovn\u00ed ud\u00e1losti staly Prachatice. Jde o d\u016fkaz, \u017ee Jiho\u010desk\u00fd kraj je m\u00edstem, kde se sport a tradice prol\u00ednaj\u00ed a domov nach\u00e1zej\u00ed velk\u00e9 ud\u00e1losti,\u201c<\/span><\/i><span style=\"font-weight: 400;\"> pronesl Martin Kuba, hejtman Jiho\u010desk\u00e9ho kraje. Tra\u0165 s\u00e1m v p\u0159edstihu jako v\u00e1\u0161niv\u00fd cyklista projel. <\/span><i><span style=\"font-weight: 400;\">\u201eA p\u016fjde o hodn\u011b v\u00fd\u017eivn\u00fd z\u00e1\u017eitek, je to n\u00e1ro\u010dn\u00e1 trasa,\u201c<\/span><\/i><span style=\"font-weight: 400;\"> \u0159ekl.<\/span><\/p>\n<p><span style=\"font-weight: 400;\">Horsk\u00e1 L&#8217;Etape Czech Republic by Tour de France je dlouh\u00e1 110 kilometr\u016f, z\u00e1vodn\u00edci mus\u00ed p\u0159ekonat 2200 v\u00fd\u0161kov\u00fdch metr\u016f. Mimo\u0159\u00e1dn\u011b atraktivn\u00edm bodem z\u00e1vodu je pr\u016fjezd p\u0159es \u010cesk\u00fd Krumlov, kde se peloton zano\u0159\u00ed do samotn\u00e9ho historick\u00e9ho centra m\u011bsta za\u0159azen\u00e9ho na seznam sv\u011btov\u00e9ho d\u011bdictv\u00ed UNESCO.<\/span><\/p>\n<figure id=\"attachment_30401\" aria-describedby=\"caption-attachment-30401\" style=\"width: 1920px\" class=\"wp-caption alignnone\"><a href=\"https:\/\/d2p6e6u75xmxt8.cloudfront.net\/13\/2025\/08\/3C9A2956-scaled.webp\"><img loading=\"lazy\" decoding=\"async\" class=\"size-extra-large wp-image-30401\" src=\"https:\/\/d2p6e6u75xmxt8.cloudfront.net\/13\/2025\/08\/3C9A2956-1920x1280.webp\" alt=\"\" width=\"1920\" height=\"1280\" srcset=\"https:\/\/d2p6e6u75xmxt8.cloudfront.net\/13\/2025\/08\/3C9A2956-1920x1280.webp 1920w, https:\/\/d2p6e6u75xmxt8.cloudfront.net\/13\/2025\/08\/3C9A2956-300x200.webp 300w, https:\/\/d2p6e6u75xmxt8.cloudfront.net\/13\/2025\/08\/3C9A2956-1024x683.webp 1024w, https:\/\/d2p6e6u75xmxt8.cloudfront.net\/13\/2025\/08\/3C9A2956-768x512.webp 768w, https:\/\/d2p6e6u75xmxt8.cloudfront.net\/13\/2025\/08\/3C9A2956-1536x1024.webp 1536w, https:\/\/d2p6e6u75xmxt8.cloudfront.net\/13\/2025\/08\/3C9A2956-2048x1365.webp 2048w, https:\/\/d2p6e6u75xmxt8.cloudfront.net\/13\/2025\/08\/3C9A2956-400x267.webp 400w, https:\/\/d2p6e6u75xmxt8.cloudfront.net\/13\/2025\/08\/3C9A2956-272x182.webp 272w, https:\/\/d2p6e6u75xmxt8.cloudfront.net\/13\/2025\/08\/3C9A2956-1920x1280.webp 1920w\" sizes=\"auto, (max-width: 1920px) 100vw, 1920px\" \/><\/a><figcaption id=\"caption-attachment-30401\" class=\"wp-caption-text\"><em>Andy Schleck na \u010dele skupiny p\u0159i v\u00fdstupu na Lib\u00ednsk\u00e9 sedlo p\u0159ed Horskou <span style=\"font-weight: 400;\">L&#8217;Etape v Prachatic\u00edch.<\/span><\/em><\/figcaption><\/figure>\n<p><span style=\"font-weight: 400;\">Pas\u00e1\u017e historick\u00fdm j\u00e1drem m\u011bsta tvo\u0159\u00ed ko\u010di\u010d\u00ed hlavy. Kostky, kter\u00e9 si v ni\u010dem nezadaj\u00ed s pav\u00e9s z Pa\u0159\u00ed\u017e-Roubaix. Kr\u00e1lovny klasik p\u0159ezd\u00edvan\u00e9 Peklo severu. Naprosto unik\u00e1tn\u00ed lokalita berouc\u00ed dech svoj\u00ed kr\u00e1sou a majest\u00e1tnost\u00ed bude rezervov\u00e1na cyklist\u016fm, aby se tudy mohli prohnat v z\u00e1vodn\u00edm tempu. Cel\u00e1 trasa star\u00fdm m\u011bstem bude ohrazena pl\u016ftky, tud\u00ed\u017e atmosf\u00e9ra bude v\u00e1\u017en\u011b jedine\u010dn\u00e1.\u00a0<\/span><\/p>\n<div class=\"shortcode-ys-post-pinup\"><article class=\"loop-simple post-30368 post type-post status-publish format-standard has-post-thumbnail hentry category-tour-de-france tag-cyklistika tag-konec-kariery tag-los-angeles-2028 tag-silnicni-cyklistika tag-tadej-pogacar tag-tour-de-france tag-tour-de-france-2025 tag-vuelta global-categories-cycling\" data-postid=\"30368\" role=\"article\" data-post-id=\"30368\" data-word-count=\"516\" data-headline-length=\"41\" data-category=\"Tour de France\" data-global-category=\"Cycling\" data-author=\"Radek Malina\" data-published=\"2025-07-30T13:20:57+02:00\" data-published-day=\"Wednesday\">\n    <div class=\"entry-thumbnail article-thumbnail\" content=\"https:\/\/d2p6e6u75xmxt8.cloudfront.net\/13\/2025\/07\/20250717TDF1005-150x150.webp\"><a href=\"https:\/\/www.welovecycling.com\/cs\/2025\/07\/30\/proc-tadej-pogacar-zustane-v-pelotonu-a-neukonci-karieru\/\" class=\"image-holder\" target=\"_self\"><img decoding=\"async\" loading=\"lazy\" class=\"\" src=\"https:\/\/d2p6e6u75xmxt8.cloudfront.net\/13\/2025\/07\/20250717TDF1005-1024x683.webp\" srcset=\"https:\/\/d2p6e6u75xmxt8.cloudfront.net\/13\/2025\/07\/20250717TDF1005-scaled.webp 2560w, https:\/\/d2p6e6u75xmxt8.cloudfront.net\/13\/2025\/07\/20250717TDF1005-300x200.webp 300w, https:\/\/d2p6e6u75xmxt8.cloudfront.net\/13\/2025\/07\/20250717TDF1005-1024x683.webp 1024w, https:\/\/d2p6e6u75xmxt8.cloudfront.net\/13\/2025\/07\/20250717TDF1005-768x512.webp 768w, https:\/\/d2p6e6u75xmxt8.cloudfront.net\/13\/2025\/07\/20250717TDF1005-1536x1024.webp 1536w, https:\/\/d2p6e6u75xmxt8.cloudfront.net\/13\/2025\/07\/20250717TDF1005-2048x1365.webp 2048w, https:\/\/d2p6e6u75xmxt8.cloudfront.net\/13\/2025\/07\/20250717TDF1005-1920x1280.webp 1920w, https:\/\/d2p6e6u75xmxt8.cloudfront.net\/13\/2025\/07\/20250717TDF1005-400x267.webp 400w, https:\/\/d2p6e6u75xmxt8.cloudfront.net\/13\/2025\/07\/20250717TDF1005-272x182.webp 272w, https:\/\/d2p6e6u75xmxt8.cloudfront.net\/13\/2025\/07\/20250717TDF1005-1920x1280.webp 1920w\" width=\"1024\" height=\"683\" sizes=\"auto, (min-width: 1200px) 300px, (min-width: 768px) 25vw, 100vw\" alt=\"proc-tadej-pogacar-zustane-v-pelotonu-a-neukonci-karieru\"\/><\/a><\/div>    <div class=\"entry-meta\">\n        <a class=\"label label-secondary post-category\" href=\"https:\/\/www.welovecycling.com\/cs\/category\/tour-de-france\/\" title=\"Tour de France\">Tour de France<\/a>\n    <\/div>\n    <div class=\"entry-details\">\n        <a href=\"https:\/\/www.welovecycling.com\/cs\/2025\/07\/30\/proc-tadej-pogacar-zustane-v-pelotonu-a-neukonci-karieru\/\" class='entry-title-wrapper'>\n            <h3 class=\"entry-title\"><span>Pro\u010d Tadej Poga\u010dar neukon\u010d\u00ed kari\u00e9ru?<\/span><\/h3>\n        <\/a>\n    <\/div>\n    <\/article>\n<\/div>\n<p><span style=\"font-weight: 400;\">Cyklisty pot\u00e9 \u010dekaj\u00ed t\u0159i vrcha\u0159sk\u00e9 pr\u00e9mie. Nejprve v\u00fdstup na Kle\u0165 dlouh\u00fd p\u011bt kilometr\u016f p\u0159i pr\u016fm\u011brn\u00e9m p\u0159ev\u00fd\u0161en\u00ed 5,8 procent, kde je t\u0159eba mezi t\u0159et\u00edm a \u010dtvrt\u00fdm kilometrem zdola desetiprocentn\u00ed sklon. N\u00e1sleduje vrcha\u0159sk\u00e1 pr\u00e9mie na Lib\u00edn s d\u00e9lkou 4,7 kilometr\u016f p\u0159i pr\u016fm\u011brn\u00e9m sklonu 4,3 procent. Vrchol pak obstar\u00e1 sice jen 1400 metr\u016f dlouh\u00fd v\u00fdstup u obce Oseky, ov\u0161em s pr\u016fm\u011brn\u00fdm sklonem 7,5 procent! Na trase jsou t\u0159i ob\u010derstvovac\u00ed stanice (K\u0159i\u0161\u0165anov, Modr\u00fd obr\u00e1zek, Chroboly).<\/span><\/p>\n<p><span style=\"font-weight: 400;\">Absolutn\u00ed fin\u00e1le p\u0159ivede cyklisty pod vyhl\u00eddkovou v\u011b\u017e Kostela svat\u00e9ho Jakuba s pr\u016fjezdem Doln\u00ed br\u00e1nou na Velk\u00e9 n\u00e1m\u011bst\u00ed, kde \u010dek\u00e1 c\u00edlov\u00e1 rovinka z kostek jako vyst\u0159i\u017een\u00e1 ze Champs-\u00c9lys\u00e9es. Prost\u011b z\u00e1\u017eitek jako na Tour de France.<\/span><\/p>\n<h2><strong>Dev\u011bt ofici\u00e1ln\u00edch fan point\u016f na trase<\/strong><\/h2>\n<p><span style=\"font-weight: 400;\">Na trase z\u00e1vodu je p\u0159ipraveno dev\u011bt ofici\u00e1ln\u00edch fanou\u0161kovsk\u00fdch z\u00f3n, p\u0159i\u010dem\u017e zejm\u00e9na Chroboly a Vy\u0161n\u00fd se p\u0159i premi\u00e9\u0159e Horsk\u00e9 etapy zapsaly do srdc\u00ed cyklist\u016f naprosto bou\u0159livou atmosf\u00e9rou, kter\u00e1 si v ni\u010dem nezadala s nejv\u011bt\u0161\u00edm etapov\u00fdm z\u00e1vodem planety.<\/span><\/p>\n<p><i><span style=\"font-weight: 400;\">\u201eP\u0159i premi\u00e9\u0159e L&#8217;Etape minul\u00fd rok jsme m\u011bli velmi dobrou odezvu od obyvatel m\u011bsta, ale i obc\u00ed, kde fanou\u0161ci vytvo\u0159ili jedine\u010dn\u00e9 prost\u0159ed\u00ed pro cyklisty. A tak\u00e9 od majitel\u016f ubytovac\u00edch kapacit a restaura\u010dn\u00edch za\u0159\u00edzen\u00ed. Tak\u017ee jsme nad\u0161en\u00ed, \u017ee se k n\u00e1m z\u00e1vod vrac\u00ed,\u201c<\/span><\/i><span style=\"font-weight: 400;\"> pronesl Jan Bauer, starosta Prachatic.<\/span><\/p>\n<p><span style=\"font-weight: 400;\">M\u011bsto se na dva dny stane centrem cyklistiky. U\u017e v p\u00e1tek v 16 hodin bude otev\u0159ena L&#8217;Etape vesni\u010dka, kde bude p\u0159ipraven bohat\u00fd doprovodn\u00fd program. Nab\u00edz\u00ed se mo\u017enost sledov\u00e1n\u00ed dojezdu sedm\u00e9ho d\u011bjstv\u00ed etapy na Tour de France Femmes, v 18:30 hodin se uskute\u010dn\u00ed beseda s Andy Schleckem, o p\u016fl hodiny pozd\u011bji autogrami\u00e1da v\u0161ech ambasador\u016f a v 19:30 hodin koncert kapely William, na kter\u00fd jsou v\u0161ichni zv\u00e1ni.<\/span><\/p>\n<p><span style=\"font-weight: 400;\"><a href=\"https:\/\/d2p6e6u75xmxt8.cloudfront.net\/13\/2025\/08\/3C9A3351-scaled.webp\"><img loading=\"lazy\" decoding=\"async\" class=\"alignnone size-extra-large wp-image-30398\" src=\"https:\/\/d2p6e6u75xmxt8.cloudfront.net\/13\/2025\/08\/3C9A3351-1920x1280.webp\" alt=\"\" width=\"1920\" height=\"1280\" srcset=\"https:\/\/d2p6e6u75xmxt8.cloudfront.net\/13\/2025\/08\/3C9A3351-1920x1280.webp 1920w, https:\/\/d2p6e6u75xmxt8.cloudfront.net\/13\/2025\/08\/3C9A3351-300x200.webp 300w, https:\/\/d2p6e6u75xmxt8.cloudfront.net\/13\/2025\/08\/3C9A3351-1024x683.webp 1024w, https:\/\/d2p6e6u75xmxt8.cloudfront.net\/13\/2025\/08\/3C9A3351-768x512.webp 768w, https:\/\/d2p6e6u75xmxt8.cloudfront.net\/13\/2025\/08\/3C9A3351-1536x1024.webp 1536w, https:\/\/d2p6e6u75xmxt8.cloudfront.net\/13\/2025\/08\/3C9A3351-2048x1365.webp 2048w, https:\/\/d2p6e6u75xmxt8.cloudfront.net\/13\/2025\/08\/3C9A3351-400x267.webp 400w, https:\/\/d2p6e6u75xmxt8.cloudfront.net\/13\/2025\/08\/3C9A3351-272x182.webp 272w, https:\/\/d2p6e6u75xmxt8.cloudfront.net\/13\/2025\/08\/3C9A3351-1920x1280.webp 1920w\" sizes=\"auto, (max-width: 1920px) 100vw, 1920px\" \/><\/a><\/span><span style=\"font-weight: 400;\"><br \/>\n<\/span><span style=\"font-weight: 400;\">Sobota 2. srpna bude v Prachatic\u00edch stejn\u011b na\u0161lapan\u00e1. U\u017e v 9 hodin bude otev\u0159ena vesni\u010dka L&#8217;Etape, ve stejn\u00e9m okam\u017eiku odstartuje Kub\u00edk Tour, co\u017e je z\u00e1bavn\u00e1 sout\u011b\u017en\u00ed aktivita pro d\u011bti, kter\u00e9 pln\u00ed \u00fakoly s cyklistickou tematikou a po \u00fasp\u011b\u0161n\u00e9m absolvov\u00e1n\u00ed v\u0161ech \u00fakol\u016f je \u010dek\u00e1 par\u00e1dn\u00ed odm\u011bna.\u00a0<\/span><\/p>\n<p><span style=\"font-weight: 400;\"><div class=\"shortcode-ys-post-pinup\"><article class=\"loop-simple post-30304 post type-post status-publish format-standard has-post-thumbnail hentry category-tour-de-france tag-cyklistika tag-florian-lipowitz tag-jonas-vingegaard tag-jonathan-milan tag-oscar-onley tag-silnicni-cyklistika tag-tadej-pogacar tag-tour-de-france tag-tour-de-france-2025 tag-uae-emirates-xrg tag-zdenek-stybar global-categories-cycling\" data-postid=\"30304\" role=\"article\" data-post-id=\"30304\" data-word-count=\"853\" data-headline-length=\"54\" data-category=\"Tour de France\" data-global-category=\"Cycling\" data-author=\"We Love Cycling\" data-published=\"2025-07-29T10:38:08+02:00\" data-published-day=\"Tuesday\">\n    <div class=\"entry-thumbnail article-thumbnail\" content=\"https:\/\/d2p6e6u75xmxt8.cloudfront.net\/13\/2024\/07\/1800-x-1200-velky-150x150.webp\"><a href=\"https:\/\/www.welovecycling.com\/cs\/2025\/07\/29\/otraveny-pogacar-mozna-ho-zastavil-vlastni-tym\/\" class=\"image-holder\" target=\"_self\"><img decoding=\"async\" loading=\"lazy\" class=\"\" src=\"https:\/\/d2p6e6u75xmxt8.cloudfront.net\/13\/2024\/07\/1800-x-1200-velky-1024x683.webp\" srcset=\"https:\/\/d2p6e6u75xmxt8.cloudfront.net\/13\/2024\/07\/1800-x-1200-velky.webp 1800w, https:\/\/d2p6e6u75xmxt8.cloudfront.net\/13\/2024\/07\/1800-x-1200-velky-300x200.webp 300w, https:\/\/d2p6e6u75xmxt8.cloudfront.net\/13\/2024\/07\/1800-x-1200-velky-1024x683.webp 1024w, https:\/\/d2p6e6u75xmxt8.cloudfront.net\/13\/2024\/07\/1800-x-1200-velky-768x512.webp 768w, https:\/\/d2p6e6u75xmxt8.cloudfront.net\/13\/2024\/07\/1800-x-1200-velky-1536x1024.webp 1536w, https:\/\/d2p6e6u75xmxt8.cloudfront.net\/13\/2024\/07\/1800-x-1200-velky-400x267.webp 400w, https:\/\/d2p6e6u75xmxt8.cloudfront.net\/13\/2024\/07\/1800-x-1200-velky-272x182.webp 272w\" width=\"1024\" height=\"683\" sizes=\"auto, (min-width: 1200px) 300px, (min-width: 768px) 25vw, 100vw\" alt=\"otraveny-pogacar-mozna-ho-zastavil-vlastni-tym\"\/><\/a><\/div>    <div class=\"entry-meta\">\n        <a class=\"label label-secondary post-category\" href=\"https:\/\/www.welovecycling.com\/cs\/category\/tour-de-france\/\" title=\"Tour de France\">Tour de France<\/a>\n    <\/div>\n    <div class=\"entry-details\">\n        <a href=\"https:\/\/www.welovecycling.com\/cs\/2025\/07\/29\/otraveny-pogacar-mozna-ho-zastavil-vlastni-tym\/\" class='entry-title-wrapper'>\n            <h3 class=\"entry-title\"><span>Otr\u00e1ven\u00fd Poga\u010dar? Mo\u017en\u00e1 ho zastavil vlastn\u00ed t\u00fdm<\/span><\/h3>\n        <\/a>\n    <\/div>\n    <\/article>\n<\/div><\/span><span style=\"font-weight: 400;\"><br \/>\n<\/span><span style=\"font-weight: 400;\">Sou\u010d\u00e1st\u00ed programu je tak\u00e9 Kub\u00edk Family Ride v\u00a010:30 hodin, co\u017e je p\u011btikilometrov\u00e1 j\u00edzda po uzav\u0159en\u00e9 trase pro v\u0161echny cyklisty bez rozd\u00edlu, a\u0165 u\u017e pou\u017e\u00edvaj\u00ed silni\u010dn\u00ed speci\u00e1ly, elektrokola, nebo MTB stroje. <\/span><i><span style=\"font-weight: 400;\">\u201eChceme dop\u0159\u00e1t atmosf\u00e9ru z\u00e1vodu i nejmlad\u0161\u00ed generaci t\u0159eba po boku prarodi\u010d\u016f, pro n\u011b\u017e u\u017e naopak trasa nen\u00ed,\u201c<\/span><\/i><span style=\"font-weight: 400;\"> komentuje nesout\u011b\u017en\u00ed aktivitu P\u0159emysl Nov\u00e1k, \u0161\u00e9f projektu L&#8217;Etape Czech Republic by Tour de France.<\/span><span style=\"font-weight: 400;\"><br \/>\n<\/span><\/p>\n<h2><strong>P\u0159es \u010dty\u0159i tis\u00edce cyklist\u016f na startu dvou z\u00e1vod\u016f<\/strong><\/h2>\n<p><span style=\"font-weight: 400;\">Slavnostn\u00ed start z\u00e1vodu je v pl\u00e1nu ve 13 hodin z n\u00e1m\u011bst\u00ed v Prachatic\u00edch, v\u00edt\u011bz by m\u011bl dorazit tamt\u00e9\u017e p\u0159ibli\u017en\u011b o t\u0159i hodiny pozd\u011bji. Div\u00e1ci, kte\u0159\u00ed nebudou fandit u trati, mohou v\u0161e sledovat na velkoplo\u0161n\u00e9 LED obrazovce v prostoru startu a c\u00edle.\u00a0<\/span><\/p>\n<p><span style=\"font-weight: 400;\">Motivem L&#8217;Etape Czech Republic by Tour de France 2025 je hashtag #NESESEDNE\u0160. Prost\u00e9, ale jednoduch\u00e9 shrnut\u00ed individu\u00e1ln\u00ed v\u00fdzvy pro ka\u017ed\u00e9ho cyklistu. A sou\u010dasn\u011b v\u00fdsti\u017en\u00e9 p\u0159ipomenut\u00ed doby, b\u011bhem n\u00ed\u017e se cyklistice v \u017eivot\u011b v\u011bnujeme.<\/span><\/p>\n<figure id=\"attachment_30391\" aria-describedby=\"caption-attachment-30391\" style=\"width: 1920px\" class=\"wp-caption alignnone\"><a href=\"https:\/\/d2p6e6u75xmxt8.cloudfront.net\/13\/2025\/08\/3C9A3554-scaled.webp\"><img loading=\"lazy\" decoding=\"async\" class=\"size-extra-large wp-image-30391\" src=\"https:\/\/d2p6e6u75xmxt8.cloudfront.net\/13\/2025\/08\/3C9A3554-1920x1280.webp\" alt=\"\" width=\"1920\" height=\"1280\" srcset=\"https:\/\/d2p6e6u75xmxt8.cloudfront.net\/13\/2025\/08\/3C9A3554-1920x1280.webp 1920w, https:\/\/d2p6e6u75xmxt8.cloudfront.net\/13\/2025\/08\/3C9A3554-300x200.webp 300w, https:\/\/d2p6e6u75xmxt8.cloudfront.net\/13\/2025\/08\/3C9A3554-1024x683.webp 1024w, https:\/\/d2p6e6u75xmxt8.cloudfront.net\/13\/2025\/08\/3C9A3554-768x512.webp 768w, https:\/\/d2p6e6u75xmxt8.cloudfront.net\/13\/2025\/08\/3C9A3554-1536x1024.webp 1536w, https:\/\/d2p6e6u75xmxt8.cloudfront.net\/13\/2025\/08\/3C9A3554-2048x1365.webp 2048w, https:\/\/d2p6e6u75xmxt8.cloudfront.net\/13\/2025\/08\/3C9A3554-400x267.webp 400w, https:\/\/d2p6e6u75xmxt8.cloudfront.net\/13\/2025\/08\/3C9A3554-272x182.webp 272w, https:\/\/d2p6e6u75xmxt8.cloudfront.net\/13\/2025\/08\/3C9A3554-1920x1280.webp 1920w\" sizes=\"auto, (max-width: 1920px) 100vw, 1920px\" \/><\/a><figcaption id=\"caption-attachment-30391\" class=\"wp-caption-text\"><em>Andy Schleck na tiskov\u00e9 konferenci p\u0159ed Horskou <span style=\"font-weight: 400;\">L&#8217;Etape v Prachatic\u00edch.<\/span><\/em><\/figcaption><\/figure>\n<p><i><span style=\"font-weight: 400;\">\u201eCyklistika je sport prov\u00e1zej\u00edc\u00ed n\u00e1s od d\u011btsk\u00e9ho v\u011bku a\u017e po seniorsk\u00fd. Skv\u011ble propojuje generace v\u010detn\u011b lid\u00ed v d\u016fchodov\u00e9m v\u011bku. A pr\u00e1v\u011b senio\u0159i jsou mnohdy opom\u00edjenou skupinou, kterou bychom r\u00e1di do aktivit L&#8217;Etape Czech Republic zapojili. \u010casto pr\u00e1v\u011b star\u0161\u00ed generace tvo\u0159\u00ed p\u00e1te\u0159 organiza\u010dn\u00edch t\u00fdm\u016f fanou\u0161kovsk\u00fdch m\u00edst v jednotliv\u00fdch obc\u00edch. Proto jsme rozjeli spolupr\u00e1ci s nadac\u00ed Kr\u00e1sa pomoci,\u201c<\/span><\/i><span style=\"font-weight: 400;\"> podot\u00fdk\u00e1 P\u0159emysl Nov\u00e1k ke spojen\u00ed s organizac\u00ed zam\u011b\u0159uj\u00edc\u00ed se na d\u016fstojn\u00e9 a plnohodnotn\u00e9 st\u00e1rnut\u00ed na\u0161ich prarodi\u010d\u016f.<\/span><\/p>\n<p><span style=\"font-weight: 400;\">L&#8217;Etape Czech Republic by Tour de France je nejv\u011bt\u0161\u00edm dom\u00e1c\u00edm podnikem pro amat\u00e9rsk\u00e9 cyklisty, jeho\u017e se ve dvou z\u00e1vodech \u00fa\u010dastn\u00ed p\u0159es \u010dty\u0159i tis\u00edce milovn\u00edk\u016f j\u00edzdy v sedle. Prvn\u00ed z\u00e1vod na tuzemsk\u00fdch silnic\u00edch prob\u011bhl 21. \u010dervna v Praze a St\u0159edo\u010desk\u00e9m kraji, kdy\u017e \u00fa\u010dastn\u00edkem Kopcovit\u00e9 etapy byl i Bradley Wiggins, v\u00edt\u011bz Tour de France 2012.\u00a0<\/span><\/p>\n<p><span style=\"font-weight: 400;\">Akce pat\u0159\u00ed do glob\u00e1ln\u00ed s\u00e9rie zast\u0159e\u0161en\u00e9 organizac\u00ed A.S.O. pe\u010duj\u00edc\u00ed o samotnou Tour de France. Jednotliv\u00e9 akce se konaj\u00ed nap\u0159\u00ed\u010d kontinenty ve v\u00edce ne\u017e t\u0159iceti zem\u00edch sv\u011bta. V tuzemsku L&#8217;Etape Czech Republic by Tour de France krom\u011b p\u0159\u00edpravy dvou z\u00e1vod\u016f organizuje i vyj\u00ed\u017e\u010fky v jednotliv\u00fdch regionech zem\u011b \u010di cyklistick\u00e9 akce v podob\u011b tr\u00e9ninkov\u00fdch kemp\u016f nebo z\u00e1jezd\u016f na velk\u00e9 zahrani\u010dn\u00ed z\u00e1vody, jako je Tour de France.<\/span><\/p>\n","protected":false},"excerpt":{"rendered":"<p>V\u00edt\u011bz Tour de France 2010, nejv\u011bt\u0161\u00edho cyklistick\u00e9ho z\u00e1vodu planety, Andy Schleck bude hlavn\u00ed hv\u011bzdou historicky druh\u00e9 Horsk\u00e9 L&#8217;Etape Czech Republic, [&hellip;]<\/p>\n","protected":false},"author":138,"featured_media":30394,"comment_status":"open","ping_status":"open","sticky":false,"template":"","format":"standard","meta":{"footnotes":""},"categories":[1564],"tags":[4158,320,126,3753,9,23],"global-categories":[411],"class_list":["post-30390","post","type-post","status-publish","format-standard","has-post-thumbnail","hentry","category-letape-czech-republic","tag-4158","tag-andy-schleck","tag-cyklistika","tag-horska-letape-czech-republic","tag-silnicni-cyklistika","tag-tour-de-france","global-categories-cycling"],"yoast_head":"<!-- This site is optimized with the Yoast SEO Premium plugin v25.3 (Yoast SEO v25.9) - https:\/\/yoast.com\/wordpress\/plugins\/seo\/ -->\n<title>V\u00edt\u011bz Tour de France ozdob\u00ed Horskou L&#039;Etape na jihu \u010cech | \u0160koda We Love Cycling - \u010cesk\u00e1 republika<\/title>\n<meta name=\"description\" content=\"V\u00edt\u011bz Tour de France 2010, nejv\u011bt\u0161\u00edho cyklistick\u00e9ho z\u00e1vodu planety, Andy Schleck bude hlavn\u00ed hv\u011bzdou historicky druh\u00e9 Horsk\u00e9 L&#039;Etape Czech Republic, kter\u00e1 se jede s podporou m\u011bsta Prachatice a Jiho\u010desk\u00e9ho kraje 2. srpna. Lucembursk\u00fd cyklista se na jihu \u010cech p\u0159edstav\u00ed coby ambasador \u0160koda WeLoveCycling.\" \/>\n<meta name=\"robots\" content=\"index, follow, max-snippet:-1, max-image-preview:large, max-video-preview:-1\" \/>\n<link rel=\"canonical\" href=\"https:\/\/www.welovecycling.com\/cs\/2025\/08\/01\/vitez-tour-de-france-ozdobi-horskou-letape-na-jihu-cech\/\" \/>\n<meta property=\"og:locale\" content=\"cs_CZ\" \/>\n<meta property=\"og:type\" content=\"article\" \/>\n<meta property=\"og:title\" content=\"V\u00edt\u011bz Tour de France ozdob\u00ed Horskou L&#039;Etape na jihu \u010cech\" \/>\n<meta property=\"og:description\" content=\"V\u00edt\u011bz Tour de France 2010, nejv\u011bt\u0161\u00edho cyklistick\u00e9ho z\u00e1vodu planety, Andy Schleck bude hlavn\u00ed hv\u011bzdou historicky druh\u00e9 Horsk\u00e9 L&#039;Etape Czech Republic, kter\u00e1 se jede s podporou m\u011bsta Prachatice a Jiho\u010desk\u00e9ho kraje 2. srpna. Lucembursk\u00fd cyklista se na jihu \u010cech p\u0159edstav\u00ed coby ambasador \u0160koda WeLoveCycling.\" \/>\n<meta property=\"og:url\" content=\"https:\/\/www.welovecycling.com\/cs\/2025\/08\/01\/vitez-tour-de-france-ozdobi-horskou-letape-na-jihu-cech\/\" \/>\n<meta property=\"og:site_name\" content=\"\u0160koda We Love Cycling - \u010cesk\u00e1 republika\" \/>\n<meta property=\"article:published_time\" content=\"2025-08-01T14:00:20+00:00\" \/>\n<meta property=\"og:image\" content=\"https:\/\/d2p6e6u75xmxt8.cloudfront.net\/13\/2025\/08\/3C9A3024-scaled.webp\" \/>\n\t<meta property=\"og:image:width\" content=\"2560\" \/>\n\t<meta property=\"og:image:height\" content=\"1707\" \/>\n\t<meta property=\"og:image:type\" content=\"image\/webp\" \/>\n<meta name=\"author\" content=\"radekmalina\" \/>\n<meta name=\"twitter:card\" content=\"summary_large_image\" \/>\n<meta name=\"twitter:label1\" content=\"Written by\" \/>\n\t<meta name=\"twitter:data1\" content=\"We Love Cycling\" \/>\n\t<meta name=\"twitter:label2\" content=\"Est. reading time\" \/>\n\t<meta name=\"twitter:data2\" content=\"6\" \/>\n<script type=\"application\/ld+json\" class=\"yoast-schema-graph\">{\"@context\":\"https:\/\/schema.org\",\"@graph\":[{\"@type\":\"WebPage\",\"@id\":\"https:\/\/www.welovecycling.com\/cs\/2025\/08\/01\/vitez-tour-de-france-ozdobi-horskou-letape-na-jihu-cech\/\",\"url\":\"https:\/\/www.welovecycling.com\/cs\/2025\/08\/01\/vitez-tour-de-france-ozdobi-horskou-letape-na-jihu-cech\/\",\"name\":\"V\u00edt\u011bz Tour de France ozdob\u00ed Horskou L'Etape na jihu \u010cech | \u0160koda We Love Cycling - \u010cesk\u00e1 republika\",\"isPartOf\":{\"@id\":\"https:\/\/www.welovecycling.com\/cs\/#website\"},\"primaryImageOfPage\":{\"@id\":\"https:\/\/www.welovecycling.com\/cs\/2025\/08\/01\/vitez-tour-de-france-ozdobi-horskou-letape-na-jihu-cech\/#primaryimage\"},\"image\":{\"@id\":\"https:\/\/www.welovecycling.com\/cs\/2025\/08\/01\/vitez-tour-de-france-ozdobi-horskou-letape-na-jihu-cech\/#primaryimage\"},\"thumbnailUrl\":\"https:\/\/d2p6e6u75xmxt8.cloudfront.net\/13\/2025\/08\/3C9A3024-scaled.webp\",\"datePublished\":\"2025-08-01T14:00:20+00:00\",\"author\":{\"@id\":\"https:\/\/www.welovecycling.com\/cs\/#\/schema\/person\/d9eeb0a378f3a7e4a6d12d2b536b04b8\"},\"description\":\"V\u00edt\u011bz Tour de France 2010, nejv\u011bt\u0161\u00edho cyklistick\u00e9ho z\u00e1vodu planety, Andy Schleck bude hlavn\u00ed hv\u011bzdou historicky druh\u00e9 Horsk\u00e9 L'Etape Czech Republic, kter\u00e1 se jede s podporou m\u011bsta Prachatice a Jiho\u010desk\u00e9ho kraje 2. srpna. Lucembursk\u00fd cyklista se na jihu \u010cech p\u0159edstav\u00ed coby ambasador \u0160koda WeLoveCycling.\",\"inLanguage\":\"cs\",\"potentialAction\":[{\"@type\":\"ReadAction\",\"target\":[\"https:\/\/www.welovecycling.com\/cs\/2025\/08\/01\/vitez-tour-de-france-ozdobi-horskou-letape-na-jihu-cech\/\"]}]},{\"@type\":\"ImageObject\",\"inLanguage\":\"cs\",\"@id\":\"https:\/\/www.welovecycling.com\/cs\/2025\/08\/01\/vitez-tour-de-france-ozdobi-horskou-letape-na-jihu-cech\/#primaryimage\",\"url\":\"https:\/\/d2p6e6u75xmxt8.cloudfront.net\/13\/2025\/08\/3C9A3024-scaled.webp\",\"contentUrl\":\"https:\/\/d2p6e6u75xmxt8.cloudfront.net\/13\/2025\/08\/3C9A3024-scaled.webp\",\"width\":2560,\"height\":1707,\"caption\":\"Andy Schleck bude hlavn\u00ed tv\u00e1\u0159\u00ed L'Etape\"},{\"@type\":\"WebSite\",\"@id\":\"https:\/\/www.welovecycling.com\/cs\/#website\",\"url\":\"https:\/\/www.welovecycling.com\/cs\/\",\"name\":\"\u0160koda We Love Cycling - \u010cesk\u00e1 republika\",\"description\":\"WeLoveCycling.cz je online magaz\u00edn, kter\u00fd v\u00e1m pravideln\u011b p\u0159in\u00e1\u0161\u00ed rady a tipy, zaj\u00edmav\u00e9 \u010dl\u00e1nky, videa a jedine\u010dn\u00e9 report\u00e1\u017ee ze sv\u011bta cyklistiky.\",\"potentialAction\":[{\"@type\":\"SearchAction\",\"target\":{\"@type\":\"EntryPoint\",\"urlTemplate\":\"https:\/\/www.welovecycling.com\/cs\/?s={search_term_string}\"},\"query-input\":{\"@type\":\"PropertyValueSpecification\",\"valueRequired\":true,\"valueName\":\"search_term_string\"}}],\"inLanguage\":\"cs\"},{\"@type\":\"Person\",\"@id\":\"https:\/\/www.welovecycling.com\/cs\/#\/schema\/person\/d9eeb0a378f3a7e4a6d12d2b536b04b8\",\"name\":\"radekmalina\",\"image\":{\"@type\":\"ImageObject\",\"inLanguage\":\"cs\",\"@id\":\"https:\/\/www.welovecycling.com\/cs\/#\/schema\/person\/image\/\",\"url\":\"https:\/\/secure.gravatar.com\/avatar\/66994b632cb8c39a46b9f54afa3ae07201b678d32a54275b6f1c9ffec356bfc0?s=96&d=mm&r=g\",\"contentUrl\":\"https:\/\/secure.gravatar.com\/avatar\/66994b632cb8c39a46b9f54afa3ae07201b678d32a54275b6f1c9ffec356bfc0?s=96&d=mm&r=g\",\"caption\":\"radekmalina\"},\"url\":\"https:\/\/www.welovecycling.com\/cs\/author\/radekmalina\/\"}]}<\/script>\n<!-- \/ Yoast SEO Premium plugin. -->","yoast_head_json":{"title":"V\u00edt\u011bz Tour de France ozdob\u00ed Horskou L'Etape na jihu \u010cech | \u0160koda We Love Cycling - \u010cesk\u00e1 republika","description":"V\u00edt\u011bz Tour de France 2010, nejv\u011bt\u0161\u00edho cyklistick\u00e9ho z\u00e1vodu planety, Andy Schleck bude hlavn\u00ed hv\u011bzdou historicky druh\u00e9 Horsk\u00e9 L'Etape Czech Republic, kter\u00e1 se jede s podporou m\u011bsta Prachatice a Jiho\u010desk\u00e9ho kraje 2. srpna. Lucembursk\u00fd cyklista se na jihu \u010cech p\u0159edstav\u00ed coby ambasador \u0160koda WeLoveCycling.","robots":{"index":"index","follow":"follow","max-snippet":"max-snippet:-1","max-image-preview":"max-image-preview:large","max-video-preview":"max-video-preview:-1"},"canonical":"https:\/\/www.welovecycling.com\/cs\/2025\/08\/01\/vitez-tour-de-france-ozdobi-horskou-letape-na-jihu-cech\/","og_locale":"cs_CZ","og_type":"article","og_title":"V\u00edt\u011bz Tour de France ozdob\u00ed Horskou L'Etape na jihu \u010cech","og_description":"V\u00edt\u011bz Tour de France 2010, nejv\u011bt\u0161\u00edho cyklistick\u00e9ho z\u00e1vodu planety, Andy Schleck bude hlavn\u00ed hv\u011bzdou historicky druh\u00e9 Horsk\u00e9 L'Etape Czech Republic, kter\u00e1 se jede s podporou m\u011bsta Prachatice a Jiho\u010desk\u00e9ho kraje 2. srpna. Lucembursk\u00fd cyklista se na jihu \u010cech p\u0159edstav\u00ed coby ambasador \u0160koda WeLoveCycling.","og_url":"https:\/\/www.welovecycling.com\/cs\/2025\/08\/01\/vitez-tour-de-france-ozdobi-horskou-letape-na-jihu-cech\/","og_site_name":"\u0160koda We Love Cycling - \u010cesk\u00e1 republika","article_published_time":"2025-08-01T14:00:20+00:00","og_image":[{"width":2560,"height":1707,"url":"https:\/\/d2p6e6u75xmxt8.cloudfront.net\/13\/2025\/08\/3C9A3024-scaled.webp","type":"image\/webp"}],"author":"radekmalina","twitter_card":"summary_large_image","twitter_misc":{"Written by":"We Love Cycling","Est. reading time":"6"},"schema":{"@context":"https:\/\/schema.org","@graph":[{"@type":"WebPage","@id":"https:\/\/www.welovecycling.com\/cs\/2025\/08\/01\/vitez-tour-de-france-ozdobi-horskou-letape-na-jihu-cech\/","url":"https:\/\/www.welovecycling.com\/cs\/2025\/08\/01\/vitez-tour-de-france-ozdobi-horskou-letape-na-jihu-cech\/","name":"V\u00edt\u011bz Tour de France ozdob\u00ed Horskou L'Etape na jihu \u010cech | \u0160koda We Love Cycling - \u010cesk\u00e1 republika","isPartOf":{"@id":"https:\/\/www.welovecycling.com\/cs\/#website"},"primaryImageOfPage":{"@id":"https:\/\/www.welovecycling.com\/cs\/2025\/08\/01\/vitez-tour-de-france-ozdobi-horskou-letape-na-jihu-cech\/#primaryimage"},"image":{"@id":"https:\/\/www.welovecycling.com\/cs\/2025\/08\/01\/vitez-tour-de-france-ozdobi-horskou-letape-na-jihu-cech\/#primaryimage"},"thumbnailUrl":"https:\/\/d2p6e6u75xmxt8.cloudfront.net\/13\/2025\/08\/3C9A3024-scaled.webp","datePublished":"2025-08-01T14:00:20+00:00","author":{"@id":"https:\/\/www.welovecycling.com\/cs\/#\/schema\/person\/d9eeb0a378f3a7e4a6d12d2b536b04b8"},"description":"V\u00edt\u011bz Tour de France 2010, nejv\u011bt\u0161\u00edho cyklistick\u00e9ho z\u00e1vodu planety, Andy Schleck bude hlavn\u00ed hv\u011bzdou historicky druh\u00e9 Horsk\u00e9 L'Etape Czech Republic, kter\u00e1 se jede s podporou m\u011bsta Prachatice a Jiho\u010desk\u00e9ho kraje 2. srpna. Lucembursk\u00fd cyklista se na jihu \u010cech p\u0159edstav\u00ed coby ambasador \u0160koda WeLoveCycling.","inLanguage":"cs","potentialAction":[{"@type":"ReadAction","target":["https:\/\/www.welovecycling.com\/cs\/2025\/08\/01\/vitez-tour-de-france-ozdobi-horskou-letape-na-jihu-cech\/"]}]},{"@type":"ImageObject","inLanguage":"cs","@id":"https:\/\/www.welovecycling.com\/cs\/2025\/08\/01\/vitez-tour-de-france-ozdobi-horskou-letape-na-jihu-cech\/#primaryimage","url":"https:\/\/d2p6e6u75xmxt8.cloudfront.net\/13\/2025\/08\/3C9A3024-scaled.webp","contentUrl":"https:\/\/d2p6e6u75xmxt8.cloudfront.net\/13\/2025\/08\/3C9A3024-scaled.webp","width":2560,"height":1707,"caption":"Andy Schleck bude hlavn\u00ed tv\u00e1\u0159\u00ed L'Etape"},{"@type":"WebSite","@id":"https:\/\/www.welovecycling.com\/cs\/#website","url":"https:\/\/www.welovecycling.com\/cs\/","name":"\u0160koda We Love Cycling - \u010cesk\u00e1 republika","description":"WeLoveCycling.cz je online magaz\u00edn, kter\u00fd v\u00e1m pravideln\u011b p\u0159in\u00e1\u0161\u00ed rady a tipy, zaj\u00edmav\u00e9 \u010dl\u00e1nky, videa a jedine\u010dn\u00e9 report\u00e1\u017ee ze sv\u011bta cyklistiky.","potentialAction":[{"@type":"SearchAction","target":{"@type":"EntryPoint","urlTemplate":"https:\/\/www.welovecycling.com\/cs\/?s={search_term_string}"},"query-input":{"@type":"PropertyValueSpecification","valueRequired":true,"valueName":"search_term_string"}}],"inLanguage":"cs"},{"@type":"Person","@id":"https:\/\/www.welovecycling.com\/cs\/#\/schema\/person\/d9eeb0a378f3a7e4a6d12d2b536b04b8","name":"radekmalina","image":{"@type":"ImageObject","inLanguage":"cs","@id":"https:\/\/www.welovecycling.com\/cs\/#\/schema\/person\/image\/","url":"https:\/\/secure.gravatar.com\/avatar\/66994b632cb8c39a46b9f54afa3ae07201b678d32a54275b6f1c9ffec356bfc0?s=96&d=mm&r=g","contentUrl":"https:\/\/secure.gravatar.com\/avatar\/66994b632cb8c39a46b9f54afa3ae07201b678d32a54275b6f1c9ffec356bfc0?s=96&d=mm&r=g","caption":"radekmalina"},"url":"https:\/\/www.welovecycling.com\/cs\/author\/radekmalina\/"}]}},"_links":{"self":[{"href":"https:\/\/www.welovecycling.com\/cs\/wp-json\/wp\/v2\/posts\/30390","targetHints":{"allow":["GET"]}}],"collection":[{"href":"https:\/\/www.welovecycling.com\/cs\/wp-json\/wp\/v2\/posts"}],"about":[{"href":"https:\/\/www.welovecycling.com\/cs\/wp-json\/wp\/v2\/types\/post"}],"author":[{"embeddable":true,"href":"https:\/\/www.welovecycling.com\/cs\/wp-json\/wp\/v2\/users\/138"}],"replies":[{"embeddable":true,"href":"https:\/\/www.welovecycling.com\/cs\/wp-json\/wp\/v2\/comments?post=30390"}],"version-history":[{"count":4,"href":"https:\/\/www.welovecycling.com\/cs\/wp-json\/wp\/v2\/posts\/30390\/revisions"}],"predecessor-version":[{"id":30409,"href":"https:\/\/www.welovecycling.com\/cs\/wp-json\/wp\/v2\/posts\/30390\/revisions\/30409"}],"wp:featuredmedia":[{"embeddable":true,"href":"https:\/\/www.welovecycling.com\/cs\/wp-json\/wp\/v2\/media\/30394"}],"wp:attachment":[{"href":"https:\/\/www.welovecycling.com\/cs\/wp-json\/wp\/v2\/media?parent=30390"}],"wp:term":[{"taxonomy":"category","embeddable":true,"href":"https:\/\/www.welovecycling.com\/cs\/wp-json\/wp\/v2\/categories?post=30390"},{"taxonomy":"post_tag","embeddable":true,"href":"https:\/\/www.welovecycling.com\/cs\/wp-json\/wp\/v2\/tags?post=30390"},{"taxonomy":"global-categories","embeddable":true,"href":"https:\/\/www.welovecycling.com\/cs\/wp-json\/wp\/v2\/global-categories?post=30390"}],"curies":[{"name":"wp","href":"https:\/\/api.w.org\/{rel}","templated":true}]}}