{"id":30384,"date":"2025-07-31T16:00:54","date_gmt":"2025-07-31T14:00:54","guid":{"rendered":"https:\/\/www.welovecycling.com\/cs\/?p=30384"},"modified":"2025-07-31T14:36:21","modified_gmt":"2025-07-31T12:36:21","slug":"sampionem-tour-ale-bez-financni-odmeny","status":"publish","type":"post","link":"https:\/\/www.welovecycling.com\/cs\/2025\/07\/31\/sampionem-tour-ale-bez-financni-odmeny\/","title":{"rendered":"\u0160ampionem Tour, ale bez finan\u010dn\u00ed odm\u011bny"},"content":{"rendered":"<p><strong>Skvostn\u00e1 bilance z nejv\u011bt\u0161\u00edch z\u00e1vod\u016f zdob\u00ed jeho \u017eivotopis. Vyhr\u00e1l Tour de France, dvakr\u00e1t byl druh\u00fd, st\u0159\u00edbrnou p\u0159\u00ed\u010dku bral i na italsk\u00e9m Giru. Navrch triumf z nejstar\u0161\u00edho Monumentu Lutych-Bastogne-Lutych. P\u0159itom u\u017e v dev\u011btadvaceti letech musel Andy Schleck ukon\u010dit kari\u00e9ru. Zran\u011bn\u00ed kolena nedovolilo pokra\u010dov\u00e1n\u00ed cyklistick\u00e9 kari\u00e9ry na nejvy\u0161\u0161\u00ed \u00farovni. Lucembursk\u00fd sympa\u0165\u00e1k v\u0161ak nezaho\u0159kl. V rodn\u00e9 zemi provozuje obchody specializuj\u00edc\u00ed se na prodej kol, m\u00e1 dv\u011b cyklo kav\u00e1rny, je \u0159editelem z\u00e1vodu Kolem Lucemburska a cyklistick\u00fdm ambasadorem \u0160koda Auto. A p\u0159\u00edle\u017eitostn\u011b se p\u0159edstav\u00ed na amat\u00e9rsk\u00fdch z\u00e1vodech. T\u0159eba jako v \u010cesku, kde pojede prvn\u00ed srpnovou sobotu Horskou L\u2019Etape Czech Republic by Tour de France 2025.<\/strong><\/p>\n<p>&#8222;Byl jsem v \u010cesku p\u0159ed t\u0159emi lety sou\u010d\u00e1st\u00ed Kopcovit\u00e9 etapy. \u0160lo o jedine\u010dn\u00fd z\u00e1\u017eitek i pro m\u011b, kluka se zku\u0161enostmi z nejv\u011bt\u0161\u00edch z\u00e1vod\u016f. Fascinovalo m\u011b mno\u017estv\u00ed lid\u00ed, kte\u0159\u00ed se se\u0161li pod\u00e9l silnice a fandili cyklist\u016fm, kte\u0159\u00ed p\u0159itom nebyli profesion\u00e1ly. Atmosf\u00e9ra byla neuv\u011b\u0159iteln\u00e1,&#8220; vzpom\u00edn\u00e1 Andy Schleck na \u00fa\u010dast v druh\u00e9m ro\u010dn\u00edku nejv\u011bt\u0161\u00edho tuzemsk\u00e9ho z\u00e1vodu pro amat\u00e9rsk\u00e9 cyklisty.<\/p>\n<p>Kdy\u017e jej organiz\u00e1to\u0159i oslovili s nab\u00eddkou \u00fa\u010dasti na Horsk\u00e9 etap\u011b, kter\u00e1 se jede 2. srpna v Prachatic\u00edch, dlouho se nerozm\u00fd\u0161lel. &#8222;I kdy\u017e moje kondice u\u017e nen\u00ed co b\u00fdvala a kopce mi nep\u0159ijdou z\u00e1bavn\u00e9 jako d\u0159\u00edve,&#8220; p\u0159izn\u00e1v\u00e1 s \u00fasm\u011bvem borec, kter\u00fd ode\u0161el do sportovn\u00edho d\u016fchodu p\u0159ed jeden\u00e1cti lety. Jeho posledn\u00edm profesion\u00e1ln\u00edm vystoupen\u00edm nav\u017edy z\u016fstane t\u0159et\u00ed d\u011bjstv\u00ed Tour de France 2014. P\u0159etrv\u00e1vaj\u00edc\u00ed probl\u00e9my s kolenem jej donutily ukon\u010dit kari\u00e9ru, kter\u00e1 mohla b\u00fdt jednou z nejz\u00e1\u0159iv\u011bj\u0161\u00edch v historii cyklistiky.<\/p>\n<p>&#8222;Konec kari\u00e9ry, to byl velk\u00fd \u0161ok. Jako profesion\u00e1l \u017eijete v extr\u00e9mech. Hl\u00edd\u00e1te j\u00eddlo, z\u00e1vod\u00edte, tr\u00e9nujete, sp\u00edte. Jedete na pln\u00fd plyn v z\u00e1vodn\u00edm m\u00f3du. M\u011bl jsem lidi, kte\u0159\u00ed za m\u011b \u0159e\u0161ili \u00fa\u010dty. Kdy\u017e jsem skon\u010dil, moje babi\u010dka um\u011bla platit \u00fa\u010dty online. J\u00e1 nikoliv. P\u0159iznat si, \u017ee je konec, bylo velmi t\u011b\u017ek\u00e9. N\u011bkolik m\u011bs\u00edc\u016f jsem s t\u00edm bojoval,&#8220; vypravuje Andy Schleck. &#8222;\u0160el jsem na ryby, vyven\u010dil psa. Ale to je fajn t\u00fdden nebo dva. Co potom? Musel jsem si naj\u00edt smysl \u017eivota.&#8220;<\/p>\n<h2><strong>Andy Schleck vyr\u016fstal v cyklistick\u00e9 kultu\u0159e<\/strong><\/h2>\n<p>V rodn\u00e9m Lucembursku si otev\u0159el cyklistick\u00e9 obchody. Zalo\u017eil cyklistickou \u0161kolu pro d\u011bti, je \u0161\u00e9fem z\u00e1vodu Kolem Lucemburska a organizuje social ride \u0160koda We Love Cycling v Itzigu, kde \u017eije. \u017de se cyklistika stane jeho osudem bylo dan\u00e9 d\u00e1vno p\u0159edem. V\u017edy\u0165 <strong>Andy Schleck poch\u00e1z\u00ed z cyklistick\u00e9 dynastie<\/strong>. D\u011bde\u010dek Gustav z\u00e1vodil ve t\u0159ic\u00e1t\u00fdch letech minul\u00e9ho stolen\u00ed. T\u00e1ta <a href=\"https:\/\/www.procyclingstats.com\/rider\/johnny-schleck\"><strong>Johnny Schleck<\/strong><\/a> jel osmkr\u00e1t Tour de France a osmkr\u00e1t Vueltu, kde vyhr\u00e1l jednu etapu. Nejstar\u0161\u00ed bratr Steve se dal na politickou kari\u00e9ru, o p\u011bt let star\u0161\u00ed br\u00e1cha Frank se pustil rovn\u011b\u017e do cyklistiky.<\/p>\n<figure id=\"attachment_9812\" aria-describedby=\"caption-attachment-9812\" style=\"width: 1500px\" class=\"wp-caption alignnone\"><a href=\"https:\/\/d2p6e6u75xmxt8.cloudfront.net\/13\/2020\/09\/schleck.webp\"><img loading=\"lazy\" decoding=\"async\" class=\"size-full wp-image-9812\" src=\"https:\/\/d2p6e6u75xmxt8.cloudfront.net\/13\/2020\/09\/schleck.webp\" alt=\"Andy Schleck, v\u00edt\u011bz Tour de France 2010, je ambasadorem zna\u010dky \u0160koda.\" width=\"1500\" height=\"1000\" srcset=\"https:\/\/d2p6e6u75xmxt8.cloudfront.net\/13\/2020\/09\/schleck.webp 1500w, https:\/\/d2p6e6u75xmxt8.cloudfront.net\/13\/2020\/09\/schleck-300x200.webp 300w, https:\/\/d2p6e6u75xmxt8.cloudfront.net\/13\/2020\/09\/schleck-1024x683.webp 1024w, https:\/\/d2p6e6u75xmxt8.cloudfront.net\/13\/2020\/09\/schleck-768x512.webp 768w, https:\/\/d2p6e6u75xmxt8.cloudfront.net\/13\/2020\/09\/schleck-272x182.webp 272w\" sizes=\"auto, (max-width: 1500px) 100vw, 1500px\" \/><\/a><figcaption id=\"caption-attachment-9812\" class=\"wp-caption-text\"><em>Andy Schleck, v\u00edt\u011bz Tour de France 2010, je ambasadorem zna\u010dky \u0160koda.<\/em><\/figcaption><\/figure>\n<p>&#8222;Vyr\u016fstal jsem v cyklistick\u00e9 kultu\u0159e. Jako d\u011bti jsme po\u0159\u00e1d jezdili na Tour de France, proto\u017ee t\u00e1ta i po ukon\u010den\u00ed kari\u00e9ry pracoval v cyklistick\u00e9m pr\u016fmyslu. Bernard Hinault je p\u0159\u00edtel m\u00e9ho otce. T\u00e1ta mi \u010dasto vypr\u00e1v\u011bl, jak se zastavovali v kav\u00e1rn\u00e1ch p\u0159i tr\u00e9ninku, d\u00e1vali si v\u00edno nebo si v sedle kola zap\u00e1lili cigaretu,&#8220; popisuje b\u00fdval\u00fd z\u00e1vodn\u00edk t\u00fdm\u016f CSC, Saxo Bank, Leopard Trek, RadioShack a Trek Factory.<\/p>\n<h2><strong>Na Giru st\u0159\u00edbrn\u00fd, ale&#8230;<\/strong><\/h2>\n<p>Jeho kari\u00e9ra let\u011bla raketov\u011b ke hv\u011bzd\u00e1m. &#8222;Kdy\u017e jsem v osmn\u00e1cti letech za\u010d\u00ednal, vyd\u011bl\u00e1val jsem p\u011btadvacet tis\u00edc eur ro\u010dn\u011b. A \u0159\u00edkal jsem si, \u017ee jestli vydr\u017e\u00edm t\u0159eba deset let, bude to fajn,&#8220; p\u0159ibli\u017euje pozad\u00ed tehdej\u0161\u00ed doby v rozhovoru pro CyclistUK.<\/p>\n<p>V pouh\u00fdch jednadvaceti letech pro\u017eil skvostn\u00fd debut na italsk\u00e9m Giru. Dojel druh\u00fd, ovl\u00e1dl klasifikaci jezdc\u016f do p\u011btadvaceti let. <strong>Ital Danilo Di Luca<\/strong>, kter\u00fd vyhr\u00e1l r\u016f\u017eov\u00fd trikot, se pozd\u011bji p\u0159iznal k dopingu. Ale nikdy nebyl p\u0159isti\u017een v r\u00e1mci test\u016f. Tak\u017ee z\u016fstal v\u00edt\u011bzem, by\u0165 t\u00edm mor\u00e1ln\u00edm se m\u016f\u017ee c\u00edtit Andy Schleck. &#8222;\u010cetl jsem v jeho knize, co d\u011blal b\u011bhem z\u00e1vodu, aby vyhr\u00e1l. Ka\u017edou noc, ka\u017ed\u00fd ve\u010der. C\u00edt\u00edm se podveden,&#8220; p\u0159izn\u00e1v\u00e1 lucembursk\u00fd cyklista.<\/p>\n<div class=\"shortcode-ys-post-pinup\"><article class=\"loop-simple post-30221 post type-post status-publish format-standard has-post-thumbnail hentry category-tour-de-france tag-cyklistika tag-jasper-philipsen tag-nehody-na-tour tag-pady tag-silnicni-cyklistika tag-tadej-pogacar tag-tour tag-tour-de-france tag-tour-de-france-2025 tag-zlomeniny global-categories-cycling\" data-postid=\"30221\" role=\"article\" data-post-id=\"30221\" data-word-count=\"645\" data-headline-length=\"80\" data-category=\"Tour de France\" data-global-category=\"Cycling\" data-author=\"We Love Cycling\" data-published=\"2025-07-25T06:00:27+02:00\" data-published-day=\"Friday\">\n    <div class=\"entry-thumbnail article-thumbnail\" content=\"https:\/\/d2p6e6u75xmxt8.cloudfront.net\/13\/2025\/07\/profimedia-1019316170-150x150.webp\"><a href=\"https:\/\/www.welovecycling.com\/cs\/2025\/07\/25\/zlomena-zebra-crcici-krev-vykloubene-rameno-tour-je-plna-bolesti\/\" class=\"image-holder\" target=\"_self\"><img decoding=\"async\" loading=\"lazy\" class=\"\" src=\"https:\/\/d2p6e6u75xmxt8.cloudfront.net\/13\/2025\/07\/profimedia-1019316170-1024x683.webp\" srcset=\"https:\/\/d2p6e6u75xmxt8.cloudfront.net\/13\/2025\/07\/profimedia-1019316170.webp 1800w, https:\/\/d2p6e6u75xmxt8.cloudfront.net\/13\/2025\/07\/profimedia-1019316170-300x200.webp 300w, https:\/\/d2p6e6u75xmxt8.cloudfront.net\/13\/2025\/07\/profimedia-1019316170-1024x683.webp 1024w, https:\/\/d2p6e6u75xmxt8.cloudfront.net\/13\/2025\/07\/profimedia-1019316170-768x512.webp 768w, https:\/\/d2p6e6u75xmxt8.cloudfront.net\/13\/2025\/07\/profimedia-1019316170-1536x1024.webp 1536w, https:\/\/d2p6e6u75xmxt8.cloudfront.net\/13\/2025\/07\/profimedia-1019316170-400x267.webp 400w, https:\/\/d2p6e6u75xmxt8.cloudfront.net\/13\/2025\/07\/profimedia-1019316170-272x182.webp 272w\" width=\"1024\" height=\"683\" sizes=\"auto, (min-width: 1200px) 300px, (min-width: 768px) 25vw, 100vw\" alt=\"zlomena-zebra-crcici-krev-vykloubene-rameno-tour-je-plna-bolesti\"\/><\/a><\/div>    <div class=\"entry-meta\">\n        <a class=\"label label-secondary post-category\" href=\"https:\/\/www.welovecycling.com\/cs\/category\/tour-de-france\/\" title=\"Tour de France\">Tour de France<\/a>\n    <\/div>\n    <div class=\"entry-details\">\n        <a href=\"https:\/\/www.welovecycling.com\/cs\/2025\/07\/25\/zlomena-zebra-crcici-krev-vykloubene-rameno-tour-je-plna-bolesti\/\" class='entry-title-wrapper'>\n            <h3 class=\"entry-title\"><span>Zlomen\u00e1 \u017eebra, cr\u010d\u00edc\u00ed krev, vyklouben\u00e9 rameno&#8230; Tour je pln\u00e1 bolesti<\/span><\/h3>\n        <\/a>\n    <\/div>\n    <\/article>\n<\/div>\n<p>Na Giro u\u017e se nikdy nevr\u00e1til. Hlavn\u011b proto, \u017ee jeho osudem se stala Tour de France. U\u017e o rok pozd\u011bji skon\u010dil jeden\u00e1ct\u00fd v celkov\u00e9m po\u0159ad\u00ed a ovl\u00e1dl bitvu o b\u00edl\u00fd trikot, kter\u00fd tehdy sponzorovala \u0160koda Auto. &#8222;Prvn\u00ed Tour pro m\u011b byla \u0161okem. Ne\u0161lo ani tak o fyzick\u00e9 n\u00e1roky. Giro je profilov\u011b podobn\u00e9. Ale stres z Tour je brut\u00e1ln\u00ed. P\u0159i Giru jsme si d\u00e1vali v bal\u00edku b\u011bhem n\u011bkter\u00fdch etap nanuky. Na Tour se od kilometru nula z\u00e1vod\u00ed. Intenzita je obrovsk\u00e1. Tot\u00e1ln\u00ed nasazen\u00ed.&#8220;<\/p>\n<h2><strong>Dv\u011b kontroverze b\u011bhem jedin\u00e9 Tour<\/strong><\/h2>\n<p>V l\u00e9t\u011b 2009 vybojoval na francouzsk\u00fdch silnic\u00edch druhou p\u0159\u00ed\u010dku, kdy\u017e se dok\u00e1zal vkl\u00ednit mezi v\u00edt\u011bzn\u00e9ho Contadora a bronzov\u00e9ho Armstronga. Op\u011bt ovl\u00e1dl bitvu jezdc\u016f do p\u011btadvaceti let. Tehdy jel do Francie jako v\u00edt\u011bz nejstar\u0161\u00edho cyklistick\u00e9ho Monumentu <strong>Lutych-Bastogne-Lutych<\/strong>. &#8222;Na ja\u0159e jsem byl tak siln\u00fd, \u017ee jsem o v\u00edt\u011bzstv\u00ed v La Doyenne v\u016fbec nepochyboval. R\u00e1no jsem \u0159ekl bratrovi, \u017ee vyhraju. A tak se stalo,&#8220; sm\u011bje se. I proto si hodn\u011b v\u011b\u0159il na Tour, by\u0165 jednadvacet etap vy\u017eaduje jin\u00fd p\u0159\u00edstup ne\u017e z\u00e1vod na 261 kilometr\u016f.<\/p>\n<figure id=\"attachment_16363\" aria-describedby=\"caption-attachment-16363\" style=\"width: 1800px\" class=\"wp-caption alignnone\"><a href=\"https:\/\/d2p6e6u75xmxt8.cloudfront.net\/13\/2022\/03\/spadly-retez-profimedia-0077019692.webp\"><img loading=\"lazy\" decoding=\"async\" class=\"size-full wp-image-16363\" src=\"https:\/\/d2p6e6u75xmxt8.cloudfront.net\/13\/2022\/03\/spadly-retez-profimedia-0077019692.webp\" alt=\"Spadl\u00fd \u0159et\u011bz Andyho Schlecka (vpravo) a \u00fatok Alberta Contadora, kter\u00fd tvrdil, \u017ee nic nevid\u011bl. Foto: profimedia\" width=\"1800\" height=\"1681\" srcset=\"https:\/\/d2p6e6u75xmxt8.cloudfront.net\/13\/2022\/03\/spadly-retez-profimedia-0077019692.webp 1800w, https:\/\/d2p6e6u75xmxt8.cloudfront.net\/13\/2022\/03\/spadly-retez-profimedia-0077019692-300x280.webp 300w, https:\/\/d2p6e6u75xmxt8.cloudfront.net\/13\/2022\/03\/spadly-retez-profimedia-0077019692-1024x956.webp 1024w, https:\/\/d2p6e6u75xmxt8.cloudfront.net\/13\/2022\/03\/spadly-retez-profimedia-0077019692-768x717.webp 768w, https:\/\/d2p6e6u75xmxt8.cloudfront.net\/13\/2022\/03\/spadly-retez-profimedia-0077019692-1536x1434.webp 1536w\" sizes=\"auto, (max-width: 1800px) 100vw, 1800px\" \/><\/a><figcaption id=\"caption-attachment-16363\" class=\"wp-caption-text\"><em>Spadl\u00fd \u0159et\u011bz Andyho Schlecka (vpravo) a \u00fatok Alberta Contadora, kter\u00fd tvrdil, \u017ee nic nevid\u011bl. Foto: profimedia<\/em><\/figcaption><\/figure>\n<p>Po st\u0159\u00edbrn\u00e9m vystoupen\u00ed se vr\u00e1til o rok pozd\u011bji siln\u011bj\u0161\u00ed. Vyhr\u00e1l dv\u011b etapy, \u0161est dn\u016f vezl \u017elut\u00fd trikot&#8230; Kdy\u017e jej m\u011bl naposledy, spadl Schleckovi p\u0159i v\u00fdstupu do Bagneres de Luchon \u0159et\u011bz. <strong>Alberto Contador nectil pravidlo<\/strong>, \u017ee na mu\u017ee ve \u017elut\u00e9m se v p\u0159\u00edpad\u011b technick\u00e9ho probl\u00e9mu ne\u00fato\u010d\u00ed. Na lucembursk\u00e9ho sympa\u0165\u00e1ka najel 39 sekund. V Pa\u0159\u00ed\u017ei slavil triumf \u0160pan\u011bl o 39 sekund&#8230; Andy Schleck se musel spokojit s t\u0159et\u00edm triumfem z bitvy o b\u00edl\u00fd trikot \u0160koda Auto, co\u017e nikdo v historii nedok\u00e1zal. A s odstupem m\u011bs\u00edc\u016f slavil i celkov\u00e9 v\u00edt\u011bzstv\u00ed. Contador, kter\u00fd nevyhr\u00e1l p\u0159i Tour 2010 ani jednu etapu, m\u011bl pozitivn\u00ed test na clenbuterol. S obhajobou, \u017ee sn\u011bdl kontaminovan\u00e9 maso, neusp\u011bl. A tak se Andy Schleck do\u010dkal dodate\u010dn\u00e9 korunovace v\u00edt\u011bzem Tour de France.<\/p>\n<div class=\"shortcode-ys-post-pinup\"><article class=\"loop-simple post-30304 post type-post status-publish format-standard has-post-thumbnail hentry category-tour-de-france tag-cyklistika tag-florian-lipowitz tag-jonas-vingegaard tag-jonathan-milan tag-oscar-onley tag-silnicni-cyklistika tag-tadej-pogacar tag-tour-de-france tag-tour-de-france-2025 tag-uae-emirates-xrg tag-zdenek-stybar global-categories-cycling\" data-postid=\"30304\" role=\"article\" data-post-id=\"30304\" data-word-count=\"853\" data-headline-length=\"54\" data-category=\"Tour de France\" data-global-category=\"Cycling\" data-author=\"We Love Cycling\" data-published=\"2025-07-29T10:38:08+02:00\" data-published-day=\"Tuesday\">\n    <div class=\"entry-thumbnail article-thumbnail\" content=\"https:\/\/d2p6e6u75xmxt8.cloudfront.net\/13\/2024\/07\/1800-x-1200-velky-150x150.webp\"><a href=\"https:\/\/www.welovecycling.com\/cs\/2025\/07\/29\/otraveny-pogacar-mozna-ho-zastavil-vlastni-tym\/\" class=\"image-holder\" target=\"_self\"><img decoding=\"async\" loading=\"lazy\" class=\"\" src=\"https:\/\/d2p6e6u75xmxt8.cloudfront.net\/13\/2024\/07\/1800-x-1200-velky-1024x683.webp\" srcset=\"https:\/\/d2p6e6u75xmxt8.cloudfront.net\/13\/2024\/07\/1800-x-1200-velky.webp 1800w, https:\/\/d2p6e6u75xmxt8.cloudfront.net\/13\/2024\/07\/1800-x-1200-velky-300x200.webp 300w, https:\/\/d2p6e6u75xmxt8.cloudfront.net\/13\/2024\/07\/1800-x-1200-velky-1024x683.webp 1024w, https:\/\/d2p6e6u75xmxt8.cloudfront.net\/13\/2024\/07\/1800-x-1200-velky-768x512.webp 768w, https:\/\/d2p6e6u75xmxt8.cloudfront.net\/13\/2024\/07\/1800-x-1200-velky-1536x1024.webp 1536w, https:\/\/d2p6e6u75xmxt8.cloudfront.net\/13\/2024\/07\/1800-x-1200-velky-400x267.webp 400w, https:\/\/d2p6e6u75xmxt8.cloudfront.net\/13\/2024\/07\/1800-x-1200-velky-272x182.webp 272w\" width=\"1024\" height=\"683\" sizes=\"auto, (min-width: 1200px) 300px, (min-width: 768px) 25vw, 100vw\" alt=\"otraveny-pogacar-mozna-ho-zastavil-vlastni-tym\"\/><\/a><\/div>    <div class=\"entry-meta\">\n        <a class=\"label label-secondary post-category\" href=\"https:\/\/www.welovecycling.com\/cs\/category\/tour-de-france\/\" title=\"Tour de France\">Tour de France<\/a>\n    <\/div>\n    <div class=\"entry-details\">\n        <a href=\"https:\/\/www.welovecycling.com\/cs\/2025\/07\/29\/otraveny-pogacar-mozna-ho-zastavil-vlastni-tym\/\" class='entry-title-wrapper'>\n            <h3 class=\"entry-title\"><span>Otr\u00e1ven\u00fd Poga\u010dar? Mo\u017en\u00e1 ho zastavil vlastn\u00ed t\u00fdm<\/span><\/h3>\n        <\/a>\n    <\/div>\n    <\/article>\n<\/div>\n<p>&#8222;M\u011bl jsem v kontraktu, \u017ee dostanu bonus za v\u00edt\u011bzstv\u00ed. Jen\u017ee kdy\u017e jsem Tour ofici\u00e1ln\u011b vyhr\u00e1l, u\u017e jsem byl v jin\u00e9m t\u00fdmu, tak\u017ee jsem v\u00fdrazn\u011b tratil. A z prize money Tour de France 2010 jsem rovn\u011b\u017e \u010d\u00e1stku za v\u00edt\u011bzstv\u00ed nedostal. Z ekonomick\u00e9ho hlediska jsem byl podveden,&#8220; vypo\u010d\u00edt\u00e1v\u00e1, jak ho podvod rivala poznamenal.<\/p>\n<h2><strong>Po smrti kamar\u00e1da ve sjezdech ubral<\/strong><\/h2>\n<p>O rok pozd\u011bji znovu \u00fato\u010dil na v\u00edt\u011bzstv\u00ed. Ale v Pa\u0159\u00ed\u017ei st\u00e1l op\u011bt na druh\u00e9m nejvy\u0161\u0161\u00edm stupni. Tehdy ve sjezdu z Col de Manse do Gapu ztratil na dvan\u00e1cti kilometrech 69 sekund na Cadela Evanse. &#8222;Na ja\u0159e p\u0159i italsk\u00e9m Giru zahynul po p\u00e1du m\u016fj t\u00fdmov\u00fd kolega<strong> Wouter Weylandt<\/strong>. A pro m\u011b \u0161lo o ur\u010dit\u00e9 varov\u00e1n\u00ed. U\u017e jsem nikdy nejezdil v kles\u00e1n\u00ed jako d\u0159\u00edve. Ale nelituji. M\u00e1m dv\u011b d\u011bti. A kdybych znovu vyhr\u00e1l Tour, nebyl bych o nic \u0161\u0165astn\u011bj\u0161\u00ed,&#8220; m\u00e1 jasno Andy Schleck.<\/p>\n<figure id=\"attachment_17491\" aria-describedby=\"caption-attachment-17491\" style=\"width: 1920px\" class=\"wp-caption alignnone\"><a href=\"https:\/\/d2p6e6u75xmxt8.cloudfront.net\/13\/2022\/06\/l-etape-_93Q2353low-scaled.webp\"><img loading=\"lazy\" decoding=\"async\" class=\"size-extra-large wp-image-17491\" src=\"https:\/\/d2p6e6u75xmxt8.cloudfront.net\/13\/2022\/06\/l-etape-_93Q2353low-scaled-1920x1280.webp\" alt=\"Andy Schleck (vlevo) a Zden\u011bk \u0160tybar na startu dlouh\u00e9 trasy L'Etape 2022.\" width=\"1920\" height=\"1280\" srcset=\"https:\/\/d2p6e6u75xmxt8.cloudfront.net\/13\/2022\/06\/l-etape-_93Q2353low-scaled-1920x1280.webp 1920w, https:\/\/d2p6e6u75xmxt8.cloudfront.net\/13\/2022\/06\/l-etape-_93Q2353low-scaled-300x200.webp 300w, https:\/\/d2p6e6u75xmxt8.cloudfront.net\/13\/2022\/06\/l-etape-_93Q2353low-scaled-1024x683.webp 1024w, https:\/\/d2p6e6u75xmxt8.cloudfront.net\/13\/2022\/06\/l-etape-_93Q2353low-scaled-768x512.webp 768w, https:\/\/d2p6e6u75xmxt8.cloudfront.net\/13\/2022\/06\/l-etape-_93Q2353low-scaled-1536x1024.webp 1536w, https:\/\/d2p6e6u75xmxt8.cloudfront.net\/13\/2022\/06\/l-etape-_93Q2353low-scaled-2048x1366.webp 2048w, https:\/\/d2p6e6u75xmxt8.cloudfront.net\/13\/2022\/06\/l-etape-_93Q2353low-scaled-272x182.webp 272w, https:\/\/d2p6e6u75xmxt8.cloudfront.net\/13\/2022\/06\/l-etape-_93Q2353low-scaled-1920x1280.webp 1920w\" sizes=\"auto, (max-width: 1920px) 100vw, 1920px\" \/><\/a><figcaption id=\"caption-attachment-17491\" class=\"wp-caption-text\"><em>Andy Schleck (vlevo) a Zden\u011bk \u0160tybar na startu dlouh\u00e9 trasy L&#8217;Etape 2022.<\/em><\/figcaption><\/figure>\n<p>N\u00e1plast\u00ed pro n\u011bj byla skute\u010dnost, \u017ee v Pa\u0159\u00ed\u017ei st\u00e1l na stupn\u00edch v\u00edt\u011bz\u016f po boku bratra Franka, kter\u00fd coby t\u00fdmov\u00fd kolega dokon\u010dil Tour na t\u0159et\u00ed p\u0159\u00ed\u010dce. &#8222;Nikdy jsem neplakal p\u0159i sv\u00e9m v\u00edt\u011bzstv\u00ed, v p\u0159\u00edpad\u011b vlastn\u00edho p\u00e1du. Kdy\u017e vyhr\u00e1l Frank, nebo m\u011bl karambol, plakal jsem poka\u017ed\u00e9. A v pelotonu si po\u0159\u00e1d \u0159\u00edkal, kde je. Po\u0159\u00e1d jsem se o n\u011bj b\u00e1l. Poj\u00ed n\u00e1s velmi siln\u00e9 pouto,&#8220; p\u0159ipou\u0161t\u00ed Andy Schleck.<\/p>\n<div class=\"shortcode-ys-post-pinup\"><article class=\"loop-simple post-30292 post type-post status-publish format-standard has-post-thumbnail hentry category-tour-de-france tag-bodovaci-soutez tag-cyklistika tag-jonathan-milan tag-silnicni-cyklistika tag-tour-de-france tag-tour-de-france-2025 tag-zeleny-dres global-categories-cycling\" data-postid=\"30292\" role=\"article\" data-post-id=\"30292\" data-word-count=\"674\" data-headline-length=\"68\" data-category=\"Tour de France\" data-global-category=\"Cycling\" data-author=\"Radek Malina\" data-published=\"2025-07-28T16:00:01+02:00\" data-published-day=\"Monday\">\n    <div class=\"entry-thumbnail article-thumbnail\" content=\"https:\/\/d2p6e6u75xmxt8.cloudfront.net\/13\/2025\/07\/20250719TDF6006-150x150.webp\"><a href=\"https:\/\/www.welovecycling.com\/cs\/2025\/07\/28\/na-kolo-zapomen-ac-byla-mama-proti-je-z-nej-kral-tour\/\" class=\"image-holder\" target=\"_self\"><img decoding=\"async\" loading=\"lazy\" class=\"\" src=\"https:\/\/d2p6e6u75xmxt8.cloudfront.net\/13\/2025\/07\/20250719TDF6006-1024x683.webp\" srcset=\"https:\/\/d2p6e6u75xmxt8.cloudfront.net\/13\/2025\/07\/20250719TDF6006-scaled.webp 2560w, https:\/\/d2p6e6u75xmxt8.cloudfront.net\/13\/2025\/07\/20250719TDF6006-300x200.webp 300w, https:\/\/d2p6e6u75xmxt8.cloudfront.net\/13\/2025\/07\/20250719TDF6006-1024x683.webp 1024w, https:\/\/d2p6e6u75xmxt8.cloudfront.net\/13\/2025\/07\/20250719TDF6006-768x512.webp 768w, https:\/\/d2p6e6u75xmxt8.cloudfront.net\/13\/2025\/07\/20250719TDF6006-1536x1024.webp 1536w, https:\/\/d2p6e6u75xmxt8.cloudfront.net\/13\/2025\/07\/20250719TDF6006-2048x1365.webp 2048w, https:\/\/d2p6e6u75xmxt8.cloudfront.net\/13\/2025\/07\/20250719TDF6006-1920x1280.webp 1920w, https:\/\/d2p6e6u75xmxt8.cloudfront.net\/13\/2025\/07\/20250719TDF6006-400x267.webp 400w, https:\/\/d2p6e6u75xmxt8.cloudfront.net\/13\/2025\/07\/20250719TDF6006-272x182.webp 272w, https:\/\/d2p6e6u75xmxt8.cloudfront.net\/13\/2025\/07\/20250719TDF6006-1920x1280.webp 1920w\" width=\"1024\" height=\"683\" sizes=\"auto, (min-width: 1200px) 300px, (min-width: 768px) 25vw, 100vw\" alt=\"na-kolo-zapomen-ac-byla-mama-proti-je-z-nej-kral-tour\"\/><\/a><\/div>    <div class=\"entry-meta\">\n        <a class=\"label label-secondary post-category\" href=\"https:\/\/www.welovecycling.com\/cs\/category\/tour-de-france\/\" title=\"Tour de France\">Tour de France<\/a>\n    <\/div>\n    <div class=\"entry-details\">\n        <a href=\"https:\/\/www.welovecycling.com\/cs\/2025\/07\/28\/na-kolo-zapomen-ac-byla-mama-proti-je-z-nej-kral-tour\/\" class='entry-title-wrapper'>\n            <h3 class=\"entry-title\"><span>Na kolo zapome\u0148! A\u010d byla m\u00e1ma proti, je z n\u011bj zelen\u00fd kr\u00e1l Tour<\/span><\/h3>\n        <\/a>\n    <\/div>\n    <\/article>\n<\/div>\n<p>V\u0161ak tak\u00e9 na leto\u0161n\u00ed Tour de France fungovali v r\u00e1mci t\u00fdmu \u0160koda We Love Cycling jako ambasado\u0159i zna\u010dky. Existovala i varianta spole\u010dn\u00e9ho z\u00e1vodn\u00edho p\u0159edstaven\u00ed v Prachatic\u00edch na Horsk\u00e9 <strong>L\u2019Etape Czech Republic by Tour de France 2025<\/strong>, ale Frank byl pracovn\u011b zanepr\u00e1zdn\u011bn\u00fd. A tak si z\u00e1vod\u011bn\u00ed na jihu \u010cech u\u017eije jen <a href=\"https:\/\/www.welovecycling.com\/cs\/2022\/06\/08\/wlc-podcast-andy-schleck-cyklistika-je-moje-vasen-a-nabozenstvi\/\">Andy Schleck<\/a>.<\/p>\n","protected":false},"excerpt":{"rendered":"<p>Skvostn\u00e1 bilance z nejv\u011bt\u0161\u00edch z\u00e1vod\u016f zdob\u00ed jeho \u017eivotopis. Vyhr\u00e1l Tour de France, dvakr\u00e1t byl druh\u00fd, st\u0159\u00edbrnou p\u0159\u00ed\u010dku bral i na [&hellip;]<\/p>\n","protected":false},"author":138,"featured_media":27018,"comment_status":"open","ping_status":"open","sticky":false,"template":"","format":"standard","meta":{"footnotes":""},"categories":[1564],"tags":[320,126,3622,3811,3812,9,23,1144],"global-categories":[411],"class_list":["post-30384","post","type-post","status-publish","format-standard","has-post-thumbnail","hentry","category-letape-czech-republic","tag-andy-schleck","tag-cyklistika","tag-frank-schleck","tag-horska-letape","tag-prachatice","tag-silnicni-cyklistika","tag-tour-de-france","tag-tour-de-france-2010","global-categories-cycling"],"yoast_head":"<!-- This site is optimized with the Yoast SEO Premium plugin v25.3 (Yoast SEO v25.9) - https:\/\/yoast.com\/wordpress\/plugins\/seo\/ -->\n<title>\u0160ampionem Tour, ale bez finan\u010dn\u00ed odm\u011bny | \u0160koda We Love Cycling - \u010cesk\u00e1 republika<\/title>\n<meta name=\"description\" content=\"Andy Schleck ukon\u010dil u\u017e ve 29 letech kari\u00e9ru. P\u0159esto stihl vyhr\u00e1t Tour de France, dvakr\u00e1t byl druh\u00fd. A te\u010f bude z\u00e1vodit v Prachatic\u00edch.\" \/>\n<meta name=\"robots\" content=\"index, follow, max-snippet:-1, max-image-preview:large, max-video-preview:-1\" \/>\n<link rel=\"canonical\" href=\"https:\/\/www.welovecycling.com\/cs\/2025\/07\/31\/sampionem-tour-ale-bez-financni-odmeny\/\" \/>\n<meta property=\"og:locale\" content=\"cs_CZ\" \/>\n<meta property=\"og:type\" content=\"article\" \/>\n<meta property=\"og:title\" content=\"\u0160ampionem Tour, ale bez finan\u010dn\u00ed odm\u011bny\" \/>\n<meta property=\"og:description\" content=\"Andy Schleck ukon\u010dil u\u017e ve 29 letech kari\u00e9ru. P\u0159esto stihl vyhr\u00e1t Tour de France, dvakr\u00e1t byl druh\u00fd. A te\u010f bude z\u00e1vodit v Prachatic\u00edch.\" \/>\n<meta property=\"og:url\" content=\"https:\/\/www.welovecycling.com\/cs\/2025\/07\/31\/sampionem-tour-ale-bez-financni-odmeny\/\" \/>\n<meta property=\"og:site_name\" content=\"\u0160koda We Love Cycling - \u010cesk\u00e1 republika\" \/>\n<meta property=\"article:published_time\" content=\"2025-07-31T14:00:54+00:00\" \/>\n<meta property=\"og:image\" content=\"https:\/\/d2p6e6u75xmxt8.cloudfront.net\/13\/2024\/08\/1864-SKODA-TDF-Femmes-2024-scaled.webp\" \/>\n\t<meta property=\"og:image:width\" content=\"2560\" \/>\n\t<meta property=\"og:image:height\" content=\"1707\" \/>\n\t<meta property=\"og:image:type\" content=\"image\/webp\" \/>\n<meta name=\"author\" content=\"radekmalina\" \/>\n<meta name=\"twitter:card\" content=\"summary_large_image\" \/>\n<meta name=\"twitter:label1\" content=\"Written by\" \/>\n\t<meta name=\"twitter:data1\" content=\"Radek Malina\" \/>\n\t<meta name=\"twitter:label2\" content=\"Est. reading time\" \/>\n\t<meta name=\"twitter:data2\" content=\"5\" \/>\n<script type=\"application\/ld+json\" class=\"yoast-schema-graph\">{\"@context\":\"https:\/\/schema.org\",\"@graph\":[{\"@type\":\"WebPage\",\"@id\":\"https:\/\/www.welovecycling.com\/cs\/2025\/07\/31\/sampionem-tour-ale-bez-financni-odmeny\/\",\"url\":\"https:\/\/www.welovecycling.com\/cs\/2025\/07\/31\/sampionem-tour-ale-bez-financni-odmeny\/\",\"name\":\"\u0160ampionem Tour, ale bez finan\u010dn\u00ed odm\u011bny | \u0160koda We Love Cycling - \u010cesk\u00e1 republika\",\"isPartOf\":{\"@id\":\"https:\/\/www.welovecycling.com\/cs\/#website\"},\"primaryImageOfPage\":{\"@id\":\"https:\/\/www.welovecycling.com\/cs\/2025\/07\/31\/sampionem-tour-ale-bez-financni-odmeny\/#primaryimage\"},\"image\":{\"@id\":\"https:\/\/www.welovecycling.com\/cs\/2025\/07\/31\/sampionem-tour-ale-bez-financni-odmeny\/#primaryimage\"},\"thumbnailUrl\":\"https:\/\/d2p6e6u75xmxt8.cloudfront.net\/13\/2024\/08\/1864-SKODA-TDF-Femmes-2024-scaled.webp\",\"datePublished\":\"2025-07-31T14:00:54+00:00\",\"author\":{\"@id\":\"https:\/\/www.welovecycling.com\/cs\/#\/schema\/person\/d9eeb0a378f3a7e4a6d12d2b536b04b8\"},\"description\":\"Andy Schleck ukon\u010dil u\u017e ve 29 letech kari\u00e9ru. P\u0159esto stihl vyhr\u00e1t Tour de France, dvakr\u00e1t byl druh\u00fd. A te\u010f bude z\u00e1vodit v Prachatic\u00edch.\",\"inLanguage\":\"cs\",\"potentialAction\":[{\"@type\":\"ReadAction\",\"target\":[\"https:\/\/www.welovecycling.com\/cs\/2025\/07\/31\/sampionem-tour-ale-bez-financni-odmeny\/\"]}]},{\"@type\":\"ImageObject\",\"inLanguage\":\"cs\",\"@id\":\"https:\/\/www.welovecycling.com\/cs\/2025\/07\/31\/sampionem-tour-ale-bez-financni-odmeny\/#primaryimage\",\"url\":\"https:\/\/d2p6e6u75xmxt8.cloudfront.net\/13\/2024\/08\/1864-SKODA-TDF-Femmes-2024-scaled.webp\",\"contentUrl\":\"https:\/\/d2p6e6u75xmxt8.cloudfront.net\/13\/2024\/08\/1864-SKODA-TDF-Femmes-2024-scaled.webp\",\"width\":2560,\"height\":1707,\"caption\":\"Andy Schleck\"},{\"@type\":\"WebSite\",\"@id\":\"https:\/\/www.welovecycling.com\/cs\/#website\",\"url\":\"https:\/\/www.welovecycling.com\/cs\/\",\"name\":\"\u0160koda We Love Cycling - \u010cesk\u00e1 republika\",\"description\":\"WeLoveCycling.cz je online magaz\u00edn, kter\u00fd v\u00e1m pravideln\u011b p\u0159in\u00e1\u0161\u00ed rady a tipy, zaj\u00edmav\u00e9 \u010dl\u00e1nky, videa a jedine\u010dn\u00e9 report\u00e1\u017ee ze sv\u011bta cyklistiky.\",\"potentialAction\":[{\"@type\":\"SearchAction\",\"target\":{\"@type\":\"EntryPoint\",\"urlTemplate\":\"https:\/\/www.welovecycling.com\/cs\/?s={search_term_string}\"},\"query-input\":{\"@type\":\"PropertyValueSpecification\",\"valueRequired\":true,\"valueName\":\"search_term_string\"}}],\"inLanguage\":\"cs\"},{\"@type\":\"Person\",\"@id\":\"https:\/\/www.welovecycling.com\/cs\/#\/schema\/person\/d9eeb0a378f3a7e4a6d12d2b536b04b8\",\"name\":\"radekmalina\",\"image\":{\"@type\":\"ImageObject\",\"inLanguage\":\"cs\",\"@id\":\"https:\/\/www.welovecycling.com\/cs\/#\/schema\/person\/image\/\",\"url\":\"https:\/\/secure.gravatar.com\/avatar\/66994b632cb8c39a46b9f54afa3ae07201b678d32a54275b6f1c9ffec356bfc0?s=96&d=mm&r=g\",\"contentUrl\":\"https:\/\/secure.gravatar.com\/avatar\/66994b632cb8c39a46b9f54afa3ae07201b678d32a54275b6f1c9ffec356bfc0?s=96&d=mm&r=g\",\"caption\":\"radekmalina\"},\"url\":\"https:\/\/www.welovecycling.com\/cs\/author\/radekmalina\/\"}]}<\/script>\n<!-- \/ Yoast SEO Premium plugin. -->","yoast_head_json":{"title":"\u0160ampionem Tour, ale bez finan\u010dn\u00ed odm\u011bny | \u0160koda We Love Cycling - \u010cesk\u00e1 republika","description":"Andy Schleck ukon\u010dil u\u017e ve 29 letech kari\u00e9ru. P\u0159esto stihl vyhr\u00e1t Tour de France, dvakr\u00e1t byl druh\u00fd. A te\u010f bude z\u00e1vodit v Prachatic\u00edch.","robots":{"index":"index","follow":"follow","max-snippet":"max-snippet:-1","max-image-preview":"max-image-preview:large","max-video-preview":"max-video-preview:-1"},"canonical":"https:\/\/www.welovecycling.com\/cs\/2025\/07\/31\/sampionem-tour-ale-bez-financni-odmeny\/","og_locale":"cs_CZ","og_type":"article","og_title":"\u0160ampionem Tour, ale bez finan\u010dn\u00ed odm\u011bny","og_description":"Andy Schleck ukon\u010dil u\u017e ve 29 letech kari\u00e9ru. P\u0159esto stihl vyhr\u00e1t Tour de France, dvakr\u00e1t byl druh\u00fd. A te\u010f bude z\u00e1vodit v Prachatic\u00edch.","og_url":"https:\/\/www.welovecycling.com\/cs\/2025\/07\/31\/sampionem-tour-ale-bez-financni-odmeny\/","og_site_name":"\u0160koda We Love Cycling - \u010cesk\u00e1 republika","article_published_time":"2025-07-31T14:00:54+00:00","og_image":[{"width":2560,"height":1707,"url":"https:\/\/d2p6e6u75xmxt8.cloudfront.net\/13\/2024\/08\/1864-SKODA-TDF-Femmes-2024-scaled.webp","type":"image\/webp"}],"author":"radekmalina","twitter_card":"summary_large_image","twitter_misc":{"Written by":"Radek Malina","Est. reading time":"5"},"schema":{"@context":"https:\/\/schema.org","@graph":[{"@type":"WebPage","@id":"https:\/\/www.welovecycling.com\/cs\/2025\/07\/31\/sampionem-tour-ale-bez-financni-odmeny\/","url":"https:\/\/www.welovecycling.com\/cs\/2025\/07\/31\/sampionem-tour-ale-bez-financni-odmeny\/","name":"\u0160ampionem Tour, ale bez finan\u010dn\u00ed odm\u011bny | \u0160koda We Love Cycling - \u010cesk\u00e1 republika","isPartOf":{"@id":"https:\/\/www.welovecycling.com\/cs\/#website"},"primaryImageOfPage":{"@id":"https:\/\/www.welovecycling.com\/cs\/2025\/07\/31\/sampionem-tour-ale-bez-financni-odmeny\/#primaryimage"},"image":{"@id":"https:\/\/www.welovecycling.com\/cs\/2025\/07\/31\/sampionem-tour-ale-bez-financni-odmeny\/#primaryimage"},"thumbnailUrl":"https:\/\/d2p6e6u75xmxt8.cloudfront.net\/13\/2024\/08\/1864-SKODA-TDF-Femmes-2024-scaled.webp","datePublished":"2025-07-31T14:00:54+00:00","author":{"@id":"https:\/\/www.welovecycling.com\/cs\/#\/schema\/person\/d9eeb0a378f3a7e4a6d12d2b536b04b8"},"description":"Andy Schleck ukon\u010dil u\u017e ve 29 letech kari\u00e9ru. P\u0159esto stihl vyhr\u00e1t Tour de France, dvakr\u00e1t byl druh\u00fd. A te\u010f bude z\u00e1vodit v Prachatic\u00edch.","inLanguage":"cs","potentialAction":[{"@type":"ReadAction","target":["https:\/\/www.welovecycling.com\/cs\/2025\/07\/31\/sampionem-tour-ale-bez-financni-odmeny\/"]}]},{"@type":"ImageObject","inLanguage":"cs","@id":"https:\/\/www.welovecycling.com\/cs\/2025\/07\/31\/sampionem-tour-ale-bez-financni-odmeny\/#primaryimage","url":"https:\/\/d2p6e6u75xmxt8.cloudfront.net\/13\/2024\/08\/1864-SKODA-TDF-Femmes-2024-scaled.webp","contentUrl":"https:\/\/d2p6e6u75xmxt8.cloudfront.net\/13\/2024\/08\/1864-SKODA-TDF-Femmes-2024-scaled.webp","width":2560,"height":1707,"caption":"Andy Schleck"},{"@type":"WebSite","@id":"https:\/\/www.welovecycling.com\/cs\/#website","url":"https:\/\/www.welovecycling.com\/cs\/","name":"\u0160koda We Love Cycling - \u010cesk\u00e1 republika","description":"WeLoveCycling.cz je online magaz\u00edn, kter\u00fd v\u00e1m pravideln\u011b p\u0159in\u00e1\u0161\u00ed rady a tipy, zaj\u00edmav\u00e9 \u010dl\u00e1nky, videa a jedine\u010dn\u00e9 report\u00e1\u017ee ze sv\u011bta cyklistiky.","potentialAction":[{"@type":"SearchAction","target":{"@type":"EntryPoint","urlTemplate":"https:\/\/www.welovecycling.com\/cs\/?s={search_term_string}"},"query-input":{"@type":"PropertyValueSpecification","valueRequired":true,"valueName":"search_term_string"}}],"inLanguage":"cs"},{"@type":"Person","@id":"https:\/\/www.welovecycling.com\/cs\/#\/schema\/person\/d9eeb0a378f3a7e4a6d12d2b536b04b8","name":"radekmalina","image":{"@type":"ImageObject","inLanguage":"cs","@id":"https:\/\/www.welovecycling.com\/cs\/#\/schema\/person\/image\/","url":"https:\/\/secure.gravatar.com\/avatar\/66994b632cb8c39a46b9f54afa3ae07201b678d32a54275b6f1c9ffec356bfc0?s=96&d=mm&r=g","contentUrl":"https:\/\/secure.gravatar.com\/avatar\/66994b632cb8c39a46b9f54afa3ae07201b678d32a54275b6f1c9ffec356bfc0?s=96&d=mm&r=g","caption":"radekmalina"},"url":"https:\/\/www.welovecycling.com\/cs\/author\/radekmalina\/"}]}},"_links":{"self":[{"href":"https:\/\/www.welovecycling.com\/cs\/wp-json\/wp\/v2\/posts\/30384","targetHints":{"allow":["GET"]}}],"collection":[{"href":"https:\/\/www.welovecycling.com\/cs\/wp-json\/wp\/v2\/posts"}],"about":[{"href":"https:\/\/www.welovecycling.com\/cs\/wp-json\/wp\/v2\/types\/post"}],"author":[{"embeddable":true,"href":"https:\/\/www.welovecycling.com\/cs\/wp-json\/wp\/v2\/users\/138"}],"replies":[{"embeddable":true,"href":"https:\/\/www.welovecycling.com\/cs\/wp-json\/wp\/v2\/comments?post=30384"}],"version-history":[{"count":4,"href":"https:\/\/www.welovecycling.com\/cs\/wp-json\/wp\/v2\/posts\/30384\/revisions"}],"predecessor-version":[{"id":30389,"href":"https:\/\/www.welovecycling.com\/cs\/wp-json\/wp\/v2\/posts\/30384\/revisions\/30389"}],"wp:featuredmedia":[{"embeddable":true,"href":"https:\/\/www.welovecycling.com\/cs\/wp-json\/wp\/v2\/media\/27018"}],"wp:attachment":[{"href":"https:\/\/www.welovecycling.com\/cs\/wp-json\/wp\/v2\/media?parent=30384"}],"wp:term":[{"taxonomy":"category","embeddable":true,"href":"https:\/\/www.welovecycling.com\/cs\/wp-json\/wp\/v2\/categories?post=30384"},{"taxonomy":"post_tag","embeddable":true,"href":"https:\/\/www.welovecycling.com\/cs\/wp-json\/wp\/v2\/tags?post=30384"},{"taxonomy":"global-categories","embeddable":true,"href":"https:\/\/www.welovecycling.com\/cs\/wp-json\/wp\/v2\/global-categories?post=30384"}],"curies":[{"name":"wp","href":"https:\/\/api.w.org\/{rel}","templated":true}]}}