{"id":30368,"date":"2025-07-30T13:20:57","date_gmt":"2025-07-30T11:20:57","guid":{"rendered":"https:\/\/www.welovecycling.com\/cs\/?p=30368"},"modified":"2025-08-05T15:47:27","modified_gmt":"2025-08-05T13:47:27","slug":"proc-tadej-pogacar-zustane-v-pelotonu-a-neukonci-karieru","status":"publish","type":"post","link":"https:\/\/www.welovecycling.com\/cs\/2025\/07\/30\/proc-tadej-pogacar-zustane-v-pelotonu-a-neukonci-karieru\/","title":{"rendered":"Pro\u010d Tadej Poga\u010dar neukon\u010d\u00ed kari\u00e9ru?"},"content":{"rendered":"<p><strong>Euforie ze \u010dtvrt\u00e9ho celkov\u00e9ho v\u00edt\u011bzstv\u00ed v Tour de France\u00a0 nedok\u00e1zala p\u0159eb\u00edt \u00fanavu, kter\u00e1 se nashrom\u00e1\u017edila b\u011bhem jednadvaceti etap. Tadej Poga\u010dar, slovinsk\u00fd l\u00eddr formace UAE Emirates XRG, p\u0159ipustil b\u011bhem ohl\u00e9dnut\u00ed za sto dvan\u00e1ct\u00fdm ro\u010dn\u00edkem Grande Boucle, \u017ee dost mo\u017en\u00e1 opust\u00ed peloton d\u0159\u00edve, ne\u017e si v\u011bt\u0161ina lid\u00ed mysl\u00ed.\u00a0<\/strong><\/p>\n<p>Pokud pomineme fakt, \u017ee je Tadej Poga\u010dar v UAE Emirates XRG v\u00e1z\u00e1n kontraktem do konce roku 2030, na jeho\u017e z\u00e1klad\u011b mu \u0161ejkov\u00e9 vypl\u00e1c\u00ed ka\u017ed\u00fd rok osm milion\u016f eur a dal\u0161\u00ed bonusy za \u00fasp\u011bchy, pak jsou zde sportovn\u00ed aspekty, co nut\u00ed teprve \u0161estadvacetilet\u00e9ho Slovince z\u016fstat v sedle.<\/p>\n<p>Tadej Poga\u010dar vyhr\u00e1l \u010dty\u0159ikr\u00e1t Tour de France, v sezon\u011b 2024 ovl\u00e1dl italsk\u00e9 Giro, p\u0159idal titul mistra sv\u011bta. \u010cty\u0159ikr\u00e1t ovl\u00e1dl Monument Kolem Lombardie, t\u0159ikr\u00e1t Lutych-Bastogne-Lutych, dvakr\u00e1t Kolem Flander. Pak je zde spousta men\u0161\u00edch triumf\u016f jako t\u0159i prvenstv\u00ed ze Strade Bianche, dv\u011b celkov\u00e9 v\u00fdhry z Tirreno-Adriatico, triumfy z klasiky v Montrealu \u010di na Crit\u00e9rium du Dauphin\u00e9 nebo jednadvacet vyhran\u00fdch etap na Tour de France. Co je\u0161t\u011b borec z Komendy nevyhr\u00e1l?<\/p>\n<h2><strong>Monument Mil\u00e1n-San Remo<\/strong><\/h2>\n<p>Primavera le\u017e\u00ed slovinsk\u00e9mu z\u00e1vodn\u00edkovi v \u017ealudku jako balvan. U\u017e p\u011btkr\u00e1t byl na startu. Postupn\u011b vybojoval dvan\u00e1ct\u00e9, p\u00e1t\u00e9, \u010dtvrt\u00e9 a v posledn\u00edch dvou letech t\u0159et\u00ed m\u00edsto. Zejm\u00e9na edice 2025 jej mus\u00ed \u0161tv\u00e1t, proto\u017ee p\u0159i v\u00fdstupu na vrchol Cipressa ud\u011blal v\u0161e, aby set\u0159\u00e1sl Mathieu van der Poela. Ale marn\u011b. &#8222;Budu hledat cesty k v\u00edt\u011bzstv\u00ed. A jednou to vyjde,&#8220; pronesl Tadej Poga\u010dar, kdy\u017e ve spurtu nesta\u010dil na nizozemsk\u00e9ho z\u00e1vodn\u00edka a je\u0161t\u011b navrch i dom\u00e1c\u00edho Itala Filippa Gannu.<\/p>\n<h2><strong>Peklo severu a Tadej Poga\u010dar?<\/strong><\/h2>\n<p>Zd\u00e1 se jako bl\u00e1znovstv\u00ed, \u017ee cyklista na celkov\u00e9 po\u0159ad\u00ed v Grand Tour usiluje o triumf z nejbrut\u00e1ln\u011bj\u0161\u00ed klasiky. Ale Tadej Poga\u010dar se do Roubaix zamiloval. P\u0159i leto\u0161n\u00ed \u00fa\u010dasti, dosud jedin\u00e9 v kari\u00e9\u0159e, dojel druh\u00fd za Mathieu van der Poelem.<\/p>\n<figure id=\"attachment_28912\" aria-describedby=\"caption-attachment-28912\" style=\"width: 1800px\" class=\"wp-caption alignnone\"><a href=\"https:\/\/d2p6e6u75xmxt8.cloudfront.net\/13\/2025\/04\/profimedia-0987643148.webp\"><img loading=\"lazy\" decoding=\"async\" class=\"size-full wp-image-28912\" src=\"https:\/\/d2p6e6u75xmxt8.cloudfront.net\/13\/2025\/04\/profimedia-0987643148.webp\" alt=\"\" width=\"1800\" height=\"1200\" srcset=\"https:\/\/d2p6e6u75xmxt8.cloudfront.net\/13\/2025\/04\/profimedia-0987643148.webp 1800w, https:\/\/d2p6e6u75xmxt8.cloudfront.net\/13\/2025\/04\/profimedia-0987643148-300x200.webp 300w, https:\/\/d2p6e6u75xmxt8.cloudfront.net\/13\/2025\/04\/profimedia-0987643148-1024x683.webp 1024w, https:\/\/d2p6e6u75xmxt8.cloudfront.net\/13\/2025\/04\/profimedia-0987643148-768x512.webp 768w, https:\/\/d2p6e6u75xmxt8.cloudfront.net\/13\/2025\/04\/profimedia-0987643148-1536x1024.webp 1536w, https:\/\/d2p6e6u75xmxt8.cloudfront.net\/13\/2025\/04\/profimedia-0987643148-400x267.webp 400w, https:\/\/d2p6e6u75xmxt8.cloudfront.net\/13\/2025\/04\/profimedia-0987643148-272x182.webp 272w\" sizes=\"auto, (max-width: 1800px) 100vw, 1800px\" \/><\/a><figcaption id=\"caption-attachment-28912\" class=\"wp-caption-text\"><em>Mathieu van der Poel a Tadej Poga\u010dar v c\u00edli Roubaix 2025.<\/em><\/figcaption><\/figure>\n<p>&#8222;Je to \u0161\u00edlen\u00fd z\u00e1vod. A j\u00e1 ho chci vyhr\u00e1t, tak\u017ee se vr\u00e1t\u00edm,&#8220; usm\u00e1l se po bitv\u011b, kdy v jednom okam\u017eiku vylet\u011bl mimo tra\u0165, ale cel\u00fd incident ust\u00e1l a bojoval o v\u00edt\u011bzstv\u00ed.<\/p>\n<h2><strong>Vuelta<\/strong><\/h2>\n<p>\u0160pan\u011blskou Vueltu jel zat\u00edm jedinkr\u00e1t v kari\u00e9\u0159e. V sezon\u011b 2019 \u0161lo o jeho debut na Grand Tour. Oslnil t\u0159emi etapov\u00fdmi v\u00fdhrami a celkov\u00fdm t\u0159et\u00edm m\u00edstem, kter\u00e9 vybojoval v necel\u00fdch jednadvaceti letech. Proto\u017ee u\u017e na ja\u0159e 2024 ovl\u00e1dl Giro, je Vuelta jedin\u00fdm t\u0159i t\u00fddny trvaj\u00edc\u00edm etap\u00e1kem, kter\u00fd nevyhr\u00e1l. \u00da\u010dast pl\u00e1noval letos, ale nakonec ve \u0160pan\u011blsku nepojede. Nicm\u00e9n\u011b nijak netaj\u00ed, \u017ee jeho c\u00edlem je p\u0159idat z\u00e1vod na seznam v\u00edt\u011bzstv\u00ed.<\/p>\n<h2><strong>Olympijsk\u00e9 zlato<\/strong><\/h2>\n<p>Pod p\u011bti kruhy jel dosud pouze jedinkr\u00e1t. V Tokiu 2021 tehdy coby dvojn\u00e1sobn\u00fd v\u00edt\u011bz Tour de France vybojoval bronzovou medaili, kdy\u017e se p\u0159ekvapiv\u00fdm v\u00edt\u011bzem stal Richard Carapaz z Ekv\u00e1doru.<\/p>\n<div class=\"shortcode-ys-post-pinup\"><article class=\"loop-simple post-26785 post type-post status-publish format-standard has-post-thumbnail hentry category-pariz-2024 tag-cyklistika tag-kontroverzni-nominace tag-luka-mezgec tag-nominace-pariz-2024 tag-oh-pariz-2024 tag-olympijske-hry tag-pariz-2024 tag-silnicni-cyklistika tag-slovinsko tag-tadej-pogacar tag-tour-de-france-2024 tag-urska-zigart global-categories-cycling\" data-postid=\"26785\" role=\"article\" data-post-id=\"26785\" data-word-count=\"564\" data-headline-length=\"90\" data-category=\"Pa\u0159\u00ed\u017e 2024\" data-global-category=\"Cycling\" data-author=\"We Love Cycling\" data-published=\"2024-08-05T05:00:09+02:00\" data-published-day=\"Monday\">\n    <div class=\"entry-thumbnail article-thumbnail\" content=\"https:\/\/d2p6e6u75xmxt8.cloudfront.net\/13\/2024\/07\/profimedia-0890928696-150x150.webp\"><a href=\"https:\/\/www.welovecycling.com\/cs\/2024\/08\/05\/proc-ve-skutecnosti-tadej-pogacar-nebojoval-v-parizi-o-zlato-krajan-uprimne-promluvil\/\" class=\"image-holder\" target=\"_self\"><img decoding=\"async\" loading=\"lazy\" class=\"\" src=\"https:\/\/d2p6e6u75xmxt8.cloudfront.net\/13\/2024\/07\/profimedia-0890928696-1024x683.webp\" srcset=\"https:\/\/d2p6e6u75xmxt8.cloudfront.net\/13\/2024\/07\/profimedia-0890928696.webp 1800w, https:\/\/d2p6e6u75xmxt8.cloudfront.net\/13\/2024\/07\/profimedia-0890928696-300x200.webp 300w, https:\/\/d2p6e6u75xmxt8.cloudfront.net\/13\/2024\/07\/profimedia-0890928696-1024x683.webp 1024w, https:\/\/d2p6e6u75xmxt8.cloudfront.net\/13\/2024\/07\/profimedia-0890928696-768x512.webp 768w, https:\/\/d2p6e6u75xmxt8.cloudfront.net\/13\/2024\/07\/profimedia-0890928696-1536x1024.webp 1536w, https:\/\/d2p6e6u75xmxt8.cloudfront.net\/13\/2024\/07\/profimedia-0890928696-400x267.webp 400w, https:\/\/d2p6e6u75xmxt8.cloudfront.net\/13\/2024\/07\/profimedia-0890928696-272x182.webp 272w\" width=\"1024\" height=\"683\" sizes=\"auto, (min-width: 1200px) 300px, (min-width: 768px) 25vw, 100vw\" alt=\"proc-ve-skutecnosti-tadej-pogacar-nebojoval-v-parizi-o-zlato-krajan-uprimne-promluvil\"\/><\/a><\/div>    <div class=\"entry-meta\">\n        <a class=\"label label-secondary post-category\" href=\"https:\/\/www.welovecycling.com\/cs\/category\/pariz-2024\/\" title=\"Pa\u0159\u00ed\u017e 2024\">Pa\u0159\u00ed\u017e 2024<\/a>\n    <\/div>\n    <div class=\"entry-details\">\n        <a href=\"https:\/\/www.welovecycling.com\/cs\/2024\/08\/05\/proc-ve-skutecnosti-tadej-pogacar-nebojoval-v-parizi-o-zlato-krajan-uprimne-promluvil\/\" class='entry-title-wrapper'>\n            <h3 class=\"entry-title\"><span>Pro\u010d Tadej Poga\u010dar nebojoval v Pa\u0159\u00ed\u017ei o zlato? T\u00fdmov\u00fd par\u0165\u00e1k up\u0159\u00edmn\u011b promluvil<\/span><\/h3>\n        <\/a>\n    <\/div>\n    <\/article>\n<\/div>\n<p>V Pa\u0159\u00ed\u017ei Tadej Poga\u010dar nestartoval ofici\u00e1ln\u011b kv\u016fli \u00fanav\u011b. Neofici\u00e1ln\u011b proto, \u017ee slovinsk\u00e1 federace nenominovala jeho partnerku Ur\u0161ku \u017digartovou, p\u0159esto\u017ee si v nomina\u010dn\u00ed bitv\u011b m\u00edsto zajistila. Do dal\u0161\u00edch boj\u016f pod p\u011bti kruhy zb\u00fdvaj\u00ed u\u017e jen t\u0159i roky. &#8222;Hry v Los Angeles jsou jednou z m\u00fdch priorit,&#8220; p\u0159ipustil Tadej Poga\u010dar. &#8222;Pak za\u010dnu p\u0159em\u00fd\u0161let o odchodu do d\u016fchodu.&#8220;<\/p>\n<h2><strong>Mistrovstv\u00ed sv\u011bta v \u010dasovce<\/strong><\/h2>\n<p>Pr\u00e1v\u011b v leto\u0161n\u00ed sezon\u011b obl\u00e9k\u00e1 trikot mistra sv\u011bta. Dok\u00e1zal v n\u011bm vyhr\u00e1t dva Monumenty, p\u0159idal \u010dty\u0159i etapy z Tour de France a celkov\u00e9 v\u00edt\u011bzstv\u00ed. V z\u00e1\u0159\u00ed ve Rwand\u011b bude obhajovat dres mistra sv\u011bta z hromadn\u00e9ho z\u00e1vodu.<\/p>\n<figure id=\"attachment_30321\" aria-describedby=\"caption-attachment-30321\" style=\"width: 1280px\" class=\"wp-caption alignnone\"><a href=\"https:\/\/d2p6e6u75xmxt8.cloudfront.net\/13\/2025\/07\/20250723TDF1147-scaled.webp\"><img loading=\"lazy\" decoding=\"async\" class=\"size-extra-large wp-image-30321\" src=\"https:\/\/d2p6e6u75xmxt8.cloudfront.net\/13\/2025\/07\/20250723TDF1147-1280x1920.webp\" alt=\"\" width=\"1280\" height=\"1920\" srcset=\"https:\/\/d2p6e6u75xmxt8.cloudfront.net\/13\/2025\/07\/20250723TDF1147-1280x1920.webp 1280w, https:\/\/d2p6e6u75xmxt8.cloudfront.net\/13\/2025\/07\/20250723TDF1147-200x300.webp 200w, https:\/\/d2p6e6u75xmxt8.cloudfront.net\/13\/2025\/07\/20250723TDF1147-683x1024.webp 683w, https:\/\/d2p6e6u75xmxt8.cloudfront.net\/13\/2025\/07\/20250723TDF1147-768x1152.webp 768w, https:\/\/d2p6e6u75xmxt8.cloudfront.net\/13\/2025\/07\/20250723TDF1147-1024x1536.webp 1024w, https:\/\/d2p6e6u75xmxt8.cloudfront.net\/13\/2025\/07\/20250723TDF1147-1365x2048.webp 1365w, https:\/\/d2p6e6u75xmxt8.cloudfront.net\/13\/2025\/07\/20250723TDF1147-267x400.webp 267w, https:\/\/d2p6e6u75xmxt8.cloudfront.net\/13\/2025\/07\/20250723TDF1147-scaled.webp 1707w, https:\/\/d2p6e6u75xmxt8.cloudfront.net\/13\/2025\/07\/20250723TDF1147-1280x1920.webp 1280w\" sizes=\"auto, (max-width: 1280px) 100vw, 1280px\" \/><\/a><figcaption id=\"caption-attachment-30321\" class=\"wp-caption-text\"><em>Tadej Poga\u010dar je mistrem sv\u011bta v hromadn\u00e9m z\u00e1vod\u011b. R\u00e1d by z\u00edskal sv\u011btov\u00fd titul i z \u010dasovky. Foto: A.S.O.\/Charly Lopez<\/em><\/figcaption><\/figure>\n<p>Na \u010dtvrt\u00fd pokus by r\u00e1d duhov\u00fd trikot i z bitvy proti chronometru.\u00a0Dosud byl nejl\u00e9pe \u0161est\u00fd v roce 2022. Skute\u010dnost, \u017ee letos ovl\u00e1dl \u010dasovku na Tour de France, mu jist\u011b dod\u00e1v\u00e1 sebev\u011bdom\u00ed.<\/p>\n<h2><strong>Giro, Tour a Vuelta v jednom roce?<\/strong><\/h2>\n<p>Vyhr\u00e1t v\u0161echny Grand Tour v jedin\u00e9m roce nikdo nesvedl. Po lo\u0148sk\u00e9m double Giro-Tour, co\u017e dok\u00e1zal Tadej Poga\u010dar poprv\u00e9 od roku 1998 (Marco Pantini), p\u0159ipustil, \u017ee se my\u0161lenkou na ovl\u00e1dnut\u00ed t\u0159\u00ed nejv\u011bt\u0161\u00edch etapov\u00fdch z\u00e1vod\u016f v jedin\u00e9 sezon\u011b zab\u00fdv\u00e1. Ov\u0161em letos po Tour de France, snad i pod dojmem extr\u00e9mn\u00ed \u00fanavy, mluvil jinak. &#8222;Mohu m\u00edt skv\u011bl\u00e9 v\u00fdsledky a vyhr\u00e1vat z\u00e1vody. Chci si v\u0161ak hlavn\u011b u\u017e\u00edvat cyklistiku. L\u00e1mat historick\u00e9 rekordy nen\u00ed m\u00fdm c\u00edlem,&#8220; pronesl <a href=\"https:\/\/www.welovecycling.com\/cs\/2025\/07\/28\/tadej-pogacar-vyhoreni-vsechno-je-mozne\/\">Tadej Poga\u010dar<\/a>.<\/p>\n<p>Na seznamu v\u00edt\u011bzstv\u00ed slovinsk\u00e9ho \u0161ampiona chyb\u00ed t\u0159eba z\u00e1vod Kolem Baskicka, Kolem \u0160v\u00fdcarska, Tour Down Under nebo Kolem Polska. Tak\u017ee zat\u00edm nen\u00ed d\u016fvod se ob\u00e1vat, Tadej Poga\u010dar je\u0161t\u011b p\u00e1r let v pelotonu z\u016fstane&#8230;<\/p>\n<p><em>Tituln\u00ed foto: A.S.O.\/Charly Lopez<\/em><\/p>\n","protected":false},"excerpt":{"rendered":"<p>Euforie ze \u010dtvrt\u00e9ho celkov\u00e9ho v\u00edt\u011bzstv\u00ed v Tour de France\u00a0 nedok\u00e1zala p\u0159eb\u00edt \u00fanavu, kter\u00e1 se nashrom\u00e1\u017edila b\u011bhem jednadvaceti etap. Tadej Poga\u010dar, [&hellip;]<\/p>\n","protected":false},"author":138,"featured_media":30369,"comment_status":"open","ping_status":"open","sticky":false,"template":"","format":"standard","meta":{"footnotes":""},"categories":[1711],"tags":[126,1950,4322,9,502,23,3843,273],"global-categories":[411],"class_list":["post-30368","post","type-post","status-publish","format-standard","has-post-thumbnail","hentry","category-tour-de-france","tag-cyklistika","tag-konec-kariery","tag-los-angeles-2028","tag-silnicni-cyklistika","tag-tadej-pogacar","tag-tour-de-france","tag-tour-de-france-2025","tag-vuelta","global-categories-cycling"],"yoast_head":"<!-- This site is optimized with the Yoast SEO Premium plugin v25.3 (Yoast SEO v25.9) - https:\/\/yoast.com\/wordpress\/plugins\/seo\/ -->\n<title>Pro\u010d Tadej Poga\u010dar neukon\u010d\u00ed kari\u00e9ru? | \u0160koda We Love Cycling - \u010cesk\u00e1 republika<\/title>\n<meta name=\"description\" content=\"Euforie ze \u010dtvrt\u00e9ho celkov\u00e9ho v\u00edt\u011bzstv\u00ed v Tour de France nedok\u00e1zala p\u0159eb\u00edt \u00fanavu, kter\u00e1 se nashrom\u00e1\u017edila b\u011bhem jednadvaceti etap. Tadej Poga\u010dar, slovinsk\u00fd l\u00eddr formace UAE Emirates XRG, p\u0159ipustil b\u011bhem ohl\u00e9dnut\u00ed za sto dvan\u00e1ct\u00fdm ro\u010dn\u00edkem Grande Boucle, \u017ee dost mo\u017en\u00e1 opust\u00ed peloton d\u0159\u00edve, ne\u017e si v\u011bt\u0161ina lid\u00ed mysl\u00ed. Pro\u010d se tak nestane?\" \/>\n<meta name=\"robots\" content=\"index, follow, max-snippet:-1, max-image-preview:large, max-video-preview:-1\" \/>\n<link rel=\"canonical\" href=\"https:\/\/www.welovecycling.com\/cs\/2025\/07\/30\/proc-tadej-pogacar-zustane-v-pelotonu-a-neukonci-karieru\/\" \/>\n<meta property=\"og:locale\" content=\"cs_CZ\" \/>\n<meta property=\"og:type\" content=\"article\" \/>\n<meta property=\"og:title\" content=\"Pro\u010d Tadej Poga\u010dar neukon\u010d\u00ed kari\u00e9ru?\" \/>\n<meta property=\"og:description\" content=\"Euforie ze \u010dtvrt\u00e9ho celkov\u00e9ho v\u00edt\u011bzstv\u00ed v Tour de France nedok\u00e1zala p\u0159eb\u00edt \u00fanavu, kter\u00e1 se nashrom\u00e1\u017edila b\u011bhem jednadvaceti etap. Tadej Poga\u010dar, slovinsk\u00fd l\u00eddr formace UAE Emirates XRG, p\u0159ipustil b\u011bhem ohl\u00e9dnut\u00ed za sto dvan\u00e1ct\u00fdm ro\u010dn\u00edkem Grande Boucle, \u017ee dost mo\u017en\u00e1 opust\u00ed peloton d\u0159\u00edve, ne\u017e si v\u011bt\u0161ina lid\u00ed mysl\u00ed. Pro\u010d se tak nestane?\" \/>\n<meta property=\"og:url\" content=\"https:\/\/www.welovecycling.com\/cs\/2025\/07\/30\/proc-tadej-pogacar-zustane-v-pelotonu-a-neukonci-karieru\/\" \/>\n<meta property=\"og:site_name\" content=\"\u0160koda We Love Cycling - \u010cesk\u00e1 republika\" \/>\n<meta property=\"article:published_time\" content=\"2025-07-30T11:20:57+00:00\" \/>\n<meta property=\"article:modified_time\" content=\"2025-08-05T13:47:27+00:00\" \/>\n<meta property=\"og:image\" content=\"https:\/\/d2p6e6u75xmxt8.cloudfront.net\/13\/2025\/07\/20250717TDF1005-scaled.webp\" \/>\n\t<meta property=\"og:image:width\" content=\"2560\" \/>\n\t<meta property=\"og:image:height\" content=\"1707\" \/>\n\t<meta property=\"og:image:type\" content=\"image\/webp\" \/>\n<meta name=\"author\" content=\"radekmalina\" \/>\n<meta name=\"twitter:card\" content=\"summary_large_image\" \/>\n<meta name=\"twitter:label1\" content=\"Written by\" \/>\n\t<meta name=\"twitter:data1\" content=\"We Love Cycling\" \/>\n\t<meta name=\"twitter:label2\" content=\"Est. reading time\" \/>\n\t<meta name=\"twitter:data2\" content=\"5\" \/>\n<script type=\"application\/ld+json\" class=\"yoast-schema-graph\">{\"@context\":\"https:\/\/schema.org\",\"@graph\":[{\"@type\":\"WebPage\",\"@id\":\"https:\/\/www.welovecycling.com\/cs\/2025\/07\/30\/proc-tadej-pogacar-zustane-v-pelotonu-a-neukonci-karieru\/\",\"url\":\"https:\/\/www.welovecycling.com\/cs\/2025\/07\/30\/proc-tadej-pogacar-zustane-v-pelotonu-a-neukonci-karieru\/\",\"name\":\"Pro\u010d Tadej Poga\u010dar neukon\u010d\u00ed kari\u00e9ru? | \u0160koda We Love Cycling - \u010cesk\u00e1 republika\",\"isPartOf\":{\"@id\":\"https:\/\/www.welovecycling.com\/cs\/#website\"},\"primaryImageOfPage\":{\"@id\":\"https:\/\/www.welovecycling.com\/cs\/2025\/07\/30\/proc-tadej-pogacar-zustane-v-pelotonu-a-neukonci-karieru\/#primaryimage\"},\"image\":{\"@id\":\"https:\/\/www.welovecycling.com\/cs\/2025\/07\/30\/proc-tadej-pogacar-zustane-v-pelotonu-a-neukonci-karieru\/#primaryimage\"},\"thumbnailUrl\":\"https:\/\/d2p6e6u75xmxt8.cloudfront.net\/13\/2025\/07\/20250717TDF1005-scaled.webp\",\"datePublished\":\"2025-07-30T11:20:57+00:00\",\"dateModified\":\"2025-08-05T13:47:27+00:00\",\"author\":{\"@id\":\"https:\/\/www.welovecycling.com\/cs\/#\/schema\/person\/d9eeb0a378f3a7e4a6d12d2b536b04b8\"},\"description\":\"Euforie ze \u010dtvrt\u00e9ho celkov\u00e9ho v\u00edt\u011bzstv\u00ed v Tour de France nedok\u00e1zala p\u0159eb\u00edt \u00fanavu, kter\u00e1 se nashrom\u00e1\u017edila b\u011bhem jednadvaceti etap. Tadej Poga\u010dar, slovinsk\u00fd l\u00eddr formace UAE Emirates XRG, p\u0159ipustil b\u011bhem ohl\u00e9dnut\u00ed za sto dvan\u00e1ct\u00fdm ro\u010dn\u00edkem Grande Boucle, \u017ee dost mo\u017en\u00e1 opust\u00ed peloton d\u0159\u00edve, ne\u017e si v\u011bt\u0161ina lid\u00ed mysl\u00ed. Pro\u010d se tak nestane?\",\"inLanguage\":\"cs\",\"potentialAction\":[{\"@type\":\"ReadAction\",\"target\":[\"https:\/\/www.welovecycling.com\/cs\/2025\/07\/30\/proc-tadej-pogacar-zustane-v-pelotonu-a-neukonci-karieru\/\"]}]},{\"@type\":\"ImageObject\",\"inLanguage\":\"cs\",\"@id\":\"https:\/\/www.welovecycling.com\/cs\/2025\/07\/30\/proc-tadej-pogacar-zustane-v-pelotonu-a-neukonci-karieru\/#primaryimage\",\"url\":\"https:\/\/d2p6e6u75xmxt8.cloudfront.net\/13\/2025\/07\/20250717TDF1005-scaled.webp\",\"contentUrl\":\"https:\/\/d2p6e6u75xmxt8.cloudfront.net\/13\/2025\/07\/20250717TDF1005-scaled.webp\",\"width\":2560,\"height\":1707,\"caption\":\"Tadej Poga\u010dar na Tour de France 2025. Foto: A.S.O.\/Charly Lopez\"},{\"@type\":\"WebSite\",\"@id\":\"https:\/\/www.welovecycling.com\/cs\/#website\",\"url\":\"https:\/\/www.welovecycling.com\/cs\/\",\"name\":\"\u0160koda We Love Cycling - \u010cesk\u00e1 republika\",\"description\":\"WeLoveCycling.cz je online magaz\u00edn, kter\u00fd v\u00e1m pravideln\u011b p\u0159in\u00e1\u0161\u00ed rady a tipy, zaj\u00edmav\u00e9 \u010dl\u00e1nky, videa a jedine\u010dn\u00e9 report\u00e1\u017ee ze sv\u011bta cyklistiky.\",\"potentialAction\":[{\"@type\":\"SearchAction\",\"target\":{\"@type\":\"EntryPoint\",\"urlTemplate\":\"https:\/\/www.welovecycling.com\/cs\/?s={search_term_string}\"},\"query-input\":{\"@type\":\"PropertyValueSpecification\",\"valueRequired\":true,\"valueName\":\"search_term_string\"}}],\"inLanguage\":\"cs\"},{\"@type\":\"Person\",\"@id\":\"https:\/\/www.welovecycling.com\/cs\/#\/schema\/person\/d9eeb0a378f3a7e4a6d12d2b536b04b8\",\"name\":\"radekmalina\",\"image\":{\"@type\":\"ImageObject\",\"inLanguage\":\"cs\",\"@id\":\"https:\/\/www.welovecycling.com\/cs\/#\/schema\/person\/image\/\",\"url\":\"https:\/\/secure.gravatar.com\/avatar\/66994b632cb8c39a46b9f54afa3ae07201b678d32a54275b6f1c9ffec356bfc0?s=96&d=mm&r=g\",\"contentUrl\":\"https:\/\/secure.gravatar.com\/avatar\/66994b632cb8c39a46b9f54afa3ae07201b678d32a54275b6f1c9ffec356bfc0?s=96&d=mm&r=g\",\"caption\":\"radekmalina\"},\"url\":\"https:\/\/www.welovecycling.com\/cs\/author\/radekmalina\/\"}]}<\/script>\n<!-- \/ Yoast SEO Premium plugin. -->","yoast_head_json":{"title":"Pro\u010d Tadej Poga\u010dar neukon\u010d\u00ed kari\u00e9ru? | \u0160koda We Love Cycling - \u010cesk\u00e1 republika","description":"Euforie ze \u010dtvrt\u00e9ho celkov\u00e9ho v\u00edt\u011bzstv\u00ed v Tour de France nedok\u00e1zala p\u0159eb\u00edt \u00fanavu, kter\u00e1 se nashrom\u00e1\u017edila b\u011bhem jednadvaceti etap. Tadej Poga\u010dar, slovinsk\u00fd l\u00eddr formace UAE Emirates XRG, p\u0159ipustil b\u011bhem ohl\u00e9dnut\u00ed za sto dvan\u00e1ct\u00fdm ro\u010dn\u00edkem Grande Boucle, \u017ee dost mo\u017en\u00e1 opust\u00ed peloton d\u0159\u00edve, ne\u017e si v\u011bt\u0161ina lid\u00ed mysl\u00ed. Pro\u010d se tak nestane?","robots":{"index":"index","follow":"follow","max-snippet":"max-snippet:-1","max-image-preview":"max-image-preview:large","max-video-preview":"max-video-preview:-1"},"canonical":"https:\/\/www.welovecycling.com\/cs\/2025\/07\/30\/proc-tadej-pogacar-zustane-v-pelotonu-a-neukonci-karieru\/","og_locale":"cs_CZ","og_type":"article","og_title":"Pro\u010d Tadej Poga\u010dar neukon\u010d\u00ed kari\u00e9ru?","og_description":"Euforie ze \u010dtvrt\u00e9ho celkov\u00e9ho v\u00edt\u011bzstv\u00ed v Tour de France nedok\u00e1zala p\u0159eb\u00edt \u00fanavu, kter\u00e1 se nashrom\u00e1\u017edila b\u011bhem jednadvaceti etap. Tadej Poga\u010dar, slovinsk\u00fd l\u00eddr formace UAE Emirates XRG, p\u0159ipustil b\u011bhem ohl\u00e9dnut\u00ed za sto dvan\u00e1ct\u00fdm ro\u010dn\u00edkem Grande Boucle, \u017ee dost mo\u017en\u00e1 opust\u00ed peloton d\u0159\u00edve, ne\u017e si v\u011bt\u0161ina lid\u00ed mysl\u00ed. Pro\u010d se tak nestane?","og_url":"https:\/\/www.welovecycling.com\/cs\/2025\/07\/30\/proc-tadej-pogacar-zustane-v-pelotonu-a-neukonci-karieru\/","og_site_name":"\u0160koda We Love Cycling - \u010cesk\u00e1 republika","article_published_time":"2025-07-30T11:20:57+00:00","article_modified_time":"2025-08-05T13:47:27+00:00","og_image":[{"width":2560,"height":1707,"url":"https:\/\/d2p6e6u75xmxt8.cloudfront.net\/13\/2025\/07\/20250717TDF1005-scaled.webp","type":"image\/webp"}],"author":"radekmalina","twitter_card":"summary_large_image","twitter_misc":{"Written by":"We Love Cycling","Est. reading time":"5"},"schema":{"@context":"https:\/\/schema.org","@graph":[{"@type":"WebPage","@id":"https:\/\/www.welovecycling.com\/cs\/2025\/07\/30\/proc-tadej-pogacar-zustane-v-pelotonu-a-neukonci-karieru\/","url":"https:\/\/www.welovecycling.com\/cs\/2025\/07\/30\/proc-tadej-pogacar-zustane-v-pelotonu-a-neukonci-karieru\/","name":"Pro\u010d Tadej Poga\u010dar neukon\u010d\u00ed kari\u00e9ru? | \u0160koda We Love Cycling - \u010cesk\u00e1 republika","isPartOf":{"@id":"https:\/\/www.welovecycling.com\/cs\/#website"},"primaryImageOfPage":{"@id":"https:\/\/www.welovecycling.com\/cs\/2025\/07\/30\/proc-tadej-pogacar-zustane-v-pelotonu-a-neukonci-karieru\/#primaryimage"},"image":{"@id":"https:\/\/www.welovecycling.com\/cs\/2025\/07\/30\/proc-tadej-pogacar-zustane-v-pelotonu-a-neukonci-karieru\/#primaryimage"},"thumbnailUrl":"https:\/\/d2p6e6u75xmxt8.cloudfront.net\/13\/2025\/07\/20250717TDF1005-scaled.webp","datePublished":"2025-07-30T11:20:57+00:00","dateModified":"2025-08-05T13:47:27+00:00","author":{"@id":"https:\/\/www.welovecycling.com\/cs\/#\/schema\/person\/d9eeb0a378f3a7e4a6d12d2b536b04b8"},"description":"Euforie ze \u010dtvrt\u00e9ho celkov\u00e9ho v\u00edt\u011bzstv\u00ed v Tour de France nedok\u00e1zala p\u0159eb\u00edt \u00fanavu, kter\u00e1 se nashrom\u00e1\u017edila b\u011bhem jednadvaceti etap. Tadej Poga\u010dar, slovinsk\u00fd l\u00eddr formace UAE Emirates XRG, p\u0159ipustil b\u011bhem ohl\u00e9dnut\u00ed za sto dvan\u00e1ct\u00fdm ro\u010dn\u00edkem Grande Boucle, \u017ee dost mo\u017en\u00e1 opust\u00ed peloton d\u0159\u00edve, ne\u017e si v\u011bt\u0161ina lid\u00ed mysl\u00ed. Pro\u010d se tak nestane?","inLanguage":"cs","potentialAction":[{"@type":"ReadAction","target":["https:\/\/www.welovecycling.com\/cs\/2025\/07\/30\/proc-tadej-pogacar-zustane-v-pelotonu-a-neukonci-karieru\/"]}]},{"@type":"ImageObject","inLanguage":"cs","@id":"https:\/\/www.welovecycling.com\/cs\/2025\/07\/30\/proc-tadej-pogacar-zustane-v-pelotonu-a-neukonci-karieru\/#primaryimage","url":"https:\/\/d2p6e6u75xmxt8.cloudfront.net\/13\/2025\/07\/20250717TDF1005-scaled.webp","contentUrl":"https:\/\/d2p6e6u75xmxt8.cloudfront.net\/13\/2025\/07\/20250717TDF1005-scaled.webp","width":2560,"height":1707,"caption":"Tadej Poga\u010dar na Tour de France 2025. Foto: A.S.O.\/Charly Lopez"},{"@type":"WebSite","@id":"https:\/\/www.welovecycling.com\/cs\/#website","url":"https:\/\/www.welovecycling.com\/cs\/","name":"\u0160koda We Love Cycling - \u010cesk\u00e1 republika","description":"WeLoveCycling.cz je online magaz\u00edn, kter\u00fd v\u00e1m pravideln\u011b p\u0159in\u00e1\u0161\u00ed rady a tipy, zaj\u00edmav\u00e9 \u010dl\u00e1nky, videa a jedine\u010dn\u00e9 report\u00e1\u017ee ze sv\u011bta cyklistiky.","potentialAction":[{"@type":"SearchAction","target":{"@type":"EntryPoint","urlTemplate":"https:\/\/www.welovecycling.com\/cs\/?s={search_term_string}"},"query-input":{"@type":"PropertyValueSpecification","valueRequired":true,"valueName":"search_term_string"}}],"inLanguage":"cs"},{"@type":"Person","@id":"https:\/\/www.welovecycling.com\/cs\/#\/schema\/person\/d9eeb0a378f3a7e4a6d12d2b536b04b8","name":"radekmalina","image":{"@type":"ImageObject","inLanguage":"cs","@id":"https:\/\/www.welovecycling.com\/cs\/#\/schema\/person\/image\/","url":"https:\/\/secure.gravatar.com\/avatar\/66994b632cb8c39a46b9f54afa3ae07201b678d32a54275b6f1c9ffec356bfc0?s=96&d=mm&r=g","contentUrl":"https:\/\/secure.gravatar.com\/avatar\/66994b632cb8c39a46b9f54afa3ae07201b678d32a54275b6f1c9ffec356bfc0?s=96&d=mm&r=g","caption":"radekmalina"},"url":"https:\/\/www.welovecycling.com\/cs\/author\/radekmalina\/"}]}},"_links":{"self":[{"href":"https:\/\/www.welovecycling.com\/cs\/wp-json\/wp\/v2\/posts\/30368","targetHints":{"allow":["GET"]}}],"collection":[{"href":"https:\/\/www.welovecycling.com\/cs\/wp-json\/wp\/v2\/posts"}],"about":[{"href":"https:\/\/www.welovecycling.com\/cs\/wp-json\/wp\/v2\/types\/post"}],"author":[{"embeddable":true,"href":"https:\/\/www.welovecycling.com\/cs\/wp-json\/wp\/v2\/users\/138"}],"replies":[{"embeddable":true,"href":"https:\/\/www.welovecycling.com\/cs\/wp-json\/wp\/v2\/comments?post=30368"}],"version-history":[{"count":9,"href":"https:\/\/www.welovecycling.com\/cs\/wp-json\/wp\/v2\/posts\/30368\/revisions"}],"predecessor-version":[{"id":30470,"href":"https:\/\/www.welovecycling.com\/cs\/wp-json\/wp\/v2\/posts\/30368\/revisions\/30470"}],"wp:featuredmedia":[{"embeddable":true,"href":"https:\/\/www.welovecycling.com\/cs\/wp-json\/wp\/v2\/media\/30369"}],"wp:attachment":[{"href":"https:\/\/www.welovecycling.com\/cs\/wp-json\/wp\/v2\/media?parent=30368"}],"wp:term":[{"taxonomy":"category","embeddable":true,"href":"https:\/\/www.welovecycling.com\/cs\/wp-json\/wp\/v2\/categories?post=30368"},{"taxonomy":"post_tag","embeddable":true,"href":"https:\/\/www.welovecycling.com\/cs\/wp-json\/wp\/v2\/tags?post=30368"},{"taxonomy":"global-categories","embeddable":true,"href":"https:\/\/www.welovecycling.com\/cs\/wp-json\/wp\/v2\/global-categories?post=30368"}],"curies":[{"name":"wp","href":"https:\/\/api.w.org\/{rel}","templated":true}]}}