{"id":30272,"date":"2025-07-27T22:20:11","date_gmt":"2025-07-27T20:20:11","guid":{"rendered":"https:\/\/www.welovecycling.com\/cs\/?p=30272"},"modified":"2025-07-27T22:30:37","modified_gmt":"2025-07-27T20:30:37","slug":"top-momenty-tour-de-france-2025","status":"publish","type":"post","link":"https:\/\/www.welovecycling.com\/cs\/2025\/07\/27\/top-momenty-tour-de-france-2025\/","title":{"rendered":"Top momenty Tour de France 2025"},"content":{"rendered":"<p><strong>Spektakul\u00e1rn\u00ed fin\u00e1le v Pa\u0159\u00ed\u017ei, man\u017eelka cyklisty kritizuj\u00edc\u00ed pom\u011bry v jednom z nejlep\u0161\u00edch t\u00fdm\u016f planety, zcela zlomen\u00fd adept na celkov\u00e9 v\u00edt\u011bzstv\u00ed, rekord na Mont Ventoux\u2026 P\u0159esto\u017ee Tour de France 2025 vyhr\u00e1l podle o\u010dek\u00e1v\u00e1n\u00ed Tadej Poga\u010dar z formace UAE Emirates XRG, bitva odehr\u00e1vaj\u00edc\u00ed se stoprocentn\u011b na francouzsk\u00e9m \u00fazem\u00ed byla mimo\u0159\u00e1dn\u011b atraktivn\u00ed od prvn\u00ed do posledn\u00ed etapy. Jak vypadaly top momenty leto\u0161n\u00edho z\u00e1vodu o maillot jaune?<\/strong><\/p>\n<p>Synonymem pro Tour de France 2025 z\u016fstane nav\u017edy v\u00edt\u011bzstv\u00ed Tadeje Poga\u010dara. Slovinec jako teprve \u0161est\u00fd v historii dok\u00e1zal nejpresti\u017en\u011bj\u0161\u00ed etapovou bitvu cyklistick\u00e9ho sv\u011bta vyhr\u00e1t alespo\u0148 \u010dty\u0159ikr\u00e1t. Rekord dr\u017e\u00ed Jacques Anquetil (1957, 1961, 1962, 1963, 1964, Francie), Eddy Merckx (1969, 1970, 1971, 1972, 1974, Belgie), Bernard Hinault (1978, 1979, 1981, 1982, 1985, Francie) a Miguel Indurain (1991, 1992, 1993, 1994, 1995, \u0160pan\u011blsko), kte\u0159\u00ed vyhr\u00e1li Tour de France p\u011btkr\u00e1t. \u010cty\u0159ikr\u00e1t slavil triumf britsk\u00fd cyklista Chris Froome (2013, 2015, 2016, 2017) a Tadej Poga\u010dar (2020, 2021, 2024, 2025). Jak\u00fdch bylo nejv\u00fdznamn\u011bj\u0161\u00ed deset okam\u017eik\u016f \u010dervencov\u00e9 Grande Boucle 2025?<\/p>\n<h2><strong>Tadej Poga\u010dar a jeho \u010dtvrt\u00e9 v\u00edt\u011bzstv\u00ed<\/strong><\/h2>\n<p>Slovinec byl nejv\u011bt\u0161\u00edm favoritem Tour de France 2025 a stoprocentn\u011b naplnil o\u010dek\u00e1v\u00e1n\u00ed. L\u00eddr formace UAE Emirates vyhr\u00e1l \u010dty\u0159i etapy. Prvn\u00ed u\u017e \u010dtvrt\u00fd den z\u00e1vodu. Pak obdivuhodn\u011b zvl\u00e1dl \u010dasovku, po n\u00ed\u017e se dostal poprv\u00e9 do \u010dela z\u00e1vodu. Na jeden den. Po v\u00edt\u011bzstv\u00ed v sedm\u00e9 etap\u011b se znovu usadil v \u010dele pr\u016fb\u011b\u017en\u00e9ho po\u0159ad\u00ed. \u017dlut\u00fd dres je\u0161t\u011b ztratil na dv\u011b etapy. Ani p\u00e1d v jeden\u00e1ct\u00e9 etap\u011b j\u00edm neot\u0159\u00e1sl.<\/p>\n<figure id=\"attachment_30274\" aria-describedby=\"caption-attachment-30274\" style=\"width: 1920px\" class=\"wp-caption alignnone\"><a href=\"https:\/\/d2p6e6u75xmxt8.cloudfront.net\/13\/2025\/07\/20250727TDF1130-scaled.webp\"><img loading=\"lazy\" decoding=\"async\" class=\"size-extra-large wp-image-30274\" src=\"https:\/\/d2p6e6u75xmxt8.cloudfront.net\/13\/2025\/07\/20250727TDF1130-1920x1280.webp\" alt=\"\" width=\"1920\" height=\"1280\" srcset=\"https:\/\/d2p6e6u75xmxt8.cloudfront.net\/13\/2025\/07\/20250727TDF1130-1920x1280.webp 1920w, https:\/\/d2p6e6u75xmxt8.cloudfront.net\/13\/2025\/07\/20250727TDF1130-300x200.webp 300w, https:\/\/d2p6e6u75xmxt8.cloudfront.net\/13\/2025\/07\/20250727TDF1130-1024x683.webp 1024w, https:\/\/d2p6e6u75xmxt8.cloudfront.net\/13\/2025\/07\/20250727TDF1130-768x512.webp 768w, https:\/\/d2p6e6u75xmxt8.cloudfront.net\/13\/2025\/07\/20250727TDF1130-1536x1024.webp 1536w, https:\/\/d2p6e6u75xmxt8.cloudfront.net\/13\/2025\/07\/20250727TDF1130-2048x1365.webp 2048w, https:\/\/d2p6e6u75xmxt8.cloudfront.net\/13\/2025\/07\/20250727TDF1130-400x267.webp 400w, https:\/\/d2p6e6u75xmxt8.cloudfront.net\/13\/2025\/07\/20250727TDF1130-272x182.webp 272w, https:\/\/d2p6e6u75xmxt8.cloudfront.net\/13\/2025\/07\/20250727TDF1130-1920x1280.webp 1920w\" sizes=\"auto, (max-width: 1920px) 100vw, 1920px\" \/><\/a><figcaption id=\"caption-attachment-30274\" class=\"wp-caption-text\"><em>Tadej Poga\u010dar v z\u00e1v\u011bre\u010dn\u00e9 etap\u011b Tour de France 2025.<\/em><\/figcaption><\/figure>\n<p>Kdy\u017e vyhr\u00e1l na Hautacamu dvan\u00e1ct\u00fd den z\u00e1vodu, u\u017e na prvn\u00ed m\u00edsto nikoho nepustil. T\u00edm sp\u00ed\u0161e, \u017ee vyhr\u00e1l \u010dasovku s dojezdem v Peyragudes. Vytvo\u0159il si komfortn\u00ed n\u00e1skok. P\u0159ekonal nejv\u011bt\u0161\u00ed no\u010dn\u00ed m\u016fry, kdy\u017e se vypo\u0159\u00e1dal s v\u00fdstupy na Hautacam, Col de la Loze a Mont Ventoux, kde v minulosti v p\u0159\u00edm\u00e9m souboji s \u00fahlavn\u00edm soupe\u0159em Jonasem Vingegaardem z Visma Lease a Bike dramaticky ztratil. Nav\u00edc zbyte\u010dn\u011b nepl\u00fdtval silami. Nenechal se vyprovokovat. A soupe\u0159i nebyli dost siln\u00ed, aby sebev\u011bdom\u00edm Slovince ot\u0159\u00e1sli.<\/p>\n<h2><strong>Pol\u00e1man\u00fd zelen\u00fd mu\u017e<\/strong><\/h2>\n<p>Jasper Philipsen se vr\u00e1til, aby srovnal \u00fa\u010dty. Kr\u00e1l bodovac\u00ed sout\u011b\u017ee ro\u010dn\u00edku 2023, v n\u011bm\u017e vyhr\u00e1l \u010dty\u0159i etapy, p\u0159i\u0161el v p\u0159ede\u0161l\u00e9m ro\u010dn\u00edku kv\u016fli sporn\u00e9 penalizaci o nad\u011bji na obhajobu zelen\u00e9ho trikotu \u0160koda Auto. Pro Tour de France 2025 m\u011bl jasn\u00fd pl\u00e1n. Vyhr\u00e1vat etapy, vyhr\u00e1t zelen\u00fd trikot a ide\u00e1ln\u011b v prvn\u00ed etap\u011b z\u00edskat triumfem ve sprintu \u017elut\u00fd trikot. Pl\u00e1n plnil do punt\u00edku. Ale jen dva dny. Nejprve ovl\u00e1dl \u00favodn\u00ed d\u011bjstv\u00ed, navl\u00e9kl se do \u017elut\u00e9ho trikotu, po druh\u00e9m d\u011bjstv\u00ed se p\u0159evl\u00e9kl do zelen\u00e9ho a pl\u00e1noval z\u016fstat l\u00eddrem bodovac\u00ed sout\u011b\u017ee a\u017e do Pa\u0159\u00ed\u017ee.<\/p>\n<div class=\"shortcode-ys-post-pinup\"><article class=\"loop-simple post-29864 post type-post status-publish format-standard has-post-thumbnail hentry category-tour-de-france tag-cyklistika tag-nejvetsi-bohac-tour-de-france tag-platy-cyklistu tag-silnicni-cyklistika tag-tour-de-france tag-tour-de-france-2025 global-categories-cycling\" data-postid=\"29864\" role=\"article\" data-post-id=\"29864\" data-word-count=\"911\" data-headline-length=\"42\" data-category=\"Tour de France\" data-global-category=\"Cycling\" data-author=\"We Love Cycling\" data-published=\"2025-07-10T09:59:10+02:00\" data-published-day=\"Thursday\">\n    <div class=\"entry-thumbnail article-thumbnail\" content=\"https:\/\/d2p6e6u75xmxt8.cloudfront.net\/13\/2025\/07\/20250705TDF1060-150x150.webp\"><a href=\"https:\/\/www.welovecycling.com\/cs\/2025\/07\/10\/kdo-je-nejvetsi-bohac-tour-de-france\/\" class=\"image-holder\" target=\"_self\"><img decoding=\"async\" loading=\"lazy\" class=\"\" src=\"https:\/\/d2p6e6u75xmxt8.cloudfront.net\/13\/2025\/07\/20250705TDF1060-1024x683.webp\" srcset=\"https:\/\/d2p6e6u75xmxt8.cloudfront.net\/13\/2025\/07\/20250705TDF1060-scaled.webp 2560w, https:\/\/d2p6e6u75xmxt8.cloudfront.net\/13\/2025\/07\/20250705TDF1060-300x200.webp 300w, https:\/\/d2p6e6u75xmxt8.cloudfront.net\/13\/2025\/07\/20250705TDF1060-1024x683.webp 1024w, https:\/\/d2p6e6u75xmxt8.cloudfront.net\/13\/2025\/07\/20250705TDF1060-768x512.webp 768w, https:\/\/d2p6e6u75xmxt8.cloudfront.net\/13\/2025\/07\/20250705TDF1060-1536x1024.webp 1536w, https:\/\/d2p6e6u75xmxt8.cloudfront.net\/13\/2025\/07\/20250705TDF1060-2048x1365.webp 2048w, https:\/\/d2p6e6u75xmxt8.cloudfront.net\/13\/2025\/07\/20250705TDF1060-1920x1280.webp 1920w, https:\/\/d2p6e6u75xmxt8.cloudfront.net\/13\/2025\/07\/20250705TDF1060-400x267.webp 400w, https:\/\/d2p6e6u75xmxt8.cloudfront.net\/13\/2025\/07\/20250705TDF1060-272x182.webp 272w, https:\/\/d2p6e6u75xmxt8.cloudfront.net\/13\/2025\/07\/20250705TDF1060-1920x1280.webp 1920w\" width=\"1024\" height=\"683\" sizes=\"auto, (min-width: 1200px) 300px, (min-width: 768px) 25vw, 100vw\" alt=\"kdo-je-nejvetsi-bohac-tour-de-france\"\/><\/a><\/div>    <div class=\"entry-meta\">\n        <a class=\"label label-secondary post-category\" href=\"https:\/\/www.welovecycling.com\/cs\/category\/tour-de-france\/\" title=\"Tour de France\">Tour de France<\/a>\n    <\/div>\n    <div class=\"entry-details\">\n        <a href=\"https:\/\/www.welovecycling.com\/cs\/2025\/07\/10\/kdo-je-nejvetsi-bohac-tour-de-france\/\" class='entry-title-wrapper'>\n            <h3 class=\"entry-title\"><span>Kdo je nejv\u011bt\u0161\u00ed boh\u00e1\u010d Tour de France?<\/span><\/h3>\n        <\/a>\n    <\/div>\n    <\/article>\n<\/div>\n<p>Jen\u017ee na sprintersk\u00e9 pr\u00e9mii uprost\u0159ed t\u0159et\u00ed etapy jej sest\u0159elil Bryan Coquard z t\u00fdmu Cofidis. Belgick\u00fd sprinter skon\u010dil v kotrmelc\u00edch. Se zlomenou kl\u00ed\u010dn\u00ed kost\u00ed, pol\u00e1man\u00fdmi \u017eebry a krv\u00e1cej\u00edc\u00edmi ranami na z\u00e1dech, nohou a rukou musel odstoupit. &#8222;Jen p\u00e1r vte\u0159in p\u0159ed incidentem jsem Coquardovi \u0159\u00edkal, jestli to prob\u011bhne v klidu,&#8220; posteskl si s odstupem dn\u016f u\u017e z nemocni\u010dn\u00edho l\u016f\u017eka Jasper Philipsen.<\/p>\n<h2><strong>Francouzsk\u00e9 v\u00edt\u011bzstv\u00ed na Mont Ventoux<\/strong><\/h2>\n<p>\u0160estn\u00e1ct\u00e1 etapa p\u0159inesla epick\u00e9 vyvrcholen\u00ed na legend\u00e1rn\u00edm vrcholu Mont Ventoux. Valentin Paret-Peintre z formace Soudal Quick Step v\u016fbec nem\u011bl na Tour de France 2025 startovat. Nakonec se do nominace dostal coby domestik Evenepoela. A proto\u017ee jeho l\u00eddr odstoupil, m\u011bl \u0161anci se uk\u00e1zat. A po fini\u0161i na legend\u00e1rn\u00edm vrcholu Provens\u00e1lska jej oslavovala cel\u00e1 Francie.<\/p>\n<figure id=\"attachment_30184\" aria-describedby=\"caption-attachment-30184\" style=\"width: 1800px\" class=\"wp-caption alignnone\"><a href=\"https:\/\/d2p6e6u75xmxt8.cloudfront.net\/13\/2025\/07\/profimedia-1024635522.webp\"><img loading=\"lazy\" decoding=\"async\" class=\"size-full wp-image-30184\" src=\"https:\/\/d2p6e6u75xmxt8.cloudfront.net\/13\/2025\/07\/profimedia-1024635522.webp\" alt=\"\" width=\"1800\" height=\"1200\" srcset=\"https:\/\/d2p6e6u75xmxt8.cloudfront.net\/13\/2025\/07\/profimedia-1024635522.webp 1800w, https:\/\/d2p6e6u75xmxt8.cloudfront.net\/13\/2025\/07\/profimedia-1024635522-300x200.webp 300w, https:\/\/d2p6e6u75xmxt8.cloudfront.net\/13\/2025\/07\/profimedia-1024635522-1024x683.webp 1024w, https:\/\/d2p6e6u75xmxt8.cloudfront.net\/13\/2025\/07\/profimedia-1024635522-768x512.webp 768w, https:\/\/d2p6e6u75xmxt8.cloudfront.net\/13\/2025\/07\/profimedia-1024635522-1536x1024.webp 1536w, https:\/\/d2p6e6u75xmxt8.cloudfront.net\/13\/2025\/07\/profimedia-1024635522-400x267.webp 400w, https:\/\/d2p6e6u75xmxt8.cloudfront.net\/13\/2025\/07\/profimedia-1024635522-272x182.webp 272w\" sizes=\"auto, (max-width: 1800px) 100vw, 1800px\" \/><\/a><figcaption id=\"caption-attachment-30184\" class=\"wp-caption-text\"><em>Valentin Paret-Peintre vyhr\u00e1l jako jedin\u00fd Francouz etapu na Tour de France 2025.<\/em><\/figcaption><\/figure>\n<p>Stal se prvn\u00edm a nakonec jedin\u00fdm francouzsk\u00fdm cyklistou, kter\u00fd na Tour de France 2025 vyhr\u00e1l etapu. V\u011bt\u0161inu \u010dasu str\u00e1vil st\u00edh\u00e1n\u00edm Bena Healyho z EF Education First. Ale p\u0159i sprintu na p\u00e1sce byl lep\u0161\u00ed a slavil v\u00edt\u011bzstv\u00ed. &#8222;Jednou jsem zkusil Bena set\u0159\u00e1st, ale nebyl jsem dost siln\u00fd. Kdy\u017e za\u00fato\u010dil, necht\u011bl jsem se vzd\u00e1t. \u0158\u00edkal jsem si, \u017ee jde p\u0159eci o Ventoux. Stra\u0161n\u011b jsem se tr\u00e1pil, ale zapsal jsem se do d\u011bjin,&#8220; radoval se. Francouzsk\u00fd triumf na Mont Ventoux p\u0159i\u0161el po 23 letech. \u201eJe to tak legend\u00e1rn\u00ed m\u00edsto. Je prost\u011b \u0161\u00edlen\u00e9 vyhr\u00e1t pr\u00e1v\u011b tady,&#8220; zalykal se \u0161t\u011bst\u00edm.<\/p>\n<h2><strong>Zlomen\u00fd belgick\u00fd l\u00eddr<\/strong><\/h2>\n<p>Remco Evenepoel ze Soudal Quick Step vyhla\u0161oval p\u0159ed Tour de France, \u017ee se nespokoj\u00ed s pozic\u00ed t\u0159et\u00edho v \u0159ad\u011b jako v minul\u00e9m ro\u010dn\u00edku Tour de France, kdy nedok\u00e1zal Poga\u010darovi s Vingegaardem konkurovat. Jen\u017ee od za\u010d\u00e1tku Tour de France 2025 ztr\u00e1cel. Ve slab\u0161\u00ed chvilce obvinil t\u00fdm, \u017ee nen\u00ed dostate\u010dn\u011b kvalitn\u00ed. V kopc\u00edch v\u0161ak nikdy nebyl po boku dvou nejv\u011bt\u0161\u00edch hv\u011bzd. Dok\u00e1zal sice vyhr\u00e1t p\u00e1tou etapu, kterou byla rovinat\u00e1 \u010dasovka. Ale jinak nedok\u00e1zal nejlep\u0161\u00edm konkurovat. B\u011bhem t\u0159in\u00e1ct\u00e9ho d\u011bjstv\u00ed v \u010dasovce na Peyragudes jej dokonce Jonas Vingegaard p\u0159edjel. O den pozd\u011bji Remco Evenepoel ze z\u00e1vodu v slz\u00e1ch odstoupil. Je\u0161t\u011b p\u0159ed posledn\u00edm v\u00edkendem Tour de France vydal prohl\u00e1\u0161en\u00ed, \u017ee se pot\u00fdkal s n\u00e1sledky prosincov\u00e9ho p\u00e1du a tak\u00e9 zlomen\u00fdm \u017eebrem po p\u00e1du p\u0159i belgick\u00e9m \u0161ampion\u00e1tu kr\u00e1tce p\u0159ed Tour de France. &#8222;Nebyl jsem p\u0159etr\u00e9novan\u00fd, ale vyho\u0159el\u00fd,&#8220; prohl\u00e1sil p\u011btadvacetilet\u00fd z\u00e1vodn\u00edk, kter\u00fd m\u00e1 nam\u00ed\u0159eno do Red Bull Bora hansgrohe.<\/p>\n<h2><strong>Pavel Bittner mezi sprintersk\u00fdmi esy<\/strong><\/h2>\n<p>\u010cesko m\u011blo na Tour de France v pelotonu jedin\u00e9 zastoupen\u00ed. Pavel Bittner jel v t\u00fdmu formace Picnic PostNL jako l\u00eddr pro sprinty v rovinat\u00fdch etap\u00e1ch. P\u0159i t\u0159et\u00ed etap\u011b spurtoval pro p\u00e1t\u00e9 m\u00edsto a na chvilku se s t\u00fdmov\u00fdm kolegou octli v c\u00edlov\u00e9 rovince na \u010dele cel\u00e9ho z\u00e1vodu. V dev\u00e1t\u00e9m d\u011bjstv\u00ed prolet\u011bl c\u00edlem \u010dtvrt\u00fd. Skv\u011blou \u0161anci m\u011bl i p\u0159i sedmn\u00e1ct\u00e9m pokra\u010dov\u00e1n\u00ed Tour de France 2025, jen\u017ee jeho snahu zma\u0159il p\u00e1d, kdy\u017e jej sest\u0159elil jeden ze soupe\u0159\u016f. Dvaadvacetilet\u00fd mlad\u00edk se nezalekl tla\u010denice mezi sprintersk\u00fdmi tit\u00e1ny jako jsou Tim Merlier (Soudal Quick Step), Biniam Girmay (Intermarch\u00e9 Wanty) \u010di Jonathan Milan (Lidl Trek). &#8222;Kdy\u017e jsem byl v dev\u00e1t\u00e9 etap\u011b na jeho zadn\u00edm kole v kl\u00ed\u010dov\u00e9m okam\u017eiku sprintu, byl jsem nad\u0161en\u00fd. Ale m\u00e1lem m\u011b utrhnul z h\u00e1ku, je prost\u011b neuv\u011b\u0159iteln\u00fd,&#8220; poklonil se Pavel Bittner v\u00edt\u011bzi bodovac\u00ed sout\u011b\u017ee \u0160koda Auto.<\/p>\n<h2><strong>Dvakr\u00e1t \u017elut\u00fd fenom\u00e9n<\/strong><\/h2>\n<p>Mathieu van der Poel se c\u00edle v Pa\u0159\u00ed\u017ei kv\u016fli zdravotn\u00edm pat\u00e1li\u00edm nedo\u010dkal. Ov\u0161em ne\u017e odstoupil, zapsal se do d\u011bjin Tour de France 2025. Vyhr\u00e1l druhou etapu, po n\u00ed\u017e se obl\u00e9kl do \u017elut\u00e9ho trikotu. Udr\u017eel jej i po prvn\u00edm triumfu Tadeje Poga\u010dara ve \u010dtvrt\u00e9 etap\u011b, by\u0165 a\u017e na z\u00e1klad\u011b lep\u0161\u00edho sou\u010dtu um\u00edst\u011bn\u00ed ve v\u0161ech etap\u00e1ch. Po \u010dasovce veden\u00ed ztratil, aby se do \u010dela vr\u00e1til v Normandii po dojezdu \u0161est\u00e9ho d\u011bjstv\u00ed, kdy o pouhou sekundu vysvl\u00e9kl ze \u017elut\u00e9ho Tadeje Poga\u010dara.<\/p>\n<figure id=\"attachment_29838\" aria-describedby=\"caption-attachment-29838\" style=\"width: 1920px\" class=\"wp-caption alignnone\"><a href=\"https:\/\/d2p6e6u75xmxt8.cloudfront.net\/13\/2025\/07\/20250707TDF1039-scaled.webp\"><img loading=\"lazy\" decoding=\"async\" class=\"size-extra-large wp-image-29838\" src=\"https:\/\/d2p6e6u75xmxt8.cloudfront.net\/13\/2025\/07\/20250707TDF1039-1920x1280.webp\" alt=\"\" width=\"1920\" height=\"1280\" srcset=\"https:\/\/d2p6e6u75xmxt8.cloudfront.net\/13\/2025\/07\/20250707TDF1039-1920x1280.webp 1920w, https:\/\/d2p6e6u75xmxt8.cloudfront.net\/13\/2025\/07\/20250707TDF1039-300x200.webp 300w, https:\/\/d2p6e6u75xmxt8.cloudfront.net\/13\/2025\/07\/20250707TDF1039-1024x683.webp 1024w, https:\/\/d2p6e6u75xmxt8.cloudfront.net\/13\/2025\/07\/20250707TDF1039-768x512.webp 768w, https:\/\/d2p6e6u75xmxt8.cloudfront.net\/13\/2025\/07\/20250707TDF1039-1536x1024.webp 1536w, https:\/\/d2p6e6u75xmxt8.cloudfront.net\/13\/2025\/07\/20250707TDF1039-2048x1365.webp 2048w, https:\/\/d2p6e6u75xmxt8.cloudfront.net\/13\/2025\/07\/20250707TDF1039-400x267.webp 400w, https:\/\/d2p6e6u75xmxt8.cloudfront.net\/13\/2025\/07\/20250707TDF1039-272x182.webp 272w, https:\/\/d2p6e6u75xmxt8.cloudfront.net\/13\/2025\/07\/20250707TDF1039-1920x1280.webp 1920w\" sizes=\"auto, (max-width: 1920px) 100vw, 1920px\" \/><\/a><figcaption id=\"caption-attachment-29838\" class=\"wp-caption-text\"><em>Jasper Philipsen v zelen\u00e9m trikotu l\u00eddra bodovac\u00ed sout\u011b\u017ee Tour de France 2025 a Mathieu van der Poel coby l\u00eddr z\u00e1vodu. Foto: A.S.O.\/Charly Lopez<\/em><\/figcaption><\/figure>\n<p>Pr\u00e1v\u011b tato etapa byla rozbu\u0161kou nap\u011bt\u00ed a rivality mezi formacemi UAE Emirates a Visma Lease a Bike.\u00a0Zd\u00e1nliv\u011b pohodov\u00fd den pro adepty celkov\u00e9ho po\u0159ad\u00ed se toti\u017e v z\u00e1v\u011bru prom\u011bnil v peklo, kter\u00e9 rozpoutala nizozemsk\u00e1 formace s touhou udr\u017eet ve \u017elut\u00e9m dresu Slovince, kter\u00fd by tak stejn\u011b jako jeho par\u0165\u00e1ci dal\u0161\u00ed den p\u00e1lil energii p\u0159i hl\u00edd\u00e1n\u00ed pelotonu. Pl\u00e1n se o sekundu nezda\u0159il, ale nap\u011bt\u00ed p\u0159etrvalo a\u017e do dvac\u00e1t\u00e9 etapy. Teprve na jej\u00edm konci zavl\u00e1dl klid zbran\u00ed, kdy\u017e Wout van Aert prohl\u00e1sil, \u017ee cyklistick\u00e1 v\u00e1lka skon\u010dila.<\/p>\n<h2><strong>Tour de France 2025 vid\u011bla nov\u00e9ho Vingegaarda<\/strong><\/h2>\n<p>Tour de France vid\u011bla nov\u00e9ho Jonase Vingegaarda. L\u00eddr Visma Lease a Bike byl v\u00fdbu\u0161n\u011bj\u0161\u00ed, ov\u0161em ve srovn\u00e1n\u00ed s minulost\u00ed se zd\u00e1lo, \u017ee ztratil na vytrvalosti. U\u017e v \u00favodu z\u00e1vodu se o nep\u0159\u00edjemn\u00fd rozruch a evidentn\u00ed nap\u011bt\u00ed v r\u00e1mci nizozemsk\u00e9ho t\u00fdmu postarala man\u017eelka d\u00e1nsk\u00e9ho l\u00eddra, kter\u00e1 si v novin\u00e1ch posteskla, \u017ee sportovn\u00ed \u0159editel\u00e9 t\u00fdmu jej\u00edho man\u017eela p\u0159et\u011b\u017euj\u00ed a vyma\u010dkaj\u00ed jej jako citron. Atmosf\u00e9\u0159e v okam\u017eiku, kdy se neda\u0159ilo podle p\u0159edstav, to nep\u0159idalo. Dvojn\u00e1sobn\u00fd \u0161ampion Tour de France z let 2022 a 2023 se sna\u017eil, ale ani v jednom okam\u017eiku Tour de France nebyl siln\u011bj\u0161\u00ed ne\u017e Slovinec, p\u0159esto\u017ee za podpory t\u00fdmu se sna\u017eil neust\u00e1le \u00fato\u010dit a jet tempo, kter\u00e9 l\u00eddra z\u00e1vodu oslab\u00ed. Marn\u011b&#8230;<\/p>\n<h2><strong>Irsk\u00fd bojovn\u00edk<\/strong><\/h2>\n<p>Ben Healy z formace EF Education First fenomen\u00e1ln\u00edm \u00fatokem ovl\u00e1dl \u0161estou etapu Tour de France. P\u0159i bitv\u011b v Normandii za\u00fato\u010dil \u010dty\u0159icet kilometr\u016f p\u0159ed c\u00edlem a b\u011bhem t\u0159iceti kilometr\u016f dok\u00e1zal z\u00edskat n\u00e1skok na pron\u00e1sledovatele t\u0159i minuty. P\u0159itom za jeho z\u00e1dy jel kup\u0159\u00edkladu Mathieu van der Poel! Teprve jako \u010dtvrt\u00fd Ir v historii vyhr\u00e1l etapu na Tour de France.<\/p>\n<figure id=\"attachment_30273\" aria-describedby=\"caption-attachment-30273\" style=\"width: 1920px\" class=\"wp-caption alignnone\"><a href=\"https:\/\/d2p6e6u75xmxt8.cloudfront.net\/13\/2025\/07\/20250710TDF2121-scaled.webp\"><img loading=\"lazy\" decoding=\"async\" class=\"size-extra-large wp-image-30273\" src=\"https:\/\/d2p6e6u75xmxt8.cloudfront.net\/13\/2025\/07\/20250710TDF2121-1920x1280.webp\" alt=\"\" width=\"1920\" height=\"1280\" srcset=\"https:\/\/d2p6e6u75xmxt8.cloudfront.net\/13\/2025\/07\/20250710TDF2121-1920x1280.webp 1920w, https:\/\/d2p6e6u75xmxt8.cloudfront.net\/13\/2025\/07\/20250710TDF2121-300x200.webp 300w, https:\/\/d2p6e6u75xmxt8.cloudfront.net\/13\/2025\/07\/20250710TDF2121-1024x683.webp 1024w, https:\/\/d2p6e6u75xmxt8.cloudfront.net\/13\/2025\/07\/20250710TDF2121-768x512.webp 768w, https:\/\/d2p6e6u75xmxt8.cloudfront.net\/13\/2025\/07\/20250710TDF2121-1536x1024.webp 1536w, https:\/\/d2p6e6u75xmxt8.cloudfront.net\/13\/2025\/07\/20250710TDF2121-2048x1365.webp 2048w, https:\/\/d2p6e6u75xmxt8.cloudfront.net\/13\/2025\/07\/20250710TDF2121-400x267.webp 400w, https:\/\/d2p6e6u75xmxt8.cloudfront.net\/13\/2025\/07\/20250710TDF2121-272x182.webp 272w, https:\/\/d2p6e6u75xmxt8.cloudfront.net\/13\/2025\/07\/20250710TDF2121-1920x1280.webp 1920w\" sizes=\"auto, (max-width: 1920px) 100vw, 1920px\" \/><\/a><figcaption id=\"caption-attachment-30273\" class=\"wp-caption-text\"><em>Ben Healy se stal nejv\u011bt\u0161\u00edm bojovn\u00edkem Tour de France 2025.<\/em><\/figcaption><\/figure>\n<p>P\u0159i etap\u011b na Den Bastily pak p\u0159edvedl dal\u0161\u00ed v\u00fdjime\u010dn\u00fd v\u00fdkon a p\u0159i dojezdu na Puy de Sancy vyd\u0159el t\u0159et\u00ed p\u0159\u00ed\u010dku, kter\u00e1 ho katapultovala do \u010dela z\u00e1vodu. Ve \u017elut\u00e9m z\u016fstal dv\u011b etapy. B\u011bhem epick\u00e9 bitvy na Mont Ventoux jen t\u011bsn\u011b nedos\u00e1hl na v\u00edt\u011bzstv\u00ed, dal\u0161\u00ed skvostn\u00fd v\u00fdkon p\u0159edvedl v den zkr\u00e1cen\u00e9 etapy s dojezdem na La Plagne. Kdy\u017e byl vyhl\u00e1\u0161en nejv\u011bt\u0161\u00edm bojovn\u00edkem z\u00e1vodu, nikdo se nedivil!<\/p>\n<h2><strong>Mistr horsk\u00fdch \u00fanik\u016f<\/strong><\/h2>\n<p>P\u011btadvacetilet\u00fd Thymen Arensman se stal spasitelem Ineos Grenadiers, jednoho z nejbohat\u0161\u00edch t\u00fdm\u016f planety. \u010ctrn\u00e1ct\u00e1 etapa v Pyrenej\u00edch byla brut\u00e1ln\u00ed. Celkem 5020 v\u00fd\u0161kov\u00fdch metr\u016f museli z\u00e1vodn\u00edci poko\u0159it. Sedmat\u0159icet kilometr\u016f p\u0159ed c\u00edlem vyrazil do \u00fatoku p\u011btadvacetilet\u00fd nizozemsk\u00fd z\u00e1vodn\u00edk. Odv\u00e1\u017en\u00fd \u00fatok byl odm\u011bn\u011bn. Hlavn\u00ed adepti na po\u0159ad\u00ed sice p\u0159i fin\u00e1ln\u00edm v\u00fdstupu stup\u0148ovali tempo, ale kr\u00e1lem etapy byl Arensman. V devaten\u00e1ct\u00e9m d\u011bjstv\u00ed pak husarsk\u00fd kousek zopakoval. Ve zkr\u00e1cen\u00e9 etap\u011b mezi Albertville a La Plagne jel v z\u00e1v\u011bre\u010dn\u00e9m dvacetikilometrov\u00e9m stoup\u00e1n\u00ed po boku favorit\u016f. T\u0159in\u00e1ct kilometr\u016f p\u0159ed c\u00edlem za\u00fato\u010dil. Tadej Poga\u010dar volil defenzivn\u00ed taktiku. A kdy\u017e se Jonas Vingegaard rozhodl za\u00fato\u010dit, bylo pozd\u011b. Arensman projel c\u00edlem o dv\u011b sekundy d\u0159\u00edve!<\/p>\n<h2><strong>Velkolep\u00e9 pa\u0159\u00ed\u017esk\u00e9 fin\u00e1le<\/strong><\/h2>\n<p>Letos je tomu pr\u00e1v\u011b pades\u00e1t let, co <a href=\"https:\/\/www.welovecycling.com\/cs\/2025\/07\/27\/trendy-tour-2025-kratke-kliky-vlozky-na-miru-uzka-riditka\/\">Tour de France<\/a> nep\u0159etr\u017eit\u011b doj\u00ed\u017ed\u00ed na Champs-\u00c9lys\u00e9es (pomi\u0148me lo\u0148sk\u00e9 st\u011bhov\u00e1n\u00ed do Nice kv\u016fli olympi\u00e1d\u011b). A s v\u00fdjimkou dvou ro\u010dn\u00edk\u016f, jedn\u00e9 \u010dasovky a jednoho \u00fasp\u011b\u0161n\u00e9ho samostatn\u00e9ho \u00faniku, se posledn\u00ed etapa v Pa\u0159\u00ed\u017ei poka\u017ed\u00e9 rozhodla po spurtersk\u00e9 strkanici na c\u00edlov\u00e9 \u010d\u00e1\u0159e. Snad i proto se organiz\u00e1to\u0159i rozhodli k radik\u00e1ln\u00ed zm\u011bn\u011b. Inspirov\u00e1n\u00ed olympijsk\u00fdm z\u00e1vodem se b\u011bhem 132 kilometr\u016f dlouh\u00e9 z\u00e1v\u011bre\u010dn\u00e9 etapy t\u0159ikr\u00e1t stoupalo na Montmartre. Nejprve \u010dty\u0159ikr\u00e1t po dl\u00e1\u017ed\u011bn\u00e9m bulv\u00e1ru dole ve m\u011bst\u011b a pak t\u0159ikr\u00e1t vzh\u016fru po kostk\u00e1ch Rue Lepic a\u017e k bazilice Sacr\u00e9 Coeur. Kilometrov\u00e9 stoup\u00e1n\u00ed se sklonem 5,9 procenta. Posledn\u00ed horizont jen 6 kilometr\u016f od c\u00edle!<\/p>\n<figure id=\"attachment_30277\" aria-describedby=\"caption-attachment-30277\" style=\"width: 1920px\" class=\"wp-caption alignnone\"><a href=\"https:\/\/d2p6e6u75xmxt8.cloudfront.net\/13\/2025\/07\/20250727TDF3009-scaled.webp\"><img loading=\"lazy\" decoding=\"async\" class=\"size-extra-large wp-image-30277\" src=\"https:\/\/d2p6e6u75xmxt8.cloudfront.net\/13\/2025\/07\/20250727TDF3009-1920x1280.webp\" alt=\"\" width=\"1920\" height=\"1280\" srcset=\"https:\/\/d2p6e6u75xmxt8.cloudfront.net\/13\/2025\/07\/20250727TDF3009-1920x1280.webp 1920w, https:\/\/d2p6e6u75xmxt8.cloudfront.net\/13\/2025\/07\/20250727TDF3009-300x200.webp 300w, https:\/\/d2p6e6u75xmxt8.cloudfront.net\/13\/2025\/07\/20250727TDF3009-1024x683.webp 1024w, https:\/\/d2p6e6u75xmxt8.cloudfront.net\/13\/2025\/07\/20250727TDF3009-768x512.webp 768w, https:\/\/d2p6e6u75xmxt8.cloudfront.net\/13\/2025\/07\/20250727TDF3009-1536x1024.webp 1536w, https:\/\/d2p6e6u75xmxt8.cloudfront.net\/13\/2025\/07\/20250727TDF3009-2048x1365.webp 2048w, https:\/\/d2p6e6u75xmxt8.cloudfront.net\/13\/2025\/07\/20250727TDF3009-400x267.webp 400w, https:\/\/d2p6e6u75xmxt8.cloudfront.net\/13\/2025\/07\/20250727TDF3009-272x182.webp 272w, https:\/\/d2p6e6u75xmxt8.cloudfront.net\/13\/2025\/07\/20250727TDF3009-1920x1280.webp 1920w\" sizes=\"auto, (max-width: 1920px) 100vw, 1920px\" \/><\/a><figcaption id=\"caption-attachment-30277\" class=\"wp-caption-text\"><em>Tour de France 2025 vyvrcholila epick\u00fdm pr\u016fjezdem p\u0159es Montmartre.<\/em><\/figcaption><\/figure>\n<p>A bylo to jako trefit jackpot v loterii. Fanou\u0161ci \u0161\u00edleli. A z\u00e1vod? Velkolep\u00e1 bitva, do kter\u00e9 se zapojil i celkov\u00fd v\u00edt\u011bz z\u00e1vodu Tadej Poga\u010dar, kter\u00fd svedl unik\u00e1tn\u00ed bitvu s Woutem van Aertem z Visma Lease a Bike. Belgi\u010dan t\u011b\u017eil z p\u0159\u00edtomnosti t\u00fdmov\u00e9ho kolegy v \u0161esti\u010dlenn\u00e9m \u00faniku, mohl na\u0161et\u0159it tro\u0161ku sil, a tak p\u0159i posledn\u00edm pr\u016fjezdu utrhnul z h\u00e1ku slovinsk\u00e9ho soka, jen\u017e nav\u00edc necht\u011bl v de\u0161tiv\u00e9m po\u010das\u00ed zbyte\u010dn\u011b riskovat. Cyklist\u00e9 si u\u017e\u00edvali p\u0159ed bou\u0159\u00edc\u00edmi fanou\u0161ky. Prost\u011b velkolep\u00e1 oslava nejv\u011bt\u0161\u00edho etapov\u00e9ho z\u00e1vodu planety. Bylo by s podivem, kdyby v p\u0159\u00ed\u0161t\u00edm roce organiz\u00e1to\u0159i nov\u011b vyu\u017eitou trasu neza\u0159adili.<\/p>\n<p><em>Foto: <span class=\"MuiChip-label MuiChip-labelMedium css-s01idy\">A.S.O.\/Aur\u00e9lien Vialatte, Billy Ceusters, Charly Lopez<\/span><\/em><\/p>\n<div class=\"MuiChip-root MuiChip-filled MuiChip-sizeMedium MuiChip-colorTag_other MuiChip-filledTag_other css-v20crm\"><\/div>\n","protected":false},"excerpt":{"rendered":"<p>Spektakul\u00e1rn\u00ed fin\u00e1le v Pa\u0159\u00ed\u017ei, man\u017eelka cyklisty kritizuj\u00edc\u00ed pom\u011bry v jednom z nejlep\u0161\u00edch t\u00fdm\u016f planety, zcela zlomen\u00fd adept na celkov\u00e9 v\u00edt\u011bzstv\u00ed, [&hellip;]<\/p>\n","protected":false},"author":138,"featured_media":30275,"comment_status":"open","ping_status":"open","sticky":false,"template":"","format":"standard","meta":{"footnotes":""},"categories":[1711],"tags":[4284,126,2985,178,1676,9,502,4315,23,3843],"global-categories":[411],"class_list":["post-30272","post","type-post","status-publish","format-standard","has-post-thumbnail","hentry","category-tour-de-france","tag-ben-healy","tag-cyklistika","tag-jasper-philipsen","tag-mathieu-van-der-poel","tag-pavel-bittner","tag-silnicni-cyklistika","tag-tadej-pogacar","tag-thymen-arensman","tag-tour-de-france","tag-tour-de-france-2025","global-categories-cycling"],"yoast_head":"<!-- This site is optimized with the Yoast SEO Premium plugin v25.3 (Yoast SEO v25.9) - https:\/\/yoast.com\/wordpress\/plugins\/seo\/ -->\n<title>Top momenty Tour de France 2025 | \u0160koda We Love Cycling - \u010cesk\u00e1 republika<\/title>\n<meta name=\"description\" content=\"Spektakul\u00e1rn\u00ed fin\u00e1le v Pa\u0159\u00ed\u017ei, man\u017eelka cyklisty kritizuj\u00edc\u00ed pom\u011bry v jednom z nejlep\u0161\u00edch t\u00fdm\u016f planety, zcela zlomen\u00fd adept na celkov\u00e9 v\u00edt\u011bzstv\u00ed, rekord na Mont Ventoux\u2026 P\u0159esto\u017ee Tour de France 2025 vyhr\u00e1l podle o\u010dek\u00e1v\u00e1n\u00ed Tadej Poga\u010dar z formace UAE Emirates XRG, bitva odehr\u00e1vaj\u00edc\u00ed se stoprocentn\u011b na francouzsk\u00e9m \u00fazem\u00ed byla mimo\u0159\u00e1dn\u011b atraktivn\u00ed od prvn\u00ed do posledn\u00ed etapy. Jak vypadaly top momenty leto\u0161n\u00edho z\u00e1vodu o maillot jaune?\" \/>\n<meta name=\"robots\" content=\"index, follow, max-snippet:-1, max-image-preview:large, max-video-preview:-1\" \/>\n<link rel=\"canonical\" href=\"https:\/\/www.welovecycling.com\/cs\/2025\/07\/27\/top-momenty-tour-de-france-2025\/\" \/>\n<meta property=\"og:locale\" content=\"cs_CZ\" \/>\n<meta property=\"og:type\" content=\"article\" \/>\n<meta property=\"og:title\" content=\"Top momenty Tour de France 2025\" \/>\n<meta property=\"og:description\" content=\"Spektakul\u00e1rn\u00ed fin\u00e1le v Pa\u0159\u00ed\u017ei, man\u017eelka cyklisty kritizuj\u00edc\u00ed pom\u011bry v jednom z nejlep\u0161\u00edch t\u00fdm\u016f planety, zcela zlomen\u00fd adept na celkov\u00e9 v\u00edt\u011bzstv\u00ed, rekord na Mont Ventoux\u2026 P\u0159esto\u017ee Tour de France 2025 vyhr\u00e1l podle o\u010dek\u00e1v\u00e1n\u00ed Tadej Poga\u010dar z formace UAE Emirates XRG, bitva odehr\u00e1vaj\u00edc\u00ed se stoprocentn\u011b na francouzsk\u00e9m \u00fazem\u00ed byla mimo\u0159\u00e1dn\u011b atraktivn\u00ed od prvn\u00ed do posledn\u00ed etapy. Jak vypadaly top momenty leto\u0161n\u00edho z\u00e1vodu o maillot jaune?\" \/>\n<meta property=\"og:url\" content=\"https:\/\/www.welovecycling.com\/cs\/2025\/07\/27\/top-momenty-tour-de-france-2025\/\" \/>\n<meta property=\"og:site_name\" content=\"\u0160koda We Love Cycling - \u010cesk\u00e1 republika\" \/>\n<meta property=\"article:published_time\" content=\"2025-07-27T20:20:11+00:00\" \/>\n<meta property=\"article:modified_time\" content=\"2025-07-27T20:30:37+00:00\" \/>\n<meta property=\"og:image\" content=\"https:\/\/d2p6e6u75xmxt8.cloudfront.net\/13\/2025\/07\/20250727TDF2034-scaled.webp\" \/>\n\t<meta property=\"og:image:width\" content=\"2560\" \/>\n\t<meta property=\"og:image:height\" content=\"1708\" \/>\n\t<meta property=\"og:image:type\" content=\"image\/webp\" \/>\n<meta name=\"author\" content=\"radekmalina\" \/>\n<meta name=\"twitter:card\" content=\"summary_large_image\" \/>\n<meta name=\"twitter:label1\" content=\"Written by\" \/>\n\t<meta name=\"twitter:data1\" content=\"We Love Cycling\" \/>\n\t<meta name=\"twitter:label2\" content=\"Est. reading time\" \/>\n\t<meta name=\"twitter:data2\" content=\"6\" \/>\n<script type=\"application\/ld+json\" class=\"yoast-schema-graph\">{\"@context\":\"https:\/\/schema.org\",\"@graph\":[{\"@type\":\"WebPage\",\"@id\":\"https:\/\/www.welovecycling.com\/cs\/2025\/07\/27\/top-momenty-tour-de-france-2025\/\",\"url\":\"https:\/\/www.welovecycling.com\/cs\/2025\/07\/27\/top-momenty-tour-de-france-2025\/\",\"name\":\"Top momenty Tour de France 2025 | \u0160koda We Love Cycling - \u010cesk\u00e1 republika\",\"isPartOf\":{\"@id\":\"https:\/\/www.welovecycling.com\/cs\/#website\"},\"primaryImageOfPage\":{\"@id\":\"https:\/\/www.welovecycling.com\/cs\/2025\/07\/27\/top-momenty-tour-de-france-2025\/#primaryimage\"},\"image\":{\"@id\":\"https:\/\/www.welovecycling.com\/cs\/2025\/07\/27\/top-momenty-tour-de-france-2025\/#primaryimage\"},\"thumbnailUrl\":\"https:\/\/d2p6e6u75xmxt8.cloudfront.net\/13\/2025\/07\/20250727TDF2034-scaled.webp\",\"datePublished\":\"2025-07-27T20:20:11+00:00\",\"dateModified\":\"2025-07-27T20:30:37+00:00\",\"author\":{\"@id\":\"https:\/\/www.welovecycling.com\/cs\/#\/schema\/person\/d9eeb0a378f3a7e4a6d12d2b536b04b8\"},\"description\":\"Spektakul\u00e1rn\u00ed fin\u00e1le v Pa\u0159\u00ed\u017ei, man\u017eelka cyklisty kritizuj\u00edc\u00ed pom\u011bry v jednom z nejlep\u0161\u00edch t\u00fdm\u016f planety, zcela zlomen\u00fd adept na celkov\u00e9 v\u00edt\u011bzstv\u00ed, rekord na Mont Ventoux\u2026 P\u0159esto\u017ee Tour de France 2025 vyhr\u00e1l podle o\u010dek\u00e1v\u00e1n\u00ed Tadej Poga\u010dar z formace UAE Emirates XRG, bitva odehr\u00e1vaj\u00edc\u00ed se stoprocentn\u011b na francouzsk\u00e9m \u00fazem\u00ed byla mimo\u0159\u00e1dn\u011b atraktivn\u00ed od prvn\u00ed do posledn\u00ed etapy. Jak vypadaly top momenty leto\u0161n\u00edho z\u00e1vodu o maillot jaune?\",\"inLanguage\":\"cs\",\"potentialAction\":[{\"@type\":\"ReadAction\",\"target\":[\"https:\/\/www.welovecycling.com\/cs\/2025\/07\/27\/top-momenty-tour-de-france-2025\/\"]}]},{\"@type\":\"ImageObject\",\"inLanguage\":\"cs\",\"@id\":\"https:\/\/www.welovecycling.com\/cs\/2025\/07\/27\/top-momenty-tour-de-france-2025\/#primaryimage\",\"url\":\"https:\/\/d2p6e6u75xmxt8.cloudfront.net\/13\/2025\/07\/20250727TDF2034-scaled.webp\",\"contentUrl\":\"https:\/\/d2p6e6u75xmxt8.cloudfront.net\/13\/2025\/07\/20250727TDF2034-scaled.webp\",\"width\":2560,\"height\":1708,\"caption\":\"Tour de France 2025 Jonathan Milan Tadej Poga\u010dar Florian Lipowitz\"},{\"@type\":\"WebSite\",\"@id\":\"https:\/\/www.welovecycling.com\/cs\/#website\",\"url\":\"https:\/\/www.welovecycling.com\/cs\/\",\"name\":\"\u0160koda We Love Cycling - \u010cesk\u00e1 republika\",\"description\":\"WeLoveCycling.cz je online magaz\u00edn, kter\u00fd v\u00e1m pravideln\u011b p\u0159in\u00e1\u0161\u00ed rady a tipy, zaj\u00edmav\u00e9 \u010dl\u00e1nky, videa a jedine\u010dn\u00e9 report\u00e1\u017ee ze sv\u011bta cyklistiky.\",\"potentialAction\":[{\"@type\":\"SearchAction\",\"target\":{\"@type\":\"EntryPoint\",\"urlTemplate\":\"https:\/\/www.welovecycling.com\/cs\/?s={search_term_string}\"},\"query-input\":{\"@type\":\"PropertyValueSpecification\",\"valueRequired\":true,\"valueName\":\"search_term_string\"}}],\"inLanguage\":\"cs\"},{\"@type\":\"Person\",\"@id\":\"https:\/\/www.welovecycling.com\/cs\/#\/schema\/person\/d9eeb0a378f3a7e4a6d12d2b536b04b8\",\"name\":\"radekmalina\",\"image\":{\"@type\":\"ImageObject\",\"inLanguage\":\"cs\",\"@id\":\"https:\/\/www.welovecycling.com\/cs\/#\/schema\/person\/image\/\",\"url\":\"https:\/\/secure.gravatar.com\/avatar\/66994b632cb8c39a46b9f54afa3ae07201b678d32a54275b6f1c9ffec356bfc0?s=96&d=mm&r=g\",\"contentUrl\":\"https:\/\/secure.gravatar.com\/avatar\/66994b632cb8c39a46b9f54afa3ae07201b678d32a54275b6f1c9ffec356bfc0?s=96&d=mm&r=g\",\"caption\":\"radekmalina\"},\"url\":\"https:\/\/www.welovecycling.com\/cs\/author\/radekmalina\/\"}]}<\/script>\n<!-- \/ Yoast SEO Premium plugin. -->","yoast_head_json":{"title":"Top momenty Tour de France 2025 | \u0160koda We Love Cycling - \u010cesk\u00e1 republika","description":"Spektakul\u00e1rn\u00ed fin\u00e1le v Pa\u0159\u00ed\u017ei, man\u017eelka cyklisty kritizuj\u00edc\u00ed pom\u011bry v jednom z nejlep\u0161\u00edch t\u00fdm\u016f planety, zcela zlomen\u00fd adept na celkov\u00e9 v\u00edt\u011bzstv\u00ed, rekord na Mont Ventoux\u2026 P\u0159esto\u017ee Tour de France 2025 vyhr\u00e1l podle o\u010dek\u00e1v\u00e1n\u00ed Tadej Poga\u010dar z formace UAE Emirates XRG, bitva odehr\u00e1vaj\u00edc\u00ed se stoprocentn\u011b na francouzsk\u00e9m \u00fazem\u00ed byla mimo\u0159\u00e1dn\u011b atraktivn\u00ed od prvn\u00ed do posledn\u00ed etapy. Jak vypadaly top momenty leto\u0161n\u00edho z\u00e1vodu o maillot jaune?","robots":{"index":"index","follow":"follow","max-snippet":"max-snippet:-1","max-image-preview":"max-image-preview:large","max-video-preview":"max-video-preview:-1"},"canonical":"https:\/\/www.welovecycling.com\/cs\/2025\/07\/27\/top-momenty-tour-de-france-2025\/","og_locale":"cs_CZ","og_type":"article","og_title":"Top momenty Tour de France 2025","og_description":"Spektakul\u00e1rn\u00ed fin\u00e1le v Pa\u0159\u00ed\u017ei, man\u017eelka cyklisty kritizuj\u00edc\u00ed pom\u011bry v jednom z nejlep\u0161\u00edch t\u00fdm\u016f planety, zcela zlomen\u00fd adept na celkov\u00e9 v\u00edt\u011bzstv\u00ed, rekord na Mont Ventoux\u2026 P\u0159esto\u017ee Tour de France 2025 vyhr\u00e1l podle o\u010dek\u00e1v\u00e1n\u00ed Tadej Poga\u010dar z formace UAE Emirates XRG, bitva odehr\u00e1vaj\u00edc\u00ed se stoprocentn\u011b na francouzsk\u00e9m \u00fazem\u00ed byla mimo\u0159\u00e1dn\u011b atraktivn\u00ed od prvn\u00ed do posledn\u00ed etapy. Jak vypadaly top momenty leto\u0161n\u00edho z\u00e1vodu o maillot jaune?","og_url":"https:\/\/www.welovecycling.com\/cs\/2025\/07\/27\/top-momenty-tour-de-france-2025\/","og_site_name":"\u0160koda We Love Cycling - \u010cesk\u00e1 republika","article_published_time":"2025-07-27T20:20:11+00:00","article_modified_time":"2025-07-27T20:30:37+00:00","og_image":[{"width":2560,"height":1708,"url":"https:\/\/d2p6e6u75xmxt8.cloudfront.net\/13\/2025\/07\/20250727TDF2034-scaled.webp","type":"image\/webp"}],"author":"radekmalina","twitter_card":"summary_large_image","twitter_misc":{"Written by":"We Love Cycling","Est. reading time":"6"},"schema":{"@context":"https:\/\/schema.org","@graph":[{"@type":"WebPage","@id":"https:\/\/www.welovecycling.com\/cs\/2025\/07\/27\/top-momenty-tour-de-france-2025\/","url":"https:\/\/www.welovecycling.com\/cs\/2025\/07\/27\/top-momenty-tour-de-france-2025\/","name":"Top momenty Tour de France 2025 | \u0160koda We Love Cycling - \u010cesk\u00e1 republika","isPartOf":{"@id":"https:\/\/www.welovecycling.com\/cs\/#website"},"primaryImageOfPage":{"@id":"https:\/\/www.welovecycling.com\/cs\/2025\/07\/27\/top-momenty-tour-de-france-2025\/#primaryimage"},"image":{"@id":"https:\/\/www.welovecycling.com\/cs\/2025\/07\/27\/top-momenty-tour-de-france-2025\/#primaryimage"},"thumbnailUrl":"https:\/\/d2p6e6u75xmxt8.cloudfront.net\/13\/2025\/07\/20250727TDF2034-scaled.webp","datePublished":"2025-07-27T20:20:11+00:00","dateModified":"2025-07-27T20:30:37+00:00","author":{"@id":"https:\/\/www.welovecycling.com\/cs\/#\/schema\/person\/d9eeb0a378f3a7e4a6d12d2b536b04b8"},"description":"Spektakul\u00e1rn\u00ed fin\u00e1le v Pa\u0159\u00ed\u017ei, man\u017eelka cyklisty kritizuj\u00edc\u00ed pom\u011bry v jednom z nejlep\u0161\u00edch t\u00fdm\u016f planety, zcela zlomen\u00fd adept na celkov\u00e9 v\u00edt\u011bzstv\u00ed, rekord na Mont Ventoux\u2026 P\u0159esto\u017ee Tour de France 2025 vyhr\u00e1l podle o\u010dek\u00e1v\u00e1n\u00ed Tadej Poga\u010dar z formace UAE Emirates XRG, bitva odehr\u00e1vaj\u00edc\u00ed se stoprocentn\u011b na francouzsk\u00e9m \u00fazem\u00ed byla mimo\u0159\u00e1dn\u011b atraktivn\u00ed od prvn\u00ed do posledn\u00ed etapy. Jak vypadaly top momenty leto\u0161n\u00edho z\u00e1vodu o maillot jaune?","inLanguage":"cs","potentialAction":[{"@type":"ReadAction","target":["https:\/\/www.welovecycling.com\/cs\/2025\/07\/27\/top-momenty-tour-de-france-2025\/"]}]},{"@type":"ImageObject","inLanguage":"cs","@id":"https:\/\/www.welovecycling.com\/cs\/2025\/07\/27\/top-momenty-tour-de-france-2025\/#primaryimage","url":"https:\/\/d2p6e6u75xmxt8.cloudfront.net\/13\/2025\/07\/20250727TDF2034-scaled.webp","contentUrl":"https:\/\/d2p6e6u75xmxt8.cloudfront.net\/13\/2025\/07\/20250727TDF2034-scaled.webp","width":2560,"height":1708,"caption":"Tour de France 2025 Jonathan Milan Tadej Poga\u010dar Florian Lipowitz"},{"@type":"WebSite","@id":"https:\/\/www.welovecycling.com\/cs\/#website","url":"https:\/\/www.welovecycling.com\/cs\/","name":"\u0160koda We Love Cycling - \u010cesk\u00e1 republika","description":"WeLoveCycling.cz je online magaz\u00edn, kter\u00fd v\u00e1m pravideln\u011b p\u0159in\u00e1\u0161\u00ed rady a tipy, zaj\u00edmav\u00e9 \u010dl\u00e1nky, videa a jedine\u010dn\u00e9 report\u00e1\u017ee ze sv\u011bta cyklistiky.","potentialAction":[{"@type":"SearchAction","target":{"@type":"EntryPoint","urlTemplate":"https:\/\/www.welovecycling.com\/cs\/?s={search_term_string}"},"query-input":{"@type":"PropertyValueSpecification","valueRequired":true,"valueName":"search_term_string"}}],"inLanguage":"cs"},{"@type":"Person","@id":"https:\/\/www.welovecycling.com\/cs\/#\/schema\/person\/d9eeb0a378f3a7e4a6d12d2b536b04b8","name":"radekmalina","image":{"@type":"ImageObject","inLanguage":"cs","@id":"https:\/\/www.welovecycling.com\/cs\/#\/schema\/person\/image\/","url":"https:\/\/secure.gravatar.com\/avatar\/66994b632cb8c39a46b9f54afa3ae07201b678d32a54275b6f1c9ffec356bfc0?s=96&d=mm&r=g","contentUrl":"https:\/\/secure.gravatar.com\/avatar\/66994b632cb8c39a46b9f54afa3ae07201b678d32a54275b6f1c9ffec356bfc0?s=96&d=mm&r=g","caption":"radekmalina"},"url":"https:\/\/www.welovecycling.com\/cs\/author\/radekmalina\/"}]}},"_links":{"self":[{"href":"https:\/\/www.welovecycling.com\/cs\/wp-json\/wp\/v2\/posts\/30272","targetHints":{"allow":["GET"]}}],"collection":[{"href":"https:\/\/www.welovecycling.com\/cs\/wp-json\/wp\/v2\/posts"}],"about":[{"href":"https:\/\/www.welovecycling.com\/cs\/wp-json\/wp\/v2\/types\/post"}],"author":[{"embeddable":true,"href":"https:\/\/www.welovecycling.com\/cs\/wp-json\/wp\/v2\/users\/138"}],"replies":[{"embeddable":true,"href":"https:\/\/www.welovecycling.com\/cs\/wp-json\/wp\/v2\/comments?post=30272"}],"version-history":[{"count":4,"href":"https:\/\/www.welovecycling.com\/cs\/wp-json\/wp\/v2\/posts\/30272\/revisions"}],"predecessor-version":[{"id":30281,"href":"https:\/\/www.welovecycling.com\/cs\/wp-json\/wp\/v2\/posts\/30272\/revisions\/30281"}],"wp:featuredmedia":[{"embeddable":true,"href":"https:\/\/www.welovecycling.com\/cs\/wp-json\/wp\/v2\/media\/30275"}],"wp:attachment":[{"href":"https:\/\/www.welovecycling.com\/cs\/wp-json\/wp\/v2\/media?parent=30272"}],"wp:term":[{"taxonomy":"category","embeddable":true,"href":"https:\/\/www.welovecycling.com\/cs\/wp-json\/wp\/v2\/categories?post=30272"},{"taxonomy":"post_tag","embeddable":true,"href":"https:\/\/www.welovecycling.com\/cs\/wp-json\/wp\/v2\/tags?post=30272"},{"taxonomy":"global-categories","embeddable":true,"href":"https:\/\/www.welovecycling.com\/cs\/wp-json\/wp\/v2\/global-categories?post=30272"}],"curies":[{"name":"wp","href":"https:\/\/api.w.org\/{rel}","templated":true}]}}