{"id":30256,"date":"2025-07-26T20:09:16","date_gmt":"2025-07-26T18:09:16","guid":{"rendered":"https:\/\/www.welovecycling.com\/cs\/?p=30256"},"modified":"2025-07-26T20:09:16","modified_gmt":"2025-07-26T18:09:16","slug":"bukovska-vydrela-na-me-bronzovou-medaili","status":"publish","type":"post","link":"https:\/\/www.welovecycling.com\/cs\/2025\/07\/26\/bukovska-vydrela-na-me-bronzovou-medaili\/","title":{"rendered":"Bukovsk\u00e1 vyd\u0159ela na ME bronzovou medaili"},"content":{"rendered":"<p><strong>Barbora Bukovsk\u00e1 vybojovala bronzovou medaili v cross country na mistrovstv\u00ed Evropy horsk\u00fdch kol v portugalsk\u00e9m Melgacu. \u010cesk\u00e1 juniorka nav\u00e1zala na par\u00e1dn\u00ed p\u0159edstaven\u00ed ze \u010dtvrte\u010dn\u00edho short tracku, v n\u011bm\u017e na kontinent\u00e1ln\u00edm \u0161ampion\u00e1tu vybojovala <a href=\"https:\/\/www.welovecycling.com\/cs\/2025\/07\/24\/barbora-bukovska-ma-z-mistrovstvi-evropy-v-short-tracku-stribro\/\">st\u0159\u00edbro<\/a>.<\/strong><\/p>\n<p><span style=\"font-weight: 400;\">&#8222;M\u00e1m obrovskou radost. Jde o velkou v\u00fdzvu sm\u011brem k mistrovstv\u00ed sv\u011bta ve \u0161v\u00fdcarsk\u00e9 Crans Montan\u011b. Dv\u011b medaile ze \u0161ampion\u00e1tu p\u0159edstavuj\u00ed obrovsk\u00fd impuls z hlediska motivace,&#8220; lebedila si Barbora Bukovsk\u00e1 po bronzov\u00e9m p\u0159edstaven\u00ed. Za v\u00edt\u011bznou \u0160v\u00fdcarkou Grossmannovou zaostala o t\u0159i minuty a jednat\u0159icet sekund. Od st\u0159\u00edbrn\u00e9 Slovinky \u0160erkeziov\u00e9 byla mezera devades\u00e1t \u010dty\u0159i sekund.<\/span><\/p>\n<figure id=\"attachment_30258\" aria-describedby=\"caption-attachment-30258\" style=\"width: 1920px\" class=\"wp-caption alignnone\"><a href=\"https:\/\/d2p6e6u75xmxt8.cloudfront.net\/13\/2025\/07\/ME-MTB-Image-2025-07-24-at-18.19.41-1-scaled.webp\"><img loading=\"lazy\" decoding=\"async\" class=\"size-extra-large wp-image-30258\" src=\"https:\/\/d2p6e6u75xmxt8.cloudfront.net\/13\/2025\/07\/ME-MTB-Image-2025-07-24-at-18.19.41-1-1920x1280.webp\" alt=\"\" width=\"1920\" height=\"1280\" srcset=\"https:\/\/d2p6e6u75xmxt8.cloudfront.net\/13\/2025\/07\/ME-MTB-Image-2025-07-24-at-18.19.41-1-1920x1280.webp 1920w, https:\/\/d2p6e6u75xmxt8.cloudfront.net\/13\/2025\/07\/ME-MTB-Image-2025-07-24-at-18.19.41-1-300x200.webp 300w, https:\/\/d2p6e6u75xmxt8.cloudfront.net\/13\/2025\/07\/ME-MTB-Image-2025-07-24-at-18.19.41-1-1024x683.webp 1024w, https:\/\/d2p6e6u75xmxt8.cloudfront.net\/13\/2025\/07\/ME-MTB-Image-2025-07-24-at-18.19.41-1-768x512.webp 768w, https:\/\/d2p6e6u75xmxt8.cloudfront.net\/13\/2025\/07\/ME-MTB-Image-2025-07-24-at-18.19.41-1-1536x1024.webp 1536w, https:\/\/d2p6e6u75xmxt8.cloudfront.net\/13\/2025\/07\/ME-MTB-Image-2025-07-24-at-18.19.41-1-2048x1365.webp 2048w, https:\/\/d2p6e6u75xmxt8.cloudfront.net\/13\/2025\/07\/ME-MTB-Image-2025-07-24-at-18.19.41-1-400x267.webp 400w, https:\/\/d2p6e6u75xmxt8.cloudfront.net\/13\/2025\/07\/ME-MTB-Image-2025-07-24-at-18.19.41-1-272x182.webp 272w, https:\/\/d2p6e6u75xmxt8.cloudfront.net\/13\/2025\/07\/ME-MTB-Image-2025-07-24-at-18.19.41-1-1920x1280.webp 1920w\" sizes=\"auto, (max-width: 1920px) 100vw, 1920px\" \/><\/a><figcaption id=\"caption-attachment-30258\" class=\"wp-caption-text\"><em>Barbora Bukovsk\u00e1 na mistrovstv\u00ed Evropy horsk\u00fdch kol v Portugalsku p\u0159i z\u00e1vod\u011b v cross country.<\/em><\/figcaption><\/figure>\n<p><span style=\"font-weight: 400;\">Sedmn\u00e1ctilet\u00e1 \u010desk\u00e1 reprezentantka m\u011bla v pr\u016fb\u011bhu z\u00e1vodu, kter\u00fd se jel p\u0159i teplot\u00e1ch p\u0159esahuj\u00edc\u00edch t\u0159icet stup\u0148\u016f, velkou krizi, ale dok\u00e1zala ji p\u0159ekonat a potvrdit v\u00fdjime\u010dnou formu. &#8222;P\u0159ibli\u017en\u011b v polovin\u011b z\u00e1vodu jsem se c\u00edtila hodn\u011b p\u0159eh\u0159\u00e1t\u00e1, m\u011bla jsem k\u0159e\u010de v noh\u00e1ch. Ale postupn\u011b jsem se znovu chytla a v n\u00e1jezdu do posledn\u00edho kola jsem si \u0159ekla, \u017ee t\u0159et\u00ed m\u00edsto si prost\u011b vz\u00edt nenech\u00e1m,&#8220; vypr\u00e1v\u011bla spokojen\u011b Barbora Bukovsk\u00e1.<\/span><\/p>\n<h2><strong>T\u0159i \u010desk\u00e9 reprezentantky v des\u00edtce<\/strong><\/h2>\n<p><span style=\"font-weight: 400;\">Par\u00e1dn\u00ed p\u0159edstaven\u00ed \u010desk\u00fdch juniorek zpe\u010detila dal\u0161\u00ed dv\u011b um\u00edst\u011bn\u00ed v elitn\u00ed des\u00edtce. P\u00e1tou p\u0159\u00ed\u010dku vybojovala Am\u00e1lie Gottwaldov\u00e1, des\u00e1t\u00e1 dojela Lucie Grohov\u00e1.<\/span><\/p>\n<p><span style=\"font-weight: 400;\">&#8222;Po startu jsem se dostala na chvost z\u00e1vodu, ale situace m\u011b sp\u00ed\u0161e vyburcovala. Postupn\u011b jsem se propracovala a\u017e na p\u00e1tou pozici, kterou jsem dr\u017eela a\u017e do c\u00edle. Kone\u010dn\u011b jsem se po del\u0161\u00ed dob\u011b c\u00edtila v z\u00e1vod\u011b dob\u0159e a u\u017eila jsem si ho, p\u0159esto\u017ee \u0161lo o mimo\u0159\u00e1dn\u011b n\u00e1ro\u010dnou bitvu,&#8220; pochvalovala si portugalsk\u00e9 vystoupen\u00ed Am\u00e1lie Gottwaldov\u00e1. &#8222;Bojovala jsem s vysokou teplotou, c\u00edtila jsem se p\u0159eh\u0159\u00e1t\u00e1 a m\u011bla toho dost. Ale dojela jsem v elitn\u00ed des\u00edtce, co\u017e je fajn. Douf\u00e1m, \u017ee na mistrovstv\u00ed sv\u011bta pojedu l\u00e9pe,&#8220; vyhl\u00ed\u017eela Lucie Grohov\u00e1 bitvu o duhov\u00e9 trikoty ve \u0160v\u00fdcarsku.<\/span><\/p>\n<p><a href=\"https:\/\/d2p6e6u75xmxt8.cloudfront.net\/13\/2025\/07\/ME-MTB-Bukovska-scaled.webp\"><img loading=\"lazy\" decoding=\"async\" class=\"alignnone size-extra-large wp-image-30259\" src=\"https:\/\/d2p6e6u75xmxt8.cloudfront.net\/13\/2025\/07\/ME-MTB-Bukovska-1920x1080.webp\" alt=\"\" width=\"1920\" height=\"1080\" srcset=\"https:\/\/d2p6e6u75xmxt8.cloudfront.net\/13\/2025\/07\/ME-MTB-Bukovska-1920x1080.webp 1920w, https:\/\/d2p6e6u75xmxt8.cloudfront.net\/13\/2025\/07\/ME-MTB-Bukovska-300x169.webp 300w, https:\/\/d2p6e6u75xmxt8.cloudfront.net\/13\/2025\/07\/ME-MTB-Bukovska-1024x576.webp 1024w, https:\/\/d2p6e6u75xmxt8.cloudfront.net\/13\/2025\/07\/ME-MTB-Bukovska-768x432.webp 768w, https:\/\/d2p6e6u75xmxt8.cloudfront.net\/13\/2025\/07\/ME-MTB-Bukovska-1536x864.webp 1536w, https:\/\/d2p6e6u75xmxt8.cloudfront.net\/13\/2025\/07\/ME-MTB-Bukovska-2048x1152.webp 2048w, https:\/\/d2p6e6u75xmxt8.cloudfront.net\/13\/2025\/07\/ME-MTB-Bukovska-400x225.webp 400w, https:\/\/d2p6e6u75xmxt8.cloudfront.net\/13\/2025\/07\/ME-MTB-Bukovska-1920x1080.webp 1920w\" sizes=\"auto, (max-width: 1920px) 100vw, 1920px\" \/><\/a><\/p>\n<p><span style=\"font-weight: 400;\">Mezi juniory m\u011bl medailov\u00e9 ambice Kry\u0161tof Ba\u017eant. Po nezavin\u011bn\u00e9m p\u00e1du v\u0161ak p\u0159i\u0161el o veden\u00ed v z\u00e1vod\u011b a propadl se na p\u011btadvac\u00e1tou pozici. N\u00e1slednou st\u00edhac\u00ed j\u00edzdu zastavil p\u0159etr\u017een\u00fd \u0159et\u011bz, kv\u016fli jeho\u017e oprav\u011b musel \u010desk\u00fd junior do depa. Kdy\u017e se vr\u00e1til na tra\u0165, definitivn\u00ed stop vystavila mlad\u00e9mu bikerovi zlomen\u00e1 osa ped\u00e1lu.<\/span><\/p>\n<p><span style=\"font-weight: 400;\">V\u00a0z\u00e1vod\u011b mu\u017e\u016f do 23 let zaznamenal nejlep\u0161\u00ed \u010desk\u00e9 um\u00edst\u011bn\u00ed Patrik \u010cern\u00fd na 21. p\u0159\u00ed\u010dce.<\/span><\/p>\n","protected":false},"excerpt":{"rendered":"<p>Barbora Bukovsk\u00e1 vybojovala bronzovou medaili v cross country na mistrovstv\u00ed Evropy horsk\u00fdch kol v portugalsk\u00e9m Melgacu. \u010cesk\u00e1 juniorka nav\u00e1zala na [&hellip;]<\/p>\n","protected":false},"author":138,"featured_media":30257,"comment_status":"open","ping_status":"open","sticky":false,"template":"","format":"standard","meta":{"footnotes":""},"categories":[11],"tags":[4025,126,56,1290],"global-categories":[411],"class_list":["post-30256","post","type-post","status-publish","format-standard","has-post-thumbnail","hentry","category-horska-cyklistika","tag-barbora-bukovska","tag-cyklistika","tag-horska-cyklistika","tag-mistrovstvi-evropy","global-categories-cycling"],"yoast_head":"<!-- This site is optimized with the Yoast SEO Premium plugin v25.3 (Yoast SEO v25.9) - https:\/\/yoast.com\/wordpress\/plugins\/seo\/ -->\n<title>Bukovsk\u00e1 vyd\u0159ela na ME bronzovou medaili | \u0160koda We Love Cycling - \u010cesk\u00e1 republika<\/title>\n<meta name=\"description\" content=\"Barbora Bukovsk\u00e1 vybojovala bronzovou medaili v cross country na mistrovstv\u00ed Evropy horsk\u00fdch kol v portugalsk\u00e9m Melgacu. \u010cesk\u00e1 juniorka nav\u00e1zala na par\u00e1dn\u00ed p\u0159edstaven\u00ed ze \u010dtvrte\u010dn\u00edho short tracku, v n\u011bm\u017e na kontinent\u00e1ln\u00edm \u0161ampion\u00e1tu vybojovala st\u0159\u00edbro.\" \/>\n<meta name=\"robots\" content=\"index, follow, max-snippet:-1, max-image-preview:large, max-video-preview:-1\" \/>\n<link rel=\"canonical\" href=\"https:\/\/www.welovecycling.com\/cs\/2025\/07\/26\/bukovska-vydrela-na-me-bronzovou-medaili\/\" \/>\n<meta property=\"og:locale\" content=\"cs_CZ\" \/>\n<meta property=\"og:type\" content=\"article\" \/>\n<meta property=\"og:title\" content=\"Bukovsk\u00e1 vyd\u0159ela na ME bronzovou medaili\" \/>\n<meta property=\"og:description\" content=\"Barbora Bukovsk\u00e1 vybojovala bronzovou medaili v cross country na mistrovstv\u00ed Evropy horsk\u00fdch kol v portugalsk\u00e9m Melgacu. \u010cesk\u00e1 juniorka nav\u00e1zala na par\u00e1dn\u00ed p\u0159edstaven\u00ed ze \u010dtvrte\u010dn\u00edho short tracku, v n\u011bm\u017e na kontinent\u00e1ln\u00edm \u0161ampion\u00e1tu vybojovala st\u0159\u00edbro.\" \/>\n<meta property=\"og:url\" content=\"https:\/\/www.welovecycling.com\/cs\/2025\/07\/26\/bukovska-vydrela-na-me-bronzovou-medaili\/\" \/>\n<meta property=\"og:site_name\" content=\"\u0160koda We Love Cycling - \u010cesk\u00e1 republika\" \/>\n<meta property=\"article:published_time\" content=\"2025-07-26T18:09:16+00:00\" \/>\n<meta property=\"og:image\" content=\"https:\/\/d2p6e6u75xmxt8.cloudfront.net\/13\/2025\/07\/ME-MTB-Image-2025-07-24-at-18.19.41-scaled.webp\" \/>\n\t<meta property=\"og:image:width\" content=\"2560\" \/>\n\t<meta property=\"og:image:height\" content=\"1515\" \/>\n\t<meta property=\"og:image:type\" content=\"image\/webp\" \/>\n<meta name=\"author\" content=\"radekmalina\" \/>\n<meta name=\"twitter:card\" content=\"summary_large_image\" \/>\n<meta name=\"twitter:label1\" content=\"Written by\" \/>\n\t<meta name=\"twitter:data1\" content=\"We Love Cycling\" \/>\n\t<meta name=\"twitter:label2\" content=\"Est. reading time\" \/>\n\t<meta name=\"twitter:data2\" content=\"5\" \/>\n<script type=\"application\/ld+json\" class=\"yoast-schema-graph\">{\"@context\":\"https:\/\/schema.org\",\"@graph\":[{\"@type\":\"WebPage\",\"@id\":\"https:\/\/www.welovecycling.com\/cs\/2025\/07\/26\/bukovska-vydrela-na-me-bronzovou-medaili\/\",\"url\":\"https:\/\/www.welovecycling.com\/cs\/2025\/07\/26\/bukovska-vydrela-na-me-bronzovou-medaili\/\",\"name\":\"Bukovsk\u00e1 vyd\u0159ela na ME bronzovou medaili | \u0160koda We Love Cycling - \u010cesk\u00e1 republika\",\"isPartOf\":{\"@id\":\"https:\/\/www.welovecycling.com\/cs\/#website\"},\"primaryImageOfPage\":{\"@id\":\"https:\/\/www.welovecycling.com\/cs\/2025\/07\/26\/bukovska-vydrela-na-me-bronzovou-medaili\/#primaryimage\"},\"image\":{\"@id\":\"https:\/\/www.welovecycling.com\/cs\/2025\/07\/26\/bukovska-vydrela-na-me-bronzovou-medaili\/#primaryimage\"},\"thumbnailUrl\":\"https:\/\/d2p6e6u75xmxt8.cloudfront.net\/13\/2025\/07\/ME-MTB-Image-2025-07-24-at-18.19.41-scaled.webp\",\"datePublished\":\"2025-07-26T18:09:16+00:00\",\"author\":{\"@id\":\"https:\/\/www.welovecycling.com\/cs\/#\/schema\/person\/d9eeb0a378f3a7e4a6d12d2b536b04b8\"},\"description\":\"Barbora Bukovsk\u00e1 vybojovala bronzovou medaili v cross country na mistrovstv\u00ed Evropy horsk\u00fdch kol v portugalsk\u00e9m Melgacu. \u010cesk\u00e1 juniorka nav\u00e1zala na par\u00e1dn\u00ed p\u0159edstaven\u00ed ze \u010dtvrte\u010dn\u00edho short tracku, v n\u011bm\u017e na kontinent\u00e1ln\u00edm \u0161ampion\u00e1tu vybojovala st\u0159\u00edbro.\",\"inLanguage\":\"cs\",\"potentialAction\":[{\"@type\":\"ReadAction\",\"target\":[\"https:\/\/www.welovecycling.com\/cs\/2025\/07\/26\/bukovska-vydrela-na-me-bronzovou-medaili\/\"]}]},{\"@type\":\"ImageObject\",\"inLanguage\":\"cs\",\"@id\":\"https:\/\/www.welovecycling.com\/cs\/2025\/07\/26\/bukovska-vydrela-na-me-bronzovou-medaili\/#primaryimage\",\"url\":\"https:\/\/d2p6e6u75xmxt8.cloudfront.net\/13\/2025\/07\/ME-MTB-Image-2025-07-24-at-18.19.41-scaled.webp\",\"contentUrl\":\"https:\/\/d2p6e6u75xmxt8.cloudfront.net\/13\/2025\/07\/ME-MTB-Image-2025-07-24-at-18.19.41-scaled.webp\",\"width\":2560,\"height\":1515,\"caption\":\"Barbora Bukovsk\u00e1 z\u00edskala na ME v cross country bronzovou medaili.\"},{\"@type\":\"WebSite\",\"@id\":\"https:\/\/www.welovecycling.com\/cs\/#website\",\"url\":\"https:\/\/www.welovecycling.com\/cs\/\",\"name\":\"\u0160koda We Love Cycling - \u010cesk\u00e1 republika\",\"description\":\"WeLoveCycling.cz je online magaz\u00edn, kter\u00fd v\u00e1m pravideln\u011b p\u0159in\u00e1\u0161\u00ed rady a tipy, zaj\u00edmav\u00e9 \u010dl\u00e1nky, videa a jedine\u010dn\u00e9 report\u00e1\u017ee ze sv\u011bta cyklistiky.\",\"potentialAction\":[{\"@type\":\"SearchAction\",\"target\":{\"@type\":\"EntryPoint\",\"urlTemplate\":\"https:\/\/www.welovecycling.com\/cs\/?s={search_term_string}\"},\"query-input\":{\"@type\":\"PropertyValueSpecification\",\"valueRequired\":true,\"valueName\":\"search_term_string\"}}],\"inLanguage\":\"cs\"},{\"@type\":\"Person\",\"@id\":\"https:\/\/www.welovecycling.com\/cs\/#\/schema\/person\/d9eeb0a378f3a7e4a6d12d2b536b04b8\",\"name\":\"radekmalina\",\"image\":{\"@type\":\"ImageObject\",\"inLanguage\":\"cs\",\"@id\":\"https:\/\/www.welovecycling.com\/cs\/#\/schema\/person\/image\/\",\"url\":\"https:\/\/secure.gravatar.com\/avatar\/66994b632cb8c39a46b9f54afa3ae07201b678d32a54275b6f1c9ffec356bfc0?s=96&d=mm&r=g\",\"contentUrl\":\"https:\/\/secure.gravatar.com\/avatar\/66994b632cb8c39a46b9f54afa3ae07201b678d32a54275b6f1c9ffec356bfc0?s=96&d=mm&r=g\",\"caption\":\"radekmalina\"},\"url\":\"https:\/\/www.welovecycling.com\/cs\/author\/radekmalina\/\"}]}<\/script>\n<!-- \/ Yoast SEO Premium plugin. -->","yoast_head_json":{"title":"Bukovsk\u00e1 vyd\u0159ela na ME bronzovou medaili | \u0160koda We Love Cycling - \u010cesk\u00e1 republika","description":"Barbora Bukovsk\u00e1 vybojovala bronzovou medaili v cross country na mistrovstv\u00ed Evropy horsk\u00fdch kol v portugalsk\u00e9m Melgacu. \u010cesk\u00e1 juniorka nav\u00e1zala na par\u00e1dn\u00ed p\u0159edstaven\u00ed ze \u010dtvrte\u010dn\u00edho short tracku, v n\u011bm\u017e na kontinent\u00e1ln\u00edm \u0161ampion\u00e1tu vybojovala st\u0159\u00edbro.","robots":{"index":"index","follow":"follow","max-snippet":"max-snippet:-1","max-image-preview":"max-image-preview:large","max-video-preview":"max-video-preview:-1"},"canonical":"https:\/\/www.welovecycling.com\/cs\/2025\/07\/26\/bukovska-vydrela-na-me-bronzovou-medaili\/","og_locale":"cs_CZ","og_type":"article","og_title":"Bukovsk\u00e1 vyd\u0159ela na ME bronzovou medaili","og_description":"Barbora Bukovsk\u00e1 vybojovala bronzovou medaili v cross country na mistrovstv\u00ed Evropy horsk\u00fdch kol v portugalsk\u00e9m Melgacu. \u010cesk\u00e1 juniorka nav\u00e1zala na par\u00e1dn\u00ed p\u0159edstaven\u00ed ze \u010dtvrte\u010dn\u00edho short tracku, v n\u011bm\u017e na kontinent\u00e1ln\u00edm \u0161ampion\u00e1tu vybojovala st\u0159\u00edbro.","og_url":"https:\/\/www.welovecycling.com\/cs\/2025\/07\/26\/bukovska-vydrela-na-me-bronzovou-medaili\/","og_site_name":"\u0160koda We Love Cycling - \u010cesk\u00e1 republika","article_published_time":"2025-07-26T18:09:16+00:00","og_image":[{"width":2560,"height":1515,"url":"https:\/\/d2p6e6u75xmxt8.cloudfront.net\/13\/2025\/07\/ME-MTB-Image-2025-07-24-at-18.19.41-scaled.webp","type":"image\/webp"}],"author":"radekmalina","twitter_card":"summary_large_image","twitter_misc":{"Written by":"We Love Cycling","Est. reading time":"5"},"schema":{"@context":"https:\/\/schema.org","@graph":[{"@type":"WebPage","@id":"https:\/\/www.welovecycling.com\/cs\/2025\/07\/26\/bukovska-vydrela-na-me-bronzovou-medaili\/","url":"https:\/\/www.welovecycling.com\/cs\/2025\/07\/26\/bukovska-vydrela-na-me-bronzovou-medaili\/","name":"Bukovsk\u00e1 vyd\u0159ela na ME bronzovou medaili | \u0160koda We Love Cycling - \u010cesk\u00e1 republika","isPartOf":{"@id":"https:\/\/www.welovecycling.com\/cs\/#website"},"primaryImageOfPage":{"@id":"https:\/\/www.welovecycling.com\/cs\/2025\/07\/26\/bukovska-vydrela-na-me-bronzovou-medaili\/#primaryimage"},"image":{"@id":"https:\/\/www.welovecycling.com\/cs\/2025\/07\/26\/bukovska-vydrela-na-me-bronzovou-medaili\/#primaryimage"},"thumbnailUrl":"https:\/\/d2p6e6u75xmxt8.cloudfront.net\/13\/2025\/07\/ME-MTB-Image-2025-07-24-at-18.19.41-scaled.webp","datePublished":"2025-07-26T18:09:16+00:00","author":{"@id":"https:\/\/www.welovecycling.com\/cs\/#\/schema\/person\/d9eeb0a378f3a7e4a6d12d2b536b04b8"},"description":"Barbora Bukovsk\u00e1 vybojovala bronzovou medaili v cross country na mistrovstv\u00ed Evropy horsk\u00fdch kol v portugalsk\u00e9m Melgacu. \u010cesk\u00e1 juniorka nav\u00e1zala na par\u00e1dn\u00ed p\u0159edstaven\u00ed ze \u010dtvrte\u010dn\u00edho short tracku, v n\u011bm\u017e na kontinent\u00e1ln\u00edm \u0161ampion\u00e1tu vybojovala st\u0159\u00edbro.","inLanguage":"cs","potentialAction":[{"@type":"ReadAction","target":["https:\/\/www.welovecycling.com\/cs\/2025\/07\/26\/bukovska-vydrela-na-me-bronzovou-medaili\/"]}]},{"@type":"ImageObject","inLanguage":"cs","@id":"https:\/\/www.welovecycling.com\/cs\/2025\/07\/26\/bukovska-vydrela-na-me-bronzovou-medaili\/#primaryimage","url":"https:\/\/d2p6e6u75xmxt8.cloudfront.net\/13\/2025\/07\/ME-MTB-Image-2025-07-24-at-18.19.41-scaled.webp","contentUrl":"https:\/\/d2p6e6u75xmxt8.cloudfront.net\/13\/2025\/07\/ME-MTB-Image-2025-07-24-at-18.19.41-scaled.webp","width":2560,"height":1515,"caption":"Barbora Bukovsk\u00e1 z\u00edskala na ME v cross country bronzovou medaili."},{"@type":"WebSite","@id":"https:\/\/www.welovecycling.com\/cs\/#website","url":"https:\/\/www.welovecycling.com\/cs\/","name":"\u0160koda We Love Cycling - \u010cesk\u00e1 republika","description":"WeLoveCycling.cz je online magaz\u00edn, kter\u00fd v\u00e1m pravideln\u011b p\u0159in\u00e1\u0161\u00ed rady a tipy, zaj\u00edmav\u00e9 \u010dl\u00e1nky, videa a jedine\u010dn\u00e9 report\u00e1\u017ee ze sv\u011bta cyklistiky.","potentialAction":[{"@type":"SearchAction","target":{"@type":"EntryPoint","urlTemplate":"https:\/\/www.welovecycling.com\/cs\/?s={search_term_string}"},"query-input":{"@type":"PropertyValueSpecification","valueRequired":true,"valueName":"search_term_string"}}],"inLanguage":"cs"},{"@type":"Person","@id":"https:\/\/www.welovecycling.com\/cs\/#\/schema\/person\/d9eeb0a378f3a7e4a6d12d2b536b04b8","name":"radekmalina","image":{"@type":"ImageObject","inLanguage":"cs","@id":"https:\/\/www.welovecycling.com\/cs\/#\/schema\/person\/image\/","url":"https:\/\/secure.gravatar.com\/avatar\/66994b632cb8c39a46b9f54afa3ae07201b678d32a54275b6f1c9ffec356bfc0?s=96&d=mm&r=g","contentUrl":"https:\/\/secure.gravatar.com\/avatar\/66994b632cb8c39a46b9f54afa3ae07201b678d32a54275b6f1c9ffec356bfc0?s=96&d=mm&r=g","caption":"radekmalina"},"url":"https:\/\/www.welovecycling.com\/cs\/author\/radekmalina\/"}]}},"_links":{"self":[{"href":"https:\/\/www.welovecycling.com\/cs\/wp-json\/wp\/v2\/posts\/30256","targetHints":{"allow":["GET"]}}],"collection":[{"href":"https:\/\/www.welovecycling.com\/cs\/wp-json\/wp\/v2\/posts"}],"about":[{"href":"https:\/\/www.welovecycling.com\/cs\/wp-json\/wp\/v2\/types\/post"}],"author":[{"embeddable":true,"href":"https:\/\/www.welovecycling.com\/cs\/wp-json\/wp\/v2\/users\/138"}],"replies":[{"embeddable":true,"href":"https:\/\/www.welovecycling.com\/cs\/wp-json\/wp\/v2\/comments?post=30256"}],"version-history":[{"count":1,"href":"https:\/\/www.welovecycling.com\/cs\/wp-json\/wp\/v2\/posts\/30256\/revisions"}],"predecessor-version":[{"id":30260,"href":"https:\/\/www.welovecycling.com\/cs\/wp-json\/wp\/v2\/posts\/30256\/revisions\/30260"}],"wp:featuredmedia":[{"embeddable":true,"href":"https:\/\/www.welovecycling.com\/cs\/wp-json\/wp\/v2\/media\/30257"}],"wp:attachment":[{"href":"https:\/\/www.welovecycling.com\/cs\/wp-json\/wp\/v2\/media?parent=30256"}],"wp:term":[{"taxonomy":"category","embeddable":true,"href":"https:\/\/www.welovecycling.com\/cs\/wp-json\/wp\/v2\/categories?post=30256"},{"taxonomy":"post_tag","embeddable":true,"href":"https:\/\/www.welovecycling.com\/cs\/wp-json\/wp\/v2\/tags?post=30256"},{"taxonomy":"global-categories","embeddable":true,"href":"https:\/\/www.welovecycling.com\/cs\/wp-json\/wp\/v2\/global-categories?post=30256"}],"curies":[{"name":"wp","href":"https:\/\/api.w.org\/{rel}","templated":true}]}}