{"id":30188,"date":"2025-07-24T06:00:12","date_gmt":"2025-07-24T04:00:12","guid":{"rendered":"https:\/\/www.welovecycling.com\/cs\/?p=30188"},"modified":"2025-07-23T17:59:50","modified_gmt":"2025-07-23T15:59:50","slug":"rozpocty-tymu-na-tour-je-konkurenceschopnost-iluze","status":"publish","type":"post","link":"https:\/\/www.welovecycling.com\/cs\/2025\/07\/24\/rozpocty-tymu-na-tour-je-konkurenceschopnost-iluze\/","title":{"rendered":"Rozpo\u010dty t\u00fdm\u016f na Tour: je konkurenceschopnost iluze?"},"content":{"rendered":"<p><strong>\u0160est set milion\u016f eur, tedy p\u0159ibli\u017en\u011b patn\u00e1ct miliard korun je v sou\u010dtu ro\u010dn\u00ed rozpo\u010det t\u00fdm\u016f startuj\u00edc\u00edch na Tour de France 2025. Kdo pat\u0159\u00ed na \u0161pi\u010dku \u017eeb\u0159\u00ed\u010dku? Kdo je nejv\u011bt\u0161\u00ed chu\u010fas? A p\u0159edstavuje nejv\u011bt\u0161\u00ed budget garanci \u00fasp\u011bchu?<\/strong><\/p>\n<p>Sv\u011btu vl\u00e1dnou pen\u00edze. A cyklistika nen\u00ed v\u00fdjimka. Za posledn\u00edch \u0161est let na ka\u017ed\u00e9 z Grand Tour slavil v\u00edt\u011bzstv\u00ed pouze jednou jezdec, kter\u00fd nefiguroval na soupisce n\u011bkter\u00e9ho ze super t\u00fdm\u016f, kam pat\u0159\u00ed UAE Emirates XRG, Visma Lease a Bike, Ineos Grenadiers, Red Bull Bora hansgrohe a tak\u00e9 Lidl-Trek. To v sezon\u011b 2022 ovl\u00e1dl Remco Evenepoel \u0161pan\u011blskou Vueltu, p\u0159i\u010dem\u017e tehdy jeho st\u00e1j Quick Step Alpha Vinyl rozhodn\u011b pat\u0159ila k t\u011bm nejsiln\u011bj\u0161\u00edm ze skupiny siln\u00e9ho ekonomick\u00e9ho st\u0159edu. Tour de France m\u00e1 dokonce u\u017e od sezony 2015 \u0161ampiona poch\u00e1zej\u00edc\u00edho v\u00fdlu\u010dn\u011b ze t\u0159\u00ed nejl\u00e9pe zaji\u0161t\u011bn\u00fdch t\u00fdm\u016f.<\/p>\n<p>Jednozna\u010dn\u011b nejsiln\u011bj\u0161\u00edm t\u00fdmem World Tour je UAE Emirates XRG dotovan\u00fd \u0161ejky, kde m\u00e1 Tadej Poga\u010dar a jeho dru\u017eina k dispozici \u010d\u00e1stku 65 milion\u016f eur, druhou p\u0159\u00ed\u010dku dr\u017e\u00ed Red Bull Bora-hansgrohe s pades\u00e1ti miliony eur, t\u0159et\u00ed je Visma-Lease a Bike s p\u011bta\u010dty\u0159iceti miliony eur, n\u00e1sleduje Ineos-Grenadiers se \u010dty\u0159iceti miliony, jimi\u017e disponuje i Lidl-Trek.<\/p>\n<p>Na chvostu osmn\u00e1cti\u010dlenn\u00e9ho pelotonu World Tour jsou sestavy Intermarch\u00e9-Wanty a Ark\u00e9a-B&amp;B s osmn\u00e1cti miliony eur. A pak je tu p\u011bt sestav s licenc\u00ed UCI Pro, tedy druhou nejvy\u0161\u0161\u00ed v profesion\u00e1ln\u00ed cyklistice, kter\u00e9 se sna\u017e\u00ed p\u0159ibl\u00ed\u017eit elit\u011b. V sou\u010dtu se formace startuj\u00edc\u00ed na Tour de France 2025 dostanou p\u0159es \u0161est set milion\u016f eur. Jenom pro p\u0159edstavu, rozpo\u010det nejbohat\u0161\u00edho fotbalov\u00e9ho klubu sv\u011bta &#8211; Realu Madrid &#8211; je miliarda eur na jednu sezonu! Cel\u00fd peloton leto\u0161n\u00edho Grande Boucle se rovn\u00e1 dev\u00e1t\u00e9mu nejbohat\u0161\u00edmu fotbalov\u00e9mu klubu planety, j\u00edm\u017e je Tottenham Hottspur s 615 miliony eur.<\/p>\n<h2><strong>Rozpo\u010det t\u00fdmu World Tour vzrostl p\u011btkr\u00e1t<\/strong><\/h2>\n<p>Cyklistika p\u0159itom za\u017e\u00edv\u00e1 zlat\u00e9 \u010dasy. Rozhodn\u011b z hlediska ekonomick\u00e9ho. Podle dat serveru Domestique \u010dinil kombinovan\u00fd pro sezonu 2021 rozpo\u010det v\u0161ech t\u00fdm\u016f mu\u017esk\u00e9 World Tour 379 milion\u016f eur. B\u011bhem sezony 2025 se osmn\u00e1ct t\u00fdm\u016f World Tour p\u0159ehouplo p\u0159es 570 milion\u016f eur. Vzestup je doslova raketov\u00fd. Je\u0161t\u011b p\u0159ed dvaceti lety byl pr\u016fm\u011brn\u00fd rozpo\u010det t\u00fdmu p\u011bt milion\u016f eur. O deset let pozd\u011bji byla \u010d\u00e1stka dvojn\u00e1sobn\u00e1. Nyn\u00ed je za pr\u016fm\u011br p\u0159i vy\u0161krtnut\u00ed nejbohat\u0161\u00edho a nejslab\u0161\u00edho t\u00fdmu 27 milion\u016f eur.<\/p>\n<figure id=\"attachment_30189\" aria-describedby=\"caption-attachment-30189\" style=\"width: 1920px\" class=\"wp-caption alignnone\"><a href=\"https:\/\/d2p6e6u75xmxt8.cloudfront.net\/13\/2025\/07\/20250708TDF2101-scaled.webp\"><img loading=\"lazy\" decoding=\"async\" class=\"size-extra-large wp-image-30189\" src=\"https:\/\/d2p6e6u75xmxt8.cloudfront.net\/13\/2025\/07\/20250708TDF2101-1920x1280.webp\" alt=\"\" width=\"1920\" height=\"1280\" srcset=\"https:\/\/d2p6e6u75xmxt8.cloudfront.net\/13\/2025\/07\/20250708TDF2101-1920x1280.webp 1920w, https:\/\/d2p6e6u75xmxt8.cloudfront.net\/13\/2025\/07\/20250708TDF2101-300x200.webp 300w, https:\/\/d2p6e6u75xmxt8.cloudfront.net\/13\/2025\/07\/20250708TDF2101-1024x683.webp 1024w, https:\/\/d2p6e6u75xmxt8.cloudfront.net\/13\/2025\/07\/20250708TDF2101-768x512.webp 768w, https:\/\/d2p6e6u75xmxt8.cloudfront.net\/13\/2025\/07\/20250708TDF2101-1536x1024.webp 1536w, https:\/\/d2p6e6u75xmxt8.cloudfront.net\/13\/2025\/07\/20250708TDF2101-2048x1365.webp 2048w, https:\/\/d2p6e6u75xmxt8.cloudfront.net\/13\/2025\/07\/20250708TDF2101-400x267.webp 400w, https:\/\/d2p6e6u75xmxt8.cloudfront.net\/13\/2025\/07\/20250708TDF2101-272x182.webp 272w, https:\/\/d2p6e6u75xmxt8.cloudfront.net\/13\/2025\/07\/20250708TDF2101-1920x1280.webp 1920w\" sizes=\"auto, (max-width: 1920px) 100vw, 1920px\" \/><\/a><figcaption id=\"caption-attachment-30189\" class=\"wp-caption-text\"><em>UAE Emirates XRG je nejbohat\u0161\u00ed t\u00fdm World Tour. Rozpo\u010det \u010din\u00ed 65 milion\u016f eur ro\u010dn\u011b. Foto: A.S.O.\/Billy Ceusters<\/em><\/figcaption><\/figure>\n<p>Rozkl\u00ed\u010dovat t\u00fdmov\u00e9 rozpo\u010dty v cyklistice je v\u0161ak velmi slo\u017eit\u00e9. Je toti\u017e prakticky nemo\u017en\u00e9 ur\u010dit, zda uve\u0159ejn\u011bn\u00e1 \u010d\u00e1stka zahrnuje jenom finan\u010dn\u00ed p\u0159\u00edjmy od sponzor\u016f, p\u0159\u00edpadn\u011b se jedn\u00e1 o kombinaci pen\u011bz z\u00edskan\u00fdch od sponzor\u016f a z dal\u0161\u00edch t\u00fdmov\u00fdch aktivit. Kup\u0159\u00edkladu formace Picnic PostNL ve spolupr\u00e1ci s t\u00fdmov\u00fdm sponzorem uvedla na trh \u0159adu vlastn\u00edch v\u00fd\u017eivov\u00fdch dopl\u0148k\u016f.<br \/>\nA pak existuje je\u0161t\u011b t\u0159et\u00ed varianta, \u017ee jsou zapo\u010d\u00edt\u00e1ny i polo\u017eky, respektive jejich hodnota, kter\u00e9 t\u00fdmy z\u00edsk\u00e1vaj\u00ed od partner\u016f bez finan\u010dn\u00edho pln\u011bn\u00ed.<\/p>\n<p>Jistou \u010d\u00e1st p\u0159\u00edjm\u016f plynouc\u00edch ka\u017edoro\u010dn\u011b do t\u00fdmov\u00e9 kasy tvo\u0159\u00ed odm\u011bny ze z\u00e1vod\u016f, co\u017e v p\u0159\u00edpad\u011b Tour de France m\u016f\u017ee b\u00fdt skute\u010dn\u011b par\u00e1dn\u00ed bonus. A pak jsou zde t\u0159eba prodeje vlastn\u00edho zbo\u017e\u00ed jako je t\u00fdmov\u00e9 oble\u010den\u00ed p\u0159\u00edpadn\u011b VIP bal\u00ed\u010dky na z\u00e1vody.<\/p>\n<div class=\"shortcode-ys-post-pinup\"><article class=\"loop-simple post-27583 post type-post status-publish format-standard has-post-thumbnail hentry category-silnicni-cyklistika tag-astana tag-cyklistika tag-licence tag-mark-cavendish tag-sestupovy-system-world-tour tag-silnicni-cyklistika tag-world-tour tag-xds-carbon-tech global-categories-cycling\" data-postid=\"27583\" role=\"article\" data-post-id=\"27583\" data-word-count=\"561\" data-headline-length=\"64\" data-category=\"Silni\u010dn\u00ed cyklistika\" data-global-category=\"Cycling\" data-author=\"We Love Cycling\" data-published=\"2024-11-18T09:53:53+02:00\" data-published-day=\"Monday\">\n    <div class=\"entry-thumbnail article-thumbnail\" content=\"https:\/\/d2p6e6u75xmxt8.cloudfront.net\/13\/2024\/06\/profimedia-0885779816-150x150.webp\"><a href=\"https:\/\/www.welovecycling.com\/cs\/2024\/11\/18\/astana-doufa-ze-ji-cinske-penize-zachrani-ve-world-tour\/\" class=\"image-holder\" target=\"_self\"><img decoding=\"async\" loading=\"lazy\" class=\"\" src=\"https:\/\/d2p6e6u75xmxt8.cloudfront.net\/13\/2024\/06\/profimedia-0885779816-1024x683.webp\" srcset=\"https:\/\/d2p6e6u75xmxt8.cloudfront.net\/13\/2024\/06\/profimedia-0885779816.webp 1800w, https:\/\/d2p6e6u75xmxt8.cloudfront.net\/13\/2024\/06\/profimedia-0885779816-300x200.webp 300w, https:\/\/d2p6e6u75xmxt8.cloudfront.net\/13\/2024\/06\/profimedia-0885779816-1024x683.webp 1024w, https:\/\/d2p6e6u75xmxt8.cloudfront.net\/13\/2024\/06\/profimedia-0885779816-768x512.webp 768w, https:\/\/d2p6e6u75xmxt8.cloudfront.net\/13\/2024\/06\/profimedia-0885779816-1536x1024.webp 1536w, https:\/\/d2p6e6u75xmxt8.cloudfront.net\/13\/2024\/06\/profimedia-0885779816-400x267.webp 400w, https:\/\/d2p6e6u75xmxt8.cloudfront.net\/13\/2024\/06\/profimedia-0885779816-272x182.webp 272w\" width=\"1024\" height=\"683\" sizes=\"auto, (min-width: 1200px) 300px, (min-width: 768px) 25vw, 100vw\" alt=\"astana-doufa-ze-ji-cinske-penize-zachrani-ve-world-tour\"\/><\/a><\/div>    <div class=\"entry-meta\">\n        <a class=\"label label-secondary post-category\" href=\"https:\/\/www.welovecycling.com\/cs\/category\/silnicni-cyklistika\/\" title=\"Silni\u010dn\u00ed cyklistika\">Silni\u010dn\u00ed cyklistika<\/a>\n    <\/div>\n    <div class=\"entry-details\">\n        <a href=\"https:\/\/www.welovecycling.com\/cs\/2024\/11\/18\/astana-doufa-ze-ji-cinske-penize-zachrani-ve-world-tour\/\" class='entry-title-wrapper'>\n            <h3 class=\"entry-title\"><span>Astana douf\u00e1, \u017ee ji \u010d\u00ednsk\u00e9 pen\u00edze zachr\u00e1n\u00ed ve World Tour<\/span><\/h3>\n        <\/a>\n    <\/div>\n    <\/article>\n<\/div>\n<p>Velkou prom\u011bnou p\u0159edstavuje skute\u010dnost, \u017ee n\u011bkter\u00e9 formace umo\u017e\u0148uj\u00ed jezdc\u016fm individu\u00e1ln\u00ed kontrakty s vlastn\u00edmi sponzory, kte\u0159\u00ed dostanou prostor ke zviditeln\u00ed t\u00e9m\u011b\u0159 v\u00fdlu\u010dn\u011b na p\u0159ilb\u011b, proto\u017ee dres respektive kombin\u00e9za je v\u00fdsadn\u00edm prostorem pro marketingov\u00e9 odd\u011blen\u00ed t\u00fdm\u016f. A tak kup\u0159\u00edkladu Jonas Vingegaard veze p\u0159ilbu v barv\u00e1ch stavebn\u00ed spole\u010dnosti Bygma, jeho t\u00fdmov\u00fd par\u0165\u00e1k Wout van Aert zase pou\u017e\u00edv\u00e1 helmu v barv\u00e1ch n\u00e1pojov\u00e9ho giganta Red Bull. Podle v\u0161eho tyto kontrakty umo\u017e\u0148uj\u00ed t\u00fdm\u016fm u\u0161et\u0159it na rozpo\u010dtech, proto\u017ee \u010d\u00e1st plat\u016f vybran\u00fdch jezdc\u016f pokryj\u00ed pr\u00e1v\u011b osobn\u00ed sponzo\u0159i. A tak m\u016f\u017ee veden\u00ed sestavy pou\u017e\u00edt u\u0161et\u0159en\u00e9 pen\u00edze v jin\u00fdch oblastech.<\/p>\n<h2><strong>\u00dasp\u011bch garantuje dal\u0161\u00ed pen\u00edze<\/strong><\/h2>\n<p>Ka\u017edop\u00e1dn\u011b existuje jasn\u00e1 rovnice, \u017ee pen\u00edze znamenaj\u00ed \u00fasp\u011bch a generuj\u00ed dal\u0161\u00ed pen\u00edze. Lep\u0161\u00ed jezdci znamenaj\u00ed lep\u0161\u00ed v\u00fdsledky a vy\u0161\u0161\u00ed odm\u011bny. Triumfy znamenaj\u00ed popularitu, kter\u00e1 je \u017e\u00e1douc\u00ed pro marketing. Dresy UAE Emirates, Visma Lease a Bike \u010di Ineosu jsou mezi cyklistickou ve\u0159ejnost\u00ed rozhodn\u011b popul\u00e1rn\u011bj\u0161\u00ed ne\u017e trikoty t\u00fdm\u016f z chvostu startovn\u00edho pole.<\/p>\n<figure id=\"attachment_29838\" aria-describedby=\"caption-attachment-29838\" style=\"width: 1920px\" class=\"wp-caption alignnone\"><a href=\"https:\/\/d2p6e6u75xmxt8.cloudfront.net\/13\/2025\/07\/20250707TDF1039-scaled.webp\"><img loading=\"lazy\" decoding=\"async\" class=\"size-extra-large wp-image-29838\" src=\"https:\/\/d2p6e6u75xmxt8.cloudfront.net\/13\/2025\/07\/20250707TDF1039-1920x1280.webp\" alt=\"\" width=\"1920\" height=\"1280\" srcset=\"https:\/\/d2p6e6u75xmxt8.cloudfront.net\/13\/2025\/07\/20250707TDF1039-1920x1280.webp 1920w, https:\/\/d2p6e6u75xmxt8.cloudfront.net\/13\/2025\/07\/20250707TDF1039-300x200.webp 300w, https:\/\/d2p6e6u75xmxt8.cloudfront.net\/13\/2025\/07\/20250707TDF1039-1024x683.webp 1024w, https:\/\/d2p6e6u75xmxt8.cloudfront.net\/13\/2025\/07\/20250707TDF1039-768x512.webp 768w, https:\/\/d2p6e6u75xmxt8.cloudfront.net\/13\/2025\/07\/20250707TDF1039-1536x1024.webp 1536w, https:\/\/d2p6e6u75xmxt8.cloudfront.net\/13\/2025\/07\/20250707TDF1039-2048x1365.webp 2048w, https:\/\/d2p6e6u75xmxt8.cloudfront.net\/13\/2025\/07\/20250707TDF1039-400x267.webp 400w, https:\/\/d2p6e6u75xmxt8.cloudfront.net\/13\/2025\/07\/20250707TDF1039-272x182.webp 272w, https:\/\/d2p6e6u75xmxt8.cloudfront.net\/13\/2025\/07\/20250707TDF1039-1920x1280.webp 1920w\" sizes=\"auto, (max-width: 1920px) 100vw, 1920px\" \/><\/a><figcaption id=\"caption-attachment-29838\" class=\"wp-caption-text\"><em>Jasper Philipsen a Mathieu van der Poel.\u00a0 Ani jejich t\u00fdm nem\u00e1 zaji\u0161t\u011bn\u00fd rozpo\u010det pro dal\u0161\u00ed sezonu i p\u0159es velk\u00e9 \u00fasp\u011bchy na Tour de France 2025. Foto: A.S.O.\/Charly Lopez<\/em><\/figcaption><\/figure>\n<p>Mnoho t\u00fdm\u016f sice dok\u00e1\u017ee vyrovnat finan\u010dn\u00ed nab\u00eddky v r\u00e1mci kontrakt\u016f pro jezdce, ov\u0161em n\u00e1sledn\u011b postr\u00e1d\u00e1 ekonomick\u00e9 mo\u017enosti na dal\u0161\u00ed investice. Dopl\u0148ky stravy, aerodynamick\u00e9 tunely, v\u00fd\u0161kov\u00e9 tr\u00e9ninkov\u00e9 kempy, speci\u00e1ln\u00ed komponenty&#8230; To v\u0161e p\u0159edstavuje obrovsk\u00e9 investice. P\u0159i vyrovnanosti pelotonu rozhoduj\u00ed pr\u00e1v\u011b detaily, kter\u00e9 si v\u0161ak n\u011bkte\u0159\u00ed prost\u011b nemohou dovolit.<\/p>\n<p>A pak vysok\u00e9 rozpo\u010dty hraj\u00ed z\u00e1sadn\u00ed roli v oblasti zam\u011bstnanc\u016f, kte\u0159\u00ed nesed\u00ed na kolech. Formace jako UAE Emirates, Red Bull \u010di Lidl-Trek si prost\u011b mohou dovolit \u0161ir\u0161\u00ed skupinu mas\u00e9r\u016f, fyzioterapeut\u016f \u010di v\u00fd\u017eivov\u00fdch poradc\u016f, nemluv\u011b o kvalit\u011b. A to je dal\u0161\u00ed polo\u017eka vedouc\u00ed k v\u00edt\u011bzstv\u00ed.<\/p>\n<div class=\"shortcode-ys-post-pinup\"><article class=\"loop-simple post-30160 post type-post status-publish format-standard has-post-thumbnail hentry category-silnicni-cyklistika tag-col-de-la-loze tag-col-de-la-madelaine tag-col-du-glandon tag-cyklistika tag-letape-du-tour tag-silnicni-cyklistika tag-tour-de-france tag-tour-de-france-2025 global-categories-cycling\" data-postid=\"30160\" role=\"article\" data-post-id=\"30160\" data-word-count=\"779\" data-headline-length=\"41\" data-category=\"Silni\u010dn\u00ed cyklistika\" data-global-category=\"Cycling\" data-author=\"Radek Malina\" data-published=\"2025-07-23T13:00:41+02:00\" data-published-day=\"Wednesday\">\n    <div class=\"entry-thumbnail article-thumbnail\" content=\"https:\/\/d2p6e6u75xmxt8.cloudfront.net\/13\/2025\/07\/20250717_140222-150x150.webp\"><a href=\"https:\/\/www.welovecycling.com\/cs\/2025\/07\/23\/modlitba-za-defekt-aneb-tortura-v-alpach\/\" class=\"image-holder\" target=\"_self\"><img decoding=\"async\" loading=\"lazy\" class=\"\" src=\"https:\/\/d2p6e6u75xmxt8.cloudfront.net\/13\/2025\/07\/20250717_140222-1024x768.webp\" srcset=\"https:\/\/d2p6e6u75xmxt8.cloudfront.net\/13\/2025\/07\/20250717_140222-scaled.webp 2560w, https:\/\/d2p6e6u75xmxt8.cloudfront.net\/13\/2025\/07\/20250717_140222-300x225.webp 300w, https:\/\/d2p6e6u75xmxt8.cloudfront.net\/13\/2025\/07\/20250717_140222-1024x768.webp 1024w, https:\/\/d2p6e6u75xmxt8.cloudfront.net\/13\/2025\/07\/20250717_140222-768x576.webp 768w, https:\/\/d2p6e6u75xmxt8.cloudfront.net\/13\/2025\/07\/20250717_140222-1536x1152.webp 1536w, https:\/\/d2p6e6u75xmxt8.cloudfront.net\/13\/2025\/07\/20250717_140222-2048x1536.webp 2048w, https:\/\/d2p6e6u75xmxt8.cloudfront.net\/13\/2025\/07\/20250717_140222-1920x1440.webp 1920w, https:\/\/d2p6e6u75xmxt8.cloudfront.net\/13\/2025\/07\/20250717_140222-400x300.webp 400w, https:\/\/d2p6e6u75xmxt8.cloudfront.net\/13\/2025\/07\/20250717_140222-1920x1440.webp 1920w\" width=\"1024\" height=\"768\" sizes=\"auto, (min-width: 1200px) 300px, (min-width: 768px) 25vw, 100vw\" alt=\"modlitba-za-defekt-aneb-tortura-v-alpach\"\/><\/a><\/div>    <div class=\"entry-meta\">\n        <a class=\"label label-secondary post-category\" href=\"https:\/\/www.welovecycling.com\/cs\/category\/silnicni-cyklistika\/\" title=\"Silni\u010dn\u00ed cyklistika\">Silni\u010dn\u00ed cyklistika<\/a>\n    <\/div>\n    <div class=\"entry-details\">\n        <a href=\"https:\/\/www.welovecycling.com\/cs\/2025\/07\/23\/modlitba-za-defekt-aneb-tortura-v-alpach\/\" class='entry-title-wrapper'>\n            <h3 class=\"entry-title\"><span>Modlitba za defekt aneb tortura v Alp\u00e1ch<\/span><\/h3>\n        <\/a>\n    <\/div>\n    <\/article>\n<\/div>\n<p>Z \u0161estn\u00e1cti etap Tour de France 2025 pouze jednu nevyhr\u00e1l n\u011bkter\u00fd ze z\u00e1vodn\u00edk\u016f pat\u0159\u00edc\u00edch mezi t\u00fdmy s rozpo\u010dtem p\u0159es p\u011btadvacet milion\u016f eur (Jonas Abrahamsen &#8211; Uno-X Mobility &#8211; 11. etapa).<\/p>\n<h2><strong>Cyklistika l\u00e1k\u00e1 nov\u00e9 sponzory<\/strong><\/h2>\n<p>T\u00fdmy na vrcholu pyramidy rozhodn\u011b za posledn\u00edch n\u011bkolik let zbohatly. I proto, \u017ee cyklistika se stala \u010dist\u0161\u00ed a nebojuje s \u017e\u00e1dn\u00fdmi skand\u00e1ly jako v minulosti. Nav\u00edc neust\u00e1le roste sledovanost z\u00e1vod\u016f, p\u0159i\u010dem\u017e Tour de France je zcela samostatnou kapitolou zcela se vymykaj\u00edc\u00ed v\u0161em m\u011b\u0159\u00edtk\u016fm. Se sledovanost\u00ed p\u0159es t\u0159i miliardy lid\u00ed po cel\u00e9m sv\u011bt\u011b jde o obrovsk\u00e9 l\u00e1kadlo pro investory. Vstup nadn\u00e1rodn\u00edch spole\u010dnost\u00ed jako je Lidl \u010di Decathlon potvrzuje atraktivitu cyklistiky.<\/p>\n<figure id=\"attachment_30191\" aria-describedby=\"caption-attachment-30191\" style=\"width: 1920px\" class=\"wp-caption alignnone\"><a href=\"https:\/\/d2p6e6u75xmxt8.cloudfront.net\/13\/2025\/07\/20250718TDF2180-scaled.webp\"><img loading=\"lazy\" decoding=\"async\" class=\"size-extra-large wp-image-30191\" src=\"https:\/\/d2p6e6u75xmxt8.cloudfront.net\/13\/2025\/07\/20250718TDF2180-1920x1280.webp\" alt=\"\" width=\"1920\" height=\"1280\" srcset=\"https:\/\/d2p6e6u75xmxt8.cloudfront.net\/13\/2025\/07\/20250718TDF2180-1920x1280.webp 1920w, https:\/\/d2p6e6u75xmxt8.cloudfront.net\/13\/2025\/07\/20250718TDF2180-300x200.webp 300w, https:\/\/d2p6e6u75xmxt8.cloudfront.net\/13\/2025\/07\/20250718TDF2180-1024x683.webp 1024w, https:\/\/d2p6e6u75xmxt8.cloudfront.net\/13\/2025\/07\/20250718TDF2180-768x512.webp 768w, https:\/\/d2p6e6u75xmxt8.cloudfront.net\/13\/2025\/07\/20250718TDF2180-1536x1024.webp 1536w, https:\/\/d2p6e6u75xmxt8.cloudfront.net\/13\/2025\/07\/20250718TDF2180-2048x1365.webp 2048w, https:\/\/d2p6e6u75xmxt8.cloudfront.net\/13\/2025\/07\/20250718TDF2180-400x267.webp 400w, https:\/\/d2p6e6u75xmxt8.cloudfront.net\/13\/2025\/07\/20250718TDF2180-272x182.webp 272w, https:\/\/d2p6e6u75xmxt8.cloudfront.net\/13\/2025\/07\/20250718TDF2180-1920x1280.webp 1920w\" sizes=\"auto, (max-width: 1920px) 100vw, 1920px\" \/><\/a><figcaption id=\"caption-attachment-30191\" class=\"wp-caption-text\"><em>Decathlon ozn\u00e1mil, \u017ee z\u00e1sadn\u011b nav\u00fd\u0161\u00ed rozpo\u010det, aby se za\u0159adil po bok super t\u00fdm\u016f. Takhle jejich z\u00e1vodn\u00edk Aur\u00e9lien Paret Pintre bojoval v etap\u011b na Mont Ventoux. Foto: A.S.O.\/Billy Ceusters<\/em><\/figcaption><\/figure>\n<p>Ov\u0161em formace v druh\u00e9 polovin\u011b \u017eeb\u0159\u00ed\u010dku ka\u017edoro\u010dn\u011b bojuj\u00ed o p\u0159e\u017eit\u00ed a \u00fasp\u011bch z velk\u00fdch z\u00e1vod\u016f je pro n\u011b existen\u010dn\u00ed. V\u017edy\u0165 i sestava Alpecin Deceuninck zam\u011bstn\u00e1vaj\u00edc\u00ed Mathieu van der Poela \u010di Jaspera Philipsena t\u011b\u017eko hled\u00e1 druh\u00e9ho hlavn\u00edho partnera pro p\u0159\u00ed\u0161t\u00ed sezony.<\/p>\n<p>N\u011bkter\u00e9 t\u00fdmy z ekonomick\u00fdch d\u016fvod\u016f p\u0159ipravuj\u00ed slou\u010den\u00ed jako t\u0159eba Intermarch\u00e9-Wanty a Lotto nebo Ineos-Grenadiers s Total Energies, co\u017e v d\u016fsledku povede ke ztr\u00e1t\u011b zam\u011bstn\u00e1n\u00ed v p\u0159\u00edpad\u011b \u0161edes\u00e1ti jezdc\u016f a dal\u0161\u00edch \u010dlen\u016f doprovodn\u00e9ho t\u00fdmu. Dal\u0161\u00ed formace jako t\u0159eba Ark\u00e9a-B&amp;B stoj\u00ed p\u0159ed hrozbou \u00fapln\u00e9ho bankrotu. P\u0159\u00edpadn\u00fd odchod Remca Evenepoela m\u016f\u017ee v kone\u010dn\u00e9m d\u016fsledku znamenat konec Vl\u010d\u00ed sme\u010dky, chcete-li formace Soudal Quick Step. Na druhou stranu Decathlon ozn\u00e1mil pl\u00e1n za\u0159adit se rozpo\u010dtem po bok st\u00e1vaj\u00edc\u00edch super t\u00fdm\u016f, proto\u017ee dok\u00e1zal vyjednat partnerstv\u00ed s minim\u00e1ln\u00ed jedn\u00edm sponzorem celosv\u011btov\u00e9ho form\u00e1tu.<\/p>\n<div class=\"shortcode-ys-post-pinup\"><article class=\"loop-simple post-29864 post type-post status-publish format-standard has-post-thumbnail hentry category-tour-de-france tag-cyklistika tag-nejvetsi-bohac-tour-de-france tag-platy-cyklistu tag-silnicni-cyklistika tag-tour-de-france tag-tour-de-france-2025 global-categories-cycling\" data-postid=\"29864\" role=\"article\" data-post-id=\"29864\" data-word-count=\"911\" data-headline-length=\"42\" data-category=\"Tour de France\" data-global-category=\"Cycling\" data-author=\"We Love Cycling\" data-published=\"2025-07-10T09:59:10+02:00\" data-published-day=\"Thursday\">\n    <div class=\"entry-thumbnail article-thumbnail\" content=\"https:\/\/d2p6e6u75xmxt8.cloudfront.net\/13\/2025\/07\/20250705TDF1060-150x150.webp\"><a href=\"https:\/\/www.welovecycling.com\/cs\/2025\/07\/10\/kdo-je-nejvetsi-bohac-tour-de-france\/\" class=\"image-holder\" target=\"_self\"><img decoding=\"async\" loading=\"lazy\" class=\"\" src=\"https:\/\/d2p6e6u75xmxt8.cloudfront.net\/13\/2025\/07\/20250705TDF1060-1024x683.webp\" srcset=\"https:\/\/d2p6e6u75xmxt8.cloudfront.net\/13\/2025\/07\/20250705TDF1060-scaled.webp 2560w, https:\/\/d2p6e6u75xmxt8.cloudfront.net\/13\/2025\/07\/20250705TDF1060-300x200.webp 300w, https:\/\/d2p6e6u75xmxt8.cloudfront.net\/13\/2025\/07\/20250705TDF1060-1024x683.webp 1024w, https:\/\/d2p6e6u75xmxt8.cloudfront.net\/13\/2025\/07\/20250705TDF1060-768x512.webp 768w, https:\/\/d2p6e6u75xmxt8.cloudfront.net\/13\/2025\/07\/20250705TDF1060-1536x1024.webp 1536w, https:\/\/d2p6e6u75xmxt8.cloudfront.net\/13\/2025\/07\/20250705TDF1060-2048x1365.webp 2048w, https:\/\/d2p6e6u75xmxt8.cloudfront.net\/13\/2025\/07\/20250705TDF1060-1920x1280.webp 1920w, https:\/\/d2p6e6u75xmxt8.cloudfront.net\/13\/2025\/07\/20250705TDF1060-400x267.webp 400w, https:\/\/d2p6e6u75xmxt8.cloudfront.net\/13\/2025\/07\/20250705TDF1060-272x182.webp 272w, https:\/\/d2p6e6u75xmxt8.cloudfront.net\/13\/2025\/07\/20250705TDF1060-1920x1280.webp 1920w\" width=\"1024\" height=\"683\" sizes=\"auto, (min-width: 1200px) 300px, (min-width: 768px) 25vw, 100vw\" alt=\"kdo-je-nejvetsi-bohac-tour-de-france\"\/><\/a><\/div>    <div class=\"entry-meta\">\n        <a class=\"label label-secondary post-category\" href=\"https:\/\/www.welovecycling.com\/cs\/category\/tour-de-france\/\" title=\"Tour de France\">Tour de France<\/a>\n    <\/div>\n    <div class=\"entry-details\">\n        <a href=\"https:\/\/www.welovecycling.com\/cs\/2025\/07\/10\/kdo-je-nejvetsi-bohac-tour-de-france\/\" class='entry-title-wrapper'>\n            <h3 class=\"entry-title\"><span>Kdo je nejv\u011bt\u0161\u00ed boh\u00e1\u010d Tour de France?<\/span><\/h3>\n        <\/a>\n    <\/div>\n    <\/article>\n<\/div>\n<p>Rozev\u00edraj\u00edc\u00ed se <a href=\"https:\/\/www.welovecycling.com\/cs\/2025\/07\/13\/275-tisic-za-pet-hodin-driny-je-to-adekvatni-odmena\/\">ekonomick\u00e9 n\u016f\u017eky<\/a> pochopiteln\u011b sni\u017euj\u00ed konkurenceschopnost t\u00fdm\u016f v r\u00e1mci nejv\u011bt\u0161\u00edch z\u00e1vod\u016f. UCI (Mezin\u00e1rodn\u00ed cyklistick\u00e1 federace) se proto chyst\u00e1 u\u017e n\u011bkolik sezon k zaveden\u00ed platov\u00fdch strop\u016f v cyklistice a \u0159e\u0161\u00ed mo\u017enost vytvo\u0159en\u00ed spravedliv\u011bj\u0161\u00edho prost\u0159ed\u00ed. A nastaven\u00ed limit\u016f v\u016fbec nen\u00ed jasn\u00e9. Nejlep\u0161\u00ed t\u00fdmy k uspokojen\u00ed po\u017eadavk\u016f sponzor\u016f pot\u0159ebuj\u00ed st\u00e1le v\u011bt\u0161\u00ed investice do jezdeck\u00e9 sestavy. Sou\u010dasn\u011b v\u0161ak evidentn\u011b sponzo\u0159i vid\u00ed cyklistiku jako skv\u011bl\u00fd prost\u0159edek, j\u00edm\u017e propagovat zdrav\u00fd \u017eivotn\u00ed styl, v\u00fd\u017eivu, p\u00e9\u010di o t\u011blo \u010di mobilitu. \u010cekaj\u00ed cyklistiku d\u00e1l zlat\u00e9 \u010dasy?<\/p>\n<p><em>Tituln\u00ed foto: A.S.O.\/Billy Ceusters<\/em><\/p>\n","protected":false},"excerpt":{"rendered":"<p>\u0160est set milion\u016f eur, tedy p\u0159ibli\u017en\u011b patn\u00e1ct miliard korun je v sou\u010dtu ro\u010dn\u00ed rozpo\u010det t\u00fdm\u016f startuj\u00edc\u00edch na Tour de France [&hellip;]<\/p>\n","protected":false},"author":138,"featured_media":30190,"comment_status":"open","ping_status":"open","sticky":false,"template":"","format":"standard","meta":{"footnotes":""},"categories":[1711],"tags":[126,4302,4300,4301,9,23,3843],"global-categories":[411],"class_list":["post-30188","post","type-post","status-publish","format-standard","has-post-thumbnail","hentry","category-tour-de-france","tag-cyklistika","tag-platovy-strop","tag-rozpocet","tag-rozpocty-tymu","tag-silnicni-cyklistika","tag-tour-de-france","tag-tour-de-france-2025","global-categories-cycling"],"yoast_head":"<!-- This site is optimized with the Yoast SEO Premium plugin v25.3 (Yoast SEO v25.9) - https:\/\/yoast.com\/wordpress\/plugins\/seo\/ -->\n<title>Rozpo\u010dty t\u00fdm\u016f na Tour: je konkurenceschopnost iluze? | \u0160koda We Love Cycling - \u010cesk\u00e1 republika<\/title>\n<meta name=\"description\" content=\"\u0160est set milion\u016f eur, tedy p\u0159ibli\u017en\u011b patn\u00e1ct miliard korun je v sou\u010dtu ro\u010dn\u00ed rozpo\u010det t\u00fdm\u016f startuj\u00edc\u00edch na Tour de France 2025. Kdo pat\u0159\u00ed na \u0161pi\u010dku \u017eeb\u0159\u00ed\u010dku? Kdo je nejv\u011bt\u0161\u00ed chu\u010fas?\" \/>\n<meta name=\"robots\" content=\"index, follow, max-snippet:-1, max-image-preview:large, max-video-preview:-1\" \/>\n<link rel=\"canonical\" href=\"https:\/\/www.welovecycling.com\/cs\/2025\/07\/24\/rozpocty-tymu-na-tour-je-konkurenceschopnost-iluze\/\" \/>\n<meta property=\"og:locale\" content=\"cs_CZ\" \/>\n<meta property=\"og:type\" content=\"article\" \/>\n<meta property=\"og:title\" content=\"Rozpo\u010dty t\u00fdm\u016f na Tour: je konkurenceschopnost iluze?\" \/>\n<meta property=\"og:description\" content=\"\u0160est set milion\u016f eur, tedy p\u0159ibli\u017en\u011b patn\u00e1ct miliard korun je v sou\u010dtu ro\u010dn\u00ed rozpo\u010det t\u00fdm\u016f startuj\u00edc\u00edch na Tour de France 2025. Kdo pat\u0159\u00ed na \u0161pi\u010dku \u017eeb\u0159\u00ed\u010dku? Kdo je nejv\u011bt\u0161\u00ed chu\u010fas?\" \/>\n<meta property=\"og:url\" content=\"https:\/\/www.welovecycling.com\/cs\/2025\/07\/24\/rozpocty-tymu-na-tour-je-konkurenceschopnost-iluze\/\" \/>\n<meta property=\"og:site_name\" content=\"\u0160koda We Love Cycling - \u010cesk\u00e1 republika\" \/>\n<meta property=\"article:published_time\" content=\"2025-07-24T04:00:12+00:00\" \/>\n<meta property=\"og:image\" content=\"https:\/\/d2p6e6u75xmxt8.cloudfront.net\/13\/2025\/07\/20250712TDF2060-scaled.webp\" \/>\n\t<meta property=\"og:image:width\" content=\"2560\" \/>\n\t<meta property=\"og:image:height\" content=\"1707\" \/>\n\t<meta property=\"og:image:type\" content=\"image\/webp\" \/>\n<meta name=\"author\" content=\"radekmalina\" \/>\n<meta name=\"twitter:card\" content=\"summary_large_image\" \/>\n<meta name=\"twitter:label1\" content=\"Written by\" \/>\n\t<meta name=\"twitter:data1\" content=\"We Love Cycling\" \/>\n\t<meta name=\"twitter:label2\" content=\"Est. reading time\" \/>\n\t<meta name=\"twitter:data2\" content=\"6\" \/>\n<script type=\"application\/ld+json\" class=\"yoast-schema-graph\">{\"@context\":\"https:\/\/schema.org\",\"@graph\":[{\"@type\":\"WebPage\",\"@id\":\"https:\/\/www.welovecycling.com\/cs\/2025\/07\/24\/rozpocty-tymu-na-tour-je-konkurenceschopnost-iluze\/\",\"url\":\"https:\/\/www.welovecycling.com\/cs\/2025\/07\/24\/rozpocty-tymu-na-tour-je-konkurenceschopnost-iluze\/\",\"name\":\"Rozpo\u010dty t\u00fdm\u016f na Tour: je konkurenceschopnost iluze? | \u0160koda We Love Cycling - \u010cesk\u00e1 republika\",\"isPartOf\":{\"@id\":\"https:\/\/www.welovecycling.com\/cs\/#website\"},\"primaryImageOfPage\":{\"@id\":\"https:\/\/www.welovecycling.com\/cs\/2025\/07\/24\/rozpocty-tymu-na-tour-je-konkurenceschopnost-iluze\/#primaryimage\"},\"image\":{\"@id\":\"https:\/\/www.welovecycling.com\/cs\/2025\/07\/24\/rozpocty-tymu-na-tour-je-konkurenceschopnost-iluze\/#primaryimage\"},\"thumbnailUrl\":\"https:\/\/d2p6e6u75xmxt8.cloudfront.net\/13\/2025\/07\/20250712TDF2060-scaled.webp\",\"datePublished\":\"2025-07-24T04:00:12+00:00\",\"author\":{\"@id\":\"https:\/\/www.welovecycling.com\/cs\/#\/schema\/person\/d9eeb0a378f3a7e4a6d12d2b536b04b8\"},\"description\":\"\u0160est set milion\u016f eur, tedy p\u0159ibli\u017en\u011b patn\u00e1ct miliard korun je v sou\u010dtu ro\u010dn\u00ed rozpo\u010det t\u00fdm\u016f startuj\u00edc\u00edch na Tour de France 2025. Kdo pat\u0159\u00ed na \u0161pi\u010dku \u017eeb\u0159\u00ed\u010dku? Kdo je nejv\u011bt\u0161\u00ed chu\u010fas?\",\"inLanguage\":\"cs\",\"potentialAction\":[{\"@type\":\"ReadAction\",\"target\":[\"https:\/\/www.welovecycling.com\/cs\/2025\/07\/24\/rozpocty-tymu-na-tour-je-konkurenceschopnost-iluze\/\"]}]},{\"@type\":\"ImageObject\",\"inLanguage\":\"cs\",\"@id\":\"https:\/\/www.welovecycling.com\/cs\/2025\/07\/24\/rozpocty-tymu-na-tour-je-konkurenceschopnost-iluze\/#primaryimage\",\"url\":\"https:\/\/d2p6e6u75xmxt8.cloudfront.net\/13\/2025\/07\/20250712TDF2060-scaled.webp\",\"contentUrl\":\"https:\/\/d2p6e6u75xmxt8.cloudfront.net\/13\/2025\/07\/20250712TDF2060-scaled.webp\",\"width\":2560,\"height\":1707,\"caption\":\"Rozpo\u010det t\u00fdm\u016f, konkurenceschopnost je iluze\"},{\"@type\":\"WebSite\",\"@id\":\"https:\/\/www.welovecycling.com\/cs\/#website\",\"url\":\"https:\/\/www.welovecycling.com\/cs\/\",\"name\":\"\u0160koda We Love Cycling - \u010cesk\u00e1 republika\",\"description\":\"WeLoveCycling.cz je online magaz\u00edn, kter\u00fd v\u00e1m pravideln\u011b p\u0159in\u00e1\u0161\u00ed rady a tipy, zaj\u00edmav\u00e9 \u010dl\u00e1nky, videa a jedine\u010dn\u00e9 report\u00e1\u017ee ze sv\u011bta cyklistiky.\",\"potentialAction\":[{\"@type\":\"SearchAction\",\"target\":{\"@type\":\"EntryPoint\",\"urlTemplate\":\"https:\/\/www.welovecycling.com\/cs\/?s={search_term_string}\"},\"query-input\":{\"@type\":\"PropertyValueSpecification\",\"valueRequired\":true,\"valueName\":\"search_term_string\"}}],\"inLanguage\":\"cs\"},{\"@type\":\"Person\",\"@id\":\"https:\/\/www.welovecycling.com\/cs\/#\/schema\/person\/d9eeb0a378f3a7e4a6d12d2b536b04b8\",\"name\":\"radekmalina\",\"image\":{\"@type\":\"ImageObject\",\"inLanguage\":\"cs\",\"@id\":\"https:\/\/www.welovecycling.com\/cs\/#\/schema\/person\/image\/\",\"url\":\"https:\/\/secure.gravatar.com\/avatar\/66994b632cb8c39a46b9f54afa3ae07201b678d32a54275b6f1c9ffec356bfc0?s=96&d=mm&r=g\",\"contentUrl\":\"https:\/\/secure.gravatar.com\/avatar\/66994b632cb8c39a46b9f54afa3ae07201b678d32a54275b6f1c9ffec356bfc0?s=96&d=mm&r=g\",\"caption\":\"radekmalina\"},\"url\":\"https:\/\/www.welovecycling.com\/cs\/author\/radekmalina\/\"}]}<\/script>\n<!-- \/ Yoast SEO Premium plugin. -->","yoast_head_json":{"title":"Rozpo\u010dty t\u00fdm\u016f na Tour: je konkurenceschopnost iluze? | \u0160koda We Love Cycling - \u010cesk\u00e1 republika","description":"\u0160est set milion\u016f eur, tedy p\u0159ibli\u017en\u011b patn\u00e1ct miliard korun je v sou\u010dtu ro\u010dn\u00ed rozpo\u010det t\u00fdm\u016f startuj\u00edc\u00edch na Tour de France 2025. Kdo pat\u0159\u00ed na \u0161pi\u010dku \u017eeb\u0159\u00ed\u010dku? Kdo je nejv\u011bt\u0161\u00ed chu\u010fas?","robots":{"index":"index","follow":"follow","max-snippet":"max-snippet:-1","max-image-preview":"max-image-preview:large","max-video-preview":"max-video-preview:-1"},"canonical":"https:\/\/www.welovecycling.com\/cs\/2025\/07\/24\/rozpocty-tymu-na-tour-je-konkurenceschopnost-iluze\/","og_locale":"cs_CZ","og_type":"article","og_title":"Rozpo\u010dty t\u00fdm\u016f na Tour: je konkurenceschopnost iluze?","og_description":"\u0160est set milion\u016f eur, tedy p\u0159ibli\u017en\u011b patn\u00e1ct miliard korun je v sou\u010dtu ro\u010dn\u00ed rozpo\u010det t\u00fdm\u016f startuj\u00edc\u00edch na Tour de France 2025. Kdo pat\u0159\u00ed na \u0161pi\u010dku \u017eeb\u0159\u00ed\u010dku? Kdo je nejv\u011bt\u0161\u00ed chu\u010fas?","og_url":"https:\/\/www.welovecycling.com\/cs\/2025\/07\/24\/rozpocty-tymu-na-tour-je-konkurenceschopnost-iluze\/","og_site_name":"\u0160koda We Love Cycling - \u010cesk\u00e1 republika","article_published_time":"2025-07-24T04:00:12+00:00","og_image":[{"width":2560,"height":1707,"url":"https:\/\/d2p6e6u75xmxt8.cloudfront.net\/13\/2025\/07\/20250712TDF2060-scaled.webp","type":"image\/webp"}],"author":"radekmalina","twitter_card":"summary_large_image","twitter_misc":{"Written by":"We Love Cycling","Est. reading time":"6"},"schema":{"@context":"https:\/\/schema.org","@graph":[{"@type":"WebPage","@id":"https:\/\/www.welovecycling.com\/cs\/2025\/07\/24\/rozpocty-tymu-na-tour-je-konkurenceschopnost-iluze\/","url":"https:\/\/www.welovecycling.com\/cs\/2025\/07\/24\/rozpocty-tymu-na-tour-je-konkurenceschopnost-iluze\/","name":"Rozpo\u010dty t\u00fdm\u016f na Tour: je konkurenceschopnost iluze? | \u0160koda We Love Cycling - \u010cesk\u00e1 republika","isPartOf":{"@id":"https:\/\/www.welovecycling.com\/cs\/#website"},"primaryImageOfPage":{"@id":"https:\/\/www.welovecycling.com\/cs\/2025\/07\/24\/rozpocty-tymu-na-tour-je-konkurenceschopnost-iluze\/#primaryimage"},"image":{"@id":"https:\/\/www.welovecycling.com\/cs\/2025\/07\/24\/rozpocty-tymu-na-tour-je-konkurenceschopnost-iluze\/#primaryimage"},"thumbnailUrl":"https:\/\/d2p6e6u75xmxt8.cloudfront.net\/13\/2025\/07\/20250712TDF2060-scaled.webp","datePublished":"2025-07-24T04:00:12+00:00","author":{"@id":"https:\/\/www.welovecycling.com\/cs\/#\/schema\/person\/d9eeb0a378f3a7e4a6d12d2b536b04b8"},"description":"\u0160est set milion\u016f eur, tedy p\u0159ibli\u017en\u011b patn\u00e1ct miliard korun je v sou\u010dtu ro\u010dn\u00ed rozpo\u010det t\u00fdm\u016f startuj\u00edc\u00edch na Tour de France 2025. Kdo pat\u0159\u00ed na \u0161pi\u010dku \u017eeb\u0159\u00ed\u010dku? Kdo je nejv\u011bt\u0161\u00ed chu\u010fas?","inLanguage":"cs","potentialAction":[{"@type":"ReadAction","target":["https:\/\/www.welovecycling.com\/cs\/2025\/07\/24\/rozpocty-tymu-na-tour-je-konkurenceschopnost-iluze\/"]}]},{"@type":"ImageObject","inLanguage":"cs","@id":"https:\/\/www.welovecycling.com\/cs\/2025\/07\/24\/rozpocty-tymu-na-tour-je-konkurenceschopnost-iluze\/#primaryimage","url":"https:\/\/d2p6e6u75xmxt8.cloudfront.net\/13\/2025\/07\/20250712TDF2060-scaled.webp","contentUrl":"https:\/\/d2p6e6u75xmxt8.cloudfront.net\/13\/2025\/07\/20250712TDF2060-scaled.webp","width":2560,"height":1707,"caption":"Rozpo\u010det t\u00fdm\u016f, konkurenceschopnost je iluze"},{"@type":"WebSite","@id":"https:\/\/www.welovecycling.com\/cs\/#website","url":"https:\/\/www.welovecycling.com\/cs\/","name":"\u0160koda We Love Cycling - \u010cesk\u00e1 republika","description":"WeLoveCycling.cz je online magaz\u00edn, kter\u00fd v\u00e1m pravideln\u011b p\u0159in\u00e1\u0161\u00ed rady a tipy, zaj\u00edmav\u00e9 \u010dl\u00e1nky, videa a jedine\u010dn\u00e9 report\u00e1\u017ee ze sv\u011bta cyklistiky.","potentialAction":[{"@type":"SearchAction","target":{"@type":"EntryPoint","urlTemplate":"https:\/\/www.welovecycling.com\/cs\/?s={search_term_string}"},"query-input":{"@type":"PropertyValueSpecification","valueRequired":true,"valueName":"search_term_string"}}],"inLanguage":"cs"},{"@type":"Person","@id":"https:\/\/www.welovecycling.com\/cs\/#\/schema\/person\/d9eeb0a378f3a7e4a6d12d2b536b04b8","name":"radekmalina","image":{"@type":"ImageObject","inLanguage":"cs","@id":"https:\/\/www.welovecycling.com\/cs\/#\/schema\/person\/image\/","url":"https:\/\/secure.gravatar.com\/avatar\/66994b632cb8c39a46b9f54afa3ae07201b678d32a54275b6f1c9ffec356bfc0?s=96&d=mm&r=g","contentUrl":"https:\/\/secure.gravatar.com\/avatar\/66994b632cb8c39a46b9f54afa3ae07201b678d32a54275b6f1c9ffec356bfc0?s=96&d=mm&r=g","caption":"radekmalina"},"url":"https:\/\/www.welovecycling.com\/cs\/author\/radekmalina\/"}]}},"_links":{"self":[{"href":"https:\/\/www.welovecycling.com\/cs\/wp-json\/wp\/v2\/posts\/30188","targetHints":{"allow":["GET"]}}],"collection":[{"href":"https:\/\/www.welovecycling.com\/cs\/wp-json\/wp\/v2\/posts"}],"about":[{"href":"https:\/\/www.welovecycling.com\/cs\/wp-json\/wp\/v2\/types\/post"}],"author":[{"embeddable":true,"href":"https:\/\/www.welovecycling.com\/cs\/wp-json\/wp\/v2\/users\/138"}],"replies":[{"embeddable":true,"href":"https:\/\/www.welovecycling.com\/cs\/wp-json\/wp\/v2\/comments?post=30188"}],"version-history":[{"count":2,"href":"https:\/\/www.welovecycling.com\/cs\/wp-json\/wp\/v2\/posts\/30188\/revisions"}],"predecessor-version":[{"id":30194,"href":"https:\/\/www.welovecycling.com\/cs\/wp-json\/wp\/v2\/posts\/30188\/revisions\/30194"}],"wp:featuredmedia":[{"embeddable":true,"href":"https:\/\/www.welovecycling.com\/cs\/wp-json\/wp\/v2\/media\/30190"}],"wp:attachment":[{"href":"https:\/\/www.welovecycling.com\/cs\/wp-json\/wp\/v2\/media?parent=30188"}],"wp:term":[{"taxonomy":"category","embeddable":true,"href":"https:\/\/www.welovecycling.com\/cs\/wp-json\/wp\/v2\/categories?post=30188"},{"taxonomy":"post_tag","embeddable":true,"href":"https:\/\/www.welovecycling.com\/cs\/wp-json\/wp\/v2\/tags?post=30188"},{"taxonomy":"global-categories","embeddable":true,"href":"https:\/\/www.welovecycling.com\/cs\/wp-json\/wp\/v2\/global-categories?post=30188"}],"curies":[{"name":"wp","href":"https:\/\/api.w.org\/{rel}","templated":true}]}}