{"id":30126,"date":"2025-07-18T09:40:12","date_gmt":"2025-07-18T07:40:12","guid":{"rendered":"https:\/\/www.welovecycling.com\/cs\/?p=30126"},"modified":"2025-07-18T09:40:12","modified_gmt":"2025-07-18T07:40:12","slug":"v-dopingu-jsme-byli-nejlepsi-rika-stvoritel-lance-armstronga","status":"publish","type":"post","link":"https:\/\/www.welovecycling.com\/cs\/2025\/07\/18\/v-dopingu-jsme-byli-nejlepsi-rika-stvoritel-lance-armstronga\/","title":{"rendered":"V dopingu jsme byli nejlep\u0161\u00ed, \u0159\u00edk\u00e1 stvo\u0159itel Lance Armstronga"},"content":{"rendered":"<p><strong>N\u00e1vrat na m\u00edsto \u010dinu. Tour de France jej odkopla. Ale druh\u00fd\u00a0 z\u00e1vodn\u00ed blok ro\u010dn\u00edku 2025 p\u0159esto coby host sledoval Johan Bruyneel p\u0159\u00edmo v centru d\u011bn\u00ed. Letos \u0161edes\u00e1tilet\u00fd Belgi\u010dan byl kl\u00ed\u010dovou postavou zrozen\u00ed legendy Lance Armstronga. Sedmin\u00e1sobn\u00e9ho \u0161ampiona nejv\u011bt\u0161\u00edho cyklistick\u00e9ho z\u00e1vodu, kter\u00fd o v\u0161echny triumfy p\u0159i\u0161el kv\u016fli p\u0159izn\u00e1n\u00ed k dopingu.<\/strong><\/p>\n<p><strong>Johan Bruyneel<\/strong> jako jezdec vyhr\u00e1l dv\u011b etapy na Tour de France. Nejv\u011bt\u0161\u00ed sl\u00e1vu ale za\u017eil v pozici mana\u017eera. St\u00e1l za t\u00fdmy US Postal a Discovery Channel, jejich\u017e kl\u00ed\u010dovou postavu byl Lance Armstrong. Mu\u017e, kter\u00fd pod belgick\u00fdm sportovn\u00edm \u0159editelem sedmkr\u00e1t vyhr\u00e1l Tour de France. Pozd\u011bji se v\u0161ak p\u0159iznal k dopingu a v\u0161echny jeho \u00fasp\u011bchy byly ze statistik vymaz\u00e1ny.<\/p>\n<p>&#8222;Nebyl jsem na Tour de France \u010dtrn\u00e1ct let. A jsem p\u0159\u00edjemn\u011b p\u0159ekvapen\u00fd. N\u011bkolik lid\u00ed se pochopiteln\u011b d\u00edvalo s opovr\u017een\u00edm a vyh\u00fdbali se mi, ale \u0161lo o men\u0161inu. Bylo z\u00e1bavn\u00e9 st\u00e1t se na chvilku op\u011bt sou\u010d\u00e1st\u00ed Tour de France. C\u00edtil jsem se, jako bych nikdy nebyl pry\u010d,&#8220; uvedl Johan Bruyneel pro belgick\u00fd port\u00e1l Sporza.<\/p>\n<h2><strong>Nikdy nebyli p\u0159isti\u017eeni<\/strong><\/h2>\n<p>Jeho &#8222;sv\u011b\u0159enec&#8220; Lance Armstrong b\u011bhem kari\u00e9ry nikdy nem\u011bl pozitivn\u00ed test na doping. \u00dadajn\u011b a\u017e na jeden v roce 2001, kdy se nesrovnalost vy\u0159e\u0161ila prost\u00fdm tahem: americk\u00fd cyklista \u00fadajn\u011b zaplatil UCI (Mezin\u00e1rodn\u00ed cyklistick\u00e1 unie) laborato\u0159 na boj s dopingem\u2026 A test byl n\u00e1sledn\u011b znev\u011brohodn\u011bn.<\/p>\n<p>&#8222;Kouknu se na seznam v\u00edt\u011bz\u016f a vid\u00edm jm\u00e9no Lance Armstrong p\u0159e\u0161krtnut\u00e9 a s hv\u011bzdi\u010dkou. Ale pro\u010d nejsou stejn\u011b p\u0159e\u0161krtnut\u00e1 i jm\u00e9na dal\u0161\u00edch lid\u00ed v t\u011bch ro\u010dn\u00edc\u00edch? V\u0161ichni p\u0159ece v\u011bd\u00ed, co se d\u011blo,&#8220; posteskl si Johan Bruyneel.<\/p>\n<figure id=\"attachment_30128\" aria-describedby=\"caption-attachment-30128\" style=\"width: 1800px\" class=\"wp-caption alignnone\"><a href=\"https:\/\/d2p6e6u75xmxt8.cloudfront.net\/13\/2025\/07\/profimedia-0018619668.webp\"><img loading=\"lazy\" decoding=\"async\" class=\"size-full wp-image-30128\" src=\"https:\/\/d2p6e6u75xmxt8.cloudfront.net\/13\/2025\/07\/profimedia-0018619668.webp\" alt=\"\" width=\"1800\" height=\"1128\" srcset=\"https:\/\/d2p6e6u75xmxt8.cloudfront.net\/13\/2025\/07\/profimedia-0018619668.webp 1800w, https:\/\/d2p6e6u75xmxt8.cloudfront.net\/13\/2025\/07\/profimedia-0018619668-300x188.webp 300w, https:\/\/d2p6e6u75xmxt8.cloudfront.net\/13\/2025\/07\/profimedia-0018619668-1024x642.webp 1024w, https:\/\/d2p6e6u75xmxt8.cloudfront.net\/13\/2025\/07\/profimedia-0018619668-768x481.webp 768w, https:\/\/d2p6e6u75xmxt8.cloudfront.net\/13\/2025\/07\/profimedia-0018619668-1536x963.webp 1536w, https:\/\/d2p6e6u75xmxt8.cloudfront.net\/13\/2025\/07\/profimedia-0018619668-400x251.webp 400w\" sizes=\"auto, (max-width: 1800px) 100vw, 1800px\" \/><\/a><figcaption id=\"caption-attachment-30128\" class=\"wp-caption-text\"><em>Lance Armstrong jako sedmin\u00e1sobn\u00fd v\u00edt\u011bz Tour de France o v\u0161echny triumfy po p\u0159izn\u00e1n\u00ed k dopingu p\u0159i\u0161el. Foto: profimedia<\/em><\/figcaption><\/figure>\n<p>Nar\u00e1\u017eel na skute\u010dnost, \u017ee doping v devades\u00e1t\u00fdch letech minul\u00e9ho stolet\u00ed, respektive na p\u0159elomu tis\u00edcilet\u00ed, byl prost\u011b sou\u010d\u00e1st\u00ed cyklistick\u00e9 kultury. &#8222;Ka\u017ed\u00fd v\u00ed, co se v t\u00e9 dob\u011b d\u011blo. Existovala nepsan\u00e1 pravidla hry. A v tomhle z\u00e1pase jsme byli nejlep\u0161\u00ed,&#8220; nast\u00ednil Johan Bruyneel, \u017ee t\u00fdmy pod jeho veden\u00edm nejl\u00e9pe zvl\u00e1daly &#8222;tajn\u00fd z\u00e1vod&#8220;.<\/p>\n<div class=\"shortcode-ys-post-pinup\"><article class=\"loop-simple post-30097 post type-post status-publish format-standard has-post-thumbnail hentry category-tour-de-france tag-cyklistika tag-silnicni-cyklistika tag-tadej-pogacar tag-tobias-halland-johannessen tag-tour-de-france tag-tour-de-france-2025 tag-zavodni-incident global-categories-cycling\" data-postid=\"30097\" role=\"article\" data-post-id=\"30097\" data-word-count=\"367\" data-headline-length=\"70\" data-category=\"Tour de France\" data-global-category=\"Cycling\" data-author=\"We Love Cycling\" data-published=\"2025-07-17T10:16:17+02:00\" data-published-day=\"Thursday\">\n    <div class=\"entry-thumbnail article-thumbnail\" content=\"https:\/\/d2p6e6u75xmxt8.cloudfront.net\/13\/2025\/07\/profimedia-1022542021-150x150.webp\"><a href=\"https:\/\/www.welovecycling.com\/cs\/2025\/07\/17\/vyhruzky-v-pelotonu-prestante-vzkazal-vysmaty-tadej-pogacar\/\" class=\"image-holder\" target=\"_self\"><img decoding=\"async\" loading=\"lazy\" class=\"\" src=\"https:\/\/d2p6e6u75xmxt8.cloudfront.net\/13\/2025\/07\/profimedia-1022542021-1024x683.webp\" srcset=\"https:\/\/d2p6e6u75xmxt8.cloudfront.net\/13\/2025\/07\/profimedia-1022542021.webp 1800w, https:\/\/d2p6e6u75xmxt8.cloudfront.net\/13\/2025\/07\/profimedia-1022542021-300x200.webp 300w, https:\/\/d2p6e6u75xmxt8.cloudfront.net\/13\/2025\/07\/profimedia-1022542021-1024x683.webp 1024w, https:\/\/d2p6e6u75xmxt8.cloudfront.net\/13\/2025\/07\/profimedia-1022542021-768x512.webp 768w, https:\/\/d2p6e6u75xmxt8.cloudfront.net\/13\/2025\/07\/profimedia-1022542021-1536x1024.webp 1536w, https:\/\/d2p6e6u75xmxt8.cloudfront.net\/13\/2025\/07\/profimedia-1022542021-400x267.webp 400w, https:\/\/d2p6e6u75xmxt8.cloudfront.net\/13\/2025\/07\/profimedia-1022542021-272x182.webp 272w\" width=\"1024\" height=\"683\" sizes=\"auto, (min-width: 1200px) 300px, (min-width: 768px) 25vw, 100vw\" alt=\"vyhruzky-v-pelotonu-prestante-vzkazal-vysmaty-tadej-pogacar\"\/><\/a><\/div>    <div class=\"entry-meta\">\n        <a class=\"label label-secondary post-category\" href=\"https:\/\/www.welovecycling.com\/cs\/category\/tour-de-france\/\" title=\"Tour de France\">Tour de France<\/a>\n    <\/div>\n    <div class=\"entry-details\">\n        <a href=\"https:\/\/www.welovecycling.com\/cs\/2025\/07\/17\/vyhruzky-v-pelotonu-prestante-vzkazal-vysmaty-tadej-pogacar\/\" class='entry-title-wrapper'>\n            <h3 class=\"entry-title\"><span>V\u00fdhr\u016f\u017eky v pelotonu! P\u0159esta\u0148te, vzk\u00e1zal vysm\u00e1t\u00fd Tadej Poga\u010dar<\/span><\/h3>\n        <\/a>\n    <\/div>\n    <\/article>\n<\/div>\n<p>Ostatn\u011b samotn\u00fd Lance Armstrong po p\u0159izn\u00e1n\u00ed k u\u017e\u00edv\u00e1n\u00ed zak\u00e1zan\u00fdch l\u00e1tek hovo\u0159il stejn\u011b. \u201eKdy\u017e mi diagnostikovali rakovinu, ud\u011blal bych cokoliv, abych p\u0159e\u017eil. A tento postoj jsem si n\u00e1sledn\u011b p\u0159enesl do cyklistiky. Dopoval jsem p\u0159i v\u0161ech v\u00edt\u011bzstv\u00edch na Tour de France. Ale v dob\u011b moj\u00ed generace jsem se prost\u011b jen p\u0159izp\u016fsobil kultu\u0159e, kter\u00e1 v pelotonu panovala. Bez zak\u00e1zan\u00fdch l\u00e1tek nebylo mo\u017en\u00e9 vyhr\u00e1t. Po\u0159\u00e1d jsem sly\u0161el, \u017ee jsem podvodn\u00edk. Ale j\u00e1 to vn\u00edmal jinak. Jen jsem se sna\u017eil vyrovnat podm\u00ednky,\u201c vysv\u011btloval Lance Armstrong v nar\u00e1\u017ece na fakt, \u017ee doping v tehdej\u0161\u00ed dob\u011b byl prost\u011b v pelotonu kulturou.<\/p>\n<h2><strong>C\u00edtili jsme se nedotknuteln\u00ed, p\u0159izn\u00e1v\u00e1 Johan Bruyneel<\/strong><\/h2>\n<p><strong>Lance Armstrong<\/strong> v\u017edy vehementn\u011b pop\u00edral, \u017ee by kdy dopoval. Dokonce i v okam\u017eiku, kdy USADA (Americk\u00e1 agentura pro boj s dopingem) zve\u0159ejnila zpr\u00e1vu \u010d\u00edtaj\u00edc\u00ed 163 stran, kde byl Lance Armstrong obvin\u011bn, \u017ee on a jeho t\u00fdm US Postal\/Discovery Channel vedl <strong>nejsofistikovan\u011bj\u0161\u00ed, nejprofesion\u00e1ln\u011bj\u0161\u00ed a nej\u00fasp\u011b\u0161n\u011bj\u0161\u00ed dopingov\u00fd program v d\u011bjin\u00e1ch sportu<\/strong>. A byl potrest\u00e1n do\u017eivotn\u00edm distancem ve v\u0161ech sportovn\u00edch odv\u011btv\u00edch.<\/p>\n<figure id=\"attachment_30129\" aria-describedby=\"caption-attachment-30129\" style=\"width: 1800px\" class=\"wp-caption alignnone\"><a href=\"https:\/\/d2p6e6u75xmxt8.cloudfront.net\/13\/2025\/07\/profimedia-0228906467.webp\"><img loading=\"lazy\" decoding=\"async\" class=\"size-full wp-image-30129\" src=\"https:\/\/d2p6e6u75xmxt8.cloudfront.net\/13\/2025\/07\/profimedia-0228906467.webp\" alt=\"\" width=\"1800\" height=\"1232\" srcset=\"https:\/\/d2p6e6u75xmxt8.cloudfront.net\/13\/2025\/07\/profimedia-0228906467.webp 1800w, https:\/\/d2p6e6u75xmxt8.cloudfront.net\/13\/2025\/07\/profimedia-0228906467-300x205.webp 300w, https:\/\/d2p6e6u75xmxt8.cloudfront.net\/13\/2025\/07\/profimedia-0228906467-1024x701.webp 1024w, https:\/\/d2p6e6u75xmxt8.cloudfront.net\/13\/2025\/07\/profimedia-0228906467-768x526.webp 768w, https:\/\/d2p6e6u75xmxt8.cloudfront.net\/13\/2025\/07\/profimedia-0228906467-1536x1051.webp 1536w, https:\/\/d2p6e6u75xmxt8.cloudfront.net\/13\/2025\/07\/profimedia-0228906467-400x274.webp 400w\" sizes=\"auto, (max-width: 1800px) 100vw, 1800px\" \/><\/a><figcaption id=\"caption-attachment-30129\" class=\"wp-caption-text\"><em>Johan Bruyneel a Lance Armstrong p\u0159i jarn\u00edm Monumentu Kolem Flander v sezon\u011b 2012.<\/em><\/figcaption><\/figure>\n<p>N\u00e1sledn\u011b se Lance Armstrong p\u0159iznal! K u\u017e\u00edv\u00e1n\u00ed testosteronu. Kortizonu. L\u00e1tky EPO. Ke krevn\u00ed transfuzi. Ovl\u00e1dal nejsofistikovan\u011bj\u0161\u00ed zp\u016fsoby u\u017e\u00edv\u00e1n\u00ed zak\u00e1zan\u00fdch l\u00e1tek. A spolupracoval s nejlep\u0161\u00edmi dopingov\u00fdmi l\u00e9ka\u0159i. \u201eVe skute\u010dnosti jsem nem\u011bl p\u0159\u00edstup k ni\u010demu jin\u00e9mu ne\u017e ostatn\u00ed cyklist\u00e9. Rozhodn\u011b nen\u00ed pravda, \u017ee n\u00e1\u0161 program byl propracovan\u011bj\u0161\u00ed ne\u017e ten v\u00fdchodon\u011bmeck\u00fd v sedmdes\u00e1t\u00fdch a osmdes\u00e1t\u00fdch letech,\u201c h\u00e1jil se <a href=\"https:\/\/www.welovecycling.com\/cs\/2023\/01\/17\/lance-armstrong-a-deset-let-od-padu-imperia-chtel-jsem-vse-ovladat\/\">Lance Armstrong<\/a>.\u00a0 \u201eByl jsem posedl\u00fd touhou po v\u00edt\u011bzstv\u00ed. Zvykl\u00fd ovl\u00e1dat v\u0161echno v m\u00e9m \u017eivot\u011b.\u201c<\/p>\n<div class=\"shortcode-ys-post-pinup\"><article class=\"loop-simple post-29945 post type-post status-publish format-standard has-post-thumbnail hentry category-tour-de-france tag-cyklistika tag-ekonomika-tour-de-france tag-finance-na-tour-de-france tag-odmena tag-premie tag-silnicni-cyklistika tag-tour-de-france-2025 global-categories-cycling\" data-postid=\"29945\" role=\"article\" data-post-id=\"29945\" data-word-count=\"545\" data-headline-length=\"59\" data-category=\"Tour de France\" data-global-category=\"Cycling\" data-author=\"Radek Malina\" data-published=\"2025-07-13T07:00:36+02:00\" data-published-day=\"Sunday\">\n    <div class=\"entry-thumbnail article-thumbnail\" content=\"https:\/\/d2p6e6u75xmxt8.cloudfront.net\/13\/2025\/07\/20250712TDF1080-150x150.webp\"><a href=\"https:\/\/www.welovecycling.com\/cs\/2025\/07\/13\/275-tisic-za-pet-hodin-driny-je-to-adekvatni-odmena\/\" class=\"image-holder\" target=\"_self\"><img decoding=\"async\" loading=\"lazy\" class=\"\" src=\"https:\/\/d2p6e6u75xmxt8.cloudfront.net\/13\/2025\/07\/20250712TDF1080-1024x683.webp\" srcset=\"https:\/\/d2p6e6u75xmxt8.cloudfront.net\/13\/2025\/07\/20250712TDF1080-scaled.webp 2560w, https:\/\/d2p6e6u75xmxt8.cloudfront.net\/13\/2025\/07\/20250712TDF1080-300x200.webp 300w, https:\/\/d2p6e6u75xmxt8.cloudfront.net\/13\/2025\/07\/20250712TDF1080-1024x683.webp 1024w, https:\/\/d2p6e6u75xmxt8.cloudfront.net\/13\/2025\/07\/20250712TDF1080-768x512.webp 768w, https:\/\/d2p6e6u75xmxt8.cloudfront.net\/13\/2025\/07\/20250712TDF1080-1536x1024.webp 1536w, https:\/\/d2p6e6u75xmxt8.cloudfront.net\/13\/2025\/07\/20250712TDF1080-2048x1365.webp 2048w, https:\/\/d2p6e6u75xmxt8.cloudfront.net\/13\/2025\/07\/20250712TDF1080-1920x1280.webp 1920w, https:\/\/d2p6e6u75xmxt8.cloudfront.net\/13\/2025\/07\/20250712TDF1080-400x267.webp 400w, https:\/\/d2p6e6u75xmxt8.cloudfront.net\/13\/2025\/07\/20250712TDF1080-272x182.webp 272w, https:\/\/d2p6e6u75xmxt8.cloudfront.net\/13\/2025\/07\/20250712TDF1080-1920x1280.webp 1920w\" width=\"1024\" height=\"683\" sizes=\"auto, (min-width: 1200px) 300px, (min-width: 768px) 25vw, 100vw\" alt=\"275-tisic-za-pet-hodin-driny-je-to-adekvatni-odmena\"\/><\/a><\/div>    <div class=\"entry-meta\">\n        <a class=\"label label-secondary post-category\" href=\"https:\/\/www.welovecycling.com\/cs\/category\/tour-de-france\/\" title=\"Tour de France\">Tour de France<\/a>\n    <\/div>\n    <div class=\"entry-details\">\n        <a href=\"https:\/\/www.welovecycling.com\/cs\/2025\/07\/13\/275-tisic-za-pet-hodin-driny-je-to-adekvatni-odmena\/\" class='entry-title-wrapper'>\n            <h3 class=\"entry-title\"><span>275 tis\u00edc za p\u011bt hodin d\u0159iny. Je to adekv\u00e1tn\u00ed odm\u011bna?<\/span><\/h3>\n        <\/a>\n    <\/div>\n    <\/article>\n<\/div>\n<p>Johan Bruyneel p\u0159ipustil, \u017ee st\u00e1je US Postal i n\u00e1sledn\u011b Discovery Channel peloton tot\u00e1ln\u011b ovl\u00e1daly. &#8222;\u017dili jsme v bublin\u011b. Cht\u011bli jsme vyhr\u00e1t Tour de France a zbytek \u0161el stranou. Byli jsme arogantn\u00ed v\u016f\u010di ostatn\u00edm, co\u017e bylo \u0161patn\u00e9,&#8220; p\u0159ipustil belgick\u00fd mana\u017eer. &#8222;C\u00edtili jsme se nedotknuteln\u00ed.&#8220;<\/p>\n","protected":false},"excerpt":{"rendered":"<p>N\u00e1vrat na m\u00edsto \u010dinu. Tour de France jej odkopla. Ale druh\u00fd\u00a0 z\u00e1vodn\u00ed blok ro\u010dn\u00edku 2025 p\u0159esto coby host sledoval Johan [&hellip;]<\/p>\n","protected":false},"author":138,"featured_media":30127,"comment_status":"open","ping_status":"open","sticky":false,"template":"","format":"standard","meta":{"footnotes":""},"categories":[1711],"tags":[126,54,1908,242,9,23,3843],"global-categories":[411],"class_list":["post-30126","post","type-post","status-publish","format-standard","has-post-thumbnail","hentry","category-tour-de-france","tag-cyklistika","tag-doping","tag-johan-bruyneel","tag-lance-armstrong","tag-silnicni-cyklistika","tag-tour-de-france","tag-tour-de-france-2025","global-categories-cycling"],"yoast_head":"<!-- This site is optimized with the Yoast SEO Premium plugin v25.3 (Yoast SEO v25.9) - https:\/\/yoast.com\/wordpress\/plugins\/seo\/ -->\n<title>V dopingu jsme byli nejlep\u0161\u00ed, \u0159\u00edk\u00e1 stvo\u0159itel Lance Armstronga | \u0160koda We Love Cycling - \u010cesk\u00e1 republika<\/title>\n<meta name=\"description\" content=\"N\u00e1vrat na m\u00edsto \u010dinu. Tour de France jej odkopla. Ale druh\u00fd blok ro\u010dn\u00edku 2025 p\u0159esto coby host sledoval Johan Bruyneel p\u0159\u00edmo v centru d\u011bn\u00ed. Letos \u0161edes\u00e1tilet\u00fd Belgi\u010dan byl kl\u00ed\u010dovou postavou zrozen\u00ed legendy Lance Armstronga. Sedmin\u00e1sobn\u00e9ho \u0161ampiona nejv\u011bt\u0161\u00edho cyklistick\u00e9ho z\u00e1vodu, kter\u00fd o v\u0161echny triumfy p\u0159i\u0161el kv\u016fli p\u0159izn\u00e1n\u00ed k dopingu.\" \/>\n<meta name=\"robots\" content=\"index, follow, max-snippet:-1, max-image-preview:large, max-video-preview:-1\" \/>\n<link rel=\"canonical\" href=\"https:\/\/www.welovecycling.com\/cs\/2025\/07\/18\/v-dopingu-jsme-byli-nejlepsi-rika-stvoritel-lance-armstronga\/\" \/>\n<meta property=\"og:locale\" content=\"cs_CZ\" \/>\n<meta property=\"og:type\" content=\"article\" \/>\n<meta property=\"og:title\" content=\"V dopingu jsme byli nejlep\u0161\u00ed, \u0159\u00edk\u00e1 stvo\u0159itel Lance Armstronga\" \/>\n<meta property=\"og:description\" content=\"N\u00e1vrat na m\u00edsto \u010dinu. Tour de France jej odkopla. Ale druh\u00fd blok ro\u010dn\u00edku 2025 p\u0159esto coby host sledoval Johan Bruyneel p\u0159\u00edmo v centru d\u011bn\u00ed. Letos \u0161edes\u00e1tilet\u00fd Belgi\u010dan byl kl\u00ed\u010dovou postavou zrozen\u00ed legendy Lance Armstronga. Sedmin\u00e1sobn\u00e9ho \u0161ampiona nejv\u011bt\u0161\u00edho cyklistick\u00e9ho z\u00e1vodu, kter\u00fd o v\u0161echny triumfy p\u0159i\u0161el kv\u016fli p\u0159izn\u00e1n\u00ed k dopingu.\" \/>\n<meta property=\"og:url\" content=\"https:\/\/www.welovecycling.com\/cs\/2025\/07\/18\/v-dopingu-jsme-byli-nejlepsi-rika-stvoritel-lance-armstronga\/\" \/>\n<meta property=\"og:site_name\" content=\"\u0160koda We Love Cycling - \u010cesk\u00e1 republika\" \/>\n<meta property=\"article:published_time\" content=\"2025-07-18T07:40:12+00:00\" \/>\n<meta property=\"og:image\" content=\"https:\/\/d2p6e6u75xmxt8.cloudfront.net\/13\/2025\/07\/profimedia-0016920986.webp\" \/>\n\t<meta property=\"og:image:width\" content=\"1800\" \/>\n\t<meta property=\"og:image:height\" content=\"1274\" \/>\n\t<meta property=\"og:image:type\" content=\"image\/webp\" \/>\n<meta name=\"author\" content=\"radekmalina\" \/>\n<meta name=\"twitter:card\" content=\"summary_large_image\" \/>\n<meta name=\"twitter:label1\" content=\"Written by\" \/>\n\t<meta name=\"twitter:data1\" content=\"Radek Malina\" \/>\n\t<meta name=\"twitter:label2\" content=\"Est. reading time\" \/>\n\t<meta name=\"twitter:data2\" content=\"6\" \/>\n<script type=\"application\/ld+json\" class=\"yoast-schema-graph\">{\"@context\":\"https:\/\/schema.org\",\"@graph\":[{\"@type\":\"WebPage\",\"@id\":\"https:\/\/www.welovecycling.com\/cs\/2025\/07\/18\/v-dopingu-jsme-byli-nejlepsi-rika-stvoritel-lance-armstronga\/\",\"url\":\"https:\/\/www.welovecycling.com\/cs\/2025\/07\/18\/v-dopingu-jsme-byli-nejlepsi-rika-stvoritel-lance-armstronga\/\",\"name\":\"V dopingu jsme byli nejlep\u0161\u00ed, \u0159\u00edk\u00e1 stvo\u0159itel Lance Armstronga | \u0160koda We Love Cycling - \u010cesk\u00e1 republika\",\"isPartOf\":{\"@id\":\"https:\/\/www.welovecycling.com\/cs\/#website\"},\"primaryImageOfPage\":{\"@id\":\"https:\/\/www.welovecycling.com\/cs\/2025\/07\/18\/v-dopingu-jsme-byli-nejlepsi-rika-stvoritel-lance-armstronga\/#primaryimage\"},\"image\":{\"@id\":\"https:\/\/www.welovecycling.com\/cs\/2025\/07\/18\/v-dopingu-jsme-byli-nejlepsi-rika-stvoritel-lance-armstronga\/#primaryimage\"},\"thumbnailUrl\":\"https:\/\/d2p6e6u75xmxt8.cloudfront.net\/13\/2025\/07\/profimedia-0016920986.webp\",\"datePublished\":\"2025-07-18T07:40:12+00:00\",\"author\":{\"@id\":\"https:\/\/www.welovecycling.com\/cs\/#\/schema\/person\/d9eeb0a378f3a7e4a6d12d2b536b04b8\"},\"description\":\"N\u00e1vrat na m\u00edsto \u010dinu. Tour de France jej odkopla. Ale druh\u00fd blok ro\u010dn\u00edku 2025 p\u0159esto coby host sledoval Johan Bruyneel p\u0159\u00edmo v centru d\u011bn\u00ed. Letos \u0161edes\u00e1tilet\u00fd Belgi\u010dan byl kl\u00ed\u010dovou postavou zrozen\u00ed legendy Lance Armstronga. Sedmin\u00e1sobn\u00e9ho \u0161ampiona nejv\u011bt\u0161\u00edho cyklistick\u00e9ho z\u00e1vodu, kter\u00fd o v\u0161echny triumfy p\u0159i\u0161el kv\u016fli p\u0159izn\u00e1n\u00ed k dopingu.\",\"inLanguage\":\"cs\",\"potentialAction\":[{\"@type\":\"ReadAction\",\"target\":[\"https:\/\/www.welovecycling.com\/cs\/2025\/07\/18\/v-dopingu-jsme-byli-nejlepsi-rika-stvoritel-lance-armstronga\/\"]}]},{\"@type\":\"ImageObject\",\"inLanguage\":\"cs\",\"@id\":\"https:\/\/www.welovecycling.com\/cs\/2025\/07\/18\/v-dopingu-jsme-byli-nejlepsi-rika-stvoritel-lance-armstronga\/#primaryimage\",\"url\":\"https:\/\/d2p6e6u75xmxt8.cloudfront.net\/13\/2025\/07\/profimedia-0016920986.webp\",\"contentUrl\":\"https:\/\/d2p6e6u75xmxt8.cloudfront.net\/13\/2025\/07\/profimedia-0016920986.webp\",\"width\":1800,\"height\":1274,\"caption\":\"Johan Bruyneel a Lance Armstrong\"},{\"@type\":\"WebSite\",\"@id\":\"https:\/\/www.welovecycling.com\/cs\/#website\",\"url\":\"https:\/\/www.welovecycling.com\/cs\/\",\"name\":\"\u0160koda We Love Cycling - \u010cesk\u00e1 republika\",\"description\":\"WeLoveCycling.cz je online magaz\u00edn, kter\u00fd v\u00e1m pravideln\u011b p\u0159in\u00e1\u0161\u00ed rady a tipy, zaj\u00edmav\u00e9 \u010dl\u00e1nky, videa a jedine\u010dn\u00e9 report\u00e1\u017ee ze sv\u011bta cyklistiky.\",\"potentialAction\":[{\"@type\":\"SearchAction\",\"target\":{\"@type\":\"EntryPoint\",\"urlTemplate\":\"https:\/\/www.welovecycling.com\/cs\/?s={search_term_string}\"},\"query-input\":{\"@type\":\"PropertyValueSpecification\",\"valueRequired\":true,\"valueName\":\"search_term_string\"}}],\"inLanguage\":\"cs\"},{\"@type\":\"Person\",\"@id\":\"https:\/\/www.welovecycling.com\/cs\/#\/schema\/person\/d9eeb0a378f3a7e4a6d12d2b536b04b8\",\"name\":\"radekmalina\",\"image\":{\"@type\":\"ImageObject\",\"inLanguage\":\"cs\",\"@id\":\"https:\/\/www.welovecycling.com\/cs\/#\/schema\/person\/image\/\",\"url\":\"https:\/\/secure.gravatar.com\/avatar\/66994b632cb8c39a46b9f54afa3ae07201b678d32a54275b6f1c9ffec356bfc0?s=96&d=mm&r=g\",\"contentUrl\":\"https:\/\/secure.gravatar.com\/avatar\/66994b632cb8c39a46b9f54afa3ae07201b678d32a54275b6f1c9ffec356bfc0?s=96&d=mm&r=g\",\"caption\":\"radekmalina\"},\"url\":\"https:\/\/www.welovecycling.com\/cs\/author\/radekmalina\/\"}]}<\/script>\n<!-- \/ Yoast SEO Premium plugin. -->","yoast_head_json":{"title":"V dopingu jsme byli nejlep\u0161\u00ed, \u0159\u00edk\u00e1 stvo\u0159itel Lance Armstronga | \u0160koda We Love Cycling - \u010cesk\u00e1 republika","description":"N\u00e1vrat na m\u00edsto \u010dinu. Tour de France jej odkopla. Ale druh\u00fd blok ro\u010dn\u00edku 2025 p\u0159esto coby host sledoval Johan Bruyneel p\u0159\u00edmo v centru d\u011bn\u00ed. Letos \u0161edes\u00e1tilet\u00fd Belgi\u010dan byl kl\u00ed\u010dovou postavou zrozen\u00ed legendy Lance Armstronga. Sedmin\u00e1sobn\u00e9ho \u0161ampiona nejv\u011bt\u0161\u00edho cyklistick\u00e9ho z\u00e1vodu, kter\u00fd o v\u0161echny triumfy p\u0159i\u0161el kv\u016fli p\u0159izn\u00e1n\u00ed k dopingu.","robots":{"index":"index","follow":"follow","max-snippet":"max-snippet:-1","max-image-preview":"max-image-preview:large","max-video-preview":"max-video-preview:-1"},"canonical":"https:\/\/www.welovecycling.com\/cs\/2025\/07\/18\/v-dopingu-jsme-byli-nejlepsi-rika-stvoritel-lance-armstronga\/","og_locale":"cs_CZ","og_type":"article","og_title":"V dopingu jsme byli nejlep\u0161\u00ed, \u0159\u00edk\u00e1 stvo\u0159itel Lance Armstronga","og_description":"N\u00e1vrat na m\u00edsto \u010dinu. Tour de France jej odkopla. Ale druh\u00fd blok ro\u010dn\u00edku 2025 p\u0159esto coby host sledoval Johan Bruyneel p\u0159\u00edmo v centru d\u011bn\u00ed. Letos \u0161edes\u00e1tilet\u00fd Belgi\u010dan byl kl\u00ed\u010dovou postavou zrozen\u00ed legendy Lance Armstronga. Sedmin\u00e1sobn\u00e9ho \u0161ampiona nejv\u011bt\u0161\u00edho cyklistick\u00e9ho z\u00e1vodu, kter\u00fd o v\u0161echny triumfy p\u0159i\u0161el kv\u016fli p\u0159izn\u00e1n\u00ed k dopingu.","og_url":"https:\/\/www.welovecycling.com\/cs\/2025\/07\/18\/v-dopingu-jsme-byli-nejlepsi-rika-stvoritel-lance-armstronga\/","og_site_name":"\u0160koda We Love Cycling - \u010cesk\u00e1 republika","article_published_time":"2025-07-18T07:40:12+00:00","og_image":[{"width":1800,"height":1274,"url":"https:\/\/d2p6e6u75xmxt8.cloudfront.net\/13\/2025\/07\/profimedia-0016920986.webp","type":"image\/webp"}],"author":"radekmalina","twitter_card":"summary_large_image","twitter_misc":{"Written by":"Radek Malina","Est. reading time":"6"},"schema":{"@context":"https:\/\/schema.org","@graph":[{"@type":"WebPage","@id":"https:\/\/www.welovecycling.com\/cs\/2025\/07\/18\/v-dopingu-jsme-byli-nejlepsi-rika-stvoritel-lance-armstronga\/","url":"https:\/\/www.welovecycling.com\/cs\/2025\/07\/18\/v-dopingu-jsme-byli-nejlepsi-rika-stvoritel-lance-armstronga\/","name":"V dopingu jsme byli nejlep\u0161\u00ed, \u0159\u00edk\u00e1 stvo\u0159itel Lance Armstronga | \u0160koda We Love Cycling - \u010cesk\u00e1 republika","isPartOf":{"@id":"https:\/\/www.welovecycling.com\/cs\/#website"},"primaryImageOfPage":{"@id":"https:\/\/www.welovecycling.com\/cs\/2025\/07\/18\/v-dopingu-jsme-byli-nejlepsi-rika-stvoritel-lance-armstronga\/#primaryimage"},"image":{"@id":"https:\/\/www.welovecycling.com\/cs\/2025\/07\/18\/v-dopingu-jsme-byli-nejlepsi-rika-stvoritel-lance-armstronga\/#primaryimage"},"thumbnailUrl":"https:\/\/d2p6e6u75xmxt8.cloudfront.net\/13\/2025\/07\/profimedia-0016920986.webp","datePublished":"2025-07-18T07:40:12+00:00","author":{"@id":"https:\/\/www.welovecycling.com\/cs\/#\/schema\/person\/d9eeb0a378f3a7e4a6d12d2b536b04b8"},"description":"N\u00e1vrat na m\u00edsto \u010dinu. Tour de France jej odkopla. Ale druh\u00fd blok ro\u010dn\u00edku 2025 p\u0159esto coby host sledoval Johan Bruyneel p\u0159\u00edmo v centru d\u011bn\u00ed. Letos \u0161edes\u00e1tilet\u00fd Belgi\u010dan byl kl\u00ed\u010dovou postavou zrozen\u00ed legendy Lance Armstronga. Sedmin\u00e1sobn\u00e9ho \u0161ampiona nejv\u011bt\u0161\u00edho cyklistick\u00e9ho z\u00e1vodu, kter\u00fd o v\u0161echny triumfy p\u0159i\u0161el kv\u016fli p\u0159izn\u00e1n\u00ed k dopingu.","inLanguage":"cs","potentialAction":[{"@type":"ReadAction","target":["https:\/\/www.welovecycling.com\/cs\/2025\/07\/18\/v-dopingu-jsme-byli-nejlepsi-rika-stvoritel-lance-armstronga\/"]}]},{"@type":"ImageObject","inLanguage":"cs","@id":"https:\/\/www.welovecycling.com\/cs\/2025\/07\/18\/v-dopingu-jsme-byli-nejlepsi-rika-stvoritel-lance-armstronga\/#primaryimage","url":"https:\/\/d2p6e6u75xmxt8.cloudfront.net\/13\/2025\/07\/profimedia-0016920986.webp","contentUrl":"https:\/\/d2p6e6u75xmxt8.cloudfront.net\/13\/2025\/07\/profimedia-0016920986.webp","width":1800,"height":1274,"caption":"Johan Bruyneel a Lance Armstrong"},{"@type":"WebSite","@id":"https:\/\/www.welovecycling.com\/cs\/#website","url":"https:\/\/www.welovecycling.com\/cs\/","name":"\u0160koda We Love Cycling - \u010cesk\u00e1 republika","description":"WeLoveCycling.cz je online magaz\u00edn, kter\u00fd v\u00e1m pravideln\u011b p\u0159in\u00e1\u0161\u00ed rady a tipy, zaj\u00edmav\u00e9 \u010dl\u00e1nky, videa a jedine\u010dn\u00e9 report\u00e1\u017ee ze sv\u011bta cyklistiky.","potentialAction":[{"@type":"SearchAction","target":{"@type":"EntryPoint","urlTemplate":"https:\/\/www.welovecycling.com\/cs\/?s={search_term_string}"},"query-input":{"@type":"PropertyValueSpecification","valueRequired":true,"valueName":"search_term_string"}}],"inLanguage":"cs"},{"@type":"Person","@id":"https:\/\/www.welovecycling.com\/cs\/#\/schema\/person\/d9eeb0a378f3a7e4a6d12d2b536b04b8","name":"radekmalina","image":{"@type":"ImageObject","inLanguage":"cs","@id":"https:\/\/www.welovecycling.com\/cs\/#\/schema\/person\/image\/","url":"https:\/\/secure.gravatar.com\/avatar\/66994b632cb8c39a46b9f54afa3ae07201b678d32a54275b6f1c9ffec356bfc0?s=96&d=mm&r=g","contentUrl":"https:\/\/secure.gravatar.com\/avatar\/66994b632cb8c39a46b9f54afa3ae07201b678d32a54275b6f1c9ffec356bfc0?s=96&d=mm&r=g","caption":"radekmalina"},"url":"https:\/\/www.welovecycling.com\/cs\/author\/radekmalina\/"}]}},"_links":{"self":[{"href":"https:\/\/www.welovecycling.com\/cs\/wp-json\/wp\/v2\/posts\/30126","targetHints":{"allow":["GET"]}}],"collection":[{"href":"https:\/\/www.welovecycling.com\/cs\/wp-json\/wp\/v2\/posts"}],"about":[{"href":"https:\/\/www.welovecycling.com\/cs\/wp-json\/wp\/v2\/types\/post"}],"author":[{"embeddable":true,"href":"https:\/\/www.welovecycling.com\/cs\/wp-json\/wp\/v2\/users\/138"}],"replies":[{"embeddable":true,"href":"https:\/\/www.welovecycling.com\/cs\/wp-json\/wp\/v2\/comments?post=30126"}],"version-history":[{"count":1,"href":"https:\/\/www.welovecycling.com\/cs\/wp-json\/wp\/v2\/posts\/30126\/revisions"}],"predecessor-version":[{"id":30130,"href":"https:\/\/www.welovecycling.com\/cs\/wp-json\/wp\/v2\/posts\/30126\/revisions\/30130"}],"wp:featuredmedia":[{"embeddable":true,"href":"https:\/\/www.welovecycling.com\/cs\/wp-json\/wp\/v2\/media\/30127"}],"wp:attachment":[{"href":"https:\/\/www.welovecycling.com\/cs\/wp-json\/wp\/v2\/media?parent=30126"}],"wp:term":[{"taxonomy":"category","embeddable":true,"href":"https:\/\/www.welovecycling.com\/cs\/wp-json\/wp\/v2\/categories?post=30126"},{"taxonomy":"post_tag","embeddable":true,"href":"https:\/\/www.welovecycling.com\/cs\/wp-json\/wp\/v2\/tags?post=30126"},{"taxonomy":"global-categories","embeddable":true,"href":"https:\/\/www.welovecycling.com\/cs\/wp-json\/wp\/v2\/global-categories?post=30126"}],"curies":[{"name":"wp","href":"https:\/\/api.w.org\/{rel}","templated":true}]}}