{"id":30097,"date":"2025-07-17T10:16:17","date_gmt":"2025-07-17T08:16:17","guid":{"rendered":"https:\/\/www.welovecycling.com\/cs\/?p=30097"},"modified":"2025-07-17T10:19:36","modified_gmt":"2025-07-17T08:19:36","slug":"vyhruzky-v-pelotonu-prestante-vzkazal-vysmaty-tadej-pogacar","status":"publish","type":"post","link":"https:\/\/www.welovecycling.com\/cs\/2025\/07\/17\/vyhruzky-v-pelotonu-prestante-vzkazal-vysmaty-tadej-pogacar\/","title":{"rendered":"V\u00fdhr\u016f\u017eky v pelotonu! P\u0159esta\u0148te, vzk\u00e1zal vysm\u00e1t\u00fd Tadej Poga\u010dar"},"content":{"rendered":"<p><strong>Milion zobrazen\u00ed! Sl\u00e1va, o kterou nest\u00e1l. Tobias Halland Johannessen, p\u011btadvacetilet\u00fd l\u00eddr formace Uno-X Mobility, zast\u00ednil \u00fasp\u011bch t\u00fdmov\u00e9ho kolegy, kter\u00fd vyhr\u00e1l 11. etapu na Tour de France. Souhra ne\u0161\u0165astn\u00fdch okolnost\u00ed, v jejich\u017e d\u016fsledku trojn\u00e1sobn\u00fd \u0161ampion z\u00e1vodu Tadej Poga\u010dar z UAE Emirates XRG slet\u011bl k zemi, vedla k hysterii, z n\u00ed\u017e mus\u00ed j\u00edt norsk\u00e9mu z\u00e1vodn\u00edkovi hlava kolem.<\/strong><\/p>\n<p>Norsk\u00e1 cyklitick\u00e1 st\u00e1j Uno-X Mobility za\u017eila obrovsk\u00fd okam\u017eik v historii. Jonas Abrahamsen vyhr\u00e1l 11. etapu na Tour de France, co\u017e se dosud \u017e\u00e1dn\u00e9mu cyklistovi formace v jej\u00ed existenci nepoda\u0159ilo! Jen\u017ee \u00fasp\u011bch dev\u011btadvacetilet\u00e9ho borce necht\u011bn\u011b zast\u00ednil jeho t\u00fdmov\u00fd kolega koliz\u00ed \u010dty\u0159i kilometry p\u0159ed c\u00edlem \u00favodn\u00edho d\u011bjstv\u00ed druh\u00e9ho z\u00e1vodn\u00edho bloku&#8230;<\/p>\n<h2><strong>Jen 4187 sleduj\u00edc\u00edch, ale milion zhl\u00e9dnut\u00ed<\/strong><\/h2>\n<p>Jeho dva posty na soci\u00e1ln\u00ed s\u00edti X s odstupem n\u011bkolika m\u00e1lo hodin po dojezdu m\u011bly shodn\u011b p\u0159es milion zhl\u00e9dnut\u00ed. P\u0159itom Tobias Halland Johannessen m\u00e1 jen 4187 sleduj\u00edc\u00edch&#8230;<\/p>\n<p>Zb\u00fdvaly \u010dty\u0159i kilometry etapy, kdy\u017e Tadej Poga\u010dar ve skupin\u011b uchaze\u010d\u016f na celkov\u00e9 po\u0159ad\u00ed s\u00e1hl na lev\u00e9 stran\u011b vozovky pravou rukou po vys\u00edla\u010dce a sklonil hlavu. P\u0159esn\u011b v dan\u00fd okam\u017eik se na prav\u00e9 stran\u011b silnice rodil \u00fatok. A Tobias Halland Johannessen jedouc\u00ed po lev\u00e9 ruce slovinsk\u00e9ho \u0161ampiona se rozhodl reagovat. \u00da\u0159aduj\u00edc\u00ed mistr sv\u011bta p\u0159edn\u00edm kolem brnknul o stroj norsk\u00e9ho cyklisty. Ale zat\u00edmco l\u00eddr Uno-X pokra\u010doval d\u00e1l, trojn\u00e1sobn\u00fd v\u00edt\u011bz Tour de France ve vysok\u00e9 rychlosti slet\u011bl k zemi.<\/p>\n<figure id=\"attachment_30100\" aria-describedby=\"caption-attachment-30100\" style=\"width: 1920px\" class=\"wp-caption alignnone\"><a href=\"https:\/\/d2p6e6u75xmxt8.cloudfront.net\/13\/2025\/07\/20250716TDF2039-scaled.webp\"><img loading=\"lazy\" decoding=\"async\" class=\"size-extra-large wp-image-30100\" src=\"https:\/\/d2p6e6u75xmxt8.cloudfront.net\/13\/2025\/07\/20250716TDF2039-1920x1280.webp\" alt=\"\" width=\"1920\" height=\"1280\" srcset=\"https:\/\/d2p6e6u75xmxt8.cloudfront.net\/13\/2025\/07\/20250716TDF2039-1920x1280.webp 1920w, https:\/\/d2p6e6u75xmxt8.cloudfront.net\/13\/2025\/07\/20250716TDF2039-300x200.webp 300w, https:\/\/d2p6e6u75xmxt8.cloudfront.net\/13\/2025\/07\/20250716TDF2039-1024x683.webp 1024w, https:\/\/d2p6e6u75xmxt8.cloudfront.net\/13\/2025\/07\/20250716TDF2039-768x512.webp 768w, https:\/\/d2p6e6u75xmxt8.cloudfront.net\/13\/2025\/07\/20250716TDF2039-1536x1024.webp 1536w, https:\/\/d2p6e6u75xmxt8.cloudfront.net\/13\/2025\/07\/20250716TDF2039-2048x1365.webp 2048w, https:\/\/d2p6e6u75xmxt8.cloudfront.net\/13\/2025\/07\/20250716TDF2039-400x267.webp 400w, https:\/\/d2p6e6u75xmxt8.cloudfront.net\/13\/2025\/07\/20250716TDF2039-272x182.webp 272w, https:\/\/d2p6e6u75xmxt8.cloudfront.net\/13\/2025\/07\/20250716TDF2039-1920x1280.webp 1920w\" sizes=\"auto, (max-width: 1920px) 100vw, 1920px\" \/><\/a><figcaption id=\"caption-attachment-30100\" class=\"wp-caption-text\"><em>Tadej Poga\u010dar p\u0159i 11. etap\u011b Tour de France 2025, kdy spadl po kolizi, kterou zavinil Tobias Halland Johannessen.<\/em><\/figcaption><\/figure>\n<p>Tadej Poga\u010dar p\u0159edvedl v\u00fdjime\u010dnost i p\u0159i <a href=\"https:\/\/www.welovecycling.com\/cs\/2025\/07\/14\/chute-pady-a-jejich-zabery\/\">p\u00e1du<\/a>. Bravurn\u00ed reakc\u00ed se schoulil do klub\u00ed\u010dka, aby ochr\u00e1nil kl\u00ed\u010dn\u00ed kost, a kdy\u017e u\u017e klouzal po silnici, vytr\u010dil ruce p\u0159ed t\u011blo, aby ztlumil n\u00e1raz na obrubn\u00edk a nenarazil do betonov\u00e9 z\u00e1brany kolenem. A\u010d na lev\u00e9 stran\u011b sed\u0159en\u00fd a krv\u00e1cej\u00edc\u00ed, bleskurychle nasko\u010dil na kolo a pokra\u010doval. Neztratil \u017e\u00e1dn\u00fd \u010das.<\/p>\n<h2><strong>Tadej Poga\u010dar: P\u0159esta\u0148te s nen\u00e1vist\u00ed<\/strong><\/h2>\n<p>Tobias Halland Johannessen se omluvil. Po dojezdu. Pak prost\u0159ednictv\u00edm soci\u00e1ln\u00edch s\u00edt\u00ed. A stejn\u011b \u010delil od fanou\u0161k\u016f slovinsk\u00e9ho cyklisty v\u00fdhr\u016f\u017ek\u00e1m a nen\u00e1visti.<\/p>\n<p>&#8222;Je mi velice l\u00edto, co se Tadejovi stalo. Cht\u011bl jsem sledovat pohyb ve skupin\u011b, ale dostal jsem se p\u0159\u00edli\u0161 bl\u00edzko. Myslel jsem, \u017ee v\u0161ichni budou n\u00e1sledovat \u00fato\u010d\u00edc\u00ed skupinku. Ud\u011blal jsem chybu a omlouv\u00e1m se,&#8220; vy\u0165ukal vzkaz na soci\u00e1ln\u00ed s\u00edt\u011b Tobias Halland Johannessen.<\/p>\n<div class=\"shortcode-ys-post-pinup\"><article class=\"loop-simple post-29945 post type-post status-publish format-standard has-post-thumbnail hentry category-tour-de-france tag-cyklistika tag-ekonomika-tour-de-france tag-finance-na-tour-de-france tag-odmena tag-premie tag-silnicni-cyklistika tag-tour-de-france-2025 global-categories-cycling\" data-postid=\"29945\" role=\"article\" data-post-id=\"29945\" data-word-count=\"545\" data-headline-length=\"59\" data-category=\"Tour de France\" data-global-category=\"Cycling\" data-author=\"Radek Malina\" data-published=\"2025-07-13T07:00:36+02:00\" data-published-day=\"Sunday\">\n    <div class=\"entry-thumbnail article-thumbnail\" content=\"https:\/\/d2p6e6u75xmxt8.cloudfront.net\/13\/2025\/07\/20250712TDF1080-150x150.webp\"><a href=\"https:\/\/www.welovecycling.com\/cs\/2025\/07\/13\/275-tisic-za-pet-hodin-driny-je-to-adekvatni-odmena\/\" class=\"image-holder\" target=\"_self\"><img decoding=\"async\" loading=\"lazy\" class=\"\" src=\"https:\/\/d2p6e6u75xmxt8.cloudfront.net\/13\/2025\/07\/20250712TDF1080-1024x683.webp\" srcset=\"https:\/\/d2p6e6u75xmxt8.cloudfront.net\/13\/2025\/07\/20250712TDF1080-scaled.webp 2560w, https:\/\/d2p6e6u75xmxt8.cloudfront.net\/13\/2025\/07\/20250712TDF1080-300x200.webp 300w, https:\/\/d2p6e6u75xmxt8.cloudfront.net\/13\/2025\/07\/20250712TDF1080-1024x683.webp 1024w, https:\/\/d2p6e6u75xmxt8.cloudfront.net\/13\/2025\/07\/20250712TDF1080-768x512.webp 768w, https:\/\/d2p6e6u75xmxt8.cloudfront.net\/13\/2025\/07\/20250712TDF1080-1536x1024.webp 1536w, https:\/\/d2p6e6u75xmxt8.cloudfront.net\/13\/2025\/07\/20250712TDF1080-2048x1365.webp 2048w, https:\/\/d2p6e6u75xmxt8.cloudfront.net\/13\/2025\/07\/20250712TDF1080-1920x1280.webp 1920w, https:\/\/d2p6e6u75xmxt8.cloudfront.net\/13\/2025\/07\/20250712TDF1080-400x267.webp 400w, https:\/\/d2p6e6u75xmxt8.cloudfront.net\/13\/2025\/07\/20250712TDF1080-272x182.webp 272w, https:\/\/d2p6e6u75xmxt8.cloudfront.net\/13\/2025\/07\/20250712TDF1080-1920x1280.webp 1920w\" width=\"1024\" height=\"683\" sizes=\"auto, (min-width: 1200px) 300px, (min-width: 768px) 25vw, 100vw\" alt=\"275-tisic-za-pet-hodin-driny-je-to-adekvatni-odmena\"\/><\/a><\/div>    <div class=\"entry-meta\">\n        <a class=\"label label-secondary post-category\" href=\"https:\/\/www.welovecycling.com\/cs\/category\/tour-de-france\/\" title=\"Tour de France\">Tour de France<\/a>\n    <\/div>\n    <div class=\"entry-details\">\n        <a href=\"https:\/\/www.welovecycling.com\/cs\/2025\/07\/13\/275-tisic-za-pet-hodin-driny-je-to-adekvatni-odmena\/\" class='entry-title-wrapper'>\n            <h3 class=\"entry-title\"><span>275 tis\u00edc za p\u011bt hodin d\u0159iny. Je to adekv\u00e1tn\u00ed odm\u011bna?<\/span><\/h3>\n        <\/a>\n    <\/div>\n    <\/article>\n<\/div>\n<p>&#8222;Mrz\u00ed m\u011b, \u017ee Tadej Poga\u010dar spadnul. Je mi to stra\u0161n\u011b l\u00edto. Kdybych mohl vz\u00edt v\u0161e zp\u011bt, reagoval bych jinak, ale prost\u011b to nejde,&#8220; uvedl norsk\u00fd z\u00e1vodn\u00edk evidentn\u011b i pod t\u00edhou zcela nesmysln\u00fdch v\u00fdhr\u016f\u017eek. &#8222;Velmi m\u011b d\u011bs\u00ed nen\u00e1vist v\u0161ech lid\u00ed. Nikomu bych nep\u0159\u00e1l tolik v\u00fdhr\u016f\u017eek, kter\u00e9 dost\u00e1v\u00e1m. Jde o stra\u0161idelnou z\u00e1le\u017eitost,&#8220; posteskl si Tobias Halland Johannessen.<\/p>\n<p>Druh\u00fd akt\u00e9r incidentu Tadej Poga\u010dar uk\u00e1zal velikost a v\u00fdjime\u010dnost. T\u00e9m\u011b\u0159 bleskov\u011b s t\u00fdmov\u00fdmi par\u0165\u00e1ky nachystal video na soci\u00e1ln\u00ed s\u00edt\u011b, kde vyzval ve\u0159ejnost, aby norsk\u00e9ho cyklistu p\u0159estala obt\u011b\u017eovat.<\/p>\n<p>&#8222;Byl to z\u00e1vodn\u00ed incident. P\u0159esta\u0148te s t\u011bmi sra\u2026. Bojujeme d\u00e1l,&#8220; uvedl Tadej Poga\u010dar ve velkolep\u00e9 reakci na instagramov\u00e9m videu, kde je patrn\u00e9 zalepen\u00e9 lev\u00e9 p\u0159edlokt\u00ed. &#8222;Jezd\u011bte rovn\u011b,&#8220; dod\u00e1v\u00e1 je\u0161t\u011b uprost\u0159ed vysm\u00e1t\u00e9ho kolektivu cyklist\u016f UAE Emirates Jhonatan Narvaez, jeden z pomocn\u00edku slovinsk\u00e9ho borce.<\/p>\n","protected":false},"excerpt":{"rendered":"<p>Milion zobrazen\u00ed! Sl\u00e1va, o kterou nest\u00e1l. Tobias Halland Johannessen, p\u011btadvacetilet\u00fd l\u00eddr formace Uno-X Mobility, zast\u00ednil \u00fasp\u011bch t\u00fdmov\u00e9ho kolegy, kter\u00fd vyhr\u00e1l [&hellip;]<\/p>\n","protected":false},"author":138,"featured_media":30099,"comment_status":"open","ping_status":"open","sticky":false,"template":"","format":"standard","meta":{"footnotes":""},"categories":[1711],"tags":[126,9,502,4289,23,3843,4290],"global-categories":[411],"class_list":["post-30097","post","type-post","status-publish","format-standard","has-post-thumbnail","hentry","category-tour-de-france","tag-cyklistika","tag-silnicni-cyklistika","tag-tadej-pogacar","tag-tobias-halland-johannessen","tag-tour-de-france","tag-tour-de-france-2025","tag-zavodni-incident","global-categories-cycling"],"yoast_head":"<!-- This site is optimized with the Yoast SEO Premium plugin v25.3 (Yoast SEO v25.9) - https:\/\/yoast.com\/wordpress\/plugins\/seo\/ -->\n<title>V\u00fdhr\u016f\u017eky v pelotonu! P\u0159esta\u0148te, vzk\u00e1zal vysm\u00e1t\u00fd Tadej Poga\u010dar | \u0160koda We Love Cycling - \u010cesk\u00e1 republika<\/title>\n<meta name=\"description\" content=\"Milion zobrazen\u00ed! Sl\u00e1va, o kterou nest\u00e1l. Tobias Halland Johannessen, p\u011btadvacetilet\u00fd l\u00eddr formace Uno-X Mobility, zast\u00ednil \u00fasp\u011bch t\u00fdmov\u00e9ho kolegy, kter\u00fd vyhr\u00e1l 11. etapu na Tour de France. Souhra ne\u0161\u0165astn\u00fdch okolnost\u00ed, v jejich\u017e d\u016fsledku trojn\u00e1sobn\u00fd \u0161ampion z\u00e1vodu Tadej Poga\u010dar z UAE Emirates XRG slet\u011bl k zemi, vedla k hysterii, z n\u00ed\u017e mus\u00ed j\u00edt norsk\u00e9mu z\u00e1vodn\u00edkovi hlava kolem.\" \/>\n<meta name=\"robots\" content=\"index, follow, max-snippet:-1, max-image-preview:large, max-video-preview:-1\" \/>\n<link rel=\"canonical\" href=\"https:\/\/www.welovecycling.com\/cs\/2025\/07\/17\/vyhruzky-v-pelotonu-prestante-vzkazal-vysmaty-tadej-pogacar\/\" \/>\n<meta property=\"og:locale\" content=\"cs_CZ\" \/>\n<meta property=\"og:type\" content=\"article\" \/>\n<meta property=\"og:title\" content=\"V\u00fdhr\u016f\u017eky v pelotonu! P\u0159esta\u0148te, vzk\u00e1zal vysm\u00e1t\u00fd Tadej Poga\u010dar\" \/>\n<meta property=\"og:description\" content=\"Milion zobrazen\u00ed! Sl\u00e1va, o kterou nest\u00e1l. Tobias Halland Johannessen, p\u011btadvacetilet\u00fd l\u00eddr formace Uno-X Mobility, zast\u00ednil \u00fasp\u011bch t\u00fdmov\u00e9ho kolegy, kter\u00fd vyhr\u00e1l 11. etapu na Tour de France. Souhra ne\u0161\u0165astn\u00fdch okolnost\u00ed, v jejich\u017e d\u016fsledku trojn\u00e1sobn\u00fd \u0161ampion z\u00e1vodu Tadej Poga\u010dar z UAE Emirates XRG slet\u011bl k zemi, vedla k hysterii, z n\u00ed\u017e mus\u00ed j\u00edt norsk\u00e9mu z\u00e1vodn\u00edkovi hlava kolem.\" \/>\n<meta property=\"og:url\" content=\"https:\/\/www.welovecycling.com\/cs\/2025\/07\/17\/vyhruzky-v-pelotonu-prestante-vzkazal-vysmaty-tadej-pogacar\/\" \/>\n<meta property=\"og:site_name\" content=\"\u0160koda We Love Cycling - \u010cesk\u00e1 republika\" \/>\n<meta property=\"article:published_time\" content=\"2025-07-17T08:16:17+00:00\" \/>\n<meta property=\"article:modified_time\" content=\"2025-07-17T08:19:36+00:00\" \/>\n<meta property=\"og:image\" content=\"https:\/\/d2p6e6u75xmxt8.cloudfront.net\/13\/2025\/07\/profimedia-1022542021.webp\" \/>\n\t<meta property=\"og:image:width\" content=\"1800\" \/>\n\t<meta property=\"og:image:height\" content=\"1200\" \/>\n\t<meta property=\"og:image:type\" content=\"image\/webp\" \/>\n<meta name=\"author\" content=\"radekmalina\" \/>\n<meta name=\"twitter:card\" content=\"summary_large_image\" \/>\n<meta name=\"twitter:label1\" content=\"Written by\" \/>\n\t<meta name=\"twitter:data1\" content=\"Radek Malina\" \/>\n\t<meta name=\"twitter:label2\" content=\"Est. reading time\" \/>\n\t<meta name=\"twitter:data2\" content=\"6\" \/>\n<script type=\"application\/ld+json\" class=\"yoast-schema-graph\">{\"@context\":\"https:\/\/schema.org\",\"@graph\":[{\"@type\":\"WebPage\",\"@id\":\"https:\/\/www.welovecycling.com\/cs\/2025\/07\/17\/vyhruzky-v-pelotonu-prestante-vzkazal-vysmaty-tadej-pogacar\/\",\"url\":\"https:\/\/www.welovecycling.com\/cs\/2025\/07\/17\/vyhruzky-v-pelotonu-prestante-vzkazal-vysmaty-tadej-pogacar\/\",\"name\":\"V\u00fdhr\u016f\u017eky v pelotonu! P\u0159esta\u0148te, vzk\u00e1zal vysm\u00e1t\u00fd Tadej Poga\u010dar | \u0160koda We Love Cycling - \u010cesk\u00e1 republika\",\"isPartOf\":{\"@id\":\"https:\/\/www.welovecycling.com\/cs\/#website\"},\"primaryImageOfPage\":{\"@id\":\"https:\/\/www.welovecycling.com\/cs\/2025\/07\/17\/vyhruzky-v-pelotonu-prestante-vzkazal-vysmaty-tadej-pogacar\/#primaryimage\"},\"image\":{\"@id\":\"https:\/\/www.welovecycling.com\/cs\/2025\/07\/17\/vyhruzky-v-pelotonu-prestante-vzkazal-vysmaty-tadej-pogacar\/#primaryimage\"},\"thumbnailUrl\":\"https:\/\/d2p6e6u75xmxt8.cloudfront.net\/13\/2025\/07\/profimedia-1022542021.webp\",\"datePublished\":\"2025-07-17T08:16:17+00:00\",\"dateModified\":\"2025-07-17T08:19:36+00:00\",\"author\":{\"@id\":\"https:\/\/www.welovecycling.com\/cs\/#\/schema\/person\/d9eeb0a378f3a7e4a6d12d2b536b04b8\"},\"description\":\"Milion zobrazen\u00ed! Sl\u00e1va, o kterou nest\u00e1l. Tobias Halland Johannessen, p\u011btadvacetilet\u00fd l\u00eddr formace Uno-X Mobility, zast\u00ednil \u00fasp\u011bch t\u00fdmov\u00e9ho kolegy, kter\u00fd vyhr\u00e1l 11. etapu na Tour de France. Souhra ne\u0161\u0165astn\u00fdch okolnost\u00ed, v jejich\u017e d\u016fsledku trojn\u00e1sobn\u00fd \u0161ampion z\u00e1vodu Tadej Poga\u010dar z UAE Emirates XRG slet\u011bl k zemi, vedla k hysterii, z n\u00ed\u017e mus\u00ed j\u00edt norsk\u00e9mu z\u00e1vodn\u00edkovi hlava kolem.\",\"inLanguage\":\"cs\",\"potentialAction\":[{\"@type\":\"ReadAction\",\"target\":[\"https:\/\/www.welovecycling.com\/cs\/2025\/07\/17\/vyhruzky-v-pelotonu-prestante-vzkazal-vysmaty-tadej-pogacar\/\"]}]},{\"@type\":\"ImageObject\",\"inLanguage\":\"cs\",\"@id\":\"https:\/\/www.welovecycling.com\/cs\/2025\/07\/17\/vyhruzky-v-pelotonu-prestante-vzkazal-vysmaty-tadej-pogacar\/#primaryimage\",\"url\":\"https:\/\/d2p6e6u75xmxt8.cloudfront.net\/13\/2025\/07\/profimedia-1022542021.webp\",\"contentUrl\":\"https:\/\/d2p6e6u75xmxt8.cloudfront.net\/13\/2025\/07\/profimedia-1022542021.webp\",\"width\":1800,\"height\":1200,\"caption\":\"Tadej Poga\u010dar Tobias Halland Johannessen\"},{\"@type\":\"WebSite\",\"@id\":\"https:\/\/www.welovecycling.com\/cs\/#website\",\"url\":\"https:\/\/www.welovecycling.com\/cs\/\",\"name\":\"\u0160koda We Love Cycling - \u010cesk\u00e1 republika\",\"description\":\"WeLoveCycling.cz je online magaz\u00edn, kter\u00fd v\u00e1m pravideln\u011b p\u0159in\u00e1\u0161\u00ed rady a tipy, zaj\u00edmav\u00e9 \u010dl\u00e1nky, videa a jedine\u010dn\u00e9 report\u00e1\u017ee ze sv\u011bta cyklistiky.\",\"potentialAction\":[{\"@type\":\"SearchAction\",\"target\":{\"@type\":\"EntryPoint\",\"urlTemplate\":\"https:\/\/www.welovecycling.com\/cs\/?s={search_term_string}\"},\"query-input\":{\"@type\":\"PropertyValueSpecification\",\"valueRequired\":true,\"valueName\":\"search_term_string\"}}],\"inLanguage\":\"cs\"},{\"@type\":\"Person\",\"@id\":\"https:\/\/www.welovecycling.com\/cs\/#\/schema\/person\/d9eeb0a378f3a7e4a6d12d2b536b04b8\",\"name\":\"radekmalina\",\"image\":{\"@type\":\"ImageObject\",\"inLanguage\":\"cs\",\"@id\":\"https:\/\/www.welovecycling.com\/cs\/#\/schema\/person\/image\/\",\"url\":\"https:\/\/secure.gravatar.com\/avatar\/66994b632cb8c39a46b9f54afa3ae07201b678d32a54275b6f1c9ffec356bfc0?s=96&d=mm&r=g\",\"contentUrl\":\"https:\/\/secure.gravatar.com\/avatar\/66994b632cb8c39a46b9f54afa3ae07201b678d32a54275b6f1c9ffec356bfc0?s=96&d=mm&r=g\",\"caption\":\"radekmalina\"},\"url\":\"https:\/\/www.welovecycling.com\/cs\/author\/radekmalina\/\"}]}<\/script>\n<!-- \/ Yoast SEO Premium plugin. -->","yoast_head_json":{"title":"V\u00fdhr\u016f\u017eky v pelotonu! P\u0159esta\u0148te, vzk\u00e1zal vysm\u00e1t\u00fd Tadej Poga\u010dar | \u0160koda We Love Cycling - \u010cesk\u00e1 republika","description":"Milion zobrazen\u00ed! Sl\u00e1va, o kterou nest\u00e1l. Tobias Halland Johannessen, p\u011btadvacetilet\u00fd l\u00eddr formace Uno-X Mobility, zast\u00ednil \u00fasp\u011bch t\u00fdmov\u00e9ho kolegy, kter\u00fd vyhr\u00e1l 11. etapu na Tour de France. Souhra ne\u0161\u0165astn\u00fdch okolnost\u00ed, v jejich\u017e d\u016fsledku trojn\u00e1sobn\u00fd \u0161ampion z\u00e1vodu Tadej Poga\u010dar z UAE Emirates XRG slet\u011bl k zemi, vedla k hysterii, z n\u00ed\u017e mus\u00ed j\u00edt norsk\u00e9mu z\u00e1vodn\u00edkovi hlava kolem.","robots":{"index":"index","follow":"follow","max-snippet":"max-snippet:-1","max-image-preview":"max-image-preview:large","max-video-preview":"max-video-preview:-1"},"canonical":"https:\/\/www.welovecycling.com\/cs\/2025\/07\/17\/vyhruzky-v-pelotonu-prestante-vzkazal-vysmaty-tadej-pogacar\/","og_locale":"cs_CZ","og_type":"article","og_title":"V\u00fdhr\u016f\u017eky v pelotonu! P\u0159esta\u0148te, vzk\u00e1zal vysm\u00e1t\u00fd Tadej Poga\u010dar","og_description":"Milion zobrazen\u00ed! Sl\u00e1va, o kterou nest\u00e1l. Tobias Halland Johannessen, p\u011btadvacetilet\u00fd l\u00eddr formace Uno-X Mobility, zast\u00ednil \u00fasp\u011bch t\u00fdmov\u00e9ho kolegy, kter\u00fd vyhr\u00e1l 11. etapu na Tour de France. Souhra ne\u0161\u0165astn\u00fdch okolnost\u00ed, v jejich\u017e d\u016fsledku trojn\u00e1sobn\u00fd \u0161ampion z\u00e1vodu Tadej Poga\u010dar z UAE Emirates XRG slet\u011bl k zemi, vedla k hysterii, z n\u00ed\u017e mus\u00ed j\u00edt norsk\u00e9mu z\u00e1vodn\u00edkovi hlava kolem.","og_url":"https:\/\/www.welovecycling.com\/cs\/2025\/07\/17\/vyhruzky-v-pelotonu-prestante-vzkazal-vysmaty-tadej-pogacar\/","og_site_name":"\u0160koda We Love Cycling - \u010cesk\u00e1 republika","article_published_time":"2025-07-17T08:16:17+00:00","article_modified_time":"2025-07-17T08:19:36+00:00","og_image":[{"width":1800,"height":1200,"url":"https:\/\/d2p6e6u75xmxt8.cloudfront.net\/13\/2025\/07\/profimedia-1022542021.webp","type":"image\/webp"}],"author":"radekmalina","twitter_card":"summary_large_image","twitter_misc":{"Written by":"Radek Malina","Est. reading time":"6"},"schema":{"@context":"https:\/\/schema.org","@graph":[{"@type":"WebPage","@id":"https:\/\/www.welovecycling.com\/cs\/2025\/07\/17\/vyhruzky-v-pelotonu-prestante-vzkazal-vysmaty-tadej-pogacar\/","url":"https:\/\/www.welovecycling.com\/cs\/2025\/07\/17\/vyhruzky-v-pelotonu-prestante-vzkazal-vysmaty-tadej-pogacar\/","name":"V\u00fdhr\u016f\u017eky v pelotonu! P\u0159esta\u0148te, vzk\u00e1zal vysm\u00e1t\u00fd Tadej Poga\u010dar | \u0160koda We Love Cycling - \u010cesk\u00e1 republika","isPartOf":{"@id":"https:\/\/www.welovecycling.com\/cs\/#website"},"primaryImageOfPage":{"@id":"https:\/\/www.welovecycling.com\/cs\/2025\/07\/17\/vyhruzky-v-pelotonu-prestante-vzkazal-vysmaty-tadej-pogacar\/#primaryimage"},"image":{"@id":"https:\/\/www.welovecycling.com\/cs\/2025\/07\/17\/vyhruzky-v-pelotonu-prestante-vzkazal-vysmaty-tadej-pogacar\/#primaryimage"},"thumbnailUrl":"https:\/\/d2p6e6u75xmxt8.cloudfront.net\/13\/2025\/07\/profimedia-1022542021.webp","datePublished":"2025-07-17T08:16:17+00:00","dateModified":"2025-07-17T08:19:36+00:00","author":{"@id":"https:\/\/www.welovecycling.com\/cs\/#\/schema\/person\/d9eeb0a378f3a7e4a6d12d2b536b04b8"},"description":"Milion zobrazen\u00ed! Sl\u00e1va, o kterou nest\u00e1l. Tobias Halland Johannessen, p\u011btadvacetilet\u00fd l\u00eddr formace Uno-X Mobility, zast\u00ednil \u00fasp\u011bch t\u00fdmov\u00e9ho kolegy, kter\u00fd vyhr\u00e1l 11. etapu na Tour de France. Souhra ne\u0161\u0165astn\u00fdch okolnost\u00ed, v jejich\u017e d\u016fsledku trojn\u00e1sobn\u00fd \u0161ampion z\u00e1vodu Tadej Poga\u010dar z UAE Emirates XRG slet\u011bl k zemi, vedla k hysterii, z n\u00ed\u017e mus\u00ed j\u00edt norsk\u00e9mu z\u00e1vodn\u00edkovi hlava kolem.","inLanguage":"cs","potentialAction":[{"@type":"ReadAction","target":["https:\/\/www.welovecycling.com\/cs\/2025\/07\/17\/vyhruzky-v-pelotonu-prestante-vzkazal-vysmaty-tadej-pogacar\/"]}]},{"@type":"ImageObject","inLanguage":"cs","@id":"https:\/\/www.welovecycling.com\/cs\/2025\/07\/17\/vyhruzky-v-pelotonu-prestante-vzkazal-vysmaty-tadej-pogacar\/#primaryimage","url":"https:\/\/d2p6e6u75xmxt8.cloudfront.net\/13\/2025\/07\/profimedia-1022542021.webp","contentUrl":"https:\/\/d2p6e6u75xmxt8.cloudfront.net\/13\/2025\/07\/profimedia-1022542021.webp","width":1800,"height":1200,"caption":"Tadej Poga\u010dar Tobias Halland Johannessen"},{"@type":"WebSite","@id":"https:\/\/www.welovecycling.com\/cs\/#website","url":"https:\/\/www.welovecycling.com\/cs\/","name":"\u0160koda We Love Cycling - \u010cesk\u00e1 republika","description":"WeLoveCycling.cz je online magaz\u00edn, kter\u00fd v\u00e1m pravideln\u011b p\u0159in\u00e1\u0161\u00ed rady a tipy, zaj\u00edmav\u00e9 \u010dl\u00e1nky, videa a jedine\u010dn\u00e9 report\u00e1\u017ee ze sv\u011bta cyklistiky.","potentialAction":[{"@type":"SearchAction","target":{"@type":"EntryPoint","urlTemplate":"https:\/\/www.welovecycling.com\/cs\/?s={search_term_string}"},"query-input":{"@type":"PropertyValueSpecification","valueRequired":true,"valueName":"search_term_string"}}],"inLanguage":"cs"},{"@type":"Person","@id":"https:\/\/www.welovecycling.com\/cs\/#\/schema\/person\/d9eeb0a378f3a7e4a6d12d2b536b04b8","name":"radekmalina","image":{"@type":"ImageObject","inLanguage":"cs","@id":"https:\/\/www.welovecycling.com\/cs\/#\/schema\/person\/image\/","url":"https:\/\/secure.gravatar.com\/avatar\/66994b632cb8c39a46b9f54afa3ae07201b678d32a54275b6f1c9ffec356bfc0?s=96&d=mm&r=g","contentUrl":"https:\/\/secure.gravatar.com\/avatar\/66994b632cb8c39a46b9f54afa3ae07201b678d32a54275b6f1c9ffec356bfc0?s=96&d=mm&r=g","caption":"radekmalina"},"url":"https:\/\/www.welovecycling.com\/cs\/author\/radekmalina\/"}]}},"_links":{"self":[{"href":"https:\/\/www.welovecycling.com\/cs\/wp-json\/wp\/v2\/posts\/30097","targetHints":{"allow":["GET"]}}],"collection":[{"href":"https:\/\/www.welovecycling.com\/cs\/wp-json\/wp\/v2\/posts"}],"about":[{"href":"https:\/\/www.welovecycling.com\/cs\/wp-json\/wp\/v2\/types\/post"}],"author":[{"embeddable":true,"href":"https:\/\/www.welovecycling.com\/cs\/wp-json\/wp\/v2\/users\/138"}],"replies":[{"embeddable":true,"href":"https:\/\/www.welovecycling.com\/cs\/wp-json\/wp\/v2\/comments?post=30097"}],"version-history":[{"count":5,"href":"https:\/\/www.welovecycling.com\/cs\/wp-json\/wp\/v2\/posts\/30097\/revisions"}],"predecessor-version":[{"id":30104,"href":"https:\/\/www.welovecycling.com\/cs\/wp-json\/wp\/v2\/posts\/30097\/revisions\/30104"}],"wp:featuredmedia":[{"embeddable":true,"href":"https:\/\/www.welovecycling.com\/cs\/wp-json\/wp\/v2\/media\/30099"}],"wp:attachment":[{"href":"https:\/\/www.welovecycling.com\/cs\/wp-json\/wp\/v2\/media?parent=30097"}],"wp:term":[{"taxonomy":"category","embeddable":true,"href":"https:\/\/www.welovecycling.com\/cs\/wp-json\/wp\/v2\/categories?post=30097"},{"taxonomy":"post_tag","embeddable":true,"href":"https:\/\/www.welovecycling.com\/cs\/wp-json\/wp\/v2\/tags?post=30097"},{"taxonomy":"global-categories","embeddable":true,"href":"https:\/\/www.welovecycling.com\/cs\/wp-json\/wp\/v2\/global-categories?post=30097"}],"curies":[{"name":"wp","href":"https:\/\/api.w.org\/{rel}","templated":true}]}}