{"id":30092,"date":"2025-07-17T12:00:15","date_gmt":"2025-07-17T10:00:15","guid":{"rendered":"https:\/\/www.welovecycling.com\/cs\/?p=30092"},"modified":"2025-07-17T08:27:10","modified_gmt":"2025-07-17T06:27:10","slug":"novy-garmin-edge-mtb-ohromil-i-olympijskeho-sampiona","status":"publish","type":"post","link":"https:\/\/www.welovecycling.com\/cs\/2025\/07\/17\/novy-garmin-edge-mtb-ohromil-i-olympijskeho-sampiona\/","title":{"rendered":"Nov\u00fd Garmin Edge MTB ohromil i olympijsk\u00e9ho \u0161ampiona"},"content":{"rendered":"<p><strong>Milujete hory ze sedla kola. Pak si nepochybn\u011b zamilujete i Garmin Edge MTB. Prvn\u00ed cyklistick\u00fd computer americk\u00e9 spole\u010dnosti vyroben\u00fd pro horsk\u00e9 cyklisty.<\/strong><\/p>\n<p>Garmin Edge MTB je robustn\u00ed, odoln\u00fd a kompaktn\u00ed. Je p\u0159ipraven na dlouh\u00e9 dny na stezk\u00e1ch a nab\u00edz\u00ed pln\u011b barevn\u00e9 mapy, nov\u00e9 profily enduro a sjezd\u016f a je prvn\u00edm cyklopo\u010d\u00edta\u010dem ve sv\u00e9 t\u0159\u00edd\u011b s 5Hz GPS z\u00e1znamem, tak\u017ee jezdci mohou b\u011bhem sjezd\u016f vid\u011bt trasy ve v\u011bt\u0161\u00edm detailu. Jednou z nejv\u011bt\u0161\u00edch p\u0159ednost\u00ed je skute\u010dnost, \u017ee baterie vydr\u017e\u00ed a\u017e \u010dtrn\u00e1ct hodin, v \u00fasporn\u00e9m re\u017eimu dokonce 26 hodin.<\/p>\n<p>\u201eJsem nad\u0161en\u00fd, \u017ee vid\u00edm cyklistick\u00fd po\u010d\u00edta\u010d ur\u010den\u00fd pro horsk\u00e9 cyklisty. Robustn\u00ed konstrukce je opravdu p\u016fsobiv\u00e1. Garmin Edge MTB m\u00e1 perfektn\u00ed velikost a hmotnost, aby se ve\u0161el na moje \u0159\u00edd\u00edtka. Tak\u00e9 oce\u0148uji vestav\u011bn\u00e9 mapov\u00e9 funkce. Integrovan\u00e9 mapy a p\u0159\u00edstup k celosv\u011btov\u00fdm dat\u016fm o horsk\u00fdch stezk\u00e1ch od Trailforks budou p\u0159i tr\u00e9ninku nesm\u00edrn\u011b u\u017eite\u010dn\u00e9,&#8220; lebed\u00ed si Nino Schurter, \u0161v\u00fdcarsk\u00fd desetin\u00e1sobn\u00fd mistr sv\u011bta v cross country horsk\u00fdch kol a majitel kompletn\u00ed sady olympijsk\u00fdch medail\u00ed z her 2008, 2012 a 2016. \u0160v\u00fdcarsk\u00fd biker je pova\u017eovan\u00fd za skv\u011bl\u00e9ho technika, kter\u00fd velmi dob\u0159e zvl\u00e1d\u00e1 sjezdy a obt\u00ed\u017en\u00e9 technick\u00e9 pas\u00e1\u017ee. &#8222;Nav\u00edc m\u00e1 nab\u00edjen\u00ed p\u0159es USB-C! Tak\u017ee o jeden kabel m\u00e9n\u011b, kter\u00fd si mus\u00edm tahat s sebou,&#8220; sm\u011bje Nino Schurter nad drobnost\u00ed, kter\u00e1 jej pot\u011b\u0161ila.<\/p>\n<h2><strong>Jak\u00e9 jsou hlavn\u00ed p\u0159ednosti Garmin Edge MTB?<\/strong><\/h2>\n<p>Robustn\u00ed design: Sedm pota\u017een\u00fdch tla\u010d\u00edtek odol\u00e1v\u00e1 bl\u00e1tu a \u0161t\u011brku, zat\u00edmco \u010do\u010dka Corning Gorilla Glass odoln\u00e1 proti po\u0161kr\u00e1b\u00e1n\u00ed vydr\u017e\u00ed i ty nejextr\u00e9mn\u011bj\u0161\u00ed j\u00edzdy. Sou\u010d\u00e1st\u00ed dod\u00e1vky jsou \u00fachyty na horn\u00ed r\u00e1movou trubku a MTB, kter\u00e9 poskytuj\u00ed horsk\u00fdm cyklist\u016fm r\u016fzn\u00e9 mo\u017enosti mont\u00e1\u017ee pro jejich styl j\u00edzdy.<\/p>\n<p><strong>Profil j\u00edzdy Enduro:<\/strong> Sledov\u00e1n\u00ed celkov\u00e9ho stoup\u00e1n\u00ed a kles\u00e1n\u00ed z ka\u017ed\u00e9 j\u00edzdy a pro j\u00edzdu jako celek.<\/p>\n<p><strong>Profil j\u00edzdy z kopce:<\/strong> Automatick\u00e9 sledov\u00e1n\u00ed j\u00edzdy po ka\u017ed\u00e9m sjezdu, aby se zajistilo, \u017ee n\u00e1vrat na vrchol kyvadlovou dopravou nebo vlekem neovlivn\u00ed statistiky j\u00edzdy.<\/p>\n<p><strong>V\u00edcep\u00e1smov\u00e1 GPS se z\u00e1znamem GPS s frekvenc\u00ed 5 Hz:<\/strong> Zobraz\u00ed trasy podrobn\u011bji p\u0159i pou\u017e\u00edv\u00e1n\u00ed profil\u016f enduro nebo sjezdu d\u00edky technologii, kter\u00e1 zaznamen\u00e1v\u00e1 data o poloze p\u011btkr\u00e1t \u010dast\u011bji ne\u017e jin\u00e9 cyklistick\u00e9 po\u010d\u00edta\u010de. Jako prvn\u00ed cyklistick\u00fd po\u010d\u00edta\u010d ve sv\u00e9 t\u0159\u00edd\u011b s touto technologi\u00ed mohou hor\u0161t\u00ed cyklist\u00e9 za\u017e\u00edt bezkonkuren\u010dn\u00ed p\u0159esnost p\u0159i sledov\u00e1n\u00ed sv\u00fdch v\u00fdkonnostn\u00edch dat.<\/p>\n<p><a href=\"https:\/\/d2p6e6u75xmxt8.cloudfront.net\/13\/2025\/07\/Screenshot-2025-06-16-at-9.05.51AM.webp\"><img loading=\"lazy\" decoding=\"async\" class=\"alignnone wp-image-30093\" src=\"https:\/\/d2p6e6u75xmxt8.cloudfront.net\/13\/2025\/07\/Screenshot-2025-06-16-at-9.05.51AM.webp\" alt=\"\" width=\"668\" height=\"925\" srcset=\"https:\/\/d2p6e6u75xmxt8.cloudfront.net\/13\/2025\/07\/Screenshot-2025-06-16-at-9.05.51AM.webp 494w, https:\/\/d2p6e6u75xmxt8.cloudfront.net\/13\/2025\/07\/Screenshot-2025-06-16-at-9.05.51AM-217x300.webp 217w, https:\/\/d2p6e6u75xmxt8.cloudfront.net\/13\/2025\/07\/Screenshot-2025-06-16-at-9.05.51AM-289x400.webp 289w\" sizes=\"auto, (max-width: 668px) 100vw, 668px\" \/><\/a><\/p>\n<p><strong>\u010casov\u00e9 limity:<\/strong> Umo\u017e\u0148uje nastaven\u00ed \u010dasov\u00fdch limit\u016f pod\u00e9l trati pro sledov\u00e1n\u00ed mezi\u010das\u016f b\u011bhem z\u00e1vodu nebo j\u00edzdy a v re\u00e1ln\u00e9m \u010dase ukazuje, zda jsou tyto \u010dasy p\u0159ed nebo za c\u00edlov\u00fdmi mezi\u010dasy. Pot\u00e9 si prohl\u00e9dn\u011bte v\u00fdkonnostn\u00ed data po j\u00edzd\u011b, abyste z\u00edskali lep\u0161\u00ed p\u0159edstavu o tom, jak se zlep\u0161it.<\/p>\n<p><strong>Vestav\u011bn\u00e9 mapy:<\/strong> Z\u00edsk\u00e1te p\u0159\u00edstup k celosv\u011btov\u00fdm dat\u016fm o horsk\u00fdch stezk\u00e1ch od Trailforks. Prost\u0159ednictv\u00edm Trendline Popularity Routing naleznete nejlep\u0161\u00ed trasy, kter\u00e9 nej\u010dast\u011bji pou\u017e\u00edvaj\u00ed ostatn\u00ed cyklist\u00e9 Garmin; pou\u017eijte p\u0159edinstalovan\u00e9 mapy Garmin TopoActive k j\u00edzd\u011b po zpevn\u011bn\u00fdch i nezpevn\u011bn\u00fdch cest\u00e1ch, ulic\u00edch a dal\u0161\u00edch; nebo z\u00edskejte p\u0159\u00edstup k map\u00e1m a profil\u016fm aktivit pro jin\u00e9 typy j\u00edzdy mimo stezky \u2013 jako je silnice, \u0161t\u011brk a dal\u0161\u00ed.<\/p>\n<div class=\"shortcode-ys-post-pinup\"><article class=\"loop-simple post-26543 post type-post status-publish format-standard has-post-thumbnail hentry category-rady-tipy tag-cyklistika tag-cyklotrasy tag-garmin tag-garmin-edge-explore tag-gravel tag-horska-cyklistika tag-silnicni-cyklistika tag-trenink global-categories-cycling\" data-postid=\"26543\" role=\"article\" data-post-id=\"26543\" data-word-count=\"520\" data-headline-length=\"69\" data-category=\"Rady &amp; tipy\" data-global-category=\"Cycling\" data-author=\"We Love Cycling\" data-published=\"2024-07-21T05:00:30+02:00\" data-published-day=\"Sunday\">\n    <div class=\"entry-thumbnail article-thumbnail\" content=\"https:\/\/d2p6e6u75xmxt8.cloudfront.net\/13\/2024\/07\/1721499275967-150x150.webp\"><a href=\"https:\/\/www.welovecycling.com\/cs\/2024\/07\/21\/garmin-edge-explore-skvely-pomocnik-pro-cyklisticke-objevovani\/\" class=\"image-holder\" target=\"_self\"><img decoding=\"async\" loading=\"lazy\" class=\"\" src=\"https:\/\/d2p6e6u75xmxt8.cloudfront.net\/13\/2024\/07\/1721499275967-1024x768.webp\" srcset=\"https:\/\/d2p6e6u75xmxt8.cloudfront.net\/13\/2024\/07\/1721499275967-scaled.webp 2560w, https:\/\/d2p6e6u75xmxt8.cloudfront.net\/13\/2024\/07\/1721499275967-300x225.webp 300w, https:\/\/d2p6e6u75xmxt8.cloudfront.net\/13\/2024\/07\/1721499275967-1024x768.webp 1024w, https:\/\/d2p6e6u75xmxt8.cloudfront.net\/13\/2024\/07\/1721499275967-768x576.webp 768w, https:\/\/d2p6e6u75xmxt8.cloudfront.net\/13\/2024\/07\/1721499275967-1536x1152.webp 1536w, https:\/\/d2p6e6u75xmxt8.cloudfront.net\/13\/2024\/07\/1721499275967-2048x1536.webp 2048w, https:\/\/d2p6e6u75xmxt8.cloudfront.net\/13\/2024\/07\/1721499275967-1920x1440.webp 1920w, https:\/\/d2p6e6u75xmxt8.cloudfront.net\/13\/2024\/07\/1721499275967-400x300.webp 400w, https:\/\/d2p6e6u75xmxt8.cloudfront.net\/13\/2024\/07\/1721499275967-1920x1440.webp 1920w\" width=\"1024\" height=\"768\" sizes=\"auto, (min-width: 1200px) 300px, (min-width: 768px) 25vw, 100vw\" alt=\"garmin-edge-explore-skvely-pomocnik-pro-cyklisticke-objevovani\"\/><\/a><\/div>    <div class=\"entry-meta\">\n        <a class=\"label label-secondary post-category\" href=\"https:\/\/www.welovecycling.com\/cs\/category\/rady-tipy\/\" title=\"Rady &amp; tipy\">Rady &amp; tipy<\/a>\n    <\/div>\n    <div class=\"entry-details\">\n        <a href=\"https:\/\/www.welovecycling.com\/cs\/2024\/07\/21\/garmin-edge-explore-skvely-pomocnik-pro-cyklisticke-objevovani\/\" class='entry-title-wrapper'>\n            <h3 class=\"entry-title\"><span>Garmin Edge Explore: skv\u011bl\u00fd pomocn\u00edk pro cyklistick\u00e9 objevov\u00e1n\u00ed<\/span><\/h3>\n        <\/a>\n    <\/div>\n    <\/article>\n<\/div>\n<p><strong>Re\u017eim Forksight:<\/strong> Zobrazte si n\u00e1zvy stezek p\u0159ed sebou, v\u00fd\u0161kov\u00e9 profily, vzd\u00e1lenost zp\u011bt na start, obt\u00ed\u017enost stezky, hlavn\u00ed sm\u011br j\u00edzdy a dal\u0161\u00ed.<\/p>\n<p><strong>Dynamika horsk\u00e9ho kola:<\/strong> Sledujte metriky horsk\u00e9ho kola, jako je po\u010det skok\u016f, vzd\u00e1lenost skoku, \u010das ve vzduchu, Grit a Flow.<\/p>\n<p><strong>Bezpe\u010dnostn\u00ed a sledovac\u00ed funkce:<\/strong> Jezd\u011bte s v\u011bt\u0161\u00ed jistotou d\u00edky bezpe\u010dnostn\u00edm funkc\u00edm, jako je LiveTrack a detekce incident\u016f, a nav\u00edc je kompatibiln\u00ed s \u0159adou cyklistick\u00fdch radar\u016f a chytr\u00fdch sv\u011btel Varia a tak\u00e9 se satelitn\u00edmi komunik\u00e1tory inReach3.<\/p>\n<p>\u201eHorsk\u00e1 cyklistika je celosv\u011btov\u00fd fenom\u00e9n, a proto jsme nad\u0161eni, \u017ee m\u016f\u017eeme do na\u0161\u00ed \u0159ady inovativn\u00edch cyklistick\u00fdch produkt\u016f p\u0159idat <a href=\"https:\/\/www.youtube.com\/watch?v=JznuDharjAE&amp;feature=youtu.be\">Garmin Edge MTB<\/a>. N\u00e1\u0161 nejnov\u011bj\u0161\u00ed cyklopo\u010d\u00edta\u010d, navr\u017een\u00fd horsk\u00fdmi cyklisty pro horsk\u00e9 cyklisty, je ur\u010den pro ty, kte\u0159\u00ed cht\u011bj\u00ed zlep\u0161it sv\u00e9 technick\u00e9 dovednosti a rychlost na stezk\u00e1ch. D\u00edky v\u00fdkonn\u00e9mu 5Hz GPS z\u00e1znamu, barevn\u00e9mu mapov\u00e1n\u00ed stezek, metrik\u00e1m horsk\u00fdch kol, tr\u00e9ninkov\u00fdm pl\u00e1n\u016fm a informac\u00edm o regeneraci je Garmin Edge MTB skv\u011bl\u00fdm partnerem ka\u017ed\u00e9ho bikera a sou\u010dasn\u011b je v\u017edy p\u0159ipraven na dal\u0161\u00ed j\u00edzdu,\u201c podot\u00fdk\u00e1 Susan Lyman, viceprezidentka spole\u010dnosti Garmin pro prodej a marketing.<\/p>\n","protected":false},"excerpt":{"rendered":"<p>Milujete hory ze sedla kola. Pak si nepochybn\u011b zamilujete i Garmin Edge MTB. Prvn\u00ed cyklistick\u00fd computer americk\u00e9 spole\u010dnosti vyroben\u00fd pro [&hellip;]<\/p>\n","protected":false},"author":138,"featured_media":30094,"comment_status":"open","ping_status":"open","sticky":false,"template":"","format":"standard","meta":{"footnotes":""},"categories":[15],"tags":[4288,126,802,4287,56,1093,27],"global-categories":[411],"class_list":["post-30092","post","type-post","status-publish","format-standard","has-post-thumbnail","hentry","category-rady-tipy","tag-cyklisticky-computer","tag-cyklistika","tag-cyklocomputer","tag-garmin-edge-mtb","tag-horska-cyklistika","tag-nino-schurter","tag-trenink","global-categories-cycling"],"yoast_head":"<!-- This site is optimized with the Yoast SEO Premium plugin v25.3 (Yoast SEO v25.9) - https:\/\/yoast.com\/wordpress\/plugins\/seo\/ -->\n<title>Nov\u00fd Garmin Edge MTB ohromil i olympijsk\u00e9ho \u0161ampiona | \u0160koda We Love Cycling - \u010cesk\u00e1 republika<\/title>\n<meta name=\"description\" content=\"Milujete hory ze sedla kola. Pak si nepochybn\u011b zamilujete i Garmin Edge MTB. Prvn\u00ed cyklistick\u00fd computer americk\u00e9 spole\u010dnosti vyroben\u00fd pro horsk\u00e9 cyklisty.\" \/>\n<meta name=\"robots\" content=\"index, follow, max-snippet:-1, max-image-preview:large, max-video-preview:-1\" \/>\n<link rel=\"canonical\" href=\"https:\/\/www.welovecycling.com\/cs\/2025\/07\/17\/novy-garmin-edge-mtb-ohromil-i-olympijskeho-sampiona\/\" \/>\n<meta property=\"og:locale\" content=\"cs_CZ\" \/>\n<meta property=\"og:type\" content=\"article\" \/>\n<meta property=\"og:title\" content=\"Nov\u00fd Garmin Edge MTB ohromil i olympijsk\u00e9ho \u0161ampiona\" \/>\n<meta property=\"og:description\" content=\"Milujete hory ze sedla kola. Pak si nepochybn\u011b zamilujete i Garmin Edge MTB. Prvn\u00ed cyklistick\u00fd computer americk\u00e9 spole\u010dnosti vyroben\u00fd pro horsk\u00e9 cyklisty.\" \/>\n<meta property=\"og:url\" content=\"https:\/\/www.welovecycling.com\/cs\/2025\/07\/17\/novy-garmin-edge-mtb-ohromil-i-olympijskeho-sampiona\/\" \/>\n<meta property=\"og:site_name\" content=\"\u0160koda We Love Cycling - \u010cesk\u00e1 republika\" \/>\n<meta property=\"article:published_time\" content=\"2025-07-17T10:00:15+00:00\" \/>\n<meta property=\"og:image\" content=\"https:\/\/d2p6e6u75xmxt8.cloudfront.net\/13\/2025\/07\/Edge-MTB-newsroom-image.webp\" \/>\n\t<meta property=\"og:image:width\" content=\"2200\" \/>\n\t<meta property=\"og:image:height\" content=\"1450\" \/>\n\t<meta property=\"og:image:type\" content=\"image\/webp\" \/>\n<meta name=\"author\" content=\"radekmalina\" \/>\n<meta name=\"twitter:card\" content=\"summary_large_image\" \/>\n<meta name=\"twitter:label1\" content=\"Written by\" \/>\n\t<meta name=\"twitter:data1\" content=\"We Love Cycling\" \/>\n\t<meta name=\"twitter:label2\" content=\"Est. reading time\" \/>\n\t<meta name=\"twitter:data2\" content=\"5\" \/>\n<script type=\"application\/ld+json\" class=\"yoast-schema-graph\">{\"@context\":\"https:\/\/schema.org\",\"@graph\":[{\"@type\":\"WebPage\",\"@id\":\"https:\/\/www.welovecycling.com\/cs\/2025\/07\/17\/novy-garmin-edge-mtb-ohromil-i-olympijskeho-sampiona\/\",\"url\":\"https:\/\/www.welovecycling.com\/cs\/2025\/07\/17\/novy-garmin-edge-mtb-ohromil-i-olympijskeho-sampiona\/\",\"name\":\"Nov\u00fd Garmin Edge MTB ohromil i olympijsk\u00e9ho \u0161ampiona | \u0160koda We Love Cycling - \u010cesk\u00e1 republika\",\"isPartOf\":{\"@id\":\"https:\/\/www.welovecycling.com\/cs\/#website\"},\"primaryImageOfPage\":{\"@id\":\"https:\/\/www.welovecycling.com\/cs\/2025\/07\/17\/novy-garmin-edge-mtb-ohromil-i-olympijskeho-sampiona\/#primaryimage\"},\"image\":{\"@id\":\"https:\/\/www.welovecycling.com\/cs\/2025\/07\/17\/novy-garmin-edge-mtb-ohromil-i-olympijskeho-sampiona\/#primaryimage\"},\"thumbnailUrl\":\"https:\/\/d2p6e6u75xmxt8.cloudfront.net\/13\/2025\/07\/Edge-MTB-newsroom-image.webp\",\"datePublished\":\"2025-07-17T10:00:15+00:00\",\"author\":{\"@id\":\"https:\/\/www.welovecycling.com\/cs\/#\/schema\/person\/d9eeb0a378f3a7e4a6d12d2b536b04b8\"},\"description\":\"Milujete hory ze sedla kola. Pak si nepochybn\u011b zamilujete i Garmin Edge MTB. Prvn\u00ed cyklistick\u00fd computer americk\u00e9 spole\u010dnosti vyroben\u00fd pro horsk\u00e9 cyklisty.\",\"inLanguage\":\"cs\",\"potentialAction\":[{\"@type\":\"ReadAction\",\"target\":[\"https:\/\/www.welovecycling.com\/cs\/2025\/07\/17\/novy-garmin-edge-mtb-ohromil-i-olympijskeho-sampiona\/\"]}]},{\"@type\":\"ImageObject\",\"inLanguage\":\"cs\",\"@id\":\"https:\/\/www.welovecycling.com\/cs\/2025\/07\/17\/novy-garmin-edge-mtb-ohromil-i-olympijskeho-sampiona\/#primaryimage\",\"url\":\"https:\/\/d2p6e6u75xmxt8.cloudfront.net\/13\/2025\/07\/Edge-MTB-newsroom-image.webp\",\"contentUrl\":\"https:\/\/d2p6e6u75xmxt8.cloudfront.net\/13\/2025\/07\/Edge-MTB-newsroom-image.webp\",\"width\":2200,\"height\":1450,\"caption\":\"Garmin Edge MTB\"},{\"@type\":\"WebSite\",\"@id\":\"https:\/\/www.welovecycling.com\/cs\/#website\",\"url\":\"https:\/\/www.welovecycling.com\/cs\/\",\"name\":\"\u0160koda We Love Cycling - \u010cesk\u00e1 republika\",\"description\":\"WeLoveCycling.cz je online magaz\u00edn, kter\u00fd v\u00e1m pravideln\u011b p\u0159in\u00e1\u0161\u00ed rady a tipy, zaj\u00edmav\u00e9 \u010dl\u00e1nky, videa a jedine\u010dn\u00e9 report\u00e1\u017ee ze sv\u011bta cyklistiky.\",\"potentialAction\":[{\"@type\":\"SearchAction\",\"target\":{\"@type\":\"EntryPoint\",\"urlTemplate\":\"https:\/\/www.welovecycling.com\/cs\/?s={search_term_string}\"},\"query-input\":{\"@type\":\"PropertyValueSpecification\",\"valueRequired\":true,\"valueName\":\"search_term_string\"}}],\"inLanguage\":\"cs\"},{\"@type\":\"Person\",\"@id\":\"https:\/\/www.welovecycling.com\/cs\/#\/schema\/person\/d9eeb0a378f3a7e4a6d12d2b536b04b8\",\"name\":\"radekmalina\",\"image\":{\"@type\":\"ImageObject\",\"inLanguage\":\"cs\",\"@id\":\"https:\/\/www.welovecycling.com\/cs\/#\/schema\/person\/image\/\",\"url\":\"https:\/\/secure.gravatar.com\/avatar\/66994b632cb8c39a46b9f54afa3ae07201b678d32a54275b6f1c9ffec356bfc0?s=96&d=mm&r=g\",\"contentUrl\":\"https:\/\/secure.gravatar.com\/avatar\/66994b632cb8c39a46b9f54afa3ae07201b678d32a54275b6f1c9ffec356bfc0?s=96&d=mm&r=g\",\"caption\":\"radekmalina\"},\"url\":\"https:\/\/www.welovecycling.com\/cs\/author\/radekmalina\/\"}]}<\/script>\n<!-- \/ Yoast SEO Premium plugin. -->","yoast_head_json":{"title":"Nov\u00fd Garmin Edge MTB ohromil i olympijsk\u00e9ho \u0161ampiona | \u0160koda We Love Cycling - \u010cesk\u00e1 republika","description":"Milujete hory ze sedla kola. Pak si nepochybn\u011b zamilujete i Garmin Edge MTB. Prvn\u00ed cyklistick\u00fd computer americk\u00e9 spole\u010dnosti vyroben\u00fd pro horsk\u00e9 cyklisty.","robots":{"index":"index","follow":"follow","max-snippet":"max-snippet:-1","max-image-preview":"max-image-preview:large","max-video-preview":"max-video-preview:-1"},"canonical":"https:\/\/www.welovecycling.com\/cs\/2025\/07\/17\/novy-garmin-edge-mtb-ohromil-i-olympijskeho-sampiona\/","og_locale":"cs_CZ","og_type":"article","og_title":"Nov\u00fd Garmin Edge MTB ohromil i olympijsk\u00e9ho \u0161ampiona","og_description":"Milujete hory ze sedla kola. Pak si nepochybn\u011b zamilujete i Garmin Edge MTB. Prvn\u00ed cyklistick\u00fd computer americk\u00e9 spole\u010dnosti vyroben\u00fd pro horsk\u00e9 cyklisty.","og_url":"https:\/\/www.welovecycling.com\/cs\/2025\/07\/17\/novy-garmin-edge-mtb-ohromil-i-olympijskeho-sampiona\/","og_site_name":"\u0160koda We Love Cycling - \u010cesk\u00e1 republika","article_published_time":"2025-07-17T10:00:15+00:00","og_image":[{"width":2200,"height":1450,"url":"https:\/\/d2p6e6u75xmxt8.cloudfront.net\/13\/2025\/07\/Edge-MTB-newsroom-image.webp","type":"image\/webp"}],"author":"radekmalina","twitter_card":"summary_large_image","twitter_misc":{"Written by":"We Love Cycling","Est. reading time":"5"},"schema":{"@context":"https:\/\/schema.org","@graph":[{"@type":"WebPage","@id":"https:\/\/www.welovecycling.com\/cs\/2025\/07\/17\/novy-garmin-edge-mtb-ohromil-i-olympijskeho-sampiona\/","url":"https:\/\/www.welovecycling.com\/cs\/2025\/07\/17\/novy-garmin-edge-mtb-ohromil-i-olympijskeho-sampiona\/","name":"Nov\u00fd Garmin Edge MTB ohromil i olympijsk\u00e9ho \u0161ampiona | \u0160koda We Love Cycling - \u010cesk\u00e1 republika","isPartOf":{"@id":"https:\/\/www.welovecycling.com\/cs\/#website"},"primaryImageOfPage":{"@id":"https:\/\/www.welovecycling.com\/cs\/2025\/07\/17\/novy-garmin-edge-mtb-ohromil-i-olympijskeho-sampiona\/#primaryimage"},"image":{"@id":"https:\/\/www.welovecycling.com\/cs\/2025\/07\/17\/novy-garmin-edge-mtb-ohromil-i-olympijskeho-sampiona\/#primaryimage"},"thumbnailUrl":"https:\/\/d2p6e6u75xmxt8.cloudfront.net\/13\/2025\/07\/Edge-MTB-newsroom-image.webp","datePublished":"2025-07-17T10:00:15+00:00","author":{"@id":"https:\/\/www.welovecycling.com\/cs\/#\/schema\/person\/d9eeb0a378f3a7e4a6d12d2b536b04b8"},"description":"Milujete hory ze sedla kola. Pak si nepochybn\u011b zamilujete i Garmin Edge MTB. Prvn\u00ed cyklistick\u00fd computer americk\u00e9 spole\u010dnosti vyroben\u00fd pro horsk\u00e9 cyklisty.","inLanguage":"cs","potentialAction":[{"@type":"ReadAction","target":["https:\/\/www.welovecycling.com\/cs\/2025\/07\/17\/novy-garmin-edge-mtb-ohromil-i-olympijskeho-sampiona\/"]}]},{"@type":"ImageObject","inLanguage":"cs","@id":"https:\/\/www.welovecycling.com\/cs\/2025\/07\/17\/novy-garmin-edge-mtb-ohromil-i-olympijskeho-sampiona\/#primaryimage","url":"https:\/\/d2p6e6u75xmxt8.cloudfront.net\/13\/2025\/07\/Edge-MTB-newsroom-image.webp","contentUrl":"https:\/\/d2p6e6u75xmxt8.cloudfront.net\/13\/2025\/07\/Edge-MTB-newsroom-image.webp","width":2200,"height":1450,"caption":"Garmin Edge MTB"},{"@type":"WebSite","@id":"https:\/\/www.welovecycling.com\/cs\/#website","url":"https:\/\/www.welovecycling.com\/cs\/","name":"\u0160koda We Love Cycling - \u010cesk\u00e1 republika","description":"WeLoveCycling.cz je online magaz\u00edn, kter\u00fd v\u00e1m pravideln\u011b p\u0159in\u00e1\u0161\u00ed rady a tipy, zaj\u00edmav\u00e9 \u010dl\u00e1nky, videa a jedine\u010dn\u00e9 report\u00e1\u017ee ze sv\u011bta cyklistiky.","potentialAction":[{"@type":"SearchAction","target":{"@type":"EntryPoint","urlTemplate":"https:\/\/www.welovecycling.com\/cs\/?s={search_term_string}"},"query-input":{"@type":"PropertyValueSpecification","valueRequired":true,"valueName":"search_term_string"}}],"inLanguage":"cs"},{"@type":"Person","@id":"https:\/\/www.welovecycling.com\/cs\/#\/schema\/person\/d9eeb0a378f3a7e4a6d12d2b536b04b8","name":"radekmalina","image":{"@type":"ImageObject","inLanguage":"cs","@id":"https:\/\/www.welovecycling.com\/cs\/#\/schema\/person\/image\/","url":"https:\/\/secure.gravatar.com\/avatar\/66994b632cb8c39a46b9f54afa3ae07201b678d32a54275b6f1c9ffec356bfc0?s=96&d=mm&r=g","contentUrl":"https:\/\/secure.gravatar.com\/avatar\/66994b632cb8c39a46b9f54afa3ae07201b678d32a54275b6f1c9ffec356bfc0?s=96&d=mm&r=g","caption":"radekmalina"},"url":"https:\/\/www.welovecycling.com\/cs\/author\/radekmalina\/"}]}},"_links":{"self":[{"href":"https:\/\/www.welovecycling.com\/cs\/wp-json\/wp\/v2\/posts\/30092","targetHints":{"allow":["GET"]}}],"collection":[{"href":"https:\/\/www.welovecycling.com\/cs\/wp-json\/wp\/v2\/posts"}],"about":[{"href":"https:\/\/www.welovecycling.com\/cs\/wp-json\/wp\/v2\/types\/post"}],"author":[{"embeddable":true,"href":"https:\/\/www.welovecycling.com\/cs\/wp-json\/wp\/v2\/users\/138"}],"replies":[{"embeddable":true,"href":"https:\/\/www.welovecycling.com\/cs\/wp-json\/wp\/v2\/comments?post=30092"}],"version-history":[{"count":1,"href":"https:\/\/www.welovecycling.com\/cs\/wp-json\/wp\/v2\/posts\/30092\/revisions"}],"predecessor-version":[{"id":30095,"href":"https:\/\/www.welovecycling.com\/cs\/wp-json\/wp\/v2\/posts\/30092\/revisions\/30095"}],"wp:featuredmedia":[{"embeddable":true,"href":"https:\/\/www.welovecycling.com\/cs\/wp-json\/wp\/v2\/media\/30094"}],"wp:attachment":[{"href":"https:\/\/www.welovecycling.com\/cs\/wp-json\/wp\/v2\/media?parent=30092"}],"wp:term":[{"taxonomy":"category","embeddable":true,"href":"https:\/\/www.welovecycling.com\/cs\/wp-json\/wp\/v2\/categories?post=30092"},{"taxonomy":"post_tag","embeddable":true,"href":"https:\/\/www.welovecycling.com\/cs\/wp-json\/wp\/v2\/tags?post=30092"},{"taxonomy":"global-categories","embeddable":true,"href":"https:\/\/www.welovecycling.com\/cs\/wp-json\/wp\/v2\/global-categories?post=30092"}],"curies":[{"name":"wp","href":"https:\/\/api.w.org\/{rel}","templated":true}]}}