{"id":29933,"date":"2025-07-11T10:57:21","date_gmt":"2025-07-11T08:57:21","guid":{"rendered":"https:\/\/www.welovecycling.com\/cs\/?p=29933"},"modified":"2025-07-11T11:01:21","modified_gmt":"2025-07-11T09:01:21","slug":"jak-vingegaard-vytocil-pogacara-a-proc-mu-pral-zluty-trikot","status":"publish","type":"post","link":"https:\/\/www.welovecycling.com\/cs\/2025\/07\/11\/jak-vingegaard-vytocil-pogacara-a-proc-mu-pral-zluty-trikot\/","title":{"rendered":"Jak Vingegaard vyto\u010dil Poga\u010dara? A pro\u010d mu p\u0159\u00e1l \u017elut\u00fd trikot?"},"content":{"rendered":"<p><strong>Jen v\u00fdjime\u010dn\u011b je Tadej Poga\u010dar rozlad\u011bn\u00fd, na\u0161tvan\u00fd \u010di podr\u00e1\u017ed\u011bn\u00fd. L\u00eddr UAE Emirates XRG v\u011bt\u0161inou rozd\u00e1v\u00e1 \u00fasm\u011bvy. A fanou\u0161k\u016fm d\u00e1rky v podob\u011b bidon\u016f, br\u00fdl\u00ed \u010di \u010depic. P\u0159edstaven\u00ed, kter\u00e9 zinscenoval Jonas Vingegaard a jeho t\u00fdm Visma Lease a Bike v \u0161est\u00e9m d\u011bjstv\u00ed Tour de France 2025 v\u0161ak slovinsk\u00e9ho sm\u00ed\u0161ka vyvedlo z rovnov\u00e1hy.<\/strong><\/p>\n<p>Taktick\u00e9 hr\u00e1tky jsou sou\u010d\u00e1st\u00ed Tour de France od nepam\u011bti. N\u011bkdy jsou nen\u00e1padn\u00e9 a t\u011b\u017eko \u010diteln\u00e9. Jindy velice prost\u00e9. N\u011bkdy jde o prosp\u011bch vlastn\u00edho t\u00fdmu. Jindy chcete u\u0161kodit konkurenci. A p\u0159esn\u011b do t\u00e9hle kategorie spadalo vystoupen\u00ed nizozemsk\u00e9 formace.<\/p>\n<h2><strong>Poga\u010dar: Cht\u011bli jsme \u0161et\u0159it energii<\/strong><\/h2>\n<p>P\u0159ijde v\u00e1m jako nesmysl, \u017ee si adept na titul a po \u010dasovce zdrcen\u00fd Jonas Vingegaard p\u0159eje, aby z\u016fstal \u017elut\u00fd trikot \u00fahlavn\u00edmu nep\u0159\u00edteli Tadeji Poga\u010darovi? Je\u0161t\u011b \u010dty\u0159icet kilometr\u016f p\u0159ed c\u00edlem, kdy\u017e irsk\u00fd cyklista Ben Healy z EF Education First vyrazil k oslniv\u00e9mu \u00faniku znamenaj\u00edc\u00edmu v\u00edt\u011bzstv\u00ed, prakticky nikdo nepochyboval, \u017ee ve \u017elut\u00e9m trikotu pojede dal\u0161\u00ed etapy Mathieu van der Poel z Alpecin Deceuninck. Nizozemsk\u00fd fenom\u00e9n byl v \u00faniku, n\u00e1skok skupiny p\u0159ed pelotonem byl komfortn\u00ed.<\/p>\n<figure id=\"attachment_29935\" aria-describedby=\"caption-attachment-29935\" style=\"width: 1920px\" class=\"wp-caption alignnone\"><a href=\"https:\/\/d2p6e6u75xmxt8.cloudfront.net\/13\/2025\/07\/20250710TDF1025-scaled.webp\"><img loading=\"lazy\" decoding=\"async\" class=\"size-extra-large wp-image-29935\" src=\"https:\/\/d2p6e6u75xmxt8.cloudfront.net\/13\/2025\/07\/20250710TDF1025-1920x1280.webp\" alt=\"\" width=\"1920\" height=\"1280\" srcset=\"https:\/\/d2p6e6u75xmxt8.cloudfront.net\/13\/2025\/07\/20250710TDF1025-1920x1280.webp 1920w, https:\/\/d2p6e6u75xmxt8.cloudfront.net\/13\/2025\/07\/20250710TDF1025-300x200.webp 300w, https:\/\/d2p6e6u75xmxt8.cloudfront.net\/13\/2025\/07\/20250710TDF1025-1024x683.webp 1024w, https:\/\/d2p6e6u75xmxt8.cloudfront.net\/13\/2025\/07\/20250710TDF1025-768x512.webp 768w, https:\/\/d2p6e6u75xmxt8.cloudfront.net\/13\/2025\/07\/20250710TDF1025-1536x1024.webp 1536w, https:\/\/d2p6e6u75xmxt8.cloudfront.net\/13\/2025\/07\/20250710TDF1025-2048x1365.webp 2048w, https:\/\/d2p6e6u75xmxt8.cloudfront.net\/13\/2025\/07\/20250710TDF1025-400x267.webp 400w, https:\/\/d2p6e6u75xmxt8.cloudfront.net\/13\/2025\/07\/20250710TDF1025-272x182.webp 272w, https:\/\/d2p6e6u75xmxt8.cloudfront.net\/13\/2025\/07\/20250710TDF1025-1920x1280.webp 1920w\" sizes=\"auto, (max-width: 1920px) 100vw, 1920px\" \/><\/a><figcaption id=\"caption-attachment-29935\" class=\"wp-caption-text\"><em>Peloton na Tour de France 2025 v \u0161est\u00e9 etap\u011b. Visma a Jonas Vingegaard rozpoutali v z\u00e1v\u011bru peklo. Foto: A.S.O.\/Charly Lopez<\/em><\/figcaption><\/figure>\n<p>Hlavn\u00ed skupina zahrnuj\u00edc\u00ed v\u0161echny favority sm\u011b\u0159ovala v pohodov\u00e9m tempu k c\u00edli. &#8222;Smyslem bylo sp\u00e1lit co nejm\u00e9n\u011b energie,&#8220; \u0159\u00edkal po dojezdu Tadej Poga\u010dar z UAE Emirates XRG, kter\u00fd do etapy vstupoval ve \u017elut\u00e9m trikotu l\u00eddra.<\/p>\n<p>Cel\u00fd den pojal defenzivn\u011b. Zbavil se zelen\u00e9ho trikotu \u0160koda Auto pro l\u00eddra bodovac\u00ed sout\u011b\u017ee, stejn\u011b tak vrcha\u0159sk\u00e9ho a nem\u011bl v pl\u00e1nu z\u016fstat ve \u017elut\u00e9m. Ka\u017ed\u00fd trikot toti\u017e po dojezdu etapy znamen\u00e1 m\u00e9n\u011b \u010dasu na regeneraci. Z\u00e1vodn\u00edk mus\u00ed absolvovat p\u0159ed\u00e1v\u00e1n\u00ed na podiu, televizn\u00ed rozhovory a je\u0161t\u011b tiskovou konferenci. &#8222;Chvilku jsme \u0159e\u0161ili, zda pojedeme na etapov\u00e9 v\u00edt\u011bzstv\u00ed. Ale pak jsme zvolili odli\u0161nou strategii. Cht\u011bli jsme po\u0161et\u0159it nohy na druh\u00fd a t\u0159et\u00ed t\u00fdden Tour,&#8220; vysv\u011btloval l\u00eddra UAE Emirates.<\/p>\n<div class=\"shortcode-ys-post-pinup\"><article class=\"loop-simple post-29864 post type-post status-publish format-standard has-post-thumbnail hentry category-tour-de-france tag-cyklistika tag-nejvetsi-bohac-tour-de-france tag-platy-cyklistu tag-silnicni-cyklistika tag-tour-de-france tag-tour-de-france-2025 global-categories-cycling\" data-postid=\"29864\" role=\"article\" data-post-id=\"29864\" data-word-count=\"911\" data-headline-length=\"42\" data-category=\"Tour de France\" data-global-category=\"Cycling\" data-author=\"We Love Cycling\" data-published=\"2025-07-10T09:59:10+02:00\" data-published-day=\"Thursday\">\n    <div class=\"entry-thumbnail article-thumbnail\" content=\"https:\/\/d2p6e6u75xmxt8.cloudfront.net\/13\/2025\/07\/20250705TDF1060-150x150.webp\"><a href=\"https:\/\/www.welovecycling.com\/cs\/2025\/07\/10\/kdo-je-nejvetsi-bohac-tour-de-france\/\" class=\"image-holder\" target=\"_self\"><img decoding=\"async\" loading=\"lazy\" class=\"\" src=\"https:\/\/d2p6e6u75xmxt8.cloudfront.net\/13\/2025\/07\/20250705TDF1060-1024x683.webp\" srcset=\"https:\/\/d2p6e6u75xmxt8.cloudfront.net\/13\/2025\/07\/20250705TDF1060-scaled.webp 2560w, https:\/\/d2p6e6u75xmxt8.cloudfront.net\/13\/2025\/07\/20250705TDF1060-300x200.webp 300w, https:\/\/d2p6e6u75xmxt8.cloudfront.net\/13\/2025\/07\/20250705TDF1060-1024x683.webp 1024w, https:\/\/d2p6e6u75xmxt8.cloudfront.net\/13\/2025\/07\/20250705TDF1060-768x512.webp 768w, https:\/\/d2p6e6u75xmxt8.cloudfront.net\/13\/2025\/07\/20250705TDF1060-1536x1024.webp 1536w, https:\/\/d2p6e6u75xmxt8.cloudfront.net\/13\/2025\/07\/20250705TDF1060-2048x1365.webp 2048w, https:\/\/d2p6e6u75xmxt8.cloudfront.net\/13\/2025\/07\/20250705TDF1060-1920x1280.webp 1920w, https:\/\/d2p6e6u75xmxt8.cloudfront.net\/13\/2025\/07\/20250705TDF1060-400x267.webp 400w, https:\/\/d2p6e6u75xmxt8.cloudfront.net\/13\/2025\/07\/20250705TDF1060-272x182.webp 272w, https:\/\/d2p6e6u75xmxt8.cloudfront.net\/13\/2025\/07\/20250705TDF1060-1920x1280.webp 1920w\" width=\"1024\" height=\"683\" sizes=\"auto, (min-width: 1200px) 300px, (min-width: 768px) 25vw, 100vw\" alt=\"kdo-je-nejvetsi-bohac-tour-de-france\"\/><\/a><\/div>    <div class=\"entry-meta\">\n        <a class=\"label label-secondary post-category\" href=\"https:\/\/www.welovecycling.com\/cs\/category\/tour-de-france\/\" title=\"Tour de France\">Tour de France<\/a>\n    <\/div>\n    <div class=\"entry-details\">\n        <a href=\"https:\/\/www.welovecycling.com\/cs\/2025\/07\/10\/kdo-je-nejvetsi-bohac-tour-de-france\/\" class='entry-title-wrapper'>\n            <h3 class=\"entry-title\"><span>Kdo je nejv\u011bt\u0161\u00ed boh\u00e1\u010d Tour de France?<\/span><\/h3>\n        <\/a>\n    <\/div>\n    <\/article>\n<\/div>\n<p>Jen vz\u00e1cn\u011b je slovinsk\u00fd cyklista k vid\u011bn\u00ed rozlad\u011bn\u00fd. Tentokr\u00e1t v\u0161ak byl. Taktikou rival\u016f. Visma Lease a Bike toti\u017e v posledn\u00edch des\u00edtk\u00e1ch kilometr\u016f tempo vystup\u0148ovala a\u017e na hranici. Smyslem bylo, aby Tadej Poga\u010dar z\u016fstal ve \u017elut\u00e9m!? Zd\u00e1 se v\u00e1m to jako nesmysl. Nepsan\u00fdm pravidlem je, \u017ee t\u00fdm vedouc\u00edho z\u00e1vodn\u00edka hl\u00edd\u00e1 d\u011bn\u00ed v pelotonu. Kontroluje n\u00e1stupy, ud\u00e1v\u00e1 tempo, sj\u00ed\u017ed\u00ed \u00fanik. Prost\u011b vyd\u00e1v\u00e1 mnoho energie. P\u0159ipo\u010dt\u011bte ceremoni\u00e1l a medi\u00e1ln\u00ed povinnosti&#8230;<\/p>\n<h2><strong>Vingegaard: Prvn\u00ed t\u00fdden m\u011b p\u0159ekvapil<\/strong><\/h2>\n<p>V \u010dasovce zneuct\u011bn\u00fd Jonas Vingegaard pochopiteln\u011b pot\u0159ebuje, aby konkurent \u010di jeho domestikov\u00e9 byli co nejv\u00edce zni\u010den\u00ed. Proto D\u00e1n a jeho dru\u017eina cht\u011bli zajistit maillot jaune i do dal\u0161\u00edch etap pro Slovince. Tak\u017ee tahali tempo na \u010dele pelotonu, zat\u00edmco Simon Yates v \u00faniku odm\u00edtal st\u0159\u00eddat na \u0161pici pro Mathieu van der Poela, kter\u00fd usiloval o v\u00edt\u011bzstv\u00ed a \u017elut\u00fd dres.<\/p>\n<figure id=\"attachment_29870\" aria-describedby=\"caption-attachment-29870\" style=\"width: 1920px\" class=\"wp-caption alignnone\"><a href=\"https:\/\/d2p6e6u75xmxt8.cloudfront.net\/13\/2025\/07\/20250705TDF1060-scaled.webp\"><img loading=\"lazy\" decoding=\"async\" class=\"size-extra-large wp-image-29870\" src=\"https:\/\/d2p6e6u75xmxt8.cloudfront.net\/13\/2025\/07\/20250705TDF1060-1920x1280.webp\" alt=\"\" width=\"1920\" height=\"1280\" srcset=\"https:\/\/d2p6e6u75xmxt8.cloudfront.net\/13\/2025\/07\/20250705TDF1060-1920x1280.webp 1920w, https:\/\/d2p6e6u75xmxt8.cloudfront.net\/13\/2025\/07\/20250705TDF1060-300x200.webp 300w, https:\/\/d2p6e6u75xmxt8.cloudfront.net\/13\/2025\/07\/20250705TDF1060-1024x683.webp 1024w, https:\/\/d2p6e6u75xmxt8.cloudfront.net\/13\/2025\/07\/20250705TDF1060-768x512.webp 768w, https:\/\/d2p6e6u75xmxt8.cloudfront.net\/13\/2025\/07\/20250705TDF1060-1536x1024.webp 1536w, https:\/\/d2p6e6u75xmxt8.cloudfront.net\/13\/2025\/07\/20250705TDF1060-2048x1365.webp 2048w, https:\/\/d2p6e6u75xmxt8.cloudfront.net\/13\/2025\/07\/20250705TDF1060-400x267.webp 400w, https:\/\/d2p6e6u75xmxt8.cloudfront.net\/13\/2025\/07\/20250705TDF1060-272x182.webp 272w, https:\/\/d2p6e6u75xmxt8.cloudfront.net\/13\/2025\/07\/20250705TDF1060-1920x1280.webp 1920w\" sizes=\"auto, (max-width: 1920px) 100vw, 1920px\" \/><\/a><figcaption id=\"caption-attachment-29870\" class=\"wp-caption-text\"><em>Tadej Poga\u010dar (vlevo) versus Jonas Vingegaard. Foto: A.S.O.\/Charly Lopez<\/em><\/figcaption><\/figure>\n<p>&#8222;Etapa byla pln\u00e1 kr\u00e1tk\u00fdch ostr\u00fdch stoup\u00e1n\u00ed. Cht\u011bli jsme, aby na konci dne nikdo nemohl \u0159\u00edct, \u017ee pro\u017eil snadn\u00fd den. Proto jsme jeli tvrd\u00e9 tempo na pln\u00fd plyn. Jsme spokojen\u00ed,&#8220; obhajoval taktick\u00fd pl\u00e1n Grischa Niermann, sportovn\u00ed \u0159editel Visma Lease a Bike. &#8222;C\u00edtil jsem se l\u00e9pe ne\u017e v \u010dasovce. Jsem spokojen\u00fd s p\u0159edveden\u00fdm v\u00fdkon. Celkov\u011b jsem v\u0161ak hodn\u011b p\u0159ekvapen\u00fd z prvn\u00edho t\u00fddne Tour. Ne\u010dekal jsem, \u017ee se bude z\u00e1vodit tak tvrd\u011b,&#8220; prohl\u00e1sil Jonas Vingegaard, l\u00eddr Visma Lease a Bike a dvojn\u00e1sobn\u00fd \u0161ampion Tour de France.<\/p>\n<p>&#8222;V\u016fbec jejich taktiku nech\u00e1pu. V\u00edm, \u017ee ztr\u00e1c\u00ed. Ale jejich z\u00e1vod\u011bn\u00ed ned\u00e1valo smysl. Mo\u017en\u00e1 se po \u010dasovce tro\u0161ku ztratili, zabloudili v my\u0161lenk\u00e1ch,&#8220; usm\u00e1l se s notnou d\u00e1vkou ironie Tadej Poga\u010dar.<\/p>\n<div class=\"shortcode-ys-post-pinup\"><article class=\"loop-simple post-29903 post type-post status-publish format-standard has-post-thumbnail hentry category-tour-de-france tag-cyklistika tag-kolik-stoji-kolo-pro-tour-de-france tag-kolo tag-kolo-na-tour-de-france tag-kolo-pro-amatery tag-silnicni-cyklistika tag-tour-de-france-2025 global-categories-cycling\" data-postid=\"29903\" role=\"article\" data-post-id=\"29903\" data-word-count=\"487\" data-headline-length=\"59\" data-category=\"Tour de France\" data-global-category=\"Cycling\" data-author=\"We Love Cycling\" data-published=\"2025-07-11T06:00:27+02:00\" data-published-day=\"Friday\">\n    <div class=\"entry-thumbnail article-thumbnail\" content=\"https:\/\/d2p6e6u75xmxt8.cloudfront.net\/13\/2025\/07\/SI202506300613-150x150.webp\"><a href=\"https:\/\/www.welovecycling.com\/cs\/2025\/07\/11\/opravdu-muzete-mit-kolo-jako-profici-na-tour-de-france\/\" class=\"image-holder\" target=\"_self\"><img decoding=\"async\" loading=\"lazy\" class=\"\" src=\"https:\/\/d2p6e6u75xmxt8.cloudfront.net\/13\/2025\/07\/SI202506300613-1024x676.webp\" srcset=\"https:\/\/d2p6e6u75xmxt8.cloudfront.net\/13\/2025\/07\/SI202506300613-scaled.webp 2560w, https:\/\/d2p6e6u75xmxt8.cloudfront.net\/13\/2025\/07\/SI202506300613-300x198.webp 300w, https:\/\/d2p6e6u75xmxt8.cloudfront.net\/13\/2025\/07\/SI202506300613-1024x676.webp 1024w, https:\/\/d2p6e6u75xmxt8.cloudfront.net\/13\/2025\/07\/SI202506300613-768x507.webp 768w, https:\/\/d2p6e6u75xmxt8.cloudfront.net\/13\/2025\/07\/SI202506300613-1536x1014.webp 1536w, https:\/\/d2p6e6u75xmxt8.cloudfront.net\/13\/2025\/07\/SI202506300613-2048x1351.webp 2048w, https:\/\/d2p6e6u75xmxt8.cloudfront.net\/13\/2025\/07\/SI202506300613-1920x1267.webp 1920w, https:\/\/d2p6e6u75xmxt8.cloudfront.net\/13\/2025\/07\/SI202506300613-400x264.webp 400w, https:\/\/d2p6e6u75xmxt8.cloudfront.net\/13\/2025\/07\/SI202506300613-1920x1267.webp 1920w\" width=\"1024\" height=\"676\" sizes=\"auto, (min-width: 1200px) 302px, (min-width: 768px) 25vw, 100vw\" alt=\"opravdu-muzete-mit-kolo-jako-profici-na-tour-de-france\"\/><\/a><\/div>    <div class=\"entry-meta\">\n        <a class=\"label label-secondary post-category\" href=\"https:\/\/www.welovecycling.com\/cs\/category\/tour-de-france\/\" title=\"Tour de France\">Tour de France<\/a>\n    <\/div>\n    <div class=\"entry-details\">\n        <a href=\"https:\/\/www.welovecycling.com\/cs\/2025\/07\/11\/opravdu-muzete-mit-kolo-jako-profici-na-tour-de-france\/\" class='entry-title-wrapper'>\n            <h3 class=\"entry-title\"><span>Opravdu m\u016f\u017eete m\u00edt kolo jako prof\u00edci na Tour de France?<\/span><\/h3>\n        <\/a>\n    <\/div>\n    <\/article>\n<\/div>\n<p>Ka\u017edop\u00e1dn\u011b ze strany nizozemsk\u00e9ho t\u00fdmu se pl\u00e1n uk\u00e1zal jako lich\u00fd. Unavil i vlastn\u00ed z\u00e1vodn\u00edky. A mise nebyla napln\u011bna. O jednu sekundu p\u0159i\u0161la ve\u0161ker\u00e1 d\u0159ina vnive\u010d. \u017dlut\u00fd trikot obl\u00e9kl Mathieu van der Poel.<\/p>\n<p>A co na to Tadej Poga\u010dar? &#8222;Mn\u011b v\u016fbec nevad\u00ed nosit \u017elut\u00fd trikot,&#8220; usm\u00e1l se <a href=\"https:\/\/www.welovecycling.com\/cs\/2025\/07\/10\/kdo-je-nejvetsi-bohac-tour-de-france\/\">Tadej Poga\u010dar,<\/a> \u017ee se taktikou Vismy nenech\u00e1 zastra\u0161it. Ka\u017edop\u00e1dn\u011b je jasn\u00e9, \u017ee rivalita dvou nesmi\u0159iteln\u00fdch vstoupila do nov\u00e9 dimenze a bude prov\u00e1zet celou Tour de France 2025.<\/p>\n","protected":false},"excerpt":{"rendered":"<p>Jen v\u00fdjime\u010dn\u011b je Tadej Poga\u010dar rozlad\u011bn\u00fd, na\u0161tvan\u00fd \u010di podr\u00e1\u017ed\u011bn\u00fd. L\u00eddr UAE Emirates XRG v\u011bt\u0161inou rozd\u00e1v\u00e1 \u00fasm\u011bvy. A fanou\u0161k\u016fm d\u00e1rky v [&hellip;]<\/p>\n","protected":false},"author":138,"featured_media":29936,"comment_status":"open","ping_status":"open","sticky":false,"template":"","format":"standard","meta":{"footnotes":""},"categories":[1711],"tags":[1601,3685,502,4273,4274,23,3843],"global-categories":[411],"class_list":["post-29933","post","type-post","status-publish","format-standard","has-post-thumbnail","hentry","category-tour-de-france","tag-jonas-vingegaard","tag-rivalita","tag-tadej-pogacar","tag-taktika-a-cyklistika","tag-taktika-v-cyklistice","tag-tour-de-france","tag-tour-de-france-2025","global-categories-cycling"],"yoast_head":"<!-- This site is optimized with the Yoast SEO Premium plugin v25.3 (Yoast SEO v25.9) - https:\/\/yoast.com\/wordpress\/plugins\/seo\/ -->\n<title>Jak Vingegaard vyto\u010dil Poga\u010dara? A pro\u010d mu p\u0159\u00e1l \u017elut\u00fd trikot? | \u0160koda We Love Cycling - \u010cesk\u00e1 republika<\/title>\n<meta name=\"description\" content=\"Jen v\u00fdjime\u010dn\u011b je Tadej Poga\u010dar rozlad\u011bn\u00fd, na\u0161tvan\u00fd \u010di podr\u00e1\u017ed\u011bn\u00fd. L\u00eddr UAE Emirates XRG v\u011bt\u0161inou rozd\u00e1v\u00e1 \u00fasm\u011bvy. A fanou\u0161k\u016fm d\u00e1rky v podob\u011b bidon\u016f, br\u00fdl\u00ed \u010di \u010depic. P\u0159edstaven\u00ed, kter\u00e9 zinscenoval Jonas Vingegaard a jeho t\u00fdm Visma Lease a Bike v \u0161est\u00e9m d\u011bjstv\u00ed Tour de France 2025 v\u0161ak slovinsk\u00e9ho sm\u00ed\u0161ka vyvedlo z rovnov\u00e1hy.\" \/>\n<meta name=\"robots\" content=\"index, follow, max-snippet:-1, max-image-preview:large, max-video-preview:-1\" \/>\n<link rel=\"canonical\" href=\"https:\/\/www.welovecycling.com\/cs\/2025\/07\/11\/jak-vingegaard-vytocil-pogacara-a-proc-mu-pral-zluty-trikot\/\" \/>\n<meta property=\"og:locale\" content=\"cs_CZ\" \/>\n<meta property=\"og:type\" content=\"article\" \/>\n<meta property=\"og:title\" content=\"Jak Vingegaard vyto\u010dil Poga\u010dara? A pro\u010d mu p\u0159\u00e1l \u017elut\u00fd trikot?\" \/>\n<meta property=\"og:description\" content=\"Jen v\u00fdjime\u010dn\u011b je Tadej Poga\u010dar rozlad\u011bn\u00fd, na\u0161tvan\u00fd \u010di podr\u00e1\u017ed\u011bn\u00fd. L\u00eddr UAE Emirates XRG v\u011bt\u0161inou rozd\u00e1v\u00e1 \u00fasm\u011bvy. A fanou\u0161k\u016fm d\u00e1rky v podob\u011b bidon\u016f, br\u00fdl\u00ed \u010di \u010depic. P\u0159edstaven\u00ed, kter\u00e9 zinscenoval Jonas Vingegaard a jeho t\u00fdm Visma Lease a Bike v \u0161est\u00e9m d\u011bjstv\u00ed Tour de France 2025 v\u0161ak slovinsk\u00e9ho sm\u00ed\u0161ka vyvedlo z rovnov\u00e1hy.\" \/>\n<meta property=\"og:url\" content=\"https:\/\/www.welovecycling.com\/cs\/2025\/07\/11\/jak-vingegaard-vytocil-pogacara-a-proc-mu-pral-zluty-trikot\/\" \/>\n<meta property=\"og:site_name\" content=\"\u0160koda We Love Cycling - \u010cesk\u00e1 republika\" \/>\n<meta property=\"article:published_time\" content=\"2025-07-11T08:57:21+00:00\" \/>\n<meta property=\"article:modified_time\" content=\"2025-07-11T09:01:21+00:00\" \/>\n<meta property=\"og:image\" content=\"https:\/\/d2p6e6u75xmxt8.cloudfront.net\/13\/2025\/07\/20250710TDF2037-scaled.webp\" \/>\n\t<meta property=\"og:image:width\" content=\"2560\" \/>\n\t<meta property=\"og:image:height\" content=\"1707\" \/>\n\t<meta property=\"og:image:type\" content=\"image\/webp\" \/>\n<meta name=\"author\" content=\"radekmalina\" \/>\n<meta name=\"twitter:card\" content=\"summary_large_image\" \/>\n<meta name=\"twitter:label1\" content=\"Written by\" \/>\n\t<meta name=\"twitter:data1\" content=\"We Love Cycling\" \/>\n\t<meta name=\"twitter:label2\" content=\"Est. reading time\" \/>\n\t<meta name=\"twitter:data2\" content=\"5\" \/>\n<script type=\"application\/ld+json\" class=\"yoast-schema-graph\">{\"@context\":\"https:\/\/schema.org\",\"@graph\":[{\"@type\":\"WebPage\",\"@id\":\"https:\/\/www.welovecycling.com\/cs\/2025\/07\/11\/jak-vingegaard-vytocil-pogacara-a-proc-mu-pral-zluty-trikot\/\",\"url\":\"https:\/\/www.welovecycling.com\/cs\/2025\/07\/11\/jak-vingegaard-vytocil-pogacara-a-proc-mu-pral-zluty-trikot\/\",\"name\":\"Jak Vingegaard vyto\u010dil Poga\u010dara? A pro\u010d mu p\u0159\u00e1l \u017elut\u00fd trikot? | \u0160koda We Love Cycling - \u010cesk\u00e1 republika\",\"isPartOf\":{\"@id\":\"https:\/\/www.welovecycling.com\/cs\/#website\"},\"primaryImageOfPage\":{\"@id\":\"https:\/\/www.welovecycling.com\/cs\/2025\/07\/11\/jak-vingegaard-vytocil-pogacara-a-proc-mu-pral-zluty-trikot\/#primaryimage\"},\"image\":{\"@id\":\"https:\/\/www.welovecycling.com\/cs\/2025\/07\/11\/jak-vingegaard-vytocil-pogacara-a-proc-mu-pral-zluty-trikot\/#primaryimage\"},\"thumbnailUrl\":\"https:\/\/d2p6e6u75xmxt8.cloudfront.net\/13\/2025\/07\/20250710TDF2037-scaled.webp\",\"datePublished\":\"2025-07-11T08:57:21+00:00\",\"dateModified\":\"2025-07-11T09:01:21+00:00\",\"author\":{\"@id\":\"https:\/\/www.welovecycling.com\/cs\/#\/schema\/person\/d9eeb0a378f3a7e4a6d12d2b536b04b8\"},\"description\":\"Jen v\u00fdjime\u010dn\u011b je Tadej Poga\u010dar rozlad\u011bn\u00fd, na\u0161tvan\u00fd \u010di podr\u00e1\u017ed\u011bn\u00fd. L\u00eddr UAE Emirates XRG v\u011bt\u0161inou rozd\u00e1v\u00e1 \u00fasm\u011bvy. A fanou\u0161k\u016fm d\u00e1rky v podob\u011b bidon\u016f, br\u00fdl\u00ed \u010di \u010depic. P\u0159edstaven\u00ed, kter\u00e9 zinscenoval Jonas Vingegaard a jeho t\u00fdm Visma Lease a Bike v \u0161est\u00e9m d\u011bjstv\u00ed Tour de France 2025 v\u0161ak slovinsk\u00e9ho sm\u00ed\u0161ka vyvedlo z rovnov\u00e1hy.\",\"inLanguage\":\"cs\",\"potentialAction\":[{\"@type\":\"ReadAction\",\"target\":[\"https:\/\/www.welovecycling.com\/cs\/2025\/07\/11\/jak-vingegaard-vytocil-pogacara-a-proc-mu-pral-zluty-trikot\/\"]}]},{\"@type\":\"ImageObject\",\"inLanguage\":\"cs\",\"@id\":\"https:\/\/www.welovecycling.com\/cs\/2025\/07\/11\/jak-vingegaard-vytocil-pogacara-a-proc-mu-pral-zluty-trikot\/#primaryimage\",\"url\":\"https:\/\/d2p6e6u75xmxt8.cloudfront.net\/13\/2025\/07\/20250710TDF2037-scaled.webp\",\"contentUrl\":\"https:\/\/d2p6e6u75xmxt8.cloudfront.net\/13\/2025\/07\/20250710TDF2037-scaled.webp\",\"width\":2560,\"height\":1707,\"caption\":\"Tadej Poga\u010dar Jonathan Milan Remco Evenepoel. Chyb\u00ed Jonas Vingegaard. Foto: Billy Ceusters\"},{\"@type\":\"WebSite\",\"@id\":\"https:\/\/www.welovecycling.com\/cs\/#website\",\"url\":\"https:\/\/www.welovecycling.com\/cs\/\",\"name\":\"\u0160koda We Love Cycling - \u010cesk\u00e1 republika\",\"description\":\"WeLoveCycling.cz je online magaz\u00edn, kter\u00fd v\u00e1m pravideln\u011b p\u0159in\u00e1\u0161\u00ed rady a tipy, zaj\u00edmav\u00e9 \u010dl\u00e1nky, videa a jedine\u010dn\u00e9 report\u00e1\u017ee ze sv\u011bta cyklistiky.\",\"potentialAction\":[{\"@type\":\"SearchAction\",\"target\":{\"@type\":\"EntryPoint\",\"urlTemplate\":\"https:\/\/www.welovecycling.com\/cs\/?s={search_term_string}\"},\"query-input\":{\"@type\":\"PropertyValueSpecification\",\"valueRequired\":true,\"valueName\":\"search_term_string\"}}],\"inLanguage\":\"cs\"},{\"@type\":\"Person\",\"@id\":\"https:\/\/www.welovecycling.com\/cs\/#\/schema\/person\/d9eeb0a378f3a7e4a6d12d2b536b04b8\",\"name\":\"radekmalina\",\"image\":{\"@type\":\"ImageObject\",\"inLanguage\":\"cs\",\"@id\":\"https:\/\/www.welovecycling.com\/cs\/#\/schema\/person\/image\/\",\"url\":\"https:\/\/secure.gravatar.com\/avatar\/66994b632cb8c39a46b9f54afa3ae07201b678d32a54275b6f1c9ffec356bfc0?s=96&d=mm&r=g\",\"contentUrl\":\"https:\/\/secure.gravatar.com\/avatar\/66994b632cb8c39a46b9f54afa3ae07201b678d32a54275b6f1c9ffec356bfc0?s=96&d=mm&r=g\",\"caption\":\"radekmalina\"},\"url\":\"https:\/\/www.welovecycling.com\/cs\/author\/radekmalina\/\"}]}<\/script>\n<!-- \/ Yoast SEO Premium plugin. -->","yoast_head_json":{"title":"Jak Vingegaard vyto\u010dil Poga\u010dara? A pro\u010d mu p\u0159\u00e1l \u017elut\u00fd trikot? | \u0160koda We Love Cycling - \u010cesk\u00e1 republika","description":"Jen v\u00fdjime\u010dn\u011b je Tadej Poga\u010dar rozlad\u011bn\u00fd, na\u0161tvan\u00fd \u010di podr\u00e1\u017ed\u011bn\u00fd. L\u00eddr UAE Emirates XRG v\u011bt\u0161inou rozd\u00e1v\u00e1 \u00fasm\u011bvy. A fanou\u0161k\u016fm d\u00e1rky v podob\u011b bidon\u016f, br\u00fdl\u00ed \u010di \u010depic. P\u0159edstaven\u00ed, kter\u00e9 zinscenoval Jonas Vingegaard a jeho t\u00fdm Visma Lease a Bike v \u0161est\u00e9m d\u011bjstv\u00ed Tour de France 2025 v\u0161ak slovinsk\u00e9ho sm\u00ed\u0161ka vyvedlo z rovnov\u00e1hy.","robots":{"index":"index","follow":"follow","max-snippet":"max-snippet:-1","max-image-preview":"max-image-preview:large","max-video-preview":"max-video-preview:-1"},"canonical":"https:\/\/www.welovecycling.com\/cs\/2025\/07\/11\/jak-vingegaard-vytocil-pogacara-a-proc-mu-pral-zluty-trikot\/","og_locale":"cs_CZ","og_type":"article","og_title":"Jak Vingegaard vyto\u010dil Poga\u010dara? A pro\u010d mu p\u0159\u00e1l \u017elut\u00fd trikot?","og_description":"Jen v\u00fdjime\u010dn\u011b je Tadej Poga\u010dar rozlad\u011bn\u00fd, na\u0161tvan\u00fd \u010di podr\u00e1\u017ed\u011bn\u00fd. L\u00eddr UAE Emirates XRG v\u011bt\u0161inou rozd\u00e1v\u00e1 \u00fasm\u011bvy. A fanou\u0161k\u016fm d\u00e1rky v podob\u011b bidon\u016f, br\u00fdl\u00ed \u010di \u010depic. P\u0159edstaven\u00ed, kter\u00e9 zinscenoval Jonas Vingegaard a jeho t\u00fdm Visma Lease a Bike v \u0161est\u00e9m d\u011bjstv\u00ed Tour de France 2025 v\u0161ak slovinsk\u00e9ho sm\u00ed\u0161ka vyvedlo z rovnov\u00e1hy.","og_url":"https:\/\/www.welovecycling.com\/cs\/2025\/07\/11\/jak-vingegaard-vytocil-pogacara-a-proc-mu-pral-zluty-trikot\/","og_site_name":"\u0160koda We Love Cycling - \u010cesk\u00e1 republika","article_published_time":"2025-07-11T08:57:21+00:00","article_modified_time":"2025-07-11T09:01:21+00:00","og_image":[{"width":2560,"height":1707,"url":"https:\/\/d2p6e6u75xmxt8.cloudfront.net\/13\/2025\/07\/20250710TDF2037-scaled.webp","type":"image\/webp"}],"author":"radekmalina","twitter_card":"summary_large_image","twitter_misc":{"Written by":"We Love Cycling","Est. reading time":"5"},"schema":{"@context":"https:\/\/schema.org","@graph":[{"@type":"WebPage","@id":"https:\/\/www.welovecycling.com\/cs\/2025\/07\/11\/jak-vingegaard-vytocil-pogacara-a-proc-mu-pral-zluty-trikot\/","url":"https:\/\/www.welovecycling.com\/cs\/2025\/07\/11\/jak-vingegaard-vytocil-pogacara-a-proc-mu-pral-zluty-trikot\/","name":"Jak Vingegaard vyto\u010dil Poga\u010dara? A pro\u010d mu p\u0159\u00e1l \u017elut\u00fd trikot? | \u0160koda We Love Cycling - \u010cesk\u00e1 republika","isPartOf":{"@id":"https:\/\/www.welovecycling.com\/cs\/#website"},"primaryImageOfPage":{"@id":"https:\/\/www.welovecycling.com\/cs\/2025\/07\/11\/jak-vingegaard-vytocil-pogacara-a-proc-mu-pral-zluty-trikot\/#primaryimage"},"image":{"@id":"https:\/\/www.welovecycling.com\/cs\/2025\/07\/11\/jak-vingegaard-vytocil-pogacara-a-proc-mu-pral-zluty-trikot\/#primaryimage"},"thumbnailUrl":"https:\/\/d2p6e6u75xmxt8.cloudfront.net\/13\/2025\/07\/20250710TDF2037-scaled.webp","datePublished":"2025-07-11T08:57:21+00:00","dateModified":"2025-07-11T09:01:21+00:00","author":{"@id":"https:\/\/www.welovecycling.com\/cs\/#\/schema\/person\/d9eeb0a378f3a7e4a6d12d2b536b04b8"},"description":"Jen v\u00fdjime\u010dn\u011b je Tadej Poga\u010dar rozlad\u011bn\u00fd, na\u0161tvan\u00fd \u010di podr\u00e1\u017ed\u011bn\u00fd. L\u00eddr UAE Emirates XRG v\u011bt\u0161inou rozd\u00e1v\u00e1 \u00fasm\u011bvy. A fanou\u0161k\u016fm d\u00e1rky v podob\u011b bidon\u016f, br\u00fdl\u00ed \u010di \u010depic. P\u0159edstaven\u00ed, kter\u00e9 zinscenoval Jonas Vingegaard a jeho t\u00fdm Visma Lease a Bike v \u0161est\u00e9m d\u011bjstv\u00ed Tour de France 2025 v\u0161ak slovinsk\u00e9ho sm\u00ed\u0161ka vyvedlo z rovnov\u00e1hy.","inLanguage":"cs","potentialAction":[{"@type":"ReadAction","target":["https:\/\/www.welovecycling.com\/cs\/2025\/07\/11\/jak-vingegaard-vytocil-pogacara-a-proc-mu-pral-zluty-trikot\/"]}]},{"@type":"ImageObject","inLanguage":"cs","@id":"https:\/\/www.welovecycling.com\/cs\/2025\/07\/11\/jak-vingegaard-vytocil-pogacara-a-proc-mu-pral-zluty-trikot\/#primaryimage","url":"https:\/\/d2p6e6u75xmxt8.cloudfront.net\/13\/2025\/07\/20250710TDF2037-scaled.webp","contentUrl":"https:\/\/d2p6e6u75xmxt8.cloudfront.net\/13\/2025\/07\/20250710TDF2037-scaled.webp","width":2560,"height":1707,"caption":"Tadej Poga\u010dar Jonathan Milan Remco Evenepoel. Chyb\u00ed Jonas Vingegaard. Foto: Billy Ceusters"},{"@type":"WebSite","@id":"https:\/\/www.welovecycling.com\/cs\/#website","url":"https:\/\/www.welovecycling.com\/cs\/","name":"\u0160koda We Love Cycling - \u010cesk\u00e1 republika","description":"WeLoveCycling.cz je online magaz\u00edn, kter\u00fd v\u00e1m pravideln\u011b p\u0159in\u00e1\u0161\u00ed rady a tipy, zaj\u00edmav\u00e9 \u010dl\u00e1nky, videa a jedine\u010dn\u00e9 report\u00e1\u017ee ze sv\u011bta cyklistiky.","potentialAction":[{"@type":"SearchAction","target":{"@type":"EntryPoint","urlTemplate":"https:\/\/www.welovecycling.com\/cs\/?s={search_term_string}"},"query-input":{"@type":"PropertyValueSpecification","valueRequired":true,"valueName":"search_term_string"}}],"inLanguage":"cs"},{"@type":"Person","@id":"https:\/\/www.welovecycling.com\/cs\/#\/schema\/person\/d9eeb0a378f3a7e4a6d12d2b536b04b8","name":"radekmalina","image":{"@type":"ImageObject","inLanguage":"cs","@id":"https:\/\/www.welovecycling.com\/cs\/#\/schema\/person\/image\/","url":"https:\/\/secure.gravatar.com\/avatar\/66994b632cb8c39a46b9f54afa3ae07201b678d32a54275b6f1c9ffec356bfc0?s=96&d=mm&r=g","contentUrl":"https:\/\/secure.gravatar.com\/avatar\/66994b632cb8c39a46b9f54afa3ae07201b678d32a54275b6f1c9ffec356bfc0?s=96&d=mm&r=g","caption":"radekmalina"},"url":"https:\/\/www.welovecycling.com\/cs\/author\/radekmalina\/"}]}},"_links":{"self":[{"href":"https:\/\/www.welovecycling.com\/cs\/wp-json\/wp\/v2\/posts\/29933","targetHints":{"allow":["GET"]}}],"collection":[{"href":"https:\/\/www.welovecycling.com\/cs\/wp-json\/wp\/v2\/posts"}],"about":[{"href":"https:\/\/www.welovecycling.com\/cs\/wp-json\/wp\/v2\/types\/post"}],"author":[{"embeddable":true,"href":"https:\/\/www.welovecycling.com\/cs\/wp-json\/wp\/v2\/users\/138"}],"replies":[{"embeddable":true,"href":"https:\/\/www.welovecycling.com\/cs\/wp-json\/wp\/v2\/comments?post=29933"}],"version-history":[{"count":4,"href":"https:\/\/www.welovecycling.com\/cs\/wp-json\/wp\/v2\/posts\/29933\/revisions"}],"predecessor-version":[{"id":29939,"href":"https:\/\/www.welovecycling.com\/cs\/wp-json\/wp\/v2\/posts\/29933\/revisions\/29939"}],"wp:featuredmedia":[{"embeddable":true,"href":"https:\/\/www.welovecycling.com\/cs\/wp-json\/wp\/v2\/media\/29936"}],"wp:attachment":[{"href":"https:\/\/www.welovecycling.com\/cs\/wp-json\/wp\/v2\/media?parent=29933"}],"wp:term":[{"taxonomy":"category","embeddable":true,"href":"https:\/\/www.welovecycling.com\/cs\/wp-json\/wp\/v2\/categories?post=29933"},{"taxonomy":"post_tag","embeddable":true,"href":"https:\/\/www.welovecycling.com\/cs\/wp-json\/wp\/v2\/tags?post=29933"},{"taxonomy":"global-categories","embeddable":true,"href":"https:\/\/www.welovecycling.com\/cs\/wp-json\/wp\/v2\/global-categories?post=29933"}],"curies":[{"name":"wp","href":"https:\/\/api.w.org\/{rel}","templated":true}]}}