{"id":29903,"date":"2025-07-11T06:00:27","date_gmt":"2025-07-11T04:00:27","guid":{"rendered":"https:\/\/www.welovecycling.com\/cs\/?p=29903"},"modified":"2025-07-10T20:16:33","modified_gmt":"2025-07-10T18:16:33","slug":"opravdu-muzete-mit-kolo-jako-profici-na-tour-de-france","status":"publish","type":"post","link":"https:\/\/www.welovecycling.com\/cs\/2025\/07\/11\/opravdu-muzete-mit-kolo-jako-profici-na-tour-de-france\/","title":{"rendered":"Opravdu m\u016f\u017eete m\u00edt kolo jako prof\u00edci na Tour de France?"},"content":{"rendered":"<p><strong>Nale\u0161t\u011bn\u00e1, funk\u010dn\u00ed, k tomu lehk\u00e1, s high-endov\u00fdm vybaven\u00edm. Prost\u011b v\u00e1bni\u010dka pro toho, komu d\u011bl\u00e1 radost \u0161pi\u010dkov\u00fd materi\u00e1l, kter\u00fd prost\u011b jede. V\u00e1\u017en\u011b ale m\u016f\u017eeme p\u0159ij\u00edt do obchodu a koupit si kolo, na jak\u00e9m jezd\u00ed Tadej Poga\u010dar nebo Pavel Bittner? Jsou stejn\u00e1, a p\u0159eci jin\u00e1.<\/strong><\/p>\n<p><span style=\"font-weight: 400;\">Pravidla UCI stanov\u00ed, \u017ee ve\u0161ker\u00e9 vybaven\u00ed pou\u017eit\u00e9 v z\u00e1vodech, v\u010detn\u011b kol, mus\u00ed b\u00fdt komer\u010dn\u011b dostupn\u00e9. V\u00fdjimkou jsou prototypy. Ty je mo\u017en\u00e9 pou\u017e\u00edvat, ale jen pokud jsou ve fin\u00e1ln\u00ed f\u00e1zi v\u00fdvoje a budou do 12 m\u011bs\u00edc\u016f uvedeny na trh. Jinak by mohl b\u00fdt jezdec dodate\u010dn\u011b diskvalifikov\u00e1n.<\/span><\/p>\n<p><span style=\"font-weight: 400;\">Tak\u017ee pokud chcete kolo z Tour de France, m\u016f\u017eete si ho koupit. P\u0159ipravte se ale na to, \u017ee to bude st\u00e1t opravdu hodn\u011b: 300 000 korun a sp\u00ed\u0161 v\u00edc. To ale sou\u010dasn\u011b neznamen\u00e1, \u017ee kola z Tour jsou v ka\u017ed\u00e9m ohledu identick\u00e1 s t\u011bmi v obchod\u011b. Zna\u010dka a model mohou b\u00fdt stejn\u00e9, ale kola profesion\u00e1l\u016f jsou \u010dasto specificky upraven\u00e1 dle jejich po\u017eadavk\u016f a preferenc\u00ed.<\/span><\/p>\n<h2><strong>Kolo s agresivn\u00edm posedem nesed\u00ed ka\u017ed\u00e9mu<\/strong><\/h2>\n<p><span style=\"font-weight: 400;\">Z\u00e1kladn\u00edm prvkem ka\u017ed\u00e9ho kola je r\u00e1m. Ty nejlep\u0161\u00ed modely, kter\u00e9 najdete v obchodech, jsou stejn\u00e9 jako ty, na kter\u00fdch jezd\u00ed prof\u00edci. Pokud se nejedn\u00e1 o nov\u00fd model, kter\u00fd je\u0161t\u011b nebyl ofici\u00e1ln\u011b uveden na trh. Prof\u00edci maj\u00ed obvykle nejleh\u010d\u00ed a nejtu\u017e\u0161\u00ed verze r\u00e1m\u016f, a \u010dasto je dostanou d\u0159\u00edv ne\u017e ve\u0159ejnost. Ostatn\u011b Tour de France \u010dasto b\u00fdv\u00e1 m\u00edstem premi\u00e9ry nov\u00fdch kol. Pokud si tedy na nov\u00e9 kolo chv\u00edli po\u010dk\u00e1te, m\u016f\u017eete si po\u0159\u00eddit r\u00e1m \u00fapln\u011b stejn\u00fd jako v\u00e1\u0161 obl\u00edben\u00fd jezdec.<\/span><\/p>\n<figure id=\"attachment_29904\" aria-describedby=\"caption-attachment-29904\" style=\"width: 1680px\" class=\"wp-caption alignnone\"><a href=\"https:\/\/d2p6e6u75xmxt8.cloudfront.net\/13\/2025\/07\/20250706TDF2058.webp\"><img loading=\"lazy\" decoding=\"async\" class=\"size-full wp-image-29904\" src=\"https:\/\/d2p6e6u75xmxt8.cloudfront.net\/13\/2025\/07\/20250706TDF2058.webp\" alt=\"\" width=\"1680\" height=\"1120\" srcset=\"https:\/\/d2p6e6u75xmxt8.cloudfront.net\/13\/2025\/07\/20250706TDF2058.webp 1680w, https:\/\/d2p6e6u75xmxt8.cloudfront.net\/13\/2025\/07\/20250706TDF2058-300x200.webp 300w, https:\/\/d2p6e6u75xmxt8.cloudfront.net\/13\/2025\/07\/20250706TDF2058-1024x683.webp 1024w, https:\/\/d2p6e6u75xmxt8.cloudfront.net\/13\/2025\/07\/20250706TDF2058-768x512.webp 768w, https:\/\/d2p6e6u75xmxt8.cloudfront.net\/13\/2025\/07\/20250706TDF2058-1536x1024.webp 1536w, https:\/\/d2p6e6u75xmxt8.cloudfront.net\/13\/2025\/07\/20250706TDF2058-400x267.webp 400w, https:\/\/d2p6e6u75xmxt8.cloudfront.net\/13\/2025\/07\/20250706TDF2058-272x182.webp 272w\" sizes=\"auto, (max-width: 1680px) 100vw, 1680px\" \/><\/a><figcaption id=\"caption-attachment-29904\" class=\"wp-caption-text\"><em>Jonas Vingegaard z t\u00fdmu Visma Lease a Bike. Foto: A.S.O.\/Billy Ceusters<\/em><\/figcaption><\/figure>\n<p><span style=\"font-weight: 400;\">Jedinou v\u00fdjimkou b\u00fdv\u00e1 lak. Cyklist\u00e9 maj\u00ed \u010dasto vlastn\u00ed designy nebo t\u00fdmov\u00e9 barevn\u00e9 kombinace. Nap\u0159\u00edklad zlat\u00e9 kolo Remca Evenepoela coby p\u0159ipom\u00ednka jeho zlat\u00e9 j\u00edzdy v\u00a0olympijsk\u00e9 Pa\u0159\u00ed\u017ei je specifick\u00e9 jen pro n\u011bj. Barva ale nen\u00ed jen o designu \u2014 standardn\u00ed lak m\u016f\u017ee p\u0159idat a\u017e 100 g. V\u00fdrobci se proto sna\u017e\u00ed v\u00e1hu laku u profi kol minimalizovat.<\/span><\/p>\n<div class=\"shortcode-ys-post-pinup\"><article class=\"loop-simple post-29876 post type-post status-publish format-standard has-post-thumbnail hentry category-silnicni-cyklistika category-tour-de-france tag-cyklisticke-komponenty tag-kamiony-na-tour-de-france tag-komponenty tag-material-pro-tour-de-france tag-tour-de-france tag-tour-de-france-2025 tag-tymove-kamiony tag-tymovy-kamion global-categories-cycling\" data-postid=\"29876\" role=\"article\" data-post-id=\"29876\" data-word-count=\"466\" data-headline-length=\"46\" data-category=\"Silni\u010dn\u00ed cyklistika\" data-global-category=\"Cycling\" data-author=\"We Love Cycling\" data-published=\"2025-07-09T04:00:12+02:00\" data-published-day=\"Wednesday\">\n    <div class=\"entry-thumbnail article-thumbnail\" content=\"https:\/\/d2p6e6u75xmxt8.cloudfront.net\/13\/2025\/07\/profimedia-0253519773-150x150.webp\"><a href=\"https:\/\/www.welovecycling.com\/cs\/2025\/07\/09\/co-skryva-tymovy-kamion-na-tour-de-france\/\" class=\"image-holder\" target=\"_self\"><img decoding=\"async\" loading=\"lazy\" class=\"\" src=\"https:\/\/d2p6e6u75xmxt8.cloudfront.net\/13\/2025\/07\/profimedia-0253519773-1024x682.webp\" srcset=\"https:\/\/d2p6e6u75xmxt8.cloudfront.net\/13\/2025\/07\/profimedia-0253519773.webp 1800w, https:\/\/d2p6e6u75xmxt8.cloudfront.net\/13\/2025\/07\/profimedia-0253519773-300x200.webp 300w, https:\/\/d2p6e6u75xmxt8.cloudfront.net\/13\/2025\/07\/profimedia-0253519773-1024x682.webp 1024w, https:\/\/d2p6e6u75xmxt8.cloudfront.net\/13\/2025\/07\/profimedia-0253519773-768x511.webp 768w, https:\/\/d2p6e6u75xmxt8.cloudfront.net\/13\/2025\/07\/profimedia-0253519773-1536x1022.webp 1536w, https:\/\/d2p6e6u75xmxt8.cloudfront.net\/13\/2025\/07\/profimedia-0253519773-400x266.webp 400w, https:\/\/d2p6e6u75xmxt8.cloudfront.net\/13\/2025\/07\/profimedia-0253519773-272x182.webp 272w\" width=\"1024\" height=\"682\" sizes=\"auto, (min-width: 1200px) 300px, (min-width: 768px) 25vw, 100vw\" alt=\"co-skryva-tymovy-kamion-na-tour-de-france\"\/><\/a><\/div>    <div class=\"entry-meta\">\n        <a class=\"label label-secondary post-category\" href=\"https:\/\/www.welovecycling.com\/cs\/category\/silnicni-cyklistika\/\" title=\"Silni\u010dn\u00ed cyklistika\">Silni\u010dn\u00ed cyklistika<\/a>\n    <\/div>\n    <div class=\"entry-details\">\n        <a href=\"https:\/\/www.welovecycling.com\/cs\/2025\/07\/09\/co-skryva-tymovy-kamion-na-tour-de-france\/\" class='entry-title-wrapper'>\n            <h3 class=\"entry-title\"><span>Co skr\u00fdv\u00e1 t\u00fdmov\u00fd kamion na Tour de France?<\/span><\/h3>\n        <\/a>\n    <\/div>\n    <\/article>\n<\/div>\n<p><span style=\"font-weight: 400;\">I kdy\u017e si m\u016f\u017eete kolo nastavit podle sv\u00fdch pot\u0159eb, prof\u00edci \u010dasto pou\u017e\u00edvaj\u00ed agresivn\u011bj\u0161\u00ed posed, tedy ni\u017e\u0161\u00ed, del\u0161\u00ed, u\u017e\u0161\u00ed. V obchod\u011b najdete kola sp\u00ed\u0161 v pohodln\u011bj\u0161\u00ed konfiguraci, vy\u0161\u0161\u00ed \u0159\u00edd\u00edtka, bl\u00ed\u017e k sedlu. Proto\u017ee ne ka\u017ed\u00fd se dok\u00e1\u017ee p\u0159es zkr\u00e1cen\u00e9 svaly a v\u011bt\u0161\u00ed pup\u00edk tolik p\u0159edklonit nad \u0159\u00edd\u00edtka.<\/span><\/p>\n<figure id=\"attachment_29906\" aria-describedby=\"caption-attachment-29906\" style=\"width: 1920px\" class=\"wp-caption alignnone\"><a href=\"https:\/\/d2p6e6u75xmxt8.cloudfront.net\/13\/2025\/07\/20250708TDF2085-scaled.webp\"><img loading=\"lazy\" decoding=\"async\" class=\"size-extra-large wp-image-29906\" src=\"https:\/\/d2p6e6u75xmxt8.cloudfront.net\/13\/2025\/07\/20250708TDF2085-1920x1280.webp\" alt=\"\" width=\"1920\" height=\"1280\" srcset=\"https:\/\/d2p6e6u75xmxt8.cloudfront.net\/13\/2025\/07\/20250708TDF2085-1920x1280.webp 1920w, https:\/\/d2p6e6u75xmxt8.cloudfront.net\/13\/2025\/07\/20250708TDF2085-300x200.webp 300w, https:\/\/d2p6e6u75xmxt8.cloudfront.net\/13\/2025\/07\/20250708TDF2085-1024x683.webp 1024w, https:\/\/d2p6e6u75xmxt8.cloudfront.net\/13\/2025\/07\/20250708TDF2085-768x512.webp 768w, https:\/\/d2p6e6u75xmxt8.cloudfront.net\/13\/2025\/07\/20250708TDF2085-1536x1024.webp 1536w, https:\/\/d2p6e6u75xmxt8.cloudfront.net\/13\/2025\/07\/20250708TDF2085-2048x1365.webp 2048w, https:\/\/d2p6e6u75xmxt8.cloudfront.net\/13\/2025\/07\/20250708TDF2085-400x267.webp 400w, https:\/\/d2p6e6u75xmxt8.cloudfront.net\/13\/2025\/07\/20250708TDF2085-272x182.webp 272w, https:\/\/d2p6e6u75xmxt8.cloudfront.net\/13\/2025\/07\/20250708TDF2085-1920x1280.webp 1920w\" sizes=\"auto, (max-width: 1920px) 100vw, 1920px\" \/><\/a><figcaption id=\"caption-attachment-29906\" class=\"wp-caption-text\"><em>Mathieu van der Poel na speci\u00e1ln\u00ed edici kolo v okam\u017eiku, kdy jel ve \u017elut\u00e9m trikotu. A.S.O.\/Billy Ceusters<\/em><\/figcaption><\/figure>\n<p><span style=\"font-weight: 400;\">Profesion\u00e1lov\u00e9 pravideln\u00e9 proch\u00e1zej\u00ed bike fittingem \u2013 nastavov\u00e1n\u00edm pozice, denn\u011b se protahuj\u00ed a maj\u00ed \u010dasto individu\u00e1ln\u011b p\u0159izp\u016fsoben\u00e9 komponenty jako \u0159\u00edd\u00edtka, p\u0159edstavec, sedlo nebo ped\u00e1ly. N\u011bkdy si i vy\u017e\u00e1daj\u00ed zcela individu\u00e1ln\u00ed geometrii r\u00e1mu. To je ale v\u00fdsada jen t\u011bch nejv\u011bt\u0161\u00edch jmen.<\/span><\/p>\n<h2><strong>S komponenty se tro\u0161ku fixluje<\/strong><\/h2>\n<p><span style=\"font-weight: 400;\">Velk\u00fd rozd\u00edl najdeme taky v oblasti komponent\u016f. Zat\u00edmco vy si m\u016f\u017eete voln\u011b vyb\u00edrat p\u0159ehazova\u010dky, kola nebo pl\u00e1\u0161t\u011b, prof\u00edci mus\u00ed pou\u017e\u00edvat to, co poskytuje t\u00fdmov\u00fd sponzor.\u00a0<\/span><span style=\"font-weight: 400;\">Ob\u010das ale jezdci diskr\u00e9tn\u011b pou\u017eij\u00ed jinou zna\u010dku a zakryj\u00ed logo.<\/span><\/p>\n<div class=\"shortcode-ys-post-pinup\"><article class=\"loop-simple post-29816 post type-post status-publish format-standard has-post-thumbnail hentry category-silnicni-cyklistika tag-astana tag-cyklistika tag-kola-na-tour-de-france tag-kolik-stoji-kolo-pro-tour-de-france tag-nejdrazsi-kolo tag-nejlevnejsi-kolo tag-silnicni-cyklistika tag-tadej-pogacar tag-tour-de-france global-categories-cycling\" data-postid=\"29816\" role=\"article\" data-post-id=\"29816\" data-word-count=\"610\" data-headline-length=\"58\" data-category=\"Silni\u010dn\u00ed cyklistika\" data-global-category=\"Cycling\" data-author=\"We Love Cycling\" data-published=\"2025-07-07T04:30:53+02:00\" data-published-day=\"Monday\">\n    <div class=\"entry-thumbnail article-thumbnail\" content=\"https:\/\/d2p6e6u75xmxt8.cloudfront.net\/13\/2025\/07\/profimedia-1018475761-150x150.webp\"><a href=\"https:\/\/www.welovecycling.com\/cs\/2025\/07\/07\/nejdrazsi-kolo-tour-de-france-2025\/\" class=\"image-holder\" target=\"_self\"><img decoding=\"async\" loading=\"lazy\" class=\"\" src=\"https:\/\/d2p6e6u75xmxt8.cloudfront.net\/13\/2025\/07\/profimedia-1018475761-1024x683.webp\" srcset=\"https:\/\/d2p6e6u75xmxt8.cloudfront.net\/13\/2025\/07\/profimedia-1018475761.webp 1800w, https:\/\/d2p6e6u75xmxt8.cloudfront.net\/13\/2025\/07\/profimedia-1018475761-300x200.webp 300w, https:\/\/d2p6e6u75xmxt8.cloudfront.net\/13\/2025\/07\/profimedia-1018475761-1024x683.webp 1024w, https:\/\/d2p6e6u75xmxt8.cloudfront.net\/13\/2025\/07\/profimedia-1018475761-768x512.webp 768w, https:\/\/d2p6e6u75xmxt8.cloudfront.net\/13\/2025\/07\/profimedia-1018475761-1536x1024.webp 1536w, https:\/\/d2p6e6u75xmxt8.cloudfront.net\/13\/2025\/07\/profimedia-1018475761-400x267.webp 400w, https:\/\/d2p6e6u75xmxt8.cloudfront.net\/13\/2025\/07\/profimedia-1018475761-272x182.webp 272w\" width=\"1024\" height=\"683\" sizes=\"auto, (min-width: 1200px) 300px, (min-width: 768px) 25vw, 100vw\" alt=\"nejdrazsi-kolo-tour-de-france-2025\"\/><\/a><\/div>    <div class=\"entry-meta\">\n        <a class=\"label label-secondary post-category\" href=\"https:\/\/www.welovecycling.com\/cs\/category\/silnicni-cyklistika\/\" title=\"Silni\u010dn\u00ed cyklistika\">Silni\u010dn\u00ed cyklistika<\/a>\n    <\/div>\n    <div class=\"entry-details\">\n        <a href=\"https:\/\/www.welovecycling.com\/cs\/2025\/07\/07\/nejdrazsi-kolo-tour-de-france-2025\/\" class='entry-title-wrapper'>\n            <h3 class=\"entry-title\"><span>Nejdra\u017e\u0161\u00ed a nejlevn\u011bj\u0161\u00ed kolo Tour. Jak\u00fd je rozd\u00edl?<\/span><\/h3>\n        <\/a>\n    <\/div>\n    <\/article>\n<\/div>\n<p><span style=\"font-weight: 400;\">Nap\u0159\u00edklad Peter Sagan pou\u017e\u00edval p\u0159edstavec Zipp, i kdy\u017e nebyl sponzorem t\u00fdmu. Probl\u00e9m vy\u0159e\u0161ila \u010dern\u00e1 p\u00e1ska p\u0159es logo. Komponenty ale b\u00fdvaj\u00ed stejn\u00e9 jako ty, co jsou dostupn\u00e9 v obchodech. Jen prof\u00edci \u010dasto dost\u00e1vaj\u00ed nov\u00e9 verze d\u0159\u00edv.<\/span><\/p>\n<figure id=\"attachment_29888\" aria-describedby=\"caption-attachment-29888\" style=\"width: 1920px\" class=\"wp-caption alignnone\"><a href=\"https:\/\/d2p6e6u75xmxt8.cloudfront.net\/13\/2025\/07\/IMG_7199-scaled.webp\"><img loading=\"lazy\" decoding=\"async\" class=\"size-extra-large wp-image-29888\" src=\"https:\/\/d2p6e6u75xmxt8.cloudfront.net\/13\/2025\/07\/IMG_7199-1920x1280.webp\" alt=\"\" width=\"1920\" height=\"1280\" srcset=\"https:\/\/d2p6e6u75xmxt8.cloudfront.net\/13\/2025\/07\/IMG_7199-1920x1280.webp 1920w, https:\/\/d2p6e6u75xmxt8.cloudfront.net\/13\/2025\/07\/IMG_7199-300x200.webp 300w, https:\/\/d2p6e6u75xmxt8.cloudfront.net\/13\/2025\/07\/IMG_7199-1024x683.webp 1024w, https:\/\/d2p6e6u75xmxt8.cloudfront.net\/13\/2025\/07\/IMG_7199-768x512.webp 768w, https:\/\/d2p6e6u75xmxt8.cloudfront.net\/13\/2025\/07\/IMG_7199-1536x1024.webp 1536w, https:\/\/d2p6e6u75xmxt8.cloudfront.net\/13\/2025\/07\/IMG_7199-2048x1365.webp 2048w, https:\/\/d2p6e6u75xmxt8.cloudfront.net\/13\/2025\/07\/IMG_7199-400x267.webp 400w, https:\/\/d2p6e6u75xmxt8.cloudfront.net\/13\/2025\/07\/IMG_7199-272x182.webp 272w, https:\/\/d2p6e6u75xmxt8.cloudfront.net\/13\/2025\/07\/IMG_7199-1920x1280.webp 1920w\" sizes=\"auto, (max-width: 1920px) 100vw, 1920px\" \/><\/a><figcaption id=\"caption-attachment-29888\" class=\"wp-caption-text\"><em>Tadej Poga\u010dar z formace UAE Emirates na startu Tour de France v Lille. Foto: A.S.O.\/Aur\u00e9lien Vialatte<\/em><\/figcaption><\/figure>\n<p><span style=\"font-weight: 400;\">Podle pravidel UCI mus\u00ed m\u00edt z\u00e1vodn\u00ed kolo minim\u00e1ln\u00ed hmotnost 6,8 kg. Kola jsou tak stav\u011bn\u00e1 p\u0159esn\u011b na tuto hranici. N\u011bkdy jsou dokonce um\u011ble zat\u00ed\u017een\u00e1, nap\u0159\u00edklad pomoc\u00ed hlin\u00edkov\u00fdch \u0159\u00edd\u00edtek, aby limit splnila. Hlin\u00edk je nav\u00edc odoln\u011bj\u0161\u00ed v p\u0159\u00edpad\u011b p\u00e1d\u016f, kter\u00fdch je na Tour dost. Jako hobby jezdci ale nejste pravidly UCI omezeni, tak\u017ee si m\u016f\u017eete postavit i leh\u010d\u00ed kolo. Pokud tedy unesete vy\u0161\u0161\u00ed cenu za lehk\u00e9 komponenty.<\/span><\/p>\n<p><span style=\"font-weight: 400;\">Zna\u010dky cht\u011bj\u00ed, aby prof\u00edci z\u00e1vodili a vyhr\u00e1vali na jejich kolech, a t\u00edm je d\u011blali atraktivn\u00edmi pro z\u00e1kazn\u00edky. Proto jsou verze profi kol \u010dasto k zakoupen\u00ed i pro ve\u0159ejnost. Jsou inspirovan\u00e9 z\u00e1vodn\u00edmi stroji, ale n\u011bkdy m\u00edrn\u011b upraven\u00e9 pro pohodl\u00ed b\u011b\u017en\u00e9ho jezdce. Mo\u017en\u00e1 proto neosedl\u00e1te \u00fapln\u00fd klon stroje z <a href=\"https:\/\/www.welovecycling.com\/cs\/2025\/07\/07\/nejdrazsi-kolo-tour-de-france-2025\/\">Tour de France<\/a>, ale dostat se mu velmi bl\u00edzko nen\u00ed v\u016fbec nemo\u017en\u00e9.<\/span><\/p>\n","protected":false},"excerpt":{"rendered":"<p>Nale\u0161t\u011bn\u00e1, funk\u010dn\u00ed, k tomu lehk\u00e1, s high-endov\u00fdm vybaven\u00edm. Prost\u011b v\u00e1bni\u010dka pro toho, komu d\u011bl\u00e1 radost \u0161pi\u010dkov\u00fd materi\u00e1l, kter\u00fd prost\u011b jede. [&hellip;]<\/p>\n","protected":false},"author":138,"featured_media":29781,"comment_status":"open","ping_status":"open","sticky":false,"template":"","format":"standard","meta":{"footnotes":""},"categories":[1711],"tags":[126,4253,345,4267,4268,9,3843],"global-categories":[411],"class_list":["post-29903","post","type-post","status-publish","format-standard","has-post-thumbnail","hentry","category-tour-de-france","tag-cyklistika","tag-kolik-stoji-kolo-pro-tour-de-france","tag-kolo","tag-kolo-na-tour-de-france","tag-kolo-pro-amatery","tag-silnicni-cyklistika","tag-tour-de-france-2025","global-categories-cycling"],"yoast_head":"<!-- This site is optimized with the Yoast SEO Premium plugin v25.3 (Yoast SEO v25.9) - https:\/\/yoast.com\/wordpress\/plugins\/seo\/ -->\n<title>Opravdu m\u016f\u017eete m\u00edt kolo jako prof\u00edci na Tour de France? | \u0160koda We Love Cycling - \u010cesk\u00e1 republika<\/title>\n<meta name=\"description\" content=\"V\u00e1bni\u010dka pro toho, komu d\u011bl\u00e1 radost \u0161pi\u010dkov\u00fd materi\u00e1l. V\u00e1\u017en\u011b m\u016f\u017eeme p\u0159ij\u00edt do obchodu a koupit si kolo, na n\u011bm\u017e jezd\u00ed Poga\u010dar nebo Vingegaard?\" \/>\n<meta name=\"robots\" content=\"index, follow, max-snippet:-1, max-image-preview:large, max-video-preview:-1\" \/>\n<link rel=\"canonical\" href=\"https:\/\/www.welovecycling.com\/cs\/2025\/07\/11\/opravdu-muzete-mit-kolo-jako-profici-na-tour-de-france\/\" \/>\n<meta property=\"og:locale\" content=\"cs_CZ\" \/>\n<meta property=\"og:type\" content=\"article\" \/>\n<meta property=\"og:title\" content=\"Opravdu m\u016f\u017eete m\u00edt kolo jako prof\u00edci na Tour de France?\" \/>\n<meta property=\"og:description\" content=\"V\u00e1bni\u010dka pro toho, komu d\u011bl\u00e1 radost \u0161pi\u010dkov\u00fd materi\u00e1l. V\u00e1\u017en\u011b m\u016f\u017eeme p\u0159ij\u00edt do obchodu a koupit si kolo, na n\u011bm\u017e jezd\u00ed Poga\u010dar nebo Vingegaard?\" \/>\n<meta property=\"og:url\" content=\"https:\/\/www.welovecycling.com\/cs\/2025\/07\/11\/opravdu-muzete-mit-kolo-jako-profici-na-tour-de-france\/\" \/>\n<meta property=\"og:site_name\" content=\"\u0160koda We Love Cycling - \u010cesk\u00e1 republika\" \/>\n<meta property=\"article:published_time\" content=\"2025-07-11T04:00:27+00:00\" \/>\n<meta property=\"og:image\" content=\"https:\/\/d2p6e6u75xmxt8.cloudfront.net\/13\/2025\/07\/SI202506300613-scaled.webp\" \/>\n\t<meta property=\"og:image:width\" content=\"2560\" \/>\n\t<meta property=\"og:image:height\" content=\"1689\" \/>\n\t<meta property=\"og:image:type\" content=\"image\/webp\" \/>\n<meta name=\"author\" content=\"radekmalina\" \/>\n<meta name=\"twitter:card\" content=\"summary_large_image\" \/>\n<meta name=\"twitter:label1\" content=\"Written by\" \/>\n\t<meta name=\"twitter:data1\" content=\"We Love Cycling\" \/>\n\t<meta name=\"twitter:label2\" content=\"Est. reading time\" \/>\n\t<meta name=\"twitter:data2\" content=\"5\" \/>\n<script type=\"application\/ld+json\" class=\"yoast-schema-graph\">{\"@context\":\"https:\/\/schema.org\",\"@graph\":[{\"@type\":\"WebPage\",\"@id\":\"https:\/\/www.welovecycling.com\/cs\/2025\/07\/11\/opravdu-muzete-mit-kolo-jako-profici-na-tour-de-france\/\",\"url\":\"https:\/\/www.welovecycling.com\/cs\/2025\/07\/11\/opravdu-muzete-mit-kolo-jako-profici-na-tour-de-france\/\",\"name\":\"Opravdu m\u016f\u017eete m\u00edt kolo jako prof\u00edci na Tour de France? | \u0160koda We Love Cycling - \u010cesk\u00e1 republika\",\"isPartOf\":{\"@id\":\"https:\/\/www.welovecycling.com\/cs\/#website\"},\"primaryImageOfPage\":{\"@id\":\"https:\/\/www.welovecycling.com\/cs\/2025\/07\/11\/opravdu-muzete-mit-kolo-jako-profici-na-tour-de-france\/#primaryimage\"},\"image\":{\"@id\":\"https:\/\/www.welovecycling.com\/cs\/2025\/07\/11\/opravdu-muzete-mit-kolo-jako-profici-na-tour-de-france\/#primaryimage\"},\"thumbnailUrl\":\"https:\/\/d2p6e6u75xmxt8.cloudfront.net\/13\/2025\/07\/SI202506300613-scaled.webp\",\"datePublished\":\"2025-07-11T04:00:27+00:00\",\"author\":{\"@id\":\"https:\/\/www.welovecycling.com\/cs\/#\/schema\/person\/d9eeb0a378f3a7e4a6d12d2b536b04b8\"},\"description\":\"V\u00e1bni\u010dka pro toho, komu d\u011bl\u00e1 radost \u0161pi\u010dkov\u00fd materi\u00e1l. V\u00e1\u017en\u011b m\u016f\u017eeme p\u0159ij\u00edt do obchodu a koupit si kolo, na n\u011bm\u017e jezd\u00ed Poga\u010dar nebo Vingegaard?\",\"inLanguage\":\"cs\",\"potentialAction\":[{\"@type\":\"ReadAction\",\"target\":[\"https:\/\/www.welovecycling.com\/cs\/2025\/07\/11\/opravdu-muzete-mit-kolo-jako-profici-na-tour-de-france\/\"]}]},{\"@type\":\"ImageObject\",\"inLanguage\":\"cs\",\"@id\":\"https:\/\/www.welovecycling.com\/cs\/2025\/07\/11\/opravdu-muzete-mit-kolo-jako-profici-na-tour-de-france\/#primaryimage\",\"url\":\"https:\/\/d2p6e6u75xmxt8.cloudfront.net\/13\/2025\/07\/SI202506300613-scaled.webp\",\"contentUrl\":\"https:\/\/d2p6e6u75xmxt8.cloudfront.net\/13\/2025\/07\/SI202506300613-scaled.webp\",\"width\":2560,\"height\":1689,\"caption\":\"Kolo sestavy Red Bull Bora nansgrohe. Foto: Red Bull\"},{\"@type\":\"WebSite\",\"@id\":\"https:\/\/www.welovecycling.com\/cs\/#website\",\"url\":\"https:\/\/www.welovecycling.com\/cs\/\",\"name\":\"\u0160koda We Love Cycling - \u010cesk\u00e1 republika\",\"description\":\"WeLoveCycling.cz je online magaz\u00edn, kter\u00fd v\u00e1m pravideln\u011b p\u0159in\u00e1\u0161\u00ed rady a tipy, zaj\u00edmav\u00e9 \u010dl\u00e1nky, videa a jedine\u010dn\u00e9 report\u00e1\u017ee ze sv\u011bta cyklistiky.\",\"potentialAction\":[{\"@type\":\"SearchAction\",\"target\":{\"@type\":\"EntryPoint\",\"urlTemplate\":\"https:\/\/www.welovecycling.com\/cs\/?s={search_term_string}\"},\"query-input\":{\"@type\":\"PropertyValueSpecification\",\"valueRequired\":true,\"valueName\":\"search_term_string\"}}],\"inLanguage\":\"cs\"},{\"@type\":\"Person\",\"@id\":\"https:\/\/www.welovecycling.com\/cs\/#\/schema\/person\/d9eeb0a378f3a7e4a6d12d2b536b04b8\",\"name\":\"radekmalina\",\"image\":{\"@type\":\"ImageObject\",\"inLanguage\":\"cs\",\"@id\":\"https:\/\/www.welovecycling.com\/cs\/#\/schema\/person\/image\/\",\"url\":\"https:\/\/secure.gravatar.com\/avatar\/66994b632cb8c39a46b9f54afa3ae07201b678d32a54275b6f1c9ffec356bfc0?s=96&d=mm&r=g\",\"contentUrl\":\"https:\/\/secure.gravatar.com\/avatar\/66994b632cb8c39a46b9f54afa3ae07201b678d32a54275b6f1c9ffec356bfc0?s=96&d=mm&r=g\",\"caption\":\"radekmalina\"},\"url\":\"https:\/\/www.welovecycling.com\/cs\/author\/radekmalina\/\"}]}<\/script>\n<!-- \/ Yoast SEO Premium plugin. -->","yoast_head_json":{"title":"Opravdu m\u016f\u017eete m\u00edt kolo jako prof\u00edci na Tour de France? | \u0160koda We Love Cycling - \u010cesk\u00e1 republika","description":"V\u00e1bni\u010dka pro toho, komu d\u011bl\u00e1 radost \u0161pi\u010dkov\u00fd materi\u00e1l. V\u00e1\u017en\u011b m\u016f\u017eeme p\u0159ij\u00edt do obchodu a koupit si kolo, na n\u011bm\u017e jezd\u00ed Poga\u010dar nebo Vingegaard?","robots":{"index":"index","follow":"follow","max-snippet":"max-snippet:-1","max-image-preview":"max-image-preview:large","max-video-preview":"max-video-preview:-1"},"canonical":"https:\/\/www.welovecycling.com\/cs\/2025\/07\/11\/opravdu-muzete-mit-kolo-jako-profici-na-tour-de-france\/","og_locale":"cs_CZ","og_type":"article","og_title":"Opravdu m\u016f\u017eete m\u00edt kolo jako prof\u00edci na Tour de France?","og_description":"V\u00e1bni\u010dka pro toho, komu d\u011bl\u00e1 radost \u0161pi\u010dkov\u00fd materi\u00e1l. V\u00e1\u017en\u011b m\u016f\u017eeme p\u0159ij\u00edt do obchodu a koupit si kolo, na n\u011bm\u017e jezd\u00ed Poga\u010dar nebo Vingegaard?","og_url":"https:\/\/www.welovecycling.com\/cs\/2025\/07\/11\/opravdu-muzete-mit-kolo-jako-profici-na-tour-de-france\/","og_site_name":"\u0160koda We Love Cycling - \u010cesk\u00e1 republika","article_published_time":"2025-07-11T04:00:27+00:00","og_image":[{"width":2560,"height":1689,"url":"https:\/\/d2p6e6u75xmxt8.cloudfront.net\/13\/2025\/07\/SI202506300613-scaled.webp","type":"image\/webp"}],"author":"radekmalina","twitter_card":"summary_large_image","twitter_misc":{"Written by":"We Love Cycling","Est. reading time":"5"},"schema":{"@context":"https:\/\/schema.org","@graph":[{"@type":"WebPage","@id":"https:\/\/www.welovecycling.com\/cs\/2025\/07\/11\/opravdu-muzete-mit-kolo-jako-profici-na-tour-de-france\/","url":"https:\/\/www.welovecycling.com\/cs\/2025\/07\/11\/opravdu-muzete-mit-kolo-jako-profici-na-tour-de-france\/","name":"Opravdu m\u016f\u017eete m\u00edt kolo jako prof\u00edci na Tour de France? | \u0160koda We Love Cycling - \u010cesk\u00e1 republika","isPartOf":{"@id":"https:\/\/www.welovecycling.com\/cs\/#website"},"primaryImageOfPage":{"@id":"https:\/\/www.welovecycling.com\/cs\/2025\/07\/11\/opravdu-muzete-mit-kolo-jako-profici-na-tour-de-france\/#primaryimage"},"image":{"@id":"https:\/\/www.welovecycling.com\/cs\/2025\/07\/11\/opravdu-muzete-mit-kolo-jako-profici-na-tour-de-france\/#primaryimage"},"thumbnailUrl":"https:\/\/d2p6e6u75xmxt8.cloudfront.net\/13\/2025\/07\/SI202506300613-scaled.webp","datePublished":"2025-07-11T04:00:27+00:00","author":{"@id":"https:\/\/www.welovecycling.com\/cs\/#\/schema\/person\/d9eeb0a378f3a7e4a6d12d2b536b04b8"},"description":"V\u00e1bni\u010dka pro toho, komu d\u011bl\u00e1 radost \u0161pi\u010dkov\u00fd materi\u00e1l. V\u00e1\u017en\u011b m\u016f\u017eeme p\u0159ij\u00edt do obchodu a koupit si kolo, na n\u011bm\u017e jezd\u00ed Poga\u010dar nebo Vingegaard?","inLanguage":"cs","potentialAction":[{"@type":"ReadAction","target":["https:\/\/www.welovecycling.com\/cs\/2025\/07\/11\/opravdu-muzete-mit-kolo-jako-profici-na-tour-de-france\/"]}]},{"@type":"ImageObject","inLanguage":"cs","@id":"https:\/\/www.welovecycling.com\/cs\/2025\/07\/11\/opravdu-muzete-mit-kolo-jako-profici-na-tour-de-france\/#primaryimage","url":"https:\/\/d2p6e6u75xmxt8.cloudfront.net\/13\/2025\/07\/SI202506300613-scaled.webp","contentUrl":"https:\/\/d2p6e6u75xmxt8.cloudfront.net\/13\/2025\/07\/SI202506300613-scaled.webp","width":2560,"height":1689,"caption":"Kolo sestavy Red Bull Bora nansgrohe. Foto: Red Bull"},{"@type":"WebSite","@id":"https:\/\/www.welovecycling.com\/cs\/#website","url":"https:\/\/www.welovecycling.com\/cs\/","name":"\u0160koda We Love Cycling - \u010cesk\u00e1 republika","description":"WeLoveCycling.cz je online magaz\u00edn, kter\u00fd v\u00e1m pravideln\u011b p\u0159in\u00e1\u0161\u00ed rady a tipy, zaj\u00edmav\u00e9 \u010dl\u00e1nky, videa a jedine\u010dn\u00e9 report\u00e1\u017ee ze sv\u011bta cyklistiky.","potentialAction":[{"@type":"SearchAction","target":{"@type":"EntryPoint","urlTemplate":"https:\/\/www.welovecycling.com\/cs\/?s={search_term_string}"},"query-input":{"@type":"PropertyValueSpecification","valueRequired":true,"valueName":"search_term_string"}}],"inLanguage":"cs"},{"@type":"Person","@id":"https:\/\/www.welovecycling.com\/cs\/#\/schema\/person\/d9eeb0a378f3a7e4a6d12d2b536b04b8","name":"radekmalina","image":{"@type":"ImageObject","inLanguage":"cs","@id":"https:\/\/www.welovecycling.com\/cs\/#\/schema\/person\/image\/","url":"https:\/\/secure.gravatar.com\/avatar\/66994b632cb8c39a46b9f54afa3ae07201b678d32a54275b6f1c9ffec356bfc0?s=96&d=mm&r=g","contentUrl":"https:\/\/secure.gravatar.com\/avatar\/66994b632cb8c39a46b9f54afa3ae07201b678d32a54275b6f1c9ffec356bfc0?s=96&d=mm&r=g","caption":"radekmalina"},"url":"https:\/\/www.welovecycling.com\/cs\/author\/radekmalina\/"}]}},"_links":{"self":[{"href":"https:\/\/www.welovecycling.com\/cs\/wp-json\/wp\/v2\/posts\/29903","targetHints":{"allow":["GET"]}}],"collection":[{"href":"https:\/\/www.welovecycling.com\/cs\/wp-json\/wp\/v2\/posts"}],"about":[{"href":"https:\/\/www.welovecycling.com\/cs\/wp-json\/wp\/v2\/types\/post"}],"author":[{"embeddable":true,"href":"https:\/\/www.welovecycling.com\/cs\/wp-json\/wp\/v2\/users\/138"}],"replies":[{"embeddable":true,"href":"https:\/\/www.welovecycling.com\/cs\/wp-json\/wp\/v2\/comments?post=29903"}],"version-history":[{"count":4,"href":"https:\/\/www.welovecycling.com\/cs\/wp-json\/wp\/v2\/posts\/29903\/revisions"}],"predecessor-version":[{"id":29932,"href":"https:\/\/www.welovecycling.com\/cs\/wp-json\/wp\/v2\/posts\/29903\/revisions\/29932"}],"wp:featuredmedia":[{"embeddable":true,"href":"https:\/\/www.welovecycling.com\/cs\/wp-json\/wp\/v2\/media\/29781"}],"wp:attachment":[{"href":"https:\/\/www.welovecycling.com\/cs\/wp-json\/wp\/v2\/media?parent=29903"}],"wp:term":[{"taxonomy":"category","embeddable":true,"href":"https:\/\/www.welovecycling.com\/cs\/wp-json\/wp\/v2\/categories?post=29903"},{"taxonomy":"post_tag","embeddable":true,"href":"https:\/\/www.welovecycling.com\/cs\/wp-json\/wp\/v2\/tags?post=29903"},{"taxonomy":"global-categories","embeddable":true,"href":"https:\/\/www.welovecycling.com\/cs\/wp-json\/wp\/v2\/global-categories?post=29903"}],"curies":[{"name":"wp","href":"https:\/\/api.w.org\/{rel}","templated":true}]}}