{"id":29808,"date":"2025-07-05T19:33:48","date_gmt":"2025-07-05T17:33:48","guid":{"rendered":"https:\/\/www.welovecycling.com\/cs\/?p=29808"},"modified":"2025-07-05T22:20:03","modified_gmt":"2025-07-05T20:20:03","slug":"jasper-philipsen-zluty-kral-chaosu","status":"publish","type":"post","link":"https:\/\/www.welovecycling.com\/cs\/2025\/07\/05\/jasper-philipsen-zluty-kral-chaosu\/","title":{"rendered":"Jasper Philipsen: \u017elut\u00fd kr\u00e1l chaosu!"},"content":{"rendered":"<p><strong>Jasper Philipsen vy\u0161el jako kr\u00e1l z chaosu \u00favodn\u00ed etapy Tour de France 2025. Na trase kolem Lille na severu Francie nebyl jedin\u00fd t\u011b\u017ek\u00fd kopec, zato se siln\u00fdm a zr\u00e1dn\u00fdm v\u011btrem se peloton pot\u00fdkal od startu. Opakovan\u00e9 \u00fatoky p\u016fsobily tot\u00e1ln\u00ed paniku v pelotonu, mnoho p\u00e1d\u016f vyb\u00edraj\u00edc\u00edch si da\u0148 v podob\u011b odstoupen\u00ed. A sedmadvacetilet\u00fd Belgi\u010dan ze zna\u010dn\u011b pro\u0159\u00eddl\u00e9 skupiny vyhr\u00e1l sprint, na jeho\u017e v\u00edt\u011bze \u010dekal i \u017elut\u00fd trikot l\u00eddra cel\u00e9ho z\u00e1vodu!<\/strong><\/p>\n<p>&#8222;Od startu byla v bal\u00edku d\u011bsn\u00e1 nervozita. Kdy\u017e zb\u00fdvalo sto dvacet kilometr\u016f, v\u0161echno nabralo na intenzit\u011b a nepolevovalo. Ale m\u016fj t\u00fdm byl naprosto fam\u00f3zn\u00ed. Po\u0159\u00e1d jsme byli na \u0161pici, p\u0159esto\u017ee jsme vlastn\u011b cel\u00fd den bojovali o pozice. Moje v\u00fdhra p\u0159edstavuje hlavn\u011b v\u00edt\u011bzstv\u00ed t\u00fdmu,&#8220; vychvaloval par\u0165\u00e1ky Jasper Philipsen, kdy\u017e protnul c\u00edl v Lille a nev\u011b\u0159\u00edcn\u011b si zakryl obli\u010dej rukama. Jakoby ani nemohl uv\u011b\u0159it&#8230;<\/p>\n<h2><strong>Jasper Philipsen slav\u00ed des\u00e1t\u00fd triumf na Tour<\/strong><\/h2>\n<p>Vyhr\u00e1l des\u00e1tou etapu kari\u00e9ry na Tour de France. Poprv\u00e9 slavil v l\u00e9t\u011b 2022, kdy byl nejrychlej\u0161\u00ed dvakr\u00e1t. O rok pozd\u011bji p\u0159idal \u010dty\u0159i triumfy a jako bonus zelen\u00fd dres \u0160koda Auto pro absolutn\u00edho v\u00edt\u011bze bodovac\u00ed sout\u011b\u017ee. V sezon\u011b 2024 m\u011bl t\u0159i v\u00edt\u011bzstv\u00ed. Do leto\u0161n\u00edho ro\u010dn\u00edku Tour de France vstoupil Jasper Philipsen suver\u00e9nn\u011b. A jako \u010dty\u0159iasedmdes\u00e1t\u00fd Belgi\u010dan v historii pojede etapu ve \u017elut\u00e9 trikotu l\u00eddra nejpresti\u017en\u011bj\u0161\u00edho z\u00e1vodu planety.<\/p>\n<p>&#8222;Samoz\u0159ejm\u011b jsem v\u011bd\u011bl, co je ve h\u0159e. Jednalo se o jedine\u010dnou p\u0159\u00edle\u017eitost a dok\u00e1zali jsme ji vyu\u017e\u00edt. M\u011bl jsem dobr\u00e9 nohy. A davy div\u00e1k\u016f v posledn\u00edch dvou kilometrech mi dodali extra energii. Doslova mi nah\u00e1n\u011blo hus\u00ed k\u016f\u017ei, kolik fanou\u0161k\u016f se se\u0161lo v dojezdu pod\u00e9l trati,&#8220; vypr\u00e1v\u011bl Jasper Philipsen, kdy\u017e \u010dekal na slavnostn\u00ed ceremoni\u00e1l. Na podiu p\u0159evzal nejen \u017elut\u00fd trikot pro l\u00eddra z\u00e1vodu, ale i zelen\u00fd dres pro vedouc\u00edho mu\u017ee bodovac\u00ed sout\u011b\u017ee. &#8222;V minulosti jsem m\u011bl u\u017e zelen\u00fd dres, ale \u017elut\u00fd, to je sen. Prost\u011b \u00fa\u017easn\u00fd okam\u017eik. \u010clov\u011bku dod\u00e1v\u00e1 sebev\u011bdom\u00ed. Nav\u00edc jde o m\u00e9 des\u00e1t\u00e9 v\u00edt\u011bzstv\u00ed z Tour, kter\u00e9 se st\u00e1v\u00e1 nezapomenuteln\u00fdm,&#8220; culil se Jasper Philipsen po \u010dty\u0159iapades\u00e1t\u00e9m v\u00edt\u011bzstv\u00ed kari\u00e9ry.<\/p>\n<figure id=\"attachment_29809\" aria-describedby=\"caption-attachment-29809\" style=\"width: 1800px\" class=\"wp-caption alignnone\"><a href=\"https:\/\/d2p6e6u75xmxt8.cloudfront.net\/13\/2025\/07\/profimedia-1018959844.webp\"><img loading=\"lazy\" decoding=\"async\" class=\"size-full wp-image-29809\" src=\"https:\/\/d2p6e6u75xmxt8.cloudfront.net\/13\/2025\/07\/profimedia-1018959844.webp\" alt=\"\" width=\"1800\" height=\"1200\" srcset=\"https:\/\/d2p6e6u75xmxt8.cloudfront.net\/13\/2025\/07\/profimedia-1018959844.webp 1800w, https:\/\/d2p6e6u75xmxt8.cloudfront.net\/13\/2025\/07\/profimedia-1018959844-300x200.webp 300w, https:\/\/d2p6e6u75xmxt8.cloudfront.net\/13\/2025\/07\/profimedia-1018959844-1024x683.webp 1024w, https:\/\/d2p6e6u75xmxt8.cloudfront.net\/13\/2025\/07\/profimedia-1018959844-768x512.webp 768w, https:\/\/d2p6e6u75xmxt8.cloudfront.net\/13\/2025\/07\/profimedia-1018959844-1536x1024.webp 1536w, https:\/\/d2p6e6u75xmxt8.cloudfront.net\/13\/2025\/07\/profimedia-1018959844-400x267.webp 400w, https:\/\/d2p6e6u75xmxt8.cloudfront.net\/13\/2025\/07\/profimedia-1018959844-272x182.webp 272w\" sizes=\"auto, (max-width: 1800px) 100vw, 1800px\" \/><\/a><figcaption id=\"caption-attachment-29809\" class=\"wp-caption-text\">Jasper Philipsen vyhr\u00e1l \u00favodn\u00ed etapu Tour de France 2025. Je rovn\u011b\u017e v \u010dele bodovac\u00ed sout\u011b\u017ee \u0160koda Auto.<\/figcaption><\/figure>\n<p>Jeho t\u00fdm odvedl ve fini\u0161i perfektn\u00ed pr\u00e1ci. Jasper Philipsen m\u011bl k dispozici \u010dty\u0159i t\u00fdmov\u00e9 kolegy, kte\u0159\u00ed mu p\u0159ipravili dokonalou pozici. &#8222;Cht\u011bli jsme \u017elut\u00fd dres pro Jaspera. Od za\u010d\u00e1tku jsme m\u011bli jedin\u00fd pl\u00e1n a dr\u017eeli jsme se ho cel\u00fd den,&#8220; usm\u00e1l se Mathieu van der Poel, t\u00fdmov\u00fd kolega z Alpecin Deceuninck.<\/p>\n<h2><strong>Visma rozd\u011blila peloton<\/strong><\/h2>\n<p>Belgick\u00e1 sestava m\u011bla pozici zna\u010dn\u011b uleh\u010denou, proto\u017ee do fini\u0161e p\u0159ijela skupina \u010d\u00edtaj\u00edc\u00ed jen t\u0159iat\u0159icet z\u00e1vodn\u00edk\u016f. Od za\u010d\u00e1tku dne peloton tr\u00e1pil velmi intenzivn\u00ed v\u00edtr. Opakovan\u011b se tvo\u0159ily na v\u011btru skupiny, kter\u00e9 se n\u00e1sledn\u011b slu\u010dovaly. Doch\u00e1zelo k p\u00e1d\u016fm, jejich\u017e ob\u011bt\u00ed byl mimo jin\u00fdch \u010dasovk\u00e1\u0159sk\u00fd specialista Filippo Ganna z Ineos Grenadiers. Italsk\u00fd hromotluk byl prvn\u00ed odstoupiv\u0161\u00edm z Tour de France 2025. Hned prvn\u00ed den nedokon\u010dil ani Stefan Bissegger z Decathlon AG2R LaMondiale.<\/p>\n<div class=\"shortcode-ys-post-pinup\"><article class=\"loop-simple post-29711 post type-post status-publish format-standard has-post-thumbnail hentry category-tour-de-france tag-biniam-girmay tag-bodovaci-soutez tag-cyklistika tag-jasper-philipsen tag-jonathan-milan tag-pavel-bittner tag-silnicni-cyklistika tag-tim-merlier tag-tour-de-france tag-tour-de-france-2025 tag-wout-van-aert tag-zeleny-trikot global-categories-cycling\" data-postid=\"29711\" role=\"article\" data-post-id=\"29711\" data-word-count=\"647\" data-headline-length=\"74\" data-category=\"Tour de France\" data-global-category=\"Cycling\" data-author=\"We Love Cycling\" data-published=\"2025-07-01T04:00:19+02:00\" data-published-day=\"Tuesday\">\n    <div class=\"entry-thumbnail article-thumbnail\" content=\"https:\/\/d2p6e6u75xmxt8.cloudfront.net\/13\/2024\/07\/20240710TDF0033-A.S.O.-Billy-Ceusters-1-150x150.webp\"><a href=\"https:\/\/www.welovecycling.com\/cs\/2025\/07\/01\/sprinteri-maji-zlutou-vabnicku-favorite-zeleneho-trikotu-tour\/\" class=\"image-holder\" target=\"_self\"><img decoding=\"async\" loading=\"lazy\" class=\"\" src=\"https:\/\/d2p6e6u75xmxt8.cloudfront.net\/13\/2024\/07\/20240710TDF0033-A.S.O.-Billy-Ceusters-1-1024x683.webp\" srcset=\"https:\/\/d2p6e6u75xmxt8.cloudfront.net\/13\/2024\/07\/20240710TDF0033-A.S.O.-Billy-Ceusters-1-scaled.webp 2560w, https:\/\/d2p6e6u75xmxt8.cloudfront.net\/13\/2024\/07\/20240710TDF0033-A.S.O.-Billy-Ceusters-1-300x200.webp 300w, https:\/\/d2p6e6u75xmxt8.cloudfront.net\/13\/2024\/07\/20240710TDF0033-A.S.O.-Billy-Ceusters-1-1024x683.webp 1024w, https:\/\/d2p6e6u75xmxt8.cloudfront.net\/13\/2024\/07\/20240710TDF0033-A.S.O.-Billy-Ceusters-1-768x512.webp 768w, https:\/\/d2p6e6u75xmxt8.cloudfront.net\/13\/2024\/07\/20240710TDF0033-A.S.O.-Billy-Ceusters-1-1536x1025.webp 1536w, https:\/\/d2p6e6u75xmxt8.cloudfront.net\/13\/2024\/07\/20240710TDF0033-A.S.O.-Billy-Ceusters-1-2048x1366.webp 2048w, https:\/\/d2p6e6u75xmxt8.cloudfront.net\/13\/2024\/07\/20240710TDF0033-A.S.O.-Billy-Ceusters-1-1920x1281.webp 1920w, https:\/\/d2p6e6u75xmxt8.cloudfront.net\/13\/2024\/07\/20240710TDF0033-A.S.O.-Billy-Ceusters-1-400x267.webp 400w, https:\/\/d2p6e6u75xmxt8.cloudfront.net\/13\/2024\/07\/20240710TDF0033-A.S.O.-Billy-Ceusters-1-272x182.webp 272w, https:\/\/d2p6e6u75xmxt8.cloudfront.net\/13\/2024\/07\/20240710TDF0033-A.S.O.-Billy-Ceusters-1-1920x1281.webp 1920w\" width=\"1024\" height=\"683\" sizes=\"auto, (min-width: 1200px) 300px, (min-width: 768px) 25vw, 100vw\" alt=\"sprinteri-maji-zlutou-vabnicku-favorite-zeleneho-trikotu-tour\"\/><\/a><\/div>    <div class=\"entry-meta\">\n        <a class=\"label label-secondary post-category\" href=\"https:\/\/www.welovecycling.com\/cs\/category\/tour-de-france\/\" title=\"Tour de France\">Tour de France<\/a>\n    <\/div>\n    <div class=\"entry-details\">\n        <a href=\"https:\/\/www.welovecycling.com\/cs\/2025\/07\/01\/sprinteri-maji-zlutou-vabnicku-favorite-zeleneho-trikotu-tour\/\" class='entry-title-wrapper'>\n            <h3 class=\"entry-title\"><span>Sprinte\u0159i maj\u00ed \u017elutou v\u00e1bni\u010dku! Favorit\u00e9 zelen\u00e9ho trikotu Tour 2025<\/span><\/h3>\n        <\/a>\n    <\/div>\n    <\/article>\n<\/div>\n<p>Kdy\u017e do c\u00edle zb\u00fdvalo patn\u00e1ct kilometr\u016f, na \u010dele pelotonu rozpoutala peklo st\u00e1j Visma Lease a Bike. &#8222;V\u0161ichni si mysleli, \u017ee u\u017e je stresu konec a bude se \u010dekat na spurt. Ale na \u010delo najela Visma a intenzivn\u011b drtila tempo,&#8220; popsal kl\u00ed\u010dov\u00fd okam\u017eik Mathieu van der Poel.<\/p>\n<h2><strong>V\u011bt\u0161ina favorit\u016f na v\u011btru ztratila<\/strong><\/h2>\n<p>Z favorit\u016f na celkov\u00e9 po\u0159ad\u00ed byli v prvn\u00ed skupin\u011b jen Tadej Poga\u010dar (UAE Emirates XRG), Jonas Vingegaard (Visma Lease a Bike), Enric Mas (Movistar), Metteo Jorgenson (Visma Lease a Bike) a Kevin Vauquelin (Arkea). T\u0159et\u00ed mu\u017e minul\u00e9ho ro\u010dn\u00edku Remco Evenepoel ze Soudal Quick Step ztratil 39 sekund. Stejn\u011b jako Carlos Rodriguez (Ineos Grenadiers), Primo\u017e Rogli\u010d, Florian Lipowitz (oba Red Bull Bora Hansgrohe) \u010di Felix Gall (Decathlon AG2R LaMondiale). Ben O&#8217;Connor (Jayco AlUla) sice byl v prvn\u00ed skupin\u011b, jen\u017ee drsn\u00fd p\u00e1d t\u0159i kilometry p\u0159ed c\u00edlem zp\u016fsobil, \u017ee nakonec ztratil 5:27 minuty. A Lenny Martinez (Bahrain Victorious) se cel\u00fdm dnem protr\u00e1pil, dojel se sb\u011brn\u00fdm vozem v z\u00e1dech a manko 9:11 minuty jej ze z\u00e1vodu prakticky vy\u0159adilo.<\/p>\n<figure id=\"attachment_29811\" aria-describedby=\"caption-attachment-29811\" style=\"width: 1800px\" class=\"wp-caption alignnone\"><a href=\"https:\/\/d2p6e6u75xmxt8.cloudfront.net\/13\/2025\/07\/profimedia-1018960275.webp\"><img loading=\"lazy\" decoding=\"async\" class=\"size-full wp-image-29811\" src=\"https:\/\/d2p6e6u75xmxt8.cloudfront.net\/13\/2025\/07\/profimedia-1018960275.webp\" alt=\"\" width=\"1800\" height=\"1199\" srcset=\"https:\/\/d2p6e6u75xmxt8.cloudfront.net\/13\/2025\/07\/profimedia-1018960275.webp 1800w, https:\/\/d2p6e6u75xmxt8.cloudfront.net\/13\/2025\/07\/profimedia-1018960275-300x200.webp 300w, https:\/\/d2p6e6u75xmxt8.cloudfront.net\/13\/2025\/07\/profimedia-1018960275-1024x682.webp 1024w, https:\/\/d2p6e6u75xmxt8.cloudfront.net\/13\/2025\/07\/profimedia-1018960275-768x512.webp 768w, https:\/\/d2p6e6u75xmxt8.cloudfront.net\/13\/2025\/07\/profimedia-1018960275-1536x1023.webp 1536w, https:\/\/d2p6e6u75xmxt8.cloudfront.net\/13\/2025\/07\/profimedia-1018960275-400x266.webp 400w, https:\/\/d2p6e6u75xmxt8.cloudfront.net\/13\/2025\/07\/profimedia-1018960275-272x182.webp 272w\" sizes=\"auto, (max-width: 1800px) 100vw, 1800px\" \/><\/a><figcaption id=\"caption-attachment-29811\" class=\"wp-caption-text\"><em>Jasper Philipsen ve spurtu 1. etapy Tour de France 2025 porazil Biniama Girmaye. Foto: profimedia (3x)<\/em><\/figcaption><\/figure>\n<p>&#8222;Chaos a tot\u00e1ln\u00ed stres od startu. A rozhoduj\u00edc\u00ed okam\u017eik? Na chvili\u010dku jsem tak tro\u0161ku usnul. A kdy\u017e jsem m\u011bl jet, tak jsem nejel. Byl jsem jen div\u00e1kem. P\u0159itom mi bylo jasn\u00e9, \u017ee n\u011bco p\u0159ijde. Kdy\u017e si uv\u011bdom\u00edm, \u017ee jsem v profesion\u00e1ln\u00edm pelotonu devaten\u00e1ctou sezonu, mohl bych si takov\u00e9 chyby odpustit,&#8220; st\u00fdskal si Geraint Thomas ze sestavy Ineos Grenadiers, jemu\u017e Jasper Philipsen respektive prvn\u00ed skupina nad\u011blila rovn\u011b\u017e dev\u011btat\u0159icet sekund.<\/p>\n<p>Stejn\u00e9 manko m\u011bl i Pavel Bittner ze sestavy Picnic PostNL, kter\u00fd byl klasifikovan\u00fd jako t\u0159ia\u010dty\u0159ic\u00e1t\u00fd. Sice otestoval nohy spurtem proti Milanovi \u010di Coquardovi, ale <a href=\"https:\/\/www.welovecycling.com\/cs\/2023\/07\/13\/jasper-philipsen-mistr-pohromy-pari-strilecky-s-van-der-poelem-na-tour-de-france-vydelal-uz-pres-milion\/\">Jasper Philipsen<\/a> u\u017e tou dobou p\u0159ij\u00edmal gratulace k v\u00edt\u011bzstv\u00ed. &#8222;Stra\u0161n\u011b nerv\u00f3zn\u00ed etapa. Byl to boj o ka\u017edou zat\u00e1\u010dku, o ka\u017ed\u00fd kruh\u00e1\u010d. Po\u0159\u00e1d jsem si p\u0159ipadal jako ve spurtu. Nec\u00edtil jsem se nejl\u00e9pe,&#8220; hodnotil dvaadvacetilet\u00fd debutant a jedin\u00fd \u010cech na Tour de France.<\/p>\n","protected":false},"excerpt":{"rendered":"<p>Jasper Philipsen vy\u0161el jako kr\u00e1l z chaosu \u00favodn\u00ed etapy Tour de France 2025. Na trase kolem Lille na severu Francie [&hellip;]<\/p>\n","protected":false},"author":138,"featured_media":29810,"comment_status":"open","ping_status":"open","sticky":false,"template":"","format":"standard","meta":{"footnotes":""},"categories":[1711],"tags":[126,2985,9,23,3843,1720],"global-categories":[411],"class_list":["post-29808","post","type-post","status-publish","format-standard","has-post-thumbnail","hentry","category-tour-de-france","tag-cyklistika","tag-jasper-philipsen","tag-silnicni-cyklistika","tag-tour-de-france","tag-tour-de-france-2025","tag-zluty-dres","global-categories-cycling"],"yoast_head":"<!-- This site is optimized with the Yoast SEO Premium plugin v25.3 (Yoast SEO v25.9) - https:\/\/yoast.com\/wordpress\/plugins\/seo\/ -->\n<title>Jasper Philipsen: \u017elut\u00fd kr\u00e1l chaosu! | \u0160koda We Love Cycling - \u010cesk\u00e1 republika<\/title>\n<meta name=\"description\" content=\"Jasper Philipsen vy\u0161el jako kr\u00e1l z chaosu \u00favodn\u00ed etapy Tour de France 2025. Na trase kolem Lille na severu Francie nebyl jedin\u00fd t\u011b\u017ek\u00fd kopec, zato se siln\u00fdm a zr\u00e1dn\u00fdm v\u011btrem se peloton pot\u00fdkal od startu. Opakovan\u00e9 \u00fatoky p\u016fsobily tot\u00e1ln\u00ed paniku v pelotonu, mnoho p\u00e1d\u016f vyb\u00edraj\u00edc\u00edch si da\u0148 v podob\u011b odstoupen\u00ed. A sedmadvacetilet\u00fd Belgi\u010dan ze zna\u010dn\u011b pro\u0159\u00eddl\u00e9 skupiny vyhr\u00e1l sprint, na jeho\u017e v\u00edt\u011bze \u010dekal i \u017elut\u00fd trikot l\u00eddra cel\u00e9ho z\u00e1vodu!\" \/>\n<meta name=\"robots\" content=\"index, follow, max-snippet:-1, max-image-preview:large, max-video-preview:-1\" \/>\n<link rel=\"canonical\" href=\"https:\/\/www.welovecycling.com\/cs\/2025\/07\/05\/jasper-philipsen-zluty-kral-chaosu\/\" \/>\n<meta property=\"og:locale\" content=\"cs_CZ\" \/>\n<meta property=\"og:type\" content=\"article\" \/>\n<meta property=\"og:title\" content=\"Jasper Philipsen: \u017elut\u00fd kr\u00e1l chaosu!\" \/>\n<meta property=\"og:description\" content=\"Jasper Philipsen vy\u0161el jako kr\u00e1l z chaosu \u00favodn\u00ed etapy Tour de France 2025. Na trase kolem Lille na severu Francie nebyl jedin\u00fd t\u011b\u017ek\u00fd kopec, zato se siln\u00fdm a zr\u00e1dn\u00fdm v\u011btrem se peloton pot\u00fdkal od startu. Opakovan\u00e9 \u00fatoky p\u016fsobily tot\u00e1ln\u00ed paniku v pelotonu, mnoho p\u00e1d\u016f vyb\u00edraj\u00edc\u00edch si da\u0148 v podob\u011b odstoupen\u00ed. A sedmadvacetilet\u00fd Belgi\u010dan ze zna\u010dn\u011b pro\u0159\u00eddl\u00e9 skupiny vyhr\u00e1l sprint, na jeho\u017e v\u00edt\u011bze \u010dekal i \u017elut\u00fd trikot l\u00eddra cel\u00e9ho z\u00e1vodu!\" \/>\n<meta property=\"og:url\" content=\"https:\/\/www.welovecycling.com\/cs\/2025\/07\/05\/jasper-philipsen-zluty-kral-chaosu\/\" \/>\n<meta property=\"og:site_name\" content=\"\u0160koda We Love Cycling - \u010cesk\u00e1 republika\" \/>\n<meta property=\"article:published_time\" content=\"2025-07-05T17:33:48+00:00\" \/>\n<meta property=\"article:modified_time\" content=\"2025-07-05T20:20:03+00:00\" \/>\n<meta property=\"og:image\" content=\"https:\/\/d2p6e6u75xmxt8.cloudfront.net\/13\/2025\/07\/profimedia-1018958867.webp\" \/>\n\t<meta property=\"og:image:width\" content=\"1800\" \/>\n\t<meta property=\"og:image:height\" content=\"1196\" \/>\n\t<meta property=\"og:image:type\" content=\"image\/webp\" \/>\n<meta name=\"author\" content=\"radekmalina\" \/>\n<meta name=\"twitter:card\" content=\"summary_large_image\" \/>\n<meta name=\"twitter:label1\" content=\"Written by\" \/>\n\t<meta name=\"twitter:data1\" content=\"We Love Cycling\" \/>\n\t<meta name=\"twitter:label2\" content=\"Est. reading time\" \/>\n\t<meta name=\"twitter:data2\" content=\"5\" \/>\n<script type=\"application\/ld+json\" class=\"yoast-schema-graph\">{\"@context\":\"https:\/\/schema.org\",\"@graph\":[{\"@type\":\"WebPage\",\"@id\":\"https:\/\/www.welovecycling.com\/cs\/2025\/07\/05\/jasper-philipsen-zluty-kral-chaosu\/\",\"url\":\"https:\/\/www.welovecycling.com\/cs\/2025\/07\/05\/jasper-philipsen-zluty-kral-chaosu\/\",\"name\":\"Jasper Philipsen: \u017elut\u00fd kr\u00e1l chaosu! | \u0160koda We Love Cycling - \u010cesk\u00e1 republika\",\"isPartOf\":{\"@id\":\"https:\/\/www.welovecycling.com\/cs\/#website\"},\"primaryImageOfPage\":{\"@id\":\"https:\/\/www.welovecycling.com\/cs\/2025\/07\/05\/jasper-philipsen-zluty-kral-chaosu\/#primaryimage\"},\"image\":{\"@id\":\"https:\/\/www.welovecycling.com\/cs\/2025\/07\/05\/jasper-philipsen-zluty-kral-chaosu\/#primaryimage\"},\"thumbnailUrl\":\"https:\/\/d2p6e6u75xmxt8.cloudfront.net\/13\/2025\/07\/profimedia-1018958867.webp\",\"datePublished\":\"2025-07-05T17:33:48+00:00\",\"dateModified\":\"2025-07-05T20:20:03+00:00\",\"author\":{\"@id\":\"https:\/\/www.welovecycling.com\/cs\/#\/schema\/person\/d9eeb0a378f3a7e4a6d12d2b536b04b8\"},\"description\":\"Jasper Philipsen vy\u0161el jako kr\u00e1l z chaosu \u00favodn\u00ed etapy Tour de France 2025. Na trase kolem Lille na severu Francie nebyl jedin\u00fd t\u011b\u017ek\u00fd kopec, zato se siln\u00fdm a zr\u00e1dn\u00fdm v\u011btrem se peloton pot\u00fdkal od startu. Opakovan\u00e9 \u00fatoky p\u016fsobily tot\u00e1ln\u00ed paniku v pelotonu, mnoho p\u00e1d\u016f vyb\u00edraj\u00edc\u00edch si da\u0148 v podob\u011b odstoupen\u00ed. A sedmadvacetilet\u00fd Belgi\u010dan ze zna\u010dn\u011b pro\u0159\u00eddl\u00e9 skupiny vyhr\u00e1l sprint, na jeho\u017e v\u00edt\u011bze \u010dekal i \u017elut\u00fd trikot l\u00eddra cel\u00e9ho z\u00e1vodu!\",\"inLanguage\":\"cs\",\"potentialAction\":[{\"@type\":\"ReadAction\",\"target\":[\"https:\/\/www.welovecycling.com\/cs\/2025\/07\/05\/jasper-philipsen-zluty-kral-chaosu\/\"]}]},{\"@type\":\"ImageObject\",\"inLanguage\":\"cs\",\"@id\":\"https:\/\/www.welovecycling.com\/cs\/2025\/07\/05\/jasper-philipsen-zluty-kral-chaosu\/#primaryimage\",\"url\":\"https:\/\/d2p6e6u75xmxt8.cloudfront.net\/13\/2025\/07\/profimedia-1018958867.webp\",\"contentUrl\":\"https:\/\/d2p6e6u75xmxt8.cloudfront.net\/13\/2025\/07\/profimedia-1018958867.webp\",\"width\":1800,\"height\":1196,\"caption\":\"Jasper Philipsen vyhr\u00e1l \u00favodn\u00ed etapu Tour de France 2025.\"},{\"@type\":\"WebSite\",\"@id\":\"https:\/\/www.welovecycling.com\/cs\/#website\",\"url\":\"https:\/\/www.welovecycling.com\/cs\/\",\"name\":\"\u0160koda We Love Cycling - \u010cesk\u00e1 republika\",\"description\":\"WeLoveCycling.cz je online magaz\u00edn, kter\u00fd v\u00e1m pravideln\u011b p\u0159in\u00e1\u0161\u00ed rady a tipy, zaj\u00edmav\u00e9 \u010dl\u00e1nky, videa a jedine\u010dn\u00e9 report\u00e1\u017ee ze sv\u011bta cyklistiky.\",\"potentialAction\":[{\"@type\":\"SearchAction\",\"target\":{\"@type\":\"EntryPoint\",\"urlTemplate\":\"https:\/\/www.welovecycling.com\/cs\/?s={search_term_string}\"},\"query-input\":{\"@type\":\"PropertyValueSpecification\",\"valueRequired\":true,\"valueName\":\"search_term_string\"}}],\"inLanguage\":\"cs\"},{\"@type\":\"Person\",\"@id\":\"https:\/\/www.welovecycling.com\/cs\/#\/schema\/person\/d9eeb0a378f3a7e4a6d12d2b536b04b8\",\"name\":\"radekmalina\",\"image\":{\"@type\":\"ImageObject\",\"inLanguage\":\"cs\",\"@id\":\"https:\/\/www.welovecycling.com\/cs\/#\/schema\/person\/image\/\",\"url\":\"https:\/\/secure.gravatar.com\/avatar\/66994b632cb8c39a46b9f54afa3ae07201b678d32a54275b6f1c9ffec356bfc0?s=96&d=mm&r=g\",\"contentUrl\":\"https:\/\/secure.gravatar.com\/avatar\/66994b632cb8c39a46b9f54afa3ae07201b678d32a54275b6f1c9ffec356bfc0?s=96&d=mm&r=g\",\"caption\":\"radekmalina\"},\"url\":\"https:\/\/www.welovecycling.com\/cs\/author\/radekmalina\/\"}]}<\/script>\n<!-- \/ Yoast SEO Premium plugin. -->","yoast_head_json":{"title":"Jasper Philipsen: \u017elut\u00fd kr\u00e1l chaosu! | \u0160koda We Love Cycling - \u010cesk\u00e1 republika","description":"Jasper Philipsen vy\u0161el jako kr\u00e1l z chaosu \u00favodn\u00ed etapy Tour de France 2025. Na trase kolem Lille na severu Francie nebyl jedin\u00fd t\u011b\u017ek\u00fd kopec, zato se siln\u00fdm a zr\u00e1dn\u00fdm v\u011btrem se peloton pot\u00fdkal od startu. Opakovan\u00e9 \u00fatoky p\u016fsobily tot\u00e1ln\u00ed paniku v pelotonu, mnoho p\u00e1d\u016f vyb\u00edraj\u00edc\u00edch si da\u0148 v podob\u011b odstoupen\u00ed. A sedmadvacetilet\u00fd Belgi\u010dan ze zna\u010dn\u011b pro\u0159\u00eddl\u00e9 skupiny vyhr\u00e1l sprint, na jeho\u017e v\u00edt\u011bze \u010dekal i \u017elut\u00fd trikot l\u00eddra cel\u00e9ho z\u00e1vodu!","robots":{"index":"index","follow":"follow","max-snippet":"max-snippet:-1","max-image-preview":"max-image-preview:large","max-video-preview":"max-video-preview:-1"},"canonical":"https:\/\/www.welovecycling.com\/cs\/2025\/07\/05\/jasper-philipsen-zluty-kral-chaosu\/","og_locale":"cs_CZ","og_type":"article","og_title":"Jasper Philipsen: \u017elut\u00fd kr\u00e1l chaosu!","og_description":"Jasper Philipsen vy\u0161el jako kr\u00e1l z chaosu \u00favodn\u00ed etapy Tour de France 2025. Na trase kolem Lille na severu Francie nebyl jedin\u00fd t\u011b\u017ek\u00fd kopec, zato se siln\u00fdm a zr\u00e1dn\u00fdm v\u011btrem se peloton pot\u00fdkal od startu. Opakovan\u00e9 \u00fatoky p\u016fsobily tot\u00e1ln\u00ed paniku v pelotonu, mnoho p\u00e1d\u016f vyb\u00edraj\u00edc\u00edch si da\u0148 v podob\u011b odstoupen\u00ed. A sedmadvacetilet\u00fd Belgi\u010dan ze zna\u010dn\u011b pro\u0159\u00eddl\u00e9 skupiny vyhr\u00e1l sprint, na jeho\u017e v\u00edt\u011bze \u010dekal i \u017elut\u00fd trikot l\u00eddra cel\u00e9ho z\u00e1vodu!","og_url":"https:\/\/www.welovecycling.com\/cs\/2025\/07\/05\/jasper-philipsen-zluty-kral-chaosu\/","og_site_name":"\u0160koda We Love Cycling - \u010cesk\u00e1 republika","article_published_time":"2025-07-05T17:33:48+00:00","article_modified_time":"2025-07-05T20:20:03+00:00","og_image":[{"width":1800,"height":1196,"url":"https:\/\/d2p6e6u75xmxt8.cloudfront.net\/13\/2025\/07\/profimedia-1018958867.webp","type":"image\/webp"}],"author":"radekmalina","twitter_card":"summary_large_image","twitter_misc":{"Written by":"We Love Cycling","Est. reading time":"5"},"schema":{"@context":"https:\/\/schema.org","@graph":[{"@type":"WebPage","@id":"https:\/\/www.welovecycling.com\/cs\/2025\/07\/05\/jasper-philipsen-zluty-kral-chaosu\/","url":"https:\/\/www.welovecycling.com\/cs\/2025\/07\/05\/jasper-philipsen-zluty-kral-chaosu\/","name":"Jasper Philipsen: \u017elut\u00fd kr\u00e1l chaosu! | \u0160koda We Love Cycling - \u010cesk\u00e1 republika","isPartOf":{"@id":"https:\/\/www.welovecycling.com\/cs\/#website"},"primaryImageOfPage":{"@id":"https:\/\/www.welovecycling.com\/cs\/2025\/07\/05\/jasper-philipsen-zluty-kral-chaosu\/#primaryimage"},"image":{"@id":"https:\/\/www.welovecycling.com\/cs\/2025\/07\/05\/jasper-philipsen-zluty-kral-chaosu\/#primaryimage"},"thumbnailUrl":"https:\/\/d2p6e6u75xmxt8.cloudfront.net\/13\/2025\/07\/profimedia-1018958867.webp","datePublished":"2025-07-05T17:33:48+00:00","dateModified":"2025-07-05T20:20:03+00:00","author":{"@id":"https:\/\/www.welovecycling.com\/cs\/#\/schema\/person\/d9eeb0a378f3a7e4a6d12d2b536b04b8"},"description":"Jasper Philipsen vy\u0161el jako kr\u00e1l z chaosu \u00favodn\u00ed etapy Tour de France 2025. Na trase kolem Lille na severu Francie nebyl jedin\u00fd t\u011b\u017ek\u00fd kopec, zato se siln\u00fdm a zr\u00e1dn\u00fdm v\u011btrem se peloton pot\u00fdkal od startu. Opakovan\u00e9 \u00fatoky p\u016fsobily tot\u00e1ln\u00ed paniku v pelotonu, mnoho p\u00e1d\u016f vyb\u00edraj\u00edc\u00edch si da\u0148 v podob\u011b odstoupen\u00ed. A sedmadvacetilet\u00fd Belgi\u010dan ze zna\u010dn\u011b pro\u0159\u00eddl\u00e9 skupiny vyhr\u00e1l sprint, na jeho\u017e v\u00edt\u011bze \u010dekal i \u017elut\u00fd trikot l\u00eddra cel\u00e9ho z\u00e1vodu!","inLanguage":"cs","potentialAction":[{"@type":"ReadAction","target":["https:\/\/www.welovecycling.com\/cs\/2025\/07\/05\/jasper-philipsen-zluty-kral-chaosu\/"]}]},{"@type":"ImageObject","inLanguage":"cs","@id":"https:\/\/www.welovecycling.com\/cs\/2025\/07\/05\/jasper-philipsen-zluty-kral-chaosu\/#primaryimage","url":"https:\/\/d2p6e6u75xmxt8.cloudfront.net\/13\/2025\/07\/profimedia-1018958867.webp","contentUrl":"https:\/\/d2p6e6u75xmxt8.cloudfront.net\/13\/2025\/07\/profimedia-1018958867.webp","width":1800,"height":1196,"caption":"Jasper Philipsen vyhr\u00e1l \u00favodn\u00ed etapu Tour de France 2025."},{"@type":"WebSite","@id":"https:\/\/www.welovecycling.com\/cs\/#website","url":"https:\/\/www.welovecycling.com\/cs\/","name":"\u0160koda We Love Cycling - \u010cesk\u00e1 republika","description":"WeLoveCycling.cz je online magaz\u00edn, kter\u00fd v\u00e1m pravideln\u011b p\u0159in\u00e1\u0161\u00ed rady a tipy, zaj\u00edmav\u00e9 \u010dl\u00e1nky, videa a jedine\u010dn\u00e9 report\u00e1\u017ee ze sv\u011bta cyklistiky.","potentialAction":[{"@type":"SearchAction","target":{"@type":"EntryPoint","urlTemplate":"https:\/\/www.welovecycling.com\/cs\/?s={search_term_string}"},"query-input":{"@type":"PropertyValueSpecification","valueRequired":true,"valueName":"search_term_string"}}],"inLanguage":"cs"},{"@type":"Person","@id":"https:\/\/www.welovecycling.com\/cs\/#\/schema\/person\/d9eeb0a378f3a7e4a6d12d2b536b04b8","name":"radekmalina","image":{"@type":"ImageObject","inLanguage":"cs","@id":"https:\/\/www.welovecycling.com\/cs\/#\/schema\/person\/image\/","url":"https:\/\/secure.gravatar.com\/avatar\/66994b632cb8c39a46b9f54afa3ae07201b678d32a54275b6f1c9ffec356bfc0?s=96&d=mm&r=g","contentUrl":"https:\/\/secure.gravatar.com\/avatar\/66994b632cb8c39a46b9f54afa3ae07201b678d32a54275b6f1c9ffec356bfc0?s=96&d=mm&r=g","caption":"radekmalina"},"url":"https:\/\/www.welovecycling.com\/cs\/author\/radekmalina\/"}]}},"_links":{"self":[{"href":"https:\/\/www.welovecycling.com\/cs\/wp-json\/wp\/v2\/posts\/29808","targetHints":{"allow":["GET"]}}],"collection":[{"href":"https:\/\/www.welovecycling.com\/cs\/wp-json\/wp\/v2\/posts"}],"about":[{"href":"https:\/\/www.welovecycling.com\/cs\/wp-json\/wp\/v2\/types\/post"}],"author":[{"embeddable":true,"href":"https:\/\/www.welovecycling.com\/cs\/wp-json\/wp\/v2\/users\/138"}],"replies":[{"embeddable":true,"href":"https:\/\/www.welovecycling.com\/cs\/wp-json\/wp\/v2\/comments?post=29808"}],"version-history":[{"count":4,"href":"https:\/\/www.welovecycling.com\/cs\/wp-json\/wp\/v2\/posts\/29808\/revisions"}],"predecessor-version":[{"id":29815,"href":"https:\/\/www.welovecycling.com\/cs\/wp-json\/wp\/v2\/posts\/29808\/revisions\/29815"}],"wp:featuredmedia":[{"embeddable":true,"href":"https:\/\/www.welovecycling.com\/cs\/wp-json\/wp\/v2\/media\/29810"}],"wp:attachment":[{"href":"https:\/\/www.welovecycling.com\/cs\/wp-json\/wp\/v2\/media?parent=29808"}],"wp:term":[{"taxonomy":"category","embeddable":true,"href":"https:\/\/www.welovecycling.com\/cs\/wp-json\/wp\/v2\/categories?post=29808"},{"taxonomy":"post_tag","embeddable":true,"href":"https:\/\/www.welovecycling.com\/cs\/wp-json\/wp\/v2\/tags?post=29808"},{"taxonomy":"global-categories","embeddable":true,"href":"https:\/\/www.welovecycling.com\/cs\/wp-json\/wp\/v2\/global-categories?post=29808"}],"curies":[{"name":"wp","href":"https:\/\/api.w.org\/{rel}","templated":true}]}}