{"id":29795,"date":"2025-07-04T14:00:07","date_gmt":"2025-07-04T12:00:07","guid":{"rendered":"https:\/\/www.welovecycling.com\/cs\/?p=29795"},"modified":"2025-07-04T09:47:59","modified_gmt":"2025-07-04T07:47:59","slug":"superb-pick-up-z-ucnaku-jako-doprovod-na-tour-de-france","status":"publish","type":"post","link":"https:\/\/www.welovecycling.com\/cs\/2025\/07\/04\/superb-pick-up-z-ucnaku-jako-doprovod-na-tour-de-france\/","title":{"rendered":"Superb pick-up z u\u010d\u0148\u00e1ku jako doprovod na Tour de France!"},"content":{"rendered":"<p><strong>Jedine\u010dn\u00e9 doprovodn\u00e9 vozidlo bude sou\u010d\u00e1st\u00ed Tour de France 2025. \u0160koda L&amp;K 130 a jej\u00ed speci\u00e1ln\u00ed barevn\u00e9 proveden\u00ed vzd\u00e1vaj\u00ed hold zakladatel\u016fm spole\u010dnosti V\u00e1clavu Laurinovi a V\u00e1clavu Klementovi, kte\u0159\u00ed p\u0159ed 130 lety za\u010d\u00ednali s v\u00fdrobou j\u00edzdn\u00edch kol. Tento jedine\u010dn\u00fd model je prvn\u00edm \u017e\u00e1kovsk\u00fdm vozem vych\u00e1zej\u00edc\u00edm z modelu \u0160koda Superb Combi. S lo\u017enou plochou podobnou pick-upu a mnoha chytr\u00fdmi n\u00e1pady je navr\u017een jako doprovodn\u00e9 vozidlo pro profesion\u00e1ln\u00ed cyklistick\u00e9 z\u00e1vody. Jde o v\u00fdsledek pr\u00e1ce osmadvaceti student\u016f St\u0159edn\u00edho odborn\u00e9ho u\u010dili\u0161t\u011b \u0160koda Auto.<\/strong><\/p>\n<p>\u201eDes\u00e1t\u00fd \u017e\u00e1kovsk\u00fd v\u016fz hrd\u011b navazuje na dlouholetou tradici \u0160koda Academy. Tento presti\u017en\u00ed projekt je kl\u00ed\u010dovou sou\u010d\u00e1st\u00ed na\u0161eho odborn\u00e9ho vzd\u011bl\u00e1v\u00e1n\u00ed a siln\u00fdm vyj\u00e1d\u0159en\u00edm na\u0161eho z\u00e1vazku podporovat mlad\u00e9 talenty. Rok co rok vznikaj\u00ed velkolep\u00e9 jedine\u010dn\u00e9 modely, jako je \u0160koda L&amp;K 130, kter\u00e9 odr\u00e1\u017eej\u00ed kreativitu, zru\u010dnost a zv\u00eddavost na\u0161ich student\u016f,&#8220; \u0159\u00edk\u00e1 Maren Gr\u00e4f, \u010dlenka p\u0159edstavenstva spole\u010dnosti za oblast Lid\u00e9 a Kultura.<\/p>\n<h2><strong>\u0160koda L&amp;K 130 odkazuje na historii<\/strong><\/h2>\n<p>N\u00e1zev \u0160koda L&amp;K 130 a speci\u00e1ln\u00ed barevn\u00e9 proveden\u00ed vozu odkazuj\u00ed na 130letou historii spole\u010dnosti \u0160koda Auto, kter\u00e1 za\u010dala v roce 1895 v\u00fdrobou j\u00edzdn\u00edch kol. Pozd\u011bji za\u010dali zakladatel\u00e9 spole\u010dnosti V\u00e1clav Laurin a V\u00e1clav Klement pod zna\u010dkou L&amp;K navrhovat a vyr\u00e1b\u011bt tak\u00e9 motocykly a automobily. \u0160koda Auto m\u00e1 dodnes hlubok\u00fd vztah k j\u00edzdn\u00edm kol\u016fm a cyklistick\u00fdm z\u00e1vod\u016fm, nebo\u0165 dlouhodob\u011b podporuje v\u00fdznamn\u00e9 mezin\u00e1rodn\u00ed cyklistick\u00e9 z\u00e1vody, v\u010detn\u011b Tour de France. \u0160koda L&amp;K 130 bude letos v l\u00e9t\u011b k vid\u011bn\u00ed tak\u00e9 na 112. ro\u010dn\u00edku Tour de France, kter\u00fd se kon\u00e1 od 5. do 27. \u010dervence 2025.<\/p>\n<p>N\u00e1zev des\u00e1t\u00e9ho \u017e\u00e1kovsk\u00e9ho vozu \u0160koda poukazuje na dlouholetou historii spole\u010dnosti \u0160koda Auto. Klasick\u00e9 zlat\u00e9, \u010derven\u00e9 a \u010dern\u00e9 logo Laurin &amp; Klement, kter\u00e9 se nach\u00e1z\u00ed na kapot\u011b, st\u0159edov\u00fdch krytk\u00e1ch kol a volantu vozu \u0160koda L&amp;K 130, vzd\u00e1v\u00e1 hold prvn\u00edm voz\u016fm vyroben\u00fdm v Mlad\u00e9 Boleslavi v roce 1905. Velk\u00e9 plochy zbarven\u00e9 do zlat\u00e9, \u010derven\u00e9 a \u010dern\u00e9 barvy se objevuj\u00ed na karoserii i v interi\u00e9ru. Krom\u011b tohoto lakov\u00e1n\u00ed je sou\u010d\u00e1st\u00ed vozu podsv\u00edcen\u00e1 spodn\u00ed maska s LED diodami, kter\u00e9 mohou m\u011bnit barvu v r\u00e1mci barevn\u00e9ho modelu RGB. Kone\u010dn\u00fd n\u00e1vrh byl vybr\u00e1n z des\u00edtek skic, kter\u00e9 vytvo\u0159ili \u017e\u00e1ci.<\/p>\n<p>\u201eProjekt studentsk\u00e9ho vozu propojuje v\u00fduku s prax\u00ed a umo\u017e\u0148uje tak student\u016fm uplatnit nabyt\u00e9 znalosti v re\u00e1ln\u00e9m prost\u0159ed\u00ed. Nab\u00edz\u00ed jim cenn\u00fd vhled do fungov\u00e1n\u00ed na\u0161\u00ed spole\u010dnosti a podporuje spolupr\u00e1ci nap\u0159\u00ed\u010d jednotliv\u00fdmi odd\u011blen\u00edmi. Tato \u00fazk\u00e1 kooperace je p\u0159\u00ednosn\u00e1 pro ob\u011b strany. Studenti z\u00edsk\u00e1vaj\u00ed cenn\u00e9 zku\u0161enosti, sebev\u011bdom\u00ed a profesn\u00ed kontakty, zat\u00edmco \u0160koda Auto t\u011b\u017e\u00ed z neot\u0159el\u00fdch n\u00e1pad\u016f a energie nad\u0161en\u00fdch a motivovan\u00fdch mlad\u00fdch profesion\u00e1l\u016f,\u201c podot\u00fdk\u00e1 Maren Gr\u00e4f.<\/p>\n<h2><strong>Zadn\u00ed dve\u0159e jsou posuvn\u00e9<\/strong><\/h2>\n<p>Aby se karoserie vozu \u0160koda Superb Combi prom\u011bnila v pick-up s prostornou kabinou pro cestuj\u00edc\u00ed a funk\u010dn\u00ed v\u00fdsuvnou lo\u017enou plochou, provedli \u017e\u00e1ci \u0159adu \u00faprav. Od\u0159\u00edzli st\u0159echu vozu kombi za C-sloupky, zes\u00edlili zb\u00fdvaj\u00edc\u00ed \u010d\u00e1sti kabiny pro cestuj\u00edc\u00ed, upravili B-sloupky a C-sloupky a zkr\u00e1tili st\u0159e\u0161n\u00ed li\u017einy.<\/p>\n<p><a href=\"https:\/\/d2p6e6u75xmxt8.cloudfront.net\/13\/2025\/07\/07_skoda_lk_130_b89b6222-1-scaled.webp\"><img loading=\"lazy\" decoding=\"async\" class=\"alignnone size-extra-large wp-image-29798\" src=\"https:\/\/d2p6e6u75xmxt8.cloudfront.net\/13\/2025\/07\/07_skoda_lk_130_b89b6222-1-1920x1281.webp\" alt=\"\" width=\"1920\" height=\"1281\" srcset=\"https:\/\/d2p6e6u75xmxt8.cloudfront.net\/13\/2025\/07\/07_skoda_lk_130_b89b6222-1-1920x1281.webp 1920w, https:\/\/d2p6e6u75xmxt8.cloudfront.net\/13\/2025\/07\/07_skoda_lk_130_b89b6222-1-300x200.webp 300w, https:\/\/d2p6e6u75xmxt8.cloudfront.net\/13\/2025\/07\/07_skoda_lk_130_b89b6222-1-1024x683.webp 1024w, https:\/\/d2p6e6u75xmxt8.cloudfront.net\/13\/2025\/07\/07_skoda_lk_130_b89b6222-1-768x512.webp 768w, https:\/\/d2p6e6u75xmxt8.cloudfront.net\/13\/2025\/07\/07_skoda_lk_130_b89b6222-1-1536x1025.webp 1536w, https:\/\/d2p6e6u75xmxt8.cloudfront.net\/13\/2025\/07\/07_skoda_lk_130_b89b6222-1-2048x1366.webp 2048w, https:\/\/d2p6e6u75xmxt8.cloudfront.net\/13\/2025\/07\/07_skoda_lk_130_b89b6222-1-400x267.webp 400w, https:\/\/d2p6e6u75xmxt8.cloudfront.net\/13\/2025\/07\/07_skoda_lk_130_b89b6222-1-272x182.webp 272w, https:\/\/d2p6e6u75xmxt8.cloudfront.net\/13\/2025\/07\/07_skoda_lk_130_b89b6222-1-1920x1281.webp 1920w\" sizes=\"auto, (max-width: 1920px) 100vw, 1920px\" \/><\/a><\/p>\n<p>Navrhli rovn\u011b\u017e novou zadn\u00ed st\u011bnu prostoru pro cestuj\u00edc\u00ed dopln\u011bnou o zadn\u00ed okno um\u00edst\u011bn\u00e9 za druhou \u0159adou sedadel. Prav\u00e9 zadn\u00ed dve\u0159e jsou vybaveny zcela nov\u00fdm p\u00e1kov\u00fdm posuvn\u00fdm mechanismem, kter\u00fd studenti vyvinuli v \u00fazk\u00e9 spolupr\u00e1ci s odborn\u00edky z odd\u011blen\u00ed technick\u00e9ho v\u00fdvoje spole\u010dnosti. P\u0159i otev\u00edr\u00e1n\u00ed dve\u0159e nezasahuj\u00ed do trati, proto\u017ee se nevykl\u00e1p\u011bj\u00ed sm\u011brem ven. Lze je tak kdykoli bezpe\u010dn\u011b otev\u0159\u00edt, a to i v p\u0159\u00edpad\u011b, \u017ee se k doprovodn\u00e9mu vozidlu bl\u00ed\u017e\u00ed cyklist\u00e9 a p\u0159edj\u00ed\u017ed\u011bj\u00ed ho.<\/p>\n<div class=\"shortcode-ys-post-pinup\"><article class=\"loop-simple post-29789 post type-post status-publish format-standard has-post-thumbnail hentry category-tour-de-france tag-1-etapa-tour-de-france-2025 tag-pavel-bittner tag-tour-de-france-2025 tag-zdenek-stybar tag-zluty-dres global-categories-cycling\" data-postid=\"29789\" role=\"article\" data-post-id=\"29789\" data-word-count=\"476\" data-headline-length=\"48\" data-category=\"Tour de France\" data-global-category=\"Cycling\" data-author=\"We Love Cycling\" data-published=\"2025-07-04T06:00:08+02:00\" data-published-day=\"Friday\">\n    <div class=\"entry-thumbnail article-thumbnail\" content=\"https:\/\/d2p6e6u75xmxt8.cloudfront.net\/13\/2024\/07\/1800-x-1200-velky-150x150.webp\"><a href=\"https:\/\/www.welovecycling.com\/cs\/2025\/07\/04\/zeleny-dres-ani-philipsen-merlier-nebo-girmay\/\" class=\"image-holder\" target=\"_self\"><img decoding=\"async\" loading=\"lazy\" class=\"\" src=\"https:\/\/d2p6e6u75xmxt8.cloudfront.net\/13\/2024\/07\/1800-x-1200-velky-1024x683.webp\" srcset=\"https:\/\/d2p6e6u75xmxt8.cloudfront.net\/13\/2024\/07\/1800-x-1200-velky.webp 1800w, https:\/\/d2p6e6u75xmxt8.cloudfront.net\/13\/2024\/07\/1800-x-1200-velky-300x200.webp 300w, https:\/\/d2p6e6u75xmxt8.cloudfront.net\/13\/2024\/07\/1800-x-1200-velky-1024x683.webp 1024w, https:\/\/d2p6e6u75xmxt8.cloudfront.net\/13\/2024\/07\/1800-x-1200-velky-768x512.webp 768w, https:\/\/d2p6e6u75xmxt8.cloudfront.net\/13\/2024\/07\/1800-x-1200-velky-1536x1024.webp 1536w, https:\/\/d2p6e6u75xmxt8.cloudfront.net\/13\/2024\/07\/1800-x-1200-velky-400x267.webp 400w, https:\/\/d2p6e6u75xmxt8.cloudfront.net\/13\/2024\/07\/1800-x-1200-velky-272x182.webp 272w\" width=\"1024\" height=\"683\" sizes=\"auto, (min-width: 1200px) 300px, (min-width: 768px) 25vw, 100vw\" alt=\"zeleny-dres-ani-philipsen-merlier-nebo-girmay\"\/><\/a><\/div>    <div class=\"entry-meta\">\n        <a class=\"label label-secondary post-category\" href=\"https:\/\/www.welovecycling.com\/cs\/category\/tour-de-france\/\" title=\"Tour de France\">Tour de France<\/a>\n    <\/div>\n    <div class=\"entry-details\">\n        <a href=\"https:\/\/www.welovecycling.com\/cs\/2025\/07\/04\/zeleny-dres-ani-philipsen-merlier-nebo-girmay\/\" class='entry-title-wrapper'>\n            <h3 class=\"entry-title\"><span>Zelen\u00fd dres? Ani Philipsen, Merlier nebo Girmay<\/span><\/h3>\n        <\/a>\n    <\/div>\n    <\/article>\n<\/div>\n<p>P\u016fvodn\u00ed zavazadlov\u00fd prostor byl nahrazen novou, n\u00edzko polo\u017eenou lo\u017enou plochou. Tu lze stisknut\u00edm tla\u010d\u00edtka vysunout dozadu spole\u010dn\u011b s nov\u00fdmi p\u00e1t\u00fdmi dve\u0159mi pomoc\u00ed jedine\u010dn\u00e9ho mechanismu s ozuben\u00fdm kolem. V p\u0159\u00edpad\u011b pot\u0159eby tak lze snadno vylo\u017eit n\u00e1hradn\u00ed kolo pro cyklistu b\u011bhem z\u00e1vodu. Na platform\u011b jsou nainstalov\u00e1ny dva standardn\u00ed nosi\u010de kol z nab\u00eddky \u0160koda Origin\u00e1ln\u00edho p\u0159\u00edslu\u0161enstv\u00ed. V p\u0159\u00edpad\u011b zata\u017een\u00e9 platformy spolu s p\u00e1t\u00fdmi dve\u0159mi jsou nosi\u010de s koly sklopeny pod \u00fahlem 35 stup\u0148\u016f, tak\u017ee vozidlo m\u00e1 stejnou d\u00e9lku jako p\u016fvodn\u00ed \u0160koda Superb Combi.<\/p>\n<h2><strong>Sou\u010d\u00e1st\u00ed velk\u00fd chlad\u00edc\u00ed box na bidony<\/strong><\/h2>\n<p>St\u0159e\u0161n\u00ed nosi\u010d poskytuje prostor pro t\u0159et\u00ed j\u00edzdn\u00ed kolo. Plug-in hybridn\u00ed pohon, kter\u00fd se u \u017e\u00e1kovsk\u00e9ho vozu <a href=\"https:\/\/www.welovecycling.com\/cs\/tour-de-france-2025\/\">\u0160koda<\/a> objevuje poprv\u00e9, byl p\u0159evzat beze zm\u011bny z modelu \u0160koda Superb Combi iV. Benzinov\u00fd motor 1,5 TSI o v\u00fdkonu 110 kW (150 k) a elektromotor spole\u010dn\u011b poskytuj\u00ed celkov\u00fd syst\u00e9mov\u00fd v\u00fdkon 150 kW (204 k). Vysokonap\u011b\u0165ov\u00e1 baterie s brutto kapacitou 25,7 kWh umo\u017e\u0148uje dostate\u010dn\u00fd elektrick\u00fd dojezd.<\/p>\n<p><a href=\"https:\/\/d2p6e6u75xmxt8.cloudfront.net\/13\/2025\/07\/skoda_lk_130_interier_4ad2ebe0-scaled.webp\"><img loading=\"lazy\" decoding=\"async\" class=\"alignnone size-extra-large wp-image-29800\" src=\"https:\/\/d2p6e6u75xmxt8.cloudfront.net\/13\/2025\/07\/skoda_lk_130_interier_4ad2ebe0-1920x1080.webp\" alt=\"\" width=\"1920\" height=\"1080\" srcset=\"https:\/\/d2p6e6u75xmxt8.cloudfront.net\/13\/2025\/07\/skoda_lk_130_interier_4ad2ebe0-1920x1080.webp 1920w, https:\/\/d2p6e6u75xmxt8.cloudfront.net\/13\/2025\/07\/skoda_lk_130_interier_4ad2ebe0-300x169.webp 300w, https:\/\/d2p6e6u75xmxt8.cloudfront.net\/13\/2025\/07\/skoda_lk_130_interier_4ad2ebe0-1024x576.webp 1024w, https:\/\/d2p6e6u75xmxt8.cloudfront.net\/13\/2025\/07\/skoda_lk_130_interier_4ad2ebe0-768x432.webp 768w, https:\/\/d2p6e6u75xmxt8.cloudfront.net\/13\/2025\/07\/skoda_lk_130_interier_4ad2ebe0-1536x864.webp 1536w, https:\/\/d2p6e6u75xmxt8.cloudfront.net\/13\/2025\/07\/skoda_lk_130_interier_4ad2ebe0-2048x1152.webp 2048w, https:\/\/d2p6e6u75xmxt8.cloudfront.net\/13\/2025\/07\/skoda_lk_130_interier_4ad2ebe0-400x225.webp 400w, https:\/\/d2p6e6u75xmxt8.cloudfront.net\/13\/2025\/07\/skoda_lk_130_interier_4ad2ebe0-1920x1080.webp 1920w\" sizes=\"auto, (max-width: 1920px) 100vw, 1920px\" \/><\/a><\/p>\n<p>Stejn\u011b jako v exteri\u00e9ru, i v interi\u00e9ru vozu \u0160koda L&amp;K 130 dominuj\u00ed klasick\u00e9 barvy L&amp;K. \u010cerven\u00e1, b\u00edl\u00e1, zlat\u00e1 a \u010dern\u00e1 barva se objevuje na sedadlech, v\u00fdpln\u00edch dve\u0159\u00ed a p\u0159\u00edstrojov\u00e9 desce. Pou\u017eit\u00e9 materi\u00e1ly jsou recyklovateln\u00e9. Na potaz\u00edch p\u0159edn\u00edch sportovn\u00edch sedadel je vy\u0161ito logo \u201e130 let\u201c.<\/p>\n<div class=\"shortcode-ys-post-pinup\"><article class=\"loop-simple post-29729 post type-post status-publish format-standard has-post-thumbnail hentry category-tour-de-france tag-cesi-na-tour-de-france tag-cyklistika tag-pavel-bittner tag-silnicni-cyklistika tag-tour-de-france tag-tour-de-france-2025 global-categories-cycling\" data-postid=\"29729\" role=\"article\" data-post-id=\"29729\" data-word-count=\"1078\" data-headline-length=\"67\" data-category=\"Tour de France\" data-global-category=\"Cycling\" data-author=\"Radek Malina\" data-published=\"2025-07-01T11:38:46+02:00\" data-published-day=\"Tuesday\">\n    <div class=\"entry-thumbnail article-thumbnail\" content=\"https:\/\/d2p6e6u75xmxt8.cloudfront.net\/13\/2025\/07\/BrychtaJan_MR_Banovce_20250629_110230_850_6686-150x150.webp\"><a href=\"https:\/\/www.welovecycling.com\/cs\/2025\/07\/01\/pavel-bittner\/\" class=\"image-holder\" target=\"_self\"><img decoding=\"async\" loading=\"lazy\" class=\"\" src=\"https:\/\/d2p6e6u75xmxt8.cloudfront.net\/13\/2025\/07\/BrychtaJan_MR_Banovce_20250629_110230_850_6686-1024x683.webp\" srcset=\"https:\/\/d2p6e6u75xmxt8.cloudfront.net\/13\/2025\/07\/BrychtaJan_MR_Banovce_20250629_110230_850_6686-scaled.webp 2560w, https:\/\/d2p6e6u75xmxt8.cloudfront.net\/13\/2025\/07\/BrychtaJan_MR_Banovce_20250629_110230_850_6686-300x200.webp 300w, https:\/\/d2p6e6u75xmxt8.cloudfront.net\/13\/2025\/07\/BrychtaJan_MR_Banovce_20250629_110230_850_6686-1024x683.webp 1024w, https:\/\/d2p6e6u75xmxt8.cloudfront.net\/13\/2025\/07\/BrychtaJan_MR_Banovce_20250629_110230_850_6686-768x512.webp 768w, https:\/\/d2p6e6u75xmxt8.cloudfront.net\/13\/2025\/07\/BrychtaJan_MR_Banovce_20250629_110230_850_6686-1536x1024.webp 1536w, https:\/\/d2p6e6u75xmxt8.cloudfront.net\/13\/2025\/07\/BrychtaJan_MR_Banovce_20250629_110230_850_6686-2048x1365.webp 2048w, https:\/\/d2p6e6u75xmxt8.cloudfront.net\/13\/2025\/07\/BrychtaJan_MR_Banovce_20250629_110230_850_6686-1920x1280.webp 1920w, https:\/\/d2p6e6u75xmxt8.cloudfront.net\/13\/2025\/07\/BrychtaJan_MR_Banovce_20250629_110230_850_6686-400x267.webp 400w, https:\/\/d2p6e6u75xmxt8.cloudfront.net\/13\/2025\/07\/BrychtaJan_MR_Banovce_20250629_110230_850_6686-272x182.webp 272w, https:\/\/d2p6e6u75xmxt8.cloudfront.net\/13\/2025\/07\/BrychtaJan_MR_Banovce_20250629_110230_850_6686-1920x1280.webp 1920w\" width=\"1024\" height=\"683\" sizes=\"auto, (min-width: 1200px) 300px, (min-width: 768px) 25vw, 100vw\" alt=\"pavel-bittner\"\/><\/a><\/div>    <div class=\"entry-meta\">\n        <a class=\"label label-secondary post-category\" href=\"https:\/\/www.welovecycling.com\/cs\/category\/tour-de-france\/\" title=\"Tour de France\">Tour de France<\/a>\n    <\/div>\n    <div class=\"entry-details\">\n        <a href=\"https:\/\/www.welovecycling.com\/cs\/2025\/07\/01\/pavel-bittner\/\" class='entry-title-wrapper'>\n            <h3 class=\"entry-title\"><span>Pavel Bittner o Tour de France: Zkus\u00edm nav\u00e1zat na triumf \u0160tybara<\/span><\/h3>\n        <\/a>\n    <\/div>\n    <\/article>\n<\/div>\n<p>Aby v\u016fz dokonale spl\u0148oval pot\u0159eby profesion\u00e1ln\u00edho cyklistick\u00e9ho t\u00fdmu, integrovali studenti do vozidla \u0159adu dal\u0161\u00edch prvk\u016f. Druh\u00fd displej na stran\u011b spolujezdce na palubn\u00ed desce zobrazuje \u00fadaje pot\u0159ebn\u00e9 pro podporu jezdc\u016f, kter\u00e9 jsou v\u017edy aktu\u00e1ln\u00ed d\u00edky st\u00e1l\u00e9mu p\u0159ipojen\u00ed k internetu. Pro komunikaci v r\u00e1mci t\u00fdmu je nainstalov\u00e1na vys\u00edla\u010dka. Na m\u00edsto lev\u00e9ho zadn\u00edho sedadla byl namontov\u00e1n velk\u00fd chladic\u00ed box na bidony s vodou.<\/p>\n<h2><strong>Nad\u0161en\u00ed pro cyklistiku z\u016fstalo sou\u010d\u00e1st\u00ed DNA zna\u010dky<\/strong><\/h2>\n<p>Za zadn\u00edmi sedadly na\u0161la sv\u00e9 m\u00edsto 12V baterie. Velk\u00e1 odkl\u00e1dac\u00ed s\u00ed\u0165 pod oblo\u017een\u00edm st\u0159echy kabiny slou\u017e\u00ed k ulo\u017een\u00ed drobn\u00fdch p\u0159edm\u011bt\u016f, jako jsou energetick\u00e9 ty\u010dinky nebo obvazy. Servisn\u00ed technik na prav\u00e9m zadn\u00edm sedadle m\u00e1 tak\u00e9 k dispozici sv\u016fj vlastn\u00ed displej na op\u011bradle sedadla spolujezdce. \u017d\u00e1ci vyrobili \u0159adu nov\u00fdch prvk\u016f v\u00fdbavy pomoc\u00ed technologie 3D tisku. Nap\u0159\u00edklad dr\u017e\u00e1ky pro odkl\u00e1dac\u00ed s\u00ed\u0165 pod st\u0159echou nebo loga poch\u00e1zej\u00ed z 3D tisk\u00e1rny.<\/p>\n<p><a href=\"https:\/\/d2p6e6u75xmxt8.cloudfront.net\/13\/2025\/07\/01_skoda_lk_130_2e2c7464-scaled.webp\"><img loading=\"lazy\" decoding=\"async\" class=\"alignnone size-extra-large wp-image-29796\" src=\"https:\/\/d2p6e6u75xmxt8.cloudfront.net\/13\/2025\/07\/01_skoda_lk_130_2e2c7464-1920x1280.webp\" alt=\"\" width=\"1920\" height=\"1280\" srcset=\"https:\/\/d2p6e6u75xmxt8.cloudfront.net\/13\/2025\/07\/01_skoda_lk_130_2e2c7464-1920x1280.webp 1920w, https:\/\/d2p6e6u75xmxt8.cloudfront.net\/13\/2025\/07\/01_skoda_lk_130_2e2c7464-300x200.webp 300w, https:\/\/d2p6e6u75xmxt8.cloudfront.net\/13\/2025\/07\/01_skoda_lk_130_2e2c7464-1024x683.webp 1024w, https:\/\/d2p6e6u75xmxt8.cloudfront.net\/13\/2025\/07\/01_skoda_lk_130_2e2c7464-768x512.webp 768w, https:\/\/d2p6e6u75xmxt8.cloudfront.net\/13\/2025\/07\/01_skoda_lk_130_2e2c7464-1536x1024.webp 1536w, https:\/\/d2p6e6u75xmxt8.cloudfront.net\/13\/2025\/07\/01_skoda_lk_130_2e2c7464-2048x1366.webp 2048w, https:\/\/d2p6e6u75xmxt8.cloudfront.net\/13\/2025\/07\/01_skoda_lk_130_2e2c7464-400x267.webp 400w, https:\/\/d2p6e6u75xmxt8.cloudfront.net\/13\/2025\/07\/01_skoda_lk_130_2e2c7464-272x182.webp 272w, https:\/\/d2p6e6u75xmxt8.cloudfront.net\/13\/2025\/07\/01_skoda_lk_130_2e2c7464-1920x1280.webp 1920w\" sizes=\"auto, (max-width: 1920px) 100vw, 1920px\" \/><\/a><\/p>\n<p>Des\u00e1t\u00fd \u017e\u00e1kovsk\u00fd v\u016fz \u0160koda zd\u016fraz\u0148uje historii spole\u010dnosti Laurin &amp; Klement a po\u010d\u00e1tky zna\u010dky \u0160koda, kter\u00e1 letos slav\u00ed 130. v\u00fdro\u010d\u00ed od sv\u00e9ho zalo\u017een\u00ed. V roce 1895 za\u010dali cyklisti\u010dt\u00ed nad\u0161enci V\u00e1clav Laurin a V\u00e1clav Klement, mechanik a knihkupec, vyv\u00edjet a vyr\u00e1b\u011bt j\u00edzdn\u00ed kola pod n\u00e1zvem Slavia. Firma se rychle rozr\u016fstala a v roce 1899 p\u0159edstavili sv\u016fj prvn\u00ed motocykl. V roce 1905 vyjel z v\u00fdrobn\u00ed haly prvn\u00ed automobil Laurin &amp; Klement.<\/p>\n<p>Nad\u0161en\u00ed pro cyklistiku v\u0161ak v\u017edy z\u016fstalo sou\u010d\u00e1st\u00ed DNA zna\u010dky \u0160koda a dnes je podtr\u017eeno podporou mnoha v\u00fdznamn\u00fdch mezin\u00e1rodn\u00edch cyklistick\u00fdch z\u00e1vod\u016f. \u0160koda Auto je ofici\u00e1ln\u00edm hlavn\u00edm partnerem Tour de France a Tour de France Femmes avec Zwift a v t\u00e9to roli bude pokra\u010dovat a\u017e do roku 2028. Spolupr\u00e1ce s po\u0159adateli z\u00e1vod\u016f A.S.O. a Unipublic zahrnuje celkem 20 mezin\u00e1rodn\u00edch presti\u017en\u00edch cyklistick\u00fdch z\u00e1vod\u016f mu\u017e\u016f a \u017een, v\u010detn\u011b \u0161pan\u011blsk\u00e9 Vuelty, belgick\u00fdch a francouzsk\u00fdch jednodenn\u00edch klasik La Fl\u00e8che Wallonne, Li\u00e8ge-Bastogne-Li\u00e8ge \u010di Pa\u0159\u00ed\u017e Roubaix.<\/p>\n","protected":false},"excerpt":{"rendered":"<p>Jedine\u010dn\u00e9 doprovodn\u00e9 vozidlo bude sou\u010d\u00e1st\u00ed Tour de France 2025. \u0160koda L&amp;K 130 a jej\u00ed speci\u00e1ln\u00ed barevn\u00e9 proveden\u00ed vzd\u00e1vaj\u00ed hold zakladatel\u016fm [&hellip;]<\/p>\n","protected":false},"author":138,"featured_media":29797,"comment_status":"open","ping_status":"open","sticky":false,"template":"","format":"standard","meta":{"footnotes":""},"categories":[660],"tags":[126,9,4248,4247,23,3843],"global-categories":[411],"class_list":["post-29795","post","type-post","status-publish","format-standard","has-post-thumbnail","hentry","category-https-www-welovecycling-com-cs-category-zabava","tag-cyklistika","tag-silnicni-cyklistika","tag-skoda-lk-130","tag-studentske-auto","tag-tour-de-france","tag-tour-de-france-2025","global-categories-cycling"],"yoast_head":"<!-- This site is optimized with the Yoast SEO Premium plugin v25.3 (Yoast SEO v25.9) - https:\/\/yoast.com\/wordpress\/plugins\/seo\/ -->\n<title>Superb pick-up z u\u010d\u0148\u00e1ku jako doprovod na Tour de France! | \u0160koda We Love Cycling - \u010cesk\u00e1 republika<\/title>\n<meta name=\"description\" content=\"Jedine\u010dn\u00e9 doprovodn\u00e9 vozidlo bude sou\u010d\u00e1st\u00ed Tour de France 2025. \u0160koda L&amp;K 130 a jej\u00ed speci\u00e1ln\u00ed barevn\u00e9 proveden\u00ed vzd\u00e1vaj\u00ed hold zakladatel\u016fm spole\u010dnosti V\u00e1clavu Laurinovi a V\u00e1clavu Klementovi, kte\u0159\u00ed p\u0159ed 130 lety za\u010d\u00ednali s v\u00fdrobou j\u00edzdn\u00edch kol. Tento jedine\u010dn\u00fd model je prvn\u00edm \u017e\u00e1kovsk\u00fdm vozem vych\u00e1zej\u00edc\u00edm z modelu \u0160koda Superb Combi. S lo\u017enou plochou podobnou pick-upu a mnoha chytr\u00fdmi n\u00e1pady je navr\u017een jako doprovodn\u00e9 vozidlo pro profesion\u00e1ln\u00ed cyklistick\u00e9 z\u00e1vody. Jde o v\u00fdsledek pr\u00e1ce osmadvaceti student\u016f St\u0159edn\u00edho odborn\u00e9ho u\u010dili\u0161t\u011b \u0160koda Auto.\" \/>\n<meta name=\"robots\" content=\"index, follow, max-snippet:-1, max-image-preview:large, max-video-preview:-1\" \/>\n<link rel=\"canonical\" href=\"https:\/\/www.welovecycling.com\/cs\/2025\/07\/04\/superb-pick-up-z-ucnaku-jako-doprovod-na-tour-de-france\/\" \/>\n<meta property=\"og:locale\" content=\"cs_CZ\" \/>\n<meta property=\"og:type\" content=\"article\" \/>\n<meta property=\"og:title\" content=\"Superb pick-up z u\u010d\u0148\u00e1ku jako doprovod na Tour de France!\" \/>\n<meta property=\"og:description\" content=\"Jedine\u010dn\u00e9 doprovodn\u00e9 vozidlo bude sou\u010d\u00e1st\u00ed Tour de France 2025. \u0160koda L&amp;K 130 a jej\u00ed speci\u00e1ln\u00ed barevn\u00e9 proveden\u00ed vzd\u00e1vaj\u00ed hold zakladatel\u016fm spole\u010dnosti V\u00e1clavu Laurinovi a V\u00e1clavu Klementovi, kte\u0159\u00ed p\u0159ed 130 lety za\u010d\u00ednali s v\u00fdrobou j\u00edzdn\u00edch kol. Tento jedine\u010dn\u00fd model je prvn\u00edm \u017e\u00e1kovsk\u00fdm vozem vych\u00e1zej\u00edc\u00edm z modelu \u0160koda Superb Combi. S lo\u017enou plochou podobnou pick-upu a mnoha chytr\u00fdmi n\u00e1pady je navr\u017een jako doprovodn\u00e9 vozidlo pro profesion\u00e1ln\u00ed cyklistick\u00e9 z\u00e1vody. Jde o v\u00fdsledek pr\u00e1ce osmadvaceti student\u016f St\u0159edn\u00edho odborn\u00e9ho u\u010dili\u0161t\u011b \u0160koda Auto.\" \/>\n<meta property=\"og:url\" content=\"https:\/\/www.welovecycling.com\/cs\/2025\/07\/04\/superb-pick-up-z-ucnaku-jako-doprovod-na-tour-de-france\/\" \/>\n<meta property=\"og:site_name\" content=\"\u0160koda We Love Cycling - \u010cesk\u00e1 republika\" \/>\n<meta property=\"article:published_time\" content=\"2025-07-04T12:00:07+00:00\" \/>\n<meta property=\"og:image\" content=\"https:\/\/d2p6e6u75xmxt8.cloudfront.net\/13\/2025\/07\/04_skoda_lk_130_ce9c858a-scaled.webp\" \/>\n\t<meta property=\"og:image:width\" content=\"2560\" \/>\n\t<meta property=\"og:image:height\" content=\"1708\" \/>\n\t<meta property=\"og:image:type\" content=\"image\/webp\" \/>\n<meta name=\"author\" content=\"radekmalina\" \/>\n<meta name=\"twitter:card\" content=\"summary_large_image\" \/>\n<meta name=\"twitter:label1\" content=\"Written by\" \/>\n\t<meta name=\"twitter:data1\" content=\"Radek Malina\" \/>\n\t<meta name=\"twitter:label2\" content=\"Est. reading time\" \/>\n\t<meta name=\"twitter:data2\" content=\"7\" \/>\n<script type=\"application\/ld+json\" class=\"yoast-schema-graph\">{\"@context\":\"https:\/\/schema.org\",\"@graph\":[{\"@type\":\"WebPage\",\"@id\":\"https:\/\/www.welovecycling.com\/cs\/2025\/07\/04\/superb-pick-up-z-ucnaku-jako-doprovod-na-tour-de-france\/\",\"url\":\"https:\/\/www.welovecycling.com\/cs\/2025\/07\/04\/superb-pick-up-z-ucnaku-jako-doprovod-na-tour-de-france\/\",\"name\":\"Superb pick-up z u\u010d\u0148\u00e1ku jako doprovod na Tour de France! | \u0160koda We Love Cycling - \u010cesk\u00e1 republika\",\"isPartOf\":{\"@id\":\"https:\/\/www.welovecycling.com\/cs\/#website\"},\"primaryImageOfPage\":{\"@id\":\"https:\/\/www.welovecycling.com\/cs\/2025\/07\/04\/superb-pick-up-z-ucnaku-jako-doprovod-na-tour-de-france\/#primaryimage\"},\"image\":{\"@id\":\"https:\/\/www.welovecycling.com\/cs\/2025\/07\/04\/superb-pick-up-z-ucnaku-jako-doprovod-na-tour-de-france\/#primaryimage\"},\"thumbnailUrl\":\"https:\/\/d2p6e6u75xmxt8.cloudfront.net\/13\/2025\/07\/04_skoda_lk_130_ce9c858a-scaled.webp\",\"datePublished\":\"2025-07-04T12:00:07+00:00\",\"author\":{\"@id\":\"https:\/\/www.welovecycling.com\/cs\/#\/schema\/person\/d9eeb0a378f3a7e4a6d12d2b536b04b8\"},\"description\":\"Jedine\u010dn\u00e9 doprovodn\u00e9 vozidlo bude sou\u010d\u00e1st\u00ed Tour de France 2025. \u0160koda L&K 130 a jej\u00ed speci\u00e1ln\u00ed barevn\u00e9 proveden\u00ed vzd\u00e1vaj\u00ed hold zakladatel\u016fm spole\u010dnosti V\u00e1clavu Laurinovi a V\u00e1clavu Klementovi, kte\u0159\u00ed p\u0159ed 130 lety za\u010d\u00ednali s v\u00fdrobou j\u00edzdn\u00edch kol. Tento jedine\u010dn\u00fd model je prvn\u00edm \u017e\u00e1kovsk\u00fdm vozem vych\u00e1zej\u00edc\u00edm z modelu \u0160koda Superb Combi. S lo\u017enou plochou podobnou pick-upu a mnoha chytr\u00fdmi n\u00e1pady je navr\u017een jako doprovodn\u00e9 vozidlo pro profesion\u00e1ln\u00ed cyklistick\u00e9 z\u00e1vody. Jde o v\u00fdsledek pr\u00e1ce osmadvaceti student\u016f St\u0159edn\u00edho odborn\u00e9ho u\u010dili\u0161t\u011b \u0160koda Auto.\",\"inLanguage\":\"cs\",\"potentialAction\":[{\"@type\":\"ReadAction\",\"target\":[\"https:\/\/www.welovecycling.com\/cs\/2025\/07\/04\/superb-pick-up-z-ucnaku-jako-doprovod-na-tour-de-france\/\"]}]},{\"@type\":\"ImageObject\",\"inLanguage\":\"cs\",\"@id\":\"https:\/\/www.welovecycling.com\/cs\/2025\/07\/04\/superb-pick-up-z-ucnaku-jako-doprovod-na-tour-de-france\/#primaryimage\",\"url\":\"https:\/\/d2p6e6u75xmxt8.cloudfront.net\/13\/2025\/07\/04_skoda_lk_130_ce9c858a-scaled.webp\",\"contentUrl\":\"https:\/\/d2p6e6u75xmxt8.cloudfront.net\/13\/2025\/07\/04_skoda_lk_130_ce9c858a-scaled.webp\",\"width\":2560,\"height\":1708,\"caption\":\"\u0160koda L&K 130 v podob\u011b pick-up bude sou\u010d\u00e1st\u00ed Tour de France 2025.\"},{\"@type\":\"WebSite\",\"@id\":\"https:\/\/www.welovecycling.com\/cs\/#website\",\"url\":\"https:\/\/www.welovecycling.com\/cs\/\",\"name\":\"\u0160koda We Love Cycling - \u010cesk\u00e1 republika\",\"description\":\"WeLoveCycling.cz je online magaz\u00edn, kter\u00fd v\u00e1m pravideln\u011b p\u0159in\u00e1\u0161\u00ed rady a tipy, zaj\u00edmav\u00e9 \u010dl\u00e1nky, videa a jedine\u010dn\u00e9 report\u00e1\u017ee ze sv\u011bta cyklistiky.\",\"potentialAction\":[{\"@type\":\"SearchAction\",\"target\":{\"@type\":\"EntryPoint\",\"urlTemplate\":\"https:\/\/www.welovecycling.com\/cs\/?s={search_term_string}\"},\"query-input\":{\"@type\":\"PropertyValueSpecification\",\"valueRequired\":true,\"valueName\":\"search_term_string\"}}],\"inLanguage\":\"cs\"},{\"@type\":\"Person\",\"@id\":\"https:\/\/www.welovecycling.com\/cs\/#\/schema\/person\/d9eeb0a378f3a7e4a6d12d2b536b04b8\",\"name\":\"radekmalina\",\"image\":{\"@type\":\"ImageObject\",\"inLanguage\":\"cs\",\"@id\":\"https:\/\/www.welovecycling.com\/cs\/#\/schema\/person\/image\/\",\"url\":\"https:\/\/secure.gravatar.com\/avatar\/66994b632cb8c39a46b9f54afa3ae07201b678d32a54275b6f1c9ffec356bfc0?s=96&d=mm&r=g\",\"contentUrl\":\"https:\/\/secure.gravatar.com\/avatar\/66994b632cb8c39a46b9f54afa3ae07201b678d32a54275b6f1c9ffec356bfc0?s=96&d=mm&r=g\",\"caption\":\"radekmalina\"},\"url\":\"https:\/\/www.welovecycling.com\/cs\/author\/radekmalina\/\"}]}<\/script>\n<!-- \/ Yoast SEO Premium plugin. -->","yoast_head_json":{"title":"Superb pick-up z u\u010d\u0148\u00e1ku jako doprovod na Tour de France! | \u0160koda We Love Cycling - \u010cesk\u00e1 republika","description":"Jedine\u010dn\u00e9 doprovodn\u00e9 vozidlo bude sou\u010d\u00e1st\u00ed Tour de France 2025. \u0160koda L&K 130 a jej\u00ed speci\u00e1ln\u00ed barevn\u00e9 proveden\u00ed vzd\u00e1vaj\u00ed hold zakladatel\u016fm spole\u010dnosti V\u00e1clavu Laurinovi a V\u00e1clavu Klementovi, kte\u0159\u00ed p\u0159ed 130 lety za\u010d\u00ednali s v\u00fdrobou j\u00edzdn\u00edch kol. Tento jedine\u010dn\u00fd model je prvn\u00edm \u017e\u00e1kovsk\u00fdm vozem vych\u00e1zej\u00edc\u00edm z modelu \u0160koda Superb Combi. S lo\u017enou plochou podobnou pick-upu a mnoha chytr\u00fdmi n\u00e1pady je navr\u017een jako doprovodn\u00e9 vozidlo pro profesion\u00e1ln\u00ed cyklistick\u00e9 z\u00e1vody. Jde o v\u00fdsledek pr\u00e1ce osmadvaceti student\u016f St\u0159edn\u00edho odborn\u00e9ho u\u010dili\u0161t\u011b \u0160koda Auto.","robots":{"index":"index","follow":"follow","max-snippet":"max-snippet:-1","max-image-preview":"max-image-preview:large","max-video-preview":"max-video-preview:-1"},"canonical":"https:\/\/www.welovecycling.com\/cs\/2025\/07\/04\/superb-pick-up-z-ucnaku-jako-doprovod-na-tour-de-france\/","og_locale":"cs_CZ","og_type":"article","og_title":"Superb pick-up z u\u010d\u0148\u00e1ku jako doprovod na Tour de France!","og_description":"Jedine\u010dn\u00e9 doprovodn\u00e9 vozidlo bude sou\u010d\u00e1st\u00ed Tour de France 2025. \u0160koda L&K 130 a jej\u00ed speci\u00e1ln\u00ed barevn\u00e9 proveden\u00ed vzd\u00e1vaj\u00ed hold zakladatel\u016fm spole\u010dnosti V\u00e1clavu Laurinovi a V\u00e1clavu Klementovi, kte\u0159\u00ed p\u0159ed 130 lety za\u010d\u00ednali s v\u00fdrobou j\u00edzdn\u00edch kol. Tento jedine\u010dn\u00fd model je prvn\u00edm \u017e\u00e1kovsk\u00fdm vozem vych\u00e1zej\u00edc\u00edm z modelu \u0160koda Superb Combi. S lo\u017enou plochou podobnou pick-upu a mnoha chytr\u00fdmi n\u00e1pady je navr\u017een jako doprovodn\u00e9 vozidlo pro profesion\u00e1ln\u00ed cyklistick\u00e9 z\u00e1vody. Jde o v\u00fdsledek pr\u00e1ce osmadvaceti student\u016f St\u0159edn\u00edho odborn\u00e9ho u\u010dili\u0161t\u011b \u0160koda Auto.","og_url":"https:\/\/www.welovecycling.com\/cs\/2025\/07\/04\/superb-pick-up-z-ucnaku-jako-doprovod-na-tour-de-france\/","og_site_name":"\u0160koda We Love Cycling - \u010cesk\u00e1 republika","article_published_time":"2025-07-04T12:00:07+00:00","og_image":[{"width":2560,"height":1708,"url":"https:\/\/d2p6e6u75xmxt8.cloudfront.net\/13\/2025\/07\/04_skoda_lk_130_ce9c858a-scaled.webp","type":"image\/webp"}],"author":"radekmalina","twitter_card":"summary_large_image","twitter_misc":{"Written by":"Radek Malina","Est. reading time":"7"},"schema":{"@context":"https:\/\/schema.org","@graph":[{"@type":"WebPage","@id":"https:\/\/www.welovecycling.com\/cs\/2025\/07\/04\/superb-pick-up-z-ucnaku-jako-doprovod-na-tour-de-france\/","url":"https:\/\/www.welovecycling.com\/cs\/2025\/07\/04\/superb-pick-up-z-ucnaku-jako-doprovod-na-tour-de-france\/","name":"Superb pick-up z u\u010d\u0148\u00e1ku jako doprovod na Tour de France! | \u0160koda We Love Cycling - \u010cesk\u00e1 republika","isPartOf":{"@id":"https:\/\/www.welovecycling.com\/cs\/#website"},"primaryImageOfPage":{"@id":"https:\/\/www.welovecycling.com\/cs\/2025\/07\/04\/superb-pick-up-z-ucnaku-jako-doprovod-na-tour-de-france\/#primaryimage"},"image":{"@id":"https:\/\/www.welovecycling.com\/cs\/2025\/07\/04\/superb-pick-up-z-ucnaku-jako-doprovod-na-tour-de-france\/#primaryimage"},"thumbnailUrl":"https:\/\/d2p6e6u75xmxt8.cloudfront.net\/13\/2025\/07\/04_skoda_lk_130_ce9c858a-scaled.webp","datePublished":"2025-07-04T12:00:07+00:00","author":{"@id":"https:\/\/www.welovecycling.com\/cs\/#\/schema\/person\/d9eeb0a378f3a7e4a6d12d2b536b04b8"},"description":"Jedine\u010dn\u00e9 doprovodn\u00e9 vozidlo bude sou\u010d\u00e1st\u00ed Tour de France 2025. \u0160koda L&K 130 a jej\u00ed speci\u00e1ln\u00ed barevn\u00e9 proveden\u00ed vzd\u00e1vaj\u00ed hold zakladatel\u016fm spole\u010dnosti V\u00e1clavu Laurinovi a V\u00e1clavu Klementovi, kte\u0159\u00ed p\u0159ed 130 lety za\u010d\u00ednali s v\u00fdrobou j\u00edzdn\u00edch kol. Tento jedine\u010dn\u00fd model je prvn\u00edm \u017e\u00e1kovsk\u00fdm vozem vych\u00e1zej\u00edc\u00edm z modelu \u0160koda Superb Combi. S lo\u017enou plochou podobnou pick-upu a mnoha chytr\u00fdmi n\u00e1pady je navr\u017een jako doprovodn\u00e9 vozidlo pro profesion\u00e1ln\u00ed cyklistick\u00e9 z\u00e1vody. Jde o v\u00fdsledek pr\u00e1ce osmadvaceti student\u016f St\u0159edn\u00edho odborn\u00e9ho u\u010dili\u0161t\u011b \u0160koda Auto.","inLanguage":"cs","potentialAction":[{"@type":"ReadAction","target":["https:\/\/www.welovecycling.com\/cs\/2025\/07\/04\/superb-pick-up-z-ucnaku-jako-doprovod-na-tour-de-france\/"]}]},{"@type":"ImageObject","inLanguage":"cs","@id":"https:\/\/www.welovecycling.com\/cs\/2025\/07\/04\/superb-pick-up-z-ucnaku-jako-doprovod-na-tour-de-france\/#primaryimage","url":"https:\/\/d2p6e6u75xmxt8.cloudfront.net\/13\/2025\/07\/04_skoda_lk_130_ce9c858a-scaled.webp","contentUrl":"https:\/\/d2p6e6u75xmxt8.cloudfront.net\/13\/2025\/07\/04_skoda_lk_130_ce9c858a-scaled.webp","width":2560,"height":1708,"caption":"\u0160koda L&K 130 v podob\u011b pick-up bude sou\u010d\u00e1st\u00ed Tour de France 2025."},{"@type":"WebSite","@id":"https:\/\/www.welovecycling.com\/cs\/#website","url":"https:\/\/www.welovecycling.com\/cs\/","name":"\u0160koda We Love Cycling - \u010cesk\u00e1 republika","description":"WeLoveCycling.cz je online magaz\u00edn, kter\u00fd v\u00e1m pravideln\u011b p\u0159in\u00e1\u0161\u00ed rady a tipy, zaj\u00edmav\u00e9 \u010dl\u00e1nky, videa a jedine\u010dn\u00e9 report\u00e1\u017ee ze sv\u011bta cyklistiky.","potentialAction":[{"@type":"SearchAction","target":{"@type":"EntryPoint","urlTemplate":"https:\/\/www.welovecycling.com\/cs\/?s={search_term_string}"},"query-input":{"@type":"PropertyValueSpecification","valueRequired":true,"valueName":"search_term_string"}}],"inLanguage":"cs"},{"@type":"Person","@id":"https:\/\/www.welovecycling.com\/cs\/#\/schema\/person\/d9eeb0a378f3a7e4a6d12d2b536b04b8","name":"radekmalina","image":{"@type":"ImageObject","inLanguage":"cs","@id":"https:\/\/www.welovecycling.com\/cs\/#\/schema\/person\/image\/","url":"https:\/\/secure.gravatar.com\/avatar\/66994b632cb8c39a46b9f54afa3ae07201b678d32a54275b6f1c9ffec356bfc0?s=96&d=mm&r=g","contentUrl":"https:\/\/secure.gravatar.com\/avatar\/66994b632cb8c39a46b9f54afa3ae07201b678d32a54275b6f1c9ffec356bfc0?s=96&d=mm&r=g","caption":"radekmalina"},"url":"https:\/\/www.welovecycling.com\/cs\/author\/radekmalina\/"}]}},"_links":{"self":[{"href":"https:\/\/www.welovecycling.com\/cs\/wp-json\/wp\/v2\/posts\/29795","targetHints":{"allow":["GET"]}}],"collection":[{"href":"https:\/\/www.welovecycling.com\/cs\/wp-json\/wp\/v2\/posts"}],"about":[{"href":"https:\/\/www.welovecycling.com\/cs\/wp-json\/wp\/v2\/types\/post"}],"author":[{"embeddable":true,"href":"https:\/\/www.welovecycling.com\/cs\/wp-json\/wp\/v2\/users\/138"}],"replies":[{"embeddable":true,"href":"https:\/\/www.welovecycling.com\/cs\/wp-json\/wp\/v2\/comments?post=29795"}],"version-history":[{"count":2,"href":"https:\/\/www.welovecycling.com\/cs\/wp-json\/wp\/v2\/posts\/29795\/revisions"}],"predecessor-version":[{"id":29802,"href":"https:\/\/www.welovecycling.com\/cs\/wp-json\/wp\/v2\/posts\/29795\/revisions\/29802"}],"wp:featuredmedia":[{"embeddable":true,"href":"https:\/\/www.welovecycling.com\/cs\/wp-json\/wp\/v2\/media\/29797"}],"wp:attachment":[{"href":"https:\/\/www.welovecycling.com\/cs\/wp-json\/wp\/v2\/media?parent=29795"}],"wp:term":[{"taxonomy":"category","embeddable":true,"href":"https:\/\/www.welovecycling.com\/cs\/wp-json\/wp\/v2\/categories?post=29795"},{"taxonomy":"post_tag","embeddable":true,"href":"https:\/\/www.welovecycling.com\/cs\/wp-json\/wp\/v2\/tags?post=29795"},{"taxonomy":"global-categories","embeddable":true,"href":"https:\/\/www.welovecycling.com\/cs\/wp-json\/wp\/v2\/global-categories?post=29795"}],"curies":[{"name":"wp","href":"https:\/\/api.w.org\/{rel}","templated":true}]}}