{"id":29789,"date":"2025-07-04T06:00:08","date_gmt":"2025-07-04T04:00:08","guid":{"rendered":"https:\/\/www.welovecycling.com\/cs\/?p=29789"},"modified":"2025-07-03T17:41:52","modified_gmt":"2025-07-03T15:41:52","slug":"zeleny-dres-ani-philipsen-merlier-nebo-girmay","status":"publish","type":"post","link":"https:\/\/www.welovecycling.com\/cs\/2025\/07\/04\/zeleny-dres-ani-philipsen-merlier-nebo-girmay\/","title":{"rendered":"Zelen\u00fd dres? Ani Philipsen, Merlier nebo Girmay"},"content":{"rendered":"<p><strong>Cavendish, Kittel, Boonen&#8230; Extr\u00e9mn\u011b rychl\u00ed cyklist\u00e9, kte\u0159\u00ed v minulosti ve spurtu vyhr\u00e1vali etapy Tour de France a nosili zelen\u00fd dres. V sou\u010dtu slavili p\u011btapades\u00e1t triumf\u016f! A jejich par\u0165\u00e1k byl Zden\u011bk \u0160tybar, s\u00e1m v\u00edt\u011bz \u0161est\u00e9ho d\u011bjstv\u00ed z Tour de France 2015. B\u00fdval\u00fd z\u00e1vodn\u00edk Quick Stepu \u010di Jayco AlUla tak m\u016f\u017ee v roli p\u0159\u00edm\u00e9ho pozorovatele z d\u011bji\u0161t\u011b Grande Boucle 2025 hodnotit nad\u011bje adept\u016f zelen\u00e9ho dresu, kter\u00fd sponzoruje \u0160koda Auto. A do n\u011bj\u017e, alespo\u0148 \u010d\u00e1ste\u010dn\u011b, snad zas\u00e1hne i jedin\u00fd \u010desk\u00fd cyklista na startu Pavel Bittner.<\/strong><\/p>\n<p>&#8222;Pokud jsem prohl\u00e1sil, \u017ee triumf v celkov\u00e9m po\u0159ad\u00ed je jednozna\u010dnou z\u00e1le\u017eitost\u00ed pro Tadeje Poga\u010dara z UAE Emirates, bitva o zelen\u00fd dres bude hodn\u011b zaj\u00edmav\u00e1. Rozhodn\u011b si zaslou\u017e\u00ed velkou pozornost. Padaj\u00ed jm\u00e9na jako Jasper Philipsen z Alpecin Deceuninck, Tim Merlier ze Soudal Quick Step, Jonathan Milan z Lidl-Trek nebo obh\u00e1jce v\u00edt\u011bzstv\u00ed Biniam Girmay obl\u00e9kaj\u00edc\u00ed trikot Intermarch\u00e9 Wanty. Ale m\u016fj tip je \u00fapln\u011b jin\u00fd&#8230;<\/p>\n<h2><strong>Chce Mathieu van der Poel zelen\u00fd dres?<\/strong><\/h2>\n<p>Mysl\u00edm, \u017ee se o v\u00edt\u011bzstv\u00ed v bodovac\u00ed sout\u011b\u017ei pokus\u00ed Mathieu van der Poel. Profil leto\u0161n\u00ed Tour de France je hodn\u011b nevyzpytateln\u00fd. Po\u0159ad\u00ed se minim\u00e1ln\u011b v \u00favodn\u00ed polovin\u011b z\u00e1vodu bude \u010dasto m\u011bnit. Nejsou tam vylo\u017een\u00e9 hory. A kdy\u017e jsem sledoval, jak\u00fdm zp\u016fsobem \u0161el nizozemsk\u00fd cyklista sestavy Alpecin Deceuninck do etap na Crit\u00e9rium du Dauphin\u00e9, s\u00e1zel bych p\u0159i Tour de France na jeho univerz\u00e1ln\u00ed schopnosti.<\/p>\n<p>Pochopiteln\u011b bude z\u00e1le\u017eet, jak\u00fd dostane prostor od t\u00fdmu. Prvn\u00edch sedm dn\u016f hodn\u011b napov\u00ed. V itiner\u00e1\u0159i jsou t\u0159i vylo\u017een\u011b rovinat\u00e9 dojezdy, kde je v\u0161eobecn\u011b o\u010dek\u00e1van\u00fdm sc\u00e9n\u00e1\u0159em v p\u0159\u00edpad\u011b sestavy Alpecin Deceuninck lead out Mathieu van der Poel a fini\u0161 Jasper Philipsen.<\/p>\n<figure id=\"attachment_28914\" aria-describedby=\"caption-attachment-28914\" style=\"width: 1800px\" class=\"wp-caption alignnone\"><a href=\"https:\/\/d2p6e6u75xmxt8.cloudfront.net\/13\/2025\/04\/profimedia-0987651071.webp\"><img loading=\"lazy\" decoding=\"async\" class=\"size-full wp-image-28914\" src=\"https:\/\/d2p6e6u75xmxt8.cloudfront.net\/13\/2025\/04\/profimedia-0987651071.webp\" alt=\"\" width=\"1800\" height=\"1200\" srcset=\"https:\/\/d2p6e6u75xmxt8.cloudfront.net\/13\/2025\/04\/profimedia-0987651071.webp 1800w, https:\/\/d2p6e6u75xmxt8.cloudfront.net\/13\/2025\/04\/profimedia-0987651071-300x200.webp 300w, https:\/\/d2p6e6u75xmxt8.cloudfront.net\/13\/2025\/04\/profimedia-0987651071-1024x683.webp 1024w, https:\/\/d2p6e6u75xmxt8.cloudfront.net\/13\/2025\/04\/profimedia-0987651071-768x512.webp 768w, https:\/\/d2p6e6u75xmxt8.cloudfront.net\/13\/2025\/04\/profimedia-0987651071-1536x1024.webp 1536w, https:\/\/d2p6e6u75xmxt8.cloudfront.net\/13\/2025\/04\/profimedia-0987651071-400x267.webp 400w, https:\/\/d2p6e6u75xmxt8.cloudfront.net\/13\/2025\/04\/profimedia-0987651071-272x182.webp 272w\" sizes=\"auto, (max-width: 1800px) 100vw, 1800px\" \/><\/a><figcaption id=\"caption-attachment-28914\" class=\"wp-caption-text\"><em>Mathieu van der Poel je nej\u017ehav\u011bj\u0161\u00edm adeptem na zelen\u00fd dres, tvrd\u00ed Zden\u011bk \u0160tybar.<\/em><\/figcaption><\/figure>\n<p>Ale kdy\u017e se podrobn\u011b nastuduje mno\u017estv\u00ed etap se zvln\u011bn\u00fdm dojezdem, volba van der Poela jako mu\u017ee na po\u0159ad\u00ed v bodovac\u00ed sout\u011b\u017ei by byla logick\u00e1. Nav\u00edc velmi pravd\u011bpodobn\u011b bude chodit do \u00fanik\u016f, tud\u00ed\u017e m\u016f\u017ee posb\u00edrat body na sprintech p\u0159i etap\u00e1ch v pozd\u011bj\u0161\u00edm pr\u016fb\u011bhu Tour de France.<\/p>\n<p>Moc bych p\u0159\u00e1l p\u0159\u00edle\u017eitost ze strany t\u00fdmu Woutu van Aertovi. Jeho vystoupen\u00ed na italsk\u00e9m Giru m\u011b nadchlo. M\u011bl jsem z n\u011bj v\u00e1\u017en\u011b radost. Vr\u00e1til se na pozice, kde mu to slu\u0161\u00ed. Snad ho moc nep\u0159ibrzd\u00ed zdravotn\u00ed trable, kter\u00e9 m\u011bl t\u011bsn\u011b p\u0159ed Tour de France. Mo\u017en\u00e1 jeho t\u00fdm Visma Lease a Bike uvid\u00ed, \u017ee je Tadej Poga\u010dar z pohledu boje o celkov\u00e9 po\u0159ad\u00ed moc odsko\u010den\u00fd a zam\u011b\u0159\u00ed se na zisk zelen\u00e9ho dresu. Wout van Aert s t\u00edm m\u00e1 zku\u0161enost ze sezony 2022, kdy vyhr\u00e1l \u010dty\u0159i etapy.<\/p>\n<h2><strong>Ide\u00e1ln\u00ed sc\u00e9n\u00e1\u0159? Bittner\u016fv triumf v Lille<\/strong><\/h2>\n<p>T\u011b\u0161\u00ed m\u011b nominace Pavla Bittnera v t\u00fdmu Picnic PostNL. Kdyby se mu poda\u0159ilo ovl\u00e1dnout n\u011bkter\u00fd z dojezd\u016f p\u0159i etap\u00e1ku Kolem \u0160v\u00fdcarska, ur\u010dit\u011b by m\u00ed\u0159il na Tour v lep\u0161\u00edm psychick\u00e9m rozpolo\u017een\u00ed a jeho sebev\u011bdom\u00ed by bylo je\u0161t\u011b v\u011bt\u0161\u00ed. Jsem p\u0159esv\u011bd\u010den\u00fd, \u017ee je schopn\u00fd vyhr\u00e1t etapu.<\/p>\n<p>Budu na Tour p\u0159i prvn\u00ed etap\u011b a m\u016fj vysn\u011bn\u00fd sc\u00e9n\u00e1\u0159 je, \u017ee Pavel vyhraje. Pokud skute\u010dn\u011b dostane od t\u00fdmu p\u0159\u00edle\u017eitost a n\u00e1sledn\u011b se naskytne v dojezdu, mus\u00ed do toho j\u00edt. Za \u017eivot mnoho \u0161anc\u00ed na zisk \u017elut\u00e9ho trikotu z Tour de France cyklista nedostane.<\/p>\n<p>Jeho v\u00fdhodou bude tot\u00e1ln\u00ed nep\u0159edv\u00eddatelnost prvn\u00ed etapy. Z vlastn\u00ed zku\u0161enosti v\u00edm, \u017ee nejhor\u0161\u00ed mo\u017en\u00fd sc\u00e9n\u00e1\u0159 prvn\u00ed etapy na Grand Tour je sprintersk\u00fd dojezd. Tu\u0161\u00edm, \u017ee kluci na celkov\u00e9 po\u0159ad\u00ed pojedou od za\u010d\u00e1tku bomby. Nebudou \u010dekat na hory, ale hezky na maximum hned od prvn\u00edch kilometr\u016f. Dvacet lid\u00ed mysl\u00ed na top deset a nechce ztratit.<\/p>\n<figure id=\"attachment_26963\" aria-describedby=\"caption-attachment-26963\" style=\"width: 1800px\" class=\"wp-caption alignnone\"><a href=\"https:\/\/d2p6e6u75xmxt8.cloudfront.net\/13\/2024\/08\/profimedia-0900437624.webp\"><img loading=\"lazy\" decoding=\"async\" class=\"size-full wp-image-26963\" src=\"https:\/\/d2p6e6u75xmxt8.cloudfront.net\/13\/2024\/08\/profimedia-0900437624.webp\" alt=\"\" width=\"1800\" height=\"1226\" srcset=\"https:\/\/d2p6e6u75xmxt8.cloudfront.net\/13\/2024\/08\/profimedia-0900437624.webp 1800w, https:\/\/d2p6e6u75xmxt8.cloudfront.net\/13\/2024\/08\/profimedia-0900437624-300x204.webp 300w, https:\/\/d2p6e6u75xmxt8.cloudfront.net\/13\/2024\/08\/profimedia-0900437624-1024x697.webp 1024w, https:\/\/d2p6e6u75xmxt8.cloudfront.net\/13\/2024\/08\/profimedia-0900437624-768x523.webp 768w, https:\/\/d2p6e6u75xmxt8.cloudfront.net\/13\/2024\/08\/profimedia-0900437624-1536x1046.webp 1536w, https:\/\/d2p6e6u75xmxt8.cloudfront.net\/13\/2024\/08\/profimedia-0900437624-400x272.webp 400w\" sizes=\"auto, (max-width: 1800px) 100vw, 1800px\" \/><\/a><figcaption id=\"caption-attachment-26963\" class=\"wp-caption-text\"><em>Pavel Bittner (vlevo) bojuje o etapov\u00e9 v\u00edt\u011bzstv\u00ed s Woutem van Aertem, kter\u00fd nosil zelen\u00fd dres p\u0159i Vuelt\u011b 2024.<\/em><\/figcaption><\/figure>\n<p>Do toho <a href=\"https:\/\/www.welovecycling.com\/cs\/2025\/07\/01\/sprinteri-maji-zlutou-vabnicku-favorite-zeleneho-trikotu-tour\/\">sprintersk\u00e9 t\u00fdmy<\/a> cht\u011bj\u00ed \u017elu\u0165\u00e1ka. V itiner\u00e1\u0159i nejsou dlouh\u00e9 kopce, tak\u017ee do spurtu p\u0159ijedou z\u0159ejm\u011b v\u0161ichni. A v absolutn\u00ed top form\u011b, proto\u017ee se na Tour chystaj\u00ed t\u00fddny. Roli m\u016f\u017ee hr\u00e1t v\u00edtr. K tomu nervozita. Riziko p\u00e1d\u016f. Prost\u011b tot\u00e1ln\u00ed chaos. Pro sprintery z men\u0161\u00edch t\u00fdm\u016f ide\u00e1ln\u00ed konstelace.<\/p>\n<p>Netvrd\u00edm, \u017ee bude Pavel Bittner bojovat o zelen\u00fd dres. Ale etapu ur\u010dit\u011b vyhr\u00e1t m\u016f\u017ee. A kdy\u017e se v\u0161echno sejde, m\u016f\u017ee b\u00fdt poprv\u00e9 historii \u010desk\u00fd cyklista ve \u017elut\u00e9m. Mnoho podobn\u00fdch \u0161anc\u00ed u\u017e Pavle nebude&#8230;&#8220;<\/p>\n","protected":false},"excerpt":{"rendered":"<p>Cavendish, Kittel, Boonen&#8230; Extr\u00e9mn\u011b rychl\u00ed cyklist\u00e9, kte\u0159\u00ed v minulosti ve spurtu vyhr\u00e1vali etapy Tour de France a nosili zelen\u00fd dres. [&hellip;]<\/p>\n","protected":false},"author":138,"featured_media":26669,"comment_status":"open","ping_status":"open","sticky":false,"template":"","format":"standard","meta":{"footnotes":""},"categories":[1711],"tags":[4246,1676,3843,73,1720],"global-categories":[411],"class_list":["post-29789","post","type-post","status-publish","format-standard","has-post-thumbnail","hentry","category-tour-de-france","tag-1-etapa-tour-de-france-2025","tag-pavel-bittner","tag-tour-de-france-2025","tag-zdenek-stybar","tag-zluty-dres","global-categories-cycling"],"yoast_head":"<!-- This site is optimized with the Yoast SEO Premium plugin v25.3 (Yoast SEO v25.9) - https:\/\/yoast.com\/wordpress\/plugins\/seo\/ -->\n<title>Zelen\u00fd dres? Ani Philipsen, Merlier nebo Girmay | \u0160koda We Love Cycling - \u010cesk\u00e1 republika<\/title>\n<meta name=\"description\" content=\"Cavendish, Kittel, Boonen... Extr\u00e9mn\u011b rychl\u00ed cyklist\u00e9, kte\u0159\u00ed v minulosti ve spurtu vyhr\u00e1vali etapy Tour de France a nosili zelen\u00fd dres. V sou\u010dtu slavili p\u011btapades\u00e1t triumf\u016f! A jejich par\u0165\u00e1k byl Zden\u011bk \u0160tybar, s\u00e1m v\u00edt\u011bz \u0161est\u00e9ho d\u011bjstv\u00ed z Tour de France 2015. B\u00fdval\u00fd z\u00e1vodn\u00edk Quick Stepu \u010di Jayco AlUla tak m\u016f\u017ee v roli p\u0159\u00edm\u00e9ho pozorovatele z d\u011bji\u0161t\u011b Grande Boucle 2025 hodnotit nad\u011bje adept\u016f zelen\u00e9ho dresu, kter\u00fd sponzoruje \u0160koda Auto. A do n\u011bj\u017e, alespo\u0148 \u010d\u00e1ste\u010dn\u011b, snad zas\u00e1hne i jedin\u00fd \u010desk\u00fd cyklista na startu Pavel Bittner.\" \/>\n<meta name=\"robots\" content=\"index, follow, max-snippet:-1, max-image-preview:large, max-video-preview:-1\" \/>\n<link rel=\"canonical\" href=\"https:\/\/www.welovecycling.com\/cs\/2025\/07\/04\/zeleny-dres-ani-philipsen-merlier-nebo-girmay\/\" \/>\n<meta property=\"og:locale\" content=\"cs_CZ\" \/>\n<meta property=\"og:type\" content=\"article\" \/>\n<meta property=\"og:title\" content=\"Zelen\u00fd dres? Ani Philipsen, Merlier nebo Girmay\" \/>\n<meta property=\"og:description\" content=\"Cavendish, Kittel, Boonen... Extr\u00e9mn\u011b rychl\u00ed cyklist\u00e9, kte\u0159\u00ed v minulosti ve spurtu vyhr\u00e1vali etapy Tour de France a nosili zelen\u00fd dres. V sou\u010dtu slavili p\u011btapades\u00e1t triumf\u016f! A jejich par\u0165\u00e1k byl Zden\u011bk \u0160tybar, s\u00e1m v\u00edt\u011bz \u0161est\u00e9ho d\u011bjstv\u00ed z Tour de France 2015. B\u00fdval\u00fd z\u00e1vodn\u00edk Quick Stepu \u010di Jayco AlUla tak m\u016f\u017ee v roli p\u0159\u00edm\u00e9ho pozorovatele z d\u011bji\u0161t\u011b Grande Boucle 2025 hodnotit nad\u011bje adept\u016f zelen\u00e9ho dresu, kter\u00fd sponzoruje \u0160koda Auto. A do n\u011bj\u017e, alespo\u0148 \u010d\u00e1ste\u010dn\u011b, snad zas\u00e1hne i jedin\u00fd \u010desk\u00fd cyklista na startu Pavel Bittner.\" \/>\n<meta property=\"og:url\" content=\"https:\/\/www.welovecycling.com\/cs\/2025\/07\/04\/zeleny-dres-ani-philipsen-merlier-nebo-girmay\/\" \/>\n<meta property=\"og:site_name\" content=\"\u0160koda We Love Cycling - \u010cesk\u00e1 republika\" \/>\n<meta property=\"article:published_time\" content=\"2025-07-04T04:00:08+00:00\" \/>\n<meta property=\"og:image\" content=\"https:\/\/d2p6e6u75xmxt8.cloudfront.net\/13\/2024\/07\/1800-x-1200-velky.webp\" \/>\n\t<meta property=\"og:image:width\" content=\"1800\" \/>\n\t<meta property=\"og:image:height\" content=\"1200\" \/>\n\t<meta property=\"og:image:type\" content=\"image\/webp\" \/>\n<meta name=\"author\" content=\"radekmalina\" \/>\n<meta name=\"twitter:card\" content=\"summary_large_image\" \/>\n<meta name=\"twitter:label1\" content=\"Written by\" \/>\n\t<meta name=\"twitter:data1\" content=\"We Love Cycling\" \/>\n\t<meta name=\"twitter:label2\" content=\"Est. reading time\" \/>\n\t<meta name=\"twitter:data2\" content=\"5\" \/>\n<script type=\"application\/ld+json\" class=\"yoast-schema-graph\">{\"@context\":\"https:\/\/schema.org\",\"@graph\":[{\"@type\":\"WebPage\",\"@id\":\"https:\/\/www.welovecycling.com\/cs\/2025\/07\/04\/zeleny-dres-ani-philipsen-merlier-nebo-girmay\/\",\"url\":\"https:\/\/www.welovecycling.com\/cs\/2025\/07\/04\/zeleny-dres-ani-philipsen-merlier-nebo-girmay\/\",\"name\":\"Zelen\u00fd dres? Ani Philipsen, Merlier nebo Girmay | \u0160koda We Love Cycling - \u010cesk\u00e1 republika\",\"isPartOf\":{\"@id\":\"https:\/\/www.welovecycling.com\/cs\/#website\"},\"primaryImageOfPage\":{\"@id\":\"https:\/\/www.welovecycling.com\/cs\/2025\/07\/04\/zeleny-dres-ani-philipsen-merlier-nebo-girmay\/#primaryimage\"},\"image\":{\"@id\":\"https:\/\/www.welovecycling.com\/cs\/2025\/07\/04\/zeleny-dres-ani-philipsen-merlier-nebo-girmay\/#primaryimage\"},\"thumbnailUrl\":\"https:\/\/d2p6e6u75xmxt8.cloudfront.net\/13\/2024\/07\/1800-x-1200-velky.webp\",\"datePublished\":\"2025-07-04T04:00:08+00:00\",\"author\":{\"@id\":\"https:\/\/www.welovecycling.com\/cs\/#\/schema\/person\/d9eeb0a378f3a7e4a6d12d2b536b04b8\"},\"description\":\"Cavendish, Kittel, Boonen... Extr\u00e9mn\u011b rychl\u00ed cyklist\u00e9, kte\u0159\u00ed v minulosti ve spurtu vyhr\u00e1vali etapy Tour de France a nosili zelen\u00fd dres. V sou\u010dtu slavili p\u011btapades\u00e1t triumf\u016f! A jejich par\u0165\u00e1k byl Zden\u011bk \u0160tybar, s\u00e1m v\u00edt\u011bz \u0161est\u00e9ho d\u011bjstv\u00ed z Tour de France 2015. B\u00fdval\u00fd z\u00e1vodn\u00edk Quick Stepu \u010di Jayco AlUla tak m\u016f\u017ee v roli p\u0159\u00edm\u00e9ho pozorovatele z d\u011bji\u0161t\u011b Grande Boucle 2025 hodnotit nad\u011bje adept\u016f zelen\u00e9ho dresu, kter\u00fd sponzoruje \u0160koda Auto. A do n\u011bj\u017e, alespo\u0148 \u010d\u00e1ste\u010dn\u011b, snad zas\u00e1hne i jedin\u00fd \u010desk\u00fd cyklista na startu Pavel Bittner.\",\"inLanguage\":\"cs\",\"potentialAction\":[{\"@type\":\"ReadAction\",\"target\":[\"https:\/\/www.welovecycling.com\/cs\/2025\/07\/04\/zeleny-dres-ani-philipsen-merlier-nebo-girmay\/\"]}]},{\"@type\":\"ImageObject\",\"inLanguage\":\"cs\",\"@id\":\"https:\/\/www.welovecycling.com\/cs\/2025\/07\/04\/zeleny-dres-ani-philipsen-merlier-nebo-girmay\/#primaryimage\",\"url\":\"https:\/\/d2p6e6u75xmxt8.cloudfront.net\/13\/2024\/07\/1800-x-1200-velky.webp\",\"contentUrl\":\"https:\/\/d2p6e6u75xmxt8.cloudfront.net\/13\/2024\/07\/1800-x-1200-velky.webp\",\"width\":1800,\"height\":1200,\"caption\":\"Zden\u011bk \u0160tybar Roubaix Wout van Aert Mathias Vacek Tadej Poga\u010dar Remco Evenepoel Mathieu van der Poel\"},{\"@type\":\"WebSite\",\"@id\":\"https:\/\/www.welovecycling.com\/cs\/#website\",\"url\":\"https:\/\/www.welovecycling.com\/cs\/\",\"name\":\"\u0160koda We Love Cycling - \u010cesk\u00e1 republika\",\"description\":\"WeLoveCycling.cz je online magaz\u00edn, kter\u00fd v\u00e1m pravideln\u011b p\u0159in\u00e1\u0161\u00ed rady a tipy, zaj\u00edmav\u00e9 \u010dl\u00e1nky, videa a jedine\u010dn\u00e9 report\u00e1\u017ee ze sv\u011bta cyklistiky.\",\"potentialAction\":[{\"@type\":\"SearchAction\",\"target\":{\"@type\":\"EntryPoint\",\"urlTemplate\":\"https:\/\/www.welovecycling.com\/cs\/?s={search_term_string}\"},\"query-input\":{\"@type\":\"PropertyValueSpecification\",\"valueRequired\":true,\"valueName\":\"search_term_string\"}}],\"inLanguage\":\"cs\"},{\"@type\":\"Person\",\"@id\":\"https:\/\/www.welovecycling.com\/cs\/#\/schema\/person\/d9eeb0a378f3a7e4a6d12d2b536b04b8\",\"name\":\"radekmalina\",\"image\":{\"@type\":\"ImageObject\",\"inLanguage\":\"cs\",\"@id\":\"https:\/\/www.welovecycling.com\/cs\/#\/schema\/person\/image\/\",\"url\":\"https:\/\/secure.gravatar.com\/avatar\/66994b632cb8c39a46b9f54afa3ae07201b678d32a54275b6f1c9ffec356bfc0?s=96&d=mm&r=g\",\"contentUrl\":\"https:\/\/secure.gravatar.com\/avatar\/66994b632cb8c39a46b9f54afa3ae07201b678d32a54275b6f1c9ffec356bfc0?s=96&d=mm&r=g\",\"caption\":\"radekmalina\"},\"url\":\"https:\/\/www.welovecycling.com\/cs\/author\/radekmalina\/\"}]}<\/script>\n<!-- \/ Yoast SEO Premium plugin. -->","yoast_head_json":{"title":"Zelen\u00fd dres? Ani Philipsen, Merlier nebo Girmay | \u0160koda We Love Cycling - \u010cesk\u00e1 republika","description":"Cavendish, Kittel, Boonen... Extr\u00e9mn\u011b rychl\u00ed cyklist\u00e9, kte\u0159\u00ed v minulosti ve spurtu vyhr\u00e1vali etapy Tour de France a nosili zelen\u00fd dres. V sou\u010dtu slavili p\u011btapades\u00e1t triumf\u016f! A jejich par\u0165\u00e1k byl Zden\u011bk \u0160tybar, s\u00e1m v\u00edt\u011bz \u0161est\u00e9ho d\u011bjstv\u00ed z Tour de France 2015. B\u00fdval\u00fd z\u00e1vodn\u00edk Quick Stepu \u010di Jayco AlUla tak m\u016f\u017ee v roli p\u0159\u00edm\u00e9ho pozorovatele z d\u011bji\u0161t\u011b Grande Boucle 2025 hodnotit nad\u011bje adept\u016f zelen\u00e9ho dresu, kter\u00fd sponzoruje \u0160koda Auto. A do n\u011bj\u017e, alespo\u0148 \u010d\u00e1ste\u010dn\u011b, snad zas\u00e1hne i jedin\u00fd \u010desk\u00fd cyklista na startu Pavel Bittner.","robots":{"index":"index","follow":"follow","max-snippet":"max-snippet:-1","max-image-preview":"max-image-preview:large","max-video-preview":"max-video-preview:-1"},"canonical":"https:\/\/www.welovecycling.com\/cs\/2025\/07\/04\/zeleny-dres-ani-philipsen-merlier-nebo-girmay\/","og_locale":"cs_CZ","og_type":"article","og_title":"Zelen\u00fd dres? Ani Philipsen, Merlier nebo Girmay","og_description":"Cavendish, Kittel, Boonen... Extr\u00e9mn\u011b rychl\u00ed cyklist\u00e9, kte\u0159\u00ed v minulosti ve spurtu vyhr\u00e1vali etapy Tour de France a nosili zelen\u00fd dres. V sou\u010dtu slavili p\u011btapades\u00e1t triumf\u016f! A jejich par\u0165\u00e1k byl Zden\u011bk \u0160tybar, s\u00e1m v\u00edt\u011bz \u0161est\u00e9ho d\u011bjstv\u00ed z Tour de France 2015. B\u00fdval\u00fd z\u00e1vodn\u00edk Quick Stepu \u010di Jayco AlUla tak m\u016f\u017ee v roli p\u0159\u00edm\u00e9ho pozorovatele z d\u011bji\u0161t\u011b Grande Boucle 2025 hodnotit nad\u011bje adept\u016f zelen\u00e9ho dresu, kter\u00fd sponzoruje \u0160koda Auto. A do n\u011bj\u017e, alespo\u0148 \u010d\u00e1ste\u010dn\u011b, snad zas\u00e1hne i jedin\u00fd \u010desk\u00fd cyklista na startu Pavel Bittner.","og_url":"https:\/\/www.welovecycling.com\/cs\/2025\/07\/04\/zeleny-dres-ani-philipsen-merlier-nebo-girmay\/","og_site_name":"\u0160koda We Love Cycling - \u010cesk\u00e1 republika","article_published_time":"2025-07-04T04:00:08+00:00","og_image":[{"width":1800,"height":1200,"url":"https:\/\/d2p6e6u75xmxt8.cloudfront.net\/13\/2024\/07\/1800-x-1200-velky.webp","type":"image\/webp"}],"author":"radekmalina","twitter_card":"summary_large_image","twitter_misc":{"Written by":"We Love Cycling","Est. reading time":"5"},"schema":{"@context":"https:\/\/schema.org","@graph":[{"@type":"WebPage","@id":"https:\/\/www.welovecycling.com\/cs\/2025\/07\/04\/zeleny-dres-ani-philipsen-merlier-nebo-girmay\/","url":"https:\/\/www.welovecycling.com\/cs\/2025\/07\/04\/zeleny-dres-ani-philipsen-merlier-nebo-girmay\/","name":"Zelen\u00fd dres? Ani Philipsen, Merlier nebo Girmay | \u0160koda We Love Cycling - \u010cesk\u00e1 republika","isPartOf":{"@id":"https:\/\/www.welovecycling.com\/cs\/#website"},"primaryImageOfPage":{"@id":"https:\/\/www.welovecycling.com\/cs\/2025\/07\/04\/zeleny-dres-ani-philipsen-merlier-nebo-girmay\/#primaryimage"},"image":{"@id":"https:\/\/www.welovecycling.com\/cs\/2025\/07\/04\/zeleny-dres-ani-philipsen-merlier-nebo-girmay\/#primaryimage"},"thumbnailUrl":"https:\/\/d2p6e6u75xmxt8.cloudfront.net\/13\/2024\/07\/1800-x-1200-velky.webp","datePublished":"2025-07-04T04:00:08+00:00","author":{"@id":"https:\/\/www.welovecycling.com\/cs\/#\/schema\/person\/d9eeb0a378f3a7e4a6d12d2b536b04b8"},"description":"Cavendish, Kittel, Boonen... Extr\u00e9mn\u011b rychl\u00ed cyklist\u00e9, kte\u0159\u00ed v minulosti ve spurtu vyhr\u00e1vali etapy Tour de France a nosili zelen\u00fd dres. V sou\u010dtu slavili p\u011btapades\u00e1t triumf\u016f! A jejich par\u0165\u00e1k byl Zden\u011bk \u0160tybar, s\u00e1m v\u00edt\u011bz \u0161est\u00e9ho d\u011bjstv\u00ed z Tour de France 2015. B\u00fdval\u00fd z\u00e1vodn\u00edk Quick Stepu \u010di Jayco AlUla tak m\u016f\u017ee v roli p\u0159\u00edm\u00e9ho pozorovatele z d\u011bji\u0161t\u011b Grande Boucle 2025 hodnotit nad\u011bje adept\u016f zelen\u00e9ho dresu, kter\u00fd sponzoruje \u0160koda Auto. A do n\u011bj\u017e, alespo\u0148 \u010d\u00e1ste\u010dn\u011b, snad zas\u00e1hne i jedin\u00fd \u010desk\u00fd cyklista na startu Pavel Bittner.","inLanguage":"cs","potentialAction":[{"@type":"ReadAction","target":["https:\/\/www.welovecycling.com\/cs\/2025\/07\/04\/zeleny-dres-ani-philipsen-merlier-nebo-girmay\/"]}]},{"@type":"ImageObject","inLanguage":"cs","@id":"https:\/\/www.welovecycling.com\/cs\/2025\/07\/04\/zeleny-dres-ani-philipsen-merlier-nebo-girmay\/#primaryimage","url":"https:\/\/d2p6e6u75xmxt8.cloudfront.net\/13\/2024\/07\/1800-x-1200-velky.webp","contentUrl":"https:\/\/d2p6e6u75xmxt8.cloudfront.net\/13\/2024\/07\/1800-x-1200-velky.webp","width":1800,"height":1200,"caption":"Zden\u011bk \u0160tybar Roubaix Wout van Aert Mathias Vacek Tadej Poga\u010dar Remco Evenepoel Mathieu van der Poel"},{"@type":"WebSite","@id":"https:\/\/www.welovecycling.com\/cs\/#website","url":"https:\/\/www.welovecycling.com\/cs\/","name":"\u0160koda We Love Cycling - \u010cesk\u00e1 republika","description":"WeLoveCycling.cz je online magaz\u00edn, kter\u00fd v\u00e1m pravideln\u011b p\u0159in\u00e1\u0161\u00ed rady a tipy, zaj\u00edmav\u00e9 \u010dl\u00e1nky, videa a jedine\u010dn\u00e9 report\u00e1\u017ee ze sv\u011bta cyklistiky.","potentialAction":[{"@type":"SearchAction","target":{"@type":"EntryPoint","urlTemplate":"https:\/\/www.welovecycling.com\/cs\/?s={search_term_string}"},"query-input":{"@type":"PropertyValueSpecification","valueRequired":true,"valueName":"search_term_string"}}],"inLanguage":"cs"},{"@type":"Person","@id":"https:\/\/www.welovecycling.com\/cs\/#\/schema\/person\/d9eeb0a378f3a7e4a6d12d2b536b04b8","name":"radekmalina","image":{"@type":"ImageObject","inLanguage":"cs","@id":"https:\/\/www.welovecycling.com\/cs\/#\/schema\/person\/image\/","url":"https:\/\/secure.gravatar.com\/avatar\/66994b632cb8c39a46b9f54afa3ae07201b678d32a54275b6f1c9ffec356bfc0?s=96&d=mm&r=g","contentUrl":"https:\/\/secure.gravatar.com\/avatar\/66994b632cb8c39a46b9f54afa3ae07201b678d32a54275b6f1c9ffec356bfc0?s=96&d=mm&r=g","caption":"radekmalina"},"url":"https:\/\/www.welovecycling.com\/cs\/author\/radekmalina\/"}]}},"_links":{"self":[{"href":"https:\/\/www.welovecycling.com\/cs\/wp-json\/wp\/v2\/posts\/29789","targetHints":{"allow":["GET"]}}],"collection":[{"href":"https:\/\/www.welovecycling.com\/cs\/wp-json\/wp\/v2\/posts"}],"about":[{"href":"https:\/\/www.welovecycling.com\/cs\/wp-json\/wp\/v2\/types\/post"}],"author":[{"embeddable":true,"href":"https:\/\/www.welovecycling.com\/cs\/wp-json\/wp\/v2\/users\/138"}],"replies":[{"embeddable":true,"href":"https:\/\/www.welovecycling.com\/cs\/wp-json\/wp\/v2\/comments?post=29789"}],"version-history":[{"count":3,"href":"https:\/\/www.welovecycling.com\/cs\/wp-json\/wp\/v2\/posts\/29789\/revisions"}],"predecessor-version":[{"id":29792,"href":"https:\/\/www.welovecycling.com\/cs\/wp-json\/wp\/v2\/posts\/29789\/revisions\/29792"}],"wp:featuredmedia":[{"embeddable":true,"href":"https:\/\/www.welovecycling.com\/cs\/wp-json\/wp\/v2\/media\/26669"}],"wp:attachment":[{"href":"https:\/\/www.welovecycling.com\/cs\/wp-json\/wp\/v2\/media?parent=29789"}],"wp:term":[{"taxonomy":"category","embeddable":true,"href":"https:\/\/www.welovecycling.com\/cs\/wp-json\/wp\/v2\/categories?post=29789"},{"taxonomy":"post_tag","embeddable":true,"href":"https:\/\/www.welovecycling.com\/cs\/wp-json\/wp\/v2\/tags?post=29789"},{"taxonomy":"global-categories","embeddable":true,"href":"https:\/\/www.welovecycling.com\/cs\/wp-json\/wp\/v2\/global-categories?post=29789"}],"curies":[{"name":"wp","href":"https:\/\/api.w.org\/{rel}","templated":true}]}}