{"id":29751,"date":"2025-07-02T04:00:28","date_gmt":"2025-07-02T02:00:28","guid":{"rendered":"https:\/\/www.welovecycling.com\/cs\/?p=29751"},"modified":"2025-07-01T23:04:00","modified_gmt":"2025-07-01T21:04:00","slug":"pogacar-spraskal-konkurenty-jako-kadety","status":"publish","type":"post","link":"https:\/\/www.welovecycling.com\/cs\/2025\/07\/02\/pogacar-spraskal-konkurenty-jako-kadety\/","title":{"rendered":"Poga\u010dar spr\u00e1skal konkurenty jako kadety"},"content":{"rendered":"<p><strong>Za\u017eil pocit etapov\u00e9ho v\u00edt\u011bze na Tour de France, kterou dvakr\u00e1t absolvoval jako z\u00e1vodn\u00edk formace Quick Step. Letos se Zden\u011bk \u0160tybar vr\u00e1t\u00ed do karavany nejv\u011bt\u0161\u00edho etapov\u00e9ho z\u00e1vodu v roli ambasadora a experta We Love Cycling. Jak\u00e1 jsou o\u010dek\u00e1v\u00e1n\u00ed dev\u011btat\u0159icetilet\u00e9ho borce, jen\u017e se py\u0161n\u00ed i d\u00edl\u010d\u00edm v\u00edt\u011bzstv\u00edm z Vuelty, v bitv\u011b o celkov\u00e9 prvenstv\u00ed ze Star\u00e9 d\u00e1my? A co by se muselo podle trojn\u00e1sobn\u00e9ho sv\u011btov\u00e9ho \u0161ampiona v cyklokrosu p\u0159ihodit, aby Slovinec Tadej Poga\u010dar nevyhr\u00e1l \u010dtvrtou Tour de France?<\/strong><\/p>\n<p>&#8222;Jednozna\u010dn\u00fdm favoritem Tour de France je pro m\u011b Tadej Poga\u010dar. Kdy\u017e jsem ho vid\u011bl na Crit\u00e9rium du Dauphin\u00e9, neodva\u017euji se \u0159\u00edct, \u017ee by mu n\u011bkdo mohl konkurovat. Slovinec je na \u00fapln\u011b jin\u00e9m levelu. Pokud se nestane nic v podob\u011b p\u00e1d\u016f, nemoc\u00ed \u010di zran\u011bn\u00ed, vyhraje po\u010dtvrt\u00e9 v kari\u00e9\u0159e Tadej Poga\u010dar. Je jasn\u00e9, \u017ee se Jonas Vingegaard i Remco Evenepoel ve srovn\u00e1n\u00ed s Dauphin\u00e9 zlep\u0161\u00ed. Ale stejn\u011b tak Poga\u010dar.<\/p>\n<h2><strong>Tadej Poga\u010dar ur\u010dit\u011b neblufoval<\/strong><\/h2>\n<p>Zaznamenal jsem tvrzen\u00ed, \u017ee Tadej Poga\u010dar p\u0159i \u010dasovce na Dauphin\u00e9 blufoval a jel z\u00e1m\u011brn\u011b pomalu. Podle m\u00e9ho jde o nesmysl. N\u011bco takov\u00e9ho se vym\u00fd\u0161lelo d\u0159\u00edve. Prost\u011b mu \u010dasovka nesedla. Kdyby m\u011bl kondi\u010dn\u00ed probl\u00e9m, nevyhr\u00e1l by za dva dny etapu o minutu. A dal\u0161\u00ed den znovu. Jednalo se o jasnou demonstraci formy. Nav\u00edc nepochybuji, \u017ee nezdar v \u010dasovce jej p\u0159inutil sed\u011bt v tr\u00e9ninku na kole pro boj s chronometrem mnohem v\u00edce.<\/p>\n<figure id=\"attachment_29488\" aria-describedby=\"caption-attachment-29488\" style=\"width: 1800px\" class=\"wp-caption alignnone\"><a href=\"https:\/\/d2p6e6u75xmxt8.cloudfront.net\/13\/2025\/06\/profimedia-1011247499.webp\"><img loading=\"lazy\" decoding=\"async\" class=\"size-full wp-image-29488\" src=\"https:\/\/d2p6e6u75xmxt8.cloudfront.net\/13\/2025\/06\/profimedia-1011247499.webp\" alt=\"\" width=\"1800\" height=\"1200\" srcset=\"https:\/\/d2p6e6u75xmxt8.cloudfront.net\/13\/2025\/06\/profimedia-1011247499.webp 1800w, https:\/\/d2p6e6u75xmxt8.cloudfront.net\/13\/2025\/06\/profimedia-1011247499-300x200.webp 300w, https:\/\/d2p6e6u75xmxt8.cloudfront.net\/13\/2025\/06\/profimedia-1011247499-1024x683.webp 1024w, https:\/\/d2p6e6u75xmxt8.cloudfront.net\/13\/2025\/06\/profimedia-1011247499-768x512.webp 768w, https:\/\/d2p6e6u75xmxt8.cloudfront.net\/13\/2025\/06\/profimedia-1011247499-1536x1024.webp 1536w, https:\/\/d2p6e6u75xmxt8.cloudfront.net\/13\/2025\/06\/profimedia-1011247499-400x267.webp 400w, https:\/\/d2p6e6u75xmxt8.cloudfront.net\/13\/2025\/06\/profimedia-1011247499-272x182.webp 272w\" sizes=\"auto, (max-width: 1800px) 100vw, 1800px\" \/><\/a><figcaption id=\"caption-attachment-29488\" class=\"wp-caption-text\"><em>Tadej Poga\u010dar (vlevo) a jeho \u00fahlavn\u00ed rival pro Tour de France Jonas Vingegaard.<\/em><\/figcaption><\/figure>\n<p>V\u00fdkon v horsk\u00fdch etap\u00e1ch na Crit\u00e9rium du Dauphin\u00e9 byl od Tadeje skute\u010dn\u011b v\u00fdjime\u010dn\u00fd. Evenepoel i Vingegaard jsou absolutn\u00ed elita. \u010cetl jsem, \u017ee p\u0159evedeno do atletick\u00fdch tabulek, byl rozd\u00edl p\u0159i uplatn\u011bn\u00ed z\u00e1vodu v b\u011bhu na p\u011bt kilometr\u016f na ov\u00e1lu proti dal\u0161\u00edm cyklist\u016fm v po\u0159ad\u00ed jedno kolo! To je v\u00e1\u017en\u011b hr\u016fzostra\u0161n\u00e9. A p\u0159itom dost mo\u017en\u00e1 mohl nastoupit v obou etap\u00e1ch je\u0161t\u011b d\u0159\u00edve, tud\u00ed\u017e byl rozd\u00edl byl dramati\u010dt\u011bj\u0161\u00ed. Zcela za sv\u00e9 vzalo i tvrzen\u00ed, \u017ee Tadej Poga\u010dar neum\u00ed jezdit dlouh\u00e9 kopce s m\u00edrn\u011bj\u0161\u00edm procentu\u00e1ln\u00edm sklonem. To se objevilo, kdy\u017e vyhr\u00e1l Vingegaard Tour de France.<\/p>\n<div class=\"shortcode-ys-post-pinup\"><article class=\"loop-simple post-29696 post type-post status-publish format-standard has-post-thumbnail hentry category-silnicni-cyklistika category-tour-de-france tag-cyklistika tag-favorite tag-jonas-vingegaard tag-primoz-roglic tag-remco-evenepoel tag-silnicni-cyklistika tag-tadej-pogacar tag-tour-de-france-2025 global-categories-cycling\" data-postid=\"29696\" role=\"article\" data-post-id=\"29696\" data-word-count=\"648\" data-headline-length=\"71\" data-category=\"Silni\u010dn\u00ed cyklistika\" data-global-category=\"Cycling\" data-author=\"We Love Cycling\" data-published=\"2025-06-27T11:45:55+02:00\" data-published-day=\"Friday\">\n    <div class=\"entry-thumbnail article-thumbnail\" content=\"https:\/\/d2p6e6u75xmxt8.cloudfront.net\/13\/2025\/06\/profimedia-1011047568-150x150.webp\"><a href=\"https:\/\/www.welovecycling.com\/cs\/2025\/06\/27\/top-5-favoritu-tour-de-france-2025-tadej-pogacar-a-jeho-vyzyvatele\/\" class=\"image-holder\" target=\"_self\"><img decoding=\"async\" loading=\"lazy\" class=\"\" src=\"https:\/\/d2p6e6u75xmxt8.cloudfront.net\/13\/2025\/06\/profimedia-1011047568-1024x683.webp\" srcset=\"https:\/\/d2p6e6u75xmxt8.cloudfront.net\/13\/2025\/06\/profimedia-1011047568.webp 1800w, https:\/\/d2p6e6u75xmxt8.cloudfront.net\/13\/2025\/06\/profimedia-1011047568-300x200.webp 300w, https:\/\/d2p6e6u75xmxt8.cloudfront.net\/13\/2025\/06\/profimedia-1011047568-1024x683.webp 1024w, https:\/\/d2p6e6u75xmxt8.cloudfront.net\/13\/2025\/06\/profimedia-1011047568-768x512.webp 768w, https:\/\/d2p6e6u75xmxt8.cloudfront.net\/13\/2025\/06\/profimedia-1011047568-1536x1024.webp 1536w, https:\/\/d2p6e6u75xmxt8.cloudfront.net\/13\/2025\/06\/profimedia-1011047568-400x267.webp 400w, https:\/\/d2p6e6u75xmxt8.cloudfront.net\/13\/2025\/06\/profimedia-1011047568-272x182.webp 272w\" width=\"1024\" height=\"683\" sizes=\"auto, (min-width: 1200px) 300px, (min-width: 768px) 25vw, 100vw\" alt=\"top-5-favoritu-tour-de-france-2025-tadej-pogacar-a-jeho-vyzyvatele\"\/><\/a><\/div>    <div class=\"entry-meta\">\n        <a class=\"label label-secondary post-category\" href=\"https:\/\/www.welovecycling.com\/cs\/category\/silnicni-cyklistika\/\" title=\"Silni\u010dn\u00ed cyklistika\">Silni\u010dn\u00ed cyklistika<\/a>\n    <\/div>\n    <div class=\"entry-details\">\n        <a href=\"https:\/\/www.welovecycling.com\/cs\/2025\/06\/27\/top-5-favoritu-tour-de-france-2025-tadej-pogacar-a-jeho-vyzyvatele\/\" class='entry-title-wrapper'>\n            <h3 class=\"entry-title\"><span>Top 5 favorit\u016f Tour de France 2025: Tadej Poga\u010dar a jeho vyzyvatel\u00e9?<\/span><\/h3>\n        <\/a>\n    <\/div>\n    <\/article>\n<\/div>\n<p>Jonas Vingegaard postr\u00e1d\u00e1, alespo\u0148 z m\u00e9ho pohledu, v\u011bt\u0161\u00ed dravost. Ur\u010dit\u011b je\u0161t\u011b nebyl v top form\u011b a v\u0161e ladil a\u017e na posledn\u00ed chv\u00edli. Ur\u010dit\u011b p\u016fjde v\u00fdkonnostn\u011b nahoru. Jestli jdou cestou postupn\u00e9ho budov\u00e1n\u00ed v\u00fdkonnosti a v\u0161echno ve Visma Lease a Bike stav\u00ed tak, aby nejlep\u0161\u00ed forma p\u0159i\u0161la posledn\u00ed t\u00fdden Tour de France, se teprve uk\u00e1\u017ee. Pokud jezdil d\u00e1nsk\u00fd cyklista 7,2 watt\u016f na kilogram po dobu dvaceti minut, tak si ur\u010dit\u011b v\u011b\u0159\u00ed ve zlep\u0161en\u00ed o jednu nebo dv\u011b desetiny. Sou\u010dasn\u011b je t\u0159eba si uv\u011bdomit, \u017ee zlep\u0161ovat se bude i Tadej.<\/p>\n<h2><strong>Remco je odsouzen\u00fd k boji o bronz<\/strong><\/h2>\n<p>Remco Evenepoel je odsouzen\u00fd k bitv\u011b o t\u0159et\u00ed flek, za p\u0159\u00edzniv\u00e9 konstelace m\u016f\u017ee b\u00fdt druh\u00fd. Nevid\u00edm prostor, aby se zlep\u0161il o tolik, \u017ee by vyhr\u00e1l Tour de France. Mysl\u00edm, \u017ee prim\u00e1rn\u011b bude bojovat o t\u0159et\u00ed p\u0159\u00ed\u010dku, o stupn\u011b v\u00edt\u011bz\u016f. A uvid\u00edme, jak moc bude ochotn\u00fd riskovat v bitv\u011b o druh\u00e9 m\u00edsto. Pochopiteln\u011b m\u016f\u017ee m\u00edt Tadej Poga\u010dar dva \u0161patn\u00e9 dny, nebo n\u011bkde p\u00edchne na v\u011btru&#8230; Velk\u00e1 ztr\u00e1ta Slovince by zm\u011bnila dynamiku cel\u00e9 Tour de France a z\u00e1vod by se stal otev\u0159en\u00fdm. Za norm\u00e1ln\u00edch okolnost\u00ed pojede Soudal Quick Step sp\u00ed\u0161e defenzivn\u011b, aby m\u011bl jist\u00e9 stupn\u011b v\u00edt\u011bz\u016f.<\/p>\n<p>Nemysl\u00edm si, \u017ee Primo\u017e Rogli\u010d z Red Bull Bora -hansgorhe zas\u00e1hne do boje o v\u00edt\u011bzstv\u00ed na <a href=\"https:\/\/www.welovecycling.com\/cs\/2024\/11\/02\/maillot-jaune-se-bude-pri-tour-2025-casto-menit-vesti-expert\/\">Tour de France 2025<\/a>. Je zn\u00e1t, \u017ee na t\u0159i nejlep\u0161\u00ed mu n\u011bco chyb\u00ed. Minul\u00fd rok vyhr\u00e1l Vueltu, co\u017e je mimo\u0159\u00e1dn\u011b t\u011b\u017ek\u00fd z\u00e1vod. P\u0159i Giru spadnul. Chce se mi \u0159\u00edct zase, proto\u017ee jde o jeho pravidlo na Grand Tour. A za touhle \u010dty\u0159kou bude propast. Ur\u010dit\u011b nelze o\u010dek\u00e1vat, \u017ee by n\u011bkdo z UAE \u00fato\u010dil na Poga\u010dara.&#8220;<\/p>\n","protected":false},"excerpt":{"rendered":"<p>Za\u017eil pocit etapov\u00e9ho v\u00edt\u011bze na Tour de France, kterou dvakr\u00e1t absolvoval jako z\u00e1vodn\u00edk formace Quick Step. Letos se Zden\u011bk \u0160tybar [&hellip;]<\/p>\n","protected":false},"author":138,"featured_media":26669,"comment_status":"open","ping_status":"open","sticky":false,"template":"","format":"standard","meta":{"footnotes":""},"categories":[10],"tags":[126,1601,1721,102,1072,9,502,3843,73,1720],"global-categories":[411],"class_list":["post-29751","post","type-post","status-publish","format-standard","has-post-thumbnail","hentry","category-silnicni-cyklistika","tag-cyklistika","tag-jonas-vingegaard","tag-maillot-jaune","tag-primoz-roglic","tag-remco-evenepoel","tag-silnicni-cyklistika","tag-tadej-pogacar","tag-tour-de-france-2025","tag-zdenek-stybar","tag-zluty-dres","global-categories-cycling"],"yoast_head":"<!-- This site is optimized with the Yoast SEO Premium plugin v25.3 (Yoast SEO v25.9) - https:\/\/yoast.com\/wordpress\/plugins\/seo\/ -->\n<title>Poga\u010dar spr\u00e1skal konkurenty jako kadety | \u0160koda We Love Cycling - \u010cesk\u00e1 republika<\/title>\n<meta name=\"description\" content=\"Za\u017eil pocit etapov\u00e9ho v\u00edt\u011bze na Tour de France, kterou dvakr\u00e1t absolvoval jako z\u00e1vodn\u00edk formace Quick Step. Letos se Zden\u011bk \u0160tybar vr\u00e1t\u00ed do karavany nejv\u011bt\u0161\u00edho etapov\u00e9ho z\u00e1vodu v roli ambasadora a experta We Love Cycling. Jak\u00e1 jsou o\u010dek\u00e1v\u00e1n\u00ed dev\u011btat\u0159icetilet\u00e9ho borce, jen\u017e se py\u0161n\u00ed i d\u00edl\u010d\u00edm v\u00edt\u011bzstv\u00edm z Vuelty, v bitv\u011b o celkov\u00e9 prvenstv\u00ed ze Star\u00e9 d\u00e1my? A co by se muselo podle trojn\u00e1sobn\u00e9ho sv\u011btov\u00e9ho \u0161ampiona v cyklokrosu p\u0159ihodit, aby Slovinec Tadej Poga\u010dar nevyhr\u00e1l \u010dtvrtou Tour de France?\" \/>\n<meta name=\"robots\" content=\"index, follow, max-snippet:-1, max-image-preview:large, max-video-preview:-1\" \/>\n<link rel=\"canonical\" href=\"https:\/\/www.welovecycling.com\/cs\/2025\/07\/02\/pogacar-spraskal-konkurenty-jako-kadety\/\" \/>\n<meta property=\"og:locale\" content=\"cs_CZ\" \/>\n<meta property=\"og:type\" content=\"article\" \/>\n<meta property=\"og:title\" content=\"Poga\u010dar spr\u00e1skal konkurenty jako kadety\" \/>\n<meta property=\"og:description\" content=\"Za\u017eil pocit etapov\u00e9ho v\u00edt\u011bze na Tour de France, kterou dvakr\u00e1t absolvoval jako z\u00e1vodn\u00edk formace Quick Step. Letos se Zden\u011bk \u0160tybar vr\u00e1t\u00ed do karavany nejv\u011bt\u0161\u00edho etapov\u00e9ho z\u00e1vodu v roli ambasadora a experta We Love Cycling. Jak\u00e1 jsou o\u010dek\u00e1v\u00e1n\u00ed dev\u011btat\u0159icetilet\u00e9ho borce, jen\u017e se py\u0161n\u00ed i d\u00edl\u010d\u00edm v\u00edt\u011bzstv\u00edm z Vuelty, v bitv\u011b o celkov\u00e9 prvenstv\u00ed ze Star\u00e9 d\u00e1my? A co by se muselo podle trojn\u00e1sobn\u00e9ho sv\u011btov\u00e9ho \u0161ampiona v cyklokrosu p\u0159ihodit, aby Slovinec Tadej Poga\u010dar nevyhr\u00e1l \u010dtvrtou Tour de France?\" \/>\n<meta property=\"og:url\" content=\"https:\/\/www.welovecycling.com\/cs\/2025\/07\/02\/pogacar-spraskal-konkurenty-jako-kadety\/\" \/>\n<meta property=\"og:site_name\" content=\"\u0160koda We Love Cycling - \u010cesk\u00e1 republika\" \/>\n<meta property=\"article:published_time\" content=\"2025-07-02T02:00:28+00:00\" \/>\n<meta property=\"og:image\" content=\"https:\/\/d2p6e6u75xmxt8.cloudfront.net\/13\/2024\/07\/1800-x-1200-velky.webp\" \/>\n\t<meta property=\"og:image:width\" content=\"1800\" \/>\n\t<meta property=\"og:image:height\" content=\"1200\" \/>\n\t<meta property=\"og:image:type\" content=\"image\/webp\" \/>\n<meta name=\"author\" content=\"radekmalina\" \/>\n<meta name=\"twitter:card\" content=\"summary_large_image\" \/>\n<meta name=\"twitter:label1\" content=\"Written by\" \/>\n\t<meta name=\"twitter:data1\" content=\"We Love Cycling\" \/>\n\t<meta name=\"twitter:label2\" content=\"Est. reading time\" \/>\n\t<meta name=\"twitter:data2\" content=\"5\" \/>\n<script type=\"application\/ld+json\" class=\"yoast-schema-graph\">{\"@context\":\"https:\/\/schema.org\",\"@graph\":[{\"@type\":\"WebPage\",\"@id\":\"https:\/\/www.welovecycling.com\/cs\/2025\/07\/02\/pogacar-spraskal-konkurenty-jako-kadety\/\",\"url\":\"https:\/\/www.welovecycling.com\/cs\/2025\/07\/02\/pogacar-spraskal-konkurenty-jako-kadety\/\",\"name\":\"Poga\u010dar spr\u00e1skal konkurenty jako kadety | \u0160koda We Love Cycling - \u010cesk\u00e1 republika\",\"isPartOf\":{\"@id\":\"https:\/\/www.welovecycling.com\/cs\/#website\"},\"primaryImageOfPage\":{\"@id\":\"https:\/\/www.welovecycling.com\/cs\/2025\/07\/02\/pogacar-spraskal-konkurenty-jako-kadety\/#primaryimage\"},\"image\":{\"@id\":\"https:\/\/www.welovecycling.com\/cs\/2025\/07\/02\/pogacar-spraskal-konkurenty-jako-kadety\/#primaryimage\"},\"thumbnailUrl\":\"https:\/\/d2p6e6u75xmxt8.cloudfront.net\/13\/2024\/07\/1800-x-1200-velky.webp\",\"datePublished\":\"2025-07-02T02:00:28+00:00\",\"author\":{\"@id\":\"https:\/\/www.welovecycling.com\/cs\/#\/schema\/person\/d9eeb0a378f3a7e4a6d12d2b536b04b8\"},\"description\":\"Za\u017eil pocit etapov\u00e9ho v\u00edt\u011bze na Tour de France, kterou dvakr\u00e1t absolvoval jako z\u00e1vodn\u00edk formace Quick Step. Letos se Zden\u011bk \u0160tybar vr\u00e1t\u00ed do karavany nejv\u011bt\u0161\u00edho etapov\u00e9ho z\u00e1vodu v roli ambasadora a experta We Love Cycling. Jak\u00e1 jsou o\u010dek\u00e1v\u00e1n\u00ed dev\u011btat\u0159icetilet\u00e9ho borce, jen\u017e se py\u0161n\u00ed i d\u00edl\u010d\u00edm v\u00edt\u011bzstv\u00edm z Vuelty, v bitv\u011b o celkov\u00e9 prvenstv\u00ed ze Star\u00e9 d\u00e1my? A co by se muselo podle trojn\u00e1sobn\u00e9ho sv\u011btov\u00e9ho \u0161ampiona v cyklokrosu p\u0159ihodit, aby Slovinec Tadej Poga\u010dar nevyhr\u00e1l \u010dtvrtou Tour de France?\",\"inLanguage\":\"cs\",\"potentialAction\":[{\"@type\":\"ReadAction\",\"target\":[\"https:\/\/www.welovecycling.com\/cs\/2025\/07\/02\/pogacar-spraskal-konkurenty-jako-kadety\/\"]}]},{\"@type\":\"ImageObject\",\"inLanguage\":\"cs\",\"@id\":\"https:\/\/www.welovecycling.com\/cs\/2025\/07\/02\/pogacar-spraskal-konkurenty-jako-kadety\/#primaryimage\",\"url\":\"https:\/\/d2p6e6u75xmxt8.cloudfront.net\/13\/2024\/07\/1800-x-1200-velky.webp\",\"contentUrl\":\"https:\/\/d2p6e6u75xmxt8.cloudfront.net\/13\/2024\/07\/1800-x-1200-velky.webp\",\"width\":1800,\"height\":1200,\"caption\":\"Zden\u011bk \u0160tybar Roubaix Wout van Aert Mathias Vacek Tadej Poga\u010dar Remco Evenepoel Mathieu van der Poel\"},{\"@type\":\"WebSite\",\"@id\":\"https:\/\/www.welovecycling.com\/cs\/#website\",\"url\":\"https:\/\/www.welovecycling.com\/cs\/\",\"name\":\"\u0160koda We Love Cycling - \u010cesk\u00e1 republika\",\"description\":\"WeLoveCycling.cz je online magaz\u00edn, kter\u00fd v\u00e1m pravideln\u011b p\u0159in\u00e1\u0161\u00ed rady a tipy, zaj\u00edmav\u00e9 \u010dl\u00e1nky, videa a jedine\u010dn\u00e9 report\u00e1\u017ee ze sv\u011bta cyklistiky.\",\"potentialAction\":[{\"@type\":\"SearchAction\",\"target\":{\"@type\":\"EntryPoint\",\"urlTemplate\":\"https:\/\/www.welovecycling.com\/cs\/?s={search_term_string}\"},\"query-input\":{\"@type\":\"PropertyValueSpecification\",\"valueRequired\":true,\"valueName\":\"search_term_string\"}}],\"inLanguage\":\"cs\"},{\"@type\":\"Person\",\"@id\":\"https:\/\/www.welovecycling.com\/cs\/#\/schema\/person\/d9eeb0a378f3a7e4a6d12d2b536b04b8\",\"name\":\"radekmalina\",\"image\":{\"@type\":\"ImageObject\",\"inLanguage\":\"cs\",\"@id\":\"https:\/\/www.welovecycling.com\/cs\/#\/schema\/person\/image\/\",\"url\":\"https:\/\/secure.gravatar.com\/avatar\/66994b632cb8c39a46b9f54afa3ae07201b678d32a54275b6f1c9ffec356bfc0?s=96&d=mm&r=g\",\"contentUrl\":\"https:\/\/secure.gravatar.com\/avatar\/66994b632cb8c39a46b9f54afa3ae07201b678d32a54275b6f1c9ffec356bfc0?s=96&d=mm&r=g\",\"caption\":\"radekmalina\"},\"url\":\"https:\/\/www.welovecycling.com\/cs\/author\/radekmalina\/\"}]}<\/script>\n<!-- \/ Yoast SEO Premium plugin. -->","yoast_head_json":{"title":"Poga\u010dar spr\u00e1skal konkurenty jako kadety | \u0160koda We Love Cycling - \u010cesk\u00e1 republika","description":"Za\u017eil pocit etapov\u00e9ho v\u00edt\u011bze na Tour de France, kterou dvakr\u00e1t absolvoval jako z\u00e1vodn\u00edk formace Quick Step. Letos se Zden\u011bk \u0160tybar vr\u00e1t\u00ed do karavany nejv\u011bt\u0161\u00edho etapov\u00e9ho z\u00e1vodu v roli ambasadora a experta We Love Cycling. Jak\u00e1 jsou o\u010dek\u00e1v\u00e1n\u00ed dev\u011btat\u0159icetilet\u00e9ho borce, jen\u017e se py\u0161n\u00ed i d\u00edl\u010d\u00edm v\u00edt\u011bzstv\u00edm z Vuelty, v bitv\u011b o celkov\u00e9 prvenstv\u00ed ze Star\u00e9 d\u00e1my? A co by se muselo podle trojn\u00e1sobn\u00e9ho sv\u011btov\u00e9ho \u0161ampiona v cyklokrosu p\u0159ihodit, aby Slovinec Tadej Poga\u010dar nevyhr\u00e1l \u010dtvrtou Tour de France?","robots":{"index":"index","follow":"follow","max-snippet":"max-snippet:-1","max-image-preview":"max-image-preview:large","max-video-preview":"max-video-preview:-1"},"canonical":"https:\/\/www.welovecycling.com\/cs\/2025\/07\/02\/pogacar-spraskal-konkurenty-jako-kadety\/","og_locale":"cs_CZ","og_type":"article","og_title":"Poga\u010dar spr\u00e1skal konkurenty jako kadety","og_description":"Za\u017eil pocit etapov\u00e9ho v\u00edt\u011bze na Tour de France, kterou dvakr\u00e1t absolvoval jako z\u00e1vodn\u00edk formace Quick Step. Letos se Zden\u011bk \u0160tybar vr\u00e1t\u00ed do karavany nejv\u011bt\u0161\u00edho etapov\u00e9ho z\u00e1vodu v roli ambasadora a experta We Love Cycling. Jak\u00e1 jsou o\u010dek\u00e1v\u00e1n\u00ed dev\u011btat\u0159icetilet\u00e9ho borce, jen\u017e se py\u0161n\u00ed i d\u00edl\u010d\u00edm v\u00edt\u011bzstv\u00edm z Vuelty, v bitv\u011b o celkov\u00e9 prvenstv\u00ed ze Star\u00e9 d\u00e1my? A co by se muselo podle trojn\u00e1sobn\u00e9ho sv\u011btov\u00e9ho \u0161ampiona v cyklokrosu p\u0159ihodit, aby Slovinec Tadej Poga\u010dar nevyhr\u00e1l \u010dtvrtou Tour de France?","og_url":"https:\/\/www.welovecycling.com\/cs\/2025\/07\/02\/pogacar-spraskal-konkurenty-jako-kadety\/","og_site_name":"\u0160koda We Love Cycling - \u010cesk\u00e1 republika","article_published_time":"2025-07-02T02:00:28+00:00","og_image":[{"width":1800,"height":1200,"url":"https:\/\/d2p6e6u75xmxt8.cloudfront.net\/13\/2024\/07\/1800-x-1200-velky.webp","type":"image\/webp"}],"author":"radekmalina","twitter_card":"summary_large_image","twitter_misc":{"Written by":"We Love Cycling","Est. reading time":"5"},"schema":{"@context":"https:\/\/schema.org","@graph":[{"@type":"WebPage","@id":"https:\/\/www.welovecycling.com\/cs\/2025\/07\/02\/pogacar-spraskal-konkurenty-jako-kadety\/","url":"https:\/\/www.welovecycling.com\/cs\/2025\/07\/02\/pogacar-spraskal-konkurenty-jako-kadety\/","name":"Poga\u010dar spr\u00e1skal konkurenty jako kadety | \u0160koda We Love Cycling - \u010cesk\u00e1 republika","isPartOf":{"@id":"https:\/\/www.welovecycling.com\/cs\/#website"},"primaryImageOfPage":{"@id":"https:\/\/www.welovecycling.com\/cs\/2025\/07\/02\/pogacar-spraskal-konkurenty-jako-kadety\/#primaryimage"},"image":{"@id":"https:\/\/www.welovecycling.com\/cs\/2025\/07\/02\/pogacar-spraskal-konkurenty-jako-kadety\/#primaryimage"},"thumbnailUrl":"https:\/\/d2p6e6u75xmxt8.cloudfront.net\/13\/2024\/07\/1800-x-1200-velky.webp","datePublished":"2025-07-02T02:00:28+00:00","author":{"@id":"https:\/\/www.welovecycling.com\/cs\/#\/schema\/person\/d9eeb0a378f3a7e4a6d12d2b536b04b8"},"description":"Za\u017eil pocit etapov\u00e9ho v\u00edt\u011bze na Tour de France, kterou dvakr\u00e1t absolvoval jako z\u00e1vodn\u00edk formace Quick Step. Letos se Zden\u011bk \u0160tybar vr\u00e1t\u00ed do karavany nejv\u011bt\u0161\u00edho etapov\u00e9ho z\u00e1vodu v roli ambasadora a experta We Love Cycling. Jak\u00e1 jsou o\u010dek\u00e1v\u00e1n\u00ed dev\u011btat\u0159icetilet\u00e9ho borce, jen\u017e se py\u0161n\u00ed i d\u00edl\u010d\u00edm v\u00edt\u011bzstv\u00edm z Vuelty, v bitv\u011b o celkov\u00e9 prvenstv\u00ed ze Star\u00e9 d\u00e1my? A co by se muselo podle trojn\u00e1sobn\u00e9ho sv\u011btov\u00e9ho \u0161ampiona v cyklokrosu p\u0159ihodit, aby Slovinec Tadej Poga\u010dar nevyhr\u00e1l \u010dtvrtou Tour de France?","inLanguage":"cs","potentialAction":[{"@type":"ReadAction","target":["https:\/\/www.welovecycling.com\/cs\/2025\/07\/02\/pogacar-spraskal-konkurenty-jako-kadety\/"]}]},{"@type":"ImageObject","inLanguage":"cs","@id":"https:\/\/www.welovecycling.com\/cs\/2025\/07\/02\/pogacar-spraskal-konkurenty-jako-kadety\/#primaryimage","url":"https:\/\/d2p6e6u75xmxt8.cloudfront.net\/13\/2024\/07\/1800-x-1200-velky.webp","contentUrl":"https:\/\/d2p6e6u75xmxt8.cloudfront.net\/13\/2024\/07\/1800-x-1200-velky.webp","width":1800,"height":1200,"caption":"Zden\u011bk \u0160tybar Roubaix Wout van Aert Mathias Vacek Tadej Poga\u010dar Remco Evenepoel Mathieu van der Poel"},{"@type":"WebSite","@id":"https:\/\/www.welovecycling.com\/cs\/#website","url":"https:\/\/www.welovecycling.com\/cs\/","name":"\u0160koda We Love Cycling - \u010cesk\u00e1 republika","description":"WeLoveCycling.cz je online magaz\u00edn, kter\u00fd v\u00e1m pravideln\u011b p\u0159in\u00e1\u0161\u00ed rady a tipy, zaj\u00edmav\u00e9 \u010dl\u00e1nky, videa a jedine\u010dn\u00e9 report\u00e1\u017ee ze sv\u011bta cyklistiky.","potentialAction":[{"@type":"SearchAction","target":{"@type":"EntryPoint","urlTemplate":"https:\/\/www.welovecycling.com\/cs\/?s={search_term_string}"},"query-input":{"@type":"PropertyValueSpecification","valueRequired":true,"valueName":"search_term_string"}}],"inLanguage":"cs"},{"@type":"Person","@id":"https:\/\/www.welovecycling.com\/cs\/#\/schema\/person\/d9eeb0a378f3a7e4a6d12d2b536b04b8","name":"radekmalina","image":{"@type":"ImageObject","inLanguage":"cs","@id":"https:\/\/www.welovecycling.com\/cs\/#\/schema\/person\/image\/","url":"https:\/\/secure.gravatar.com\/avatar\/66994b632cb8c39a46b9f54afa3ae07201b678d32a54275b6f1c9ffec356bfc0?s=96&d=mm&r=g","contentUrl":"https:\/\/secure.gravatar.com\/avatar\/66994b632cb8c39a46b9f54afa3ae07201b678d32a54275b6f1c9ffec356bfc0?s=96&d=mm&r=g","caption":"radekmalina"},"url":"https:\/\/www.welovecycling.com\/cs\/author\/radekmalina\/"}]}},"_links":{"self":[{"href":"https:\/\/www.welovecycling.com\/cs\/wp-json\/wp\/v2\/posts\/29751","targetHints":{"allow":["GET"]}}],"collection":[{"href":"https:\/\/www.welovecycling.com\/cs\/wp-json\/wp\/v2\/posts"}],"about":[{"href":"https:\/\/www.welovecycling.com\/cs\/wp-json\/wp\/v2\/types\/post"}],"author":[{"embeddable":true,"href":"https:\/\/www.welovecycling.com\/cs\/wp-json\/wp\/v2\/users\/138"}],"replies":[{"embeddable":true,"href":"https:\/\/www.welovecycling.com\/cs\/wp-json\/wp\/v2\/comments?post=29751"}],"version-history":[{"count":2,"href":"https:\/\/www.welovecycling.com\/cs\/wp-json\/wp\/v2\/posts\/29751\/revisions"}],"predecessor-version":[{"id":29753,"href":"https:\/\/www.welovecycling.com\/cs\/wp-json\/wp\/v2\/posts\/29751\/revisions\/29753"}],"wp:featuredmedia":[{"embeddable":true,"href":"https:\/\/www.welovecycling.com\/cs\/wp-json\/wp\/v2\/media\/26669"}],"wp:attachment":[{"href":"https:\/\/www.welovecycling.com\/cs\/wp-json\/wp\/v2\/media?parent=29751"}],"wp:term":[{"taxonomy":"category","embeddable":true,"href":"https:\/\/www.welovecycling.com\/cs\/wp-json\/wp\/v2\/categories?post=29751"},{"taxonomy":"post_tag","embeddable":true,"href":"https:\/\/www.welovecycling.com\/cs\/wp-json\/wp\/v2\/tags?post=29751"},{"taxonomy":"global-categories","embeddable":true,"href":"https:\/\/www.welovecycling.com\/cs\/wp-json\/wp\/v2\/global-categories?post=29751"}],"curies":[{"name":"wp","href":"https:\/\/api.w.org\/{rel}","templated":true}]}}