{"id":29684,"date":"2025-06-26T20:57:03","date_gmt":"2025-06-26T18:57:03","guid":{"rendered":"https:\/\/www.welovecycling.com\/cs\/?p=29684"},"modified":"2025-06-26T20:57:03","modified_gmt":"2025-06-26T18:57:03","slug":"mathias-vacek-a-julia-kopecky-obhajili-tituly-v-casovce","status":"publish","type":"post","link":"https:\/\/www.welovecycling.com\/cs\/2025\/06\/26\/mathias-vacek-a-julia-kopecky-obhajili-tituly-v-casovce\/","title":{"rendered":"Mathias Vacek a Julia Kopeck\u00fd obh\u00e1jili tituly v\u00a0\u010dasovce"},"content":{"rendered":"<p><strong>Mathias Vacek (Lidl-Trek) a Julia Kopeck\u00fd (SD Worx \u2013 Protime) potvrdili roli nejv\u011bt\u0161\u00edch favorit\u016f a na mistrovstv\u00ed \u010cesk\u00e9 republiky v silni\u010dn\u00ed cyklistice v B\u00e1novc\u00edch nad Bebravou obh\u00e1jili tituly v \u010dasovce elitn\u00edch kategori\u00ed.\u00a0<\/strong><\/p>\n<p>Po\u0159ad\u00ed mezi mu\u017ei bylo na prvn\u00edch t\u0159ech m\u00edstech stejn\u00e9 jako minul\u00fd rok: na p\u00f3diu se se\u0159adili jezdci p\u016fsob\u00edc\u00ed v zahrani\u010dn\u00edch t\u00fdmech. Za Vackem skon\u010dil druh\u00fd Josef \u010cern\u00fd (Soudal-Quick-Step) se ztr\u00e1tou 35 sekund, t\u0159et\u00ed byl Jakub Otruba (Caja Rural \u2013 Seguros RGA), kter\u00fd za v\u00edt\u011bzem zaostal o 47 sekund.<\/p>\n<p><span style=\"font-weight: 400;\">\u201eTra\u0165 byla velice n\u00e1ro\u010dn\u00e1 a vedro situaci je\u0161t\u011b zt\u00ed\u017eilo. Bylo to utrpen\u00ed, ale nakonec jsem se s podm\u00ednkami vypo\u0159\u00e1dal a byla z toho super \u010dasovka. Soupe\u0159i byli hodn\u011b kvalitn\u00ed, tak\u017ee si v\u00edt\u011bzstv\u00ed moc v\u00e1\u017e\u00edm a jsem \u0161\u0165astn\u00fd, \u017ee jsem zase vybojoval mistrovsk\u00fd dres,\u201c <\/span><span style=\"font-weight: 400;\">\u0159ekl Mathias Vacek.<\/span><\/p>\n<figure id=\"attachment_29687\" aria-describedby=\"caption-attachment-29687\" style=\"width: 1920px\" class=\"wp-caption alignnone\"><a href=\"https:\/\/d2p6e6u75xmxt8.cloudfront.net\/13\/2025\/06\/muzi-podium-scaled.webp\"><img loading=\"lazy\" decoding=\"async\" class=\"size-extra-large wp-image-29687\" src=\"https:\/\/d2p6e6u75xmxt8.cloudfront.net\/13\/2025\/06\/muzi-podium-1920x1280.webp\" alt=\"\" width=\"1920\" height=\"1280\" srcset=\"https:\/\/d2p6e6u75xmxt8.cloudfront.net\/13\/2025\/06\/muzi-podium-1920x1280.webp 1920w, https:\/\/d2p6e6u75xmxt8.cloudfront.net\/13\/2025\/06\/muzi-podium-300x200.webp 300w, https:\/\/d2p6e6u75xmxt8.cloudfront.net\/13\/2025\/06\/muzi-podium-1024x683.webp 1024w, https:\/\/d2p6e6u75xmxt8.cloudfront.net\/13\/2025\/06\/muzi-podium-768x512.webp 768w, https:\/\/d2p6e6u75xmxt8.cloudfront.net\/13\/2025\/06\/muzi-podium-1536x1024.webp 1536w, https:\/\/d2p6e6u75xmxt8.cloudfront.net\/13\/2025\/06\/muzi-podium-2048x1365.webp 2048w, https:\/\/d2p6e6u75xmxt8.cloudfront.net\/13\/2025\/06\/muzi-podium-400x267.webp 400w, https:\/\/d2p6e6u75xmxt8.cloudfront.net\/13\/2025\/06\/muzi-podium-272x182.webp 272w, https:\/\/d2p6e6u75xmxt8.cloudfront.net\/13\/2025\/06\/muzi-podium-1920x1280.webp 1920w\" sizes=\"auto, (max-width: 1920px) 100vw, 1920px\" \/><\/a><figcaption id=\"caption-attachment-29687\" class=\"wp-caption-text\"><em>Mathias Vacek (uprost\u0159ed) je staronov\u00fdm mistrem republiky v \u010dasovce. Druh\u00fd dojel Josef \u010cern\u00fd (vlevo) a bronz z\u00edskal Jakub Otruba. Foto: Filip Bezd\u011bk (4x)<\/em><\/figcaption><\/figure>\n<p><span style=\"font-weight: 400;\">M\u016f\u017ee sebev\u011bdom\u011b vzhl\u00ed\u017eet k ned\u011bln\u00edmu silni\u010dn\u00edmu z\u00e1vodu mu\u017esk\u00e9 elity, kde bude rovn\u011b\u017e pat\u0159it k velk\u00fdm favorit\u016fm. <\/span><span style=\"font-weight: 400;\">\u201eUr\u010dit\u011b to nebude jednoduch\u00e9, proto\u017ee pojedu proti po\u010detn\u00ed p\u0159esile \u010desk\u00fdch t\u00fdm\u016f, kter\u00e9 si m\u011b budou hl\u00eddat. Ale ur\u010dit\u011b se pokus\u00edm n\u011bco vymyslet a uvid\u00edme, jak to dopadne. U\u017e jsem docela unaven\u00fd a t\u011b\u0161\u00edm se na pauzu, ale do ned\u011ble vydr\u017e\u00edm a d\u00e1m do bitvy o titul v\u0161echno,\u201c <\/span><span style=\"font-weight: 400;\">dodal <a href=\"https:\/\/www.welovecycling.com\/cs\/2025\/05\/14\/10-zajimavosti-lidra-maglia-bianca-proc-byl-mathias-vacek-na-voziku\/\">Mathias Vacek.<\/a><\/span><\/p>\n<p>Dvacetilet\u00e1 Julia Kopeck\u00fd v z\u00e1vod\u011b \u017een zv\u00edt\u011bzila na trati dlouh\u00e9 22 km s n\u00e1skokem 22 vte\u0159in p\u0159ed stejn\u011b starou Eli\u0161kou Kvasni\u010dkovou. T\u0159et\u00ed p\u0159\u00ed\u010dku obsadila Jana Milec Ji\u0159incov\u00e1, kter\u00e1 je o 19 let star\u0161\u00ed ne\u017e prvn\u00ed dv\u011b z\u00e1vodnice.<\/p>\n<p>\u201eByl to moc t\u011b\u017ek\u00fd z\u00e1vod i kv\u016fli velk\u00e9mu vedru. Na\u0161t\u011bst\u00ed jsme startovaly brzy. Jsem moc r\u00e1da, \u017ee jsem vyhr\u00e1la. M\u011bla jsem celkem t\u011b\u017ekou prvn\u00ed \u010d\u00edst sezony, proto\u017ee jsem byla zran\u011bn\u00e1, tak\u017ee jsem \u00fapln\u011b nev\u011bd\u011bla, jak na tom budu. Na\u0161t\u011bst\u00ed jsem se c\u00edtila moc dob\u0159e, jela jsem dobr\u00e9 watty a jsem moc spokojen\u00e1, \u017ee jsem obh\u00e1jila titul,\u201c uvedla Julia Kopeck\u00fd.<\/p>\n<figure id=\"attachment_29686\" aria-describedby=\"caption-attachment-29686\" style=\"width: 1920px\" class=\"wp-caption alignnone\"><a href=\"https:\/\/d2p6e6u75xmxt8.cloudfront.net\/13\/2025\/06\/zeny-podium-scaled.webp\"><img loading=\"lazy\" decoding=\"async\" class=\"size-extra-large wp-image-29686\" src=\"https:\/\/d2p6e6u75xmxt8.cloudfront.net\/13\/2025\/06\/zeny-podium-1920x1280.webp\" alt=\"\" width=\"1920\" height=\"1280\" srcset=\"https:\/\/d2p6e6u75xmxt8.cloudfront.net\/13\/2025\/06\/zeny-podium-1920x1280.webp 1920w, https:\/\/d2p6e6u75xmxt8.cloudfront.net\/13\/2025\/06\/zeny-podium-300x200.webp 300w, https:\/\/d2p6e6u75xmxt8.cloudfront.net\/13\/2025\/06\/zeny-podium-1024x683.webp 1024w, https:\/\/d2p6e6u75xmxt8.cloudfront.net\/13\/2025\/06\/zeny-podium-768x512.webp 768w, https:\/\/d2p6e6u75xmxt8.cloudfront.net\/13\/2025\/06\/zeny-podium-1536x1024.webp 1536w, https:\/\/d2p6e6u75xmxt8.cloudfront.net\/13\/2025\/06\/zeny-podium-2048x1365.webp 2048w, https:\/\/d2p6e6u75xmxt8.cloudfront.net\/13\/2025\/06\/zeny-podium-400x267.webp 400w, https:\/\/d2p6e6u75xmxt8.cloudfront.net\/13\/2025\/06\/zeny-podium-272x182.webp 272w, https:\/\/d2p6e6u75xmxt8.cloudfront.net\/13\/2025\/06\/zeny-podium-1920x1280.webp 1920w\" sizes=\"auto, (max-width: 1920px) 100vw, 1920px\" \/><\/a><figcaption id=\"caption-attachment-29686\" class=\"wp-caption-text\"><em>Julia Kopeck\u00fd v trikotu mistryn\u011b republiky z \u010dasovky za rok 2025. St\u0159\u00edbro z\u00edskala Eli\u0161ka Kvasni\u010dkov\u00e1 (vlevo), bronz Jana Milec Ji\u0159incov\u00e1.<\/em><\/figcaption><\/figure>\n<p><span style=\"font-weight: 400;\">Mistrem republiky v\u00a0kategorii mu\u017e\u016f U23 se stal <\/span><b>Jan Bittner<\/b><span style=\"font-weight: 400;\"> (ATT Investments), titul mezi juniory vybojoval <\/span><b>Jakub Patras<\/b><span style=\"font-weight: 400;\"> (Roman Kreuziger Cycling Academy). \u010casovku juniorek ovl\u00e1dla <\/span><b>Karol\u00edna \u0160picarov\u00e1<\/b><span style=\"font-weight: 400;\"> (VIF Cycling Team).<\/span><\/p>\n<p><span style=\"font-weight: 400;\">O v\u00edkendu pokra\u010duje \u0161ampion\u00e1t silni\u010dn\u00edmi z\u00e1vody v\u0161ech kategori\u00ed. V\u00a0sobotu budou bojovat o tituly \u017eeny, mu\u017ei U23, junio\u0159i a juniorky, v\u00a0ned\u011bli je na program z\u00e1vod mu\u017esk\u00e9 elity. Z\u00a0n\u011bj bude dvouhodinov\u00fd p\u0159enos na \u010cT Sport plus a internetov\u00e9m vys\u00edl\u00e1n\u00ed \u010cT Sport.<\/span><\/p>\n","protected":false},"excerpt":{"rendered":"<p>Mathias Vacek (Lidl-Trek) a Julia Kopeck\u00fd (SD Worx \u2013 Protime) potvrdili roli nejv\u011bt\u0161\u00edch favorit\u016f a na mistrovstv\u00ed \u010cesk\u00e9 republiky v [&hellip;]<\/p>\n","protected":false},"author":138,"featured_media":29688,"comment_status":"open","ping_status":"open","sticky":false,"template":"","format":"standard","meta":{"footnotes":""},"categories":[10],"tags":[1781,126,1867,305,2150,9],"global-categories":[411],"class_list":["post-29684","post","type-post","status-publish","format-standard","has-post-thumbnail","hentry","category-silnicni-cyklistika","tag-casovka","tag-cyklistika","tag-julia-kopecky","tag-mathias-vacek","tag-mistrovstvi-republiky","tag-silnicni-cyklistika","global-categories-cycling"],"yoast_head":"<!-- This site is optimized with the Yoast SEO Premium plugin v25.3 (Yoast SEO v25.9) - https:\/\/yoast.com\/wordpress\/plugins\/seo\/ -->\n<title>Mathias Vacek a Julia Kopeck\u00fd obh\u00e1jili tituly v\u00a0\u010dasovce | \u0160koda We Love Cycling - \u010cesk\u00e1 republika<\/title>\n<meta name=\"description\" content=\"Mathias Vacek (Lidl-Trek) a Julia Kopeck\u00fd (SD Worx \u2013 Protime) potvrdili roli nejv\u011bt\u0161\u00edch favorit\u016f a na mistrovstv\u00ed \u010cesk\u00e9 republiky v silni\u010dn\u00ed cyklistice v B\u00e1novc\u00edch nad Bebravou obh\u00e1jili tituly v \u010dasovce elitn\u00edch kategori\u00ed.\u00a0\" \/>\n<meta name=\"robots\" content=\"index, follow, max-snippet:-1, max-image-preview:large, max-video-preview:-1\" \/>\n<link rel=\"canonical\" href=\"https:\/\/www.welovecycling.com\/cs\/2025\/06\/26\/mathias-vacek-a-julia-kopecky-obhajili-tituly-v-casovce\/\" \/>\n<meta property=\"og:locale\" content=\"cs_CZ\" \/>\n<meta property=\"og:type\" content=\"article\" \/>\n<meta property=\"og:title\" content=\"Mathias Vacek a Julia Kopeck\u00fd obh\u00e1jili tituly v\u00a0\u010dasovce\" \/>\n<meta property=\"og:description\" content=\"Mathias Vacek (Lidl-Trek) a Julia Kopeck\u00fd (SD Worx \u2013 Protime) potvrdili roli nejv\u011bt\u0161\u00edch favorit\u016f a na mistrovstv\u00ed \u010cesk\u00e9 republiky v silni\u010dn\u00ed cyklistice v B\u00e1novc\u00edch nad Bebravou obh\u00e1jili tituly v \u010dasovce elitn\u00edch kategori\u00ed.\u00a0\" \/>\n<meta property=\"og:url\" content=\"https:\/\/www.welovecycling.com\/cs\/2025\/06\/26\/mathias-vacek-a-julia-kopecky-obhajili-tituly-v-casovce\/\" \/>\n<meta property=\"og:site_name\" content=\"\u0160koda We Love Cycling - \u010cesk\u00e1 republika\" \/>\n<meta property=\"article:published_time\" content=\"2025-06-26T18:57:03+00:00\" \/>\n<meta property=\"og:image\" content=\"https:\/\/d2p6e6u75xmxt8.cloudfront.net\/13\/2025\/06\/mathias-vacek-scaled.webp\" \/>\n\t<meta property=\"og:image:width\" content=\"2560\" \/>\n\t<meta property=\"og:image:height\" content=\"1707\" \/>\n\t<meta property=\"og:image:type\" content=\"image\/webp\" \/>\n<meta name=\"author\" content=\"radekmalina\" \/>\n<meta name=\"twitter:card\" content=\"summary_large_image\" \/>\n<meta name=\"twitter:label1\" content=\"Written by\" \/>\n\t<meta name=\"twitter:data1\" content=\"We Love Cycling\" \/>\n\t<meta name=\"twitter:label2\" content=\"Est. reading time\" \/>\n\t<meta name=\"twitter:data2\" content=\"5\" \/>\n<script type=\"application\/ld+json\" class=\"yoast-schema-graph\">{\"@context\":\"https:\/\/schema.org\",\"@graph\":[{\"@type\":\"WebPage\",\"@id\":\"https:\/\/www.welovecycling.com\/cs\/2025\/06\/26\/mathias-vacek-a-julia-kopecky-obhajili-tituly-v-casovce\/\",\"url\":\"https:\/\/www.welovecycling.com\/cs\/2025\/06\/26\/mathias-vacek-a-julia-kopecky-obhajili-tituly-v-casovce\/\",\"name\":\"Mathias Vacek a Julia Kopeck\u00fd obh\u00e1jili tituly v\u00a0\u010dasovce | \u0160koda We Love Cycling - \u010cesk\u00e1 republika\",\"isPartOf\":{\"@id\":\"https:\/\/www.welovecycling.com\/cs\/#website\"},\"primaryImageOfPage\":{\"@id\":\"https:\/\/www.welovecycling.com\/cs\/2025\/06\/26\/mathias-vacek-a-julia-kopecky-obhajili-tituly-v-casovce\/#primaryimage\"},\"image\":{\"@id\":\"https:\/\/www.welovecycling.com\/cs\/2025\/06\/26\/mathias-vacek-a-julia-kopecky-obhajili-tituly-v-casovce\/#primaryimage\"},\"thumbnailUrl\":\"https:\/\/d2p6e6u75xmxt8.cloudfront.net\/13\/2025\/06\/mathias-vacek-scaled.webp\",\"datePublished\":\"2025-06-26T18:57:03+00:00\",\"author\":{\"@id\":\"https:\/\/www.welovecycling.com\/cs\/#\/schema\/person\/d9eeb0a378f3a7e4a6d12d2b536b04b8\"},\"description\":\"Mathias Vacek (Lidl-Trek) a Julia Kopeck\u00fd (SD Worx \u2013 Protime) potvrdili roli nejv\u011bt\u0161\u00edch favorit\u016f a na mistrovstv\u00ed \u010cesk\u00e9 republiky v silni\u010dn\u00ed cyklistice v B\u00e1novc\u00edch nad Bebravou obh\u00e1jili tituly v \u010dasovce elitn\u00edch kategori\u00ed.\u00a0\",\"inLanguage\":\"cs\",\"potentialAction\":[{\"@type\":\"ReadAction\",\"target\":[\"https:\/\/www.welovecycling.com\/cs\/2025\/06\/26\/mathias-vacek-a-julia-kopecky-obhajili-tituly-v-casovce\/\"]}]},{\"@type\":\"ImageObject\",\"inLanguage\":\"cs\",\"@id\":\"https:\/\/www.welovecycling.com\/cs\/2025\/06\/26\/mathias-vacek-a-julia-kopecky-obhajili-tituly-v-casovce\/#primaryimage\",\"url\":\"https:\/\/d2p6e6u75xmxt8.cloudfront.net\/13\/2025\/06\/mathias-vacek-scaled.webp\",\"contentUrl\":\"https:\/\/d2p6e6u75xmxt8.cloudfront.net\/13\/2025\/06\/mathias-vacek-scaled.webp\",\"width\":2560,\"height\":1707,\"caption\":\"Mathias Vacek obh\u00e1jil titul mistra republiky v \u010dasovce.\"},{\"@type\":\"WebSite\",\"@id\":\"https:\/\/www.welovecycling.com\/cs\/#website\",\"url\":\"https:\/\/www.welovecycling.com\/cs\/\",\"name\":\"\u0160koda We Love Cycling - \u010cesk\u00e1 republika\",\"description\":\"WeLoveCycling.cz je online magaz\u00edn, kter\u00fd v\u00e1m pravideln\u011b p\u0159in\u00e1\u0161\u00ed rady a tipy, zaj\u00edmav\u00e9 \u010dl\u00e1nky, videa a jedine\u010dn\u00e9 report\u00e1\u017ee ze sv\u011bta cyklistiky.\",\"potentialAction\":[{\"@type\":\"SearchAction\",\"target\":{\"@type\":\"EntryPoint\",\"urlTemplate\":\"https:\/\/www.welovecycling.com\/cs\/?s={search_term_string}\"},\"query-input\":{\"@type\":\"PropertyValueSpecification\",\"valueRequired\":true,\"valueName\":\"search_term_string\"}}],\"inLanguage\":\"cs\"},{\"@type\":\"Person\",\"@id\":\"https:\/\/www.welovecycling.com\/cs\/#\/schema\/person\/d9eeb0a378f3a7e4a6d12d2b536b04b8\",\"name\":\"radekmalina\",\"image\":{\"@type\":\"ImageObject\",\"inLanguage\":\"cs\",\"@id\":\"https:\/\/www.welovecycling.com\/cs\/#\/schema\/person\/image\/\",\"url\":\"https:\/\/secure.gravatar.com\/avatar\/66994b632cb8c39a46b9f54afa3ae07201b678d32a54275b6f1c9ffec356bfc0?s=96&d=mm&r=g\",\"contentUrl\":\"https:\/\/secure.gravatar.com\/avatar\/66994b632cb8c39a46b9f54afa3ae07201b678d32a54275b6f1c9ffec356bfc0?s=96&d=mm&r=g\",\"caption\":\"radekmalina\"},\"url\":\"https:\/\/www.welovecycling.com\/cs\/author\/radekmalina\/\"}]}<\/script>\n<!-- \/ Yoast SEO Premium plugin. -->","yoast_head_json":{"title":"Mathias Vacek a Julia Kopeck\u00fd obh\u00e1jili tituly v\u00a0\u010dasovce | \u0160koda We Love Cycling - \u010cesk\u00e1 republika","description":"Mathias Vacek (Lidl-Trek) a Julia Kopeck\u00fd (SD Worx \u2013 Protime) potvrdili roli nejv\u011bt\u0161\u00edch favorit\u016f a na mistrovstv\u00ed \u010cesk\u00e9 republiky v silni\u010dn\u00ed cyklistice v B\u00e1novc\u00edch nad Bebravou obh\u00e1jili tituly v \u010dasovce elitn\u00edch kategori\u00ed.\u00a0","robots":{"index":"index","follow":"follow","max-snippet":"max-snippet:-1","max-image-preview":"max-image-preview:large","max-video-preview":"max-video-preview:-1"},"canonical":"https:\/\/www.welovecycling.com\/cs\/2025\/06\/26\/mathias-vacek-a-julia-kopecky-obhajili-tituly-v-casovce\/","og_locale":"cs_CZ","og_type":"article","og_title":"Mathias Vacek a Julia Kopeck\u00fd obh\u00e1jili tituly v\u00a0\u010dasovce","og_description":"Mathias Vacek (Lidl-Trek) a Julia Kopeck\u00fd (SD Worx \u2013 Protime) potvrdili roli nejv\u011bt\u0161\u00edch favorit\u016f a na mistrovstv\u00ed \u010cesk\u00e9 republiky v silni\u010dn\u00ed cyklistice v B\u00e1novc\u00edch nad Bebravou obh\u00e1jili tituly v \u010dasovce elitn\u00edch kategori\u00ed.\u00a0","og_url":"https:\/\/www.welovecycling.com\/cs\/2025\/06\/26\/mathias-vacek-a-julia-kopecky-obhajili-tituly-v-casovce\/","og_site_name":"\u0160koda We Love Cycling - \u010cesk\u00e1 republika","article_published_time":"2025-06-26T18:57:03+00:00","og_image":[{"width":2560,"height":1707,"url":"https:\/\/d2p6e6u75xmxt8.cloudfront.net\/13\/2025\/06\/mathias-vacek-scaled.webp","type":"image\/webp"}],"author":"radekmalina","twitter_card":"summary_large_image","twitter_misc":{"Written by":"We Love Cycling","Est. reading time":"5"},"schema":{"@context":"https:\/\/schema.org","@graph":[{"@type":"WebPage","@id":"https:\/\/www.welovecycling.com\/cs\/2025\/06\/26\/mathias-vacek-a-julia-kopecky-obhajili-tituly-v-casovce\/","url":"https:\/\/www.welovecycling.com\/cs\/2025\/06\/26\/mathias-vacek-a-julia-kopecky-obhajili-tituly-v-casovce\/","name":"Mathias Vacek a Julia Kopeck\u00fd obh\u00e1jili tituly v\u00a0\u010dasovce | \u0160koda We Love Cycling - \u010cesk\u00e1 republika","isPartOf":{"@id":"https:\/\/www.welovecycling.com\/cs\/#website"},"primaryImageOfPage":{"@id":"https:\/\/www.welovecycling.com\/cs\/2025\/06\/26\/mathias-vacek-a-julia-kopecky-obhajili-tituly-v-casovce\/#primaryimage"},"image":{"@id":"https:\/\/www.welovecycling.com\/cs\/2025\/06\/26\/mathias-vacek-a-julia-kopecky-obhajili-tituly-v-casovce\/#primaryimage"},"thumbnailUrl":"https:\/\/d2p6e6u75xmxt8.cloudfront.net\/13\/2025\/06\/mathias-vacek-scaled.webp","datePublished":"2025-06-26T18:57:03+00:00","author":{"@id":"https:\/\/www.welovecycling.com\/cs\/#\/schema\/person\/d9eeb0a378f3a7e4a6d12d2b536b04b8"},"description":"Mathias Vacek (Lidl-Trek) a Julia Kopeck\u00fd (SD Worx \u2013 Protime) potvrdili roli nejv\u011bt\u0161\u00edch favorit\u016f a na mistrovstv\u00ed \u010cesk\u00e9 republiky v silni\u010dn\u00ed cyklistice v B\u00e1novc\u00edch nad Bebravou obh\u00e1jili tituly v \u010dasovce elitn\u00edch kategori\u00ed.\u00a0","inLanguage":"cs","potentialAction":[{"@type":"ReadAction","target":["https:\/\/www.welovecycling.com\/cs\/2025\/06\/26\/mathias-vacek-a-julia-kopecky-obhajili-tituly-v-casovce\/"]}]},{"@type":"ImageObject","inLanguage":"cs","@id":"https:\/\/www.welovecycling.com\/cs\/2025\/06\/26\/mathias-vacek-a-julia-kopecky-obhajili-tituly-v-casovce\/#primaryimage","url":"https:\/\/d2p6e6u75xmxt8.cloudfront.net\/13\/2025\/06\/mathias-vacek-scaled.webp","contentUrl":"https:\/\/d2p6e6u75xmxt8.cloudfront.net\/13\/2025\/06\/mathias-vacek-scaled.webp","width":2560,"height":1707,"caption":"Mathias Vacek obh\u00e1jil titul mistra republiky v \u010dasovce."},{"@type":"WebSite","@id":"https:\/\/www.welovecycling.com\/cs\/#website","url":"https:\/\/www.welovecycling.com\/cs\/","name":"\u0160koda We Love Cycling - \u010cesk\u00e1 republika","description":"WeLoveCycling.cz je online magaz\u00edn, kter\u00fd v\u00e1m pravideln\u011b p\u0159in\u00e1\u0161\u00ed rady a tipy, zaj\u00edmav\u00e9 \u010dl\u00e1nky, videa a jedine\u010dn\u00e9 report\u00e1\u017ee ze sv\u011bta cyklistiky.","potentialAction":[{"@type":"SearchAction","target":{"@type":"EntryPoint","urlTemplate":"https:\/\/www.welovecycling.com\/cs\/?s={search_term_string}"},"query-input":{"@type":"PropertyValueSpecification","valueRequired":true,"valueName":"search_term_string"}}],"inLanguage":"cs"},{"@type":"Person","@id":"https:\/\/www.welovecycling.com\/cs\/#\/schema\/person\/d9eeb0a378f3a7e4a6d12d2b536b04b8","name":"radekmalina","image":{"@type":"ImageObject","inLanguage":"cs","@id":"https:\/\/www.welovecycling.com\/cs\/#\/schema\/person\/image\/","url":"https:\/\/secure.gravatar.com\/avatar\/66994b632cb8c39a46b9f54afa3ae07201b678d32a54275b6f1c9ffec356bfc0?s=96&d=mm&r=g","contentUrl":"https:\/\/secure.gravatar.com\/avatar\/66994b632cb8c39a46b9f54afa3ae07201b678d32a54275b6f1c9ffec356bfc0?s=96&d=mm&r=g","caption":"radekmalina"},"url":"https:\/\/www.welovecycling.com\/cs\/author\/radekmalina\/"}]}},"_links":{"self":[{"href":"https:\/\/www.welovecycling.com\/cs\/wp-json\/wp\/v2\/posts\/29684","targetHints":{"allow":["GET"]}}],"collection":[{"href":"https:\/\/www.welovecycling.com\/cs\/wp-json\/wp\/v2\/posts"}],"about":[{"href":"https:\/\/www.welovecycling.com\/cs\/wp-json\/wp\/v2\/types\/post"}],"author":[{"embeddable":true,"href":"https:\/\/www.welovecycling.com\/cs\/wp-json\/wp\/v2\/users\/138"}],"replies":[{"embeddable":true,"href":"https:\/\/www.welovecycling.com\/cs\/wp-json\/wp\/v2\/comments?post=29684"}],"version-history":[{"count":2,"href":"https:\/\/www.welovecycling.com\/cs\/wp-json\/wp\/v2\/posts\/29684\/revisions"}],"predecessor-version":[{"id":29690,"href":"https:\/\/www.welovecycling.com\/cs\/wp-json\/wp\/v2\/posts\/29684\/revisions\/29690"}],"wp:featuredmedia":[{"embeddable":true,"href":"https:\/\/www.welovecycling.com\/cs\/wp-json\/wp\/v2\/media\/29688"}],"wp:attachment":[{"href":"https:\/\/www.welovecycling.com\/cs\/wp-json\/wp\/v2\/media?parent=29684"}],"wp:term":[{"taxonomy":"category","embeddable":true,"href":"https:\/\/www.welovecycling.com\/cs\/wp-json\/wp\/v2\/categories?post=29684"},{"taxonomy":"post_tag","embeddable":true,"href":"https:\/\/www.welovecycling.com\/cs\/wp-json\/wp\/v2\/tags?post=29684"},{"taxonomy":"global-categories","embeddable":true,"href":"https:\/\/www.welovecycling.com\/cs\/wp-json\/wp\/v2\/global-categories?post=29684"}],"curies":[{"name":"wp","href":"https:\/\/api.w.org\/{rel}","templated":true}]}}