{"id":29668,"date":"2025-06-25T06:48:56","date_gmt":"2025-06-25T04:48:56","guid":{"rendered":"https:\/\/www.welovecycling.com\/cs\/?p=29668"},"modified":"2025-06-25T06:48:56","modified_gmt":"2025-06-25T04:48:56","slug":"zdenek-stybar-stavi-dream-team-pro-tour-de-france","status":"publish","type":"post","link":"https:\/\/www.welovecycling.com\/cs\/2025\/06\/25\/zdenek-stybar-stavi-dream-team-pro-tour-de-france\/","title":{"rendered":"Zden\u011bk \u0160tybar stav\u00ed dream team pro Tour de France!"},"content":{"rendered":"<p><strong>Licenci sportovn\u00edho \u0159editele z\u00edskal Zden\u011bk \u0160tybar, b\u00fdval\u00fd profesion\u00e1ln\u00ed cyklista a v\u00edt\u011bz etapy na Tour de France 2015, je\u0161t\u011b ne\u017e utnul kari\u00e9ru. Jeden z nejlep\u0161\u00edch z\u00e1vodn\u00edk\u016f v \u010desk\u00e9 historii postupn\u011b odm\u00edtl n\u011bkolik p\u0159\u00edle\u017eitost\u00ed na anga\u017em\u00e1 v t\u00fdmech World Tour. Rozjel vlastn\u00ed projekty a necht\u011bl se upsat k roli ko\u010dovn\u00edka po z\u00e1vodech na cel\u00fd rok. Ale Tour de France je jin\u00fd level. Tak\u017ee kdy\u017e dostal nab\u00eddku sestavit sv\u016fj vysn\u011bn\u00fd t\u00fdm z pozice sportovn\u00edho \u0159editele pro Grande Boucle 2025 za We Love Cycling, vyb\u00edral jako z\u00e1vodil. &#8222;V\u0161echno pro v\u00edt\u011bzstv\u00ed,&#8220; sm\u011bje se b\u00fdval\u00fd \u010desk\u00fd reprezentant.<\/strong><\/p>\n<p>&#8222;V\u0161ichni do jednoho z nominovan\u00fdch si mus\u00ed jasn\u011b uv\u011bdomovat, jak\u00e9 jsou na\u0161e c\u00edle. Jde o sestavu tro\u0161ku explozivn\u00ed, ale s nejvy\u0161\u0161\u00edmi ambicemi. M\u00e1me jezdce pro celkov\u00e9 po\u0159ad\u00ed, pro zelen\u00fd i vrcha\u0159sk\u00fd trikot, nechyb\u00ed l\u00eddr na spurty. Prioritou je \u017elut\u00fd dres,&#8220; \u0159\u00edk\u00e1 Zden\u011bk \u0160tybar, dev\u011btat\u0159icetilet\u00fd ambasador We Love Cycling p\u0159ed startem Tour de France 2025 napl\u00e1novan\u00fdm na 5. \u010dervence. Do role bosse cyklistick\u00e9ho t\u00fdmu se pustil s maxim\u00e1ln\u00edm zaujet\u00edm. Jak tedy vypad\u00e1 jeho nominace?<\/p>\n<p>&#8222;Rozhodn\u011b bych si vybral Tadeje Poga\u010dara. Nikdo siln\u011bj\u0161\u00ed v pelotonu nen\u00ed. Moment\u00e1ln\u011b jde o nejlep\u0161\u00edho z\u00e1vodn\u00edka sv\u011bta, kter\u00fd nem\u00e1 konkurenci. Je o level jinde ne\u017e ostatn\u00ed. Je \u00fa\u017easn\u00e9, co p\u0159edv\u00e1d\u00ed na silnici. I jak se chov\u00e1. Je v klidu a v pohod\u011b. Nem\u016f\u017eu m\u00edt jin\u00e9ho l\u00eddra na celkov\u00e9 po\u0159ad\u00ed,&#8220; m\u00e1 Zden\u011bk \u0160tybar jasno o Slovinci z UAE Emirates na pozici t\u00fdmov\u00e9 jedni\u010dky.<\/p>\n<h2><strong>Hv\u011bzdn\u00ed domestici pro Tadeje Poga\u010dara<\/strong><\/h2>\n<p>Jednozna\u010dnou volbou pro zvln\u011bn\u00e9 etapy je i kamar\u00e1d Mathieu van der Poel. Nizozemsk\u00fd fenom\u00e9n z t\u00fdmu Alpecin Deceuninck. &#8222;Nikoliv proto, \u017ee jsme p\u0159\u00e1tel\u00e9. Ale proto\u017ee Tour de France 2025 bude hodn\u011b i o \u00favodn\u00edch etap\u00e1ch na v\u011btru a o mnoha zvln\u011bn\u00fdch etap\u00e1ch bez velk\u00fdch kopc\u016f. Tak\u017ee t\u00fdmov\u00fd l\u00eddr bude pot\u0159ebovat, aby mu n\u011bkdo p\u0159ipravil pozici. A Mathieu je v tomhle skv\u011bl\u00fd. Nav\u00edc ka\u017edou etapu ud\u011bl\u00e1 atraktivn\u00ed, co\u017e fanou\u0161ci cht\u011bj\u00ed,&#8220; vyzdvihuje \u010desk\u00fd exprofesion\u00e1l \u0161ampiona Pa\u0159\u00ed\u017e-Roubaix.<\/p>\n<figure id=\"attachment_28912\" aria-describedby=\"caption-attachment-28912\" style=\"width: 1800px\" class=\"wp-caption alignnone\"><a href=\"https:\/\/d2p6e6u75xmxt8.cloudfront.net\/13\/2025\/04\/profimedia-0987643148.webp\"><img loading=\"lazy\" decoding=\"async\" class=\"size-full wp-image-28912\" src=\"https:\/\/d2p6e6u75xmxt8.cloudfront.net\/13\/2025\/04\/profimedia-0987643148.webp\" alt=\"\" width=\"1800\" height=\"1200\" srcset=\"https:\/\/d2p6e6u75xmxt8.cloudfront.net\/13\/2025\/04\/profimedia-0987643148.webp 1800w, https:\/\/d2p6e6u75xmxt8.cloudfront.net\/13\/2025\/04\/profimedia-0987643148-300x200.webp 300w, https:\/\/d2p6e6u75xmxt8.cloudfront.net\/13\/2025\/04\/profimedia-0987643148-1024x683.webp 1024w, https:\/\/d2p6e6u75xmxt8.cloudfront.net\/13\/2025\/04\/profimedia-0987643148-768x512.webp 768w, https:\/\/d2p6e6u75xmxt8.cloudfront.net\/13\/2025\/04\/profimedia-0987643148-1536x1024.webp 1536w, https:\/\/d2p6e6u75xmxt8.cloudfront.net\/13\/2025\/04\/profimedia-0987643148-400x267.webp 400w, https:\/\/d2p6e6u75xmxt8.cloudfront.net\/13\/2025\/04\/profimedia-0987643148-272x182.webp 272w\" sizes=\"auto, (max-width: 1800px) 100vw, 1800px\" \/><\/a><figcaption id=\"caption-attachment-28912\" class=\"wp-caption-text\"><em>Mathieu van der Poel a Tadej Poga\u010dar v dresu stejn\u00e9 barvy? Zden\u011bk \u0160tybar si tuhle kombinaci p\u0159edstavit dok\u00e1\u017ee.<\/em><\/figcaption><\/figure>\n<p>V dresu sv\u00e9ho t\u00fdmu pro jednadvacet etap br\u00e1zd\u00edc\u00edch letos v\u00fdhradn\u011b \u00fazem\u00ed Francie m\u00e1 i Wouta van Aerta, pat\u0159\u00edc\u00edho na soupisku Visma Lease a Bike. &#8222;Wout v t\u00fdmu s van der Poelem? Asi by to v t\u00fdmu tro\u0161ku sk\u0159\u00edpalo a posekalo atmosf\u00e9ru. Nicm\u00e9n\u011b spole\u010dn\u011b by ud\u011blali super pr\u00e1ci pro Tadeje Poga\u010dara. P\u0159ivezli by jej na par\u00e1dn\u00ed pozici pod velk\u00e9 kopce, hl\u00eddali situaci na bo\u010dn\u00edm v\u011btru. A sou\u010dasn\u011b by pomohli sob\u011b. V Quick Stepu si rovn\u011b\u017e v\u0161ichni mysleli, \u017ee kdy\u017e bude v nominaci Gilbert s Boonenem a k nim nav\u00edc spurte\u0159i, p\u016fjde o nefunk\u010dn\u00ed kombinaci, co nejde uko\u010d\u00edrovat. A v\u017edy to \u0161lo. Mus\u00ed se da\u0159it. Proto\u017ee v\u00edt\u011bzstv\u00ed pomohou navodit atmosf\u00e9ru, pohodu a klid. S Woutem van Aertem a Mathieum van der Poelem bychom rozhodn\u011b byli \u00fasp\u011b\u0161n\u00ed od \u00favodn\u00edch etap. Neboj\u00edm se jejich spojen\u00ed,&#8220; p\u0159em\u00edt\u00e1 Zden\u011bk \u0160tybar.<\/p>\n<div class=\"shortcode-ys-post-pinup\"><article class=\"loop-simple post-29598 post type-post status-publish format-standard has-post-thumbnail hentry category-silnicni-cyklistika tag-bradley-wiggins tag-cyklistika tag-letape-2025 tag-letape-czech-republic-2025 tag-petr-cech tag-silnicni-cyklistika tag-zdenek-stybar global-categories-cycling\" data-postid=\"29598\" role=\"article\" data-post-id=\"29598\" data-word-count=\"746\" data-headline-length=\"92\" data-category=\"Silni\u010dn\u00ed cyklistika\" data-global-category=\"Cycling\" data-author=\"We Love Cycling\" data-published=\"2025-06-23T06:33:44+02:00\" data-published-day=\"Monday\">\n    <div class=\"entry-thumbnail article-thumbnail\" content=\"https:\/\/d2p6e6u75xmxt8.cloudfront.net\/13\/2025\/06\/3C9A6120-150x150.webp\"><a href=\"https:\/\/www.welovecycling.com\/cs\/2025\/06\/23\/nadherne-silenstvi-vratili-jste-me-do-modu-tour-de-france-dekoval-bradley-wiggins\/\" class=\"image-holder\" target=\"_self\"><img decoding=\"async\" loading=\"lazy\" class=\"\" src=\"https:\/\/d2p6e6u75xmxt8.cloudfront.net\/13\/2025\/06\/3C9A6120-1024x683.webp\" srcset=\"https:\/\/d2p6e6u75xmxt8.cloudfront.net\/13\/2025\/06\/3C9A6120-scaled.webp 2560w, https:\/\/d2p6e6u75xmxt8.cloudfront.net\/13\/2025\/06\/3C9A6120-300x200.webp 300w, https:\/\/d2p6e6u75xmxt8.cloudfront.net\/13\/2025\/06\/3C9A6120-1024x683.webp 1024w, https:\/\/d2p6e6u75xmxt8.cloudfront.net\/13\/2025\/06\/3C9A6120-768x512.webp 768w, https:\/\/d2p6e6u75xmxt8.cloudfront.net\/13\/2025\/06\/3C9A6120-1536x1024.webp 1536w, https:\/\/d2p6e6u75xmxt8.cloudfront.net\/13\/2025\/06\/3C9A6120-2048x1365.webp 2048w, https:\/\/d2p6e6u75xmxt8.cloudfront.net\/13\/2025\/06\/3C9A6120-1920x1280.webp 1920w, https:\/\/d2p6e6u75xmxt8.cloudfront.net\/13\/2025\/06\/3C9A6120-400x267.webp 400w, https:\/\/d2p6e6u75xmxt8.cloudfront.net\/13\/2025\/06\/3C9A6120-272x182.webp 272w, https:\/\/d2p6e6u75xmxt8.cloudfront.net\/13\/2025\/06\/3C9A6120-1920x1280.webp 1920w\" width=\"1024\" height=\"683\" sizes=\"auto, (min-width: 1200px) 300px, (min-width: 768px) 25vw, 100vw\" alt=\"nadherne-silenstvi-vratili-jste-me-do-modu-tour-de-france-dekoval-bradley-wiggins\"\/><\/a><\/div>    <div class=\"entry-meta\">\n        <a class=\"label label-secondary post-category\" href=\"https:\/\/www.welovecycling.com\/cs\/category\/silnicni-cyklistika\/\" title=\"Silni\u010dn\u00ed cyklistika\">Silni\u010dn\u00ed cyklistika<\/a>\n    <\/div>\n    <div class=\"entry-details\">\n        <a href=\"https:\/\/www.welovecycling.com\/cs\/2025\/06\/23\/nadherne-silenstvi-vratili-jste-me-do-modu-tour-de-france-dekoval-bradley-wiggins\/\" class='entry-title-wrapper'>\n            <h3 class=\"entry-title\"><span>N\u00e1dhern\u00e9 \u0161\u00edlenstv\u00ed! Vr\u00e1tili jste m\u011b do m\u00f3du Tour de France, d\u011bkoval Bradley Wiggins<\/span><\/h3>\n        <\/a>\n    <\/div>\n    <\/article>\n<\/div>\n<p>Do bitvy o maillot jaune si bere i Tima Declercqa, borce ze sestavy Lidl-Trek. &#8222;Ze spole\u010dn\u00e9ho p\u016fsoben\u00ed v Quick Stepu Tima dob\u0159e zn\u00e1m. Na roviny je bezkonkure\u010dn\u011b nejlep\u0161\u00ed. M\u00e1 skv\u011bl\u00fd motor na t\u0159i t\u00fddny trvaj\u00edc\u00ed z\u00e1vod. Jezd\u00ed hlavou a srdcem. Bav\u00ed ho pr\u00e1ce pro ostatn\u00ed. Nem\u00e1 probl\u00e9m p\u0159ijmout pozici domestika. Osobn\u00ed ambice odlo\u017e\u00ed, jen aby prosp\u011bl t\u00fdmu,&#8220; vysv\u011btluje Zden\u011bk \u0160tybar, pro\u010d si vybral \u0161estat\u0159icetilet\u00e9ho matadora.<\/p>\n<h2><strong>Zden\u011bk \u0160tybar bere i krajana<\/strong><\/h2>\n<p>Superdomestik pro horsk\u00e9 etapy nen\u00ed nikdo jin\u00fd, ne\u017e l\u00eddr\u016fv krajan Primo\u017e Rogli\u010d. &#8222;V pozici domestika z Primo\u017ee spadne obrovsk\u00fd stres. Nemus\u00ed nic dokazovat, co\u017e jej sou\u010dasn\u011b m\u016f\u017ee posunout k mo\u017enosti vyhr\u00e1t Tour. Kdyby dok\u00e1zal v prvn\u00edm t\u00fddnu nasko\u010dit do dobr\u00e9ho \u00faniku, mohl by si ud\u011blat solidn\u00ed n\u00e1skok. Za v\u0161ech okolnost\u00ed m\u016fj t\u00fdm pojede na Tadeje. Ale je fajn m\u00edt dva l\u00eddry. Wout a Mathieu p\u0159ivezou Rogli\u010de s Poga\u010darem do posledn\u00edho kopce, ti si pak pohraj\u00ed se zbytkem pole,&#8220; pl\u00e1nuje Zden\u011bk \u0160tybar.<\/p>\n<p>Zb\u00fdvaj\u00edc\u00ed t\u0159i jm\u00e9na jen podporuj\u00ed pl\u00e1n trojn\u00e1sobn\u00e9ho sv\u011btov\u00e9ho \u0161ampiona v cyklokrosu na maxim\u00e1ln\u00ed \u00fasp\u011b\u0161nost. &#8222;Remco Evenepoel je skv\u011bl\u00fd v \u010dasovk\u00e1ch. A j\u00e1 bych si nerad nechal uj\u00edt jakoukoliv p\u0159\u00edle\u017eitost na etapov\u00e9 v\u00edt\u011bzstv\u00ed. Nav\u00edc m\u016f\u017ee p\u0159idat i jakoukoliv jinou etapu a b\u00fdt alternativou na po\u0159ad\u00ed,&#8220; podot\u00fdk\u00e1 k nominaci dvojn\u00e1sobn\u00e9ho olympijsk\u00e9ho v\u00edt\u011bze z t\u00fdmu Soudal Quick Step Zden\u011bk \u0160tybar.<\/p>\n<figure id=\"attachment_29141\" aria-describedby=\"caption-attachment-29141\" style=\"width: 1800px\" class=\"wp-caption alignnone\"><a href=\"https:\/\/d2p6e6u75xmxt8.cloudfront.net\/13\/2025\/05\/profimedia-0998058674.webp\"><img loading=\"lazy\" decoding=\"async\" class=\"size-full wp-image-29141\" src=\"https:\/\/d2p6e6u75xmxt8.cloudfront.net\/13\/2025\/05\/profimedia-0998058674.webp\" alt=\"\" width=\"1800\" height=\"1200\" srcset=\"https:\/\/d2p6e6u75xmxt8.cloudfront.net\/13\/2025\/05\/profimedia-0998058674.webp 1800w, https:\/\/d2p6e6u75xmxt8.cloudfront.net\/13\/2025\/05\/profimedia-0998058674-300x200.webp 300w, https:\/\/d2p6e6u75xmxt8.cloudfront.net\/13\/2025\/05\/profimedia-0998058674-1024x683.webp 1024w, https:\/\/d2p6e6u75xmxt8.cloudfront.net\/13\/2025\/05\/profimedia-0998058674-768x512.webp 768w, https:\/\/d2p6e6u75xmxt8.cloudfront.net\/13\/2025\/05\/profimedia-0998058674-1536x1024.webp 1536w, https:\/\/d2p6e6u75xmxt8.cloudfront.net\/13\/2025\/05\/profimedia-0998058674-400x267.webp 400w, https:\/\/d2p6e6u75xmxt8.cloudfront.net\/13\/2025\/05\/profimedia-0998058674-272x182.webp 272w\" sizes=\"auto, (max-width: 1800px) 100vw, 1800px\" \/><\/a><figcaption id=\"caption-attachment-29141\" class=\"wp-caption-text\"><em>Mathias Vacek na podiu Gira 2025 p\u0159i obl\u00e9k\u00e1n\u00ed b\u00edl\u00e9ho dresu.<\/em><\/figcaption><\/figure>\n<p>\u010ctvrt\u00fdm Belgi\u010danem v jeho sestav\u011b je Thibau Nys, teprve dvaadvacetilet\u00fd z\u00e1vodn\u00edk formace Lidl-Trek. &#8222;Je hodn\u011b explozivn\u00ed. Skv\u011ble se dopl\u0148uje s Mathiasem Vackem. Tak\u017ee jeden den bude \u00fato\u010dit Mathieu a Wout, dal\u0161\u00ed Thibau a Mathias, abychom vyhr\u00e1li co nejv\u00edce etap.&#8220;<\/p>\n<div class=\"shortcode-ys-post-pinup\"><article class=\"loop-simple post-29477 post type-post status-publish format-standard has-post-thumbnail hentry category-silnicni-cyklistika tag-cyklistika tag-etapy-tour-de-france-2025 tag-jonas-vingegaard tag-klicova-fakta-tour-de-france-2025 tag-profil-tour-de-france-2025 tag-remco-evenepoel tag-silnicni-cyklistika tag-tadej-pogacar tag-tour-de-france tag-tour-de-france-2025 tag-trasa-tour-de-france-2025 global-categories-cycling\" data-postid=\"29477\" role=\"article\" data-post-id=\"29477\" data-word-count=\"671\" data-headline-length=\"68\" data-category=\"Silni\u010dn\u00ed cyklistika\" data-global-category=\"Cycling\" data-author=\"Radek Malina\" data-published=\"2025-06-13T11:48:44+02:00\" data-published-day=\"Friday\">\n    <div class=\"entry-thumbnail article-thumbnail\" content=\"https:\/\/d2p6e6u75xmxt8.cloudfront.net\/13\/2025\/06\/profimedia-0790307757-150x150.webp\"><a href=\"https:\/\/www.welovecycling.com\/cs\/2025\/06\/13\/zazene-tadej-pogacar-alpske-demony-tour-de-france-2025-v-kostce\/\" class=\"image-holder\" target=\"_self\"><img decoding=\"async\" loading=\"lazy\" class=\"\" src=\"https:\/\/d2p6e6u75xmxt8.cloudfront.net\/13\/2025\/06\/profimedia-0790307757-1024x683.webp\" srcset=\"https:\/\/d2p6e6u75xmxt8.cloudfront.net\/13\/2025\/06\/profimedia-0790307757.webp 1800w, https:\/\/d2p6e6u75xmxt8.cloudfront.net\/13\/2025\/06\/profimedia-0790307757-300x200.webp 300w, https:\/\/d2p6e6u75xmxt8.cloudfront.net\/13\/2025\/06\/profimedia-0790307757-1024x683.webp 1024w, https:\/\/d2p6e6u75xmxt8.cloudfront.net\/13\/2025\/06\/profimedia-0790307757-768x512.webp 768w, https:\/\/d2p6e6u75xmxt8.cloudfront.net\/13\/2025\/06\/profimedia-0790307757-1536x1024.webp 1536w, https:\/\/d2p6e6u75xmxt8.cloudfront.net\/13\/2025\/06\/profimedia-0790307757-400x267.webp 400w, https:\/\/d2p6e6u75xmxt8.cloudfront.net\/13\/2025\/06\/profimedia-0790307757-272x182.webp 272w\" width=\"1024\" height=\"683\" sizes=\"auto, (min-width: 1200px) 300px, (min-width: 768px) 25vw, 100vw\" alt=\"zazene-tadej-pogacar-alpske-demony-tour-de-france-2025-v-kostce\"\/><\/a><\/div>    <div class=\"entry-meta\">\n        <a class=\"label label-secondary post-category\" href=\"https:\/\/www.welovecycling.com\/cs\/category\/silnicni-cyklistika\/\" title=\"Silni\u010dn\u00ed cyklistika\">Silni\u010dn\u00ed cyklistika<\/a>\n    <\/div>\n    <div class=\"entry-details\">\n        <a href=\"https:\/\/www.welovecycling.com\/cs\/2025\/06\/13\/zazene-tadej-pogacar-alpske-demony-tour-de-france-2025-v-kostce\/\" class='entry-title-wrapper'>\n            <h3 class=\"entry-title\"><span>Za\u017eene Tadej Poga\u010dar alpsk\u00e9 d\u00e9mony? Tour de France 2025 v kostce<\/span><\/h3>\n        <\/a>\n    <\/div>\n    <\/article>\n<\/div>\n<p>Posledn\u00ed volbou je pr\u00e1v\u011b krajan Mathias Vacek, t\u0159iadvacetilet\u00fd borec rovn\u011b\u017e ze sestavy Lidl-Trek. &#8222;Dok\u00e1\u017ee p\u0159ejet kopce a po rovin\u011b t\u00e1hne jako nikdo jin\u00fd. Um\u00ed l\u00eddra doru\u010dit na skv\u011bl\u00e9 pozici pod rozhoduj\u00edc\u00ed kopec, dok\u00e1\u017ee rozjet spurt, um\u00ed st\u00e1hnout uprchl\u00edky. Prost\u011b je skv\u011bl\u00fd ve v\u0161em. Nav\u00edc jde o t\u00fdmov\u00e9ho hr\u00e1\u010de, co\u017e na Tour de France pot\u0159ebuji. A je\u0161t\u011b se od m\u00fdch l\u00eddr\u016f nau\u010d\u00ed chov\u00e1n\u00ed pot\u0159ebn\u00e9 pro v\u00edt\u011bzstv\u00ed ve velk\u00fdch z\u00e1vodech,&#8220; dokazuje Zden\u011bk \u0160tybar, \u017ee v p\u0159\u00edpad\u011b sv\u00e9ho t\u00fdmu mysl\u00ed i na budoucnost.<\/p>\n<h2><strong> \u010ctrn\u00e1ct etap a je\u0161t\u011b v\u0161echny dresy?<\/strong><\/h2>\n<p>Par\u00e1dn\u00ed sestava, co \u0159\u00edk\u00e1te? &#8222;Rozpo\u010det p\u011btat\u0159icet milion\u016f eur na sezonu. Sp\u00ed\u0161e v\u00edce,&#8220; sm\u011bje se ambasador We Love Cycling. &#8222;Ale ani takov\u00e1 soupiska nen\u00ed z\u00e1rukou v\u00edt\u011bzstv\u00ed. Prvn\u00ed den m\u016f\u017ee p\u0159ij\u00edt hromadn\u00fd p\u00e1d a t\u0159i \u010dty\u0159i kluci jedou zran\u011bn\u00ed dom\u016f,&#8220; kr\u010d\u00ed rameny Zden\u011bk \u0160tybar. Neskr\u00fdv\u00e1 ambice. A krom\u011b triumf\u016f v jednotliv\u00fdch kategori\u00edch chce po &#8222;sv\u00fdch&#8220; vyvolen\u00fdch i d\u00edl\u010d\u00ed \u00fasp\u011bchy. &#8222;\u010ctrn\u00e1ct etap je \u010d\u00edslo, kter\u00e9 tenhle dream team klidn\u011b m\u016f\u017ee zvl\u00e1dnout,&#8220; p\u0159em\u00edt\u00e1 nad schopnostmi jednotliv\u00fdch z\u00e1vodn\u00edk\u016f.<\/p>\n<figure id=\"attachment_29627\" aria-describedby=\"caption-attachment-29627\" style=\"width: 1920px\" class=\"wp-caption alignnone\"><a href=\"https:\/\/d2p6e6u75xmxt8.cloudfront.net\/13\/2025\/06\/3C9A9642-scaled.webp\"><img loading=\"lazy\" decoding=\"async\" class=\"size-extra-large wp-image-29627\" src=\"https:\/\/d2p6e6u75xmxt8.cloudfront.net\/13\/2025\/06\/3C9A9642-1920x1280.webp\" alt=\"\" width=\"1920\" height=\"1280\" srcset=\"https:\/\/d2p6e6u75xmxt8.cloudfront.net\/13\/2025\/06\/3C9A9642-1920x1280.webp 1920w, https:\/\/d2p6e6u75xmxt8.cloudfront.net\/13\/2025\/06\/3C9A9642-300x200.webp 300w, https:\/\/d2p6e6u75xmxt8.cloudfront.net\/13\/2025\/06\/3C9A9642-1024x683.webp 1024w, https:\/\/d2p6e6u75xmxt8.cloudfront.net\/13\/2025\/06\/3C9A9642-768x512.webp 768w, https:\/\/d2p6e6u75xmxt8.cloudfront.net\/13\/2025\/06\/3C9A9642-1536x1024.webp 1536w, https:\/\/d2p6e6u75xmxt8.cloudfront.net\/13\/2025\/06\/3C9A9642-2048x1365.webp 2048w, https:\/\/d2p6e6u75xmxt8.cloudfront.net\/13\/2025\/06\/3C9A9642-400x267.webp 400w, https:\/\/d2p6e6u75xmxt8.cloudfront.net\/13\/2025\/06\/3C9A9642-272x182.webp 272w, https:\/\/d2p6e6u75xmxt8.cloudfront.net\/13\/2025\/06\/3C9A9642-1920x1280.webp 1920w\" sizes=\"auto, (max-width: 1920px) 100vw, 1920px\" \/><\/a><figcaption id=\"caption-attachment-29627\" class=\"wp-caption-text\"><em>Zden\u011bk \u0160tybar p\u0159i L&#8217;Etape Czech Republic ve speci\u00e1ln\u00edm dresu na oslavu 130 let zna\u010dky \u0160koda Auto, jej\u00edm\u017e je ambasadorem. P\u0159i Tour de France 2025 bude komentovat d\u011bn\u00ed na trati.<\/em><\/figcaption><\/figure>\n<p>Z pozice sportovn\u00edho \u0159editele by musel projevit p\u0159i dan\u00e9m slo\u017een\u00ed formace dost velkou d\u00e1vkou psychologie. &#8222;V\u0161echna ta velk\u00e1 jm\u00e9na by dala t\u00fdmu obrovskou dynamiku. Nejv\u011bt\u0161\u00edm o\u0159\u00ed\u0161kem by bylo spojen\u00ed Remco Evenepoel a <a href=\"https:\/\/www.welovecycling.com\/cs\/2025\/06\/19\/tadej-kontra-jonas-sledujeme-nejvetsi-rivalitu-v-historii-cyklistiky\/\">Tadej Poga\u010dar<\/a>. Oba jsou ohromn\u011b ambici\u00f3zn\u00ed, co\u017e by hrozilo probl\u00e9mem. Ale v\u00fdhry hrany obrous\u00ed. A j\u00e1 rozhodn\u011b chci v\u00edt\u011bzit,&#8220; sm\u011bje se Zden\u011bk \u0160tybar nad soupiskou, kterou si poskl\u00e1dal pro p\u0159\u00edpad, kdyby snad dostal volnou ruku, neomezen\u00fd budget a mohl si vybudovat t\u00fdm podle vlastn\u00edch p\u0159edstav. Zat\u00edm z\u016fstane jen v roli experta We Love Cycling, kter\u00fd bude z Tour de France komentovat od 5. do 27. \u010dervence bitvu o sto dvan\u00e1ct\u00fd maillot jaune.<\/p>\n","protected":false},"excerpt":{"rendered":"<p>Licenci sportovn\u00edho \u0159editele z\u00edskal Zden\u011bk \u0160tybar, b\u00fdval\u00fd profesion\u00e1ln\u00ed cyklista a v\u00edt\u011bz etapy na Tour de France 2015, je\u0161t\u011b ne\u017e utnul [&hellip;]<\/p>\n","protected":false},"author":138,"featured_media":29632,"comment_status":"open","ping_status":"open","sticky":false,"template":"","format":"standard","meta":{"footnotes":""},"categories":[1711],"tags":[4232,126,4233,9,502,3843,73],"global-categories":[411],"class_list":["post-29668","post","type-post","status-publish","format-standard","has-post-thumbnail","hentry","category-tour-de-france","tag-cyklisticky-dream-team","tag-cyklistika","tag-dream-team","tag-silnicni-cyklistika","tag-tadej-pogacar","tag-tour-de-france-2025","tag-zdenek-stybar","global-categories-cycling"],"yoast_head":"<!-- This site is optimized with the Yoast SEO Premium plugin v25.3 (Yoast SEO v25.9) - https:\/\/yoast.com\/wordpress\/plugins\/seo\/ -->\n<title>Zden\u011bk \u0160tybar stav\u00ed dream team pro Tour de France! | \u0160koda We Love Cycling - \u010cesk\u00e1 republika<\/title>\n<meta name=\"description\" content=\"Licenci sportovn\u00edho \u0159editele z\u00edskal Zden\u011bk \u0160tybar, b\u00fdval\u00fd profesion\u00e1ln\u00ed cyklista a v\u00edt\u011bz etapy na Tour de France 2015, je\u0161t\u011b ne\u017e utnul kari\u00e9ru. Jeden z nejlep\u0161\u00edch z\u00e1vodn\u00edk\u016f v \u010desk\u00e9 historii postupn\u011b odm\u00edtl n\u011bkolik p\u0159\u00edle\u017eitost\u00ed na anga\u017em\u00e1 v t\u00fdmech World Tour. Rozjel vlastn\u00ed projekty a necht\u011bl se upsat k roli ko\u010dovn\u00edka po z\u00e1vodech na cel\u00fd rok. Ale Tour de France je jin\u00fd level. Tak\u017ee kdy\u017e dostal nab\u00eddku sestavit sv\u016fj vysn\u011bn\u00fd t\u00fdm z pozice sportovn\u00edho \u0159editele pro Grande Boucle 2025 za We Love Cycling, vyb\u00edral jako z\u00e1vodil. &quot;V\u0161echno pro v\u00edt\u011bzstv\u00ed,&quot; sm\u011bje se b\u00fdval\u00fd \u010desk\u00fd reprezentant.\" \/>\n<meta name=\"robots\" content=\"index, follow, max-snippet:-1, max-image-preview:large, max-video-preview:-1\" \/>\n<link rel=\"canonical\" href=\"https:\/\/www.welovecycling.com\/cs\/2025\/06\/25\/zdenek-stybar-stavi-dream-team-pro-tour-de-france\/\" \/>\n<meta property=\"og:locale\" content=\"cs_CZ\" \/>\n<meta property=\"og:type\" content=\"article\" \/>\n<meta property=\"og:title\" content=\"Zden\u011bk \u0160tybar stav\u00ed dream team pro Tour de France!\" \/>\n<meta property=\"og:description\" content=\"Licenci sportovn\u00edho \u0159editele z\u00edskal Zden\u011bk \u0160tybar, b\u00fdval\u00fd profesion\u00e1ln\u00ed cyklista a v\u00edt\u011bz etapy na Tour de France 2015, je\u0161t\u011b ne\u017e utnul kari\u00e9ru. Jeden z nejlep\u0161\u00edch z\u00e1vodn\u00edk\u016f v \u010desk\u00e9 historii postupn\u011b odm\u00edtl n\u011bkolik p\u0159\u00edle\u017eitost\u00ed na anga\u017em\u00e1 v t\u00fdmech World Tour. Rozjel vlastn\u00ed projekty a necht\u011bl se upsat k roli ko\u010dovn\u00edka po z\u00e1vodech na cel\u00fd rok. Ale Tour de France je jin\u00fd level. Tak\u017ee kdy\u017e dostal nab\u00eddku sestavit sv\u016fj vysn\u011bn\u00fd t\u00fdm z pozice sportovn\u00edho \u0159editele pro Grande Boucle 2025 za We Love Cycling, vyb\u00edral jako z\u00e1vodil. &quot;V\u0161echno pro v\u00edt\u011bzstv\u00ed,&quot; sm\u011bje se b\u00fdval\u00fd \u010desk\u00fd reprezentant.\" \/>\n<meta property=\"og:url\" content=\"https:\/\/www.welovecycling.com\/cs\/2025\/06\/25\/zdenek-stybar-stavi-dream-team-pro-tour-de-france\/\" \/>\n<meta property=\"og:site_name\" content=\"\u0160koda We Love Cycling - \u010cesk\u00e1 republika\" \/>\n<meta property=\"article:published_time\" content=\"2025-06-25T04:48:56+00:00\" \/>\n<meta property=\"og:image\" content=\"https:\/\/d2p6e6u75xmxt8.cloudfront.net\/13\/2025\/06\/3C9A9788-scaled.webp\" \/>\n\t<meta property=\"og:image:width\" content=\"2560\" \/>\n\t<meta property=\"og:image:height\" content=\"1707\" \/>\n\t<meta property=\"og:image:type\" content=\"image\/webp\" \/>\n<meta name=\"author\" content=\"radekmalina\" \/>\n<meta name=\"twitter:card\" content=\"summary_large_image\" \/>\n<meta name=\"twitter:label1\" content=\"Written by\" \/>\n\t<meta name=\"twitter:data1\" content=\"Radek Malina\" \/>\n\t<meta name=\"twitter:label2\" content=\"Est. reading time\" \/>\n\t<meta name=\"twitter:data2\" content=\"6\" \/>\n<script type=\"application\/ld+json\" class=\"yoast-schema-graph\">{\"@context\":\"https:\/\/schema.org\",\"@graph\":[{\"@type\":\"WebPage\",\"@id\":\"https:\/\/www.welovecycling.com\/cs\/2025\/06\/25\/zdenek-stybar-stavi-dream-team-pro-tour-de-france\/\",\"url\":\"https:\/\/www.welovecycling.com\/cs\/2025\/06\/25\/zdenek-stybar-stavi-dream-team-pro-tour-de-france\/\",\"name\":\"Zden\u011bk \u0160tybar stav\u00ed dream team pro Tour de France! | \u0160koda We Love Cycling - \u010cesk\u00e1 republika\",\"isPartOf\":{\"@id\":\"https:\/\/www.welovecycling.com\/cs\/#website\"},\"primaryImageOfPage\":{\"@id\":\"https:\/\/www.welovecycling.com\/cs\/2025\/06\/25\/zdenek-stybar-stavi-dream-team-pro-tour-de-france\/#primaryimage\"},\"image\":{\"@id\":\"https:\/\/www.welovecycling.com\/cs\/2025\/06\/25\/zdenek-stybar-stavi-dream-team-pro-tour-de-france\/#primaryimage\"},\"thumbnailUrl\":\"https:\/\/d2p6e6u75xmxt8.cloudfront.net\/13\/2025\/06\/3C9A9788-scaled.webp\",\"datePublished\":\"2025-06-25T04:48:56+00:00\",\"author\":{\"@id\":\"https:\/\/www.welovecycling.com\/cs\/#\/schema\/person\/d9eeb0a378f3a7e4a6d12d2b536b04b8\"},\"description\":\"Licenci sportovn\u00edho \u0159editele z\u00edskal Zden\u011bk \u0160tybar, b\u00fdval\u00fd profesion\u00e1ln\u00ed cyklista a v\u00edt\u011bz etapy na Tour de France 2015, je\u0161t\u011b ne\u017e utnul kari\u00e9ru. Jeden z nejlep\u0161\u00edch z\u00e1vodn\u00edk\u016f v \u010desk\u00e9 historii postupn\u011b odm\u00edtl n\u011bkolik p\u0159\u00edle\u017eitost\u00ed na anga\u017em\u00e1 v t\u00fdmech World Tour. Rozjel vlastn\u00ed projekty a necht\u011bl se upsat k roli ko\u010dovn\u00edka po z\u00e1vodech na cel\u00fd rok. Ale Tour de France je jin\u00fd level. Tak\u017ee kdy\u017e dostal nab\u00eddku sestavit sv\u016fj vysn\u011bn\u00fd t\u00fdm z pozice sportovn\u00edho \u0159editele pro Grande Boucle 2025 za We Love Cycling, vyb\u00edral jako z\u00e1vodil. \\\"V\u0161echno pro v\u00edt\u011bzstv\u00ed,\\\" sm\u011bje se b\u00fdval\u00fd \u010desk\u00fd reprezentant.\",\"inLanguage\":\"cs\",\"potentialAction\":[{\"@type\":\"ReadAction\",\"target\":[\"https:\/\/www.welovecycling.com\/cs\/2025\/06\/25\/zdenek-stybar-stavi-dream-team-pro-tour-de-france\/\"]}]},{\"@type\":\"ImageObject\",\"inLanguage\":\"cs\",\"@id\":\"https:\/\/www.welovecycling.com\/cs\/2025\/06\/25\/zdenek-stybar-stavi-dream-team-pro-tour-de-france\/#primaryimage\",\"url\":\"https:\/\/d2p6e6u75xmxt8.cloudfront.net\/13\/2025\/06\/3C9A9788-scaled.webp\",\"contentUrl\":\"https:\/\/d2p6e6u75xmxt8.cloudfront.net\/13\/2025\/06\/3C9A9788-scaled.webp\",\"width\":2560,\"height\":1707,\"caption\":\"Zden\u011bk \u0160tybar\"},{\"@type\":\"WebSite\",\"@id\":\"https:\/\/www.welovecycling.com\/cs\/#website\",\"url\":\"https:\/\/www.welovecycling.com\/cs\/\",\"name\":\"\u0160koda We Love Cycling - \u010cesk\u00e1 republika\",\"description\":\"WeLoveCycling.cz je online magaz\u00edn, kter\u00fd v\u00e1m pravideln\u011b p\u0159in\u00e1\u0161\u00ed rady a tipy, zaj\u00edmav\u00e9 \u010dl\u00e1nky, videa a jedine\u010dn\u00e9 report\u00e1\u017ee ze sv\u011bta cyklistiky.\",\"potentialAction\":[{\"@type\":\"SearchAction\",\"target\":{\"@type\":\"EntryPoint\",\"urlTemplate\":\"https:\/\/www.welovecycling.com\/cs\/?s={search_term_string}\"},\"query-input\":{\"@type\":\"PropertyValueSpecification\",\"valueRequired\":true,\"valueName\":\"search_term_string\"}}],\"inLanguage\":\"cs\"},{\"@type\":\"Person\",\"@id\":\"https:\/\/www.welovecycling.com\/cs\/#\/schema\/person\/d9eeb0a378f3a7e4a6d12d2b536b04b8\",\"name\":\"radekmalina\",\"image\":{\"@type\":\"ImageObject\",\"inLanguage\":\"cs\",\"@id\":\"https:\/\/www.welovecycling.com\/cs\/#\/schema\/person\/image\/\",\"url\":\"https:\/\/secure.gravatar.com\/avatar\/66994b632cb8c39a46b9f54afa3ae07201b678d32a54275b6f1c9ffec356bfc0?s=96&d=mm&r=g\",\"contentUrl\":\"https:\/\/secure.gravatar.com\/avatar\/66994b632cb8c39a46b9f54afa3ae07201b678d32a54275b6f1c9ffec356bfc0?s=96&d=mm&r=g\",\"caption\":\"radekmalina\"},\"url\":\"https:\/\/www.welovecycling.com\/cs\/author\/radekmalina\/\"}]}<\/script>\n<!-- \/ Yoast SEO Premium plugin. -->","yoast_head_json":{"title":"Zden\u011bk \u0160tybar stav\u00ed dream team pro Tour de France! | \u0160koda We Love Cycling - \u010cesk\u00e1 republika","description":"Licenci sportovn\u00edho \u0159editele z\u00edskal Zden\u011bk \u0160tybar, b\u00fdval\u00fd profesion\u00e1ln\u00ed cyklista a v\u00edt\u011bz etapy na Tour de France 2015, je\u0161t\u011b ne\u017e utnul kari\u00e9ru. Jeden z nejlep\u0161\u00edch z\u00e1vodn\u00edk\u016f v \u010desk\u00e9 historii postupn\u011b odm\u00edtl n\u011bkolik p\u0159\u00edle\u017eitost\u00ed na anga\u017em\u00e1 v t\u00fdmech World Tour. Rozjel vlastn\u00ed projekty a necht\u011bl se upsat k roli ko\u010dovn\u00edka po z\u00e1vodech na cel\u00fd rok. Ale Tour de France je jin\u00fd level. Tak\u017ee kdy\u017e dostal nab\u00eddku sestavit sv\u016fj vysn\u011bn\u00fd t\u00fdm z pozice sportovn\u00edho \u0159editele pro Grande Boucle 2025 za We Love Cycling, vyb\u00edral jako z\u00e1vodil. \"V\u0161echno pro v\u00edt\u011bzstv\u00ed,\" sm\u011bje se b\u00fdval\u00fd \u010desk\u00fd reprezentant.","robots":{"index":"index","follow":"follow","max-snippet":"max-snippet:-1","max-image-preview":"max-image-preview:large","max-video-preview":"max-video-preview:-1"},"canonical":"https:\/\/www.welovecycling.com\/cs\/2025\/06\/25\/zdenek-stybar-stavi-dream-team-pro-tour-de-france\/","og_locale":"cs_CZ","og_type":"article","og_title":"Zden\u011bk \u0160tybar stav\u00ed dream team pro Tour de France!","og_description":"Licenci sportovn\u00edho \u0159editele z\u00edskal Zden\u011bk \u0160tybar, b\u00fdval\u00fd profesion\u00e1ln\u00ed cyklista a v\u00edt\u011bz etapy na Tour de France 2015, je\u0161t\u011b ne\u017e utnul kari\u00e9ru. Jeden z nejlep\u0161\u00edch z\u00e1vodn\u00edk\u016f v \u010desk\u00e9 historii postupn\u011b odm\u00edtl n\u011bkolik p\u0159\u00edle\u017eitost\u00ed na anga\u017em\u00e1 v t\u00fdmech World Tour. Rozjel vlastn\u00ed projekty a necht\u011bl se upsat k roli ko\u010dovn\u00edka po z\u00e1vodech na cel\u00fd rok. Ale Tour de France je jin\u00fd level. Tak\u017ee kdy\u017e dostal nab\u00eddku sestavit sv\u016fj vysn\u011bn\u00fd t\u00fdm z pozice sportovn\u00edho \u0159editele pro Grande Boucle 2025 za We Love Cycling, vyb\u00edral jako z\u00e1vodil. \"V\u0161echno pro v\u00edt\u011bzstv\u00ed,\" sm\u011bje se b\u00fdval\u00fd \u010desk\u00fd reprezentant.","og_url":"https:\/\/www.welovecycling.com\/cs\/2025\/06\/25\/zdenek-stybar-stavi-dream-team-pro-tour-de-france\/","og_site_name":"\u0160koda We Love Cycling - \u010cesk\u00e1 republika","article_published_time":"2025-06-25T04:48:56+00:00","og_image":[{"width":2560,"height":1707,"url":"https:\/\/d2p6e6u75xmxt8.cloudfront.net\/13\/2025\/06\/3C9A9788-scaled.webp","type":"image\/webp"}],"author":"radekmalina","twitter_card":"summary_large_image","twitter_misc":{"Written by":"Radek Malina","Est. reading time":"6"},"schema":{"@context":"https:\/\/schema.org","@graph":[{"@type":"WebPage","@id":"https:\/\/www.welovecycling.com\/cs\/2025\/06\/25\/zdenek-stybar-stavi-dream-team-pro-tour-de-france\/","url":"https:\/\/www.welovecycling.com\/cs\/2025\/06\/25\/zdenek-stybar-stavi-dream-team-pro-tour-de-france\/","name":"Zden\u011bk \u0160tybar stav\u00ed dream team pro Tour de France! | \u0160koda We Love Cycling - \u010cesk\u00e1 republika","isPartOf":{"@id":"https:\/\/www.welovecycling.com\/cs\/#website"},"primaryImageOfPage":{"@id":"https:\/\/www.welovecycling.com\/cs\/2025\/06\/25\/zdenek-stybar-stavi-dream-team-pro-tour-de-france\/#primaryimage"},"image":{"@id":"https:\/\/www.welovecycling.com\/cs\/2025\/06\/25\/zdenek-stybar-stavi-dream-team-pro-tour-de-france\/#primaryimage"},"thumbnailUrl":"https:\/\/d2p6e6u75xmxt8.cloudfront.net\/13\/2025\/06\/3C9A9788-scaled.webp","datePublished":"2025-06-25T04:48:56+00:00","author":{"@id":"https:\/\/www.welovecycling.com\/cs\/#\/schema\/person\/d9eeb0a378f3a7e4a6d12d2b536b04b8"},"description":"Licenci sportovn\u00edho \u0159editele z\u00edskal Zden\u011bk \u0160tybar, b\u00fdval\u00fd profesion\u00e1ln\u00ed cyklista a v\u00edt\u011bz etapy na Tour de France 2015, je\u0161t\u011b ne\u017e utnul kari\u00e9ru. Jeden z nejlep\u0161\u00edch z\u00e1vodn\u00edk\u016f v \u010desk\u00e9 historii postupn\u011b odm\u00edtl n\u011bkolik p\u0159\u00edle\u017eitost\u00ed na anga\u017em\u00e1 v t\u00fdmech World Tour. Rozjel vlastn\u00ed projekty a necht\u011bl se upsat k roli ko\u010dovn\u00edka po z\u00e1vodech na cel\u00fd rok. Ale Tour de France je jin\u00fd level. Tak\u017ee kdy\u017e dostal nab\u00eddku sestavit sv\u016fj vysn\u011bn\u00fd t\u00fdm z pozice sportovn\u00edho \u0159editele pro Grande Boucle 2025 za We Love Cycling, vyb\u00edral jako z\u00e1vodil. \"V\u0161echno pro v\u00edt\u011bzstv\u00ed,\" sm\u011bje se b\u00fdval\u00fd \u010desk\u00fd reprezentant.","inLanguage":"cs","potentialAction":[{"@type":"ReadAction","target":["https:\/\/www.welovecycling.com\/cs\/2025\/06\/25\/zdenek-stybar-stavi-dream-team-pro-tour-de-france\/"]}]},{"@type":"ImageObject","inLanguage":"cs","@id":"https:\/\/www.welovecycling.com\/cs\/2025\/06\/25\/zdenek-stybar-stavi-dream-team-pro-tour-de-france\/#primaryimage","url":"https:\/\/d2p6e6u75xmxt8.cloudfront.net\/13\/2025\/06\/3C9A9788-scaled.webp","contentUrl":"https:\/\/d2p6e6u75xmxt8.cloudfront.net\/13\/2025\/06\/3C9A9788-scaled.webp","width":2560,"height":1707,"caption":"Zden\u011bk \u0160tybar"},{"@type":"WebSite","@id":"https:\/\/www.welovecycling.com\/cs\/#website","url":"https:\/\/www.welovecycling.com\/cs\/","name":"\u0160koda We Love Cycling - \u010cesk\u00e1 republika","description":"WeLoveCycling.cz je online magaz\u00edn, kter\u00fd v\u00e1m pravideln\u011b p\u0159in\u00e1\u0161\u00ed rady a tipy, zaj\u00edmav\u00e9 \u010dl\u00e1nky, videa a jedine\u010dn\u00e9 report\u00e1\u017ee ze sv\u011bta cyklistiky.","potentialAction":[{"@type":"SearchAction","target":{"@type":"EntryPoint","urlTemplate":"https:\/\/www.welovecycling.com\/cs\/?s={search_term_string}"},"query-input":{"@type":"PropertyValueSpecification","valueRequired":true,"valueName":"search_term_string"}}],"inLanguage":"cs"},{"@type":"Person","@id":"https:\/\/www.welovecycling.com\/cs\/#\/schema\/person\/d9eeb0a378f3a7e4a6d12d2b536b04b8","name":"radekmalina","image":{"@type":"ImageObject","inLanguage":"cs","@id":"https:\/\/www.welovecycling.com\/cs\/#\/schema\/person\/image\/","url":"https:\/\/secure.gravatar.com\/avatar\/66994b632cb8c39a46b9f54afa3ae07201b678d32a54275b6f1c9ffec356bfc0?s=96&d=mm&r=g","contentUrl":"https:\/\/secure.gravatar.com\/avatar\/66994b632cb8c39a46b9f54afa3ae07201b678d32a54275b6f1c9ffec356bfc0?s=96&d=mm&r=g","caption":"radekmalina"},"url":"https:\/\/www.welovecycling.com\/cs\/author\/radekmalina\/"}]}},"_links":{"self":[{"href":"https:\/\/www.welovecycling.com\/cs\/wp-json\/wp\/v2\/posts\/29668","targetHints":{"allow":["GET"]}}],"collection":[{"href":"https:\/\/www.welovecycling.com\/cs\/wp-json\/wp\/v2\/posts"}],"about":[{"href":"https:\/\/www.welovecycling.com\/cs\/wp-json\/wp\/v2\/types\/post"}],"author":[{"embeddable":true,"href":"https:\/\/www.welovecycling.com\/cs\/wp-json\/wp\/v2\/users\/138"}],"replies":[{"embeddable":true,"href":"https:\/\/www.welovecycling.com\/cs\/wp-json\/wp\/v2\/comments?post=29668"}],"version-history":[{"count":1,"href":"https:\/\/www.welovecycling.com\/cs\/wp-json\/wp\/v2\/posts\/29668\/revisions"}],"predecessor-version":[{"id":29669,"href":"https:\/\/www.welovecycling.com\/cs\/wp-json\/wp\/v2\/posts\/29668\/revisions\/29669"}],"wp:featuredmedia":[{"embeddable":true,"href":"https:\/\/www.welovecycling.com\/cs\/wp-json\/wp\/v2\/media\/29632"}],"wp:attachment":[{"href":"https:\/\/www.welovecycling.com\/cs\/wp-json\/wp\/v2\/media?parent=29668"}],"wp:term":[{"taxonomy":"category","embeddable":true,"href":"https:\/\/www.welovecycling.com\/cs\/wp-json\/wp\/v2\/categories?post=29668"},{"taxonomy":"post_tag","embeddable":true,"href":"https:\/\/www.welovecycling.com\/cs\/wp-json\/wp\/v2\/tags?post=29668"},{"taxonomy":"global-categories","embeddable":true,"href":"https:\/\/www.welovecycling.com\/cs\/wp-json\/wp\/v2\/global-categories?post=29668"}],"curies":[{"name":"wp","href":"https:\/\/api.w.org\/{rel}","templated":true}]}}