{"id":29653,"date":"2025-06-24T16:48:59","date_gmt":"2025-06-24T14:48:59","guid":{"rendered":"https:\/\/www.welovecycling.com\/cs\/?p=29653"},"modified":"2025-06-24T16:48:59","modified_gmt":"2025-06-24T14:48:59","slug":"tip-na-cyklovylet-salzkammergut-jako-prazdninovy-cil-nejen-na-e-biky","status":"publish","type":"post","link":"https:\/\/www.welovecycling.com\/cs\/2025\/06\/24\/tip-na-cyklovylet-salzkammergut-jako-prazdninovy-cil-nejen-na-e-biky\/","title":{"rendered":"Tip na cyklov\u00fdlet: Salzkammergut jako pr\u00e1zdninov\u00fd c\u00edl nejen na e-biky"},"content":{"rendered":"<p><strong>Pat\u0159\u00ed ke sv\u011btov\u00e9 bikersk\u00e9 elit\u011b. Richard Gasperotti alias Gaspi v\u0161ak nen\u00ed jen ten spla\u0161en\u00fd k\u016f\u0148, kter\u00fd sj\u00ed\u017ed\u00ed \u0161\u00edlen\u00e9 traily a \u010dinn\u00e9 sopky. Je to taky t\u00e1ta od rodiny. U\u017e mnoho let se vrac\u00ed do rakousk\u00e9 oblasti Salzkammergut, kde si od v\u0161eho odpo\u010dine a p\u0159itom si po\u0159\u00e1d skv\u011ble zajezd\u00ed. Tady to s n\u00edm na e-bic\u00edch v pohod\u011b zvl\u00e1dne i man\u017eelka s dcerou. \u201eA v\u00edte, jak to je? Kdy\u017e chci, taky tady najdu to svoje,\u201d \u0159\u00edk\u00e1.<\/strong><\/p>\n<p>Tak\u017ee pro\u010d str\u00e1vit letn\u00ed dovolenou u soused\u016f v \u201eSoln\u00e9 komo\u0159e\u201d <a href=\"https:\/\/www.welovecycling.com\/cs\/2023\/01\/20\/richard-gasperotti-jak-jsem-sjel-do-jedoveho-chrtanu-sopky-etny\/\">podle mu\u017ee<\/a>, v jeho\u017e DNA koluje cyklistika&#8230;<\/p>\n<h2><strong>1. P\u011bt hodin z Prahy, t\u0159i z Bud\u011bjovic<\/strong><\/h2>\n<p>S dlouh\u00fdmi cestami za volantem nem\u00e1m probl\u00e9m. M\u00e1m svou v\u011brnou dod\u00e1vku Helgu, sko\u010d\u00edm do n\u00ed a jedu t\u0159eba dva dny a\u017e do \u0160pan\u011blska. Ale na Salzkammergut je super, \u017ee jsem tam z Radot\u00edna do p\u011bti hodin. S rodinou ide\u00e1l, proto\u017ee nemus\u00edm po\u0159\u00e1d zezadu poslouchat dotazy: \u201eKdy u\u017e tam budem?\u201d Je to p\u0159esn\u011b ta doba, co \u010dlov\u011bk zvl\u00e1dne odjet i po pr\u00e1ci, kdy\u017e p\u0159ijde trochu d\u0159\u00edv. To m\u011b bav\u00ed. Salzkammergut m\u00e1m r\u00e1d. Pro m\u011b je to ide\u00e1ln\u00ed pr\u00e1zdninov\u00e1 destinace, kde si krom\u011b cyklistiky najdu dal\u0161\u00ed v\u011bci, kter\u00e9 m\u011b bav\u00ed, jako hiking, m\u00edsta s kr\u00e1sn\u00fdmi v\u00fdhledy, plav\u00e1n\u00ed v k\u0159i\u0161\u0165\u00e1lov\u00fdch jezerech a paddleboard, a tak n\u011bjak samoz\u0159ejm\u011b dobr\u00e9 j\u00eddlo. Je tu prost\u011b p\u011bkn\u011b.<\/p>\n<h2><strong>2. V\u00fdletn\u00ed cesty<\/strong><\/h2>\n<p>Jist\u011b\u017ee si r\u00e1d zal\u00edt\u00e1m na singletrailech, ale tady se prost\u011b svezu po \u0161irok\u00fdch cest\u00e1ch se zast\u00e1vkami v horsk\u00fdch chat\u00e1ch, kde si d\u00e1m Almdudler a ovocn\u00e9 knedl\u00edky. Vloni jsem se n\u011bco najezdil v oblasti kolem Gosau, proto\u017ee jsem tady po\u0159\u00e1dal bike camp pro asi t\u0159icet lid\u00ed. \u0160irok\u00e9 cesty zvl\u00e1dne technicky ka\u017ed\u00fd, s v\u011bt\u0161\u00edmi sklony stoup\u00e1n\u00ed pom\u016f\u017ee elektromotor. P\u0159\u00edroda je kr\u00e1sn\u00e1 a kdo stoupat nechce, zajede si na zmrzlinu k jednomu z nejhez\u010d\u00edch v\u00fdhled\u016f v Rakousku, kter\u00fd v\u00e1m nab\u00eddne b\u0159eh Gosausee. Pr\u00e1v\u011b odtud mimochodem za\u010d\u00ednaj\u00ed bo\u017e\u00ed hajkovac\u00ed v\u00fdlety. Letos m\u011b zas bikov\u00fd guide Karl Posch vyt\u00e1hl podobn\u011b turistick\u00fdm stylem z Bad Goisern a\u017e do jednoho z nejhez\u010d\u00edch sedel, kde jsem v \u017eivot\u011b byl. Z terasy horsk\u00e9 chaty Alpengasthof H\u00fctteneckalm je \u00fa\u017easn\u00fd v\u00fdhled na ledovec Dachsteinu. U\u017e jen pro n\u011bj to stoj\u00ed za to..<\/p>\n<h2><strong>3. Trail centrum Obertraun zdarma a pro v\u0161echny<\/strong><\/h2>\n<p>Na \u00fapat\u00ed ly\u017ea\u0159sk\u00fdm a snowboardov\u00fdm freeridist\u016fm velmi dob\u0159e zn\u00e1m\u00e9 oblasti Dachstein &#8211; Krippenstein se rozr\u016fst\u00e1 trailov\u00e9 st\u0159edisko ur\u010den\u00e9 jezdc\u016fm v\u0161ech \u00farovn\u00ed dovednost\u00ed. Po\u0159\u00e1d na n\u011bm pracuj\u00ed a vylep\u0161uj\u00ed ho. Traily jsou sp\u00ed\u0161 p\u0159\u00edrodn\u00ed, dopln\u011bn\u00e9 o r\u016fzn\u00e9 technick\u00e9 vlo\u017eky a prvky jako jsou klopenky, vlny, kamenn\u00e9 sekce a men\u0161\u00ed skoky.<\/p>\n<figure id=\"attachment_29658\" aria-describedby=\"caption-attachment-29658\" style=\"width: 1920px\" class=\"wp-caption alignnone\"><a href=\"https:\/\/d2p6e6u75xmxt8.cloudfront.net\/13\/2025\/06\/Salzkammergut-edited-118.webp\"><img loading=\"lazy\" decoding=\"async\" class=\"size-extra-large wp-image-29658\" src=\"https:\/\/d2p6e6u75xmxt8.cloudfront.net\/13\/2025\/06\/Salzkammergut-edited-118-1920x1279.webp\" alt=\"\" width=\"1920\" height=\"1279\" srcset=\"https:\/\/d2p6e6u75xmxt8.cloudfront.net\/13\/2025\/06\/Salzkammergut-edited-118-1920x1279.webp 1920w, https:\/\/d2p6e6u75xmxt8.cloudfront.net\/13\/2025\/06\/Salzkammergut-edited-118-300x200.webp 300w, https:\/\/d2p6e6u75xmxt8.cloudfront.net\/13\/2025\/06\/Salzkammergut-edited-118-1024x682.webp 1024w, https:\/\/d2p6e6u75xmxt8.cloudfront.net\/13\/2025\/06\/Salzkammergut-edited-118-768x512.webp 768w, https:\/\/d2p6e6u75xmxt8.cloudfront.net\/13\/2025\/06\/Salzkammergut-edited-118-1536x1024.webp 1536w, https:\/\/d2p6e6u75xmxt8.cloudfront.net\/13\/2025\/06\/Salzkammergut-edited-118-2048x1365.webp 2048w, https:\/\/d2p6e6u75xmxt8.cloudfront.net\/13\/2025\/06\/Salzkammergut-edited-118-400x267.webp 400w, https:\/\/d2p6e6u75xmxt8.cloudfront.net\/13\/2025\/06\/Salzkammergut-edited-118-272x182.webp 272w, https:\/\/d2p6e6u75xmxt8.cloudfront.net\/13\/2025\/06\/Salzkammergut-edited-118-1920x1279.webp 1920w\" sizes=\"auto, (max-width: 1920px) 100vw, 1920px\" \/><\/a><figcaption id=\"caption-attachment-29658\" class=\"wp-caption-text\"><em>Salzkammergut jako ide\u00e1ln\u00ed destinace pro rodinnou dovolenou na kole. Sv\u00e9 si tady najde ka\u017ed\u00fd&#8230;<\/em><\/figcaption><\/figure>\n<p>Trailcentrum pova\u017euju za ide\u00e1ln\u00ed m\u00edsto, kde m\u016f\u017eete zapracovat na technice sv\u00e9 i t\u0159eba sv\u00fdch d\u011bt\u00ed. Otev\u0159eno je denn\u011b a za vstup nic neplat\u00edte. Ide\u00e1ln\u00ed jako c\u00edl na p\u016fldenn\u00ed zast\u00e1vku. Zbytek dne m\u016f\u017eete str\u00e1vit v\u00fdletem na vyhl\u00eddku \u201e5Fingers\u201d. Vyjedete tam lanovkou z doln\u00ed stanice, kterou najdete hned nad trailparkem.<\/p>\n<h2><strong>4. \u010e\u00e1belsk\u00fd sjezd pro experty<\/strong><\/h2>\n<p>\u0158\u00edkaj\u00ed tomu 50stup\u0148ov\u00fd trail a je to poctiv\u00e9 DH\u00e1\u010dko pro milovn\u00edky sjezdu v t\u00e9 nej\u010dist\u0161\u00ed podob\u011b. Trasu z vrcholu Feuerkogel stav\u00ed parta kolem dvojn\u00e1sobn\u00e9 mistryn\u011b Rakouska ve sjezdu Elke Rabeder a jej\u00edho p\u0159\u00edtele Christophera, s nimi\u017e jsem m\u011bl \u010dest tuhle j\u00edzdu absolvovat &#8211; jak oni sami poznamenali &#8211; z\u0159ejm\u011b jako v\u016fbec prvn\u00ed \u010dlov\u011bk na ebiku. P\u0159ipravte se na \u0161utry, ko\u0159enov\u00e9 sekce, kter\u00e9 obzvl\u00e1\u0161\u0165 za vlhka klou\u017eou jako \u010dert, a hodn\u011b \u010dasto po\u0159\u00e1dnej se\u0161up. Poctiv\u00fd sklon a technick\u00e9 sekce d\u011blaj\u00ed z tohoto trailu v\u00fdborn\u00e9 m\u00edsto pro tr\u00e9nink pokro\u010dil\u00fdch biker\u016f.<\/p>\n<div class=\"shortcode-ys-post-pinup\"><article class=\"loop-simple post-29598 post type-post status-publish format-standard has-post-thumbnail hentry category-silnicni-cyklistika tag-bradley-wiggins tag-cyklistika tag-letape-2025 tag-letape-czech-republic-2025 tag-petr-cech tag-silnicni-cyklistika tag-zdenek-stybar global-categories-cycling\" data-postid=\"29598\" role=\"article\" data-post-id=\"29598\" data-word-count=\"746\" data-headline-length=\"92\" data-category=\"Silni\u010dn\u00ed cyklistika\" data-global-category=\"Cycling\" data-author=\"We Love Cycling\" data-published=\"2025-06-23T06:33:44+02:00\" data-published-day=\"Monday\">\n    <div class=\"entry-thumbnail article-thumbnail\" content=\"https:\/\/d2p6e6u75xmxt8.cloudfront.net\/13\/2025\/06\/3C9A6120-150x150.webp\"><a href=\"https:\/\/www.welovecycling.com\/cs\/2025\/06\/23\/nadherne-silenstvi-vratili-jste-me-do-modu-tour-de-france-dekoval-bradley-wiggins\/\" class=\"image-holder\" target=\"_self\"><img decoding=\"async\" loading=\"lazy\" class=\"\" src=\"https:\/\/d2p6e6u75xmxt8.cloudfront.net\/13\/2025\/06\/3C9A6120-1024x683.webp\" srcset=\"https:\/\/d2p6e6u75xmxt8.cloudfront.net\/13\/2025\/06\/3C9A6120-scaled.webp 2560w, https:\/\/d2p6e6u75xmxt8.cloudfront.net\/13\/2025\/06\/3C9A6120-300x200.webp 300w, https:\/\/d2p6e6u75xmxt8.cloudfront.net\/13\/2025\/06\/3C9A6120-1024x683.webp 1024w, https:\/\/d2p6e6u75xmxt8.cloudfront.net\/13\/2025\/06\/3C9A6120-768x512.webp 768w, https:\/\/d2p6e6u75xmxt8.cloudfront.net\/13\/2025\/06\/3C9A6120-1536x1024.webp 1536w, https:\/\/d2p6e6u75xmxt8.cloudfront.net\/13\/2025\/06\/3C9A6120-2048x1365.webp 2048w, https:\/\/d2p6e6u75xmxt8.cloudfront.net\/13\/2025\/06\/3C9A6120-1920x1280.webp 1920w, https:\/\/d2p6e6u75xmxt8.cloudfront.net\/13\/2025\/06\/3C9A6120-400x267.webp 400w, https:\/\/d2p6e6u75xmxt8.cloudfront.net\/13\/2025\/06\/3C9A6120-272x182.webp 272w, https:\/\/d2p6e6u75xmxt8.cloudfront.net\/13\/2025\/06\/3C9A6120-1920x1280.webp 1920w\" width=\"1024\" height=\"683\" sizes=\"auto, (min-width: 1200px) 300px, (min-width: 768px) 25vw, 100vw\" alt=\"nadherne-silenstvi-vratili-jste-me-do-modu-tour-de-france-dekoval-bradley-wiggins\"\/><\/a><\/div>    <div class=\"entry-meta\">\n        <a class=\"label label-secondary post-category\" href=\"https:\/\/www.welovecycling.com\/cs\/category\/silnicni-cyklistika\/\" title=\"Silni\u010dn\u00ed cyklistika\">Silni\u010dn\u00ed cyklistika<\/a>\n    <\/div>\n    <div class=\"entry-details\">\n        <a href=\"https:\/\/www.welovecycling.com\/cs\/2025\/06\/23\/nadherne-silenstvi-vratili-jste-me-do-modu-tour-de-france-dekoval-bradley-wiggins\/\" class='entry-title-wrapper'>\n            <h3 class=\"entry-title\"><span>N\u00e1dhern\u00e9 \u0161\u00edlenstv\u00ed! Vr\u00e1tili jste m\u011b do m\u00f3du Tour de France, d\u011bkoval Bradley Wiggins<\/span><\/h3>\n        <\/a>\n    <\/div>\n    <\/article>\n<\/div>\n<p>Tak\u017ee v\u0161echny, kdo m\u011b na v\u00fd\u0161e uveden\u00fdch \u0159\u00e1dc\u00edch podez\u00edrali z vym\u011bknut\u00ed, zvu na proj\u00ed\u017e\u010fku na \u201eDie Dunkelschwarze\u201d, neboli \u201etmavou \u010dernou\u201d, o celkov\u00e9 d\u00e9lce 5,6 km. Pokud v\u00e1s bav\u00ed technick\u00e9 je\u017ed\u011bn\u00ed v prudk\u00e9m sklonu, tady si porochn\u00edte. Na start v nadmo\u0159sk\u00e9 v\u00fd\u0161ce 1500 metr\u016f v\u00e1s ka\u017edou p\u016flhodinu vyveze lanovka. Za celodenn\u00ed letenku zaplat\u00edte necel\u00fdch pades\u00e1t eur. Zkraje se trail klikat\u00ed mezi kosod\u0159evinami a pak se m\u011bn\u00ed v horskou DHdr\u00e1hu. Ebike\u0159i si to mohou vy\u0161l\u00e1pnout po \u0161irok\u00e9 \u0161otolinov\u00e9 cest\u011b. Garantuji, \u017ee po dni str\u00e1ven\u00e9m na Feuerkogelu zatou\u017e\u00edte po odpo\u010dinku n\u011bkde u vody.<\/p>\n<h2><strong>5. Koup\u00e1n\u00ed v jezerech<\/strong><\/h2>\n<p>Salzkammergut je oblast\u00ed k\u0159i\u0161\u0165\u00e1lov\u011b \u010dist\u00fdch jezer s pitnou kvalitou vody. Doporu\u010duju Wolfgangsee, Fuschlsee nebo Attersee. Ka\u017ed\u00e9 m\u00e1 n\u011bco do sebe. Wolfgangsee je s\u00e1zka na jistotu s kr\u00e1sn\u011b \u010distou vodou o p\u0159\u00edjemn\u00e9 teplot\u011b. J\u00e1 s\u00e1m m\u00e1m nejrad\u011bji Fuschlsee, kter\u00e9 je men\u0161\u00ed, m\u00e9n\u011b zn\u00e1m\u00e9 a tak\u00e9 m\u00e9n\u011b p\u0159elidn\u011bn\u00e9, s teplou vodou, kde se d\u00e1 plavat i ve\u010der. Na v\u00fdchodn\u00ed stran\u011b je lesn\u00ed pl\u00e1\u017e s molem, kam chod\u00ed hlavn\u011b m\u00edstn\u00ed \u2013 tak\u017ee je to bez dav\u016f.<\/p>\n<p><a href=\"https:\/\/d2p6e6u75xmxt8.cloudfront.net\/13\/2025\/06\/Salzkammergut-edited-112-scaled.webp\"><img loading=\"lazy\" decoding=\"async\" class=\"alignnone size-extra-large wp-image-29660\" src=\"https:\/\/d2p6e6u75xmxt8.cloudfront.net\/13\/2025\/06\/Salzkammergut-edited-112-1920x1280.webp\" alt=\"\" width=\"1920\" height=\"1280\" srcset=\"https:\/\/d2p6e6u75xmxt8.cloudfront.net\/13\/2025\/06\/Salzkammergut-edited-112-1920x1280.webp 1920w, https:\/\/d2p6e6u75xmxt8.cloudfront.net\/13\/2025\/06\/Salzkammergut-edited-112-300x200.webp 300w, https:\/\/d2p6e6u75xmxt8.cloudfront.net\/13\/2025\/06\/Salzkammergut-edited-112-1024x683.webp 1024w, https:\/\/d2p6e6u75xmxt8.cloudfront.net\/13\/2025\/06\/Salzkammergut-edited-112-768x512.webp 768w, https:\/\/d2p6e6u75xmxt8.cloudfront.net\/13\/2025\/06\/Salzkammergut-edited-112-1536x1024.webp 1536w, https:\/\/d2p6e6u75xmxt8.cloudfront.net\/13\/2025\/06\/Salzkammergut-edited-112-2048x1365.webp 2048w, https:\/\/d2p6e6u75xmxt8.cloudfront.net\/13\/2025\/06\/Salzkammergut-edited-112-400x267.webp 400w, https:\/\/d2p6e6u75xmxt8.cloudfront.net\/13\/2025\/06\/Salzkammergut-edited-112-272x182.webp 272w, https:\/\/d2p6e6u75xmxt8.cloudfront.net\/13\/2025\/06\/Salzkammergut-edited-112-1920x1280.webp 1920w\" sizes=\"auto, (max-width: 1920px) 100vw, 1920px\" \/><\/a><\/p>\n<p>Ob\u011b jezera maj\u00ed nej\u010dist\u0161\u00ed a opticky nejp\u0159ita\u017eliv\u011bj\u0161\u00ed vodu s pr\u016fzra\u010dn\u00fdmi, kr\u00e1sn\u011b modrozelen\u00fdmi t\u00f3ny. Attersee nab\u00edz\u00ed nejv\u00edc prostoru, spoustu voln\u011b p\u0159\u00edstupn\u00fdch m\u00edst i ve\u0159ejn\u00fdch koupali\u0161\u0165 a hodn\u011b mo\u017enost\u00ed pro sportovn\u00ed vy\u017eit\u00ed. Koupat se d\u00e1 i v Hallstattsk\u00e9m jeze\u0159e, ale teplota vody je o dost ni\u017e\u0161\u00ed a i ocelov\u011b \u0161ed\u00e1 hladina m\u00e1 sp\u00ed\u0161 \u201eseverskou\u201d n\u00e1ladu.<\/p>\n<h2><strong>6. Borovicov\u00e1 zmrzka za odm\u011bnu<\/strong><\/h2>\n<p>Kdy\u017e u\u017e mluv\u00edme o Hallstattsk\u00e9m jeze\u0159e, p\u0159ipom\u00edn\u00e1 mi to, \u017ee d\u011bti (i k\u00e1mo\u0161i) ocen\u00ed, kdy\u017e je p\u0159ekvap\u00edte tajn\u00fdm trumfem v ruk\u00e1vu. N\u011bco ve stylu \u2013 kdy\u017e nebudete mrmlat, vezmu v\u00e1s po kole na\u2026 No a pro m\u011b je t\u00edmhle osobn\u00edm tipem borovicov\u00e1 zmrzlina, jakou serv\u00edruj\u00ed v prastar\u00e9 restauraci Welterbe-Wirtshaus Steegwirt v Bad Goisernu na b\u0159ehu Hallstattsk\u00e9ho jezera.<\/p>\n<p><a href=\"https:\/\/d2p6e6u75xmxt8.cloudfront.net\/13\/2025\/06\/Salzkammergut-edited-108-scaled.webp\"><img loading=\"lazy\" decoding=\"async\" class=\"alignnone size-extra-large wp-image-29661\" src=\"https:\/\/d2p6e6u75xmxt8.cloudfront.net\/13\/2025\/06\/Salzkammergut-edited-108-1920x1280.webp\" alt=\"\" width=\"1920\" height=\"1280\" srcset=\"https:\/\/d2p6e6u75xmxt8.cloudfront.net\/13\/2025\/06\/Salzkammergut-edited-108-1920x1280.webp 1920w, https:\/\/d2p6e6u75xmxt8.cloudfront.net\/13\/2025\/06\/Salzkammergut-edited-108-300x200.webp 300w, https:\/\/d2p6e6u75xmxt8.cloudfront.net\/13\/2025\/06\/Salzkammergut-edited-108-1024x683.webp 1024w, https:\/\/d2p6e6u75xmxt8.cloudfront.net\/13\/2025\/06\/Salzkammergut-edited-108-768x512.webp 768w, https:\/\/d2p6e6u75xmxt8.cloudfront.net\/13\/2025\/06\/Salzkammergut-edited-108-1536x1024.webp 1536w, https:\/\/d2p6e6u75xmxt8.cloudfront.net\/13\/2025\/06\/Salzkammergut-edited-108-2048x1365.webp 2048w, https:\/\/d2p6e6u75xmxt8.cloudfront.net\/13\/2025\/06\/Salzkammergut-edited-108-400x267.webp 400w, https:\/\/d2p6e6u75xmxt8.cloudfront.net\/13\/2025\/06\/Salzkammergut-edited-108-272x182.webp 272w, https:\/\/d2p6e6u75xmxt8.cloudfront.net\/13\/2025\/06\/Salzkammergut-edited-108-1920x1280.webp 1920w\" sizes=\"auto, (max-width: 1920px) 100vw, 1920px\" \/><\/a><\/p>\n<p>S\u00e1m podnik stoj\u00ed za zm\u00ednku, proto\u017ee historie n\u00e1dhern\u00e9 budovy sah\u00e1 a\u017e do roku 1571 \u2013 nebo to aspo\u0148 tvrd\u00ed. Za druh\u00e9 \u2013 skv\u011ble va\u0159\u00ed tradi\u010dn\u00ed lok\u00e1ln\u00ed kuchyni. A do t\u0159etice \u2013 je tu ji\u017e sl\u00edben\u00e1 \u201eLatscheneis\u201d, neboli zmrzka z horsk\u00e9 borovice. V\u00edc v\u00e1m ne\u0159eknu, ochutnat mus\u00edte sami.<\/p>\n<h2><strong>7. V\u00fdzva pro maratonce<\/strong><\/h2>\n<p>Bad Goisern je m\u011bste\u010dko zn\u00e1m\u00e9 v\u0161em biker\u016fm, kte\u0159\u00ed r\u00e1di dupou do ped\u00e1l\u016f, a tak to nem\u016f\u017eu nezm\u00ednit: pr\u00e1v\u011b odtud ka\u017ed\u00fd rok v \u010dervenci startuje legend\u00e1rn\u00ed MTB maraton Salzkammergut Trophy. Hlavn\u00ed trasa m\u00e1 p\u0159es 200 km a 7000 v\u00fd\u0161kov\u00fdch metr\u016f, co\u017e je po\u0159\u00e1dn\u00e1 v\u00fdzva i pro nabu\u0161en\u00e9 borce. Ale v\u00fdhodou je, \u017ee si m\u016f\u017eete vybrat z n\u011bkolika krat\u0161\u00edch tras, tak\u017ee se dostanete do atmosf\u00e9ry z\u00e1vodu, i kdy\u017e nejste zrovna v top form\u011b. Nejkrat\u0161\u00ed varianta m\u00e1 letos pouh\u00fdch 21,8 km. Jako ebiker bych cht\u011bl p\u0159ipomenout je\u0161t\u011b jednu akci t\u00e9ho\u017e po\u0159adatele.<\/p>\n<div class=\"shortcode-ys-post-pinup\"><article class=\"loop-simple post-29494 post type-post status-publish format-standard has-post-thumbnail hentry category-silnicni-cyklistika tag-cyklistika tag-eddy-merckx tag-jubileum tag-kanibal tag-narozeniny tag-silnicni-cyklistika tag-tour-de-france global-categories-cycling\" data-postid=\"29494\" role=\"article\" data-post-id=\"29494\" data-word-count=\"659\" data-headline-length=\"85\" data-category=\"Silni\u010dn\u00ed cyklistika\" data-global-category=\"Cycling\" data-author=\"Radek Malina\" data-published=\"2025-06-17T04:00:41+02:00\" data-published-day=\"Tuesday\">\n    <div class=\"entry-thumbnail article-thumbnail\" content=\"https:\/\/d2p6e6u75xmxt8.cloudfront.net\/13\/2020\/09\/WLC-merckx-profimedia-0460745643-150x150.webp\"><a href=\"https:\/\/www.welovecycling.com\/cs\/2025\/06\/17\/tenis-si-nemohl-dovolit-a-tak-ziskal-slavu-na-kole-byt-jeho-vzor-v-sedle-zemrel\/\" class=\"image-holder\" target=\"_self\"><img decoding=\"async\" loading=\"lazy\" class=\"\" src=\"https:\/\/d2p6e6u75xmxt8.cloudfront.net\/13\/2020\/09\/WLC-merckx-profimedia-0460745643-1024x688.webp\" srcset=\"https:\/\/d2p6e6u75xmxt8.cloudfront.net\/13\/2020\/09\/WLC-merckx-profimedia-0460745643.webp 1800w, https:\/\/d2p6e6u75xmxt8.cloudfront.net\/13\/2020\/09\/WLC-merckx-profimedia-0460745643-300x202.webp 300w, https:\/\/d2p6e6u75xmxt8.cloudfront.net\/13\/2020\/09\/WLC-merckx-profimedia-0460745643-1024x688.webp 1024w, https:\/\/d2p6e6u75xmxt8.cloudfront.net\/13\/2020\/09\/WLC-merckx-profimedia-0460745643-768x516.webp 768w, https:\/\/d2p6e6u75xmxt8.cloudfront.net\/13\/2020\/09\/WLC-merckx-profimedia-0460745643-1536x1033.webp 1536w, https:\/\/d2p6e6u75xmxt8.cloudfront.net\/13\/2020\/09\/WLC-merckx-profimedia-0460745643-272x182.webp 272w\" width=\"1024\" height=\"688\" sizes=\"auto, (min-width: 1200px) 300px, (min-width: 768px) 25vw, 100vw\" alt=\"tenis-si-nemohl-dovolit-a-tak-ziskal-slavu-na-kole-byt-jeho-vzor-v-sedle-zemrel\"\/><\/a><\/div>    <div class=\"entry-meta\">\n        <a class=\"label label-secondary post-category\" href=\"https:\/\/www.welovecycling.com\/cs\/category\/silnicni-cyklistika\/\" title=\"Silni\u010dn\u00ed cyklistika\">Silni\u010dn\u00ed cyklistika<\/a>\n    <\/div>\n    <div class=\"entry-details\">\n        <a href=\"https:\/\/www.welovecycling.com\/cs\/2025\/06\/17\/tenis-si-nemohl-dovolit-a-tak-ziskal-slavu-na-kole-byt-jeho-vzor-v-sedle-zemrel\/\" class='entry-title-wrapper'>\n            <h3 class=\"entry-title\"><span>Tenis si nemohl dovolit, a tak z\u00edskal sl\u00e1vu na kole, by\u0165 jeho vzor v sedle zem\u0159el<\/span><\/h3>\n        <\/a>\n    <\/div>\n    <\/article>\n<\/div>\n<p>V ned\u011bli 13. \u010dervence 2025 se kon\u00e1 Bosch (e)MTB Scavenger Hunt \u2013 z\u00e1bavn\u00e1 orienta\u010dn\u00ed j\u00edzda na horsk\u00fdch i elektrokolech, kterou m\u016f\u017eete absolvovat sami, ve dvojici nebo ve skupin\u011b, s motorem i bez. Trasy si vol\u00ed ka\u017ed\u00fd \u00fa\u010dastn\u00edk s\u00e1m, m\u011b\u0159\u00ed 20 a\u017e 37 km a jsou technicky nen\u00e1ro\u010dn\u00e9. Nejde o rychlost, ale o z\u00e1bavu. Na cest\u011b v\u00e1s \u010dekaj\u00ed sout\u011b\u017en\u00ed stanovi\u0161t\u011b se skill v\u00fdzvami, tak\u017ee op\u011bt prima tip na rodinnou akci.<\/p>\n<h2><strong>8. E-bikov\u00e9 dobrodru\u017estv\u00ed<\/strong><\/h2>\n<p>U\u017eivatel\u00e9 elektrokol si v oblasti Salzkammergut mohou u\u017e\u00edt vyzna\u010denou trasu s n\u00e1zvem BergeSeen eTrail. V\u00fdlet o celkov\u00e9 d\u00e9lce 624 km a p\u0159ev\u00fd\u0161en\u00edm 14 500 metr\u016f je rozpl\u00e1novan\u00fd na 10 etap dlouh\u00fdch od 40 do 80 km. Na ofici\u00e1ln\u00ed str\u00e1nce Salzkammergut.at se do\u010dtete v\u0161echno od toho, co b\u011bhem kter\u00e9 etapy uvid\u00edte, jak\u00fd je profil a povrch cesty, a\u017e po to, kde se naj\u00edte nebo dobijete akumul\u00e1tor. V\u0161echny etapy funguj\u00ed i samostatn\u011b jako dobr\u00fd tip na e-bikov\u00fd v\u00fdlet, tak\u017ee pokud se ubytujete n\u011bkde pobl\u00ed\u017e trasy, p\u0159idejte se t\u0159eba jen na jeden den.<\/p>\n<h2><strong>9. Nejen v sedle<\/strong><\/h2>\n<p>Salzkammergut samoz\u0159ejm\u011b nen\u00ed jen o cyklistice. Proch\u00e1zka po Hallstattu je super, moc se mi l\u00edbila prohl\u00eddka soln\u00fdch dol\u016f, akor\u00e1t tam doporu\u010duju tepl\u00e9 pono\u017eky! D\u00e1 se objednat plavba po jeze\u0159e nebo j\u00edzda ozubnicov\u00fdm vl\u00e1\u010dkem na horu Schafberg (vyr\u00e1\u017e\u00ed z m\u011bste\u010dka St. Wolfgang, zp\u00e1te\u010dn\u00ed j\u00edzda pro dosp\u011bl\u00e9 je 56 eur, pro d\u011bti 17).<\/p>\n<p><a href=\"https:\/\/d2p6e6u75xmxt8.cloudfront.net\/13\/2025\/06\/Salzkammergut-edited-29-scaled.webp\"><img loading=\"lazy\" decoding=\"async\" class=\"alignnone size-extra-large wp-image-29665\" src=\"https:\/\/d2p6e6u75xmxt8.cloudfront.net\/13\/2025\/06\/Salzkammergut-edited-29-1920x1280.webp\" alt=\"\" width=\"1920\" height=\"1280\" srcset=\"https:\/\/d2p6e6u75xmxt8.cloudfront.net\/13\/2025\/06\/Salzkammergut-edited-29-1920x1280.webp 1920w, https:\/\/d2p6e6u75xmxt8.cloudfront.net\/13\/2025\/06\/Salzkammergut-edited-29-300x200.webp 300w, https:\/\/d2p6e6u75xmxt8.cloudfront.net\/13\/2025\/06\/Salzkammergut-edited-29-1024x683.webp 1024w, https:\/\/d2p6e6u75xmxt8.cloudfront.net\/13\/2025\/06\/Salzkammergut-edited-29-768x512.webp 768w, https:\/\/d2p6e6u75xmxt8.cloudfront.net\/13\/2025\/06\/Salzkammergut-edited-29-1536x1024.webp 1536w, https:\/\/d2p6e6u75xmxt8.cloudfront.net\/13\/2025\/06\/Salzkammergut-edited-29-2048x1366.webp 2048w, https:\/\/d2p6e6u75xmxt8.cloudfront.net\/13\/2025\/06\/Salzkammergut-edited-29-400x267.webp 400w, https:\/\/d2p6e6u75xmxt8.cloudfront.net\/13\/2025\/06\/Salzkammergut-edited-29-272x182.webp 272w, https:\/\/d2p6e6u75xmxt8.cloudfront.net\/13\/2025\/06\/Salzkammergut-edited-29-1920x1280.webp 1920w\" sizes=\"auto, (max-width: 1920px) 100vw, 1920px\" \/><\/a><\/p>\n<p>Na konci dne se pak odm\u011bn\u00edte dobr\u00fdm j\u00eddlem. Z m\u00edstn\u00ed kuchyn\u011b m\u011b bav\u00ed dom\u00e1c\u00ed \u0161pecle, bor\u016fvkov\u00e9 knedl\u00edky, \u0159\u00edzky velikosti poklice a samoz\u0159ejm\u011b dobr\u00e9 pivo.<\/p>\n<h2><strong>10. Salzkammergut v \u010de\u0161tin\u011b<\/strong><\/h2>\n<p>Samoz\u0159ejm\u011b, \u017ee dneska v\u0161ichni mluv\u00ed anglicky, ale i tak pot\u011b\u0161\u00ed, \u017ee hodn\u011b informac\u00ed pro n\u00e1v\u0161t\u011bvn\u00edky \u2013 a to jak ti\u0161t\u011bn\u00e9, tak online \u2013 jsou p\u0159ipraveny v \u010de\u0161tin\u011b. U\u017e jen v\u011bdom\u00ed, \u017ee se tady s \u010cechy po\u010d\u00edt\u00e1, je fajn. Je to prost\u011b p\u0159\u00edjemn\u00e1 dovolen\u00e1 v pohodov\u00e9 n\u00e1lad\u011b jako doma.<\/p>\n<p>&nbsp;<\/p>\n","protected":false},"excerpt":{"rendered":"<p>Pat\u0159\u00ed ke sv\u011btov\u00e9 bikersk\u00e9 elit\u011b. Richard Gasperotti alias Gaspi v\u0161ak nen\u00ed jen ten spla\u0161en\u00fd k\u016f\u0148, kter\u00fd sj\u00ed\u017ed\u00ed \u0161\u00edlen\u00e9 traily a [&hellip;]<\/p>\n","protected":false},"author":138,"featured_media":29663,"comment_status":"open","ping_status":"open","sticky":false,"template":"","format":"standard","meta":{"footnotes":""},"categories":[167],"tags":[126,228,56,586,4231,149,27],"global-categories":[411],"class_list":["post-29653","post","type-post","status-publish","format-standard","has-post-thumbnail","hentry","category-tipy-na-vylet","tag-cyklistika","tag-cyklovylet","tag-horska-cyklistika","tag-richard-gasperotti","tag-salzkammergut","tag-tip-na-cyklovylet","tag-trenink","global-categories-cycling"],"yoast_head":"<!-- This site is optimized with the Yoast SEO Premium plugin v25.3 (Yoast SEO v25.9) - https:\/\/yoast.com\/wordpress\/plugins\/seo\/ -->\n<title>Tip na cyklov\u00fdlet: Salzkammergut jako pr\u00e1zdninov\u00fd c\u00edl nejen na e-biky | \u0160koda We Love Cycling - \u010cesk\u00e1 republika<\/title>\n<meta name=\"description\" content=\"Pat\u0159\u00ed ke sv\u011btov\u00e9 bikersk\u00e9 elit\u011b. Richard Gasperotti alias Gaspi v\u0161ak nen\u00ed jen ten spla\u0161en\u00fd k\u016f\u0148, kter\u00fd sj\u00ed\u017ed\u00ed \u0161\u00edlen\u00e9 traily a \u010dinn\u00e9 sopky. Je to taky t\u00e1ta od rodiny. U\u017e mnoho let se vrac\u00ed do rakousk\u00e9 oblasti Salzkammergut, kde si od v\u0161eho odpo\u010dine a p\u0159itom si po\u0159\u00e1d skv\u011ble zajezd\u00ed. Tady to s n\u00edm na e-bic\u00edch v pohod\u011b zvl\u00e1dne i man\u017eelka s dcerou. \u201eA v\u00edte, jak to je? Kdy\u017e chci, taky tady najdu to svoje,\u201d \u0159\u00edk\u00e1.\" \/>\n<meta name=\"robots\" content=\"index, follow, max-snippet:-1, max-image-preview:large, max-video-preview:-1\" \/>\n<link rel=\"canonical\" href=\"https:\/\/www.welovecycling.com\/cs\/2025\/06\/24\/tip-na-cyklovylet-salzkammergut-jako-prazdninovy-cil-nejen-na-e-biky\/\" \/>\n<meta property=\"og:locale\" content=\"cs_CZ\" \/>\n<meta property=\"og:type\" content=\"article\" \/>\n<meta property=\"og:title\" content=\"Tip na cyklov\u00fdlet: Salzkammergut jako pr\u00e1zdninov\u00fd c\u00edl nejen na e-biky\" \/>\n<meta property=\"og:description\" content=\"Pat\u0159\u00ed ke sv\u011btov\u00e9 bikersk\u00e9 elit\u011b. Richard Gasperotti alias Gaspi v\u0161ak nen\u00ed jen ten spla\u0161en\u00fd k\u016f\u0148, kter\u00fd sj\u00ed\u017ed\u00ed \u0161\u00edlen\u00e9 traily a \u010dinn\u00e9 sopky. Je to taky t\u00e1ta od rodiny. U\u017e mnoho let se vrac\u00ed do rakousk\u00e9 oblasti Salzkammergut, kde si od v\u0161eho odpo\u010dine a p\u0159itom si po\u0159\u00e1d skv\u011ble zajezd\u00ed. Tady to s n\u00edm na e-bic\u00edch v pohod\u011b zvl\u00e1dne i man\u017eelka s dcerou. \u201eA v\u00edte, jak to je? Kdy\u017e chci, taky tady najdu to svoje,\u201d \u0159\u00edk\u00e1.\" \/>\n<meta property=\"og:url\" content=\"https:\/\/www.welovecycling.com\/cs\/2025\/06\/24\/tip-na-cyklovylet-salzkammergut-jako-prazdninovy-cil-nejen-na-e-biky\/\" \/>\n<meta property=\"og:site_name\" content=\"\u0160koda We Love Cycling - \u010cesk\u00e1 republika\" \/>\n<meta property=\"article:published_time\" content=\"2025-06-24T14:48:59+00:00\" \/>\n<meta property=\"og:image\" content=\"https:\/\/d2p6e6u75xmxt8.cloudfront.net\/13\/2025\/06\/Salzkammergut-edited-41-scaled.webp\" \/>\n\t<meta property=\"og:image:width\" content=\"2560\" \/>\n\t<meta property=\"og:image:height\" content=\"1707\" \/>\n\t<meta property=\"og:image:type\" content=\"image\/webp\" \/>\n<meta name=\"author\" content=\"radekmalina\" \/>\n<meta name=\"twitter:card\" content=\"summary_large_image\" \/>\n<meta name=\"twitter:label1\" content=\"Written by\" \/>\n\t<meta name=\"twitter:data1\" content=\"Radek Malina\" \/>\n\t<meta name=\"twitter:label2\" content=\"Est. reading time\" \/>\n\t<meta name=\"twitter:data2\" content=\"6\" \/>\n<script type=\"application\/ld+json\" class=\"yoast-schema-graph\">{\"@context\":\"https:\/\/schema.org\",\"@graph\":[{\"@type\":\"WebPage\",\"@id\":\"https:\/\/www.welovecycling.com\/cs\/2025\/06\/24\/tip-na-cyklovylet-salzkammergut-jako-prazdninovy-cil-nejen-na-e-biky\/\",\"url\":\"https:\/\/www.welovecycling.com\/cs\/2025\/06\/24\/tip-na-cyklovylet-salzkammergut-jako-prazdninovy-cil-nejen-na-e-biky\/\",\"name\":\"Tip na cyklov\u00fdlet: Salzkammergut jako pr\u00e1zdninov\u00fd c\u00edl nejen na e-biky | \u0160koda We Love Cycling - \u010cesk\u00e1 republika\",\"isPartOf\":{\"@id\":\"https:\/\/www.welovecycling.com\/cs\/#website\"},\"primaryImageOfPage\":{\"@id\":\"https:\/\/www.welovecycling.com\/cs\/2025\/06\/24\/tip-na-cyklovylet-salzkammergut-jako-prazdninovy-cil-nejen-na-e-biky\/#primaryimage\"},\"image\":{\"@id\":\"https:\/\/www.welovecycling.com\/cs\/2025\/06\/24\/tip-na-cyklovylet-salzkammergut-jako-prazdninovy-cil-nejen-na-e-biky\/#primaryimage\"},\"thumbnailUrl\":\"https:\/\/d2p6e6u75xmxt8.cloudfront.net\/13\/2025\/06\/Salzkammergut-edited-41-scaled.webp\",\"datePublished\":\"2025-06-24T14:48:59+00:00\",\"author\":{\"@id\":\"https:\/\/www.welovecycling.com\/cs\/#\/schema\/person\/d9eeb0a378f3a7e4a6d12d2b536b04b8\"},\"description\":\"Pat\u0159\u00ed ke sv\u011btov\u00e9 bikersk\u00e9 elit\u011b. Richard Gasperotti alias Gaspi v\u0161ak nen\u00ed jen ten spla\u0161en\u00fd k\u016f\u0148, kter\u00fd sj\u00ed\u017ed\u00ed \u0161\u00edlen\u00e9 traily a \u010dinn\u00e9 sopky. Je to taky t\u00e1ta od rodiny. U\u017e mnoho let se vrac\u00ed do rakousk\u00e9 oblasti Salzkammergut, kde si od v\u0161eho odpo\u010dine a p\u0159itom si po\u0159\u00e1d skv\u011ble zajezd\u00ed. Tady to s n\u00edm na e-bic\u00edch v pohod\u011b zvl\u00e1dne i man\u017eelka s dcerou. \u201eA v\u00edte, jak to je? Kdy\u017e chci, taky tady najdu to svoje,\u201d \u0159\u00edk\u00e1.\",\"inLanguage\":\"cs\",\"potentialAction\":[{\"@type\":\"ReadAction\",\"target\":[\"https:\/\/www.welovecycling.com\/cs\/2025\/06\/24\/tip-na-cyklovylet-salzkammergut-jako-prazdninovy-cil-nejen-na-e-biky\/\"]}]},{\"@type\":\"ImageObject\",\"inLanguage\":\"cs\",\"@id\":\"https:\/\/www.welovecycling.com\/cs\/2025\/06\/24\/tip-na-cyklovylet-salzkammergut-jako-prazdninovy-cil-nejen-na-e-biky\/#primaryimage\",\"url\":\"https:\/\/d2p6e6u75xmxt8.cloudfront.net\/13\/2025\/06\/Salzkammergut-edited-41-scaled.webp\",\"contentUrl\":\"https:\/\/d2p6e6u75xmxt8.cloudfront.net\/13\/2025\/06\/Salzkammergut-edited-41-scaled.webp\",\"width\":2560,\"height\":1707,\"caption\":\"Salzkammergut jako skv\u011bl\u00e1 mo\u017enost na letn\u00ed dovolenou\"},{\"@type\":\"WebSite\",\"@id\":\"https:\/\/www.welovecycling.com\/cs\/#website\",\"url\":\"https:\/\/www.welovecycling.com\/cs\/\",\"name\":\"\u0160koda We Love Cycling - \u010cesk\u00e1 republika\",\"description\":\"WeLoveCycling.cz je online magaz\u00edn, kter\u00fd v\u00e1m pravideln\u011b p\u0159in\u00e1\u0161\u00ed rady a tipy, zaj\u00edmav\u00e9 \u010dl\u00e1nky, videa a jedine\u010dn\u00e9 report\u00e1\u017ee ze sv\u011bta cyklistiky.\",\"potentialAction\":[{\"@type\":\"SearchAction\",\"target\":{\"@type\":\"EntryPoint\",\"urlTemplate\":\"https:\/\/www.welovecycling.com\/cs\/?s={search_term_string}\"},\"query-input\":{\"@type\":\"PropertyValueSpecification\",\"valueRequired\":true,\"valueName\":\"search_term_string\"}}],\"inLanguage\":\"cs\"},{\"@type\":\"Person\",\"@id\":\"https:\/\/www.welovecycling.com\/cs\/#\/schema\/person\/d9eeb0a378f3a7e4a6d12d2b536b04b8\",\"name\":\"radekmalina\",\"image\":{\"@type\":\"ImageObject\",\"inLanguage\":\"cs\",\"@id\":\"https:\/\/www.welovecycling.com\/cs\/#\/schema\/person\/image\/\",\"url\":\"https:\/\/secure.gravatar.com\/avatar\/66994b632cb8c39a46b9f54afa3ae07201b678d32a54275b6f1c9ffec356bfc0?s=96&d=mm&r=g\",\"contentUrl\":\"https:\/\/secure.gravatar.com\/avatar\/66994b632cb8c39a46b9f54afa3ae07201b678d32a54275b6f1c9ffec356bfc0?s=96&d=mm&r=g\",\"caption\":\"radekmalina\"},\"url\":\"https:\/\/www.welovecycling.com\/cs\/author\/radekmalina\/\"}]}<\/script>\n<!-- \/ Yoast SEO Premium plugin. -->","yoast_head_json":{"title":"Tip na cyklov\u00fdlet: Salzkammergut jako pr\u00e1zdninov\u00fd c\u00edl nejen na e-biky | \u0160koda We Love Cycling - \u010cesk\u00e1 republika","description":"Pat\u0159\u00ed ke sv\u011btov\u00e9 bikersk\u00e9 elit\u011b. Richard Gasperotti alias Gaspi v\u0161ak nen\u00ed jen ten spla\u0161en\u00fd k\u016f\u0148, kter\u00fd sj\u00ed\u017ed\u00ed \u0161\u00edlen\u00e9 traily a \u010dinn\u00e9 sopky. Je to taky t\u00e1ta od rodiny. U\u017e mnoho let se vrac\u00ed do rakousk\u00e9 oblasti Salzkammergut, kde si od v\u0161eho odpo\u010dine a p\u0159itom si po\u0159\u00e1d skv\u011ble zajezd\u00ed. Tady to s n\u00edm na e-bic\u00edch v pohod\u011b zvl\u00e1dne i man\u017eelka s dcerou. \u201eA v\u00edte, jak to je? Kdy\u017e chci, taky tady najdu to svoje,\u201d \u0159\u00edk\u00e1.","robots":{"index":"index","follow":"follow","max-snippet":"max-snippet:-1","max-image-preview":"max-image-preview:large","max-video-preview":"max-video-preview:-1"},"canonical":"https:\/\/www.welovecycling.com\/cs\/2025\/06\/24\/tip-na-cyklovylet-salzkammergut-jako-prazdninovy-cil-nejen-na-e-biky\/","og_locale":"cs_CZ","og_type":"article","og_title":"Tip na cyklov\u00fdlet: Salzkammergut jako pr\u00e1zdninov\u00fd c\u00edl nejen na e-biky","og_description":"Pat\u0159\u00ed ke sv\u011btov\u00e9 bikersk\u00e9 elit\u011b. Richard Gasperotti alias Gaspi v\u0161ak nen\u00ed jen ten spla\u0161en\u00fd k\u016f\u0148, kter\u00fd sj\u00ed\u017ed\u00ed \u0161\u00edlen\u00e9 traily a \u010dinn\u00e9 sopky. Je to taky t\u00e1ta od rodiny. U\u017e mnoho let se vrac\u00ed do rakousk\u00e9 oblasti Salzkammergut, kde si od v\u0161eho odpo\u010dine a p\u0159itom si po\u0159\u00e1d skv\u011ble zajezd\u00ed. Tady to s n\u00edm na e-bic\u00edch v pohod\u011b zvl\u00e1dne i man\u017eelka s dcerou. \u201eA v\u00edte, jak to je? Kdy\u017e chci, taky tady najdu to svoje,\u201d \u0159\u00edk\u00e1.","og_url":"https:\/\/www.welovecycling.com\/cs\/2025\/06\/24\/tip-na-cyklovylet-salzkammergut-jako-prazdninovy-cil-nejen-na-e-biky\/","og_site_name":"\u0160koda We Love Cycling - \u010cesk\u00e1 republika","article_published_time":"2025-06-24T14:48:59+00:00","og_image":[{"width":2560,"height":1707,"url":"https:\/\/d2p6e6u75xmxt8.cloudfront.net\/13\/2025\/06\/Salzkammergut-edited-41-scaled.webp","type":"image\/webp"}],"author":"radekmalina","twitter_card":"summary_large_image","twitter_misc":{"Written by":"Radek Malina","Est. reading time":"6"},"schema":{"@context":"https:\/\/schema.org","@graph":[{"@type":"WebPage","@id":"https:\/\/www.welovecycling.com\/cs\/2025\/06\/24\/tip-na-cyklovylet-salzkammergut-jako-prazdninovy-cil-nejen-na-e-biky\/","url":"https:\/\/www.welovecycling.com\/cs\/2025\/06\/24\/tip-na-cyklovylet-salzkammergut-jako-prazdninovy-cil-nejen-na-e-biky\/","name":"Tip na cyklov\u00fdlet: Salzkammergut jako pr\u00e1zdninov\u00fd c\u00edl nejen na e-biky | \u0160koda We Love Cycling - \u010cesk\u00e1 republika","isPartOf":{"@id":"https:\/\/www.welovecycling.com\/cs\/#website"},"primaryImageOfPage":{"@id":"https:\/\/www.welovecycling.com\/cs\/2025\/06\/24\/tip-na-cyklovylet-salzkammergut-jako-prazdninovy-cil-nejen-na-e-biky\/#primaryimage"},"image":{"@id":"https:\/\/www.welovecycling.com\/cs\/2025\/06\/24\/tip-na-cyklovylet-salzkammergut-jako-prazdninovy-cil-nejen-na-e-biky\/#primaryimage"},"thumbnailUrl":"https:\/\/d2p6e6u75xmxt8.cloudfront.net\/13\/2025\/06\/Salzkammergut-edited-41-scaled.webp","datePublished":"2025-06-24T14:48:59+00:00","author":{"@id":"https:\/\/www.welovecycling.com\/cs\/#\/schema\/person\/d9eeb0a378f3a7e4a6d12d2b536b04b8"},"description":"Pat\u0159\u00ed ke sv\u011btov\u00e9 bikersk\u00e9 elit\u011b. Richard Gasperotti alias Gaspi v\u0161ak nen\u00ed jen ten spla\u0161en\u00fd k\u016f\u0148, kter\u00fd sj\u00ed\u017ed\u00ed \u0161\u00edlen\u00e9 traily a \u010dinn\u00e9 sopky. Je to taky t\u00e1ta od rodiny. U\u017e mnoho let se vrac\u00ed do rakousk\u00e9 oblasti Salzkammergut, kde si od v\u0161eho odpo\u010dine a p\u0159itom si po\u0159\u00e1d skv\u011ble zajezd\u00ed. Tady to s n\u00edm na e-bic\u00edch v pohod\u011b zvl\u00e1dne i man\u017eelka s dcerou. \u201eA v\u00edte, jak to je? Kdy\u017e chci, taky tady najdu to svoje,\u201d \u0159\u00edk\u00e1.","inLanguage":"cs","potentialAction":[{"@type":"ReadAction","target":["https:\/\/www.welovecycling.com\/cs\/2025\/06\/24\/tip-na-cyklovylet-salzkammergut-jako-prazdninovy-cil-nejen-na-e-biky\/"]}]},{"@type":"ImageObject","inLanguage":"cs","@id":"https:\/\/www.welovecycling.com\/cs\/2025\/06\/24\/tip-na-cyklovylet-salzkammergut-jako-prazdninovy-cil-nejen-na-e-biky\/#primaryimage","url":"https:\/\/d2p6e6u75xmxt8.cloudfront.net\/13\/2025\/06\/Salzkammergut-edited-41-scaled.webp","contentUrl":"https:\/\/d2p6e6u75xmxt8.cloudfront.net\/13\/2025\/06\/Salzkammergut-edited-41-scaled.webp","width":2560,"height":1707,"caption":"Salzkammergut jako skv\u011bl\u00e1 mo\u017enost na letn\u00ed dovolenou"},{"@type":"WebSite","@id":"https:\/\/www.welovecycling.com\/cs\/#website","url":"https:\/\/www.welovecycling.com\/cs\/","name":"\u0160koda We Love Cycling - \u010cesk\u00e1 republika","description":"WeLoveCycling.cz je online magaz\u00edn, kter\u00fd v\u00e1m pravideln\u011b p\u0159in\u00e1\u0161\u00ed rady a tipy, zaj\u00edmav\u00e9 \u010dl\u00e1nky, videa a jedine\u010dn\u00e9 report\u00e1\u017ee ze sv\u011bta cyklistiky.","potentialAction":[{"@type":"SearchAction","target":{"@type":"EntryPoint","urlTemplate":"https:\/\/www.welovecycling.com\/cs\/?s={search_term_string}"},"query-input":{"@type":"PropertyValueSpecification","valueRequired":true,"valueName":"search_term_string"}}],"inLanguage":"cs"},{"@type":"Person","@id":"https:\/\/www.welovecycling.com\/cs\/#\/schema\/person\/d9eeb0a378f3a7e4a6d12d2b536b04b8","name":"radekmalina","image":{"@type":"ImageObject","inLanguage":"cs","@id":"https:\/\/www.welovecycling.com\/cs\/#\/schema\/person\/image\/","url":"https:\/\/secure.gravatar.com\/avatar\/66994b632cb8c39a46b9f54afa3ae07201b678d32a54275b6f1c9ffec356bfc0?s=96&d=mm&r=g","contentUrl":"https:\/\/secure.gravatar.com\/avatar\/66994b632cb8c39a46b9f54afa3ae07201b678d32a54275b6f1c9ffec356bfc0?s=96&d=mm&r=g","caption":"radekmalina"},"url":"https:\/\/www.welovecycling.com\/cs\/author\/radekmalina\/"}]}},"_links":{"self":[{"href":"https:\/\/www.welovecycling.com\/cs\/wp-json\/wp\/v2\/posts\/29653","targetHints":{"allow":["GET"]}}],"collection":[{"href":"https:\/\/www.welovecycling.com\/cs\/wp-json\/wp\/v2\/posts"}],"about":[{"href":"https:\/\/www.welovecycling.com\/cs\/wp-json\/wp\/v2\/types\/post"}],"author":[{"embeddable":true,"href":"https:\/\/www.welovecycling.com\/cs\/wp-json\/wp\/v2\/users\/138"}],"replies":[{"embeddable":true,"href":"https:\/\/www.welovecycling.com\/cs\/wp-json\/wp\/v2\/comments?post=29653"}],"version-history":[{"count":1,"href":"https:\/\/www.welovecycling.com\/cs\/wp-json\/wp\/v2\/posts\/29653\/revisions"}],"predecessor-version":[{"id":29667,"href":"https:\/\/www.welovecycling.com\/cs\/wp-json\/wp\/v2\/posts\/29653\/revisions\/29667"}],"wp:featuredmedia":[{"embeddable":true,"href":"https:\/\/www.welovecycling.com\/cs\/wp-json\/wp\/v2\/media\/29663"}],"wp:attachment":[{"href":"https:\/\/www.welovecycling.com\/cs\/wp-json\/wp\/v2\/media?parent=29653"}],"wp:term":[{"taxonomy":"category","embeddable":true,"href":"https:\/\/www.welovecycling.com\/cs\/wp-json\/wp\/v2\/categories?post=29653"},{"taxonomy":"post_tag","embeddable":true,"href":"https:\/\/www.welovecycling.com\/cs\/wp-json\/wp\/v2\/tags?post=29653"},{"taxonomy":"global-categories","embeddable":true,"href":"https:\/\/www.welovecycling.com\/cs\/wp-json\/wp\/v2\/global-categories?post=29653"}],"curies":[{"name":"wp","href":"https:\/\/api.w.org\/{rel}","templated":true}]}}