{"id":29540,"date":"2025-06-19T21:00:13","date_gmt":"2025-06-19T19:00:13","guid":{"rendered":"https:\/\/www.welovecycling.com\/cs\/?p=29540"},"modified":"2025-06-20T07:13:30","modified_gmt":"2025-06-20T05:13:30","slug":"zorka-to-dokazala-paliativni-pacientka-s-dcerami-prejela-za-8-dni-cesko-a-pomohla-ziskat-pres-milion-korun-pro-peci-na-konci-zivota","status":"publish","type":"post","link":"https:\/\/www.welovecycling.com\/cs\/2025\/06\/19\/zorka-to-dokazala-paliativni-pacientka-s-dcerami-prejela-za-8-dni-cesko-a-pomohla-ziskat-pres-milion-korun-pro-peci-na-konci-zivota\/","title":{"rendered":"Zorka to dok\u00e1zala! Paliativn\u00ed pacientka s dcerami p\u0159ejela za 8 dn\u00ed \u010cesko a pomohla z\u00edskat p\u0159es milion korun pro p\u00e9\u010di na konci \u017eivota."},"content":{"rendered":"<p><strong>\u201eBylo to to nejhez\u010d\u00ed, co jsem kdy pro\u017eila,\u201d \u0159\u00edk\u00e1 46let\u00e1 Zorka \u0160\u0165astn\u00e1 o benefi\u010dn\u00ed j\u00edzd\u011b nap\u0159\u00ed\u010d \u010ceskem, kter\u00e1 trvala p\u0159esn\u011b 8 dn\u00ed a 8 hodin. V\u011bt\u0161inu z celkem 820 kilometr\u016f z Chebu do T\u0159ince \u0161lapaly na kole jej\u00ed dcery &#8211; patn\u00e1ctilet\u00e1 Veronika a B\u00e1ra, kter\u00e1 b\u011bhem akce oslavila 17. narozeniny. V celkem 15 m\u011bstech nav\u0161t\u00edvily m\u00edstn\u00ed hospice, setkaly se s pacienty, novin\u00e1\u0159i, politiky, studenty i n\u00e1v\u0161t\u011bvn\u00edky ve\u0159ejn\u00fdch akc\u00ed, aby mluvily o tom, jak jejich rodina \u017eije s fat\u00e1ln\u00ed diagn\u00f3zou. Do ve\u0159ejn\u00e9 sb\u00edrky, kter\u00e1 akci prov\u00e1z\u00ed, lid\u00e9 b\u011bhem akce darovali p\u0159es milion korun.<\/strong><\/p>\n<p>M\u00e1mu s dcerami celou cestu doprov\u00e1zel t\u00fdm projektu Domestici v \u010dele s ultracyklistou Martinem Sou\u010dkem, kter\u00fd spolu se Zorkou akci u\u017e na podzim vymyslel. \u201eNa\u0161e ambice byla hlavn\u011b mluvit s ve\u0159ejnost\u00ed o paliativn\u00ed p\u00e9\u010di a z\u00edskat pro ni pen\u00edze. P\u0159ekvapilo m\u011b ale, jak velk\u00fd v\u00fdznam m\u011bla j\u00edzda pro samotn\u00e9 hospice. V\u0161ude se pacienti i zam\u011bstnanci cht\u011bli se Zorkou a holkami fotit. Jejich p\u0159\u00edb\u011bh pro n\u011b p\u0159edstavuje zhmotn\u011bn\u00ed nad\u011bje, \u017ee ani ve sv\u00e9m z\u00e1v\u011bru nemus\u00ed \u017eivot ztr\u00e1cet na intenzit\u011b. Z\u00e1rove\u0148 na\u0161e akce pomohla zviditelnit jejich skv\u011blou pr\u00e1ci a uk\u00e1zat, \u017ee hospice nejsou temn\u00e1 m\u00edsta, kam se chod\u00ed um\u0159\u00edt. Naopak, je to slu\u017eba, d\u00edky n\u00ed\u017e maj\u00ed lid\u00e9 mo\u017enost pro\u017e\u00edt to, co v z\u00e1v\u011bru \u017eivota pro\u017e\u00edt pot\u0159ebuj\u00ed,\u201d \u0159\u00edk\u00e1 Martin Sou\u010dek.<\/p>\n<h2><strong>Zorka: Nejintenzivn\u011bj\u0161\u00ed \u010das s dcerami<\/strong><\/h2>\n<p><a href=\"https:\/\/www.welovecycling.com\/cs\/2025\/05\/16\/zbyva-ti-par-mesicu-zivota-ted-pojede-zorka-napric-republikou\/\">Zorka \u0160\u0165astn\u00e1<\/a> nen\u00ed typick\u00fd pacient v paliativn\u00ed p\u00e9\u010di. Velmi v\u00e1\u017enou progn\u00f3zu s odhadem do\u017eit\u00ed v \u0159\u00e1du m\u011bs\u00edc\u016f m\u011bla u\u017e p\u0159ed \u010dty\u0159mi lety, jej\u00ed stav se pot\u00e9 zlep\u0161il. Pravideln\u00e9 konzultace s paliatrem o tom, co ve kter\u00e9 f\u00e1zi nemoci pot\u0159ebuje, j\u00ed celou dobu pom\u00e1haj\u00ed v\u00e9st napln\u011bn\u00fd \u017eivot. J\u00edzda, kterou s dcerami absolvovala, je jej\u00ed spln\u011bn\u00fd sen.<\/p>\n<p><a href=\"https:\/\/d2p6e6u75xmxt8.cloudfront.net\/13\/2025\/06\/BU9A8194.webp\"><img loading=\"lazy\" decoding=\"async\" class=\"alignnone size-extra-large wp-image-29544\" src=\"https:\/\/d2p6e6u75xmxt8.cloudfront.net\/13\/2025\/06\/BU9A8194-1920x1280.webp\" alt=\"\" width=\"1920\" height=\"1280\" srcset=\"https:\/\/d2p6e6u75xmxt8.cloudfront.net\/13\/2025\/06\/BU9A8194-1920x1280.webp 1920w, https:\/\/d2p6e6u75xmxt8.cloudfront.net\/13\/2025\/06\/BU9A8194-300x200.webp 300w, https:\/\/d2p6e6u75xmxt8.cloudfront.net\/13\/2025\/06\/BU9A8194-1024x683.webp 1024w, https:\/\/d2p6e6u75xmxt8.cloudfront.net\/13\/2025\/06\/BU9A8194-768x512.webp 768w, https:\/\/d2p6e6u75xmxt8.cloudfront.net\/13\/2025\/06\/BU9A8194-1536x1024.webp 1536w, https:\/\/d2p6e6u75xmxt8.cloudfront.net\/13\/2025\/06\/BU9A8194-2048x1366.webp 2048w, https:\/\/d2p6e6u75xmxt8.cloudfront.net\/13\/2025\/06\/BU9A8194-400x267.webp 400w, https:\/\/d2p6e6u75xmxt8.cloudfront.net\/13\/2025\/06\/BU9A8194-272x182.webp 272w, https:\/\/d2p6e6u75xmxt8.cloudfront.net\/13\/2025\/06\/BU9A8194-1920x1280.webp 1920w\" sizes=\"auto, (max-width: 1920px) 100vw, 1920px\" \/><\/a><\/p>\n<p>\u201eNejd\u0159\u00edv m\u011b tr\u00e1pilo, \u017ee nem\u00e1m dost sil, abych jela na kole sama. \u017de m\u016f\u017eu \u0161l\u00e1pnout do ped\u00e1l\u016f jen symbolicky na p\u00e1r set metr\u016f p\u0159ed ka\u017edou zast\u00e1vkou, a zbytek cesty se vezu v sanitce. Moc mi ale pomohlo, jak se k cel\u00e9 situaci postavily holky &#8211; \u017ee nek\u0148ouraly, i kdy\u017e je to bolelo, a celou dobu v\u011bd\u011bly, jak\u00fd m\u00e1 cel\u00e1 akce smysl. Byl to ten nejintenzivn\u011bj\u0161\u00ed a pro m\u011b nejhez\u010d\u00ed \u010das, co jsme spolu kdy str\u00e1vily,\u201d \u0159\u00edk\u00e1 Zorka \u0160tastn\u00e1.<\/p>\n<p>Cesta p\u0159itom v\u016fbec nebyla jednoduch\u00e1 &#8211; cyklist\u00e9 se pot\u00fdkali s prudk\u00fdm de\u0161t\u011bm a v\u011btrem v z\u00e1padn\u00edch \u010cech\u00e1ch a s \u00famorn\u00fdm vedrem na Morav\u011b. Denn\u011b museli zdolat v pr\u016fm\u011bru 100 kilometr\u016f a t\u00e9m\u011b\u0159 tis\u00edc v\u00fd\u0161kov\u00fdch metr\u016f. Martin Sou\u010dek, aby dorovnal \u00fasil\u00ed holek, kter\u00e9 doposud na kole nejezdily, absolvoval celou cestu na m\u011bstsk\u00e9m kole spole\u010dnosti Rekola, kter\u00e1 byla partnerem j\u00edzdy. V\u0161ichni si tak s\u00e1hli na hranu sv\u00fdch fyzick\u00fdch mo\u017enost\u00ed.<\/p>\n<p><a href=\"https:\/\/d2p6e6u75xmxt8.cloudfront.net\/13\/2025\/06\/BU9A3161.webp\"><img loading=\"lazy\" decoding=\"async\" class=\"alignnone size-extra-large wp-image-29546\" src=\"https:\/\/d2p6e6u75xmxt8.cloudfront.net\/13\/2025\/06\/BU9A3161-1920x1280.webp\" alt=\"\" width=\"1920\" height=\"1280\" srcset=\"https:\/\/d2p6e6u75xmxt8.cloudfront.net\/13\/2025\/06\/BU9A3161-1920x1280.webp 1920w, https:\/\/d2p6e6u75xmxt8.cloudfront.net\/13\/2025\/06\/BU9A3161-300x200.webp 300w, https:\/\/d2p6e6u75xmxt8.cloudfront.net\/13\/2025\/06\/BU9A3161-1024x683.webp 1024w, https:\/\/d2p6e6u75xmxt8.cloudfront.net\/13\/2025\/06\/BU9A3161-768x512.webp 768w, https:\/\/d2p6e6u75xmxt8.cloudfront.net\/13\/2025\/06\/BU9A3161-1536x1024.webp 1536w, https:\/\/d2p6e6u75xmxt8.cloudfront.net\/13\/2025\/06\/BU9A3161-2048x1366.webp 2048w, https:\/\/d2p6e6u75xmxt8.cloudfront.net\/13\/2025\/06\/BU9A3161-400x267.webp 400w, https:\/\/d2p6e6u75xmxt8.cloudfront.net\/13\/2025\/06\/BU9A3161-272x182.webp 272w, https:\/\/d2p6e6u75xmxt8.cloudfront.net\/13\/2025\/06\/BU9A3161-1920x1280.webp 1920w\" sizes=\"auto, (max-width: 1920px) 100vw, 1920px\" \/><\/a><\/p>\n<p>\u201eSetk\u00e1n\u00ed na jednotliv\u00fdch zast\u00e1vk\u00e1ch n\u00e1s ale nab\u00edjela &#8211; v\u0159elost a pohostinnost, kterou jsme v hospic\u00edch za\u017eili, byla n\u00e1dhern\u00e1. Na holk\u00e1ch jsem postupn\u011b vid\u011bl, jak jsou v\u00edc a v\u00edc unaven\u00e9, jak je j\u00edzda bol\u00ed, ale ani jednou jsem nesly\u0161el: \u2018Dneska nejdu, nechci.\u2019 Zvl\u00e1dly to fantasticky,\u201d chv\u00e1l\u00ed je Martin Sou\u010dek.<\/p>\n<h2><strong>Do akce se zapojilo 2500 cyklist\u016f na Rekolech i olympionik Fuksa<\/strong><\/h2>\n<p>K posl\u00e1n\u00ed j\u00edzdy se p\u0159idala cel\u00e1 \u0159ada dobrovoln\u00edk\u016f a partner\u016f. Spole\u010dnost Rekola zapojila v\u0161ech sv\u00fdch 2500 sd\u00edlen\u00fdch kol &#8211; ka\u017ed\u00fd ze 156 892 kilometr\u016f, kter\u00e1 na nich b\u011bhem 8 dn\u016f akce lid\u00e9 najeli, pak spole\u010dnost Instalace Praha, gener\u00e1ln\u00ed partner j\u00edzdy, prom\u011bnila v korunu do sb\u00edrky na podporu paliativn\u00ed p\u00e9\u010de. Na kole se vedle \u00fast\u0159edn\u00ed \u010dtve\u0159ice vyst\u0159\u00eddaly i zn\u00e1m\u00e9 tv\u00e1\u0159e &#8211; do Prahy Domestiky doprovodili hv\u011bzdn\u00ed cyklist\u00e9 Zden\u011bk \u0160tybar s Petrem Vako\u010dem, z Nymburka do Kol\u00edna s nimi jel zlat\u00fd olympionik Martin Fuksa a z Humpolce do Jihlavy v\u00edt\u011bz z\u00e1vodu Cape Epic Kristian Hynek. Na akc\u00edch, kter\u00e9 j\u00edzdu prov\u00e1zely, Zorku a holky pozdravil p\u0159edseda Sen\u00e1tu Milo\u0161 Vystr\u010dil, here\u010dka Tereza Kostkov\u00e1, zp\u011bva\u010dka Tali nebo Hana Ulrychov\u00e1 se skupinou Javory.<\/p>\n<p><a href=\"https:\/\/d2p6e6u75xmxt8.cloudfront.net\/13\/2025\/06\/BU9A8937.webp\"><img loading=\"lazy\" decoding=\"async\" class=\"alignnone size-extra-large wp-image-29542\" src=\"https:\/\/d2p6e6u75xmxt8.cloudfront.net\/13\/2025\/06\/BU9A8937-1920x1280.webp\" alt=\"\" width=\"1920\" height=\"1280\" srcset=\"https:\/\/d2p6e6u75xmxt8.cloudfront.net\/13\/2025\/06\/BU9A8937-1920x1280.webp 1920w, https:\/\/d2p6e6u75xmxt8.cloudfront.net\/13\/2025\/06\/BU9A8937-300x200.webp 300w, https:\/\/d2p6e6u75xmxt8.cloudfront.net\/13\/2025\/06\/BU9A8937-1024x683.webp 1024w, https:\/\/d2p6e6u75xmxt8.cloudfront.net\/13\/2025\/06\/BU9A8937-768x512.webp 768w, https:\/\/d2p6e6u75xmxt8.cloudfront.net\/13\/2025\/06\/BU9A8937-1536x1024.webp 1536w, https:\/\/d2p6e6u75xmxt8.cloudfront.net\/13\/2025\/06\/BU9A8937-2048x1366.webp 2048w, https:\/\/d2p6e6u75xmxt8.cloudfront.net\/13\/2025\/06\/BU9A8937-400x267.webp 400w, https:\/\/d2p6e6u75xmxt8.cloudfront.net\/13\/2025\/06\/BU9A8937-272x182.webp 272w, https:\/\/d2p6e6u75xmxt8.cloudfront.net\/13\/2025\/06\/BU9A8937-1920x1280.webp 1920w\" sizes=\"auto, (max-width: 1920px) 100vw, 1920px\" \/><\/a><\/p>\n<p>\u201eKr\u00e1sn\u00e9 bylo, \u017ee na cestu se s n\u00e1mi osobn\u011b vydali i z\u00e1stupci na\u0161ich partner\u016f. Ze Stavebn\u00ed spo\u0159itelny \u010cesk\u00e9 spo\u0159itelny vyjel gener\u00e1ln\u00ed \u0159editel, finan\u010dn\u00ed \u0159editelka a \u010dlen p\u0159edstavenstva, na kolo s n\u00e1mi sedli i majitel\u00e9 firem Instalace Praha nebo Eletroprim Koutn\u00edk, firma Altron podpo\u0159ila akci dobrovolnic\u00ed, kter\u00e1 \u0159\u00eddila jedno z doprovodn\u00fdch vozidel. V\u00e1\u017e\u00edme se toho, \u017ee necht\u011bli pouze investovat sv\u00e9 pen\u00edze, ale osobn\u011b si za\u017e\u00edt, co paliativn\u00ed p\u00e9\u010de znamen\u00e1 a kdo ji u n\u00e1s d\u011bl\u00e1,\u201d vysv\u011btluje Martin Sou\u010dek.<\/p>\n<p>I d\u00e1rcovsky p\u0159inesla akce kr\u00e1sn\u00fd v\u00fdsledek. Ve ve\u0159ejn\u00e9 sb\u00edrce prost\u0159ednictv\u00edm webu 8dni.cz lid\u00e9 v\u011bnovali 1,2 milionu korun, kter\u00e9 budou rozd\u011bleny hospic\u016fm a organizac\u00edm, kter\u00e9 se paliativ\u011b v\u011bnuj\u00ed.<\/p>\n<p><a href=\"https:\/\/d2p6e6u75xmxt8.cloudfront.net\/13\/2025\/06\/BU9A8375.webp\"><img loading=\"lazy\" decoding=\"async\" class=\"alignnone size-extra-large wp-image-29543\" src=\"https:\/\/d2p6e6u75xmxt8.cloudfront.net\/13\/2025\/06\/BU9A8375-1920x1280.webp\" alt=\"\" width=\"1920\" height=\"1280\" srcset=\"https:\/\/d2p6e6u75xmxt8.cloudfront.net\/13\/2025\/06\/BU9A8375-1920x1280.webp 1920w, https:\/\/d2p6e6u75xmxt8.cloudfront.net\/13\/2025\/06\/BU9A8375-300x200.webp 300w, https:\/\/d2p6e6u75xmxt8.cloudfront.net\/13\/2025\/06\/BU9A8375-1024x683.webp 1024w, https:\/\/d2p6e6u75xmxt8.cloudfront.net\/13\/2025\/06\/BU9A8375-768x512.webp 768w, https:\/\/d2p6e6u75xmxt8.cloudfront.net\/13\/2025\/06\/BU9A8375-1536x1024.webp 1536w, https:\/\/d2p6e6u75xmxt8.cloudfront.net\/13\/2025\/06\/BU9A8375-2048x1366.webp 2048w, https:\/\/d2p6e6u75xmxt8.cloudfront.net\/13\/2025\/06\/BU9A8375-400x267.webp 400w, https:\/\/d2p6e6u75xmxt8.cloudfront.net\/13\/2025\/06\/BU9A8375-272x182.webp 272w, https:\/\/d2p6e6u75xmxt8.cloudfront.net\/13\/2025\/06\/BU9A8375-1920x1280.webp 1920w\" sizes=\"auto, (max-width: 1920px) 100vw, 1920px\" \/><\/a><\/p>\n<p>\u201eN\u00e1\u0161 dlouhodob\u00fd c\u00edl, podpo\u0159it paliativn\u00ed p\u00e9\u010di 10 miliony korun, je tak t\u00e9m\u011b\u0159 napln\u011bn\u00fd. K c\u00edlov\u00e9 met\u011b zb\u00fdv\u00e1 moment\u00e1ln\u011b 750 tis\u00edc korun, kter\u00e9, v\u011b\u0159\u00edm, brzy z\u00edsk\u00e1me,\u201d dod\u00e1v\u00e1 Martin Sou\u010dek. T\u0159eba i d\u00edky podpo\u0159e Martina Fuksy, kter\u00fd se rozhodl k pomoci vyzvat b\u011bhem aktu\u00e1ln\u011b prob\u00edhaj\u00edc\u00edho Mistrovstv\u00ed Evropy v kanoistice.<\/p>\n","protected":false},"excerpt":{"rendered":"<p>\u201eBylo to to nejhez\u010d\u00ed, co jsem kdy pro\u017eila,\u201d \u0159\u00edk\u00e1 46let\u00e1 Zorka \u0160\u0165astn\u00e1 o benefi\u010dn\u00ed j\u00edzd\u011b nap\u0159\u00ed\u010d \u010ceskem, kter\u00e1 trvala p\u0159esn\u011b [&hellip;]<\/p>\n","protected":false},"author":138,"featured_media":29545,"comment_status":"open","ping_status":"open","sticky":false,"template":"","format":"standard","meta":{"footnotes":""},"categories":[5],"tags":[796,126,328,4224,4225,9,4186,4187],"global-categories":[411],"class_list":["post-29540","post","type-post","status-publish","format-standard","has-post-thumbnail","hentry","category-zeny","tag-charita","tag-cyklistika","tag-domestici","tag-martin-soucek","tag-paliativni-pece","tag-silnicni-cyklistika","tag-zorka","tag-zorka-stastna","global-categories-cycling"],"yoast_head":"<!-- This site is optimized with the Yoast SEO Premium plugin v25.3 (Yoast SEO v25.9) - https:\/\/yoast.com\/wordpress\/plugins\/seo\/ -->\n<title>Zorka to dok\u00e1zala! Paliativn\u00ed pacientka s dcerami p\u0159ejela za 8 dn\u00ed \u010cesko a pomohla z\u00edskat p\u0159es milion korun pro p\u00e9\u010di na konci \u017eivota. | \u0160koda We Love Cycling - \u010cesk\u00e1 republika<\/title>\n<meta name=\"description\" content=\"\u201eBylo to to nejhez\u010d\u00ed, co jsem kdy pro\u017eila,\u201d \u0159\u00edk\u00e1 46let\u00e1 Zorka \u0160\u0165astn\u00e1 o benefi\u010dn\u00ed j\u00edzd\u011b nap\u0159\u00ed\u010d \u010ceskem, kter\u00e1 trvala p\u0159esn\u011b 8 dn\u00ed a 8 hodin. V\u011bt\u0161inu z celkem 820 kilometr\u016f z Chebu do T\u0159ince \u0161lapaly na kole jej\u00ed dcery - patn\u00e1ctilet\u00e1 Veronika a B\u00e1ra, kter\u00e1 b\u011bhem akce oslavila 17. narozeniny. V celkem 15 m\u011bstech nav\u0161t\u00edvily m\u00edstn\u00ed hospice, setkaly se s pacienty, novin\u00e1\u0159i, politiky, studenty i n\u00e1v\u0161t\u011bvn\u00edky ve\u0159ejn\u00fdch akc\u00ed, aby mluvily o tom, jak jejich rodina \u017eije s fat\u00e1ln\u00ed diagn\u00f3zou. Do ve\u0159ejn\u00e9 sb\u00edrky, kter\u00e1 akci prov\u00e1z\u00ed, lid\u00e9 b\u011bhem akce darovali p\u0159es milion korun.\" \/>\n<meta name=\"robots\" content=\"index, follow, max-snippet:-1, max-image-preview:large, max-video-preview:-1\" \/>\n<link rel=\"canonical\" href=\"https:\/\/www.welovecycling.com\/cs\/2025\/06\/19\/zorka-to-dokazala-paliativni-pacientka-s-dcerami-prejela-za-8-dni-cesko-a-pomohla-ziskat-pres-milion-korun-pro-peci-na-konci-zivota\/\" \/>\n<meta property=\"og:locale\" content=\"cs_CZ\" \/>\n<meta property=\"og:type\" content=\"article\" \/>\n<meta property=\"og:title\" content=\"Zorka to dok\u00e1zala! Paliativn\u00ed pacientka s dcerami p\u0159ejela za 8 dn\u00ed \u010cesko a pomohla z\u00edskat p\u0159es milion korun pro p\u00e9\u010di na konci \u017eivota.\" \/>\n<meta property=\"og:description\" content=\"\u201eBylo to to nejhez\u010d\u00ed, co jsem kdy pro\u017eila,\u201d \u0159\u00edk\u00e1 46let\u00e1 Zorka \u0160\u0165astn\u00e1 o benefi\u010dn\u00ed j\u00edzd\u011b nap\u0159\u00ed\u010d \u010ceskem, kter\u00e1 trvala p\u0159esn\u011b 8 dn\u00ed a 8 hodin. V\u011bt\u0161inu z celkem 820 kilometr\u016f z Chebu do T\u0159ince \u0161lapaly na kole jej\u00ed dcery - patn\u00e1ctilet\u00e1 Veronika a B\u00e1ra, kter\u00e1 b\u011bhem akce oslavila 17. narozeniny. V celkem 15 m\u011bstech nav\u0161t\u00edvily m\u00edstn\u00ed hospice, setkaly se s pacienty, novin\u00e1\u0159i, politiky, studenty i n\u00e1v\u0161t\u011bvn\u00edky ve\u0159ejn\u00fdch akc\u00ed, aby mluvily o tom, jak jejich rodina \u017eije s fat\u00e1ln\u00ed diagn\u00f3zou. Do ve\u0159ejn\u00e9 sb\u00edrky, kter\u00e1 akci prov\u00e1z\u00ed, lid\u00e9 b\u011bhem akce darovali p\u0159es milion korun.\" \/>\n<meta property=\"og:url\" content=\"https:\/\/www.welovecycling.com\/cs\/2025\/06\/19\/zorka-to-dokazala-paliativni-pacientka-s-dcerami-prejela-za-8-dni-cesko-a-pomohla-ziskat-pres-milion-korun-pro-peci-na-konci-zivota\/\" \/>\n<meta property=\"og:site_name\" content=\"\u0160koda We Love Cycling - \u010cesk\u00e1 republika\" \/>\n<meta property=\"article:published_time\" content=\"2025-06-19T19:00:13+00:00\" \/>\n<meta property=\"article:modified_time\" content=\"2025-06-20T05:13:30+00:00\" \/>\n<meta property=\"og:image\" content=\"https:\/\/d2p6e6u75xmxt8.cloudfront.net\/13\/2025\/06\/BU9A3316.webp\" \/>\n\t<meta property=\"og:image:width\" content=\"2560\" \/>\n\t<meta property=\"og:image:height\" content=\"1707\" \/>\n\t<meta property=\"og:image:type\" content=\"image\/webp\" \/>\n<meta name=\"author\" content=\"radekmalina\" \/>\n<meta name=\"twitter:card\" content=\"summary_large_image\" \/>\n<meta name=\"twitter:label1\" content=\"Written by\" \/>\n\t<meta name=\"twitter:data1\" content=\"We Love Cycling\" \/>\n\t<meta name=\"twitter:label2\" content=\"Est. reading time\" \/>\n\t<meta name=\"twitter:data2\" content=\"5\" \/>\n<script type=\"application\/ld+json\" class=\"yoast-schema-graph\">{\"@context\":\"https:\/\/schema.org\",\"@graph\":[{\"@type\":\"WebPage\",\"@id\":\"https:\/\/www.welovecycling.com\/cs\/2025\/06\/19\/zorka-to-dokazala-paliativni-pacientka-s-dcerami-prejela-za-8-dni-cesko-a-pomohla-ziskat-pres-milion-korun-pro-peci-na-konci-zivota\/\",\"url\":\"https:\/\/www.welovecycling.com\/cs\/2025\/06\/19\/zorka-to-dokazala-paliativni-pacientka-s-dcerami-prejela-za-8-dni-cesko-a-pomohla-ziskat-pres-milion-korun-pro-peci-na-konci-zivota\/\",\"name\":\"Zorka to dok\u00e1zala! Paliativn\u00ed pacientka s dcerami p\u0159ejela za 8 dn\u00ed \u010cesko a pomohla z\u00edskat p\u0159es milion korun pro p\u00e9\u010di na konci \u017eivota. | \u0160koda We Love Cycling - \u010cesk\u00e1 republika\",\"isPartOf\":{\"@id\":\"https:\/\/www.welovecycling.com\/cs\/#website\"},\"primaryImageOfPage\":{\"@id\":\"https:\/\/www.welovecycling.com\/cs\/2025\/06\/19\/zorka-to-dokazala-paliativni-pacientka-s-dcerami-prejela-za-8-dni-cesko-a-pomohla-ziskat-pres-milion-korun-pro-peci-na-konci-zivota\/#primaryimage\"},\"image\":{\"@id\":\"https:\/\/www.welovecycling.com\/cs\/2025\/06\/19\/zorka-to-dokazala-paliativni-pacientka-s-dcerami-prejela-za-8-dni-cesko-a-pomohla-ziskat-pres-milion-korun-pro-peci-na-konci-zivota\/#primaryimage\"},\"thumbnailUrl\":\"https:\/\/d2p6e6u75xmxt8.cloudfront.net\/13\/2025\/06\/BU9A3316.webp\",\"datePublished\":\"2025-06-19T19:00:13+00:00\",\"dateModified\":\"2025-06-20T05:13:30+00:00\",\"author\":{\"@id\":\"https:\/\/www.welovecycling.com\/cs\/#\/schema\/person\/d9eeb0a378f3a7e4a6d12d2b536b04b8\"},\"description\":\"\u201eBylo to to nejhez\u010d\u00ed, co jsem kdy pro\u017eila,\u201d \u0159\u00edk\u00e1 46let\u00e1 Zorka \u0160\u0165astn\u00e1 o benefi\u010dn\u00ed j\u00edzd\u011b nap\u0159\u00ed\u010d \u010ceskem, kter\u00e1 trvala p\u0159esn\u011b 8 dn\u00ed a 8 hodin. V\u011bt\u0161inu z celkem 820 kilometr\u016f z Chebu do T\u0159ince \u0161lapaly na kole jej\u00ed dcery - patn\u00e1ctilet\u00e1 Veronika a B\u00e1ra, kter\u00e1 b\u011bhem akce oslavila 17. narozeniny. V celkem 15 m\u011bstech nav\u0161t\u00edvily m\u00edstn\u00ed hospice, setkaly se s pacienty, novin\u00e1\u0159i, politiky, studenty i n\u00e1v\u0161t\u011bvn\u00edky ve\u0159ejn\u00fdch akc\u00ed, aby mluvily o tom, jak jejich rodina \u017eije s fat\u00e1ln\u00ed diagn\u00f3zou. Do ve\u0159ejn\u00e9 sb\u00edrky, kter\u00e1 akci prov\u00e1z\u00ed, lid\u00e9 b\u011bhem akce darovali p\u0159es milion korun.\",\"inLanguage\":\"cs\",\"potentialAction\":[{\"@type\":\"ReadAction\",\"target\":[\"https:\/\/www.welovecycling.com\/cs\/2025\/06\/19\/zorka-to-dokazala-paliativni-pacientka-s-dcerami-prejela-za-8-dni-cesko-a-pomohla-ziskat-pres-milion-korun-pro-peci-na-konci-zivota\/\"]}]},{\"@type\":\"ImageObject\",\"inLanguage\":\"cs\",\"@id\":\"https:\/\/www.welovecycling.com\/cs\/2025\/06\/19\/zorka-to-dokazala-paliativni-pacientka-s-dcerami-prejela-za-8-dni-cesko-a-pomohla-ziskat-pres-milion-korun-pro-peci-na-konci-zivota\/#primaryimage\",\"url\":\"https:\/\/d2p6e6u75xmxt8.cloudfront.net\/13\/2025\/06\/BU9A3316.webp\",\"contentUrl\":\"https:\/\/d2p6e6u75xmxt8.cloudfront.net\/13\/2025\/06\/BU9A3316.webp\",\"width\":2560,\"height\":1707,\"caption\":\"Zorka \u0160\u0165astn\u00e1 s dcerami a Martin Sou\u010dek jako patron akce 8 dn\u00ed pro paliativu.\"},{\"@type\":\"WebSite\",\"@id\":\"https:\/\/www.welovecycling.com\/cs\/#website\",\"url\":\"https:\/\/www.welovecycling.com\/cs\/\",\"name\":\"\u0160koda We Love Cycling - \u010cesk\u00e1 republika\",\"description\":\"WeLoveCycling.cz je online magaz\u00edn, kter\u00fd v\u00e1m pravideln\u011b p\u0159in\u00e1\u0161\u00ed rady a tipy, zaj\u00edmav\u00e9 \u010dl\u00e1nky, videa a jedine\u010dn\u00e9 report\u00e1\u017ee ze sv\u011bta cyklistiky.\",\"potentialAction\":[{\"@type\":\"SearchAction\",\"target\":{\"@type\":\"EntryPoint\",\"urlTemplate\":\"https:\/\/www.welovecycling.com\/cs\/?s={search_term_string}\"},\"query-input\":{\"@type\":\"PropertyValueSpecification\",\"valueRequired\":true,\"valueName\":\"search_term_string\"}}],\"inLanguage\":\"cs\"},{\"@type\":\"Person\",\"@id\":\"https:\/\/www.welovecycling.com\/cs\/#\/schema\/person\/d9eeb0a378f3a7e4a6d12d2b536b04b8\",\"name\":\"radekmalina\",\"image\":{\"@type\":\"ImageObject\",\"inLanguage\":\"cs\",\"@id\":\"https:\/\/www.welovecycling.com\/cs\/#\/schema\/person\/image\/\",\"url\":\"https:\/\/secure.gravatar.com\/avatar\/66994b632cb8c39a46b9f54afa3ae07201b678d32a54275b6f1c9ffec356bfc0?s=96&d=mm&r=g\",\"contentUrl\":\"https:\/\/secure.gravatar.com\/avatar\/66994b632cb8c39a46b9f54afa3ae07201b678d32a54275b6f1c9ffec356bfc0?s=96&d=mm&r=g\",\"caption\":\"radekmalina\"},\"url\":\"https:\/\/www.welovecycling.com\/cs\/author\/radekmalina\/\"}]}<\/script>\n<!-- \/ Yoast SEO Premium plugin. -->","yoast_head_json":{"title":"Zorka to dok\u00e1zala! Paliativn\u00ed pacientka s dcerami p\u0159ejela za 8 dn\u00ed \u010cesko a pomohla z\u00edskat p\u0159es milion korun pro p\u00e9\u010di na konci \u017eivota. | \u0160koda We Love Cycling - \u010cesk\u00e1 republika","description":"\u201eBylo to to nejhez\u010d\u00ed, co jsem kdy pro\u017eila,\u201d \u0159\u00edk\u00e1 46let\u00e1 Zorka \u0160\u0165astn\u00e1 o benefi\u010dn\u00ed j\u00edzd\u011b nap\u0159\u00ed\u010d \u010ceskem, kter\u00e1 trvala p\u0159esn\u011b 8 dn\u00ed a 8 hodin. V\u011bt\u0161inu z celkem 820 kilometr\u016f z Chebu do T\u0159ince \u0161lapaly na kole jej\u00ed dcery - patn\u00e1ctilet\u00e1 Veronika a B\u00e1ra, kter\u00e1 b\u011bhem akce oslavila 17. narozeniny. V celkem 15 m\u011bstech nav\u0161t\u00edvily m\u00edstn\u00ed hospice, setkaly se s pacienty, novin\u00e1\u0159i, politiky, studenty i n\u00e1v\u0161t\u011bvn\u00edky ve\u0159ejn\u00fdch akc\u00ed, aby mluvily o tom, jak jejich rodina \u017eije s fat\u00e1ln\u00ed diagn\u00f3zou. Do ve\u0159ejn\u00e9 sb\u00edrky, kter\u00e1 akci prov\u00e1z\u00ed, lid\u00e9 b\u011bhem akce darovali p\u0159es milion korun.","robots":{"index":"index","follow":"follow","max-snippet":"max-snippet:-1","max-image-preview":"max-image-preview:large","max-video-preview":"max-video-preview:-1"},"canonical":"https:\/\/www.welovecycling.com\/cs\/2025\/06\/19\/zorka-to-dokazala-paliativni-pacientka-s-dcerami-prejela-za-8-dni-cesko-a-pomohla-ziskat-pres-milion-korun-pro-peci-na-konci-zivota\/","og_locale":"cs_CZ","og_type":"article","og_title":"Zorka to dok\u00e1zala! Paliativn\u00ed pacientka s dcerami p\u0159ejela za 8 dn\u00ed \u010cesko a pomohla z\u00edskat p\u0159es milion korun pro p\u00e9\u010di na konci \u017eivota.","og_description":"\u201eBylo to to nejhez\u010d\u00ed, co jsem kdy pro\u017eila,\u201d \u0159\u00edk\u00e1 46let\u00e1 Zorka \u0160\u0165astn\u00e1 o benefi\u010dn\u00ed j\u00edzd\u011b nap\u0159\u00ed\u010d \u010ceskem, kter\u00e1 trvala p\u0159esn\u011b 8 dn\u00ed a 8 hodin. V\u011bt\u0161inu z celkem 820 kilometr\u016f z Chebu do T\u0159ince \u0161lapaly na kole jej\u00ed dcery - patn\u00e1ctilet\u00e1 Veronika a B\u00e1ra, kter\u00e1 b\u011bhem akce oslavila 17. narozeniny. V celkem 15 m\u011bstech nav\u0161t\u00edvily m\u00edstn\u00ed hospice, setkaly se s pacienty, novin\u00e1\u0159i, politiky, studenty i n\u00e1v\u0161t\u011bvn\u00edky ve\u0159ejn\u00fdch akc\u00ed, aby mluvily o tom, jak jejich rodina \u017eije s fat\u00e1ln\u00ed diagn\u00f3zou. Do ve\u0159ejn\u00e9 sb\u00edrky, kter\u00e1 akci prov\u00e1z\u00ed, lid\u00e9 b\u011bhem akce darovali p\u0159es milion korun.","og_url":"https:\/\/www.welovecycling.com\/cs\/2025\/06\/19\/zorka-to-dokazala-paliativni-pacientka-s-dcerami-prejela-za-8-dni-cesko-a-pomohla-ziskat-pres-milion-korun-pro-peci-na-konci-zivota\/","og_site_name":"\u0160koda We Love Cycling - \u010cesk\u00e1 republika","article_published_time":"2025-06-19T19:00:13+00:00","article_modified_time":"2025-06-20T05:13:30+00:00","og_image":[{"width":2560,"height":1707,"url":"https:\/\/d2p6e6u75xmxt8.cloudfront.net\/13\/2025\/06\/BU9A3316.webp","type":"image\/webp"}],"author":"radekmalina","twitter_card":"summary_large_image","twitter_misc":{"Written by":"We Love Cycling","Est. reading time":"5"},"schema":{"@context":"https:\/\/schema.org","@graph":[{"@type":"WebPage","@id":"https:\/\/www.welovecycling.com\/cs\/2025\/06\/19\/zorka-to-dokazala-paliativni-pacientka-s-dcerami-prejela-za-8-dni-cesko-a-pomohla-ziskat-pres-milion-korun-pro-peci-na-konci-zivota\/","url":"https:\/\/www.welovecycling.com\/cs\/2025\/06\/19\/zorka-to-dokazala-paliativni-pacientka-s-dcerami-prejela-za-8-dni-cesko-a-pomohla-ziskat-pres-milion-korun-pro-peci-na-konci-zivota\/","name":"Zorka to dok\u00e1zala! Paliativn\u00ed pacientka s dcerami p\u0159ejela za 8 dn\u00ed \u010cesko a pomohla z\u00edskat p\u0159es milion korun pro p\u00e9\u010di na konci \u017eivota. | \u0160koda We Love Cycling - \u010cesk\u00e1 republika","isPartOf":{"@id":"https:\/\/www.welovecycling.com\/cs\/#website"},"primaryImageOfPage":{"@id":"https:\/\/www.welovecycling.com\/cs\/2025\/06\/19\/zorka-to-dokazala-paliativni-pacientka-s-dcerami-prejela-za-8-dni-cesko-a-pomohla-ziskat-pres-milion-korun-pro-peci-na-konci-zivota\/#primaryimage"},"image":{"@id":"https:\/\/www.welovecycling.com\/cs\/2025\/06\/19\/zorka-to-dokazala-paliativni-pacientka-s-dcerami-prejela-za-8-dni-cesko-a-pomohla-ziskat-pres-milion-korun-pro-peci-na-konci-zivota\/#primaryimage"},"thumbnailUrl":"https:\/\/d2p6e6u75xmxt8.cloudfront.net\/13\/2025\/06\/BU9A3316.webp","datePublished":"2025-06-19T19:00:13+00:00","dateModified":"2025-06-20T05:13:30+00:00","author":{"@id":"https:\/\/www.welovecycling.com\/cs\/#\/schema\/person\/d9eeb0a378f3a7e4a6d12d2b536b04b8"},"description":"\u201eBylo to to nejhez\u010d\u00ed, co jsem kdy pro\u017eila,\u201d \u0159\u00edk\u00e1 46let\u00e1 Zorka \u0160\u0165astn\u00e1 o benefi\u010dn\u00ed j\u00edzd\u011b nap\u0159\u00ed\u010d \u010ceskem, kter\u00e1 trvala p\u0159esn\u011b 8 dn\u00ed a 8 hodin. V\u011bt\u0161inu z celkem 820 kilometr\u016f z Chebu do T\u0159ince \u0161lapaly na kole jej\u00ed dcery - patn\u00e1ctilet\u00e1 Veronika a B\u00e1ra, kter\u00e1 b\u011bhem akce oslavila 17. narozeniny. V celkem 15 m\u011bstech nav\u0161t\u00edvily m\u00edstn\u00ed hospice, setkaly se s pacienty, novin\u00e1\u0159i, politiky, studenty i n\u00e1v\u0161t\u011bvn\u00edky ve\u0159ejn\u00fdch akc\u00ed, aby mluvily o tom, jak jejich rodina \u017eije s fat\u00e1ln\u00ed diagn\u00f3zou. Do ve\u0159ejn\u00e9 sb\u00edrky, kter\u00e1 akci prov\u00e1z\u00ed, lid\u00e9 b\u011bhem akce darovali p\u0159es milion korun.","inLanguage":"cs","potentialAction":[{"@type":"ReadAction","target":["https:\/\/www.welovecycling.com\/cs\/2025\/06\/19\/zorka-to-dokazala-paliativni-pacientka-s-dcerami-prejela-za-8-dni-cesko-a-pomohla-ziskat-pres-milion-korun-pro-peci-na-konci-zivota\/"]}]},{"@type":"ImageObject","inLanguage":"cs","@id":"https:\/\/www.welovecycling.com\/cs\/2025\/06\/19\/zorka-to-dokazala-paliativni-pacientka-s-dcerami-prejela-za-8-dni-cesko-a-pomohla-ziskat-pres-milion-korun-pro-peci-na-konci-zivota\/#primaryimage","url":"https:\/\/d2p6e6u75xmxt8.cloudfront.net\/13\/2025\/06\/BU9A3316.webp","contentUrl":"https:\/\/d2p6e6u75xmxt8.cloudfront.net\/13\/2025\/06\/BU9A3316.webp","width":2560,"height":1707,"caption":"Zorka \u0160\u0165astn\u00e1 s dcerami a Martin Sou\u010dek jako patron akce 8 dn\u00ed pro paliativu."},{"@type":"WebSite","@id":"https:\/\/www.welovecycling.com\/cs\/#website","url":"https:\/\/www.welovecycling.com\/cs\/","name":"\u0160koda We Love Cycling - \u010cesk\u00e1 republika","description":"WeLoveCycling.cz je online magaz\u00edn, kter\u00fd v\u00e1m pravideln\u011b p\u0159in\u00e1\u0161\u00ed rady a tipy, zaj\u00edmav\u00e9 \u010dl\u00e1nky, videa a jedine\u010dn\u00e9 report\u00e1\u017ee ze sv\u011bta cyklistiky.","potentialAction":[{"@type":"SearchAction","target":{"@type":"EntryPoint","urlTemplate":"https:\/\/www.welovecycling.com\/cs\/?s={search_term_string}"},"query-input":{"@type":"PropertyValueSpecification","valueRequired":true,"valueName":"search_term_string"}}],"inLanguage":"cs"},{"@type":"Person","@id":"https:\/\/www.welovecycling.com\/cs\/#\/schema\/person\/d9eeb0a378f3a7e4a6d12d2b536b04b8","name":"radekmalina","image":{"@type":"ImageObject","inLanguage":"cs","@id":"https:\/\/www.welovecycling.com\/cs\/#\/schema\/person\/image\/","url":"https:\/\/secure.gravatar.com\/avatar\/66994b632cb8c39a46b9f54afa3ae07201b678d32a54275b6f1c9ffec356bfc0?s=96&d=mm&r=g","contentUrl":"https:\/\/secure.gravatar.com\/avatar\/66994b632cb8c39a46b9f54afa3ae07201b678d32a54275b6f1c9ffec356bfc0?s=96&d=mm&r=g","caption":"radekmalina"},"url":"https:\/\/www.welovecycling.com\/cs\/author\/radekmalina\/"}]}},"_links":{"self":[{"href":"https:\/\/www.welovecycling.com\/cs\/wp-json\/wp\/v2\/posts\/29540","targetHints":{"allow":["GET"]}}],"collection":[{"href":"https:\/\/www.welovecycling.com\/cs\/wp-json\/wp\/v2\/posts"}],"about":[{"href":"https:\/\/www.welovecycling.com\/cs\/wp-json\/wp\/v2\/types\/post"}],"author":[{"embeddable":true,"href":"https:\/\/www.welovecycling.com\/cs\/wp-json\/wp\/v2\/users\/138"}],"replies":[{"embeddable":true,"href":"https:\/\/www.welovecycling.com\/cs\/wp-json\/wp\/v2\/comments?post=29540"}],"version-history":[{"count":2,"href":"https:\/\/www.welovecycling.com\/cs\/wp-json\/wp\/v2\/posts\/29540\/revisions"}],"predecessor-version":[{"id":29547,"href":"https:\/\/www.welovecycling.com\/cs\/wp-json\/wp\/v2\/posts\/29540\/revisions\/29547"}],"wp:featuredmedia":[{"embeddable":true,"href":"https:\/\/www.welovecycling.com\/cs\/wp-json\/wp\/v2\/media\/29545"}],"wp:attachment":[{"href":"https:\/\/www.welovecycling.com\/cs\/wp-json\/wp\/v2\/media?parent=29540"}],"wp:term":[{"taxonomy":"category","embeddable":true,"href":"https:\/\/www.welovecycling.com\/cs\/wp-json\/wp\/v2\/categories?post=29540"},{"taxonomy":"post_tag","embeddable":true,"href":"https:\/\/www.welovecycling.com\/cs\/wp-json\/wp\/v2\/tags?post=29540"},{"taxonomy":"global-categories","embeddable":true,"href":"https:\/\/www.welovecycling.com\/cs\/wp-json\/wp\/v2\/global-categories?post=29540"}],"curies":[{"name":"wp","href":"https:\/\/api.w.org\/{rel}","templated":true}]}}