{"id":29527,"date":"2025-06-19T06:38:07","date_gmt":"2025-06-19T04:38:07","guid":{"rendered":"https:\/\/www.welovecycling.com\/cs\/?p=29527"},"modified":"2025-06-19T06:38:07","modified_gmt":"2025-06-19T04:38:07","slug":"tadej-kontra-jonas-sledujeme-nejvetsi-rivalitu-v-historii-cyklistiky","status":"publish","type":"post","link":"https:\/\/www.welovecycling.com\/cs\/2025\/06\/19\/tadej-kontra-jonas-sledujeme-nejvetsi-rivalitu-v-historii-cyklistiky\/","title":{"rendered":"Tadej kontra Jonas. Sledujeme nejv\u011bt\u0161\u00ed rivalitu v historii cyklistiky?"},"content":{"rendered":"<p><strong>Jeden odv\u00e1\u017en\u00fd soud posledn\u00ed dobou u\u017e zazn\u00edv\u00e1. A toti\u017e \u017ee v\u00a0osob\u011b slovinsk\u00e9ho mistra sv\u011bta sledujeme nejlep\u0161\u00edho cyklistu v\u0161ech dob (sorry, Eddy). A te\u010f je tu nov\u00e1 \u00favaha, kter\u00e1 si op\u011bt do \u00fast bere historii na\u0161eho sportu a sna\u017e\u00ed se ji p\u0159episovat. Tadej Poga\u010dar vs. Jonas Vingegaard aneb jsme sv\u011bdky nejv\u011bt\u0161\u00ed rivality v\u00a0d\u011bjin\u00e1ch?<\/strong><\/p>\n<p><span style=\"font-weight: 400;\">Stejn\u011b jako u ka\u017ed\u00e9ho dobr\u00e9ho cyklistick\u00e9ho duelu nebude jm\u00e9no Tadej Poga\u010dar (UAE Emirates) zn\u00edt \u00fapln\u011b, pokud se nezm\u00edn\u00ed spole\u010dn\u011b s Jonasem Vingegaardem (Visma Lease a Bike). Je to modern\u00ed p\u0159ipomenut\u00ed souboj\u016f Coppiho s Bartalim, Poulidora a Anquetila, LeMonda s Fignonem. Kone\u010dn\u011b m\u00e1 cyklistika novou dvojici do s\u00edn\u011b sl\u00e1vy.<\/span><\/p>\n<p><span style=\"font-weight: 400;\">Posledn\u00ed \u010dty\u0159i ro\u010dn\u00edky Tour de France se nesly ve znamen\u00ed jejich souboj\u016f o \u017elut\u00fd trikot. Po sv\u00e9m posledn\u00edm, lo\u0148sk\u00e9m v\u00edt\u011bzstv\u00ed vede Slovinec nad D\u00e1nem v pom\u011bru 3:2. Oba maj\u00ed nakro\u010deno k p\u00e1t\u00e9mu v\u00edt\u011bzstv\u00ed, kter\u00e9 by je za\u0159adilo mezi historick\u00e9 legendy. A oba maj\u00ed schopnosti toho do konce dek\u00e1dy dos\u00e1hnout. Ale te\u010f k\u00a0na\u0161\u00ed ot\u00e1zce \u2013 je tu dosud nevid\u011bn\u00fd duel?<\/span><\/p>\n<h2><strong>Slovn\u00ed v\u00e1lka l\u00eddr\u016f u\u017e za\u010dala<\/strong><\/h2>\n<p><span style=\"font-weight: 400;\">Tadej Poga\u010dar a Jonas Vingegaard jsou velmi odli\u0161n\u00e9 osobnosti. Poch\u00e1zej\u00ed z odli\u0161n\u00fdch \u010d\u00e1st\u00ed Evropy \u2013 Vingegaard z chladn\u00e9ho severu, Poga\u010dar ze sluncem proz\u00e1\u0159en\u00e9ho jihu. Poga\u010dar zaz\u00e1\u0159il u\u017e v ml\u00e1de\u017enick\u00fdch z\u00e1vodech jako Z\u00e1vod m\u00edru nebo Tour de l\u2019Avenir. Jonas Vingegaard byl naopak p\u0159ekvapen\u00edm, kter\u00fd vyu\u017eil p\u0159\u00edle\u017eitosti l\u00eddra na Tour 2021.<\/span><\/p>\n<p><span style=\"font-weight: 400;\">I v chov\u00e1n\u00ed jsou rozd\u00edln\u00ed. Poga\u010dar je vtipkuj\u00edc\u00ed sm\u00ed\u0161ek, reaguje na kritiky na soci\u00e1ln\u00edch s\u00edt\u00edch. Vingegaard je zdr\u017eenliv\u011bj\u0161\u00ed, p\u0159em\u00fd\u0161liv\u011bj\u0161\u00ed. A\u017e chladn\u00fd. \u010c\u00edm d\u00e1l v\u00edc se ale oba vyjad\u0159uj\u00ed na adresu toho druh\u00e9ho. V medi\u00e1ln\u00ed z\u00f3n\u011b se rozho\u0159ela slovn\u00ed v\u00e1lka, jak se na skute\u010dn\u00e9 rivaly slu\u0161\u00ed. A ta se bude stup\u0148ovat, \u010d\u00edm bl\u00ed\u017e Tour de France 2025 bude. Na jejich t\u0159\u00edt\u00fddenn\u00ed v\u00e1lku se ka\u017ed\u00fd t\u011b\u0161\u00ed.<\/span><\/p>\n<figure id=\"attachment_26239\" aria-describedby=\"caption-attachment-26239\" style=\"width: 1800px\" class=\"wp-caption alignnone\"><a href=\"https:\/\/d2p6e6u75xmxt8.cloudfront.net\/13\/2024\/07\/profimedia-0888089180.webp\"><img loading=\"lazy\" decoding=\"async\" class=\"size-full wp-image-26239\" src=\"https:\/\/d2p6e6u75xmxt8.cloudfront.net\/13\/2024\/07\/profimedia-0888089180.webp\" alt=\"Tadej Poga\u010dar a Jonas Vingegaard v dev\u00e1t\u00e9 etap\u011b Tour de France 2024.\" width=\"1800\" height=\"1200\" srcset=\"https:\/\/d2p6e6u75xmxt8.cloudfront.net\/13\/2024\/07\/profimedia-0888089180.webp 1800w, https:\/\/d2p6e6u75xmxt8.cloudfront.net\/13\/2024\/07\/profimedia-0888089180-300x200.webp 300w, https:\/\/d2p6e6u75xmxt8.cloudfront.net\/13\/2024\/07\/profimedia-0888089180-1024x683.webp 1024w, https:\/\/d2p6e6u75xmxt8.cloudfront.net\/13\/2024\/07\/profimedia-0888089180-768x512.webp 768w, https:\/\/d2p6e6u75xmxt8.cloudfront.net\/13\/2024\/07\/profimedia-0888089180-1536x1024.webp 1536w, https:\/\/d2p6e6u75xmxt8.cloudfront.net\/13\/2024\/07\/profimedia-0888089180-400x267.webp 400w, https:\/\/d2p6e6u75xmxt8.cloudfront.net\/13\/2024\/07\/profimedia-0888089180-272x182.webp 272w\" sizes=\"auto, (max-width: 1800px) 100vw, 1800px\" \/><\/a><figcaption id=\"caption-attachment-26239\" class=\"wp-caption-text\"><em>Tadej Poga\u010dar a Jonas Vingegaard v dev\u00e1t\u00e9 etap\u011b Tour de France 2024.<\/em><\/figcaption><\/figure>\n<p><span style=\"font-weight: 400;\"><a href=\"https:\/\/www.procyclingstats.com\/rider-vs-rider\/tadej-pogacar\/jonas-vingegaard\">Jejich rivalita<\/a> se zrodila na Tour de France, v n\u00ed\u017e oba zvedaj\u00ed la\u0165ku rok co rok v\u00fd\u0161 a v\u00fd\u0161. Souboje na t\u00fddenn\u00edch z\u00e1vodech (jako posledn\u011b na Dauphin\u00e9 ve prosp\u011bch Poga\u010dara) jsou fajn, ale pr\u00e1v\u011b Tour de France dala tomuto soupe\u0159en\u00ed \u017eivot. Oba se soust\u0159ed\u00ed hlavn\u011b na ni a i p\u0159es zran\u011bn\u00ed \u010di probl\u00e9my v\u017edy nastoup\u00ed. To je zn\u00e1mka skute\u010dn\u00fdch \u0161ampion\u016f.<\/span><\/p>\n<h2><strong>Za 84 etap rozd\u00edl jen 1 minuta a 3 sekundy<\/strong><\/h2>\n<p><span style=\"font-weight: 400;\">Kdy\u017e za\u00fato\u010d\u00ed Tadej Poga\u010dar, n\u00e1sleduje ho Jonas Vingegaard. Takhle to funguje u\u017e n\u011bkolik let. Kdy\u017e jedou naplno, ostatn\u00ed jako by neexistovali. Po 84 etap\u00e1ch Tour, kter\u00e9 spolu a proti sob\u011b od roku 2021 absolvovali, je mezi nimi jen 1 minuta a 3 sekundy rozd\u00edlu. Neskute\u010dn\u00e1 rovnov\u00e1ha sil!<\/span><\/p>\n<div class=\"shortcode-ys-post-pinup\"><article class=\"loop-simple post-29492 post type-post status-publish format-standard has-post-thumbnail hentry category-letape-czech-republic tag-bradley-wiggins tag-cyklistika tag-letape tag-letape-czech-republic-2025 tag-silnicni-cyklistika global-categories-cycling\" data-postid=\"29492\" role=\"article\" data-post-id=\"29492\" data-word-count=\"734\" data-headline-length=\"27\" data-category=\"L&#039;Etape Czech Republic\" data-global-category=\"Cycling\" data-author=\"We Love Cycling\" data-published=\"2025-06-17T23:02:15+02:00\" data-published-day=\"Tuesday\">\n    <div class=\"entry-thumbnail article-thumbnail\" content=\"https:\/\/d2p6e6u75xmxt8.cloudfront.net\/13\/2022\/11\/Wiggin-titulprofimedia-0138388246-150x150.webp\"><a href=\"https:\/\/www.welovecycling.com\/cs\/2025\/06\/17\/z-temnoty-zpet-do-zivota\/\" class=\"image-holder\" target=\"_self\"><img decoding=\"async\" loading=\"lazy\" class=\"\" src=\"https:\/\/d2p6e6u75xmxt8.cloudfront.net\/13\/2022\/11\/Wiggin-titulprofimedia-0138388246-1024x682.webp\" srcset=\"https:\/\/d2p6e6u75xmxt8.cloudfront.net\/13\/2022\/11\/Wiggin-titulprofimedia-0138388246.webp 1800w, https:\/\/d2p6e6u75xmxt8.cloudfront.net\/13\/2022\/11\/Wiggin-titulprofimedia-0138388246-300x200.webp 300w, https:\/\/d2p6e6u75xmxt8.cloudfront.net\/13\/2022\/11\/Wiggin-titulprofimedia-0138388246-1024x682.webp 1024w, https:\/\/d2p6e6u75xmxt8.cloudfront.net\/13\/2022\/11\/Wiggin-titulprofimedia-0138388246-768x511.webp 768w, https:\/\/d2p6e6u75xmxt8.cloudfront.net\/13\/2022\/11\/Wiggin-titulprofimedia-0138388246-1536x1022.webp 1536w, https:\/\/d2p6e6u75xmxt8.cloudfront.net\/13\/2022\/11\/Wiggin-titulprofimedia-0138388246-272x182.webp 272w\" width=\"1024\" height=\"682\" sizes=\"auto, (min-width: 1200px) 300px, (min-width: 768px) 25vw, 100vw\" alt=\"z-temnoty-zpet-do-zivota\"\/><\/a><\/div>    <div class=\"entry-meta\">\n        <a class=\"label label-secondary post-category\" href=\"https:\/\/www.welovecycling.com\/cs\/category\/letape-czech-republic\/\" title=\"L'Etape Czech Republic\">L'Etape Czech Republic<\/a>\n    <\/div>\n    <div class=\"entry-details\">\n        <a href=\"https:\/\/www.welovecycling.com\/cs\/2025\/06\/17\/z-temnoty-zpet-do-zivota\/\" class='entry-title-wrapper'>\n            <h3 class=\"entry-title\"><span>Z temnoty zp\u011bt do \u017eivota!<\/span><\/h3>\n        <\/a>\n    <\/div>\n    <\/article>\n<\/div>\n<p><span style=\"font-weight: 400;\">V roce 2022 m\u011bl navrch Vingegaard. V roce 2023 to byl dokonal\u00fd ping-pong v prvn\u00edch dvou t\u00fddnech. A v roce 2024? Jasn\u011b pro Poga\u010dara i proto, \u017ee Vingegaard se vracel po t\u011b\u017ek\u00e9m zran\u011bn\u00ed.<\/span><\/p>\n<p><span style=\"font-weight: 400;\">Cyklistika op\u011bt z\u00edskala n\u00e1boj. Rivalita rozd\u011blila t\u00e1bory stoupenc\u016f podobn\u011b, jako to um\u00ed fotbal nebo politika. Na soci\u00e1ln\u00edch s\u00edt\u00edch vznikaj\u00ed \u00fa\u010dty, videa, koment\u00e1\u0159e. UAE vs Visma. Emir\u00e1ty vs Holandsko. To se nest\u00e1valo ani za Frooma nebo Contadora. Jednou mo\u017en\u00e1 budeme \u0159\u00edkat: \u201eJ\u00e1 byl tenkr\u00e1t sp\u00ed\u0161 Poga\u010darovec.\u201c<\/span><\/p>\n<h2><strong>Jsou Tadej a Jonas nejv\u011bt\u0161\u00ed rivalov\u00e9 historie?<\/strong><\/h2>\n<p><span style=\"font-weight: 400;\">Ale dobereme se s\u00a0definitivn\u00ed jistotou odpov\u011bdi na na\u0161i ot\u00e1zku? Opravdu je tady a te\u010f k vid\u011bn\u00ed vrcholn\u00e9 d\u00edlo cyklistick\u00e9ho soupe\u0159en\u00ed? Jedn\u00edm z\u00a0faktor\u016f pro odpov\u011b\u010f ano je d\u00e9lka trv\u00e1n\u00ed takov\u00e9 rivality, abychom ji mohli ozna\u010dit za v\u00fdjime\u010dnou.<\/span><\/p>\n<p><span style=\"font-weight: 400;\">Coppi a Bartali se na Tour potkali jen v\u00a0m\u00e1lo p\u0159\u00edpadech. Poulidor a Anquetil byli prvn\u00ed a druh\u00fd jen jednou. LeMond a Fignon se proslavili jedn\u00edm pam\u00e1tn\u00fdm ro\u010dn\u00edkem, jakkoliv dodnes pro t\u011bch 8 sekund ve prosp\u011bch Ameri\u010dana p\u0159ipom\u00ednan\u00fdm.<\/span><\/p>\n<figure id=\"attachment_26317\" aria-describedby=\"caption-attachment-26317\" style=\"width: 1000px\" class=\"wp-caption alignnone\"><a href=\"https:\/\/d2p6e6u75xmxt8.cloudfront.net\/13\/2024\/07\/TDF-2024-etapa-11-Jonas-vingegaard-tadej-pogacar-foto-billy-ceusters.webp\"><img loading=\"lazy\" decoding=\"async\" class=\"size-full wp-image-26317\" src=\"https:\/\/d2p6e6u75xmxt8.cloudfront.net\/13\/2024\/07\/TDF-2024-etapa-11-Jonas-vingegaard-tadej-pogacar-foto-billy-ceusters.webp\" alt=\"Jonas Vingegaard a Tadej Poga\u010dar b\u011bhem 11. etapy\" width=\"1000\" height=\"664\" srcset=\"https:\/\/d2p6e6u75xmxt8.cloudfront.net\/13\/2024\/07\/TDF-2024-etapa-11-Jonas-vingegaard-tadej-pogacar-foto-billy-ceusters.webp 1000w, https:\/\/d2p6e6u75xmxt8.cloudfront.net\/13\/2024\/07\/TDF-2024-etapa-11-Jonas-vingegaard-tadej-pogacar-foto-billy-ceusters-300x199.webp 300w, https:\/\/d2p6e6u75xmxt8.cloudfront.net\/13\/2024\/07\/TDF-2024-etapa-11-Jonas-vingegaard-tadej-pogacar-foto-billy-ceusters-768x510.webp 768w, https:\/\/d2p6e6u75xmxt8.cloudfront.net\/13\/2024\/07\/TDF-2024-etapa-11-Jonas-vingegaard-tadej-pogacar-foto-billy-ceusters-400x266.webp 400w, https:\/\/d2p6e6u75xmxt8.cloudfront.net\/13\/2024\/07\/TDF-2024-etapa-11-Jonas-vingegaard-tadej-pogacar-foto-billy-ceusters-272x182.webp 272w\" sizes=\"auto, (max-width: 1000px) 100vw, 1000px\" \/><\/a><figcaption id=\"caption-attachment-26317\" class=\"wp-caption-text\"><em>Jonas Vingegaard a Tadej Poga\u010dar. Jde o nejv\u011bt\u0161\u00ed rivalitu v historii cyklistiky?<\/em><\/figcaption><\/figure>\n<p><span style=\"font-weight: 400;\">Tadej Poga\u010dar a <a href=\"https:\/\/www.welovecycling.com\/cs\/2024\/11\/26\/jonas-vingegaard-a-jeho-nejvetsi-inspirace\/\">Jonas Vingegaard<\/a> byli na prvn\u00edch dvou m\u00edstech Tour de France u\u017e \u010dty\u0159ikr\u00e1t za sebou a nic nenasv\u011bd\u010duje tomu, \u017ee by jejich hegemonie m\u011bla brzy kon\u010dit. Pokud ob\u011bma \u0161ampion\u016fm chceme vyj\u00e1d\u0159it sv\u016fj obdiv a \u00factu, pak bychom jejich jm\u00e9na m\u011bli stav\u011bt vedle t\u011bch nejv\u011bt\u0161\u00edch.<\/span><\/p>\n<div class=\"shortcode-ys-post-pinup\"><article class=\"loop-simple post-29409 post type-post status-publish format-standard has-post-thumbnail hentry category-silnicni-cyklistika tag-cyklistika tag-giro-2025 tag-primoz-roglic tag-silnicni-cyklistika tag-tour-de-france-2025 tag-vuelta tag-zraneni global-categories-cycling\" data-postid=\"29409\" role=\"article\" data-post-id=\"29409\" data-word-count=\"444\" data-headline-length=\"46\" data-category=\"Silni\u010dn\u00ed cyklistika\" data-global-category=\"Cycling\" data-author=\"We Love Cycling\" data-published=\"2025-06-09T06:00:09+02:00\" data-published-day=\"Monday\">\n    <div class=\"entry-thumbnail article-thumbnail\" content=\"https:\/\/d2p6e6u75xmxt8.cloudfront.net\/13\/2025\/06\/profimedia-1003165284-150x150.webp\"><a href=\"https:\/\/www.welovecycling.com\/cs\/2025\/06\/09\/proc-si-primoz-roglic-nezaslouzi-odepsat\/\" class=\"image-holder\" target=\"_self\"><img decoding=\"async\" loading=\"lazy\" class=\"\" src=\"https:\/\/d2p6e6u75xmxt8.cloudfront.net\/13\/2025\/06\/profimedia-1003165284-1024x682.webp\" srcset=\"https:\/\/d2p6e6u75xmxt8.cloudfront.net\/13\/2025\/06\/profimedia-1003165284.webp 1800w, https:\/\/d2p6e6u75xmxt8.cloudfront.net\/13\/2025\/06\/profimedia-1003165284-300x200.webp 300w, https:\/\/d2p6e6u75xmxt8.cloudfront.net\/13\/2025\/06\/profimedia-1003165284-1024x682.webp 1024w, https:\/\/d2p6e6u75xmxt8.cloudfront.net\/13\/2025\/06\/profimedia-1003165284-768x512.webp 768w, https:\/\/d2p6e6u75xmxt8.cloudfront.net\/13\/2025\/06\/profimedia-1003165284-1536x1023.webp 1536w, https:\/\/d2p6e6u75xmxt8.cloudfront.net\/13\/2025\/06\/profimedia-1003165284-400x266.webp 400w, https:\/\/d2p6e6u75xmxt8.cloudfront.net\/13\/2025\/06\/profimedia-1003165284-272x182.webp 272w\" width=\"1024\" height=\"682\" sizes=\"auto, (min-width: 1200px) 300px, (min-width: 768px) 25vw, 100vw\" alt=\"proc-si-primoz-roglic-nezaslouzi-odepsat\"\/><\/a><\/div>    <div class=\"entry-meta\">\n        <a class=\"label label-secondary post-category\" href=\"https:\/\/www.welovecycling.com\/cs\/category\/silnicni-cyklistika\/\" title=\"Silni\u010dn\u00ed cyklistika\">Silni\u010dn\u00ed cyklistika<\/a>\n    <\/div>\n    <div class=\"entry-details\">\n        <a href=\"https:\/\/www.welovecycling.com\/cs\/2025\/06\/09\/proc-si-primoz-roglic-nezaslouzi-odepsat\/\" class='entry-title-wrapper'>\n            <h3 class=\"entry-title\"><span>Pro\u010d si Primo\u017e Rogli\u010d nezaslou\u017e\u00ed odepsat?<\/span><\/h3>\n        <\/a>\n    <\/div>\n    <\/article>\n<\/div>\n<p><span style=\"font-weight: 400;\">Na pap\u00ed\u0159e m\u00e1 tato rivalita v\u0161echny ingredience pro z\u00e1pis do historie. Je t\u011b\u017ek\u00e9 \u0159\u00edct, kdo je lep\u0161\u00ed, a pr\u00e1v\u011b to z\u00a0jejich boj\u016f \u010din\u00ed tak unik\u00e1tn\u00ed pod\u00edvanou. Mo\u017en\u00e1 nejsme sv\u011bdky nejv\u011bt\u0161\u00ed rivality cyklistiky (zat\u00edm), ale bezpochyby jedn\u00e9 z nejslibn\u011bj\u0161\u00edch. Ale kdo v\u00ed, t\u0159eba se na toto t\u00e9ma budeme muset pod\u00edvat za p\u00e1r let je\u0161t\u011b jednou.<\/span><\/p>\n","protected":false},"excerpt":{"rendered":"<p>Jeden odv\u00e1\u017en\u00fd soud posledn\u00ed dobou u\u017e zazn\u00edv\u00e1. A toti\u017e \u017ee v\u00a0osob\u011b slovinsk\u00e9ho mistra sv\u011bta sledujeme nejlep\u0161\u00edho cyklistu v\u0161ech dob (sorry, [&hellip;]<\/p>\n","protected":false},"author":138,"featured_media":26531,"comment_status":"open","ping_status":"open","sticky":false,"template":"","format":"standard","meta":{"footnotes":""},"categories":[10],"tags":[126,1601,4223,3685,9,502,23],"global-categories":[411],"class_list":["post-29527","post","type-post","status-publish","format-standard","has-post-thumbnail","hentry","category-silnicni-cyklistika","tag-cyklistika","tag-jonas-vingegaard","tag-nejvetsi-soupereni","tag-rivalita","tag-silnicni-cyklistika","tag-tadej-pogacar","tag-tour-de-france","global-categories-cycling"],"yoast_head":"<!-- This site is optimized with the Yoast SEO Premium plugin v25.3 (Yoast SEO v25.9) - https:\/\/yoast.com\/wordpress\/plugins\/seo\/ -->\n<title>Tadej kontra Jonas. Sledujeme nejv\u011bt\u0161\u00ed rivalitu v historii cyklistiky? | \u0160koda We Love Cycling - \u010cesk\u00e1 republika<\/title>\n<meta name=\"description\" content=\"Jeden odv\u00e1\u017en\u00fd soud posledn\u00ed dobou u\u017e zazn\u00edv\u00e1. A toti\u017e \u017ee v\u00a0osob\u011b slovinsk\u00e9ho mistra sv\u011bta sledujeme nejlep\u0161\u00edho cyklistu v\u0161ech dob (sorry, Eddy). A te\u010f je tu nov\u00e1 \u00favaha, kter\u00e1 si op\u011bt do \u00fast bere historii na\u0161eho sportu a sna\u017e\u00ed se ji p\u0159episovat. Tadej Poga\u010dar vs. Jonas Vingegaard aneb jsme sv\u011bdky nejv\u011bt\u0161\u00ed rivality v\u00a0d\u011bjin\u00e1ch?\" \/>\n<meta name=\"robots\" content=\"index, follow, max-snippet:-1, max-image-preview:large, max-video-preview:-1\" \/>\n<link rel=\"canonical\" href=\"https:\/\/www.welovecycling.com\/cs\/2025\/06\/19\/tadej-kontra-jonas-sledujeme-nejvetsi-rivalitu-v-historii-cyklistiky\/\" \/>\n<meta property=\"og:locale\" content=\"cs_CZ\" \/>\n<meta property=\"og:type\" content=\"article\" \/>\n<meta property=\"og:title\" content=\"Tadej kontra Jonas. Sledujeme nejv\u011bt\u0161\u00ed rivalitu v historii cyklistiky?\" \/>\n<meta property=\"og:description\" content=\"Jeden odv\u00e1\u017en\u00fd soud posledn\u00ed dobou u\u017e zazn\u00edv\u00e1. A toti\u017e \u017ee v\u00a0osob\u011b slovinsk\u00e9ho mistra sv\u011bta sledujeme nejlep\u0161\u00edho cyklistu v\u0161ech dob (sorry, Eddy). A te\u010f je tu nov\u00e1 \u00favaha, kter\u00e1 si op\u011bt do \u00fast bere historii na\u0161eho sportu a sna\u017e\u00ed se ji p\u0159episovat. Tadej Poga\u010dar vs. Jonas Vingegaard aneb jsme sv\u011bdky nejv\u011bt\u0161\u00ed rivality v\u00a0d\u011bjin\u00e1ch?\" \/>\n<meta property=\"og:url\" content=\"https:\/\/www.welovecycling.com\/cs\/2025\/06\/19\/tadej-kontra-jonas-sledujeme-nejvetsi-rivalitu-v-historii-cyklistiky\/\" \/>\n<meta property=\"og:site_name\" content=\"\u0160koda We Love Cycling - \u010cesk\u00e1 republika\" \/>\n<meta property=\"article:published_time\" content=\"2025-06-19T04:38:07+00:00\" \/>\n<meta property=\"og:image\" content=\"https:\/\/d2p6e6u75xmxt8.cloudfront.net\/13\/2024\/07\/best-off-charly-lopez-tadej-jonas.webp\" \/>\n\t<meta property=\"og:image:width\" content=\"1000\" \/>\n\t<meta property=\"og:image:height\" content=\"666\" \/>\n\t<meta property=\"og:image:type\" content=\"image\/webp\" \/>\n<meta name=\"author\" content=\"radekmalina\" \/>\n<meta name=\"twitter:card\" content=\"summary_large_image\" \/>\n<meta name=\"twitter:label1\" content=\"Written by\" \/>\n\t<meta name=\"twitter:data1\" content=\"We Love Cycling\" \/>\n\t<meta name=\"twitter:label2\" content=\"Est. reading time\" \/>\n\t<meta name=\"twitter:data2\" content=\"5\" \/>\n<script type=\"application\/ld+json\" class=\"yoast-schema-graph\">{\"@context\":\"https:\/\/schema.org\",\"@graph\":[{\"@type\":\"WebPage\",\"@id\":\"https:\/\/www.welovecycling.com\/cs\/2025\/06\/19\/tadej-kontra-jonas-sledujeme-nejvetsi-rivalitu-v-historii-cyklistiky\/\",\"url\":\"https:\/\/www.welovecycling.com\/cs\/2025\/06\/19\/tadej-kontra-jonas-sledujeme-nejvetsi-rivalitu-v-historii-cyklistiky\/\",\"name\":\"Tadej kontra Jonas. Sledujeme nejv\u011bt\u0161\u00ed rivalitu v historii cyklistiky? | \u0160koda We Love Cycling - \u010cesk\u00e1 republika\",\"isPartOf\":{\"@id\":\"https:\/\/www.welovecycling.com\/cs\/#website\"},\"primaryImageOfPage\":{\"@id\":\"https:\/\/www.welovecycling.com\/cs\/2025\/06\/19\/tadej-kontra-jonas-sledujeme-nejvetsi-rivalitu-v-historii-cyklistiky\/#primaryimage\"},\"image\":{\"@id\":\"https:\/\/www.welovecycling.com\/cs\/2025\/06\/19\/tadej-kontra-jonas-sledujeme-nejvetsi-rivalitu-v-historii-cyklistiky\/#primaryimage\"},\"thumbnailUrl\":\"https:\/\/d2p6e6u75xmxt8.cloudfront.net\/13\/2024\/07\/best-off-charly-lopez-tadej-jonas.webp\",\"datePublished\":\"2025-06-19T04:38:07+00:00\",\"author\":{\"@id\":\"https:\/\/www.welovecycling.com\/cs\/#\/schema\/person\/d9eeb0a378f3a7e4a6d12d2b536b04b8\"},\"description\":\"Jeden odv\u00e1\u017en\u00fd soud posledn\u00ed dobou u\u017e zazn\u00edv\u00e1. A toti\u017e \u017ee v\u00a0osob\u011b slovinsk\u00e9ho mistra sv\u011bta sledujeme nejlep\u0161\u00edho cyklistu v\u0161ech dob (sorry, Eddy). A te\u010f je tu nov\u00e1 \u00favaha, kter\u00e1 si op\u011bt do \u00fast bere historii na\u0161eho sportu a sna\u017e\u00ed se ji p\u0159episovat. Tadej Poga\u010dar vs. Jonas Vingegaard aneb jsme sv\u011bdky nejv\u011bt\u0161\u00ed rivality v\u00a0d\u011bjin\u00e1ch?\",\"inLanguage\":\"cs\",\"potentialAction\":[{\"@type\":\"ReadAction\",\"target\":[\"https:\/\/www.welovecycling.com\/cs\/2025\/06\/19\/tadej-kontra-jonas-sledujeme-nejvetsi-rivalitu-v-historii-cyklistiky\/\"]}]},{\"@type\":\"ImageObject\",\"inLanguage\":\"cs\",\"@id\":\"https:\/\/www.welovecycling.com\/cs\/2025\/06\/19\/tadej-kontra-jonas-sledujeme-nejvetsi-rivalitu-v-historii-cyklistiky\/#primaryimage\",\"url\":\"https:\/\/d2p6e6u75xmxt8.cloudfront.net\/13\/2024\/07\/best-off-charly-lopez-tadej-jonas.webp\",\"contentUrl\":\"https:\/\/d2p6e6u75xmxt8.cloudfront.net\/13\/2024\/07\/best-off-charly-lopez-tadej-jonas.webp\",\"width\":1000,\"height\":666,\"caption\":\"Tadej Poga\u010dar a Jonas Vingegaard\"},{\"@type\":\"WebSite\",\"@id\":\"https:\/\/www.welovecycling.com\/cs\/#website\",\"url\":\"https:\/\/www.welovecycling.com\/cs\/\",\"name\":\"\u0160koda We Love Cycling - \u010cesk\u00e1 republika\",\"description\":\"WeLoveCycling.cz je online magaz\u00edn, kter\u00fd v\u00e1m pravideln\u011b p\u0159in\u00e1\u0161\u00ed rady a tipy, zaj\u00edmav\u00e9 \u010dl\u00e1nky, videa a jedine\u010dn\u00e9 report\u00e1\u017ee ze sv\u011bta cyklistiky.\",\"potentialAction\":[{\"@type\":\"SearchAction\",\"target\":{\"@type\":\"EntryPoint\",\"urlTemplate\":\"https:\/\/www.welovecycling.com\/cs\/?s={search_term_string}\"},\"query-input\":{\"@type\":\"PropertyValueSpecification\",\"valueRequired\":true,\"valueName\":\"search_term_string\"}}],\"inLanguage\":\"cs\"},{\"@type\":\"Person\",\"@id\":\"https:\/\/www.welovecycling.com\/cs\/#\/schema\/person\/d9eeb0a378f3a7e4a6d12d2b536b04b8\",\"name\":\"radekmalina\",\"image\":{\"@type\":\"ImageObject\",\"inLanguage\":\"cs\",\"@id\":\"https:\/\/www.welovecycling.com\/cs\/#\/schema\/person\/image\/\",\"url\":\"https:\/\/secure.gravatar.com\/avatar\/66994b632cb8c39a46b9f54afa3ae07201b678d32a54275b6f1c9ffec356bfc0?s=96&d=mm&r=g\",\"contentUrl\":\"https:\/\/secure.gravatar.com\/avatar\/66994b632cb8c39a46b9f54afa3ae07201b678d32a54275b6f1c9ffec356bfc0?s=96&d=mm&r=g\",\"caption\":\"radekmalina\"},\"url\":\"https:\/\/www.welovecycling.com\/cs\/author\/radekmalina\/\"}]}<\/script>\n<!-- \/ Yoast SEO Premium plugin. -->","yoast_head_json":{"title":"Tadej kontra Jonas. Sledujeme nejv\u011bt\u0161\u00ed rivalitu v historii cyklistiky? | \u0160koda We Love Cycling - \u010cesk\u00e1 republika","description":"Jeden odv\u00e1\u017en\u00fd soud posledn\u00ed dobou u\u017e zazn\u00edv\u00e1. A toti\u017e \u017ee v\u00a0osob\u011b slovinsk\u00e9ho mistra sv\u011bta sledujeme nejlep\u0161\u00edho cyklistu v\u0161ech dob (sorry, Eddy). A te\u010f je tu nov\u00e1 \u00favaha, kter\u00e1 si op\u011bt do \u00fast bere historii na\u0161eho sportu a sna\u017e\u00ed se ji p\u0159episovat. Tadej Poga\u010dar vs. Jonas Vingegaard aneb jsme sv\u011bdky nejv\u011bt\u0161\u00ed rivality v\u00a0d\u011bjin\u00e1ch?","robots":{"index":"index","follow":"follow","max-snippet":"max-snippet:-1","max-image-preview":"max-image-preview:large","max-video-preview":"max-video-preview:-1"},"canonical":"https:\/\/www.welovecycling.com\/cs\/2025\/06\/19\/tadej-kontra-jonas-sledujeme-nejvetsi-rivalitu-v-historii-cyklistiky\/","og_locale":"cs_CZ","og_type":"article","og_title":"Tadej kontra Jonas. Sledujeme nejv\u011bt\u0161\u00ed rivalitu v historii cyklistiky?","og_description":"Jeden odv\u00e1\u017en\u00fd soud posledn\u00ed dobou u\u017e zazn\u00edv\u00e1. A toti\u017e \u017ee v\u00a0osob\u011b slovinsk\u00e9ho mistra sv\u011bta sledujeme nejlep\u0161\u00edho cyklistu v\u0161ech dob (sorry, Eddy). A te\u010f je tu nov\u00e1 \u00favaha, kter\u00e1 si op\u011bt do \u00fast bere historii na\u0161eho sportu a sna\u017e\u00ed se ji p\u0159episovat. Tadej Poga\u010dar vs. Jonas Vingegaard aneb jsme sv\u011bdky nejv\u011bt\u0161\u00ed rivality v\u00a0d\u011bjin\u00e1ch?","og_url":"https:\/\/www.welovecycling.com\/cs\/2025\/06\/19\/tadej-kontra-jonas-sledujeme-nejvetsi-rivalitu-v-historii-cyklistiky\/","og_site_name":"\u0160koda We Love Cycling - \u010cesk\u00e1 republika","article_published_time":"2025-06-19T04:38:07+00:00","og_image":[{"width":1000,"height":666,"url":"https:\/\/d2p6e6u75xmxt8.cloudfront.net\/13\/2024\/07\/best-off-charly-lopez-tadej-jonas.webp","type":"image\/webp"}],"author":"radekmalina","twitter_card":"summary_large_image","twitter_misc":{"Written by":"We Love Cycling","Est. reading time":"5"},"schema":{"@context":"https:\/\/schema.org","@graph":[{"@type":"WebPage","@id":"https:\/\/www.welovecycling.com\/cs\/2025\/06\/19\/tadej-kontra-jonas-sledujeme-nejvetsi-rivalitu-v-historii-cyklistiky\/","url":"https:\/\/www.welovecycling.com\/cs\/2025\/06\/19\/tadej-kontra-jonas-sledujeme-nejvetsi-rivalitu-v-historii-cyklistiky\/","name":"Tadej kontra Jonas. Sledujeme nejv\u011bt\u0161\u00ed rivalitu v historii cyklistiky? | \u0160koda We Love Cycling - \u010cesk\u00e1 republika","isPartOf":{"@id":"https:\/\/www.welovecycling.com\/cs\/#website"},"primaryImageOfPage":{"@id":"https:\/\/www.welovecycling.com\/cs\/2025\/06\/19\/tadej-kontra-jonas-sledujeme-nejvetsi-rivalitu-v-historii-cyklistiky\/#primaryimage"},"image":{"@id":"https:\/\/www.welovecycling.com\/cs\/2025\/06\/19\/tadej-kontra-jonas-sledujeme-nejvetsi-rivalitu-v-historii-cyklistiky\/#primaryimage"},"thumbnailUrl":"https:\/\/d2p6e6u75xmxt8.cloudfront.net\/13\/2024\/07\/best-off-charly-lopez-tadej-jonas.webp","datePublished":"2025-06-19T04:38:07+00:00","author":{"@id":"https:\/\/www.welovecycling.com\/cs\/#\/schema\/person\/d9eeb0a378f3a7e4a6d12d2b536b04b8"},"description":"Jeden odv\u00e1\u017en\u00fd soud posledn\u00ed dobou u\u017e zazn\u00edv\u00e1. A toti\u017e \u017ee v\u00a0osob\u011b slovinsk\u00e9ho mistra sv\u011bta sledujeme nejlep\u0161\u00edho cyklistu v\u0161ech dob (sorry, Eddy). A te\u010f je tu nov\u00e1 \u00favaha, kter\u00e1 si op\u011bt do \u00fast bere historii na\u0161eho sportu a sna\u017e\u00ed se ji p\u0159episovat. Tadej Poga\u010dar vs. Jonas Vingegaard aneb jsme sv\u011bdky nejv\u011bt\u0161\u00ed rivality v\u00a0d\u011bjin\u00e1ch?","inLanguage":"cs","potentialAction":[{"@type":"ReadAction","target":["https:\/\/www.welovecycling.com\/cs\/2025\/06\/19\/tadej-kontra-jonas-sledujeme-nejvetsi-rivalitu-v-historii-cyklistiky\/"]}]},{"@type":"ImageObject","inLanguage":"cs","@id":"https:\/\/www.welovecycling.com\/cs\/2025\/06\/19\/tadej-kontra-jonas-sledujeme-nejvetsi-rivalitu-v-historii-cyklistiky\/#primaryimage","url":"https:\/\/d2p6e6u75xmxt8.cloudfront.net\/13\/2024\/07\/best-off-charly-lopez-tadej-jonas.webp","contentUrl":"https:\/\/d2p6e6u75xmxt8.cloudfront.net\/13\/2024\/07\/best-off-charly-lopez-tadej-jonas.webp","width":1000,"height":666,"caption":"Tadej Poga\u010dar a Jonas Vingegaard"},{"@type":"WebSite","@id":"https:\/\/www.welovecycling.com\/cs\/#website","url":"https:\/\/www.welovecycling.com\/cs\/","name":"\u0160koda We Love Cycling - \u010cesk\u00e1 republika","description":"WeLoveCycling.cz je online magaz\u00edn, kter\u00fd v\u00e1m pravideln\u011b p\u0159in\u00e1\u0161\u00ed rady a tipy, zaj\u00edmav\u00e9 \u010dl\u00e1nky, videa a jedine\u010dn\u00e9 report\u00e1\u017ee ze sv\u011bta cyklistiky.","potentialAction":[{"@type":"SearchAction","target":{"@type":"EntryPoint","urlTemplate":"https:\/\/www.welovecycling.com\/cs\/?s={search_term_string}"},"query-input":{"@type":"PropertyValueSpecification","valueRequired":true,"valueName":"search_term_string"}}],"inLanguage":"cs"},{"@type":"Person","@id":"https:\/\/www.welovecycling.com\/cs\/#\/schema\/person\/d9eeb0a378f3a7e4a6d12d2b536b04b8","name":"radekmalina","image":{"@type":"ImageObject","inLanguage":"cs","@id":"https:\/\/www.welovecycling.com\/cs\/#\/schema\/person\/image\/","url":"https:\/\/secure.gravatar.com\/avatar\/66994b632cb8c39a46b9f54afa3ae07201b678d32a54275b6f1c9ffec356bfc0?s=96&d=mm&r=g","contentUrl":"https:\/\/secure.gravatar.com\/avatar\/66994b632cb8c39a46b9f54afa3ae07201b678d32a54275b6f1c9ffec356bfc0?s=96&d=mm&r=g","caption":"radekmalina"},"url":"https:\/\/www.welovecycling.com\/cs\/author\/radekmalina\/"}]}},"_links":{"self":[{"href":"https:\/\/www.welovecycling.com\/cs\/wp-json\/wp\/v2\/posts\/29527","targetHints":{"allow":["GET"]}}],"collection":[{"href":"https:\/\/www.welovecycling.com\/cs\/wp-json\/wp\/v2\/posts"}],"about":[{"href":"https:\/\/www.welovecycling.com\/cs\/wp-json\/wp\/v2\/types\/post"}],"author":[{"embeddable":true,"href":"https:\/\/www.welovecycling.com\/cs\/wp-json\/wp\/v2\/users\/138"}],"replies":[{"embeddable":true,"href":"https:\/\/www.welovecycling.com\/cs\/wp-json\/wp\/v2\/comments?post=29527"}],"version-history":[{"count":2,"href":"https:\/\/www.welovecycling.com\/cs\/wp-json\/wp\/v2\/posts\/29527\/revisions"}],"predecessor-version":[{"id":29529,"href":"https:\/\/www.welovecycling.com\/cs\/wp-json\/wp\/v2\/posts\/29527\/revisions\/29529"}],"wp:featuredmedia":[{"embeddable":true,"href":"https:\/\/www.welovecycling.com\/cs\/wp-json\/wp\/v2\/media\/26531"}],"wp:attachment":[{"href":"https:\/\/www.welovecycling.com\/cs\/wp-json\/wp\/v2\/media?parent=29527"}],"wp:term":[{"taxonomy":"category","embeddable":true,"href":"https:\/\/www.welovecycling.com\/cs\/wp-json\/wp\/v2\/categories?post=29527"},{"taxonomy":"post_tag","embeddable":true,"href":"https:\/\/www.welovecycling.com\/cs\/wp-json\/wp\/v2\/tags?post=29527"},{"taxonomy":"global-categories","embeddable":true,"href":"https:\/\/www.welovecycling.com\/cs\/wp-json\/wp\/v2\/global-categories?post=29527"}],"curies":[{"name":"wp","href":"https:\/\/api.w.org\/{rel}","templated":true}]}}