{"id":29513,"date":"2025-06-19T16:00:29","date_gmt":"2025-06-19T14:00:29","guid":{"rendered":"https:\/\/www.welovecycling.com\/cs\/?p=29513"},"modified":"2025-06-19T06:18:53","modified_gmt":"2025-06-19T04:18:53","slug":"je-mi-55-a-porad-slapu","status":"publish","type":"post","link":"https:\/\/www.welovecycling.com\/cs\/2025\/06\/19\/je-mi-55-a-porad-slapu\/","title":{"rendered":"Je mi 55 a po\u0159\u00e1d \u0161lapu!"},"content":{"rendered":"<p><strong>Krajkov\u00e9 kalhotky vykukuj\u00edc\u00ed zpod kank\u00e1nov\u00e9 sukn\u011b, neodolateln\u00fd \u00fasm\u011bv, v\u00a0pozad\u00ed Eiffelovka a k\u00a0tomu v\u0161emu kolo Favoritka. Nebo druh\u00e1 sle\u010dna-cyklistka. T\u00e9 je \u017elut\u00fd dres na hrudn\u00edku a\u017e p\u0159\u00edli\u0161 t\u011bsn\u00fd, suk\u00fdnka v\u00a0barv\u00e1ch vrcha\u0159sk\u00e9ho dresu a znovu podpis Patrik Saudek 25. Pro\u010d? Proto\u017ee tady se op\u011bt jede na v\u00edt\u011bzstv\u00ed.<\/strong><\/p>\n<p><span style=\"font-weight: 400;\">Dvakr\u00e1t po sob\u011b byl fanpoint na S\u00fdko\u0159ici vyhl\u00e1\u0161en t\u00edm nejlep\u0161\u00edm ze v\u0161ech, kter\u00e9 se b\u011bhem nejv\u011bt\u0161\u00edho amat\u00e9rsk\u00e9ho z\u00e1vodu L\u2019Etape Czech Republic by Tour de France organizuj\u00ed. Loni pov\u011bstn\u00e9 stoup\u00e1n\u00ed z trasy vypadlo a p\u0159i leto\u0161n\u00edm jeho n\u00e1vratu do hry se m\u00edstn\u00ed rozhodli vymyslet zas cosi extra.<\/span><\/p>\n<p><span style=\"font-weight: 400;\">A tak do k\u0159ivokl\u00e1tsk\u00fdch les\u016f vpluje t\u0159et\u00ed \u010dervnovou sobotu duch Francie, jak ho do sv\u00fdch obraz\u016f zachytil pan mal\u00ed\u0159 Patrik Saudek. Na zak\u00e1zku vytvo\u0159il t\u0159i obrazy, do kter\u00fdch sv\u00fdm rukopisem vepsal sv\u00e9 nejobl\u00edben\u011bj\u0161\u00ed t\u00e9ma \u2013 \u017eenu v kombinaci s t\u00edm, o co tady p\u016fjde \u2013 kola.<\/span><\/p>\n<p><span style=\"font-weight: 400;\">\u201eProto\u017ee ono to jde docela hezky dohromady, ne? Saudek nemus\u00ed b\u00fdt jen \u017eensk\u00e1, ale n\u011bco, co m\u00e1 n\u00e1pad,\u201c vysv\u011btloval autor v chystan\u00e9m fanpointu u <a href=\"https:\/\/www.welovecycling.com\/cs\/2024\/05\/22\/wlc-cz-kavarny-1-od-maringotky-v-sedle-kola-za-prezidentem-zlatymi-uhori-a-krasnymi-srnci\/\">kav\u00e1rny Khulna<\/a>, kdy\u017e otev\u00edral vernis\u00e1\u017e sv\u00fdch obraz\u016f. \u201eKdy\u017e jede holka na kole a trochu se j\u00ed zvednou \u0161aty, m\u016f\u017ee to b\u00fdt lascivn\u00ed, ale sou\u010dasn\u011b p\u016fvabn\u00e9. Sna\u017e\u00edm se b\u00fdt sp\u00ed\u0161 ne\u017e erotick\u00fd, tak hrav\u00fd, aby to nebylo jen kolo, ale je\u0161t\u011b n\u011bco trochu v\u00edc.\u201c<\/span><\/p>\n<h2><b>Je pro experta na \u017eenskou kr\u00e1su slo\u017eit\u00e9 vykreslit kolo?<\/b><\/h2>\n<p><span style=\"font-weight: 400;\">J\u00e1 nejsem klasick\u00fd mal\u00ed\u0159, kter\u00fd by namaloval peloton, jak\u00fd ve skute\u010dnosti je, tu d\u0159inu, maka\u010dku. J\u00e1 do toho mus\u00edm zas\u00e1hnout sv\u00fdm pocitem, a ten pocit nen\u00ed z\u00e1vodit, sp\u00ed\u0161 se z\u00fa\u010dastnit.<\/span><\/p>\n<h2><b>Kde se Patrik Saudek \u201e\u00fa\u010dastn\u00ed\u201c?<\/b><\/h2>\n<p><span style=\"font-weight: 400;\">M\u00e1m kolo skl\u00e1da\u010dku, kter\u00e9 je p\u0159\u00ed\u0161ern\u011b drah\u00e9, ale taky n\u00e1dhern\u00e9, proto\u017ee ho slo\u017e\u00edm do sv\u00e9 p\u011btistovky Fiatu a vyr\u00e1\u017e\u00edm s p\u0159\u00edtelkyn\u00ed. M\u00e1m r\u00e1d Pod\u011bbrady, ale jezd\u00edme i v Praze po n\u00e1plavce. Bu\u010fto sm\u011brem do ZOO nebo do Bran\u00edka, ob\u011bma sm\u011bry jsou sympatick\u00e9 zast\u00e1vky. J\u00e1 se ale hlavn\u011b koch\u00e1m, jedu pomalu a d\u00edv\u00e1m se do krajiny.<\/span><\/p>\n<figure id=\"attachment_29522\" aria-describedby=\"caption-attachment-29522\" style=\"width: 1600px\" class=\"wp-caption alignnone\"><a href=\"https:\/\/d2p6e6u75xmxt8.cloudfront.net\/13\/2025\/06\/khulna-s3.webp\"><img loading=\"lazy\" decoding=\"async\" class=\"size-full wp-image-29522\" src=\"https:\/\/d2p6e6u75xmxt8.cloudfront.net\/13\/2025\/06\/khulna-s3.webp\" alt=\"\" width=\"1600\" height=\"1066\" srcset=\"https:\/\/d2p6e6u75xmxt8.cloudfront.net\/13\/2025\/06\/khulna-s3.webp 1600w, https:\/\/d2p6e6u75xmxt8.cloudfront.net\/13\/2025\/06\/khulna-s3-300x200.webp 300w, https:\/\/d2p6e6u75xmxt8.cloudfront.net\/13\/2025\/06\/khulna-s3-1024x682.webp 1024w, https:\/\/d2p6e6u75xmxt8.cloudfront.net\/13\/2025\/06\/khulna-s3-768x512.webp 768w, https:\/\/d2p6e6u75xmxt8.cloudfront.net\/13\/2025\/06\/khulna-s3-1536x1023.webp 1536w, https:\/\/d2p6e6u75xmxt8.cloudfront.net\/13\/2025\/06\/khulna-s3-400x267.webp 400w, https:\/\/d2p6e6u75xmxt8.cloudfront.net\/13\/2025\/06\/khulna-s3-272x182.webp 272w\" sizes=\"auto, (max-width: 1600px) 100vw, 1600px\" \/><\/a><figcaption id=\"caption-attachment-29522\" class=\"wp-caption-text\">Patrik Saudek<\/figcaption><\/figure>\n<h2><b>Tak do v\u00e1s vstupuje inspirace?<\/b><\/h2>\n<p><span style=\"font-weight: 400;\">Stoprocentn\u011b. Na kole je toho toti\u017e vid\u011bt spousty, nejen krajina, ale pr\u00e1v\u011b i lidi, jinde hezk\u00e9 pozad\u00ed. Kdy\u017e potom maluju, tak si vzpomenu, co bylo fajn. Anebo na Tour de France se r\u00e1d d\u00edv\u00e1m, t\u0159eba i bez zvuku. Velk\u00e1 televize je jako velk\u00fd obraz. Takov\u00e9 v\u00fdkony, co oni tam p\u0159edv\u00e1d\u011bj\u00ed, se m\u011b samoz\u0159ejm\u011b v\u016fbec net\u00fdkaj\u00ed, ale obdivuju, kdy\u017e je n\u011bkdo takto dobr\u00fd. Vlastn\u011b v \u010demkoliv. Velk\u00e1 poklona lidem, kte\u0159\u00ed se n\u011b\u010demu oddali a v\u011bnuj\u00ed.<\/span><\/p>\n<h2><b>Tro\u0161ku jsme od ot\u00e1zky utekli \u2013 jak t\u011b\u017ek\u00e9 je \u201etrefit\u201c kolo?<\/b><\/h2>\n<p><span style=\"font-weight: 400;\">Malov\u00e1n\u00ed rozhodn\u011b nen\u00ed nic t\u011b\u017ek\u00e9ho, a kdy\u017e je, tak to nechci vystavovat, proto\u017ee je v tom vid\u011bt ta n\u00e1maha. Je to \u00faporn\u00e9, jako by um\u011blec bez talentu cht\u011bl namalovat obraz. \u010casto se m\u011b ptaj\u00ed, jak dlouho jsem n\u011bco maloval. To je u malov\u00e1n\u00ed \u00fapln\u011b zbyte\u010dn\u00fd dotaz, proto\u017ee to nen\u00ed \u010dasovka. Pokud obr\u00e1zek ud\u011bl\u00e1te za p\u011bt minut, m\u016f\u017ee b\u00fdt lep\u0161\u00ed, ne\u017e kdy\u017e ho malujete p\u011bt let.<\/span><\/p>\n<h2><b>Tak\u017ee kdy\u017e to ve v\u00e1s je, tak obraz vy\u0161vihnete za p\u011bt minut?<\/b><\/h2>\n<p><span style=\"font-weight: 400;\">To rozhodn\u011b ne, ale skicu, kter\u00e1 se d\u00e1 pou\u017e\u00edt nebo dokonce prodat, m\u016f\u017eu za p\u011bt minut vyprdnout.<\/span><\/p>\n<h2><b>Zma\u010dk\u00e1te taky n\u011bkdy ten pap\u00edr?<\/b><\/h2>\n<p><span style=\"font-weight: 400;\">V\u011bt\u0161inou. U pl\u00e1ten, kdy\u017e se mi n\u011bco nevyvede, jsem zvykl\u00fd ud\u011blat z toho abstrakci. Tam je mi pl\u00e1tna l\u00edto. Ale u \u010dtvrtek? Tam se to holt stane. V\u011bt\u0161inou se ale sna\u017e\u00edm dr\u017eet cesty, a kdy\u017e tou cestou jdete, tak to v\u011bt\u0161inou vyjde a obr\u00e1zek vznikne. Zku\u0161enosti se hod\u00ed. Kdy\u017e mi bylo dvacet, kazil jsem mnohem v\u00edc ne\u017e dnes.<\/span><\/p>\n<h2><b>Co je va\u0161e technika?<\/b><\/h2>\n<p><span style=\"font-weight: 400;\">Maluju r\u016f\u010do, tradi\u010dn\u00ed cestou. Nemaluju do po\u010d\u00edta\u010de, co\u017e se mi naprosto vyplatilo, proto\u017ee technika se neust\u00e1le zdokonaluje a v\u011bci n\u011bkter\u00fdch mal\u00ed\u0159\u016f, kte\u0159\u00ed se nau\u010dili d\u011blat grafiku do po\u010d\u00edta\u010de, vypadaj\u00ed dnes u\u017e zastarale. A jsou z toho ne\u0161\u0165astn\u00ed. Pro m\u011b je nejlep\u0161\u00ed vz\u00edt b\u00edlou \u010dtvrtku nebo b\u00edl\u00e9 pl\u00e1tno a n\u011bco na tom za\u010d\u00edt d\u011blat. V m\u00e9m p\u0159\u00edpad\u011b pomoc\u00ed tu\u017eky, pera, tu\u0161e, pak \u0161t\u011btce olejovou nebo akrylovou barvou. N\u011bkdy s lep\u0161\u00edm a jindy s hor\u0161\u00edm v\u00fdsledkem.<\/span><\/p>\n<p><a href=\"https:\/\/d2p6e6u75xmxt8.cloudfront.net\/13\/2025\/06\/khulna-s1.webp\"><img loading=\"lazy\" decoding=\"async\" class=\"alignnone size-full wp-image-29520\" src=\"https:\/\/d2p6e6u75xmxt8.cloudfront.net\/13\/2025\/06\/khulna-s1.webp\" alt=\"\" width=\"1600\" height=\"1066\" srcset=\"https:\/\/d2p6e6u75xmxt8.cloudfront.net\/13\/2025\/06\/khulna-s1.webp 1600w, https:\/\/d2p6e6u75xmxt8.cloudfront.net\/13\/2025\/06\/khulna-s1-300x200.webp 300w, https:\/\/d2p6e6u75xmxt8.cloudfront.net\/13\/2025\/06\/khulna-s1-1024x682.webp 1024w, https:\/\/d2p6e6u75xmxt8.cloudfront.net\/13\/2025\/06\/khulna-s1-768x512.webp 768w, https:\/\/d2p6e6u75xmxt8.cloudfront.net\/13\/2025\/06\/khulna-s1-1536x1023.webp 1536w, https:\/\/d2p6e6u75xmxt8.cloudfront.net\/13\/2025\/06\/khulna-s1-400x267.webp 400w, https:\/\/d2p6e6u75xmxt8.cloudfront.net\/13\/2025\/06\/khulna-s1-272x182.webp 272w\" sizes=\"auto, (max-width: 1600px) 100vw, 1600px\" \/><\/a><\/p>\n<h2><b>To maj\u00ed cyklist\u00e9 taky tak.<\/b><\/h2>\n<p><span style=\"font-weight: 400;\">Ale ti zhruba do t\u0159iceti let. Zato mn\u011b je p\u011btapades\u00e1t a po\u0159\u00e1d \u0161lapu.<\/span><\/p>\n<h2><b>A u\u017e<a href=\"https:\/\/www.patriksaudek.cz\/\"> Patrik Saudek<\/a> obl\u00e9kl \u017elut\u00fd dres?<\/b><\/h2>\n<p><span style=\"font-weight: 400;\">P\u00e1r u\u017e jo, ale nen\u00ed to na mn\u011b vid\u011bt. \u00dasp\u011bch mal\u00ed\u0159e je n\u011bco jin\u00e9ho ne\u017e v\u011bnec na krku. Jsou to lidi, kte\u0159\u00ed v\u00e1m pokl\u00e1daj\u00ed dotazy na malov\u00e1n\u00ed. \u00dasp\u011bch je, kdy\u017e jste trochu zabezpe\u010den\u00ed, ne moc, ale trochu jo. \u017de nem\u00e1te probl\u00e9m zaplatit slo\u017eenky.<\/span><\/p>\n<h2><b>Jako m\u011bli impresionist\u00e9.<\/b><\/h2>\n<p><span style=\"font-weight: 400;\">To byla jin\u00e1 doba, ale takov\u00ed kluci a holky jsou dodnes. Jsou v\u00fdborn\u011b talentovan\u00ed, ale nemaj\u00ed to \u0161t\u011bst\u00ed a neum\u00ed se prosadit. U\u017e t\u00e1ta mi \u0159\u00edkal, \u017ee nesta\u010d\u00ed jen n\u011bco dob\u0159e d\u011blat, ale mus\u00edte k tomu b\u00fdt i osobnost. A\u00a0 prodat, co um\u00edte. A to je t\u011b\u017ek\u00e9. Ti francouz\u0161t\u00ed kluci v p\u0159edminul\u00e9m stolet\u00ed m\u011bli sm\u016flu, \u017ee neexistoval internet a nev\u011bd\u011blo se o nich.<\/span><\/p>\n<h2><b>Kdy se k\u00a0v\u00e1m dostav\u00ed inspirace? V\u00a0pond\u011bl\u00ed v\u00a0osm r\u00e1no stoupnete ke stojanu a u\u017e to jede?<\/b><\/h2>\n<p><span style=\"font-weight: 400;\">To hodn\u011b z\u00e1le\u017e\u00ed na p\u0159edchoz\u00edm ve\u010deru. J\u00e1 vlastn\u011b nem\u00e1m, co jin\u00e9ho bych d\u011blal, tak\u017ee kdy\u017e si zrovna ned\u011bl\u00e1m dovolenou nebo nejezd\u00edm po vernis\u00e1\u017e\u00edch, tak prost\u011b den za\u010dnu t\u00edm, \u017ee maluju, a skon\u010d\u00edm n\u011bkdy odpoledne, k ve\u010deru. Takto to jde den po dni a \u017eivot tak hezky ut\u00edk\u00e1.<\/span><\/p>\n","protected":false},"excerpt":{"rendered":"<p>Krajkov\u00e9 kalhotky vykukuj\u00edc\u00ed zpod kank\u00e1nov\u00e9 sukn\u011b, neodolateln\u00fd \u00fasm\u011bv, v\u00a0pozad\u00ed Eiffelovka a k\u00a0tomu v\u0161emu kolo Favoritka. Nebo druh\u00e1 sle\u010dna-cyklistka. T\u00e9 je [&hellip;]<\/p>\n","protected":false},"author":138,"featured_media":29521,"comment_status":"open","ping_status":"open","sticky":false,"template":"","format":"standard","meta":{"footnotes":""},"categories":[4018],"tags":[126,4222,1805,1091,4126,4221,459],"global-categories":[411],"class_list":["post-29513","post","type-post","status-publish","format-standard","has-post-thumbnail","hentry","category-cyklistika","tag-cyklistika","tag-fan-point","tag-khulna-kaava","tag-letape","tag-letape-czech-republic-2025","tag-patrik-saudek","tag-umeni","global-categories-cycling"],"yoast_head":"<!-- This site is optimized with the Yoast SEO Premium plugin v25.3 (Yoast SEO v25.9) - https:\/\/yoast.com\/wordpress\/plugins\/seo\/ -->\n<title>Je mi 55 a po\u0159\u00e1d \u0161lapu! | \u0160koda We Love Cycling - \u010cesk\u00e1 republika<\/title>\n<meta name=\"description\" content=\"Krajkov\u00e9 kalhotky vykukuj\u00edc\u00ed zpod kank\u00e1nov\u00e9 sukn\u011b, neodolateln\u00fd \u00fasm\u011bv, v\u00a0pozad\u00ed Eiffelovka a k\u00a0tomu v\u0161emu kolo Favoritka. Nebo druh\u00e1 sle\u010dna-cyklistka. T\u00e9 je \u017elut\u00fd dres na hrudn\u00edku a\u017e p\u0159\u00edli\u0161 t\u011bsn\u00fd, suk\u00fdnka v\u00a0barv\u00e1ch vrcha\u0159sk\u00e9ho dresu a znovu podpis Patrik Saudek 25. Pro\u010d? Proto\u017ee tady se op\u011bt jede na v\u00edt\u011bzstv\u00ed.\" \/>\n<meta name=\"robots\" content=\"index, follow, max-snippet:-1, max-image-preview:large, max-video-preview:-1\" \/>\n<link rel=\"canonical\" href=\"https:\/\/www.welovecycling.com\/cs\/2025\/06\/19\/je-mi-55-a-porad-slapu\/\" \/>\n<meta property=\"og:locale\" content=\"cs_CZ\" \/>\n<meta property=\"og:type\" content=\"article\" \/>\n<meta property=\"og:title\" content=\"Je mi 55 a po\u0159\u00e1d \u0161lapu!\" \/>\n<meta property=\"og:description\" content=\"Krajkov\u00e9 kalhotky vykukuj\u00edc\u00ed zpod kank\u00e1nov\u00e9 sukn\u011b, neodolateln\u00fd \u00fasm\u011bv, v\u00a0pozad\u00ed Eiffelovka a k\u00a0tomu v\u0161emu kolo Favoritka. Nebo druh\u00e1 sle\u010dna-cyklistka. T\u00e9 je \u017elut\u00fd dres na hrudn\u00edku a\u017e p\u0159\u00edli\u0161 t\u011bsn\u00fd, suk\u00fdnka v\u00a0barv\u00e1ch vrcha\u0159sk\u00e9ho dresu a znovu podpis Patrik Saudek 25. Pro\u010d? Proto\u017ee tady se op\u011bt jede na v\u00edt\u011bzstv\u00ed.\" \/>\n<meta property=\"og:url\" content=\"https:\/\/www.welovecycling.com\/cs\/2025\/06\/19\/je-mi-55-a-porad-slapu\/\" \/>\n<meta property=\"og:site_name\" content=\"\u0160koda We Love Cycling - \u010cesk\u00e1 republika\" \/>\n<meta property=\"article:published_time\" content=\"2025-06-19T14:00:29+00:00\" \/>\n<meta property=\"og:image\" content=\"https:\/\/d2p6e6u75xmxt8.cloudfront.net\/13\/2025\/06\/khulna-S2.webp\" \/>\n\t<meta property=\"og:image:width\" content=\"1600\" \/>\n\t<meta property=\"og:image:height\" content=\"1066\" \/>\n\t<meta property=\"og:image:type\" content=\"image\/webp\" \/>\n<meta name=\"author\" content=\"radekmalina\" \/>\n<meta name=\"twitter:card\" content=\"summary_large_image\" \/>\n<meta name=\"twitter:label1\" content=\"Written by\" \/>\n\t<meta name=\"twitter:data1\" content=\"We Love Cycling\" \/>\n\t<meta name=\"twitter:label2\" content=\"Est. reading time\" \/>\n\t<meta name=\"twitter:data2\" content=\"5\" \/>\n<script type=\"application\/ld+json\" class=\"yoast-schema-graph\">{\"@context\":\"https:\/\/schema.org\",\"@graph\":[{\"@type\":\"WebPage\",\"@id\":\"https:\/\/www.welovecycling.com\/cs\/2025\/06\/19\/je-mi-55-a-porad-slapu\/\",\"url\":\"https:\/\/www.welovecycling.com\/cs\/2025\/06\/19\/je-mi-55-a-porad-slapu\/\",\"name\":\"Je mi 55 a po\u0159\u00e1d \u0161lapu! | \u0160koda We Love Cycling - \u010cesk\u00e1 republika\",\"isPartOf\":{\"@id\":\"https:\/\/www.welovecycling.com\/cs\/#website\"},\"primaryImageOfPage\":{\"@id\":\"https:\/\/www.welovecycling.com\/cs\/2025\/06\/19\/je-mi-55-a-porad-slapu\/#primaryimage\"},\"image\":{\"@id\":\"https:\/\/www.welovecycling.com\/cs\/2025\/06\/19\/je-mi-55-a-porad-slapu\/#primaryimage\"},\"thumbnailUrl\":\"https:\/\/d2p6e6u75xmxt8.cloudfront.net\/13\/2025\/06\/khulna-S2.webp\",\"datePublished\":\"2025-06-19T14:00:29+00:00\",\"author\":{\"@id\":\"https:\/\/www.welovecycling.com\/cs\/#\/schema\/person\/d9eeb0a378f3a7e4a6d12d2b536b04b8\"},\"description\":\"Krajkov\u00e9 kalhotky vykukuj\u00edc\u00ed zpod kank\u00e1nov\u00e9 sukn\u011b, neodolateln\u00fd \u00fasm\u011bv, v\u00a0pozad\u00ed Eiffelovka a k\u00a0tomu v\u0161emu kolo Favoritka. Nebo druh\u00e1 sle\u010dna-cyklistka. T\u00e9 je \u017elut\u00fd dres na hrudn\u00edku a\u017e p\u0159\u00edli\u0161 t\u011bsn\u00fd, suk\u00fdnka v\u00a0barv\u00e1ch vrcha\u0159sk\u00e9ho dresu a znovu podpis Patrik Saudek 25. Pro\u010d? Proto\u017ee tady se op\u011bt jede na v\u00edt\u011bzstv\u00ed.\",\"inLanguage\":\"cs\",\"potentialAction\":[{\"@type\":\"ReadAction\",\"target\":[\"https:\/\/www.welovecycling.com\/cs\/2025\/06\/19\/je-mi-55-a-porad-slapu\/\"]}]},{\"@type\":\"ImageObject\",\"inLanguage\":\"cs\",\"@id\":\"https:\/\/www.welovecycling.com\/cs\/2025\/06\/19\/je-mi-55-a-porad-slapu\/#primaryimage\",\"url\":\"https:\/\/d2p6e6u75xmxt8.cloudfront.net\/13\/2025\/06\/khulna-S2.webp\",\"contentUrl\":\"https:\/\/d2p6e6u75xmxt8.cloudfront.net\/13\/2025\/06\/khulna-S2.webp\",\"width\":1600,\"height\":1066,\"caption\":\"Patrik Saudek a jeho obrazy pro fan point Khulna Kaava p\u0159i L'Etape 2025.\"},{\"@type\":\"WebSite\",\"@id\":\"https:\/\/www.welovecycling.com\/cs\/#website\",\"url\":\"https:\/\/www.welovecycling.com\/cs\/\",\"name\":\"\u0160koda We Love Cycling - \u010cesk\u00e1 republika\",\"description\":\"WeLoveCycling.cz je online magaz\u00edn, kter\u00fd v\u00e1m pravideln\u011b p\u0159in\u00e1\u0161\u00ed rady a tipy, zaj\u00edmav\u00e9 \u010dl\u00e1nky, videa a jedine\u010dn\u00e9 report\u00e1\u017ee ze sv\u011bta cyklistiky.\",\"potentialAction\":[{\"@type\":\"SearchAction\",\"target\":{\"@type\":\"EntryPoint\",\"urlTemplate\":\"https:\/\/www.welovecycling.com\/cs\/?s={search_term_string}\"},\"query-input\":{\"@type\":\"PropertyValueSpecification\",\"valueRequired\":true,\"valueName\":\"search_term_string\"}}],\"inLanguage\":\"cs\"},{\"@type\":\"Person\",\"@id\":\"https:\/\/www.welovecycling.com\/cs\/#\/schema\/person\/d9eeb0a378f3a7e4a6d12d2b536b04b8\",\"name\":\"radekmalina\",\"image\":{\"@type\":\"ImageObject\",\"inLanguage\":\"cs\",\"@id\":\"https:\/\/www.welovecycling.com\/cs\/#\/schema\/person\/image\/\",\"url\":\"https:\/\/secure.gravatar.com\/avatar\/66994b632cb8c39a46b9f54afa3ae07201b678d32a54275b6f1c9ffec356bfc0?s=96&d=mm&r=g\",\"contentUrl\":\"https:\/\/secure.gravatar.com\/avatar\/66994b632cb8c39a46b9f54afa3ae07201b678d32a54275b6f1c9ffec356bfc0?s=96&d=mm&r=g\",\"caption\":\"radekmalina\"},\"url\":\"https:\/\/www.welovecycling.com\/cs\/author\/radekmalina\/\"}]}<\/script>\n<!-- \/ Yoast SEO Premium plugin. -->","yoast_head_json":{"title":"Je mi 55 a po\u0159\u00e1d \u0161lapu! | \u0160koda We Love Cycling - \u010cesk\u00e1 republika","description":"Krajkov\u00e9 kalhotky vykukuj\u00edc\u00ed zpod kank\u00e1nov\u00e9 sukn\u011b, neodolateln\u00fd \u00fasm\u011bv, v\u00a0pozad\u00ed Eiffelovka a k\u00a0tomu v\u0161emu kolo Favoritka. Nebo druh\u00e1 sle\u010dna-cyklistka. T\u00e9 je \u017elut\u00fd dres na hrudn\u00edku a\u017e p\u0159\u00edli\u0161 t\u011bsn\u00fd, suk\u00fdnka v\u00a0barv\u00e1ch vrcha\u0159sk\u00e9ho dresu a znovu podpis Patrik Saudek 25. Pro\u010d? Proto\u017ee tady se op\u011bt jede na v\u00edt\u011bzstv\u00ed.","robots":{"index":"index","follow":"follow","max-snippet":"max-snippet:-1","max-image-preview":"max-image-preview:large","max-video-preview":"max-video-preview:-1"},"canonical":"https:\/\/www.welovecycling.com\/cs\/2025\/06\/19\/je-mi-55-a-porad-slapu\/","og_locale":"cs_CZ","og_type":"article","og_title":"Je mi 55 a po\u0159\u00e1d \u0161lapu!","og_description":"Krajkov\u00e9 kalhotky vykukuj\u00edc\u00ed zpod kank\u00e1nov\u00e9 sukn\u011b, neodolateln\u00fd \u00fasm\u011bv, v\u00a0pozad\u00ed Eiffelovka a k\u00a0tomu v\u0161emu kolo Favoritka. Nebo druh\u00e1 sle\u010dna-cyklistka. T\u00e9 je \u017elut\u00fd dres na hrudn\u00edku a\u017e p\u0159\u00edli\u0161 t\u011bsn\u00fd, suk\u00fdnka v\u00a0barv\u00e1ch vrcha\u0159sk\u00e9ho dresu a znovu podpis Patrik Saudek 25. Pro\u010d? Proto\u017ee tady se op\u011bt jede na v\u00edt\u011bzstv\u00ed.","og_url":"https:\/\/www.welovecycling.com\/cs\/2025\/06\/19\/je-mi-55-a-porad-slapu\/","og_site_name":"\u0160koda We Love Cycling - \u010cesk\u00e1 republika","article_published_time":"2025-06-19T14:00:29+00:00","og_image":[{"width":1600,"height":1066,"url":"https:\/\/d2p6e6u75xmxt8.cloudfront.net\/13\/2025\/06\/khulna-S2.webp","type":"image\/webp"}],"author":"radekmalina","twitter_card":"summary_large_image","twitter_misc":{"Written by":"We Love Cycling","Est. reading time":"5"},"schema":{"@context":"https:\/\/schema.org","@graph":[{"@type":"WebPage","@id":"https:\/\/www.welovecycling.com\/cs\/2025\/06\/19\/je-mi-55-a-porad-slapu\/","url":"https:\/\/www.welovecycling.com\/cs\/2025\/06\/19\/je-mi-55-a-porad-slapu\/","name":"Je mi 55 a po\u0159\u00e1d \u0161lapu! | \u0160koda We Love Cycling - \u010cesk\u00e1 republika","isPartOf":{"@id":"https:\/\/www.welovecycling.com\/cs\/#website"},"primaryImageOfPage":{"@id":"https:\/\/www.welovecycling.com\/cs\/2025\/06\/19\/je-mi-55-a-porad-slapu\/#primaryimage"},"image":{"@id":"https:\/\/www.welovecycling.com\/cs\/2025\/06\/19\/je-mi-55-a-porad-slapu\/#primaryimage"},"thumbnailUrl":"https:\/\/d2p6e6u75xmxt8.cloudfront.net\/13\/2025\/06\/khulna-S2.webp","datePublished":"2025-06-19T14:00:29+00:00","author":{"@id":"https:\/\/www.welovecycling.com\/cs\/#\/schema\/person\/d9eeb0a378f3a7e4a6d12d2b536b04b8"},"description":"Krajkov\u00e9 kalhotky vykukuj\u00edc\u00ed zpod kank\u00e1nov\u00e9 sukn\u011b, neodolateln\u00fd \u00fasm\u011bv, v\u00a0pozad\u00ed Eiffelovka a k\u00a0tomu v\u0161emu kolo Favoritka. Nebo druh\u00e1 sle\u010dna-cyklistka. T\u00e9 je \u017elut\u00fd dres na hrudn\u00edku a\u017e p\u0159\u00edli\u0161 t\u011bsn\u00fd, suk\u00fdnka v\u00a0barv\u00e1ch vrcha\u0159sk\u00e9ho dresu a znovu podpis Patrik Saudek 25. Pro\u010d? Proto\u017ee tady se op\u011bt jede na v\u00edt\u011bzstv\u00ed.","inLanguage":"cs","potentialAction":[{"@type":"ReadAction","target":["https:\/\/www.welovecycling.com\/cs\/2025\/06\/19\/je-mi-55-a-porad-slapu\/"]}]},{"@type":"ImageObject","inLanguage":"cs","@id":"https:\/\/www.welovecycling.com\/cs\/2025\/06\/19\/je-mi-55-a-porad-slapu\/#primaryimage","url":"https:\/\/d2p6e6u75xmxt8.cloudfront.net\/13\/2025\/06\/khulna-S2.webp","contentUrl":"https:\/\/d2p6e6u75xmxt8.cloudfront.net\/13\/2025\/06\/khulna-S2.webp","width":1600,"height":1066,"caption":"Patrik Saudek a jeho obrazy pro fan point Khulna Kaava p\u0159i L'Etape 2025."},{"@type":"WebSite","@id":"https:\/\/www.welovecycling.com\/cs\/#website","url":"https:\/\/www.welovecycling.com\/cs\/","name":"\u0160koda We Love Cycling - \u010cesk\u00e1 republika","description":"WeLoveCycling.cz je online magaz\u00edn, kter\u00fd v\u00e1m pravideln\u011b p\u0159in\u00e1\u0161\u00ed rady a tipy, zaj\u00edmav\u00e9 \u010dl\u00e1nky, videa a jedine\u010dn\u00e9 report\u00e1\u017ee ze sv\u011bta cyklistiky.","potentialAction":[{"@type":"SearchAction","target":{"@type":"EntryPoint","urlTemplate":"https:\/\/www.welovecycling.com\/cs\/?s={search_term_string}"},"query-input":{"@type":"PropertyValueSpecification","valueRequired":true,"valueName":"search_term_string"}}],"inLanguage":"cs"},{"@type":"Person","@id":"https:\/\/www.welovecycling.com\/cs\/#\/schema\/person\/d9eeb0a378f3a7e4a6d12d2b536b04b8","name":"radekmalina","image":{"@type":"ImageObject","inLanguage":"cs","@id":"https:\/\/www.welovecycling.com\/cs\/#\/schema\/person\/image\/","url":"https:\/\/secure.gravatar.com\/avatar\/66994b632cb8c39a46b9f54afa3ae07201b678d32a54275b6f1c9ffec356bfc0?s=96&d=mm&r=g","contentUrl":"https:\/\/secure.gravatar.com\/avatar\/66994b632cb8c39a46b9f54afa3ae07201b678d32a54275b6f1c9ffec356bfc0?s=96&d=mm&r=g","caption":"radekmalina"},"url":"https:\/\/www.welovecycling.com\/cs\/author\/radekmalina\/"}]}},"_links":{"self":[{"href":"https:\/\/www.welovecycling.com\/cs\/wp-json\/wp\/v2\/posts\/29513","targetHints":{"allow":["GET"]}}],"collection":[{"href":"https:\/\/www.welovecycling.com\/cs\/wp-json\/wp\/v2\/posts"}],"about":[{"href":"https:\/\/www.welovecycling.com\/cs\/wp-json\/wp\/v2\/types\/post"}],"author":[{"embeddable":true,"href":"https:\/\/www.welovecycling.com\/cs\/wp-json\/wp\/v2\/users\/138"}],"replies":[{"embeddable":true,"href":"https:\/\/www.welovecycling.com\/cs\/wp-json\/wp\/v2\/comments?post=29513"}],"version-history":[{"count":3,"href":"https:\/\/www.welovecycling.com\/cs\/wp-json\/wp\/v2\/posts\/29513\/revisions"}],"predecessor-version":[{"id":29526,"href":"https:\/\/www.welovecycling.com\/cs\/wp-json\/wp\/v2\/posts\/29513\/revisions\/29526"}],"wp:featuredmedia":[{"embeddable":true,"href":"https:\/\/www.welovecycling.com\/cs\/wp-json\/wp\/v2\/media\/29521"}],"wp:attachment":[{"href":"https:\/\/www.welovecycling.com\/cs\/wp-json\/wp\/v2\/media?parent=29513"}],"wp:term":[{"taxonomy":"category","embeddable":true,"href":"https:\/\/www.welovecycling.com\/cs\/wp-json\/wp\/v2\/categories?post=29513"},{"taxonomy":"post_tag","embeddable":true,"href":"https:\/\/www.welovecycling.com\/cs\/wp-json\/wp\/v2\/tags?post=29513"},{"taxonomy":"global-categories","embeddable":true,"href":"https:\/\/www.welovecycling.com\/cs\/wp-json\/wp\/v2\/global-categories?post=29513"}],"curies":[{"name":"wp","href":"https:\/\/api.w.org\/{rel}","templated":true}]}}