{"id":29494,"date":"2025-06-17T04:00:41","date_gmt":"2025-06-17T02:00:41","guid":{"rendered":"https:\/\/www.welovecycling.com\/cs\/?p=29494"},"modified":"2025-06-16T14:36:26","modified_gmt":"2025-06-16T12:36:26","slug":"tenis-si-nemohl-dovolit-a-tak-ziskal-slavu-na-kole-byt-jeho-vzor-v-sedle-zemrel","status":"publish","type":"post","link":"https:\/\/www.welovecycling.com\/cs\/2025\/06\/17\/tenis-si-nemohl-dovolit-a-tak-ziskal-slavu-na-kole-byt-jeho-vzor-v-sedle-zemrel\/","title":{"rendered":"Tenis si nemohl dovolit, a tak z\u00edskal sl\u00e1vu na kole, by\u0165 jeho vzor v sedle zem\u0159el"},"content":{"rendered":"<p><strong>Pan 525 slav\u00ed osmdes\u00e1t\u00e9 narozeniny! Eddy Merckx, jeden z nejlep\u0161\u00edch cyklist\u016f v\u0161ech dob, b\u011bhem kari\u00e9ry p\u011btkr\u00e1t vyhr\u00e1l Tour de France, stejn\u00e9 mno\u017estv\u00ed triumf\u016f m\u00e1 z Gira, jednou dominoval Vuelt\u011b. V sezon\u011b 1974 z\u00edskal Triple Crown, tedy prvenstv\u00ed na Giru, Tour a mistrovstv\u00ed sv\u011bta.<\/strong><\/p>\n<p>Jel p\u0159ibli\u017en\u011b 1800 z\u00e1vod\u016f. Osmdes\u00e1tkr\u00e1t slavil triumf je\u0161t\u011b coby amat\u00e9r, dal\u0161\u00edch 445 v\u00edt\u011bzstv\u00ed p\u0159idal jako profesion\u00e1l. Neuv\u011b\u0159iteln\u00fdch 525 v\u00fdher u\u017e z\u0159ejm\u011b z\u016fstane ve sv\u011bt\u011b cyklistiky nav\u017edy rekordem. V\u011bd\u011bli jste, \u017ee koketoval s tenisem? Nebo \u017ee jeho vnuk m\u00e1 zlato z olympi\u00e1dy?<\/p>\n<h2><strong>Poch\u00e1z\u00ed z rodiny zelin\u00e1\u0159e<\/strong><\/h2>\n<p>Eddy Merckx se narodil 17. \u010dervna 1945 v Meensel-Kiezegemu, provincii nach\u00e1zej\u00edc\u00ed se v belgick\u00e9m regionu Flandry. Jeho rodi\u010de provozovali zelin\u00e1\u0159stv\u00ed. &#8222;Byl jsem vychov\u00e1v\u00e1n ve skromn\u00e9m a prost\u00e9m prost\u0159ed\u00ed. J\u00e1 i moji sourozenci jsme si v\u00e1\u017eili vytrvalosti a tvrd\u00e9 pr\u00e1ce rodi\u010d\u016f. Mysl\u00edm, \u017ee pr\u00e1v\u011b po otci jsem zd\u011bdil vlastnosti, kter\u00e9 jsem pak tolik vyu\u017eil na kole. Ostatn\u011b pr\u00e1v\u011b t\u00e1ta m\u011b v\u017edy povzbuzoval na moj\u00ed cest\u011b,&#8220; prohl\u00e1sil Eddy Merckx. Jako mlad\u00fd kluk m\u011bl uhlov\u011b \u010dern\u00e9 vlasy, kotlety, tmav\u00e9 o\u010di. Vzhledem p\u0159ipom\u00ednal Elvise Presleyho. Z\u00e1hy v\u0161ak z\u00edskal jin\u00fd p\u0159\u00edvlastek&#8230;<\/p>\n<h2><strong>Eddy Merckx byl \u0161patn\u00fd \u017e\u00e1k<\/strong><\/h2>\n<p>Eddy Merckx nebyl zrovna milovn\u00edkem studijn\u00edch povinnost\u00ed. Bavil ho t\u011blocvik. Fotbal, tenis \u010di basketbal hr\u00e1l v r\u00e1mci \u0161koln\u00edch hodin s nad\u0161en\u00edm. Miloval i plav\u00e1n\u00ed. Zato dal\u0161\u00ed u\u010divo byl probl\u00e9m. M\u011bl velmi \u0161patn\u00e9 zn\u00e1mky. A proto u\u017e jako mlad\u00fd ze \u0161koly ode\u0161el. Otec ho podpo\u0159il v z\u00e1m\u011bru st\u00e1t se profesion\u00e1ln\u00edm cyklistou. &#8222;Byla to moje v\u00e1\u0161e\u0148. Tenis jsme si nemohli dovolit, \u0161lo o velmi drah\u00fd sport. Proto jsem cht\u011bl b\u00fdt cyklistou,&#8220; vysv\u011btlil.<\/p>\n<h2><strong>Jeho vzor zem\u0159el<\/strong><\/h2>\n<p>Kdy\u017e mu bylo osm, rodi\u010de koupili silni\u010dn\u00ed kolo z druh\u00e9 ruky, aby mohl jezdit po m\u011bst\u011b. Jeho vzorem byl Stan Ockers, kter\u00fd byl mistrem sv\u011bta (1955), vyhr\u00e1l t\u0159i etapy na Tour de France, dvakr\u00e1t ovl\u00e1dl bodovac\u00ed sout\u011b\u017e na Grande Boucle, dvakr\u00e1t byl druh\u00fd v celkov\u00e9m po\u0159ad\u00ed bitvy o maillot jaune a vyhr\u00e1l klasiku Lutych-Bastogne-Lutych. Ve v\u011bku \u0161estat\u0159iceti let v\u0161ak zem\u0159el na n\u00e1sledky zran\u011bn\u00ed, kter\u00e1 utrp\u011bl p\u0159i karambolu p\u0159i dr\u00e1hov\u00e9m z\u00e1vod\u011b v Antverp\u00e1ch. Po p\u00e1du m\u011bl zlomeninu \u010dty\u0159 \u017eeber a frakturu lebky. Upadl do k\u00f3matu a dva dny po nehod\u011b zem\u0159el.<\/p>\n<h2><strong>Jak se zrodil kanibal?<\/strong><\/h2>\n<p>V pouh\u00fdch \u0161estn\u00e1cti letech absolvoval prvn\u00ed z\u00e1vod. O t\u0159i roky pozd\u011bji, v l\u00e9t\u011b 1964, slavil prvn\u00ed v\u00edt\u011bzstv\u00ed, kdy\u017e ovl\u00e1dl mistrovstv\u00ed sv\u011bta amat\u00e9r\u016f. V dal\u0161\u00ed sezon\u011b u\u017e dostal profesion\u00e1ln\u00ed kontrakt v t\u00fdmu Solo-Superia. Pozd\u011bji pro\u0161el sestavami Peugeot-BP-Michelin, Faema, Molteni, Fiat a C&amp;A. Sb\u00edral jedno v\u00edt\u011bzstv\u00ed za druh\u00fdm.<\/p>\n<figure id=\"attachment_17990\" aria-describedby=\"caption-attachment-17990\" style=\"width: 1200px\" class=\"wp-caption alignnone\"><a href=\"https:\/\/d2p6e6u75xmxt8.cloudfront.net\/13\/2022\/07\/WLC-merckx-jidlo-profimedia-0593111767.webp\"><img loading=\"lazy\" decoding=\"async\" class=\"size-full wp-image-17990\" src=\"https:\/\/d2p6e6u75xmxt8.cloudfront.net\/13\/2022\/07\/WLC-merckx-jidlo-profimedia-0593111767.webp\" alt=\"Vz\u00e1cn\u00e1 chvilka. Eddy Merckx si po etap\u011b dop\u0159\u00e1v\u00e1 jablko. Foto: profimedia (3x)\" width=\"1200\" height=\"1800\" srcset=\"https:\/\/d2p6e6u75xmxt8.cloudfront.net\/13\/2022\/07\/WLC-merckx-jidlo-profimedia-0593111767.webp 1200w, https:\/\/d2p6e6u75xmxt8.cloudfront.net\/13\/2022\/07\/WLC-merckx-jidlo-profimedia-0593111767-200x300.webp 200w, https:\/\/d2p6e6u75xmxt8.cloudfront.net\/13\/2022\/07\/WLC-merckx-jidlo-profimedia-0593111767-683x1024.webp 683w, https:\/\/d2p6e6u75xmxt8.cloudfront.net\/13\/2022\/07\/WLC-merckx-jidlo-profimedia-0593111767-768x1152.webp 768w, https:\/\/d2p6e6u75xmxt8.cloudfront.net\/13\/2022\/07\/WLC-merckx-jidlo-profimedia-0593111767-1024x1536.webp 1024w\" sizes=\"auto, (max-width: 1200px) 100vw, 1200px\" \/><\/a><figcaption id=\"caption-attachment-17990\" class=\"wp-caption-text\"><em>Vz\u00e1cn\u00e1 chvilka. Eddy Merckx si na Tour de France dop\u0159\u00e1v\u00e1 jablko. Foto: profimedia\u00a0<\/em><\/figcaption><\/figure>\n<p>Celkem jich nashrom\u00e1\u017edil 525! I proto z\u00edskal p\u0159ezd\u00edvku Kanibal. V roce 1970 byl vyhl\u00e1\u0161en nejlep\u0161\u00edm sportovcem sv\u011bta. &#8222;P\u0159ezd\u00edvku vymyslela dcera m\u00e9ho b\u00fdval\u00e9ho kolegy Christian Raymonda, kter\u00fd j\u00ed vysv\u011btloval, \u017ee j\u00e1 chci v\u0161echna v\u00edt\u011bzstv\u00ed pro sebe a nikomu nedop\u0159eju v\u00edt\u011bzstv\u00ed. Ona \u0159ekla, \u017ee jsem kanibal. A bylo to,&#8220; prozradil Eddy Merckx.<\/p>\n<h2><strong>Vytvo\u0159il i rekord v hodinovce<\/strong><\/h2>\n<p>B\u011bhem sezony 1972, kdy vyhr\u00e1l pot\u0159et\u00ed v kari\u00e9\u0159e italsk\u00e9 Giro a n\u00e1sledn\u011b po\u010dtvrt\u00e9 v \u017eivot\u011b Tour de France, vytvo\u0159il rekord v hodinovce. Na velodromu v Mexico City ujel za \u0161edes\u00e1t minut 49,431 kilometr\u016f!<\/p>\n<div class=\"shortcode-ys-post-pinup\"><article class=\"loop-simple post-29472 post type-post status-publish format-standard has-post-thumbnail hentry category-letape-czech-republic tag-andy-schleck tag-bradley-wiggins tag-cyklistika tag-letape-czech-republic-2025 tag-petr-cech tag-silnicni-cyklistika global-categories-cycling\" data-postid=\"29472\" role=\"article\" data-post-id=\"29472\" data-word-count=\"915\" data-headline-length=\"80\" data-category=\"L&#039;Etape Czech Republic\" data-global-category=\"Cycling\" data-author=\"Radek Malina\" data-published=\"2025-06-12T17:00:37+02:00\" data-published-day=\"Thursday\">\n    <div class=\"entry-thumbnail article-thumbnail\" content=\"https:\/\/d2p6e6u75xmxt8.cloudfront.net\/13\/2025\/04\/3C9A2088-150x150.webp\"><a href=\"https:\/\/www.welovecycling.com\/cs\/2025\/06\/12\/petr-cech-exkluzivne-s-jidlem-jsem-se-jednou-spalil-uz-si-necham-poradit\/\" class=\"image-holder\" target=\"_self\"><img decoding=\"async\" loading=\"lazy\" class=\"\" src=\"https:\/\/d2p6e6u75xmxt8.cloudfront.net\/13\/2025\/04\/3C9A2088-1024x683.webp\" srcset=\"https:\/\/d2p6e6u75xmxt8.cloudfront.net\/13\/2025\/04\/3C9A2088-scaled.webp 2560w, https:\/\/d2p6e6u75xmxt8.cloudfront.net\/13\/2025\/04\/3C9A2088-300x200.webp 300w, https:\/\/d2p6e6u75xmxt8.cloudfront.net\/13\/2025\/04\/3C9A2088-1024x683.webp 1024w, https:\/\/d2p6e6u75xmxt8.cloudfront.net\/13\/2025\/04\/3C9A2088-768x512.webp 768w, https:\/\/d2p6e6u75xmxt8.cloudfront.net\/13\/2025\/04\/3C9A2088-1536x1024.webp 1536w, https:\/\/d2p6e6u75xmxt8.cloudfront.net\/13\/2025\/04\/3C9A2088-2048x1365.webp 2048w, https:\/\/d2p6e6u75xmxt8.cloudfront.net\/13\/2025\/04\/3C9A2088-1920x1280.webp 1920w, https:\/\/d2p6e6u75xmxt8.cloudfront.net\/13\/2025\/04\/3C9A2088-400x267.webp 400w, https:\/\/d2p6e6u75xmxt8.cloudfront.net\/13\/2025\/04\/3C9A2088-272x182.webp 272w, https:\/\/d2p6e6u75xmxt8.cloudfront.net\/13\/2025\/04\/3C9A2088-1920x1280.webp 1920w\" width=\"1024\" height=\"683\" sizes=\"auto, (min-width: 1200px) 300px, (min-width: 768px) 25vw, 100vw\" alt=\"petr-cech-exkluzivne-s-jidlem-jsem-se-jednou-spalil-uz-si-necham-poradit\"\/><\/a><\/div>    <div class=\"entry-meta\">\n        <a class=\"label label-secondary post-category\" href=\"https:\/\/www.welovecycling.com\/cs\/category\/letape-czech-republic\/\" title=\"L'Etape Czech Republic\">L'Etape Czech Republic<\/a>\n    <\/div>\n    <div class=\"entry-details\">\n        <a href=\"https:\/\/www.welovecycling.com\/cs\/2025\/06\/12\/petr-cech-exkluzivne-s-jidlem-jsem-se-jednou-spalil-uz-si-necham-poradit\/\" class='entry-title-wrapper'>\n            <h3 class=\"entry-title\"><span>Petr \u010cech exkluzivn\u011b: S j\u00eddlem jsem se jednou sp\u00e1lil, u\u017e si nech\u00e1m poradit<\/span><\/h3>\n        <\/a>\n    <\/div>\n    <\/article>\n<\/div>\n<h2><strong>Kari\u00e9ru ukon\u010dil ve dvaat\u0159iceti<\/strong><\/h2>\n<p>Posledn\u00ed velk\u00fd z\u00e1vod jel a\u017e v dalek\u00e9 Venezuele. V San Cristobalu na podzim 1977 absolvoval mistrovstv\u00ed sv\u011bta, kde dojel t\u0159iat\u0159ic\u00e1t\u00fd. &#8222;Jsem u\u017e p\u0159\u00edli\u0161 unaven\u00fd v\u011b\u010dn\u00fdm z\u00e1vodn\u00edm koloto\u010dem. O dva roky d\u0159\u00edve jsem absolvoval 195 z\u00e1vodn\u00edch dn\u016f,&#8220; ozn\u00e1mil pot\u00e9, co se mu nepoda\u0159ilo vybojovat lep\u0161\u00ed v\u00fdsledek. &#8222;Musel jsem po\u0159\u00e1d z\u00e1vodit, abych vyd\u011blal pen\u00edze. Dnes se cyklist\u00e9 soust\u0159ed\u00ed na p\u00e1r z\u00e1vod\u016f. Za na\u0161ich dob jste museli po\u0159\u00e1d jezdit, abyste m\u011bli finance. Je spr\u00e1vn\u00e9, kdy\u017e jsou dnes cyklist\u00e9 placen\u00ed stejn\u011b jako fotbalist\u00e9. Je to nejt\u011b\u017e\u0161\u00ed sport na sv\u011bt\u011b,&#8220; tvrd\u00ed Eddy Merckx.<\/p>\n<h2><strong>Vyr\u00e1b\u011bl kola Eddy Merckx a d\u011blal bafu\u0148\u00e1\u0159e<\/strong><\/h2>\n<p>Jako profesion\u00e1l jezdil t\u0159in\u00e1ct sezon. Do sportovn\u00edho d\u016fchodu ode\u0161el u\u017e ve dvaat\u0159iceti letech. rozhodl se pro v\u00fdrobu kol, kter\u00e1 ponesou jm\u00e9no Merckx. &#8222;Jde o synonymum osobitosti, jednoduchosti a odli\u0161nosti,&#8220; usm\u00e1l se p\u0159i p\u0159edstaven\u00ed prvn\u00edch stroj\u016f, kter\u00e9 se vyr\u00e1b\u00ed dosud. Pod\u00edlel se i na mnoha dal\u0161\u00edch cyklistick\u00fdch projektech. Byl \u0161\u00e9fem n\u00e1rodn\u00edho t\u00fdmu Belgie v letech 1986 a\u017e 1996, p\u016fsobil jako \u0161\u00e9f z\u00e1vodu Kolem Flander a byl spoluvlastn\u00edkem z\u00e1vodu Kolem Kataru.<\/p>\n<figure id=\"attachment_18904\" aria-describedby=\"caption-attachment-18904\" style=\"width: 1328px\" class=\"wp-caption alignnone\"><a href=\"https:\/\/d2p6e6u75xmxt8.cloudfront.net\/13\/2022\/10\/Eddy-Merckx-profimedia-0017445958.webp\"><img loading=\"lazy\" decoding=\"async\" class=\"size-full wp-image-18904\" src=\"https:\/\/d2p6e6u75xmxt8.cloudfront.net\/13\/2022\/10\/Eddy-Merckx-profimedia-0017445958.webp\" alt=\"Eddy Merckx\" width=\"1328\" height=\"1800\" srcset=\"https:\/\/d2p6e6u75xmxt8.cloudfront.net\/13\/2022\/10\/Eddy-Merckx-profimedia-0017445958.webp 1328w, https:\/\/d2p6e6u75xmxt8.cloudfront.net\/13\/2022\/10\/Eddy-Merckx-profimedia-0017445958-221x300.webp 221w, https:\/\/d2p6e6u75xmxt8.cloudfront.net\/13\/2022\/10\/Eddy-Merckx-profimedia-0017445958-755x1024.webp 755w, https:\/\/d2p6e6u75xmxt8.cloudfront.net\/13\/2022\/10\/Eddy-Merckx-profimedia-0017445958-768x1041.webp 768w, https:\/\/d2p6e6u75xmxt8.cloudfront.net\/13\/2022\/10\/Eddy-Merckx-profimedia-0017445958-1133x1536.webp 1133w\" sizes=\"auto, (max-width: 1328px) 100vw, 1328px\" \/><\/a><figcaption id=\"caption-attachment-18904\" class=\"wp-caption-text\"><em>Eddy Merckx po nehod\u011b v roce 1969, kdy m\u00e1lem p\u0159i\u0161el o \u017eivot: &#8222;U\u017e nikdy jsem pak nejezdil jako d\u0159\u00edve.&#8220; Foto: profimedia (2x)<\/em><\/figcaption><\/figure>\n<h2><strong>Syn napodobil otce<\/strong><\/h2>\n<p>Eddy Merckx m\u011bl s man\u017eelkou Claudine dceru Sabrinu a syna Axela. Ten se rovn\u011b\u017e zamiloval do cyklistiky. \u0160estkr\u00e1t se stal nejlep\u0161\u00edm belgick\u00fdm cyklistou na Tour de France, kterou jel dev\u011btkr\u00e1t. Na Giru vybojoval etapov\u00e9 prvenstv\u00ed. Z\u00edskal bronzovou olympijskou medaili v hromadn\u00e9m z\u00e1vod\u011b na hr\u00e1ch v At\u00e9n\u00e1ch 2004. Kdy\u017e v roce 2007 ukon\u010dil kari\u00e9ru, stal se sportovn\u00edm \u0159editelem americk\u00e9ho t\u00fdmu Hagens Berman Axeon.<\/p>\n<h2><strong>Vnuk m\u00e1 zlato z olympi\u00e1dy<\/strong><\/h2>\n<p>Dcera Sabrina se provdala za argentinsk\u00e9ho tenistu Eduarda Massoa. Jejich syn Luca Masso, vnuk Eddyho Merckxe, je pozemn\u00ed hokejista a na olympijsk\u00fdch hr\u00e1ch v Riu 2016 v dresu Argentiny z\u00edskal zlatou medaili.<\/p>\n<h2><strong>Dopoval Eddy Merckx, nebo byl ob\u011bt\u00ed spiknut\u00ed?<\/strong><\/h2>\n<p>Na ja\u0159e 1969 byl vylou\u010den z italsk\u00e9ho Gira kv\u016fli pozitivn\u00edmu testu na Amfetaminy. <a href=\"https:\/\/www.welovecycling.com\/cs\/2021\/07\/09\/s-mercxkem-v-tymu-az-po-padu-komunismu-jako-podnikatel\/\">Eddy Merckx<\/a> se zap\u0159\u00edsahal, \u017ee je nevinn\u00fd, ale rozhodnut\u00ed italsk\u00e9 cyklistick\u00e9 federace nezvr\u00e1til. Byl na m\u011bs\u00edc suspendov\u00e1n. Po opakov\u00e1n\u00ed anal\u00fdz Mezin\u00e1rodn\u00ed cyklistick\u00e1 unie sankce v\u016f\u010di belgick\u00e9mu cyklistovi zru\u0161ila a sd\u011blila, \u017ee se mohlo jednat o chybu na stran\u011b organizace, kter\u00e1 vzorky odebrala. N\u00e1sledn\u011b se vyrojily spekulace, \u017ee \u0161lo o spiknut\u00ed ze strany italsk\u00e9 federace, kter\u00e1 cht\u011bla, aby Felice Gimondi vyhr\u00e1l Giro 1969! Dohady o spiknut\u00ed potvrdilo i n\u011bkolik dal\u0161\u00edch startuj\u00edc\u00edch z toho ro\u010dn\u00edku.<\/p>\n","protected":false},"excerpt":{"rendered":"<p>Pan 525 slav\u00ed osmdes\u00e1t\u00e9 narozeniny! Eddy Merckx, jeden z nejlep\u0161\u00edch cyklist\u016f v\u0161ech dob, b\u011bhem kari\u00e9ry p\u011btkr\u00e1t vyhr\u00e1l Tour de France, [&hellip;]<\/p>\n","protected":false},"author":138,"featured_media":9671,"comment_status":"open","ping_status":"open","sticky":false,"template":"","format":"standard","meta":{"footnotes":""},"categories":[10],"tags":[126,310,4217,4218,4216,9,23],"global-categories":[411],"class_list":["post-29494","post","type-post","status-publish","format-standard","has-post-thumbnail","hentry","category-silnicni-cyklistika","tag-cyklistika","tag-eddy-merckx","tag-jubileum","tag-kanibal","tag-narozeniny","tag-silnicni-cyklistika","tag-tour-de-france","global-categories-cycling"],"yoast_head":"<!-- This site is optimized with the Yoast SEO Premium plugin v25.3 (Yoast SEO v25.9) - https:\/\/yoast.com\/wordpress\/plugins\/seo\/ -->\n<title>Tenis si nemohl dovolit, a tak z\u00edskal sl\u00e1vu na kole, by\u0165 jeho vzor v sedle zem\u0159el | \u0160koda We Love Cycling - \u010cesk\u00e1 republika<\/title>\n<meta name=\"description\" content=\"Pan 525 slav\u00ed osmdes\u00e1t\u00e9 narozeniny! Eddy Merckx, jeden z nejlep\u0161\u00edch cyklist\u016f v\u0161ech dob, b\u011bhem kari\u00e9ry p\u011btkr\u00e1t vyhr\u00e1l Tour de France, stejn\u00e9 mno\u017estv\u00ed triumf\u016f m\u00e1 z Gira, jednou dominoval Vuelt\u011b. V sezon\u011b 1974 z\u00edskal Triple Crown, tedy prvenstv\u00ed na Giru, Tour a mistrovstv\u00ed sv\u011bta.\" \/>\n<meta name=\"robots\" content=\"index, follow, max-snippet:-1, max-image-preview:large, max-video-preview:-1\" \/>\n<link rel=\"canonical\" href=\"https:\/\/www.welovecycling.com\/cs\/2025\/06\/17\/tenis-si-nemohl-dovolit-a-tak-ziskal-slavu-na-kole-byt-jeho-vzor-v-sedle-zemrel\/\" \/>\n<meta property=\"og:locale\" content=\"cs_CZ\" \/>\n<meta property=\"og:type\" content=\"article\" \/>\n<meta property=\"og:title\" content=\"Tenis si nemohl dovolit, a tak z\u00edskal sl\u00e1vu na kole, by\u0165 jeho vzor v sedle zem\u0159el\" \/>\n<meta property=\"og:description\" content=\"Pan 525 slav\u00ed osmdes\u00e1t\u00e9 narozeniny! Eddy Merckx, jeden z nejlep\u0161\u00edch cyklist\u016f v\u0161ech dob, b\u011bhem kari\u00e9ry p\u011btkr\u00e1t vyhr\u00e1l Tour de France, stejn\u00e9 mno\u017estv\u00ed triumf\u016f m\u00e1 z Gira, jednou dominoval Vuelt\u011b. V sezon\u011b 1974 z\u00edskal Triple Crown, tedy prvenstv\u00ed na Giru, Tour a mistrovstv\u00ed sv\u011bta.\" \/>\n<meta property=\"og:url\" content=\"https:\/\/www.welovecycling.com\/cs\/2025\/06\/17\/tenis-si-nemohl-dovolit-a-tak-ziskal-slavu-na-kole-byt-jeho-vzor-v-sedle-zemrel\/\" \/>\n<meta property=\"og:site_name\" content=\"\u0160koda We Love Cycling - \u010cesk\u00e1 republika\" \/>\n<meta property=\"article:published_time\" content=\"2025-06-17T02:00:41+00:00\" \/>\n<meta property=\"og:image\" content=\"https:\/\/d2p6e6u75xmxt8.cloudfront.net\/13\/2020\/09\/WLC-merckx-profimedia-0460745643.webp\" \/>\n\t<meta property=\"og:image:width\" content=\"1800\" \/>\n\t<meta property=\"og:image:height\" content=\"1210\" \/>\n\t<meta property=\"og:image:type\" content=\"image\/webp\" \/>\n<meta name=\"author\" content=\"radekmalina\" \/>\n<meta name=\"twitter:card\" content=\"summary_large_image\" \/>\n<meta name=\"twitter:label1\" content=\"Written by\" \/>\n\t<meta name=\"twitter:data1\" content=\"Radek Malina\" \/>\n\t<meta name=\"twitter:label2\" content=\"Est. reading time\" \/>\n\t<meta name=\"twitter:data2\" content=\"6\" \/>\n<script type=\"application\/ld+json\" class=\"yoast-schema-graph\">{\"@context\":\"https:\/\/schema.org\",\"@graph\":[{\"@type\":\"WebPage\",\"@id\":\"https:\/\/www.welovecycling.com\/cs\/2025\/06\/17\/tenis-si-nemohl-dovolit-a-tak-ziskal-slavu-na-kole-byt-jeho-vzor-v-sedle-zemrel\/\",\"url\":\"https:\/\/www.welovecycling.com\/cs\/2025\/06\/17\/tenis-si-nemohl-dovolit-a-tak-ziskal-slavu-na-kole-byt-jeho-vzor-v-sedle-zemrel\/\",\"name\":\"Tenis si nemohl dovolit, a tak z\u00edskal sl\u00e1vu na kole, by\u0165 jeho vzor v sedle zem\u0159el | \u0160koda We Love Cycling - \u010cesk\u00e1 republika\",\"isPartOf\":{\"@id\":\"https:\/\/www.welovecycling.com\/cs\/#website\"},\"primaryImageOfPage\":{\"@id\":\"https:\/\/www.welovecycling.com\/cs\/2025\/06\/17\/tenis-si-nemohl-dovolit-a-tak-ziskal-slavu-na-kole-byt-jeho-vzor-v-sedle-zemrel\/#primaryimage\"},\"image\":{\"@id\":\"https:\/\/www.welovecycling.com\/cs\/2025\/06\/17\/tenis-si-nemohl-dovolit-a-tak-ziskal-slavu-na-kole-byt-jeho-vzor-v-sedle-zemrel\/#primaryimage\"},\"thumbnailUrl\":\"https:\/\/d2p6e6u75xmxt8.cloudfront.net\/13\/2020\/09\/WLC-merckx-profimedia-0460745643.webp\",\"datePublished\":\"2025-06-17T02:00:41+00:00\",\"author\":{\"@id\":\"https:\/\/www.welovecycling.com\/cs\/#\/schema\/person\/d9eeb0a378f3a7e4a6d12d2b536b04b8\"},\"description\":\"Pan 525 slav\u00ed osmdes\u00e1t\u00e9 narozeniny! Eddy Merckx, jeden z nejlep\u0161\u00edch cyklist\u016f v\u0161ech dob, b\u011bhem kari\u00e9ry p\u011btkr\u00e1t vyhr\u00e1l Tour de France, stejn\u00e9 mno\u017estv\u00ed triumf\u016f m\u00e1 z Gira, jednou dominoval Vuelt\u011b. V sezon\u011b 1974 z\u00edskal Triple Crown, tedy prvenstv\u00ed na Giru, Tour a mistrovstv\u00ed sv\u011bta.\",\"inLanguage\":\"cs\",\"potentialAction\":[{\"@type\":\"ReadAction\",\"target\":[\"https:\/\/www.welovecycling.com\/cs\/2025\/06\/17\/tenis-si-nemohl-dovolit-a-tak-ziskal-slavu-na-kole-byt-jeho-vzor-v-sedle-zemrel\/\"]}]},{\"@type\":\"ImageObject\",\"inLanguage\":\"cs\",\"@id\":\"https:\/\/www.welovecycling.com\/cs\/2025\/06\/17\/tenis-si-nemohl-dovolit-a-tak-ziskal-slavu-na-kole-byt-jeho-vzor-v-sedle-zemrel\/#primaryimage\",\"url\":\"https:\/\/d2p6e6u75xmxt8.cloudfront.net\/13\/2020\/09\/WLC-merckx-profimedia-0460745643.webp\",\"contentUrl\":\"https:\/\/d2p6e6u75xmxt8.cloudfront.net\/13\/2020\/09\/WLC-merckx-profimedia-0460745643.webp\",\"width\":1800,\"height\":1210,\"caption\":\"Nejlep\u0161\u00ed cyklista? Eddy Merckx ve \u017elut\u00e9m trikotu l\u00eddra nejslavn\u011bj\u0161\u00edho cyklistick\u00e9ho z\u00e1vodu Tour de France 1970 Foto: profimedia\"},{\"@type\":\"WebSite\",\"@id\":\"https:\/\/www.welovecycling.com\/cs\/#website\",\"url\":\"https:\/\/www.welovecycling.com\/cs\/\",\"name\":\"\u0160koda We Love Cycling - \u010cesk\u00e1 republika\",\"description\":\"WeLoveCycling.cz je online magaz\u00edn, kter\u00fd v\u00e1m pravideln\u011b p\u0159in\u00e1\u0161\u00ed rady a tipy, zaj\u00edmav\u00e9 \u010dl\u00e1nky, videa a jedine\u010dn\u00e9 report\u00e1\u017ee ze sv\u011bta cyklistiky.\",\"potentialAction\":[{\"@type\":\"SearchAction\",\"target\":{\"@type\":\"EntryPoint\",\"urlTemplate\":\"https:\/\/www.welovecycling.com\/cs\/?s={search_term_string}\"},\"query-input\":{\"@type\":\"PropertyValueSpecification\",\"valueRequired\":true,\"valueName\":\"search_term_string\"}}],\"inLanguage\":\"cs\"},{\"@type\":\"Person\",\"@id\":\"https:\/\/www.welovecycling.com\/cs\/#\/schema\/person\/d9eeb0a378f3a7e4a6d12d2b536b04b8\",\"name\":\"radekmalina\",\"image\":{\"@type\":\"ImageObject\",\"inLanguage\":\"cs\",\"@id\":\"https:\/\/www.welovecycling.com\/cs\/#\/schema\/person\/image\/\",\"url\":\"https:\/\/secure.gravatar.com\/avatar\/66994b632cb8c39a46b9f54afa3ae07201b678d32a54275b6f1c9ffec356bfc0?s=96&d=mm&r=g\",\"contentUrl\":\"https:\/\/secure.gravatar.com\/avatar\/66994b632cb8c39a46b9f54afa3ae07201b678d32a54275b6f1c9ffec356bfc0?s=96&d=mm&r=g\",\"caption\":\"radekmalina\"},\"url\":\"https:\/\/www.welovecycling.com\/cs\/author\/radekmalina\/\"}]}<\/script>\n<!-- \/ Yoast SEO Premium plugin. -->","yoast_head_json":{"title":"Tenis si nemohl dovolit, a tak z\u00edskal sl\u00e1vu na kole, by\u0165 jeho vzor v sedle zem\u0159el | \u0160koda We Love Cycling - \u010cesk\u00e1 republika","description":"Pan 525 slav\u00ed osmdes\u00e1t\u00e9 narozeniny! Eddy Merckx, jeden z nejlep\u0161\u00edch cyklist\u016f v\u0161ech dob, b\u011bhem kari\u00e9ry p\u011btkr\u00e1t vyhr\u00e1l Tour de France, stejn\u00e9 mno\u017estv\u00ed triumf\u016f m\u00e1 z Gira, jednou dominoval Vuelt\u011b. V sezon\u011b 1974 z\u00edskal Triple Crown, tedy prvenstv\u00ed na Giru, Tour a mistrovstv\u00ed sv\u011bta.","robots":{"index":"index","follow":"follow","max-snippet":"max-snippet:-1","max-image-preview":"max-image-preview:large","max-video-preview":"max-video-preview:-1"},"canonical":"https:\/\/www.welovecycling.com\/cs\/2025\/06\/17\/tenis-si-nemohl-dovolit-a-tak-ziskal-slavu-na-kole-byt-jeho-vzor-v-sedle-zemrel\/","og_locale":"cs_CZ","og_type":"article","og_title":"Tenis si nemohl dovolit, a tak z\u00edskal sl\u00e1vu na kole, by\u0165 jeho vzor v sedle zem\u0159el","og_description":"Pan 525 slav\u00ed osmdes\u00e1t\u00e9 narozeniny! Eddy Merckx, jeden z nejlep\u0161\u00edch cyklist\u016f v\u0161ech dob, b\u011bhem kari\u00e9ry p\u011btkr\u00e1t vyhr\u00e1l Tour de France, stejn\u00e9 mno\u017estv\u00ed triumf\u016f m\u00e1 z Gira, jednou dominoval Vuelt\u011b. V sezon\u011b 1974 z\u00edskal Triple Crown, tedy prvenstv\u00ed na Giru, Tour a mistrovstv\u00ed sv\u011bta.","og_url":"https:\/\/www.welovecycling.com\/cs\/2025\/06\/17\/tenis-si-nemohl-dovolit-a-tak-ziskal-slavu-na-kole-byt-jeho-vzor-v-sedle-zemrel\/","og_site_name":"\u0160koda We Love Cycling - \u010cesk\u00e1 republika","article_published_time":"2025-06-17T02:00:41+00:00","og_image":[{"width":1800,"height":1210,"url":"https:\/\/d2p6e6u75xmxt8.cloudfront.net\/13\/2020\/09\/WLC-merckx-profimedia-0460745643.webp","type":"image\/webp"}],"author":"radekmalina","twitter_card":"summary_large_image","twitter_misc":{"Written by":"Radek Malina","Est. reading time":"6"},"schema":{"@context":"https:\/\/schema.org","@graph":[{"@type":"WebPage","@id":"https:\/\/www.welovecycling.com\/cs\/2025\/06\/17\/tenis-si-nemohl-dovolit-a-tak-ziskal-slavu-na-kole-byt-jeho-vzor-v-sedle-zemrel\/","url":"https:\/\/www.welovecycling.com\/cs\/2025\/06\/17\/tenis-si-nemohl-dovolit-a-tak-ziskal-slavu-na-kole-byt-jeho-vzor-v-sedle-zemrel\/","name":"Tenis si nemohl dovolit, a tak z\u00edskal sl\u00e1vu na kole, by\u0165 jeho vzor v sedle zem\u0159el | \u0160koda We Love Cycling - \u010cesk\u00e1 republika","isPartOf":{"@id":"https:\/\/www.welovecycling.com\/cs\/#website"},"primaryImageOfPage":{"@id":"https:\/\/www.welovecycling.com\/cs\/2025\/06\/17\/tenis-si-nemohl-dovolit-a-tak-ziskal-slavu-na-kole-byt-jeho-vzor-v-sedle-zemrel\/#primaryimage"},"image":{"@id":"https:\/\/www.welovecycling.com\/cs\/2025\/06\/17\/tenis-si-nemohl-dovolit-a-tak-ziskal-slavu-na-kole-byt-jeho-vzor-v-sedle-zemrel\/#primaryimage"},"thumbnailUrl":"https:\/\/d2p6e6u75xmxt8.cloudfront.net\/13\/2020\/09\/WLC-merckx-profimedia-0460745643.webp","datePublished":"2025-06-17T02:00:41+00:00","author":{"@id":"https:\/\/www.welovecycling.com\/cs\/#\/schema\/person\/d9eeb0a378f3a7e4a6d12d2b536b04b8"},"description":"Pan 525 slav\u00ed osmdes\u00e1t\u00e9 narozeniny! Eddy Merckx, jeden z nejlep\u0161\u00edch cyklist\u016f v\u0161ech dob, b\u011bhem kari\u00e9ry p\u011btkr\u00e1t vyhr\u00e1l Tour de France, stejn\u00e9 mno\u017estv\u00ed triumf\u016f m\u00e1 z Gira, jednou dominoval Vuelt\u011b. V sezon\u011b 1974 z\u00edskal Triple Crown, tedy prvenstv\u00ed na Giru, Tour a mistrovstv\u00ed sv\u011bta.","inLanguage":"cs","potentialAction":[{"@type":"ReadAction","target":["https:\/\/www.welovecycling.com\/cs\/2025\/06\/17\/tenis-si-nemohl-dovolit-a-tak-ziskal-slavu-na-kole-byt-jeho-vzor-v-sedle-zemrel\/"]}]},{"@type":"ImageObject","inLanguage":"cs","@id":"https:\/\/www.welovecycling.com\/cs\/2025\/06\/17\/tenis-si-nemohl-dovolit-a-tak-ziskal-slavu-na-kole-byt-jeho-vzor-v-sedle-zemrel\/#primaryimage","url":"https:\/\/d2p6e6u75xmxt8.cloudfront.net\/13\/2020\/09\/WLC-merckx-profimedia-0460745643.webp","contentUrl":"https:\/\/d2p6e6u75xmxt8.cloudfront.net\/13\/2020\/09\/WLC-merckx-profimedia-0460745643.webp","width":1800,"height":1210,"caption":"Nejlep\u0161\u00ed cyklista? Eddy Merckx ve \u017elut\u00e9m trikotu l\u00eddra nejslavn\u011bj\u0161\u00edho cyklistick\u00e9ho z\u00e1vodu Tour de France 1970 Foto: profimedia"},{"@type":"WebSite","@id":"https:\/\/www.welovecycling.com\/cs\/#website","url":"https:\/\/www.welovecycling.com\/cs\/","name":"\u0160koda We Love Cycling - \u010cesk\u00e1 republika","description":"WeLoveCycling.cz je online magaz\u00edn, kter\u00fd v\u00e1m pravideln\u011b p\u0159in\u00e1\u0161\u00ed rady a tipy, zaj\u00edmav\u00e9 \u010dl\u00e1nky, videa a jedine\u010dn\u00e9 report\u00e1\u017ee ze sv\u011bta cyklistiky.","potentialAction":[{"@type":"SearchAction","target":{"@type":"EntryPoint","urlTemplate":"https:\/\/www.welovecycling.com\/cs\/?s={search_term_string}"},"query-input":{"@type":"PropertyValueSpecification","valueRequired":true,"valueName":"search_term_string"}}],"inLanguage":"cs"},{"@type":"Person","@id":"https:\/\/www.welovecycling.com\/cs\/#\/schema\/person\/d9eeb0a378f3a7e4a6d12d2b536b04b8","name":"radekmalina","image":{"@type":"ImageObject","inLanguage":"cs","@id":"https:\/\/www.welovecycling.com\/cs\/#\/schema\/person\/image\/","url":"https:\/\/secure.gravatar.com\/avatar\/66994b632cb8c39a46b9f54afa3ae07201b678d32a54275b6f1c9ffec356bfc0?s=96&d=mm&r=g","contentUrl":"https:\/\/secure.gravatar.com\/avatar\/66994b632cb8c39a46b9f54afa3ae07201b678d32a54275b6f1c9ffec356bfc0?s=96&d=mm&r=g","caption":"radekmalina"},"url":"https:\/\/www.welovecycling.com\/cs\/author\/radekmalina\/"}]}},"_links":{"self":[{"href":"https:\/\/www.welovecycling.com\/cs\/wp-json\/wp\/v2\/posts\/29494","targetHints":{"allow":["GET"]}}],"collection":[{"href":"https:\/\/www.welovecycling.com\/cs\/wp-json\/wp\/v2\/posts"}],"about":[{"href":"https:\/\/www.welovecycling.com\/cs\/wp-json\/wp\/v2\/types\/post"}],"author":[{"embeddable":true,"href":"https:\/\/www.welovecycling.com\/cs\/wp-json\/wp\/v2\/users\/138"}],"replies":[{"embeddable":true,"href":"https:\/\/www.welovecycling.com\/cs\/wp-json\/wp\/v2\/comments?post=29494"}],"version-history":[{"count":1,"href":"https:\/\/www.welovecycling.com\/cs\/wp-json\/wp\/v2\/posts\/29494\/revisions"}],"predecessor-version":[{"id":29495,"href":"https:\/\/www.welovecycling.com\/cs\/wp-json\/wp\/v2\/posts\/29494\/revisions\/29495"}],"wp:featuredmedia":[{"embeddable":true,"href":"https:\/\/www.welovecycling.com\/cs\/wp-json\/wp\/v2\/media\/9671"}],"wp:attachment":[{"href":"https:\/\/www.welovecycling.com\/cs\/wp-json\/wp\/v2\/media?parent=29494"}],"wp:term":[{"taxonomy":"category","embeddable":true,"href":"https:\/\/www.welovecycling.com\/cs\/wp-json\/wp\/v2\/categories?post=29494"},{"taxonomy":"post_tag","embeddable":true,"href":"https:\/\/www.welovecycling.com\/cs\/wp-json\/wp\/v2\/tags?post=29494"},{"taxonomy":"global-categories","embeddable":true,"href":"https:\/\/www.welovecycling.com\/cs\/wp-json\/wp\/v2\/global-categories?post=29494"}],"curies":[{"name":"wp","href":"https:\/\/api.w.org\/{rel}","templated":true}]}}