{"id":29472,"date":"2025-06-12T17:00:37","date_gmt":"2025-06-12T15:00:37","guid":{"rendered":"https:\/\/www.welovecycling.com\/cs\/?p=29472"},"modified":"2025-06-12T15:00:52","modified_gmt":"2025-06-12T13:00:52","slug":"petr-cech-exkluzivne-s-jidlem-jsem-se-jednou-spalil-uz-si-necham-poradit","status":"publish","type":"post","link":"https:\/\/www.welovecycling.com\/cs\/2025\/06\/12\/petr-cech-exkluzivne-s-jidlem-jsem-se-jednou-spalil-uz-si-necham-poradit\/","title":{"rendered":"Petr \u010cech exkluzivn\u011b: S j\u00eddlem jsem se jednou sp\u00e1lil, u\u017e si nech\u00e1m poradit"},"content":{"rendered":"<p><strong>U\u017e d\u00e1vno s kari\u00e9rou skoncoval. A p\u0159ece se ve t\u0159ia\u010dty\u0159iceti t\u011b\u0161\u00ed na velkou premi\u00e9ru. Petr \u010cech, b\u00fdval\u00fd fotbalov\u00fd brank\u00e1\u0159 a spolumajitel agentury Petr \u010cech Sport, pojede poprv\u00e9 v \u017eivot\u011b z\u00e1vod v silni\u010dn\u00ed cyklistice. Debut v\u00edt\u011bze Ligy mistr\u016f obstar\u00e1 Kopcovit\u00e1 L\u2019Etape Czech Republic by Tour de France, kter\u00e1 se jede 21. \u010dervna.<\/strong><\/p>\n<h2><strong>U\u017e je to t\u00e9m\u011b\u0159 dva m\u011bs\u00edce, co jste absolvoval social ride L\u2019Etape Czech Republic, kde byl po va\u0161em boku v\u00edt\u011bz Tour de France Bradley Wiggins. Jak jste v\u0161e vst\u0159ebal?<\/strong><\/h2>\n<p>\u0160lo o jedine\u010dn\u00fd z\u00e1\u017eitek. Vyj\u00ed\u017e\u010fku absolvovaly i cyklistick\u00e9 legendy. Mo\u017enost b\u00fdt v bal\u00edku po boku sira Wigginse byla v\u00e1\u017en\u011b v\u00fdjime\u010dn\u00e1. Jel i Zden\u011bk \u0160tybar a dal\u0161\u00ed ambasado\u0159i jako Milan Gula\u0161 nebo Tereza Hu\u0159\u00edkov\u00e1, p\u0159ipojil se Ji\u0159\u00ed Je\u017eek. Byl jsem ve skv\u011bl\u00e9 spole\u010dnosti dopln\u011bn\u00e9 o lidi, kte\u0159\u00ed cyklistiku miluj\u00ed. V Anglii nem\u00e1m p\u0159\u00edli\u0161 \u0161anc\u00ed jezdit po silnici, v\u011bt\u0161inou se moje j\u00edzdy odehr\u00e1vaj\u00ed v ter\u00e9nu na horsk\u00e9m kole. P\u0159i prohl\u00eddce \u010d\u00e1sti trasy Kopcovit\u00e9 L\u2019Etape jsem m\u011bl i dostatek prostoru, abych se kochal v\u00fdhledy. Objevil jsem \u010d\u00e1st okol\u00ed Prahy, o n\u011bm\u017e jsem nem\u011bl v\u016fbec pon\u011bt\u00ed, jak je kr\u00e1sn\u00e9. P\u0159i samotn\u00e9m z\u00e1vod\u011b \u010dlov\u011bk nemus\u00ed \u0159e\u0161it auta, proto\u017ee se jede za uzav\u0159en\u00e9ho provozu, co\u017e je samoz\u0159ejm\u011b obrovsk\u00e1 v\u00fdhoda a moc se na to t\u011b\u0161\u00edm.<\/p>\n<h2><strong>Dostanete se na kolo v Anglii pravideln\u011b?<\/strong><\/h2>\n<p>Sna\u017e\u00edm se dvakr\u00e1t v t\u00fddnu. M\u00e1m okruh, jeho\u017e del\u0161\u00ed varianta je \u010dty\u0159icet kilometr\u016f. Krat\u0161\u00ed verze zabere na horsk\u00e9m kole hodinu. V\u017edy z\u00e1le\u017e\u00ed na \u010dasov\u00fdch mo\u017enostech. Kdy\u017e nesp\u011bch\u00e1m a m\u00e1m chu\u0165, jedu del\u0161\u00ed okruh. Posledn\u00ed dva m\u011bs\u00edce jsem jezdil pravideln\u011b, proto\u017ee jsem necht\u011bl nastoupit na start L\u2019Etape 2025 bez tr\u00e9ninku. A hlavn\u011b proto, abych se na trase netr\u00e1pil, ale u\u017eil jsem si den. I proto se vyh\u00fdb\u00e1m silnici. V lokalit\u011b, kde \u017eiju, jsou hlavn\u00ed tahy na silni\u010dce nepou\u017eiteln\u00e9 a okresky jsou d\u011bsiv\u011b \u00fazk\u00e9. Cyklista si tam p\u0159i setk\u00e1n\u00ed s autem p\u0159ipad\u00e1 hodn\u011b st\u00edsn\u011bn\u011b. I proto jsem si tolik u\u017eil \u0161vih s Wigginsem, proto\u017ee jsem se nemusel neust\u00e1le ohl\u00ed\u017eet, jestli jede auto.<\/p>\n<figure id=\"attachment_29002\" aria-describedby=\"caption-attachment-29002\" style=\"width: 1920px\" class=\"wp-caption alignnone\"><a href=\"https:\/\/d2p6e6u75xmxt8.cloudfront.net\/13\/2025\/04\/tk2025_pcs_impresafilms-3-scaled.webp\"><img loading=\"lazy\" decoding=\"async\" class=\"size-extra-large wp-image-29002\" src=\"https:\/\/d2p6e6u75xmxt8.cloudfront.net\/13\/2025\/04\/tk2025_pcs_impresafilms-3-1920x1280.webp\" alt=\"\" width=\"1920\" height=\"1280\" srcset=\"https:\/\/d2p6e6u75xmxt8.cloudfront.net\/13\/2025\/04\/tk2025_pcs_impresafilms-3-1920x1280.webp 1920w, https:\/\/d2p6e6u75xmxt8.cloudfront.net\/13\/2025\/04\/tk2025_pcs_impresafilms-3-300x200.webp 300w, https:\/\/d2p6e6u75xmxt8.cloudfront.net\/13\/2025\/04\/tk2025_pcs_impresafilms-3-1024x683.webp 1024w, https:\/\/d2p6e6u75xmxt8.cloudfront.net\/13\/2025\/04\/tk2025_pcs_impresafilms-3-768x512.webp 768w, https:\/\/d2p6e6u75xmxt8.cloudfront.net\/13\/2025\/04\/tk2025_pcs_impresafilms-3-1536x1024.webp 1536w, https:\/\/d2p6e6u75xmxt8.cloudfront.net\/13\/2025\/04\/tk2025_pcs_impresafilms-3-2048x1365.webp 2048w, https:\/\/d2p6e6u75xmxt8.cloudfront.net\/13\/2025\/04\/tk2025_pcs_impresafilms-3-400x267.webp 400w, https:\/\/d2p6e6u75xmxt8.cloudfront.net\/13\/2025\/04\/tk2025_pcs_impresafilms-3-272x182.webp 272w, https:\/\/d2p6e6u75xmxt8.cloudfront.net\/13\/2025\/04\/tk2025_pcs_impresafilms-3-1920x1280.webp 1920w\" sizes=\"auto, (max-width: 1920px) 100vw, 1920px\" \/><\/a><figcaption id=\"caption-attachment-29002\" class=\"wp-caption-text\"><em>Kl\u00ed\u010dov\u00e9 postavy pro L\u2019Etape Czech Republic by Tour de France. Zden\u011bk \u0160tybar (ambasador \u0160koda We Love Cycling), Petr \u010cech (spolumajitel po\u0159\u00e1daj\u00edc\u00ed agentury) a Bradley Wiggins (v\u00edt\u011bz Tour 2012).<\/em><\/figcaption><\/figure>\n<h2><strong>Jezdil Petr \u010cech na kole u\u017e jako d\u00edt\u011b?<\/strong><\/h2>\n<p>Ano. Ve dvan\u00e1cti letech jsem v rodn\u00e9 Plzni tr\u00e1vil na kole hodn\u011b \u010dasu. Jezdil jsem prakticky po\u0159\u00e1d. Jen\u017ee tehdy provoz a obecn\u011b doprava vypadaly zcela jinak. L\u00e9to jsem tr\u00e1vil u babi\u010dky v ji\u017en\u00edch \u010cech\u00e1ch a na ka\u017ed\u00fd fotbal jezdil s partou kamar\u00e1d\u016f na kole.<\/p>\n<h2><strong>M\u011bl jste velk\u00e9 dilema, kterou trasu Kopcovit\u00e9 L\u2019Etape vybrat?<\/strong><\/h2>\n<p>Od za\u010d\u00e1tku jsem byl odhodlan\u00fd, \u017ee pojedu minim\u00e1ln\u011b St\u0159edn\u00ed trasu. V\u0161ichni m\u011b p\u0159esv\u011bd\u010dovali o startu na Dlouh\u00e9. Rozd\u00edl \u010dty\u0159iceti kilometr\u016f je u\u017e pom\u011brn\u011b velk\u00fd, zejm\u00e9na s ohledem na v\u00fd\u0161kov\u00e9 metry. M\u00e1m i jin\u00e9 sportovn\u00ed aktivity a v kombinaci s j\u00edzdou na biku jsem si jist\u00fd, \u017ee budu p\u0159ipraven\u00fd, abych si u\u017eil z\u00e1vod a v c\u00edli m\u011bl dobr\u00fd pocit.<\/p>\n<h2><strong>Jak\u00e9 jsou va\u0161e z\u00e1vodn\u00ed zku\u0161enosti na kole?<\/strong><\/h2>\n<p>P\u0159ed n\u011bkolika lety jsem jel s otcem Kolo pro \u017eivot v Plzni. A tot\u00e1ln\u011b jsem \u00fa\u010dast podcenil. V\u0161ichni mi \u0159\u00edkali, abych si vzal do dresu n\u011bjak\u00e9 energetick\u00e9 gely a hlavn\u011b dopl\u0148oval vodu. M\u011bl jsem svoj\u00ed hlavu a \u0159\u00edkal si, \u017ee na p\u011btapades\u00e1t kilometr\u016f nebudu tahat j\u00eddlo. Byl jsem zvykl\u00fd p\u0159i v\u00fdkonu na h\u0159i\u0161ti, \u017ee nen\u00ed t\u0159eba dopl\u0148ovat energii. Fotbalista se naj\u00ed t\u0159i hodiny p\u0159ed v\u00fdkopem, pak v polo\u010dasov\u00e9 p\u0159est\u00e1vce vypije ion\u0165\u00e1k a n\u011bco m\u00e1lo p\u0159\u00edpadn\u011b sn\u00ed. Ale kolo je jin\u00e9. Posledn\u00edch p\u011bt kilometr\u016f jsem tehdy jel v tot\u00e1ln\u00edch k\u0159e\u010d\u00edch. A p\u0159esto\u017ee jsem od kamar\u00e1da dostal v z\u00e1v\u011bru gely, u\u017e m\u011b nezachr\u00e1nily. Fin\u00e1ln\u00edmi kilometry jsem se protr\u00e1pil. Tak\u017ee tentokr\u00e1t si nech\u00e1m ur\u010dit\u011b poradit. A donut\u00edm se poctiv\u011b j\u00edst b\u011bhem z\u00e1vodu.<\/p>\n<figure id=\"attachment_29012\" aria-describedby=\"caption-attachment-29012\" style=\"width: 1920px\" class=\"wp-caption alignnone\"><a href=\"https:\/\/d2p6e6u75xmxt8.cloudfront.net\/13\/2025\/04\/3C9A1431-scaled.webp\"><img loading=\"lazy\" decoding=\"async\" class=\"size-extra-large wp-image-29012\" src=\"https:\/\/d2p6e6u75xmxt8.cloudfront.net\/13\/2025\/04\/3C9A1431-1920x1280.webp\" alt=\"\" width=\"1920\" height=\"1280\" srcset=\"https:\/\/d2p6e6u75xmxt8.cloudfront.net\/13\/2025\/04\/3C9A1431-1920x1280.webp 1920w, https:\/\/d2p6e6u75xmxt8.cloudfront.net\/13\/2025\/04\/3C9A1431-300x200.webp 300w, https:\/\/d2p6e6u75xmxt8.cloudfront.net\/13\/2025\/04\/3C9A1431-1024x683.webp 1024w, https:\/\/d2p6e6u75xmxt8.cloudfront.net\/13\/2025\/04\/3C9A1431-768x512.webp 768w, https:\/\/d2p6e6u75xmxt8.cloudfront.net\/13\/2025\/04\/3C9A1431-1536x1024.webp 1536w, https:\/\/d2p6e6u75xmxt8.cloudfront.net\/13\/2025\/04\/3C9A1431-2048x1365.webp 2048w, https:\/\/d2p6e6u75xmxt8.cloudfront.net\/13\/2025\/04\/3C9A1431-400x267.webp 400w, https:\/\/d2p6e6u75xmxt8.cloudfront.net\/13\/2025\/04\/3C9A1431-272x182.webp 272w, https:\/\/d2p6e6u75xmxt8.cloudfront.net\/13\/2025\/04\/3C9A1431-1920x1280.webp 1920w\" sizes=\"auto, (max-width: 1920px) 100vw, 1920px\" \/><\/a><figcaption id=\"caption-attachment-29012\" class=\"wp-caption-text\"><em>Bradley Wiggins p\u0159i dubnov\u00e9 n\u00e1v\u0161t\u011bv\u011b \u010ceska, kdy si prohl\u00e9dl \u010d\u00e1st Kopcovit\u00e9 L\u2019Etape Czech Republice by Tour de France 2025.<\/em><\/figcaption><\/figure>\n<h2><strong>Jak coby spolumajitel agentury vn\u00edm\u00e1te fakt, \u017ee jste v leto\u0161n\u00edm roce domluvili na pozice amabasador\u016f dva v\u00edt\u011bze Tour de France?<\/strong><\/h2>\n<p>Z\u00edskat Wigginse a je\u0161t\u011b Andyho Schlecka, to je unik\u00e1t. Ale jde o v\u00fdsledek na\u0161\u00ed pr\u00e1ce. Andy Schleck se vrac\u00ed s radost\u00ed. A t\u0159eba Alberto Contador se s\u00e1m nab\u00edzel, jestli ho budeme cht\u00edt po lo\u0148sk\u00e9 zku\u0161enosti i na leto\u0161n\u00ed rok, co\u017e je pro n\u00e1s jako organiz\u00e1tory kr\u00e1sn\u00e9. V\u0161echny cyklistick\u00e9 hv\u011bzdy p\u0159i n\u00e1vratu dom\u016f d\u011bkuj\u00ed za jedine\u010dn\u00fd z\u00e1\u017eitek. Pro n\u00e1s je tenhle feedback velmi d\u016fle\u017eit\u00fd. Sna\u017e\u00edme se ud\u011blat pro n\u011b celou akci kvalitn\u00ed. Nechceme jen direktivn\u011b p\u0159ikazovat a rozepisovat \u010dasov\u00fd harmonogram. Jde n\u00e1m o z\u00e1\u017eitek. Pro cyklistick\u00e9 hv\u011bzdy, stejn\u011b jako pro b\u011b\u017en\u00e9 \u00fa\u010dastn\u00edky. T\u0159eba Bradley Wiggins v dubnu p\u0159i social ride p\u0159i\u0161el a \u0159\u00edkal, \u017ee by r\u00e1d okruh je\u0161t\u011b prot\u00e1hnul. Mrzelo ho, \u017ee jsme jeli jenom hodinku.<\/p>\n<div class=\"shortcode-ys-post-pinup\"><article class=\"loop-simple post-29398 post type-post status-publish format-standard has-post-thumbnail hentry category-rady-tipy tag-cyklistika tag-letape-2025 tag-silnicni-cyklistika tag-superior-rr tag-tour-de-france global-categories-cycling\" data-postid=\"29398\" role=\"article\" data-post-id=\"29398\" data-word-count=\"602\" data-headline-length=\"51\" data-category=\"Rady &amp; tipy\" data-global-category=\"Cycling\" data-author=\"We Love Cycling\" data-published=\"2025-06-05T21:59:54+02:00\" data-published-day=\"Thursday\">\n    <div class=\"entry-thumbnail article-thumbnail\" content=\"https:\/\/d2p6e6u75xmxt8.cloudfront.net\/13\/2025\/06\/superior-kolo-5-150x150.webp\"><a href=\"https:\/\/www.welovecycling.com\/cs\/2025\/06\/05\/cesky-svihak-s-francouzskou-dusi-superior-rr\/\" class=\"image-holder\" target=\"_self\"><img decoding=\"async\" loading=\"lazy\" class=\"\" src=\"https:\/\/d2p6e6u75xmxt8.cloudfront.net\/13\/2025\/06\/superior-kolo-5-1024x683.webp\" srcset=\"https:\/\/d2p6e6u75xmxt8.cloudfront.net\/13\/2025\/06\/superior-kolo-5-scaled.webp 2560w, https:\/\/d2p6e6u75xmxt8.cloudfront.net\/13\/2025\/06\/superior-kolo-5-300x200.webp 300w, https:\/\/d2p6e6u75xmxt8.cloudfront.net\/13\/2025\/06\/superior-kolo-5-1024x683.webp 1024w, https:\/\/d2p6e6u75xmxt8.cloudfront.net\/13\/2025\/06\/superior-kolo-5-768x512.webp 768w, https:\/\/d2p6e6u75xmxt8.cloudfront.net\/13\/2025\/06\/superior-kolo-5-1536x1024.webp 1536w, https:\/\/d2p6e6u75xmxt8.cloudfront.net\/13\/2025\/06\/superior-kolo-5-2048x1365.webp 2048w, https:\/\/d2p6e6u75xmxt8.cloudfront.net\/13\/2025\/06\/superior-kolo-5-1920x1280.webp 1920w, https:\/\/d2p6e6u75xmxt8.cloudfront.net\/13\/2025\/06\/superior-kolo-5-400x267.webp 400w, https:\/\/d2p6e6u75xmxt8.cloudfront.net\/13\/2025\/06\/superior-kolo-5-272x182.webp 272w, https:\/\/d2p6e6u75xmxt8.cloudfront.net\/13\/2025\/06\/superior-kolo-5-1920x1280.webp 1920w\" width=\"1024\" height=\"683\" sizes=\"auto, (min-width: 1200px) 300px, (min-width: 768px) 25vw, 100vw\" alt=\"cesky-svihak-s-francouzskou-dusi-superior-rr\"\/><\/a><\/div>    <div class=\"entry-meta\">\n        <a class=\"label label-secondary post-category\" href=\"https:\/\/www.welovecycling.com\/cs\/category\/rady-tipy\/\" title=\"Rady &amp; tipy\">Rady &amp; tipy<\/a>\n    <\/div>\n    <div class=\"entry-details\">\n        <a href=\"https:\/\/www.welovecycling.com\/cs\/2025\/06\/05\/cesky-svihak-s-francouzskou-dusi-superior-rr\/\" class='entry-title-wrapper'>\n            <h3 class=\"entry-title\"><span>\u010cesk\u00fd \u0161vih\u00e1k s francouzskou du\u0161\u00ed: Superior RR<\/span><\/h3>\n        <\/a>\n    <\/div>\n    <\/article>\n<\/div>\n<h2><strong>Prozrad\u00edte, jak jste reagoval, kdy\u017e padl n\u00e1vrh oslovit Bradleyho Wigginse kv\u016fli mo\u017en\u00e9 spolupr\u00e1ci po nezdaru jedn\u00e1n\u00ed p\u0159ed dv\u011bma lety?<\/strong><\/h2>\n<p>Jednozna\u010dn\u011b jsem kluky podpo\u0159il. Nem\u011bl jsem \u017e\u00e1dn\u00e9 pochybnosti. V\u011b\u0159il jsem, \u017ee p\u016fjde o p\u0159\u00ednosn\u00e9 partnerstv\u00ed. J\u00e1 jsem vid\u011bl, jak z\u00e1vod\u00ed na dr\u00e1ze, na silnici. Jeho p\u0159\u00edb\u011bh dod\u00e1v\u00e1 L\u2019Etape \u00fapln\u011b jinou dimenzi. Je\u0161t\u011b p\u0159ed ozn\u00e1men\u00edm jeho ambasadorstv\u00ed jsme se setkali v Lond\u00fdn\u011b. Probrali jsme situaci a sd\u011blili si vz\u00e1jemn\u00e1 o\u010dek\u00e1v\u00e1n\u00ed. J\u00e1 ho ujistil, \u017ee v\u0161e d\u011bl\u00e1me tak, aby \u0161lo hlavn\u011b o z\u00e1bavu v kombinaci s pln\u011bn\u00edm pracovn\u00edch povinnost\u00ed. Kdy\u017e vid\u011bl v\u0161e v Praze, respektive p\u0159i j\u00edzd\u011b na kole ve St\u0159edo\u010desk\u00e9m kraji, byl v\u00e1\u017en\u011b nad\u0161en\u00fd. Moc se mu prvn\u00ed n\u00e1v\u0161t\u011bva l\u00edbila.<\/p>\n<h2><strong>Kdy\u017e Bradley Wiggins vyhr\u00e1l Tour de France a n\u00e1sledn\u011b olympijsk\u00e9 zlato, byl jste v Chelsea na vrcholu kari\u00e9ry a mimo jin\u00fdch slavil triumf v Lize mistr\u016f. M\u011bl jste prostor sledovat jeho \u00fasp\u011bchy?<\/strong><\/h2>\n<p>Pochopiteln\u011b. Bradley Wiggins byl tot\u00e1ln\u00ed superstar a cel\u00e1 zem\u011b jeho p\u0159\u00edb\u011bhem \u017eila. Byl bezpochyby hlavn\u00edm \u017eel\u00edzkem Velk\u00e9 Brit\u00e1nie na olympijsk\u00e9 zlato. Trasa z\u00e1vodu vedla na olympi\u00e1d\u011b v Lond\u00fdn\u011b\u00a0 prakticky kolem m\u00e9ho domu. Konala se spousta doprovodn\u00fdch akc\u00ed, ka\u017ed\u00e9 r\u00e1no cestou jsem kousek od domu na kruhov\u00e9m objezdu m\u00edjel cyklistu vyst\u0159\u00edhan\u00e9ho z kytek. V\u0161ichni olympi\u00e1dou \u017eili. Cyklistika pak zaznamenala obrovsk\u00fd boom. Na Wigginse nav\u00e1zali Cavendish \u010di Froome. Pozd\u011bji v\u0161e je\u0161t\u011b umocnil dal\u0161\u00edm olympijsk\u00fdm zlatem z dr\u00e1hy, kter\u00e1 m\u00e1 obrovsk\u00e9 jm\u00e9no. Kdy\u017e ukon\u010dil Bradley Wiggins kari\u00e9ru, za\u010daly se objevovat jeho probl\u00e9my. Ale proto\u017ee jde o mu\u017ee s titulem sir, byli k n\u011bmu v\u0161ichni shov\u00edvav\u011bj\u0161\u00ed a trable se tolik nerozmaz\u00e1valy. Kdy\u017e pak vy\u0161lo v\u0161e najevo, v\u0161echny situace p\u0159ekvapila.<\/p>\n<figure id=\"attachment_29015\" aria-describedby=\"caption-attachment-29015\" style=\"width: 1920px\" class=\"wp-caption alignnone\"><a href=\"https:\/\/d2p6e6u75xmxt8.cloudfront.net\/13\/2025\/04\/3C9A1898-scaled.webp\"><img loading=\"lazy\" decoding=\"async\" class=\"size-extra-large wp-image-29015\" src=\"https:\/\/d2p6e6u75xmxt8.cloudfront.net\/13\/2025\/04\/3C9A1898-1920x1280.webp\" alt=\"\" width=\"1920\" height=\"1280\" srcset=\"https:\/\/d2p6e6u75xmxt8.cloudfront.net\/13\/2025\/04\/3C9A1898-1920x1280.webp 1920w, https:\/\/d2p6e6u75xmxt8.cloudfront.net\/13\/2025\/04\/3C9A1898-300x200.webp 300w, https:\/\/d2p6e6u75xmxt8.cloudfront.net\/13\/2025\/04\/3C9A1898-1024x683.webp 1024w, https:\/\/d2p6e6u75xmxt8.cloudfront.net\/13\/2025\/04\/3C9A1898-768x512.webp 768w, https:\/\/d2p6e6u75xmxt8.cloudfront.net\/13\/2025\/04\/3C9A1898-1536x1024.webp 1536w, https:\/\/d2p6e6u75xmxt8.cloudfront.net\/13\/2025\/04\/3C9A1898-2048x1366.webp 2048w, https:\/\/d2p6e6u75xmxt8.cloudfront.net\/13\/2025\/04\/3C9A1898-400x267.webp 400w, https:\/\/d2p6e6u75xmxt8.cloudfront.net\/13\/2025\/04\/3C9A1898-272x182.webp 272w, https:\/\/d2p6e6u75xmxt8.cloudfront.net\/13\/2025\/04\/3C9A1898-1920x1280.webp 1920w\" sizes=\"auto, (max-width: 1920px) 100vw, 1920px\" \/><\/a><figcaption id=\"caption-attachment-29015\" class=\"wp-caption-text\"><em>Bradley Wiggins a Zden\u011bk \u0160tybar, pro rok 2025 ambasado\u0159i \u0160koda We Love Cycling.<\/em><\/figcaption><\/figure>\n<h2><strong>Ani velk\u00e9 osobn\u00ed probl\u00e9my a s nimi spojen\u00e9 zru\u0161en\u00e9 ambasadorstv\u00ed p\u0159i t\u0159et\u00edm ro\u010dn\u00edku L\u2019Etape v\u00e1s coby spolumajitele po\u0159\u00e1daj\u00edc\u00ed agentury nezrazovaly?<\/strong><\/h2>\n<p>Mysl\u00edm, \u017ee jde o dobr\u00fd p\u0159\u00edklad pro lidi, kte\u0159\u00ed si pro\u0161li n\u011bjak\u00fdmi pot\u00ed\u017eemi. V\u017edy je ur\u010dit\u00e9 \u0159e\u0161en\u00ed a cesta z probl\u00e9m\u016f ven. I d\u00edky \u00fasp\u011b\u0161n\u00e9 minulosti se mohl vydat na cestu, kdy o v\u0161em hovo\u0159\u00ed. Nav\u00edc p\u0159iznal probl\u00e9my z d\u011btstv\u00ed, kdy jej zneu\u017e\u00edval tren\u00e9r. Jeho p\u0159\u00edb\u011bh m\u016f\u017ee b\u00fdt n\u00e1vodem pro ostatn\u00ed.<\/p>\n<h2><strong>M\u011bl jist\u00e9 pochybnosti o zapojen\u00ed do projektu samotn\u00fd Bradley Wiggins?<\/strong><\/h2>\n<p>Nesk\u00e1kal do n\u011bjak\u00e9ho zcela nezn\u00e1m\u00e9ho ter\u00e9nu. Zn\u00e1 lidi z A.S.O., kter\u00e1 organizuje Tour de France a \u0159\u00edd\u00ed celosv\u011btov\u00fd projekt L\u2019Etape. Nav\u00edc se snadno m\u016f\u017ee spojit s Contadorem, Schleckem \u010di \u0160tybarem. A osobn\u00ed zku\u0161enosti ur\u010dit\u011b hodn\u011b pom\u00e1haj\u00ed. V\u0161ak jsem tak\u00e9 <a href=\"https:\/\/www.welovecycling.com\/cs\/2024\/12\/03\/bradley-wiggins-mel-jsem-sebedestruktivni-myslenky-kdo-po-bankrotu-nabidl-uhrazeni-terapie\/\">Wigginse<\/a> pob\u00edzel, aby zavolal n\u011bkter\u00e9mu z b\u00fdval\u00fdch soupe\u0159\u016f, kte\u0159\u00ed u\u017e v minulosti \u010deskou L\u2019Etape absolvovali, a v\u0161e s n\u00edm probral.<\/p>\n<div class=\"shortcode-ys-post-pinup\"><article class=\"loop-simple post-23742 post type-post status-publish format-standard has-post-thumbnail hentry category-letape-czech-republic tag-cyklistika tag-letape-czech-republic tag-silnicni-cyklistika tag-social-ride tag-tour-de-france tag-trenink tag-zdravi-a-trenink global-categories-cycling\" data-postid=\"23742\" role=\"article\" data-post-id=\"23742\" data-word-count=\"988\" data-headline-length=\"89\" data-category=\"L&#039;Etape Czech Republic\" data-global-category=\"Cycling\" data-author=\"We Love Cycling\" data-published=\"2023-09-27T13:28:22+02:00\" data-published-day=\"Wednesday\">\n    <div class=\"entry-thumbnail article-thumbnail\" content=\"https:\/\/d2p6e6u75xmxt8.cloudfront.net\/13\/2023\/09\/letape-olomouc-photo-pg-3635-1080--150x150.webp\"><a href=\"https:\/\/www.welovecycling.com\/cs\/2023\/09\/27\/jde-o-vic-nez-jen-dva-zavodni-dny-rika-vedouci-projektu-letape-czech-republic\/\" class=\"image-holder\" target=\"_self\"><img decoding=\"async\" loading=\"lazy\" class=\"\" src=\"https:\/\/d2p6e6u75xmxt8.cloudfront.net\/13\/2023\/09\/letape-olomouc-photo-pg-3635-1080--1024x683.webp\" srcset=\"https:\/\/d2p6e6u75xmxt8.cloudfront.net\/13\/2023\/09\/letape-olomouc-photo-pg-3635-1080-.webp 1080w, https:\/\/d2p6e6u75xmxt8.cloudfront.net\/13\/2023\/09\/letape-olomouc-photo-pg-3635-1080--300x200.webp 300w, https:\/\/d2p6e6u75xmxt8.cloudfront.net\/13\/2023\/09\/letape-olomouc-photo-pg-3635-1080--1024x683.webp 1024w, https:\/\/d2p6e6u75xmxt8.cloudfront.net\/13\/2023\/09\/letape-olomouc-photo-pg-3635-1080--768x512.webp 768w, https:\/\/d2p6e6u75xmxt8.cloudfront.net\/13\/2023\/09\/letape-olomouc-photo-pg-3635-1080--400x267.webp 400w, https:\/\/d2p6e6u75xmxt8.cloudfront.net\/13\/2023\/09\/letape-olomouc-photo-pg-3635-1080--272x182.webp 272w\" width=\"1024\" height=\"683\" sizes=\"auto, (min-width: 1200px) 300px, (min-width: 768px) 25vw, 100vw\" alt=\"jde-o-vic-nez-jen-dva-zavodni-dny-rika-vedouci-projektu-letape-czech-republic\"\/><\/a><\/div>    <div class=\"entry-meta\">\n        <a class=\"label label-secondary post-category\" href=\"https:\/\/www.welovecycling.com\/cs\/category\/letape-czech-republic\/\" title=\"L'Etape Czech Republic\">L'Etape Czech Republic<\/a>\n    <\/div>\n    <div class=\"entry-details\">\n        <a href=\"https:\/\/www.welovecycling.com\/cs\/2023\/09\/27\/jde-o-vic-nez-jen-dva-zavodni-dny-rika-vedouci-projektu-letape-czech-republic\/\" class='entry-title-wrapper'>\n            <h3 class=\"entry-title\"><span>Jde o v\u00edc ne\u017e jen dva z\u00e1vodn\u00ed dny, \u0159\u00edk\u00e1 vedouc\u00ed projektu L\u2019Etape Czech Republic<\/span><\/h3>\n        <\/a>\n    <\/div>\n    <\/article>\n<\/div>\n<h2><strong>Prozrad\u00ed Petr \u010cech pohled na cel\u00fd projekt, kter\u00fd letos slav\u00ed p\u011bt let fungov\u00e1n\u00ed v \u010cesku?<\/strong><\/h2>\n<p>M\u00e1m kamar\u00e1dy, kte\u0159\u00ed z\u00e1vody L\u2019Etape jezd\u00ed pravideln\u011b. Dostali se k silni\u010dn\u00edmu kolu p\u0159es horsk\u00e9 v s\u00e9rii Kolo pro \u017eivot. V\u00edm, \u017ee jezd\u00ed na soust\u0159ed\u011bn\u00ed na Mallorku a pro dal\u0161\u00ed ro\u010dn\u00edk se posouvaj\u00ed ze St\u0159edn\u00ed trasy na Dlouhou. Kv\u016fli z\u00e1vod\u016fm L\u2019Etape upravuj\u00ed tr\u00e9ninkov\u00e9 pl\u00e1ny, jde o jeden z pevn\u00fdch bod\u016f jejich sportovn\u00edho \u017eivota. Jsou nad\u0161en\u00ed z cel\u00e9ho projektu. Stejn\u011b jako j\u00e1.<\/p>\n<h2><strong>Kopcovit\u00e1 L\u2019Etape se jede 21. \u010dervna za \u00fa\u010dasti B. Wigginse, horsk\u00e1 v Prachatick\u00fdch 2. srpna s ambasadorem A. Schleckem. Jak posunete ambasadorstv\u00ed na dal\u0161\u00ed sezony?<\/strong><\/h2>\n<p>Chceme pokra\u010dovat v nastolen\u00e9m trendu. La\u0165ka je hodn\u011b vysoko, ale tak n\u00e1s to bav\u00ed. Nicm\u00e9n\u011b poj\u010fme si nyn\u00ed vychutnat oba leto\u0161n\u00ed podniky.<\/p>\n","protected":false},"excerpt":{"rendered":"<p>U\u017e d\u00e1vno s kari\u00e9rou skoncoval. A p\u0159ece se ve t\u0159ia\u010dty\u0159iceti t\u011b\u0161\u00ed na velkou premi\u00e9ru. Petr \u010cech, b\u00fdval\u00fd fotbalov\u00fd brank\u00e1\u0159 a [&hellip;]<\/p>\n","protected":false},"author":138,"featured_media":29017,"comment_status":"open","ping_status":"open","sticky":false,"template":"","format":"standard","meta":{"footnotes":""},"categories":[1564],"tags":[320,896,126,4126,4213,9],"global-categories":[411],"class_list":["post-29472","post","type-post","status-publish","format-standard","has-post-thumbnail","hentry","category-letape-czech-republic","tag-andy-schleck","tag-bradley-wiggins","tag-cyklistika","tag-letape-czech-republic-2025","tag-petr-cech","tag-silnicni-cyklistika","global-categories-cycling"],"yoast_head":"<!-- This site is optimized with the Yoast SEO Premium plugin v25.3 (Yoast SEO v25.9) - https:\/\/yoast.com\/wordpress\/plugins\/seo\/ -->\n<title>Petr \u010cech exkluzivn\u011b: S j\u00eddlem jsem se jednou sp\u00e1lil, u\u017e si nech\u00e1m poradit | \u0160koda We Love Cycling - \u010cesk\u00e1 republika<\/title>\n<meta name=\"description\" content=\"U\u017e d\u00e1vno s kari\u00e9rou skoncoval. A p\u0159ece se ve t\u0159ia\u010dty\u0159iceti t\u011b\u0161\u00ed na velkou premi\u00e9ru. Petr \u010cech, b\u00fdval\u00fd fotbalov\u00fd brank\u00e1\u0159 a spolumajitel agentury Petr \u010cech Sport, pojede poprv\u00e9 v \u017eivot\u011b z\u00e1vod v silni\u010dn\u00ed cyklistice. Debut v\u00edt\u011bze Ligy mistr\u016f bude obstar\u00e1 Kopcovit\u00e1 L\u2019Etape Czech Republic by Tour de France, kter\u00e1 se jede 21. \u010dervna.\" \/>\n<meta name=\"robots\" content=\"index, follow, max-snippet:-1, max-image-preview:large, max-video-preview:-1\" \/>\n<link rel=\"canonical\" href=\"https:\/\/www.welovecycling.com\/cs\/2025\/06\/12\/petr-cech-exkluzivne-s-jidlem-jsem-se-jednou-spalil-uz-si-necham-poradit\/\" \/>\n<meta property=\"og:locale\" content=\"cs_CZ\" \/>\n<meta property=\"og:type\" content=\"article\" \/>\n<meta property=\"og:title\" content=\"Petr \u010cech exkluzivn\u011b: S j\u00eddlem jsem se jednou sp\u00e1lil, u\u017e si nech\u00e1m poradit\" \/>\n<meta property=\"og:description\" content=\"U\u017e d\u00e1vno s kari\u00e9rou skoncoval. A p\u0159ece se ve t\u0159ia\u010dty\u0159iceti t\u011b\u0161\u00ed na velkou premi\u00e9ru. Petr \u010cech, b\u00fdval\u00fd fotbalov\u00fd brank\u00e1\u0159 a spolumajitel agentury Petr \u010cech Sport, pojede poprv\u00e9 v \u017eivot\u011b z\u00e1vod v silni\u010dn\u00ed cyklistice. Debut v\u00edt\u011bze Ligy mistr\u016f bude obstar\u00e1 Kopcovit\u00e1 L\u2019Etape Czech Republic by Tour de France, kter\u00e1 se jede 21. \u010dervna.\" \/>\n<meta property=\"og:url\" content=\"https:\/\/www.welovecycling.com\/cs\/2025\/06\/12\/petr-cech-exkluzivne-s-jidlem-jsem-se-jednou-spalil-uz-si-necham-poradit\/\" \/>\n<meta property=\"og:site_name\" content=\"\u0160koda We Love Cycling - \u010cesk\u00e1 republika\" \/>\n<meta property=\"article:published_time\" content=\"2025-06-12T15:00:37+00:00\" \/>\n<meta property=\"og:image\" content=\"https:\/\/d2p6e6u75xmxt8.cloudfront.net\/13\/2025\/04\/3C9A2088-scaled.webp\" \/>\n\t<meta property=\"og:image:width\" content=\"2560\" \/>\n\t<meta property=\"og:image:height\" content=\"1707\" \/>\n\t<meta property=\"og:image:type\" content=\"image\/webp\" \/>\n<meta name=\"author\" content=\"radekmalina\" \/>\n<meta name=\"twitter:card\" content=\"summary_large_image\" \/>\n<meta name=\"twitter:label1\" content=\"Written by\" \/>\n\t<meta name=\"twitter:data1\" content=\"We Love Cycling\" \/>\n\t<meta name=\"twitter:label2\" content=\"Est. reading time\" \/>\n\t<meta name=\"twitter:data2\" content=\"6\" \/>\n<script type=\"application\/ld+json\" class=\"yoast-schema-graph\">{\"@context\":\"https:\/\/schema.org\",\"@graph\":[{\"@type\":\"WebPage\",\"@id\":\"https:\/\/www.welovecycling.com\/cs\/2025\/06\/12\/petr-cech-exkluzivne-s-jidlem-jsem-se-jednou-spalil-uz-si-necham-poradit\/\",\"url\":\"https:\/\/www.welovecycling.com\/cs\/2025\/06\/12\/petr-cech-exkluzivne-s-jidlem-jsem-se-jednou-spalil-uz-si-necham-poradit\/\",\"name\":\"Petr \u010cech exkluzivn\u011b: S j\u00eddlem jsem se jednou sp\u00e1lil, u\u017e si nech\u00e1m poradit | \u0160koda We Love Cycling - \u010cesk\u00e1 republika\",\"isPartOf\":{\"@id\":\"https:\/\/www.welovecycling.com\/cs\/#website\"},\"primaryImageOfPage\":{\"@id\":\"https:\/\/www.welovecycling.com\/cs\/2025\/06\/12\/petr-cech-exkluzivne-s-jidlem-jsem-se-jednou-spalil-uz-si-necham-poradit\/#primaryimage\"},\"image\":{\"@id\":\"https:\/\/www.welovecycling.com\/cs\/2025\/06\/12\/petr-cech-exkluzivne-s-jidlem-jsem-se-jednou-spalil-uz-si-necham-poradit\/#primaryimage\"},\"thumbnailUrl\":\"https:\/\/d2p6e6u75xmxt8.cloudfront.net\/13\/2025\/04\/3C9A2088-scaled.webp\",\"datePublished\":\"2025-06-12T15:00:37+00:00\",\"author\":{\"@id\":\"https:\/\/www.welovecycling.com\/cs\/#\/schema\/person\/d9eeb0a378f3a7e4a6d12d2b536b04b8\"},\"description\":\"U\u017e d\u00e1vno s kari\u00e9rou skoncoval. A p\u0159ece se ve t\u0159ia\u010dty\u0159iceti t\u011b\u0161\u00ed na velkou premi\u00e9ru. Petr \u010cech, b\u00fdval\u00fd fotbalov\u00fd brank\u00e1\u0159 a spolumajitel agentury Petr \u010cech Sport, pojede poprv\u00e9 v \u017eivot\u011b z\u00e1vod v silni\u010dn\u00ed cyklistice. Debut v\u00edt\u011bze Ligy mistr\u016f bude obstar\u00e1 Kopcovit\u00e1 L\u2019Etape Czech Republic by Tour de France, kter\u00e1 se jede 21. \u010dervna.\",\"inLanguage\":\"cs\",\"potentialAction\":[{\"@type\":\"ReadAction\",\"target\":[\"https:\/\/www.welovecycling.com\/cs\/2025\/06\/12\/petr-cech-exkluzivne-s-jidlem-jsem-se-jednou-spalil-uz-si-necham-poradit\/\"]}]},{\"@type\":\"ImageObject\",\"inLanguage\":\"cs\",\"@id\":\"https:\/\/www.welovecycling.com\/cs\/2025\/06\/12\/petr-cech-exkluzivne-s-jidlem-jsem-se-jednou-spalil-uz-si-necham-poradit\/#primaryimage\",\"url\":\"https:\/\/d2p6e6u75xmxt8.cloudfront.net\/13\/2025\/04\/3C9A2088-scaled.webp\",\"contentUrl\":\"https:\/\/d2p6e6u75xmxt8.cloudfront.net\/13\/2025\/04\/3C9A2088-scaled.webp\",\"width\":2560,\"height\":1707,\"caption\":\"Petr \u010cech a Bradley Wiggins p\u0159i prohl\u00eddce trasy L\u2019Etape Czech Republic 2025.\"},{\"@type\":\"WebSite\",\"@id\":\"https:\/\/www.welovecycling.com\/cs\/#website\",\"url\":\"https:\/\/www.welovecycling.com\/cs\/\",\"name\":\"\u0160koda We Love Cycling - \u010cesk\u00e1 republika\",\"description\":\"WeLoveCycling.cz je online magaz\u00edn, kter\u00fd v\u00e1m pravideln\u011b p\u0159in\u00e1\u0161\u00ed rady a tipy, zaj\u00edmav\u00e9 \u010dl\u00e1nky, videa a jedine\u010dn\u00e9 report\u00e1\u017ee ze sv\u011bta cyklistiky.\",\"potentialAction\":[{\"@type\":\"SearchAction\",\"target\":{\"@type\":\"EntryPoint\",\"urlTemplate\":\"https:\/\/www.welovecycling.com\/cs\/?s={search_term_string}\"},\"query-input\":{\"@type\":\"PropertyValueSpecification\",\"valueRequired\":true,\"valueName\":\"search_term_string\"}}],\"inLanguage\":\"cs\"},{\"@type\":\"Person\",\"@id\":\"https:\/\/www.welovecycling.com\/cs\/#\/schema\/person\/d9eeb0a378f3a7e4a6d12d2b536b04b8\",\"name\":\"radekmalina\",\"image\":{\"@type\":\"ImageObject\",\"inLanguage\":\"cs\",\"@id\":\"https:\/\/www.welovecycling.com\/cs\/#\/schema\/person\/image\/\",\"url\":\"https:\/\/secure.gravatar.com\/avatar\/66994b632cb8c39a46b9f54afa3ae07201b678d32a54275b6f1c9ffec356bfc0?s=96&d=mm&r=g\",\"contentUrl\":\"https:\/\/secure.gravatar.com\/avatar\/66994b632cb8c39a46b9f54afa3ae07201b678d32a54275b6f1c9ffec356bfc0?s=96&d=mm&r=g\",\"caption\":\"radekmalina\"},\"url\":\"https:\/\/www.welovecycling.com\/cs\/author\/radekmalina\/\"}]}<\/script>\n<!-- \/ Yoast SEO Premium plugin. -->","yoast_head_json":{"title":"Petr \u010cech exkluzivn\u011b: S j\u00eddlem jsem se jednou sp\u00e1lil, u\u017e si nech\u00e1m poradit | \u0160koda We Love Cycling - \u010cesk\u00e1 republika","description":"U\u017e d\u00e1vno s kari\u00e9rou skoncoval. A p\u0159ece se ve t\u0159ia\u010dty\u0159iceti t\u011b\u0161\u00ed na velkou premi\u00e9ru. Petr \u010cech, b\u00fdval\u00fd fotbalov\u00fd brank\u00e1\u0159 a spolumajitel agentury Petr \u010cech Sport, pojede poprv\u00e9 v \u017eivot\u011b z\u00e1vod v silni\u010dn\u00ed cyklistice. Debut v\u00edt\u011bze Ligy mistr\u016f bude obstar\u00e1 Kopcovit\u00e1 L\u2019Etape Czech Republic by Tour de France, kter\u00e1 se jede 21. \u010dervna.","robots":{"index":"index","follow":"follow","max-snippet":"max-snippet:-1","max-image-preview":"max-image-preview:large","max-video-preview":"max-video-preview:-1"},"canonical":"https:\/\/www.welovecycling.com\/cs\/2025\/06\/12\/petr-cech-exkluzivne-s-jidlem-jsem-se-jednou-spalil-uz-si-necham-poradit\/","og_locale":"cs_CZ","og_type":"article","og_title":"Petr \u010cech exkluzivn\u011b: S j\u00eddlem jsem se jednou sp\u00e1lil, u\u017e si nech\u00e1m poradit","og_description":"U\u017e d\u00e1vno s kari\u00e9rou skoncoval. A p\u0159ece se ve t\u0159ia\u010dty\u0159iceti t\u011b\u0161\u00ed na velkou premi\u00e9ru. Petr \u010cech, b\u00fdval\u00fd fotbalov\u00fd brank\u00e1\u0159 a spolumajitel agentury Petr \u010cech Sport, pojede poprv\u00e9 v \u017eivot\u011b z\u00e1vod v silni\u010dn\u00ed cyklistice. Debut v\u00edt\u011bze Ligy mistr\u016f bude obstar\u00e1 Kopcovit\u00e1 L\u2019Etape Czech Republic by Tour de France, kter\u00e1 se jede 21. \u010dervna.","og_url":"https:\/\/www.welovecycling.com\/cs\/2025\/06\/12\/petr-cech-exkluzivne-s-jidlem-jsem-se-jednou-spalil-uz-si-necham-poradit\/","og_site_name":"\u0160koda We Love Cycling - \u010cesk\u00e1 republika","article_published_time":"2025-06-12T15:00:37+00:00","og_image":[{"width":2560,"height":1707,"url":"https:\/\/d2p6e6u75xmxt8.cloudfront.net\/13\/2025\/04\/3C9A2088-scaled.webp","type":"image\/webp"}],"author":"radekmalina","twitter_card":"summary_large_image","twitter_misc":{"Written by":"We Love Cycling","Est. reading time":"6"},"schema":{"@context":"https:\/\/schema.org","@graph":[{"@type":"WebPage","@id":"https:\/\/www.welovecycling.com\/cs\/2025\/06\/12\/petr-cech-exkluzivne-s-jidlem-jsem-se-jednou-spalil-uz-si-necham-poradit\/","url":"https:\/\/www.welovecycling.com\/cs\/2025\/06\/12\/petr-cech-exkluzivne-s-jidlem-jsem-se-jednou-spalil-uz-si-necham-poradit\/","name":"Petr \u010cech exkluzivn\u011b: S j\u00eddlem jsem se jednou sp\u00e1lil, u\u017e si nech\u00e1m poradit | \u0160koda We Love Cycling - \u010cesk\u00e1 republika","isPartOf":{"@id":"https:\/\/www.welovecycling.com\/cs\/#website"},"primaryImageOfPage":{"@id":"https:\/\/www.welovecycling.com\/cs\/2025\/06\/12\/petr-cech-exkluzivne-s-jidlem-jsem-se-jednou-spalil-uz-si-necham-poradit\/#primaryimage"},"image":{"@id":"https:\/\/www.welovecycling.com\/cs\/2025\/06\/12\/petr-cech-exkluzivne-s-jidlem-jsem-se-jednou-spalil-uz-si-necham-poradit\/#primaryimage"},"thumbnailUrl":"https:\/\/d2p6e6u75xmxt8.cloudfront.net\/13\/2025\/04\/3C9A2088-scaled.webp","datePublished":"2025-06-12T15:00:37+00:00","author":{"@id":"https:\/\/www.welovecycling.com\/cs\/#\/schema\/person\/d9eeb0a378f3a7e4a6d12d2b536b04b8"},"description":"U\u017e d\u00e1vno s kari\u00e9rou skoncoval. A p\u0159ece se ve t\u0159ia\u010dty\u0159iceti t\u011b\u0161\u00ed na velkou premi\u00e9ru. Petr \u010cech, b\u00fdval\u00fd fotbalov\u00fd brank\u00e1\u0159 a spolumajitel agentury Petr \u010cech Sport, pojede poprv\u00e9 v \u017eivot\u011b z\u00e1vod v silni\u010dn\u00ed cyklistice. Debut v\u00edt\u011bze Ligy mistr\u016f bude obstar\u00e1 Kopcovit\u00e1 L\u2019Etape Czech Republic by Tour de France, kter\u00e1 se jede 21. \u010dervna.","inLanguage":"cs","potentialAction":[{"@type":"ReadAction","target":["https:\/\/www.welovecycling.com\/cs\/2025\/06\/12\/petr-cech-exkluzivne-s-jidlem-jsem-se-jednou-spalil-uz-si-necham-poradit\/"]}]},{"@type":"ImageObject","inLanguage":"cs","@id":"https:\/\/www.welovecycling.com\/cs\/2025\/06\/12\/petr-cech-exkluzivne-s-jidlem-jsem-se-jednou-spalil-uz-si-necham-poradit\/#primaryimage","url":"https:\/\/d2p6e6u75xmxt8.cloudfront.net\/13\/2025\/04\/3C9A2088-scaled.webp","contentUrl":"https:\/\/d2p6e6u75xmxt8.cloudfront.net\/13\/2025\/04\/3C9A2088-scaled.webp","width":2560,"height":1707,"caption":"Petr \u010cech a Bradley Wiggins p\u0159i prohl\u00eddce trasy L\u2019Etape Czech Republic 2025."},{"@type":"WebSite","@id":"https:\/\/www.welovecycling.com\/cs\/#website","url":"https:\/\/www.welovecycling.com\/cs\/","name":"\u0160koda We Love Cycling - \u010cesk\u00e1 republika","description":"WeLoveCycling.cz je online magaz\u00edn, kter\u00fd v\u00e1m pravideln\u011b p\u0159in\u00e1\u0161\u00ed rady a tipy, zaj\u00edmav\u00e9 \u010dl\u00e1nky, videa a jedine\u010dn\u00e9 report\u00e1\u017ee ze sv\u011bta cyklistiky.","potentialAction":[{"@type":"SearchAction","target":{"@type":"EntryPoint","urlTemplate":"https:\/\/www.welovecycling.com\/cs\/?s={search_term_string}"},"query-input":{"@type":"PropertyValueSpecification","valueRequired":true,"valueName":"search_term_string"}}],"inLanguage":"cs"},{"@type":"Person","@id":"https:\/\/www.welovecycling.com\/cs\/#\/schema\/person\/d9eeb0a378f3a7e4a6d12d2b536b04b8","name":"radekmalina","image":{"@type":"ImageObject","inLanguage":"cs","@id":"https:\/\/www.welovecycling.com\/cs\/#\/schema\/person\/image\/","url":"https:\/\/secure.gravatar.com\/avatar\/66994b632cb8c39a46b9f54afa3ae07201b678d32a54275b6f1c9ffec356bfc0?s=96&d=mm&r=g","contentUrl":"https:\/\/secure.gravatar.com\/avatar\/66994b632cb8c39a46b9f54afa3ae07201b678d32a54275b6f1c9ffec356bfc0?s=96&d=mm&r=g","caption":"radekmalina"},"url":"https:\/\/www.welovecycling.com\/cs\/author\/radekmalina\/"}]}},"_links":{"self":[{"href":"https:\/\/www.welovecycling.com\/cs\/wp-json\/wp\/v2\/posts\/29472","targetHints":{"allow":["GET"]}}],"collection":[{"href":"https:\/\/www.welovecycling.com\/cs\/wp-json\/wp\/v2\/posts"}],"about":[{"href":"https:\/\/www.welovecycling.com\/cs\/wp-json\/wp\/v2\/types\/post"}],"author":[{"embeddable":true,"href":"https:\/\/www.welovecycling.com\/cs\/wp-json\/wp\/v2\/users\/138"}],"replies":[{"embeddable":true,"href":"https:\/\/www.welovecycling.com\/cs\/wp-json\/wp\/v2\/comments?post=29472"}],"version-history":[{"count":3,"href":"https:\/\/www.welovecycling.com\/cs\/wp-json\/wp\/v2\/posts\/29472\/revisions"}],"predecessor-version":[{"id":29475,"href":"https:\/\/www.welovecycling.com\/cs\/wp-json\/wp\/v2\/posts\/29472\/revisions\/29475"}],"wp:featuredmedia":[{"embeddable":true,"href":"https:\/\/www.welovecycling.com\/cs\/wp-json\/wp\/v2\/media\/29017"}],"wp:attachment":[{"href":"https:\/\/www.welovecycling.com\/cs\/wp-json\/wp\/v2\/media?parent=29472"}],"wp:term":[{"taxonomy":"category","embeddable":true,"href":"https:\/\/www.welovecycling.com\/cs\/wp-json\/wp\/v2\/categories?post=29472"},{"taxonomy":"post_tag","embeddable":true,"href":"https:\/\/www.welovecycling.com\/cs\/wp-json\/wp\/v2\/tags?post=29472"},{"taxonomy":"global-categories","embeddable":true,"href":"https:\/\/www.welovecycling.com\/cs\/wp-json\/wp\/v2\/global-categories?post=29472"}],"curies":[{"name":"wp","href":"https:\/\/api.w.org\/{rel}","templated":true}]}}