{"id":29460,"date":"2020-07-12T05:38:47","date_gmt":"2020-07-12T03:38:47","guid":{"rendered":"https:\/\/www.welovecycling.com\/cs\/?p=29460"},"modified":"2025-06-12T05:46:02","modified_gmt":"2025-06-12T03:46:02","slug":"chris-froome-ukaze-i-schopnosti-maratonce","status":"publish","type":"post","link":"https:\/\/www.welovecycling.com\/cs\/2020\/07\/12\/chris-froome-ukaze-i-schopnosti-maratonce\/","title":{"rendered":"Chris Froome uk\u00e1\u017ee i schopnosti maratonce"},"content":{"rendered":"<p><strong>V\u00edt\u011bzn\u00fd hattrick je zpe\u010det\u011bn! Chris Froome v dresu Sky pot\u0159et\u00ed v kari\u00e9\u0159e ovl\u00e1dne Tour de France. P\u0159\u00edb\u011bh v\u00edt\u011bzn\u00e9 trofeje roku 2016 je p\u0159ipom\u00ednkou dominantn\u00ed v\u00fdkonnosti, ale zejm\u00e9na v\u00fdjime\u010dn\u00e9 v\u0161estrannosti. V\u017edy\u0165 pro v\u00edt\u011bzstv\u00ed rod\u00e1k z Keni na trase uk\u00e1zal i schopnosti maratonce!<\/strong><\/p>\n<p>Nade\u0161el \u010das dvan\u00e1ct\u00e9ho d\u011bjstv\u00ed Grande Boucle. Peloton \u010dek\u00e1 v\u00fdstup na Mont Ventoux. Legend\u00e1rn\u00ed ple\u0161atou horu Provens\u00e1lska. A Chris Froome, l\u00eddr pr\u016fb\u011b\u017en\u00e9ho veden\u00ed, sp\u0159\u00e1d\u00e1 jasn\u00fd pl\u00e1n: &#8222;V\u0161echny p\u0159i fin\u00e1ln\u00edm v\u00fdstupu zni\u010d\u00edm.&#8220;<\/p>\n<h2><strong>P\u0159edv\u00e1d\u00ed v\u0161estrannost<\/strong><\/h2>\n<p>U\u017e \u010dty\u0159i dny vl\u00e1dne pr\u016fb\u011b\u017en\u00e9mu po\u0159ad\u00ed. Od za\u010d\u00e1tku udivuje prom\u011bnou, kter\u00e1 z n\u011bj d\u011bl\u00e1 nej\u017ehav\u011bj\u0161\u00edho adepta na triumf. Nen\u00ed jen d\u00e9monem hor a \u010dasovek. Osm\u00e9ho dne za\u00fato\u010d\u00ed ve sjezdu z Col de Pyresourde. \u0160estn\u00e1ct kilometr\u016f kles\u00e1n\u00ed do c\u00edle. Froome to\u010d\u00ed klikami ped\u00e1l\u016f jako zb\u011bsil\u00ed. Soupe\u0159i si mysl\u00ed, \u017ee blafuje. Ti bl\u00e1hov\u00ed naivkov\u00e9.<\/p>\n<p>L\u00eddr Sky p\u0159id\u00e1v\u00e1 sekundu za sekundou a v c\u00edli se navl\u00e9kne do \u017elut\u00e9ho dresu. Z\u00e1vod ukroj\u00ed t\u0159i dal\u0161\u00ed dny, kdy\u017e se Chris Froome na hranici rizika sed\u00edce ve sjezdu na r\u00e1mu kola rozhodne pron\u00e1sledovat Petera Sagana. Spurt o etapov\u00e9 v\u00edt\u011bzstv\u00ed prohraje, ale n\u00e1skok zase nav\u00fd\u0161\u00ed. St\u00e1le v\u0161ak nem\u00e1 nic jist\u00e9ho. A tak chce zlomit soupe\u0159e v dojezdu na provens\u00e1lsk\u00e9ho obra.<\/p>\n<p><a href=\"https:\/\/d2p6e6u75xmxt8.cloudfront.net\/13\/2020\/07\/Froome-profimedia-0308301851.webp\"><img loading=\"lazy\" decoding=\"async\" class=\"size-full wp-image-8316\" src=\"https:\/\/d2p6e6u75xmxt8.cloudfront.net\/13\/2020\/07\/Froome-profimedia-0308301851.webp\" alt=\"\u017dlut\u00fd trikot a tis\u00edce div\u00e1k\u016f pat\u0159\u00ed neodmysliteln\u011b k Tour de France. Fanou\u0161ci v\u0161ak letos z\u0159ejm\u011b budou muset p\u0159ijmout jist\u00e1 omezen\u00ed v d\u016fsledku pandemie koronaviru. Foto: profimedia\" width=\"1800\" height=\"1198\" srcset=\"https:\/\/d2p6e6u75xmxt8.cloudfront.net\/13\/2020\/07\/Froome-profimedia-0308301851.webp 1800w, https:\/\/d2p6e6u75xmxt8.cloudfront.net\/13\/2020\/07\/Froome-profimedia-0308301851-300x200.webp 300w, https:\/\/d2p6e6u75xmxt8.cloudfront.net\/13\/2020\/07\/Froome-profimedia-0308301851-1024x682.webp 1024w, https:\/\/d2p6e6u75xmxt8.cloudfront.net\/13\/2020\/07\/Froome-profimedia-0308301851-768x511.webp 768w, https:\/\/d2p6e6u75xmxt8.cloudfront.net\/13\/2020\/07\/Froome-profimedia-0308301851-1536x1022.webp 1536w, https:\/\/d2p6e6u75xmxt8.cloudfront.net\/13\/2020\/07\/Froome-profimedia-0308301851-272x182.webp 272w\" sizes=\"auto, (max-width: 1800px) 100vw, 1800px\" \/><\/a><\/p>\n<p>Hora je v oble\u017een\u00ed fanou\u0161k\u016f. Des\u00edtky tis\u00edc jich toho dne obstoup\u00ed silnici vedouc\u00ed k vrcholu, na n\u011bm\u017e fi\u010d\u00ed vichr rychlost\u00ed sto kilometr\u016f v hodin\u011b. A\u017e p\u0159\u00edli\u0161 nebezpe\u010dn\u00e9 podm\u00ednky pro dojezd cyklistick\u00e9ho z\u00e1vodu. M\u00edsto spektakul\u00e1rn\u00edho dojezdu organiz\u00e1to\u0159i rozhodnou o zkr\u00e1cen\u00ed etapy o \u0161est kilometr\u016f. Fanou\u0161ci se bleskov\u011b p\u0159esouvaj\u00ed do ni\u017e\u0161\u00edch pas\u00e1\u017e\u00ed. Je to tot\u00e1ln\u00ed chaos. A nezvladaten\u00e1 masa nat\u011b\u0161en\u00e1 na p\u0159edstaven\u00ed cyklistick\u00e9 elity. Televizn\u00ed motorka n\u00e1hle zastav\u00ed p\u0159ed bari\u00e9rou div\u00e1k\u016f. Richie Porte (BMC) nem\u00e1 \u0161anci reagovat a vlet\u00ed do motorizovan\u00e9ho doprovodu. Stejn\u011b jako Bauke Mollema (Trek) a l\u00eddr ve \u017elut\u00e9m.<\/p>\n<h2><strong>Chris Froome pro triumf dojede na kole par\u0165\u00e1ka<\/strong><\/h2>\n<p>Zb\u00fdv\u00e1 kilometr a dva nejv\u011bt\u0161\u00ed rivalov\u00e9 mohou pokra\u010dovat. \u0160koda na l\u00eddrov\u011b kole je monstr\u00f3zn\u00ed. Froome se rozhodne eliminovat ztr\u00e1tu v r\u00e1mci pravidel povolen\u00fdm b\u011bhem k vrcholu. Za p\u00e1r des\u00edtek vte\u0159in dostane neutr\u00e1ln\u00ed kolo, kter\u00e9 je mu ale mal\u00e9. A nav\u00edc nem\u00e1 ped\u00e1ly kompatibiln\u00ed s jeho tretrami. Trv\u00e1 zd\u00e1nliv\u011b v\u011bcnost, ne\u017e kone\u010dn\u011b dostane vlastn\u00ed stroj.<\/p>\n<p>C\u00edlem proj\u00ed\u017ed\u00ed se ztr\u00e1tou. Nasupen\u011b krout\u00ed hlavou. Mollema u\u017e je d\u00e1vno v c\u00edli, Porte zrovna tak. Organiz\u00e1to\u0159i k nelibosti pomysln\u00e9ho v\u00edt\u011bze bitvy favorit\u016f p\u0159id\u011bl\u00ed v\u0161em t\u0159em cyklist\u016fm posti\u017een\u00fdm karambolem stejn\u00fd \u010das, p\u0159esto\u017ee britsk\u00fd cyklista ztrat\u00ed rovn\u00fdch sto sekund. Chris Froome z\u016fstane ve \u017elut\u00e9m.<\/p>\n<p>N\u00e1skok trp\u011bliv\u011b navy\u0161uje. Etapu za etapou, vte\u0159inu za vte\u0159inou. Nejprve ve zvln\u011bn\u00e9 \u010dasovce, pak v horsk\u00e9 bitv\u011b s chronometrem. Ale devaten\u00e1ct\u00e9 d\u011bjstv\u00ed prov\u00e1z\u00ed de\u0161tiv\u00e9 po\u010das\u00ed. Pravoto\u010div\u00e1 zat\u00e1\u010dka ve sjezdu klou\u017ee. A Froome let\u00ed k zemi. Kolo je nefunk\u010dn\u00ed. Zb\u00fdv\u00e1 p\u011btadvacet kilometr\u016f. Dokon\u010dit b\u011bhem v tretr\u00e1ch takovou porci? V\u011brn\u00fd domestik Geraint Thomas d\u00e1 l\u00eddrovi vlastn\u00ed stroj. Zkrvaven\u00fd l\u00eddr dupe do ped\u00e1l\u016f. Zlost v o\u010d\u00edch skr\u00fdvaj\u00ed neprostupn\u00e9 br\u00fdle. C\u00edlem projede jako dev\u00e1t\u00fd toho dne. Ale soupe\u0159i kapituluj\u00ed a Chris Froome je pot\u0159et\u00ed v kari\u00e9\u0159e \u0161ampionem Tour de France!<\/p>\n","protected":false},"excerpt":{"rendered":"<p>V\u00edt\u011bzn\u00fd hattrick je zpe\u010det\u011bn! Chris Froome v dresu Sky pot\u0159et\u00ed v kari\u00e9\u0159e ovl\u00e1dne Tour de France. P\u0159\u00edb\u011bh v\u00edt\u011bzn\u00e9 trofeje roku [&hellip;]<\/p>\n","protected":false},"author":138,"featured_media":26112,"comment_status":"open","ping_status":"open","sticky":false,"template":"","format":"standard","meta":{"footnotes":""},"categories":[10],"tags":[19,126,510,9,23,3652],"global-categories":[411],"class_list":["post-29460","post","type-post","status-publish","format-standard","has-post-thumbnail","hentry","category-silnicni-cyklistika","tag-chris-froome","tag-cyklistika","tag-mont-ventoux","tag-silnicni-cyklistika","tag-tour-de-france","tag-tour-de-france-2016","global-categories-cycling"],"yoast_head":"<!-- This site is optimized with the Yoast SEO Premium plugin v25.3 (Yoast SEO v25.9) - https:\/\/yoast.com\/wordpress\/plugins\/seo\/ -->\n<title>Chris Froome uk\u00e1\u017ee i schopnosti maratonce | \u0160koda We Love Cycling - \u010cesk\u00e1 republika<\/title>\n<meta name=\"description\" content=\"V\u00edt\u011bzn\u00fd hattrick je zpe\u010det\u011bn! Chris Froome v dresy Sky pot\u0159et\u00ed v kari\u00e9\u0159e ovl\u00e1dne Tour de France. P\u0159\u00edb\u011bh v\u00edt\u011bzn\u00e9 trofeje roku 2016 je p\u0159ipom\u00ednkou dominantn\u00ed v\u00fdkonnosti, ale zejm\u00e9na v\u00fdjime\u010dn\u00e9 v\u0161estrannosti. V\u017edy\u0165 pro v\u00edt\u011bzstv\u00ed rod\u00e1k z Keni na trase uk\u00e1zal i schopnosti maratonce!\" \/>\n<meta name=\"robots\" content=\"index, follow, max-snippet:-1, max-image-preview:large, max-video-preview:-1\" \/>\n<link rel=\"canonical\" href=\"https:\/\/www.welovecycling.com\/cs\/2020\/07\/12\/chris-froome-ukaze-i-schopnosti-maratonce\/\" \/>\n<meta property=\"og:locale\" content=\"cs_CZ\" \/>\n<meta property=\"og:type\" content=\"article\" \/>\n<meta property=\"og:title\" content=\"Chris Froome uk\u00e1\u017ee i schopnosti maratonce\" \/>\n<meta property=\"og:description\" content=\"V\u00edt\u011bzn\u00fd hattrick je zpe\u010det\u011bn! Chris Froome v dresy Sky pot\u0159et\u00ed v kari\u00e9\u0159e ovl\u00e1dne Tour de France. P\u0159\u00edb\u011bh v\u00edt\u011bzn\u00e9 trofeje roku 2016 je p\u0159ipom\u00ednkou dominantn\u00ed v\u00fdkonnosti, ale zejm\u00e9na v\u00fdjime\u010dn\u00e9 v\u0161estrannosti. V\u017edy\u0165 pro v\u00edt\u011bzstv\u00ed rod\u00e1k z Keni na trase uk\u00e1zal i schopnosti maratonce!\" \/>\n<meta property=\"og:url\" content=\"https:\/\/www.welovecycling.com\/cs\/2020\/07\/12\/chris-froome-ukaze-i-schopnosti-maratonce\/\" \/>\n<meta property=\"og:site_name\" content=\"\u0160koda We Love Cycling - \u010cesk\u00e1 republika\" \/>\n<meta property=\"article:published_time\" content=\"2020-07-12T03:38:47+00:00\" \/>\n<meta property=\"article:modified_time\" content=\"2025-06-12T03:46:02+00:00\" \/>\n<meta property=\"og:image\" content=\"https:\/\/d2p6e6u75xmxt8.cloudfront.net\/13\/2024\/06\/profimedia-0294076929.webp\" \/>\n\t<meta property=\"og:image:width\" content=\"1800\" \/>\n\t<meta property=\"og:image:height\" content=\"1200\" \/>\n\t<meta property=\"og:image:type\" content=\"image\/webp\" \/>\n<meta name=\"author\" content=\"radekmalina\" \/>\n<meta name=\"twitter:card\" content=\"summary_large_image\" \/>\n<meta name=\"twitter:label1\" content=\"Written by\" \/>\n\t<meta name=\"twitter:data1\" content=\"We Love Cycling\" \/>\n\t<meta name=\"twitter:label2\" content=\"Est. reading time\" \/>\n\t<meta name=\"twitter:data2\" content=\"6\" \/>\n<script type=\"application\/ld+json\" class=\"yoast-schema-graph\">{\"@context\":\"https:\/\/schema.org\",\"@graph\":[{\"@type\":\"WebPage\",\"@id\":\"https:\/\/www.welovecycling.com\/cs\/2020\/07\/12\/chris-froome-ukaze-i-schopnosti-maratonce\/\",\"url\":\"https:\/\/www.welovecycling.com\/cs\/2020\/07\/12\/chris-froome-ukaze-i-schopnosti-maratonce\/\",\"name\":\"Chris Froome uk\u00e1\u017ee i schopnosti maratonce | \u0160koda We Love Cycling - \u010cesk\u00e1 republika\",\"isPartOf\":{\"@id\":\"https:\/\/www.welovecycling.com\/cs\/#website\"},\"primaryImageOfPage\":{\"@id\":\"https:\/\/www.welovecycling.com\/cs\/2020\/07\/12\/chris-froome-ukaze-i-schopnosti-maratonce\/#primaryimage\"},\"image\":{\"@id\":\"https:\/\/www.welovecycling.com\/cs\/2020\/07\/12\/chris-froome-ukaze-i-schopnosti-maratonce\/#primaryimage\"},\"thumbnailUrl\":\"https:\/\/d2p6e6u75xmxt8.cloudfront.net\/13\/2024\/06\/profimedia-0294076929.webp\",\"datePublished\":\"2020-07-12T03:38:47+00:00\",\"dateModified\":\"2025-06-12T03:46:02+00:00\",\"author\":{\"@id\":\"https:\/\/www.welovecycling.com\/cs\/#\/schema\/person\/d9eeb0a378f3a7e4a6d12d2b536b04b8\"},\"description\":\"V\u00edt\u011bzn\u00fd hattrick je zpe\u010det\u011bn! Chris Froome v dresy Sky pot\u0159et\u00ed v kari\u00e9\u0159e ovl\u00e1dne Tour de France. P\u0159\u00edb\u011bh v\u00edt\u011bzn\u00e9 trofeje roku 2016 je p\u0159ipom\u00ednkou dominantn\u00ed v\u00fdkonnosti, ale zejm\u00e9na v\u00fdjime\u010dn\u00e9 v\u0161estrannosti. V\u017edy\u0165 pro v\u00edt\u011bzstv\u00ed rod\u00e1k z Keni na trase uk\u00e1zal i schopnosti maratonce!\",\"inLanguage\":\"cs\",\"potentialAction\":[{\"@type\":\"ReadAction\",\"target\":[\"https:\/\/www.welovecycling.com\/cs\/2020\/07\/12\/chris-froome-ukaze-i-schopnosti-maratonce\/\"]}]},{\"@type\":\"ImageObject\",\"inLanguage\":\"cs\",\"@id\":\"https:\/\/www.welovecycling.com\/cs\/2020\/07\/12\/chris-froome-ukaze-i-schopnosti-maratonce\/#primaryimage\",\"url\":\"https:\/\/d2p6e6u75xmxt8.cloudfront.net\/13\/2024\/06\/profimedia-0294076929.webp\",\"contentUrl\":\"https:\/\/d2p6e6u75xmxt8.cloudfront.net\/13\/2024\/06\/profimedia-0294076929.webp\",\"width\":1800,\"height\":1200,\"caption\":\"Chris Froome na Tour de France 2016\"},{\"@type\":\"WebSite\",\"@id\":\"https:\/\/www.welovecycling.com\/cs\/#website\",\"url\":\"https:\/\/www.welovecycling.com\/cs\/\",\"name\":\"\u0160koda We Love Cycling - \u010cesk\u00e1 republika\",\"description\":\"WeLoveCycling.cz je online magaz\u00edn, kter\u00fd v\u00e1m pravideln\u011b p\u0159in\u00e1\u0161\u00ed rady a tipy, zaj\u00edmav\u00e9 \u010dl\u00e1nky, videa a jedine\u010dn\u00e9 report\u00e1\u017ee ze sv\u011bta cyklistiky.\",\"potentialAction\":[{\"@type\":\"SearchAction\",\"target\":{\"@type\":\"EntryPoint\",\"urlTemplate\":\"https:\/\/www.welovecycling.com\/cs\/?s={search_term_string}\"},\"query-input\":{\"@type\":\"PropertyValueSpecification\",\"valueRequired\":true,\"valueName\":\"search_term_string\"}}],\"inLanguage\":\"cs\"},{\"@type\":\"Person\",\"@id\":\"https:\/\/www.welovecycling.com\/cs\/#\/schema\/person\/d9eeb0a378f3a7e4a6d12d2b536b04b8\",\"name\":\"radekmalina\",\"image\":{\"@type\":\"ImageObject\",\"inLanguage\":\"cs\",\"@id\":\"https:\/\/www.welovecycling.com\/cs\/#\/schema\/person\/image\/\",\"url\":\"https:\/\/secure.gravatar.com\/avatar\/66994b632cb8c39a46b9f54afa3ae07201b678d32a54275b6f1c9ffec356bfc0?s=96&d=mm&r=g\",\"contentUrl\":\"https:\/\/secure.gravatar.com\/avatar\/66994b632cb8c39a46b9f54afa3ae07201b678d32a54275b6f1c9ffec356bfc0?s=96&d=mm&r=g\",\"caption\":\"radekmalina\"},\"url\":\"https:\/\/www.welovecycling.com\/cs\/author\/radekmalina\/\"}]}<\/script>\n<!-- \/ Yoast SEO Premium plugin. -->","yoast_head_json":{"title":"Chris Froome uk\u00e1\u017ee i schopnosti maratonce | \u0160koda We Love Cycling - \u010cesk\u00e1 republika","description":"V\u00edt\u011bzn\u00fd hattrick je zpe\u010det\u011bn! Chris Froome v dresy Sky pot\u0159et\u00ed v kari\u00e9\u0159e ovl\u00e1dne Tour de France. P\u0159\u00edb\u011bh v\u00edt\u011bzn\u00e9 trofeje roku 2016 je p\u0159ipom\u00ednkou dominantn\u00ed v\u00fdkonnosti, ale zejm\u00e9na v\u00fdjime\u010dn\u00e9 v\u0161estrannosti. V\u017edy\u0165 pro v\u00edt\u011bzstv\u00ed rod\u00e1k z Keni na trase uk\u00e1zal i schopnosti maratonce!","robots":{"index":"index","follow":"follow","max-snippet":"max-snippet:-1","max-image-preview":"max-image-preview:large","max-video-preview":"max-video-preview:-1"},"canonical":"https:\/\/www.welovecycling.com\/cs\/2020\/07\/12\/chris-froome-ukaze-i-schopnosti-maratonce\/","og_locale":"cs_CZ","og_type":"article","og_title":"Chris Froome uk\u00e1\u017ee i schopnosti maratonce","og_description":"V\u00edt\u011bzn\u00fd hattrick je zpe\u010det\u011bn! Chris Froome v dresy Sky pot\u0159et\u00ed v kari\u00e9\u0159e ovl\u00e1dne Tour de France. P\u0159\u00edb\u011bh v\u00edt\u011bzn\u00e9 trofeje roku 2016 je p\u0159ipom\u00ednkou dominantn\u00ed v\u00fdkonnosti, ale zejm\u00e9na v\u00fdjime\u010dn\u00e9 v\u0161estrannosti. V\u017edy\u0165 pro v\u00edt\u011bzstv\u00ed rod\u00e1k z Keni na trase uk\u00e1zal i schopnosti maratonce!","og_url":"https:\/\/www.welovecycling.com\/cs\/2020\/07\/12\/chris-froome-ukaze-i-schopnosti-maratonce\/","og_site_name":"\u0160koda We Love Cycling - \u010cesk\u00e1 republika","article_published_time":"2020-07-12T03:38:47+00:00","article_modified_time":"2025-06-12T03:46:02+00:00","og_image":[{"width":1800,"height":1200,"url":"https:\/\/d2p6e6u75xmxt8.cloudfront.net\/13\/2024\/06\/profimedia-0294076929.webp","type":"image\/webp"}],"author":"radekmalina","twitter_card":"summary_large_image","twitter_misc":{"Written by":"We Love Cycling","Est. reading time":"6"},"schema":{"@context":"https:\/\/schema.org","@graph":[{"@type":"WebPage","@id":"https:\/\/www.welovecycling.com\/cs\/2020\/07\/12\/chris-froome-ukaze-i-schopnosti-maratonce\/","url":"https:\/\/www.welovecycling.com\/cs\/2020\/07\/12\/chris-froome-ukaze-i-schopnosti-maratonce\/","name":"Chris Froome uk\u00e1\u017ee i schopnosti maratonce | \u0160koda We Love Cycling - \u010cesk\u00e1 republika","isPartOf":{"@id":"https:\/\/www.welovecycling.com\/cs\/#website"},"primaryImageOfPage":{"@id":"https:\/\/www.welovecycling.com\/cs\/2020\/07\/12\/chris-froome-ukaze-i-schopnosti-maratonce\/#primaryimage"},"image":{"@id":"https:\/\/www.welovecycling.com\/cs\/2020\/07\/12\/chris-froome-ukaze-i-schopnosti-maratonce\/#primaryimage"},"thumbnailUrl":"https:\/\/d2p6e6u75xmxt8.cloudfront.net\/13\/2024\/06\/profimedia-0294076929.webp","datePublished":"2020-07-12T03:38:47+00:00","dateModified":"2025-06-12T03:46:02+00:00","author":{"@id":"https:\/\/www.welovecycling.com\/cs\/#\/schema\/person\/d9eeb0a378f3a7e4a6d12d2b536b04b8"},"description":"V\u00edt\u011bzn\u00fd hattrick je zpe\u010det\u011bn! Chris Froome v dresy Sky pot\u0159et\u00ed v kari\u00e9\u0159e ovl\u00e1dne Tour de France. P\u0159\u00edb\u011bh v\u00edt\u011bzn\u00e9 trofeje roku 2016 je p\u0159ipom\u00ednkou dominantn\u00ed v\u00fdkonnosti, ale zejm\u00e9na v\u00fdjime\u010dn\u00e9 v\u0161estrannosti. V\u017edy\u0165 pro v\u00edt\u011bzstv\u00ed rod\u00e1k z Keni na trase uk\u00e1zal i schopnosti maratonce!","inLanguage":"cs","potentialAction":[{"@type":"ReadAction","target":["https:\/\/www.welovecycling.com\/cs\/2020\/07\/12\/chris-froome-ukaze-i-schopnosti-maratonce\/"]}]},{"@type":"ImageObject","inLanguage":"cs","@id":"https:\/\/www.welovecycling.com\/cs\/2020\/07\/12\/chris-froome-ukaze-i-schopnosti-maratonce\/#primaryimage","url":"https:\/\/d2p6e6u75xmxt8.cloudfront.net\/13\/2024\/06\/profimedia-0294076929.webp","contentUrl":"https:\/\/d2p6e6u75xmxt8.cloudfront.net\/13\/2024\/06\/profimedia-0294076929.webp","width":1800,"height":1200,"caption":"Chris Froome na Tour de France 2016"},{"@type":"WebSite","@id":"https:\/\/www.welovecycling.com\/cs\/#website","url":"https:\/\/www.welovecycling.com\/cs\/","name":"\u0160koda We Love Cycling - \u010cesk\u00e1 republika","description":"WeLoveCycling.cz je online magaz\u00edn, kter\u00fd v\u00e1m pravideln\u011b p\u0159in\u00e1\u0161\u00ed rady a tipy, zaj\u00edmav\u00e9 \u010dl\u00e1nky, videa a jedine\u010dn\u00e9 report\u00e1\u017ee ze sv\u011bta cyklistiky.","potentialAction":[{"@type":"SearchAction","target":{"@type":"EntryPoint","urlTemplate":"https:\/\/www.welovecycling.com\/cs\/?s={search_term_string}"},"query-input":{"@type":"PropertyValueSpecification","valueRequired":true,"valueName":"search_term_string"}}],"inLanguage":"cs"},{"@type":"Person","@id":"https:\/\/www.welovecycling.com\/cs\/#\/schema\/person\/d9eeb0a378f3a7e4a6d12d2b536b04b8","name":"radekmalina","image":{"@type":"ImageObject","inLanguage":"cs","@id":"https:\/\/www.welovecycling.com\/cs\/#\/schema\/person\/image\/","url":"https:\/\/secure.gravatar.com\/avatar\/66994b632cb8c39a46b9f54afa3ae07201b678d32a54275b6f1c9ffec356bfc0?s=96&d=mm&r=g","contentUrl":"https:\/\/secure.gravatar.com\/avatar\/66994b632cb8c39a46b9f54afa3ae07201b678d32a54275b6f1c9ffec356bfc0?s=96&d=mm&r=g","caption":"radekmalina"},"url":"https:\/\/www.welovecycling.com\/cs\/author\/radekmalina\/"}]}},"_links":{"self":[{"href":"https:\/\/www.welovecycling.com\/cs\/wp-json\/wp\/v2\/posts\/29460","targetHints":{"allow":["GET"]}}],"collection":[{"href":"https:\/\/www.welovecycling.com\/cs\/wp-json\/wp\/v2\/posts"}],"about":[{"href":"https:\/\/www.welovecycling.com\/cs\/wp-json\/wp\/v2\/types\/post"}],"author":[{"embeddable":true,"href":"https:\/\/www.welovecycling.com\/cs\/wp-json\/wp\/v2\/users\/138"}],"replies":[{"embeddable":true,"href":"https:\/\/www.welovecycling.com\/cs\/wp-json\/wp\/v2\/comments?post=29460"}],"version-history":[{"count":1,"href":"https:\/\/www.welovecycling.com\/cs\/wp-json\/wp\/v2\/posts\/29460\/revisions"}],"predecessor-version":[{"id":29461,"href":"https:\/\/www.welovecycling.com\/cs\/wp-json\/wp\/v2\/posts\/29460\/revisions\/29461"}],"wp:featuredmedia":[{"embeddable":true,"href":"https:\/\/www.welovecycling.com\/cs\/wp-json\/wp\/v2\/media\/26112"}],"wp:attachment":[{"href":"https:\/\/www.welovecycling.com\/cs\/wp-json\/wp\/v2\/media?parent=29460"}],"wp:term":[{"taxonomy":"category","embeddable":true,"href":"https:\/\/www.welovecycling.com\/cs\/wp-json\/wp\/v2\/categories?post=29460"},{"taxonomy":"post_tag","embeddable":true,"href":"https:\/\/www.welovecycling.com\/cs\/wp-json\/wp\/v2\/tags?post=29460"},{"taxonomy":"global-categories","embeddable":true,"href":"https:\/\/www.welovecycling.com\/cs\/wp-json\/wp\/v2\/global-categories?post=29460"}],"curies":[{"name":"wp","href":"https:\/\/api.w.org\/{rel}","templated":true}]}}