{"id":29453,"date":"2021-07-19T22:18:11","date_gmt":"2021-07-19T20:18:11","guid":{"rendered":"https:\/\/www.welovecycling.com\/cs\/?p=29453"},"modified":"2025-06-12T05:27:42","modified_gmt":"2025-06-12T03:27:42","slug":"nadpozemsky-comeback","status":"publish","type":"post","link":"https:\/\/www.welovecycling.com\/cs\/2021\/07\/19\/nadpozemsky-comeback\/","title":{"rendered":"Nadpozemsk\u00fd comeback"},"content":{"rendered":"<p><strong>Vzep\u0159el se osudu. P\u0159edvedl nadpozemsk\u00fd comeback. P\u0159itom byl jak pra\u0161iv\u00fd pes na odpis. Vyhr\u00e1l t\u0159icet etap na Tour de France, ale v zim\u011b 2021 mu nikdo nechce d\u00e1t pr\u00e1ci. Marn\u011b p\u0159esv\u011bd\u010duje kl\u00ed\u010dov\u00e9 lidi, \u017ee je\u0161t\u011b nen\u00ed tak star\u00fd. Mark Cavendish prost\u011b v profesion\u00e1ln\u00edm pelotonu v p\u011btat\u0159iceti nen\u00ed v\u00edtan\u00fd. A p\u0159ece v l\u00e9t\u011b toho roku senza\u010dn\u011b vyhraje \u010dty\u0159i etapy na Grande Boucle a podruh\u00e9 v kari\u00e9\u0159e vybojuje zelen\u00fd dres pro v\u00edt\u011bze bodovac\u00ed sout\u011b\u017ee \u0160koda Auto. Jak, kdy\u017e jej v\u0161ichni odm\u00edtli?<\/strong><\/p>\n<p>Mark Cavendish je jen st\u00ednem nezastaviteln\u00e9ho spurtera. Kdy\u017e se zkou\u0161\u00ed dohodnout na anga\u017em\u00e1, je dv\u011b sezony bez jedin\u00e9ho v\u00edt\u011bzstv\u00ed. A pokud by si nepo\u010d\u00edtal triumf v etap\u011b p\u0159i Ab\u00fa Dhab\u00ed Tour 2017, respektive Dubai Tour 2018, zela by nula na kont\u011b u\u017e \u010dty\u0159i roky! V dob\u00e1ch nejv\u011bt\u0161\u00ed sl\u00e1vy bral ro\u010dn\u011b t\u0159i miliony eur plus bonusy za v\u00fdhry, kter\u00e9 se jen sypaly.<\/p>\n<h2><strong>Z\u00e1chrana ze soucitu<\/strong><\/h2>\n<p>Ale te\u010f? U\u017e se schyluje k odchodu do d\u016fchodu, kdy\u017e b\u00fdval\u00fd chlebod\u00e1rce a star\u00fd li\u0161\u00e1k Patrick Lefevere hod\u00ed Cavendishovi ze soucitu z\u00e1chrann\u00e9 lano: &#8222;\u0160ampioni zasluhuj\u00ed lep\u0161\u00ed konec.&#8220;<\/p>\n<figure id=\"attachment_12574\" aria-describedby=\"caption-attachment-12574\" style=\"width: 845px\" class=\"wp-caption alignnone\"><a href=\"https:\/\/d2p6e6u75xmxt8.cloudfront.net\/13\/2021\/04\/jakobsen-cavendish.webp\"><img loading=\"lazy\" decoding=\"async\" class=\" wp-image-12574\" src=\"https:\/\/d2p6e6u75xmxt8.cloudfront.net\/13\/2021\/04\/jakobsen-cavendish.webp\" alt=\"Fabio Jakobsen a Mark Cavendish p\u0159i z\u00e1vod\u011b Kolem Turecka.\" width=\"845\" height=\"842\" srcset=\"https:\/\/d2p6e6u75xmxt8.cloudfront.net\/13\/2021\/04\/jakobsen-cavendish.webp 684w, https:\/\/d2p6e6u75xmxt8.cloudfront.net\/13\/2021\/04\/jakobsen-cavendish-300x300.webp 300w, https:\/\/d2p6e6u75xmxt8.cloudfront.net\/13\/2021\/04\/jakobsen-cavendish-150x150.webp 150w\" sizes=\"auto, (max-width: 845px) 100vw, 845px\" \/><\/a><figcaption id=\"caption-attachment-12574\" class=\"wp-caption-text\"><em>Fabio Jakobsen a Mark Cavendish p\u0159i z\u00e1vod\u011b Kolem Turecka. Foto: Stuart Franklin\/Getty Images\/Deceuninck Quick Step<\/em><\/figcaption><\/figure>\n<p>Mark Cavendish mus\u00ed p\u0159ijmout minim\u00e1ln\u00ed plat na\u0159\u00edzen\u00fd regulemi UCI. A to je\u0161t\u011b pades\u00e1t procent kryje osobn\u00ed sponzor britsk\u00e9ho cyklisty, kter\u00fd se vypo\u0159\u00e1dal s poruchou imunitn\u00edho syst\u00e9mu, v\u0161emi zran\u011bn\u00edmi i psychick\u00fdmi depresemi. Kdy\u017e p\u0159i etap\u00e1ku v Turecku vyhraje \u010dty\u0159i etapy, nikdo nep\u0159ikl\u00e1d\u00e1 vzk\u0159\u00ed\u0161en\u00ed britsk\u00e9ho veter\u00e1na pozornost. Do nominace na <a href=\"https:\/\/www.welovecycling.com\/cs\/2021\/06\/25\/tour-de-france-2021-a-hlavni-adepti-zluteho-trikotu\/\">Tour de France 2021<\/a> se nevejde.<\/p>\n<h2><strong>Mark Cavendish jel pro zelen\u00fd trikot jako n\u00e1hradn\u00edk<\/strong><\/h2>\n<p>Jen\u017ee Sam Bennett, obh\u00e1jce zelen\u00e9ho dresu a spurtersk\u00e1 jedni\u010dka sestavy Quick Step, si poran\u00ed koleno. A tak tro\u0161ku licituje ohledn\u011b nov\u00e9 smlouvy. A tak Mark Cavendish p\u0159eci jen stoj\u00ed v Brestu na startu svoj\u00ed t\u0159in\u00e1ct\u00e9 Tour de France.<\/p>\n<figure id=\"attachment_13645\" aria-describedby=\"caption-attachment-13645\" style=\"width: 1920px\" class=\"wp-caption alignnone\"><a href=\"https:\/\/d2p6e6u75xmxt8.cloudfront.net\/13\/2021\/07\/Mark-Cavendish-Tour-de-France-Stage-10-Green-Jersey-_Tim-De-Waele-Getty-Images-scaled.webp\"><img loading=\"lazy\" decoding=\"async\" class=\"size-extra-large wp-image-13645\" src=\"https:\/\/d2p6e6u75xmxt8.cloudfront.net\/13\/2021\/07\/Mark-Cavendish-Tour-de-France-Stage-10-Green-Jersey-_Tim-De-Waele-Getty-Images-scaled-1920x1282.webp\" alt=\"Mark-Cavendish-Tour-de-France-Stage-10-Green-Jersey-_Tim-De-Waele-Getty-Images\" width=\"1920\" height=\"1282\" srcset=\"https:\/\/d2p6e6u75xmxt8.cloudfront.net\/13\/2021\/07\/Mark-Cavendish-Tour-de-France-Stage-10-Green-Jersey-_Tim-De-Waele-Getty-Images-scaled-1920x1282.webp 1920w, https:\/\/d2p6e6u75xmxt8.cloudfront.net\/13\/2021\/07\/Mark-Cavendish-Tour-de-France-Stage-10-Green-Jersey-_Tim-De-Waele-Getty-Images-scaled-300x200.webp 300w, https:\/\/d2p6e6u75xmxt8.cloudfront.net\/13\/2021\/07\/Mark-Cavendish-Tour-de-France-Stage-10-Green-Jersey-_Tim-De-Waele-Getty-Images-scaled-1024x684.webp 1024w, https:\/\/d2p6e6u75xmxt8.cloudfront.net\/13\/2021\/07\/Mark-Cavendish-Tour-de-France-Stage-10-Green-Jersey-_Tim-De-Waele-Getty-Images-scaled-768x513.webp 768w, https:\/\/d2p6e6u75xmxt8.cloudfront.net\/13\/2021\/07\/Mark-Cavendish-Tour-de-France-Stage-10-Green-Jersey-_Tim-De-Waele-Getty-Images-scaled-1536x1025.webp 1536w, https:\/\/d2p6e6u75xmxt8.cloudfront.net\/13\/2021\/07\/Mark-Cavendish-Tour-de-France-Stage-10-Green-Jersey-_Tim-De-Waele-Getty-Images-scaled-2048x1367.webp 2048w, https:\/\/d2p6e6u75xmxt8.cloudfront.net\/13\/2021\/07\/Mark-Cavendish-Tour-de-France-Stage-10-Green-Jersey-_Tim-De-Waele-Getty-Images-scaled-272x182.webp 272w, https:\/\/d2p6e6u75xmxt8.cloudfront.net\/13\/2021\/07\/Mark-Cavendish-Tour-de-France-Stage-10-Green-Jersey-_Tim-De-Waele-Getty-Images-scaled-1920x1282.webp 1920w\" sizes=\"auto, (max-width: 1920px) 100vw, 1920px\" \/><\/a><figcaption id=\"caption-attachment-13645\" class=\"wp-caption-text\"><em>Mark Cavendish v zelen\u00e9m trikotu po des\u00e1t\u00e9 etap\u011b Tour de France 2020. Foto: Deceuninck Quick Step\/Tim De Waele\/Getty Images<\/em><\/figcaption><\/figure>\n<p>Je tu sedmin\u00e1sobn\u00fd kr\u00e1l zelen\u00e9ho dresu Peter Sagan. \u0160ampion bodovac\u00ed sout\u011b\u017ee z roku 2017 Michael Matthews. Francouz Arnaud D\u00e9mare, kter\u00fd ovl\u00e1dl bodovac\u00ed sout\u011b\u017e p\u0159i Giro d\u2019Italia 2020. Pak mlad\u00e9 a d\u011blov\u00e9 pu\u0161ky jako Caleb Ewan, Mathieu van der Poel \u010di Wout van Aert. S\u00e1zkov\u00e9 kancel\u00e1\u0159e Cavendishe v\u016fbec nezahrnou mezi p\u011bt nej\u017ehav\u011bj\u0161\u00edch aspirant\u016f na dres sponzorovan\u00fd mladoboleslavskou zna\u010dkou.<\/p>\n<p>T\u0159i zvln\u011bn\u00e9 etapy p\u0159e\u010dk\u00e1 na chvostu bal\u00edku. A pak? Bum. Mark Cavendish v\u00edt\u011bz\u00ed ve \u010dtvrt\u00e9 etap\u011b! Ovl\u00e1dne je\u0161t\u011b spurt \u0161est\u00e9, des\u00e1t\u00e9 a t\u0159in\u00e1ct\u00e9. M\u00e1 stoprocentn\u00ed bilanci. \u010cty\u0159ikr\u00e1t jde do bitvy o v\u00fdhru. \u010cty\u0159ikr\u00e1t slav\u00ed. Vyrovn\u00e1 rekord, kter\u00fd dr\u017e\u00ed Eddy Merckx. \u010cty\u0159iat\u0159icet etapov\u00fdch prvenstv\u00ed!<\/p>\n","protected":false},"excerpt":{"rendered":"<p>Vzep\u0159el se osudu. P\u0159edvedl nadpozemsk\u00fd comeback. P\u0159itom byl jak pra\u0161iv\u00fd pes na odpis. Vyhr\u00e1l t\u0159icet etap na Tour de France, [&hellip;]<\/p>\n","protected":false},"author":138,"featured_media":13648,"comment_status":"open","ping_status":"open","sticky":false,"template":"","format":"standard","meta":{"footnotes":""},"categories":[10],"tags":[126,361,9,1250],"global-categories":[411],"class_list":["post-29453","post","type-post","status-publish","format-standard","has-post-thumbnail","hentry","category-silnicni-cyklistika","tag-cyklistika","tag-mark-cavendish","tag-silnicni-cyklistika","tag-tour-de-france-2021","global-categories-cycling"],"yoast_head":"<!-- This site is optimized with the Yoast SEO Premium plugin v25.3 (Yoast SEO v25.9) - https:\/\/yoast.com\/wordpress\/plugins\/seo\/ -->\n<title>Nadpozemsk\u00fd comeback | \u0160koda We Love Cycling - \u010cesk\u00e1 republika<\/title>\n<meta name=\"description\" content=\"Vzep\u0159el se osudu. P\u0159edvedl nadpozemsk\u00fd comeback. P\u0159itom byl jak pra\u0161iv\u00fd pes na odpis. Vyhr\u00e1l t\u0159icet etap na Tour de France, ale v zim\u011b 2021 mu nikdo nechce d\u00e1t pr\u00e1ci. Marn\u011b p\u0159esv\u011bd\u010duje kl\u00ed\u010dov\u00e9 lidi, \u017ee je\u0161t\u011b nen\u00ed tak star\u00fd. Mark Cavendish prost\u011b v profesion\u00e1ln\u00edm pelotonu v p\u011btat\u0159iceti nen\u00ed v\u00edtan\u00fd. A p\u0159ece v l\u00e9t\u011b toho roku senza\u010dn\u011b vyhraje \u010dty\u0159i etapy na Grande Boucle a podruh\u00e9 v kari\u00e9\u0159e vybojuje zelen\u00fd dres pro v\u00edt\u011bze bodovac\u00ed sout\u011b\u017ee \u0160koda Auto. Jak, kdy\u017e jej v\u0161ichni odm\u00edtli?\" \/>\n<meta name=\"robots\" content=\"index, follow, max-snippet:-1, max-image-preview:large, max-video-preview:-1\" \/>\n<link rel=\"canonical\" href=\"https:\/\/www.welovecycling.com\/cs\/2021\/07\/19\/nadpozemsky-comeback\/\" \/>\n<meta property=\"og:locale\" content=\"cs_CZ\" \/>\n<meta property=\"og:type\" content=\"article\" \/>\n<meta property=\"og:title\" content=\"Nadpozemsk\u00fd comeback\" \/>\n<meta property=\"og:description\" content=\"Vzep\u0159el se osudu. P\u0159edvedl nadpozemsk\u00fd comeback. P\u0159itom byl jak pra\u0161iv\u00fd pes na odpis. Vyhr\u00e1l t\u0159icet etap na Tour de France, ale v zim\u011b 2021 mu nikdo nechce d\u00e1t pr\u00e1ci. Marn\u011b p\u0159esv\u011bd\u010duje kl\u00ed\u010dov\u00e9 lidi, \u017ee je\u0161t\u011b nen\u00ed tak star\u00fd. Mark Cavendish prost\u011b v profesion\u00e1ln\u00edm pelotonu v p\u011btat\u0159iceti nen\u00ed v\u00edtan\u00fd. A p\u0159ece v l\u00e9t\u011b toho roku senza\u010dn\u011b vyhraje \u010dty\u0159i etapy na Grande Boucle a podruh\u00e9 v kari\u00e9\u0159e vybojuje zelen\u00fd dres pro v\u00edt\u011bze bodovac\u00ed sout\u011b\u017ee \u0160koda Auto. Jak, kdy\u017e jej v\u0161ichni odm\u00edtli?\" \/>\n<meta property=\"og:url\" content=\"https:\/\/www.welovecycling.com\/cs\/2021\/07\/19\/nadpozemsky-comeback\/\" \/>\n<meta property=\"og:site_name\" content=\"\u0160koda We Love Cycling - \u010cesk\u00e1 republika\" \/>\n<meta property=\"article:published_time\" content=\"2021-07-19T20:18:11+00:00\" \/>\n<meta property=\"article:modified_time\" content=\"2025-06-12T03:27:42+00:00\" \/>\n<meta property=\"og:image\" content=\"https:\/\/d2p6e6u75xmxt8.cloudfront.net\/13\/2021\/07\/Mark-Cavendish-Tour-de-France-Stage-13-Victory-_Tim-De-Waele-Getty-Images-scaled.webp\" \/>\n\t<meta property=\"og:image:width\" content=\"2560\" \/>\n\t<meta property=\"og:image:height\" content=\"1757\" \/>\n\t<meta property=\"og:image:type\" content=\"image\/webp\" \/>\n<meta name=\"author\" content=\"radekmalina\" \/>\n<meta name=\"twitter:card\" content=\"summary_large_image\" \/>\n<meta name=\"twitter:label1\" content=\"Written by\" \/>\n\t<meta name=\"twitter:data1\" content=\"We Love Cycling\" \/>\n\t<meta name=\"twitter:label2\" content=\"Est. reading time\" \/>\n\t<meta name=\"twitter:data2\" content=\"6\" \/>\n<script type=\"application\/ld+json\" class=\"yoast-schema-graph\">{\"@context\":\"https:\/\/schema.org\",\"@graph\":[{\"@type\":\"WebPage\",\"@id\":\"https:\/\/www.welovecycling.com\/cs\/2021\/07\/19\/nadpozemsky-comeback\/\",\"url\":\"https:\/\/www.welovecycling.com\/cs\/2021\/07\/19\/nadpozemsky-comeback\/\",\"name\":\"Nadpozemsk\u00fd comeback | \u0160koda We Love Cycling - \u010cesk\u00e1 republika\",\"isPartOf\":{\"@id\":\"https:\/\/www.welovecycling.com\/cs\/#website\"},\"primaryImageOfPage\":{\"@id\":\"https:\/\/www.welovecycling.com\/cs\/2021\/07\/19\/nadpozemsky-comeback\/#primaryimage\"},\"image\":{\"@id\":\"https:\/\/www.welovecycling.com\/cs\/2021\/07\/19\/nadpozemsky-comeback\/#primaryimage\"},\"thumbnailUrl\":\"https:\/\/d2p6e6u75xmxt8.cloudfront.net\/13\/2021\/07\/Mark-Cavendish-Tour-de-France-Stage-13-Victory-_Tim-De-Waele-Getty-Images-scaled.webp\",\"datePublished\":\"2021-07-19T20:18:11+00:00\",\"dateModified\":\"2025-06-12T03:27:42+00:00\",\"author\":{\"@id\":\"https:\/\/www.welovecycling.com\/cs\/#\/schema\/person\/d9eeb0a378f3a7e4a6d12d2b536b04b8\"},\"description\":\"Vzep\u0159el se osudu. P\u0159edvedl nadpozemsk\u00fd comeback. P\u0159itom byl jak pra\u0161iv\u00fd pes na odpis. Vyhr\u00e1l t\u0159icet etap na Tour de France, ale v zim\u011b 2021 mu nikdo nechce d\u00e1t pr\u00e1ci. Marn\u011b p\u0159esv\u011bd\u010duje kl\u00ed\u010dov\u00e9 lidi, \u017ee je\u0161t\u011b nen\u00ed tak star\u00fd. Mark Cavendish prost\u011b v profesion\u00e1ln\u00edm pelotonu v p\u011btat\u0159iceti nen\u00ed v\u00edtan\u00fd. A p\u0159ece v l\u00e9t\u011b toho roku senza\u010dn\u011b vyhraje \u010dty\u0159i etapy na Grande Boucle a podruh\u00e9 v kari\u00e9\u0159e vybojuje zelen\u00fd dres pro v\u00edt\u011bze bodovac\u00ed sout\u011b\u017ee \u0160koda Auto. Jak, kdy\u017e jej v\u0161ichni odm\u00edtli?\",\"inLanguage\":\"cs\",\"potentialAction\":[{\"@type\":\"ReadAction\",\"target\":[\"https:\/\/www.welovecycling.com\/cs\/2021\/07\/19\/nadpozemsky-comeback\/\"]}]},{\"@type\":\"ImageObject\",\"inLanguage\":\"cs\",\"@id\":\"https:\/\/www.welovecycling.com\/cs\/2021\/07\/19\/nadpozemsky-comeback\/#primaryimage\",\"url\":\"https:\/\/d2p6e6u75xmxt8.cloudfront.net\/13\/2021\/07\/Mark-Cavendish-Tour-de-France-Stage-13-Victory-_Tim-De-Waele-Getty-Images-scaled.webp\",\"contentUrl\":\"https:\/\/d2p6e6u75xmxt8.cloudfront.net\/13\/2021\/07\/Mark-Cavendish-Tour-de-France-Stage-13-Victory-_Tim-De-Waele-Getty-Images-scaled.webp\",\"width\":2560,\"height\":1757,\"caption\":\"Hv\u011bzdy v \u010cesku? Mark Cavendish by rozhodn\u011b pat\u0159il k nejv\u011bt\u0161\u00edm cyklistick\u00fdm celebrit\u00e1m na \u010desk\u00fdch silnic\u00edch\"},{\"@type\":\"WebSite\",\"@id\":\"https:\/\/www.welovecycling.com\/cs\/#website\",\"url\":\"https:\/\/www.welovecycling.com\/cs\/\",\"name\":\"\u0160koda We Love Cycling - \u010cesk\u00e1 republika\",\"description\":\"WeLoveCycling.cz je online magaz\u00edn, kter\u00fd v\u00e1m pravideln\u011b p\u0159in\u00e1\u0161\u00ed rady a tipy, zaj\u00edmav\u00e9 \u010dl\u00e1nky, videa a jedine\u010dn\u00e9 report\u00e1\u017ee ze sv\u011bta cyklistiky.\",\"potentialAction\":[{\"@type\":\"SearchAction\",\"target\":{\"@type\":\"EntryPoint\",\"urlTemplate\":\"https:\/\/www.welovecycling.com\/cs\/?s={search_term_string}\"},\"query-input\":{\"@type\":\"PropertyValueSpecification\",\"valueRequired\":true,\"valueName\":\"search_term_string\"}}],\"inLanguage\":\"cs\"},{\"@type\":\"Person\",\"@id\":\"https:\/\/www.welovecycling.com\/cs\/#\/schema\/person\/d9eeb0a378f3a7e4a6d12d2b536b04b8\",\"name\":\"radekmalina\",\"image\":{\"@type\":\"ImageObject\",\"inLanguage\":\"cs\",\"@id\":\"https:\/\/www.welovecycling.com\/cs\/#\/schema\/person\/image\/\",\"url\":\"https:\/\/secure.gravatar.com\/avatar\/66994b632cb8c39a46b9f54afa3ae07201b678d32a54275b6f1c9ffec356bfc0?s=96&d=mm&r=g\",\"contentUrl\":\"https:\/\/secure.gravatar.com\/avatar\/66994b632cb8c39a46b9f54afa3ae07201b678d32a54275b6f1c9ffec356bfc0?s=96&d=mm&r=g\",\"caption\":\"radekmalina\"},\"url\":\"https:\/\/www.welovecycling.com\/cs\/author\/radekmalina\/\"}]}<\/script>\n<!-- \/ Yoast SEO Premium plugin. -->","yoast_head_json":{"title":"Nadpozemsk\u00fd comeback | \u0160koda We Love Cycling - \u010cesk\u00e1 republika","description":"Vzep\u0159el se osudu. P\u0159edvedl nadpozemsk\u00fd comeback. P\u0159itom byl jak pra\u0161iv\u00fd pes na odpis. Vyhr\u00e1l t\u0159icet etap na Tour de France, ale v zim\u011b 2021 mu nikdo nechce d\u00e1t pr\u00e1ci. Marn\u011b p\u0159esv\u011bd\u010duje kl\u00ed\u010dov\u00e9 lidi, \u017ee je\u0161t\u011b nen\u00ed tak star\u00fd. Mark Cavendish prost\u011b v profesion\u00e1ln\u00edm pelotonu v p\u011btat\u0159iceti nen\u00ed v\u00edtan\u00fd. A p\u0159ece v l\u00e9t\u011b toho roku senza\u010dn\u011b vyhraje \u010dty\u0159i etapy na Grande Boucle a podruh\u00e9 v kari\u00e9\u0159e vybojuje zelen\u00fd dres pro v\u00edt\u011bze bodovac\u00ed sout\u011b\u017ee \u0160koda Auto. Jak, kdy\u017e jej v\u0161ichni odm\u00edtli?","robots":{"index":"index","follow":"follow","max-snippet":"max-snippet:-1","max-image-preview":"max-image-preview:large","max-video-preview":"max-video-preview:-1"},"canonical":"https:\/\/www.welovecycling.com\/cs\/2021\/07\/19\/nadpozemsky-comeback\/","og_locale":"cs_CZ","og_type":"article","og_title":"Nadpozemsk\u00fd comeback","og_description":"Vzep\u0159el se osudu. P\u0159edvedl nadpozemsk\u00fd comeback. P\u0159itom byl jak pra\u0161iv\u00fd pes na odpis. Vyhr\u00e1l t\u0159icet etap na Tour de France, ale v zim\u011b 2021 mu nikdo nechce d\u00e1t pr\u00e1ci. Marn\u011b p\u0159esv\u011bd\u010duje kl\u00ed\u010dov\u00e9 lidi, \u017ee je\u0161t\u011b nen\u00ed tak star\u00fd. Mark Cavendish prost\u011b v profesion\u00e1ln\u00edm pelotonu v p\u011btat\u0159iceti nen\u00ed v\u00edtan\u00fd. A p\u0159ece v l\u00e9t\u011b toho roku senza\u010dn\u011b vyhraje \u010dty\u0159i etapy na Grande Boucle a podruh\u00e9 v kari\u00e9\u0159e vybojuje zelen\u00fd dres pro v\u00edt\u011bze bodovac\u00ed sout\u011b\u017ee \u0160koda Auto. Jak, kdy\u017e jej v\u0161ichni odm\u00edtli?","og_url":"https:\/\/www.welovecycling.com\/cs\/2021\/07\/19\/nadpozemsky-comeback\/","og_site_name":"\u0160koda We Love Cycling - \u010cesk\u00e1 republika","article_published_time":"2021-07-19T20:18:11+00:00","article_modified_time":"2025-06-12T03:27:42+00:00","og_image":[{"width":2560,"height":1757,"url":"https:\/\/d2p6e6u75xmxt8.cloudfront.net\/13\/2021\/07\/Mark-Cavendish-Tour-de-France-Stage-13-Victory-_Tim-De-Waele-Getty-Images-scaled.webp","type":"image\/webp"}],"author":"radekmalina","twitter_card":"summary_large_image","twitter_misc":{"Written by":"We Love Cycling","Est. reading time":"6"},"schema":{"@context":"https:\/\/schema.org","@graph":[{"@type":"WebPage","@id":"https:\/\/www.welovecycling.com\/cs\/2021\/07\/19\/nadpozemsky-comeback\/","url":"https:\/\/www.welovecycling.com\/cs\/2021\/07\/19\/nadpozemsky-comeback\/","name":"Nadpozemsk\u00fd comeback | \u0160koda We Love Cycling - \u010cesk\u00e1 republika","isPartOf":{"@id":"https:\/\/www.welovecycling.com\/cs\/#website"},"primaryImageOfPage":{"@id":"https:\/\/www.welovecycling.com\/cs\/2021\/07\/19\/nadpozemsky-comeback\/#primaryimage"},"image":{"@id":"https:\/\/www.welovecycling.com\/cs\/2021\/07\/19\/nadpozemsky-comeback\/#primaryimage"},"thumbnailUrl":"https:\/\/d2p6e6u75xmxt8.cloudfront.net\/13\/2021\/07\/Mark-Cavendish-Tour-de-France-Stage-13-Victory-_Tim-De-Waele-Getty-Images-scaled.webp","datePublished":"2021-07-19T20:18:11+00:00","dateModified":"2025-06-12T03:27:42+00:00","author":{"@id":"https:\/\/www.welovecycling.com\/cs\/#\/schema\/person\/d9eeb0a378f3a7e4a6d12d2b536b04b8"},"description":"Vzep\u0159el se osudu. P\u0159edvedl nadpozemsk\u00fd comeback. P\u0159itom byl jak pra\u0161iv\u00fd pes na odpis. Vyhr\u00e1l t\u0159icet etap na Tour de France, ale v zim\u011b 2021 mu nikdo nechce d\u00e1t pr\u00e1ci. Marn\u011b p\u0159esv\u011bd\u010duje kl\u00ed\u010dov\u00e9 lidi, \u017ee je\u0161t\u011b nen\u00ed tak star\u00fd. Mark Cavendish prost\u011b v profesion\u00e1ln\u00edm pelotonu v p\u011btat\u0159iceti nen\u00ed v\u00edtan\u00fd. A p\u0159ece v l\u00e9t\u011b toho roku senza\u010dn\u011b vyhraje \u010dty\u0159i etapy na Grande Boucle a podruh\u00e9 v kari\u00e9\u0159e vybojuje zelen\u00fd dres pro v\u00edt\u011bze bodovac\u00ed sout\u011b\u017ee \u0160koda Auto. Jak, kdy\u017e jej v\u0161ichni odm\u00edtli?","inLanguage":"cs","potentialAction":[{"@type":"ReadAction","target":["https:\/\/www.welovecycling.com\/cs\/2021\/07\/19\/nadpozemsky-comeback\/"]}]},{"@type":"ImageObject","inLanguage":"cs","@id":"https:\/\/www.welovecycling.com\/cs\/2021\/07\/19\/nadpozemsky-comeback\/#primaryimage","url":"https:\/\/d2p6e6u75xmxt8.cloudfront.net\/13\/2021\/07\/Mark-Cavendish-Tour-de-France-Stage-13-Victory-_Tim-De-Waele-Getty-Images-scaled.webp","contentUrl":"https:\/\/d2p6e6u75xmxt8.cloudfront.net\/13\/2021\/07\/Mark-Cavendish-Tour-de-France-Stage-13-Victory-_Tim-De-Waele-Getty-Images-scaled.webp","width":2560,"height":1757,"caption":"Hv\u011bzdy v \u010cesku? Mark Cavendish by rozhodn\u011b pat\u0159il k nejv\u011bt\u0161\u00edm cyklistick\u00fdm celebrit\u00e1m na \u010desk\u00fdch silnic\u00edch"},{"@type":"WebSite","@id":"https:\/\/www.welovecycling.com\/cs\/#website","url":"https:\/\/www.welovecycling.com\/cs\/","name":"\u0160koda We Love Cycling - \u010cesk\u00e1 republika","description":"WeLoveCycling.cz je online magaz\u00edn, kter\u00fd v\u00e1m pravideln\u011b p\u0159in\u00e1\u0161\u00ed rady a tipy, zaj\u00edmav\u00e9 \u010dl\u00e1nky, videa a jedine\u010dn\u00e9 report\u00e1\u017ee ze sv\u011bta cyklistiky.","potentialAction":[{"@type":"SearchAction","target":{"@type":"EntryPoint","urlTemplate":"https:\/\/www.welovecycling.com\/cs\/?s={search_term_string}"},"query-input":{"@type":"PropertyValueSpecification","valueRequired":true,"valueName":"search_term_string"}}],"inLanguage":"cs"},{"@type":"Person","@id":"https:\/\/www.welovecycling.com\/cs\/#\/schema\/person\/d9eeb0a378f3a7e4a6d12d2b536b04b8","name":"radekmalina","image":{"@type":"ImageObject","inLanguage":"cs","@id":"https:\/\/www.welovecycling.com\/cs\/#\/schema\/person\/image\/","url":"https:\/\/secure.gravatar.com\/avatar\/66994b632cb8c39a46b9f54afa3ae07201b678d32a54275b6f1c9ffec356bfc0?s=96&d=mm&r=g","contentUrl":"https:\/\/secure.gravatar.com\/avatar\/66994b632cb8c39a46b9f54afa3ae07201b678d32a54275b6f1c9ffec356bfc0?s=96&d=mm&r=g","caption":"radekmalina"},"url":"https:\/\/www.welovecycling.com\/cs\/author\/radekmalina\/"}]}},"_links":{"self":[{"href":"https:\/\/www.welovecycling.com\/cs\/wp-json\/wp\/v2\/posts\/29453","targetHints":{"allow":["GET"]}}],"collection":[{"href":"https:\/\/www.welovecycling.com\/cs\/wp-json\/wp\/v2\/posts"}],"about":[{"href":"https:\/\/www.welovecycling.com\/cs\/wp-json\/wp\/v2\/types\/post"}],"author":[{"embeddable":true,"href":"https:\/\/www.welovecycling.com\/cs\/wp-json\/wp\/v2\/users\/138"}],"replies":[{"embeddable":true,"href":"https:\/\/www.welovecycling.com\/cs\/wp-json\/wp\/v2\/comments?post=29453"}],"version-history":[{"count":2,"href":"https:\/\/www.welovecycling.com\/cs\/wp-json\/wp\/v2\/posts\/29453\/revisions"}],"predecessor-version":[{"id":29455,"href":"https:\/\/www.welovecycling.com\/cs\/wp-json\/wp\/v2\/posts\/29453\/revisions\/29455"}],"wp:featuredmedia":[{"embeddable":true,"href":"https:\/\/www.welovecycling.com\/cs\/wp-json\/wp\/v2\/media\/13648"}],"wp:attachment":[{"href":"https:\/\/www.welovecycling.com\/cs\/wp-json\/wp\/v2\/media?parent=29453"}],"wp:term":[{"taxonomy":"category","embeddable":true,"href":"https:\/\/www.welovecycling.com\/cs\/wp-json\/wp\/v2\/categories?post=29453"},{"taxonomy":"post_tag","embeddable":true,"href":"https:\/\/www.welovecycling.com\/cs\/wp-json\/wp\/v2\/tags?post=29453"},{"taxonomy":"global-categories","embeddable":true,"href":"https:\/\/www.welovecycling.com\/cs\/wp-json\/wp\/v2\/global-categories?post=29453"}],"curies":[{"name":"wp","href":"https:\/\/api.w.org\/{rel}","templated":true}]}}