{"id":29422,"date":"2025-06-10T06:00:36","date_gmt":"2025-06-10T04:00:36","guid":{"rendered":"https:\/\/www.welovecycling.com\/cs\/?p=29422"},"modified":"2025-06-10T10:39:03","modified_gmt":"2025-06-10T08:39:03","slug":"jak-zdolat-kopce-pro-je-lepsi-sedet","status":"publish","type":"post","link":"https:\/\/www.welovecycling.com\/cs\/2025\/06\/10\/jak-zdolat-kopce-pro-je-lepsi-sedet\/","title":{"rendered":"Jak zdolat kopce? Pro\u010d je lep\u0161\u00ed sed\u011bt?"},"content":{"rendered":"<p><strong>Kopce jsou ko\u0159en\u00ed cyklistiky. N\u011bkdy je v\u0161ak ko\u0159en\u00ed p\u0159\u00edli\u0161 siln\u00e9 a z pohodov\u00e9 j\u00edzdy se st\u00e1v\u00e1 po\u0159\u00e1dn\u00e1 tortura. Kdy je lep\u0161\u00ed p\u0159i j\u00edzd\u011b do kopce sed\u011bt a kdy je \u010das si v ped\u00e1lech stoupnout?<\/strong><\/p>\n<p>Zdol\u00e1v\u00e1n\u00ed kopc\u016f pat\u0159\u00ed od nepam\u011bti k cyklistick\u00fdm v\u00fdzv\u00e1m. Stejn\u011b, jako se prom\u011bnila j\u00edzda v sedle kola, zm\u011bnily se i kopce, na kter\u00e9 se cyklist\u00e9 dr\u00e1pou. P\u0159i prvn\u00ed Tour de France vystoupali z\u00e1vodnici na Col de la R\u00e9public, co\u017e byl vrchol v Centr\u00e1ln\u00edm masivu ve v\u00fd\u0161ce 1161 metr\u016f nad mo\u0159em. Tehdy \u0161lo o naprosto v\u00fdjime\u010dn\u00e9 um\u00edst\u011bn\u00ed trasy z\u00e1vodu. Kdy\u017e pozd\u011bji z\u00e1vodn\u00edci v itiner\u00e1\u0159i zdolali Tourmalet, dnes legendu, k\u0159i\u010deli v c\u00edli na organiz\u00e1tory, \u017ee jsou vrazi. Ka\u017edop\u00e1dn\u011b dvoutis\u00edcov\u00e9 pr\u016fsmyky na tras\u00e1ch z\u00e1vod\u016f \u010di distanc\u00edch amat\u00e9rsk\u00fdch cyklist\u016f p\u0159i jejich dovolen\u00fdch nejsou vz\u00e1cnost\u00ed.<\/p>\n<h2><strong>S v\u00fdvojem techniky se kopce staly p\u0159ijateln\u011bj\u0161\u00edmi<\/strong><\/h2>\n<p>Je\u0161t\u011b p\u0159ed t\u0159iceti lety se pou\u017e\u00edval vp\u0159edu p\u0159evodn\u00edk s dvaa\u010dty\u0159iceti zuby a maximem na zadn\u00ed &#8222;kazet\u011b&#8220; bylo \u0161est kole\u010dek, p\u0159i\u010dem\u017e jen z\u0159\u00eddka m\u011blo to nejv\u011bt\u0161\u00ed p\u0159es t\u0159iadvacet zub\u016f. Tak\u017ee zdolat kopce jako t\u0159eba Stelvio, Alpe d\u00b4Huez \u010di Alto de Angliru bylo skute\u010dn\u011b ot\u00e1zkou v\u00fdjime\u010dn\u00e9 fyzick\u00e9 v\u00fdkonnosti, ov\u0161em s ohledem na p\u0159evody si stejn\u011b cyklist\u00e9 museli v ped\u00e1lech stoupnout. T\u011b\u017eko by jinak podobn\u00e9 &#8222;st\u0159echy&#8220; poko\u0159ili.<\/p>\n<figure id=\"attachment_29426\" aria-describedby=\"caption-attachment-29426\" style=\"width: 1920px\" class=\"wp-caption alignnone\"><a href=\"https:\/\/d2p6e6u75xmxt8.cloudfront.net\/13\/2025\/06\/344-photo-pg-5659-1920-.webp\"><img loading=\"lazy\" decoding=\"async\" class=\"size-full wp-image-29426\" src=\"https:\/\/d2p6e6u75xmxt8.cloudfront.net\/13\/2025\/06\/344-photo-pg-5659-1920-.webp\" alt=\"\" width=\"1920\" height=\"1081\" srcset=\"https:\/\/d2p6e6u75xmxt8.cloudfront.net\/13\/2025\/06\/344-photo-pg-5659-1920-.webp 1920w, https:\/\/d2p6e6u75xmxt8.cloudfront.net\/13\/2025\/06\/344-photo-pg-5659-1920--300x169.webp 300w, https:\/\/d2p6e6u75xmxt8.cloudfront.net\/13\/2025\/06\/344-photo-pg-5659-1920--1024x577.webp 1024w, https:\/\/d2p6e6u75xmxt8.cloudfront.net\/13\/2025\/06\/344-photo-pg-5659-1920--768x432.webp 768w, https:\/\/d2p6e6u75xmxt8.cloudfront.net\/13\/2025\/06\/344-photo-pg-5659-1920--1536x865.webp 1536w, https:\/\/d2p6e6u75xmxt8.cloudfront.net\/13\/2025\/06\/344-photo-pg-5659-1920--400x225.webp 400w\" sizes=\"auto, (max-width: 1920px) 100vw, 1920px\" \/><\/a><figcaption id=\"caption-attachment-29426\" class=\"wp-caption-text\"><em>Jak nejl\u00e9pe zdolat kopce? Pro\u010d je lep\u0161\u00ed sed\u011bt? Foto: letapeczech.cz<\/em><\/figcaption><\/figure>\n<p>Sou\u010dasnost je jin\u00e1. Cyklist\u00e9 v\u011bt\u0161inu \u010dasu p\u0159i stoup\u00e1n\u00ed tr\u00e1v\u00ed v sedle. V\u00fdzkumy toti\u017e jasn\u011b uk\u00e1zaly, \u017ee p\u0159i j\u00edzd\u011b ze sedla doch\u00e1z\u00ed k v\u011bt\u0161\u00edmu svalov\u00e9mu zapojen\u00ed nohou i st\u0159edu t\u011bla, co\u017e pochopiteln\u011b znamen\u00e1 v\u011bt\u0161\u00ed v\u00fddej energie.<\/p>\n<div class=\"shortcode-ys-post-pinup\"><article class=\"loop-simple post-29409 post type-post status-publish format-standard has-post-thumbnail hentry category-silnicni-cyklistika tag-cyklistika tag-giro-2025 tag-primoz-roglic tag-silnicni-cyklistika tag-tour-de-france-2025 tag-vuelta tag-zraneni global-categories-cycling\" data-postid=\"29409\" role=\"article\" data-post-id=\"29409\" data-word-count=\"444\" data-headline-length=\"46\" data-category=\"Silni\u010dn\u00ed cyklistika\" data-global-category=\"Cycling\" data-author=\"We Love Cycling\" data-published=\"2025-06-09T06:00:09+02:00\" data-published-day=\"Monday\">\n    <div class=\"entry-thumbnail article-thumbnail\" content=\"https:\/\/d2p6e6u75xmxt8.cloudfront.net\/13\/2025\/06\/profimedia-1003165284-150x150.webp\"><a href=\"https:\/\/www.welovecycling.com\/cs\/2025\/06\/09\/proc-si-primoz-roglic-nezaslouzi-odepsat\/\" class=\"image-holder\" target=\"_self\"><img decoding=\"async\" loading=\"lazy\" class=\"\" src=\"https:\/\/d2p6e6u75xmxt8.cloudfront.net\/13\/2025\/06\/profimedia-1003165284-1024x682.webp\" srcset=\"https:\/\/d2p6e6u75xmxt8.cloudfront.net\/13\/2025\/06\/profimedia-1003165284.webp 1800w, https:\/\/d2p6e6u75xmxt8.cloudfront.net\/13\/2025\/06\/profimedia-1003165284-300x200.webp 300w, https:\/\/d2p6e6u75xmxt8.cloudfront.net\/13\/2025\/06\/profimedia-1003165284-1024x682.webp 1024w, https:\/\/d2p6e6u75xmxt8.cloudfront.net\/13\/2025\/06\/profimedia-1003165284-768x512.webp 768w, https:\/\/d2p6e6u75xmxt8.cloudfront.net\/13\/2025\/06\/profimedia-1003165284-1536x1023.webp 1536w, https:\/\/d2p6e6u75xmxt8.cloudfront.net\/13\/2025\/06\/profimedia-1003165284-400x266.webp 400w, https:\/\/d2p6e6u75xmxt8.cloudfront.net\/13\/2025\/06\/profimedia-1003165284-272x182.webp 272w\" width=\"1024\" height=\"682\" sizes=\"auto, (min-width: 1200px) 300px, (min-width: 768px) 25vw, 100vw\" alt=\"proc-si-primoz-roglic-nezaslouzi-odepsat\"\/><\/a><\/div>    <div class=\"entry-meta\">\n        <a class=\"label label-secondary post-category\" href=\"https:\/\/www.welovecycling.com\/cs\/category\/silnicni-cyklistika\/\" title=\"Silni\u010dn\u00ed cyklistika\">Silni\u010dn\u00ed cyklistika<\/a>\n    <\/div>\n    <div class=\"entry-details\">\n        <a href=\"https:\/\/www.welovecycling.com\/cs\/2025\/06\/09\/proc-si-primoz-roglic-nezaslouzi-odepsat\/\" class='entry-title-wrapper'>\n            <h3 class=\"entry-title\"><span>Pro\u010d si Primo\u017e Rogli\u010d nezaslou\u017e\u00ed odepsat?<\/span><\/h3>\n        <\/a>\n    <\/div>\n    <\/article>\n<\/div>\n<p>J\u00edzdu v sedle pochopiteln\u011b umo\u017enila zm\u011bna a v\u00fdrazn\u00fd posun techniky. Velk\u00e9 p\u0159evodn\u00edky a kazety, kde nejv\u011bt\u0161\u00ed kole\u010dko m\u00e1 klidn\u011b t\u0159icet \u010di p\u011btat\u0159icet zub\u016f v p\u0159\u00edpad\u011b amat\u00e9rsk\u00fdch cyklist\u016f, zcela zm\u011bnily pravidla j\u00edzdy.<\/p>\n<h2><strong>S j\u00edzdou v sedle p\u0159i\u0161el Lance Armstrong<\/strong><\/h2>\n<p>Je paradox, \u017ee trend vy\u0161\u0161\u00ed kadence a j\u00edzdy v sedle zavedl do cyklistiky mu\u017e, jeho\u017e jm\u00e9no je nyn\u00ed v profesion\u00e1ln\u00edm pelotonu t\u00e9m\u011b\u0159 zapov\u011bzen\u00e9. Byl to toti\u017e Lance Armstrong, sedmin\u00e1sobn\u00fd \u0161ampion Tour de France, jemu\u017e byla v\u0161echna v\u00edt\u011bzstv\u00ed po p\u0159izn\u00e1n\u00ed k dopingu odebr\u00e1na, kdo za\u010dal se zdol\u00e1v\u00e1n\u00edm kopc\u016f v sedle. Podn\u011bt p\u0159itom vze\u0161el z horsk\u00e9 cyklistiky, u n\u00ed\u017e americk\u00fd cyklista zjistil, \u017ee technika biker\u016f je ve stoup\u00e1n\u00ed efektivn\u011bj\u0161\u00ed.<\/p>\n<p>Profesion\u00e1lov\u00e9 v kl\u00ed\u010dov\u00fdch okam\u017eic\u00edch, ozna\u010dovan\u00fdch jako \u00fatok \u010di n\u00e1stup, ze sedla vysko\u010d\u00ed a tla\u010d\u00ed do ped\u00e1l\u016f vestoje. D\u016fvodem je v\u011bt\u0161\u00ed s\u00edla, kdy lze j\u00edzdou ze sedla vyvinout mnohem v\u00edce watt\u016f a ud\u011blat rozhoduj\u00edc\u00ed rozd\u00edl v z\u00e1vod\u011b. Pro amat\u00e9rsk\u00e9 cyklisty je v\u0161ak tento argument, pokud se bav\u00edme o klasick\u00e9 kondi\u010dn\u00ed j\u00edzd\u011b nikoliv z\u00e1vodn\u00edm zapojen\u00ed, zbyte\u010dn\u00fd.<\/p>\n<figure id=\"attachment_9832\" aria-describedby=\"caption-attachment-9832\" style=\"width: 1800px\" class=\"wp-caption alignnone\"><a href=\"https:\/\/d2p6e6u75xmxt8.cloudfront.net\/13\/2020\/09\/WLC-armstrong-profimedia-0077192334.webp\"><img loading=\"lazy\" decoding=\"async\" class=\"size-full wp-image-9832\" src=\"https:\/\/d2p6e6u75xmxt8.cloudfront.net\/13\/2020\/09\/WLC-armstrong-profimedia-0077192334.webp\" alt=\"Lance Armstrong p\u0159i stoup\u00e1n\u00ed na Tourmalet v 17. etap\u011b Tour de France 2010. Foto: profimedia\" width=\"1800\" height=\"1192\" srcset=\"https:\/\/d2p6e6u75xmxt8.cloudfront.net\/13\/2020\/09\/WLC-armstrong-profimedia-0077192334.webp 1800w, https:\/\/d2p6e6u75xmxt8.cloudfront.net\/13\/2020\/09\/WLC-armstrong-profimedia-0077192334-300x199.webp 300w, https:\/\/d2p6e6u75xmxt8.cloudfront.net\/13\/2020\/09\/WLC-armstrong-profimedia-0077192334-1024x678.webp 1024w, https:\/\/d2p6e6u75xmxt8.cloudfront.net\/13\/2020\/09\/WLC-armstrong-profimedia-0077192334-768x509.webp 768w, https:\/\/d2p6e6u75xmxt8.cloudfront.net\/13\/2020\/09\/WLC-armstrong-profimedia-0077192334-1536x1017.webp 1536w\" sizes=\"auto, (max-width: 1800px) 100vw, 1800px\" \/><\/a><figcaption id=\"caption-attachment-9832\" class=\"wp-caption-text\"><em>Lance Armstrong p\u0159i stoup\u00e1n\u00ed na Tourmalet v 17. etap\u011b Tour de France 2010. Foto: profimedia<\/em><\/figcaption><\/figure>\n<p>Z\u00e1sadn\u00ed je pochopiteln\u011b v p\u0159\u00edpad\u011b amat\u00e9rsk\u00fdch cyklist\u016f i hmotnost. Pokud zdol\u00e1v\u00e1 kopce na kole &#8222;horsk\u00e1 blecha&#8220; s v\u00e1hou \u0161edes\u00e1t kilogram\u016f, rozd\u00edl ve v\u00fddeji energie p\u0159i sezen\u00ed \u010di st\u00e1n\u00ed se zmen\u0161uje. Zato cyklist\u00e9 korpulentn\u011bj\u0161\u00ed postavy logicky p\u0159i \u0161lap\u00e1n\u00ed ze sedla p\u00e1l\u00ed mnohem v\u00edce energie.<\/p>\n<div class=\"shortcode-ys-post-pinup\"><article class=\"loop-simple post-29402 post type-post status-publish format-standard has-post-thumbnail hentry category-https-www-welovecycling-com-cs-category-zabava tag-cyklistika tag-cyklistka tag-forma tag-silnicni-cyklistika tag-top-vymluva tag-trenink tag-zdravi-a-trenink global-categories-cycling\" data-postid=\"29402\" role=\"article\" data-post-id=\"29402\" data-word-count=\"611\" data-headline-length=\"79\" data-category=\"Z\u00c1BAVA\" data-global-category=\"Cycling\" data-author=\"We Love Cycling\" data-published=\"2025-06-06T12:02:01+02:00\" data-published-day=\"Friday\">\n    <div class=\"entry-thumbnail article-thumbnail\" content=\"https:\/\/d2p6e6u75xmxt8.cloudfront.net\/13\/2023\/01\/frekvence-slapani-michal-cerveny-2-150x150.webp\"><a href=\"https:\/\/www.welovecycling.com\/cs\/2025\/06\/06\/nejlepsi-vymluva-pro-zachranu-dustojnosti-kdyz-nestihate-tempu-skupiny\/\" class=\"image-holder\" target=\"_self\"><img decoding=\"async\" loading=\"lazy\" class=\"\" src=\"https:\/\/d2p6e6u75xmxt8.cloudfront.net\/13\/2023\/01\/frekvence-slapani-michal-cerveny-2-1024x682.webp\" srcset=\"https:\/\/d2p6e6u75xmxt8.cloudfront.net\/13\/2023\/01\/frekvence-slapani-michal-cerveny-2.webp 2000w, https:\/\/d2p6e6u75xmxt8.cloudfront.net\/13\/2023\/01\/frekvence-slapani-michal-cerveny-2-300x200.webp 300w, https:\/\/d2p6e6u75xmxt8.cloudfront.net\/13\/2023\/01\/frekvence-slapani-michal-cerveny-2-1024x682.webp 1024w, https:\/\/d2p6e6u75xmxt8.cloudfront.net\/13\/2023\/01\/frekvence-slapani-michal-cerveny-2-768x512.webp 768w, https:\/\/d2p6e6u75xmxt8.cloudfront.net\/13\/2023\/01\/frekvence-slapani-michal-cerveny-2-1536x1024.webp 1536w, https:\/\/d2p6e6u75xmxt8.cloudfront.net\/13\/2023\/01\/frekvence-slapani-michal-cerveny-2-1920x1280.webp 1920w, https:\/\/d2p6e6u75xmxt8.cloudfront.net\/13\/2023\/01\/frekvence-slapani-michal-cerveny-2-272x182.webp 272w, https:\/\/d2p6e6u75xmxt8.cloudfront.net\/13\/2023\/01\/frekvence-slapani-michal-cerveny-2-1920x1280.webp 1920w\" width=\"1024\" height=\"682\" sizes=\"auto, (min-width: 1200px) 300px, (min-width: 768px) 25vw, 100vw\" alt=\"nejlepsi-vymluva-pro-zachranu-dustojnosti-kdyz-nestihate-tempu-skupiny\"\/><\/a><\/div>    <div class=\"entry-meta\">\n        <a class=\"label label-secondary post-category\" href=\"https:\/\/www.welovecycling.com\/cs\/category\/https-www-welovecycling-com-cs-category-zabava\/\" title=\"Z\u00c1BAVA\">Z\u00c1BAVA<\/a>\n    <\/div>\n    <div class=\"entry-details\">\n        <a href=\"https:\/\/www.welovecycling.com\/cs\/2025\/06\/06\/nejlepsi-vymluva-pro-zachranu-dustojnosti-kdyz-nestihate-tempu-skupiny\/\" class='entry-title-wrapper'>\n            <h3 class=\"entry-title\"><span>Nejlep\u0161\u00ed v\u00fdmluva pro z\u00e1chranu d\u016fstojnosti, kdy\u017e nest\u00edh\u00e1te tempu skupiny<\/span><\/h3>\n        <\/a>\n    <\/div>\n    <\/article>\n<\/div>\n<p>Velkou roli hraje i typ stoup\u00e1n\u00ed. Pokud pojedete <a href=\"https:\/\/www.welovecycling.com\/cs\/2025\/03\/31\/jak-trenovat-na-kopce-bez-kopcu\/\">na kole n\u011bkde v Polab\u00ed<\/a> a v itiner\u00e1\u0159i m\u00e1te jen kr\u00e1tk\u00e9 brdky, klidn\u011b m\u016f\u017eete v r\u00e1mci tr\u00e9nov\u00e1n\u00ed intenzity kope\u010dky zdol\u00e1vat ze sedla. P\u0159i desetikilometrov\u00fdch v\u00fdstupech a\u0165 u\u017e v zahrani\u010d\u00ed nebo v tuzemsku (ano, i doma takov\u00e9 kopce najdete) volte j\u00edzdu v sedle. V\u011bt\u0161inou hobby cyklistu uvid\u00edte v tak drsn\u00e9m stoup\u00e1n\u00ed ze sedla jen v nejprud\u0161\u00edch pas\u00e1\u017e\u00edch, proto\u017ee u\u017e nen\u00ed schopn\u00fd ut\u00e1hnout ani nejleh\u010d\u00ed p\u0159evod, nebo v okam\u017eiku, kdy pot\u0159ebuje prot\u00e1hnout znaven\u00e9 svaly. Sice jde jen o nepatrnou \u00falevu v dlouh\u00fdch stoup\u00e1n\u00edch, ale rozhodn\u011b v\u00edtanou.<\/p>\n<p>&nbsp;<\/p>\n","protected":false},"excerpt":{"rendered":"<p>Kopce jsou ko\u0159en\u00ed cyklistiky. N\u011bkdy je v\u0161ak ko\u0159en\u00ed p\u0159\u00edli\u0161 siln\u00e9 a z pohodov\u00e9 j\u00edzdy se st\u00e1v\u00e1 po\u0159\u00e1dn\u00e1 tortura. Kdy je [&hellip;]<\/p>\n","protected":false},"author":138,"featured_media":29424,"comment_status":"open","ping_status":"open","sticky":false,"template":"","format":"standard","meta":{"footnotes":""},"categories":[15],"tags":[126,4211,1561,9,67],"global-categories":[411],"class_list":["post-29422","post","type-post","status-publish","format-standard","has-post-thumbnail","hentry","category-rady-tipy","tag-cyklistika","tag-jak-na-jizdu-v-kopcich","tag-kopce","tag-silnicni-cyklistika","tag-zdravi-a-trenink","global-categories-cycling"],"yoast_head":"<!-- This site is optimized with the Yoast SEO Premium plugin v25.3 (Yoast SEO v25.9) - https:\/\/yoast.com\/wordpress\/plugins\/seo\/ -->\n<title>Jak zdolat kopce? Pro\u010d je lep\u0161\u00ed sed\u011bt? | \u0160koda We Love Cycling - \u010cesk\u00e1 republika<\/title>\n<meta name=\"description\" content=\"Kopce jsou ko\u0159en\u00ed cyklistiky. N\u011bkdy je v\u0161ak ko\u0159en\u00ed p\u0159\u00edli\u0161 siln\u00e9 a z pohodov\u00e9 j\u00edzdy se st\u00e1v\u00e1 po\u0159\u00e1dn\u00e1 tortura. Kdy je lep\u0161\u00ed p\u0159i j\u00edzd\u011b do kopce sed\u011bt a kdy je \u010das si v ped\u00e1lech stoupnout?\" \/>\n<meta name=\"robots\" content=\"index, follow, max-snippet:-1, max-image-preview:large, max-video-preview:-1\" \/>\n<link rel=\"canonical\" href=\"https:\/\/www.welovecycling.com\/cs\/2025\/06\/10\/jak-zdolat-kopce-pro-je-lepsi-sedet\/\" \/>\n<meta property=\"og:locale\" content=\"cs_CZ\" \/>\n<meta property=\"og:type\" content=\"article\" \/>\n<meta property=\"og:title\" content=\"Jak zdolat kopce? Pro\u010d je lep\u0161\u00ed sed\u011bt?\" \/>\n<meta property=\"og:description\" content=\"Kopce jsou ko\u0159en\u00ed cyklistiky. N\u011bkdy je v\u0161ak ko\u0159en\u00ed p\u0159\u00edli\u0161 siln\u00e9 a z pohodov\u00e9 j\u00edzdy se st\u00e1v\u00e1 po\u0159\u00e1dn\u00e1 tortura. Kdy je lep\u0161\u00ed p\u0159i j\u00edzd\u011b do kopce sed\u011bt a kdy je \u010das si v ped\u00e1lech stoupnout?\" \/>\n<meta property=\"og:url\" content=\"https:\/\/www.welovecycling.com\/cs\/2025\/06\/10\/jak-zdolat-kopce-pro-je-lepsi-sedet\/\" \/>\n<meta property=\"og:site_name\" content=\"\u0160koda We Love Cycling - \u010cesk\u00e1 republika\" \/>\n<meta property=\"article:published_time\" content=\"2025-06-10T04:00:36+00:00\" \/>\n<meta property=\"article:modified_time\" content=\"2025-06-10T08:39:03+00:00\" \/>\n<meta property=\"og:image\" content=\"https:\/\/d2p6e6u75xmxt8.cloudfront.net\/13\/2025\/06\/176-photo-pg-5514-1920-.webp\" \/>\n\t<meta property=\"og:image:width\" content=\"1920\" \/>\n\t<meta property=\"og:image:height\" content=\"1081\" \/>\n\t<meta property=\"og:image:type\" content=\"image\/webp\" \/>\n<meta name=\"author\" content=\"radekmalina\" \/>\n<meta name=\"twitter:card\" content=\"summary_large_image\" \/>\n<meta name=\"twitter:label1\" content=\"Written by\" \/>\n\t<meta name=\"twitter:data1\" content=\"We Love Cycling\" \/>\n\t<meta name=\"twitter:label2\" content=\"Est. reading time\" \/>\n\t<meta name=\"twitter:data2\" content=\"5\" \/>\n<script type=\"application\/ld+json\" class=\"yoast-schema-graph\">{\"@context\":\"https:\/\/schema.org\",\"@graph\":[{\"@type\":\"WebPage\",\"@id\":\"https:\/\/www.welovecycling.com\/cs\/2025\/06\/10\/jak-zdolat-kopce-pro-je-lepsi-sedet\/\",\"url\":\"https:\/\/www.welovecycling.com\/cs\/2025\/06\/10\/jak-zdolat-kopce-pro-je-lepsi-sedet\/\",\"name\":\"Jak zdolat kopce? Pro\u010d je lep\u0161\u00ed sed\u011bt? | \u0160koda We Love Cycling - \u010cesk\u00e1 republika\",\"isPartOf\":{\"@id\":\"https:\/\/www.welovecycling.com\/cs\/#website\"},\"primaryImageOfPage\":{\"@id\":\"https:\/\/www.welovecycling.com\/cs\/2025\/06\/10\/jak-zdolat-kopce-pro-je-lepsi-sedet\/#primaryimage\"},\"image\":{\"@id\":\"https:\/\/www.welovecycling.com\/cs\/2025\/06\/10\/jak-zdolat-kopce-pro-je-lepsi-sedet\/#primaryimage\"},\"thumbnailUrl\":\"https:\/\/d2p6e6u75xmxt8.cloudfront.net\/13\/2025\/06\/176-photo-pg-5514-1920-.webp\",\"datePublished\":\"2025-06-10T04:00:36+00:00\",\"dateModified\":\"2025-06-10T08:39:03+00:00\",\"author\":{\"@id\":\"https:\/\/www.welovecycling.com\/cs\/#\/schema\/person\/d9eeb0a378f3a7e4a6d12d2b536b04b8\"},\"description\":\"Kopce jsou ko\u0159en\u00ed cyklistiky. N\u011bkdy je v\u0161ak ko\u0159en\u00ed p\u0159\u00edli\u0161 siln\u00e9 a z pohodov\u00e9 j\u00edzdy se st\u00e1v\u00e1 po\u0159\u00e1dn\u00e1 tortura. Kdy je lep\u0161\u00ed p\u0159i j\u00edzd\u011b do kopce sed\u011bt a kdy je \u010das si v ped\u00e1lech stoupnout?\",\"inLanguage\":\"cs\",\"potentialAction\":[{\"@type\":\"ReadAction\",\"target\":[\"https:\/\/www.welovecycling.com\/cs\/2025\/06\/10\/jak-zdolat-kopce-pro-je-lepsi-sedet\/\"]}]},{\"@type\":\"ImageObject\",\"inLanguage\":\"cs\",\"@id\":\"https:\/\/www.welovecycling.com\/cs\/2025\/06\/10\/jak-zdolat-kopce-pro-je-lepsi-sedet\/#primaryimage\",\"url\":\"https:\/\/d2p6e6u75xmxt8.cloudfront.net\/13\/2025\/06\/176-photo-pg-5514-1920-.webp\",\"contentUrl\":\"https:\/\/d2p6e6u75xmxt8.cloudfront.net\/13\/2025\/06\/176-photo-pg-5514-1920-.webp\",\"width\":1920,\"height\":1081,\"caption\":\"Kopce a jak je nejl\u00e9pe zdolat?\"},{\"@type\":\"WebSite\",\"@id\":\"https:\/\/www.welovecycling.com\/cs\/#website\",\"url\":\"https:\/\/www.welovecycling.com\/cs\/\",\"name\":\"\u0160koda We Love Cycling - \u010cesk\u00e1 republika\",\"description\":\"WeLoveCycling.cz je online magaz\u00edn, kter\u00fd v\u00e1m pravideln\u011b p\u0159in\u00e1\u0161\u00ed rady a tipy, zaj\u00edmav\u00e9 \u010dl\u00e1nky, videa a jedine\u010dn\u00e9 report\u00e1\u017ee ze sv\u011bta cyklistiky.\",\"potentialAction\":[{\"@type\":\"SearchAction\",\"target\":{\"@type\":\"EntryPoint\",\"urlTemplate\":\"https:\/\/www.welovecycling.com\/cs\/?s={search_term_string}\"},\"query-input\":{\"@type\":\"PropertyValueSpecification\",\"valueRequired\":true,\"valueName\":\"search_term_string\"}}],\"inLanguage\":\"cs\"},{\"@type\":\"Person\",\"@id\":\"https:\/\/www.welovecycling.com\/cs\/#\/schema\/person\/d9eeb0a378f3a7e4a6d12d2b536b04b8\",\"name\":\"radekmalina\",\"image\":{\"@type\":\"ImageObject\",\"inLanguage\":\"cs\",\"@id\":\"https:\/\/www.welovecycling.com\/cs\/#\/schema\/person\/image\/\",\"url\":\"https:\/\/secure.gravatar.com\/avatar\/66994b632cb8c39a46b9f54afa3ae07201b678d32a54275b6f1c9ffec356bfc0?s=96&d=mm&r=g\",\"contentUrl\":\"https:\/\/secure.gravatar.com\/avatar\/66994b632cb8c39a46b9f54afa3ae07201b678d32a54275b6f1c9ffec356bfc0?s=96&d=mm&r=g\",\"caption\":\"radekmalina\"},\"url\":\"https:\/\/www.welovecycling.com\/cs\/author\/radekmalina\/\"}]}<\/script>\n<!-- \/ Yoast SEO Premium plugin. -->","yoast_head_json":{"title":"Jak zdolat kopce? Pro\u010d je lep\u0161\u00ed sed\u011bt? | \u0160koda We Love Cycling - \u010cesk\u00e1 republika","description":"Kopce jsou ko\u0159en\u00ed cyklistiky. N\u011bkdy je v\u0161ak ko\u0159en\u00ed p\u0159\u00edli\u0161 siln\u00e9 a z pohodov\u00e9 j\u00edzdy se st\u00e1v\u00e1 po\u0159\u00e1dn\u00e1 tortura. Kdy je lep\u0161\u00ed p\u0159i j\u00edzd\u011b do kopce sed\u011bt a kdy je \u010das si v ped\u00e1lech stoupnout?","robots":{"index":"index","follow":"follow","max-snippet":"max-snippet:-1","max-image-preview":"max-image-preview:large","max-video-preview":"max-video-preview:-1"},"canonical":"https:\/\/www.welovecycling.com\/cs\/2025\/06\/10\/jak-zdolat-kopce-pro-je-lepsi-sedet\/","og_locale":"cs_CZ","og_type":"article","og_title":"Jak zdolat kopce? Pro\u010d je lep\u0161\u00ed sed\u011bt?","og_description":"Kopce jsou ko\u0159en\u00ed cyklistiky. N\u011bkdy je v\u0161ak ko\u0159en\u00ed p\u0159\u00edli\u0161 siln\u00e9 a z pohodov\u00e9 j\u00edzdy se st\u00e1v\u00e1 po\u0159\u00e1dn\u00e1 tortura. Kdy je lep\u0161\u00ed p\u0159i j\u00edzd\u011b do kopce sed\u011bt a kdy je \u010das si v ped\u00e1lech stoupnout?","og_url":"https:\/\/www.welovecycling.com\/cs\/2025\/06\/10\/jak-zdolat-kopce-pro-je-lepsi-sedet\/","og_site_name":"\u0160koda We Love Cycling - \u010cesk\u00e1 republika","article_published_time":"2025-06-10T04:00:36+00:00","article_modified_time":"2025-06-10T08:39:03+00:00","og_image":[{"width":1920,"height":1081,"url":"https:\/\/d2p6e6u75xmxt8.cloudfront.net\/13\/2025\/06\/176-photo-pg-5514-1920-.webp","type":"image\/webp"}],"author":"radekmalina","twitter_card":"summary_large_image","twitter_misc":{"Written by":"We Love Cycling","Est. reading time":"5"},"schema":{"@context":"https:\/\/schema.org","@graph":[{"@type":"WebPage","@id":"https:\/\/www.welovecycling.com\/cs\/2025\/06\/10\/jak-zdolat-kopce-pro-je-lepsi-sedet\/","url":"https:\/\/www.welovecycling.com\/cs\/2025\/06\/10\/jak-zdolat-kopce-pro-je-lepsi-sedet\/","name":"Jak zdolat kopce? Pro\u010d je lep\u0161\u00ed sed\u011bt? | \u0160koda We Love Cycling - \u010cesk\u00e1 republika","isPartOf":{"@id":"https:\/\/www.welovecycling.com\/cs\/#website"},"primaryImageOfPage":{"@id":"https:\/\/www.welovecycling.com\/cs\/2025\/06\/10\/jak-zdolat-kopce-pro-je-lepsi-sedet\/#primaryimage"},"image":{"@id":"https:\/\/www.welovecycling.com\/cs\/2025\/06\/10\/jak-zdolat-kopce-pro-je-lepsi-sedet\/#primaryimage"},"thumbnailUrl":"https:\/\/d2p6e6u75xmxt8.cloudfront.net\/13\/2025\/06\/176-photo-pg-5514-1920-.webp","datePublished":"2025-06-10T04:00:36+00:00","dateModified":"2025-06-10T08:39:03+00:00","author":{"@id":"https:\/\/www.welovecycling.com\/cs\/#\/schema\/person\/d9eeb0a378f3a7e4a6d12d2b536b04b8"},"description":"Kopce jsou ko\u0159en\u00ed cyklistiky. N\u011bkdy je v\u0161ak ko\u0159en\u00ed p\u0159\u00edli\u0161 siln\u00e9 a z pohodov\u00e9 j\u00edzdy se st\u00e1v\u00e1 po\u0159\u00e1dn\u00e1 tortura. Kdy je lep\u0161\u00ed p\u0159i j\u00edzd\u011b do kopce sed\u011bt a kdy je \u010das si v ped\u00e1lech stoupnout?","inLanguage":"cs","potentialAction":[{"@type":"ReadAction","target":["https:\/\/www.welovecycling.com\/cs\/2025\/06\/10\/jak-zdolat-kopce-pro-je-lepsi-sedet\/"]}]},{"@type":"ImageObject","inLanguage":"cs","@id":"https:\/\/www.welovecycling.com\/cs\/2025\/06\/10\/jak-zdolat-kopce-pro-je-lepsi-sedet\/#primaryimage","url":"https:\/\/d2p6e6u75xmxt8.cloudfront.net\/13\/2025\/06\/176-photo-pg-5514-1920-.webp","contentUrl":"https:\/\/d2p6e6u75xmxt8.cloudfront.net\/13\/2025\/06\/176-photo-pg-5514-1920-.webp","width":1920,"height":1081,"caption":"Kopce a jak je nejl\u00e9pe zdolat?"},{"@type":"WebSite","@id":"https:\/\/www.welovecycling.com\/cs\/#website","url":"https:\/\/www.welovecycling.com\/cs\/","name":"\u0160koda We Love Cycling - \u010cesk\u00e1 republika","description":"WeLoveCycling.cz je online magaz\u00edn, kter\u00fd v\u00e1m pravideln\u011b p\u0159in\u00e1\u0161\u00ed rady a tipy, zaj\u00edmav\u00e9 \u010dl\u00e1nky, videa a jedine\u010dn\u00e9 report\u00e1\u017ee ze sv\u011bta cyklistiky.","potentialAction":[{"@type":"SearchAction","target":{"@type":"EntryPoint","urlTemplate":"https:\/\/www.welovecycling.com\/cs\/?s={search_term_string}"},"query-input":{"@type":"PropertyValueSpecification","valueRequired":true,"valueName":"search_term_string"}}],"inLanguage":"cs"},{"@type":"Person","@id":"https:\/\/www.welovecycling.com\/cs\/#\/schema\/person\/d9eeb0a378f3a7e4a6d12d2b536b04b8","name":"radekmalina","image":{"@type":"ImageObject","inLanguage":"cs","@id":"https:\/\/www.welovecycling.com\/cs\/#\/schema\/person\/image\/","url":"https:\/\/secure.gravatar.com\/avatar\/66994b632cb8c39a46b9f54afa3ae07201b678d32a54275b6f1c9ffec356bfc0?s=96&d=mm&r=g","contentUrl":"https:\/\/secure.gravatar.com\/avatar\/66994b632cb8c39a46b9f54afa3ae07201b678d32a54275b6f1c9ffec356bfc0?s=96&d=mm&r=g","caption":"radekmalina"},"url":"https:\/\/www.welovecycling.com\/cs\/author\/radekmalina\/"}]}},"_links":{"self":[{"href":"https:\/\/www.welovecycling.com\/cs\/wp-json\/wp\/v2\/posts\/29422","targetHints":{"allow":["GET"]}}],"collection":[{"href":"https:\/\/www.welovecycling.com\/cs\/wp-json\/wp\/v2\/posts"}],"about":[{"href":"https:\/\/www.welovecycling.com\/cs\/wp-json\/wp\/v2\/types\/post"}],"author":[{"embeddable":true,"href":"https:\/\/www.welovecycling.com\/cs\/wp-json\/wp\/v2\/users\/138"}],"replies":[{"embeddable":true,"href":"https:\/\/www.welovecycling.com\/cs\/wp-json\/wp\/v2\/comments?post=29422"}],"version-history":[{"count":3,"href":"https:\/\/www.welovecycling.com\/cs\/wp-json\/wp\/v2\/posts\/29422\/revisions"}],"predecessor-version":[{"id":29430,"href":"https:\/\/www.welovecycling.com\/cs\/wp-json\/wp\/v2\/posts\/29422\/revisions\/29430"}],"wp:featuredmedia":[{"embeddable":true,"href":"https:\/\/www.welovecycling.com\/cs\/wp-json\/wp\/v2\/media\/29424"}],"wp:attachment":[{"href":"https:\/\/www.welovecycling.com\/cs\/wp-json\/wp\/v2\/media?parent=29422"}],"wp:term":[{"taxonomy":"category","embeddable":true,"href":"https:\/\/www.welovecycling.com\/cs\/wp-json\/wp\/v2\/categories?post=29422"},{"taxonomy":"post_tag","embeddable":true,"href":"https:\/\/www.welovecycling.com\/cs\/wp-json\/wp\/v2\/tags?post=29422"},{"taxonomy":"global-categories","embeddable":true,"href":"https:\/\/www.welovecycling.com\/cs\/wp-json\/wp\/v2\/global-categories?post=29422"}],"curies":[{"name":"wp","href":"https:\/\/api.w.org\/{rel}","templated":true}]}}