{"id":29416,"date":"2025-06-08T19:22:46","date_gmt":"2025-06-08T17:22:46","guid":{"rendered":"https:\/\/www.welovecycling.com\/cs\/?p=29416"},"modified":"2025-06-08T19:22:46","modified_gmt":"2025-06-08T17:22:46","slug":"ondrej-cink-odmenen-za-vytrvalost-vyhral-svetovy-pohar-v-leogangu","status":"publish","type":"post","link":"https:\/\/www.welovecycling.com\/cs\/2025\/06\/08\/ondrej-cink-odmenen-za-vytrvalost-vyhral-svetovy-pohar-v-leogangu\/","title":{"rendered":"Ond\u0159ej Cink odm\u011bn\u011bn za vytrvalost! Vyhr\u00e1l Sv\u011btov\u00fd poh\u00e1r v Leogangu"},"content":{"rendered":"<p><strong>Ond\u0159ej Cink slav\u00ed prvn\u00ed v\u00edt\u011bzstv\u00ed ve sv\u011btov\u00e9m poh\u00e1ru cross country horsk\u00fdch kol. A\u017e do \u010dty\u0159iat\u0159iceti let si musel \u010desk\u00fd biker z\u00e1vod\u00edc\u00ed za Cube Factory Racing po\u010dkat na premi\u00e9rov\u00fd triumf v nejpresti\u017en\u011bj\u0161\u00edm seri\u00e1lu. \u00dasp\u011bch oslavil v rakousk\u00e9m Leogangu, kter\u00fd mu v minulosti p\u0159inesl n\u011bkolikr\u00e1t um\u00edst\u011bn\u00ed na stupn\u00edch v\u00edt\u011bz\u016f. Druhou \u010dervnovou ned\u011bli ovl\u00e1dl bitvu na bl\u00e1tiv\u00e9 trati.<\/strong><\/p>\n<p>&#8222;\u010cekal jsem tak dlouho, \u017ee ani neum\u00edm popsat, jak jsem \u0161\u0165astn\u00fd,&#8220; \u0159ekl v c\u00edli dojat\u00fd Ond\u0159ej Cink. \u201eU\u017e jsem byl p\u00e1rkr\u00e1t druh\u00fd, te\u010f kone\u010dn\u011b p\u0159i\u0161lo v\u00edt\u011bzstv\u00ed. M\u00e1m to v Leogangu r\u00e1d, byl jsem zde n\u011bkolikr\u00e1t na p\u00f3diu, jde o moji srdcovku. Kousek odtud jsem se stal mistrem sv\u011bta do t\u0159iadvaceti let. Je to pro m\u011b neskute\u010dn\u00fd v\u00fdsledek. I proto, \u017ee jsem jeden z nejstar\u0161\u00edch,\u201c p\u0159ipom\u00ednal Ond\u0159ej Cink, \u017ee startovn\u00ed pole se za dobu jeho z\u00e1vodn\u00ed kari\u00e9ry dramaticky prom\u011bnilo.<\/p>\n<h2><strong>Ond\u0159ej Cink jel na \u010dele od prvn\u00edho kola<\/strong><\/h2>\n<p>\u010cty\u0159iat\u0159icetilet\u00fd biker, kter\u00fd v posledn\u00edch sezon\u00e1ch bojoval se zdravotn\u00edmi pat\u00e1liemi, se v Leogangu po v\u00fdborn\u00e9m startu z t\u0159et\u00ed \u0159ady dostal na \u0161pici z\u00e1vodu hned v prvn\u00edm kole. \u201eCht\u011bl jsem se na \u010delo dostat co nejd\u0159\u00edv, abych m\u011bl v\u00edc jistoty ve sjezdech,\u201c prozradil Ond\u0159ej Cink.<\/p>\n<figure id=\"attachment_29417\" aria-describedby=\"caption-attachment-29417\" style=\"width: 1200px\" class=\"wp-caption alignnone\"><a href=\"https:\/\/d2p6e6u75xmxt8.cloudfront.net\/13\/2025\/06\/profimedia-1008584931.webp\"><img loading=\"lazy\" decoding=\"async\" class=\"size-full wp-image-29417\" src=\"https:\/\/d2p6e6u75xmxt8.cloudfront.net\/13\/2025\/06\/profimedia-1008584931.webp\" alt=\"\" width=\"1200\" height=\"1800\" srcset=\"https:\/\/d2p6e6u75xmxt8.cloudfront.net\/13\/2025\/06\/profimedia-1008584931.webp 1200w, https:\/\/d2p6e6u75xmxt8.cloudfront.net\/13\/2025\/06\/profimedia-1008584931-200x300.webp 200w, https:\/\/d2p6e6u75xmxt8.cloudfront.net\/13\/2025\/06\/profimedia-1008584931-683x1024.webp 683w, https:\/\/d2p6e6u75xmxt8.cloudfront.net\/13\/2025\/06\/profimedia-1008584931-768x1152.webp 768w, https:\/\/d2p6e6u75xmxt8.cloudfront.net\/13\/2025\/06\/profimedia-1008584931-1024x1536.webp 1024w, https:\/\/d2p6e6u75xmxt8.cloudfront.net\/13\/2025\/06\/profimedia-1008584931-267x400.webp 267w\" sizes=\"auto, (max-width: 1200px) 100vw, 1200px\" \/><\/a><figcaption id=\"caption-attachment-29417\" class=\"wp-caption-text\"><em>Ond\u0159ej Cink oslavuje v\u00edt\u011bzstv\u00ed v Leogangu. Foto: profimedia (2x)<\/em><\/figcaption><\/figure>\n<p>A skv\u011blou pozici u\u017e nepustil. \u010cesk\u00fd z\u00e1vodn\u00edk jezdil na \u010dele vp\u0159edu osamocen, do posledn\u00edho kola naj\u00ed\u017ed\u011bl s n\u00e1skokem 24 vte\u0159in p\u0159ed \u0161v\u00fdcarskou dvojic\u00ed Fl\u00fcckiger, P\u00fcntener. A n\u00e1skok bezpe\u010dn\u011b udr\u017eel a\u017e do c\u00edle.<\/p>\n<p>\u201eDv\u011b kola p\u0159ed c\u00edlem jsem za\u010dal tro\u0161ku trp\u011bt, posledn\u00ed kolo jsem byl na limitu. Ale kdy\u017e jsem vid\u011bl, \u017ee jsem za sebou zase ud\u011blal d\u00edru, dodalo mi to s\u00edly. A nakonec v\u0161echno vy\u0161lo skv\u011ble,\u201c dodal \u010desk\u00fd biker, kter\u00fd byl v Leogangu v roce 2021 druh\u00fd a p\u0159ed dv\u011bma lety t\u0159et\u00ed. \u201eTra\u0165 mi sed\u00ed, ale ty podm\u00ednky, ve kter\u00fdch se jelo, v\u016fbec,\u201c nar\u00e1\u017eel na t\u011b\u017ekou rozbahn\u011bnou tra\u0165. \u201eV\u016fbec nev\u00edm, co se se mnou stalo, proto\u017ee bl\u00e1to fakt nem\u00e1m r\u00e1d,\u201c \u0159\u00edkal s \u00fasm\u011bvem.<\/p>\n<div class=\"shortcode-ys-post-pinup\"><article class=\"loop-simple post-29365 post type-post status-publish format-standard has-post-thumbnail hentry category-tipy-na-vylet tag-cyklistika tag-monte-velo tag-passo-santa-barbara tag-silnicni-cyklistika tag-trenink tag-zdravi-a-trenink global-categories-cycling\" data-postid=\"29365\" role=\"article\" data-post-id=\"29365\" data-word-count=\"479\" data-headline-length=\"76\" data-category=\"Tipy na v\u00fdlet\" data-global-category=\"Cycling\" data-author=\"Radek Malina\" data-published=\"2025-06-04T06:12:08+02:00\" data-published-day=\"Wednesday\">\n    <div class=\"entry-thumbnail article-thumbnail\" content=\"https:\/\/d2p6e6u75xmxt8.cloudfront.net\/13\/2025\/06\/20250518_143253-150x150.webp\"><a href=\"https:\/\/www.welovecycling.com\/cs\/2025\/06\/04\/tip-na-vylet-santa-barbara-romanticky-kopec-z-gira-co-skryva-utrpeni\/\" class=\"image-holder\" target=\"_self\"><img decoding=\"async\" loading=\"lazy\" class=\"\" src=\"https:\/\/d2p6e6u75xmxt8.cloudfront.net\/13\/2025\/06\/20250518_143253-1024x768.webp\" srcset=\"https:\/\/d2p6e6u75xmxt8.cloudfront.net\/13\/2025\/06\/20250518_143253-scaled.webp 2560w, https:\/\/d2p6e6u75xmxt8.cloudfront.net\/13\/2025\/06\/20250518_143253-300x225.webp 300w, https:\/\/d2p6e6u75xmxt8.cloudfront.net\/13\/2025\/06\/20250518_143253-1024x768.webp 1024w, https:\/\/d2p6e6u75xmxt8.cloudfront.net\/13\/2025\/06\/20250518_143253-768x576.webp 768w, https:\/\/d2p6e6u75xmxt8.cloudfront.net\/13\/2025\/06\/20250518_143253-1536x1152.webp 1536w, https:\/\/d2p6e6u75xmxt8.cloudfront.net\/13\/2025\/06\/20250518_143253-2048x1536.webp 2048w, https:\/\/d2p6e6u75xmxt8.cloudfront.net\/13\/2025\/06\/20250518_143253-1920x1440.webp 1920w, https:\/\/d2p6e6u75xmxt8.cloudfront.net\/13\/2025\/06\/20250518_143253-400x300.webp 400w, https:\/\/d2p6e6u75xmxt8.cloudfront.net\/13\/2025\/06\/20250518_143253-1920x1440.webp 1920w\" width=\"1024\" height=\"768\" sizes=\"auto, (min-width: 1200px) 300px, (min-width: 768px) 25vw, 100vw\" alt=\"tip-na-vylet-santa-barbara-romanticky-kopec-z-gira-co-skryva-utrpeni\"\/><\/a><\/div>    <div class=\"entry-meta\">\n        <a class=\"label label-secondary post-category\" href=\"https:\/\/www.welovecycling.com\/cs\/category\/https-www-welovecycling-com-cs-otestovano-jizdou\/tipy-na-vylet\/\" title=\"Tipy na v\u00fdlet\">Tipy na v\u00fdlet<\/a>\n    <\/div>\n    <div class=\"entry-details\">\n        <a href=\"https:\/\/www.welovecycling.com\/cs\/2025\/06\/04\/tip-na-vylet-santa-barbara-romanticky-kopec-z-gira-co-skryva-utrpeni\/\" class='entry-title-wrapper'>\n            <h3 class=\"entry-title\"><span>Tip na v\u00fdlet: Santa Barbara. Romantick\u00fd kopec z Gira, co skr\u00fdv\u00e1 utrpen\u00ed<\/span><\/h3>\n        <\/a>\n    <\/div>\n    <\/article>\n<\/div>\n<p><a href=\"https:\/\/www.welovecycling.com\/cs\/2025\/05\/22\/nemecka-preciznost-me-nadchla-netaji-ondrej-cink\/\">Ond\u0159ej Cink<\/a> tak jako prvn\u00ed biker v leto\u0161n\u00ed sezon\u011b naru\u0161il dominanci t\u00fdmu Specialized, jeho\u017e jezdci ovl\u00e1dli \u00favodn\u00ed t\u0159i d\u00edly seri\u00e1lu sv\u011btov\u00e9ho poh\u00e1ru.<\/p>\n<p>Posledn\u00edm \u010desk\u00fdm v\u00edt\u011bzem z\u00e1vodu SP p\u0159ed Cinkem byl Jaroslav Kulhav\u00fd. Olympijsk\u00fd v\u00edt\u011bz a mistr sv\u011bta vybojoval celkem dev\u011bt v\u00fdher, tu posledn\u00ed v roce 2015. Po 10 letech na n\u011bj nav\u00e1zal Cink.<\/p>\n","protected":false},"excerpt":{"rendered":"<p>Ond\u0159ej Cink slav\u00ed prvn\u00ed v\u00edt\u011bzstv\u00ed ve sv\u011btov\u00e9m poh\u00e1ru cross country horsk\u00fdch kol. A\u017e do \u010dty\u0159iat\u0159iceti let si musel \u010desk\u00fd biker [&hellip;]<\/p>\n","protected":false},"author":138,"featured_media":29418,"comment_status":"open","ping_status":"open","sticky":false,"template":"","format":"standard","meta":{"footnotes":""},"categories":[11],"tags":[57,234,1207,205,918,74],"global-categories":[411],"class_list":["post-29416","post","type-post","status-publish","format-standard","has-post-thumbnail","hentry","category-horska-cyklistika","tag-horska-kola","tag-jaroslav-kulhavy","tag-leogang","tag-ondrej-cink","tag-svetovy-pohar","tag-vitezstvi","global-categories-cycling"],"yoast_head":"<!-- This site is optimized with the Yoast SEO Premium plugin v25.3 (Yoast SEO v25.9) - https:\/\/yoast.com\/wordpress\/plugins\/seo\/ -->\n<title>Ond\u0159ej Cink odm\u011bn\u011bn za vytrvalost! Vyhr\u00e1l Sv\u011btov\u00fd poh\u00e1r v Leogangu | \u0160koda We Love Cycling - \u010cesk\u00e1 republika<\/title>\n<meta name=\"description\" content=\"Ond\u0159ej Cink slav\u00ed prvn\u00ed v\u00edt\u011bzstv\u00ed ve sv\u011btov\u00e9m poh\u00e1ru cross country horsk\u00fdch kol. A\u017e do \u010dty\u0159iat\u0159iceti let si musel \u010desk\u00fd biker z\u00e1vod\u00edc\u00ed za Cube Factory Racing po\u010dkat na premi\u00e9rov\u00fd triumf v nejpresti\u017en\u011bj\u0161\u00edm seri\u00e1lu. \u00dasp\u011bch oslavil v rakousk\u00e9m Leogangu, kter\u00fd mu v minulosti p\u0159inesl n\u011bkolikr\u00e1t um\u00edst\u011bn\u00ed na stupn\u00edch v\u00edt\u011bz\u016f. Druhou \u010dervnovou ned\u011bli ovl\u00e1dl bitvu na bl\u00e1tiv\u00e9 trati.\" \/>\n<meta name=\"robots\" content=\"index, follow, max-snippet:-1, max-image-preview:large, max-video-preview:-1\" \/>\n<link rel=\"canonical\" href=\"https:\/\/www.welovecycling.com\/cs\/2025\/06\/08\/ondrej-cink-odmenen-za-vytrvalost-vyhral-svetovy-pohar-v-leogangu\/\" \/>\n<meta property=\"og:locale\" content=\"cs_CZ\" \/>\n<meta property=\"og:type\" content=\"article\" \/>\n<meta property=\"og:title\" content=\"Ond\u0159ej Cink odm\u011bn\u011bn za vytrvalost! Vyhr\u00e1l Sv\u011btov\u00fd poh\u00e1r v Leogangu\" \/>\n<meta property=\"og:description\" content=\"Ond\u0159ej Cink slav\u00ed prvn\u00ed v\u00edt\u011bzstv\u00ed ve sv\u011btov\u00e9m poh\u00e1ru cross country horsk\u00fdch kol. A\u017e do \u010dty\u0159iat\u0159iceti let si musel \u010desk\u00fd biker z\u00e1vod\u00edc\u00ed za Cube Factory Racing po\u010dkat na premi\u00e9rov\u00fd triumf v nejpresti\u017en\u011bj\u0161\u00edm seri\u00e1lu. \u00dasp\u011bch oslavil v rakousk\u00e9m Leogangu, kter\u00fd mu v minulosti p\u0159inesl n\u011bkolikr\u00e1t um\u00edst\u011bn\u00ed na stupn\u00edch v\u00edt\u011bz\u016f. Druhou \u010dervnovou ned\u011bli ovl\u00e1dl bitvu na bl\u00e1tiv\u00e9 trati.\" \/>\n<meta property=\"og:url\" content=\"https:\/\/www.welovecycling.com\/cs\/2025\/06\/08\/ondrej-cink-odmenen-za-vytrvalost-vyhral-svetovy-pohar-v-leogangu\/\" \/>\n<meta property=\"og:site_name\" content=\"\u0160koda We Love Cycling - \u010cesk\u00e1 republika\" \/>\n<meta property=\"article:published_time\" content=\"2025-06-08T17:22:46+00:00\" \/>\n<meta property=\"og:image\" content=\"https:\/\/d2p6e6u75xmxt8.cloudfront.net\/13\/2025\/06\/profimedia-1008584908.webp\" \/>\n\t<meta property=\"og:image:width\" content=\"1800\" \/>\n\t<meta property=\"og:image:height\" content=\"1200\" \/>\n\t<meta property=\"og:image:type\" content=\"image\/webp\" \/>\n<meta name=\"author\" content=\"radekmalina\" \/>\n<meta name=\"twitter:card\" content=\"summary_large_image\" \/>\n<meta name=\"twitter:label1\" content=\"Written by\" \/>\n\t<meta name=\"twitter:data1\" content=\"Radek Malina\" \/>\n\t<meta name=\"twitter:label2\" content=\"Est. reading time\" \/>\n\t<meta name=\"twitter:data2\" content=\"6\" \/>\n<script type=\"application\/ld+json\" class=\"yoast-schema-graph\">{\"@context\":\"https:\/\/schema.org\",\"@graph\":[{\"@type\":\"WebPage\",\"@id\":\"https:\/\/www.welovecycling.com\/cs\/2025\/06\/08\/ondrej-cink-odmenen-za-vytrvalost-vyhral-svetovy-pohar-v-leogangu\/\",\"url\":\"https:\/\/www.welovecycling.com\/cs\/2025\/06\/08\/ondrej-cink-odmenen-za-vytrvalost-vyhral-svetovy-pohar-v-leogangu\/\",\"name\":\"Ond\u0159ej Cink odm\u011bn\u011bn za vytrvalost! Vyhr\u00e1l Sv\u011btov\u00fd poh\u00e1r v Leogangu | \u0160koda We Love Cycling - \u010cesk\u00e1 republika\",\"isPartOf\":{\"@id\":\"https:\/\/www.welovecycling.com\/cs\/#website\"},\"primaryImageOfPage\":{\"@id\":\"https:\/\/www.welovecycling.com\/cs\/2025\/06\/08\/ondrej-cink-odmenen-za-vytrvalost-vyhral-svetovy-pohar-v-leogangu\/#primaryimage\"},\"image\":{\"@id\":\"https:\/\/www.welovecycling.com\/cs\/2025\/06\/08\/ondrej-cink-odmenen-za-vytrvalost-vyhral-svetovy-pohar-v-leogangu\/#primaryimage\"},\"thumbnailUrl\":\"https:\/\/d2p6e6u75xmxt8.cloudfront.net\/13\/2025\/06\/profimedia-1008584908.webp\",\"datePublished\":\"2025-06-08T17:22:46+00:00\",\"author\":{\"@id\":\"https:\/\/www.welovecycling.com\/cs\/#\/schema\/person\/d9eeb0a378f3a7e4a6d12d2b536b04b8\"},\"description\":\"Ond\u0159ej Cink slav\u00ed prvn\u00ed v\u00edt\u011bzstv\u00ed ve sv\u011btov\u00e9m poh\u00e1ru cross country horsk\u00fdch kol. A\u017e do \u010dty\u0159iat\u0159iceti let si musel \u010desk\u00fd biker z\u00e1vod\u00edc\u00ed za Cube Factory Racing po\u010dkat na premi\u00e9rov\u00fd triumf v nejpresti\u017en\u011bj\u0161\u00edm seri\u00e1lu. \u00dasp\u011bch oslavil v rakousk\u00e9m Leogangu, kter\u00fd mu v minulosti p\u0159inesl n\u011bkolikr\u00e1t um\u00edst\u011bn\u00ed na stupn\u00edch v\u00edt\u011bz\u016f. Druhou \u010dervnovou ned\u011bli ovl\u00e1dl bitvu na bl\u00e1tiv\u00e9 trati.\",\"inLanguage\":\"cs\",\"potentialAction\":[{\"@type\":\"ReadAction\",\"target\":[\"https:\/\/www.welovecycling.com\/cs\/2025\/06\/08\/ondrej-cink-odmenen-za-vytrvalost-vyhral-svetovy-pohar-v-leogangu\/\"]}]},{\"@type\":\"ImageObject\",\"inLanguage\":\"cs\",\"@id\":\"https:\/\/www.welovecycling.com\/cs\/2025\/06\/08\/ondrej-cink-odmenen-za-vytrvalost-vyhral-svetovy-pohar-v-leogangu\/#primaryimage\",\"url\":\"https:\/\/d2p6e6u75xmxt8.cloudfront.net\/13\/2025\/06\/profimedia-1008584908.webp\",\"contentUrl\":\"https:\/\/d2p6e6u75xmxt8.cloudfront.net\/13\/2025\/06\/profimedia-1008584908.webp\",\"width\":1800,\"height\":1200,\"caption\":\"Ond\u0159ej Cink slav\u00ed v\u00edt\u011bzstv\u00ed v Leogangu.\"},{\"@type\":\"WebSite\",\"@id\":\"https:\/\/www.welovecycling.com\/cs\/#website\",\"url\":\"https:\/\/www.welovecycling.com\/cs\/\",\"name\":\"\u0160koda We Love Cycling - \u010cesk\u00e1 republika\",\"description\":\"WeLoveCycling.cz je online magaz\u00edn, kter\u00fd v\u00e1m pravideln\u011b p\u0159in\u00e1\u0161\u00ed rady a tipy, zaj\u00edmav\u00e9 \u010dl\u00e1nky, videa a jedine\u010dn\u00e9 report\u00e1\u017ee ze sv\u011bta cyklistiky.\",\"potentialAction\":[{\"@type\":\"SearchAction\",\"target\":{\"@type\":\"EntryPoint\",\"urlTemplate\":\"https:\/\/www.welovecycling.com\/cs\/?s={search_term_string}\"},\"query-input\":{\"@type\":\"PropertyValueSpecification\",\"valueRequired\":true,\"valueName\":\"search_term_string\"}}],\"inLanguage\":\"cs\"},{\"@type\":\"Person\",\"@id\":\"https:\/\/www.welovecycling.com\/cs\/#\/schema\/person\/d9eeb0a378f3a7e4a6d12d2b536b04b8\",\"name\":\"radekmalina\",\"image\":{\"@type\":\"ImageObject\",\"inLanguage\":\"cs\",\"@id\":\"https:\/\/www.welovecycling.com\/cs\/#\/schema\/person\/image\/\",\"url\":\"https:\/\/secure.gravatar.com\/avatar\/66994b632cb8c39a46b9f54afa3ae07201b678d32a54275b6f1c9ffec356bfc0?s=96&d=mm&r=g\",\"contentUrl\":\"https:\/\/secure.gravatar.com\/avatar\/66994b632cb8c39a46b9f54afa3ae07201b678d32a54275b6f1c9ffec356bfc0?s=96&d=mm&r=g\",\"caption\":\"radekmalina\"},\"url\":\"https:\/\/www.welovecycling.com\/cs\/author\/radekmalina\/\"}]}<\/script>\n<!-- \/ Yoast SEO Premium plugin. -->","yoast_head_json":{"title":"Ond\u0159ej Cink odm\u011bn\u011bn za vytrvalost! Vyhr\u00e1l Sv\u011btov\u00fd poh\u00e1r v Leogangu | \u0160koda We Love Cycling - \u010cesk\u00e1 republika","description":"Ond\u0159ej Cink slav\u00ed prvn\u00ed v\u00edt\u011bzstv\u00ed ve sv\u011btov\u00e9m poh\u00e1ru cross country horsk\u00fdch kol. A\u017e do \u010dty\u0159iat\u0159iceti let si musel \u010desk\u00fd biker z\u00e1vod\u00edc\u00ed za Cube Factory Racing po\u010dkat na premi\u00e9rov\u00fd triumf v nejpresti\u017en\u011bj\u0161\u00edm seri\u00e1lu. \u00dasp\u011bch oslavil v rakousk\u00e9m Leogangu, kter\u00fd mu v minulosti p\u0159inesl n\u011bkolikr\u00e1t um\u00edst\u011bn\u00ed na stupn\u00edch v\u00edt\u011bz\u016f. Druhou \u010dervnovou ned\u011bli ovl\u00e1dl bitvu na bl\u00e1tiv\u00e9 trati.","robots":{"index":"index","follow":"follow","max-snippet":"max-snippet:-1","max-image-preview":"max-image-preview:large","max-video-preview":"max-video-preview:-1"},"canonical":"https:\/\/www.welovecycling.com\/cs\/2025\/06\/08\/ondrej-cink-odmenen-za-vytrvalost-vyhral-svetovy-pohar-v-leogangu\/","og_locale":"cs_CZ","og_type":"article","og_title":"Ond\u0159ej Cink odm\u011bn\u011bn za vytrvalost! Vyhr\u00e1l Sv\u011btov\u00fd poh\u00e1r v Leogangu","og_description":"Ond\u0159ej Cink slav\u00ed prvn\u00ed v\u00edt\u011bzstv\u00ed ve sv\u011btov\u00e9m poh\u00e1ru cross country horsk\u00fdch kol. A\u017e do \u010dty\u0159iat\u0159iceti let si musel \u010desk\u00fd biker z\u00e1vod\u00edc\u00ed za Cube Factory Racing po\u010dkat na premi\u00e9rov\u00fd triumf v nejpresti\u017en\u011bj\u0161\u00edm seri\u00e1lu. \u00dasp\u011bch oslavil v rakousk\u00e9m Leogangu, kter\u00fd mu v minulosti p\u0159inesl n\u011bkolikr\u00e1t um\u00edst\u011bn\u00ed na stupn\u00edch v\u00edt\u011bz\u016f. Druhou \u010dervnovou ned\u011bli ovl\u00e1dl bitvu na bl\u00e1tiv\u00e9 trati.","og_url":"https:\/\/www.welovecycling.com\/cs\/2025\/06\/08\/ondrej-cink-odmenen-za-vytrvalost-vyhral-svetovy-pohar-v-leogangu\/","og_site_name":"\u0160koda We Love Cycling - \u010cesk\u00e1 republika","article_published_time":"2025-06-08T17:22:46+00:00","og_image":[{"width":1800,"height":1200,"url":"https:\/\/d2p6e6u75xmxt8.cloudfront.net\/13\/2025\/06\/profimedia-1008584908.webp","type":"image\/webp"}],"author":"radekmalina","twitter_card":"summary_large_image","twitter_misc":{"Written by":"Radek Malina","Est. reading time":"6"},"schema":{"@context":"https:\/\/schema.org","@graph":[{"@type":"WebPage","@id":"https:\/\/www.welovecycling.com\/cs\/2025\/06\/08\/ondrej-cink-odmenen-za-vytrvalost-vyhral-svetovy-pohar-v-leogangu\/","url":"https:\/\/www.welovecycling.com\/cs\/2025\/06\/08\/ondrej-cink-odmenen-za-vytrvalost-vyhral-svetovy-pohar-v-leogangu\/","name":"Ond\u0159ej Cink odm\u011bn\u011bn za vytrvalost! Vyhr\u00e1l Sv\u011btov\u00fd poh\u00e1r v Leogangu | \u0160koda We Love Cycling - \u010cesk\u00e1 republika","isPartOf":{"@id":"https:\/\/www.welovecycling.com\/cs\/#website"},"primaryImageOfPage":{"@id":"https:\/\/www.welovecycling.com\/cs\/2025\/06\/08\/ondrej-cink-odmenen-za-vytrvalost-vyhral-svetovy-pohar-v-leogangu\/#primaryimage"},"image":{"@id":"https:\/\/www.welovecycling.com\/cs\/2025\/06\/08\/ondrej-cink-odmenen-za-vytrvalost-vyhral-svetovy-pohar-v-leogangu\/#primaryimage"},"thumbnailUrl":"https:\/\/d2p6e6u75xmxt8.cloudfront.net\/13\/2025\/06\/profimedia-1008584908.webp","datePublished":"2025-06-08T17:22:46+00:00","author":{"@id":"https:\/\/www.welovecycling.com\/cs\/#\/schema\/person\/d9eeb0a378f3a7e4a6d12d2b536b04b8"},"description":"Ond\u0159ej Cink slav\u00ed prvn\u00ed v\u00edt\u011bzstv\u00ed ve sv\u011btov\u00e9m poh\u00e1ru cross country horsk\u00fdch kol. A\u017e do \u010dty\u0159iat\u0159iceti let si musel \u010desk\u00fd biker z\u00e1vod\u00edc\u00ed za Cube Factory Racing po\u010dkat na premi\u00e9rov\u00fd triumf v nejpresti\u017en\u011bj\u0161\u00edm seri\u00e1lu. \u00dasp\u011bch oslavil v rakousk\u00e9m Leogangu, kter\u00fd mu v minulosti p\u0159inesl n\u011bkolikr\u00e1t um\u00edst\u011bn\u00ed na stupn\u00edch v\u00edt\u011bz\u016f. Druhou \u010dervnovou ned\u011bli ovl\u00e1dl bitvu na bl\u00e1tiv\u00e9 trati.","inLanguage":"cs","potentialAction":[{"@type":"ReadAction","target":["https:\/\/www.welovecycling.com\/cs\/2025\/06\/08\/ondrej-cink-odmenen-za-vytrvalost-vyhral-svetovy-pohar-v-leogangu\/"]}]},{"@type":"ImageObject","inLanguage":"cs","@id":"https:\/\/www.welovecycling.com\/cs\/2025\/06\/08\/ondrej-cink-odmenen-za-vytrvalost-vyhral-svetovy-pohar-v-leogangu\/#primaryimage","url":"https:\/\/d2p6e6u75xmxt8.cloudfront.net\/13\/2025\/06\/profimedia-1008584908.webp","contentUrl":"https:\/\/d2p6e6u75xmxt8.cloudfront.net\/13\/2025\/06\/profimedia-1008584908.webp","width":1800,"height":1200,"caption":"Ond\u0159ej Cink slav\u00ed v\u00edt\u011bzstv\u00ed v Leogangu."},{"@type":"WebSite","@id":"https:\/\/www.welovecycling.com\/cs\/#website","url":"https:\/\/www.welovecycling.com\/cs\/","name":"\u0160koda We Love Cycling - \u010cesk\u00e1 republika","description":"WeLoveCycling.cz je online magaz\u00edn, kter\u00fd v\u00e1m pravideln\u011b p\u0159in\u00e1\u0161\u00ed rady a tipy, zaj\u00edmav\u00e9 \u010dl\u00e1nky, videa a jedine\u010dn\u00e9 report\u00e1\u017ee ze sv\u011bta cyklistiky.","potentialAction":[{"@type":"SearchAction","target":{"@type":"EntryPoint","urlTemplate":"https:\/\/www.welovecycling.com\/cs\/?s={search_term_string}"},"query-input":{"@type":"PropertyValueSpecification","valueRequired":true,"valueName":"search_term_string"}}],"inLanguage":"cs"},{"@type":"Person","@id":"https:\/\/www.welovecycling.com\/cs\/#\/schema\/person\/d9eeb0a378f3a7e4a6d12d2b536b04b8","name":"radekmalina","image":{"@type":"ImageObject","inLanguage":"cs","@id":"https:\/\/www.welovecycling.com\/cs\/#\/schema\/person\/image\/","url":"https:\/\/secure.gravatar.com\/avatar\/66994b632cb8c39a46b9f54afa3ae07201b678d32a54275b6f1c9ffec356bfc0?s=96&d=mm&r=g","contentUrl":"https:\/\/secure.gravatar.com\/avatar\/66994b632cb8c39a46b9f54afa3ae07201b678d32a54275b6f1c9ffec356bfc0?s=96&d=mm&r=g","caption":"radekmalina"},"url":"https:\/\/www.welovecycling.com\/cs\/author\/radekmalina\/"}]}},"_links":{"self":[{"href":"https:\/\/www.welovecycling.com\/cs\/wp-json\/wp\/v2\/posts\/29416","targetHints":{"allow":["GET"]}}],"collection":[{"href":"https:\/\/www.welovecycling.com\/cs\/wp-json\/wp\/v2\/posts"}],"about":[{"href":"https:\/\/www.welovecycling.com\/cs\/wp-json\/wp\/v2\/types\/post"}],"author":[{"embeddable":true,"href":"https:\/\/www.welovecycling.com\/cs\/wp-json\/wp\/v2\/users\/138"}],"replies":[{"embeddable":true,"href":"https:\/\/www.welovecycling.com\/cs\/wp-json\/wp\/v2\/comments?post=29416"}],"version-history":[{"count":1,"href":"https:\/\/www.welovecycling.com\/cs\/wp-json\/wp\/v2\/posts\/29416\/revisions"}],"predecessor-version":[{"id":29420,"href":"https:\/\/www.welovecycling.com\/cs\/wp-json\/wp\/v2\/posts\/29416\/revisions\/29420"}],"wp:featuredmedia":[{"embeddable":true,"href":"https:\/\/www.welovecycling.com\/cs\/wp-json\/wp\/v2\/media\/29418"}],"wp:attachment":[{"href":"https:\/\/www.welovecycling.com\/cs\/wp-json\/wp\/v2\/media?parent=29416"}],"wp:term":[{"taxonomy":"category","embeddable":true,"href":"https:\/\/www.welovecycling.com\/cs\/wp-json\/wp\/v2\/categories?post=29416"},{"taxonomy":"post_tag","embeddable":true,"href":"https:\/\/www.welovecycling.com\/cs\/wp-json\/wp\/v2\/tags?post=29416"},{"taxonomy":"global-categories","embeddable":true,"href":"https:\/\/www.welovecycling.com\/cs\/wp-json\/wp\/v2\/global-categories?post=29416"}],"curies":[{"name":"wp","href":"https:\/\/api.w.org\/{rel}","templated":true}]}}