{"id":29409,"date":"2025-06-09T06:00:09","date_gmt":"2025-06-09T04:00:09","guid":{"rendered":"https:\/\/www.welovecycling.com\/cs\/?p=29409"},"modified":"2025-06-08T19:23:55","modified_gmt":"2025-06-08T17:23:55","slug":"proc-si-primoz-roglic-nezaslouzi-odepsat","status":"publish","type":"post","link":"https:\/\/www.welovecycling.com\/cs\/2025\/06\/09\/proc-si-primoz-roglic-nezaslouzi-odepsat\/","title":{"rendered":"Pro\u010d si Primo\u017e Rogli\u010d nezaslou\u017e\u00ed odepsat?"},"content":{"rendered":"<p><strong>Potlu\u010den\u00fd na t\u011ble i na du\u0161i kon\u010dil Primo\u017e Rogli\u010d italsk\u00e9 Giro. \u00datok na double z italsk\u00e9 bitvy o maglia rosa a \u017elut\u00fd trikot z Tour de France se slovinsk\u00e9mu matadorovi z Red Bull Bora-hansgrohe nezda\u0159il. Z Apeninsk\u00e9ho poloostrova odj\u00ed\u017ed\u011bl jako zpr\u00e1skan\u00fd pes. M\u00e1 v\u016fbec nad\u011bji zapojit se do bitvy o stupn\u011b v\u00edt\u011bz\u016f na Tour de France?<\/strong><\/p>\n<p>Byl to frustruj\u00edc\u00ed n\u00e1vrat na Grand Tour, kterou slavn\u011b p\u0159ed dv\u011bma lety fenomen\u00e1ln\u00edm v\u00fdkonem v p\u0159edposledn\u00ed etap\u011b zvr\u00e1til ve sv\u016fj prosp\u011bch a slavil celkov\u00e9 prvenstv\u00ed. P\u0159i v\u00fdstupu na Monte Grappa v patn\u00e1ct\u00e9 etap\u011b ro\u010dn\u00edku 2025 nebyl schopn\u00fd dr\u017eet tempo a dramaticky ztratil. Des\u00e1t\u00e1 p\u0159\u00ed\u010dka s mankem t\u0159\u00ed minut a t\u0159iapades\u00e1ti sekund zna\u010dila, \u017ee boj o nekone\u010dnou trofej pro v\u00edt\u011bze Gira je ztracen. Dal\u0161\u00ed den, po \u010dtvrt\u00e9m p\u00e1du v z\u00e1vod\u011b, Primo\u017e Rogli\u010d odstoupil.<\/p>\n<p>P\u0159ed Tour de France, kter\u00e1 odstartuje 5. \u010dervence, u\u017e neabsolvuje ve srovn\u00e1n\u00ed s nejv\u011bt\u0161\u00edmi konkurenty, \u017e\u00e1dn\u00fd z\u00e1vod. M\u00e1 v\u016fbec n\u011bjakou nad\u011bji, aby p\u0159i Grande Boucle 2025 bojoval o v\u00edt\u011bzstv\u00ed?<\/p>\n<h2><strong>Krach na Tour \u017eehl\u00ed triumfy z Vuelty<\/strong><\/h2>\n<p>Jestli b\u00fdval\u00e9ho skokana na ly\u017e\u00edch n\u011bco zdob\u00ed v jeho kari\u00e9\u0159e, pak jde o neuv\u011b\u0159itelnou schopnost vzpamatovat se z naprosto katastrofick\u00fdch Grand Tour.<\/p>\n<p>Byl to knockout, kter\u00fd by odrovnal mnoho sportovc\u016f. Na zbytek sezony, n\u011bkter\u00e9 na zbytek kari\u00e9ry. Ale Primo\u017e Rogli\u010d? Nezvykle a\u017e na p\u0159elomu srpna a z\u00e1\u0159\u00ed v sezon\u011b poznamenan\u00e9 pandemi\u00ed covidu u\u017e se na Tour de France 2020 skoro laskal s trofej\u00ed pro v\u00edt\u011bze. Zb\u00fdvala posledn\u00ed t\u011b\u017ek\u00e1 etapa p\u0159ed z\u00e1v\u011bre\u010dn\u00fdm sprintersk\u00fdm dojezdem do Pa\u0159\u00ed\u017ee. Jen\u017ee \u010dasovka s dojezdem na Planinu kr\u00e1sn\u00fdch d\u00edvek se pro b\u00fdval\u00e9ho skokana prom\u011bnila v no\u010dn\u00ed m\u016fru. Komfortn\u00ed n\u00e1skok ztratil a musel se sklonit p\u0159ed v\u00fdkonem Tadeje Poga\u010dara. Tour de France opou\u0161t\u011bl naprosto zni\u010den\u00fd.<\/p>\n<p>Ale u\u017e o m\u011bs\u00edc pozd\u011bji se pustil do bitvy o v\u00edt\u011bzstv\u00ed na Vuelt\u011b. Na startu st\u00e1l pos\u00edlen\u00fd prvenstv\u00edm v Monumentu Lutych-Bastogne-Lutych. Ve \u0160pan\u011blsku vyhr\u00e1l \u010dty\u0159i etapy z osmn\u00e1cti a radoval se z celkov\u00e9ho prvenstv\u00ed!<\/p>\n<figure id=\"attachment_29410\" aria-describedby=\"caption-attachment-29410\" style=\"width: 1800px\" class=\"wp-caption alignnone\"><a href=\"https:\/\/d2p6e6u75xmxt8.cloudfront.net\/13\/2025\/06\/profimedia-0999966136.webp\"><img loading=\"lazy\" decoding=\"async\" class=\"size-full wp-image-29410\" src=\"https:\/\/d2p6e6u75xmxt8.cloudfront.net\/13\/2025\/06\/profimedia-0999966136.webp\" alt=\"\" width=\"1800\" height=\"1200\" srcset=\"https:\/\/d2p6e6u75xmxt8.cloudfront.net\/13\/2025\/06\/profimedia-0999966136.webp 1800w, https:\/\/d2p6e6u75xmxt8.cloudfront.net\/13\/2025\/06\/profimedia-0999966136-300x200.webp 300w, https:\/\/d2p6e6u75xmxt8.cloudfront.net\/13\/2025\/06\/profimedia-0999966136-1024x683.webp 1024w, https:\/\/d2p6e6u75xmxt8.cloudfront.net\/13\/2025\/06\/profimedia-0999966136-768x512.webp 768w, https:\/\/d2p6e6u75xmxt8.cloudfront.net\/13\/2025\/06\/profimedia-0999966136-1536x1024.webp 1536w, https:\/\/d2p6e6u75xmxt8.cloudfront.net\/13\/2025\/06\/profimedia-0999966136-400x267.webp 400w, https:\/\/d2p6e6u75xmxt8.cloudfront.net\/13\/2025\/06\/profimedia-0999966136-272x182.webp 272w\" sizes=\"auto, (max-width: 1800px) 100vw, 1800px\" \/><\/a><figcaption id=\"caption-attachment-29410\" class=\"wp-caption-text\"><em>Primo\u017e Rogli\u010d si p\u0159i italsk\u00e9m Giru u\u017eil i trikot pro l\u00eddra z\u00e1vodu&#8230;<\/em><\/figcaption><\/figure>\n<p>Psalo se l\u00e9to 2021, kdy\u017e se Primo\u017e Rogli\u010d vracel dychtiv\u00fd na Tour de France, aby srovnal \u00fa\u010dty s krajanem Tadejem Poga\u010darem, kter\u00fd mu o rok d\u0159\u00edve &#8222;ukradl&#8220; v pam\u00e1tn\u00e9 \u010dasovce triumf z Grande Boucle. Ov\u0161em Rogli\u010d u\u017e ve t\u0159et\u00ed etap\u011b utrp\u011bl karambol. I p\u0159es state\u010dnou snahu nab\u00edral ztr\u00e1tu, kter\u00e1 byla po osm\u00e9 etap\u011b \u010dty\u0159icet minut. Do dev\u00e1t\u00e9ho d\u011bjstv\u00ed u\u017e ani nenastoupil.<\/p>\n<div class=\"shortcode-ys-post-pinup\"><article class=\"loop-simple post-29394 post type-post status-publish format-standard has-post-thumbnail hentry category-silnicni-cyklistika tag-cyklistika tag-licence tag-pavel-bittner tag-picnic-postnl tag-postup tag-sestup tag-silnicni-cyklistika tag-world-tour tag-xds-astana global-categories-cycling\" data-postid=\"29394\" role=\"article\" data-post-id=\"29394\" data-word-count=\"516\" data-headline-length=\"82\" data-category=\"Silni\u010dn\u00ed cyklistika\" data-global-category=\"Cycling\" data-author=\"We Love Cycling\" data-published=\"2025-06-05T10:54:45+02:00\" data-published-day=\"Thursday\">\n    <div class=\"entry-thumbnail article-thumbnail\" content=\"https:\/\/d2p6e6u75xmxt8.cloudfront.net\/13\/2025\/06\/profimedia-0993880509-150x150.webp\"><a href=\"https:\/\/www.welovecycling.com\/cs\/2025\/06\/05\/pavel-bittner-a-jeho-tym-v-ohrozeni-cinske-penize-zahnaly-beznadej-astany\/\" class=\"image-holder\" target=\"_self\"><img decoding=\"async\" loading=\"lazy\" class=\"\" src=\"https:\/\/d2p6e6u75xmxt8.cloudfront.net\/13\/2025\/06\/profimedia-0993880509-1024x683.webp\" srcset=\"https:\/\/d2p6e6u75xmxt8.cloudfront.net\/13\/2025\/06\/profimedia-0993880509.webp 1800w, https:\/\/d2p6e6u75xmxt8.cloudfront.net\/13\/2025\/06\/profimedia-0993880509-300x200.webp 300w, https:\/\/d2p6e6u75xmxt8.cloudfront.net\/13\/2025\/06\/profimedia-0993880509-1024x683.webp 1024w, https:\/\/d2p6e6u75xmxt8.cloudfront.net\/13\/2025\/06\/profimedia-0993880509-768x512.webp 768w, https:\/\/d2p6e6u75xmxt8.cloudfront.net\/13\/2025\/06\/profimedia-0993880509-1536x1024.webp 1536w, https:\/\/d2p6e6u75xmxt8.cloudfront.net\/13\/2025\/06\/profimedia-0993880509-400x267.webp 400w, https:\/\/d2p6e6u75xmxt8.cloudfront.net\/13\/2025\/06\/profimedia-0993880509-272x182.webp 272w\" width=\"1024\" height=\"683\" sizes=\"auto, (min-width: 1200px) 300px, (min-width: 768px) 25vw, 100vw\" alt=\"pavel-bittner-a-jeho-tym-v-ohrozeni-cinske-penize-zahnaly-beznadej-astany\"\/><\/a><\/div>    <div class=\"entry-meta\">\n        <a class=\"label label-secondary post-category\" href=\"https:\/\/www.welovecycling.com\/cs\/category\/silnicni-cyklistika\/\" title=\"Silni\u010dn\u00ed cyklistika\">Silni\u010dn\u00ed cyklistika<\/a>\n    <\/div>\n    <div class=\"entry-details\">\n        <a href=\"https:\/\/www.welovecycling.com\/cs\/2025\/06\/05\/pavel-bittner-a-jeho-tym-v-ohrozeni-cinske-penize-zahnaly-beznadej-astany\/\" class='entry-title-wrapper'>\n            <h3 class=\"entry-title\"><span>Pavel Bittner a jeho t\u00fdm v ohro\u017een\u00ed! \u010c\u00ednsk\u00e9 pen\u00edze zahnaly beznad\u011bj Astany<\/span><\/h3>\n        <\/a>\n    <\/div>\n    <\/article>\n<\/div>\n<p>Ov\u0161em o m\u011bs\u00edc pozd\u011bji z\u00edskal zlato na olympijsk\u00fdch hr\u00e1ch v Tokiu p\u0159i \u010dasovce. Bitvu s chronometrem n\u00e1sledn\u011b ovl\u00e1dl i prvn\u00ed den Vuelty, p\u0159idal je\u0161t\u011b dal\u0161\u00ed t\u0159i triumfy a z\u0159ejm\u011b v nejlep\u0161\u00ed form\u011b kari\u00e9ry slavil celkov\u00e9 prvenstv\u00ed!<\/p>\n<h2><strong>Po zoufal\u00e9 Grand Tour Primo\u017e Rogli\u010d v\u017edy z\u00e1\u0159\u00ed<\/strong><\/h2>\n<p>V l\u00e9t\u011b 2022 odstoupil z Tour de France. Tehdy p\u0159ij\u00ed\u017ed\u011bl je\u0161t\u011b v dresu tehdej\u0161\u00ed formace Jumbo Visma a doufal, \u017ee dostane p\u0159ednost p\u0159ed Jonasem Vingegaardem. Jen\u017ee b\u011bhem p\u00e1t\u00e9 etapy spadl a vykloubil si rameno. Do patn\u00e1ct\u00e9 etapy pak u\u017e vlivem zran\u011bn\u00ed ani nenastoupil. Kdy\u017e se vr\u00e1til o p\u00e1r t\u00fddn\u016f pozd\u011bji na Vuelt\u011b, dok\u00e1zal si p\u0159ipsat v\u00edt\u011bzstv\u00ed a bojovat o celkov\u00e9 v\u00edt\u011bzstv\u00ed, ne\u017e musel kv\u016fli zran\u011bn\u00ed po \u0161estn\u00e1ct\u00e9 etap\u011b odstoupit.<\/p>\n<figure id=\"attachment_29412\" aria-describedby=\"caption-attachment-29412\" style=\"width: 1800px\" class=\"wp-caption alignnone\"><a href=\"https:\/\/d2p6e6u75xmxt8.cloudfront.net\/13\/2025\/06\/profimedia-1003899361.webp\"><img loading=\"lazy\" decoding=\"async\" class=\"size-full wp-image-29412\" src=\"https:\/\/d2p6e6u75xmxt8.cloudfront.net\/13\/2025\/06\/profimedia-1003899361.webp\" alt=\"\" width=\"1800\" height=\"1200\" srcset=\"https:\/\/d2p6e6u75xmxt8.cloudfront.net\/13\/2025\/06\/profimedia-1003899361.webp 1800w, https:\/\/d2p6e6u75xmxt8.cloudfront.net\/13\/2025\/06\/profimedia-1003899361-300x200.webp 300w, https:\/\/d2p6e6u75xmxt8.cloudfront.net\/13\/2025\/06\/profimedia-1003899361-1024x683.webp 1024w, https:\/\/d2p6e6u75xmxt8.cloudfront.net\/13\/2025\/06\/profimedia-1003899361-768x512.webp 768w, https:\/\/d2p6e6u75xmxt8.cloudfront.net\/13\/2025\/06\/profimedia-1003899361-1536x1024.webp 1536w, https:\/\/d2p6e6u75xmxt8.cloudfront.net\/13\/2025\/06\/profimedia-1003899361-400x267.webp 400w, https:\/\/d2p6e6u75xmxt8.cloudfront.net\/13\/2025\/06\/profimedia-1003899361-272x182.webp 272w\" sizes=\"auto, (max-width: 1800px) 100vw, 1800px\" \/><\/a><figcaption id=\"caption-attachment-29412\" class=\"wp-caption-text\"><em>Slovinec Primo\u017e Rogli\u010d nased\u00e1 do t\u00fdmov\u00e9ho auta b\u011bhem 16. etapy italsk\u00e9ho Gira 2025.<\/em><\/figcaption><\/figure>\n<p>Kdy\u017e opustil Tour de France 2024 po dvan\u00e1ct\u00e9 etap\u011b, m\u011bl zlomen\u00fd obratel. O t\u0159icet p\u011bt dn\u016f pozd\u011bji st\u00e1l na startu Vuelty, kde vyhr\u00e1l t\u0159i etapy a <a href=\"https:\/\/www.welovecycling.com\/cs\/2024\/09\/08\/proc-primoz-roglic-na-vuelte-exceluje-zatimco-tour-de-france-mu-unika\/\">slavil celkov\u00e9 prvenstv\u00ed<\/a>. Musel p\u0159itom smazat t\u00e9m\u011b\u0159 p\u011btiminutov\u00e9 manko na Bena O&#8217;Connora tehdy je\u0161t\u011b z\u00e1vod\u00edc\u00edho za Decathlon AG2R LaMondiale.<\/p>\n<p>Se\u010dteno podtr\u017eeno: v\u017edy po jedn\u00e9 zoufal\u00e9 Grand Tour p\u0159edvedl <a href=\"https:\/\/www.procyclingstats.com\/rider\/primoz-roglic\">Primo\u017e Rogli\u010d<\/a> par\u00e1dn\u00ed v\u00fdkon na n\u00e1sleduj\u00edc\u00ed t\u0159i t\u00fddny trvaj\u00edc\u00ed bitv\u011b! A pokud nevybojoval celkov\u00e9 prvenstv\u00ed (2022), vyhr\u00e1l alespo\u0148 etapu a dok\u00e1zal i v pr\u016fb\u011bhu posledn\u00edho t\u00fddne bojovat o celkov\u00e9 prvenstv\u00ed, co\u017e je zn\u00e1mka v\u00fdjime\u010dnosti.<\/p>\n<div class=\"shortcode-ys-post-pinup\"><article class=\"loop-simple post-29298 post type-post status-publish format-standard has-post-thumbnail hentry category-zdravi-a-trenink tag-cyklistika tag-gravel tag-horska-cyklistika tag-silnicni-cyklistika tag-tipy-pro-zacatecniky tag-zdravi-a-trenink global-categories-cycling\" data-postid=\"29298\" role=\"article\" data-post-id=\"29298\" data-word-count=\"439\" data-headline-length=\"69\" data-category=\"Zdrav\u00ed a tr\u00e9nink\" data-global-category=\"Cycling\" data-author=\"We Love Cycling\" data-published=\"2025-05-30T06:39:14+02:00\" data-published-day=\"Friday\">\n    <div class=\"entry-thumbnail article-thumbnail\" content=\"https:\/\/d2p6e6u75xmxt8.cloudfront.net\/13\/2024\/11\/kdy-je-nejlepsi-cas-trenovat-150x150.webp\"><a href=\"https:\/\/www.welovecycling.com\/cs\/2025\/05\/30\/tipy-pro-zacatecniky-aby-se-cyklistika-stala-prijemnou-rutinou\/\" class=\"image-holder\" target=\"_self\"><img decoding=\"async\" loading=\"lazy\" class=\"\" src=\"https:\/\/d2p6e6u75xmxt8.cloudfront.net\/13\/2024\/11\/kdy-je-nejlepsi-cas-trenovat-1024x682.webp\" srcset=\"https:\/\/d2p6e6u75xmxt8.cloudfront.net\/13\/2024\/11\/kdy-je-nejlepsi-cas-trenovat.webp 1600w, https:\/\/d2p6e6u75xmxt8.cloudfront.net\/13\/2024\/11\/kdy-je-nejlepsi-cas-trenovat-300x200.webp 300w, https:\/\/d2p6e6u75xmxt8.cloudfront.net\/13\/2024\/11\/kdy-je-nejlepsi-cas-trenovat-1024x682.webp 1024w, https:\/\/d2p6e6u75xmxt8.cloudfront.net\/13\/2024\/11\/kdy-je-nejlepsi-cas-trenovat-768x512.webp 768w, https:\/\/d2p6e6u75xmxt8.cloudfront.net\/13\/2024\/11\/kdy-je-nejlepsi-cas-trenovat-1536x1023.webp 1536w, https:\/\/d2p6e6u75xmxt8.cloudfront.net\/13\/2024\/11\/kdy-je-nejlepsi-cas-trenovat-400x267.webp 400w, https:\/\/d2p6e6u75xmxt8.cloudfront.net\/13\/2024\/11\/kdy-je-nejlepsi-cas-trenovat-272x182.webp 272w\" width=\"1024\" height=\"682\" sizes=\"auto, (min-width: 1200px) 300px, (min-width: 768px) 25vw, 100vw\" alt=\"tipy-pro-zacatecniky-aby-se-cyklistika-stala-prijemnou-rutinou\"\/><\/a><\/div>    <div class=\"entry-meta\">\n        <a class=\"label label-secondary post-category\" href=\"https:\/\/www.welovecycling.com\/cs\/category\/zdravi-a-trenink\/\" title=\"Zdrav\u00ed a tr\u00e9nink\">Zdrav\u00ed a tr\u00e9nink<\/a>\n    <\/div>\n    <div class=\"entry-details\">\n        <a href=\"https:\/\/www.welovecycling.com\/cs\/2025\/05\/30\/tipy-pro-zacatecniky-aby-se-cyklistika-stala-prijemnou-rutinou\/\" class='entry-title-wrapper'>\n            <h3 class=\"entry-title\"><span>Tipy pro za\u010d\u00e1te\u010dn\u00edky, aby se cyklistika stala p\u0159\u00edjemnou rutinou<\/span><\/h3>\n        <\/a>\n    <\/div>\n    <\/article>\n<\/div>\n<p>Slovinsk\u00fd matador je mimo\u0159\u00e1dn\u011b odoln\u00fd. Tak\u017ee pokud se dok\u00e1\u017ee ve Francii kone\u010dn\u011b vyvarovat p\u00e1d\u016fm, nikdo by jej nem\u011bl podce\u0148ovat. Mimo\u0159\u00e1dn\u011b psychick\u00e1 odolnost z n\u011bj ud\u011blala v\u00edt\u011bze p\u011bti Grand Tour! A pr\u00e1v\u011b proto, \u017ee Tour de France mu st\u00e1le unik\u00e1, lze o\u010dek\u00e1vat v\u00fdjime\u010dnou odhodlanost a stoprocentn\u00ed ment\u00e1ln\u00ed nataven\u00ed na \u00fasp\u011bch v bitv\u011b o maillot jaune.<\/p>\n","protected":false},"excerpt":{"rendered":"<p>Potlu\u010den\u00fd na t\u011ble i na du\u0161i kon\u010dil Primo\u017e Rogli\u010d italsk\u00e9 Giro. \u00datok na double z italsk\u00e9 bitvy o maglia rosa [&hellip;]<\/p>\n","protected":false},"author":138,"featured_media":29411,"comment_status":"open","ping_status":"open","sticky":false,"template":"","format":"standard","meta":{"footnotes":""},"categories":[10],"tags":[126,3842,102,9,3843,273,113],"global-categories":[411],"class_list":["post-29409","post","type-post","status-publish","format-standard","has-post-thumbnail","hentry","category-silnicni-cyklistika","tag-cyklistika","tag-giro-2025","tag-primoz-roglic","tag-silnicni-cyklistika","tag-tour-de-france-2025","tag-vuelta","tag-zraneni","global-categories-cycling"],"yoast_head":"<!-- This site is optimized with the Yoast SEO Premium plugin v25.3 (Yoast SEO v25.9) - https:\/\/yoast.com\/wordpress\/plugins\/seo\/ -->\n<title>Pro\u010d si Primo\u017e Rogli\u010d nezaslou\u017e\u00ed odepsat? | \u0160koda We Love Cycling - \u010cesk\u00e1 republika<\/title>\n<meta name=\"description\" content=\"Potlu\u010den\u00fd na t\u011ble i na du\u0161i kon\u010dil Primo\u017e Rogli\u010d italsk\u00e9 Giro, kde \u010dty\u0159ikr\u00e1t spadl a sen o triumfu nenaplnil. Od\u010din\u00ed krach na Tour de France,\" \/>\n<meta name=\"robots\" content=\"index, follow, max-snippet:-1, max-image-preview:large, max-video-preview:-1\" \/>\n<link rel=\"canonical\" href=\"https:\/\/www.welovecycling.com\/cs\/2025\/06\/09\/proc-si-primoz-roglic-nezaslouzi-odepsat\/\" \/>\n<meta property=\"og:locale\" content=\"cs_CZ\" \/>\n<meta property=\"og:type\" content=\"article\" \/>\n<meta property=\"og:title\" content=\"Pro\u010d si Primo\u017e Rogli\u010d nezaslou\u017e\u00ed odepsat?\" \/>\n<meta property=\"og:description\" content=\"Potlu\u010den\u00fd na t\u011ble i na du\u0161i kon\u010dil Primo\u017e Rogli\u010d italsk\u00e9 Giro, kde \u010dty\u0159ikr\u00e1t spadl a sen o triumfu nenaplnil. Od\u010din\u00ed krach na Tour de France,\" \/>\n<meta property=\"og:url\" content=\"https:\/\/www.welovecycling.com\/cs\/2025\/06\/09\/proc-si-primoz-roglic-nezaslouzi-odepsat\/\" \/>\n<meta property=\"og:site_name\" content=\"\u0160koda We Love Cycling - \u010cesk\u00e1 republika\" \/>\n<meta property=\"article:published_time\" content=\"2025-06-09T04:00:09+00:00\" \/>\n<meta property=\"og:image\" content=\"https:\/\/d2p6e6u75xmxt8.cloudfront.net\/13\/2025\/06\/profimedia-1003165284.webp\" \/>\n\t<meta property=\"og:image:width\" content=\"1800\" \/>\n\t<meta property=\"og:image:height\" content=\"1199\" \/>\n\t<meta property=\"og:image:type\" content=\"image\/webp\" \/>\n<meta name=\"author\" content=\"radekmalina\" \/>\n<meta name=\"twitter:card\" content=\"summary_large_image\" \/>\n<meta name=\"twitter:label1\" content=\"Written by\" \/>\n\t<meta name=\"twitter:data1\" content=\"We Love Cycling\" \/>\n\t<meta name=\"twitter:label2\" content=\"Est. reading time\" \/>\n\t<meta name=\"twitter:data2\" content=\"5\" \/>\n<script type=\"application\/ld+json\" class=\"yoast-schema-graph\">{\"@context\":\"https:\/\/schema.org\",\"@graph\":[{\"@type\":\"WebPage\",\"@id\":\"https:\/\/www.welovecycling.com\/cs\/2025\/06\/09\/proc-si-primoz-roglic-nezaslouzi-odepsat\/\",\"url\":\"https:\/\/www.welovecycling.com\/cs\/2025\/06\/09\/proc-si-primoz-roglic-nezaslouzi-odepsat\/\",\"name\":\"Pro\u010d si Primo\u017e Rogli\u010d nezaslou\u017e\u00ed odepsat? | \u0160koda We Love Cycling - \u010cesk\u00e1 republika\",\"isPartOf\":{\"@id\":\"https:\/\/www.welovecycling.com\/cs\/#website\"},\"primaryImageOfPage\":{\"@id\":\"https:\/\/www.welovecycling.com\/cs\/2025\/06\/09\/proc-si-primoz-roglic-nezaslouzi-odepsat\/#primaryimage\"},\"image\":{\"@id\":\"https:\/\/www.welovecycling.com\/cs\/2025\/06\/09\/proc-si-primoz-roglic-nezaslouzi-odepsat\/#primaryimage\"},\"thumbnailUrl\":\"https:\/\/d2p6e6u75xmxt8.cloudfront.net\/13\/2025\/06\/profimedia-1003165284.webp\",\"datePublished\":\"2025-06-09T04:00:09+00:00\",\"author\":{\"@id\":\"https:\/\/www.welovecycling.com\/cs\/#\/schema\/person\/d9eeb0a378f3a7e4a6d12d2b536b04b8\"},\"description\":\"Potlu\u010den\u00fd na t\u011ble i na du\u0161i kon\u010dil Primo\u017e Rogli\u010d italsk\u00e9 Giro, kde \u010dty\u0159ikr\u00e1t spadl a sen o triumfu nenaplnil. Od\u010din\u00ed krach na Tour de France,\",\"inLanguage\":\"cs\",\"potentialAction\":[{\"@type\":\"ReadAction\",\"target\":[\"https:\/\/www.welovecycling.com\/cs\/2025\/06\/09\/proc-si-primoz-roglic-nezaslouzi-odepsat\/\"]}]},{\"@type\":\"ImageObject\",\"inLanguage\":\"cs\",\"@id\":\"https:\/\/www.welovecycling.com\/cs\/2025\/06\/09\/proc-si-primoz-roglic-nezaslouzi-odepsat\/#primaryimage\",\"url\":\"https:\/\/d2p6e6u75xmxt8.cloudfront.net\/13\/2025\/06\/profimedia-1003165284.webp\",\"contentUrl\":\"https:\/\/d2p6e6u75xmxt8.cloudfront.net\/13\/2025\/06\/profimedia-1003165284.webp\",\"width\":1800,\"height\":1199,\"caption\":\"Primo\u017e Rogli\u010d Giro opustil p\u0159ed\u010dasn\u011b. P\u0159inese mu Tour 2025 \u00fat\u011bchu?\"},{\"@type\":\"WebSite\",\"@id\":\"https:\/\/www.welovecycling.com\/cs\/#website\",\"url\":\"https:\/\/www.welovecycling.com\/cs\/\",\"name\":\"\u0160koda We Love Cycling - \u010cesk\u00e1 republika\",\"description\":\"WeLoveCycling.cz je online magaz\u00edn, kter\u00fd v\u00e1m pravideln\u011b p\u0159in\u00e1\u0161\u00ed rady a tipy, zaj\u00edmav\u00e9 \u010dl\u00e1nky, videa a jedine\u010dn\u00e9 report\u00e1\u017ee ze sv\u011bta cyklistiky.\",\"potentialAction\":[{\"@type\":\"SearchAction\",\"target\":{\"@type\":\"EntryPoint\",\"urlTemplate\":\"https:\/\/www.welovecycling.com\/cs\/?s={search_term_string}\"},\"query-input\":{\"@type\":\"PropertyValueSpecification\",\"valueRequired\":true,\"valueName\":\"search_term_string\"}}],\"inLanguage\":\"cs\"},{\"@type\":\"Person\",\"@id\":\"https:\/\/www.welovecycling.com\/cs\/#\/schema\/person\/d9eeb0a378f3a7e4a6d12d2b536b04b8\",\"name\":\"radekmalina\",\"image\":{\"@type\":\"ImageObject\",\"inLanguage\":\"cs\",\"@id\":\"https:\/\/www.welovecycling.com\/cs\/#\/schema\/person\/image\/\",\"url\":\"https:\/\/secure.gravatar.com\/avatar\/66994b632cb8c39a46b9f54afa3ae07201b678d32a54275b6f1c9ffec356bfc0?s=96&d=mm&r=g\",\"contentUrl\":\"https:\/\/secure.gravatar.com\/avatar\/66994b632cb8c39a46b9f54afa3ae07201b678d32a54275b6f1c9ffec356bfc0?s=96&d=mm&r=g\",\"caption\":\"radekmalina\"},\"url\":\"https:\/\/www.welovecycling.com\/cs\/author\/radekmalina\/\"}]}<\/script>\n<!-- \/ Yoast SEO Premium plugin. -->","yoast_head_json":{"title":"Pro\u010d si Primo\u017e Rogli\u010d nezaslou\u017e\u00ed odepsat? | \u0160koda We Love Cycling - \u010cesk\u00e1 republika","description":"Potlu\u010den\u00fd na t\u011ble i na du\u0161i kon\u010dil Primo\u017e Rogli\u010d italsk\u00e9 Giro, kde \u010dty\u0159ikr\u00e1t spadl a sen o triumfu nenaplnil. Od\u010din\u00ed krach na Tour de France,","robots":{"index":"index","follow":"follow","max-snippet":"max-snippet:-1","max-image-preview":"max-image-preview:large","max-video-preview":"max-video-preview:-1"},"canonical":"https:\/\/www.welovecycling.com\/cs\/2025\/06\/09\/proc-si-primoz-roglic-nezaslouzi-odepsat\/","og_locale":"cs_CZ","og_type":"article","og_title":"Pro\u010d si Primo\u017e Rogli\u010d nezaslou\u017e\u00ed odepsat?","og_description":"Potlu\u010den\u00fd na t\u011ble i na du\u0161i kon\u010dil Primo\u017e Rogli\u010d italsk\u00e9 Giro, kde \u010dty\u0159ikr\u00e1t spadl a sen o triumfu nenaplnil. Od\u010din\u00ed krach na Tour de France,","og_url":"https:\/\/www.welovecycling.com\/cs\/2025\/06\/09\/proc-si-primoz-roglic-nezaslouzi-odepsat\/","og_site_name":"\u0160koda We Love Cycling - \u010cesk\u00e1 republika","article_published_time":"2025-06-09T04:00:09+00:00","og_image":[{"width":1800,"height":1199,"url":"https:\/\/d2p6e6u75xmxt8.cloudfront.net\/13\/2025\/06\/profimedia-1003165284.webp","type":"image\/webp"}],"author":"radekmalina","twitter_card":"summary_large_image","twitter_misc":{"Written by":"We Love Cycling","Est. reading time":"5"},"schema":{"@context":"https:\/\/schema.org","@graph":[{"@type":"WebPage","@id":"https:\/\/www.welovecycling.com\/cs\/2025\/06\/09\/proc-si-primoz-roglic-nezaslouzi-odepsat\/","url":"https:\/\/www.welovecycling.com\/cs\/2025\/06\/09\/proc-si-primoz-roglic-nezaslouzi-odepsat\/","name":"Pro\u010d si Primo\u017e Rogli\u010d nezaslou\u017e\u00ed odepsat? | \u0160koda We Love Cycling - \u010cesk\u00e1 republika","isPartOf":{"@id":"https:\/\/www.welovecycling.com\/cs\/#website"},"primaryImageOfPage":{"@id":"https:\/\/www.welovecycling.com\/cs\/2025\/06\/09\/proc-si-primoz-roglic-nezaslouzi-odepsat\/#primaryimage"},"image":{"@id":"https:\/\/www.welovecycling.com\/cs\/2025\/06\/09\/proc-si-primoz-roglic-nezaslouzi-odepsat\/#primaryimage"},"thumbnailUrl":"https:\/\/d2p6e6u75xmxt8.cloudfront.net\/13\/2025\/06\/profimedia-1003165284.webp","datePublished":"2025-06-09T04:00:09+00:00","author":{"@id":"https:\/\/www.welovecycling.com\/cs\/#\/schema\/person\/d9eeb0a378f3a7e4a6d12d2b536b04b8"},"description":"Potlu\u010den\u00fd na t\u011ble i na du\u0161i kon\u010dil Primo\u017e Rogli\u010d italsk\u00e9 Giro, kde \u010dty\u0159ikr\u00e1t spadl a sen o triumfu nenaplnil. Od\u010din\u00ed krach na Tour de France,","inLanguage":"cs","potentialAction":[{"@type":"ReadAction","target":["https:\/\/www.welovecycling.com\/cs\/2025\/06\/09\/proc-si-primoz-roglic-nezaslouzi-odepsat\/"]}]},{"@type":"ImageObject","inLanguage":"cs","@id":"https:\/\/www.welovecycling.com\/cs\/2025\/06\/09\/proc-si-primoz-roglic-nezaslouzi-odepsat\/#primaryimage","url":"https:\/\/d2p6e6u75xmxt8.cloudfront.net\/13\/2025\/06\/profimedia-1003165284.webp","contentUrl":"https:\/\/d2p6e6u75xmxt8.cloudfront.net\/13\/2025\/06\/profimedia-1003165284.webp","width":1800,"height":1199,"caption":"Primo\u017e Rogli\u010d Giro opustil p\u0159ed\u010dasn\u011b. P\u0159inese mu Tour 2025 \u00fat\u011bchu?"},{"@type":"WebSite","@id":"https:\/\/www.welovecycling.com\/cs\/#website","url":"https:\/\/www.welovecycling.com\/cs\/","name":"\u0160koda We Love Cycling - \u010cesk\u00e1 republika","description":"WeLoveCycling.cz je online magaz\u00edn, kter\u00fd v\u00e1m pravideln\u011b p\u0159in\u00e1\u0161\u00ed rady a tipy, zaj\u00edmav\u00e9 \u010dl\u00e1nky, videa a jedine\u010dn\u00e9 report\u00e1\u017ee ze sv\u011bta cyklistiky.","potentialAction":[{"@type":"SearchAction","target":{"@type":"EntryPoint","urlTemplate":"https:\/\/www.welovecycling.com\/cs\/?s={search_term_string}"},"query-input":{"@type":"PropertyValueSpecification","valueRequired":true,"valueName":"search_term_string"}}],"inLanguage":"cs"},{"@type":"Person","@id":"https:\/\/www.welovecycling.com\/cs\/#\/schema\/person\/d9eeb0a378f3a7e4a6d12d2b536b04b8","name":"radekmalina","image":{"@type":"ImageObject","inLanguage":"cs","@id":"https:\/\/www.welovecycling.com\/cs\/#\/schema\/person\/image\/","url":"https:\/\/secure.gravatar.com\/avatar\/66994b632cb8c39a46b9f54afa3ae07201b678d32a54275b6f1c9ffec356bfc0?s=96&d=mm&r=g","contentUrl":"https:\/\/secure.gravatar.com\/avatar\/66994b632cb8c39a46b9f54afa3ae07201b678d32a54275b6f1c9ffec356bfc0?s=96&d=mm&r=g","caption":"radekmalina"},"url":"https:\/\/www.welovecycling.com\/cs\/author\/radekmalina\/"}]}},"_links":{"self":[{"href":"https:\/\/www.welovecycling.com\/cs\/wp-json\/wp\/v2\/posts\/29409","targetHints":{"allow":["GET"]}}],"collection":[{"href":"https:\/\/www.welovecycling.com\/cs\/wp-json\/wp\/v2\/posts"}],"about":[{"href":"https:\/\/www.welovecycling.com\/cs\/wp-json\/wp\/v2\/types\/post"}],"author":[{"embeddable":true,"href":"https:\/\/www.welovecycling.com\/cs\/wp-json\/wp\/v2\/users\/138"}],"replies":[{"embeddable":true,"href":"https:\/\/www.welovecycling.com\/cs\/wp-json\/wp\/v2\/comments?post=29409"}],"version-history":[{"count":4,"href":"https:\/\/www.welovecycling.com\/cs\/wp-json\/wp\/v2\/posts\/29409\/revisions"}],"predecessor-version":[{"id":29421,"href":"https:\/\/www.welovecycling.com\/cs\/wp-json\/wp\/v2\/posts\/29409\/revisions\/29421"}],"wp:featuredmedia":[{"embeddable":true,"href":"https:\/\/www.welovecycling.com\/cs\/wp-json\/wp\/v2\/media\/29411"}],"wp:attachment":[{"href":"https:\/\/www.welovecycling.com\/cs\/wp-json\/wp\/v2\/media?parent=29409"}],"wp:term":[{"taxonomy":"category","embeddable":true,"href":"https:\/\/www.welovecycling.com\/cs\/wp-json\/wp\/v2\/categories?post=29409"},{"taxonomy":"post_tag","embeddable":true,"href":"https:\/\/www.welovecycling.com\/cs\/wp-json\/wp\/v2\/tags?post=29409"},{"taxonomy":"global-categories","embeddable":true,"href":"https:\/\/www.welovecycling.com\/cs\/wp-json\/wp\/v2\/global-categories?post=29409"}],"curies":[{"name":"wp","href":"https:\/\/api.w.org\/{rel}","templated":true}]}}