{"id":29365,"date":"2025-06-04T06:12:08","date_gmt":"2025-06-04T04:12:08","guid":{"rendered":"https:\/\/www.welovecycling.com\/cs\/?p=29365"},"modified":"2025-06-04T09:16:29","modified_gmt":"2025-06-04T07:16:29","slug":"tip-na-vylet-santa-barbara-romanticky-kopec-z-gira-co-skryva-utrpeni","status":"publish","type":"post","link":"https:\/\/www.welovecycling.com\/cs\/2025\/06\/04\/tip-na-vylet-santa-barbara-romanticky-kopec-z-gira-co-skryva-utrpeni\/","title":{"rendered":"Tip na v\u00fdlet: Santa Barbara. Romantick\u00fd kopec z Gira, co skr\u00fdv\u00e1 utrpen\u00ed"},"content":{"rendered":"<p><strong>Ksakru, kudy se jede k vrcholu?! Stoj\u00edte na \u00fapat\u00ed kopce a p\u0159ed v\u00e1mi se ty\u010d\u00ed skaln\u00ed st\u011bna, z v\u011bt\u0161\u00ed \u010d\u00e1sti zalesn\u011bn\u00e1. A p\u0159ece skr\u00fdv\u00e1 silnici, kter\u00e1 vede k vrcholu. Na passo Santa Barbara. Na ja\u0159e 2025 tudy profr\u010del peloton italsk\u00e9ho Gira. A tak\u00e9 mnoho \u010desk\u00fdch milovn\u00edk\u016f cyklistiky, proto\u017ee pokud jste u Lago di Garda, tenhle v\u00fdstup si nem\u016f\u017eete nechat uj\u00edt.<\/strong><\/p>\n<p>&#8222;Je to takov\u00fd test nohou pro ka\u017ed\u00e9ho. Santa Barbara s trochou nads\u00e1zky vysvl\u00e9kne cyklisty do naha a uk\u00e1\u017ee, jak\u00e1 je jeho skute\u010dn\u00e1 forma. M\u00edstn\u00ed ten kopec tak berou,&#8220; \u0159\u00edk\u00e1 Marco Giacomello, zdej\u0161\u00ed cyklistick\u00fd pr\u016fvodce.<\/p>\n<h2><strong>V\u00fdhledy cestou na Passo Santa Barbara jsou jako luxusn\u00ed perly<\/strong><\/h2>\n<p>Oblast Garda-Trentino pat\u0159\u00ed mezi \u010desk\u00fdmi turisty mezi nejvyhled\u00e1van\u011bj\u0161\u00ed. Za c\u00edl dovolen\u00e9 od jara do podzimu ji vol\u00ed tis\u00edce lid\u00ed. M\u00ed\u0159\u00ed sem za jedine\u010dn\u00fdmi mo\u017enostmi lezen\u00ed po skal\u00e1ch, v\u00fdjime\u010dn\u00fdm v\u00ednem, surfov\u00e1n\u00edm na jeze\u0159e Lago di Garda \u010di cyklistikou, proto\u017ee lokalita nab\u00edz\u00ed par\u00e1dn\u00ed ter\u00e9ny pro naj\u00ed\u017ed\u011bn\u00ed kilometr\u016f. T\u011bch pohodov\u00fdch i po\u0159\u00e1dn\u011b drsn\u00fdch.<\/p>\n<figure id=\"attachment_29370\" aria-describedby=\"caption-attachment-29370\" style=\"width: 1920px\" class=\"wp-caption alignnone\"><a href=\"https:\/\/d2p6e6u75xmxt8.cloudfront.net\/13\/2025\/06\/GARDADOLOMITI-ph-WATCHSOME_ARCO_HQ-0693-scaled.webp\"><img loading=\"lazy\" decoding=\"async\" class=\"size-extra-large wp-image-29370\" src=\"https:\/\/d2p6e6u75xmxt8.cloudfront.net\/13\/2025\/06\/GARDADOLOMITI-ph-WATCHSOME_ARCO_HQ-0693-1920x1279.webp\" alt=\"\" width=\"1920\" height=\"1279\" srcset=\"https:\/\/d2p6e6u75xmxt8.cloudfront.net\/13\/2025\/06\/GARDADOLOMITI-ph-WATCHSOME_ARCO_HQ-0693-1920x1279.webp 1920w, https:\/\/d2p6e6u75xmxt8.cloudfront.net\/13\/2025\/06\/GARDADOLOMITI-ph-WATCHSOME_ARCO_HQ-0693-300x200.webp 300w, https:\/\/d2p6e6u75xmxt8.cloudfront.net\/13\/2025\/06\/GARDADOLOMITI-ph-WATCHSOME_ARCO_HQ-0693-1024x682.webp 1024w, https:\/\/d2p6e6u75xmxt8.cloudfront.net\/13\/2025\/06\/GARDADOLOMITI-ph-WATCHSOME_ARCO_HQ-0693-768x512.webp 768w, https:\/\/d2p6e6u75xmxt8.cloudfront.net\/13\/2025\/06\/GARDADOLOMITI-ph-WATCHSOME_ARCO_HQ-0693-1536x1023.webp 1536w, https:\/\/d2p6e6u75xmxt8.cloudfront.net\/13\/2025\/06\/GARDADOLOMITI-ph-WATCHSOME_ARCO_HQ-0693-2048x1364.webp 2048w, https:\/\/d2p6e6u75xmxt8.cloudfront.net\/13\/2025\/06\/GARDADOLOMITI-ph-WATCHSOME_ARCO_HQ-0693-400x266.webp 400w, https:\/\/d2p6e6u75xmxt8.cloudfront.net\/13\/2025\/06\/GARDADOLOMITI-ph-WATCHSOME_ARCO_HQ-0693-272x182.webp 272w, https:\/\/d2p6e6u75xmxt8.cloudfront.net\/13\/2025\/06\/GARDADOLOMITI-ph-WATCHSOME_ARCO_HQ-0693-1920x1279.webp 1920w\" sizes=\"auto, (max-width: 1920px) 100vw, 1920px\" \/><\/a><figcaption id=\"caption-attachment-29370\" class=\"wp-caption-text\"><em>Cestou na Passo Santa Barbara se naskytne i jedine\u010dn\u00fd pohled na Arco.<\/em><\/figcaption><\/figure>\n<p>Pro v\u00fdjime\u010dn\u00e9 z\u00e1\u017eitky v sedle p\u0159itom nemus\u00edte p\u0159\u00edli\u0161 daleko. Pokud se ubytujete v m\u011bste\u010dku Arco, m\u00e1te pades\u00e1tiprocentn\u00ed jistotu v\u00fdhledu na Monte Velo. Je to n\u00e1dhern\u00fd kopec. P\u011btadvacet serpentin, jejich\u017e prvn\u00ed \u010d\u00e1st je na \u0161irok\u00e9 silnici vedouc\u00ed z Bolognana.<\/p>\n<p>Po \u00favodn\u00edch kilometrech mezi domky a impozantn\u00edmi vinicemi pokra\u010dujete romantickou lesn\u00ed krajinou po \u00fazk\u00e9 silni\u010dce tak akor\u00e1t na jedno vozidlo s minim\u00e1ln\u00edm provozem. Kdy\u017e se zano\u0159\u00edte do lesa, co\u017e z v\u00fdstupu \u010din\u00ed p\u0159\u00edjemn\u00fd kopec i v hork\u00fdch letn\u00edch m\u011bs\u00edc\u00edch, otv\u00edraj\u00ed se jako perly na obzoru jedine\u010dn\u00e9 v\u00fdhledy na severn\u00ed \u010d\u00e1st jezera Lago di Garda.<\/p>\n<p>Jakkoliv se pohybujete v l\u00edbezn\u00e9m prost\u0159ed\u00ed, kter\u00e9 mus\u00edte milovat, tenhle kopec je pro amat\u00e9rsk\u00e9 cyklisty zdrojem \u010dist\u00e9ho utrpen\u00ed.<\/p>\n<p><a href=\"https:\/\/d2p6e6u75xmxt8.cloudfront.net\/13\/2025\/06\/20250518_145151-scaled-e1748983518300.webp\"><img loading=\"lazy\" decoding=\"async\" class=\"alignnone size-extra-large wp-image-29379\" src=\"https:\/\/d2p6e6u75xmxt8.cloudfront.net\/13\/2025\/06\/20250518_145151-scaled-e1748983518300-1440x1920.webp\" alt=\"\" width=\"1440\" height=\"1920\" srcset=\"https:\/\/d2p6e6u75xmxt8.cloudfront.net\/13\/2025\/06\/20250518_145151-scaled-e1748983518300-1440x1920.webp 1440w, https:\/\/d2p6e6u75xmxt8.cloudfront.net\/13\/2025\/06\/20250518_145151-scaled-e1748983518300-225x300.webp 225w, https:\/\/d2p6e6u75xmxt8.cloudfront.net\/13\/2025\/06\/20250518_145151-scaled-e1748983518300-768x1024.webp 768w, https:\/\/d2p6e6u75xmxt8.cloudfront.net\/13\/2025\/06\/20250518_145151-scaled-e1748983518300-1152x1536.webp 1152w, https:\/\/d2p6e6u75xmxt8.cloudfront.net\/13\/2025\/06\/20250518_145151-scaled-e1748983518300-1536x2048.webp 1536w, https:\/\/d2p6e6u75xmxt8.cloudfront.net\/13\/2025\/06\/20250518_145151-scaled-e1748983518300-300x400.webp 300w, https:\/\/d2p6e6u75xmxt8.cloudfront.net\/13\/2025\/06\/20250518_145151-scaled-e1748983518300.webp 1920w, https:\/\/d2p6e6u75xmxt8.cloudfront.net\/13\/2025\/06\/20250518_145151-scaled-e1748983518300-1440x1920.webp 1440w\" sizes=\"auto, (max-width: 1440px) 100vw, 1440px\" \/><\/a><\/p>\n<p>&#8222;J\u00e1 v\u00e1s varoval,&#8220; sm\u011bje se Marco, kdy\u017e je na Passo Santa Barbara je\u0161t\u011b hodn\u011b daleko a nohy u\u017e p\u0159\u00edli\u0161 neposlouchaj\u00ed. Ale sesednou nejde. Poko\u0159it vnit\u0159n\u00ed hlasy nab\u00e1daj\u00edc\u00ed k oto\u010dce \u010di v\u00fdstupu ze sedla sem tak\u0159ka denn\u011b m\u00ed\u0159\u00ed des\u00edtky cyklist\u016f. Na horsk\u00fdch kolech, gravelov\u00fdch i silni\u010dk\u00e1ch nejmodern\u011bj\u0161\u00edho st\u0159ihu, stejn\u011b jako m\u00edstn\u00ed veter\u00e1ni je\u0161t\u011b s legendami v podob\u011b ocelov\u00fdch r\u00e1m\u016f a p\u00e1kov\u00fdm \u0159azen\u00edm na r\u00e1mu.<\/p>\n<h2><strong>K vrcholu rad\u011bji nehle\u010fte<\/strong><\/h2>\n<p>P\u0159i n\u00e1jezdu od Bolognana je lep\u0161\u00ed nehled\u011bt k vrcholu. A u\u017e v\u016fbec nen\u00ed dobr\u00fd n\u00e1pad prohl\u00ed\u017eet si tabuli, kter\u00e1 p\u0159ibli\u017euje kilometr za kilometrem pr\u016fm\u011brn\u00fd sklon. Z milosrdn\u00fdch \u010dty\u0159 procent se po p\u00e1r stovk\u00e1ch metr\u016f posunete na sedm, pak na jeden\u00e1ct a teprve mezi dev\u00e1t\u00fdm a des\u00e1t\u00fdm kilometrem sklon klesne na p\u011bt procent, aby se vz\u00e1p\u011bt\u00ed kopec znovu ut\u00e1hl a teprve na posledn\u00edch p\u011bti stech metrech skon klesl na \u010dty\u0159i procenta.<\/p>\n<div class=\"shortcode-ys-post-pinup\"><article class=\"loop-simple post-29326 post type-post status-publish format-standard has-post-thumbnail hentry category-silnicni-cyklistika tag-cyklistika tag-giro-2025 tag-isaac-del-toro tag-maglia-rosa tag-silnicni-cyklistika tag-simon-yates tag-uae-emirates global-categories-cycling\" data-postid=\"29326\" role=\"article\" data-post-id=\"29326\" data-word-count=\"587\" data-headline-length=\"83\" data-category=\"Silni\u010dn\u00ed cyklistika\" data-global-category=\"Cycling\" data-author=\"Radek Malina\" data-published=\"2025-06-02T12:30:50+02:00\" data-published-day=\"Monday\">\n    <div class=\"entry-thumbnail article-thumbnail\" content=\"https:\/\/d2p6e6u75xmxt8.cloudfront.net\/13\/2025\/06\/profimedia-1006056985-150x150.webp\"><a href=\"https:\/\/www.welovecycling.com\/cs\/2025\/06\/02\/bridilove-uae-emirates-tym-tadeje-pogacara-celi-kritice-za-zpackane-giro\/\" class=\"image-holder\" target=\"_self\"><img decoding=\"async\" loading=\"lazy\" class=\"\" src=\"https:\/\/d2p6e6u75xmxt8.cloudfront.net\/13\/2025\/06\/profimedia-1006056985-1024x683.webp\" srcset=\"https:\/\/d2p6e6u75xmxt8.cloudfront.net\/13\/2025\/06\/profimedia-1006056985.webp 1800w, https:\/\/d2p6e6u75xmxt8.cloudfront.net\/13\/2025\/06\/profimedia-1006056985-300x200.webp 300w, https:\/\/d2p6e6u75xmxt8.cloudfront.net\/13\/2025\/06\/profimedia-1006056985-1024x683.webp 1024w, https:\/\/d2p6e6u75xmxt8.cloudfront.net\/13\/2025\/06\/profimedia-1006056985-768x512.webp 768w, https:\/\/d2p6e6u75xmxt8.cloudfront.net\/13\/2025\/06\/profimedia-1006056985-1536x1024.webp 1536w, https:\/\/d2p6e6u75xmxt8.cloudfront.net\/13\/2025\/06\/profimedia-1006056985-400x267.webp 400w, https:\/\/d2p6e6u75xmxt8.cloudfront.net\/13\/2025\/06\/profimedia-1006056985-272x182.webp 272w\" width=\"1024\" height=\"683\" sizes=\"auto, (min-width: 1200px) 300px, (min-width: 768px) 25vw, 100vw\" alt=\"bridilove-uae-emirates-tym-tadeje-pogacara-celi-kritice-za-zpackane-giro\"\/><\/a><\/div>    <div class=\"entry-meta\">\n        <a class=\"label label-secondary post-category\" href=\"https:\/\/www.welovecycling.com\/cs\/category\/silnicni-cyklistika\/\" title=\"Silni\u010dn\u00ed cyklistika\">Silni\u010dn\u00ed cyklistika<\/a>\n    <\/div>\n    <div class=\"entry-details\">\n        <a href=\"https:\/\/www.welovecycling.com\/cs\/2025\/06\/02\/bridilove-uae-emirates-tym-tadeje-pogacara-celi-kritice-za-zpackane-giro\/\" class='entry-title-wrapper'>\n            <h3 class=\"entry-title\"><span>B\u0159\u00eddilov\u00e9! UAE Emirates, t\u00fdm Tadeje Poga\u010dara, \u010del\u00ed kritice za zpackan\u00e9 Giro<\/span><\/h3>\n        <\/a>\n    <\/div>\n    <\/article>\n<\/div>\n<p>Cel\u00fd v\u00fdstup je dlouh\u00fd t\u0159in\u00e1ct kilometr\u016f. Pr\u016fm\u011brn\u00fd sklon kopce je 8,1 procent, v nejprud\u0161\u00ed pas\u00e1\u017ei je t\u0159eba poko\u0159it 13,2 procent. Cyklist\u00e9 zdolaj\u00ed celkem 1057 v\u00fd\u0161kov\u00fdch metr\u016f. Vrchol kopce je 1174 metr\u016f nad mo\u0159em.<\/p>\n<h2><strong>Rekord dr\u017e\u00ed prof\u00edk z Gira<\/strong><\/h2>\n<p>Kdy\u017e se tudy prohnalo <a href=\"https:\/\/www.welovecycling.com\/cs\/2025\/06\/02\/bridilove-uae-emirates-tym-tadeje-pogacara-celi-kritice-za-zpackane-giro\/\">italsk\u00e9 Giro<\/a> posledn\u00ed kv\u011btnov\u00e9 \u00fater\u00fd 2025, dvaadvacetilet\u00fd britsk\u00fd cyklista Max Poole z t\u00fdmu Picnic PostNL vydupal na vrchol za 36:07 minuty. Jel pr\u016fm\u011brnou rychlost\u00ed 20,5 kilometr\u016f v hodin\u011b. Derek Gee, Kana\u010fan ve slu\u017eb\u00e1ch Israel-PremierTech a p\u00e1t\u00fd mu\u017e etapy, udr\u017eel na t\u0159in\u00e1cti kilometrech pr\u016fm\u011brn\u00fd v\u00fdkon 421 watt\u016f p\u0159i tepov\u00e9 frekvenci 173 \u00fader\u016f srdce za minutu.<\/p>\n<p><a href=\"https:\/\/d2p6e6u75xmxt8.cloudfront.net\/13\/2025\/06\/20250518_1457340-scaled.webp\"><img loading=\"lazy\" decoding=\"async\" class=\"alignnone size-extra-large wp-image-29380\" src=\"https:\/\/d2p6e6u75xmxt8.cloudfront.net\/13\/2025\/06\/20250518_1457340-1920x1440.webp\" alt=\"\" width=\"1920\" height=\"1440\" srcset=\"https:\/\/d2p6e6u75xmxt8.cloudfront.net\/13\/2025\/06\/20250518_1457340-1920x1440.webp 1920w, https:\/\/d2p6e6u75xmxt8.cloudfront.net\/13\/2025\/06\/20250518_1457340-300x225.webp 300w, https:\/\/d2p6e6u75xmxt8.cloudfront.net\/13\/2025\/06\/20250518_1457340-1024x768.webp 1024w, https:\/\/d2p6e6u75xmxt8.cloudfront.net\/13\/2025\/06\/20250518_1457340-768x576.webp 768w, https:\/\/d2p6e6u75xmxt8.cloudfront.net\/13\/2025\/06\/20250518_1457340-1536x1152.webp 1536w, https:\/\/d2p6e6u75xmxt8.cloudfront.net\/13\/2025\/06\/20250518_1457340-2048x1536.webp 2048w, https:\/\/d2p6e6u75xmxt8.cloudfront.net\/13\/2025\/06\/20250518_1457340-400x300.webp 400w, https:\/\/d2p6e6u75xmxt8.cloudfront.net\/13\/2025\/06\/20250518_1457340-1920x1440.webp 1920w\" sizes=\"auto, (max-width: 1920px) 100vw, 1920px\" \/><\/a><\/p>\n<p>A jenom pro zaj\u00edmavost, jak se cyklistika vyv\u00edj\u00ed. Kdy\u017e na Monte Velo vystoupal p\u0159i etap\u011b Gira v dubnu 2015 nejrychleji Romain Bardet, tehdy z\u00e1vodn\u00edk AG2R LaMondiale a nyn\u00ed \u010dlen sestavy Team PicnicPost NL, jel pr\u016fm\u011brnou rychlost\u00ed 19,8 kilometr\u016f v hodin\u011b a na zdol\u00e1n\u00ed \u00faseku pot\u0159eboval 37:23 minuty. Deset let tedy \u010din\u00ed rozd\u00edl sedmdes\u00e1t \u0161est sekund!<\/p>\n<p>Pocit v okam\u017eiku, kdy m\u00edj\u00edte ceduli Passo Santa Barbara je pro amat\u00e9rsk\u00e9 cyklisty hodn\u011b sladkou odm\u011bnou. Pokud se do bitvy s t\u00edmhle &#8222;obrem&#8220; v oblasti Garda-Trentino pust\u00edte, tak nezapome\u0148te do kapes nandat dostatek ty\u010dinek a naplnit bidony, proto\u017ee p\u0159\u00edle\u017eitost\u00ed k dopl\u0148ov\u00e1n\u00ed energie po trase mnoho nen\u00ed. A byla by \u0161koda si hezk\u00fd den ve v\u00fdjime\u010dn\u00e9m prost\u0159ed\u00ed pokazit podcen\u011bn\u00edm nutrice.<\/p>\n<p><a href=\"https:\/\/d2p6e6u75xmxt8.cloudfront.net\/13\/2025\/06\/20250518_152022-scaled-e1748983486711.webp\"><img loading=\"lazy\" decoding=\"async\" class=\"alignnone size-extra-large wp-image-29381\" src=\"https:\/\/d2p6e6u75xmxt8.cloudfront.net\/13\/2025\/06\/20250518_152022-scaled-e1748983486711-1440x1920.webp\" alt=\"\" width=\"1440\" height=\"1920\" srcset=\"https:\/\/d2p6e6u75xmxt8.cloudfront.net\/13\/2025\/06\/20250518_152022-scaled-e1748983486711-1440x1920.webp 1440w, https:\/\/d2p6e6u75xmxt8.cloudfront.net\/13\/2025\/06\/20250518_152022-scaled-e1748983486711-225x300.webp 225w, https:\/\/d2p6e6u75xmxt8.cloudfront.net\/13\/2025\/06\/20250518_152022-scaled-e1748983486711-768x1024.webp 768w, https:\/\/d2p6e6u75xmxt8.cloudfront.net\/13\/2025\/06\/20250518_152022-scaled-e1748983486711-1152x1536.webp 1152w, https:\/\/d2p6e6u75xmxt8.cloudfront.net\/13\/2025\/06\/20250518_152022-scaled-e1748983486711-1536x2048.webp 1536w, https:\/\/d2p6e6u75xmxt8.cloudfront.net\/13\/2025\/06\/20250518_152022-scaled-e1748983486711-300x400.webp 300w, https:\/\/d2p6e6u75xmxt8.cloudfront.net\/13\/2025\/06\/20250518_152022-scaled-e1748983486711.webp 1920w, https:\/\/d2p6e6u75xmxt8.cloudfront.net\/13\/2025\/06\/20250518_152022-scaled-e1748983486711-1440x1920.webp 1440w\" sizes=\"auto, (max-width: 1440px) 100vw, 1440px\" \/><\/a><\/p>\n<p>Ka\u017edop\u00e1dn\u011b pokud u Gardy jste, rozhodn\u011b si tenhle test nohou dop\u0159ejte. Jde o skv\u011blou zkou\u0161ku mor\u00e1lky. A pokud si p\u0159eci jen netrouf\u00e1te, nezoufejte. V oblasti je tolik kr\u00e1sn\u00fdch cest a silni\u010dek, \u017ee si kolo u\u017eijete i bez legendy z trasy italsk\u00e9ho Gira.<\/p>\n","protected":false},"excerpt":{"rendered":"<p>Ksakru, kudy se jede k vrcholu?! Stoj\u00edte na \u00fapat\u00ed kopce a p\u0159ed v\u00e1mi se ty\u010d\u00ed skaln\u00ed st\u011bna, z v\u011bt\u0161\u00ed \u010d\u00e1sti [&hellip;]<\/p>\n","protected":false},"author":138,"featured_media":29383,"comment_status":"open","ping_status":"open","sticky":false,"template":"","format":"standard","meta":{"footnotes":""},"categories":[167],"tags":[126,4205,4204,9,27,67],"global-categories":[411],"class_list":["post-29365","post","type-post","status-publish","format-standard","has-post-thumbnail","hentry","category-tipy-na-vylet","tag-cyklistika","tag-monte-velo","tag-passo-santa-barbara","tag-silnicni-cyklistika","tag-trenink","tag-zdravi-a-trenink","global-categories-cycling"],"yoast_head":"<!-- This site is optimized with the Yoast SEO Premium plugin v25.3 (Yoast SEO v25.9) - https:\/\/yoast.com\/wordpress\/plugins\/seo\/ -->\n<title>Tip na v\u00fdlet: Santa Barbara. Romantick\u00fd kopec z Gira, co skr\u00fdv\u00e1 utrpen\u00ed | \u0160koda We Love Cycling - \u010cesk\u00e1 republika<\/title>\n<meta name=\"description\" content=\"Ksakru, kudy se jede k vrcholu?! Stoj\u00edte na \u00fapat\u00ed kopce a p\u0159ed v\u00e1mi se ty\u010d\u00ed skaln\u00ed st\u011bna, z v\u011bt\u0161\u00ed \u010d\u00e1sti zalesn\u011bn\u00e1. A p\u0159ece skr\u00fdv\u00e1 silnici, kter\u00e1 vede k vrcholu. Na passo Santa Barbara. Na ja\u0159e 2025 tudy profr\u010del peloton italsk\u00e9ho Gira. A tak\u00e9 mnoho \u010desk\u00fdch milovn\u00edk\u016f cyklistiky, proto\u017ee pokud jste u Lago di Garda, tenhle v\u00fdstup si nem\u016f\u017eete nechat uj\u00edt.\" \/>\n<meta name=\"robots\" content=\"index, follow, max-snippet:-1, max-image-preview:large, max-video-preview:-1\" \/>\n<link rel=\"canonical\" href=\"https:\/\/www.welovecycling.com\/cs\/2025\/06\/04\/tip-na-vylet-santa-barbara-romanticky-kopec-z-gira-co-skryva-utrpeni\/\" \/>\n<meta property=\"og:locale\" content=\"cs_CZ\" \/>\n<meta property=\"og:type\" content=\"article\" \/>\n<meta property=\"og:title\" content=\"Tip na v\u00fdlet: Santa Barbara. Romantick\u00fd kopec z Gira, co skr\u00fdv\u00e1 utrpen\u00ed\" \/>\n<meta property=\"og:description\" content=\"Ksakru, kudy se jede k vrcholu?! Stoj\u00edte na \u00fapat\u00ed kopce a p\u0159ed v\u00e1mi se ty\u010d\u00ed skaln\u00ed st\u011bna, z v\u011bt\u0161\u00ed \u010d\u00e1sti zalesn\u011bn\u00e1. A p\u0159ece skr\u00fdv\u00e1 silnici, kter\u00e1 vede k vrcholu. Na passo Santa Barbara. Na ja\u0159e 2025 tudy profr\u010del peloton italsk\u00e9ho Gira. A tak\u00e9 mnoho \u010desk\u00fdch milovn\u00edk\u016f cyklistiky, proto\u017ee pokud jste u Lago di Garda, tenhle v\u00fdstup si nem\u016f\u017eete nechat uj\u00edt.\" \/>\n<meta property=\"og:url\" content=\"https:\/\/www.welovecycling.com\/cs\/2025\/06\/04\/tip-na-vylet-santa-barbara-romanticky-kopec-z-gira-co-skryva-utrpeni\/\" \/>\n<meta property=\"og:site_name\" content=\"\u0160koda We Love Cycling - \u010cesk\u00e1 republika\" \/>\n<meta property=\"article:published_time\" content=\"2025-06-04T04:12:08+00:00\" \/>\n<meta property=\"article:modified_time\" content=\"2025-06-04T07:16:29+00:00\" \/>\n<meta property=\"og:image\" content=\"https:\/\/d2p6e6u75xmxt8.cloudfront.net\/13\/2025\/06\/20250518_143253-scaled.webp\" \/>\n\t<meta property=\"og:image:width\" content=\"2560\" \/>\n\t<meta property=\"og:image:height\" content=\"1920\" \/>\n\t<meta property=\"og:image:type\" content=\"image\/webp\" \/>\n<meta name=\"author\" content=\"radekmalina\" \/>\n<meta name=\"twitter:card\" content=\"summary_large_image\" \/>\n<meta name=\"twitter:label1\" content=\"Written by\" \/>\n\t<meta name=\"twitter:data1\" content=\"Radek Malina\" \/>\n\t<meta name=\"twitter:label2\" content=\"Est. reading time\" \/>\n\t<meta name=\"twitter:data2\" content=\"5\" \/>\n<script type=\"application\/ld+json\" class=\"yoast-schema-graph\">{\"@context\":\"https:\/\/schema.org\",\"@graph\":[{\"@type\":\"WebPage\",\"@id\":\"https:\/\/www.welovecycling.com\/cs\/2025\/06\/04\/tip-na-vylet-santa-barbara-romanticky-kopec-z-gira-co-skryva-utrpeni\/\",\"url\":\"https:\/\/www.welovecycling.com\/cs\/2025\/06\/04\/tip-na-vylet-santa-barbara-romanticky-kopec-z-gira-co-skryva-utrpeni\/\",\"name\":\"Tip na v\u00fdlet: Santa Barbara. Romantick\u00fd kopec z Gira, co skr\u00fdv\u00e1 utrpen\u00ed | \u0160koda We Love Cycling - \u010cesk\u00e1 republika\",\"isPartOf\":{\"@id\":\"https:\/\/www.welovecycling.com\/cs\/#website\"},\"primaryImageOfPage\":{\"@id\":\"https:\/\/www.welovecycling.com\/cs\/2025\/06\/04\/tip-na-vylet-santa-barbara-romanticky-kopec-z-gira-co-skryva-utrpeni\/#primaryimage\"},\"image\":{\"@id\":\"https:\/\/www.welovecycling.com\/cs\/2025\/06\/04\/tip-na-vylet-santa-barbara-romanticky-kopec-z-gira-co-skryva-utrpeni\/#primaryimage\"},\"thumbnailUrl\":\"https:\/\/d2p6e6u75xmxt8.cloudfront.net\/13\/2025\/06\/20250518_143253-scaled.webp\",\"datePublished\":\"2025-06-04T04:12:08+00:00\",\"dateModified\":\"2025-06-04T07:16:29+00:00\",\"author\":{\"@id\":\"https:\/\/www.welovecycling.com\/cs\/#\/schema\/person\/d9eeb0a378f3a7e4a6d12d2b536b04b8\"},\"description\":\"Ksakru, kudy se jede k vrcholu?! Stoj\u00edte na \u00fapat\u00ed kopce a p\u0159ed v\u00e1mi se ty\u010d\u00ed skaln\u00ed st\u011bna, z v\u011bt\u0161\u00ed \u010d\u00e1sti zalesn\u011bn\u00e1. A p\u0159ece skr\u00fdv\u00e1 silnici, kter\u00e1 vede k vrcholu. Na passo Santa Barbara. Na ja\u0159e 2025 tudy profr\u010del peloton italsk\u00e9ho Gira. A tak\u00e9 mnoho \u010desk\u00fdch milovn\u00edk\u016f cyklistiky, proto\u017ee pokud jste u Lago di Garda, tenhle v\u00fdstup si nem\u016f\u017eete nechat uj\u00edt.\",\"inLanguage\":\"cs\",\"potentialAction\":[{\"@type\":\"ReadAction\",\"target\":[\"https:\/\/www.welovecycling.com\/cs\/2025\/06\/04\/tip-na-vylet-santa-barbara-romanticky-kopec-z-gira-co-skryva-utrpeni\/\"]}]},{\"@type\":\"ImageObject\",\"inLanguage\":\"cs\",\"@id\":\"https:\/\/www.welovecycling.com\/cs\/2025\/06\/04\/tip-na-vylet-santa-barbara-romanticky-kopec-z-gira-co-skryva-utrpeni\/#primaryimage\",\"url\":\"https:\/\/d2p6e6u75xmxt8.cloudfront.net\/13\/2025\/06\/20250518_143253-scaled.webp\",\"contentUrl\":\"https:\/\/d2p6e6u75xmxt8.cloudfront.net\/13\/2025\/06\/20250518_143253-scaled.webp\",\"width\":2560,\"height\":1920,\"caption\":\"Passo Santa Barbara je vyhled\u00e1van\u00fdm c\u00edlem turist\u016f p\u0159i dovolen\u00e9 v oblasti Garda-Trentino.\"},{\"@type\":\"WebSite\",\"@id\":\"https:\/\/www.welovecycling.com\/cs\/#website\",\"url\":\"https:\/\/www.welovecycling.com\/cs\/\",\"name\":\"\u0160koda We Love Cycling - \u010cesk\u00e1 republika\",\"description\":\"WeLoveCycling.cz je online magaz\u00edn, kter\u00fd v\u00e1m pravideln\u011b p\u0159in\u00e1\u0161\u00ed rady a tipy, zaj\u00edmav\u00e9 \u010dl\u00e1nky, videa a jedine\u010dn\u00e9 report\u00e1\u017ee ze sv\u011bta cyklistiky.\",\"potentialAction\":[{\"@type\":\"SearchAction\",\"target\":{\"@type\":\"EntryPoint\",\"urlTemplate\":\"https:\/\/www.welovecycling.com\/cs\/?s={search_term_string}\"},\"query-input\":{\"@type\":\"PropertyValueSpecification\",\"valueRequired\":true,\"valueName\":\"search_term_string\"}}],\"inLanguage\":\"cs\"},{\"@type\":\"Person\",\"@id\":\"https:\/\/www.welovecycling.com\/cs\/#\/schema\/person\/d9eeb0a378f3a7e4a6d12d2b536b04b8\",\"name\":\"radekmalina\",\"image\":{\"@type\":\"ImageObject\",\"inLanguage\":\"cs\",\"@id\":\"https:\/\/www.welovecycling.com\/cs\/#\/schema\/person\/image\/\",\"url\":\"https:\/\/secure.gravatar.com\/avatar\/66994b632cb8c39a46b9f54afa3ae07201b678d32a54275b6f1c9ffec356bfc0?s=96&d=mm&r=g\",\"contentUrl\":\"https:\/\/secure.gravatar.com\/avatar\/66994b632cb8c39a46b9f54afa3ae07201b678d32a54275b6f1c9ffec356bfc0?s=96&d=mm&r=g\",\"caption\":\"radekmalina\"},\"url\":\"https:\/\/www.welovecycling.com\/cs\/author\/radekmalina\/\"}]}<\/script>\n<!-- \/ Yoast SEO Premium plugin. -->","yoast_head_json":{"title":"Tip na v\u00fdlet: Santa Barbara. Romantick\u00fd kopec z Gira, co skr\u00fdv\u00e1 utrpen\u00ed | \u0160koda We Love Cycling - \u010cesk\u00e1 republika","description":"Ksakru, kudy se jede k vrcholu?! Stoj\u00edte na \u00fapat\u00ed kopce a p\u0159ed v\u00e1mi se ty\u010d\u00ed skaln\u00ed st\u011bna, z v\u011bt\u0161\u00ed \u010d\u00e1sti zalesn\u011bn\u00e1. A p\u0159ece skr\u00fdv\u00e1 silnici, kter\u00e1 vede k vrcholu. Na passo Santa Barbara. Na ja\u0159e 2025 tudy profr\u010del peloton italsk\u00e9ho Gira. A tak\u00e9 mnoho \u010desk\u00fdch milovn\u00edk\u016f cyklistiky, proto\u017ee pokud jste u Lago di Garda, tenhle v\u00fdstup si nem\u016f\u017eete nechat uj\u00edt.","robots":{"index":"index","follow":"follow","max-snippet":"max-snippet:-1","max-image-preview":"max-image-preview:large","max-video-preview":"max-video-preview:-1"},"canonical":"https:\/\/www.welovecycling.com\/cs\/2025\/06\/04\/tip-na-vylet-santa-barbara-romanticky-kopec-z-gira-co-skryva-utrpeni\/","og_locale":"cs_CZ","og_type":"article","og_title":"Tip na v\u00fdlet: Santa Barbara. Romantick\u00fd kopec z Gira, co skr\u00fdv\u00e1 utrpen\u00ed","og_description":"Ksakru, kudy se jede k vrcholu?! Stoj\u00edte na \u00fapat\u00ed kopce a p\u0159ed v\u00e1mi se ty\u010d\u00ed skaln\u00ed st\u011bna, z v\u011bt\u0161\u00ed \u010d\u00e1sti zalesn\u011bn\u00e1. A p\u0159ece skr\u00fdv\u00e1 silnici, kter\u00e1 vede k vrcholu. Na passo Santa Barbara. Na ja\u0159e 2025 tudy profr\u010del peloton italsk\u00e9ho Gira. A tak\u00e9 mnoho \u010desk\u00fdch milovn\u00edk\u016f cyklistiky, proto\u017ee pokud jste u Lago di Garda, tenhle v\u00fdstup si nem\u016f\u017eete nechat uj\u00edt.","og_url":"https:\/\/www.welovecycling.com\/cs\/2025\/06\/04\/tip-na-vylet-santa-barbara-romanticky-kopec-z-gira-co-skryva-utrpeni\/","og_site_name":"\u0160koda We Love Cycling - \u010cesk\u00e1 republika","article_published_time":"2025-06-04T04:12:08+00:00","article_modified_time":"2025-06-04T07:16:29+00:00","og_image":[{"width":2560,"height":1920,"url":"https:\/\/d2p6e6u75xmxt8.cloudfront.net\/13\/2025\/06\/20250518_143253-scaled.webp","type":"image\/webp"}],"author":"radekmalina","twitter_card":"summary_large_image","twitter_misc":{"Written by":"Radek Malina","Est. reading time":"5"},"schema":{"@context":"https:\/\/schema.org","@graph":[{"@type":"WebPage","@id":"https:\/\/www.welovecycling.com\/cs\/2025\/06\/04\/tip-na-vylet-santa-barbara-romanticky-kopec-z-gira-co-skryva-utrpeni\/","url":"https:\/\/www.welovecycling.com\/cs\/2025\/06\/04\/tip-na-vylet-santa-barbara-romanticky-kopec-z-gira-co-skryva-utrpeni\/","name":"Tip na v\u00fdlet: Santa Barbara. Romantick\u00fd kopec z Gira, co skr\u00fdv\u00e1 utrpen\u00ed | \u0160koda We Love Cycling - \u010cesk\u00e1 republika","isPartOf":{"@id":"https:\/\/www.welovecycling.com\/cs\/#website"},"primaryImageOfPage":{"@id":"https:\/\/www.welovecycling.com\/cs\/2025\/06\/04\/tip-na-vylet-santa-barbara-romanticky-kopec-z-gira-co-skryva-utrpeni\/#primaryimage"},"image":{"@id":"https:\/\/www.welovecycling.com\/cs\/2025\/06\/04\/tip-na-vylet-santa-barbara-romanticky-kopec-z-gira-co-skryva-utrpeni\/#primaryimage"},"thumbnailUrl":"https:\/\/d2p6e6u75xmxt8.cloudfront.net\/13\/2025\/06\/20250518_143253-scaled.webp","datePublished":"2025-06-04T04:12:08+00:00","dateModified":"2025-06-04T07:16:29+00:00","author":{"@id":"https:\/\/www.welovecycling.com\/cs\/#\/schema\/person\/d9eeb0a378f3a7e4a6d12d2b536b04b8"},"description":"Ksakru, kudy se jede k vrcholu?! Stoj\u00edte na \u00fapat\u00ed kopce a p\u0159ed v\u00e1mi se ty\u010d\u00ed skaln\u00ed st\u011bna, z v\u011bt\u0161\u00ed \u010d\u00e1sti zalesn\u011bn\u00e1. A p\u0159ece skr\u00fdv\u00e1 silnici, kter\u00e1 vede k vrcholu. Na passo Santa Barbara. Na ja\u0159e 2025 tudy profr\u010del peloton italsk\u00e9ho Gira. A tak\u00e9 mnoho \u010desk\u00fdch milovn\u00edk\u016f cyklistiky, proto\u017ee pokud jste u Lago di Garda, tenhle v\u00fdstup si nem\u016f\u017eete nechat uj\u00edt.","inLanguage":"cs","potentialAction":[{"@type":"ReadAction","target":["https:\/\/www.welovecycling.com\/cs\/2025\/06\/04\/tip-na-vylet-santa-barbara-romanticky-kopec-z-gira-co-skryva-utrpeni\/"]}]},{"@type":"ImageObject","inLanguage":"cs","@id":"https:\/\/www.welovecycling.com\/cs\/2025\/06\/04\/tip-na-vylet-santa-barbara-romanticky-kopec-z-gira-co-skryva-utrpeni\/#primaryimage","url":"https:\/\/d2p6e6u75xmxt8.cloudfront.net\/13\/2025\/06\/20250518_143253-scaled.webp","contentUrl":"https:\/\/d2p6e6u75xmxt8.cloudfront.net\/13\/2025\/06\/20250518_143253-scaled.webp","width":2560,"height":1920,"caption":"Passo Santa Barbara je vyhled\u00e1van\u00fdm c\u00edlem turist\u016f p\u0159i dovolen\u00e9 v oblasti Garda-Trentino."},{"@type":"WebSite","@id":"https:\/\/www.welovecycling.com\/cs\/#website","url":"https:\/\/www.welovecycling.com\/cs\/","name":"\u0160koda We Love Cycling - \u010cesk\u00e1 republika","description":"WeLoveCycling.cz je online magaz\u00edn, kter\u00fd v\u00e1m pravideln\u011b p\u0159in\u00e1\u0161\u00ed rady a tipy, zaj\u00edmav\u00e9 \u010dl\u00e1nky, videa a jedine\u010dn\u00e9 report\u00e1\u017ee ze sv\u011bta cyklistiky.","potentialAction":[{"@type":"SearchAction","target":{"@type":"EntryPoint","urlTemplate":"https:\/\/www.welovecycling.com\/cs\/?s={search_term_string}"},"query-input":{"@type":"PropertyValueSpecification","valueRequired":true,"valueName":"search_term_string"}}],"inLanguage":"cs"},{"@type":"Person","@id":"https:\/\/www.welovecycling.com\/cs\/#\/schema\/person\/d9eeb0a378f3a7e4a6d12d2b536b04b8","name":"radekmalina","image":{"@type":"ImageObject","inLanguage":"cs","@id":"https:\/\/www.welovecycling.com\/cs\/#\/schema\/person\/image\/","url":"https:\/\/secure.gravatar.com\/avatar\/66994b632cb8c39a46b9f54afa3ae07201b678d32a54275b6f1c9ffec356bfc0?s=96&d=mm&r=g","contentUrl":"https:\/\/secure.gravatar.com\/avatar\/66994b632cb8c39a46b9f54afa3ae07201b678d32a54275b6f1c9ffec356bfc0?s=96&d=mm&r=g","caption":"radekmalina"},"url":"https:\/\/www.welovecycling.com\/cs\/author\/radekmalina\/"}]}},"_links":{"self":[{"href":"https:\/\/www.welovecycling.com\/cs\/wp-json\/wp\/v2\/posts\/29365","targetHints":{"allow":["GET"]}}],"collection":[{"href":"https:\/\/www.welovecycling.com\/cs\/wp-json\/wp\/v2\/posts"}],"about":[{"href":"https:\/\/www.welovecycling.com\/cs\/wp-json\/wp\/v2\/types\/post"}],"author":[{"embeddable":true,"href":"https:\/\/www.welovecycling.com\/cs\/wp-json\/wp\/v2\/users\/138"}],"replies":[{"embeddable":true,"href":"https:\/\/www.welovecycling.com\/cs\/wp-json\/wp\/v2\/comments?post=29365"}],"version-history":[{"count":3,"href":"https:\/\/www.welovecycling.com\/cs\/wp-json\/wp\/v2\/posts\/29365\/revisions"}],"predecessor-version":[{"id":29384,"href":"https:\/\/www.welovecycling.com\/cs\/wp-json\/wp\/v2\/posts\/29365\/revisions\/29384"}],"wp:featuredmedia":[{"embeddable":true,"href":"https:\/\/www.welovecycling.com\/cs\/wp-json\/wp\/v2\/media\/29383"}],"wp:attachment":[{"href":"https:\/\/www.welovecycling.com\/cs\/wp-json\/wp\/v2\/media?parent=29365"}],"wp:term":[{"taxonomy":"category","embeddable":true,"href":"https:\/\/www.welovecycling.com\/cs\/wp-json\/wp\/v2\/categories?post=29365"},{"taxonomy":"post_tag","embeddable":true,"href":"https:\/\/www.welovecycling.com\/cs\/wp-json\/wp\/v2\/tags?post=29365"},{"taxonomy":"global-categories","embeddable":true,"href":"https:\/\/www.welovecycling.com\/cs\/wp-json\/wp\/v2\/global-categories?post=29365"}],"curies":[{"name":"wp","href":"https:\/\/api.w.org\/{rel}","templated":true}]}}