{"id":29355,"date":"2025-06-11T05:00:37","date_gmt":"2025-06-11T03:00:37","guid":{"rendered":"https:\/\/www.welovecycling.com\/cs\/?p=29355"},"modified":"2025-06-12T14:05:16","modified_gmt":"2025-06-12T12:05:16","slug":"nebud-lina-a-jed-rakovina-byla-spoustecem-lasky-ke-kolu","status":"publish","type":"post","link":"https:\/\/www.welovecycling.com\/cs\/2025\/06\/11\/nebud-lina-a-jed-rakovina-byla-spoustecem-lasky-ke-kolu\/","title":{"rendered":"Nelelkuj a je\u010f! Rakovina za\u017eehla l\u00e1sku ke kolu"},"content":{"rendered":"<p><strong>Kolo jako nov\u00e1 v\u00e1\u0161e\u0148. V nov\u00e9m \u017eivot\u011b. V \u017eivot\u011b po nemoci. Martina Mikytov\u00e1 p\u0159ekonala rakovinu. Restart po l\u00e9\u010db\u011b ji postavil do cesty kolo. Teprve t\u0159et\u00ed sezonu jezd\u00ed na silni\u010dce. A \u010dek\u00e1 ji v\u00fdzva kr\u00e1tk\u00e9 trasy Kopcovit\u00e9 L\u2019Etape Czech Republic by Tour de France.<\/strong><\/p>\n<p>&#8222;Ob\u010das le\u017e\u00edm na gau\u010di a \u0159\u00edk\u00e1m si, \u017ee nikam nejedu. Jsem l\u00edn\u00e1. Ale pak pomysl\u00edm na v\u0161echny, kte\u0159\u00ed jezdit nem\u016f\u017eou. Cht\u011bli-by, ale zdravotn\u00ed stav jim to neumo\u017e\u0148uje. A tak vstanu, obl\u00e9knu se a jedu. V\u0161e, \u010d\u00edm jsem si pro\u0161la, slou\u017e\u00ed jako skv\u011bl\u00e1 motivace,&#8220; vypravuje sedmat\u0159icetilet\u00e1 matka dvou d\u011bt\u00ed.<\/p>\n<h2><strong>Aktivn\u00ed pohyb jako nejlep\u0161\u00ed prevence<\/strong><\/h2>\n<p>Je to p\u011bt let, co si nahmatala bulku v prsu. N\u00e1sledn\u00e1 vy\u0161et\u0159en\u00ed p\u0159inesla zdrcuj\u00edc\u00ed verdikt: rakovina. N\u00e1sledovala chemoterapie, oza\u0159ov\u00e1n\u00ed, operace. &#8222;T\u011blo bylo v hodn\u011b \u0161patn\u00e9m stavu. Jde o obrovsk\u00fd z\u00e1hul. Cel\u00fd proces trv\u00e1 p\u0159ibli\u017en\u011b rok. \u010clov\u011bk je unaven\u00fd, na sport nem\u00e1 pomy\u0161len\u00ed. P\u0159ibrala jsem na v\u00e1ze. Nec\u00edtila se moc dob\u0159e. P\u0159em\u00fd\u0161lela jsem, jak se nastartovat. B\u00e1la jsem se, \u017ee se nemoc vr\u00e1t\u00ed. Ka\u017ed\u00fd se boj\u00ed. A tak jsem hledala, co mohu ud\u011blat sama. A v\u017edy jsem skon\u010dila u aktivn\u00edho pohybu jako nejlep\u0161\u00ed prevence,&#8220; popisuje podnikatelka v od\u011bvn\u00edm odv\u011btv\u00ed.<\/p>\n<figure id=\"attachment_29431\" aria-describedby=\"caption-attachment-29431\" style=\"width: 1440px\" class=\"wp-caption alignnone\"><a href=\"https:\/\/d2p6e6u75xmxt8.cloudfront.net\/13\/2025\/06\/martina-scaled.webp\"><img loading=\"lazy\" decoding=\"async\" class=\"size-extra-large wp-image-29431\" src=\"https:\/\/d2p6e6u75xmxt8.cloudfront.net\/13\/2025\/06\/martina-1440x1920.webp\" alt=\"\" width=\"1440\" height=\"1920\" srcset=\"https:\/\/d2p6e6u75xmxt8.cloudfront.net\/13\/2025\/06\/martina-1440x1920.webp 1440w, https:\/\/d2p6e6u75xmxt8.cloudfront.net\/13\/2025\/06\/martina-225x300.webp 225w, https:\/\/d2p6e6u75xmxt8.cloudfront.net\/13\/2025\/06\/martina-768x1024.webp 768w, https:\/\/d2p6e6u75xmxt8.cloudfront.net\/13\/2025\/06\/martina-1152x1536.webp 1152w, https:\/\/d2p6e6u75xmxt8.cloudfront.net\/13\/2025\/06\/martina-1536x2048.webp 1536w, https:\/\/d2p6e6u75xmxt8.cloudfront.net\/13\/2025\/06\/martina-300x400.webp 300w, https:\/\/d2p6e6u75xmxt8.cloudfront.net\/13\/2025\/06\/martina-scaled.webp 1920w, https:\/\/d2p6e6u75xmxt8.cloudfront.net\/13\/2025\/06\/martina-1440x1920.webp 1440w\" sizes=\"auto, (max-width: 1440px) 100vw, 1440px\" \/><\/a><figcaption id=\"caption-attachment-29431\" class=\"wp-caption-text\"><em>Martina Mikytov\u00e1 se chyst\u00e1 na z\u00e1vodn\u00ed premi\u00e9ru p\u0159i L\u2019Etape Czech Republic 2025.\u00a0 Rakovina, kterou sama p\u0159ekonala, j\u00ed sebrala zn\u00e1m\u00e9. Pojede i za n\u011b. Foto: Mat\u011bj T\u0159e\u0161\u0148\u00e1k (3x)<\/em><\/figcaption><\/figure>\n<p>Za\u010dala s b\u011bhem, z\u00e1hy ji kamar\u00e1d zl\u00e1kal k silni\u010dn\u00ed cyklistice. &#8222;Byla jsem kolem tot\u00e1ln\u011b nepol\u00edben\u00e1,&#8220; p\u0159izn\u00e1v\u00e1 up\u0159\u00edmn\u011b. &#8222;Jako d\u00edt\u011b jsem jezdila, ale hodn\u011b m\u00e1lo. Ani pozd\u011bji jsem s rodi\u010di neabsolvovala \u017e\u00e1dnou cyklistickou dovolenou, jak je dnes b\u011b\u017en\u00e9. Jako teenager jsem m\u011bla starou silni\u010dku po t\u00e1tovi. Vybavuji si ten pocit rychlosti na hladk\u00fdch a \u00fazk\u00fdch pl\u00e1\u0161t\u00edch. V\u0161ichni jsme u n\u00e1s na s\u00eddli\u0161ti v Krom\u011b\u0159\u00ed\u017ei m\u011bli star\u00e1 kola po mamink\u00e1ch, babi\u010dk\u00e1ch&#8230; Bylo stra\u0161n\u011b cool jezdit na star\u00e9m stroji,&#8220; \u0161\u00e1tr\u00e1 s \u00fasm\u011bvem ve vzpom\u00ednk\u00e1ch Martina Mikytov\u00e1.<\/p>\n<div class=\"shortcode-ys-post-pinup\"><article class=\"loop-simple post-22754 post type-post status-publish format-standard has-post-thumbnail hentry category-silnicni-cyklistika tag-cyklistika tag-doping tag-pozitivni-test tag-rakovina tag-silnicni-cyklistika tag-torstein-traeen tag-tour-de-france tag-tour-de-france-2023 global-categories-cycling\" data-postid=\"22754\" role=\"article\" data-post-id=\"22754\" data-word-count=\"442\" data-headline-length=\"94\" data-category=\"Silni\u010dn\u00ed cyklistika\" data-global-category=\"Cycling\" data-author=\"We Love Cycling\" data-published=\"2023-06-28T05:00:08+02:00\" data-published-day=\"Wednesday\">\n    <div class=\"entry-thumbnail article-thumbnail\" content=\"https:\/\/d2p6e6u75xmxt8.cloudfront.net\/13\/2023\/06\/profimedia-0685240708-1-150x150.webp\"><a href=\"https:\/\/www.welovecycling.com\/cs\/2023\/06\/28\/pozitivni-dopingovy-test-mu-zachranil-zivot-viking-po-rakovine-miri-na-tour-de-france\/\" class=\"image-holder\" target=\"_self\"><img decoding=\"async\" loading=\"lazy\" class=\"\" src=\"https:\/\/d2p6e6u75xmxt8.cloudfront.net\/13\/2023\/06\/profimedia-0685240708-1-1024x683.webp\" srcset=\"https:\/\/d2p6e6u75xmxt8.cloudfront.net\/13\/2023\/06\/profimedia-0685240708-1.webp 1800w, https:\/\/d2p6e6u75xmxt8.cloudfront.net\/13\/2023\/06\/profimedia-0685240708-1-300x200.webp 300w, https:\/\/d2p6e6u75xmxt8.cloudfront.net\/13\/2023\/06\/profimedia-0685240708-1-1024x683.webp 1024w, https:\/\/d2p6e6u75xmxt8.cloudfront.net\/13\/2023\/06\/profimedia-0685240708-1-768x512.webp 768w, https:\/\/d2p6e6u75xmxt8.cloudfront.net\/13\/2023\/06\/profimedia-0685240708-1-1536x1024.webp 1536w, https:\/\/d2p6e6u75xmxt8.cloudfront.net\/13\/2023\/06\/profimedia-0685240708-1-400x267.webp 400w, https:\/\/d2p6e6u75xmxt8.cloudfront.net\/13\/2023\/06\/profimedia-0685240708-1-272x182.webp 272w\" width=\"1024\" height=\"683\" sizes=\"auto, (min-width: 1200px) 300px, (min-width: 768px) 25vw, 100vw\" alt=\"pozitivni-dopingovy-test-mu-zachranil-zivot-viking-po-rakovine-miri-na-tour-de-france\"\/><\/a><\/div>    <div class=\"entry-meta\">\n        <a class=\"label label-secondary post-category\" href=\"https:\/\/www.welovecycling.com\/cs\/category\/silnicni-cyklistika\/\" title=\"Silni\u010dn\u00ed cyklistika\">Silni\u010dn\u00ed cyklistika<\/a>\n    <\/div>\n    <div class=\"entry-details\">\n        <a href=\"https:\/\/www.welovecycling.com\/cs\/2023\/06\/28\/pozitivni-dopingovy-test-mu-zachranil-zivot-viking-po-rakovine-miri-na-tour-de-france\/\" class='entry-title-wrapper'>\n            <h3 class=\"entry-title\"><span>Pozitivn\u00ed dopingov\u00fd test mu zachr\u00e1nil \u017eivot! Viking po rakovin\u011b m\u00ed\u0159\u00ed na Tour de France<\/span><\/h3>\n        <\/a>\n    <\/div>\n    <\/article>\n<\/div>\n<p>S dosp\u00edv\u00e1n\u00edm \u0161el sport stranou. &#8222;Jako d\u00edt\u011b jsem se v\u011bnovala sportovn\u00ed gymnastice, ale coby teenager jsem p\u0159estala. U n\u00e1s doma se sport moc ne\u0159e\u0161il,&#8220; vybavuje si. A\u017e v\u00e1\u017en\u00e1 nemoc ji p\u0159ivedla zp\u011bt ke sportu a hlavn\u011b do cyklistick\u00e9ho sedla. &#8222;Je v\u011bdecky prok\u00e1zan\u00e9, \u017ee recidiva rakoviny je men\u0161\u00ed v p\u0159\u00edpad\u011b sportov\u00e1n\u00ed a vyv\u00e1\u017een\u00e9ho \u017eivotn\u00edho stylu. Nechci j\u00edt naproti mo\u017enosti, \u017ee se nemoc vr\u00e1t\u00ed,&#8220; vysv\u011btluje.<\/p>\n<h2><strong>Za\u010d\u00e1tky byly p\u0159et\u011b\u017ek\u00e9<\/strong><\/h2>\n<p>Za\u010d\u00e1tky p\u0159itom rozhodn\u011b nebyly snadn\u00e9. &#8222;Je t\u011b\u017ek\u00e9 se udr\u017eet v tr\u00e9ninku, proto\u017ee kondice je v\u00e1\u017en\u011b zoufal\u00e1. Ale \u0161lo to rychle nahoru. Ujela jsem deset kilometr\u016f a p\u0159ipadala jsem si, jak jedu daleko. Pak jsem se posunula na dvacet, na t\u0159icet kil\u00e1k\u016f. Jezd\u00edm t\u0159et\u00edm rokem. A c\u00edt\u00edm, jak jsem na tom dob\u0159e. T\u011blo je zdrav\u011bj\u0161\u00ed. Jednozna\u010dn\u011b jde o p\u0159\u00ednos,&#8220; p\u0159em\u00edt\u00e1 Martina Mikytov\u00e1. &#8222;Je\u0161t\u011b podstupuji hormon\u00e1ln\u00ed l\u00e9\u010dbu, tak\u017ee ur\u010dit\u00fd vliv na t\u011blo po\u0159\u00e1d p\u0159etrv\u00e1v\u00e1. Ale jde sp\u00ed\u0161e o hlavu. Je pot\u0159eba si v\u011b\u0159it.&#8220;<\/p>\n<p><a href=\"https:\/\/d2p6e6u75xmxt8.cloudfront.net\/13\/2025\/06\/martina-3.webp\"><img loading=\"lazy\" decoding=\"async\" class=\"alignnone size-full wp-image-29436\" src=\"https:\/\/d2p6e6u75xmxt8.cloudfront.net\/13\/2025\/06\/martina-3.webp\" alt=\"\" width=\"1600\" height=\"1200\" srcset=\"https:\/\/d2p6e6u75xmxt8.cloudfront.net\/13\/2025\/06\/martina-3.webp 1600w, https:\/\/d2p6e6u75xmxt8.cloudfront.net\/13\/2025\/06\/martina-3-300x225.webp 300w, https:\/\/d2p6e6u75xmxt8.cloudfront.net\/13\/2025\/06\/martina-3-1024x768.webp 1024w, https:\/\/d2p6e6u75xmxt8.cloudfront.net\/13\/2025\/06\/martina-3-768x576.webp 768w, https:\/\/d2p6e6u75xmxt8.cloudfront.net\/13\/2025\/06\/martina-3-1536x1152.webp 1536w, https:\/\/d2p6e6u75xmxt8.cloudfront.net\/13\/2025\/06\/martina-3-400x300.webp 400w\" sizes=\"auto, (max-width: 1600px) 100vw, 1600px\" \/><\/a><\/p>\n<p>Kolo po\u0159\u00eddila i pro syny, kter\u00fdm je dev\u011bt a jeden\u00e1ct let. Ob\u010das je bere jako par\u0165\u00e1ky na krat\u0161\u00ed tr\u00e9ninkov\u00e9 j\u00edzdy. Za minul\u00fd rok zvl\u00e1dla v sedle kola \u010dty\u0159i tis\u00edce kilometr\u016f. B\u011bhem zimy poprv\u00e9 v \u017eivot\u011b vyrazila na cyklistick\u00fd kemp do tepla. S partou L\u2019Etape Czech Republic by Tour de France absolvovala soust\u0159ed\u011bn\u00ed na Mallorce. U\u010dila se jezdit v bal\u00edku, sb\u00edrala zku\u0161enosti z pohybu na v\u011btru&#8230;<\/p>\n<div class=\"shortcode-ys-post-pinup\"><article class=\"loop-simple post-29332 post type-post status-publish format-standard has-post-thumbnail hentry category-silnicni-cyklistika tag-cyklistika tag-leopold-konig tag-silnicni-cyklistika tag-zavod-miru global-categories-cycling\" data-postid=\"29332\" role=\"article\" data-post-id=\"29332\" data-word-count=\"327\" data-headline-length=\"71\" data-category=\"Silni\u010dn\u00ed cyklistika\" data-global-category=\"Cycling\" data-author=\"We Love Cycling\" data-published=\"2025-06-02T17:00:16+02:00\" data-published-day=\"Monday\">\n    <div class=\"entry-thumbnail article-thumbnail\" content=\"https:\/\/d2p6e6u75xmxt8.cloudfront.net\/13\/2025\/06\/M2N7102-150x150.webp\"><a href=\"https:\/\/www.welovecycling.com\/cs\/2025\/06\/02\/leopold-konig-o-ceskych-mladicich-na-zavodu-miru-jeli-famozne\/\" class=\"image-holder\" target=\"_self\"><img decoding=\"async\" loading=\"lazy\" class=\"\" src=\"https:\/\/d2p6e6u75xmxt8.cloudfront.net\/13\/2025\/06\/M2N7102-1024x683.webp\" srcset=\"https:\/\/d2p6e6u75xmxt8.cloudfront.net\/13\/2025\/06\/M2N7102-scaled.webp 2560w, https:\/\/d2p6e6u75xmxt8.cloudfront.net\/13\/2025\/06\/M2N7102-300x200.webp 300w, https:\/\/d2p6e6u75xmxt8.cloudfront.net\/13\/2025\/06\/M2N7102-1024x683.webp 1024w, https:\/\/d2p6e6u75xmxt8.cloudfront.net\/13\/2025\/06\/M2N7102-768x512.webp 768w, https:\/\/d2p6e6u75xmxt8.cloudfront.net\/13\/2025\/06\/M2N7102-1536x1024.webp 1536w, https:\/\/d2p6e6u75xmxt8.cloudfront.net\/13\/2025\/06\/M2N7102-2048x1365.webp 2048w, https:\/\/d2p6e6u75xmxt8.cloudfront.net\/13\/2025\/06\/M2N7102-1920x1280.webp 1920w, https:\/\/d2p6e6u75xmxt8.cloudfront.net\/13\/2025\/06\/M2N7102-400x267.webp 400w, https:\/\/d2p6e6u75xmxt8.cloudfront.net\/13\/2025\/06\/M2N7102-272x182.webp 272w, https:\/\/d2p6e6u75xmxt8.cloudfront.net\/13\/2025\/06\/M2N7102-1920x1280.webp 1920w\" width=\"1024\" height=\"683\" sizes=\"auto, (min-width: 1200px) 300px, (min-width: 768px) 25vw, 100vw\" alt=\"leopold-konig-o-ceskych-mladicich-na-zavodu-miru-jeli-famozne\"\/><\/a><\/div>    <div class=\"entry-meta\">\n        <a class=\"label label-secondary post-category\" href=\"https:\/\/www.welovecycling.com\/cs\/category\/silnicni-cyklistika\/\" title=\"Silni\u010dn\u00ed cyklistika\">Silni\u010dn\u00ed cyklistika<\/a>\n    <\/div>\n    <div class=\"entry-details\">\n        <a href=\"https:\/\/www.welovecycling.com\/cs\/2025\/06\/02\/leopold-konig-o-ceskych-mladicich-na-zavodu-miru-jeli-famozne\/\" class='entry-title-wrapper'>\n            <h3 class=\"entry-title\"><span>Leopold K\u00f6nig o \u010desk\u00fdch mlad\u00edc\u00edch na Z\u00e1vodu m\u00edru: Jeli fam\u00f3zn\u011b<\/span><\/h3>\n        <\/a>\n    <\/div>\n    <\/article>\n<\/div>\n<p>&#8222;U\u017e minul\u00fd rok jsem zaregistrovala L\u2019Etape. Cht\u011bla jsem jet, ale pak jsem si to je\u0161t\u011b vymluvila. Rakovina nebyla je\u0161t\u011b \u00fapln\u011b vyhnan\u00e1 z hlavy. Nicm\u00e9n\u011b kamar\u00e1d m\u011b vyhecoval. A soust\u0159ed\u011bn\u00ed bylo jedn\u00edm z krok\u016f cesty, na jej\u00edm\u017e konci bude \u00fa\u010dast v z\u00e1vod\u011b na Kopcovit\u00e9 etap\u011b,&#8220; p\u0159ibli\u017euje Martina Mikytov\u00e1.<\/p>\n<h2><strong>Nikdy se nevzd\u00e1m, \u0159\u00edk\u00e1 Martina Mikytov\u00e1<\/strong><\/h2>\n<p>A\u017e bude 21. \u010dervna 2025 v Praze na Strahov\u011b na startu st\u0159edn\u00ed trasy Kopcovit\u00e9 etapy, nepojede jenom za sebe. &#8222;P\u0159esto\u017ee l\u00e9\u010dba jde hodn\u011b dop\u0159edu, chyb\u00ed mi z prost\u0159ed\u00ed, j\u00edm\u017e jsem pro\u0161la, pozitivn\u00ed p\u0159\u00edb\u011bhy. Moc jsem jich nena\u0161la. Pojedu tak i za ostatn\u00ed, proto\u017ee \u010dlov\u011bk se pochopiteln\u011b spojuje s lidmi, kte\u0159\u00ed pro\u017e\u00edvaj\u00ed stejnou bolest a obavy. N\u011bkter\u00e9 holky zem\u0159ely, proto\u017ee se rakovina zachytila pozd\u011b. Dal\u0161\u00edm se nemoc vr\u00e1tila. V\u00edm, \u017ee by cht\u011bly sportovat. Tak\u017ee kdy\u017e ob\u010das doma lelkuju a nechce se mi ven, pr\u00e1v\u011b tyhle my\u0161lenky m\u011b nakopnou a vyraz\u00edm,&#8220; popisuje Martina Mikytov\u00e1.<\/p>\n<p><a href=\"https:\/\/d2p6e6u75xmxt8.cloudfront.net\/13\/2025\/06\/MARTINA3-scaled.webp\"><img loading=\"lazy\" decoding=\"async\" class=\"alignnone size-extra-large wp-image-29432\" src=\"https:\/\/d2p6e6u75xmxt8.cloudfront.net\/13\/2025\/06\/MARTINA3-1920x1080.webp\" alt=\"\" width=\"1920\" height=\"1080\" srcset=\"https:\/\/d2p6e6u75xmxt8.cloudfront.net\/13\/2025\/06\/MARTINA3-1920x1080.webp 1920w, https:\/\/d2p6e6u75xmxt8.cloudfront.net\/13\/2025\/06\/MARTINA3-300x169.webp 300w, https:\/\/d2p6e6u75xmxt8.cloudfront.net\/13\/2025\/06\/MARTINA3-1024x576.webp 1024w, https:\/\/d2p6e6u75xmxt8.cloudfront.net\/13\/2025\/06\/MARTINA3-768x432.webp 768w, https:\/\/d2p6e6u75xmxt8.cloudfront.net\/13\/2025\/06\/MARTINA3-1536x864.webp 1536w, https:\/\/d2p6e6u75xmxt8.cloudfront.net\/13\/2025\/06\/MARTINA3-2048x1152.webp 2048w, https:\/\/d2p6e6u75xmxt8.cloudfront.net\/13\/2025\/06\/MARTINA3-400x225.webp 400w, https:\/\/d2p6e6u75xmxt8.cloudfront.net\/13\/2025\/06\/MARTINA3-1920x1080.webp 1920w\" sizes=\"auto, (max-width: 1920px) 100vw, 1920px\" \/><\/a><\/p>\n<p>T\u011b\u017eko hledat v pelotonu L\u2019Etape \u00fa\u010dastn\u00edka, pro n\u011bho\u017e by hashtag NESESEDNE\u0160 &#8211; symbol leto\u0161n\u00edho ro\u010dn\u00edku z\u00e1vodu &#8211; m\u011bl tak z\u00e1sadn\u00ed rozm\u011br. &#8222;Ob\u010das m\u00e1m po\u0159\u00e1d slab\u0161\u00ed obdob\u00ed. T\u0159eba jdu na velkou kontrolu a vid\u00edm v \u010dek\u00e1rn\u011b pacienty, kte\u0159\u00ed si proch\u00e1z\u00ed v\u0161\u00edm, co jsem za\u017eila. U\u017e v p\u0159edstihu \u0161patn\u011b sp\u00edm. Nebo m\u011b za\u010dnou bolet z\u00e1da a hned si \u0159\u00edk\u00e1m, jestli se rakovina nevr\u00e1tila. Pak pochybuji, m\u00e1m obavy. Ale nikdy se nevzd\u00e1v\u00e1m. Poka\u017ed\u00e9 jedu za v\u0161echny, kte\u0159\u00ed nemohou. J\u00e1 m\u016f\u017eu, tak\u017ee \u0161lapu i za ostatn\u00ed,&#8220; \u0159\u00edk\u00e1 emotivn\u011b.<\/p>\n<div class=\"shortcode-ys-post-pinup\"><article class=\"loop-simple post-29398 post type-post status-publish format-standard has-post-thumbnail hentry category-rady-tipy tag-cyklistika tag-letape-2025 tag-silnicni-cyklistika tag-superior-rr tag-tour-de-france global-categories-cycling\" data-postid=\"29398\" role=\"article\" data-post-id=\"29398\" data-word-count=\"602\" data-headline-length=\"51\" data-category=\"Rady &amp; tipy\" data-global-category=\"Cycling\" data-author=\"We Love Cycling\" data-published=\"2025-06-05T21:59:54+02:00\" data-published-day=\"Thursday\">\n    <div class=\"entry-thumbnail article-thumbnail\" content=\"https:\/\/d2p6e6u75xmxt8.cloudfront.net\/13\/2025\/06\/superior-kolo-5-150x150.webp\"><a href=\"https:\/\/www.welovecycling.com\/cs\/2025\/06\/05\/cesky-svihak-s-francouzskou-dusi-superior-rr\/\" class=\"image-holder\" target=\"_self\"><img decoding=\"async\" loading=\"lazy\" class=\"\" src=\"https:\/\/d2p6e6u75xmxt8.cloudfront.net\/13\/2025\/06\/superior-kolo-5-1024x683.webp\" srcset=\"https:\/\/d2p6e6u75xmxt8.cloudfront.net\/13\/2025\/06\/superior-kolo-5-scaled.webp 2560w, https:\/\/d2p6e6u75xmxt8.cloudfront.net\/13\/2025\/06\/superior-kolo-5-300x200.webp 300w, https:\/\/d2p6e6u75xmxt8.cloudfront.net\/13\/2025\/06\/superior-kolo-5-1024x683.webp 1024w, https:\/\/d2p6e6u75xmxt8.cloudfront.net\/13\/2025\/06\/superior-kolo-5-768x512.webp 768w, https:\/\/d2p6e6u75xmxt8.cloudfront.net\/13\/2025\/06\/superior-kolo-5-1536x1024.webp 1536w, https:\/\/d2p6e6u75xmxt8.cloudfront.net\/13\/2025\/06\/superior-kolo-5-2048x1365.webp 2048w, https:\/\/d2p6e6u75xmxt8.cloudfront.net\/13\/2025\/06\/superior-kolo-5-1920x1280.webp 1920w, https:\/\/d2p6e6u75xmxt8.cloudfront.net\/13\/2025\/06\/superior-kolo-5-400x267.webp 400w, https:\/\/d2p6e6u75xmxt8.cloudfront.net\/13\/2025\/06\/superior-kolo-5-272x182.webp 272w, https:\/\/d2p6e6u75xmxt8.cloudfront.net\/13\/2025\/06\/superior-kolo-5-1920x1280.webp 1920w\" width=\"1024\" height=\"683\" sizes=\"auto, (min-width: 1200px) 300px, (min-width: 768px) 25vw, 100vw\" alt=\"cesky-svihak-s-francouzskou-dusi-superior-rr\"\/><\/a><\/div>    <div class=\"entry-meta\">\n        <a class=\"label label-secondary post-category\" href=\"https:\/\/www.welovecycling.com\/cs\/category\/rady-tipy\/\" title=\"Rady &amp; tipy\">Rady &amp; tipy<\/a>\n    <\/div>\n    <div class=\"entry-details\">\n        <a href=\"https:\/\/www.welovecycling.com\/cs\/2025\/06\/05\/cesky-svihak-s-francouzskou-dusi-superior-rr\/\" class='entry-title-wrapper'>\n            <h3 class=\"entry-title\"><span>\u010cesk\u00fd \u0161vih\u00e1k s francouzskou du\u0161\u00ed: Superior RR<\/span><\/h3>\n        <\/a>\n    <\/div>\n    <\/article>\n<\/div>\n<p>&#8222;Cyklistika je skv\u011bl\u00e1 terapie. D\u00e1v\u00e1 mi obrovskou porci energie. Par\u00e1dn\u011b si \u010dist\u00edm hlavu a je\u0161t\u011b pozn\u00e1m kraj kolem sebe. O zdravotn\u00ed prevenci nemluv\u011b,&#8220; p\u0159em\u00edt\u00e1 Martina. &#8222;A tak\u00e9 mi pom\u00e1h\u00e1 skv\u011ble sp\u00e1t.&#8220;<\/p>\n<p>P\u0159i z\u00e1vodn\u00ed premi\u00e9\u0159e nebude m\u00edt ambice v podob\u011b konkr\u00e9tn\u00edho \u010dasu \u010di um\u00edst\u011bn\u00ed. &#8222;Pojedu pro z\u00e1\u017eitek. Fakt, \u017ee se jede na uzav\u0159en\u00fdch silnic\u00edch, byl vlastn\u011b jeden z prvotn\u00edch podn\u011bt\u016f, kter\u00fd m\u011b posunul k \u00fa\u010dasti. Beru start v <a href=\"https:\/\/www.welovecycling.com\/cs\/2024\/11\/26\/letape-czech-republic-2025-cekaji-velke-premiery\/\">L\u2019Etape<\/a> jako velkou osobn\u00ed ud\u00e1lost. P\u016fvodn\u011b jsem cht\u011bla jet kr\u00e1tkou trasu. Ale absolvuji st\u0159edn\u00ed. Je to v\u00fdzva. Mysl\u00edm, \u017ee lid\u00e9, co jezd\u00ed na kole, jsou sebev\u011bdom\u00ed, v jist\u00e9m smyslu sve\u0159ep\u00ed a posouvaj\u00ed svoje hranice. A tak to m\u00e1 b\u00fdt,&#8220; nazna\u010duje Martina, \u017ee v duchu hesla NESESEDNE\u0160 absolvuje 66 kilometr\u016f a 600 v\u00fd\u0161kov\u00fdch metr\u016f.<\/p>\n","protected":false},"excerpt":{"rendered":"<p>Kolo jako nov\u00e1 v\u00e1\u0161e\u0148. V nov\u00e9m \u017eivot\u011b. V \u017eivot\u011b po nemoci. Martina Mikytov\u00e1 p\u0159ekonala rakovinu. Restart po l\u00e9\u010db\u011b ji postavil [&hellip;]<\/p>\n","protected":false},"author":138,"featured_media":29433,"comment_status":"open","ping_status":"open","sticky":false,"template":"","format":"standard","meta":{"footnotes":""},"categories":[1564],"tags":[126,3927,4202,4201,9],"global-categories":[411],"class_list":["post-29355","post","type-post","status-publish","format-standard","has-post-thumbnail","hentry","category-letape-czech-republic","tag-cyklistika","tag-letape-2025","tag-martina-mikytova","tag-nesesednes","tag-silnicni-cyklistika","global-categories-cycling"],"yoast_head":"<!-- This site is optimized with the Yoast SEO Premium plugin v25.3 (Yoast SEO v25.9) - https:\/\/yoast.com\/wordpress\/plugins\/seo\/ -->\n<title>Nelelkuj a je\u010f! Rakovina za\u017eehla l\u00e1sku ke kolu | \u0160koda We Love Cycling - \u010cesk\u00e1 republika<\/title>\n<meta name=\"description\" content=\"Kolo jako nov\u00e1 v\u00e1\u0161e\u0148. V nov\u00e9m \u017eivot\u011b. V \u017eivot\u011b po nemoci. Martina Mik\u00fdtov\u00e1 p\u0159ekonala rakovinu. Restart po l\u00e9\u010db\u011b ji postavil do cesty kolo. Teprve t\u0159et\u00ed sezonu jezd\u00ed na silni\u010dce. A \u010dek\u00e1 ji v\u00fdzva st\u0159edn\u00ed trasy Kopcovit\u00e9 L\u2019Etape Czech Republic by Tour de France.\" \/>\n<meta name=\"robots\" content=\"index, follow, max-snippet:-1, max-image-preview:large, max-video-preview:-1\" \/>\n<link rel=\"canonical\" href=\"https:\/\/www.welovecycling.com\/cs\/2025\/06\/11\/nebud-lina-a-jed-rakovina-byla-spoustecem-lasky-ke-kolu\/\" \/>\n<meta property=\"og:locale\" content=\"cs_CZ\" \/>\n<meta property=\"og:type\" content=\"article\" \/>\n<meta property=\"og:title\" content=\"Nelelkuj a je\u010f! Rakovina za\u017eehla l\u00e1sku ke kolu\" \/>\n<meta property=\"og:description\" content=\"Kolo jako nov\u00e1 v\u00e1\u0161e\u0148. V nov\u00e9m \u017eivot\u011b. V \u017eivot\u011b po nemoci. Martina Mik\u00fdtov\u00e1 p\u0159ekonala rakovinu. Restart po l\u00e9\u010db\u011b ji postavil do cesty kolo. Teprve t\u0159et\u00ed sezonu jezd\u00ed na silni\u010dce. A \u010dek\u00e1 ji v\u00fdzva st\u0159edn\u00ed trasy Kopcovit\u00e9 L\u2019Etape Czech Republic by Tour de France.\" \/>\n<meta property=\"og:url\" content=\"https:\/\/www.welovecycling.com\/cs\/2025\/06\/11\/nebud-lina-a-jed-rakovina-byla-spoustecem-lasky-ke-kolu\/\" \/>\n<meta property=\"og:site_name\" content=\"\u0160koda We Love Cycling - \u010cesk\u00e1 republika\" \/>\n<meta property=\"article:published_time\" content=\"2025-06-11T03:00:37+00:00\" \/>\n<meta property=\"article:modified_time\" content=\"2025-06-12T12:05:16+00:00\" \/>\n<meta property=\"og:image\" content=\"https:\/\/d2p6e6u75xmxt8.cloudfront.net\/13\/2025\/06\/MARTINA2-scaled.webp\" \/>\n\t<meta property=\"og:image:width\" content=\"2560\" \/>\n\t<meta property=\"og:image:height\" content=\"1440\" \/>\n\t<meta property=\"og:image:type\" content=\"image\/webp\" \/>\n<meta name=\"author\" content=\"radekmalina\" \/>\n<meta name=\"twitter:card\" content=\"summary_large_image\" \/>\n<meta name=\"twitter:label1\" content=\"Written by\" \/>\n\t<meta name=\"twitter:data1\" content=\"We Love Cycling\" \/>\n\t<meta name=\"twitter:label2\" content=\"Est. reading time\" \/>\n\t<meta name=\"twitter:data2\" content=\"5\" \/>\n<script type=\"application\/ld+json\" class=\"yoast-schema-graph\">{\"@context\":\"https:\/\/schema.org\",\"@graph\":[{\"@type\":\"WebPage\",\"@id\":\"https:\/\/www.welovecycling.com\/cs\/2025\/06\/11\/nebud-lina-a-jed-rakovina-byla-spoustecem-lasky-ke-kolu\/\",\"url\":\"https:\/\/www.welovecycling.com\/cs\/2025\/06\/11\/nebud-lina-a-jed-rakovina-byla-spoustecem-lasky-ke-kolu\/\",\"name\":\"Nelelkuj a je\u010f! Rakovina za\u017eehla l\u00e1sku ke kolu | \u0160koda We Love Cycling - \u010cesk\u00e1 republika\",\"isPartOf\":{\"@id\":\"https:\/\/www.welovecycling.com\/cs\/#website\"},\"primaryImageOfPage\":{\"@id\":\"https:\/\/www.welovecycling.com\/cs\/2025\/06\/11\/nebud-lina-a-jed-rakovina-byla-spoustecem-lasky-ke-kolu\/#primaryimage\"},\"image\":{\"@id\":\"https:\/\/www.welovecycling.com\/cs\/2025\/06\/11\/nebud-lina-a-jed-rakovina-byla-spoustecem-lasky-ke-kolu\/#primaryimage\"},\"thumbnailUrl\":\"https:\/\/d2p6e6u75xmxt8.cloudfront.net\/13\/2025\/06\/MARTINA2-scaled.webp\",\"datePublished\":\"2025-06-11T03:00:37+00:00\",\"dateModified\":\"2025-06-12T12:05:16+00:00\",\"author\":{\"@id\":\"https:\/\/www.welovecycling.com\/cs\/#\/schema\/person\/d9eeb0a378f3a7e4a6d12d2b536b04b8\"},\"description\":\"Kolo jako nov\u00e1 v\u00e1\u0161e\u0148. V nov\u00e9m \u017eivot\u011b. V \u017eivot\u011b po nemoci. Martina Mik\u00fdtov\u00e1 p\u0159ekonala rakovinu. Restart po l\u00e9\u010db\u011b ji postavil do cesty kolo. Teprve t\u0159et\u00ed sezonu jezd\u00ed na silni\u010dce. A \u010dek\u00e1 ji v\u00fdzva st\u0159edn\u00ed trasy Kopcovit\u00e9 L\u2019Etape Czech Republic by Tour de France.\",\"inLanguage\":\"cs\",\"potentialAction\":[{\"@type\":\"ReadAction\",\"target\":[\"https:\/\/www.welovecycling.com\/cs\/2025\/06\/11\/nebud-lina-a-jed-rakovina-byla-spoustecem-lasky-ke-kolu\/\"]}]},{\"@type\":\"ImageObject\",\"inLanguage\":\"cs\",\"@id\":\"https:\/\/www.welovecycling.com\/cs\/2025\/06\/11\/nebud-lina-a-jed-rakovina-byla-spoustecem-lasky-ke-kolu\/#primaryimage\",\"url\":\"https:\/\/d2p6e6u75xmxt8.cloudfront.net\/13\/2025\/06\/MARTINA2-scaled.webp\",\"contentUrl\":\"https:\/\/d2p6e6u75xmxt8.cloudfront.net\/13\/2025\/06\/MARTINA2-scaled.webp\",\"width\":2560,\"height\":1440,\"caption\":\"Martina Mikytov\u00e1 absolvuje z\u00e1vodn\u00ed premi\u00e9ru na silni\u010dn\u00edm kole. Rakovina v n\u00ed probudila l\u00e1sku ke kolu.\"},{\"@type\":\"WebSite\",\"@id\":\"https:\/\/www.welovecycling.com\/cs\/#website\",\"url\":\"https:\/\/www.welovecycling.com\/cs\/\",\"name\":\"\u0160koda We Love Cycling - \u010cesk\u00e1 republika\",\"description\":\"WeLoveCycling.cz je online magaz\u00edn, kter\u00fd v\u00e1m pravideln\u011b p\u0159in\u00e1\u0161\u00ed rady a tipy, zaj\u00edmav\u00e9 \u010dl\u00e1nky, videa a jedine\u010dn\u00e9 report\u00e1\u017ee ze sv\u011bta cyklistiky.\",\"potentialAction\":[{\"@type\":\"SearchAction\",\"target\":{\"@type\":\"EntryPoint\",\"urlTemplate\":\"https:\/\/www.welovecycling.com\/cs\/?s={search_term_string}\"},\"query-input\":{\"@type\":\"PropertyValueSpecification\",\"valueRequired\":true,\"valueName\":\"search_term_string\"}}],\"inLanguage\":\"cs\"},{\"@type\":\"Person\",\"@id\":\"https:\/\/www.welovecycling.com\/cs\/#\/schema\/person\/d9eeb0a378f3a7e4a6d12d2b536b04b8\",\"name\":\"radekmalina\",\"image\":{\"@type\":\"ImageObject\",\"inLanguage\":\"cs\",\"@id\":\"https:\/\/www.welovecycling.com\/cs\/#\/schema\/person\/image\/\",\"url\":\"https:\/\/secure.gravatar.com\/avatar\/66994b632cb8c39a46b9f54afa3ae07201b678d32a54275b6f1c9ffec356bfc0?s=96&d=mm&r=g\",\"contentUrl\":\"https:\/\/secure.gravatar.com\/avatar\/66994b632cb8c39a46b9f54afa3ae07201b678d32a54275b6f1c9ffec356bfc0?s=96&d=mm&r=g\",\"caption\":\"radekmalina\"},\"url\":\"https:\/\/www.welovecycling.com\/cs\/author\/radekmalina\/\"}]}<\/script>\n<!-- \/ Yoast SEO Premium plugin. -->","yoast_head_json":{"title":"Nelelkuj a je\u010f! Rakovina za\u017eehla l\u00e1sku ke kolu | \u0160koda We Love Cycling - \u010cesk\u00e1 republika","description":"Kolo jako nov\u00e1 v\u00e1\u0161e\u0148. V nov\u00e9m \u017eivot\u011b. V \u017eivot\u011b po nemoci. Martina Mik\u00fdtov\u00e1 p\u0159ekonala rakovinu. Restart po l\u00e9\u010db\u011b ji postavil do cesty kolo. Teprve t\u0159et\u00ed sezonu jezd\u00ed na silni\u010dce. A \u010dek\u00e1 ji v\u00fdzva st\u0159edn\u00ed trasy Kopcovit\u00e9 L\u2019Etape Czech Republic by Tour de France.","robots":{"index":"index","follow":"follow","max-snippet":"max-snippet:-1","max-image-preview":"max-image-preview:large","max-video-preview":"max-video-preview:-1"},"canonical":"https:\/\/www.welovecycling.com\/cs\/2025\/06\/11\/nebud-lina-a-jed-rakovina-byla-spoustecem-lasky-ke-kolu\/","og_locale":"cs_CZ","og_type":"article","og_title":"Nelelkuj a je\u010f! Rakovina za\u017eehla l\u00e1sku ke kolu","og_description":"Kolo jako nov\u00e1 v\u00e1\u0161e\u0148. V nov\u00e9m \u017eivot\u011b. V \u017eivot\u011b po nemoci. Martina Mik\u00fdtov\u00e1 p\u0159ekonala rakovinu. Restart po l\u00e9\u010db\u011b ji postavil do cesty kolo. Teprve t\u0159et\u00ed sezonu jezd\u00ed na silni\u010dce. A \u010dek\u00e1 ji v\u00fdzva st\u0159edn\u00ed trasy Kopcovit\u00e9 L\u2019Etape Czech Republic by Tour de France.","og_url":"https:\/\/www.welovecycling.com\/cs\/2025\/06\/11\/nebud-lina-a-jed-rakovina-byla-spoustecem-lasky-ke-kolu\/","og_site_name":"\u0160koda We Love Cycling - \u010cesk\u00e1 republika","article_published_time":"2025-06-11T03:00:37+00:00","article_modified_time":"2025-06-12T12:05:16+00:00","og_image":[{"width":2560,"height":1440,"url":"https:\/\/d2p6e6u75xmxt8.cloudfront.net\/13\/2025\/06\/MARTINA2-scaled.webp","type":"image\/webp"}],"author":"radekmalina","twitter_card":"summary_large_image","twitter_misc":{"Written by":"We Love Cycling","Est. reading time":"5"},"schema":{"@context":"https:\/\/schema.org","@graph":[{"@type":"WebPage","@id":"https:\/\/www.welovecycling.com\/cs\/2025\/06\/11\/nebud-lina-a-jed-rakovina-byla-spoustecem-lasky-ke-kolu\/","url":"https:\/\/www.welovecycling.com\/cs\/2025\/06\/11\/nebud-lina-a-jed-rakovina-byla-spoustecem-lasky-ke-kolu\/","name":"Nelelkuj a je\u010f! Rakovina za\u017eehla l\u00e1sku ke kolu | \u0160koda We Love Cycling - \u010cesk\u00e1 republika","isPartOf":{"@id":"https:\/\/www.welovecycling.com\/cs\/#website"},"primaryImageOfPage":{"@id":"https:\/\/www.welovecycling.com\/cs\/2025\/06\/11\/nebud-lina-a-jed-rakovina-byla-spoustecem-lasky-ke-kolu\/#primaryimage"},"image":{"@id":"https:\/\/www.welovecycling.com\/cs\/2025\/06\/11\/nebud-lina-a-jed-rakovina-byla-spoustecem-lasky-ke-kolu\/#primaryimage"},"thumbnailUrl":"https:\/\/d2p6e6u75xmxt8.cloudfront.net\/13\/2025\/06\/MARTINA2-scaled.webp","datePublished":"2025-06-11T03:00:37+00:00","dateModified":"2025-06-12T12:05:16+00:00","author":{"@id":"https:\/\/www.welovecycling.com\/cs\/#\/schema\/person\/d9eeb0a378f3a7e4a6d12d2b536b04b8"},"description":"Kolo jako nov\u00e1 v\u00e1\u0161e\u0148. V nov\u00e9m \u017eivot\u011b. V \u017eivot\u011b po nemoci. Martina Mik\u00fdtov\u00e1 p\u0159ekonala rakovinu. Restart po l\u00e9\u010db\u011b ji postavil do cesty kolo. Teprve t\u0159et\u00ed sezonu jezd\u00ed na silni\u010dce. A \u010dek\u00e1 ji v\u00fdzva st\u0159edn\u00ed trasy Kopcovit\u00e9 L\u2019Etape Czech Republic by Tour de France.","inLanguage":"cs","potentialAction":[{"@type":"ReadAction","target":["https:\/\/www.welovecycling.com\/cs\/2025\/06\/11\/nebud-lina-a-jed-rakovina-byla-spoustecem-lasky-ke-kolu\/"]}]},{"@type":"ImageObject","inLanguage":"cs","@id":"https:\/\/www.welovecycling.com\/cs\/2025\/06\/11\/nebud-lina-a-jed-rakovina-byla-spoustecem-lasky-ke-kolu\/#primaryimage","url":"https:\/\/d2p6e6u75xmxt8.cloudfront.net\/13\/2025\/06\/MARTINA2-scaled.webp","contentUrl":"https:\/\/d2p6e6u75xmxt8.cloudfront.net\/13\/2025\/06\/MARTINA2-scaled.webp","width":2560,"height":1440,"caption":"Martina Mikytov\u00e1 absolvuje z\u00e1vodn\u00ed premi\u00e9ru na silni\u010dn\u00edm kole. Rakovina v n\u00ed probudila l\u00e1sku ke kolu."},{"@type":"WebSite","@id":"https:\/\/www.welovecycling.com\/cs\/#website","url":"https:\/\/www.welovecycling.com\/cs\/","name":"\u0160koda We Love Cycling - \u010cesk\u00e1 republika","description":"WeLoveCycling.cz je online magaz\u00edn, kter\u00fd v\u00e1m pravideln\u011b p\u0159in\u00e1\u0161\u00ed rady a tipy, zaj\u00edmav\u00e9 \u010dl\u00e1nky, videa a jedine\u010dn\u00e9 report\u00e1\u017ee ze sv\u011bta cyklistiky.","potentialAction":[{"@type":"SearchAction","target":{"@type":"EntryPoint","urlTemplate":"https:\/\/www.welovecycling.com\/cs\/?s={search_term_string}"},"query-input":{"@type":"PropertyValueSpecification","valueRequired":true,"valueName":"search_term_string"}}],"inLanguage":"cs"},{"@type":"Person","@id":"https:\/\/www.welovecycling.com\/cs\/#\/schema\/person\/d9eeb0a378f3a7e4a6d12d2b536b04b8","name":"radekmalina","image":{"@type":"ImageObject","inLanguage":"cs","@id":"https:\/\/www.welovecycling.com\/cs\/#\/schema\/person\/image\/","url":"https:\/\/secure.gravatar.com\/avatar\/66994b632cb8c39a46b9f54afa3ae07201b678d32a54275b6f1c9ffec356bfc0?s=96&d=mm&r=g","contentUrl":"https:\/\/secure.gravatar.com\/avatar\/66994b632cb8c39a46b9f54afa3ae07201b678d32a54275b6f1c9ffec356bfc0?s=96&d=mm&r=g","caption":"radekmalina"},"url":"https:\/\/www.welovecycling.com\/cs\/author\/radekmalina\/"}]}},"_links":{"self":[{"href":"https:\/\/www.welovecycling.com\/cs\/wp-json\/wp\/v2\/posts\/29355","targetHints":{"allow":["GET"]}}],"collection":[{"href":"https:\/\/www.welovecycling.com\/cs\/wp-json\/wp\/v2\/posts"}],"about":[{"href":"https:\/\/www.welovecycling.com\/cs\/wp-json\/wp\/v2\/types\/post"}],"author":[{"embeddable":true,"href":"https:\/\/www.welovecycling.com\/cs\/wp-json\/wp\/v2\/users\/138"}],"replies":[{"embeddable":true,"href":"https:\/\/www.welovecycling.com\/cs\/wp-json\/wp\/v2\/comments?post=29355"}],"version-history":[{"count":7,"href":"https:\/\/www.welovecycling.com\/cs\/wp-json\/wp\/v2\/posts\/29355\/revisions"}],"predecessor-version":[{"id":29471,"href":"https:\/\/www.welovecycling.com\/cs\/wp-json\/wp\/v2\/posts\/29355\/revisions\/29471"}],"wp:featuredmedia":[{"embeddable":true,"href":"https:\/\/www.welovecycling.com\/cs\/wp-json\/wp\/v2\/media\/29433"}],"wp:attachment":[{"href":"https:\/\/www.welovecycling.com\/cs\/wp-json\/wp\/v2\/media?parent=29355"}],"wp:term":[{"taxonomy":"category","embeddable":true,"href":"https:\/\/www.welovecycling.com\/cs\/wp-json\/wp\/v2\/categories?post=29355"},{"taxonomy":"post_tag","embeddable":true,"href":"https:\/\/www.welovecycling.com\/cs\/wp-json\/wp\/v2\/tags?post=29355"},{"taxonomy":"global-categories","embeddable":true,"href":"https:\/\/www.welovecycling.com\/cs\/wp-json\/wp\/v2\/global-categories?post=29355"}],"curies":[{"name":"wp","href":"https:\/\/api.w.org\/{rel}","templated":true}]}}