{"id":29332,"date":"2025-06-02T17:00:16","date_gmt":"2025-06-02T15:00:16","guid":{"rendered":"https:\/\/www.welovecycling.com\/cs\/?p=29332"},"modified":"2025-06-02T13:15:25","modified_gmt":"2025-06-02T11:15:25","slug":"leopold-konig-o-ceskych-mladicich-na-zavodu-miru-jeli-famozne","status":"publish","type":"post","link":"https:\/\/www.welovecycling.com\/cs\/2025\/06\/02\/leopold-konig-o-ceskych-mladicich-na-zavodu-miru-jeli-famozne\/","title":{"rendered":"Leopold K\u00f6nig o \u010desk\u00fdch mlad\u00edc\u00edch na Z\u00e1vodu m\u00edru: Jeli fam\u00f3zn\u011b"},"content":{"rendered":"<div dir=\"auto\"><strong>Nad\u0161en\u00fd z v\u00fdkon\u016f \u010desk\u00fdch mlad\u00edk\u016f byl \u0159editel Z\u00e1vodu m\u00edru do 23 let Leopold K\u00f6nig. P\u0159esto\u017ee \u017e\u00e1dn\u00fd z n\u00e1stupc\u016f b\u00fdval\u00e9ho profesion\u00e1la, kter\u00fd z\u00e1vodil ve World Tour za elitn\u00ed t\u00fdmy Sky \u010di Bora-hansgrohe, neproniknul do elitn\u00ed des\u00edtky ani nedos\u00e1hl na etapov\u00e9 prvenstv\u00ed, z \u00fast sedmat\u0159icetilet\u00e9ho rod\u00e1ka z Moravsk\u00e9 T\u0159ebov\u00e9 si vyslechli chv\u00e1lu.\u00a0<\/strong><\/div>\n<div dir=\"auto\"><\/div>\n<div dir=\"auto\">Sedm\u00fd mu\u017e Tour de France 2014 je v pozici \u0161\u00e9fa jednoho z nejpresti\u017en\u011bj\u0161\u00edch z\u00e1vod\u016f v\u011bkov\u00e9 kategorie do 23 let, kde byla partnerem mobility \u0160koda Auto, u\u017e \u0161est\u00fdm rokem. Jak moc se Z\u00e1vod m\u00edru zm\u011bnil? A kdo jednoho z nejlep\u0161\u00edch cyklist\u016f \u010desk\u00e9 historie b\u011bhem minul\u00fdch \u010dty\u0159 etap zaujal?<\/div>\n<div dir=\"auto\"><\/div>\n<h2 dir=\"auto\"><strong>Jak hodnot\u00ed dvan\u00e1ct\u00fd ro\u010dn\u00edk Z\u00e1vodu m\u00edru do 23 let \u0159editel akce Leopold K\u00f6nig?<\/strong><\/h2>\n<div dir=\"auto\">Povedlo se n\u00e1m na leto\u0161n\u00ed ro\u010dn\u00edk hodn\u011b pozm\u011bnit etapy, zrychlit je, dostat do nich v\u00edc dynamiky. Vid\u011bli jsme to p\u0159i samotn\u00e9m z\u00e1vod\u011b. \u0160ternberk, R\u00fdma\u0159ov, Dlouh\u00e9 str\u00e1n\u011b, to byly \u00fapln\u011b jin\u00e9 z\u00e1vody. A t\u00fdmy si leto\u0161n\u00ed form\u00e1t pochvalovaly. V\u0161ech dvaadvacet.<\/div>\n<div dir=\"auto\">\n<figure id=\"attachment_29348\" aria-describedby=\"caption-attachment-29348\" style=\"width: 1920px\" class=\"wp-caption alignnone\"><a href=\"https:\/\/d2p6e6u75xmxt8.cloudfront.net\/13\/2025\/06\/M2N7049-scaled.webp\"><img loading=\"lazy\" decoding=\"async\" class=\"size-extra-large wp-image-29348\" src=\"https:\/\/d2p6e6u75xmxt8.cloudfront.net\/13\/2025\/06\/M2N7049-1920x1280.webp\" alt=\"\" width=\"1920\" height=\"1280\" srcset=\"https:\/\/d2p6e6u75xmxt8.cloudfront.net\/13\/2025\/06\/M2N7049-1920x1280.webp 1920w, https:\/\/d2p6e6u75xmxt8.cloudfront.net\/13\/2025\/06\/M2N7049-300x200.webp 300w, https:\/\/d2p6e6u75xmxt8.cloudfront.net\/13\/2025\/06\/M2N7049-1024x683.webp 1024w, https:\/\/d2p6e6u75xmxt8.cloudfront.net\/13\/2025\/06\/M2N7049-768x512.webp 768w, https:\/\/d2p6e6u75xmxt8.cloudfront.net\/13\/2025\/06\/M2N7049-1536x1024.webp 1536w, https:\/\/d2p6e6u75xmxt8.cloudfront.net\/13\/2025\/06\/M2N7049-2048x1365.webp 2048w, https:\/\/d2p6e6u75xmxt8.cloudfront.net\/13\/2025\/06\/M2N7049-400x267.webp 400w, https:\/\/d2p6e6u75xmxt8.cloudfront.net\/13\/2025\/06\/M2N7049-272x182.webp 272w, https:\/\/d2p6e6u75xmxt8.cloudfront.net\/13\/2025\/06\/M2N7049-1920x1280.webp 1920w\" sizes=\"auto, (max-width: 1920px) 100vw, 1920px\" \/><\/a><figcaption id=\"caption-attachment-29348\" class=\"wp-caption-text\"><em>Leopold K\u00f6nig, \u0159editel Z\u00e1vodu m\u00edru do 23 let, p\u0159ed startem t\u0159et\u00ed etapy ro\u010dn\u00edku 2025. Foto: zavodmiru.com (2x)<\/em><\/figcaption><\/figure>\n<\/div>\n<div dir=\"auto\"><\/div>\n<h2 dir=\"auto\"><strong>A z pohledu div\u00e1ck\u00e9 atmosf\u00e9ry se Z\u00e1vod m\u00edru l\u00edbil i p\u0159\u00edznivc\u016fm cyklistiky&#8230;<\/strong><\/h2>\n<div dir=\"auto\">Jsem za atmosf\u00e9ru, kter\u00e1 v pr\u016fb\u011bhu cel\u00e9ho Z\u00e1vodu m\u00edru panovala, moc r\u00e1d. Div\u00e1k\u016f v ka\u017ed\u00e9m startovn\u00edm i c\u00edlov\u00e9m m\u011bst\u011b i pod\u00e9l trati op\u011bt p\u0159ibylo a je neskute\u010dn\u00e9, \u017ee m\u00e1me takovou podporu. \u00a0Z\u00e1vod m\u00edru byl povedenou p\u0159\u00edpravou na srpnovou Czech Tour, na kterou bych cht\u011bl v\u0161echny div\u00e1ky a fanou\u0161ky cyklistiky u\u017e te\u010f pozvat.<\/div>\n<div dir=\"auto\"><\/div>\n<h2 dir=\"auto\"><strong>Jak\u00e1 byla z va\u0161eho pohledu rozhoduj\u00edc\u00ed t\u0159et\u00ed etapa s c\u00edlem na Dlouh\u00fdch str\u00e1n\u00edch. \u010cekal jste tak vyrovnanou bitvu?<\/strong><\/h2>\n<div dir=\"auto\">Deset jezdc\u016f ve dvan\u00e1cti sekund\u00e1ch po Dlouh\u00fdch str\u00e1n\u00edch, to jsme ne\u010dekali. Jeli jsme poprv\u00e9 z druh\u00e9 strany od Kout\u016f nad Desnou, testovali jsme v\u00fdjezd pro leto\u0161n\u00ed Czech Tour. A nebyl tam \u017e\u00e1dn\u00fd natolik siln\u00fd t\u00fdm, aby pole v\u00edc rozd\u011blil. Samoz\u0159ejm\u011b to tak\u00e9 sv\u011bd\u010d\u00ed o tom, \u017ee v\u00fdkonnost t\u00fdm\u016f je velmi vyrovnan\u00e1 a ka\u017ed\u00fd v\u00fdb\u011br tady m\u011bl hodn\u011b siln\u00e9ho l\u00eddra.<\/div>\n<div dir=\"auto\"><\/div>\n<h2 dir=\"auto\"><strong>P\u0159ekvapilo v\u00e1s, \u017ee se celkov\u00fdm v\u00edt\u011bzem nestal jezdec, kter\u00fd dobyl vrchol Dlouh\u00fdch str\u00e1n\u00ed jako prvn\u00ed?<\/strong><\/h2>\n<div dir=\"auto\">To byl lehk\u00fd paradox, proto\u017ee <a href=\"https:\/\/www.welovecycling.com\/cs\/2025\/06\/01\/zavod-miru-ovladl-marti-nejlepsim-z-cech-ctrnacty-pridal\/\">\u0160pan\u011bl Mart\u00ed<\/a> byl na vrcholu a\u017e t\u0159et\u00ed. Rozhodly bonifika\u010dn\u00ed vte\u0159iny, kter\u00e9 ho vyst\u0159elily do \u010dela.<\/div>\n<div dir=\"auto\"><a href=\"https:\/\/d2p6e6u75xmxt8.cloudfront.net\/13\/2025\/06\/1Y7A4159.webp\"><img loading=\"lazy\" decoding=\"async\" class=\"alignnone size-extra-large wp-image-29352\" src=\"https:\/\/d2p6e6u75xmxt8.cloudfront.net\/13\/2025\/06\/1Y7A4159-1920x1280.webp\" alt=\"\" width=\"1920\" height=\"1280\" srcset=\"https:\/\/d2p6e6u75xmxt8.cloudfront.net\/13\/2025\/06\/1Y7A4159-1920x1280.webp 1920w, https:\/\/d2p6e6u75xmxt8.cloudfront.net\/13\/2025\/06\/1Y7A4159-300x200.webp 300w, https:\/\/d2p6e6u75xmxt8.cloudfront.net\/13\/2025\/06\/1Y7A4159-1024x683.webp 1024w, https:\/\/d2p6e6u75xmxt8.cloudfront.net\/13\/2025\/06\/1Y7A4159-768x512.webp 768w, https:\/\/d2p6e6u75xmxt8.cloudfront.net\/13\/2025\/06\/1Y7A4159-1536x1024.webp 1536w, https:\/\/d2p6e6u75xmxt8.cloudfront.net\/13\/2025\/06\/1Y7A4159-2048x1366.webp 2048w, https:\/\/d2p6e6u75xmxt8.cloudfront.net\/13\/2025\/06\/1Y7A4159-400x267.webp 400w, https:\/\/d2p6e6u75xmxt8.cloudfront.net\/13\/2025\/06\/1Y7A4159-272x182.webp 272w, https:\/\/d2p6e6u75xmxt8.cloudfront.net\/13\/2025\/06\/1Y7A4159-1920x1280.webp 1920w\" sizes=\"auto, (max-width: 1920px) 100vw, 1920px\" \/><\/a><\/div>\n<div dir=\"auto\"><\/div>\n<h2 dir=\"auto\"><strong>Seri\u00e1l Nations\u2018 Cup, do n\u011bj\u017e Z\u00e1vod m\u00edru pat\u0159\u00ed, je l\u00edhn\u00ed talent\u016f a budouc\u00edch hv\u011bzd sv\u011btov\u00e9ho pelotonu. Kter\u00fd z jezdc\u016f v\u00e1s letos nejv\u00edc zaujal?<\/strong><\/h2>\n<div dir=\"auto\">Talent\u016f ve startovn\u00ed listin\u011b byla spousta. Vyp\u00edchl bych Simona Dalbyho, kter\u00fd u n\u00e1s startoval ji\u017e pot\u0159et\u00ed, dva roky zp\u00e1tky byl celkov\u011b druh\u00fd, vyhr\u00e1l etapu. A letos znovu. To je ur\u010dit\u011b jm\u00e9no, kter\u00e9 se vyplat\u00ed sledovat.<\/div>\n<div dir=\"auto\"><\/div>\n<h2 dir=\"auto\"><strong>Jak hodnot\u00edte vystoupen\u00ed \u010desk\u00e9ho v\u00fdb\u011bru? C\u00edl proniknout do prvn\u00ed des\u00edtky bohu\u017eel op\u011bt nevy\u0161el, Tom\u00e1\u0161 P\u0159idal byl celkov\u011b \u010dtrn\u00e1ct\u00fd.<\/strong><\/h2>\n<div dir=\"auto\">Za m\u011b podal \u010desk\u00fd t\u00fdm fam\u00f3zn\u00ed v\u00fdkon. Na\u0161i z\u00e1vodn\u00edci byli hodn\u011b aktivn\u00ed v jednotliv\u00fdch etap\u00e1ch, v \u00fanic\u00edch, sna\u017eili se o prvenstv\u00ed v etap\u011b. Nakonec to na prvn\u00ed des\u00edtku nevy\u0161lo, ale ned\u00e1 se nic d\u011blat. Budeme doufat, \u017ee v p\u0159\u00ed\u0161t\u00edch letech budou \u010ce\u0161i siln\u011bj\u0161\u00ed a siln\u011bj\u0161\u00ed.<\/div>\n<div dir=\"auto\"><\/div>\n<div dir=\"auto\"><\/div>\n","protected":false},"excerpt":{"rendered":"<p>Nad\u0161en\u00fd z v\u00fdkon\u016f \u010desk\u00fdch mlad\u00edk\u016f byl \u0159editel Z\u00e1vodu m\u00edru do 23 let Leopold K\u00f6nig. P\u0159esto\u017ee \u017e\u00e1dn\u00fd z n\u00e1stupc\u016f b\u00fdval\u00e9ho profesion\u00e1la, [&hellip;]<\/p>\n","protected":false},"author":138,"featured_media":29349,"comment_status":"open","ping_status":"open","sticky":false,"template":"","format":"standard","meta":{"footnotes":""},"categories":[10],"tags":[126,304,9,595],"global-categories":[411],"class_list":["post-29332","post","type-post","status-publish","format-standard","has-post-thumbnail","hentry","category-silnicni-cyklistika","tag-cyklistika","tag-leopold-konig","tag-silnicni-cyklistika","tag-zavod-miru","global-categories-cycling"],"yoast_head":"<!-- This site is optimized with the Yoast SEO Premium plugin v25.3 (Yoast SEO v25.9) - https:\/\/yoast.com\/wordpress\/plugins\/seo\/ -->\n<title>Leopold K\u00f6nig o \u010desk\u00fdch mlad\u00edc\u00edch na Z\u00e1vodu m\u00edru: Jeli fam\u00f3zn\u011b | \u0160koda We Love Cycling - \u010cesk\u00e1 republika<\/title>\n<meta name=\"description\" content=\"Nad\u0161en\u00fd z v\u00fdkon\u016f \u010desk\u00fdch mlad\u00edk\u016f byl \u0159editel Z\u00e1vodu m\u00edru do 23 let Leopold K\u00f6nig. P\u0159esto\u017ee \u017e\u00e1dn\u00fd z n\u00e1stupc\u016f b\u00fdval\u00e9ho profesion\u00e1la, kter\u00fd z\u00e1vodil ve World Tour za elitn\u00ed t\u00fdmy Sky \u010di Bora-hansgrohe, neproniknul do elitn\u00ed des\u00edtky ani nedos\u00e1hl na etapov\u00e9 prvenstv\u00ed, z \u00fast sedmat\u0159icetilet\u00e9ho rod\u00e1ka z Moravsk\u00e9 T\u0159ebov\u00e9 si vyslechli chv\u00e1lu.\u00a0\" \/>\n<meta name=\"robots\" content=\"index, follow, max-snippet:-1, max-image-preview:large, max-video-preview:-1\" \/>\n<link rel=\"canonical\" href=\"https:\/\/www.welovecycling.com\/cs\/2025\/06\/02\/leopold-konig-o-ceskych-mladicich-na-zavodu-miru-jeli-famozne\/\" \/>\n<meta property=\"og:locale\" content=\"cs_CZ\" \/>\n<meta property=\"og:type\" content=\"article\" \/>\n<meta property=\"og:title\" content=\"Leopold K\u00f6nig o \u010desk\u00fdch mlad\u00edc\u00edch na Z\u00e1vodu m\u00edru: Jeli fam\u00f3zn\u011b\" \/>\n<meta property=\"og:description\" content=\"Nad\u0161en\u00fd z v\u00fdkon\u016f \u010desk\u00fdch mlad\u00edk\u016f byl \u0159editel Z\u00e1vodu m\u00edru do 23 let Leopold K\u00f6nig. P\u0159esto\u017ee \u017e\u00e1dn\u00fd z n\u00e1stupc\u016f b\u00fdval\u00e9ho profesion\u00e1la, kter\u00fd z\u00e1vodil ve World Tour za elitn\u00ed t\u00fdmy Sky \u010di Bora-hansgrohe, neproniknul do elitn\u00ed des\u00edtky ani nedos\u00e1hl na etapov\u00e9 prvenstv\u00ed, z \u00fast sedmat\u0159icetilet\u00e9ho rod\u00e1ka z Moravsk\u00e9 T\u0159ebov\u00e9 si vyslechli chv\u00e1lu.\u00a0\" \/>\n<meta property=\"og:url\" content=\"https:\/\/www.welovecycling.com\/cs\/2025\/06\/02\/leopold-konig-o-ceskych-mladicich-na-zavodu-miru-jeli-famozne\/\" \/>\n<meta property=\"og:site_name\" content=\"\u0160koda We Love Cycling - \u010cesk\u00e1 republika\" \/>\n<meta property=\"article:published_time\" content=\"2025-06-02T15:00:16+00:00\" \/>\n<meta property=\"og:image\" content=\"https:\/\/d2p6e6u75xmxt8.cloudfront.net\/13\/2025\/06\/M2N7102-scaled.webp\" \/>\n\t<meta property=\"og:image:width\" content=\"2560\" \/>\n\t<meta property=\"og:image:height\" content=\"1707\" \/>\n\t<meta property=\"og:image:type\" content=\"image\/webp\" \/>\n<meta name=\"author\" content=\"radekmalina\" \/>\n<meta name=\"twitter:card\" content=\"summary_large_image\" \/>\n<meta name=\"twitter:label1\" content=\"Written by\" \/>\n\t<meta name=\"twitter:data1\" content=\"We Love Cycling\" \/>\n\t<meta name=\"twitter:label2\" content=\"Est. reading time\" \/>\n\t<meta name=\"twitter:data2\" content=\"5\" \/>\n<script type=\"application\/ld+json\" class=\"yoast-schema-graph\">{\"@context\":\"https:\/\/schema.org\",\"@graph\":[{\"@type\":\"WebPage\",\"@id\":\"https:\/\/www.welovecycling.com\/cs\/2025\/06\/02\/leopold-konig-o-ceskych-mladicich-na-zavodu-miru-jeli-famozne\/\",\"url\":\"https:\/\/www.welovecycling.com\/cs\/2025\/06\/02\/leopold-konig-o-ceskych-mladicich-na-zavodu-miru-jeli-famozne\/\",\"name\":\"Leopold K\u00f6nig o \u010desk\u00fdch mlad\u00edc\u00edch na Z\u00e1vodu m\u00edru: Jeli fam\u00f3zn\u011b | \u0160koda We Love Cycling - \u010cesk\u00e1 republika\",\"isPartOf\":{\"@id\":\"https:\/\/www.welovecycling.com\/cs\/#website\"},\"primaryImageOfPage\":{\"@id\":\"https:\/\/www.welovecycling.com\/cs\/2025\/06\/02\/leopold-konig-o-ceskych-mladicich-na-zavodu-miru-jeli-famozne\/#primaryimage\"},\"image\":{\"@id\":\"https:\/\/www.welovecycling.com\/cs\/2025\/06\/02\/leopold-konig-o-ceskych-mladicich-na-zavodu-miru-jeli-famozne\/#primaryimage\"},\"thumbnailUrl\":\"https:\/\/d2p6e6u75xmxt8.cloudfront.net\/13\/2025\/06\/M2N7102-scaled.webp\",\"datePublished\":\"2025-06-02T15:00:16+00:00\",\"author\":{\"@id\":\"https:\/\/www.welovecycling.com\/cs\/#\/schema\/person\/d9eeb0a378f3a7e4a6d12d2b536b04b8\"},\"description\":\"Nad\u0161en\u00fd z v\u00fdkon\u016f \u010desk\u00fdch mlad\u00edk\u016f byl \u0159editel Z\u00e1vodu m\u00edru do 23 let Leopold K\u00f6nig. P\u0159esto\u017ee \u017e\u00e1dn\u00fd z n\u00e1stupc\u016f b\u00fdval\u00e9ho profesion\u00e1la, kter\u00fd z\u00e1vodil ve World Tour za elitn\u00ed t\u00fdmy Sky \u010di Bora-hansgrohe, neproniknul do elitn\u00ed des\u00edtky ani nedos\u00e1hl na etapov\u00e9 prvenstv\u00ed, z \u00fast sedmat\u0159icetilet\u00e9ho rod\u00e1ka z Moravsk\u00e9 T\u0159ebov\u00e9 si vyslechli chv\u00e1lu.\u00a0\",\"inLanguage\":\"cs\",\"potentialAction\":[{\"@type\":\"ReadAction\",\"target\":[\"https:\/\/www.welovecycling.com\/cs\/2025\/06\/02\/leopold-konig-o-ceskych-mladicich-na-zavodu-miru-jeli-famozne\/\"]}]},{\"@type\":\"ImageObject\",\"inLanguage\":\"cs\",\"@id\":\"https:\/\/www.welovecycling.com\/cs\/2025\/06\/02\/leopold-konig-o-ceskych-mladicich-na-zavodu-miru-jeli-famozne\/#primaryimage\",\"url\":\"https:\/\/d2p6e6u75xmxt8.cloudfront.net\/13\/2025\/06\/M2N7102-scaled.webp\",\"contentUrl\":\"https:\/\/d2p6e6u75xmxt8.cloudfront.net\/13\/2025\/06\/M2N7102-scaled.webp\",\"width\":2560,\"height\":1707,\"caption\":\"Leopold K\u00f6nig p\u0159i startu etapy Z\u00e1vodu m\u00edru 2025.\"},{\"@type\":\"WebSite\",\"@id\":\"https:\/\/www.welovecycling.com\/cs\/#website\",\"url\":\"https:\/\/www.welovecycling.com\/cs\/\",\"name\":\"\u0160koda We Love Cycling - \u010cesk\u00e1 republika\",\"description\":\"WeLoveCycling.cz je online magaz\u00edn, kter\u00fd v\u00e1m pravideln\u011b p\u0159in\u00e1\u0161\u00ed rady a tipy, zaj\u00edmav\u00e9 \u010dl\u00e1nky, videa a jedine\u010dn\u00e9 report\u00e1\u017ee ze sv\u011bta cyklistiky.\",\"potentialAction\":[{\"@type\":\"SearchAction\",\"target\":{\"@type\":\"EntryPoint\",\"urlTemplate\":\"https:\/\/www.welovecycling.com\/cs\/?s={search_term_string}\"},\"query-input\":{\"@type\":\"PropertyValueSpecification\",\"valueRequired\":true,\"valueName\":\"search_term_string\"}}],\"inLanguage\":\"cs\"},{\"@type\":\"Person\",\"@id\":\"https:\/\/www.welovecycling.com\/cs\/#\/schema\/person\/d9eeb0a378f3a7e4a6d12d2b536b04b8\",\"name\":\"radekmalina\",\"image\":{\"@type\":\"ImageObject\",\"inLanguage\":\"cs\",\"@id\":\"https:\/\/www.welovecycling.com\/cs\/#\/schema\/person\/image\/\",\"url\":\"https:\/\/secure.gravatar.com\/avatar\/66994b632cb8c39a46b9f54afa3ae07201b678d32a54275b6f1c9ffec356bfc0?s=96&d=mm&r=g\",\"contentUrl\":\"https:\/\/secure.gravatar.com\/avatar\/66994b632cb8c39a46b9f54afa3ae07201b678d32a54275b6f1c9ffec356bfc0?s=96&d=mm&r=g\",\"caption\":\"radekmalina\"},\"url\":\"https:\/\/www.welovecycling.com\/cs\/author\/radekmalina\/\"}]}<\/script>\n<!-- \/ Yoast SEO Premium plugin. -->","yoast_head_json":{"title":"Leopold K\u00f6nig o \u010desk\u00fdch mlad\u00edc\u00edch na Z\u00e1vodu m\u00edru: Jeli fam\u00f3zn\u011b | \u0160koda We Love Cycling - \u010cesk\u00e1 republika","description":"Nad\u0161en\u00fd z v\u00fdkon\u016f \u010desk\u00fdch mlad\u00edk\u016f byl \u0159editel Z\u00e1vodu m\u00edru do 23 let Leopold K\u00f6nig. P\u0159esto\u017ee \u017e\u00e1dn\u00fd z n\u00e1stupc\u016f b\u00fdval\u00e9ho profesion\u00e1la, kter\u00fd z\u00e1vodil ve World Tour za elitn\u00ed t\u00fdmy Sky \u010di Bora-hansgrohe, neproniknul do elitn\u00ed des\u00edtky ani nedos\u00e1hl na etapov\u00e9 prvenstv\u00ed, z \u00fast sedmat\u0159icetilet\u00e9ho rod\u00e1ka z Moravsk\u00e9 T\u0159ebov\u00e9 si vyslechli chv\u00e1lu.\u00a0","robots":{"index":"index","follow":"follow","max-snippet":"max-snippet:-1","max-image-preview":"max-image-preview:large","max-video-preview":"max-video-preview:-1"},"canonical":"https:\/\/www.welovecycling.com\/cs\/2025\/06\/02\/leopold-konig-o-ceskych-mladicich-na-zavodu-miru-jeli-famozne\/","og_locale":"cs_CZ","og_type":"article","og_title":"Leopold K\u00f6nig o \u010desk\u00fdch mlad\u00edc\u00edch na Z\u00e1vodu m\u00edru: Jeli fam\u00f3zn\u011b","og_description":"Nad\u0161en\u00fd z v\u00fdkon\u016f \u010desk\u00fdch mlad\u00edk\u016f byl \u0159editel Z\u00e1vodu m\u00edru do 23 let Leopold K\u00f6nig. P\u0159esto\u017ee \u017e\u00e1dn\u00fd z n\u00e1stupc\u016f b\u00fdval\u00e9ho profesion\u00e1la, kter\u00fd z\u00e1vodil ve World Tour za elitn\u00ed t\u00fdmy Sky \u010di Bora-hansgrohe, neproniknul do elitn\u00ed des\u00edtky ani nedos\u00e1hl na etapov\u00e9 prvenstv\u00ed, z \u00fast sedmat\u0159icetilet\u00e9ho rod\u00e1ka z Moravsk\u00e9 T\u0159ebov\u00e9 si vyslechli chv\u00e1lu.\u00a0","og_url":"https:\/\/www.welovecycling.com\/cs\/2025\/06\/02\/leopold-konig-o-ceskych-mladicich-na-zavodu-miru-jeli-famozne\/","og_site_name":"\u0160koda We Love Cycling - \u010cesk\u00e1 republika","article_published_time":"2025-06-02T15:00:16+00:00","og_image":[{"width":2560,"height":1707,"url":"https:\/\/d2p6e6u75xmxt8.cloudfront.net\/13\/2025\/06\/M2N7102-scaled.webp","type":"image\/webp"}],"author":"radekmalina","twitter_card":"summary_large_image","twitter_misc":{"Written by":"We Love Cycling","Est. reading time":"5"},"schema":{"@context":"https:\/\/schema.org","@graph":[{"@type":"WebPage","@id":"https:\/\/www.welovecycling.com\/cs\/2025\/06\/02\/leopold-konig-o-ceskych-mladicich-na-zavodu-miru-jeli-famozne\/","url":"https:\/\/www.welovecycling.com\/cs\/2025\/06\/02\/leopold-konig-o-ceskych-mladicich-na-zavodu-miru-jeli-famozne\/","name":"Leopold K\u00f6nig o \u010desk\u00fdch mlad\u00edc\u00edch na Z\u00e1vodu m\u00edru: Jeli fam\u00f3zn\u011b | \u0160koda We Love Cycling - \u010cesk\u00e1 republika","isPartOf":{"@id":"https:\/\/www.welovecycling.com\/cs\/#website"},"primaryImageOfPage":{"@id":"https:\/\/www.welovecycling.com\/cs\/2025\/06\/02\/leopold-konig-o-ceskych-mladicich-na-zavodu-miru-jeli-famozne\/#primaryimage"},"image":{"@id":"https:\/\/www.welovecycling.com\/cs\/2025\/06\/02\/leopold-konig-o-ceskych-mladicich-na-zavodu-miru-jeli-famozne\/#primaryimage"},"thumbnailUrl":"https:\/\/d2p6e6u75xmxt8.cloudfront.net\/13\/2025\/06\/M2N7102-scaled.webp","datePublished":"2025-06-02T15:00:16+00:00","author":{"@id":"https:\/\/www.welovecycling.com\/cs\/#\/schema\/person\/d9eeb0a378f3a7e4a6d12d2b536b04b8"},"description":"Nad\u0161en\u00fd z v\u00fdkon\u016f \u010desk\u00fdch mlad\u00edk\u016f byl \u0159editel Z\u00e1vodu m\u00edru do 23 let Leopold K\u00f6nig. P\u0159esto\u017ee \u017e\u00e1dn\u00fd z n\u00e1stupc\u016f b\u00fdval\u00e9ho profesion\u00e1la, kter\u00fd z\u00e1vodil ve World Tour za elitn\u00ed t\u00fdmy Sky \u010di Bora-hansgrohe, neproniknul do elitn\u00ed des\u00edtky ani nedos\u00e1hl na etapov\u00e9 prvenstv\u00ed, z \u00fast sedmat\u0159icetilet\u00e9ho rod\u00e1ka z Moravsk\u00e9 T\u0159ebov\u00e9 si vyslechli chv\u00e1lu.\u00a0","inLanguage":"cs","potentialAction":[{"@type":"ReadAction","target":["https:\/\/www.welovecycling.com\/cs\/2025\/06\/02\/leopold-konig-o-ceskych-mladicich-na-zavodu-miru-jeli-famozne\/"]}]},{"@type":"ImageObject","inLanguage":"cs","@id":"https:\/\/www.welovecycling.com\/cs\/2025\/06\/02\/leopold-konig-o-ceskych-mladicich-na-zavodu-miru-jeli-famozne\/#primaryimage","url":"https:\/\/d2p6e6u75xmxt8.cloudfront.net\/13\/2025\/06\/M2N7102-scaled.webp","contentUrl":"https:\/\/d2p6e6u75xmxt8.cloudfront.net\/13\/2025\/06\/M2N7102-scaled.webp","width":2560,"height":1707,"caption":"Leopold K\u00f6nig p\u0159i startu etapy Z\u00e1vodu m\u00edru 2025."},{"@type":"WebSite","@id":"https:\/\/www.welovecycling.com\/cs\/#website","url":"https:\/\/www.welovecycling.com\/cs\/","name":"\u0160koda We Love Cycling - \u010cesk\u00e1 republika","description":"WeLoveCycling.cz je online magaz\u00edn, kter\u00fd v\u00e1m pravideln\u011b p\u0159in\u00e1\u0161\u00ed rady a tipy, zaj\u00edmav\u00e9 \u010dl\u00e1nky, videa a jedine\u010dn\u00e9 report\u00e1\u017ee ze sv\u011bta cyklistiky.","potentialAction":[{"@type":"SearchAction","target":{"@type":"EntryPoint","urlTemplate":"https:\/\/www.welovecycling.com\/cs\/?s={search_term_string}"},"query-input":{"@type":"PropertyValueSpecification","valueRequired":true,"valueName":"search_term_string"}}],"inLanguage":"cs"},{"@type":"Person","@id":"https:\/\/www.welovecycling.com\/cs\/#\/schema\/person\/d9eeb0a378f3a7e4a6d12d2b536b04b8","name":"radekmalina","image":{"@type":"ImageObject","inLanguage":"cs","@id":"https:\/\/www.welovecycling.com\/cs\/#\/schema\/person\/image\/","url":"https:\/\/secure.gravatar.com\/avatar\/66994b632cb8c39a46b9f54afa3ae07201b678d32a54275b6f1c9ffec356bfc0?s=96&d=mm&r=g","contentUrl":"https:\/\/secure.gravatar.com\/avatar\/66994b632cb8c39a46b9f54afa3ae07201b678d32a54275b6f1c9ffec356bfc0?s=96&d=mm&r=g","caption":"radekmalina"},"url":"https:\/\/www.welovecycling.com\/cs\/author\/radekmalina\/"}]}},"_links":{"self":[{"href":"https:\/\/www.welovecycling.com\/cs\/wp-json\/wp\/v2\/posts\/29332","targetHints":{"allow":["GET"]}}],"collection":[{"href":"https:\/\/www.welovecycling.com\/cs\/wp-json\/wp\/v2\/posts"}],"about":[{"href":"https:\/\/www.welovecycling.com\/cs\/wp-json\/wp\/v2\/types\/post"}],"author":[{"embeddable":true,"href":"https:\/\/www.welovecycling.com\/cs\/wp-json\/wp\/v2\/users\/138"}],"replies":[{"embeddable":true,"href":"https:\/\/www.welovecycling.com\/cs\/wp-json\/wp\/v2\/comments?post=29332"}],"version-history":[{"count":2,"href":"https:\/\/www.welovecycling.com\/cs\/wp-json\/wp\/v2\/posts\/29332\/revisions"}],"predecessor-version":[{"id":29353,"href":"https:\/\/www.welovecycling.com\/cs\/wp-json\/wp\/v2\/posts\/29332\/revisions\/29353"}],"wp:featuredmedia":[{"embeddable":true,"href":"https:\/\/www.welovecycling.com\/cs\/wp-json\/wp\/v2\/media\/29349"}],"wp:attachment":[{"href":"https:\/\/www.welovecycling.com\/cs\/wp-json\/wp\/v2\/media?parent=29332"}],"wp:term":[{"taxonomy":"category","embeddable":true,"href":"https:\/\/www.welovecycling.com\/cs\/wp-json\/wp\/v2\/categories?post=29332"},{"taxonomy":"post_tag","embeddable":true,"href":"https:\/\/www.welovecycling.com\/cs\/wp-json\/wp\/v2\/tags?post=29332"},{"taxonomy":"global-categories","embeddable":true,"href":"https:\/\/www.welovecycling.com\/cs\/wp-json\/wp\/v2\/global-categories?post=29332"}],"curies":[{"name":"wp","href":"https:\/\/api.w.org\/{rel}","templated":true}]}}