{"id":29326,"date":"2025-06-02T12:30:50","date_gmt":"2025-06-02T10:30:50","guid":{"rendered":"https:\/\/www.welovecycling.com\/cs\/?p=29326"},"modified":"2025-06-02T12:30:50","modified_gmt":"2025-06-02T10:30:50","slug":"bridilove-uae-emirates-tym-tadeje-pogacara-celi-kritice-za-zpackane-giro","status":"publish","type":"post","link":"https:\/\/www.welovecycling.com\/cs\/2025\/06\/02\/bridilove-uae-emirates-tym-tadeje-pogacara-celi-kritice-za-zpackane-giro\/","title":{"rendered":"B\u0159\u00eddilov\u00e9! UAE Emirates, t\u00fdm Tadeje Poga\u010dara, \u010del\u00ed kritice za zpackan\u00e9 Giro"},"content":{"rendered":"<p><strong>V my\u0161lenk\u00e1ch u\u017e se mo\u017en\u00e1 laskal s nekone\u010dnou trofej\u00ed pro v\u00edt\u011bze italsk\u00e9ho Gira. R\u016f\u017eov\u00fd trikot pro mexick\u00fd cyklistick\u00fd megatalent byl tuze bl\u00edzko. Isaac del Toro, jednadvacetilet\u00fd mlad\u00ed\u010dek sestavy UAE Emirates XRG, byl dv\u011b etapy od triumfu na sto osm\u00e9m ro\u010dn\u00edku Corsa Rosa. V p\u0159edposledn\u00ed etap\u011b na posledn\u00edm kopci z\u00e1vodu v\u0161ak triumf ztratil. A veden\u00ed t\u00fdmu, kter\u00fd zam\u011bstn\u00e1v\u00e1 Tadeje Poga\u010dara, \u010del\u00ed drtiv\u00e9 kritice, \u017ee z\u00e1v\u011br bitvy na Apeninsk\u00e9m poloostrov\u011b zpackalo.<\/strong><\/p>\n<p>&#8222;Ud\u011blali jsme v\u0161echno spr\u00e1vn\u011b. Klan\u00edm se t\u00fdmu Visma, jak takticky zvl\u00e1dli bitvu na Finestre,&#8220; zachoval rod\u00e1k z m\u011bsta Ensenada dek\u00f3rum, kdy\u017e projel c\u00edlem p\u0159edposledn\u00ed etapy a v\u011bd\u011bl, \u017ee v \u0158\u00edm\u011b na n\u011bj \u010dek\u00e1 &#8222;a\u017e&#8220; druh\u00e1 nejvy\u0161\u0161\u00ed p\u0159\u00ed\u010dka stup\u0148\u016f v\u00edt\u011bz\u016f. Co mohl d\u011blat jin\u00e9ho? T\u011b\u017eko v jednadvaceti letech a teprve druh\u00fd rok p\u016fsoben\u00ed v organizaci m\u016f\u017ee kritizovat coby zelen\u00e1\u010d veden\u00ed t\u00fdmu.<\/p>\n<h2><strong>Pro nejbohat\u0161\u00ed t\u00fdm je druh\u00e1 p\u0159\u00ed\u010dka bezcenn\u00e1<\/strong><\/h2>\n<p>Isaac del Toro byl zjeven\u00edm italsk\u00e9ho Gira. Exceloval na bicyklu, podmanil si publikum a sou\u010dasn\u011b m\u00e9dia, proto\u017ee trp\u011bliv\u011b vypr\u00e1v\u011bl sv\u016fj p\u0159\u00edb\u011bh. V ital\u0161tin\u011b, angli\u010dtin\u011b \u010di rodn\u00e9 \u0161pan\u011bl\u0161tin\u011b. Jeden\u00e1ct dn\u016f jel v r\u016f\u017eov\u00e9m trikotu l\u00eddra Gira. P\u0159e\u010dkal vnit\u0159n\u00ed pnut\u00ed v t\u00fdmu, kter\u00fd p\u016fvodn\u011b pl\u00e1noval \u00fatok na trofej s Juanem Ayusem. Ale mexick\u00fd mlad\u00edk byl evidentn\u011b siln\u011bj\u0161\u00ed. A jeho o rok star\u0161\u00ed \u0161pan\u011blsk\u00fd par\u0165\u00e1k nakonec odstoupil. Snad i proto, aby eliminoval nap\u011bt\u00ed.<\/p>\n<p>V posledn\u00ed mo\u017en\u00fd okam\u017eik, v\u0161ak Isaac del Toro o r\u016f\u017eov\u00fd dres p\u0159i\u0161el. Slabou \u00fat\u011bchou mu m\u016f\u017ee b\u00fdt b\u00edl\u00fd trikot pro nejlep\u0161\u00edho jezdce do 25 let. &#8222;Nechci na\u0159\u00edkat p\u0159ed kamerou. Jsem hodn\u011b zklaman\u00fd. Ale vr\u00e1t\u00edm se siln\u011bj\u0161\u00ed. Jestli m\u011b n\u011bco prohra na leto\u0161n\u00edm Giru nau\u010dila, pak jde ur\u010dit\u011b o p\u0159esv\u011bd\u010den\u00ed, \u017ee m\u016f\u017eu b\u00fdt v\u00edt\u011bz Grand Tour,&#8220; pronesl druh\u00fd mu\u017e italsk\u00e9ho Gira, jen\u017e se stal mil\u00e1\u010dkem publika.<\/p>\n<figure id=\"attachment_29328\" aria-describedby=\"caption-attachment-29328\" style=\"width: 1800px\" class=\"wp-caption alignnone\"><a href=\"https:\/\/d2p6e6u75xmxt8.cloudfront.net\/13\/2025\/06\/profimedia-1005853314.webp\"><img loading=\"lazy\" decoding=\"async\" class=\"size-full wp-image-29328\" src=\"https:\/\/d2p6e6u75xmxt8.cloudfront.net\/13\/2025\/06\/profimedia-1005853314.webp\" alt=\"\" width=\"1800\" height=\"1199\" srcset=\"https:\/\/d2p6e6u75xmxt8.cloudfront.net\/13\/2025\/06\/profimedia-1005853314.webp 1800w, https:\/\/d2p6e6u75xmxt8.cloudfront.net\/13\/2025\/06\/profimedia-1005853314-300x200.webp 300w, https:\/\/d2p6e6u75xmxt8.cloudfront.net\/13\/2025\/06\/profimedia-1005853314-1024x682.webp 1024w, https:\/\/d2p6e6u75xmxt8.cloudfront.net\/13\/2025\/06\/profimedia-1005853314-768x512.webp 768w, https:\/\/d2p6e6u75xmxt8.cloudfront.net\/13\/2025\/06\/profimedia-1005853314-1536x1023.webp 1536w, https:\/\/d2p6e6u75xmxt8.cloudfront.net\/13\/2025\/06\/profimedia-1005853314-400x266.webp 400w, https:\/\/d2p6e6u75xmxt8.cloudfront.net\/13\/2025\/06\/profimedia-1005853314-272x182.webp 272w\" sizes=\"auto, (max-width: 1800px) 100vw, 1800px\" \/><\/a><figcaption id=\"caption-attachment-29328\" class=\"wp-caption-text\"><em>Isaac del Toro v r\u016f\u017eov\u00e9m trikotu zav\u011b\u0161en\u00fd na zadn\u00ed kolo Richarda Carapaze. Tou dobou u\u017e Simon Yates m\u00ed\u0159il k celkov\u00e9mu v\u00edt\u011bzstv\u00ed z Gira 2025.<\/em><\/figcaption><\/figure>\n<p>Zato veden\u00ed UAE Emirates XRG \u010del\u00ed ob\u0159\u00ed kritice. &#8222;M\u016fj p\u011btilet\u00fd syn v\u00ed, \u017ee kdy\u017e p\u0159estane \u0161lapat, nem\u016f\u017ee vyhr\u00e1t,&#8220; napsal na soci\u00e1ln\u00ed s\u00edti Geraint Thomas, v\u00edt\u011bz Tour de France 2018. &#8222;Nech\u00e1pu taktiku, kterou si zvolili v UAE a vlastn\u011b i v EF Education. Ned\u00e1valo to smysl,&#8220; p\u0159isadil si Alberto Contador, kter\u00fd v minulosti dvakr\u00e1t Giro vyhr\u00e1l.<\/p>\n<div class=\"shortcode-ys-post-pinup\"><article class=\"loop-simple post-29244 post type-post status-publish format-standard has-post-thumbnail hentry category-silnicni-cyklistika tag-cyklistika tag-fabian-cancellara tag-giro-2025 tag-julian-alaphilippe tag-silnicni-cyklistika tag-tour-de-france tag-tudor-pro-cycling global-categories-cycling\" data-postid=\"29244\" role=\"article\" data-post-id=\"29244\" data-word-count=\"838\" data-headline-length=\"82\" data-category=\"Silni\u010dn\u00ed cyklistika\" data-global-category=\"Cycling\" data-author=\"Radek Malina\" data-published=\"2025-05-26T05:00:08+02:00\" data-published-day=\"Monday\">\n    <div class=\"entry-thumbnail article-thumbnail\" content=\"https:\/\/d2p6e6u75xmxt8.cloudfront.net\/13\/2025\/05\/TUDOR_140-150x150.webp\"><a href=\"https:\/\/www.welovecycling.com\/cs\/2025\/05\/26\/fabian-cancellara-v-praze-kolik-ho-stala-tour-de-france-i-o-vyznamu-alaphilippa\/\" class=\"image-holder\" target=\"_self\"><img decoding=\"async\" loading=\"lazy\" class=\"\" src=\"https:\/\/d2p6e6u75xmxt8.cloudfront.net\/13\/2025\/05\/TUDOR_140-1024x812.webp\" srcset=\"https:\/\/d2p6e6u75xmxt8.cloudfront.net\/13\/2025\/05\/TUDOR_140-scaled.webp 2560w, https:\/\/d2p6e6u75xmxt8.cloudfront.net\/13\/2025\/05\/TUDOR_140-300x238.webp 300w, https:\/\/d2p6e6u75xmxt8.cloudfront.net\/13\/2025\/05\/TUDOR_140-1024x812.webp 1024w, https:\/\/d2p6e6u75xmxt8.cloudfront.net\/13\/2025\/05\/TUDOR_140-768x609.webp 768w, https:\/\/d2p6e6u75xmxt8.cloudfront.net\/13\/2025\/05\/TUDOR_140-1536x1218.webp 1536w, https:\/\/d2p6e6u75xmxt8.cloudfront.net\/13\/2025\/05\/TUDOR_140-2048x1625.webp 2048w, https:\/\/d2p6e6u75xmxt8.cloudfront.net\/13\/2025\/05\/TUDOR_140-1920x1523.webp 1920w, https:\/\/d2p6e6u75xmxt8.cloudfront.net\/13\/2025\/05\/TUDOR_140-400x317.webp 400w, https:\/\/d2p6e6u75xmxt8.cloudfront.net\/13\/2025\/05\/TUDOR_140-1920x1523.webp 1920w\" width=\"1024\" height=\"812\" sizes=\"auto, (min-width: 1200px) 300px, (min-width: 768px) 25vw, 100vw\" alt=\"fabian-cancellara-v-praze-kolik-ho-stala-tour-de-france-i-o-vyznamu-alaphilippa\"\/><\/a><\/div>    <div class=\"entry-meta\">\n        <a class=\"label label-secondary post-category\" href=\"https:\/\/www.welovecycling.com\/cs\/category\/silnicni-cyklistika\/\" title=\"Silni\u010dn\u00ed cyklistika\">Silni\u010dn\u00ed cyklistika<\/a>\n    <\/div>\n    <div class=\"entry-details\">\n        <a href=\"https:\/\/www.welovecycling.com\/cs\/2025\/05\/26\/fabian-cancellara-v-praze-kolik-ho-stala-tour-de-france-i-o-vyznamu-alaphilippa\/\" class='entry-title-wrapper'>\n            <h3 class=\"entry-title\"><span>Fabian Cancellara v Praze! Kolik ho st\u00e1la Tour de France i o v\u00fdznamu Alaphilippa<\/span><\/h3>\n        <\/a>\n    <\/div>\n    <\/article>\n<\/div>\n<p>Co jsou nejv\u011bt\u0161\u00ed p\u0159ehmaty UAE Emirates podle expert\u016f? P\u0159edn\u011b nejasn\u00e1 hierarchie v t\u00fdmu. M\u011bli si mnohem d\u0159\u00edve jasn\u011b ujasnit, kdo je l\u00eddrem t\u00fdmu. V\u017edy\u0165 jen v\u00fdjime\u010dn\u011b pou\u017eili horsk\u00e9 domestiky naplno ve prosp\u011bch mlad\u00e9ho mexick\u00e9ho cyklisty a nav\u00edc se tak d\u011blo velmi nekonzistentn\u011b.<\/p>\n<h2><strong>Pro\u010d se domestici UAE Emirates neob\u011btovali?<\/strong><\/h2>\n<p><a href=\"https:\/\/www.welovecycling.com\/cs\/2025\/05\/26\/pnuti-v-tymu-uae-urcil-tadej-pogacar-lidra-pro-giro\/\">T\u00fdm Tadeje Poga\u010dara<\/a> m\u011bl v kone\u010dn\u00e9m \u00fa\u010dtov\u00e1n\u00ed Gira krom\u011b druh\u00e9 p\u0159\u00ed\u010dky, kterou nakonec obsadil Isaac del Toro, je\u0161t\u011b t\u0159i dal\u0161\u00ed z\u00e1vodn\u00edky mezi prvn\u00edmi t\u0159in\u00e1cti jezdci. Brandon McNulty byl dev\u00e1t\u00fd, Adam Yates dvan\u00e1ct\u00fd a Rafal Majka t\u0159in\u00e1ct\u00fd. Kdyby se ob\u011btovali pro mlad\u00e9ho par\u0165\u00e1ka, mohlo UAE slavit na Giru obhajobu lo\u0148sk\u00e9ho triumfu. A odj\u00ed\u017ed\u011bt spokojen\u00e9, proto\u017ee druh\u00e1 p\u0159\u00ed\u010dka je pro nejbohat\u0161\u00ed t\u00fdm peloton bezcenn\u00e1.<\/p>\n<p>Bitvou o p\u0159edn\u00ed p\u0159\u00ed\u010dky v\u0161ichni domestici ztr\u00e1celi zbyte\u010dn\u011b moc energie. A nav\u00edc byli hrozbou pro ostatn\u00ed t\u00fdmy usiluj\u00edc\u00ed o celkov\u00e9 po\u0159ad\u00ed. T\u011b\u017eko tak mohl Isaac del Toro vyu\u017e\u00edt v posledn\u00ed etap\u011b skryt\u00fd trumf, proto\u017ee t\u011b\u017eko se mohl n\u011bkdo z adept\u016f na prvn\u00ed p\u011btku dostat do \u00faniku s n\u00e1skokem t\u00e9m\u011b\u0159 jeden\u00e1cti minut. Siln\u00e9 t\u00fdmy logicky nedopustily, aby kdokoliv z trojice Adam Yates, Majka nebo McNulty nasko\u010dil k uprchl\u00edk\u016fm a mohl zm\u011bnit hru po p\u0159ejezdu Finestre, jako to ud\u011blal Wout van Aert ve prosp\u011bch Simona Yatese.<\/p>\n<figure id=\"attachment_29329\" aria-describedby=\"caption-attachment-29329\" style=\"width: 1800px\" class=\"wp-caption alignnone\"><a href=\"https:\/\/d2p6e6u75xmxt8.cloudfront.net\/13\/2025\/06\/profimedia-1006080856.webp\"><img loading=\"lazy\" decoding=\"async\" class=\"size-full wp-image-29329\" src=\"https:\/\/d2p6e6u75xmxt8.cloudfront.net\/13\/2025\/06\/profimedia-1006080856.webp\" alt=\"\" width=\"1800\" height=\"1200\" srcset=\"https:\/\/d2p6e6u75xmxt8.cloudfront.net\/13\/2025\/06\/profimedia-1006080856.webp 1800w, https:\/\/d2p6e6u75xmxt8.cloudfront.net\/13\/2025\/06\/profimedia-1006080856-300x200.webp 300w, https:\/\/d2p6e6u75xmxt8.cloudfront.net\/13\/2025\/06\/profimedia-1006080856-1024x683.webp 1024w, https:\/\/d2p6e6u75xmxt8.cloudfront.net\/13\/2025\/06\/profimedia-1006080856-768x512.webp 768w, https:\/\/d2p6e6u75xmxt8.cloudfront.net\/13\/2025\/06\/profimedia-1006080856-1536x1024.webp 1536w, https:\/\/d2p6e6u75xmxt8.cloudfront.net\/13\/2025\/06\/profimedia-1006080856-400x267.webp 400w, https:\/\/d2p6e6u75xmxt8.cloudfront.net\/13\/2025\/06\/profimedia-1006080856-272x182.webp 272w\" sizes=\"auto, (max-width: 1800px) 100vw, 1800px\" \/><\/a><figcaption id=\"caption-attachment-29329\" class=\"wp-caption-text\"><em>Isaac del Toro v c\u00edli etapy p\u0159es Finestre. S \u00fat\u011bchou sp\u011bch\u00e1 sportovn\u00ed \u0159editel t\u00fdmu UAE Emirates Mauro Gianetti.<\/em><\/figcaption><\/figure>\n<p>Veden\u00ed Del Torova t\u00fdmu se tak moc upnulo na br\u00e1n\u011bn\u00ed n\u00e1skoku p\u0159ed Carapazem z EF Educastion EasyPost, \u017ee nedok\u00e1zalo rozkl\u00ed\u010dovat taktiku Visma Lease a Bike. Tut\u00e9\u017e taktiku, kterou nizozemsk\u00e1 sestava pou\u017eila v roce 2022 na Tour de France, aby zajistila triumf pro Jonase Vingegaarda na \u00fakor Tadeje Poga\u010dara.<\/p>\n<h2><strong>Mohl se dr\u017eet Simona Yatese?!<\/strong><\/h2>\n<p>Fakt, \u017ee na vrcholu Finestre ve dvac\u00e1t\u00e9 etap\u011b byl Isaac del Toro jen minutu \u010dty\u0159icet sekund za Yatesem, potvrzuje jeho v\u00fdjime\u010dn\u00e9 kvality a nepochybn\u011b skv\u011blou formu. T\u00edm sp\u00ed\u0161e, kdy\u017e lze napo\u010d\u00edtat minim\u00e1ln\u011b deset \u00fatok\u016f Richarda Carapaze v pr\u016fb\u011bhu dlouh\u00e9ho v\u00fdstupu. A se v\u0161emi si mexick\u00fd mlad\u00edk poradil. Pro\u010d se tedy nepokusil sn\u00ed\u017eit ztr\u00e1tu na Simona Yatese? Rozhodnut\u00ed neodpov\u011bd\u011bt na ofenzivu l\u00eddra Vismy z\u0159ejm\u011b padlo z doprovodn\u00e9ho vozu&#8230;<\/p>\n<div class=\"shortcode-ys-post-pinup\"><article class=\"loop-simple post-29291 post type-post status-publish format-standard has-post-thumbnail hentry category-https-www-welovecycling-com-cs-category-zabava tag-cyklistika tag-giro tag-giro-2025 tag-giro-ditalia tag-partnerstvi tag-silnicni-cyklistika tag-sponzoring global-categories-cycling\" data-postid=\"29291\" role=\"article\" data-post-id=\"29291\" data-word-count=\"616\" data-headline-length=\"63\" data-category=\"Z\u00c1BAVA\" data-global-category=\"Cycling\" data-author=\"Radek Malina\" data-published=\"2025-05-29T09:50:41+02:00\" data-published-day=\"Thursday\">\n    <div class=\"entry-thumbnail article-thumbnail\" content=\"https:\/\/d2p6e6u75xmxt8.cloudfront.net\/13\/2025\/05\/profimedia-0999867996-150x150.webp\"><a href=\"https:\/\/www.welovecycling.com\/cs\/2025\/05\/29\/giro-je-i-na-toaletaku-kdo-vsechno-plati-ruzovy-zavod\/\" class=\"image-holder\" target=\"_self\"><img decoding=\"async\" loading=\"lazy\" class=\"\" src=\"https:\/\/d2p6e6u75xmxt8.cloudfront.net\/13\/2025\/05\/profimedia-0999867996-1024x683.webp\" srcset=\"https:\/\/d2p6e6u75xmxt8.cloudfront.net\/13\/2025\/05\/profimedia-0999867996.webp 1800w, https:\/\/d2p6e6u75xmxt8.cloudfront.net\/13\/2025\/05\/profimedia-0999867996-300x200.webp 300w, https:\/\/d2p6e6u75xmxt8.cloudfront.net\/13\/2025\/05\/profimedia-0999867996-1024x683.webp 1024w, https:\/\/d2p6e6u75xmxt8.cloudfront.net\/13\/2025\/05\/profimedia-0999867996-768x512.webp 768w, https:\/\/d2p6e6u75xmxt8.cloudfront.net\/13\/2025\/05\/profimedia-0999867996-1536x1025.webp 1536w, https:\/\/d2p6e6u75xmxt8.cloudfront.net\/13\/2025\/05\/profimedia-0999867996-400x267.webp 400w, https:\/\/d2p6e6u75xmxt8.cloudfront.net\/13\/2025\/05\/profimedia-0999867996-272x182.webp 272w\" width=\"1024\" height=\"683\" sizes=\"auto, (min-width: 1200px) 300px, (min-width: 768px) 25vw, 100vw\" alt=\"giro-je-i-na-toaletaku-kdo-vsechno-plati-ruzovy-zavod\"\/><\/a><\/div>    <div class=\"entry-meta\">\n        <a class=\"label label-secondary post-category\" href=\"https:\/\/www.welovecycling.com\/cs\/category\/https-www-welovecycling-com-cs-category-zabava\/\" title=\"Z\u00c1BAVA\">Z\u00c1BAVA<\/a>\n    <\/div>\n    <div class=\"entry-details\">\n        <a href=\"https:\/\/www.welovecycling.com\/cs\/2025\/05\/29\/giro-je-i-na-toaletaku-kdo-vsechno-plati-ruzovy-zavod\/\" class='entry-title-wrapper'>\n            <h3 class=\"entry-title\"><span>Giro je i na toale\u0165\u00e1ku! Kdo v\u0161echno plat\u00ed r\u016f\u017eov\u00fd z\u00e1vod?<\/span><\/h3>\n        <\/a>\n    <\/div>\n    <\/article>\n<\/div>\n<p>\u201eT\u00fdm mi b\u011bhem cel\u00e9ho Gira hodn\u011b v\u011b\u0159il. Probl\u00e9m byl, \u017ee j\u00e1 jsem se sna\u017eil v\u011b\u0159it tomu, co mi \u0159\u00edkaj\u00ed,\u201c pronesl mnohozna\u010dn\u011b Isaac del Toro po dvac\u00e1t\u00e9 etap\u011b. &#8222;Mysl\u00edm, \u017ee jsem se Simonem Yatesem mohl jeho tempo dr\u017eet. Ale m\u011bl jsem k dobru osmdes\u00e1t sekund. Carapaz byl druh\u00fd, to on pot\u0159eboval jet. \u0158ekl jsem mu, \u017ee nepojedu, aby m\u011b pak v posledn\u00edm kopci set\u0159\u00e1sl. Volili jsme defenzivn\u00ed taktiku. Kdy\u017e pak bylo jasn\u00e9, \u017ee Simon Yates \u00fato\u010d\u00ed na r\u016f\u017eov\u00fd trikot, bylo u\u017e pozd\u011b,&#8220; posteskl si Isaac del Toro, kter\u00fd vyhr\u00e1l sedmn\u00e1ctou etapu a \u010dty\u0159ikr\u00e1t fini\u0161oval b\u011bhem Gira druh\u00fd.<\/p>\n","protected":false},"excerpt":{"rendered":"<p>V my\u0161lenk\u00e1ch u\u017e se mo\u017en\u00e1 laskal s nekone\u010dnou trofej\u00ed pro v\u00edt\u011bze italsk\u00e9ho Gira. R\u016f\u017eov\u00fd trikot pro mexick\u00fd cyklistick\u00fd megatalent byl [&hellip;]<\/p>\n","protected":false},"author":138,"featured_media":29330,"comment_status":"open","ping_status":"open","sticky":false,"template":"","format":"standard","meta":{"footnotes":""},"categories":[10],"tags":[126,3842,3365,904,9,939,3706],"global-categories":[411],"class_list":["post-29326","post","type-post","status-publish","format-standard","has-post-thumbnail","hentry","category-silnicni-cyklistika","tag-cyklistika","tag-giro-2025","tag-isaac-del-toro","tag-maglia-rosa","tag-silnicni-cyklistika","tag-simon-yates","tag-uae-emirates","global-categories-cycling"],"yoast_head":"<!-- This site is optimized with the Yoast SEO Premium plugin v25.3 (Yoast SEO v25.9) - https:\/\/yoast.com\/wordpress\/plugins\/seo\/ -->\n<title>B\u0159\u00eddilov\u00e9! UAE Emirates, t\u00fdm Tadeje Poga\u010dara, \u010del\u00ed kritice za zpackan\u00e9 Giro | \u0160koda We Love Cycling - \u010cesk\u00e1 republika<\/title>\n<meta name=\"description\" content=\"V my\u0161lenk\u00e1ch u\u017e se mo\u017en\u00e1 laskal s nekone\u010dnou trofej\u00ed pro v\u00edt\u011bze italsk\u00e9ho Gira. R\u016f\u017eov\u00fd trikot pro mexick\u00fd cyklistick\u00fd megatalent byl tuze bl\u00edzko. Isaac Del Toro, jednadvacetilet\u00fd mlad\u00ed\u010dek sestavy UAE Emirates XRG, byl dv\u011b etapy od triumfu na sto osm\u00e9m ro\u010dn\u00edku Corsa Rosa. V p\u0159edposledn\u00ed etap\u011b na posledn\u00edm kopci z\u00e1vodu v\u0161ak triumf ztratil. A veden\u00ed t\u00fdmu, kter\u00fd zam\u011bstn\u00e1v\u00e1 Tadeje Poga\u010dara, \u010del\u00ed drtiv\u00e9 kritice, \u017ee z\u00e1v\u011br bitvy na Apeninsk\u00e9m poloostrov\u011b zpackalo.\" \/>\n<meta name=\"robots\" content=\"index, follow, max-snippet:-1, max-image-preview:large, max-video-preview:-1\" \/>\n<link rel=\"canonical\" href=\"https:\/\/www.welovecycling.com\/cs\/2025\/06\/02\/bridilove-uae-emirates-tym-tadeje-pogacara-celi-kritice-za-zpackane-giro\/\" \/>\n<meta property=\"og:locale\" content=\"cs_CZ\" \/>\n<meta property=\"og:type\" content=\"article\" \/>\n<meta property=\"og:title\" content=\"B\u0159\u00eddilov\u00e9! UAE Emirates, t\u00fdm Tadeje Poga\u010dara, \u010del\u00ed kritice za zpackan\u00e9 Giro\" \/>\n<meta property=\"og:description\" content=\"V my\u0161lenk\u00e1ch u\u017e se mo\u017en\u00e1 laskal s nekone\u010dnou trofej\u00ed pro v\u00edt\u011bze italsk\u00e9ho Gira. R\u016f\u017eov\u00fd trikot pro mexick\u00fd cyklistick\u00fd megatalent byl tuze bl\u00edzko. Isaac Del Toro, jednadvacetilet\u00fd mlad\u00ed\u010dek sestavy UAE Emirates XRG, byl dv\u011b etapy od triumfu na sto osm\u00e9m ro\u010dn\u00edku Corsa Rosa. V p\u0159edposledn\u00ed etap\u011b na posledn\u00edm kopci z\u00e1vodu v\u0161ak triumf ztratil. A veden\u00ed t\u00fdmu, kter\u00fd zam\u011bstn\u00e1v\u00e1 Tadeje Poga\u010dara, \u010del\u00ed drtiv\u00e9 kritice, \u017ee z\u00e1v\u011br bitvy na Apeninsk\u00e9m poloostrov\u011b zpackalo.\" \/>\n<meta property=\"og:url\" content=\"https:\/\/www.welovecycling.com\/cs\/2025\/06\/02\/bridilove-uae-emirates-tym-tadeje-pogacara-celi-kritice-za-zpackane-giro\/\" \/>\n<meta property=\"og:site_name\" content=\"\u0160koda We Love Cycling - \u010cesk\u00e1 republika\" \/>\n<meta property=\"article:published_time\" content=\"2025-06-02T10:30:50+00:00\" \/>\n<meta property=\"og:image\" content=\"https:\/\/d2p6e6u75xmxt8.cloudfront.net\/13\/2025\/06\/profimedia-1006056985.webp\" \/>\n\t<meta property=\"og:image:width\" content=\"1800\" \/>\n\t<meta property=\"og:image:height\" content=\"1200\" \/>\n\t<meta property=\"og:image:type\" content=\"image\/webp\" \/>\n<meta name=\"author\" content=\"radekmalina\" \/>\n<meta name=\"twitter:card\" content=\"summary_large_image\" \/>\n<meta name=\"twitter:label1\" content=\"Written by\" \/>\n\t<meta name=\"twitter:data1\" content=\"Radek Malina\" \/>\n\t<meta name=\"twitter:label2\" content=\"Est. reading time\" \/>\n\t<meta name=\"twitter:data2\" content=\"6\" \/>\n<script type=\"application\/ld+json\" class=\"yoast-schema-graph\">{\"@context\":\"https:\/\/schema.org\",\"@graph\":[{\"@type\":\"WebPage\",\"@id\":\"https:\/\/www.welovecycling.com\/cs\/2025\/06\/02\/bridilove-uae-emirates-tym-tadeje-pogacara-celi-kritice-za-zpackane-giro\/\",\"url\":\"https:\/\/www.welovecycling.com\/cs\/2025\/06\/02\/bridilove-uae-emirates-tym-tadeje-pogacara-celi-kritice-za-zpackane-giro\/\",\"name\":\"B\u0159\u00eddilov\u00e9! UAE Emirates, t\u00fdm Tadeje Poga\u010dara, \u010del\u00ed kritice za zpackan\u00e9 Giro | \u0160koda We Love Cycling - \u010cesk\u00e1 republika\",\"isPartOf\":{\"@id\":\"https:\/\/www.welovecycling.com\/cs\/#website\"},\"primaryImageOfPage\":{\"@id\":\"https:\/\/www.welovecycling.com\/cs\/2025\/06\/02\/bridilove-uae-emirates-tym-tadeje-pogacara-celi-kritice-za-zpackane-giro\/#primaryimage\"},\"image\":{\"@id\":\"https:\/\/www.welovecycling.com\/cs\/2025\/06\/02\/bridilove-uae-emirates-tym-tadeje-pogacara-celi-kritice-za-zpackane-giro\/#primaryimage\"},\"thumbnailUrl\":\"https:\/\/d2p6e6u75xmxt8.cloudfront.net\/13\/2025\/06\/profimedia-1006056985.webp\",\"datePublished\":\"2025-06-02T10:30:50+00:00\",\"author\":{\"@id\":\"https:\/\/www.welovecycling.com\/cs\/#\/schema\/person\/d9eeb0a378f3a7e4a6d12d2b536b04b8\"},\"description\":\"V my\u0161lenk\u00e1ch u\u017e se mo\u017en\u00e1 laskal s nekone\u010dnou trofej\u00ed pro v\u00edt\u011bze italsk\u00e9ho Gira. R\u016f\u017eov\u00fd trikot pro mexick\u00fd cyklistick\u00fd megatalent byl tuze bl\u00edzko. Isaac Del Toro, jednadvacetilet\u00fd mlad\u00ed\u010dek sestavy UAE Emirates XRG, byl dv\u011b etapy od triumfu na sto osm\u00e9m ro\u010dn\u00edku Corsa Rosa. V p\u0159edposledn\u00ed etap\u011b na posledn\u00edm kopci z\u00e1vodu v\u0161ak triumf ztratil. A veden\u00ed t\u00fdmu, kter\u00fd zam\u011bstn\u00e1v\u00e1 Tadeje Poga\u010dara, \u010del\u00ed drtiv\u00e9 kritice, \u017ee z\u00e1v\u011br bitvy na Apeninsk\u00e9m poloostrov\u011b zpackalo.\",\"inLanguage\":\"cs\",\"potentialAction\":[{\"@type\":\"ReadAction\",\"target\":[\"https:\/\/www.welovecycling.com\/cs\/2025\/06\/02\/bridilove-uae-emirates-tym-tadeje-pogacara-celi-kritice-za-zpackane-giro\/\"]}]},{\"@type\":\"ImageObject\",\"inLanguage\":\"cs\",\"@id\":\"https:\/\/www.welovecycling.com\/cs\/2025\/06\/02\/bridilove-uae-emirates-tym-tadeje-pogacara-celi-kritice-za-zpackane-giro\/#primaryimage\",\"url\":\"https:\/\/d2p6e6u75xmxt8.cloudfront.net\/13\/2025\/06\/profimedia-1006056985.webp\",\"contentUrl\":\"https:\/\/d2p6e6u75xmxt8.cloudfront.net\/13\/2025\/06\/profimedia-1006056985.webp\",\"width\":1800,\"height\":1200,\"caption\":\"Isaac del Toro ztratil r\u016f\u017eov\u00fd trikot, kter\u00fd v posledn\u00edm mo\u017en\u00e9m okam\u017eiku vybojoval Simon Yates.\"},{\"@type\":\"WebSite\",\"@id\":\"https:\/\/www.welovecycling.com\/cs\/#website\",\"url\":\"https:\/\/www.welovecycling.com\/cs\/\",\"name\":\"\u0160koda We Love Cycling - \u010cesk\u00e1 republika\",\"description\":\"WeLoveCycling.cz je online magaz\u00edn, kter\u00fd v\u00e1m pravideln\u011b p\u0159in\u00e1\u0161\u00ed rady a tipy, zaj\u00edmav\u00e9 \u010dl\u00e1nky, videa a jedine\u010dn\u00e9 report\u00e1\u017ee ze sv\u011bta cyklistiky.\",\"potentialAction\":[{\"@type\":\"SearchAction\",\"target\":{\"@type\":\"EntryPoint\",\"urlTemplate\":\"https:\/\/www.welovecycling.com\/cs\/?s={search_term_string}\"},\"query-input\":{\"@type\":\"PropertyValueSpecification\",\"valueRequired\":true,\"valueName\":\"search_term_string\"}}],\"inLanguage\":\"cs\"},{\"@type\":\"Person\",\"@id\":\"https:\/\/www.welovecycling.com\/cs\/#\/schema\/person\/d9eeb0a378f3a7e4a6d12d2b536b04b8\",\"name\":\"radekmalina\",\"image\":{\"@type\":\"ImageObject\",\"inLanguage\":\"cs\",\"@id\":\"https:\/\/www.welovecycling.com\/cs\/#\/schema\/person\/image\/\",\"url\":\"https:\/\/secure.gravatar.com\/avatar\/66994b632cb8c39a46b9f54afa3ae07201b678d32a54275b6f1c9ffec356bfc0?s=96&d=mm&r=g\",\"contentUrl\":\"https:\/\/secure.gravatar.com\/avatar\/66994b632cb8c39a46b9f54afa3ae07201b678d32a54275b6f1c9ffec356bfc0?s=96&d=mm&r=g\",\"caption\":\"radekmalina\"},\"url\":\"https:\/\/www.welovecycling.com\/cs\/author\/radekmalina\/\"}]}<\/script>\n<!-- \/ Yoast SEO Premium plugin. -->","yoast_head_json":{"title":"B\u0159\u00eddilov\u00e9! UAE Emirates, t\u00fdm Tadeje Poga\u010dara, \u010del\u00ed kritice za zpackan\u00e9 Giro | \u0160koda We Love Cycling - \u010cesk\u00e1 republika","description":"V my\u0161lenk\u00e1ch u\u017e se mo\u017en\u00e1 laskal s nekone\u010dnou trofej\u00ed pro v\u00edt\u011bze italsk\u00e9ho Gira. R\u016f\u017eov\u00fd trikot pro mexick\u00fd cyklistick\u00fd megatalent byl tuze bl\u00edzko. Isaac Del Toro, jednadvacetilet\u00fd mlad\u00ed\u010dek sestavy UAE Emirates XRG, byl dv\u011b etapy od triumfu na sto osm\u00e9m ro\u010dn\u00edku Corsa Rosa. V p\u0159edposledn\u00ed etap\u011b na posledn\u00edm kopci z\u00e1vodu v\u0161ak triumf ztratil. A veden\u00ed t\u00fdmu, kter\u00fd zam\u011bstn\u00e1v\u00e1 Tadeje Poga\u010dara, \u010del\u00ed drtiv\u00e9 kritice, \u017ee z\u00e1v\u011br bitvy na Apeninsk\u00e9m poloostrov\u011b zpackalo.","robots":{"index":"index","follow":"follow","max-snippet":"max-snippet:-1","max-image-preview":"max-image-preview:large","max-video-preview":"max-video-preview:-1"},"canonical":"https:\/\/www.welovecycling.com\/cs\/2025\/06\/02\/bridilove-uae-emirates-tym-tadeje-pogacara-celi-kritice-za-zpackane-giro\/","og_locale":"cs_CZ","og_type":"article","og_title":"B\u0159\u00eddilov\u00e9! UAE Emirates, t\u00fdm Tadeje Poga\u010dara, \u010del\u00ed kritice za zpackan\u00e9 Giro","og_description":"V my\u0161lenk\u00e1ch u\u017e se mo\u017en\u00e1 laskal s nekone\u010dnou trofej\u00ed pro v\u00edt\u011bze italsk\u00e9ho Gira. R\u016f\u017eov\u00fd trikot pro mexick\u00fd cyklistick\u00fd megatalent byl tuze bl\u00edzko. Isaac Del Toro, jednadvacetilet\u00fd mlad\u00ed\u010dek sestavy UAE Emirates XRG, byl dv\u011b etapy od triumfu na sto osm\u00e9m ro\u010dn\u00edku Corsa Rosa. V p\u0159edposledn\u00ed etap\u011b na posledn\u00edm kopci z\u00e1vodu v\u0161ak triumf ztratil. A veden\u00ed t\u00fdmu, kter\u00fd zam\u011bstn\u00e1v\u00e1 Tadeje Poga\u010dara, \u010del\u00ed drtiv\u00e9 kritice, \u017ee z\u00e1v\u011br bitvy na Apeninsk\u00e9m poloostrov\u011b zpackalo.","og_url":"https:\/\/www.welovecycling.com\/cs\/2025\/06\/02\/bridilove-uae-emirates-tym-tadeje-pogacara-celi-kritice-za-zpackane-giro\/","og_site_name":"\u0160koda We Love Cycling - \u010cesk\u00e1 republika","article_published_time":"2025-06-02T10:30:50+00:00","og_image":[{"width":1800,"height":1200,"url":"https:\/\/d2p6e6u75xmxt8.cloudfront.net\/13\/2025\/06\/profimedia-1006056985.webp","type":"image\/webp"}],"author":"radekmalina","twitter_card":"summary_large_image","twitter_misc":{"Written by":"Radek Malina","Est. reading time":"6"},"schema":{"@context":"https:\/\/schema.org","@graph":[{"@type":"WebPage","@id":"https:\/\/www.welovecycling.com\/cs\/2025\/06\/02\/bridilove-uae-emirates-tym-tadeje-pogacara-celi-kritice-za-zpackane-giro\/","url":"https:\/\/www.welovecycling.com\/cs\/2025\/06\/02\/bridilove-uae-emirates-tym-tadeje-pogacara-celi-kritice-za-zpackane-giro\/","name":"B\u0159\u00eddilov\u00e9! UAE Emirates, t\u00fdm Tadeje Poga\u010dara, \u010del\u00ed kritice za zpackan\u00e9 Giro | \u0160koda We Love Cycling - \u010cesk\u00e1 republika","isPartOf":{"@id":"https:\/\/www.welovecycling.com\/cs\/#website"},"primaryImageOfPage":{"@id":"https:\/\/www.welovecycling.com\/cs\/2025\/06\/02\/bridilove-uae-emirates-tym-tadeje-pogacara-celi-kritice-za-zpackane-giro\/#primaryimage"},"image":{"@id":"https:\/\/www.welovecycling.com\/cs\/2025\/06\/02\/bridilove-uae-emirates-tym-tadeje-pogacara-celi-kritice-za-zpackane-giro\/#primaryimage"},"thumbnailUrl":"https:\/\/d2p6e6u75xmxt8.cloudfront.net\/13\/2025\/06\/profimedia-1006056985.webp","datePublished":"2025-06-02T10:30:50+00:00","author":{"@id":"https:\/\/www.welovecycling.com\/cs\/#\/schema\/person\/d9eeb0a378f3a7e4a6d12d2b536b04b8"},"description":"V my\u0161lenk\u00e1ch u\u017e se mo\u017en\u00e1 laskal s nekone\u010dnou trofej\u00ed pro v\u00edt\u011bze italsk\u00e9ho Gira. R\u016f\u017eov\u00fd trikot pro mexick\u00fd cyklistick\u00fd megatalent byl tuze bl\u00edzko. Isaac Del Toro, jednadvacetilet\u00fd mlad\u00ed\u010dek sestavy UAE Emirates XRG, byl dv\u011b etapy od triumfu na sto osm\u00e9m ro\u010dn\u00edku Corsa Rosa. V p\u0159edposledn\u00ed etap\u011b na posledn\u00edm kopci z\u00e1vodu v\u0161ak triumf ztratil. A veden\u00ed t\u00fdmu, kter\u00fd zam\u011bstn\u00e1v\u00e1 Tadeje Poga\u010dara, \u010del\u00ed drtiv\u00e9 kritice, \u017ee z\u00e1v\u011br bitvy na Apeninsk\u00e9m poloostrov\u011b zpackalo.","inLanguage":"cs","potentialAction":[{"@type":"ReadAction","target":["https:\/\/www.welovecycling.com\/cs\/2025\/06\/02\/bridilove-uae-emirates-tym-tadeje-pogacara-celi-kritice-za-zpackane-giro\/"]}]},{"@type":"ImageObject","inLanguage":"cs","@id":"https:\/\/www.welovecycling.com\/cs\/2025\/06\/02\/bridilove-uae-emirates-tym-tadeje-pogacara-celi-kritice-za-zpackane-giro\/#primaryimage","url":"https:\/\/d2p6e6u75xmxt8.cloudfront.net\/13\/2025\/06\/profimedia-1006056985.webp","contentUrl":"https:\/\/d2p6e6u75xmxt8.cloudfront.net\/13\/2025\/06\/profimedia-1006056985.webp","width":1800,"height":1200,"caption":"Isaac del Toro ztratil r\u016f\u017eov\u00fd trikot, kter\u00fd v posledn\u00edm mo\u017en\u00e9m okam\u017eiku vybojoval Simon Yates."},{"@type":"WebSite","@id":"https:\/\/www.welovecycling.com\/cs\/#website","url":"https:\/\/www.welovecycling.com\/cs\/","name":"\u0160koda We Love Cycling - \u010cesk\u00e1 republika","description":"WeLoveCycling.cz je online magaz\u00edn, kter\u00fd v\u00e1m pravideln\u011b p\u0159in\u00e1\u0161\u00ed rady a tipy, zaj\u00edmav\u00e9 \u010dl\u00e1nky, videa a jedine\u010dn\u00e9 report\u00e1\u017ee ze sv\u011bta cyklistiky.","potentialAction":[{"@type":"SearchAction","target":{"@type":"EntryPoint","urlTemplate":"https:\/\/www.welovecycling.com\/cs\/?s={search_term_string}"},"query-input":{"@type":"PropertyValueSpecification","valueRequired":true,"valueName":"search_term_string"}}],"inLanguage":"cs"},{"@type":"Person","@id":"https:\/\/www.welovecycling.com\/cs\/#\/schema\/person\/d9eeb0a378f3a7e4a6d12d2b536b04b8","name":"radekmalina","image":{"@type":"ImageObject","inLanguage":"cs","@id":"https:\/\/www.welovecycling.com\/cs\/#\/schema\/person\/image\/","url":"https:\/\/secure.gravatar.com\/avatar\/66994b632cb8c39a46b9f54afa3ae07201b678d32a54275b6f1c9ffec356bfc0?s=96&d=mm&r=g","contentUrl":"https:\/\/secure.gravatar.com\/avatar\/66994b632cb8c39a46b9f54afa3ae07201b678d32a54275b6f1c9ffec356bfc0?s=96&d=mm&r=g","caption":"radekmalina"},"url":"https:\/\/www.welovecycling.com\/cs\/author\/radekmalina\/"}]}},"_links":{"self":[{"href":"https:\/\/www.welovecycling.com\/cs\/wp-json\/wp\/v2\/posts\/29326","targetHints":{"allow":["GET"]}}],"collection":[{"href":"https:\/\/www.welovecycling.com\/cs\/wp-json\/wp\/v2\/posts"}],"about":[{"href":"https:\/\/www.welovecycling.com\/cs\/wp-json\/wp\/v2\/types\/post"}],"author":[{"embeddable":true,"href":"https:\/\/www.welovecycling.com\/cs\/wp-json\/wp\/v2\/users\/138"}],"replies":[{"embeddable":true,"href":"https:\/\/www.welovecycling.com\/cs\/wp-json\/wp\/v2\/comments?post=29326"}],"version-history":[{"count":2,"href":"https:\/\/www.welovecycling.com\/cs\/wp-json\/wp\/v2\/posts\/29326\/revisions"}],"predecessor-version":[{"id":29331,"href":"https:\/\/www.welovecycling.com\/cs\/wp-json\/wp\/v2\/posts\/29326\/revisions\/29331"}],"wp:featuredmedia":[{"embeddable":true,"href":"https:\/\/www.welovecycling.com\/cs\/wp-json\/wp\/v2\/media\/29330"}],"wp:attachment":[{"href":"https:\/\/www.welovecycling.com\/cs\/wp-json\/wp\/v2\/media?parent=29326"}],"wp:term":[{"taxonomy":"category","embeddable":true,"href":"https:\/\/www.welovecycling.com\/cs\/wp-json\/wp\/v2\/categories?post=29326"},{"taxonomy":"post_tag","embeddable":true,"href":"https:\/\/www.welovecycling.com\/cs\/wp-json\/wp\/v2\/tags?post=29326"},{"taxonomy":"global-categories","embeddable":true,"href":"https:\/\/www.welovecycling.com\/cs\/wp-json\/wp\/v2\/global-categories?post=29326"}],"curies":[{"name":"wp","href":"https:\/\/api.w.org\/{rel}","templated":true}]}}