{"id":2932,"date":"2019-07-16T08:44:05","date_gmt":"2019-07-16T07:44:05","guid":{"rendered":"https:\/\/www.welovecycling.com\/cs\/?p=2932"},"modified":"2019-07-16T08:45:54","modified_gmt":"2019-07-16T07:45:54","slug":"legendarni-slavia-zazije-tour-de-france-welovecycling-ct","status":"publish","type":"post","link":"https:\/\/www.welovecycling.com\/cs\/2019\/07\/16\/legendarni-slavia-zazije-tour-de-france-welovecycling-ct\/","title":{"rendered":"Legend\u00e1rn\u00ed Slavia za\u017eije atmosf\u00e9ru Tour de France"},"content":{"rendered":"<p><strong>V\u0161ichni lid\u00e9 maj\u00ed n\u011bjak\u00e9 sny. Vladim\u00edr Vidim z Prahy jen nesn\u00ed. On si sv\u00e9 sny pln\u00ed. V\u00e1\u0161niv\u00fd cyklista a v\u00fdrobce kol v\u0161eho druhu si usmyslel, \u017ee o\u017eiv\u00ed legendu s n\u00e1zvem SLAVIA \u2013 bicykl zakladatel\u016f zna\u010dky Laurin &amp; Klement, tedy p\u0159edch\u016fdce firmy \u0160koda AUTO, a vyraz\u00ed s\u00a0n\u00ed na L&#8217;\u00c9tape du Tour, jedinou etapu slavn\u00e9 Tour de France, kter\u00e1 je otev\u0159ena z\u00e1vodn\u00ed ve\u0159ejnosti. <\/strong><\/p>\n<p><!--more--><\/p>\n<p>V\u00e1clav Laurin a V\u00e1clav Klement, zakladatel\u00e9 automobilky \u0160koda AUTO, postavili prvn\u00ed kolo zna\u010dky SLAVIA v roce 1895. Fanou\u0161ek historick\u00fdch kol Vladim\u00edr Vidim nyn\u00ed znovu stav\u00ed jejich t\u0159et\u00ed model, kter\u00fd byl z\u00e1rove\u0148 prvn\u00edm z\u00e1vodn\u00edm bicyklem SLAVIA z roku 1896, a chce na n\u011bm odjet leto\u0161n\u00ed z\u00e1vod <a href=\"https:\/\/www.letapedutour.com\/en\/\">L&#8217;\u00c9tape du Tour <\/a>\u2013 135 kilometr\u016f dlouhou alpskou etapu Tour de France otev\u0159enou pro ve\u0159ejnost. <em>\u201eK my\u0161lence o\u017eivit legendu m\u011b p\u0159ivedla l\u00e1ska k\u00a0cyklistice a k\u00a0tradici,\u201c <\/em>\u0159\u00edk\u00e1 Vladim\u00edr Vidim.<\/p>\n<p>SLAVIA je legenda. Na konci devaten\u00e1ct\u00e9ho stolet\u00ed bylo kolo v\u00fdjime\u010dn\u00fdm a tak\u00e9 drah\u00fdm dopravn\u00edm prost\u0159edkem. V\u00e1clav Klement si tehdy zakoupil kolo zna\u010dky Germania, a kdy\u017e se mu porouchalo, napsal reklama\u010dn\u00ed dopis do pobo\u010dky dr\u00e1\u017e\u010fansk\u00e9 firmy Seidel &amp; Naumann s\u00eddl\u00edc\u00ed v\u00a0severo\u010desk\u00e9m \u00dast\u00ed nad Labem. Odpov\u011b\u010f v\u00fdrobce, s\u00a0n\u00ed\u017e nebyl v\u016fbec spokojen, p\u0159im\u011bla Klementa k rozhodnut\u00ed, aby s p\u0159\u00edtelem Laurinem zalo\u017eili vlastn\u00ed spole\u010dnost s vlasteneck\u00fdm n\u00e1zvem SLAVIA. Kola t\u00e9ho\u017e jm\u00e9na za\u010dali vyr\u00e1b\u011bt v d\u00edln\u011b na p\u0159edm\u011bst\u00ed Mlad\u00e9 Boleslavi.<\/p>\n<figure id=\"attachment_2938\" aria-describedby=\"caption-attachment-2938\" style=\"width: 1024px\" class=\"wp-caption alignnone\"><a href=\"https:\/\/d2p6e6u75xmxt8.cloudfront.net\/13\/2019\/07\/skoda-slavia-bike-side-view-photo.jpg\"><img loading=\"lazy\" decoding=\"async\" class=\"wp-image-2938 size-large\" src=\"https:\/\/d2p6e6u75xmxt8.cloudfront.net\/13\/2019\/07\/skoda-slavia-bike-side-view-photo-1024x739.jpg\" alt=\"\" width=\"1024\" height=\"739\" \/><\/a><figcaption id=\"caption-attachment-2938\" class=\"wp-caption-text\">Slavia, t\u0159et\u00ed model z d\u00edlny Laurin &amp; Klement o\u017eil d\u00edky Vladim\u00edru Vidimovi.<\/figcaption><\/figure>\n<p>O v\u00edce ne\u017e sto dvacet let pozd\u011bji sed\u011bl Vladim\u00edr Vidim v hospod\u011b s kamar\u00e1dem, kdy\u017e je napadlo, \u017ee jedno ze slavn\u00fdch kol SLAVIA o\u017eiv\u00ed. <em>\u201e\u0158\u00edkali jsme si, \u017ee kdy\u017e zna\u010dka \u0160koda sponzoruje Tour de France, bylo by super tuhle legendu d\u00e1t dohromady a jednu etapu Tour na n\u00ed tak\u00e9 odjet,\u201d<\/em> \u0159\u00edk\u00e1 Vladim\u00edr Vidim, kter\u00fd se cyklistick\u00e9 v\u00e1\u0161ni v\u011bnuje ve sv\u00e9 d\u00edln\u011b v Roztok\u00e1ch u Prahy.<\/p>\n<p>Bez kola si \u017eivot neum\u00ed p\u0159edstavit. D\u00edky tomu, \u017ee v tehdej\u0161\u00edm socialistick\u00e9m \u010ceskoslovensku nebyla kvalitn\u00ed kola k sehn\u00e1n\u00ed, se je Vladim\u00edr nau\u010dil stav\u011bt s\u00e1m. Aktivn\u011b na kolech z\u00e1vodil a v sou\u010dasn\u00e9 dob\u011b tr\u00e9nuje dorost v pra\u017esk\u00e9m cyklistick\u00e9m klubu Dukla, kter\u00e9mu i opravuje kola ve sv\u00e9 firm\u011b.<\/p>\n<p>Za sv\u016fj \u017eivot u\u017e postavil kde co. <em>\u201eJako vyu\u010den\u00fd z\u00e1me\u010dn\u00edk jsem se v\u017edy sna\u017eil dok\u00e1zat to sam\u00e9, co um\u011bli \u0159emesln\u00edci d\u0159\u00edve,\u201d<\/em> \u0159\u00edk\u00e1 Vidim, kter\u00fd vytvo\u0159il repliky v\u0161ech mo\u017en\u00fdch historick\u00fdch bicykl\u016f od drez\u00edny p\u0159es kostit\u0159as a\u017e po vysok\u00e9 kolo. Kola nejen stav\u00ed, ale tak\u00e9 na nich jezd\u00ed a vytvo\u0159il na nich \u0159adu rekord\u016f. Na vysok\u00e9m kole nap\u0159\u00edklad dok\u00e1zal ujet 470 kilometr\u016f, ani\u017e by \u0161l\u00e1pl na zem. Z kola neslezl 23 hodin v jednom z\u00e1tahu. K dosa\u017een\u00ed rekordu musel d\u00e1t dohromady partu kamar\u00e1d\u016f, kte\u0159\u00ed jeli nap\u0159ed a zji\u0161\u0165ovali, zda t\u0159eba n\u011bkde nejede vlak a nebudou sta\u017een\u00e9 z\u00e1vory na p\u0159ejezdu. Projekt SLAVIA, kter\u00fd hodl\u00e1 zavr\u0161it \u00fa\u010dast\u00ed na L&#8217;\u00c9tape, si vymyslel jako dal\u0161\u00ed velkou v\u00fdzvu.<\/p>\n<h2><strong>Z\u00e1vodn\u00ed p\u0159edloha se nena\u0161la<\/strong><\/h2>\n<p>Dnes m\u00e1 kolo hotov\u00e9, ale p\u0159izn\u00e1v\u00e1, \u017ee to v\u016fbec nebylo snadn\u00e9. Dochovalo se sice n\u011bkolik origin\u00e1ln\u00edch kol Laurin a Klement SLAVIA v cestovn\u00edm proveden\u00ed, a\u0165 u\u017e ve \u0160koda Muzeu, nebo u soukrom\u00fdch sb\u011bratel\u016f, ale \u017e\u00e1dn\u00fd exempl\u00e1\u0159 proveden\u00ed z\u00e1vodn\u00edho. <em>\u201eNakonec se uk\u00e1zalo, \u017ee nikdo o \u017e\u00e1dn\u00e9m dochovan\u00e9m z\u00e1vodn\u00edm exempl\u00e1\u0159i nev\u00ed, a z\u016fstali jsme st\u00e1t na mrtv\u00e9m bod\u011b,\u201d<\/em> \u0159\u00edk\u00e1 Vladim\u00edr.<\/p>\n<p>Nezbylo mu nic jin\u00e9ho ne\u017e se pustit do v\u00fdroby jen podle fotografi\u00ed, dobov\u00fdch prospekt\u016f a dal\u0161\u00edch podklad\u016f z\u00a0archivu firmy \u0160koda AUTO. Z nich za pomoci prav\u00edtek a \u00fahlom\u011br\u016f odvodil p\u016fvodn\u00ed \u00fahly a d\u00e9lky.<\/p>\n<div id='gallery-1' class='gallery galleryid-2932 gallery-columns-3 gallery-size-medium'><figure class='gallery-item'>\n\t\t\t<div class='gallery-icon landscape'>\n\t\t\t\t<a href='https:\/\/d2p6e6u75xmxt8.cloudfront.net\/13\/2019\/07\/sketches_board-scaled.webp'><img loading=\"lazy\" decoding=\"async\" width=\"300\" height=\"200\" src=\"https:\/\/d2p6e6u75xmxt8.cloudfront.net\/13\/2019\/07\/sketches_board-300x200.webp\" class=\"attachment-medium size-medium\" alt=\"\" srcset=\"https:\/\/d2p6e6u75xmxt8.cloudfront.net\/13\/2019\/07\/sketches_board-300x200.webp 300w, https:\/\/d2p6e6u75xmxt8.cloudfront.net\/13\/2019\/07\/sketches_board-1024x683.webp 1024w, https:\/\/d2p6e6u75xmxt8.cloudfront.net\/13\/2019\/07\/sketches_board-768x512.webp 768w, https:\/\/d2p6e6u75xmxt8.cloudfront.net\/13\/2019\/07\/sketches_board-1536x1024.webp 1536w, https:\/\/d2p6e6u75xmxt8.cloudfront.net\/13\/2019\/07\/sketches_board-2048x1365.webp 2048w, https:\/\/d2p6e6u75xmxt8.cloudfront.net\/13\/2019\/07\/sketches_board-1920x1280.webp 1920w, https:\/\/d2p6e6u75xmxt8.cloudfront.net\/13\/2019\/07\/sketches_board-272x182.webp 272w, https:\/\/d2p6e6u75xmxt8.cloudfront.net\/13\/2019\/07\/sketches_board-1920x1280.webp 1920w\" sizes=\"auto, (max-width: 300px) 100vw, 300px\" \/><\/a>\n\t\t\t<\/div><\/figure><figure class='gallery-item'>\n\t\t\t<div class='gallery-icon landscape'>\n\t\t\t\t<a href='https:\/\/d2p6e6u75xmxt8.cloudfront.net\/13\/2019\/07\/tools_detail.jpg'><img loading=\"lazy\" decoding=\"async\" width=\"300\" height=\"200\" src=\"https:\/\/d2p6e6u75xmxt8.cloudfront.net\/13\/2019\/07\/tools_detail-300x200.jpg\" class=\"attachment-medium size-medium\" alt=\"\" srcset=\"https:\/\/d2p6e6u75xmxt8.cloudfront.net\/13\/2019\/07\/tools_detail-300x200.jpg 300w, https:\/\/d2p6e6u75xmxt8.cloudfront.net\/13\/2019\/07\/tools_detail-768x512.jpg 768w, https:\/\/d2p6e6u75xmxt8.cloudfront.net\/13\/2019\/07\/tools_detail-1024x683.jpg 1024w, https:\/\/d2p6e6u75xmxt8.cloudfront.net\/13\/2019\/07\/tools_detail-1920x1280.jpg 1920w, https:\/\/d2p6e6u75xmxt8.cloudfront.net\/13\/2019\/07\/tools_detail-272x182.jpg 272w, https:\/\/d2p6e6u75xmxt8.cloudfront.net\/13\/2019\/07\/tools_detail-1920x1280.jpg 1920w\" sizes=\"auto, (max-width: 300px) 100vw, 300px\" \/><\/a>\n\t\t\t<\/div><\/figure><figure class='gallery-item'>\n\t\t\t<div class='gallery-icon landscape'>\n\t\t\t\t<a href='https:\/\/d2p6e6u75xmxt8.cloudfront.net\/13\/2019\/07\/bike_detail_1-scaled.webp'><img loading=\"lazy\" decoding=\"async\" width=\"300\" height=\"200\" src=\"https:\/\/d2p6e6u75xmxt8.cloudfront.net\/13\/2019\/07\/bike_detail_1-300x200.webp\" class=\"attachment-medium size-medium\" alt=\"\" srcset=\"https:\/\/d2p6e6u75xmxt8.cloudfront.net\/13\/2019\/07\/bike_detail_1-300x200.webp 300w, https:\/\/d2p6e6u75xmxt8.cloudfront.net\/13\/2019\/07\/bike_detail_1-1024x683.webp 1024w, https:\/\/d2p6e6u75xmxt8.cloudfront.net\/13\/2019\/07\/bike_detail_1-768x512.webp 768w, https:\/\/d2p6e6u75xmxt8.cloudfront.net\/13\/2019\/07\/bike_detail_1-1536x1024.webp 1536w, https:\/\/d2p6e6u75xmxt8.cloudfront.net\/13\/2019\/07\/bike_detail_1-2048x1366.webp 2048w, https:\/\/d2p6e6u75xmxt8.cloudfront.net\/13\/2019\/07\/bike_detail_1-1920x1280.webp 1920w, https:\/\/d2p6e6u75xmxt8.cloudfront.net\/13\/2019\/07\/bike_detail_1-272x182.webp 272w, https:\/\/d2p6e6u75xmxt8.cloudfront.net\/13\/2019\/07\/bike_detail_1-1920x1280.webp 1920w\" sizes=\"auto, (max-width: 300px) 100vw, 300px\" \/><\/a>\n\t\t\t<\/div><\/figure>\n\t\t<\/div>\n\n<p>Hor\u0161\u00ed u\u017e pr\u00fd bylo odhadnout detaily, proto\u017ee na fotk\u00e1ch nen\u00ed z\u0159ejm\u00e9, zda jsou trubky rovn\u00e9, nebo prohnut\u00e9. Ka\u017ed\u00fd odborn\u00edk p\u0159itom tvrdil n\u011bco jin\u00e9ho. Vladim\u00edr nakonec pou\u017eil beze\u0161v\u00e9 trubky z chrom-molybdenu o pr\u016fm\u011bru 32 milimetr\u016f. Kolo musel vyrobit od z\u00e1kladu v\u010detn\u011b v\u011bt\u0161iny komponent\u016f a mufen neboli spojek, do kter\u00fdch se trubky sesazuj\u00ed. Siln\u011bj\u0161\u00ed trubky pou\u017eil na zadn\u00ed stavbu, kter\u00e1 postr\u00e1d\u00e1 zpev\u0148uj\u00edc\u00ed st\u0159edov\u00fd m\u016fstek \u2013 tedy tu \u010d\u00e1st konstrukce, kam se d\u0159\u00edve p\u0159id\u011bl\u00e1valy blatn\u00edky.<\/p>\n<p>P\u0159\u00edpravou a stavbou str\u00e1vil t\u0159i m\u011bs\u00edce. Jen hled\u00e1n\u00ed podklad\u016f a vym\u00fd\u0161len\u00ed spr\u00e1vn\u00e9ho v\u00fdrobn\u00edho postupu zabralo t\u0159i t\u00fddny. Nejv\u011bt\u0161\u00ed probl\u00e9m nastal hned na samotn\u00e9m za\u010d\u00e1tku \u2013kr\u00e1tce pot\u00e9, co se rozhodl, \u017ee do projektu jde, m\u011bl nehodu na kole a p\u0159i p\u00e1du si zlomil z\u00e1p\u011bst\u00ed. <em>\u201e\u0160est ned\u011bl jsem nemohl pou\u017e\u00edvat jednu ruku. Na\u0161t\u011bst\u00ed um\u00edm soustruh i fr\u00e9zu ovl\u00e1dat jen jednou,\u201d<\/em> \u0159\u00edk\u00e1. Ve\u0161ker\u00fd \u010das, kter\u00fd se mu uvolnil\u00a0t\u00edm, \u017ee nemohl tr\u00e9novat, v\u011bnoval p\u0159\u00edprav\u011b dokumentace pro stavbu.<\/p>\n<p><a href=\"https:\/\/d2p6e6u75xmxt8.cloudfront.net\/13\/2019\/07\/bike_construction.jpg\"><img loading=\"lazy\" decoding=\"async\" class=\"alignnone size-large wp-image-2933\" src=\"https:\/\/d2p6e6u75xmxt8.cloudfront.net\/13\/2019\/07\/bike_construction-1024x683.jpg\" alt=\"\" width=\"1024\" height=\"683\" \/><\/a><\/p>\n<h2><strong>Brzd\u00ed driftem<\/strong><\/h2>\n<p>Kdyby Vladim\u00edr stav\u011bl kolo do muzea, m\u011bl by ho hotov\u00e9 mnohem d\u0159\u00edv. Ale proto\u017ee s n\u00edm chce z\u00e1vodit,\u00a0mus\u00ed b\u00fdt kolo nejen hezk\u00e9, ale taky poctiv\u011b sva\u0159en\u00e9 a pln\u011b funk\u010dn\u00ed. <em>\u201eMusel jsem ho p\u0159edimenzovat, aby se mi n\u011bkde po cest\u011b nerozlo\u017eilo,\u201d <\/em>sm\u011bje se a vysv\u011btluje, \u017ee kolo mus\u00ed bezpe\u010dn\u011b uv\u00e9zt i \u010dlov\u011bka, kter\u00fd v\u00e1\u017e\u00ed devades\u00e1t kilo.<\/p>\n<p>P\u016fvodn\u00ed SLAVIA v\u00a0z\u00e1vodn\u00ed verzi m\u011bla pevn\u00fd p\u0159evod a postr\u00e1dala brzdy, jak je zn\u00e1me dnes, tak\u017ee rychlost se na n\u00ed dala regulovat pouze jak\u00fdmsi driftov\u00e1n\u00edm \u2013 stejn\u011b tak, jak to dnes d\u011blaj\u00ed u\u017eivatel\u00e9 takzvan\u00fdch fixies. <em>\u201eUva\u017eovali jsme i o variant\u011b, \u017ee bychom kolo z bezpe\u010dnostn\u00edch d\u016fvod\u016f vybavili sou\u010dasnou brzdou, ale t\u00edm bychom se vzd\u00e1lili od origin\u00e1lu a u\u017e by to nebylo ono,\u201c<\/em> vysv\u011btluje Vladim\u00edr, kter\u00fd te\u010f chce na osmn\u00e1ct kilogram\u016f t\u011b\u017ek\u00e9m kole je\u0161t\u011b co nejv\u00edc potr\u00e9novat.<\/p>\n<figure id=\"attachment_2940\" aria-describedby=\"caption-attachment-2940\" style=\"width: 1024px\" class=\"wp-caption alignnone\"><a href=\"https:\/\/d2p6e6u75xmxt8.cloudfront.net\/13\/2019\/07\/vladimir_vidim.jpg\"><img loading=\"lazy\" decoding=\"async\" class=\"size-large wp-image-2940\" src=\"https:\/\/d2p6e6u75xmxt8.cloudfront.net\/13\/2019\/07\/vladimir_vidim-1024x683.jpg\" alt=\"\" width=\"1024\" height=\"683\" \/><\/a><figcaption id=\"caption-attachment-2940\" class=\"wp-caption-text\">Vladim\u00edr Vidim ve sv\u00e9 d\u00edln\u011b v Roztok\u00e1ch u Prahy.<\/figcaption><\/figure>\n<p>Na L&#8217;\u00c9tape ho toti\u017e za p\u00e1r dn\u00ed ne\u010dek\u00e1 \u017e\u00e1dn\u00e1 proch\u00e1zka. Z\u00e1vod u\u017e od roku 1993 umo\u017e\u0148uje amat\u00e9rsk\u00fdm cyklist\u016fm vyzkou\u0161et si tra\u0165 jedn\u00e9 etapy skute\u010dn\u00e9 Tour de France. Obvykle jde o t\u011b\u017ekou, vysokohorskou trasu v Alp\u00e1ch nebo v Pyrenej\u00edch, na kterou se vyd\u00e1 kolem patn\u00e1cti tis\u00edc \u00fa\u010dastn\u00edk\u016f. Cel\u00e1 tra\u0165 je uzav\u0159ena jen pro n\u011b, kolem cesty je zaji\u0161t\u011bno ob\u010derstven\u00ed, l\u00e9ka\u0159sk\u00e1 pomoc i div\u00e1ck\u00e1 kulisa.<\/p>\n<p>V leto\u0161n\u00edm roce vych\u00e1z\u00ed L&#8217;\u00c9tape du Tour na 21. \u010dervence, kdy v\u0161em z\u00e1jemc\u016fm nab\u00eddne p\u0159\u00edle\u017eitost vyzkou\u0161et si 20. etapu z\u00e1vodu v \u00faseku mezi Albertville a Val Thorens. C\u00edlov\u00e9 pivo si Vladim\u00edr vychutn\u00e1 po ujet\u00ed 135 kilometr\u016f a nastoup\u00e1n\u00ed 4 563 v\u00fd\u0161kov\u00fdch metr\u016f. \u201e<em>Zpotil jsem se p\u0159i v\u00fdrob\u011b, zpot\u00edm se i p\u0159i j\u00edzd\u011b. Chci si celou akci u\u017e\u00edt a dojet do c\u00edle \u017eiv a zdr\u00e1v,\u201d<\/em> \u0159\u00edk\u00e1 konstrukt\u00e9r repliky, kter\u00e1 bude po n\u00e1vratu z\u00a0L&#8217;\u00c9tape du Tour vystavena ve <a href=\"http:\/\/museum.skoda-auto.cz\/\">\u0160koda Muzeum<\/a> v\u00a0Mlad\u00e9 Boleslavi.<\/p>\n","protected":false},"excerpt":{"rendered":"<p>V\u0161ichni lid\u00e9 maj\u00ed n\u011bjak\u00e9 sny. Vladim\u00edr Vidim z Prahy jen nesn\u00ed. On si sv\u00e9 sny pln\u00ed. V\u00e1\u0161niv\u00fd cyklista a v\u00fdrobce [&hellip;]<\/p>\n","protected":false},"author":95,"featured_media":2937,"comment_status":"open","ping_status":"open","sticky":false,"template":"","format":"standard","meta":{"footnotes":""},"categories":[243],"tags":[339,338,340,342,341],"global-categories":[],"class_list":["post-2932","post","type-post","status-publish","format-standard","has-post-thumbnail","hentry","category-welovecycling-com-cs-tdf","tag-kolo-slavia","tag-letape-du-tour","tag-laurin-klement","tag-legenda","tag-vladimir-vidim"],"yoast_head":"<!-- This site is optimized with the Yoast SEO Premium plugin v25.3 (Yoast SEO v25.9) - https:\/\/yoast.com\/wordpress\/plugins\/seo\/ -->\n<title>Legend\u00e1rn\u00ed Slavia za\u017eije atmosf\u00e9ru Tour de France | \u0160koda We Love Cycling - \u010cesk\u00e1 republika<\/title>\n<meta name=\"description\" content=\"V\u00e1\u0161niv\u00fd cyklista a v\u00fdrobce kol v\u0161eho druhu si usmyslel, \u017ee o\u017eiv\u00ed legendu s n\u00e1zvem SLAVIA a vyraz\u00ed s\u00a0n\u00ed na L&#039;\u00c9tape du Tour.\" \/>\n<meta name=\"robots\" content=\"index, follow, max-snippet:-1, max-image-preview:large, max-video-preview:-1\" \/>\n<link rel=\"canonical\" href=\"https:\/\/www.welovecycling.com\/cs\/2019\/07\/16\/legendarni-slavia-zazije-tour-de-france-welovecycling-ct\/\" \/>\n<meta property=\"og:locale\" content=\"cs_CZ\" \/>\n<meta property=\"og:type\" content=\"article\" \/>\n<meta property=\"og:title\" content=\"Legend\u00e1rn\u00ed Slavia za\u017eije atmosf\u00e9ru Tour de France\" \/>\n<meta property=\"og:description\" content=\"V\u00e1\u0161niv\u00fd cyklista a v\u00fdrobce kol v\u0161eho druhu si usmyslel, \u017ee o\u017eiv\u00ed legendu s n\u00e1zvem SLAVIA a vyraz\u00ed s\u00a0n\u00ed na L&#039;\u00c9tape du Tour.\" \/>\n<meta property=\"og:url\" content=\"https:\/\/www.welovecycling.com\/cs\/2019\/07\/16\/legendarni-slavia-zazije-tour-de-france-welovecycling-ct\/\" \/>\n<meta property=\"og:site_name\" content=\"\u0160koda We Love Cycling - \u010cesk\u00e1 republika\" \/>\n<meta property=\"article:published_time\" content=\"2019-07-16T07:44:05+00:00\" \/>\n<meta property=\"article:modified_time\" content=\"2019-07-16T07:45:54+00:00\" \/>\n<meta property=\"og:image\" content=\"https:\/\/d2p6e6u75xmxt8.cloudfront.net\/13\/2019\/07\/skoda-slavia-bike-outside-vladimir-vidim-scaled.webp\" \/>\n\t<meta property=\"og:image:width\" content=\"2560\" \/>\n\t<meta property=\"og:image:height\" content=\"1707\" \/>\n\t<meta property=\"og:image:type\" content=\"image\/webp\" \/>\n<meta name=\"twitter:card\" content=\"summary_large_image\" \/>\n<meta name=\"twitter:label1\" content=\"Written by\" \/>\n\t<meta name=\"twitter:data1\" content=\"We Love Cycling \u010cR\" \/>\n\t<meta name=\"twitter:label2\" content=\"Est. reading time\" \/>\n\t<meta name=\"twitter:data2\" content=\"6\" \/>\n<script type=\"application\/ld+json\" class=\"yoast-schema-graph\">{\"@context\":\"https:\/\/schema.org\",\"@graph\":[{\"@type\":\"WebPage\",\"@id\":\"https:\/\/www.welovecycling.com\/cs\/2019\/07\/16\/legendarni-slavia-zazije-tour-de-france-welovecycling-ct\/\",\"url\":\"https:\/\/www.welovecycling.com\/cs\/2019\/07\/16\/legendarni-slavia-zazije-tour-de-france-welovecycling-ct\/\",\"name\":\"Legend\u00e1rn\u00ed Slavia za\u017eije atmosf\u00e9ru Tour de France | \u0160koda We Love Cycling - \u010cesk\u00e1 republika\",\"isPartOf\":{\"@id\":\"https:\/\/www.welovecycling.com\/cs\/#website\"},\"primaryImageOfPage\":{\"@id\":\"https:\/\/www.welovecycling.com\/cs\/2019\/07\/16\/legendarni-slavia-zazije-tour-de-france-welovecycling-ct\/#primaryimage\"},\"image\":{\"@id\":\"https:\/\/www.welovecycling.com\/cs\/2019\/07\/16\/legendarni-slavia-zazije-tour-de-france-welovecycling-ct\/#primaryimage\"},\"thumbnailUrl\":\"https:\/\/d2p6e6u75xmxt8.cloudfront.net\/13\/2019\/07\/skoda-slavia-bike-outside-vladimir-vidim-scaled.webp\",\"datePublished\":\"2019-07-16T07:44:05+00:00\",\"dateModified\":\"2019-07-16T07:45:54+00:00\",\"author\":{\"@id\":\"\"},\"description\":\"V\u00e1\u0161niv\u00fd cyklista a v\u00fdrobce kol v\u0161eho druhu si usmyslel, \u017ee o\u017eiv\u00ed legendu s n\u00e1zvem SLAVIA a vyraz\u00ed s\u00a0n\u00ed na L'\u00c9tape du Tour.\",\"inLanguage\":\"cs\",\"potentialAction\":[{\"@type\":\"ReadAction\",\"target\":[\"https:\/\/www.welovecycling.com\/cs\/2019\/07\/16\/legendarni-slavia-zazije-tour-de-france-welovecycling-ct\/\"]}]},{\"@type\":\"ImageObject\",\"inLanguage\":\"cs\",\"@id\":\"https:\/\/www.welovecycling.com\/cs\/2019\/07\/16\/legendarni-slavia-zazije-tour-de-france-welovecycling-ct\/#primaryimage\",\"url\":\"https:\/\/d2p6e6u75xmxt8.cloudfront.net\/13\/2019\/07\/skoda-slavia-bike-outside-vladimir-vidim-scaled.webp\",\"contentUrl\":\"https:\/\/d2p6e6u75xmxt8.cloudfront.net\/13\/2019\/07\/skoda-slavia-bike-outside-vladimir-vidim-scaled.webp\",\"width\":2560,\"height\":1707,\"caption\":\"Vladim\u00edr Vidim na historick\u00e9m kole Slavia.\"},{\"@type\":\"WebSite\",\"@id\":\"https:\/\/www.welovecycling.com\/cs\/#website\",\"url\":\"https:\/\/www.welovecycling.com\/cs\/\",\"name\":\"\u0160koda We Love Cycling - \u010cesk\u00e1 republika\",\"description\":\"WeLoveCycling.cz je online magaz\u00edn, kter\u00fd v\u00e1m pravideln\u011b p\u0159in\u00e1\u0161\u00ed rady a tipy, zaj\u00edmav\u00e9 \u010dl\u00e1nky, videa a jedine\u010dn\u00e9 report\u00e1\u017ee ze sv\u011bta cyklistiky.\",\"potentialAction\":[{\"@type\":\"SearchAction\",\"target\":{\"@type\":\"EntryPoint\",\"urlTemplate\":\"https:\/\/www.welovecycling.com\/cs\/?s={search_term_string}\"},\"query-input\":{\"@type\":\"PropertyValueSpecification\",\"valueRequired\":true,\"valueName\":\"search_term_string\"}}],\"inLanguage\":\"cs\"},{\"@type\":\"Person\",\"@id\":\"\",\"url\":\"https:\/\/www.welovecycling.com\/cs\/author\/\"}]}<\/script>\n<!-- \/ Yoast SEO Premium plugin. -->","yoast_head_json":{"title":"Legend\u00e1rn\u00ed Slavia za\u017eije atmosf\u00e9ru Tour de France | \u0160koda We Love Cycling - \u010cesk\u00e1 republika","description":"V\u00e1\u0161niv\u00fd cyklista a v\u00fdrobce kol v\u0161eho druhu si usmyslel, \u017ee o\u017eiv\u00ed legendu s n\u00e1zvem SLAVIA a vyraz\u00ed s\u00a0n\u00ed na L'\u00c9tape du Tour.","robots":{"index":"index","follow":"follow","max-snippet":"max-snippet:-1","max-image-preview":"max-image-preview:large","max-video-preview":"max-video-preview:-1"},"canonical":"https:\/\/www.welovecycling.com\/cs\/2019\/07\/16\/legendarni-slavia-zazije-tour-de-france-welovecycling-ct\/","og_locale":"cs_CZ","og_type":"article","og_title":"Legend\u00e1rn\u00ed Slavia za\u017eije atmosf\u00e9ru Tour de France","og_description":"V\u00e1\u0161niv\u00fd cyklista a v\u00fdrobce kol v\u0161eho druhu si usmyslel, \u017ee o\u017eiv\u00ed legendu s n\u00e1zvem SLAVIA a vyraz\u00ed s\u00a0n\u00ed na L'\u00c9tape du Tour.","og_url":"https:\/\/www.welovecycling.com\/cs\/2019\/07\/16\/legendarni-slavia-zazije-tour-de-france-welovecycling-ct\/","og_site_name":"\u0160koda We Love Cycling - \u010cesk\u00e1 republika","article_published_time":"2019-07-16T07:44:05+00:00","article_modified_time":"2019-07-16T07:45:54+00:00","og_image":[{"width":2560,"height":1707,"url":"https:\/\/d2p6e6u75xmxt8.cloudfront.net\/13\/2019\/07\/skoda-slavia-bike-outside-vladimir-vidim-scaled.webp","type":"image\/webp"}],"twitter_card":"summary_large_image","twitter_misc":{"Written by":"We Love Cycling \u010cR","Est. reading time":"6"},"schema":{"@context":"https:\/\/schema.org","@graph":[{"@type":"WebPage","@id":"https:\/\/www.welovecycling.com\/cs\/2019\/07\/16\/legendarni-slavia-zazije-tour-de-france-welovecycling-ct\/","url":"https:\/\/www.welovecycling.com\/cs\/2019\/07\/16\/legendarni-slavia-zazije-tour-de-france-welovecycling-ct\/","name":"Legend\u00e1rn\u00ed Slavia za\u017eije atmosf\u00e9ru Tour de France | \u0160koda We Love Cycling - \u010cesk\u00e1 republika","isPartOf":{"@id":"https:\/\/www.welovecycling.com\/cs\/#website"},"primaryImageOfPage":{"@id":"https:\/\/www.welovecycling.com\/cs\/2019\/07\/16\/legendarni-slavia-zazije-tour-de-france-welovecycling-ct\/#primaryimage"},"image":{"@id":"https:\/\/www.welovecycling.com\/cs\/2019\/07\/16\/legendarni-slavia-zazije-tour-de-france-welovecycling-ct\/#primaryimage"},"thumbnailUrl":"https:\/\/d2p6e6u75xmxt8.cloudfront.net\/13\/2019\/07\/skoda-slavia-bike-outside-vladimir-vidim-scaled.webp","datePublished":"2019-07-16T07:44:05+00:00","dateModified":"2019-07-16T07:45:54+00:00","author":{"@id":""},"description":"V\u00e1\u0161niv\u00fd cyklista a v\u00fdrobce kol v\u0161eho druhu si usmyslel, \u017ee o\u017eiv\u00ed legendu s n\u00e1zvem SLAVIA a vyraz\u00ed s\u00a0n\u00ed na L'\u00c9tape du Tour.","inLanguage":"cs","potentialAction":[{"@type":"ReadAction","target":["https:\/\/www.welovecycling.com\/cs\/2019\/07\/16\/legendarni-slavia-zazije-tour-de-france-welovecycling-ct\/"]}]},{"@type":"ImageObject","inLanguage":"cs","@id":"https:\/\/www.welovecycling.com\/cs\/2019\/07\/16\/legendarni-slavia-zazije-tour-de-france-welovecycling-ct\/#primaryimage","url":"https:\/\/d2p6e6u75xmxt8.cloudfront.net\/13\/2019\/07\/skoda-slavia-bike-outside-vladimir-vidim-scaled.webp","contentUrl":"https:\/\/d2p6e6u75xmxt8.cloudfront.net\/13\/2019\/07\/skoda-slavia-bike-outside-vladimir-vidim-scaled.webp","width":2560,"height":1707,"caption":"Vladim\u00edr Vidim na historick\u00e9m kole Slavia."},{"@type":"WebSite","@id":"https:\/\/www.welovecycling.com\/cs\/#website","url":"https:\/\/www.welovecycling.com\/cs\/","name":"\u0160koda We Love Cycling - \u010cesk\u00e1 republika","description":"WeLoveCycling.cz je online magaz\u00edn, kter\u00fd v\u00e1m pravideln\u011b p\u0159in\u00e1\u0161\u00ed rady a tipy, zaj\u00edmav\u00e9 \u010dl\u00e1nky, videa a jedine\u010dn\u00e9 report\u00e1\u017ee ze sv\u011bta cyklistiky.","potentialAction":[{"@type":"SearchAction","target":{"@type":"EntryPoint","urlTemplate":"https:\/\/www.welovecycling.com\/cs\/?s={search_term_string}"},"query-input":{"@type":"PropertyValueSpecification","valueRequired":true,"valueName":"search_term_string"}}],"inLanguage":"cs"},{"@type":"Person","@id":"","url":"https:\/\/www.welovecycling.com\/cs\/author\/"}]}},"_links":{"self":[{"href":"https:\/\/www.welovecycling.com\/cs\/wp-json\/wp\/v2\/posts\/2932","targetHints":{"allow":["GET"]}}],"collection":[{"href":"https:\/\/www.welovecycling.com\/cs\/wp-json\/wp\/v2\/posts"}],"about":[{"href":"https:\/\/www.welovecycling.com\/cs\/wp-json\/wp\/v2\/types\/post"}],"author":[{"embeddable":true,"href":"https:\/\/www.welovecycling.com\/cs\/wp-json\/wp\/v2\/users\/95"}],"replies":[{"embeddable":true,"href":"https:\/\/www.welovecycling.com\/cs\/wp-json\/wp\/v2\/comments?post=2932"}],"version-history":[{"count":2,"href":"https:\/\/www.welovecycling.com\/cs\/wp-json\/wp\/v2\/posts\/2932\/revisions"}],"predecessor-version":[{"id":2944,"href":"https:\/\/www.welovecycling.com\/cs\/wp-json\/wp\/v2\/posts\/2932\/revisions\/2944"}],"wp:featuredmedia":[{"embeddable":true,"href":"https:\/\/www.welovecycling.com\/cs\/wp-json\/wp\/v2\/media\/2937"}],"wp:attachment":[{"href":"https:\/\/www.welovecycling.com\/cs\/wp-json\/wp\/v2\/media?parent=2932"}],"wp:term":[{"taxonomy":"category","embeddable":true,"href":"https:\/\/www.welovecycling.com\/cs\/wp-json\/wp\/v2\/categories?post=2932"},{"taxonomy":"post_tag","embeddable":true,"href":"https:\/\/www.welovecycling.com\/cs\/wp-json\/wp\/v2\/tags?post=2932"},{"taxonomy":"global-categories","embeddable":true,"href":"https:\/\/www.welovecycling.com\/cs\/wp-json\/wp\/v2\/global-categories?post=2932"}],"curies":[{"name":"wp","href":"https:\/\/api.w.org\/{rel}","templated":true}]}}