{"id":29319,"date":"2025-06-01T17:05:05","date_gmt":"2025-06-01T15:05:05","guid":{"rendered":"https:\/\/www.welovecycling.com\/cs\/?p=29319"},"modified":"2025-06-01T17:05:47","modified_gmt":"2025-06-01T15:05:47","slug":"zavod-miru-ovladl-marti-nejlepsim-z-cech-ctrnacty-pridal","status":"publish","type":"post","link":"https:\/\/www.welovecycling.com\/cs\/2025\/06\/01\/zavod-miru-ovladl-marti-nejlepsim-z-cech-ctrnacty-pridal\/","title":{"rendered":"Z\u00e1vod m\u00edru ovl\u00e1dl Mart\u00ed, nejlep\u0161\u00edm z \u010cech\u016f \u010dtrn\u00e1ct\u00fd P\u0159idal"},"content":{"rendered":"<p><strong>\u0160pan\u011bl Pau Mart\u00ed, dvacetilet\u00fd z\u00e1vodn\u00edk pat\u0159\u00edc\u00ed na soupisku kontinent\u00e1ln\u00ed st\u00e1je Israel PremierTech, vyhr\u00e1l Z\u00e1vod m\u00edru do 23 let. Nejlep\u0161\u00edm z \u010desk\u00fdch cyklist\u016f byl Tom\u00e1\u0161 P\u0159idal, kter\u00fd v absolutn\u00edm po\u0159ad\u00ed dvan\u00e1ct\u00e9ho ro\u010dn\u00edku bitvy mlad\u00fdch nad\u011bj\u00ed obsadil \u010dtrn\u00e1ctou p\u0159\u00ed\u010dku. Druh\u00e9 d\u011bjstv\u00ed seri\u00e1lu Nations Cup se jelo od 29. kv\u011btna do 1. \u010dervna v Moravskoslezsk\u00e9m a Olomouck\u00e9m kraji, partnerem mobility byla \u0160koda Auto.<\/strong><\/p>\n<p>Mart\u00ed sice nevyhr\u00e1l ani jednu etapu, ale p\u0159edvedl na \u010desk\u00fdch silnic\u00edch mimo\u0159\u00e1dn\u011b konzistentn\u00ed v\u00fdkon. \u00davodn\u00ed etapu vyhr\u00e1l Victor Loulergue z Francie, kdy\u017e na p\u00e1sce porazil pr\u00e1v\u011b Mart\u00edho. P\u0159i hromadn\u00e9m dojezdu v R\u00fdma\u0159ov\u011b m\u011bl nejlep\u0161\u00ed nohy Slovinec An\u017ee Ravbar, ale \u0161pan\u011blsk\u00fd mlad\u00edk nechyb\u011bl v hlavn\u00edm poli. Tak\u017ee kdy\u017e v t\u0159et\u00edm d\u011bjstv\u00ed dojel t\u0159et\u00ed, posunul se do \u010dela z\u00e1vodu o pouh\u00e9 dv\u011b sekundy p\u0159ed Simona Dalbyho, jen\u017e slavil p\u0159i sobotn\u00edm dojezdu na Dlouh\u00e9 Str\u00e1n\u011b. Z\u00e1v\u011bre\u010dn\u00e1 etapa byla p\u0159ipravena pro sprintery, tak\u017ee v celkov\u00e9m po\u0159ad\u00ed se nic nezm\u011bnilo: triumf slavil dvacetilet\u00fd Noah Hobbs z Velk\u00e9 Brit\u00e1nie a Mart\u00ed dojel komfortn\u011b p\u00e1t\u00fd, a tak se mohl radovat z nejv\u011bt\u0161\u00edho v\u00edt\u011bzstv\u00ed kari\u00e9ry.<\/p>\n<p><a href=\"https:\/\/d2p6e6u75xmxt8.cloudfront.net\/13\/2025\/06\/PEACERACE-138366.webp\"><img loading=\"lazy\" decoding=\"async\" class=\"alignnone size-extra-large wp-image-29323\" src=\"https:\/\/d2p6e6u75xmxt8.cloudfront.net\/13\/2025\/06\/PEACERACE-138366-1920x1279.webp\" alt=\"\" width=\"1920\" height=\"1279\" srcset=\"https:\/\/d2p6e6u75xmxt8.cloudfront.net\/13\/2025\/06\/PEACERACE-138366-1920x1279.webp 1920w, https:\/\/d2p6e6u75xmxt8.cloudfront.net\/13\/2025\/06\/PEACERACE-138366-300x200.webp 300w, https:\/\/d2p6e6u75xmxt8.cloudfront.net\/13\/2025\/06\/PEACERACE-138366-1024x682.webp 1024w, https:\/\/d2p6e6u75xmxt8.cloudfront.net\/13\/2025\/06\/PEACERACE-138366-768x512.webp 768w, https:\/\/d2p6e6u75xmxt8.cloudfront.net\/13\/2025\/06\/PEACERACE-138366-1536x1023.webp 1536w, https:\/\/d2p6e6u75xmxt8.cloudfront.net\/13\/2025\/06\/PEACERACE-138366-400x266.webp 400w, https:\/\/d2p6e6u75xmxt8.cloudfront.net\/13\/2025\/06\/PEACERACE-138366-272x182.webp 272w, https:\/\/d2p6e6u75xmxt8.cloudfront.net\/13\/2025\/06\/PEACERACE-138366.webp 2048w, https:\/\/d2p6e6u75xmxt8.cloudfront.net\/13\/2025\/06\/PEACERACE-138366-1920x1279.webp 1920w\" sizes=\"auto, (max-width: 1920px) 100vw, 1920px\" \/><\/a><\/p>\n<p>\u201eV ned\u011bli to byla bl\u00e1zniv\u00e1 etapa. Hned od startu se docela \u00fato\u010dilo, nav\u00edc tam byla t\u0159i n\u00e1ro\u010dn\u00e1 stoup\u00e1n\u00ed, ale m\u011bl jsem hodn\u011b silnou podporu v t\u00fdmu, byli skv\u011bl\u00ed a m\u011bli jsme celou etapu pod kontrolou. M\u00e1m samoz\u0159ejm\u011b obrovskou radost,\u201c \u0159ekl po etap\u011b celkov\u00fd v\u00edt\u011bz Pau Mart\u00ed. \u201eJsem docela sebev\u011bdom\u00fd, m\u00e1m p\u0159ed sebou fin\u00e1ln\u00ed p\u0159\u00edpravu na Giro do 23 let, tam bych r\u00e1d usp\u011bl, nejl\u00e9pe vyhr\u00e1l,\u201c \u0159ekl \u0161pan\u011blsk\u00fd mlad\u00edk, jen\u017e v minul\u00e9 sezony vybojoval na Giro Next Gen\u00a0 t\u0159et\u00ed p\u0159\u00ed\u010dku.<\/p>\n<h2><strong>Z\u00e1vod m\u00edru vysn\u011bnou des\u00edtkou pro P\u0159idala neskon\u010dil<\/strong><\/h2>\n<p>Nejlep\u0161\u00edho d\u00edl\u010d\u00edho v\u00fdsledku pro \u010deskou reprezentaci dos\u00e1hl Daniel Mr\u00e1z, kter\u00fd p\u0159i posledn\u00ed etap\u011b z Jesen\u00edku do \u0160umperku zahrnuj\u00edc\u00ed 1883 v\u00fd\u0161kov\u00fdch metr\u016f, spurtoval na \u0161est\u00e9m m\u00edst\u011b. Po druh\u00e9 etap\u011b z Uni\u010dova do R\u00fdma\u0159ova byl nejv\u011bt\u0161\u00edm bojovn\u00edkem dne vyhl\u00e1\u0161en devaten\u00e1ctilet\u00fd \u0160t\u011bp\u00e1n Zah\u00e1lka. V absolutn\u00edm po\u0159ad\u00ed pak vystoupal na \u010dtrn\u00e1ctou p\u0159\u00ed\u010dku s odstupem 53 sekund <a href=\"https:\/\/www.welovecycling.com\/cs\/2025\/05\/27\/tomas-pridal-pojede-jako-cesky-lidr-zavod-miru\/\">Tom\u00e1\u0161 P\u0159idal<\/a>, jen\u017e byl od za\u010d\u00e1tku ur\u010den\u00fd jako l\u00eddr a v minul\u00e9m roce vybojoval v kone\u010dn\u00e9m \u00fa\u010dtov\u00e1n\u00ed jeden\u00e1ctou p\u0159\u00ed\u010dku.<\/p>\n<p><a href=\"https:\/\/d2p6e6u75xmxt8.cloudfront.net\/13\/2025\/06\/M2N7133.webp\"><img loading=\"lazy\" decoding=\"async\" class=\"alignnone size-extra-large wp-image-29320\" src=\"https:\/\/d2p6e6u75xmxt8.cloudfront.net\/13\/2025\/06\/M2N7133-1920x1279.webp\" alt=\"\" width=\"1920\" height=\"1279\" srcset=\"https:\/\/d2p6e6u75xmxt8.cloudfront.net\/13\/2025\/06\/M2N7133-1920x1279.webp 1920w, https:\/\/d2p6e6u75xmxt8.cloudfront.net\/13\/2025\/06\/M2N7133-300x200.webp 300w, https:\/\/d2p6e6u75xmxt8.cloudfront.net\/13\/2025\/06\/M2N7133-1024x682.webp 1024w, https:\/\/d2p6e6u75xmxt8.cloudfront.net\/13\/2025\/06\/M2N7133-768x512.webp 768w, https:\/\/d2p6e6u75xmxt8.cloudfront.net\/13\/2025\/06\/M2N7133-1536x1023.webp 1536w, https:\/\/d2p6e6u75xmxt8.cloudfront.net\/13\/2025\/06\/M2N7133-400x266.webp 400w, https:\/\/d2p6e6u75xmxt8.cloudfront.net\/13\/2025\/06\/M2N7133-272x182.webp 272w, https:\/\/d2p6e6u75xmxt8.cloudfront.net\/13\/2025\/06\/M2N7133.webp 2048w, https:\/\/d2p6e6u75xmxt8.cloudfront.net\/13\/2025\/06\/M2N7133-1920x1279.webp 1920w\" sizes=\"auto, (max-width: 1920px) 100vw, 1920px\" \/><\/a><\/p>\n<p>\u201eT\u00fdmov\u011b jsme spokojen\u00ed, jezdili jsme spolu, pom\u00e1hali si ve v\u0161ech etap\u00e1ch,\u201c hodnotil nejlep\u0161\u00ed \u010cech v celkov\u00e9m po\u0159ad\u00ed Tom\u00e1\u0161 P\u0159idal. Fakt, \u017ee nedok\u00e1zal vybojovat podle pl\u00e1nu elitn\u00ed des\u00edtku, jej mrzel.. \u201eTo bohu\u017eel nevy\u0161lo, je to v\u017edycky takov\u00fd miln\u00edk \u00fasp\u011bchu. Ale i kdy\u017e jsme pro \u00fasp\u011bch ud\u011blali v\u0161echno, des\u00edtka unikla,\u201c uvedl z\u00e1vodn\u00edk formace Elkov Kasper, jeho\u017e od des\u00edtky d\u011blilo jedna\u010dty\u0159icet sekund.\u00a0Do prvn\u00ed t\u0159ic\u00edtky se ve\u0161el z \u010desk\u00fdch reprezentant\u016f je\u0161t\u011b sedmadvac\u00e1t\u00fd V\u00e1clav Je\u017eek s mankem 2:49 minuty.<\/p>\n<p><a href=\"https:\/\/d2p6e6u75xmxt8.cloudfront.net\/13\/2025\/06\/BrychtaJan_ZM_20250601_115702_D4C_6091.webp\"><img loading=\"lazy\" decoding=\"async\" class=\"alignnone size-extra-large wp-image-29321\" src=\"https:\/\/d2p6e6u75xmxt8.cloudfront.net\/13\/2025\/06\/BrychtaJan_ZM_20250601_115702_D4C_6091-1920x1277.webp\" alt=\"\" width=\"1920\" height=\"1277\" srcset=\"https:\/\/d2p6e6u75xmxt8.cloudfront.net\/13\/2025\/06\/BrychtaJan_ZM_20250601_115702_D4C_6091-1920x1277.webp 1920w, https:\/\/d2p6e6u75xmxt8.cloudfront.net\/13\/2025\/06\/BrychtaJan_ZM_20250601_115702_D4C_6091-300x200.webp 300w, https:\/\/d2p6e6u75xmxt8.cloudfront.net\/13\/2025\/06\/BrychtaJan_ZM_20250601_115702_D4C_6091-1024x681.webp 1024w, https:\/\/d2p6e6u75xmxt8.cloudfront.net\/13\/2025\/06\/BrychtaJan_ZM_20250601_115702_D4C_6091-768x511.webp 768w, https:\/\/d2p6e6u75xmxt8.cloudfront.net\/13\/2025\/06\/BrychtaJan_ZM_20250601_115702_D4C_6091-1536x1022.webp 1536w, https:\/\/d2p6e6u75xmxt8.cloudfront.net\/13\/2025\/06\/BrychtaJan_ZM_20250601_115702_D4C_6091-400x266.webp 400w, https:\/\/d2p6e6u75xmxt8.cloudfront.net\/13\/2025\/06\/BrychtaJan_ZM_20250601_115702_D4C_6091-272x182.webp 272w, https:\/\/d2p6e6u75xmxt8.cloudfront.net\/13\/2025\/06\/BrychtaJan_ZM_20250601_115702_D4C_6091.webp 2048w, https:\/\/d2p6e6u75xmxt8.cloudfront.net\/13\/2025\/06\/BrychtaJan_ZM_20250601_115702_D4C_6091-1920x1277.webp 1920w\" sizes=\"auto, (max-width: 1920px) 100vw, 1920px\" \/><\/a><\/p>\n<p>V\u00edt\u011bzem bodovac\u00ed sout\u011b\u017ee Z\u00e1vodu m\u00edru 2025 se stal Ital Simone Gualdi, kter\u00fd je rovn\u011b\u017e nejlep\u0161\u00edm cyklistou klasifikace do 21 let. Vrcha\u0159\u016fm vl\u00e1dl Ital Riccardo Lorello, nejlep\u0161\u00edm t\u00fdmem leto\u0161n\u00edho ro\u010dn\u00edku jsou Belgi\u010dan\u00e9.<\/p>\n","protected":false},"excerpt":{"rendered":"<p>\u0160pan\u011bl Pau Mart\u00ed, dvacetilet\u00fd z\u00e1vodn\u00edk pat\u0159\u00edc\u00ed na soupisku kontinent\u00e1ln\u00ed st\u00e1je Israel PremierTech, vyhr\u00e1l Z\u00e1vod m\u00edru do 23 let. Nejlep\u0161\u00edm z [&hellip;]<\/p>\n","protected":false},"author":138,"featured_media":29322,"comment_status":"open","ping_status":"open","sticky":false,"template":"","format":"standard","meta":{"footnotes":""},"categories":[10],"tags":[126,4200,9,3631,4195,4199],"global-categories":[411],"class_list":["post-29319","post","type-post","status-publish","format-standard","has-post-thumbnail","hentry","category-silnicni-cyklistika","tag-cyklistika","tag-pau-marti","tag-silnicni-cyklistika","tag-tomas-pridal","tag-zavod-miru-2025","tag-zavod-miru-do-23-let","global-categories-cycling"],"yoast_head":"<!-- This site is optimized with the Yoast SEO Premium plugin v25.3 (Yoast SEO v25.9) - https:\/\/yoast.com\/wordpress\/plugins\/seo\/ -->\n<title>Z\u00e1vod m\u00edru ovl\u00e1dl Mart\u00ed, nejlep\u0161\u00edm z \u010cech\u016f \u010dtrn\u00e1ct\u00fd P\u0159idal | \u0160koda We Love Cycling - \u010cesk\u00e1 republika<\/title>\n<meta name=\"description\" content=\"\u0160pan\u011bl Pau Mart\u00ed, dvacetilet\u00fd z\u00e1vodn\u00edk pat\u0159\u00edc\u00ed na soupisku kontinent\u00e1ln\u00ed st\u00e1je Israel PremierTech, vyhr\u00e1l Z\u00e1vod m\u00edru do 23 let. Nejlep\u0161\u00edm z \u010desk\u00fdch cyklist\u016f byl Tom\u00e1\u0161 P\u0159idal, kter\u00fd v absolutn\u00edm po\u0159ad\u00ed dvan\u00e1ct\u00e9ho ro\u010dn\u00edku bitvy mlad\u00fdch nad\u011bj\u00ed obsadil \u010dtrn\u00e1ctou p\u0159\u00ed\u010dku. Druh\u00e9 d\u011bjstv\u00ed seri\u00e1lu Nations Cup se jelo od 29. kv\u011btna do 1. \u010dervna v Moravskoslezsk\u00e9m a Olomouck\u00e9m kraji, partnerem mobility byla \u0160koda Auto.\" \/>\n<meta name=\"robots\" content=\"index, follow, max-snippet:-1, max-image-preview:large, max-video-preview:-1\" \/>\n<link rel=\"canonical\" href=\"https:\/\/www.welovecycling.com\/cs\/2025\/06\/01\/zavod-miru-ovladl-marti-nejlepsim-z-cech-ctrnacty-pridal\/\" \/>\n<meta property=\"og:locale\" content=\"cs_CZ\" \/>\n<meta property=\"og:type\" content=\"article\" \/>\n<meta property=\"og:title\" content=\"Z\u00e1vod m\u00edru ovl\u00e1dl Mart\u00ed, nejlep\u0161\u00edm z \u010cech\u016f \u010dtrn\u00e1ct\u00fd P\u0159idal\" \/>\n<meta property=\"og:description\" content=\"\u0160pan\u011bl Pau Mart\u00ed, dvacetilet\u00fd z\u00e1vodn\u00edk pat\u0159\u00edc\u00ed na soupisku kontinent\u00e1ln\u00ed st\u00e1je Israel PremierTech, vyhr\u00e1l Z\u00e1vod m\u00edru do 23 let. Nejlep\u0161\u00edm z \u010desk\u00fdch cyklist\u016f byl Tom\u00e1\u0161 P\u0159idal, kter\u00fd v absolutn\u00edm po\u0159ad\u00ed dvan\u00e1ct\u00e9ho ro\u010dn\u00edku bitvy mlad\u00fdch nad\u011bj\u00ed obsadil \u010dtrn\u00e1ctou p\u0159\u00ed\u010dku. Druh\u00e9 d\u011bjstv\u00ed seri\u00e1lu Nations Cup se jelo od 29. kv\u011btna do 1. \u010dervna v Moravskoslezsk\u00e9m a Olomouck\u00e9m kraji, partnerem mobility byla \u0160koda Auto.\" \/>\n<meta property=\"og:url\" content=\"https:\/\/www.welovecycling.com\/cs\/2025\/06\/01\/zavod-miru-ovladl-marti-nejlepsim-z-cech-ctrnacty-pridal\/\" \/>\n<meta property=\"og:site_name\" content=\"\u0160koda We Love Cycling - \u010cesk\u00e1 republika\" \/>\n<meta property=\"article:published_time\" content=\"2025-06-01T15:05:05+00:00\" \/>\n<meta property=\"article:modified_time\" content=\"2025-06-01T15:05:47+00:00\" \/>\n<meta property=\"og:image\" content=\"https:\/\/d2p6e6u75xmxt8.cloudfront.net\/13\/2025\/06\/PEACERACE-138355.webp\" \/>\n\t<meta property=\"og:image:width\" content=\"2048\" \/>\n\t<meta property=\"og:image:height\" content=\"1364\" \/>\n\t<meta property=\"og:image:type\" content=\"image\/webp\" \/>\n<meta name=\"author\" content=\"radekmalina\" \/>\n<meta name=\"twitter:card\" content=\"summary_large_image\" \/>\n<meta name=\"twitter:label1\" content=\"Written by\" \/>\n\t<meta name=\"twitter:data1\" content=\"We Love Cycling\" \/>\n\t<meta name=\"twitter:label2\" content=\"Est. reading time\" \/>\n\t<meta name=\"twitter:data2\" content=\"5\" \/>\n<script type=\"application\/ld+json\" class=\"yoast-schema-graph\">{\"@context\":\"https:\/\/schema.org\",\"@graph\":[{\"@type\":\"WebPage\",\"@id\":\"https:\/\/www.welovecycling.com\/cs\/2025\/06\/01\/zavod-miru-ovladl-marti-nejlepsim-z-cech-ctrnacty-pridal\/\",\"url\":\"https:\/\/www.welovecycling.com\/cs\/2025\/06\/01\/zavod-miru-ovladl-marti-nejlepsim-z-cech-ctrnacty-pridal\/\",\"name\":\"Z\u00e1vod m\u00edru ovl\u00e1dl Mart\u00ed, nejlep\u0161\u00edm z \u010cech\u016f \u010dtrn\u00e1ct\u00fd P\u0159idal | \u0160koda We Love Cycling - \u010cesk\u00e1 republika\",\"isPartOf\":{\"@id\":\"https:\/\/www.welovecycling.com\/cs\/#website\"},\"primaryImageOfPage\":{\"@id\":\"https:\/\/www.welovecycling.com\/cs\/2025\/06\/01\/zavod-miru-ovladl-marti-nejlepsim-z-cech-ctrnacty-pridal\/#primaryimage\"},\"image\":{\"@id\":\"https:\/\/www.welovecycling.com\/cs\/2025\/06\/01\/zavod-miru-ovladl-marti-nejlepsim-z-cech-ctrnacty-pridal\/#primaryimage\"},\"thumbnailUrl\":\"https:\/\/d2p6e6u75xmxt8.cloudfront.net\/13\/2025\/06\/PEACERACE-138355.webp\",\"datePublished\":\"2025-06-01T15:05:05+00:00\",\"dateModified\":\"2025-06-01T15:05:47+00:00\",\"author\":{\"@id\":\"https:\/\/www.welovecycling.com\/cs\/#\/schema\/person\/d9eeb0a378f3a7e4a6d12d2b536b04b8\"},\"description\":\"\u0160pan\u011bl Pau Mart\u00ed, dvacetilet\u00fd z\u00e1vodn\u00edk pat\u0159\u00edc\u00ed na soupisku kontinent\u00e1ln\u00ed st\u00e1je Israel PremierTech, vyhr\u00e1l Z\u00e1vod m\u00edru do 23 let. Nejlep\u0161\u00edm z \u010desk\u00fdch cyklist\u016f byl Tom\u00e1\u0161 P\u0159idal, kter\u00fd v absolutn\u00edm po\u0159ad\u00ed dvan\u00e1ct\u00e9ho ro\u010dn\u00edku bitvy mlad\u00fdch nad\u011bj\u00ed obsadil \u010dtrn\u00e1ctou p\u0159\u00ed\u010dku. Druh\u00e9 d\u011bjstv\u00ed seri\u00e1lu Nations Cup se jelo od 29. kv\u011btna do 1. \u010dervna v Moravskoslezsk\u00e9m a Olomouck\u00e9m kraji, partnerem mobility byla \u0160koda Auto.\",\"inLanguage\":\"cs\",\"potentialAction\":[{\"@type\":\"ReadAction\",\"target\":[\"https:\/\/www.welovecycling.com\/cs\/2025\/06\/01\/zavod-miru-ovladl-marti-nejlepsim-z-cech-ctrnacty-pridal\/\"]}]},{\"@type\":\"ImageObject\",\"inLanguage\":\"cs\",\"@id\":\"https:\/\/www.welovecycling.com\/cs\/2025\/06\/01\/zavod-miru-ovladl-marti-nejlepsim-z-cech-ctrnacty-pridal\/#primaryimage\",\"url\":\"https:\/\/d2p6e6u75xmxt8.cloudfront.net\/13\/2025\/06\/PEACERACE-138355.webp\",\"contentUrl\":\"https:\/\/d2p6e6u75xmxt8.cloudfront.net\/13\/2025\/06\/PEACERACE-138355.webp\",\"width\":2048,\"height\":1364,\"caption\":\"Z\u00e1vod m\u00edru vyhr\u00e1l \u0160pan\u011bl Pau Mart\u00ed.\"},{\"@type\":\"WebSite\",\"@id\":\"https:\/\/www.welovecycling.com\/cs\/#website\",\"url\":\"https:\/\/www.welovecycling.com\/cs\/\",\"name\":\"\u0160koda We Love Cycling - \u010cesk\u00e1 republika\",\"description\":\"WeLoveCycling.cz je online magaz\u00edn, kter\u00fd v\u00e1m pravideln\u011b p\u0159in\u00e1\u0161\u00ed rady a tipy, zaj\u00edmav\u00e9 \u010dl\u00e1nky, videa a jedine\u010dn\u00e9 report\u00e1\u017ee ze sv\u011bta cyklistiky.\",\"potentialAction\":[{\"@type\":\"SearchAction\",\"target\":{\"@type\":\"EntryPoint\",\"urlTemplate\":\"https:\/\/www.welovecycling.com\/cs\/?s={search_term_string}\"},\"query-input\":{\"@type\":\"PropertyValueSpecification\",\"valueRequired\":true,\"valueName\":\"search_term_string\"}}],\"inLanguage\":\"cs\"},{\"@type\":\"Person\",\"@id\":\"https:\/\/www.welovecycling.com\/cs\/#\/schema\/person\/d9eeb0a378f3a7e4a6d12d2b536b04b8\",\"name\":\"radekmalina\",\"image\":{\"@type\":\"ImageObject\",\"inLanguage\":\"cs\",\"@id\":\"https:\/\/www.welovecycling.com\/cs\/#\/schema\/person\/image\/\",\"url\":\"https:\/\/secure.gravatar.com\/avatar\/66994b632cb8c39a46b9f54afa3ae07201b678d32a54275b6f1c9ffec356bfc0?s=96&d=mm&r=g\",\"contentUrl\":\"https:\/\/secure.gravatar.com\/avatar\/66994b632cb8c39a46b9f54afa3ae07201b678d32a54275b6f1c9ffec356bfc0?s=96&d=mm&r=g\",\"caption\":\"radekmalina\"},\"url\":\"https:\/\/www.welovecycling.com\/cs\/author\/radekmalina\/\"}]}<\/script>\n<!-- \/ Yoast SEO Premium plugin. -->","yoast_head_json":{"title":"Z\u00e1vod m\u00edru ovl\u00e1dl Mart\u00ed, nejlep\u0161\u00edm z \u010cech\u016f \u010dtrn\u00e1ct\u00fd P\u0159idal | \u0160koda We Love Cycling - \u010cesk\u00e1 republika","description":"\u0160pan\u011bl Pau Mart\u00ed, dvacetilet\u00fd z\u00e1vodn\u00edk pat\u0159\u00edc\u00ed na soupisku kontinent\u00e1ln\u00ed st\u00e1je Israel PremierTech, vyhr\u00e1l Z\u00e1vod m\u00edru do 23 let. Nejlep\u0161\u00edm z \u010desk\u00fdch cyklist\u016f byl Tom\u00e1\u0161 P\u0159idal, kter\u00fd v absolutn\u00edm po\u0159ad\u00ed dvan\u00e1ct\u00e9ho ro\u010dn\u00edku bitvy mlad\u00fdch nad\u011bj\u00ed obsadil \u010dtrn\u00e1ctou p\u0159\u00ed\u010dku. Druh\u00e9 d\u011bjstv\u00ed seri\u00e1lu Nations Cup se jelo od 29. kv\u011btna do 1. \u010dervna v Moravskoslezsk\u00e9m a Olomouck\u00e9m kraji, partnerem mobility byla \u0160koda Auto.","robots":{"index":"index","follow":"follow","max-snippet":"max-snippet:-1","max-image-preview":"max-image-preview:large","max-video-preview":"max-video-preview:-1"},"canonical":"https:\/\/www.welovecycling.com\/cs\/2025\/06\/01\/zavod-miru-ovladl-marti-nejlepsim-z-cech-ctrnacty-pridal\/","og_locale":"cs_CZ","og_type":"article","og_title":"Z\u00e1vod m\u00edru ovl\u00e1dl Mart\u00ed, nejlep\u0161\u00edm z \u010cech\u016f \u010dtrn\u00e1ct\u00fd P\u0159idal","og_description":"\u0160pan\u011bl Pau Mart\u00ed, dvacetilet\u00fd z\u00e1vodn\u00edk pat\u0159\u00edc\u00ed na soupisku kontinent\u00e1ln\u00ed st\u00e1je Israel PremierTech, vyhr\u00e1l Z\u00e1vod m\u00edru do 23 let. Nejlep\u0161\u00edm z \u010desk\u00fdch cyklist\u016f byl Tom\u00e1\u0161 P\u0159idal, kter\u00fd v absolutn\u00edm po\u0159ad\u00ed dvan\u00e1ct\u00e9ho ro\u010dn\u00edku bitvy mlad\u00fdch nad\u011bj\u00ed obsadil \u010dtrn\u00e1ctou p\u0159\u00ed\u010dku. Druh\u00e9 d\u011bjstv\u00ed seri\u00e1lu Nations Cup se jelo od 29. kv\u011btna do 1. \u010dervna v Moravskoslezsk\u00e9m a Olomouck\u00e9m kraji, partnerem mobility byla \u0160koda Auto.","og_url":"https:\/\/www.welovecycling.com\/cs\/2025\/06\/01\/zavod-miru-ovladl-marti-nejlepsim-z-cech-ctrnacty-pridal\/","og_site_name":"\u0160koda We Love Cycling - \u010cesk\u00e1 republika","article_published_time":"2025-06-01T15:05:05+00:00","article_modified_time":"2025-06-01T15:05:47+00:00","og_image":[{"width":2048,"height":1364,"url":"https:\/\/d2p6e6u75xmxt8.cloudfront.net\/13\/2025\/06\/PEACERACE-138355.webp","type":"image\/webp"}],"author":"radekmalina","twitter_card":"summary_large_image","twitter_misc":{"Written by":"We Love Cycling","Est. reading time":"5"},"schema":{"@context":"https:\/\/schema.org","@graph":[{"@type":"WebPage","@id":"https:\/\/www.welovecycling.com\/cs\/2025\/06\/01\/zavod-miru-ovladl-marti-nejlepsim-z-cech-ctrnacty-pridal\/","url":"https:\/\/www.welovecycling.com\/cs\/2025\/06\/01\/zavod-miru-ovladl-marti-nejlepsim-z-cech-ctrnacty-pridal\/","name":"Z\u00e1vod m\u00edru ovl\u00e1dl Mart\u00ed, nejlep\u0161\u00edm z \u010cech\u016f \u010dtrn\u00e1ct\u00fd P\u0159idal | \u0160koda We Love Cycling - \u010cesk\u00e1 republika","isPartOf":{"@id":"https:\/\/www.welovecycling.com\/cs\/#website"},"primaryImageOfPage":{"@id":"https:\/\/www.welovecycling.com\/cs\/2025\/06\/01\/zavod-miru-ovladl-marti-nejlepsim-z-cech-ctrnacty-pridal\/#primaryimage"},"image":{"@id":"https:\/\/www.welovecycling.com\/cs\/2025\/06\/01\/zavod-miru-ovladl-marti-nejlepsim-z-cech-ctrnacty-pridal\/#primaryimage"},"thumbnailUrl":"https:\/\/d2p6e6u75xmxt8.cloudfront.net\/13\/2025\/06\/PEACERACE-138355.webp","datePublished":"2025-06-01T15:05:05+00:00","dateModified":"2025-06-01T15:05:47+00:00","author":{"@id":"https:\/\/www.welovecycling.com\/cs\/#\/schema\/person\/d9eeb0a378f3a7e4a6d12d2b536b04b8"},"description":"\u0160pan\u011bl Pau Mart\u00ed, dvacetilet\u00fd z\u00e1vodn\u00edk pat\u0159\u00edc\u00ed na soupisku kontinent\u00e1ln\u00ed st\u00e1je Israel PremierTech, vyhr\u00e1l Z\u00e1vod m\u00edru do 23 let. Nejlep\u0161\u00edm z \u010desk\u00fdch cyklist\u016f byl Tom\u00e1\u0161 P\u0159idal, kter\u00fd v absolutn\u00edm po\u0159ad\u00ed dvan\u00e1ct\u00e9ho ro\u010dn\u00edku bitvy mlad\u00fdch nad\u011bj\u00ed obsadil \u010dtrn\u00e1ctou p\u0159\u00ed\u010dku. Druh\u00e9 d\u011bjstv\u00ed seri\u00e1lu Nations Cup se jelo od 29. kv\u011btna do 1. \u010dervna v Moravskoslezsk\u00e9m a Olomouck\u00e9m kraji, partnerem mobility byla \u0160koda Auto.","inLanguage":"cs","potentialAction":[{"@type":"ReadAction","target":["https:\/\/www.welovecycling.com\/cs\/2025\/06\/01\/zavod-miru-ovladl-marti-nejlepsim-z-cech-ctrnacty-pridal\/"]}]},{"@type":"ImageObject","inLanguage":"cs","@id":"https:\/\/www.welovecycling.com\/cs\/2025\/06\/01\/zavod-miru-ovladl-marti-nejlepsim-z-cech-ctrnacty-pridal\/#primaryimage","url":"https:\/\/d2p6e6u75xmxt8.cloudfront.net\/13\/2025\/06\/PEACERACE-138355.webp","contentUrl":"https:\/\/d2p6e6u75xmxt8.cloudfront.net\/13\/2025\/06\/PEACERACE-138355.webp","width":2048,"height":1364,"caption":"Z\u00e1vod m\u00edru vyhr\u00e1l \u0160pan\u011bl Pau Mart\u00ed."},{"@type":"WebSite","@id":"https:\/\/www.welovecycling.com\/cs\/#website","url":"https:\/\/www.welovecycling.com\/cs\/","name":"\u0160koda We Love Cycling - \u010cesk\u00e1 republika","description":"WeLoveCycling.cz je online magaz\u00edn, kter\u00fd v\u00e1m pravideln\u011b p\u0159in\u00e1\u0161\u00ed rady a tipy, zaj\u00edmav\u00e9 \u010dl\u00e1nky, videa a jedine\u010dn\u00e9 report\u00e1\u017ee ze sv\u011bta cyklistiky.","potentialAction":[{"@type":"SearchAction","target":{"@type":"EntryPoint","urlTemplate":"https:\/\/www.welovecycling.com\/cs\/?s={search_term_string}"},"query-input":{"@type":"PropertyValueSpecification","valueRequired":true,"valueName":"search_term_string"}}],"inLanguage":"cs"},{"@type":"Person","@id":"https:\/\/www.welovecycling.com\/cs\/#\/schema\/person\/d9eeb0a378f3a7e4a6d12d2b536b04b8","name":"radekmalina","image":{"@type":"ImageObject","inLanguage":"cs","@id":"https:\/\/www.welovecycling.com\/cs\/#\/schema\/person\/image\/","url":"https:\/\/secure.gravatar.com\/avatar\/66994b632cb8c39a46b9f54afa3ae07201b678d32a54275b6f1c9ffec356bfc0?s=96&d=mm&r=g","contentUrl":"https:\/\/secure.gravatar.com\/avatar\/66994b632cb8c39a46b9f54afa3ae07201b678d32a54275b6f1c9ffec356bfc0?s=96&d=mm&r=g","caption":"radekmalina"},"url":"https:\/\/www.welovecycling.com\/cs\/author\/radekmalina\/"}]}},"_links":{"self":[{"href":"https:\/\/www.welovecycling.com\/cs\/wp-json\/wp\/v2\/posts\/29319","targetHints":{"allow":["GET"]}}],"collection":[{"href":"https:\/\/www.welovecycling.com\/cs\/wp-json\/wp\/v2\/posts"}],"about":[{"href":"https:\/\/www.welovecycling.com\/cs\/wp-json\/wp\/v2\/types\/post"}],"author":[{"embeddable":true,"href":"https:\/\/www.welovecycling.com\/cs\/wp-json\/wp\/v2\/users\/138"}],"replies":[{"embeddable":true,"href":"https:\/\/www.welovecycling.com\/cs\/wp-json\/wp\/v2\/comments?post=29319"}],"version-history":[{"count":2,"href":"https:\/\/www.welovecycling.com\/cs\/wp-json\/wp\/v2\/posts\/29319\/revisions"}],"predecessor-version":[{"id":29325,"href":"https:\/\/www.welovecycling.com\/cs\/wp-json\/wp\/v2\/posts\/29319\/revisions\/29325"}],"wp:featuredmedia":[{"embeddable":true,"href":"https:\/\/www.welovecycling.com\/cs\/wp-json\/wp\/v2\/media\/29322"}],"wp:attachment":[{"href":"https:\/\/www.welovecycling.com\/cs\/wp-json\/wp\/v2\/media?parent=29319"}],"wp:term":[{"taxonomy":"category","embeddable":true,"href":"https:\/\/www.welovecycling.com\/cs\/wp-json\/wp\/v2\/categories?post=29319"},{"taxonomy":"post_tag","embeddable":true,"href":"https:\/\/www.welovecycling.com\/cs\/wp-json\/wp\/v2\/tags?post=29319"},{"taxonomy":"global-categories","embeddable":true,"href":"https:\/\/www.welovecycling.com\/cs\/wp-json\/wp\/v2\/global-categories?post=29319"}],"curies":[{"name":"wp","href":"https:\/\/api.w.org\/{rel}","templated":true}]}}