{"id":29307,"date":"2025-06-01T15:02:34","date_gmt":"2025-06-01T13:02:34","guid":{"rendered":"https:\/\/www.welovecycling.com\/cs\/?p=29307"},"modified":"2025-06-01T15:12:23","modified_gmt":"2025-06-01T13:12:23","slug":"simon-yates-zahnal-demony-z-finestre-a-slavi-ruzovy-trikot","status":"publish","type":"post","link":"https:\/\/www.welovecycling.com\/cs\/2025\/06\/01\/simon-yates-zahnal-demony-z-finestre-a-slavi-ruzovy-trikot\/","title":{"rendered":"Simon Yates zahnal d\u00e9mony z Finestre a slav\u00ed r\u016f\u017eov\u00fd trikot"},"content":{"rendered":"<p><strong>Simon Yates zahnal d\u00e9mony, co jej pron\u00e1sledovali sedm let! Brut\u00e1ln\u00ed kopec Colle della Finestre ho na ja\u0159e 2018 p\u0159ipravil o v\u00edt\u011bzstv\u00ed na Giro di Italia. Stejn\u00e9 stoup\u00e1n\u00ed posledn\u00ed kv\u011btnov\u00fd den roku 2025 katapultovalo\u00a0 britsk\u00e9ho cyklistucyklistick\u00fdch nebes. Dvaat\u0159icetilet\u00fd podce\u0148ovan\u00fd z\u00e1vodn\u00edk formace Visma Lease a Bike drtiv\u00fdm \u00fatokem rozhodl bitvu o r\u016f\u017eov\u00fd trikot!<\/strong><\/p>\n<p>&#8222;Jsem tak dojat\u00fd,&#8220; zalyk\u00e1 se \u0161t\u011bst\u00edm Simon Yates, kdy\u017e projede c\u00edlem dvac\u00e1t\u00e9 etapy Giro di Italia 2025 s v\u011bdom\u00edm, \u017ee prvn\u00ed \u010dervnov\u00fd den v \u0158\u00edm\u011b pozvedne nad hlavu nekone\u010dnou trofej pro v\u00edt\u011bze prvn\u00ed Grand Tour sezony.<\/p>\n<h2><strong>Na Finestre p\u0159i debutu ztratil 38 minut<\/strong><\/h2>\n<p>Debut v bitv\u011b o maglia rosa &#8211; r\u016f\u017eov\u00fd trikot &#8211; absolvoval v sezon\u011b 2018. Tehdy je\u0161t\u011b coby l\u00eddr formace Mitchelton Scott. Od \u0161est\u00e9 etapy s dojezdem na Etnu se dr\u017e\u00ed v \u010dele pr\u016fb\u011b\u017en\u00e9ho po\u0159ad\u00ed. Vyhraje dev\u00e1tou, jeden\u00e1ctou a patn\u00e1ctou etapu. Do posledn\u00edho t\u00fddne vstupuje s r\u016f\u017eov\u00fdm trikotem a n\u00e1skokem dvou minut a jeden\u00e1cti sekund na druh\u00e9ho Toma Dumoulina z t\u00fdmu Sunweb. A\u017e sedm\u00fd je Chris Froome, l\u00eddr Sky, s mankem 4:52 minuty.<\/p>\n<p>Devaten\u00e1ct\u00e9 d\u011bjstv\u00ed tehdy zavede peloton na Colle delle Finestre. Celkem 18,4 kilometr\u016f dlouh\u00e9 stoup\u00e1n\u00ed s pr\u016fm\u011brn\u00fdm sklonem 9,2 procent, p\u0159i\u010dem\u017e posledn\u00edch osm kilometr\u016f je po \u0161otolin\u011b. P\u0159esn\u011bji \u0159e\u010deno po p\u00edsku, v n\u011bm\u017e kolo nesed\u00ed, podkluzuje a neust\u00e1le odskakuje. Vy\u0161kr\u00e1bat se do nadmo\u0159sk\u00e9 v\u00fd\u0161ky 2171 metr\u016f zabere i nejrychlej\u0161\u00edm profesion\u00e1l\u016fm lehce p\u0159es hodinu.<\/p>\n<figure id=\"attachment_29310\" aria-describedby=\"caption-attachment-29310\" style=\"width: 1800px\" class=\"wp-caption alignnone\"><a href=\"https:\/\/d2p6e6u75xmxt8.cloudfront.net\/13\/2025\/06\/profimedia-1005853822.webp\"><img loading=\"lazy\" decoding=\"async\" class=\"size-full wp-image-29310\" src=\"https:\/\/d2p6e6u75xmxt8.cloudfront.net\/13\/2025\/06\/profimedia-1005853822.webp\" alt=\"\" width=\"1800\" height=\"1200\" srcset=\"https:\/\/d2p6e6u75xmxt8.cloudfront.net\/13\/2025\/06\/profimedia-1005853822.webp 1800w, https:\/\/d2p6e6u75xmxt8.cloudfront.net\/13\/2025\/06\/profimedia-1005853822-300x200.webp 300w, https:\/\/d2p6e6u75xmxt8.cloudfront.net\/13\/2025\/06\/profimedia-1005853822-1024x683.webp 1024w, https:\/\/d2p6e6u75xmxt8.cloudfront.net\/13\/2025\/06\/profimedia-1005853822-768x512.webp 768w, https:\/\/d2p6e6u75xmxt8.cloudfront.net\/13\/2025\/06\/profimedia-1005853822-1536x1024.webp 1536w, https:\/\/d2p6e6u75xmxt8.cloudfront.net\/13\/2025\/06\/profimedia-1005853822-400x267.webp 400w, https:\/\/d2p6e6u75xmxt8.cloudfront.net\/13\/2025\/06\/profimedia-1005853822-272x182.webp 272w\" sizes=\"auto, (max-width: 1800px) 100vw, 1800px\" \/><\/a><figcaption id=\"caption-attachment-29310\" class=\"wp-caption-text\"><em>Simon Yates p\u0159i v\u00fdstupu na Finestre p\u0159i Giru 2025. Foto: profimedia (3x)<\/em><\/figcaption><\/figure>\n<p>Simon Yates se u\u017e p\u0159ed startem nec\u00edt\u00ed dob\u0159e. Bojuje s nachlazen\u00edm. Ale blafuje a ned\u00e1v\u00e1 nic zn\u00e1t. Jen\u017ee na Finestre p\u0159ijde tot\u00e1ln\u00ed v\u00fdbuch. Domestici nejsou schopn\u00ed sv\u00e9ho l\u00eddra udr\u017eet v tempu. Borec z Velk\u00e9 Brit\u00e1nie, jeho\u017e z\u00e1vodn\u00ed v\u00e1ha je osmapades\u00e1t kilogram\u016f, po t\u0159in\u00e1cti dnech v r\u016f\u017eov\u00e9m trikotu ztrat\u00ed 38 minut a 51 sekund. Propadne se na osmn\u00e1ctou pozici. Kr\u00e1lem Gira se tehdy stane Chris Froome. &#8222;V\u0161ichni mi pak Finestre p\u0159edhazovali. Po\u0159\u00e1d. Znovu a znovu. Byla to no\u010dn\u00ed m\u016fra,&#8220; p\u0159izn\u00e1 Simon Yates.<\/p>\n<p>O p\u00e1r m\u011bs\u00edc\u016f pozd\u011bji po megav\u00fdbuchu si sprav\u00ed chu\u0165 celkov\u00fdm triumfem p\u0159i Vuelt\u011b. Na Giro se pravideln\u011b vrac\u00ed. Ale vysn\u011bn\u00fd triumf je daleko. Nejv\u00edce se p\u0159ibl\u00ed\u017e\u00ed v sezon\u011b 2021, kdy kon\u010d\u00ed t\u0159et\u00ed. Ani letos, p\u0159i \u0161est\u00e9 \u00fa\u010dasti v bitv\u011b o maglia rosa, nepat\u0159\u00ed k favorit\u016fm. V gener\u00e1lk\u00e1ch p\u0159i z\u00e1vodech Tirreno-Adriatico a Kolem Katal\u00e1nska nijak nez\u00e1\u0159il. Skon\u010dil \u010dtrn\u00e1ct\u00fd, respektive dev\u00e1t\u00fd. Nic nenasv\u011bd\u010dovalo, \u017ee by m\u011bl v It\u00e1lii vyhr\u00e1t druhou Grand Tour kari\u00e9ry.<\/p>\n<h2><strong>Simon Yates si etapu vybral u\u017e v zim\u011b<\/strong><\/h2>\n<p>A pr\u016fb\u011bh samotn\u00e9ho Giro di Italia 2025? Devaten\u00e1ct etap o n\u011bm nebylo prakticky v\u011bd\u011bt. Pozornost poutal Richard Carapaz, l\u00eddr EF Education EasyPost, a Isaac del Toro, kter\u00fd se ne\u010dekan\u011b stal jedni\u010dkou UAE Emiratex XRG, co\u017e vyvolalo uvnit\u0159 milion\u00e1\u0159sk\u00e9ho t\u00fdmu zna\u010dn\u00e9 pnut\u00ed.<\/p>\n<p>&#8222;Z m\u00e9ho pohledu bylo jasn\u00e9, \u017ee rozhoduj\u00edc\u00ed bude posledn\u00ed t\u00fdden. \u00dakolem bylo z\u016fstat v bezpe\u010d\u00ed a neztr\u00e1cet zbyte\u010dn\u011b sekundy \u010di snad minuty. T\u00fdmov\u00ed kolegov\u00e9 mi v\u017edy pomohli, abych byl ve spr\u00e1vn\u00fd \u010das na spr\u00e1vn\u00e9m m\u00edst\u011b,&#8220; glosoval pr\u016fb\u011bh Gira Simon Yates.<\/p>\n<div class=\"shortcode-ys-post-pinup\"><article class=\"loop-simple post-29244 post type-post status-publish format-standard has-post-thumbnail hentry category-silnicni-cyklistika tag-cyklistika tag-fabian-cancellara tag-giro-2025 tag-julian-alaphilippe tag-silnicni-cyklistika tag-tour-de-france tag-tudor-pro-cycling global-categories-cycling\" data-postid=\"29244\" role=\"article\" data-post-id=\"29244\" data-word-count=\"838\" data-headline-length=\"82\" data-category=\"Silni\u010dn\u00ed cyklistika\" data-global-category=\"Cycling\" data-author=\"Radek Malina\" data-published=\"2025-05-26T05:00:08+02:00\" data-published-day=\"Monday\">\n    <div class=\"entry-thumbnail article-thumbnail\" content=\"https:\/\/d2p6e6u75xmxt8.cloudfront.net\/13\/2025\/05\/TUDOR_140-150x150.webp\"><a href=\"https:\/\/www.welovecycling.com\/cs\/2025\/05\/26\/fabian-cancellara-v-praze-kolik-ho-stala-tour-de-france-i-o-vyznamu-alaphilippa\/\" class=\"image-holder\" target=\"_self\"><img decoding=\"async\" loading=\"lazy\" class=\"\" src=\"https:\/\/d2p6e6u75xmxt8.cloudfront.net\/13\/2025\/05\/TUDOR_140-1024x812.webp\" srcset=\"https:\/\/d2p6e6u75xmxt8.cloudfront.net\/13\/2025\/05\/TUDOR_140-scaled.webp 2560w, https:\/\/d2p6e6u75xmxt8.cloudfront.net\/13\/2025\/05\/TUDOR_140-300x238.webp 300w, https:\/\/d2p6e6u75xmxt8.cloudfront.net\/13\/2025\/05\/TUDOR_140-1024x812.webp 1024w, https:\/\/d2p6e6u75xmxt8.cloudfront.net\/13\/2025\/05\/TUDOR_140-768x609.webp 768w, https:\/\/d2p6e6u75xmxt8.cloudfront.net\/13\/2025\/05\/TUDOR_140-1536x1218.webp 1536w, https:\/\/d2p6e6u75xmxt8.cloudfront.net\/13\/2025\/05\/TUDOR_140-2048x1625.webp 2048w, https:\/\/d2p6e6u75xmxt8.cloudfront.net\/13\/2025\/05\/TUDOR_140-1920x1523.webp 1920w, https:\/\/d2p6e6u75xmxt8.cloudfront.net\/13\/2025\/05\/TUDOR_140-400x317.webp 400w, https:\/\/d2p6e6u75xmxt8.cloudfront.net\/13\/2025\/05\/TUDOR_140-1920x1523.webp 1920w\" width=\"1024\" height=\"812\" sizes=\"auto, (min-width: 1200px) 300px, (min-width: 768px) 25vw, 100vw\" alt=\"fabian-cancellara-v-praze-kolik-ho-stala-tour-de-france-i-o-vyznamu-alaphilippa\"\/><\/a><\/div>    <div class=\"entry-meta\">\n        <a class=\"label label-secondary post-category\" href=\"https:\/\/www.welovecycling.com\/cs\/category\/silnicni-cyklistika\/\" title=\"Silni\u010dn\u00ed cyklistika\">Silni\u010dn\u00ed cyklistika<\/a>\n    <\/div>\n    <div class=\"entry-details\">\n        <a href=\"https:\/\/www.welovecycling.com\/cs\/2025\/05\/26\/fabian-cancellara-v-praze-kolik-ho-stala-tour-de-france-i-o-vyznamu-alaphilippa\/\" class='entry-title-wrapper'>\n            <h3 class=\"entry-title\"><span>Fabian Cancellara v Praze! Kolik ho st\u00e1la Tour de France i o v\u00fdznamu Alaphilippa<\/span><\/h3>\n        <\/a>\n    <\/div>\n    <\/article>\n<\/div>\n<p>Do etapy vedouc\u00ed na Finestre vstupoval s mankem 1:21 minuty na prvn\u00ed pozici. A kdy\u017e se do brut\u00e1ln\u00edho kopce najelo, Carapaz i Del Toro zmizeli ze zorn\u00e9ho pohledu britsk\u00e9ho cyklisty. Jen\u017ee Simon Yates dr\u017eel svoje tempo. Pravidelnou kadenc\u00ed se dot\u00e1hl na dva l\u00eddry pr\u016fb\u011b\u017en\u00e9ho po\u0159ad\u00ed, aby je z\u00e1hy nechal daleko za sebou&#8230;<\/p>\n<p>Poprv\u00e9 od slavn\u00e9ho v\u00fdbuchu nyn\u011bj\u0161\u00edho l\u00eddra Visma Lease a Bike byl ob\u00e1van\u00fd vrchol v itiner\u00e1\u0159i Gira. &#8222;U\u017e v zim\u011b jsem si tuhle etapu vyhl\u00e9dl. Jakmile organiz\u00e1to\u0159i zve\u0159ejnili tra\u0165 z\u00e1vodu, m\u011bl jsem jasno. V\u011bd\u011bl jsem, \u017ee se vr\u00e1t\u00edm. Cht\u011bl jsem uzav\u0159\u00edt kruh a kapitolu Finestre,&#8220; p\u0159iznal v c\u00edli Simon Yates. &#8222;Nemyslel jsem p\u0159itom na celkov\u00e9 v\u00edt\u011bzstv\u00ed, ale na etapu.&#8220;<\/p>\n<h2><strong>Vytvo\u0159il rekord brut\u00e1ln\u00edho stoup\u00e1n\u00ed<\/strong><\/h2>\n<p>On v\u0161ak v posledn\u00ed mo\u017en\u00fd okam\u017eik zvr\u00e1t\u00ed bitvu o maglia rosa 2025. V brut\u00e1ln\u00edm stoup\u00e1n\u00ed Colle della Finestre. Par\u00e1dn\u00edm p\u0159edstaven\u00edm na cest\u011b k vrcholu i p\u0159i n\u00e1sledn\u00e9m sjezdu, kdy byl kl\u00ed\u010dov\u00fdm hr\u00e1\u010dem Wout van Aert, v\u011brn\u00fd par\u0165\u00e1k, jen\u017e si nalo\u017eil britsk\u00e9ho t\u00fdmov\u00e9ho kolegu do h\u00e1ku a cestou do c\u00edlov\u00e9ho Sestriere vytvo\u0159ili rozhoduj\u00edc\u00ed odstup. C\u00edlem projel Simon Yates t\u0159et\u00ed, ale jako jist\u00fd v\u00edt\u011bz Gira 2025.<\/p>\n<figure id=\"attachment_29308\" aria-describedby=\"caption-attachment-29308\" style=\"width: 1800px\" class=\"wp-caption alignnone\"><a href=\"https:\/\/d2p6e6u75xmxt8.cloudfront.net\/13\/2025\/06\/profimedia-1005686308.webp\"><img loading=\"lazy\" decoding=\"async\" class=\"size-full wp-image-29308\" src=\"https:\/\/d2p6e6u75xmxt8.cloudfront.net\/13\/2025\/06\/profimedia-1005686308.webp\" alt=\"\" width=\"1800\" height=\"1225\" srcset=\"https:\/\/d2p6e6u75xmxt8.cloudfront.net\/13\/2025\/06\/profimedia-1005686308.webp 1800w, https:\/\/d2p6e6u75xmxt8.cloudfront.net\/13\/2025\/06\/profimedia-1005686308-300x204.webp 300w, https:\/\/d2p6e6u75xmxt8.cloudfront.net\/13\/2025\/06\/profimedia-1005686308-1024x697.webp 1024w, https:\/\/d2p6e6u75xmxt8.cloudfront.net\/13\/2025\/06\/profimedia-1005686308-768x523.webp 768w, https:\/\/d2p6e6u75xmxt8.cloudfront.net\/13\/2025\/06\/profimedia-1005686308-1536x1045.webp 1536w, https:\/\/d2p6e6u75xmxt8.cloudfront.net\/13\/2025\/06\/profimedia-1005686308-400x272.webp 400w\" sizes=\"auto, (max-width: 1800px) 100vw, 1800px\" \/><\/a><figcaption id=\"caption-attachment-29308\" class=\"wp-caption-text\"><em>Simon Yates (vpravo)\u00a0 chystaj\u00edc\u00ed se k \u00fatoku na Finestre. Vlevo Isaac del Toro a uprost\u0159ed Richard Carapaz.\u00a0<\/em><\/figcaption><\/figure>\n<p>&#8222;Nejsem fanou\u0161kem Finestre. P\u0159ed sedmi lety jsem stra\u0161n\u011b trp\u011bl. A ani te\u010f se m\u016fj pohled nezm\u011bn\u00ed,&#8220; usm\u00e1l se po velkolep\u00e9m triumfu. &#8222;C\u00edtil jsem se velmi dob\u0159e cel\u00e9 Giro. Ale cel\u00fd z\u00e1vod jsem nem\u011bl prostor uk\u00e1zat, co ve mn\u011b je. Ale ve dvac\u00e1t\u00e9 etap\u011b ano. Je\u0161t\u011b r\u00e1no jsem p\u0159itom pochyboval, jestli jsem n\u011b\u010deho takov\u00e9ho schopen. Carapaz i Del Toro byli po v\u011bt\u0161inu z\u00e1vodu siln\u011bj\u0161\u00ed ne\u017e j\u00e1. Ale t\u00fdm mi vyj\u00e1d\u0159il velkou podporu,&#8220; vypr\u00e1v\u011bl Simon Yates. &#8222;Je to poh\u00e1dka a j\u00e1 nemohu uv\u011b\u0159it, \u017ee jsem ji do\u010detl.&#8220;<\/p>\n<p>Je kr\u00e1lem maglia rosa. A dva soupe\u0159i si mus\u00ed p\u0159ipadat jako \u0161a\u0161ci. Richard Carapaz a Del Toro se tak usilovn\u011b ha\u0161te\u0159ili a hl\u00eddali mezi sebou, \u017ee jim \u00fapln\u011b unikla velikost v\u00fdkonu britsk\u00e9ho z\u00e1vodn\u00edka. &#8222;Mo\u017en\u00e1 jsme byli nejsiln\u011bj\u0161\u00ed, ale nebyli jsme nejchyt\u0159ej\u0161\u00ed,&#8220; shrnul Richard Carapaz jedinou v\u011btou potupu z Finestre.<\/p>\n<div class=\"shortcode-ys-post-pinup\"><article class=\"loop-simple post-29259 post type-post status-publish format-standard has-post-thumbnail hentry category-silnicni-cyklistika tag-cross-country tag-cyklistika tag-horska-kola tag-mathieu-van-der-poel tag-nove-mesto-na-morave tag-ondrej-cink tag-svetovy-pohar global-categories-cycling\" data-postid=\"29259\" role=\"article\" data-post-id=\"29259\" data-word-count=\"399\" data-headline-length=\"90\" data-category=\"Silni\u010dn\u00ed cyklistika\" data-global-category=\"Cycling\" data-author=\"Radek Malina\" data-published=\"2025-05-25T15:06:48+02:00\" data-published-day=\"Sunday\">\n    <div class=\"entry-thumbnail article-thumbnail\" content=\"https:\/\/d2p6e6u75xmxt8.cloudfront.net\/13\/2025\/05\/profimedia-1003266611-150x150.webp\"><a href=\"https:\/\/www.welovecycling.com\/cs\/2025\/05\/25\/v-kotrmelcich-a-zkrvaveny-mathieu-van-der-poel-prozil-v-cesku-horky-navrat-na-biky\/\" class=\"image-holder\" target=\"_self\"><img decoding=\"async\" loading=\"lazy\" class=\"\" src=\"https:\/\/d2p6e6u75xmxt8.cloudfront.net\/13\/2025\/05\/profimedia-1003266611-1024x809.webp\" srcset=\"https:\/\/d2p6e6u75xmxt8.cloudfront.net\/13\/2025\/05\/profimedia-1003266611.webp 1800w, https:\/\/d2p6e6u75xmxt8.cloudfront.net\/13\/2025\/05\/profimedia-1003266611-300x237.webp 300w, https:\/\/d2p6e6u75xmxt8.cloudfront.net\/13\/2025\/05\/profimedia-1003266611-1024x809.webp 1024w, https:\/\/d2p6e6u75xmxt8.cloudfront.net\/13\/2025\/05\/profimedia-1003266611-768x607.webp 768w, https:\/\/d2p6e6u75xmxt8.cloudfront.net\/13\/2025\/05\/profimedia-1003266611-1536x1213.webp 1536w, https:\/\/d2p6e6u75xmxt8.cloudfront.net\/13\/2025\/05\/profimedia-1003266611-400x316.webp 400w\" width=\"1024\" height=\"809\" sizes=\"auto, (min-width: 1200px) 300px, (min-width: 768px) 25vw, 100vw\" alt=\"v-kotrmelcich-a-zkrvaveny-mathieu-van-der-poel-prozil-v-cesku-horky-navrat-na-biky\"\/><\/a><\/div>    <div class=\"entry-meta\">\n        <a class=\"label label-secondary post-category\" href=\"https:\/\/www.welovecycling.com\/cs\/category\/silnicni-cyklistika\/\" title=\"Silni\u010dn\u00ed cyklistika\">Silni\u010dn\u00ed cyklistika<\/a>\n    <\/div>\n    <div class=\"entry-details\">\n        <a href=\"https:\/\/www.welovecycling.com\/cs\/2025\/05\/25\/v-kotrmelcich-a-zkrvaveny-mathieu-van-der-poel-prozil-v-cesku-horky-navrat-na-biky\/\" class='entry-title-wrapper'>\n            <h3 class=\"entry-title\"><span>V kotrmelc\u00edch a zkrvaven\u00fd. Mathieu van der Poel pro\u017eil v \u010cesku ho\u0159k\u00fd n\u00e1vrat na biky<\/span><\/h3>\n        <\/a>\n    <\/div>\n    <\/article>\n<\/div>\n<p>Kopce, kde Simon Yates zahnal d\u00e9mony. A vybojoval \u017eivotn\u00ed v\u00edt\u011bzstv\u00ed. Sedm let od ob\u0159\u00edho propad\u00e1ku poko\u0159il Colle della Finestre za 59 minut a 23 sekund, co\u017e je nejrychlej\u0161\u00ed \u010das v historii. &#8222;Giro pro m\u011b bylo c\u00edlem mnoho sezon. Pro\u017eil jsem mnoho ne\u00fasp\u011bch\u016f. Tohle je spln\u011bn\u00ed \u017eivotn\u00edho snu,&#8220; ulevil si Simon Yates.<\/p>\n<p>A pozor. Kdy\u017e naposledy formace Visma Lease a Bike ovl\u00e1dla <a href=\"https:\/\/www.welovecycling.com\/cs\/2025\/05\/07\/giro-2025-a-vse-co-potrebujete-vedet\/\">Giro<\/a> (2023 s Rogli\u010dem), n\u00e1sledn\u011b opanovala i Tour de France (Vingegaard) a Vueltu (Kuss). Do\u010dk\u00e1me se stejn\u00e9ho sc\u00e9n\u00e1\u0159e v sezon\u011b 2025?<\/p>\n","protected":false},"excerpt":{"rendered":"<p>Simon Yates zahnal d\u00e9mony, co jej pron\u00e1sledovali sedm let! Brut\u00e1ln\u00ed kopec Colle della Finestre ho na ja\u0159e 2018 p\u0159ipravil o [&hellip;]<\/p>\n","protected":false},"author":138,"featured_media":29309,"comment_status":"open","ping_status":"open","sticky":false,"template":"","format":"standard","meta":{"footnotes":""},"categories":[10],"tags":[126,3842,9,939],"global-categories":[411],"class_list":["post-29307","post","type-post","status-publish","format-standard","has-post-thumbnail","hentry","category-silnicni-cyklistika","tag-cyklistika","tag-giro-2025","tag-silnicni-cyklistika","tag-simon-yates","global-categories-cycling"],"yoast_head":"<!-- This site is optimized with the Yoast SEO Premium plugin v25.3 (Yoast SEO v25.9) - https:\/\/yoast.com\/wordpress\/plugins\/seo\/ -->\n<title>Simon Yates zahnal d\u00e9mony z Finestre a slav\u00ed r\u016f\u017eov\u00fd trikot | \u0160koda We Love Cycling - \u010cesk\u00e1 republika<\/title>\n<meta name=\"description\" content=\"Simon Yates zahnal d\u00e9mony, kter\u00e9 ho sedm let pron\u00e1sledovaly! Brut\u00e1ln\u00ed kopec Colle della Finestre jej na ja\u0159e 2018 p\u0159ipravil o v\u00edt\u011bzstv\u00ed na Giro di Italia. Stejn\u00e9 stoup\u00e1n\u00ed jej posledn\u00ed kv\u011btnov\u00fd den roku 2025 katapultovalo cyklistick\u00fdch nebes. Dvaat\u0159icetilet\u00fd podce\u0148ovan\u00fd z\u00e1vodn\u00edk formace Visma Lease a Bike drtiv\u00fdm \u00fatokem rozhodl o triumfu v bitv\u011b o r\u016f\u017eov\u00fd trikot!\" \/>\n<meta name=\"robots\" content=\"index, follow, max-snippet:-1, max-image-preview:large, max-video-preview:-1\" \/>\n<link rel=\"canonical\" href=\"https:\/\/www.welovecycling.com\/cs\/2025\/06\/01\/simon-yates-zahnal-demony-z-finestre-a-slavi-ruzovy-trikot\/\" \/>\n<meta property=\"og:locale\" content=\"cs_CZ\" \/>\n<meta property=\"og:type\" content=\"article\" \/>\n<meta property=\"og:title\" content=\"Simon Yates zahnal d\u00e9mony z Finestre a slav\u00ed r\u016f\u017eov\u00fd trikot\" \/>\n<meta property=\"og:description\" content=\"Simon Yates zahnal d\u00e9mony, kter\u00e9 ho sedm let pron\u00e1sledovaly! Brut\u00e1ln\u00ed kopec Colle della Finestre jej na ja\u0159e 2018 p\u0159ipravil o v\u00edt\u011bzstv\u00ed na Giro di Italia. Stejn\u00e9 stoup\u00e1n\u00ed jej posledn\u00ed kv\u011btnov\u00fd den roku 2025 katapultovalo cyklistick\u00fdch nebes. Dvaat\u0159icetilet\u00fd podce\u0148ovan\u00fd z\u00e1vodn\u00edk formace Visma Lease a Bike drtiv\u00fdm \u00fatokem rozhodl o triumfu v bitv\u011b o r\u016f\u017eov\u00fd trikot!\" \/>\n<meta property=\"og:url\" content=\"https:\/\/www.welovecycling.com\/cs\/2025\/06\/01\/simon-yates-zahnal-demony-z-finestre-a-slavi-ruzovy-trikot\/\" \/>\n<meta property=\"og:site_name\" content=\"\u0160koda We Love Cycling - \u010cesk\u00e1 republika\" \/>\n<meta property=\"article:published_time\" content=\"2025-06-01T13:02:34+00:00\" \/>\n<meta property=\"article:modified_time\" content=\"2025-06-01T13:12:23+00:00\" \/>\n<meta property=\"og:image\" content=\"https:\/\/d2p6e6u75xmxt8.cloudfront.net\/13\/2025\/06\/profimedia-1005856550.webp\" \/>\n\t<meta property=\"og:image:width\" content=\"1800\" \/>\n\t<meta property=\"og:image:height\" content=\"1200\" \/>\n\t<meta property=\"og:image:type\" content=\"image\/webp\" \/>\n<meta name=\"author\" content=\"radekmalina\" \/>\n<meta name=\"twitter:card\" content=\"summary_large_image\" \/>\n<meta name=\"twitter:label1\" content=\"Written by\" \/>\n\t<meta name=\"twitter:data1\" content=\"Radek Malina\" \/>\n\t<meta name=\"twitter:label2\" content=\"Est. reading time\" \/>\n\t<meta name=\"twitter:data2\" content=\"5\" \/>\n<script type=\"application\/ld+json\" class=\"yoast-schema-graph\">{\"@context\":\"https:\/\/schema.org\",\"@graph\":[{\"@type\":\"WebPage\",\"@id\":\"https:\/\/www.welovecycling.com\/cs\/2025\/06\/01\/simon-yates-zahnal-demony-z-finestre-a-slavi-ruzovy-trikot\/\",\"url\":\"https:\/\/www.welovecycling.com\/cs\/2025\/06\/01\/simon-yates-zahnal-demony-z-finestre-a-slavi-ruzovy-trikot\/\",\"name\":\"Simon Yates zahnal d\u00e9mony z Finestre a slav\u00ed r\u016f\u017eov\u00fd trikot | \u0160koda We Love Cycling - \u010cesk\u00e1 republika\",\"isPartOf\":{\"@id\":\"https:\/\/www.welovecycling.com\/cs\/#website\"},\"primaryImageOfPage\":{\"@id\":\"https:\/\/www.welovecycling.com\/cs\/2025\/06\/01\/simon-yates-zahnal-demony-z-finestre-a-slavi-ruzovy-trikot\/#primaryimage\"},\"image\":{\"@id\":\"https:\/\/www.welovecycling.com\/cs\/2025\/06\/01\/simon-yates-zahnal-demony-z-finestre-a-slavi-ruzovy-trikot\/#primaryimage\"},\"thumbnailUrl\":\"https:\/\/d2p6e6u75xmxt8.cloudfront.net\/13\/2025\/06\/profimedia-1005856550.webp\",\"datePublished\":\"2025-06-01T13:02:34+00:00\",\"dateModified\":\"2025-06-01T13:12:23+00:00\",\"author\":{\"@id\":\"https:\/\/www.welovecycling.com\/cs\/#\/schema\/person\/d9eeb0a378f3a7e4a6d12d2b536b04b8\"},\"description\":\"Simon Yates zahnal d\u00e9mony, kter\u00e9 ho sedm let pron\u00e1sledovaly! Brut\u00e1ln\u00ed kopec Colle della Finestre jej na ja\u0159e 2018 p\u0159ipravil o v\u00edt\u011bzstv\u00ed na Giro di Italia. Stejn\u00e9 stoup\u00e1n\u00ed jej posledn\u00ed kv\u011btnov\u00fd den roku 2025 katapultovalo cyklistick\u00fdch nebes. Dvaat\u0159icetilet\u00fd podce\u0148ovan\u00fd z\u00e1vodn\u00edk formace Visma Lease a Bike drtiv\u00fdm \u00fatokem rozhodl o triumfu v bitv\u011b o r\u016f\u017eov\u00fd trikot!\",\"inLanguage\":\"cs\",\"potentialAction\":[{\"@type\":\"ReadAction\",\"target\":[\"https:\/\/www.welovecycling.com\/cs\/2025\/06\/01\/simon-yates-zahnal-demony-z-finestre-a-slavi-ruzovy-trikot\/\"]}]},{\"@type\":\"ImageObject\",\"inLanguage\":\"cs\",\"@id\":\"https:\/\/www.welovecycling.com\/cs\/2025\/06\/01\/simon-yates-zahnal-demony-z-finestre-a-slavi-ruzovy-trikot\/#primaryimage\",\"url\":\"https:\/\/d2p6e6u75xmxt8.cloudfront.net\/13\/2025\/06\/profimedia-1005856550.webp\",\"contentUrl\":\"https:\/\/d2p6e6u75xmxt8.cloudfront.net\/13\/2025\/06\/profimedia-1005856550.webp\",\"width\":1800,\"height\":1200,\"caption\":\"Simon Yates ovl\u00e1dl po\u0159ad\u00ed Giro 2025 p\u0159i etap\u011b s dojezdem na Finestre, kde v sezon\u011b 2018 ztratil r\u016f\u017eov\u00fd trikot.\"},{\"@type\":\"WebSite\",\"@id\":\"https:\/\/www.welovecycling.com\/cs\/#website\",\"url\":\"https:\/\/www.welovecycling.com\/cs\/\",\"name\":\"\u0160koda We Love Cycling - \u010cesk\u00e1 republika\",\"description\":\"WeLoveCycling.cz je online magaz\u00edn, kter\u00fd v\u00e1m pravideln\u011b p\u0159in\u00e1\u0161\u00ed rady a tipy, zaj\u00edmav\u00e9 \u010dl\u00e1nky, videa a jedine\u010dn\u00e9 report\u00e1\u017ee ze sv\u011bta cyklistiky.\",\"potentialAction\":[{\"@type\":\"SearchAction\",\"target\":{\"@type\":\"EntryPoint\",\"urlTemplate\":\"https:\/\/www.welovecycling.com\/cs\/?s={search_term_string}\"},\"query-input\":{\"@type\":\"PropertyValueSpecification\",\"valueRequired\":true,\"valueName\":\"search_term_string\"}}],\"inLanguage\":\"cs\"},{\"@type\":\"Person\",\"@id\":\"https:\/\/www.welovecycling.com\/cs\/#\/schema\/person\/d9eeb0a378f3a7e4a6d12d2b536b04b8\",\"name\":\"radekmalina\",\"image\":{\"@type\":\"ImageObject\",\"inLanguage\":\"cs\",\"@id\":\"https:\/\/www.welovecycling.com\/cs\/#\/schema\/person\/image\/\",\"url\":\"https:\/\/secure.gravatar.com\/avatar\/66994b632cb8c39a46b9f54afa3ae07201b678d32a54275b6f1c9ffec356bfc0?s=96&d=mm&r=g\",\"contentUrl\":\"https:\/\/secure.gravatar.com\/avatar\/66994b632cb8c39a46b9f54afa3ae07201b678d32a54275b6f1c9ffec356bfc0?s=96&d=mm&r=g\",\"caption\":\"radekmalina\"},\"url\":\"https:\/\/www.welovecycling.com\/cs\/author\/radekmalina\/\"}]}<\/script>\n<!-- \/ Yoast SEO Premium plugin. -->","yoast_head_json":{"title":"Simon Yates zahnal d\u00e9mony z Finestre a slav\u00ed r\u016f\u017eov\u00fd trikot | \u0160koda We Love Cycling - \u010cesk\u00e1 republika","description":"Simon Yates zahnal d\u00e9mony, kter\u00e9 ho sedm let pron\u00e1sledovaly! Brut\u00e1ln\u00ed kopec Colle della Finestre jej na ja\u0159e 2018 p\u0159ipravil o v\u00edt\u011bzstv\u00ed na Giro di Italia. Stejn\u00e9 stoup\u00e1n\u00ed jej posledn\u00ed kv\u011btnov\u00fd den roku 2025 katapultovalo cyklistick\u00fdch nebes. Dvaat\u0159icetilet\u00fd podce\u0148ovan\u00fd z\u00e1vodn\u00edk formace Visma Lease a Bike drtiv\u00fdm \u00fatokem rozhodl o triumfu v bitv\u011b o r\u016f\u017eov\u00fd trikot!","robots":{"index":"index","follow":"follow","max-snippet":"max-snippet:-1","max-image-preview":"max-image-preview:large","max-video-preview":"max-video-preview:-1"},"canonical":"https:\/\/www.welovecycling.com\/cs\/2025\/06\/01\/simon-yates-zahnal-demony-z-finestre-a-slavi-ruzovy-trikot\/","og_locale":"cs_CZ","og_type":"article","og_title":"Simon Yates zahnal d\u00e9mony z Finestre a slav\u00ed r\u016f\u017eov\u00fd trikot","og_description":"Simon Yates zahnal d\u00e9mony, kter\u00e9 ho sedm let pron\u00e1sledovaly! Brut\u00e1ln\u00ed kopec Colle della Finestre jej na ja\u0159e 2018 p\u0159ipravil o v\u00edt\u011bzstv\u00ed na Giro di Italia. Stejn\u00e9 stoup\u00e1n\u00ed jej posledn\u00ed kv\u011btnov\u00fd den roku 2025 katapultovalo cyklistick\u00fdch nebes. Dvaat\u0159icetilet\u00fd podce\u0148ovan\u00fd z\u00e1vodn\u00edk formace Visma Lease a Bike drtiv\u00fdm \u00fatokem rozhodl o triumfu v bitv\u011b o r\u016f\u017eov\u00fd trikot!","og_url":"https:\/\/www.welovecycling.com\/cs\/2025\/06\/01\/simon-yates-zahnal-demony-z-finestre-a-slavi-ruzovy-trikot\/","og_site_name":"\u0160koda We Love Cycling - \u010cesk\u00e1 republika","article_published_time":"2025-06-01T13:02:34+00:00","article_modified_time":"2025-06-01T13:12:23+00:00","og_image":[{"width":1800,"height":1200,"url":"https:\/\/d2p6e6u75xmxt8.cloudfront.net\/13\/2025\/06\/profimedia-1005856550.webp","type":"image\/webp"}],"author":"radekmalina","twitter_card":"summary_large_image","twitter_misc":{"Written by":"Radek Malina","Est. reading time":"5"},"schema":{"@context":"https:\/\/schema.org","@graph":[{"@type":"WebPage","@id":"https:\/\/www.welovecycling.com\/cs\/2025\/06\/01\/simon-yates-zahnal-demony-z-finestre-a-slavi-ruzovy-trikot\/","url":"https:\/\/www.welovecycling.com\/cs\/2025\/06\/01\/simon-yates-zahnal-demony-z-finestre-a-slavi-ruzovy-trikot\/","name":"Simon Yates zahnal d\u00e9mony z Finestre a slav\u00ed r\u016f\u017eov\u00fd trikot | \u0160koda We Love Cycling - \u010cesk\u00e1 republika","isPartOf":{"@id":"https:\/\/www.welovecycling.com\/cs\/#website"},"primaryImageOfPage":{"@id":"https:\/\/www.welovecycling.com\/cs\/2025\/06\/01\/simon-yates-zahnal-demony-z-finestre-a-slavi-ruzovy-trikot\/#primaryimage"},"image":{"@id":"https:\/\/www.welovecycling.com\/cs\/2025\/06\/01\/simon-yates-zahnal-demony-z-finestre-a-slavi-ruzovy-trikot\/#primaryimage"},"thumbnailUrl":"https:\/\/d2p6e6u75xmxt8.cloudfront.net\/13\/2025\/06\/profimedia-1005856550.webp","datePublished":"2025-06-01T13:02:34+00:00","dateModified":"2025-06-01T13:12:23+00:00","author":{"@id":"https:\/\/www.welovecycling.com\/cs\/#\/schema\/person\/d9eeb0a378f3a7e4a6d12d2b536b04b8"},"description":"Simon Yates zahnal d\u00e9mony, kter\u00e9 ho sedm let pron\u00e1sledovaly! Brut\u00e1ln\u00ed kopec Colle della Finestre jej na ja\u0159e 2018 p\u0159ipravil o v\u00edt\u011bzstv\u00ed na Giro di Italia. Stejn\u00e9 stoup\u00e1n\u00ed jej posledn\u00ed kv\u011btnov\u00fd den roku 2025 katapultovalo cyklistick\u00fdch nebes. Dvaat\u0159icetilet\u00fd podce\u0148ovan\u00fd z\u00e1vodn\u00edk formace Visma Lease a Bike drtiv\u00fdm \u00fatokem rozhodl o triumfu v bitv\u011b o r\u016f\u017eov\u00fd trikot!","inLanguage":"cs","potentialAction":[{"@type":"ReadAction","target":["https:\/\/www.welovecycling.com\/cs\/2025\/06\/01\/simon-yates-zahnal-demony-z-finestre-a-slavi-ruzovy-trikot\/"]}]},{"@type":"ImageObject","inLanguage":"cs","@id":"https:\/\/www.welovecycling.com\/cs\/2025\/06\/01\/simon-yates-zahnal-demony-z-finestre-a-slavi-ruzovy-trikot\/#primaryimage","url":"https:\/\/d2p6e6u75xmxt8.cloudfront.net\/13\/2025\/06\/profimedia-1005856550.webp","contentUrl":"https:\/\/d2p6e6u75xmxt8.cloudfront.net\/13\/2025\/06\/profimedia-1005856550.webp","width":1800,"height":1200,"caption":"Simon Yates ovl\u00e1dl po\u0159ad\u00ed Giro 2025 p\u0159i etap\u011b s dojezdem na Finestre, kde v sezon\u011b 2018 ztratil r\u016f\u017eov\u00fd trikot."},{"@type":"WebSite","@id":"https:\/\/www.welovecycling.com\/cs\/#website","url":"https:\/\/www.welovecycling.com\/cs\/","name":"\u0160koda We Love Cycling - \u010cesk\u00e1 republika","description":"WeLoveCycling.cz je online magaz\u00edn, kter\u00fd v\u00e1m pravideln\u011b p\u0159in\u00e1\u0161\u00ed rady a tipy, zaj\u00edmav\u00e9 \u010dl\u00e1nky, videa a jedine\u010dn\u00e9 report\u00e1\u017ee ze sv\u011bta cyklistiky.","potentialAction":[{"@type":"SearchAction","target":{"@type":"EntryPoint","urlTemplate":"https:\/\/www.welovecycling.com\/cs\/?s={search_term_string}"},"query-input":{"@type":"PropertyValueSpecification","valueRequired":true,"valueName":"search_term_string"}}],"inLanguage":"cs"},{"@type":"Person","@id":"https:\/\/www.welovecycling.com\/cs\/#\/schema\/person\/d9eeb0a378f3a7e4a6d12d2b536b04b8","name":"radekmalina","image":{"@type":"ImageObject","inLanguage":"cs","@id":"https:\/\/www.welovecycling.com\/cs\/#\/schema\/person\/image\/","url":"https:\/\/secure.gravatar.com\/avatar\/66994b632cb8c39a46b9f54afa3ae07201b678d32a54275b6f1c9ffec356bfc0?s=96&d=mm&r=g","contentUrl":"https:\/\/secure.gravatar.com\/avatar\/66994b632cb8c39a46b9f54afa3ae07201b678d32a54275b6f1c9ffec356bfc0?s=96&d=mm&r=g","caption":"radekmalina"},"url":"https:\/\/www.welovecycling.com\/cs\/author\/radekmalina\/"}]}},"_links":{"self":[{"href":"https:\/\/www.welovecycling.com\/cs\/wp-json\/wp\/v2\/posts\/29307","targetHints":{"allow":["GET"]}}],"collection":[{"href":"https:\/\/www.welovecycling.com\/cs\/wp-json\/wp\/v2\/posts"}],"about":[{"href":"https:\/\/www.welovecycling.com\/cs\/wp-json\/wp\/v2\/types\/post"}],"author":[{"embeddable":true,"href":"https:\/\/www.welovecycling.com\/cs\/wp-json\/wp\/v2\/users\/138"}],"replies":[{"embeddable":true,"href":"https:\/\/www.welovecycling.com\/cs\/wp-json\/wp\/v2\/comments?post=29307"}],"version-history":[{"count":8,"href":"https:\/\/www.welovecycling.com\/cs\/wp-json\/wp\/v2\/posts\/29307\/revisions"}],"predecessor-version":[{"id":29318,"href":"https:\/\/www.welovecycling.com\/cs\/wp-json\/wp\/v2\/posts\/29307\/revisions\/29318"}],"wp:featuredmedia":[{"embeddable":true,"href":"https:\/\/www.welovecycling.com\/cs\/wp-json\/wp\/v2\/media\/29309"}],"wp:attachment":[{"href":"https:\/\/www.welovecycling.com\/cs\/wp-json\/wp\/v2\/media?parent=29307"}],"wp:term":[{"taxonomy":"category","embeddable":true,"href":"https:\/\/www.welovecycling.com\/cs\/wp-json\/wp\/v2\/categories?post=29307"},{"taxonomy":"post_tag","embeddable":true,"href":"https:\/\/www.welovecycling.com\/cs\/wp-json\/wp\/v2\/tags?post=29307"},{"taxonomy":"global-categories","embeddable":true,"href":"https:\/\/www.welovecycling.com\/cs\/wp-json\/wp\/v2\/global-categories?post=29307"}],"curies":[{"name":"wp","href":"https:\/\/api.w.org\/{rel}","templated":true}]}}