{"id":29268,"date":"2025-05-27T07:07:56","date_gmt":"2025-05-27T05:07:56","guid":{"rendered":"https:\/\/www.welovecycling.com\/cs\/?p=29268"},"modified":"2025-05-27T07:10:25","modified_gmt":"2025-05-27T05:10:25","slug":"mathias-vacek-exkluzivne-trosku-jsem-podlehl-ruzovemu-mameni-co-je-nejlepsi-na-bolest","status":"publish","type":"post","link":"https:\/\/www.welovecycling.com\/cs\/2025\/05\/27\/mathias-vacek-exkluzivne-trosku-jsem-podlehl-ruzovemu-mameni-co-je-nejlepsi-na-bolest\/","title":{"rendered":"Mathias Vacek exkluzivn\u011b: Tro\u0161ku jsem podlehl r\u016f\u017eov\u00e9mu m\u00e1men\u00ed. Co je nejlep\u0161\u00ed na bolest?"},"content":{"rendered":"<p><strong>Mal\u00ed fanou\u0161ci v cyklistick\u00fdch dresech na n\u011bj rozpustile pok\u0159ikuj\u00ed p\u0159ed t\u00fdmov\u00fdm hotelem v m\u011bste\u010dku Pellizzari, do\u017eaduj\u00ed se autogramu a spole\u010dn\u00e9 fotografie. Mathias Vacek se v\u00fdkony p\u0159i italsk\u00e9m Giru 2025 posunul hodn\u011b bl\u00edzko k vrcholu popularity v pelotonu elity World Tour. &#8222;U\u017e\u00edv\u00e1m si to. Z\u00e1vod\u00edme p\u0159ece kv\u016fli lidem,&#8220; usm\u00edv\u00e1 se tro\u0161ku nesm\u011ble dvaadvacetilet\u00fd borec formace Lidl-Trek. Pro We Love Cycling vypravuje o druh\u00e9 Grand Tour v \u017eivot\u011b, snu vyhr\u00e1t etapu i trikotech pro jednotliv\u00e9 klasifikace, kter\u00e9 z\u00edskal \u010di z\u00edskat mohl.<\/strong><\/p>\n<p>&#8222;P\u0159ij\u00ed\u017ed\u011bl jsem sebev\u011bdom\u00fd. V\u011bd\u011bl jsem, \u017ee mohu bojovat o etapov\u00e9 v\u00edt\u011bzstv\u00ed. Fakt, jak se n\u00e1m da\u0159\u00ed, m\u011b zvednul. P\u0159ed posledn\u00edm t\u00fddnem jsem ur\u010dit\u011b jinde, ne\u017e kdy\u017e jsme v Alb\u00e1nii startovali. Ve srovn\u00e1n\u00ed s lo\u0148skou Vueltou m\u00e1m lep\u0161\u00ed vytrvalost, jsem vysp\u011blej\u0161\u00ed, zku\u0161en\u011bj\u0161\u00ed,&#8220; p\u0159em\u00edt\u00e1 nad prom\u011bnou dvaadvacetilet\u00fd Mathias Vacek usazen\u00fd v k\u0159es\u00edlku hotelov\u00e9 recepce za obdivn\u00fdch pohled\u016f host\u016f pop\u00edjej\u00edc\u00edch espresso. &#8222;\u0160koda, \u017ee j\u00e1 zrovna k\u00e1v\u011b moc neholduji,&#8220; sm\u011bje se v zemi tak proslaven\u00e9 p\u0159\u00edpravou n\u00e1poje z k\u00e1vov\u00fdch zrn.<\/p>\n<h2><strong>Podruh\u00e9 v \u017eivot\u011b jede Mathias Vacek Grand Tour. Je Giro 2025 n\u00e1ro\u010dn\u011bj\u0161\u00ed ve srovn\u00e1n\u00ed s debutem na Vuelt\u011b na podzim roku 2024?<\/strong><\/h2>\n<p>Jde to lehce. Z patn\u00e1cti etap m\u00e1me \u0161est v\u00edt\u011bzstv\u00ed. Jsme v euforii, co\u017e hodn\u011b pom\u00e1h\u00e1. P\u0159itom dok\u00e1\u017eeme dr\u017eet koncentraci a jsme nohama na zemi. Ne\u0159ekli jsme si po \u010dty\u0159ech v\u00fdhr\u00e1ch, \u017ee u\u017e Giro jenom dojedeme. Po\u0159\u00e1d m\u00e1me obrovskou motivaci.<\/p>\n<h2><strong>Jste nesm\u00edrn\u011b uvoln\u011bn\u00fd, p\u0159itom je na v\u00e1s nepochybn\u011b velk\u00fd tlak. Nejprve kv\u016fli pr\u00e1ci pro Madse Pedersena, nyn\u00ed kv\u016fli udr\u017een\u00ed jeho fialov\u00e9ho trikotu pro l\u00eddra bodovac\u00ed sout\u011b\u017ee.<\/strong><\/h2>\n<p>Hned prvn\u00ed den Gira z n\u00e1s spadnul tlak. Na Madse Pedersena byl kv\u016fli zisku r\u016f\u017eov\u00e9ho trikotu obrovsk\u00fd. Vyhran\u00e1 etapa a zisk maglia rosa p\u0159inesl \u00falevu a velk\u00e9 emoce, z nich\u017e t\u011b\u017e\u00edme dosud. Pak jsem z\u00edskal b\u00edl\u00fd trikot pro nejlep\u0161\u00edho mlad\u00edka, Mads zp\u00e1tky pr\u016fb\u011b\u017en\u00e9 veden\u00ed. Jde o Giro, na kter\u00e9 budu hodn\u011b dlouho vzpom\u00ednat. Jsem hrd\u00fd, \u017ee mohu b\u00fdt sou\u010d\u00e1st\u00ed tohoto t\u00fdmu. I lid\u00e9 z veden\u00ed \u0159\u00edkaj\u00ed, \u017ee jde o jednu z nejlep\u0161\u00edch Grand Tour, kterou jeli.<\/p>\n<figure id=\"attachment_29270\" aria-describedby=\"caption-attachment-29270\" style=\"width: 1920px\" class=\"wp-caption alignnone\"><a href=\"https:\/\/d2p6e6u75xmxt8.cloudfront.net\/13\/2025\/05\/20250526_165142-scaled.webp\"><img loading=\"lazy\" decoding=\"async\" class=\"size-extra-large wp-image-29270\" src=\"https:\/\/d2p6e6u75xmxt8.cloudfront.net\/13\/2025\/05\/20250526_165142-1920x1440.webp\" alt=\"\" width=\"1920\" height=\"1440\" srcset=\"https:\/\/d2p6e6u75xmxt8.cloudfront.net\/13\/2025\/05\/20250526_165142-1920x1440.webp 1920w, https:\/\/d2p6e6u75xmxt8.cloudfront.net\/13\/2025\/05\/20250526_165142-300x225.webp 300w, https:\/\/d2p6e6u75xmxt8.cloudfront.net\/13\/2025\/05\/20250526_165142-1024x768.webp 1024w, https:\/\/d2p6e6u75xmxt8.cloudfront.net\/13\/2025\/05\/20250526_165142-768x576.webp 768w, https:\/\/d2p6e6u75xmxt8.cloudfront.net\/13\/2025\/05\/20250526_165142-1536x1152.webp 1536w, https:\/\/d2p6e6u75xmxt8.cloudfront.net\/13\/2025\/05\/20250526_165142-2048x1536.webp 2048w, https:\/\/d2p6e6u75xmxt8.cloudfront.net\/13\/2025\/05\/20250526_165142-400x300.webp 400w, https:\/\/d2p6e6u75xmxt8.cloudfront.net\/13\/2025\/05\/20250526_165142-1920x1440.webp 1920w\" sizes=\"auto, (max-width: 1920px) 100vw, 1920px\" \/><\/a><figcaption id=\"caption-attachment-29270\" class=\"wp-caption-text\"><em>Mathias Vacek u t\u00fdmov\u00e9ho autobusu b\u011bhem italsk\u00e9ho Gira.<\/em><\/figcaption><\/figure>\n<h2><strong>Patn\u00e1ct dn\u016f z\u00e1vod\u011bn\u00ed, ob\u0159\u00ed porce kilometr\u016f a v\u00fd\u0161kov\u00fdch metr\u016f, k tomu p\u00e1r men\u0161\u00edch karambol\u016f a jeden velk\u00fd p\u00e1d. Jak \u010del\u00edte bolesti a \u00fanav\u011b?<\/strong><\/h2>\n<p>Zjistil jsem, \u017ee nejlep\u0161\u00ed je na to euforie z \u00fasp\u011bchu. M\u00e1me v t\u00fdmu neskute\u010dnou chemii. Pro t\u011blo je snadn\u011bj\u0161\u00ed regenerovat a sp\u00e1t, kdy\u017e nejsme ve stresu. Negativn\u00ed emoce na \u010dlov\u011bka p\u016fsob\u00ed a cokoliv naru\u0161uje odpo\u010dinek je ne\u017e\u00e1douc\u00ed. Etapy za\u010d\u00ednaj\u00ed relativn\u011b pozd\u011b. N\u011bkdy p\u0159ij\u00ed\u017ed\u00edme na hotel a\u017e mezi osmou a\u017e dev\u00e1tou, ve\u010de\u0159e je kolikr\u00e1t v deset. Je n\u00e1ro\u010dn\u00e9 dodr\u017eet sp\u00e1nkov\u00fd re\u017eim, kter\u00fd je p\u0159itom z\u00e1klad. U\u017e v autobuse se sna\u017e\u00edm doplnit energii, nat\u00e1hnout nohy, maxim\u00e1ln\u011b se uklidnit. Po p\u0159\u00edjezdu jdu hned na mas\u00e1\u017e. M\u00e1me pro ka\u017ed\u00e9ho z\u00e1vodn\u00edka jednoho mas\u00e9ra. Jenom j\u00e1 a Verona se d\u011bl\u00edme. Ale j\u00e1 m\u00e1m zrovna s t\u00edmhle klukem dobrou energii. Byl se mnou i na mistrovstv\u00ed sv\u011bta, rozum\u00edme si. Nav\u00edc Veronu v c\u00edli etapy v\u017edy nalo\u017e\u00ed do auta, tak\u017ee p\u0159i p\u0159\u00edjezdu na hotel autobusem nikdy ne\u010dek\u00e1m, a\u017e bude m\u00edt prostor.<\/p>\n<h2><strong>Upevnil jste v\u00fdkony na Giru z\u00e1sadn\u011b pozici v sestav\u011b Lidl-Trek?<\/strong><\/h2>\n<p>M\u016fj status se postupn\u011b zved\u00e1. P\u0159i Giru jsem dok\u00e1zal splnit, co o\u010dek\u00e1val t\u00fdm i j\u00e1 s\u00e1m. V\u011bd\u011bl jsem, \u017ee kdy\u017e p\u0159ijedu v dobr\u00e9 form\u011b, tak v\u00fdkony ve mn\u011b jsou. A odvedl jsem pr\u00e1ci, kter\u00e1 byla nad o\u010dek\u00e1v\u00e1n\u00ed. Bojoval jsem o etapov\u00e9 v\u00edt\u011bzstv\u00ed, m\u011bl b\u00edl\u00fd dres, byl kl\u00ed\u010dov\u00fd pro Madse Pedersena. Cht\u011bli jsme vyhr\u00e1t minim\u00e1ln\u011b dv\u011b etapy, po patn\u00e1cti dnech byly \u010dty\u0159i. Jednou nav\u00edc vyhr\u00e1l Hoole, pak Verona. M\u011bli jsme r\u016f\u017eov\u00fd a b\u00edl\u00fd dres, Mads vl\u00e1dne klasifikaci sprinter\u016f. Jako t\u00fdm jsme prost\u011b hust\u00fd&#8230;<\/p>\n<div class=\"shortcode-ys-post-pinup\"><article class=\"loop-simple post-29263 post type-post status-publish format-standard has-post-thumbnail hentry category-silnicni-cyklistika tag-cyklistika tag-giro-2025 tag-isaac-del-toro tag-juan-ayuso tag-silnicni-cyklistika tag-uae-emirates-xrg global-categories-cycling\" data-postid=\"29263\" role=\"article\" data-post-id=\"29263\" data-word-count=\"485\" data-headline-length=\"59\" data-category=\"Silni\u010dn\u00ed cyklistika\" data-global-category=\"Cycling\" data-author=\"We Love Cycling\" data-published=\"2025-05-26T12:00:55+02:00\" data-published-day=\"Monday\">\n    <div class=\"entry-thumbnail article-thumbnail\" content=\"https:\/\/d2p6e6u75xmxt8.cloudfront.net\/13\/2025\/05\/profimedia-1003436947-150x150.webp\"><a href=\"https:\/\/www.welovecycling.com\/cs\/2025\/05\/26\/pnuti-v-tymu-uae-urcil-tadej-pogacar-lidra-pro-giro\/\" class=\"image-holder\" target=\"_self\"><img decoding=\"async\" loading=\"lazy\" class=\"\" src=\"https:\/\/d2p6e6u75xmxt8.cloudfront.net\/13\/2025\/05\/profimedia-1003436947-1024x682.webp\" srcset=\"https:\/\/d2p6e6u75xmxt8.cloudfront.net\/13\/2025\/05\/profimedia-1003436947.webp 1800w, https:\/\/d2p6e6u75xmxt8.cloudfront.net\/13\/2025\/05\/profimedia-1003436947-300x200.webp 300w, https:\/\/d2p6e6u75xmxt8.cloudfront.net\/13\/2025\/05\/profimedia-1003436947-1024x682.webp 1024w, https:\/\/d2p6e6u75xmxt8.cloudfront.net\/13\/2025\/05\/profimedia-1003436947-768x512.webp 768w, https:\/\/d2p6e6u75xmxt8.cloudfront.net\/13\/2025\/05\/profimedia-1003436947-1536x1023.webp 1536w, https:\/\/d2p6e6u75xmxt8.cloudfront.net\/13\/2025\/05\/profimedia-1003436947-400x266.webp 400w, https:\/\/d2p6e6u75xmxt8.cloudfront.net\/13\/2025\/05\/profimedia-1003436947-272x182.webp 272w\" width=\"1024\" height=\"682\" sizes=\"auto, (min-width: 1200px) 300px, (min-width: 768px) 25vw, 100vw\" alt=\"pnuti-v-tymu-uae-urcil-tadej-pogacar-lidra-pro-giro\"\/><\/a><\/div>    <div class=\"entry-meta\">\n        <a class=\"label label-secondary post-category\" href=\"https:\/\/www.welovecycling.com\/cs\/category\/silnicni-cyklistika\/\" title=\"Silni\u010dn\u00ed cyklistika\">Silni\u010dn\u00ed cyklistika<\/a>\n    <\/div>\n    <div class=\"entry-details\">\n        <a href=\"https:\/\/www.welovecycling.com\/cs\/2025\/05\/26\/pnuti-v-tymu-uae-urcil-tadej-pogacar-lidra-pro-giro\/\" class='entry-title-wrapper'>\n            <h3 class=\"entry-title\"><span>Pnut\u00ed v\u00a0t\u00fdmu UAE. Ur\u010dil Tadej Poga\u010dar l\u00eddra pro Giro?<\/span><\/h3>\n        <\/a>\n    <\/div>\n    <\/article>\n<\/div>\n<h2><strong>Musel jste na \u00fakor t\u00fdmu odlo\u017eit i osobn\u00ed ambice?<\/strong><\/h2>\n<p>Jsem absolutn\u011b loaj\u00e1ln\u00ed. Ob\u011btuji se pro Madse Pedersena a nesu odpov\u011bdnost i za jeho \u00fasp\u011bch. A Mads v\u00ed, \u017ee jsem v\u011bt\u0161inou byl j\u00e1 t\u00edm posledn\u00edm, kdo mu v etap\u00e1ch pomohl. Byli jsme domluven\u00ed, \u017ee \u010dtrn\u00e1ct\u00e1 etapa se pojede na m\u011b. A pom\u016f\u017eou mi v\u0161ichni. Bohu\u017eel jsme spadli a z \u00fatoku na etapu nebylo nic. V\u0161echno m\u00e1 prost\u011b sv\u016fj \u010das. Krok za krokem se dost\u00e1v\u00e1m, kam se chci dostat. U\u010d\u00edm se od Madse Pedersena a v\u00e1\u017e\u00edm si, \u017ee pr\u00e1v\u011b on je m\u00fdm mentorem.<\/p>\n<h2><strong>Co se skr\u00fdv\u00e1 za pojmem u\u010den\u00ed v r\u00e1mci Grand Tour?<\/strong><\/h2>\n<p>Jak se chovat, p\u016fsobit jako l\u00eddr v z\u00e1vod\u011b i mimo n\u011bj. Odvezu si dom\u016f spoustu nov\u00fdch poznatk\u016f, kter\u00e9 jsem nev\u011bd\u011bl. Pro z\u00e1vodn\u00edka je tohle jako zlato. Z\u00edskal jsem zku\u0161enosti a v\u00edm, \u017ee n\u011bco jsem mohl ud\u011blat jinak.<\/p>\n<h2><strong>Budete konkr\u00e9tn\u00ed?<\/strong><\/h2>\n<p>N\u011bkdy nen\u00ed snadn\u00e9 ud\u011blat spr\u00e1vn\u00e9 rozhodnut\u00ed. Do poloviny <a href=\"https:\/\/www.welovecycling.com\/cs\/2025\/05\/26\/pnuti-v-tymu-uae-urcil-tadej-pogacar-lidra-pro-giro\/\">Gira<\/a> jsem byl patn\u00e1ct\u00fd v celkov\u00e9m po\u0159ad\u00ed. Mo\u017en\u00e1 byla chyba, \u017ee jsem v n\u011bkter\u00e9 z etap neztratil v\u00edce \u010dasu, proto\u017ee pak by m\u011b peloton pustil do \u00faniku. A p\u0159i \u010dasovce bych nechytil d\u00e9\u0161\u0165, kter\u00fd zma\u0159il moje nad\u011bje. Je prost\u011b t\u011b\u017ek\u00e1 volba, jestli se dr\u017eet na \u010dele nebo zaplout do grupetta. Ale t\u011b\u0161il m\u011b i b\u00edl\u00fd dres. A necht\u011bl jsem ho odevzdat p\u0159\u00edli\u0161 lacino. N\u011bjakou energii m\u011b st\u00e1la i snaha o celkov\u00e9 po\u0159ad\u00ed.<\/p>\n<figure id=\"attachment_29216\" aria-describedby=\"caption-attachment-29216\" style=\"width: 1800px\" class=\"wp-caption alignnone\"><a href=\"https:\/\/d2p6e6u75xmxt8.cloudfront.net\/13\/2025\/05\/profimedia-0999867996.webp\"><img loading=\"lazy\" decoding=\"async\" class=\"size-full wp-image-29216\" src=\"https:\/\/d2p6e6u75xmxt8.cloudfront.net\/13\/2025\/05\/profimedia-0999867996.webp\" alt=\"\" width=\"1800\" height=\"1201\" srcset=\"https:\/\/d2p6e6u75xmxt8.cloudfront.net\/13\/2025\/05\/profimedia-0999867996.webp 1800w, https:\/\/d2p6e6u75xmxt8.cloudfront.net\/13\/2025\/05\/profimedia-0999867996-300x200.webp 300w, https:\/\/d2p6e6u75xmxt8.cloudfront.net\/13\/2025\/05\/profimedia-0999867996-1024x683.webp 1024w, https:\/\/d2p6e6u75xmxt8.cloudfront.net\/13\/2025\/05\/profimedia-0999867996-768x512.webp 768w, https:\/\/d2p6e6u75xmxt8.cloudfront.net\/13\/2025\/05\/profimedia-0999867996-1536x1025.webp 1536w, https:\/\/d2p6e6u75xmxt8.cloudfront.net\/13\/2025\/05\/profimedia-0999867996-400x267.webp 400w, https:\/\/d2p6e6u75xmxt8.cloudfront.net\/13\/2025\/05\/profimedia-0999867996-272x182.webp 272w\" sizes=\"auto, (max-width: 1800px) 100vw, 1800px\" \/><\/a><figcaption id=\"caption-attachment-29216\" class=\"wp-caption-text\"><em>Mathias Vacek v b\u00edl\u00e9m a jeho l\u00eddr Mads Pedersen je\u0161t\u011b v r\u016f\u017eov\u00e9m trikotu l\u00eddra Gira.<\/em><\/figcaption><\/figure>\n<h2><strong>Po t\u0159etin\u011b Gira se r\u00fdsovala mo\u017enost, \u017ee Mathias Vacek bude v r\u016f\u017eov\u00e9m trikotu l\u00eddra cel\u00e9ho z\u00e1vodu. Bylo to pro v\u00e1s t\u00e9ma?<\/strong><\/h2>\n<p>Ur\u010dit\u011b jsem nem\u011bl v hlav\u011b, \u017ee pojedu na celkov\u00e9 po\u0159ad\u00ed. Ale v sedm\u00e9 etap\u011b s dojezdem na Tagliacozzo jsem cht\u011bl z\u00edskat r\u016f\u017eov\u00fd dres. \u0158\u00edkal jsem si, \u017ee jestli Ayuso, Rogli\u010d, Del Toro a dal\u0161\u00ed nebudou nastupovat, tak p\u0159e\u017eiju a z\u00edsk\u00e1m maglia rosa. Nedopadlo to. Ale nad\u011bje byla, c\u00edtil jsem p\u0159\u00edle\u017eitost a \u0161el po n\u00ed. Jde o p\u0159irozen\u00fd instinkt z\u00e1vodn\u00edka. A pro m\u011b \u0161lo o dal\u0161\u00ed lekci v procesu u\u010den\u00ed. N\u00e1sledn\u011b jsme si s t\u00fdmem \u0159ekli, \u017ee jestli budu patn\u00e1ct\u00fd, dvac\u00e1t\u00fd nebo sto pades\u00e1t\u00fd nehraje roli.<\/p>\n<h2><strong>Bude p\u0159eci jen Mathias Vacek v budoucnosti mu\u017eem na celkov\u00e9 po\u0159ad\u00ed?<\/strong><\/h2>\n<p>Musel bych m\u00edt \u00fapln\u011b jinou p\u0159\u00edpravu. Ur\u010dit\u011b je mo\u017en\u00e9 jet ve dvaadvaceti na v\u00edt\u011bzstv\u00ed z Grand Tour, ale nejde o rozhodnut\u00ed v pr\u016fb\u011bhu z\u00e1vodu samotn\u00e9ho. \u017d\u00e1d\u00e1 si to m\u011bs\u00edce, sp\u00ed\u0161e roky nastaven\u00ed. Moje parametry jsou klasik\u00e1\u0159sk\u00e9. M\u00e1m sedmdes\u00e1t \u0161est kilogram\u016f. Rozd\u00edl proti jin\u00fdm l\u00eddr\u016fm je minim\u00e1ln\u011b deset kilogram\u016f, tak\u017ee jde i o \u010distou matematiku. Musel bych extr\u00e9mn\u011b shazovat v\u00e1hu, co\u017e nejde ud\u011blat b\u011bhem zimy. P\u0159ineslo by to spoustu ot\u00e1zek. Nepopravil bych se na n\u011bkolik sezon? Nezbl\u00e1znilo by se moje t\u011blo?<\/p>\n<div class=\"shortcode-ys-post-pinup\"><article class=\"loop-simple post-29146 post type-post status-publish format-standard has-post-thumbnail hentry category-zdravi-a-trenink tag-bakterie tag-bidon tag-cyklisticka-lahev tag-cyklistika tag-gravel tag-horska-cyklistika tag-silnicni-cyklistika tag-zdravi-a-trenink global-categories-cycling\" data-postid=\"29146\" role=\"article\" data-post-id=\"29146\" data-word-count=\"654\" data-headline-length=\"66\" data-category=\"Zdrav\u00ed a tr\u00e9nink\" data-global-category=\"Cycling\" data-author=\"We Love Cycling\" data-published=\"2025-05-12T16:00:12+02:00\" data-published-day=\"Monday\">\n    <div class=\"entry-thumbnail article-thumbnail\" content=\"https:\/\/d2p6e6u75xmxt8.cloudfront.net\/13\/2025\/05\/Cycling_Accessories_Bottle-2048x2048-1-150x150.webp\"><a href=\"https:\/\/www.welovecycling.com\/cs\/2025\/05\/12\/bidon-a-vse-co-jste-o-sve-cyklisticke-lahvi-nechteli-vedet\/\" class=\"image-holder\" target=\"_self\"><img decoding=\"async\" loading=\"lazy\" class=\"\" src=\"https:\/\/d2p6e6u75xmxt8.cloudfront.net\/13\/2025\/05\/Cycling_Accessories_Bottle-2048x2048-1-1024x683.webp\" srcset=\"https:\/\/d2p6e6u75xmxt8.cloudfront.net\/13\/2025\/05\/Cycling_Accessories_Bottle-2048x2048-1.webp 2048w, https:\/\/d2p6e6u75xmxt8.cloudfront.net\/13\/2025\/05\/Cycling_Accessories_Bottle-2048x2048-1-300x200.webp 300w, https:\/\/d2p6e6u75xmxt8.cloudfront.net\/13\/2025\/05\/Cycling_Accessories_Bottle-2048x2048-1-1024x683.webp 1024w, https:\/\/d2p6e6u75xmxt8.cloudfront.net\/13\/2025\/05\/Cycling_Accessories_Bottle-2048x2048-1-768x512.webp 768w, https:\/\/d2p6e6u75xmxt8.cloudfront.net\/13\/2025\/05\/Cycling_Accessories_Bottle-2048x2048-1-1536x1024.webp 1536w, https:\/\/d2p6e6u75xmxt8.cloudfront.net\/13\/2025\/05\/Cycling_Accessories_Bottle-2048x2048-1-1920x1280.webp 1920w, https:\/\/d2p6e6u75xmxt8.cloudfront.net\/13\/2025\/05\/Cycling_Accessories_Bottle-2048x2048-1-400x267.webp 400w, https:\/\/d2p6e6u75xmxt8.cloudfront.net\/13\/2025\/05\/Cycling_Accessories_Bottle-2048x2048-1-272x182.webp 272w, https:\/\/d2p6e6u75xmxt8.cloudfront.net\/13\/2025\/05\/Cycling_Accessories_Bottle-2048x2048-1-1920x1280.webp 1920w\" width=\"1024\" height=\"683\" sizes=\"auto, (min-width: 1200px) 300px, (min-width: 768px) 25vw, 100vw\" alt=\"bidon-a-vse-co-jste-o-sve-cyklisticke-lahvi-nechteli-vedet\"\/><\/a><\/div>    <div class=\"entry-meta\">\n        <a class=\"label label-secondary post-category\" href=\"https:\/\/www.welovecycling.com\/cs\/category\/zdravi-a-trenink\/\" title=\"Zdrav\u00ed a tr\u00e9nink\">Zdrav\u00ed a tr\u00e9nink<\/a>\n    <\/div>\n    <div class=\"entry-details\">\n        <a href=\"https:\/\/www.welovecycling.com\/cs\/2025\/05\/12\/bidon-a-vse-co-jste-o-sve-cyklisticke-lahvi-nechteli-vedet\/\" class='entry-title-wrapper'>\n            <h3 class=\"entry-title\"><span>Bidon a v\u0161e, co jste o sv\u00e9 cyklistick\u00e9 l\u00e1hvi necht\u011bli v\u011bd\u011bt<\/span><\/h3>\n        <\/a>\n    <\/div>\n    <\/article>\n<\/div>\n<h2><strong>O kontrakt, kter\u00fd vypr\u0161\u00ed na konci roku, se ka\u017edop\u00e1dn\u011b po par\u00e1dn\u00edm p\u0159edstaven\u00ed p\u0159i etap\u00e1ch v Alb\u00e1nii a It\u00e1lii strachovat nemus\u00edte, \u017ee?<\/strong><\/h2>\n<p>Mysl\u00edm, \u017ee jsem dal mana\u017eerovi Alexu Carerovi docela dobr\u00e9 st\u0159elivo pro jedn\u00e1n\u00ed&#8230; V\u0161echno je to v \u0159e\u0161en\u00ed. Mohu prozradit, \u017ee minim\u00e1ln\u011b dal\u0161\u00ed dva roky budu pokra\u010dovat v sestav\u011b Lidl-Trek. \u0158e\u0161\u00ed se podm\u00ednky. V t\u00fdmu vid\u00ed, \u017ee jsem konzistentn\u00ed. Moje v\u00fdkonnost roste v pr\u016fb\u011bhu roku i sezonu od sezony. Pat\u0159\u00edm do \u0161pi\u010dky, tud\u00ed\u017e moje pozice je siln\u011bj\u0161\u00ed. Mohu b\u00fdt sebev\u011bdom\u00fd, t\u00fdm m\u00e1 ve mn\u011b d\u016fv\u011bru. Jdu dop\u0159edu s \u010distou hlavou. M\u00e1m p\u0159ed sebou velk\u00e9 v\u011bci.<\/p>\n","protected":false},"excerpt":{"rendered":"<p>Mal\u00ed fanou\u0161ci v cyklistick\u00fdch dresech na n\u011bj rozpustile pok\u0159ikuj\u00ed p\u0159ed t\u00fdmov\u00fdm hotelem v m\u011bste\u010dku Pellizzari, do\u017eaduj\u00ed se autogramu a spole\u010dn\u00e9 [&hellip;]<\/p>\n","protected":false},"author":138,"featured_media":29141,"comment_status":"open","ping_status":"open","sticky":false,"template":"","format":"standard","meta":{"footnotes":""},"categories":[10],"tags":[126,3842,534,305,9],"global-categories":[411],"class_list":["post-29268","post","type-post","status-publish","format-standard","has-post-thumbnail","hentry","category-silnicni-cyklistika","tag-cyklistika","tag-giro-2025","tag-mads-pedersen","tag-mathias-vacek","tag-silnicni-cyklistika","global-categories-cycling"],"yoast_head":"<!-- This site is optimized with the Yoast SEO Premium plugin v25.3 (Yoast SEO v25.9) - https:\/\/yoast.com\/wordpress\/plugins\/seo\/ -->\n<title>Mathias Vacek exkluzivn\u011b: Tro\u0161ku jsem podlehl r\u016f\u017eov\u00e9mu m\u00e1men\u00ed. Co je nejlep\u0161\u00ed na bolest? | \u0160koda We Love Cycling - \u010cesk\u00e1 republika<\/title>\n<meta name=\"description\" content=\"Mal\u00ed fanou\u0161ci v cyklistick\u00fdch dresech na n\u011bj rozpustile pok\u0159ikuj\u00ed p\u0159ed t\u00fdmov\u00fdm hotelem v m\u011bste\u010dku Pellizzari, do\u017eaduj\u00ed se autogramu a spole\u010dn\u00e9 fotografie. Mathias Vacek se v\u00fdkony p\u0159i italsk\u00e9m Giru 2025 posunul hodn\u011b bl\u00edzko k vrcholu popularity v pelotonu elity World Tour.\" \/>\n<meta name=\"robots\" content=\"index, follow, max-snippet:-1, max-image-preview:large, max-video-preview:-1\" \/>\n<link rel=\"canonical\" href=\"https:\/\/www.welovecycling.com\/cs\/2025\/05\/27\/mathias-vacek-exkluzivne-trosku-jsem-podlehl-ruzovemu-mameni-co-je-nejlepsi-na-bolest\/\" \/>\n<meta property=\"og:locale\" content=\"cs_CZ\" \/>\n<meta property=\"og:type\" content=\"article\" \/>\n<meta property=\"og:title\" content=\"Mathias Vacek exkluzivn\u011b: Tro\u0161ku jsem podlehl r\u016f\u017eov\u00e9mu m\u00e1men\u00ed. Co je nejlep\u0161\u00ed na bolest?\" \/>\n<meta property=\"og:description\" content=\"Mal\u00ed fanou\u0161ci v cyklistick\u00fdch dresech na n\u011bj rozpustile pok\u0159ikuj\u00ed p\u0159ed t\u00fdmov\u00fdm hotelem v m\u011bste\u010dku Pellizzari, do\u017eaduj\u00ed se autogramu a spole\u010dn\u00e9 fotografie. Mathias Vacek se v\u00fdkony p\u0159i italsk\u00e9m Giru 2025 posunul hodn\u011b bl\u00edzko k vrcholu popularity v pelotonu elity World Tour.\" \/>\n<meta property=\"og:url\" content=\"https:\/\/www.welovecycling.com\/cs\/2025\/05\/27\/mathias-vacek-exkluzivne-trosku-jsem-podlehl-ruzovemu-mameni-co-je-nejlepsi-na-bolest\/\" \/>\n<meta property=\"og:site_name\" content=\"\u0160koda We Love Cycling - \u010cesk\u00e1 republika\" \/>\n<meta property=\"article:published_time\" content=\"2025-05-27T05:07:56+00:00\" \/>\n<meta property=\"article:modified_time\" content=\"2025-05-27T05:10:25+00:00\" \/>\n<meta property=\"og:image\" content=\"https:\/\/d2p6e6u75xmxt8.cloudfront.net\/13\/2025\/05\/profimedia-0998058674.webp\" \/>\n\t<meta property=\"og:image:width\" content=\"1800\" \/>\n\t<meta property=\"og:image:height\" content=\"1200\" \/>\n\t<meta property=\"og:image:type\" content=\"image\/webp\" \/>\n<meta name=\"author\" content=\"radekmalina\" \/>\n<meta name=\"twitter:card\" content=\"summary_large_image\" \/>\n<meta name=\"twitter:label1\" content=\"Written by\" \/>\n\t<meta name=\"twitter:data1\" content=\"We Love Cycling\" \/>\n\t<meta name=\"twitter:label2\" content=\"Est. reading time\" \/>\n\t<meta name=\"twitter:data2\" content=\"6\" \/>\n<script type=\"application\/ld+json\" class=\"yoast-schema-graph\">{\"@context\":\"https:\/\/schema.org\",\"@graph\":[{\"@type\":\"WebPage\",\"@id\":\"https:\/\/www.welovecycling.com\/cs\/2025\/05\/27\/mathias-vacek-exkluzivne-trosku-jsem-podlehl-ruzovemu-mameni-co-je-nejlepsi-na-bolest\/\",\"url\":\"https:\/\/www.welovecycling.com\/cs\/2025\/05\/27\/mathias-vacek-exkluzivne-trosku-jsem-podlehl-ruzovemu-mameni-co-je-nejlepsi-na-bolest\/\",\"name\":\"Mathias Vacek exkluzivn\u011b: Tro\u0161ku jsem podlehl r\u016f\u017eov\u00e9mu m\u00e1men\u00ed. Co je nejlep\u0161\u00ed na bolest? | \u0160koda We Love Cycling - \u010cesk\u00e1 republika\",\"isPartOf\":{\"@id\":\"https:\/\/www.welovecycling.com\/cs\/#website\"},\"primaryImageOfPage\":{\"@id\":\"https:\/\/www.welovecycling.com\/cs\/2025\/05\/27\/mathias-vacek-exkluzivne-trosku-jsem-podlehl-ruzovemu-mameni-co-je-nejlepsi-na-bolest\/#primaryimage\"},\"image\":{\"@id\":\"https:\/\/www.welovecycling.com\/cs\/2025\/05\/27\/mathias-vacek-exkluzivne-trosku-jsem-podlehl-ruzovemu-mameni-co-je-nejlepsi-na-bolest\/#primaryimage\"},\"thumbnailUrl\":\"https:\/\/d2p6e6u75xmxt8.cloudfront.net\/13\/2025\/05\/profimedia-0998058674.webp\",\"datePublished\":\"2025-05-27T05:07:56+00:00\",\"dateModified\":\"2025-05-27T05:10:25+00:00\",\"author\":{\"@id\":\"https:\/\/www.welovecycling.com\/cs\/#\/schema\/person\/d9eeb0a378f3a7e4a6d12d2b536b04b8\"},\"description\":\"Mal\u00ed fanou\u0161ci v cyklistick\u00fdch dresech na n\u011bj rozpustile pok\u0159ikuj\u00ed p\u0159ed t\u00fdmov\u00fdm hotelem v m\u011bste\u010dku Pellizzari, do\u017eaduj\u00ed se autogramu a spole\u010dn\u00e9 fotografie. Mathias Vacek se v\u00fdkony p\u0159i italsk\u00e9m Giru 2025 posunul hodn\u011b bl\u00edzko k vrcholu popularity v pelotonu elity World Tour.\",\"inLanguage\":\"cs\",\"potentialAction\":[{\"@type\":\"ReadAction\",\"target\":[\"https:\/\/www.welovecycling.com\/cs\/2025\/05\/27\/mathias-vacek-exkluzivne-trosku-jsem-podlehl-ruzovemu-mameni-co-je-nejlepsi-na-bolest\/\"]}]},{\"@type\":\"ImageObject\",\"inLanguage\":\"cs\",\"@id\":\"https:\/\/www.welovecycling.com\/cs\/2025\/05\/27\/mathias-vacek-exkluzivne-trosku-jsem-podlehl-ruzovemu-mameni-co-je-nejlepsi-na-bolest\/#primaryimage\",\"url\":\"https:\/\/d2p6e6u75xmxt8.cloudfront.net\/13\/2025\/05\/profimedia-0998058674.webp\",\"contentUrl\":\"https:\/\/d2p6e6u75xmxt8.cloudfront.net\/13\/2025\/05\/profimedia-0998058674.webp\",\"width\":1800,\"height\":1200,\"caption\":\"Mathias Vacek na podiu Gira 2025 p\u0159i obl\u00e9k\u00e1n\u00ed b\u00edl\u00e9ho dresu.\"},{\"@type\":\"WebSite\",\"@id\":\"https:\/\/www.welovecycling.com\/cs\/#website\",\"url\":\"https:\/\/www.welovecycling.com\/cs\/\",\"name\":\"\u0160koda We Love Cycling - \u010cesk\u00e1 republika\",\"description\":\"WeLoveCycling.cz je online magaz\u00edn, kter\u00fd v\u00e1m pravideln\u011b p\u0159in\u00e1\u0161\u00ed rady a tipy, zaj\u00edmav\u00e9 \u010dl\u00e1nky, videa a jedine\u010dn\u00e9 report\u00e1\u017ee ze sv\u011bta cyklistiky.\",\"potentialAction\":[{\"@type\":\"SearchAction\",\"target\":{\"@type\":\"EntryPoint\",\"urlTemplate\":\"https:\/\/www.welovecycling.com\/cs\/?s={search_term_string}\"},\"query-input\":{\"@type\":\"PropertyValueSpecification\",\"valueRequired\":true,\"valueName\":\"search_term_string\"}}],\"inLanguage\":\"cs\"},{\"@type\":\"Person\",\"@id\":\"https:\/\/www.welovecycling.com\/cs\/#\/schema\/person\/d9eeb0a378f3a7e4a6d12d2b536b04b8\",\"name\":\"radekmalina\",\"image\":{\"@type\":\"ImageObject\",\"inLanguage\":\"cs\",\"@id\":\"https:\/\/www.welovecycling.com\/cs\/#\/schema\/person\/image\/\",\"url\":\"https:\/\/secure.gravatar.com\/avatar\/66994b632cb8c39a46b9f54afa3ae07201b678d32a54275b6f1c9ffec356bfc0?s=96&d=mm&r=g\",\"contentUrl\":\"https:\/\/secure.gravatar.com\/avatar\/66994b632cb8c39a46b9f54afa3ae07201b678d32a54275b6f1c9ffec356bfc0?s=96&d=mm&r=g\",\"caption\":\"radekmalina\"},\"url\":\"https:\/\/www.welovecycling.com\/cs\/author\/radekmalina\/\"}]}<\/script>\n<!-- \/ Yoast SEO Premium plugin. -->","yoast_head_json":{"title":"Mathias Vacek exkluzivn\u011b: Tro\u0161ku jsem podlehl r\u016f\u017eov\u00e9mu m\u00e1men\u00ed. Co je nejlep\u0161\u00ed na bolest? | \u0160koda We Love Cycling - \u010cesk\u00e1 republika","description":"Mal\u00ed fanou\u0161ci v cyklistick\u00fdch dresech na n\u011bj rozpustile pok\u0159ikuj\u00ed p\u0159ed t\u00fdmov\u00fdm hotelem v m\u011bste\u010dku Pellizzari, do\u017eaduj\u00ed se autogramu a spole\u010dn\u00e9 fotografie. Mathias Vacek se v\u00fdkony p\u0159i italsk\u00e9m Giru 2025 posunul hodn\u011b bl\u00edzko k vrcholu popularity v pelotonu elity World Tour.","robots":{"index":"index","follow":"follow","max-snippet":"max-snippet:-1","max-image-preview":"max-image-preview:large","max-video-preview":"max-video-preview:-1"},"canonical":"https:\/\/www.welovecycling.com\/cs\/2025\/05\/27\/mathias-vacek-exkluzivne-trosku-jsem-podlehl-ruzovemu-mameni-co-je-nejlepsi-na-bolest\/","og_locale":"cs_CZ","og_type":"article","og_title":"Mathias Vacek exkluzivn\u011b: Tro\u0161ku jsem podlehl r\u016f\u017eov\u00e9mu m\u00e1men\u00ed. Co je nejlep\u0161\u00ed na bolest?","og_description":"Mal\u00ed fanou\u0161ci v cyklistick\u00fdch dresech na n\u011bj rozpustile pok\u0159ikuj\u00ed p\u0159ed t\u00fdmov\u00fdm hotelem v m\u011bste\u010dku Pellizzari, do\u017eaduj\u00ed se autogramu a spole\u010dn\u00e9 fotografie. Mathias Vacek se v\u00fdkony p\u0159i italsk\u00e9m Giru 2025 posunul hodn\u011b bl\u00edzko k vrcholu popularity v pelotonu elity World Tour.","og_url":"https:\/\/www.welovecycling.com\/cs\/2025\/05\/27\/mathias-vacek-exkluzivne-trosku-jsem-podlehl-ruzovemu-mameni-co-je-nejlepsi-na-bolest\/","og_site_name":"\u0160koda We Love Cycling - \u010cesk\u00e1 republika","article_published_time":"2025-05-27T05:07:56+00:00","article_modified_time":"2025-05-27T05:10:25+00:00","og_image":[{"width":1800,"height":1200,"url":"https:\/\/d2p6e6u75xmxt8.cloudfront.net\/13\/2025\/05\/profimedia-0998058674.webp","type":"image\/webp"}],"author":"radekmalina","twitter_card":"summary_large_image","twitter_misc":{"Written by":"We Love Cycling","Est. reading time":"6"},"schema":{"@context":"https:\/\/schema.org","@graph":[{"@type":"WebPage","@id":"https:\/\/www.welovecycling.com\/cs\/2025\/05\/27\/mathias-vacek-exkluzivne-trosku-jsem-podlehl-ruzovemu-mameni-co-je-nejlepsi-na-bolest\/","url":"https:\/\/www.welovecycling.com\/cs\/2025\/05\/27\/mathias-vacek-exkluzivne-trosku-jsem-podlehl-ruzovemu-mameni-co-je-nejlepsi-na-bolest\/","name":"Mathias Vacek exkluzivn\u011b: Tro\u0161ku jsem podlehl r\u016f\u017eov\u00e9mu m\u00e1men\u00ed. Co je nejlep\u0161\u00ed na bolest? | \u0160koda We Love Cycling - \u010cesk\u00e1 republika","isPartOf":{"@id":"https:\/\/www.welovecycling.com\/cs\/#website"},"primaryImageOfPage":{"@id":"https:\/\/www.welovecycling.com\/cs\/2025\/05\/27\/mathias-vacek-exkluzivne-trosku-jsem-podlehl-ruzovemu-mameni-co-je-nejlepsi-na-bolest\/#primaryimage"},"image":{"@id":"https:\/\/www.welovecycling.com\/cs\/2025\/05\/27\/mathias-vacek-exkluzivne-trosku-jsem-podlehl-ruzovemu-mameni-co-je-nejlepsi-na-bolest\/#primaryimage"},"thumbnailUrl":"https:\/\/d2p6e6u75xmxt8.cloudfront.net\/13\/2025\/05\/profimedia-0998058674.webp","datePublished":"2025-05-27T05:07:56+00:00","dateModified":"2025-05-27T05:10:25+00:00","author":{"@id":"https:\/\/www.welovecycling.com\/cs\/#\/schema\/person\/d9eeb0a378f3a7e4a6d12d2b536b04b8"},"description":"Mal\u00ed fanou\u0161ci v cyklistick\u00fdch dresech na n\u011bj rozpustile pok\u0159ikuj\u00ed p\u0159ed t\u00fdmov\u00fdm hotelem v m\u011bste\u010dku Pellizzari, do\u017eaduj\u00ed se autogramu a spole\u010dn\u00e9 fotografie. Mathias Vacek se v\u00fdkony p\u0159i italsk\u00e9m Giru 2025 posunul hodn\u011b bl\u00edzko k vrcholu popularity v pelotonu elity World Tour.","inLanguage":"cs","potentialAction":[{"@type":"ReadAction","target":["https:\/\/www.welovecycling.com\/cs\/2025\/05\/27\/mathias-vacek-exkluzivne-trosku-jsem-podlehl-ruzovemu-mameni-co-je-nejlepsi-na-bolest\/"]}]},{"@type":"ImageObject","inLanguage":"cs","@id":"https:\/\/www.welovecycling.com\/cs\/2025\/05\/27\/mathias-vacek-exkluzivne-trosku-jsem-podlehl-ruzovemu-mameni-co-je-nejlepsi-na-bolest\/#primaryimage","url":"https:\/\/d2p6e6u75xmxt8.cloudfront.net\/13\/2025\/05\/profimedia-0998058674.webp","contentUrl":"https:\/\/d2p6e6u75xmxt8.cloudfront.net\/13\/2025\/05\/profimedia-0998058674.webp","width":1800,"height":1200,"caption":"Mathias Vacek na podiu Gira 2025 p\u0159i obl\u00e9k\u00e1n\u00ed b\u00edl\u00e9ho dresu."},{"@type":"WebSite","@id":"https:\/\/www.welovecycling.com\/cs\/#website","url":"https:\/\/www.welovecycling.com\/cs\/","name":"\u0160koda We Love Cycling - \u010cesk\u00e1 republika","description":"WeLoveCycling.cz je online magaz\u00edn, kter\u00fd v\u00e1m pravideln\u011b p\u0159in\u00e1\u0161\u00ed rady a tipy, zaj\u00edmav\u00e9 \u010dl\u00e1nky, videa a jedine\u010dn\u00e9 report\u00e1\u017ee ze sv\u011bta cyklistiky.","potentialAction":[{"@type":"SearchAction","target":{"@type":"EntryPoint","urlTemplate":"https:\/\/www.welovecycling.com\/cs\/?s={search_term_string}"},"query-input":{"@type":"PropertyValueSpecification","valueRequired":true,"valueName":"search_term_string"}}],"inLanguage":"cs"},{"@type":"Person","@id":"https:\/\/www.welovecycling.com\/cs\/#\/schema\/person\/d9eeb0a378f3a7e4a6d12d2b536b04b8","name":"radekmalina","image":{"@type":"ImageObject","inLanguage":"cs","@id":"https:\/\/www.welovecycling.com\/cs\/#\/schema\/person\/image\/","url":"https:\/\/secure.gravatar.com\/avatar\/66994b632cb8c39a46b9f54afa3ae07201b678d32a54275b6f1c9ffec356bfc0?s=96&d=mm&r=g","contentUrl":"https:\/\/secure.gravatar.com\/avatar\/66994b632cb8c39a46b9f54afa3ae07201b678d32a54275b6f1c9ffec356bfc0?s=96&d=mm&r=g","caption":"radekmalina"},"url":"https:\/\/www.welovecycling.com\/cs\/author\/radekmalina\/"}]}},"_links":{"self":[{"href":"https:\/\/www.welovecycling.com\/cs\/wp-json\/wp\/v2\/posts\/29268","targetHints":{"allow":["GET"]}}],"collection":[{"href":"https:\/\/www.welovecycling.com\/cs\/wp-json\/wp\/v2\/posts"}],"about":[{"href":"https:\/\/www.welovecycling.com\/cs\/wp-json\/wp\/v2\/types\/post"}],"author":[{"embeddable":true,"href":"https:\/\/www.welovecycling.com\/cs\/wp-json\/wp\/v2\/users\/138"}],"replies":[{"embeddable":true,"href":"https:\/\/www.welovecycling.com\/cs\/wp-json\/wp\/v2\/comments?post=29268"}],"version-history":[{"count":5,"href":"https:\/\/www.welovecycling.com\/cs\/wp-json\/wp\/v2\/posts\/29268\/revisions"}],"predecessor-version":[{"id":29274,"href":"https:\/\/www.welovecycling.com\/cs\/wp-json\/wp\/v2\/posts\/29268\/revisions\/29274"}],"wp:featuredmedia":[{"embeddable":true,"href":"https:\/\/www.welovecycling.com\/cs\/wp-json\/wp\/v2\/media\/29141"}],"wp:attachment":[{"href":"https:\/\/www.welovecycling.com\/cs\/wp-json\/wp\/v2\/media?parent=29268"}],"wp:term":[{"taxonomy":"category","embeddable":true,"href":"https:\/\/www.welovecycling.com\/cs\/wp-json\/wp\/v2\/categories?post=29268"},{"taxonomy":"post_tag","embeddable":true,"href":"https:\/\/www.welovecycling.com\/cs\/wp-json\/wp\/v2\/tags?post=29268"},{"taxonomy":"global-categories","embeddable":true,"href":"https:\/\/www.welovecycling.com\/cs\/wp-json\/wp\/v2\/global-categories?post=29268"}],"curies":[{"name":"wp","href":"https:\/\/api.w.org\/{rel}","templated":true}]}}