{"id":29259,"date":"2025-05-25T15:06:48","date_gmt":"2025-05-25T13:06:48","guid":{"rendered":"https:\/\/www.welovecycling.com\/cs\/?p=29259"},"modified":"2025-05-27T08:57:37","modified_gmt":"2025-05-27T06:57:37","slug":"v-kotrmelcich-a-zkrvaveny-mathieu-van-der-poel-prozil-v-cesku-horky-navrat-na-biky","status":"publish","type":"post","link":"https:\/\/www.welovecycling.com\/cs\/2025\/05\/25\/v-kotrmelcich-a-zkrvaveny-mathieu-van-der-poel-prozil-v-cesku-horky-navrat-na-biky\/","title":{"rendered":"V kotrmelc\u00edch a zkrvaven\u00fd. Mathieu van der Poel pro\u017eil v \u010cesku ho\u0159k\u00fd n\u00e1vrat na biky"},"content":{"rendered":"<p><strong>D\u00e9mon Mathieu van der Poel pro\u017eil v \u010cesku ho\u0159k\u00fd n\u00e1vrat do sedla horsk\u00e9ho kola. Borec t\u00fdmu Alpecin-Deceuninck, kter\u00fd se v zim\u011b stal mistrem sv\u011bta v cyklokrosu a b\u011bhem jara ovl\u00e1dl Monumenty Mil\u00e1n-San Remo a Pa\u0159\u00ed\u017e-Roubaix, p\u0159i z\u00e1vod\u011b sv\u011btov\u00e9ho poh\u00e1ru cross country v Nov\u00e9m M\u011bst\u011b na Morav\u011b do c\u00edle z\u00e1vodu v\u016fbec nedojel. Sm\u011brem k mistrovstv\u00ed sv\u011bta, kde hodl\u00e1 za\u00fato\u010dit na titul ze \u010dtvrt\u00e9 discipl\u00edny, nejde o povzbudiv\u00e9 zpr\u00e1vy.<\/strong><\/p>\n<p>&#8222;Chci se na biku v \u010cesku bavit a zvyknout si na horsk\u00e9 kolo. Jde o jednu z m\u00fdch obl\u00edben\u00fdch discipl\u00edn,&#8220; uvedl nizozemsk\u00fd z\u00e1vodn\u00edk, ne\u017e se na Vyso\u010dina ar\u00e9n\u011b pustil do z\u00e1vodn\u00edch bitev. V z\u00e1\u0159\u00ed na mistrovstv\u00ed sv\u011bta horsk\u00fdch kol ve \u0160v\u00fdcarsku se chce pokusit o \u00fatok na sv\u011btov\u00fd titul. M\u00e1 zlato z cyklokrosu, gravelu a silnice. R\u00e1d by duhov\u00fd trikot \u0161ampiona z dal\u0161\u00ed discipl\u00edny. Ale p\u0159edstaven\u00ed v Nov\u00e9m M\u011bst\u011b na Morav\u011b mnoho d\u016fvod\u016f k optimismu ned\u00e1v\u00e1&#8230;<\/p>\n<h2><strong>\u0160patn\u00e1 pozice na startu je probl\u00e9m<\/strong><\/h2>\n<p>Snil o par\u00e1dn\u00edm n\u00e1vratu. Okruh v Nov\u00e9m M\u011bst\u011b na Morav\u011b m\u00e1 Mathieu van der Poel r\u00e1d, tak\u017ee kdy\u017e se po odmlce vracel v sedle horsk\u00e9ho kola do seri\u00e1lu sv\u011btov\u00e9ho poh\u00e1ru, doufal v \u00fasp\u011bch.\u00a0&#8222;Vyso\u010dina Ar\u00e9na je jednou z m\u00fdch nejobl\u00edben\u011bj\u0161\u00edch trat\u00ed. Vyhr\u00e1l jsem zde sv\u016fj prvn\u00ed sv\u011btov\u00fd poh\u00e1r. Proto jsem se rozhodl pro n\u00e1vrat pr\u00e1v\u011b tady,&#8220; vysv\u011btloval.\u00a0&#8222;C\u00edtil jsem se na kole dob\u0159e. L\u00e9pe, ne\u017e jsem o\u010dek\u00e1val,&#8220; \u0159\u00edkal po prvn\u00edm pr\u016fzkumu okruhu.<\/p>\n<p>D\u00e1vka sebev\u011bdom\u00ed pro dal\u0161\u00ed z\u00e1vody cross country by se nizozemsk\u00e9mu borci \u0161ikla.\u00a0Jen\u017ee zam\u011b\u0159en\u00ed na silnici nese trable v ter\u00e9nu. Ve Vyso\u010dina ar\u00e9n\u011b Mathieu van der Poel startoval a\u017e z p\u00e1t\u00e9 \u0159ady.\u00a0&#8222;Je t\u0159eba m\u00edt \u0161t\u011bst\u00ed. S \u0161irok\u00fdmi \u0159\u00edd\u00edtky nen\u00ed p\u0159edj\u00ed\u017ed\u011bn\u00ed snadn\u00e9, okruh se nav\u00edc rychle zu\u017euje,&#8220; tu\u0161il zradu.<\/p>\n<figure id=\"attachment_29260\" aria-describedby=\"caption-attachment-29260\" style=\"width: 1800px\" class=\"wp-caption alignnone\"><a href=\"https:\/\/d2p6e6u75xmxt8.cloudfront.net\/13\/2025\/05\/profimedia-1002032154.webp\"><img loading=\"lazy\" decoding=\"async\" class=\"size-full wp-image-29260\" src=\"https:\/\/d2p6e6u75xmxt8.cloudfront.net\/13\/2025\/05\/profimedia-1002032154.webp\" alt=\"\" width=\"1800\" height=\"1200\" srcset=\"https:\/\/d2p6e6u75xmxt8.cloudfront.net\/13\/2025\/05\/profimedia-1002032154.webp 1800w, https:\/\/d2p6e6u75xmxt8.cloudfront.net\/13\/2025\/05\/profimedia-1002032154-300x200.webp 300w, https:\/\/d2p6e6u75xmxt8.cloudfront.net\/13\/2025\/05\/profimedia-1002032154-1024x683.webp 1024w, https:\/\/d2p6e6u75xmxt8.cloudfront.net\/13\/2025\/05\/profimedia-1002032154-768x512.webp 768w, https:\/\/d2p6e6u75xmxt8.cloudfront.net\/13\/2025\/05\/profimedia-1002032154-1536x1024.webp 1536w, https:\/\/d2p6e6u75xmxt8.cloudfront.net\/13\/2025\/05\/profimedia-1002032154-400x267.webp 400w, https:\/\/d2p6e6u75xmxt8.cloudfront.net\/13\/2025\/05\/profimedia-1002032154-272x182.webp 272w\" sizes=\"auto, (max-width: 1800px) 100vw, 1800px\" \/><\/a><figcaption id=\"caption-attachment-29260\" class=\"wp-caption-text\"><em>Mathieu van der Poel p\u0159i tr\u00e9ninku v Nov\u00e9m M\u011bst\u011b na Morav\u011b 2025.<\/em><\/figcaption><\/figure>\n<p>A pozice hluboko v poli se mu stala osudnou. V zav\u00e1d\u011bc\u00edm kole se cht\u011bl nizozemsk\u00fd borec protla\u010dit kolem \u0161pan\u011blsk\u00e9ho soupe\u0159e na lev\u00e9 stran\u011b okruhu a \u0161el tvrd\u011b k zemi ve vysok\u00e9 rychlosti.<\/p>\n<div class=\"shortcode-ys-post-pinup\"><article class=\"loop-simple post-29234 post type-post status-publish format-standard has-post-thumbnail hentry category-horska-cyklistika tag-cross-country tag-cube-factory-racing tag-horska-cyklistika tag-nove-mesto-na-morave tag-ondrej-cink tag-svetovy-pohar tag-vysocina-arena global-categories-cycling\" data-postid=\"29234\" role=\"article\" data-post-id=\"29234\" data-word-count=\"543\" data-headline-length=\"54\" data-category=\"Horsk\u00e1 cyklistika\" data-global-category=\"Cycling\" data-author=\"Radek Malina\" data-published=\"2025-05-22T18:00:49+02:00\" data-published-day=\"Thursday\">\n    <div class=\"entry-thumbnail article-thumbnail\" content=\"https:\/\/d2p6e6u75xmxt8.cloudfront.net\/13\/2025\/05\/profimedia-0998247178-150x150.webp\"><a href=\"https:\/\/www.welovecycling.com\/cs\/2025\/05\/22\/nemecka-preciznost-me-nadchla-netaji-ondrej-cink\/\" class=\"image-holder\" target=\"_self\"><img decoding=\"async\" loading=\"lazy\" class=\"\" src=\"https:\/\/d2p6e6u75xmxt8.cloudfront.net\/13\/2025\/05\/profimedia-0998247178-1024x676.webp\" srcset=\"https:\/\/d2p6e6u75xmxt8.cloudfront.net\/13\/2025\/05\/profimedia-0998247178.webp 1800w, https:\/\/d2p6e6u75xmxt8.cloudfront.net\/13\/2025\/05\/profimedia-0998247178-300x198.webp 300w, https:\/\/d2p6e6u75xmxt8.cloudfront.net\/13\/2025\/05\/profimedia-0998247178-1024x676.webp 1024w, https:\/\/d2p6e6u75xmxt8.cloudfront.net\/13\/2025\/05\/profimedia-0998247178-768x507.webp 768w, https:\/\/d2p6e6u75xmxt8.cloudfront.net\/13\/2025\/05\/profimedia-0998247178-1536x1014.webp 1536w, https:\/\/d2p6e6u75xmxt8.cloudfront.net\/13\/2025\/05\/profimedia-0998247178-400x264.webp 400w\" width=\"1024\" height=\"676\" sizes=\"auto, (min-width: 1200px) 302px, (min-width: 768px) 25vw, 100vw\" alt=\"nemecka-preciznost-me-nadchla-netaji-ondrej-cink\"\/><\/a><\/div>    <div class=\"entry-meta\">\n        <a class=\"label label-secondary post-category\" href=\"https:\/\/www.welovecycling.com\/cs\/category\/horska-cyklistika\/\" title=\"Horsk\u00e1 cyklistika\">Horsk\u00e1 cyklistika<\/a>\n    <\/div>\n    <div class=\"entry-details\">\n        <a href=\"https:\/\/www.welovecycling.com\/cs\/2025\/05\/22\/nemecka-preciznost-me-nadchla-netaji-ondrej-cink\/\" class='entry-title-wrapper'>\n            <h3 class=\"entry-title\"><span>N\u011bmeck\u00e1 preciznost m\u011b nadchla, netaj\u00ed Ond\u0159ej Cink<\/span><\/h3>\n        <\/a>\n    <\/div>\n    <\/article>\n<\/div>\n<p>O p\u00e1r set metr\u016f pozd\u011bji pak jeden ze skok\u016f nezvl\u00e1dl technicky a drsn\u011b let\u011bl p\u0159es \u0159\u00edd\u00edtka. Zat\u00edmco kolo odlet\u011blo na levou stranu okruhu, <a href=\"https:\/\/www.welovecycling.com\/cs\/2025\/03\/22\/houzevnaty-mathieu-van-der-poel-zdeptal-pogacara\/\">Mathieu van der Poel<\/a> skon\u010dil v kotrmelc\u00edch vpravo. Ne\u017e se dostal do sedla, ztratil dal\u0161\u00ed \u010das. Klesl a\u017e na t\u0159iaosmdes\u00e1tou pozici. Je\u0161t\u011b dv\u011b kola bojoval a posunul se i se zkrvaven\u00fdm kolenem a loktem zbarven\u00fdm od krve na pades\u00e1tou pozici. Nicm\u00e9n\u011b na \u010delo ztr\u00e1cel p\u0159es dv\u011b minuty, a tak ze z\u00e1vodu odstoupil.<\/p>\n<h2><strong>Mathieu van der Poel se na biky zam\u011b\u0159\u00ed a\u017e po Tour de France<\/strong><\/h2>\n<p>V pond\u011bl\u00ed by m\u011bl odcestovat na vysokohorsk\u00e9 soust\u0159ed\u011bn\u00ed do francouzsk\u00e9ho La Plagne, jeho\u017e smyslem je p\u0159\u00edprava na Tour de France. Je\u0161t\u011b p\u0159ed Grande Boucle absolvuje Mathieu van der Poel gener\u00e1lku p\u0159i etapov\u00e9m z\u00e1vod\u011b Crit\u00e9rium du Dauphin\u00e9.<\/p>\n<p>&#8222;Na horsk\u00e9 kolo se v\u00edce zam\u011b\u0159\u00edm a\u017e po Tour de France. Nov\u00e9 M\u011bsto zapadalo do m\u00e9ho \u010dasov\u00e9ho programu. Ur\u010dit\u011b jsem nebyl v nejlep\u0161\u00ed form\u011b,&#8220; p\u0159iznal Mathieu van der Poel.<\/p>\n<p>N\u00e1sledn\u00e1 vy\u0161et\u0159en\u00ed odhalila, \u017ee nizozemsk\u00fd z\u00e1vodn\u00edk utrp\u011bl frakturu \u010dlunkov\u00e9 kosti v z\u00e1p\u011bst\u00ed a musel odlo\u017eit start vysokohorsk\u00e9ho soust\u0159ed\u011bn\u00ed. Start na Tour de France ani dal\u0161\u00ed akce v kalend\u00e1\u0159i zat\u00edm nezru\u0161il.<\/p>\n<p>V\u00edt\u011bzem z\u00e1vodu v Nov\u00e9m M\u011bst\u011b na Morav\u011b se stal Ameri\u010dan Christopher Blevins. z t\u00fdmu Specialized Factory, druh\u00fd fini\u0161oval Mathias Azzaro z Francie a t\u0159et\u00ed Lars Forster ze \u0160v\u00fdcarska. \u010cesk\u00fd z\u00e1vodn\u00edk t\u00fdmu Cube Factory Ond\u0159ej Cink protnul c\u00edl jako \u0161estn\u00e1ct\u00fd, co\u017e je jeho nejlep\u0161\u00ed v\u00fdsledek sezony ve sv\u011btov\u00e9m poh\u00e1ru. Mezi \u017eenami byla nejrychlej\u0161\u00ed Mona Mitterwalnnerov\u00e1 z Rakouska, nejlep\u0161\u00edm v\u00fdsledkem dom\u00e1c\u00edch z\u00e1vodnic byla t\u0159iat\u0159ic\u00e1t\u00e1 p\u0159\u00ed\u010dka Ad\u00e9ly Holubov\u00e9. Mezi juniorkami se triumfem zaskv\u011bla Barbora Bukovsk\u00e1.<\/p>\n","protected":false},"excerpt":{"rendered":"<p>D\u00e9mon Mathieu van der Poel pro\u017eil v \u010cesku ho\u0159k\u00fd n\u00e1vrat do sedla horsk\u00e9ho kola. Borec t\u00fdmu Alpecin-Deceuninck, kter\u00fd se v [&hellip;]<\/p>\n","protected":false},"author":138,"featured_media":29261,"comment_status":"open","ping_status":"open","sticky":false,"template":"","format":"standard","meta":{"footnotes":""},"categories":[10],"tags":[157,126,57,178,233,205,918],"global-categories":[411],"class_list":["post-29259","post","type-post","status-publish","format-standard","has-post-thumbnail","hentry","category-silnicni-cyklistika","tag-cross-country","tag-cyklistika","tag-horska-kola","tag-mathieu-van-der-poel","tag-nove-mesto-na-morave","tag-ondrej-cink","tag-svetovy-pohar","global-categories-cycling"],"yoast_head":"<!-- This site is optimized with the Yoast SEO Premium plugin v25.3 (Yoast SEO v25.9) - https:\/\/yoast.com\/wordpress\/plugins\/seo\/ -->\n<title>V kotrmelc\u00edch a zkrvaven\u00fd. Mathieu van der Poel pro\u017eil v \u010cesku ho\u0159k\u00fd n\u00e1vrat na biky | \u0160koda We Love Cycling - \u010cesk\u00e1 republika<\/title>\n<meta name=\"description\" content=\"D\u00e9mon Mathieu van der Poel pro\u017eil v \u010cesku ho\u0159k\u00fd n\u00e1vrat do sedla horsk\u00e9ho kola. Borec t\u00fdmu Alpecin-Deceuninck, kter\u00fd se v zim\u011b stal mistrem sv\u011bta v cyklokrosu a b\u011bhem jara ovl\u00e1dl Monumenty Mil\u00e1n-San Remo a Pa\u0159\u00ed\u017e-Roubaix, p\u0159i z\u00e1vod\u011b sv\u011btov\u00e9ho poh\u00e1ru cross country v Nov\u00e9m M\u011bst\u011b na Morav\u011b do c\u00edle z\u00e1vodu v\u016fbec nedojel. Sm\u011brem k mistrovstv\u00ed sv\u011bta, kde hodl\u00e1 za\u00fato\u010dit na titul ze \u010dtvrt\u00e9 discipl\u00edny, nejde o povzbudiv\u00e9 zpr\u00e1vy.\" \/>\n<meta name=\"robots\" content=\"index, follow, max-snippet:-1, max-image-preview:large, max-video-preview:-1\" \/>\n<link rel=\"canonical\" href=\"https:\/\/www.welovecycling.com\/cs\/2025\/05\/25\/v-kotrmelcich-a-zkrvaveny-mathieu-van-der-poel-prozil-v-cesku-horky-navrat-na-biky\/\" \/>\n<meta property=\"og:locale\" content=\"cs_CZ\" \/>\n<meta property=\"og:type\" content=\"article\" \/>\n<meta property=\"og:title\" content=\"V kotrmelc\u00edch a zkrvaven\u00fd. Mathieu van der Poel pro\u017eil v \u010cesku ho\u0159k\u00fd n\u00e1vrat na biky\" \/>\n<meta property=\"og:description\" content=\"D\u00e9mon Mathieu van der Poel pro\u017eil v \u010cesku ho\u0159k\u00fd n\u00e1vrat do sedla horsk\u00e9ho kola. Borec t\u00fdmu Alpecin-Deceuninck, kter\u00fd se v zim\u011b stal mistrem sv\u011bta v cyklokrosu a b\u011bhem jara ovl\u00e1dl Monumenty Mil\u00e1n-San Remo a Pa\u0159\u00ed\u017e-Roubaix, p\u0159i z\u00e1vod\u011b sv\u011btov\u00e9ho poh\u00e1ru cross country v Nov\u00e9m M\u011bst\u011b na Morav\u011b do c\u00edle z\u00e1vodu v\u016fbec nedojel. Sm\u011brem k mistrovstv\u00ed sv\u011bta, kde hodl\u00e1 za\u00fato\u010dit na titul ze \u010dtvrt\u00e9 discipl\u00edny, nejde o povzbudiv\u00e9 zpr\u00e1vy.\" \/>\n<meta property=\"og:url\" content=\"https:\/\/www.welovecycling.com\/cs\/2025\/05\/25\/v-kotrmelcich-a-zkrvaveny-mathieu-van-der-poel-prozil-v-cesku-horky-navrat-na-biky\/\" \/>\n<meta property=\"og:site_name\" content=\"\u0160koda We Love Cycling - \u010cesk\u00e1 republika\" \/>\n<meta property=\"article:published_time\" content=\"2025-05-25T13:06:48+00:00\" \/>\n<meta property=\"article:modified_time\" content=\"2025-05-27T06:57:37+00:00\" \/>\n<meta property=\"og:image\" content=\"https:\/\/d2p6e6u75xmxt8.cloudfront.net\/13\/2025\/05\/profimedia-1003266611.webp\" \/>\n\t<meta property=\"og:image:width\" content=\"1800\" \/>\n\t<meta property=\"og:image:height\" content=\"1422\" \/>\n\t<meta property=\"og:image:type\" content=\"image\/webp\" \/>\n<meta name=\"author\" content=\"radekmalina\" \/>\n<meta name=\"twitter:card\" content=\"summary_large_image\" \/>\n<meta name=\"twitter:label1\" content=\"Written by\" \/>\n\t<meta name=\"twitter:data1\" content=\"Radek Malina\" \/>\n\t<meta name=\"twitter:label2\" content=\"Est. reading time\" \/>\n\t<meta name=\"twitter:data2\" content=\"5\" \/>\n<script type=\"application\/ld+json\" class=\"yoast-schema-graph\">{\"@context\":\"https:\/\/schema.org\",\"@graph\":[{\"@type\":\"WebPage\",\"@id\":\"https:\/\/www.welovecycling.com\/cs\/2025\/05\/25\/v-kotrmelcich-a-zkrvaveny-mathieu-van-der-poel-prozil-v-cesku-horky-navrat-na-biky\/\",\"url\":\"https:\/\/www.welovecycling.com\/cs\/2025\/05\/25\/v-kotrmelcich-a-zkrvaveny-mathieu-van-der-poel-prozil-v-cesku-horky-navrat-na-biky\/\",\"name\":\"V kotrmelc\u00edch a zkrvaven\u00fd. Mathieu van der Poel pro\u017eil v \u010cesku ho\u0159k\u00fd n\u00e1vrat na biky | \u0160koda We Love Cycling - \u010cesk\u00e1 republika\",\"isPartOf\":{\"@id\":\"https:\/\/www.welovecycling.com\/cs\/#website\"},\"primaryImageOfPage\":{\"@id\":\"https:\/\/www.welovecycling.com\/cs\/2025\/05\/25\/v-kotrmelcich-a-zkrvaveny-mathieu-van-der-poel-prozil-v-cesku-horky-navrat-na-biky\/#primaryimage\"},\"image\":{\"@id\":\"https:\/\/www.welovecycling.com\/cs\/2025\/05\/25\/v-kotrmelcich-a-zkrvaveny-mathieu-van-der-poel-prozil-v-cesku-horky-navrat-na-biky\/#primaryimage\"},\"thumbnailUrl\":\"https:\/\/d2p6e6u75xmxt8.cloudfront.net\/13\/2025\/05\/profimedia-1003266611.webp\",\"datePublished\":\"2025-05-25T13:06:48+00:00\",\"dateModified\":\"2025-05-27T06:57:37+00:00\",\"author\":{\"@id\":\"https:\/\/www.welovecycling.com\/cs\/#\/schema\/person\/d9eeb0a378f3a7e4a6d12d2b536b04b8\"},\"description\":\"D\u00e9mon Mathieu van der Poel pro\u017eil v \u010cesku ho\u0159k\u00fd n\u00e1vrat do sedla horsk\u00e9ho kola. Borec t\u00fdmu Alpecin-Deceuninck, kter\u00fd se v zim\u011b stal mistrem sv\u011bta v cyklokrosu a b\u011bhem jara ovl\u00e1dl Monumenty Mil\u00e1n-San Remo a Pa\u0159\u00ed\u017e-Roubaix, p\u0159i z\u00e1vod\u011b sv\u011btov\u00e9ho poh\u00e1ru cross country v Nov\u00e9m M\u011bst\u011b na Morav\u011b do c\u00edle z\u00e1vodu v\u016fbec nedojel. Sm\u011brem k mistrovstv\u00ed sv\u011bta, kde hodl\u00e1 za\u00fato\u010dit na titul ze \u010dtvrt\u00e9 discipl\u00edny, nejde o povzbudiv\u00e9 zpr\u00e1vy.\",\"inLanguage\":\"cs\",\"potentialAction\":[{\"@type\":\"ReadAction\",\"target\":[\"https:\/\/www.welovecycling.com\/cs\/2025\/05\/25\/v-kotrmelcich-a-zkrvaveny-mathieu-van-der-poel-prozil-v-cesku-horky-navrat-na-biky\/\"]}]},{\"@type\":\"ImageObject\",\"inLanguage\":\"cs\",\"@id\":\"https:\/\/www.welovecycling.com\/cs\/2025\/05\/25\/v-kotrmelcich-a-zkrvaveny-mathieu-van-der-poel-prozil-v-cesku-horky-navrat-na-biky\/#primaryimage\",\"url\":\"https:\/\/d2p6e6u75xmxt8.cloudfront.net\/13\/2025\/05\/profimedia-1003266611.webp\",\"contentUrl\":\"https:\/\/d2p6e6u75xmxt8.cloudfront.net\/13\/2025\/05\/profimedia-1003266611.webp\",\"width\":1800,\"height\":1422,\"caption\":\"Mathieu van der Poel p\u0159i z\u00e1vod\u011b v Nov\u00e9m M\u011bst\u011b na Morav\u011b 2025.\"},{\"@type\":\"WebSite\",\"@id\":\"https:\/\/www.welovecycling.com\/cs\/#website\",\"url\":\"https:\/\/www.welovecycling.com\/cs\/\",\"name\":\"\u0160koda We Love Cycling - \u010cesk\u00e1 republika\",\"description\":\"WeLoveCycling.cz je online magaz\u00edn, kter\u00fd v\u00e1m pravideln\u011b p\u0159in\u00e1\u0161\u00ed rady a tipy, zaj\u00edmav\u00e9 \u010dl\u00e1nky, videa a jedine\u010dn\u00e9 report\u00e1\u017ee ze sv\u011bta cyklistiky.\",\"potentialAction\":[{\"@type\":\"SearchAction\",\"target\":{\"@type\":\"EntryPoint\",\"urlTemplate\":\"https:\/\/www.welovecycling.com\/cs\/?s={search_term_string}\"},\"query-input\":{\"@type\":\"PropertyValueSpecification\",\"valueRequired\":true,\"valueName\":\"search_term_string\"}}],\"inLanguage\":\"cs\"},{\"@type\":\"Person\",\"@id\":\"https:\/\/www.welovecycling.com\/cs\/#\/schema\/person\/d9eeb0a378f3a7e4a6d12d2b536b04b8\",\"name\":\"radekmalina\",\"image\":{\"@type\":\"ImageObject\",\"inLanguage\":\"cs\",\"@id\":\"https:\/\/www.welovecycling.com\/cs\/#\/schema\/person\/image\/\",\"url\":\"https:\/\/secure.gravatar.com\/avatar\/66994b632cb8c39a46b9f54afa3ae07201b678d32a54275b6f1c9ffec356bfc0?s=96&d=mm&r=g\",\"contentUrl\":\"https:\/\/secure.gravatar.com\/avatar\/66994b632cb8c39a46b9f54afa3ae07201b678d32a54275b6f1c9ffec356bfc0?s=96&d=mm&r=g\",\"caption\":\"radekmalina\"},\"url\":\"https:\/\/www.welovecycling.com\/cs\/author\/radekmalina\/\"}]}<\/script>\n<!-- \/ Yoast SEO Premium plugin. -->","yoast_head_json":{"title":"V kotrmelc\u00edch a zkrvaven\u00fd. Mathieu van der Poel pro\u017eil v \u010cesku ho\u0159k\u00fd n\u00e1vrat na biky | \u0160koda We Love Cycling - \u010cesk\u00e1 republika","description":"D\u00e9mon Mathieu van der Poel pro\u017eil v \u010cesku ho\u0159k\u00fd n\u00e1vrat do sedla horsk\u00e9ho kola. Borec t\u00fdmu Alpecin-Deceuninck, kter\u00fd se v zim\u011b stal mistrem sv\u011bta v cyklokrosu a b\u011bhem jara ovl\u00e1dl Monumenty Mil\u00e1n-San Remo a Pa\u0159\u00ed\u017e-Roubaix, p\u0159i z\u00e1vod\u011b sv\u011btov\u00e9ho poh\u00e1ru cross country v Nov\u00e9m M\u011bst\u011b na Morav\u011b do c\u00edle z\u00e1vodu v\u016fbec nedojel. Sm\u011brem k mistrovstv\u00ed sv\u011bta, kde hodl\u00e1 za\u00fato\u010dit na titul ze \u010dtvrt\u00e9 discipl\u00edny, nejde o povzbudiv\u00e9 zpr\u00e1vy.","robots":{"index":"index","follow":"follow","max-snippet":"max-snippet:-1","max-image-preview":"max-image-preview:large","max-video-preview":"max-video-preview:-1"},"canonical":"https:\/\/www.welovecycling.com\/cs\/2025\/05\/25\/v-kotrmelcich-a-zkrvaveny-mathieu-van-der-poel-prozil-v-cesku-horky-navrat-na-biky\/","og_locale":"cs_CZ","og_type":"article","og_title":"V kotrmelc\u00edch a zkrvaven\u00fd. Mathieu van der Poel pro\u017eil v \u010cesku ho\u0159k\u00fd n\u00e1vrat na biky","og_description":"D\u00e9mon Mathieu van der Poel pro\u017eil v \u010cesku ho\u0159k\u00fd n\u00e1vrat do sedla horsk\u00e9ho kola. Borec t\u00fdmu Alpecin-Deceuninck, kter\u00fd se v zim\u011b stal mistrem sv\u011bta v cyklokrosu a b\u011bhem jara ovl\u00e1dl Monumenty Mil\u00e1n-San Remo a Pa\u0159\u00ed\u017e-Roubaix, p\u0159i z\u00e1vod\u011b sv\u011btov\u00e9ho poh\u00e1ru cross country v Nov\u00e9m M\u011bst\u011b na Morav\u011b do c\u00edle z\u00e1vodu v\u016fbec nedojel. Sm\u011brem k mistrovstv\u00ed sv\u011bta, kde hodl\u00e1 za\u00fato\u010dit na titul ze \u010dtvrt\u00e9 discipl\u00edny, nejde o povzbudiv\u00e9 zpr\u00e1vy.","og_url":"https:\/\/www.welovecycling.com\/cs\/2025\/05\/25\/v-kotrmelcich-a-zkrvaveny-mathieu-van-der-poel-prozil-v-cesku-horky-navrat-na-biky\/","og_site_name":"\u0160koda We Love Cycling - \u010cesk\u00e1 republika","article_published_time":"2025-05-25T13:06:48+00:00","article_modified_time":"2025-05-27T06:57:37+00:00","og_image":[{"width":1800,"height":1422,"url":"https:\/\/d2p6e6u75xmxt8.cloudfront.net\/13\/2025\/05\/profimedia-1003266611.webp","type":"image\/webp"}],"author":"radekmalina","twitter_card":"summary_large_image","twitter_misc":{"Written by":"Radek Malina","Est. reading time":"5"},"schema":{"@context":"https:\/\/schema.org","@graph":[{"@type":"WebPage","@id":"https:\/\/www.welovecycling.com\/cs\/2025\/05\/25\/v-kotrmelcich-a-zkrvaveny-mathieu-van-der-poel-prozil-v-cesku-horky-navrat-na-biky\/","url":"https:\/\/www.welovecycling.com\/cs\/2025\/05\/25\/v-kotrmelcich-a-zkrvaveny-mathieu-van-der-poel-prozil-v-cesku-horky-navrat-na-biky\/","name":"V kotrmelc\u00edch a zkrvaven\u00fd. Mathieu van der Poel pro\u017eil v \u010cesku ho\u0159k\u00fd n\u00e1vrat na biky | \u0160koda We Love Cycling - \u010cesk\u00e1 republika","isPartOf":{"@id":"https:\/\/www.welovecycling.com\/cs\/#website"},"primaryImageOfPage":{"@id":"https:\/\/www.welovecycling.com\/cs\/2025\/05\/25\/v-kotrmelcich-a-zkrvaveny-mathieu-van-der-poel-prozil-v-cesku-horky-navrat-na-biky\/#primaryimage"},"image":{"@id":"https:\/\/www.welovecycling.com\/cs\/2025\/05\/25\/v-kotrmelcich-a-zkrvaveny-mathieu-van-der-poel-prozil-v-cesku-horky-navrat-na-biky\/#primaryimage"},"thumbnailUrl":"https:\/\/d2p6e6u75xmxt8.cloudfront.net\/13\/2025\/05\/profimedia-1003266611.webp","datePublished":"2025-05-25T13:06:48+00:00","dateModified":"2025-05-27T06:57:37+00:00","author":{"@id":"https:\/\/www.welovecycling.com\/cs\/#\/schema\/person\/d9eeb0a378f3a7e4a6d12d2b536b04b8"},"description":"D\u00e9mon Mathieu van der Poel pro\u017eil v \u010cesku ho\u0159k\u00fd n\u00e1vrat do sedla horsk\u00e9ho kola. Borec t\u00fdmu Alpecin-Deceuninck, kter\u00fd se v zim\u011b stal mistrem sv\u011bta v cyklokrosu a b\u011bhem jara ovl\u00e1dl Monumenty Mil\u00e1n-San Remo a Pa\u0159\u00ed\u017e-Roubaix, p\u0159i z\u00e1vod\u011b sv\u011btov\u00e9ho poh\u00e1ru cross country v Nov\u00e9m M\u011bst\u011b na Morav\u011b do c\u00edle z\u00e1vodu v\u016fbec nedojel. Sm\u011brem k mistrovstv\u00ed sv\u011bta, kde hodl\u00e1 za\u00fato\u010dit na titul ze \u010dtvrt\u00e9 discipl\u00edny, nejde o povzbudiv\u00e9 zpr\u00e1vy.","inLanguage":"cs","potentialAction":[{"@type":"ReadAction","target":["https:\/\/www.welovecycling.com\/cs\/2025\/05\/25\/v-kotrmelcich-a-zkrvaveny-mathieu-van-der-poel-prozil-v-cesku-horky-navrat-na-biky\/"]}]},{"@type":"ImageObject","inLanguage":"cs","@id":"https:\/\/www.welovecycling.com\/cs\/2025\/05\/25\/v-kotrmelcich-a-zkrvaveny-mathieu-van-der-poel-prozil-v-cesku-horky-navrat-na-biky\/#primaryimage","url":"https:\/\/d2p6e6u75xmxt8.cloudfront.net\/13\/2025\/05\/profimedia-1003266611.webp","contentUrl":"https:\/\/d2p6e6u75xmxt8.cloudfront.net\/13\/2025\/05\/profimedia-1003266611.webp","width":1800,"height":1422,"caption":"Mathieu van der Poel p\u0159i z\u00e1vod\u011b v Nov\u00e9m M\u011bst\u011b na Morav\u011b 2025."},{"@type":"WebSite","@id":"https:\/\/www.welovecycling.com\/cs\/#website","url":"https:\/\/www.welovecycling.com\/cs\/","name":"\u0160koda We Love Cycling - \u010cesk\u00e1 republika","description":"WeLoveCycling.cz je online magaz\u00edn, kter\u00fd v\u00e1m pravideln\u011b p\u0159in\u00e1\u0161\u00ed rady a tipy, zaj\u00edmav\u00e9 \u010dl\u00e1nky, videa a jedine\u010dn\u00e9 report\u00e1\u017ee ze sv\u011bta cyklistiky.","potentialAction":[{"@type":"SearchAction","target":{"@type":"EntryPoint","urlTemplate":"https:\/\/www.welovecycling.com\/cs\/?s={search_term_string}"},"query-input":{"@type":"PropertyValueSpecification","valueRequired":true,"valueName":"search_term_string"}}],"inLanguage":"cs"},{"@type":"Person","@id":"https:\/\/www.welovecycling.com\/cs\/#\/schema\/person\/d9eeb0a378f3a7e4a6d12d2b536b04b8","name":"radekmalina","image":{"@type":"ImageObject","inLanguage":"cs","@id":"https:\/\/www.welovecycling.com\/cs\/#\/schema\/person\/image\/","url":"https:\/\/secure.gravatar.com\/avatar\/66994b632cb8c39a46b9f54afa3ae07201b678d32a54275b6f1c9ffec356bfc0?s=96&d=mm&r=g","contentUrl":"https:\/\/secure.gravatar.com\/avatar\/66994b632cb8c39a46b9f54afa3ae07201b678d32a54275b6f1c9ffec356bfc0?s=96&d=mm&r=g","caption":"radekmalina"},"url":"https:\/\/www.welovecycling.com\/cs\/author\/radekmalina\/"}]}},"_links":{"self":[{"href":"https:\/\/www.welovecycling.com\/cs\/wp-json\/wp\/v2\/posts\/29259","targetHints":{"allow":["GET"]}}],"collection":[{"href":"https:\/\/www.welovecycling.com\/cs\/wp-json\/wp\/v2\/posts"}],"about":[{"href":"https:\/\/www.welovecycling.com\/cs\/wp-json\/wp\/v2\/types\/post"}],"author":[{"embeddable":true,"href":"https:\/\/www.welovecycling.com\/cs\/wp-json\/wp\/v2\/users\/138"}],"replies":[{"embeddable":true,"href":"https:\/\/www.welovecycling.com\/cs\/wp-json\/wp\/v2\/comments?post=29259"}],"version-history":[{"count":3,"href":"https:\/\/www.welovecycling.com\/cs\/wp-json\/wp\/v2\/posts\/29259\/revisions"}],"predecessor-version":[{"id":29278,"href":"https:\/\/www.welovecycling.com\/cs\/wp-json\/wp\/v2\/posts\/29259\/revisions\/29278"}],"wp:featuredmedia":[{"embeddable":true,"href":"https:\/\/www.welovecycling.com\/cs\/wp-json\/wp\/v2\/media\/29261"}],"wp:attachment":[{"href":"https:\/\/www.welovecycling.com\/cs\/wp-json\/wp\/v2\/media?parent=29259"}],"wp:term":[{"taxonomy":"category","embeddable":true,"href":"https:\/\/www.welovecycling.com\/cs\/wp-json\/wp\/v2\/categories?post=29259"},{"taxonomy":"post_tag","embeddable":true,"href":"https:\/\/www.welovecycling.com\/cs\/wp-json\/wp\/v2\/tags?post=29259"},{"taxonomy":"global-categories","embeddable":true,"href":"https:\/\/www.welovecycling.com\/cs\/wp-json\/wp\/v2\/global-categories?post=29259"}],"curies":[{"name":"wp","href":"https:\/\/api.w.org\/{rel}","templated":true}]}}