{"id":29193,"date":"2025-05-16T05:00:38","date_gmt":"2025-05-16T03:00:38","guid":{"rendered":"https:\/\/www.welovecycling.com\/cs\/?p=29193"},"modified":"2025-06-04T10:37:41","modified_gmt":"2025-06-04T08:37:41","slug":"zbyva-ti-par-mesicu-zivota-ted-pojede-zorka-napric-republikou","status":"publish","type":"post","link":"https:\/\/www.welovecycling.com\/cs\/2025\/05\/16\/zbyva-ti-par-mesicu-zivota-ted-pojede-zorka-napric-republikou\/","title":{"rendered":"Zb\u00fdv\u00e1 ti p\u00e1r m\u011bs\u00edc\u016f \u017eivota! Te\u010f pojede Zorka nap\u0159\u00ed\u010d republikou"},"content":{"rendered":"<div id=\"pl-29193\"  class=\"panel-layout\" ><div id=\"pg-29193-0\"  class=\"panel-grid panel-no-style\" ><div id=\"pgc-29193-0-0\"  class=\"panel-grid-cell\" ><div id=\"panel-29193-0-0-0\" class=\"so-panel widget widget_sow-editor panel-first-child\" data-index=\"0\" ><div\n\t\t\t\n\t\t\tclass=\"so-widget-sow-editor so-widget-sow-editor-base\"\n\t\t\t\n\t\t>\n<div class=\"siteorigin-widget-tinymce textwidget\">\n\t<p><strong>P\u00e1r m\u011bs\u00edc\u016f \u017eivota d\u00e1vali l\u00e9ka\u0159i p\u0159ed t\u0159emi lety Zorce \u0160\u0165astn\u00e9. Rakovin\u011b se ale rozhodla nepoddat. \u201eNemoc m\u011b naopak nau\u010dila \u017e\u00edt naplno,\u201c \u0159\u00edk\u00e1 Zorka, kter\u00e1 se s podporou berounsk\u00e9ho ultracyklisty Martina Sou\u010dka chyst\u00e1 na \u017eivotn\u00ed v\u00fdkon. U\u017e 7. \u010dervna startuje spolu se sv\u00fdmi dcerami \u0161tafetovou cyklistickou j\u00edzdu s n\u00e1zvem \u20188 dn\u00ed pro paliativu\u2019 p\u0159i kter\u00e9 chce zdolat \u010cesko od z\u00e1padu na v\u00fdchod. Jej\u00edm hlavn\u00edm c\u00edlem je podpo\u0159it projekt Domestici a s n\u00edm oblast paliativn\u00ed p\u00e9\u010de, kter\u00e1 pom\u00e1h\u00e1 lidem \u017e\u00edt co nejl\u00e9pe i v posledn\u00ed etap\u011b \u017eivota. Zastav\u00ed se p\u0159i tom v 17 hospic\u00edch po cel\u00e9 zemi v\u010detn\u011b berounsk\u00e9ho Mezi b\u0159ehy.<\/strong><\/p>\n<p>Zorka \u0160\u0165astn\u00e1, m\u00e1ma dvou n\u00e1ctilet\u00fdch dcer, si v listopadu 2021 vyslechla progn\u00f3zu, kter\u00e1 j\u00ed obr\u00e1tila \u017eivot vzh\u016fru nohama. \u201eVyd\u011bsilo m\u011b to, ale naprosto jsem se tehdy odevzdala l\u00e9ka\u0159\u016fm - vyoperujte mi slinivku, prolijte m\u011b chemoterapi\u00ed a zase m\u011b zdravou vra\u0165te. A\u017e pozd\u011bji jsem pochopila, \u017ee se k nemoci mus\u00edm postavit \u010delem,\u201c \u0159\u00edk\u00e1 Zorka.<\/p>\n<p>Na podzim 2021 ud\u011blal z\u00e1sadn\u00ed \u017eivotn\u00ed rozhodnut\u00ed i Martin Sou\u010dek. Ode\u0161el z vysok\u00fdch pater byznysu, aby se v\u011bnoval sv\u00fdm dv\u011bma dcer\u00e1m a zpomalil vy\u010derp\u00e1vaj\u00edc\u00ed pracovn\u00ed tempo. Proto\u017ee ho ale \u017eivot bez vysok\u00fdch c\u00edl\u016f nenapl\u0148oval, rozhodl se p\u0159ipravit na extr\u00e9mn\u00ed z\u00e1vod na milovan\u00e9m silni\u010dn\u00edm kole a \u00fa\u010dast v n\u011bm spojit s podporou paliativn\u00ed p\u00e9\u010de. Z\u00e1vod loni ve \u0161tafet\u011b s Tom\u00e1\u0161em Navr\u00e1tilem zvl\u00e1dl \u2013 ze z\u00e1padn\u00edho na v\u00fdchodn\u00ed pob\u0159e\u017e\u00ed dok\u00e1zali dojet pr\u00e1v\u011b za 8 dn\u00ed a 8 hodin. Druh\u00fd c\u00edl, vybrat pro paliativu v r\u00e1mci projektu Domestici.cz 10 milion\u016f korun, je zat\u00edm nenapln\u011bn\u00fd \u2013 k c\u00edlov\u00e9 \u010d\u00e1stce zb\u00fdv\u00e1 vybrat 2 miliony.<\/p>\n<h2><strong>M\u00edsto do cukr\u00e1rny pojedou z Chebu do T\u0159ince<\/strong><\/h2>\n<p>Cesty Zorky a Martina se protnuly loni v \u0159\u00edjnu na slavnostn\u00edm uveden\u00ed dokument\u00e1rn\u00ed s\u00e9rie Do konce, v n\u00ed\u017e je Zorka jednou z protagonistek. \u201eProhodili jsme p\u00e1r slov o z\u00e1vodu a sb\u00edrce a j\u00e1 vtipkovala, \u017ee bych na kole zvl\u00e1dla dojet sotva k n\u00e1m do cukr\u00e1rny,\u201c \u0159\u00edk\u00e1 Zorka. Jen\u017ee o p\u00e1r dn\u016f pozd\u011bji si s Martinem telefonovala, v legraci prohodila, \u017ee kdy\u017e Martin s Tom\u00e1\u0161em za 8 dn\u00ed p\u0159ejel celou Ameriku, mohla by za stejnou dobu p\u0159ejet \u010cesko, a \u0161\u00edlen\u00fd pl\u00e1n byl na sv\u011bt\u011b.<\/p>\n<p><a href=\"https:\/\/d2p6e6u75xmxt8.cloudfront.net\/13\/2025\/05\/Kopie-souboru-Zorka-Stastna-BU9A8803-scaled.webp\"><img loading=\"lazy\" decoding=\"async\" class=\"alignnone size-extra-large wp-image-29195\" src=\"https:\/\/d2p6e6u75xmxt8.cloudfront.net\/13\/2025\/05\/Kopie-souboru-Zorka-Stastna-BU9A8803-1920x1280.webp\" alt=\"\" width=\"1920\" height=\"1280\" srcset=\"https:\/\/d2p6e6u75xmxt8.cloudfront.net\/13\/2025\/05\/Kopie-souboru-Zorka-Stastna-BU9A8803-1920x1280.webp 1920w, https:\/\/d2p6e6u75xmxt8.cloudfront.net\/13\/2025\/05\/Kopie-souboru-Zorka-Stastna-BU9A8803-300x200.webp 300w, https:\/\/d2p6e6u75xmxt8.cloudfront.net\/13\/2025\/05\/Kopie-souboru-Zorka-Stastna-BU9A8803-1024x683.webp 1024w, https:\/\/d2p6e6u75xmxt8.cloudfront.net\/13\/2025\/05\/Kopie-souboru-Zorka-Stastna-BU9A8803-768x512.webp 768w, https:\/\/d2p6e6u75xmxt8.cloudfront.net\/13\/2025\/05\/Kopie-souboru-Zorka-Stastna-BU9A8803-1536x1024.webp 1536w, https:\/\/d2p6e6u75xmxt8.cloudfront.net\/13\/2025\/05\/Kopie-souboru-Zorka-Stastna-BU9A8803-2048x1365.webp 2048w, https:\/\/d2p6e6u75xmxt8.cloudfront.net\/13\/2025\/05\/Kopie-souboru-Zorka-Stastna-BU9A8803-400x267.webp 400w, https:\/\/d2p6e6u75xmxt8.cloudfront.net\/13\/2025\/05\/Kopie-souboru-Zorka-Stastna-BU9A8803-272x182.webp 272w, https:\/\/d2p6e6u75xmxt8.cloudfront.net\/13\/2025\/05\/Kopie-souboru-Zorka-Stastna-BU9A8803-1920x1280.webp 1920w\" sizes=\"auto, (max-width: 1920px) 100vw, 1920px\" \/><\/a><\/p>\n<p>\u201eMn\u011b extr\u00e9mn\u00ed v\u00fdkony v\u017edycky fascinovaly. Sledovala jsem je a \u0159\u00edkala si, jak bych asi obst\u00e1la. Ale teprve te\u010f , kdy\u017e um\u00edr\u00e1m, m\u00e1m odvahu do toho j\u00edt sama. Pro m\u011b je t\u011bch 600 kilometr\u016f stejn\u011b na hran\u011b, jako pro Martina 5000 km, kter\u00e9 jel v Americe. V\u011b\u0159\u00edm ale, \u017ee pl\u00e1novanou trasu zvl\u00e1dnu i kdyby m\u011b do c\u00edle m\u011bli dot\u00e1hnout gumicukem. Ten z\u00e1vod se sebou samotnou m\u011b \u017eene dop\u0159edu,\u201c \u0159\u00edk\u00e1 Zorka odhodlan\u011b.<\/p>\n<h2><strong>Lid\u00e9 z paliativn\u00edho t\u00fdmu mi pom\u00e1haj\u00ed \u017e\u00edt l\u00e9pe, \u0159\u00edk\u00e1 Zorka<\/strong><\/h2>\n<p>Na spolupr\u00e1ci s Domestiky ji nadchlo p\u0159edev\u0161\u00edm to, \u017ee c\u00edlem jejich mise je pr\u00e1v\u011b zviditelnit a finan\u010dn\u011b podpo\u0159it paliativn\u00ed p\u00e9\u010di: \u201eChci uk\u00e1zat ostatn\u00edm, \u017ee jsem po\u0159\u00e1d tady d\u00edky l\u00e9ka\u0159\u016fm, a z\u00e1rove\u0148 proto, \u017ee na sob\u011b pracuju, po fyzick\u00e9 i duchovn\u00ed str\u00e1nce. Snad n\u011bkoho m\u016f\u017eu inspirovat, aby s t\u00edm za\u010dal d\u0159\u00edv, ne\u017e bude jeho t\u011blo tak moc rozbit\u00e9, jako to moje.\u201c<\/p>\n<div class=\"shortcode-ys-post-pinup\"><article class=\"loop-simple post-24886 post type-post status-publish format-standard has-post-thumbnail hentry category-silnicni-cyklistika tag-charita tag-cyklistika tag-komentator tag-letape-2024 tag-letape-czech-republic-2024 tag-martin-hacecky tag-motivacni-prednasky tag-walton-endurance global-categories-cycling\" data-postid=\"24886\" role=\"article\" data-post-id=\"24886\" data-word-count=\"906\" data-headline-length=\"83\" data-category=\"Silni\u010dn\u00ed cyklistika\" data-global-category=\"Cycling\" data-author=\"Radek Malina\" data-published=\"2024-02-22T04:00:34+02:00\" data-published-day=\"Thursday\">\n    <div class=\"entry-thumbnail article-thumbnail\" content=\"https:\/\/d2p6e6u75xmxt8.cloudfront.net\/13\/2024\/02\/hacecky-martin-4-150x150.webp\"><a href=\"https:\/\/www.welovecycling.com\/cs\/2024\/02\/22\/martin-hacecky-kolo-vnimam-jako-prostredek-k-rozdavani-zivotni-motivace\/\" class=\"image-holder\" target=\"_self\"><img decoding=\"async\" loading=\"lazy\" class=\"\" src=\"https:\/\/d2p6e6u75xmxt8.cloudfront.net\/13\/2024\/02\/hacecky-martin-4-1024x682.webp\" srcset=\"https:\/\/d2p6e6u75xmxt8.cloudfront.net\/13\/2024\/02\/hacecky-martin-4.webp 1600w, https:\/\/d2p6e6u75xmxt8.cloudfront.net\/13\/2024\/02\/hacecky-martin-4-300x200.webp 300w, https:\/\/d2p6e6u75xmxt8.cloudfront.net\/13\/2024\/02\/hacecky-martin-4-1024x682.webp 1024w, https:\/\/d2p6e6u75xmxt8.cloudfront.net\/13\/2024\/02\/hacecky-martin-4-768x512.webp 768w, https:\/\/d2p6e6u75xmxt8.cloudfront.net\/13\/2024\/02\/hacecky-martin-4-1536x1023.webp 1536w, https:\/\/d2p6e6u75xmxt8.cloudfront.net\/13\/2024\/02\/hacecky-martin-4-400x267.webp 400w, https:\/\/d2p6e6u75xmxt8.cloudfront.net\/13\/2024\/02\/hacecky-martin-4-272x182.webp 272w\" width=\"1024\" height=\"682\" sizes=\"auto, (min-width: 1200px) 300px, (min-width: 768px) 25vw, 100vw\" alt=\"martin-hacecky-kolo-vnimam-jako-prostredek-k-rozdavani-zivotni-motivace\"\/><\/a><\/div>    <div class=\"entry-meta\">\n        <a class=\"label label-secondary post-category\" href=\"https:\/\/www.welovecycling.com\/cs\/category\/silnicni-cyklistika\/\" title=\"Silni\u010dn\u00ed cyklistika\">Silni\u010dn\u00ed cyklistika<\/a>\n    <\/div>\n    <div class=\"entry-details\">\n        <a href=\"https:\/\/www.welovecycling.com\/cs\/2024\/02\/22\/martin-hacecky-kolo-vnimam-jako-prostredek-k-rozdavani-zivotni-motivace\/\" class='entry-title-wrapper'>\n            <h3 class=\"entry-title\"><span>Martin Ha\u010deck\u00fd: Kolo vn\u00edm\u00e1m jako prost\u0159edek k\u00a0rozd\u00e1v\u00e1n\u00ed \u017eivotn\u00ed motivace<\/span><\/h3>\n        <\/a>\n    <\/div>\n    <\/article>\n<\/div>\n<p>P\u0159\u00edstup nemocni\u010dn\u00edho paliativn\u00edho t\u00fdmu byl Zorce v jej\u00edm odhodl\u00e1n\u00ed byl velkou oporou. \u201eRe\u00e1ln\u011b mi pom\u00e1haj\u00ed zkvalitnit \u017eivot. Kdy\u017e m\u011b n\u011bco tr\u00e1p\u00ed, nejsou hotov\u00ed t\u00edm, \u017ee mi p\u0159edep\u00ed\u0161\u00ed l\u00e9ky. \u0158e\u0161\u00ed se mnou komplexn\u011b, co by mi bolest nebo jin\u00fd nekomfort pomohlo utlumit. Nav\u00edc tu nejsou jen pro m\u011b, ale i pro moje d\u011bti, kter\u00e9 d\u00edky tomu m\u011bly v nejt\u011b\u017e\u0161\u00edm obdob\u00ed po za\u010d\u00e1tku l\u00e9\u010dby dobrou psychologickou podporu,\u201c vysv\u011btluje.<\/p>\n<p>Pr\u00e1v\u011b Zorky dcery \u2013 17let\u00e1 B\u00e1ra a 15let\u00e1 Veronika budou m\u00e1m\u011b p\u0159i zdol\u00e1n\u00ed porce kilometr\u016f z\u00e1sadn\u00ed oporou. \u201eTak jako j\u00e1 jsem m\u011bl v americk\u00e9m z\u00e1vodu par\u0165\u00e1ka Tom\u00e1\u0161e Navr\u00e1tila, i Zorka pojede svou j\u00edzdu ve \u0161tafet\u011b. Ujede v\u017edy jen takovou vzd\u00e1lenost, kterou jej\u00ed t\u011blo zvl\u00e1dne,\u201c vysv\u011btluje Martin Sou\u010dek. Ten bude \u017eensk\u00e9 trojici d\u011blat takzvan\u00e9ho domestika, v cyklistice pomocn\u00edka, a bude je doprov\u00e1zet po cel\u00e9 trase.<\/p>\n<h2><strong>P\u0159idat do benefi\u010dn\u00edho pelotonu se mohou v\u0161ichni \u2013 po trase i online<\/strong><\/h2>\n<p>Benefi\u010dn\u00ed j\u00edzda je napl\u00e1nov\u00e1na od nejz\u00e1padn\u011bj\u0161\u00edho \u010desk\u00e9ho hospice v Chebu do toho nejv\u00fdchodn\u011bj\u0161\u00edho v T\u0159inci. Projede v\u00edc ne\u017e 14 m\u011bst a jejich hospicov\u00e1 za\u0159\u00edzen\u00ed. Jedn\u00edm z nich bude i berounsk\u00fd hospic Mezi B\u0159ehy, kter\u00fd u\u017e na za\u010d\u00e1tku roku Domestici podpo\u0159ili mimo\u0159\u00e1dn\u00fdm darem 450 000 korun.<\/p>\n<p>\u201eS Domestiky a Zorkou n\u00e1s spojuje stejn\u00fd c\u00edl \u2013 aby do fin\u00e1le nejel nikdo s\u00e1m. Budeme jim fandit na pr\u016fjezdn\u00edm bod\u011b, kter\u00fdm je n\u00e1m\u011bst\u00ed Joachima Barranda. Zapi\u0161te si 8. \u010dervna do kalend\u00e1\u0159e a dora\u017ete za n\u00e1mi! Na m\u00edst\u011b bude relaxa\u010dn\u00ed z\u00f3na s ob\u010derstven\u00edm od lok\u00e1ln\u00edch podnik\u016f, d\u011bti si zato\u010d\u00ed kolem \u0161t\u011bst\u00ed, u\u017eij\u00ed si tv\u016fr\u010d\u00ed d\u00edlnu, d\u011btskou j\u00f3gu nebo legend\u00e1rn\u00ed \u00dastav \u00fa\u017easu s divadeln\u00edm p\u0159edstaven\u00edm Cirkus Prd\u00edtko. Zorce nechyb\u00ed humor ani nadhled a p\u0159esn\u011b takovou n\u00e1ladu chceme p\u0159in\u00e9st,\u201c popisuje Zita H\u00e1jkov\u00e1, \u0159editelka hospicu Mezi b\u0159ehy.<\/p>\n<figure id=\"attachment_29197\" aria-describedby=\"caption-attachment-29197\" style=\"width: 1920px\" class=\"wp-caption alignnone\"><a href=\"https:\/\/d2p6e6u75xmxt8.cloudfront.net\/13\/2025\/05\/Kopie-souboru-Zorka-Stastna-BU9A8678-1-scaled.webp\"><img loading=\"lazy\" decoding=\"async\" class=\"size-extra-large wp-image-29197\" src=\"https:\/\/d2p6e6u75xmxt8.cloudfront.net\/13\/2025\/05\/Kopie-souboru-Zorka-Stastna-BU9A8678-1-1920x1280.webp\" alt=\"\" width=\"1920\" height=\"1280\" srcset=\"https:\/\/d2p6e6u75xmxt8.cloudfront.net\/13\/2025\/05\/Kopie-souboru-Zorka-Stastna-BU9A8678-1-1920x1280.webp 1920w, https:\/\/d2p6e6u75xmxt8.cloudfront.net\/13\/2025\/05\/Kopie-souboru-Zorka-Stastna-BU9A8678-1-300x200.webp 300w, https:\/\/d2p6e6u75xmxt8.cloudfront.net\/13\/2025\/05\/Kopie-souboru-Zorka-Stastna-BU9A8678-1-1024x683.webp 1024w, https:\/\/d2p6e6u75xmxt8.cloudfront.net\/13\/2025\/05\/Kopie-souboru-Zorka-Stastna-BU9A8678-1-768x512.webp 768w, https:\/\/d2p6e6u75xmxt8.cloudfront.net\/13\/2025\/05\/Kopie-souboru-Zorka-Stastna-BU9A8678-1-1536x1024.webp 1536w, https:\/\/d2p6e6u75xmxt8.cloudfront.net\/13\/2025\/05\/Kopie-souboru-Zorka-Stastna-BU9A8678-1-2048x1365.webp 2048w, https:\/\/d2p6e6u75xmxt8.cloudfront.net\/13\/2025\/05\/Kopie-souboru-Zorka-Stastna-BU9A8678-1-400x267.webp 400w, https:\/\/d2p6e6u75xmxt8.cloudfront.net\/13\/2025\/05\/Kopie-souboru-Zorka-Stastna-BU9A8678-1-272x182.webp 272w, https:\/\/d2p6e6u75xmxt8.cloudfront.net\/13\/2025\/05\/Kopie-souboru-Zorka-Stastna-BU9A8678-1-1920x1280.webp 1920w\" sizes=\"auto, (max-width: 1920px) 100vw, 1920px\" \/><\/a><figcaption id=\"caption-attachment-29197\" class=\"wp-caption-text\"><em>Zorka \u0160tastn\u00e1 si \u0159ekla, \u017ee ji rakovina neslo\u017e\u00ed na lopatky. A s Martinem Sou\u010dkem projede republiku na kole v r\u00e1mci charitativn\u00ed akce.<\/em><\/figcaption><\/figure>\n<p>C\u00edlem Zorky a Domestik\u016f je b\u011bhem j\u00edzdy zavr\u0161it sb\u00edrku na podporu paliativn\u00ed p\u00e9\u010de na c\u00edlov\u00fdch 10 milion\u016f korun. O v\u00fdt\u011b\u017eek se pod\u011bl\u00ed organizace podporuj\u00edc\u00ed rozvoj paliativn\u00ed p\u00e9\u010de a tak\u00e9 v\u0161echny zapojen\u00e9 hospice. Krom\u011b akc\u00ed na jednotliv\u00fdch zast\u00e1vk\u00e1ch se bude moci ka\u017ed\u00fd zapojit i na d\u00e1lku prost\u0159ednictv\u00edm webu www.8dni.cz. Tam bude mo\u017en\u00e9 se symbolicky p\u0159idat do pelotonu a vytvo\u0159it si vlastn\u00ed design cyklistick\u00e9ho dresu, kter\u00fd se stane sou\u010d\u00e1st\u00ed dobro\u010dinn\u00e9ho pelotonu, anebo virtu\u00e1ln\u00ed transparent, kter\u00fd Zorku, Ver\u010du a B\u00e1ru b\u011bhem j\u00edzdy podpo\u0159\u00ed.<\/p>\n<h2><strong>Kdo jsou Domestici?<\/strong><\/h2>\n<p><a href=\"https:\/\/www.welovecycling.com\/cs\/2024\/09\/06\/jak-moc-trpi-domestik-misto-vitezstvi-propadliste\/\">Domestik<\/a> je v cyklistice \u010dlen t\u00fdmu, kter\u00fd m\u00e1 za \u00fakol doprovodit l\u00eddra do c\u00edle v co nejlep\u0161\u00ed fyzick\u00e9 i psychick\u00e9 kondici. Je to podobn\u00fd \u00fakol jako maj\u00ed p\u0159\u00edbuzn\u00ed t\u011b\u017ece nemocn\u00fdch a um\u00edraj\u00edc\u00edch \u2013 pomoci dostat sv\u00e9 bl\u00edzk\u00e9 do c\u00edle, kter\u00fdm je konec \u017eivota. B\u00fdt jim nabl\u00edzku. Zvl\u00e1dnout posledn\u00ed etapu se ct\u00ed. Stejn\u011b jako na z\u00e1vod je mo\u017en\u00e9 se i na tuto hrani\u010dn\u00ed \u017eivotn\u00ed situaci p\u0159ipravit.<\/p>\n<div class=\"shortcode-ys-post-pinup\"><article class=\"loop-simple post-29184 post type-post status-publish format-standard has-post-thumbnail hentry category-silnicni-cyklistika tag-bily-dres tag-cyklistika tag-giro-2025 tag-mathias-vacek tag-silnicni-cyklistika tag-trenink tag-zdravi-a-trenink global-categories-cycling\" data-postid=\"29184\" role=\"article\" data-post-id=\"29184\" data-word-count=\"673\" data-headline-length=\"74\" data-category=\"Silni\u010dn\u00ed cyklistika\" data-global-category=\"Cycling\" data-author=\"Radek Malina\" data-published=\"2025-05-14T05:00:46+02:00\" data-published-day=\"Wednesday\">\n    <div class=\"entry-thumbnail article-thumbnail\" content=\"https:\/\/d2p6e6u75xmxt8.cloudfront.net\/13\/2022\/11\/WLC_Mathias-Vacek_017-150x150.webp\"><a href=\"https:\/\/www.welovecycling.com\/cs\/2025\/05\/14\/10-zajimavosti-lidra-maglia-bianca-proc-byl-mathias-vacek-na-voziku\/\" class=\"image-holder\" target=\"_self\"><img decoding=\"async\" loading=\"lazy\" class=\"\" src=\"https:\/\/d2p6e6u75xmxt8.cloudfront.net\/13\/2022\/11\/WLC_Mathias-Vacek_017-1024x683.webp\" srcset=\"https:\/\/d2p6e6u75xmxt8.cloudfront.net\/13\/2022\/11\/WLC_Mathias-Vacek_017.webp 2000w, https:\/\/d2p6e6u75xmxt8.cloudfront.net\/13\/2022\/11\/WLC_Mathias-Vacek_017-300x200.webp 300w, https:\/\/d2p6e6u75xmxt8.cloudfront.net\/13\/2022\/11\/WLC_Mathias-Vacek_017-1024x683.webp 1024w, https:\/\/d2p6e6u75xmxt8.cloudfront.net\/13\/2022\/11\/WLC_Mathias-Vacek_017-768x512.webp 768w, https:\/\/d2p6e6u75xmxt8.cloudfront.net\/13\/2022\/11\/WLC_Mathias-Vacek_017-1536x1025.webp 1536w, https:\/\/d2p6e6u75xmxt8.cloudfront.net\/13\/2022\/11\/WLC_Mathias-Vacek_017-1920x1281.webp 1920w, https:\/\/d2p6e6u75xmxt8.cloudfront.net\/13\/2022\/11\/WLC_Mathias-Vacek_017-272x182.webp 272w, https:\/\/d2p6e6u75xmxt8.cloudfront.net\/13\/2022\/11\/WLC_Mathias-Vacek_017-1920x1281.webp 1920w\" width=\"1024\" height=\"683\" sizes=\"auto, (min-width: 1200px) 300px, (min-width: 768px) 25vw, 100vw\" alt=\"10-zajimavosti-lidra-maglia-bianca-proc-byl-mathias-vacek-na-voziku\"\/><\/a><\/div>    <div class=\"entry-meta\">\n        <a class=\"label label-secondary post-category\" href=\"https:\/\/www.welovecycling.com\/cs\/category\/silnicni-cyklistika\/\" title=\"Silni\u010dn\u00ed cyklistika\">Silni\u010dn\u00ed cyklistika<\/a>\n    <\/div>\n    <div class=\"entry-details\">\n        <a href=\"https:\/\/www.welovecycling.com\/cs\/2025\/05\/14\/10-zajimavosti-lidra-maglia-bianca-proc-byl-mathias-vacek-na-voziku\/\" class='entry-title-wrapper'>\n            <h3 class=\"entry-title\"><span>10 zaj\u00edmavost\u00ed l\u00eddra maglia bianca! Pro\u010d byl Mathias Vacek na voz\u00edku?<\/span><\/h3>\n        <\/a>\n    <\/div>\n    <\/article>\n<\/div>\n<p>Proto Martin Sou\u010dek vytvo\u0159il projekt Domestici.cz a vyty\u010dil si metu vybrat 10 milion\u016f korun na podporu paliativn\u00ed p\u00e9\u010de u n\u00e1s. Projekt sledujte na webu domestici.cz a na soci\u00e1ln\u00edch s\u00edt\u00edch.<\/p>\n<h2><strong>Podpo\u0159te Zorku a zapojte se!<\/strong><\/h2>\n<p>Zorky domestikem se m\u016f\u017eete st\u00e1t i vy! Sb\u00edrka, pro kterou se Zorka a jej\u00ed holky vydaj\u00ed na hranu sv\u00fdch mo\u017enost\u00ed, podpo\u0159\u00ed hospice a organizace, kter\u00e9 paliativn\u00ed p\u00e9\u010di d\u011blaj\u00ed. Pokud v\u00e1m jejich pr\u00e1ce d\u00e1v\u00e1 smysl, te\u010f je ten spr\u00e1vn\u00fd \u010das to uk\u00e1zat. Zapojte se na www.8dni.cz.<\/p>\n<p>\u00a0<\/p>\n<\/div>\n<\/div><\/div><div id=\"panel-29193-0-0-1\" class=\"widget_text so-panel widget widget_custom_html panel-last-child\" data-index=\"1\" ><div class=\"textwidget custom-html-widget\"><blockquote class=\"instagram-media\" data-instgrm-captioned data-instgrm-permalink=\"https:\/\/www.instagram.com\/p\/DKZ4WWNs1n4\/?utm_source=ig_embed&amp;utm_campaign=loading\" data-instgrm-version=\"14\" style=\" background:#FFF; border:0; border-radius:3px; box-shadow:0 0 1px 0 rgba(0,0,0,0.5),0 1px 10px 0 rgba(0,0,0,0.15); margin: 1px; max-width:540px; min-width:326px; padding:0; width:99.375%; width:-webkit-calc(100% - 2px); width:calc(100% - 2px);\"><div style=\"padding:16px;\"> <a href=\"https:\/\/www.instagram.com\/p\/DKZ4WWNs1n4\/?utm_source=ig_embed&amp;utm_campaign=loading\" style=\" background:#FFFFFF; line-height:0; padding:0 0; text-align:center; text-decoration:none; width:100%;\" target=\"_blank\"> <div style=\" display: flex; flex-direction: row; align-items: center;\"> <div style=\"background-color: #F4F4F4; border-radius: 50%; flex-grow: 0; height: 40px; margin-right: 14px; width: 40px;\"><\/div> <div style=\"display: flex; flex-direction: column; flex-grow: 1; justify-content: center;\"> <div style=\" background-color: #F4F4F4; border-radius: 4px; flex-grow: 0; height: 14px; margin-bottom: 6px; width: 100px;\"><\/div> <div style=\" background-color: #F4F4F4; border-radius: 4px; flex-grow: 0; height: 14px; width: 60px;\"><\/div><\/div><\/div><div style=\"padding: 19% 0;\"><\/div> <div style=\"display:block; height:50px; margin:0 auto 12px; width:50px;\"><svg width=\"50px\" height=\"50px\" viewBox=\"0 0 60 60\" version=\"1.1\" xmlns=\"https:\/\/www.w3.org\/2000\/svg\" xmlns:xlink=\"https:\/\/www.w3.org\/1999\/xlink\"><g stroke=\"none\" stroke-width=\"1\" fill=\"none\" fill-rule=\"evenodd\"><g transform=\"translate(-511.000000, -20.000000)\" fill=\"#000000\"><g><path d=\"M556.869,30.41 C554.814,30.41 553.148,32.076 553.148,34.131 C553.148,36.186 554.814,37.852 556.869,37.852 C558.924,37.852 560.59,36.186 560.59,34.131 C560.59,32.076 558.924,30.41 556.869,30.41 M541,60.657 C535.114,60.657 530.342,55.887 530.342,50 C530.342,44.114 535.114,39.342 541,39.342 C546.887,39.342 551.658,44.114 551.658,50 C551.658,55.887 546.887,60.657 541,60.657 M541,33.886 C532.1,33.886 524.886,41.1 524.886,50 C524.886,58.899 532.1,66.113 541,66.113 C549.9,66.113 557.115,58.899 557.115,50 C557.115,41.1 549.9,33.886 541,33.886 M565.378,62.101 C565.244,65.022 564.756,66.606 564.346,67.663 C563.803,69.06 563.154,70.057 562.106,71.106 C561.058,72.155 560.06,72.803 558.662,73.347 C557.607,73.757 556.021,74.244 553.102,74.378 C549.944,74.521 548.997,74.552 541,74.552 C533.003,74.552 532.056,74.521 528.898,74.378 C525.979,74.244 524.393,73.757 523.338,73.347 C521.94,72.803 520.942,72.155 519.894,71.106 C518.846,70.057 518.197,69.06 517.654,67.663 C517.244,66.606 516.755,65.022 516.623,62.101 C516.479,58.943 516.448,57.996 516.448,50 C516.448,42.003 516.479,41.056 516.623,37.899 C516.755,34.978 517.244,33.391 517.654,32.338 C518.197,30.938 518.846,29.942 519.894,28.894 C520.942,27.846 521.94,27.196 523.338,26.654 C524.393,26.244 525.979,25.756 528.898,25.623 C532.057,25.479 533.004,25.448 541,25.448 C548.997,25.448 549.943,25.479 553.102,25.623 C556.021,25.756 557.607,26.244 558.662,26.654 C560.06,27.196 561.058,27.846 562.106,28.894 C563.154,29.942 563.803,30.938 564.346,32.338 C564.756,33.391 565.244,34.978 565.378,37.899 C565.522,41.056 565.552,42.003 565.552,50 C565.552,57.996 565.522,58.943 565.378,62.101 M570.82,37.631 C570.674,34.438 570.167,32.258 569.425,30.349 C568.659,28.377 567.633,26.702 565.965,25.035 C564.297,23.368 562.623,22.342 560.652,21.575 C558.743,20.834 556.562,20.326 553.369,20.18 C550.169,20.033 549.148,20 541,20 C532.853,20 531.831,20.033 528.631,20.18 C525.438,20.326 523.257,20.834 521.349,21.575 C519.376,22.342 517.703,23.368 516.035,25.035 C514.368,26.702 513.342,28.377 512.574,30.349 C511.834,32.258 511.326,34.438 511.181,37.631 C511.035,40.831 511,41.851 511,50 C511,58.147 511.035,59.17 511.181,62.369 C511.326,65.562 511.834,67.743 512.574,69.651 C513.342,71.625 514.368,73.296 516.035,74.965 C517.703,76.634 519.376,77.658 521.349,78.425 C523.257,79.167 525.438,79.673 528.631,79.82 C531.831,79.965 532.853,80.001 541,80.001 C549.148,80.001 550.169,79.965 553.369,79.82 C556.562,79.673 558.743,79.167 560.652,78.425 C562.623,77.658 564.297,76.634 565.965,74.965 C567.633,73.296 568.659,71.625 569.425,69.651 C570.167,67.743 570.674,65.562 570.82,62.369 C570.966,59.17 571,58.147 571,50 C571,41.851 570.966,40.831 570.82,37.631\"><\/path><\/g><\/g><\/g><\/svg><\/div><div style=\"padding-top: 8px;\"> <div style=\" color:#3897f0; font-family:Arial,sans-serif; font-size:14px; font-style:normal; font-weight:550; line-height:18px;\">Zobrazit p\u0159\u00edsp\u011bvek na Instagramu<\/div><\/div><div style=\"padding: 12.5% 0;\"><\/div> <div style=\"display: flex; flex-direction: row; margin-bottom: 14px; align-items: center;\"><div> <div style=\"background-color: #F4F4F4; border-radius: 50%; height: 12.5px; width: 12.5px; transform: translateX(0px) translateY(7px);\"><\/div> <div style=\"background-color: #F4F4F4; height: 12.5px; transform: rotate(-45deg) translateX(3px) translateY(1px); width: 12.5px; flex-grow: 0; margin-right: 14px; margin-left: 2px;\"><\/div> <div style=\"background-color: #F4F4F4; border-radius: 50%; height: 12.5px; width: 12.5px; transform: translateX(9px) translateY(-18px);\"><\/div><\/div><div style=\"margin-left: 8px;\"> <div style=\" background-color: #F4F4F4; border-radius: 50%; flex-grow: 0; height: 20px; width: 20px;\"><\/div> <div style=\" width: 0; height: 0; border-top: 2px solid transparent; border-left: 6px solid #f4f4f4; border-bottom: 2px solid transparent; transform: translateX(16px) translateY(-4px) rotate(30deg)\"><\/div><\/div><div style=\"margin-left: auto;\"> <div style=\" width: 0px; border-top: 8px solid #F4F4F4; border-right: 8px solid transparent; transform: translateY(16px);\"><\/div> <div style=\" background-color: #F4F4F4; flex-grow: 0; height: 12px; width: 16px; transform: translateY(-4px);\"><\/div> <div style=\" width: 0; height: 0; border-top: 8px solid #F4F4F4; border-left: 8px solid transparent; transform: translateY(-4px) translateX(8px);\"><\/div><\/div><\/div> <div style=\"display: flex; flex-direction: column; flex-grow: 1; justify-content: center; margin-bottom: 24px;\"> <div style=\" background-color: #F4F4F4; border-radius: 4px; flex-grow: 0; height: 14px; margin-bottom: 6px; width: 224px;\"><\/div> <div style=\" background-color: #F4F4F4; border-radius: 4px; flex-grow: 0; height: 14px; width: 144px;\"><\/div><\/div><\/a><p style=\" color:#c9c8cd; font-family:Arial,sans-serif; font-size:14px; line-height:17px; margin-bottom:0; margin-top:8px; overflow:hidden; padding:8px 0 7px; text-align:center; text-overflow:ellipsis; white-space:nowrap;\"><a href=\"https:\/\/www.instagram.com\/p\/DKZ4WWNs1n4\/?utm_source=ig_embed&amp;utm_campaign=loading\" style=\" color:#c9c8cd; font-family:Arial,sans-serif; font-size:14px; font-style:normal; font-weight:normal; line-height:17px; text-decoration:none;\" target=\"_blank\">P\u0159\u00edsp\u011bvek sd\u00edlen\u00fd Ski a Bike Centrum Radoti\u0301n (@ski_bike_radotin)<\/a><\/p><\/div><\/blockquote>\n<script async src=\"\/\/www.instagram.com\/embed.js\"><\/script><\/div><\/div><\/div><\/div><\/div>","protected":false},"excerpt":{"rendered":"<p>P\u00e1r m\u011bs\u00edc\u016f \u017eivota d\u00e1vali l\u00e9ka\u0159i p\u0159ed t\u0159emi lety Zorce \u0160\u0165astn\u00e9. Rakovin\u011b se ale rozhodla nepoddat. \u201eNemoc m\u011b naopak nau\u010dila \u017e\u00edt [&hellip;]<\/p>\n","protected":false},"author":138,"featured_media":29198,"comment_status":"open","ping_status":"open","sticky":false,"template":"","format":"standard","meta":{"footnotes":""},"categories":[6],"tags":[126,328,9,67,4186,4187],"global-categories":[411],"class_list":["post-29193","post","type-post","status-publish","format-standard","has-post-thumbnail","hentry","category-zdravi-a-trenink","tag-cyklistika","tag-domestici","tag-silnicni-cyklistika","tag-zdravi-a-trenink","tag-zorka","tag-zorka-stastna","global-categories-cycling"],"yoast_head":"<!-- This site is optimized with the Yoast SEO Premium plugin v25.3 (Yoast SEO v25.9) - https:\/\/yoast.com\/wordpress\/plugins\/seo\/ -->\n<title>Zb\u00fdv\u00e1 ti p\u00e1r m\u011bs\u00edc\u016f \u017eivota! Te\u010f pojede Zorka nap\u0159\u00ed\u010d republikou | \u0160koda We Love Cycling - \u010cesk\u00e1 republika<\/title>\n<meta name=\"description\" content=\"P\u00e1r m\u011bs\u00edc\u016f \u017eivota d\u00e1vali l\u00e9ka\u0159i p\u0159ed t\u0159emi lety Zorce \u0160\u0165astn\u00e9. Rakovin\u011b se ale rozhodla nepoddat. \u201eNemoc m\u011b naopak nau\u010dila \u017e\u00edt naplno,\u201c \u0159\u00edk\u00e1 Zorka, kter\u00e1 se s podporou berounsk\u00e9ho ultracyklisty Martina Sou\u010dka chyst\u00e1 na \u017eivotn\u00ed v\u00fdkon. U\u017e 7. \u010dervna startuje spolu se sv\u00fdmi dcerami \u0161tafetovou cyklistickou j\u00edzdu s n\u00e1zvem \u20188 dn\u00ed pro paliativu\u2019 p\u0159i kter\u00e9 chce zdolat \u010cesko od z\u00e1padu na v\u00fdchod. Jej\u00edm hlavn\u00edm c\u00edlem je podpo\u0159it projekt Domestici a s n\u00edm oblast paliativn\u00ed p\u00e9\u010de, kter\u00e1 pom\u00e1h\u00e1 lidem \u017e\u00edt co nejl\u00e9pe i v posledn\u00ed etap\u011b \u017eivota. Zastav\u00ed se p\u0159i tom v 17 hospic\u00edch po cel\u00e9 zemi v\u010detn\u011b berounsk\u00e9ho Mezi b\u0159ehy.\" \/>\n<meta name=\"robots\" content=\"index, follow, max-snippet:-1, max-image-preview:large, max-video-preview:-1\" \/>\n<link rel=\"canonical\" href=\"https:\/\/www.welovecycling.com\/cs\/2025\/05\/16\/zbyva-ti-par-mesicu-zivota-ted-pojede-zorka-napric-republikou\/\" \/>\n<meta property=\"og:locale\" content=\"cs_CZ\" \/>\n<meta property=\"og:type\" content=\"article\" \/>\n<meta property=\"og:title\" content=\"Zb\u00fdv\u00e1 ti p\u00e1r m\u011bs\u00edc\u016f \u017eivota! Te\u010f pojede Zorka nap\u0159\u00ed\u010d republikou\" \/>\n<meta property=\"og:description\" content=\"P\u00e1r m\u011bs\u00edc\u016f \u017eivota d\u00e1vali l\u00e9ka\u0159i p\u0159ed t\u0159emi lety Zorce \u0160\u0165astn\u00e9. Rakovin\u011b se ale rozhodla nepoddat. \u201eNemoc m\u011b naopak nau\u010dila \u017e\u00edt naplno,\u201c \u0159\u00edk\u00e1 Zorka, kter\u00e1 se s podporou berounsk\u00e9ho ultracyklisty Martina Sou\u010dka chyst\u00e1 na \u017eivotn\u00ed v\u00fdkon. U\u017e 7. \u010dervna startuje spolu se sv\u00fdmi dcerami \u0161tafetovou cyklistickou j\u00edzdu s n\u00e1zvem \u20188 dn\u00ed pro paliativu\u2019 p\u0159i kter\u00e9 chce zdolat \u010cesko od z\u00e1padu na v\u00fdchod. Jej\u00edm hlavn\u00edm c\u00edlem je podpo\u0159it projekt Domestici a s n\u00edm oblast paliativn\u00ed p\u00e9\u010de, kter\u00e1 pom\u00e1h\u00e1 lidem \u017e\u00edt co nejl\u00e9pe i v posledn\u00ed etap\u011b \u017eivota. Zastav\u00ed se p\u0159i tom v 17 hospic\u00edch po cel\u00e9 zemi v\u010detn\u011b berounsk\u00e9ho Mezi b\u0159ehy.\" \/>\n<meta property=\"og:url\" content=\"https:\/\/www.welovecycling.com\/cs\/2025\/05\/16\/zbyva-ti-par-mesicu-zivota-ted-pojede-zorka-napric-republikou\/\" \/>\n<meta property=\"og:site_name\" content=\"\u0160koda We Love Cycling - \u010cesk\u00e1 republika\" \/>\n<meta property=\"article:published_time\" content=\"2025-05-16T03:00:38+00:00\" \/>\n<meta property=\"article:modified_time\" content=\"2025-06-04T08:37:41+00:00\" \/>\n<meta property=\"og:image\" content=\"https:\/\/d2p6e6u75xmxt8.cloudfront.net\/13\/2025\/05\/Kopie-souboru-Zorka-Stastna-BU9A8657-scaled.webp\" \/>\n\t<meta property=\"og:image:width\" content=\"2560\" \/>\n\t<meta property=\"og:image:height\" content=\"1706\" \/>\n\t<meta property=\"og:image:type\" content=\"image\/webp\" \/>\n<meta name=\"author\" content=\"radekmalina\" \/>\n<meta name=\"twitter:card\" content=\"summary_large_image\" \/>\n<meta name=\"twitter:label1\" content=\"Written by\" \/>\n\t<meta name=\"twitter:data1\" content=\"Radek Malina\" \/>\n\t<meta name=\"twitter:label2\" content=\"Est. reading time\" \/>\n\t<meta name=\"twitter:data2\" content=\"6\" \/>\n<script type=\"application\/ld+json\" class=\"yoast-schema-graph\">{\"@context\":\"https:\/\/schema.org\",\"@graph\":[{\"@type\":\"WebPage\",\"@id\":\"https:\/\/www.welovecycling.com\/cs\/2025\/05\/16\/zbyva-ti-par-mesicu-zivota-ted-pojede-zorka-napric-republikou\/\",\"url\":\"https:\/\/www.welovecycling.com\/cs\/2025\/05\/16\/zbyva-ti-par-mesicu-zivota-ted-pojede-zorka-napric-republikou\/\",\"name\":\"Zb\u00fdv\u00e1 ti p\u00e1r m\u011bs\u00edc\u016f \u017eivota! Te\u010f pojede Zorka nap\u0159\u00ed\u010d republikou | \u0160koda We Love Cycling - \u010cesk\u00e1 republika\",\"isPartOf\":{\"@id\":\"https:\/\/www.welovecycling.com\/cs\/#website\"},\"primaryImageOfPage\":{\"@id\":\"https:\/\/www.welovecycling.com\/cs\/2025\/05\/16\/zbyva-ti-par-mesicu-zivota-ted-pojede-zorka-napric-republikou\/#primaryimage\"},\"image\":{\"@id\":\"https:\/\/www.welovecycling.com\/cs\/2025\/05\/16\/zbyva-ti-par-mesicu-zivota-ted-pojede-zorka-napric-republikou\/#primaryimage\"},\"thumbnailUrl\":\"https:\/\/d2p6e6u75xmxt8.cloudfront.net\/13\/2025\/05\/Kopie-souboru-Zorka-Stastna-BU9A8657-scaled.webp\",\"datePublished\":\"2025-05-16T03:00:38+00:00\",\"dateModified\":\"2025-06-04T08:37:41+00:00\",\"author\":{\"@id\":\"https:\/\/www.welovecycling.com\/cs\/#\/schema\/person\/d9eeb0a378f3a7e4a6d12d2b536b04b8\"},\"description\":\"P\u00e1r m\u011bs\u00edc\u016f \u017eivota d\u00e1vali l\u00e9ka\u0159i p\u0159ed t\u0159emi lety Zorce \u0160\u0165astn\u00e9. Rakovin\u011b se ale rozhodla nepoddat. \u201eNemoc m\u011b naopak nau\u010dila \u017e\u00edt naplno,\u201c \u0159\u00edk\u00e1 Zorka, kter\u00e1 se s podporou berounsk\u00e9ho ultracyklisty Martina Sou\u010dka chyst\u00e1 na \u017eivotn\u00ed v\u00fdkon. U\u017e 7. \u010dervna startuje spolu se sv\u00fdmi dcerami \u0161tafetovou cyklistickou j\u00edzdu s n\u00e1zvem \u20188 dn\u00ed pro paliativu\u2019 p\u0159i kter\u00e9 chce zdolat \u010cesko od z\u00e1padu na v\u00fdchod. Jej\u00edm hlavn\u00edm c\u00edlem je podpo\u0159it projekt Domestici a s n\u00edm oblast paliativn\u00ed p\u00e9\u010de, kter\u00e1 pom\u00e1h\u00e1 lidem \u017e\u00edt co nejl\u00e9pe i v posledn\u00ed etap\u011b \u017eivota. Zastav\u00ed se p\u0159i tom v 17 hospic\u00edch po cel\u00e9 zemi v\u010detn\u011b berounsk\u00e9ho Mezi b\u0159ehy.\",\"inLanguage\":\"cs\",\"potentialAction\":[{\"@type\":\"ReadAction\",\"target\":[\"https:\/\/www.welovecycling.com\/cs\/2025\/05\/16\/zbyva-ti-par-mesicu-zivota-ted-pojede-zorka-napric-republikou\/\"]}]},{\"@type\":\"ImageObject\",\"inLanguage\":\"cs\",\"@id\":\"https:\/\/www.welovecycling.com\/cs\/2025\/05\/16\/zbyva-ti-par-mesicu-zivota-ted-pojede-zorka-napric-republikou\/#primaryimage\",\"url\":\"https:\/\/d2p6e6u75xmxt8.cloudfront.net\/13\/2025\/05\/Kopie-souboru-Zorka-Stastna-BU9A8657-scaled.webp\",\"contentUrl\":\"https:\/\/d2p6e6u75xmxt8.cloudfront.net\/13\/2025\/05\/Kopie-souboru-Zorka-Stastna-BU9A8657-scaled.webp\",\"width\":2560,\"height\":1706,\"caption\":\"Zorka \u0160\u0165astn\u00e1 a Martin Sou\u010dek pojedou nap\u0159\u00ed\u010d republikovou v r\u00e1mci iniciativy pro paliativn\u00ed p\u00e9\u010di.\"},{\"@type\":\"WebSite\",\"@id\":\"https:\/\/www.welovecycling.com\/cs\/#website\",\"url\":\"https:\/\/www.welovecycling.com\/cs\/\",\"name\":\"\u0160koda We Love Cycling - \u010cesk\u00e1 republika\",\"description\":\"WeLoveCycling.cz je online magaz\u00edn, kter\u00fd v\u00e1m pravideln\u011b p\u0159in\u00e1\u0161\u00ed rady a tipy, zaj\u00edmav\u00e9 \u010dl\u00e1nky, videa a jedine\u010dn\u00e9 report\u00e1\u017ee ze sv\u011bta cyklistiky.\",\"potentialAction\":[{\"@type\":\"SearchAction\",\"target\":{\"@type\":\"EntryPoint\",\"urlTemplate\":\"https:\/\/www.welovecycling.com\/cs\/?s={search_term_string}\"},\"query-input\":{\"@type\":\"PropertyValueSpecification\",\"valueRequired\":true,\"valueName\":\"search_term_string\"}}],\"inLanguage\":\"cs\"},{\"@type\":\"Person\",\"@id\":\"https:\/\/www.welovecycling.com\/cs\/#\/schema\/person\/d9eeb0a378f3a7e4a6d12d2b536b04b8\",\"name\":\"radekmalina\",\"image\":{\"@type\":\"ImageObject\",\"inLanguage\":\"cs\",\"@id\":\"https:\/\/www.welovecycling.com\/cs\/#\/schema\/person\/image\/\",\"url\":\"https:\/\/secure.gravatar.com\/avatar\/66994b632cb8c39a46b9f54afa3ae07201b678d32a54275b6f1c9ffec356bfc0?s=96&d=mm&r=g\",\"contentUrl\":\"https:\/\/secure.gravatar.com\/avatar\/66994b632cb8c39a46b9f54afa3ae07201b678d32a54275b6f1c9ffec356bfc0?s=96&d=mm&r=g\",\"caption\":\"radekmalina\"},\"url\":\"https:\/\/www.welovecycling.com\/cs\/author\/radekmalina\/\"}]}<\/script>\n<!-- \/ Yoast SEO Premium plugin. -->","yoast_head_json":{"title":"Zb\u00fdv\u00e1 ti p\u00e1r m\u011bs\u00edc\u016f \u017eivota! Te\u010f pojede Zorka nap\u0159\u00ed\u010d republikou | \u0160koda We Love Cycling - \u010cesk\u00e1 republika","description":"P\u00e1r m\u011bs\u00edc\u016f \u017eivota d\u00e1vali l\u00e9ka\u0159i p\u0159ed t\u0159emi lety Zorce \u0160\u0165astn\u00e9. Rakovin\u011b se ale rozhodla nepoddat. \u201eNemoc m\u011b naopak nau\u010dila \u017e\u00edt naplno,\u201c \u0159\u00edk\u00e1 Zorka, kter\u00e1 se s podporou berounsk\u00e9ho ultracyklisty Martina Sou\u010dka chyst\u00e1 na \u017eivotn\u00ed v\u00fdkon. U\u017e 7. \u010dervna startuje spolu se sv\u00fdmi dcerami \u0161tafetovou cyklistickou j\u00edzdu s n\u00e1zvem \u20188 dn\u00ed pro paliativu\u2019 p\u0159i kter\u00e9 chce zdolat \u010cesko od z\u00e1padu na v\u00fdchod. Jej\u00edm hlavn\u00edm c\u00edlem je podpo\u0159it projekt Domestici a s n\u00edm oblast paliativn\u00ed p\u00e9\u010de, kter\u00e1 pom\u00e1h\u00e1 lidem \u017e\u00edt co nejl\u00e9pe i v posledn\u00ed etap\u011b \u017eivota. Zastav\u00ed se p\u0159i tom v 17 hospic\u00edch po cel\u00e9 zemi v\u010detn\u011b berounsk\u00e9ho Mezi b\u0159ehy.","robots":{"index":"index","follow":"follow","max-snippet":"max-snippet:-1","max-image-preview":"max-image-preview:large","max-video-preview":"max-video-preview:-1"},"canonical":"https:\/\/www.welovecycling.com\/cs\/2025\/05\/16\/zbyva-ti-par-mesicu-zivota-ted-pojede-zorka-napric-republikou\/","og_locale":"cs_CZ","og_type":"article","og_title":"Zb\u00fdv\u00e1 ti p\u00e1r m\u011bs\u00edc\u016f \u017eivota! Te\u010f pojede Zorka nap\u0159\u00ed\u010d republikou","og_description":"P\u00e1r m\u011bs\u00edc\u016f \u017eivota d\u00e1vali l\u00e9ka\u0159i p\u0159ed t\u0159emi lety Zorce \u0160\u0165astn\u00e9. Rakovin\u011b se ale rozhodla nepoddat. \u201eNemoc m\u011b naopak nau\u010dila \u017e\u00edt naplno,\u201c \u0159\u00edk\u00e1 Zorka, kter\u00e1 se s podporou berounsk\u00e9ho ultracyklisty Martina Sou\u010dka chyst\u00e1 na \u017eivotn\u00ed v\u00fdkon. U\u017e 7. \u010dervna startuje spolu se sv\u00fdmi dcerami \u0161tafetovou cyklistickou j\u00edzdu s n\u00e1zvem \u20188 dn\u00ed pro paliativu\u2019 p\u0159i kter\u00e9 chce zdolat \u010cesko od z\u00e1padu na v\u00fdchod. Jej\u00edm hlavn\u00edm c\u00edlem je podpo\u0159it projekt Domestici a s n\u00edm oblast paliativn\u00ed p\u00e9\u010de, kter\u00e1 pom\u00e1h\u00e1 lidem \u017e\u00edt co nejl\u00e9pe i v posledn\u00ed etap\u011b \u017eivota. Zastav\u00ed se p\u0159i tom v 17 hospic\u00edch po cel\u00e9 zemi v\u010detn\u011b berounsk\u00e9ho Mezi b\u0159ehy.","og_url":"https:\/\/www.welovecycling.com\/cs\/2025\/05\/16\/zbyva-ti-par-mesicu-zivota-ted-pojede-zorka-napric-republikou\/","og_site_name":"\u0160koda We Love Cycling - \u010cesk\u00e1 republika","article_published_time":"2025-05-16T03:00:38+00:00","article_modified_time":"2025-06-04T08:37:41+00:00","og_image":[{"width":2560,"height":1706,"url":"https:\/\/d2p6e6u75xmxt8.cloudfront.net\/13\/2025\/05\/Kopie-souboru-Zorka-Stastna-BU9A8657-scaled.webp","type":"image\/webp"}],"author":"radekmalina","twitter_card":"summary_large_image","twitter_misc":{"Written by":"Radek Malina","Est. reading time":"6"},"schema":{"@context":"https:\/\/schema.org","@graph":[{"@type":"WebPage","@id":"https:\/\/www.welovecycling.com\/cs\/2025\/05\/16\/zbyva-ti-par-mesicu-zivota-ted-pojede-zorka-napric-republikou\/","url":"https:\/\/www.welovecycling.com\/cs\/2025\/05\/16\/zbyva-ti-par-mesicu-zivota-ted-pojede-zorka-napric-republikou\/","name":"Zb\u00fdv\u00e1 ti p\u00e1r m\u011bs\u00edc\u016f \u017eivota! Te\u010f pojede Zorka nap\u0159\u00ed\u010d republikou | \u0160koda We Love Cycling - \u010cesk\u00e1 republika","isPartOf":{"@id":"https:\/\/www.welovecycling.com\/cs\/#website"},"primaryImageOfPage":{"@id":"https:\/\/www.welovecycling.com\/cs\/2025\/05\/16\/zbyva-ti-par-mesicu-zivota-ted-pojede-zorka-napric-republikou\/#primaryimage"},"image":{"@id":"https:\/\/www.welovecycling.com\/cs\/2025\/05\/16\/zbyva-ti-par-mesicu-zivota-ted-pojede-zorka-napric-republikou\/#primaryimage"},"thumbnailUrl":"https:\/\/d2p6e6u75xmxt8.cloudfront.net\/13\/2025\/05\/Kopie-souboru-Zorka-Stastna-BU9A8657-scaled.webp","datePublished":"2025-05-16T03:00:38+00:00","dateModified":"2025-06-04T08:37:41+00:00","author":{"@id":"https:\/\/www.welovecycling.com\/cs\/#\/schema\/person\/d9eeb0a378f3a7e4a6d12d2b536b04b8"},"description":"P\u00e1r m\u011bs\u00edc\u016f \u017eivota d\u00e1vali l\u00e9ka\u0159i p\u0159ed t\u0159emi lety Zorce \u0160\u0165astn\u00e9. Rakovin\u011b se ale rozhodla nepoddat. \u201eNemoc m\u011b naopak nau\u010dila \u017e\u00edt naplno,\u201c \u0159\u00edk\u00e1 Zorka, kter\u00e1 se s podporou berounsk\u00e9ho ultracyklisty Martina Sou\u010dka chyst\u00e1 na \u017eivotn\u00ed v\u00fdkon. U\u017e 7. \u010dervna startuje spolu se sv\u00fdmi dcerami \u0161tafetovou cyklistickou j\u00edzdu s n\u00e1zvem \u20188 dn\u00ed pro paliativu\u2019 p\u0159i kter\u00e9 chce zdolat \u010cesko od z\u00e1padu na v\u00fdchod. Jej\u00edm hlavn\u00edm c\u00edlem je podpo\u0159it projekt Domestici a s n\u00edm oblast paliativn\u00ed p\u00e9\u010de, kter\u00e1 pom\u00e1h\u00e1 lidem \u017e\u00edt co nejl\u00e9pe i v posledn\u00ed etap\u011b \u017eivota. Zastav\u00ed se p\u0159i tom v 17 hospic\u00edch po cel\u00e9 zemi v\u010detn\u011b berounsk\u00e9ho Mezi b\u0159ehy.","inLanguage":"cs","potentialAction":[{"@type":"ReadAction","target":["https:\/\/www.welovecycling.com\/cs\/2025\/05\/16\/zbyva-ti-par-mesicu-zivota-ted-pojede-zorka-napric-republikou\/"]}]},{"@type":"ImageObject","inLanguage":"cs","@id":"https:\/\/www.welovecycling.com\/cs\/2025\/05\/16\/zbyva-ti-par-mesicu-zivota-ted-pojede-zorka-napric-republikou\/#primaryimage","url":"https:\/\/d2p6e6u75xmxt8.cloudfront.net\/13\/2025\/05\/Kopie-souboru-Zorka-Stastna-BU9A8657-scaled.webp","contentUrl":"https:\/\/d2p6e6u75xmxt8.cloudfront.net\/13\/2025\/05\/Kopie-souboru-Zorka-Stastna-BU9A8657-scaled.webp","width":2560,"height":1706,"caption":"Zorka \u0160\u0165astn\u00e1 a Martin Sou\u010dek pojedou nap\u0159\u00ed\u010d republikovou v r\u00e1mci iniciativy pro paliativn\u00ed p\u00e9\u010di."},{"@type":"WebSite","@id":"https:\/\/www.welovecycling.com\/cs\/#website","url":"https:\/\/www.welovecycling.com\/cs\/","name":"\u0160koda We Love Cycling - \u010cesk\u00e1 republika","description":"WeLoveCycling.cz je online magaz\u00edn, kter\u00fd v\u00e1m pravideln\u011b p\u0159in\u00e1\u0161\u00ed rady a tipy, zaj\u00edmav\u00e9 \u010dl\u00e1nky, videa a jedine\u010dn\u00e9 report\u00e1\u017ee ze sv\u011bta cyklistiky.","potentialAction":[{"@type":"SearchAction","target":{"@type":"EntryPoint","urlTemplate":"https:\/\/www.welovecycling.com\/cs\/?s={search_term_string}"},"query-input":{"@type":"PropertyValueSpecification","valueRequired":true,"valueName":"search_term_string"}}],"inLanguage":"cs"},{"@type":"Person","@id":"https:\/\/www.welovecycling.com\/cs\/#\/schema\/person\/d9eeb0a378f3a7e4a6d12d2b536b04b8","name":"radekmalina","image":{"@type":"ImageObject","inLanguage":"cs","@id":"https:\/\/www.welovecycling.com\/cs\/#\/schema\/person\/image\/","url":"https:\/\/secure.gravatar.com\/avatar\/66994b632cb8c39a46b9f54afa3ae07201b678d32a54275b6f1c9ffec356bfc0?s=96&d=mm&r=g","contentUrl":"https:\/\/secure.gravatar.com\/avatar\/66994b632cb8c39a46b9f54afa3ae07201b678d32a54275b6f1c9ffec356bfc0?s=96&d=mm&r=g","caption":"radekmalina"},"url":"https:\/\/www.welovecycling.com\/cs\/author\/radekmalina\/"}]}},"_links":{"self":[{"href":"https:\/\/www.welovecycling.com\/cs\/wp-json\/wp\/v2\/posts\/29193","targetHints":{"allow":["GET"]}}],"collection":[{"href":"https:\/\/www.welovecycling.com\/cs\/wp-json\/wp\/v2\/posts"}],"about":[{"href":"https:\/\/www.welovecycling.com\/cs\/wp-json\/wp\/v2\/types\/post"}],"author":[{"embeddable":true,"href":"https:\/\/www.welovecycling.com\/cs\/wp-json\/wp\/v2\/users\/138"}],"replies":[{"embeddable":true,"href":"https:\/\/www.welovecycling.com\/cs\/wp-json\/wp\/v2\/comments?post=29193"}],"version-history":[{"count":3,"href":"https:\/\/www.welovecycling.com\/cs\/wp-json\/wp\/v2\/posts\/29193\/revisions"}],"predecessor-version":[{"id":29390,"href":"https:\/\/www.welovecycling.com\/cs\/wp-json\/wp\/v2\/posts\/29193\/revisions\/29390"}],"wp:featuredmedia":[{"embeddable":true,"href":"https:\/\/www.welovecycling.com\/cs\/wp-json\/wp\/v2\/media\/29198"}],"wp:attachment":[{"href":"https:\/\/www.welovecycling.com\/cs\/wp-json\/wp\/v2\/media?parent=29193"}],"wp:term":[{"taxonomy":"category","embeddable":true,"href":"https:\/\/www.welovecycling.com\/cs\/wp-json\/wp\/v2\/categories?post=29193"},{"taxonomy":"post_tag","embeddable":true,"href":"https:\/\/www.welovecycling.com\/cs\/wp-json\/wp\/v2\/tags?post=29193"},{"taxonomy":"global-categories","embeddable":true,"href":"https:\/\/www.welovecycling.com\/cs\/wp-json\/wp\/v2\/global-categories?post=29193"}],"curies":[{"name":"wp","href":"https:\/\/api.w.org\/{rel}","templated":true}]}}