{"id":29176,"date":"2025-05-13T22:10:38","date_gmt":"2025-05-13T20:10:38","guid":{"rendered":"https:\/\/www.welovecycling.com\/cs\/?p=29176"},"modified":"2025-05-13T22:10:53","modified_gmt":"2025-05-13T20:10:53","slug":"czech-tour-2025-odstartuje-v-praze-a-projede-napric-ceskem","status":"publish","type":"post","link":"https:\/\/www.welovecycling.com\/cs\/2025\/05\/13\/czech-tour-2025-odstartuje-v-praze-a-projede-napric-ceskem\/","title":{"rendered":"Czech Tour 2025 odstartuje v Praze a pojede nap\u0159\u00ed\u010d \u010ceskem"},"content":{"rendered":"<p><strong>Czech Tour 2025 odstartuje poprv\u00e9 v \u0161estn\u00e1ctilet\u00e9 historii v Praze. N\u00e1sledn\u011b zav\u00edt\u00e1 do Karlov\u00fdch Var\u016f a Pardubic, odkud se vyd\u00e1 na tradi\u010dn\u00ed m\u00edsta v Jesen\u00edk\u00e1ch a v Beskydech. \u010cty\u0159i etapy \u010d\u00edtaj\u00edc\u00ed bitva se jede v term\u00ednu\u00a0 14.-17. srpna. Na startu op\u011bt nebudou chyb\u011bt t\u00fdmy z elitn\u00ed kategorie World Tour, \u00fa\u010dast ji\u017e potvrdily st\u00e1je Visma Lease a Bike a Soudal Quick-Step. P\u0159\u00edm\u00fd p\u0159enos z ka\u017ed\u00e9 etapy div\u00e1ci v leto\u0161n\u00edm roce najdou jak na \u010cesk\u00e9 televizi, tak na Eurosportu.<\/strong><\/p>\n<p>Organiz\u00e1tor\u016fm Czech Tour 2025 se letos poda\u0159ilo dot\u00e1hnout do \u00fasp\u011b\u0161n\u00e9ho konce avizovanou snahu o roz\u0161\u00ed\u0159en\u00ed z\u00e1vodu z tradi\u010dn\u00edch m\u00edst do dal\u0161\u00edch \u010d\u00e1st\u00ed \u010ceska v\u010detn\u011b hlavn\u00edho m\u011bsta. \u201ePoprv\u00e9 bude v itiner\u00e1\u0159i zahrnut\u00e1 i Praha. Odtud se vyd\u00e1me na z\u00e1pad do Karlov\u00fdch Var\u016f a pot\u00e9 se pojede z Pardubic na Moravu, kde op\u011bt peloton absolvuje par\u00e1dn\u00ed horsk\u00e9 v\u00fdjezdy na Dlouh\u00e9 str\u00e1n\u011b a Pustevny,\u201c \u0159ekl prezident z\u00e1vodu Robert Kol\u00e1\u0159.<\/p>\n<h2><strong>Start Czech Tour 2025 na V\u00edt\u011bzn\u00e9m n\u00e1m\u011bst\u00ed<\/strong><\/h2>\n<p>Po vzoru nejv\u011bt\u0161\u00edch z\u00e1vod\u016f v \u010dele s Tour de France za\u0159azuje Czech Tour do programu slavnostn\u00ed zah\u00e1jen\u00ed, kter\u00e9 prob\u011bhne v Praze 13. srpna. O den pozd\u011bji se cyklist\u00e9 vydaj\u00ed z V\u00edt\u011bzn\u00e9ho n\u00e1m\u011bst\u00ed v pra\u017esk\u00fdch Dejvic\u00edch do Karlov\u00fdch Var\u016f. \u201eNecht\u011bli jsme sprinterskou etapu a vytvo\u0159ili jsme tra\u0165 sp\u00ed\u0161 pro klasik\u00e1\u0159e. Dojezd do Karlov\u00fdch Var\u016f bude dost n\u00e1ro\u010dn\u00fd \u2013 technick\u00fd a rychl\u00fd, s \u0159adou kr\u00e1tk\u00fdch dynamick\u00fdch stoup\u00e1n\u00ed,\u201c komentoval trasu v d\u00e9lce 163 km a s p\u0159ev\u00fd\u0161en\u00edm 2 260 metr\u016f \u0159editel z\u00e1vodu Leopold K\u00f6nig.<\/p>\n<p>Druh\u00e9 d\u011bjstv\u00ed zavede peloton z Pardubic na vyhl\u00e1\u0161en\u00e9 stoup\u00e1n\u00ed na Dlouh\u00e9 str\u00e1n\u011b, z\u00e1vodn\u00edci celkem najedou 170 km a nastoupaj\u00ed 2 625 metr\u016f. \u201eP\u016fjde o prvn\u00ed velk\u00fd test jezdc\u016f na celkov\u00e9 po\u0159ad\u00ed. Tentokr\u00e1t jsme zvolili v\u00fdjezd kolem doln\u00ed n\u00e1dr\u017ee, kter\u00fd nab\u00eddne televizn\u00edm div\u00e1k\u016fm kr\u00e1sn\u00fd v\u00fdhled na z\u00e1vodn\u00edky z kamery v helikopt\u00e9\u0159e,\u201c popsal Leopold K\u00f6nig.<\/p>\n<p><a href=\"https:\/\/d2p6e6u75xmxt8.cloudfront.net\/13\/2025\/05\/CZECH-TOUR-17325.webp\"><img loading=\"lazy\" decoding=\"async\" class=\"alignnone size-extra-large wp-image-29179\" src=\"https:\/\/d2p6e6u75xmxt8.cloudfront.net\/13\/2025\/05\/CZECH-TOUR-17325-1920x1280.webp\" alt=\"\" width=\"1920\" height=\"1280\" srcset=\"https:\/\/d2p6e6u75xmxt8.cloudfront.net\/13\/2025\/05\/CZECH-TOUR-17325-1920x1280.webp 1920w, https:\/\/d2p6e6u75xmxt8.cloudfront.net\/13\/2025\/05\/CZECH-TOUR-17325-300x200.webp 300w, https:\/\/d2p6e6u75xmxt8.cloudfront.net\/13\/2025\/05\/CZECH-TOUR-17325-1024x683.webp 1024w, https:\/\/d2p6e6u75xmxt8.cloudfront.net\/13\/2025\/05\/CZECH-TOUR-17325-768x512.webp 768w, https:\/\/d2p6e6u75xmxt8.cloudfront.net\/13\/2025\/05\/CZECH-TOUR-17325-1536x1024.webp 1536w, https:\/\/d2p6e6u75xmxt8.cloudfront.net\/13\/2025\/05\/CZECH-TOUR-17325-2048x1366.webp 2048w, https:\/\/d2p6e6u75xmxt8.cloudfront.net\/13\/2025\/05\/CZECH-TOUR-17325-400x267.webp 400w, https:\/\/d2p6e6u75xmxt8.cloudfront.net\/13\/2025\/05\/CZECH-TOUR-17325-272x182.webp 272w, https:\/\/d2p6e6u75xmxt8.cloudfront.net\/13\/2025\/05\/CZECH-TOUR-17325-1920x1280.webp 1920w\" sizes=\"auto, (max-width: 1920px) 100vw, 1920px\" \/><\/a><\/p>\n<p>T\u0159et\u00ed etapa odstartuje v Prost\u011bjov\u011b a zavr\u0161it by ji m\u011bl po necel\u00fdch 150 km hromadn\u00fd spurt v Ostrav\u011b. \u201eBude v uvozovk\u00e1ch odpo\u010dinkov\u00e1. Dojezd v Ostrav\u011b se n\u00e1m loni hodn\u011b l\u00edbil, a proto jsme podobnou etapu za\u0159adili i letos,\u201c p\u0159ipomn\u011bl Leopold K\u00f6nig lo\u0148sk\u00fd dramatick\u00fd z\u00e1v\u011br, kde byl na c\u00edlov\u00e9 p\u00e1sce druh\u00fd \u010desk\u00fd z\u00e1vodn\u00edk Pavel Bittner.<\/p>\n<div class=\"shortcode-ys-post-pinup\"><article class=\"loop-simple post-29160 post type-post status-publish format-standard has-post-thumbnail hentry category-silnicni-cyklistika category-tipy-na-vylet tag-cyklistika tag-falkensteiner-hotel-schladming tag-gravel tag-horska-cyklistika tag-schladming tag-silnicni-cyklistika tag-tip-na-vylet tag-wellness tag-zdravi-a-trenink global-categories-cycling\" data-postid=\"29160\" role=\"article\" data-post-id=\"29160\" data-word-count=\"614\" data-headline-length=\"52\" data-category=\"Silni\u010dn\u00ed cyklistika\" data-global-category=\"Cycling\" data-author=\"We Love Cycling\" data-published=\"2025-05-13T08:39:06+02:00\" data-published-day=\"Tuesday\">\n    <div class=\"entry-thumbnail article-thumbnail\" content=\"https:\/\/d2p6e6u75xmxt8.cloudfront.net\/13\/2025\/05\/falkensteiner-schladming-biking-9-150x150.webp\"><a href=\"https:\/\/www.welovecycling.com\/cs\/2025\/05\/13\/tip-na-vylet-schladming-jako-cyklisticke-eldorado\/\" class=\"image-holder\" target=\"_self\"><img decoding=\"async\" loading=\"lazy\" class=\"\" src=\"https:\/\/d2p6e6u75xmxt8.cloudfront.net\/13\/2025\/05\/falkensteiner-schladming-biking-9-1024x576.webp\" srcset=\"https:\/\/d2p6e6u75xmxt8.cloudfront.net\/13\/2025\/05\/falkensteiner-schladming-biking-9.webp 1280w, https:\/\/d2p6e6u75xmxt8.cloudfront.net\/13\/2025\/05\/falkensteiner-schladming-biking-9-300x169.webp 300w, https:\/\/d2p6e6u75xmxt8.cloudfront.net\/13\/2025\/05\/falkensteiner-schladming-biking-9-1024x576.webp 1024w, https:\/\/d2p6e6u75xmxt8.cloudfront.net\/13\/2025\/05\/falkensteiner-schladming-biking-9-768x432.webp 768w, https:\/\/d2p6e6u75xmxt8.cloudfront.net\/13\/2025\/05\/falkensteiner-schladming-biking-9-400x225.webp 400w\" width=\"1024\" height=\"576\" sizes=\"auto, (min-width: 1200px) 356px, (min-width: 768px) 30vw, 100vw\" alt=\"tip-na-vylet-schladming-jako-cyklisticke-eldorado\"\/><\/a><\/div>    <div class=\"entry-meta\">\n        <a class=\"label label-secondary post-category\" href=\"https:\/\/www.welovecycling.com\/cs\/category\/silnicni-cyklistika\/\" title=\"Silni\u010dn\u00ed cyklistika\">Silni\u010dn\u00ed cyklistika<\/a>\n    <\/div>\n    <div class=\"entry-details\">\n        <a href=\"https:\/\/www.welovecycling.com\/cs\/2025\/05\/13\/tip-na-vylet-schladming-jako-cyklisticke-eldorado\/\" class='entry-title-wrapper'>\n            <h3 class=\"entry-title\"><span>Tip na v\u00fdlet: Schladming jako cyklistick\u00e9 Eldorado<\/span><\/h3>\n        <\/a>\n    <\/div>\n    <\/article>\n<\/div>\n<p>Vyvrcholen\u00ed Czech Tour by pak m\u011bla obstarat kr\u00e1lovsk\u00e1 \u010dtvrt\u00e1 etapa z Krom\u011b\u0159\u00ed\u017ee na Pustevny v d\u00e9lce 177 km a s p\u0159ev\u00fd\u0161en\u00edm bezm\u00e1la 3 000 metr\u016f. \u201eNa Pustevny z\u00e1vodn\u00edci vyjedou hned dvakr\u00e1t a douf\u00e1me, \u017ee a\u017e tato etapa rozhodne o v\u00edt\u011bzi,\u201c p\u0159\u00e1l si Leopold K\u00f6nig.<\/p>\n<h2><strong>Ji\u017e dva elitn\u00ed t\u00fdmy v pelotonu<\/strong><\/h2>\n<p>Z\u00e1jem velk\u00fdch hr\u00e1\u010d\u016f o Czech Tour 2025, kde je \u0160koda Auto ofici\u00e1ln\u00edm partnerem mobility, dokl\u00e1d\u00e1 ji\u017e d\u0159\u00edve potvrzen\u00fd start t\u00fdmu Visma Lease a Bike. A \u010derstv\u011b se k cyklistick\u00e9mu gigantu sou\u010dasn\u00e9ho pelotonu p\u0159id\u00e1v\u00e1 rovn\u011b\u017e dal\u0161\u00ed v\u00fdznamn\u00e1 st\u00e1j Soudal Quick-Step. \u201eSna\u017e\u00edme se etapy pl\u00e1novat vyv\u00e1\u017een\u011b, aby byly zaj\u00edmav\u00e9 jak pro sv\u011btov\u00e9 vrcha\u0159e, tak pro spurtery. A mysl\u00edm, \u017ee se n\u00e1m to op\u011bt poda\u0159ilo. Visma Lease a Bike i Soudal Quick-Step pat\u0159\u00ed k tomu nejlep\u0161\u00edmu, co sou\u010dasn\u00e1 cyklistika nab\u00edz\u00ed,\u201c prohl\u00e1sil <a href=\"https:\/\/www.welovecycling.com\/cs\/2023\/07\/12\/leopold-konig-o-tour-de-france-je-to-neuveritelny-koktejl-stresu\/\">Leopold K\u00f6nig<\/a>.<\/p>\n<figure id=\"attachment_29178\" aria-describedby=\"caption-attachment-29178\" style=\"width: 1920px\" class=\"wp-caption alignnone\"><a href=\"https:\/\/d2p6e6u75xmxt8.cloudfront.net\/13\/2025\/05\/Alaphillpie-scaled.webp\"><img loading=\"lazy\" decoding=\"async\" class=\"size-extra-large wp-image-29178\" src=\"https:\/\/d2p6e6u75xmxt8.cloudfront.net\/13\/2025\/05\/Alaphillpie-1920x1278.webp\" alt=\"\" width=\"1920\" height=\"1278\" srcset=\"https:\/\/d2p6e6u75xmxt8.cloudfront.net\/13\/2025\/05\/Alaphillpie-1920x1278.webp 1920w, https:\/\/d2p6e6u75xmxt8.cloudfront.net\/13\/2025\/05\/Alaphillpie-300x200.webp 300w, https:\/\/d2p6e6u75xmxt8.cloudfront.net\/13\/2025\/05\/Alaphillpie-1024x682.webp 1024w, https:\/\/d2p6e6u75xmxt8.cloudfront.net\/13\/2025\/05\/Alaphillpie-768x511.webp 768w, https:\/\/d2p6e6u75xmxt8.cloudfront.net\/13\/2025\/05\/Alaphillpie-1536x1023.webp 1536w, https:\/\/d2p6e6u75xmxt8.cloudfront.net\/13\/2025\/05\/Alaphillpie-2048x1363.webp 2048w, https:\/\/d2p6e6u75xmxt8.cloudfront.net\/13\/2025\/05\/Alaphillpie-400x266.webp 400w, https:\/\/d2p6e6u75xmxt8.cloudfront.net\/13\/2025\/05\/Alaphillpie-272x182.webp 272w, https:\/\/d2p6e6u75xmxt8.cloudfront.net\/13\/2025\/05\/Alaphillpie-1920x1278.webp 1920w\" sizes=\"auto, (max-width: 1920px) 100vw, 1920px\" \/><\/a><figcaption id=\"caption-attachment-29178\" class=\"wp-caption-text\"><em>Julian Alaphilippe p\u0159i v\u00edt\u011bzn\u00e9m dojezdu v posledn\u00ed etap\u011b minul\u00e9ho ro\u010dn\u00edku Czech Tour. Foto: Czech Tour (3x)<\/em><\/figcaption><\/figure>\n<p>S dal\u0161\u00edmi World Tour t\u00fdmy veden\u00ed z\u00e1vodu intenzivn\u011b jedn\u00e1. Vedle uskupen\u00ed s elitn\u00ed licenc\u00ed maj\u00ed organiz\u00e1to\u0159i Czech Tour potvrzen\u00fd start dal\u0161\u00edch ekip z ni\u017e\u0161\u00edch kategori\u00ed. Chyb\u011bt op\u011bt nebudou z\u00e1stupci nejlep\u0161\u00edch \u010desk\u00fdch st\u00e1j\u00ed Elkov-Kasper a ATT Investments.<\/p>\n<h2><strong>Program CZECH TOUR 2025<\/strong><\/h2>\n<p>1. etapa \u2013 14. srpna: Praha \u2013 Karlovy Vary (163 km\/2260 v\u00fd\u0161kov\u00fdch metr\u016f), 2. etapa \u2013 15. srpna: Pardubice \u2013 Dlouh\u00e9 str\u00e1n\u011b (170 km\/2625 v\u00fd\u0161kov\u00fdch metr\u016f), 3. etapa \u2013 16. srpna: Prost\u011bjov \u2013 Ostrava (148 km\/1378 v\u00fd\u0161kov\u00fdch metr\u016f), 4. etapa \u2013 17. srpna: Krom\u011b\u0159\u00ed\u017e \u2013 Pustevny (177 km\/2983 v\u00fd\u0161kov\u00fdch metr\u016f). Celkem 660 km,\u00a0 p\u0159ev\u00fd\u0161en\u00ed 9246 metr\u016f.<\/p>\n","protected":false},"excerpt":{"rendered":"<p>Czech Tour 2025 odstartuje poprv\u00e9 v \u0161estn\u00e1ctilet\u00e9 historii v Praze. N\u00e1sledn\u011b zav\u00edt\u00e1 do Karlov\u00fdch Var\u016f a Pardubic, odkud se vyd\u00e1 [&hellip;]<\/p>\n","protected":false},"author":138,"featured_media":29177,"comment_status":"open","ping_status":"open","sticky":false,"template":"","format":"standard","meta":{"footnotes":""},"categories":[10],"tags":[126,4185,304,9,2842,3566],"global-categories":[411],"class_list":["post-29176","post","type-post","status-publish","format-standard","has-post-thumbnail","hentry","category-silnicni-cyklistika","tag-cyklistika","tag-czech-tour-2025","tag-leopold-konig","tag-silnicni-cyklistika","tag-soudal-quick-step","tag-visma-lease-a-bike","global-categories-cycling"],"yoast_head":"<!-- This site is optimized with the Yoast SEO Premium plugin v25.3 (Yoast SEO v25.9) - https:\/\/yoast.com\/wordpress\/plugins\/seo\/ -->\n<title>Czech Tour 2025 odstartuje v Praze a pojede nap\u0159\u00ed\u010d \u010ceskem | \u0160koda We Love Cycling - \u010cesk\u00e1 republika<\/title>\n<meta name=\"description\" content=\"Czech Tour 2025 odstartuje poprv\u00e9 v \u0161estn\u00e1ctilet\u00e9 historii v Praze. N\u00e1sledn\u011b zav\u00edt\u00e1 do Karlov\u00fdch Var\u016f a Pardubic, odkud se vyd\u00e1 na tradi\u010dn\u00ed m\u00edsta v Jesen\u00edk\u00e1ch a v Beskydech. \u010cty\u0159i etapy \u010d\u00edtaj\u00edc\u00ed bitva se jede v term\u00ednu\u00a0 14.-17. srpna. Na startu op\u011bt nebudou chyb\u011bt t\u00fdmy z elitn\u00ed kategorie World Tour, \u00fa\u010dast ji\u017e potvrdily st\u00e1je Visma Lease a Bike a Soudal Quick-Step. P\u0159\u00edm\u00fd p\u0159enos z ka\u017ed\u00e9 etapy div\u00e1ci v leto\u0161n\u00edm roce najdou jak na \u010cesk\u00e9 televizi, tak na Eurosportu.\" \/>\n<meta name=\"robots\" content=\"index, follow, max-snippet:-1, max-image-preview:large, max-video-preview:-1\" \/>\n<link rel=\"canonical\" href=\"https:\/\/www.welovecycling.com\/cs\/2025\/05\/13\/czech-tour-2025-odstartuje-v-praze-a-projede-napric-ceskem\/\" \/>\n<meta property=\"og:locale\" content=\"cs_CZ\" \/>\n<meta property=\"og:type\" content=\"article\" \/>\n<meta property=\"og:title\" content=\"Czech Tour 2025 odstartuje v Praze a pojede nap\u0159\u00ed\u010d \u010ceskem\" \/>\n<meta property=\"og:description\" content=\"Czech Tour 2025 odstartuje poprv\u00e9 v \u0161estn\u00e1ctilet\u00e9 historii v Praze. N\u00e1sledn\u011b zav\u00edt\u00e1 do Karlov\u00fdch Var\u016f a Pardubic, odkud se vyd\u00e1 na tradi\u010dn\u00ed m\u00edsta v Jesen\u00edk\u00e1ch a v Beskydech. \u010cty\u0159i etapy \u010d\u00edtaj\u00edc\u00ed bitva se jede v term\u00ednu\u00a0 14.-17. srpna. Na startu op\u011bt nebudou chyb\u011bt t\u00fdmy z elitn\u00ed kategorie World Tour, \u00fa\u010dast ji\u017e potvrdily st\u00e1je Visma Lease a Bike a Soudal Quick-Step. P\u0159\u00edm\u00fd p\u0159enos z ka\u017ed\u00e9 etapy div\u00e1ci v leto\u0161n\u00edm roce najdou jak na \u010cesk\u00e9 televizi, tak na Eurosportu.\" \/>\n<meta property=\"og:url\" content=\"https:\/\/www.welovecycling.com\/cs\/2025\/05\/13\/czech-tour-2025-odstartuje-v-praze-a-projede-napric-ceskem\/\" \/>\n<meta property=\"og:site_name\" content=\"\u0160koda We Love Cycling - \u010cesk\u00e1 republika\" \/>\n<meta property=\"article:published_time\" content=\"2025-05-13T20:10:38+00:00\" \/>\n<meta property=\"article:modified_time\" content=\"2025-05-13T20:10:53+00:00\" \/>\n<meta property=\"og:image\" content=\"https:\/\/d2p6e6u75xmxt8.cloudfront.net\/13\/2025\/05\/CZECH-TOUR-17345-scaled.webp\" \/>\n\t<meta property=\"og:image:width\" content=\"2560\" \/>\n\t<meta property=\"og:image:height\" content=\"1520\" \/>\n\t<meta property=\"og:image:type\" content=\"image\/webp\" \/>\n<meta name=\"author\" content=\"radekmalina\" \/>\n<meta name=\"twitter:card\" content=\"summary_large_image\" \/>\n<meta name=\"twitter:label1\" content=\"Written by\" \/>\n\t<meta name=\"twitter:data1\" content=\"We Love Cycling\" \/>\n\t<meta name=\"twitter:label2\" content=\"Est. reading time\" \/>\n\t<meta name=\"twitter:data2\" content=\"5\" \/>\n<script type=\"application\/ld+json\" class=\"yoast-schema-graph\">{\"@context\":\"https:\/\/schema.org\",\"@graph\":[{\"@type\":\"WebPage\",\"@id\":\"https:\/\/www.welovecycling.com\/cs\/2025\/05\/13\/czech-tour-2025-odstartuje-v-praze-a-projede-napric-ceskem\/\",\"url\":\"https:\/\/www.welovecycling.com\/cs\/2025\/05\/13\/czech-tour-2025-odstartuje-v-praze-a-projede-napric-ceskem\/\",\"name\":\"Czech Tour 2025 odstartuje v Praze a pojede nap\u0159\u00ed\u010d \u010ceskem | \u0160koda We Love Cycling - \u010cesk\u00e1 republika\",\"isPartOf\":{\"@id\":\"https:\/\/www.welovecycling.com\/cs\/#website\"},\"primaryImageOfPage\":{\"@id\":\"https:\/\/www.welovecycling.com\/cs\/2025\/05\/13\/czech-tour-2025-odstartuje-v-praze-a-projede-napric-ceskem\/#primaryimage\"},\"image\":{\"@id\":\"https:\/\/www.welovecycling.com\/cs\/2025\/05\/13\/czech-tour-2025-odstartuje-v-praze-a-projede-napric-ceskem\/#primaryimage\"},\"thumbnailUrl\":\"https:\/\/d2p6e6u75xmxt8.cloudfront.net\/13\/2025\/05\/CZECH-TOUR-17345-scaled.webp\",\"datePublished\":\"2025-05-13T20:10:38+00:00\",\"dateModified\":\"2025-05-13T20:10:53+00:00\",\"author\":{\"@id\":\"https:\/\/www.welovecycling.com\/cs\/#\/schema\/person\/d9eeb0a378f3a7e4a6d12d2b536b04b8\"},\"description\":\"Czech Tour 2025 odstartuje poprv\u00e9 v \u0161estn\u00e1ctilet\u00e9 historii v Praze. N\u00e1sledn\u011b zav\u00edt\u00e1 do Karlov\u00fdch Var\u016f a Pardubic, odkud se vyd\u00e1 na tradi\u010dn\u00ed m\u00edsta v Jesen\u00edk\u00e1ch a v Beskydech. \u010cty\u0159i etapy \u010d\u00edtaj\u00edc\u00ed bitva se jede v term\u00ednu\u00a0 14.-17. srpna. Na startu op\u011bt nebudou chyb\u011bt t\u00fdmy z elitn\u00ed kategorie World Tour, \u00fa\u010dast ji\u017e potvrdily st\u00e1je Visma Lease a Bike a Soudal Quick-Step. P\u0159\u00edm\u00fd p\u0159enos z ka\u017ed\u00e9 etapy div\u00e1ci v leto\u0161n\u00edm roce najdou jak na \u010cesk\u00e9 televizi, tak na Eurosportu.\",\"inLanguage\":\"cs\",\"potentialAction\":[{\"@type\":\"ReadAction\",\"target\":[\"https:\/\/www.welovecycling.com\/cs\/2025\/05\/13\/czech-tour-2025-odstartuje-v-praze-a-projede-napric-ceskem\/\"]}]},{\"@type\":\"ImageObject\",\"inLanguage\":\"cs\",\"@id\":\"https:\/\/www.welovecycling.com\/cs\/2025\/05\/13\/czech-tour-2025-odstartuje-v-praze-a-projede-napric-ceskem\/#primaryimage\",\"url\":\"https:\/\/d2p6e6u75xmxt8.cloudfront.net\/13\/2025\/05\/CZECH-TOUR-17345-scaled.webp\",\"contentUrl\":\"https:\/\/d2p6e6u75xmxt8.cloudfront.net\/13\/2025\/05\/CZECH-TOUR-17345-scaled.webp\",\"width\":2560,\"height\":1520,\"caption\":\"Czech Tour 2025 odstartuje v Praze a projede nap\u0159\u00ed\u010d \u010ceskem.\"},{\"@type\":\"WebSite\",\"@id\":\"https:\/\/www.welovecycling.com\/cs\/#website\",\"url\":\"https:\/\/www.welovecycling.com\/cs\/\",\"name\":\"\u0160koda We Love Cycling - \u010cesk\u00e1 republika\",\"description\":\"WeLoveCycling.cz je online magaz\u00edn, kter\u00fd v\u00e1m pravideln\u011b p\u0159in\u00e1\u0161\u00ed rady a tipy, zaj\u00edmav\u00e9 \u010dl\u00e1nky, videa a jedine\u010dn\u00e9 report\u00e1\u017ee ze sv\u011bta cyklistiky.\",\"potentialAction\":[{\"@type\":\"SearchAction\",\"target\":{\"@type\":\"EntryPoint\",\"urlTemplate\":\"https:\/\/www.welovecycling.com\/cs\/?s={search_term_string}\"},\"query-input\":{\"@type\":\"PropertyValueSpecification\",\"valueRequired\":true,\"valueName\":\"search_term_string\"}}],\"inLanguage\":\"cs\"},{\"@type\":\"Person\",\"@id\":\"https:\/\/www.welovecycling.com\/cs\/#\/schema\/person\/d9eeb0a378f3a7e4a6d12d2b536b04b8\",\"name\":\"radekmalina\",\"image\":{\"@type\":\"ImageObject\",\"inLanguage\":\"cs\",\"@id\":\"https:\/\/www.welovecycling.com\/cs\/#\/schema\/person\/image\/\",\"url\":\"https:\/\/secure.gravatar.com\/avatar\/66994b632cb8c39a46b9f54afa3ae07201b678d32a54275b6f1c9ffec356bfc0?s=96&d=mm&r=g\",\"contentUrl\":\"https:\/\/secure.gravatar.com\/avatar\/66994b632cb8c39a46b9f54afa3ae07201b678d32a54275b6f1c9ffec356bfc0?s=96&d=mm&r=g\",\"caption\":\"radekmalina\"},\"url\":\"https:\/\/www.welovecycling.com\/cs\/author\/radekmalina\/\"}]}<\/script>\n<!-- \/ Yoast SEO Premium plugin. -->","yoast_head_json":{"title":"Czech Tour 2025 odstartuje v Praze a pojede nap\u0159\u00ed\u010d \u010ceskem | \u0160koda We Love Cycling - \u010cesk\u00e1 republika","description":"Czech Tour 2025 odstartuje poprv\u00e9 v \u0161estn\u00e1ctilet\u00e9 historii v Praze. N\u00e1sledn\u011b zav\u00edt\u00e1 do Karlov\u00fdch Var\u016f a Pardubic, odkud se vyd\u00e1 na tradi\u010dn\u00ed m\u00edsta v Jesen\u00edk\u00e1ch a v Beskydech. \u010cty\u0159i etapy \u010d\u00edtaj\u00edc\u00ed bitva se jede v term\u00ednu\u00a0 14.-17. srpna. Na startu op\u011bt nebudou chyb\u011bt t\u00fdmy z elitn\u00ed kategorie World Tour, \u00fa\u010dast ji\u017e potvrdily st\u00e1je Visma Lease a Bike a Soudal Quick-Step. P\u0159\u00edm\u00fd p\u0159enos z ka\u017ed\u00e9 etapy div\u00e1ci v leto\u0161n\u00edm roce najdou jak na \u010cesk\u00e9 televizi, tak na Eurosportu.","robots":{"index":"index","follow":"follow","max-snippet":"max-snippet:-1","max-image-preview":"max-image-preview:large","max-video-preview":"max-video-preview:-1"},"canonical":"https:\/\/www.welovecycling.com\/cs\/2025\/05\/13\/czech-tour-2025-odstartuje-v-praze-a-projede-napric-ceskem\/","og_locale":"cs_CZ","og_type":"article","og_title":"Czech Tour 2025 odstartuje v Praze a pojede nap\u0159\u00ed\u010d \u010ceskem","og_description":"Czech Tour 2025 odstartuje poprv\u00e9 v \u0161estn\u00e1ctilet\u00e9 historii v Praze. N\u00e1sledn\u011b zav\u00edt\u00e1 do Karlov\u00fdch Var\u016f a Pardubic, odkud se vyd\u00e1 na tradi\u010dn\u00ed m\u00edsta v Jesen\u00edk\u00e1ch a v Beskydech. \u010cty\u0159i etapy \u010d\u00edtaj\u00edc\u00ed bitva se jede v term\u00ednu\u00a0 14.-17. srpna. Na startu op\u011bt nebudou chyb\u011bt t\u00fdmy z elitn\u00ed kategorie World Tour, \u00fa\u010dast ji\u017e potvrdily st\u00e1je Visma Lease a Bike a Soudal Quick-Step. P\u0159\u00edm\u00fd p\u0159enos z ka\u017ed\u00e9 etapy div\u00e1ci v leto\u0161n\u00edm roce najdou jak na \u010cesk\u00e9 televizi, tak na Eurosportu.","og_url":"https:\/\/www.welovecycling.com\/cs\/2025\/05\/13\/czech-tour-2025-odstartuje-v-praze-a-projede-napric-ceskem\/","og_site_name":"\u0160koda We Love Cycling - \u010cesk\u00e1 republika","article_published_time":"2025-05-13T20:10:38+00:00","article_modified_time":"2025-05-13T20:10:53+00:00","og_image":[{"width":2560,"height":1520,"url":"https:\/\/d2p6e6u75xmxt8.cloudfront.net\/13\/2025\/05\/CZECH-TOUR-17345-scaled.webp","type":"image\/webp"}],"author":"radekmalina","twitter_card":"summary_large_image","twitter_misc":{"Written by":"We Love Cycling","Est. reading time":"5"},"schema":{"@context":"https:\/\/schema.org","@graph":[{"@type":"WebPage","@id":"https:\/\/www.welovecycling.com\/cs\/2025\/05\/13\/czech-tour-2025-odstartuje-v-praze-a-projede-napric-ceskem\/","url":"https:\/\/www.welovecycling.com\/cs\/2025\/05\/13\/czech-tour-2025-odstartuje-v-praze-a-projede-napric-ceskem\/","name":"Czech Tour 2025 odstartuje v Praze a pojede nap\u0159\u00ed\u010d \u010ceskem | \u0160koda We Love Cycling - \u010cesk\u00e1 republika","isPartOf":{"@id":"https:\/\/www.welovecycling.com\/cs\/#website"},"primaryImageOfPage":{"@id":"https:\/\/www.welovecycling.com\/cs\/2025\/05\/13\/czech-tour-2025-odstartuje-v-praze-a-projede-napric-ceskem\/#primaryimage"},"image":{"@id":"https:\/\/www.welovecycling.com\/cs\/2025\/05\/13\/czech-tour-2025-odstartuje-v-praze-a-projede-napric-ceskem\/#primaryimage"},"thumbnailUrl":"https:\/\/d2p6e6u75xmxt8.cloudfront.net\/13\/2025\/05\/CZECH-TOUR-17345-scaled.webp","datePublished":"2025-05-13T20:10:38+00:00","dateModified":"2025-05-13T20:10:53+00:00","author":{"@id":"https:\/\/www.welovecycling.com\/cs\/#\/schema\/person\/d9eeb0a378f3a7e4a6d12d2b536b04b8"},"description":"Czech Tour 2025 odstartuje poprv\u00e9 v \u0161estn\u00e1ctilet\u00e9 historii v Praze. N\u00e1sledn\u011b zav\u00edt\u00e1 do Karlov\u00fdch Var\u016f a Pardubic, odkud se vyd\u00e1 na tradi\u010dn\u00ed m\u00edsta v Jesen\u00edk\u00e1ch a v Beskydech. \u010cty\u0159i etapy \u010d\u00edtaj\u00edc\u00ed bitva se jede v term\u00ednu\u00a0 14.-17. srpna. Na startu op\u011bt nebudou chyb\u011bt t\u00fdmy z elitn\u00ed kategorie World Tour, \u00fa\u010dast ji\u017e potvrdily st\u00e1je Visma Lease a Bike a Soudal Quick-Step. P\u0159\u00edm\u00fd p\u0159enos z ka\u017ed\u00e9 etapy div\u00e1ci v leto\u0161n\u00edm roce najdou jak na \u010cesk\u00e9 televizi, tak na Eurosportu.","inLanguage":"cs","potentialAction":[{"@type":"ReadAction","target":["https:\/\/www.welovecycling.com\/cs\/2025\/05\/13\/czech-tour-2025-odstartuje-v-praze-a-projede-napric-ceskem\/"]}]},{"@type":"ImageObject","inLanguage":"cs","@id":"https:\/\/www.welovecycling.com\/cs\/2025\/05\/13\/czech-tour-2025-odstartuje-v-praze-a-projede-napric-ceskem\/#primaryimage","url":"https:\/\/d2p6e6u75xmxt8.cloudfront.net\/13\/2025\/05\/CZECH-TOUR-17345-scaled.webp","contentUrl":"https:\/\/d2p6e6u75xmxt8.cloudfront.net\/13\/2025\/05\/CZECH-TOUR-17345-scaled.webp","width":2560,"height":1520,"caption":"Czech Tour 2025 odstartuje v Praze a projede nap\u0159\u00ed\u010d \u010ceskem."},{"@type":"WebSite","@id":"https:\/\/www.welovecycling.com\/cs\/#website","url":"https:\/\/www.welovecycling.com\/cs\/","name":"\u0160koda We Love Cycling - \u010cesk\u00e1 republika","description":"WeLoveCycling.cz je online magaz\u00edn, kter\u00fd v\u00e1m pravideln\u011b p\u0159in\u00e1\u0161\u00ed rady a tipy, zaj\u00edmav\u00e9 \u010dl\u00e1nky, videa a jedine\u010dn\u00e9 report\u00e1\u017ee ze sv\u011bta cyklistiky.","potentialAction":[{"@type":"SearchAction","target":{"@type":"EntryPoint","urlTemplate":"https:\/\/www.welovecycling.com\/cs\/?s={search_term_string}"},"query-input":{"@type":"PropertyValueSpecification","valueRequired":true,"valueName":"search_term_string"}}],"inLanguage":"cs"},{"@type":"Person","@id":"https:\/\/www.welovecycling.com\/cs\/#\/schema\/person\/d9eeb0a378f3a7e4a6d12d2b536b04b8","name":"radekmalina","image":{"@type":"ImageObject","inLanguage":"cs","@id":"https:\/\/www.welovecycling.com\/cs\/#\/schema\/person\/image\/","url":"https:\/\/secure.gravatar.com\/avatar\/66994b632cb8c39a46b9f54afa3ae07201b678d32a54275b6f1c9ffec356bfc0?s=96&d=mm&r=g","contentUrl":"https:\/\/secure.gravatar.com\/avatar\/66994b632cb8c39a46b9f54afa3ae07201b678d32a54275b6f1c9ffec356bfc0?s=96&d=mm&r=g","caption":"radekmalina"},"url":"https:\/\/www.welovecycling.com\/cs\/author\/radekmalina\/"}]}},"_links":{"self":[{"href":"https:\/\/www.welovecycling.com\/cs\/wp-json\/wp\/v2\/posts\/29176","targetHints":{"allow":["GET"]}}],"collection":[{"href":"https:\/\/www.welovecycling.com\/cs\/wp-json\/wp\/v2\/posts"}],"about":[{"href":"https:\/\/www.welovecycling.com\/cs\/wp-json\/wp\/v2\/types\/post"}],"author":[{"embeddable":true,"href":"https:\/\/www.welovecycling.com\/cs\/wp-json\/wp\/v2\/users\/138"}],"replies":[{"embeddable":true,"href":"https:\/\/www.welovecycling.com\/cs\/wp-json\/wp\/v2\/comments?post=29176"}],"version-history":[{"count":4,"href":"https:\/\/www.welovecycling.com\/cs\/wp-json\/wp\/v2\/posts\/29176\/revisions"}],"predecessor-version":[{"id":29183,"href":"https:\/\/www.welovecycling.com\/cs\/wp-json\/wp\/v2\/posts\/29176\/revisions\/29183"}],"wp:featuredmedia":[{"embeddable":true,"href":"https:\/\/www.welovecycling.com\/cs\/wp-json\/wp\/v2\/media\/29177"}],"wp:attachment":[{"href":"https:\/\/www.welovecycling.com\/cs\/wp-json\/wp\/v2\/media?parent=29176"}],"wp:term":[{"taxonomy":"category","embeddable":true,"href":"https:\/\/www.welovecycling.com\/cs\/wp-json\/wp\/v2\/categories?post=29176"},{"taxonomy":"post_tag","embeddable":true,"href":"https:\/\/www.welovecycling.com\/cs\/wp-json\/wp\/v2\/tags?post=29176"},{"taxonomy":"global-categories","embeddable":true,"href":"https:\/\/www.welovecycling.com\/cs\/wp-json\/wp\/v2\/global-categories?post=29176"}],"curies":[{"name":"wp","href":"https:\/\/api.w.org\/{rel}","templated":true}]}}