{"id":29117,"date":"2025-05-07T05:30:23","date_gmt":"2025-05-07T03:30:23","guid":{"rendered":"https:\/\/www.welovecycling.com\/cs\/?p=29117"},"modified":"2025-05-06T21:56:32","modified_gmt":"2025-05-06T19:56:32","slug":"giro-2025-a-vse-co-potrebujete-vedet","status":"publish","type":"post","link":"https:\/\/www.welovecycling.com\/cs\/2025\/05\/07\/giro-2025-a-vse-co-potrebujete-vedet\/","title":{"rendered":"Giro 2025 a v\u0161e, co pot\u0159ebujete v\u011bd\u011bt?"},"content":{"rendered":"<p><strong>Prvn\u00ed Grand Tour sezony 2025 je tu! Od 9. kv\u011btna do 1. \u010dervna budou cyklistick\u00e9 hv\u011bzdy bojovat o maglia rosa, r\u016f\u017eov\u00fd trikot pro v\u00edt\u011bze Giro di Italia. Sto osm\u00fd ro\u010dn\u00edk slibuje mimo\u0159\u00e1dn\u011b otev\u0159enou bitvu o celkov\u00e9 po\u0159ad\u00ed! A \u010de\u0161t\u00ed fanou\u0161ci se mohou t\u011b\u0161it i na p\u0159edstaven\u00ed t\u0159\u00ed \u010desk\u00fdch z\u00e1vodn\u00edk\u016f&#8230;<\/strong><\/p>\n<p>Po lo\u0148sk\u00e9m spektakul\u00e1rn\u00edm p\u0159edstaven\u00ed Tadeje Poga\u010dara, kter\u00fd pod Apeninami vyhr\u00e1l \u0161est etap a jeho dominance byla naprosto ohromuj\u00edc\u00ed, je letos adept\u016f na celkov\u00e9 prvenstv\u00ed z Gira mnohem v\u00edce. I proto, \u017ee organiz\u00e1to\u0159i p\u0159ipravili naprosto brut\u00e1ln\u00ed vrcha\u0159sk\u00e9 galeje. Ale p\u011bkn\u011b postupn\u011b&#8230;<\/p>\n<h2><strong>Start v Alb\u00e1nii<\/strong><\/h2>\n<p>Pop\u00e1tn\u00e1ct\u00e9 v historii startuje italsk\u00e1 Grand Tour za hranicemi zem\u011b. Poprv\u00e9 v d\u011bjin\u00e1ch se p\u0159itom peloton vyd\u00e1 vst\u0159\u00edc boj\u016fm o maglia rosa na silnic\u00edch v Alb\u00e1nii. Celkem cyklist\u00e9 projedou \u010dty\u0159i r\u016fzn\u00e9 zem\u011b, kdy\u017e jejich kola budou kilometry na cest\u011b do c\u00edlov\u00e9ho \u0158\u00edma ukrajovat v Alb\u00e1nii, Slovinsku, Vatik\u00e1nu a pochopiteln\u011b v It\u00e1lii.<\/p>\n<h2><strong>T\u0159i horsk\u00e9 dojezdy a velk\u00e1 porce \u0161otoliny<\/strong><\/h2>\n<p>Jednadvacet etap m\u011b\u0159\u00ed celkem 3413 kilometr\u016f. Cyklist\u00e9 absolvuj\u00ed dv\u011b individu\u00e1ln\u00ed \u010dasovky, \u0161est etap je sprintersk\u00fdch, osm zvln\u011bn\u00fdch a p\u011bt etap je horsk\u00fdch. Ale jen t\u0159i maj\u00ed vrcholov\u00fd dojezd (7., 16. a 20.). A pouze Colle delle Finestre ve dvac\u00e1t\u00e9 etap\u011b vyt\u00e1hne peloton nad hranici 2000 metr\u016f. Celkem ka\u017edop\u00e1dn\u011b cyklist\u00e9 zdolaj\u00ed 52 500 v\u00fd\u0161kov\u00fdch metr\u016f, co\u017e je brut\u00e1ln\u00ed n\u00e1lo\u017e!<\/p>\n<figure id=\"attachment_16225\" aria-describedby=\"caption-attachment-16225\" style=\"width: 1600px\" class=\"wp-caption alignnone\"><a href=\"https:\/\/d2p6e6u75xmxt8.cloudfront.net\/13\/2022\/03\/strade-bianche-michal-cerveny-5.webp\"><img loading=\"lazy\" decoding=\"async\" class=\"size-full wp-image-16225\" src=\"https:\/\/d2p6e6u75xmxt8.cloudfront.net\/13\/2022\/03\/strade-bianche-michal-cerveny-5.webp\" alt=\"\" width=\"1600\" height=\"1067\" srcset=\"https:\/\/d2p6e6u75xmxt8.cloudfront.net\/13\/2022\/03\/strade-bianche-michal-cerveny-5.webp 1600w, https:\/\/d2p6e6u75xmxt8.cloudfront.net\/13\/2022\/03\/strade-bianche-michal-cerveny-5-300x200.webp 300w, https:\/\/d2p6e6u75xmxt8.cloudfront.net\/13\/2022\/03\/strade-bianche-michal-cerveny-5-1024x683.webp 1024w, https:\/\/d2p6e6u75xmxt8.cloudfront.net\/13\/2022\/03\/strade-bianche-michal-cerveny-5-768x512.webp 768w, https:\/\/d2p6e6u75xmxt8.cloudfront.net\/13\/2022\/03\/strade-bianche-michal-cerveny-5-1536x1024.webp 1536w, https:\/\/d2p6e6u75xmxt8.cloudfront.net\/13\/2022\/03\/strade-bianche-michal-cerveny-5-272x182.webp 272w\" sizes=\"auto, (max-width: 1600px) 100vw, 1600px\" \/><\/a><figcaption id=\"caption-attachment-16225\" class=\"wp-caption-text\"><em>Strade Bianche je sou\u010d\u00e1st\u00ed itiner\u00e1\u0159e Giro di Italia 2025.<\/em><\/figcaption><\/figure>\n<p>V dev\u00e1t\u00e9m d\u011bjstv\u00ed z\u00e1vod zam\u00ed\u0159\u00ed na \u0161t\u011brkov\u00e9 sektory ze Strade Bianche: celkem 29,5 kilometr\u016f. Dal\u0161\u00ed porce \u0161otoliny p\u0159ijde b\u011bhem p\u0159edposledn\u00edho dne, kdy je v itiner\u00e1\u0159i v\u00fdstup na Finestre dlouh\u00fd 18,5 kilometr\u016f, p\u0159i\u010dem\u017e sedm z nich tvo\u0159\u00ed \u0161otolina.<\/p>\n<h2><strong>Kdo je nejv\u011bt\u0161\u00ed favorit maglia rosa?<\/strong><\/h2>\n<p>Jednozna\u010dn\u011b nejv\u011bt\u0161\u00ed o\u010dek\u00e1v\u00e1n\u00ed sm\u011b\u0159uj\u00ed k jedin\u00e9mu jm\u00e9nu: Primo\u017e Rogli\u010d, Slovinec v barv\u00e1ch Red Bull Bora-hansgrohe. Giro vyhr\u00e1l v sezon\u011b 2023 a r\u00e1d by napodobil krajana Poga\u010dara, kter\u00fd v minul\u00e9m roce ovl\u00e1dl Giro a n\u00e1sledn\u011b Tour. B\u00fdval\u00fd skokan na ly\u017e\u00edch je sice jin\u00fd kalibr, ale pokud by vyhr\u00e1l Giro, dost mo\u017en\u00e1 by z\u00edskal tolik sebev\u011bdom\u00ed, \u017ee by mohl n\u00e1sledn\u011b v p\u0159\u00edpad\u011b p\u0159\u00edzniv\u00e9 konstelace kone\u010dn\u011b ovl\u00e1dnout i Grande Boucle.<\/p>\n<div class=\"shortcode-ys-post-pinup\"><article class=\"loop-simple post-28695 post type-post status-publish format-standard has-post-thumbnail hentry category-silnicni-cyklistika tag-cyklistika tag-giro-2025 tag-primoz-roglic tag-red-bull-bora-hansgrohe tag-silnicni-cyklistika tag-tour-de-france-2025 global-categories-cycling\" data-postid=\"28695\" role=\"article\" data-post-id=\"28695\" data-word-count=\"695\" data-headline-length=\"63\" data-category=\"Silni\u010dn\u00ed cyklistika\" data-global-category=\"Cycling\" data-author=\"Radek Malina\" data-published=\"2025-04-02T05:00:43+02:00\" data-published-day=\"Wednesday\">\n    <div class=\"entry-thumbnail article-thumbnail\" content=\"https:\/\/d2p6e6u75xmxt8.cloudfront.net\/13\/2025\/04\/profimedia-0916716610-150x150.webp\"><a href=\"https:\/\/www.welovecycling.com\/cs\/2025\/04\/02\/je-primoz-roglic-prilis-stary-na-vyhru-z-tour-de-france\/\" class=\"image-holder\" target=\"_self\"><img decoding=\"async\" loading=\"lazy\" class=\"\" src=\"https:\/\/d2p6e6u75xmxt8.cloudfront.net\/13\/2025\/04\/profimedia-0916716610-1024x683.webp\" srcset=\"https:\/\/d2p6e6u75xmxt8.cloudfront.net\/13\/2025\/04\/profimedia-0916716610.webp 1800w, https:\/\/d2p6e6u75xmxt8.cloudfront.net\/13\/2025\/04\/profimedia-0916716610-300x200.webp 300w, https:\/\/d2p6e6u75xmxt8.cloudfront.net\/13\/2025\/04\/profimedia-0916716610-1024x683.webp 1024w, https:\/\/d2p6e6u75xmxt8.cloudfront.net\/13\/2025\/04\/profimedia-0916716610-768x512.webp 768w, https:\/\/d2p6e6u75xmxt8.cloudfront.net\/13\/2025\/04\/profimedia-0916716610-1536x1024.webp 1536w, https:\/\/d2p6e6u75xmxt8.cloudfront.net\/13\/2025\/04\/profimedia-0916716610-400x267.webp 400w, https:\/\/d2p6e6u75xmxt8.cloudfront.net\/13\/2025\/04\/profimedia-0916716610-272x182.webp 272w\" width=\"1024\" height=\"683\" sizes=\"auto, (min-width: 1200px) 300px, (min-width: 768px) 25vw, 100vw\" alt=\"je-primoz-roglic-prilis-stary-na-vyhru-z-tour-de-france\"\/><\/a><\/div>    <div class=\"entry-meta\">\n        <a class=\"label label-secondary post-category\" href=\"https:\/\/www.welovecycling.com\/cs\/category\/silnicni-cyklistika\/\" title=\"Silni\u010dn\u00ed cyklistika\">Silni\u010dn\u00ed cyklistika<\/a>\n    <\/div>\n    <div class=\"entry-details\">\n        <a href=\"https:\/\/www.welovecycling.com\/cs\/2025\/04\/02\/je-primoz-roglic-prilis-stary-na-vyhru-z-tour-de-france\/\" class='entry-title-wrapper'>\n            <h3 class=\"entry-title\"><span>Je Primo\u017e Rogli\u010d p\u0159\u00edli\u0161 star\u00fd na v\u00fdhru z Tour de France?<\/span><\/h3>\n        <\/a>\n    <\/div>\n    <\/article>\n<\/div>\n<p>V It\u00e1lii mu v\u0161ak budou st\u00e1t v cest\u011b mlad\u00ed dravci jako Juan Ayuso (UAE Emirates), Egan Bernal (Ineos Grenadiers), Tom Pidcock (Q36.5) a stejn\u011b tak zku\u0161en\u00ed matado\u0159i Romain Bardet (Picnic PostNL), David Gaudu (Groupama FDJ) \u010di Richard Carapaz (EF Education First).<\/p>\n<h2><strong>Pro\u010d chyb\u00ed obh\u00e1jce?<\/strong><\/h2>\n<p>Tadej Poga\u010dar, slovinsk\u00fd l\u00eddr UAE Emirates XRG, se rozhodl v leto\u0161n\u00ed sezon\u011b zam\u011b\u0159it na jarn\u00ed klasiky a slavil triumfy ve dvou Monumentech: Kolem Flander a Lutych-Bastogne-Lutych. P\u0159ed Girem dostal p\u0159ednost odpo\u010dinek a maxim\u00e1ln\u00ed koncentrace na \u010dtvrt\u00fd triumf z Tour de France.<\/p>\n<h2><strong>Giro 2025 a \u010ce\u0161i?<\/strong><\/h2>\n<p>\u010cesko bude m\u00edt v bitv\u011b o maglia rosa troj\u00ed zastoupen\u00ed. V barv\u00e1ch sestavy Lidl-Trek pojede <a href=\"https:\/\/www.welovecycling.com\/cs\/2025\/05\/05\/proc-mathias-vacek-spal-pred-girem-ve-stanu-a-nejel-na-soustredeni\/\">Mathias Vacek,<\/a> dvaadvacetilet\u00fd talent, jeho\u017e hlavn\u00ed n\u00e1pln\u00ed je pom\u00e1hat Pedersenovi a Cicconemu, ov\u0161em ur\u010dit\u011b dostane p\u0159\u00edle\u017eitost uk\u00e1zat schopnosti v n\u011bkter\u00e9 z etap. A pokud mu sedne druh\u00e1 etapa v podob\u011b \u010dasovky, dost mo\u017en\u00e1 m\u016f\u017ee obl\u00e9knout b\u00edl\u00fd trikot pro nejlep\u0161\u00edho mlad\u00edka a v p\u0159\u00edpad\u011b p\u0159\u00edzniv\u00e9 konstelace by r\u00e1d slavil etapov\u00e9 prvenstv\u00ed.<\/p>\n<figure id=\"attachment_26944\" aria-describedby=\"caption-attachment-26944\" style=\"width: 1800px\" class=\"wp-caption alignnone\"><a href=\"https:\/\/d2p6e6u75xmxt8.cloudfront.net\/13\/2024\/08\/profimedia-0899474133.webp\"><img loading=\"lazy\" decoding=\"async\" class=\"size-full wp-image-26944\" src=\"https:\/\/d2p6e6u75xmxt8.cloudfront.net\/13\/2024\/08\/profimedia-0899474133.webp\" alt=\"Mathias Vacek\" width=\"1800\" height=\"1200\" srcset=\"https:\/\/d2p6e6u75xmxt8.cloudfront.net\/13\/2024\/08\/profimedia-0899474133.webp 1800w, https:\/\/d2p6e6u75xmxt8.cloudfront.net\/13\/2024\/08\/profimedia-0899474133-300x200.webp 300w, https:\/\/d2p6e6u75xmxt8.cloudfront.net\/13\/2024\/08\/profimedia-0899474133-1024x683.webp 1024w, https:\/\/d2p6e6u75xmxt8.cloudfront.net\/13\/2024\/08\/profimedia-0899474133-768x512.webp 768w, https:\/\/d2p6e6u75xmxt8.cloudfront.net\/13\/2024\/08\/profimedia-0899474133-1536x1024.webp 1536w, https:\/\/d2p6e6u75xmxt8.cloudfront.net\/13\/2024\/08\/profimedia-0899474133-400x267.webp 400w, https:\/\/d2p6e6u75xmxt8.cloudfront.net\/13\/2024\/08\/profimedia-0899474133-272x182.webp 272w\" sizes=\"auto, (max-width: 1800px) 100vw, 1800px\" \/><\/a><figcaption id=\"caption-attachment-26944\" class=\"wp-caption-text\"><em>Mathias Vacek douf\u00e1, \u017ee mu italsk\u00e9 Giro p\u0159inese stejnou porci radosti jako \u0161pan\u011blsk\u00e1 Vuelta 2024.<\/em><\/figcaption><\/figure>\n<p>Soudal Quick Step nominoval Josefa \u010cern\u00e9ho, p\u0159i\u010dem\u017e jednat\u0159icetilet\u00fd matador se bude pln\u011b ob\u011btovat pro t\u00fdmov\u00e9 kolegy, jim\u017e \u0161\u00e9fuje Mikel Landa. V dresu Israel Premier Tech pojede Jan Hirt. \u010cty\u0159iat\u0159icetilet\u00fd rod\u00e1k z T\u0159eb\u00ed\u010de a Giro? To je dokonal\u00e9 spojen\u00ed. P\u0159ed t\u0159emi lety vyhr\u00e1l pod Apeninami etapu a dojel celkov\u011b \u0161est\u00fd. Minul\u00fd rok skon\u010dil osm\u00fd. Celkem bitvu o maglia rosa absolvoval u\u017e sedmkr\u00e1t!<\/p>\n<h2><strong>Kdo je rekordman Gira?<\/strong><\/h2>\n<p>Nejv\u00edce v\u00edt\u011bzstv\u00ed &#8211; p\u011bt &#8211; nasb\u00edrala trojice jezdc\u016f. Dom\u00e1c\u00ed legendy Fausto Coppi a Alfredo Binda, s nimi je pak v \u010dele statistik Eddy Merckx z Belgie. Nejrychlej\u0161\u00ed ro\u010dn\u00edk se jel v roce 2024, kdy m\u011bl Tadej Poga\u010dar v c\u00edli pr\u016fm\u011brnou rychlost 41,866 km\/h.<\/p>\n<h2><strong>Startovn\u00ed listina<\/strong><\/h2>\n<p>Ve startovn\u00ed listin\u011b <a href=\"https:\/\/www.giroditalia.it\/en\/the-route\/\">Gira 2025<\/a> bude 176 cyklist\u016f. Poprv\u00e9 v novodob\u00e9 historii jede Grand Tour celkem 23 t\u00fdm\u016f.<\/p>\n<div class=\"shortcode-ys-post-pinup\"><article class=\"loop-simple post-29052 post type-post status-publish format-standard has-post-thumbnail hentry category-silnicni-cyklistika tag-cyklistika tag-lutych-bastogne-lutych tag-silnicni-cyklistika tag-tadej-pogacar tag-tour-de-france global-categories-cycling\" data-postid=\"29052\" role=\"article\" data-post-id=\"29052\" data-word-count=\"387\" data-headline-length=\"63\" data-category=\"Silni\u010dn\u00ed cyklistika\" data-global-category=\"Cycling\" data-author=\"We Love Cycling\" data-published=\"2025-04-28T10:58:34+02:00\" data-published-day=\"Monday\">\n    <div class=\"entry-thumbnail article-thumbnail\" content=\"https:\/\/d2p6e6u75xmxt8.cloudfront.net\/13\/2025\/04\/profimedia-0992847818-150x150.webp\"><a href=\"https:\/\/www.welovecycling.com\/cs\/2025\/04\/28\/tadej-pogacar-a-jeho-magicke-jaro-zastavi-nekdo-fenomena\/\" class=\"image-holder\" target=\"_self\"><img decoding=\"async\" loading=\"lazy\" class=\"\" src=\"https:\/\/d2p6e6u75xmxt8.cloudfront.net\/13\/2025\/04\/profimedia-0992847818-1024x683.webp\" srcset=\"https:\/\/d2p6e6u75xmxt8.cloudfront.net\/13\/2025\/04\/profimedia-0992847818.webp 1800w, https:\/\/d2p6e6u75xmxt8.cloudfront.net\/13\/2025\/04\/profimedia-0992847818-300x200.webp 300w, https:\/\/d2p6e6u75xmxt8.cloudfront.net\/13\/2025\/04\/profimedia-0992847818-1024x683.webp 1024w, https:\/\/d2p6e6u75xmxt8.cloudfront.net\/13\/2025\/04\/profimedia-0992847818-768x512.webp 768w, https:\/\/d2p6e6u75xmxt8.cloudfront.net\/13\/2025\/04\/profimedia-0992847818-1536x1024.webp 1536w, https:\/\/d2p6e6u75xmxt8.cloudfront.net\/13\/2025\/04\/profimedia-0992847818-400x267.webp 400w, https:\/\/d2p6e6u75xmxt8.cloudfront.net\/13\/2025\/04\/profimedia-0992847818-272x182.webp 272w\" width=\"1024\" height=\"683\" sizes=\"auto, (min-width: 1200px) 300px, (min-width: 768px) 25vw, 100vw\" alt=\"tadej-pogacar-a-jeho-magicke-jaro-zastavi-nekdo-fenomena\"\/><\/a><\/div>    <div class=\"entry-meta\">\n        <a class=\"label label-secondary post-category\" href=\"https:\/\/www.welovecycling.com\/cs\/category\/silnicni-cyklistika\/\" title=\"Silni\u010dn\u00ed cyklistika\">Silni\u010dn\u00ed cyklistika<\/a>\n    <\/div>\n    <div class=\"entry-details\">\n        <a href=\"https:\/\/www.welovecycling.com\/cs\/2025\/04\/28\/tadej-pogacar-a-jeho-magicke-jaro-zastavi-nekdo-fenomena\/\" class='entry-title-wrapper'>\n            <h3 class=\"entry-title\"><span>Tadej Poga\u010dar a jeho magick\u00e9 jaro. Zastav\u00ed n\u011bkdo fenom\u00e9na?<\/span><\/h3>\n        <\/a>\n    <\/div>\n    <\/article>\n<\/div>\n<p>Mezin\u00e1rodn\u00ed cyklistick\u00e1 federace souhlasila s roz\u0161\u00ed\u0159en\u00edm startovn\u00edho pole o jeden t\u00fdm ve srovn\u00e1n\u00ed s minulost\u00ed, kdy na t\u0159i nejv\u011bt\u0161\u00ed etapov\u00e9 z\u00e1vody planety mohlo dvaadvacet formac\u00ed.<\/p>\n<h2><strong>Maglia rosa a dal\u0161\u00ed trikoty<\/strong><\/h2>\n<p>L\u00eddr z\u00e1vodu obl\u00e9k\u00e1 maglia rosa, r\u016f\u017eov\u00fd trikot. Pro nejlep\u0161\u00edho sprintera a l\u00eddra bodovac\u00ed sout\u011b\u017ee je p\u0159ipraven trikot s ozna\u010den\u00edm maglia ciclamino (fialov\u00fd). Maglia azzurra (modr\u00e1) je pro nejlep\u0161\u00edho vrcha\u0159e a maglia bianca (b\u00edl\u00e1) pro l\u00eddra klasifikace do 25 let. Na konci ka\u017ed\u00e9 etapy se prvn\u00edm t\u0159em z\u00e1vodn\u00edk\u016fm v c\u00edli ud\u011bluj\u00ed bonusy deset, \u0161est a \u010dty\u0159i sekundy a tak\u00e9 t\u0159i, dv\u011b a jedna sekunda v mezisprintech, tak\u017ee ka\u017ed\u00e1 etapa je rozhoduj\u00edc\u00ed pro celkov\u00e9 po\u0159ad\u00ed.<\/p>\n","protected":false},"excerpt":{"rendered":"<p>Prvn\u00ed Grand Tour sezony 2025 je tu! Od 9. kv\u011btna do 1. \u010dervna budou cyklistick\u00e9 hv\u011bzdy bojovat o maglia rosa, [&hellip;]<\/p>\n","protected":false},"author":138,"featured_media":29119,"comment_status":"open","ping_status":"open","sticky":false,"template":"","format":"standard","meta":{"footnotes":""},"categories":[10],"tags":[3842,215,216,904,305,102],"global-categories":[411],"class_list":["post-29117","post","type-post","status-publish","format-standard","has-post-thumbnail","hentry","category-silnicni-cyklistika","tag-giro-2025","tag-jan-hirt","tag-josef-cerny","tag-maglia-rosa","tag-mathias-vacek","tag-primoz-roglic","global-categories-cycling"],"yoast_head":"<!-- This site is optimized with the Yoast SEO Premium plugin v25.3 (Yoast SEO v25.9) - https:\/\/yoast.com\/wordpress\/plugins\/seo\/ -->\n<title>Giro 2025 a v\u0161e, co pot\u0159ebujete v\u011bd\u011bt? | \u0160koda We Love Cycling - \u010cesk\u00e1 republika<\/title>\n<meta name=\"description\" content=\"Prvn\u00ed Grand Tour sezony 2025 je tu! Od 9. kv\u011btna do 1. \u010dervna budou cyklist\u00e9 bojovat o maglia rosa, r\u016f\u017eov\u00fd trikot pro v\u00edt\u011bze Giro di Italia.\" \/>\n<meta name=\"robots\" content=\"index, follow, max-snippet:-1, max-image-preview:large, max-video-preview:-1\" \/>\n<link rel=\"canonical\" href=\"https:\/\/www.welovecycling.com\/cs\/2025\/05\/07\/giro-2025-a-vse-co-potrebujete-vedet\/\" \/>\n<meta property=\"og:locale\" content=\"cs_CZ\" \/>\n<meta property=\"og:type\" content=\"article\" \/>\n<meta property=\"og:title\" content=\"Giro 2025 a v\u0161e, co pot\u0159ebujete v\u011bd\u011bt?\" \/>\n<meta property=\"og:description\" content=\"Prvn\u00ed Grand Tour sezony 2025 je tu! Od 9. kv\u011btna do 1. \u010dervna budou cyklist\u00e9 bojovat o maglia rosa, r\u016f\u017eov\u00fd trikot pro v\u00edt\u011bze Giro di Italia.\" \/>\n<meta property=\"og:url\" content=\"https:\/\/www.welovecycling.com\/cs\/2025\/05\/07\/giro-2025-a-vse-co-potrebujete-vedet\/\" \/>\n<meta property=\"og:site_name\" content=\"\u0160koda We Love Cycling - \u010cesk\u00e1 republika\" \/>\n<meta property=\"article:published_time\" content=\"2025-05-07T03:30:23+00:00\" \/>\n<meta property=\"og:image\" content=\"https:\/\/d2p6e6u75xmxt8.cloudfront.net\/13\/2025\/05\/profimedia-0690950740.webp\" \/>\n\t<meta property=\"og:image:width\" content=\"1800\" \/>\n\t<meta property=\"og:image:height\" content=\"1200\" \/>\n\t<meta property=\"og:image:type\" content=\"image\/webp\" \/>\n<meta name=\"author\" content=\"radekmalina\" \/>\n<meta name=\"twitter:card\" content=\"summary_large_image\" \/>\n<meta name=\"twitter:label1\" content=\"Written by\" \/>\n\t<meta name=\"twitter:data1\" content=\"We Love Cycling\" \/>\n\t<meta name=\"twitter:label2\" content=\"Est. reading time\" \/>\n\t<meta name=\"twitter:data2\" content=\"5\" \/>\n<script type=\"application\/ld+json\" class=\"yoast-schema-graph\">{\"@context\":\"https:\/\/schema.org\",\"@graph\":[{\"@type\":\"WebPage\",\"@id\":\"https:\/\/www.welovecycling.com\/cs\/2025\/05\/07\/giro-2025-a-vse-co-potrebujete-vedet\/\",\"url\":\"https:\/\/www.welovecycling.com\/cs\/2025\/05\/07\/giro-2025-a-vse-co-potrebujete-vedet\/\",\"name\":\"Giro 2025 a v\u0161e, co pot\u0159ebujete v\u011bd\u011bt? | \u0160koda We Love Cycling - \u010cesk\u00e1 republika\",\"isPartOf\":{\"@id\":\"https:\/\/www.welovecycling.com\/cs\/#website\"},\"primaryImageOfPage\":{\"@id\":\"https:\/\/www.welovecycling.com\/cs\/2025\/05\/07\/giro-2025-a-vse-co-potrebujete-vedet\/#primaryimage\"},\"image\":{\"@id\":\"https:\/\/www.welovecycling.com\/cs\/2025\/05\/07\/giro-2025-a-vse-co-potrebujete-vedet\/#primaryimage\"},\"thumbnailUrl\":\"https:\/\/d2p6e6u75xmxt8.cloudfront.net\/13\/2025\/05\/profimedia-0690950740.webp\",\"datePublished\":\"2025-05-07T03:30:23+00:00\",\"author\":{\"@id\":\"https:\/\/www.welovecycling.com\/cs\/#\/schema\/person\/d9eeb0a378f3a7e4a6d12d2b536b04b8\"},\"description\":\"Prvn\u00ed Grand Tour sezony 2025 je tu! Od 9. kv\u011btna do 1. \u010dervna budou cyklist\u00e9 bojovat o maglia rosa, r\u016f\u017eov\u00fd trikot pro v\u00edt\u011bze Giro di Italia.\",\"inLanguage\":\"cs\",\"potentialAction\":[{\"@type\":\"ReadAction\",\"target\":[\"https:\/\/www.welovecycling.com\/cs\/2025\/05\/07\/giro-2025-a-vse-co-potrebujete-vedet\/\"]}]},{\"@type\":\"ImageObject\",\"inLanguage\":\"cs\",\"@id\":\"https:\/\/www.welovecycling.com\/cs\/2025\/05\/07\/giro-2025-a-vse-co-potrebujete-vedet\/#primaryimage\",\"url\":\"https:\/\/d2p6e6u75xmxt8.cloudfront.net\/13\/2025\/05\/profimedia-0690950740.webp\",\"contentUrl\":\"https:\/\/d2p6e6u75xmxt8.cloudfront.net\/13\/2025\/05\/profimedia-0690950740.webp\",\"width\":1800,\"height\":1200,\"caption\":\"Giro 2025 odstartuje 9. kv\u011btna v Alb\u00e1nii.\"},{\"@type\":\"WebSite\",\"@id\":\"https:\/\/www.welovecycling.com\/cs\/#website\",\"url\":\"https:\/\/www.welovecycling.com\/cs\/\",\"name\":\"\u0160koda We Love Cycling - \u010cesk\u00e1 republika\",\"description\":\"WeLoveCycling.cz je online magaz\u00edn, kter\u00fd v\u00e1m pravideln\u011b p\u0159in\u00e1\u0161\u00ed rady a tipy, zaj\u00edmav\u00e9 \u010dl\u00e1nky, videa a jedine\u010dn\u00e9 report\u00e1\u017ee ze sv\u011bta cyklistiky.\",\"potentialAction\":[{\"@type\":\"SearchAction\",\"target\":{\"@type\":\"EntryPoint\",\"urlTemplate\":\"https:\/\/www.welovecycling.com\/cs\/?s={search_term_string}\"},\"query-input\":{\"@type\":\"PropertyValueSpecification\",\"valueRequired\":true,\"valueName\":\"search_term_string\"}}],\"inLanguage\":\"cs\"},{\"@type\":\"Person\",\"@id\":\"https:\/\/www.welovecycling.com\/cs\/#\/schema\/person\/d9eeb0a378f3a7e4a6d12d2b536b04b8\",\"name\":\"radekmalina\",\"image\":{\"@type\":\"ImageObject\",\"inLanguage\":\"cs\",\"@id\":\"https:\/\/www.welovecycling.com\/cs\/#\/schema\/person\/image\/\",\"url\":\"https:\/\/secure.gravatar.com\/avatar\/66994b632cb8c39a46b9f54afa3ae07201b678d32a54275b6f1c9ffec356bfc0?s=96&d=mm&r=g\",\"contentUrl\":\"https:\/\/secure.gravatar.com\/avatar\/66994b632cb8c39a46b9f54afa3ae07201b678d32a54275b6f1c9ffec356bfc0?s=96&d=mm&r=g\",\"caption\":\"radekmalina\"},\"url\":\"https:\/\/www.welovecycling.com\/cs\/author\/radekmalina\/\"}]}<\/script>\n<!-- \/ Yoast SEO Premium plugin. -->","yoast_head_json":{"title":"Giro 2025 a v\u0161e, co pot\u0159ebujete v\u011bd\u011bt? | \u0160koda We Love Cycling - \u010cesk\u00e1 republika","description":"Prvn\u00ed Grand Tour sezony 2025 je tu! Od 9. kv\u011btna do 1. \u010dervna budou cyklist\u00e9 bojovat o maglia rosa, r\u016f\u017eov\u00fd trikot pro v\u00edt\u011bze Giro di Italia.","robots":{"index":"index","follow":"follow","max-snippet":"max-snippet:-1","max-image-preview":"max-image-preview:large","max-video-preview":"max-video-preview:-1"},"canonical":"https:\/\/www.welovecycling.com\/cs\/2025\/05\/07\/giro-2025-a-vse-co-potrebujete-vedet\/","og_locale":"cs_CZ","og_type":"article","og_title":"Giro 2025 a v\u0161e, co pot\u0159ebujete v\u011bd\u011bt?","og_description":"Prvn\u00ed Grand Tour sezony 2025 je tu! Od 9. kv\u011btna do 1. \u010dervna budou cyklist\u00e9 bojovat o maglia rosa, r\u016f\u017eov\u00fd trikot pro v\u00edt\u011bze Giro di Italia.","og_url":"https:\/\/www.welovecycling.com\/cs\/2025\/05\/07\/giro-2025-a-vse-co-potrebujete-vedet\/","og_site_name":"\u0160koda We Love Cycling - \u010cesk\u00e1 republika","article_published_time":"2025-05-07T03:30:23+00:00","og_image":[{"width":1800,"height":1200,"url":"https:\/\/d2p6e6u75xmxt8.cloudfront.net\/13\/2025\/05\/profimedia-0690950740.webp","type":"image\/webp"}],"author":"radekmalina","twitter_card":"summary_large_image","twitter_misc":{"Written by":"We Love Cycling","Est. reading time":"5"},"schema":{"@context":"https:\/\/schema.org","@graph":[{"@type":"WebPage","@id":"https:\/\/www.welovecycling.com\/cs\/2025\/05\/07\/giro-2025-a-vse-co-potrebujete-vedet\/","url":"https:\/\/www.welovecycling.com\/cs\/2025\/05\/07\/giro-2025-a-vse-co-potrebujete-vedet\/","name":"Giro 2025 a v\u0161e, co pot\u0159ebujete v\u011bd\u011bt? | \u0160koda We Love Cycling - \u010cesk\u00e1 republika","isPartOf":{"@id":"https:\/\/www.welovecycling.com\/cs\/#website"},"primaryImageOfPage":{"@id":"https:\/\/www.welovecycling.com\/cs\/2025\/05\/07\/giro-2025-a-vse-co-potrebujete-vedet\/#primaryimage"},"image":{"@id":"https:\/\/www.welovecycling.com\/cs\/2025\/05\/07\/giro-2025-a-vse-co-potrebujete-vedet\/#primaryimage"},"thumbnailUrl":"https:\/\/d2p6e6u75xmxt8.cloudfront.net\/13\/2025\/05\/profimedia-0690950740.webp","datePublished":"2025-05-07T03:30:23+00:00","author":{"@id":"https:\/\/www.welovecycling.com\/cs\/#\/schema\/person\/d9eeb0a378f3a7e4a6d12d2b536b04b8"},"description":"Prvn\u00ed Grand Tour sezony 2025 je tu! Od 9. kv\u011btna do 1. \u010dervna budou cyklist\u00e9 bojovat o maglia rosa, r\u016f\u017eov\u00fd trikot pro v\u00edt\u011bze Giro di Italia.","inLanguage":"cs","potentialAction":[{"@type":"ReadAction","target":["https:\/\/www.welovecycling.com\/cs\/2025\/05\/07\/giro-2025-a-vse-co-potrebujete-vedet\/"]}]},{"@type":"ImageObject","inLanguage":"cs","@id":"https:\/\/www.welovecycling.com\/cs\/2025\/05\/07\/giro-2025-a-vse-co-potrebujete-vedet\/#primaryimage","url":"https:\/\/d2p6e6u75xmxt8.cloudfront.net\/13\/2025\/05\/profimedia-0690950740.webp","contentUrl":"https:\/\/d2p6e6u75xmxt8.cloudfront.net\/13\/2025\/05\/profimedia-0690950740.webp","width":1800,"height":1200,"caption":"Giro 2025 odstartuje 9. kv\u011btna v Alb\u00e1nii."},{"@type":"WebSite","@id":"https:\/\/www.welovecycling.com\/cs\/#website","url":"https:\/\/www.welovecycling.com\/cs\/","name":"\u0160koda We Love Cycling - \u010cesk\u00e1 republika","description":"WeLoveCycling.cz je online magaz\u00edn, kter\u00fd v\u00e1m pravideln\u011b p\u0159in\u00e1\u0161\u00ed rady a tipy, zaj\u00edmav\u00e9 \u010dl\u00e1nky, videa a jedine\u010dn\u00e9 report\u00e1\u017ee ze sv\u011bta cyklistiky.","potentialAction":[{"@type":"SearchAction","target":{"@type":"EntryPoint","urlTemplate":"https:\/\/www.welovecycling.com\/cs\/?s={search_term_string}"},"query-input":{"@type":"PropertyValueSpecification","valueRequired":true,"valueName":"search_term_string"}}],"inLanguage":"cs"},{"@type":"Person","@id":"https:\/\/www.welovecycling.com\/cs\/#\/schema\/person\/d9eeb0a378f3a7e4a6d12d2b536b04b8","name":"radekmalina","image":{"@type":"ImageObject","inLanguage":"cs","@id":"https:\/\/www.welovecycling.com\/cs\/#\/schema\/person\/image\/","url":"https:\/\/secure.gravatar.com\/avatar\/66994b632cb8c39a46b9f54afa3ae07201b678d32a54275b6f1c9ffec356bfc0?s=96&d=mm&r=g","contentUrl":"https:\/\/secure.gravatar.com\/avatar\/66994b632cb8c39a46b9f54afa3ae07201b678d32a54275b6f1c9ffec356bfc0?s=96&d=mm&r=g","caption":"radekmalina"},"url":"https:\/\/www.welovecycling.com\/cs\/author\/radekmalina\/"}]}},"_links":{"self":[{"href":"https:\/\/www.welovecycling.com\/cs\/wp-json\/wp\/v2\/posts\/29117","targetHints":{"allow":["GET"]}}],"collection":[{"href":"https:\/\/www.welovecycling.com\/cs\/wp-json\/wp\/v2\/posts"}],"about":[{"href":"https:\/\/www.welovecycling.com\/cs\/wp-json\/wp\/v2\/types\/post"}],"author":[{"embeddable":true,"href":"https:\/\/www.welovecycling.com\/cs\/wp-json\/wp\/v2\/users\/138"}],"replies":[{"embeddable":true,"href":"https:\/\/www.welovecycling.com\/cs\/wp-json\/wp\/v2\/comments?post=29117"}],"version-history":[{"count":3,"href":"https:\/\/www.welovecycling.com\/cs\/wp-json\/wp\/v2\/posts\/29117\/revisions"}],"predecessor-version":[{"id":29121,"href":"https:\/\/www.welovecycling.com\/cs\/wp-json\/wp\/v2\/posts\/29117\/revisions\/29121"}],"wp:featuredmedia":[{"embeddable":true,"href":"https:\/\/www.welovecycling.com\/cs\/wp-json\/wp\/v2\/media\/29119"}],"wp:attachment":[{"href":"https:\/\/www.welovecycling.com\/cs\/wp-json\/wp\/v2\/media?parent=29117"}],"wp:term":[{"taxonomy":"category","embeddable":true,"href":"https:\/\/www.welovecycling.com\/cs\/wp-json\/wp\/v2\/categories?post=29117"},{"taxonomy":"post_tag","embeddable":true,"href":"https:\/\/www.welovecycling.com\/cs\/wp-json\/wp\/v2\/tags?post=29117"},{"taxonomy":"global-categories","embeddable":true,"href":"https:\/\/www.welovecycling.com\/cs\/wp-json\/wp\/v2\/global-categories?post=29117"}],"curies":[{"name":"wp","href":"https:\/\/api.w.org\/{rel}","templated":true}]}}