{"id":29115,"date":"2025-05-08T09:14:20","date_gmt":"2025-05-08T07:14:20","guid":{"rendered":"https:\/\/www.welovecycling.com\/cs\/?p=29115"},"modified":"2025-05-08T09:14:20","modified_gmt":"2025-05-08T07:14:20","slug":"proc-grand-tour-tak-casto-zacinaji-v-zahranici","status":"publish","type":"post","link":"https:\/\/www.welovecycling.com\/cs\/2025\/05\/08\/proc-grand-tour-tak-casto-zacinaji-v-zahranici\/","title":{"rendered":"Pro\u010d Grand Tour tak \u010dasto za\u010d\u00ednaj\u00ed v zahrani\u010d\u00ed?"},"content":{"rendered":"<p><strong>Nejd\u0159\u00edv si prosvi\u0161t\u00edme slovn\u00ed\u010dek, a to chronologicky pozp\u00e1tku, odzadu: \u0161pan\u011blsk\u00e1 Vuelta (startuje v srpnu) tomu \u0159\u00edk\u00e1 Gran Partida, u Tour de France jde o Grand D\u00e9part a prvn\u00ed z Grand Tour \u2013 kv\u011btnov\u00e9 Giro sv\u016fj slavnostn\u00ed start naz\u00fdv\u00e1 Grande Partenza. A o n\u011bj te\u010f jde, proto\u017ee druh\u00fd kv\u011btnov\u00fd p\u00e1tek se rozjede r\u016f\u017eov\u00fd peloton ke sv\u00e9 t\u0159\u00edt\u00fddenn\u00ed pouti. Z Alb\u00e1nie\u2026<\/strong><\/p>\n<p>Zeptejte se necyklisty, co v\u00ed o cyklistice, a pravd\u011bpodobn\u011b odpov\u00ed \u201eTour de France\u201c. Smysl to d\u00e1v\u00e1, proto\u017ee francouzsk\u00e1 Grand Tour je ka\u017edoro\u010dn\u011b nejv\u011bt\u0161\u00ed ud\u00e1lost\u00ed roku. A p\u0159eci st\u00e1le \u010dast\u011bji neza\u010d\u00edn\u00e1 ve Francii. Letos mo\u017en\u00e1 ano, na severu v Lille, ale loni vyr\u00e1\u017eela z Florencie a p\u0159\u00ed\u0161t\u00ed rok zase \u010dek\u00e1 Barcelona.<\/p>\n<h2><strong>Prvn\u00ed na export byla Tour de France<\/strong><\/h2>\n<p><a href=\"https:\/\/www.welovecycling.com\/cs\/2025\/05\/05\/proc-mathias-vacek-spal-pred-girem-ve-stanu-a-nejel-na-soustredeni\/\">Giro d\u2019Italia<\/a> taky pom\u011brn\u011b \u010dasto exportuj\u00ed mimo It\u00e1lii a Vuelta u\u017e za\u017eila start t\u0159eba v Nizozemsku. Letos Vuelta za\u010dne v It\u00e1lii, zat\u00edmco Giro z alb\u00e1nsk\u00e9ho p\u0159\u00edmo\u0159sk\u00e9ho m\u011bsta Dra\u010d. \u201eVelk\u00e9 starty\u201c, kter\u00e9 obvykle zahrnuj\u00ed t\u0159i etapy na \u00fazem\u00ed dan\u00e9ho st\u00e1tu, organiz\u00e1to\u0159i vyu\u017e\u00edvaj\u00ed ke zviditeln\u011bn\u00ed m\u011bsta, regionu nebo zem\u011b, kter\u00e1 z\u00e1vod host\u00ed. A samoz\u0159ejm\u011b taky proto, aby naplnili svoji pokladnu. Tirrana \u00fadajn\u011b Ital\u016fm letos zaplatila 7 milion\u016f eur a Giro kv\u016fli cest\u011b p\u0159es Jadran muselo p\u0159idat jeden den volna, b\u011bhem n\u011bj\u017e se bude vracet \u201edom\u016f\u201c.<\/p>\n<p><a href=\"https:\/\/d2p6e6u75xmxt8.cloudfront.net\/13\/2022\/06\/Tour-de-France-ASO-20210626TDF1059-A.S.O._Pauline_Ballet.webp\"><img loading=\"lazy\" decoding=\"async\" class=\"size-full wp-image-17757\" src=\"https:\/\/d2p6e6u75xmxt8.cloudfront.net\/13\/2022\/06\/Tour-de-France-ASO-20210626TDF1059-A.S.O._Pauline_Ballet.webp\" alt=\"Tour-de-France-ASO-20210626TDF1059-A.S.O._Pauline_Ballet\" width=\"1500\" height=\"1001\" srcset=\"https:\/\/d2p6e6u75xmxt8.cloudfront.net\/13\/2022\/06\/Tour-de-France-ASO-20210626TDF1059-A.S.O._Pauline_Ballet.webp 1500w, https:\/\/d2p6e6u75xmxt8.cloudfront.net\/13\/2022\/06\/Tour-de-France-ASO-20210626TDF1059-A.S.O._Pauline_Ballet-300x200.webp 300w, https:\/\/d2p6e6u75xmxt8.cloudfront.net\/13\/2022\/06\/Tour-de-France-ASO-20210626TDF1059-A.S.O._Pauline_Ballet-1024x683.webp 1024w, https:\/\/d2p6e6u75xmxt8.cloudfront.net\/13\/2022\/06\/Tour-de-France-ASO-20210626TDF1059-A.S.O._Pauline_Ballet-768x513.webp 768w, https:\/\/d2p6e6u75xmxt8.cloudfront.net\/13\/2022\/06\/Tour-de-France-ASO-20210626TDF1059-A.S.O._Pauline_Ballet-272x182.webp 272w\" sizes=\"auto, (max-width: 1500px) 100vw, 1500px\" \/><\/a><\/p>\n<p>Prvn\u00ed zahrani\u010dn\u00ed start Grand Tour prob\u011bhl v roce 1954, kdy Tour de France vyrazila do Amsterdamu. Od t\u00e9 doby mimo Francii za\u010d\u00ednalo 26 ro\u010dn\u00edk\u016f. Giro se poprv\u00e9 vydalo mimo It\u00e1lii v roce 1965 do San Marina a Alb\u00e1nie bude u\u017e 15. zem\u00ed mimo rodi\u0161t\u011b r\u016f\u017eov\u00e9ho dresu. Vuelta odstartovala mimo \u0160pan\u011blsko jen p\u011btkr\u00e1t, poprv\u00e9 v roce 1997 v Lisabonu, ale p\u0159\u00ed\u0161t\u00ed dva starty prob\u011bhnou v It\u00e1lii a Monaku.<\/p>\n<p>Na rozd\u00edl od jin\u00fdch velk\u00fdch sportovn\u00edch ud\u00e1lost\u00ed, jako je mistrovstv\u00ed sv\u011bta ve fotbale nebo olympi\u00e1da, nemaj\u00ed Grand Tour jednotn\u00fd v\u00fdb\u011brov\u00fd proces. Z\u00e1jemci se musej\u00ed obr\u00e1tit na organiz\u00e1tory a p\u0159edlo\u017eit svou nab\u00eddku \u2013 pro\u010d by m\u011bl z\u00e1vod za\u010d\u00edt pr\u00e1v\u011b u nich.<\/p>\n<div class=\"shortcode-ys-post-pinup\"><article class=\"loop-simple post-29057 post type-post status-publish format-standard has-post-thumbnail hentry category-https-www-welovecycling-com-cs-category-zabava tag-cyklistika tag-gravel tag-horska-cyklistika tag-silnicni-cyklistika tag-vymluvy tag-zdravi-a-trenink global-categories-cycling\" data-postid=\"29057\" role=\"article\" data-post-id=\"29057\" data-word-count=\"486\" data-headline-length=\"32\" data-category=\"Z\u00c1BAVA\" data-global-category=\"Cycling\" data-author=\"We Love Cycling\" data-published=\"2025-04-29T06:00:01+02:00\" data-published-day=\"Tuesday\">\n    <div class=\"entry-thumbnail article-thumbnail\" content=\"https:\/\/d2p6e6u75xmxt8.cloudfront.net\/13\/2023\/01\/jidlo-drink-michal-cerveny-WC-XCO-Leogang_007-150x150.webp\"><a href=\"https:\/\/www.welovecycling.com\/cs\/2025\/04\/29\/top-vymluvy-za-pozdni-navrat\/\" class=\"image-holder\" target=\"_self\"><img decoding=\"async\" loading=\"lazy\" class=\"\" src=\"https:\/\/d2p6e6u75xmxt8.cloudfront.net\/13\/2023\/01\/jidlo-drink-michal-cerveny-WC-XCO-Leogang_007-1024x683.webp\" srcset=\"https:\/\/d2p6e6u75xmxt8.cloudfront.net\/13\/2023\/01\/jidlo-drink-michal-cerveny-WC-XCO-Leogang_007.webp 1600w, https:\/\/d2p6e6u75xmxt8.cloudfront.net\/13\/2023\/01\/jidlo-drink-michal-cerveny-WC-XCO-Leogang_007-300x200.webp 300w, https:\/\/d2p6e6u75xmxt8.cloudfront.net\/13\/2023\/01\/jidlo-drink-michal-cerveny-WC-XCO-Leogang_007-1024x683.webp 1024w, https:\/\/d2p6e6u75xmxt8.cloudfront.net\/13\/2023\/01\/jidlo-drink-michal-cerveny-WC-XCO-Leogang_007-768x512.webp 768w, https:\/\/d2p6e6u75xmxt8.cloudfront.net\/13\/2023\/01\/jidlo-drink-michal-cerveny-WC-XCO-Leogang_007-1536x1024.webp 1536w, https:\/\/d2p6e6u75xmxt8.cloudfront.net\/13\/2023\/01\/jidlo-drink-michal-cerveny-WC-XCO-Leogang_007-272x182.webp 272w\" width=\"1024\" height=\"683\" sizes=\"auto, (min-width: 1200px) 300px, (min-width: 768px) 25vw, 100vw\" alt=\"top-vymluvy-za-pozdni-navrat\"\/><\/a><\/div>    <div class=\"entry-meta\">\n        <a class=\"label label-secondary post-category\" href=\"https:\/\/www.welovecycling.com\/cs\/category\/https-www-welovecycling-com-cs-category-zabava\/\" title=\"Z\u00c1BAVA\">Z\u00c1BAVA<\/a>\n    <\/div>\n    <div class=\"entry-details\">\n        <a href=\"https:\/\/www.welovecycling.com\/cs\/2025\/04\/29\/top-vymluvy-za-pozdni-navrat\/\" class='entry-title-wrapper'>\n            <h3 class=\"entry-title\"><span>Top v\u00fdmluvy za pozdn\u00ed n\u00e1vrat?<\/span><\/h3>\n        <\/a>\n    <\/div>\n    <\/article>\n<\/div>\n<p>Proces p\u0159\u00edpravy m\u016f\u017ee trvat a\u017e deset let. Nap\u0159\u00edklad n\u00e1vrh na Grand D\u00e9part Tour de France ve Skotsku v roce 2027 vznikl u\u017e kolem roku 2005.<\/p>\n<h2><strong>Koda\u0148 vyd\u011blala \u010dty\u0159n\u00e1sobek investice<\/strong><\/h2>\n<p>Organiz\u00e1to\u0159i a z\u00e1jemci pak spolupracuj\u00ed na n\u00e1vrhu startu, kter\u00fd mus\u00ed zapadat nejen sportovn\u011b, ale i logisticky a marketingov\u011b. Trasa se ov\u011b\u0159uje, p\u0159ipravuje se ofici\u00e1ln\u00ed nab\u00eddka, \u010dasto na n\u011bkolik r\u016fzn\u00fdch ro\u010dn\u00edk\u016f. Nap\u0159\u00edklad Koda\u0148 p\u016fvodn\u011b podala nab\u00eddky pro roky 2019\u20132021 a nakonec z\u00edskala ro\u010dn\u00edk 2021. Kter\u00fd byl pak stejn\u011b o rok odlo\u017een. Kv\u016fli covidu. Pro\u010d ale vlastn\u011b Grand Tour startovat v zahrani\u010d\u00ed?<\/p>\n<p><a href=\"https:\/\/d2p6e6u75xmxt8.cloudfront.net\/13\/2022\/06\/DANSKO-profimedia-0700342059.webp\"><img loading=\"lazy\" decoding=\"async\" class=\"alignnone size-full wp-image-17594\" src=\"https:\/\/d2p6e6u75xmxt8.cloudfront.net\/13\/2022\/06\/DANSKO-profimedia-0700342059.webp\" alt=\"\" width=\"1800\" height=\"1200\" srcset=\"https:\/\/d2p6e6u75xmxt8.cloudfront.net\/13\/2022\/06\/DANSKO-profimedia-0700342059.webp 1800w, https:\/\/d2p6e6u75xmxt8.cloudfront.net\/13\/2022\/06\/DANSKO-profimedia-0700342059-300x200.webp 300w, https:\/\/d2p6e6u75xmxt8.cloudfront.net\/13\/2022\/06\/DANSKO-profimedia-0700342059-1024x683.webp 1024w, https:\/\/d2p6e6u75xmxt8.cloudfront.net\/13\/2022\/06\/DANSKO-profimedia-0700342059-768x512.webp 768w, https:\/\/d2p6e6u75xmxt8.cloudfront.net\/13\/2022\/06\/DANSKO-profimedia-0700342059-1536x1024.webp 1536w, https:\/\/d2p6e6u75xmxt8.cloudfront.net\/13\/2022\/06\/DANSKO-profimedia-0700342059-272x182.webp 272w\" sizes=\"auto, (max-width: 1800px) 100vw, 1800px\" \/><\/a><\/p>\n<p>Z\u00e1sadn\u00ed vliv je ten ekonomick\u00fd. Hostitelsk\u00e1 m\u011bsta organiz\u00e1tor\u016fm \u2013 ASO (Tour de France a Vuelta) nebo RCS Sport (Giro) \u2013 za jejich n\u00e1v\u0161t\u011bvu plat\u00ed. N\u00e1klady se li\u0161\u00ed podle po\u010dtu etap, bezpe\u010dnostn\u00edch po\u017eadavk\u016f, uzav\u00edrek silnic atd. Cenu leto\u0161n\u00edho alb\u00e1nsk\u00e9ho Gira u\u017e zn\u00e1me, a proto\u017ee Tour je je\u0161t\u011b hodnotn\u011bj\u0161\u00ed (nebo se tak aspo\u0148 tv\u00e1\u0159\u00ed), Koda\u0148 2022 za ochutn\u00e1vku z n\u00ed \u00fadajn\u011b zaplatila 12 milion\u016f eur. P\u0159esto\u017ee n\u00e1klady jsou gigantick\u00e9, ekonomick\u00fd p\u0159\u00ednos investici p\u0159ev\u00fd\u0161\u00ed. Znovu Koda\u0148: ta d\u00edky Grand D\u00e9part z\u00edskala zhruba 46 milion\u016f eur na turismu.<\/p>\n<p>P\u0159i v\u00fdb\u011bru hostitele nehraj\u00ed roli jen pen\u00edze. D\u016fle\u017eit\u00e1 je taky unik\u00e1tnost. D\u00e1nsko sice nevlastn\u00ed hory, ale jako svou horu nab\u00eddlo Velk\u00fd Belt \u2013 nejdel\u0161\u00ed visut\u00fd most v Evrop\u011b. A navrch argument: \u201enejv\u011bt\u0161\u00ed cyklistick\u00fd z\u00e1vod sv\u011bta potk\u00e1 nejv\u011bt\u0161\u00ed cyklistick\u00e9 m\u011bsto sv\u011bta\u201c.<\/p>\n<h2><strong>Zam\u00ed\u0159\u00ed Grand Tour za oce\u00e1n?<\/strong><\/h2>\n<p>Giro dokonce pl\u00e1novalo start mimo Evropu \u2013 v USA (Washington, Philadelphia, New York). C\u00edlem bylo oslovit americk\u00e9 televizn\u00ed stanice a zv\u00fd\u0161it glob\u00e1ln\u00ed sledovanost. Projekt ale nevy\u0161el kv\u016fli obav\u00e1m z \u010dasov\u00e9ho posunu, n\u00e1klad\u016f a hlavn\u011b logistiky.<\/p>\n<p>Co\u017e je v aktu\u00e1ln\u00edch snah\u00e1ch o \u201ezelenou\u201c cyklistiku pot\u00ed\u017e. Zahrani\u010dn\u00ed starty obecn\u011b znamenaj\u00ed dlouh\u00e9 p\u0159esuny a vy\u0161\u0161\u00ed uhl\u00edkovou stopu. Jako by nesta\u010dilo, \u017ee leto\u0161n\u00ed Tour \u010dek\u00e1 3000 kilometr\u016f p\u0159esun\u016f mezi etapov\u00fdmi m\u011bsty, by\u0165 se cel\u00e1 uskute\u010dn\u00ed ve Francii.<\/p>\n<div class=\"shortcode-ys-post-pinup\"><article class=\"loop-simple post-29117 post type-post status-publish format-standard has-post-thumbnail hentry category-silnicni-cyklistika tag-giro-2025 tag-jan-hirt tag-josef-cerny tag-maglia-rosa tag-mathias-vacek tag-primoz-roglic global-categories-cycling\" data-postid=\"29117\" role=\"article\" data-post-id=\"29117\" data-word-count=\"537\" data-headline-length=\"42\" data-category=\"Silni\u010dn\u00ed cyklistika\" data-global-category=\"Cycling\" data-author=\"Radek Malina\" data-published=\"2025-05-07T05:30:23+02:00\" data-published-day=\"Wednesday\">\n    <div class=\"entry-thumbnail article-thumbnail\" content=\"https:\/\/d2p6e6u75xmxt8.cloudfront.net\/13\/2025\/05\/profimedia-0690950740-150x150.webp\"><a href=\"https:\/\/www.welovecycling.com\/cs\/2025\/05\/07\/giro-2025-a-vse-co-potrebujete-vedet\/\" class=\"image-holder\" target=\"_self\"><img decoding=\"async\" loading=\"lazy\" class=\"\" src=\"https:\/\/d2p6e6u75xmxt8.cloudfront.net\/13\/2025\/05\/profimedia-0690950740-1024x683.webp\" srcset=\"https:\/\/d2p6e6u75xmxt8.cloudfront.net\/13\/2025\/05\/profimedia-0690950740.webp 1800w, https:\/\/d2p6e6u75xmxt8.cloudfront.net\/13\/2025\/05\/profimedia-0690950740-300x200.webp 300w, https:\/\/d2p6e6u75xmxt8.cloudfront.net\/13\/2025\/05\/profimedia-0690950740-1024x683.webp 1024w, https:\/\/d2p6e6u75xmxt8.cloudfront.net\/13\/2025\/05\/profimedia-0690950740-768x512.webp 768w, https:\/\/d2p6e6u75xmxt8.cloudfront.net\/13\/2025\/05\/profimedia-0690950740-1536x1024.webp 1536w, https:\/\/d2p6e6u75xmxt8.cloudfront.net\/13\/2025\/05\/profimedia-0690950740-400x267.webp 400w, https:\/\/d2p6e6u75xmxt8.cloudfront.net\/13\/2025\/05\/profimedia-0690950740-272x182.webp 272w\" width=\"1024\" height=\"683\" sizes=\"auto, (min-width: 1200px) 300px, (min-width: 768px) 25vw, 100vw\" alt=\"giro-2025-a-vse-co-potrebujete-vedet\"\/><\/a><\/div>    <div class=\"entry-meta\">\n        <a class=\"label label-secondary post-category\" href=\"https:\/\/www.welovecycling.com\/cs\/category\/silnicni-cyklistika\/\" title=\"Silni\u010dn\u00ed cyklistika\">Silni\u010dn\u00ed cyklistika<\/a>\n    <\/div>\n    <div class=\"entry-details\">\n        <a href=\"https:\/\/www.welovecycling.com\/cs\/2025\/05\/07\/giro-2025-a-vse-co-potrebujete-vedet\/\" class='entry-title-wrapper'>\n            <h3 class=\"entry-title\"><span>Giro 2025 a v\u0161e, co pot\u0159ebujete v\u011bd\u011bt?<\/span><\/h3>\n        <\/a>\n    <\/div>\n    <\/article>\n<\/div>\n<p>S rostouc\u00ed frekvenc\u00ed zahrani\u010dn\u00edch start\u016f a z\u00e1jmem o nov\u00e9 trhy se d\u00e1 \u010dekat, \u017ee i Grand Tour budou hledat nov\u00e9 destinace. V n\u00e1vaznosti na nejslavn\u011bj\u0161\u00edho cyklistu sou\u010dasnosti by se nab\u00edzelo Slovinsko nebo dokonce Spojen\u00e9 arabsk\u00e9 emir\u00e1ty, odkud zase poch\u00e1z\u00ed jeho t\u00fdm UAE, jakkoliv by klimatick\u00e9 podm\u00ednky p\u0159edstavovaly v\u00fdzvu.<\/p>\n<p>Te\u010f u\u017e zb\u00fdv\u00e1 zodpov\u011bd\u011bt jen je\u0161t\u011b posledn\u00ed dotaz \u2013 kdy n\u011bkter\u00e1 (nejl\u00e9pe francouzsk\u00e1) Grand Tour odstartuje z Prahy. Pr\u00fd se n\u011bco chyst\u00e1\u2026<\/p>\n","protected":false},"excerpt":{"rendered":"<p>Nejd\u0159\u00edv si prosvi\u0161t\u00edme slovn\u00ed\u010dek, a to chronologicky pozp\u00e1tku, odzadu: \u0161pan\u011blsk\u00e1 Vuelta (startuje v srpnu) tomu \u0159\u00edk\u00e1 Gran Partida, u Tour [&hellip;]<\/p>\n","protected":false},"author":138,"featured_media":29123,"comment_status":"open","ping_status":"open","sticky":false,"template":"","format":"standard","meta":{"footnotes":""},"categories":[10],"tags":[4175,126,3842,4176,2429,162,2393,9,273],"global-categories":[411],"class_list":["post-29115","post","type-post","status-publish","format-standard","has-post-thumbnail","hentry","category-silnicni-cyklistika","tag-albanie","tag-cyklistika","tag-giro-2025","tag-gran-partida","tag-grand-depart","tag-grand-tour","tag-grande-partenza","tag-silnicni-cyklistika","tag-vuelta","global-categories-cycling"],"yoast_head":"<!-- This site is optimized with the Yoast SEO Premium plugin v25.3 (Yoast SEO v25.9) - https:\/\/yoast.com\/wordpress\/plugins\/seo\/ -->\n<title>Pro\u010d Grand Tour tak \u010dasto za\u010d\u00ednaj\u00ed v zahrani\u010d\u00ed? | \u0160koda We Love Cycling - \u010cesk\u00e1 republika<\/title>\n<meta name=\"description\" content=\"Nejd\u0159\u00edv si prosvi\u0161t\u00edme slovn\u00ed\u010dek, a to chronologicky pozp\u00e1tku, odzadu: \u0161pan\u011blsk\u00e1 Vuelta (startuje v srpnu) tomu \u0159\u00edk\u00e1 Gran Partida, u Tour de France jde o Grand D\u00e9part a prvn\u00ed z Grand Tour \u2013 kv\u011btnov\u00e9 Giro sv\u016fj slavnostn\u00ed start naz\u00fdv\u00e1 Grande Partenza. A o n\u011bj te\u010f jde, proto\u017ee druh\u00fd kv\u011btnov\u00fd p\u00e1tek se rozjede r\u016f\u017eov\u00fd peloton ke sv\u00e9 t\u0159\u00edt\u00fddenn\u00ed pouti. Z Alb\u00e1nie\u2026\" \/>\n<meta name=\"robots\" content=\"index, follow, max-snippet:-1, max-image-preview:large, max-video-preview:-1\" \/>\n<link rel=\"canonical\" href=\"https:\/\/www.welovecycling.com\/cs\/2025\/05\/08\/proc-grand-tour-tak-casto-zacinaji-v-zahranici\/\" \/>\n<meta property=\"og:locale\" content=\"cs_CZ\" \/>\n<meta property=\"og:type\" content=\"article\" \/>\n<meta property=\"og:title\" content=\"Pro\u010d Grand Tour tak \u010dasto za\u010d\u00ednaj\u00ed v zahrani\u010d\u00ed?\" \/>\n<meta property=\"og:description\" content=\"Nejd\u0159\u00edv si prosvi\u0161t\u00edme slovn\u00ed\u010dek, a to chronologicky pozp\u00e1tku, odzadu: \u0161pan\u011blsk\u00e1 Vuelta (startuje v srpnu) tomu \u0159\u00edk\u00e1 Gran Partida, u Tour de France jde o Grand D\u00e9part a prvn\u00ed z Grand Tour \u2013 kv\u011btnov\u00e9 Giro sv\u016fj slavnostn\u00ed start naz\u00fdv\u00e1 Grande Partenza. A o n\u011bj te\u010f jde, proto\u017ee druh\u00fd kv\u011btnov\u00fd p\u00e1tek se rozjede r\u016f\u017eov\u00fd peloton ke sv\u00e9 t\u0159\u00edt\u00fddenn\u00ed pouti. Z Alb\u00e1nie\u2026\" \/>\n<meta property=\"og:url\" content=\"https:\/\/www.welovecycling.com\/cs\/2025\/05\/08\/proc-grand-tour-tak-casto-zacinaji-v-zahranici\/\" \/>\n<meta property=\"og:site_name\" content=\"\u0160koda We Love Cycling - \u010cesk\u00e1 republika\" \/>\n<meta property=\"article:published_time\" content=\"2025-05-08T07:14:20+00:00\" \/>\n<meta property=\"og:image\" content=\"https:\/\/d2p6e6u75xmxt8.cloudfront.net\/13\/2025\/05\/profimedia-0996306899.webp\" \/>\n\t<meta property=\"og:image:width\" content=\"1800\" \/>\n\t<meta property=\"og:image:height\" content=\"1200\" \/>\n\t<meta property=\"og:image:type\" content=\"image\/webp\" \/>\n<meta name=\"author\" content=\"radekmalina\" \/>\n<meta name=\"twitter:card\" content=\"summary_large_image\" \/>\n<meta name=\"twitter:label1\" content=\"Written by\" \/>\n\t<meta name=\"twitter:data1\" content=\"Radek Malina\" \/>\n\t<meta name=\"twitter:label2\" content=\"Est. reading time\" \/>\n\t<meta name=\"twitter:data2\" content=\"5\" \/>\n<script type=\"application\/ld+json\" class=\"yoast-schema-graph\">{\"@context\":\"https:\/\/schema.org\",\"@graph\":[{\"@type\":\"WebPage\",\"@id\":\"https:\/\/www.welovecycling.com\/cs\/2025\/05\/08\/proc-grand-tour-tak-casto-zacinaji-v-zahranici\/\",\"url\":\"https:\/\/www.welovecycling.com\/cs\/2025\/05\/08\/proc-grand-tour-tak-casto-zacinaji-v-zahranici\/\",\"name\":\"Pro\u010d Grand Tour tak \u010dasto za\u010d\u00ednaj\u00ed v zahrani\u010d\u00ed? | \u0160koda We Love Cycling - \u010cesk\u00e1 republika\",\"isPartOf\":{\"@id\":\"https:\/\/www.welovecycling.com\/cs\/#website\"},\"primaryImageOfPage\":{\"@id\":\"https:\/\/www.welovecycling.com\/cs\/2025\/05\/08\/proc-grand-tour-tak-casto-zacinaji-v-zahranici\/#primaryimage\"},\"image\":{\"@id\":\"https:\/\/www.welovecycling.com\/cs\/2025\/05\/08\/proc-grand-tour-tak-casto-zacinaji-v-zahranici\/#primaryimage\"},\"thumbnailUrl\":\"https:\/\/d2p6e6u75xmxt8.cloudfront.net\/13\/2025\/05\/profimedia-0996306899.webp\",\"datePublished\":\"2025-05-08T07:14:20+00:00\",\"author\":{\"@id\":\"https:\/\/www.welovecycling.com\/cs\/#\/schema\/person\/d9eeb0a378f3a7e4a6d12d2b536b04b8\"},\"description\":\"Nejd\u0159\u00edv si prosvi\u0161t\u00edme slovn\u00ed\u010dek, a to chronologicky pozp\u00e1tku, odzadu: \u0161pan\u011blsk\u00e1 Vuelta (startuje v srpnu) tomu \u0159\u00edk\u00e1 Gran Partida, u Tour de France jde o Grand D\u00e9part a prvn\u00ed z Grand Tour \u2013 kv\u011btnov\u00e9 Giro sv\u016fj slavnostn\u00ed start naz\u00fdv\u00e1 Grande Partenza. A o n\u011bj te\u010f jde, proto\u017ee druh\u00fd kv\u011btnov\u00fd p\u00e1tek se rozjede r\u016f\u017eov\u00fd peloton ke sv\u00e9 t\u0159\u00edt\u00fddenn\u00ed pouti. Z Alb\u00e1nie\u2026\",\"inLanguage\":\"cs\",\"potentialAction\":[{\"@type\":\"ReadAction\",\"target\":[\"https:\/\/www.welovecycling.com\/cs\/2025\/05\/08\/proc-grand-tour-tak-casto-zacinaji-v-zahranici\/\"]}]},{\"@type\":\"ImageObject\",\"inLanguage\":\"cs\",\"@id\":\"https:\/\/www.welovecycling.com\/cs\/2025\/05\/08\/proc-grand-tour-tak-casto-zacinaji-v-zahranici\/#primaryimage\",\"url\":\"https:\/\/d2p6e6u75xmxt8.cloudfront.net\/13\/2025\/05\/profimedia-0996306899.webp\",\"contentUrl\":\"https:\/\/d2p6e6u75xmxt8.cloudfront.net\/13\/2025\/05\/profimedia-0996306899.webp\",\"width\":1800,\"height\":1200,\"caption\":\"Grand Tour 2025 a start Giro di Italia v Alb\u00e1nii\"},{\"@type\":\"WebSite\",\"@id\":\"https:\/\/www.welovecycling.com\/cs\/#website\",\"url\":\"https:\/\/www.welovecycling.com\/cs\/\",\"name\":\"\u0160koda We Love Cycling - \u010cesk\u00e1 republika\",\"description\":\"WeLoveCycling.cz je online magaz\u00edn, kter\u00fd v\u00e1m pravideln\u011b p\u0159in\u00e1\u0161\u00ed rady a tipy, zaj\u00edmav\u00e9 \u010dl\u00e1nky, videa a jedine\u010dn\u00e9 report\u00e1\u017ee ze sv\u011bta cyklistiky.\",\"potentialAction\":[{\"@type\":\"SearchAction\",\"target\":{\"@type\":\"EntryPoint\",\"urlTemplate\":\"https:\/\/www.welovecycling.com\/cs\/?s={search_term_string}\"},\"query-input\":{\"@type\":\"PropertyValueSpecification\",\"valueRequired\":true,\"valueName\":\"search_term_string\"}}],\"inLanguage\":\"cs\"},{\"@type\":\"Person\",\"@id\":\"https:\/\/www.welovecycling.com\/cs\/#\/schema\/person\/d9eeb0a378f3a7e4a6d12d2b536b04b8\",\"name\":\"radekmalina\",\"image\":{\"@type\":\"ImageObject\",\"inLanguage\":\"cs\",\"@id\":\"https:\/\/www.welovecycling.com\/cs\/#\/schema\/person\/image\/\",\"url\":\"https:\/\/secure.gravatar.com\/avatar\/66994b632cb8c39a46b9f54afa3ae07201b678d32a54275b6f1c9ffec356bfc0?s=96&d=mm&r=g\",\"contentUrl\":\"https:\/\/secure.gravatar.com\/avatar\/66994b632cb8c39a46b9f54afa3ae07201b678d32a54275b6f1c9ffec356bfc0?s=96&d=mm&r=g\",\"caption\":\"radekmalina\"},\"url\":\"https:\/\/www.welovecycling.com\/cs\/author\/radekmalina\/\"}]}<\/script>\n<!-- \/ Yoast SEO Premium plugin. -->","yoast_head_json":{"title":"Pro\u010d Grand Tour tak \u010dasto za\u010d\u00ednaj\u00ed v zahrani\u010d\u00ed? | \u0160koda We Love Cycling - \u010cesk\u00e1 republika","description":"Nejd\u0159\u00edv si prosvi\u0161t\u00edme slovn\u00ed\u010dek, a to chronologicky pozp\u00e1tku, odzadu: \u0161pan\u011blsk\u00e1 Vuelta (startuje v srpnu) tomu \u0159\u00edk\u00e1 Gran Partida, u Tour de France jde o Grand D\u00e9part a prvn\u00ed z Grand Tour \u2013 kv\u011btnov\u00e9 Giro sv\u016fj slavnostn\u00ed start naz\u00fdv\u00e1 Grande Partenza. A o n\u011bj te\u010f jde, proto\u017ee druh\u00fd kv\u011btnov\u00fd p\u00e1tek se rozjede r\u016f\u017eov\u00fd peloton ke sv\u00e9 t\u0159\u00edt\u00fddenn\u00ed pouti. Z Alb\u00e1nie\u2026","robots":{"index":"index","follow":"follow","max-snippet":"max-snippet:-1","max-image-preview":"max-image-preview:large","max-video-preview":"max-video-preview:-1"},"canonical":"https:\/\/www.welovecycling.com\/cs\/2025\/05\/08\/proc-grand-tour-tak-casto-zacinaji-v-zahranici\/","og_locale":"cs_CZ","og_type":"article","og_title":"Pro\u010d Grand Tour tak \u010dasto za\u010d\u00ednaj\u00ed v zahrani\u010d\u00ed?","og_description":"Nejd\u0159\u00edv si prosvi\u0161t\u00edme slovn\u00ed\u010dek, a to chronologicky pozp\u00e1tku, odzadu: \u0161pan\u011blsk\u00e1 Vuelta (startuje v srpnu) tomu \u0159\u00edk\u00e1 Gran Partida, u Tour de France jde o Grand D\u00e9part a prvn\u00ed z Grand Tour \u2013 kv\u011btnov\u00e9 Giro sv\u016fj slavnostn\u00ed start naz\u00fdv\u00e1 Grande Partenza. A o n\u011bj te\u010f jde, proto\u017ee druh\u00fd kv\u011btnov\u00fd p\u00e1tek se rozjede r\u016f\u017eov\u00fd peloton ke sv\u00e9 t\u0159\u00edt\u00fddenn\u00ed pouti. Z Alb\u00e1nie\u2026","og_url":"https:\/\/www.welovecycling.com\/cs\/2025\/05\/08\/proc-grand-tour-tak-casto-zacinaji-v-zahranici\/","og_site_name":"\u0160koda We Love Cycling - \u010cesk\u00e1 republika","article_published_time":"2025-05-08T07:14:20+00:00","og_image":[{"width":1800,"height":1200,"url":"https:\/\/d2p6e6u75xmxt8.cloudfront.net\/13\/2025\/05\/profimedia-0996306899.webp","type":"image\/webp"}],"author":"radekmalina","twitter_card":"summary_large_image","twitter_misc":{"Written by":"Radek Malina","Est. reading time":"5"},"schema":{"@context":"https:\/\/schema.org","@graph":[{"@type":"WebPage","@id":"https:\/\/www.welovecycling.com\/cs\/2025\/05\/08\/proc-grand-tour-tak-casto-zacinaji-v-zahranici\/","url":"https:\/\/www.welovecycling.com\/cs\/2025\/05\/08\/proc-grand-tour-tak-casto-zacinaji-v-zahranici\/","name":"Pro\u010d Grand Tour tak \u010dasto za\u010d\u00ednaj\u00ed v zahrani\u010d\u00ed? | \u0160koda We Love Cycling - \u010cesk\u00e1 republika","isPartOf":{"@id":"https:\/\/www.welovecycling.com\/cs\/#website"},"primaryImageOfPage":{"@id":"https:\/\/www.welovecycling.com\/cs\/2025\/05\/08\/proc-grand-tour-tak-casto-zacinaji-v-zahranici\/#primaryimage"},"image":{"@id":"https:\/\/www.welovecycling.com\/cs\/2025\/05\/08\/proc-grand-tour-tak-casto-zacinaji-v-zahranici\/#primaryimage"},"thumbnailUrl":"https:\/\/d2p6e6u75xmxt8.cloudfront.net\/13\/2025\/05\/profimedia-0996306899.webp","datePublished":"2025-05-08T07:14:20+00:00","author":{"@id":"https:\/\/www.welovecycling.com\/cs\/#\/schema\/person\/d9eeb0a378f3a7e4a6d12d2b536b04b8"},"description":"Nejd\u0159\u00edv si prosvi\u0161t\u00edme slovn\u00ed\u010dek, a to chronologicky pozp\u00e1tku, odzadu: \u0161pan\u011blsk\u00e1 Vuelta (startuje v srpnu) tomu \u0159\u00edk\u00e1 Gran Partida, u Tour de France jde o Grand D\u00e9part a prvn\u00ed z Grand Tour \u2013 kv\u011btnov\u00e9 Giro sv\u016fj slavnostn\u00ed start naz\u00fdv\u00e1 Grande Partenza. A o n\u011bj te\u010f jde, proto\u017ee druh\u00fd kv\u011btnov\u00fd p\u00e1tek se rozjede r\u016f\u017eov\u00fd peloton ke sv\u00e9 t\u0159\u00edt\u00fddenn\u00ed pouti. Z Alb\u00e1nie\u2026","inLanguage":"cs","potentialAction":[{"@type":"ReadAction","target":["https:\/\/www.welovecycling.com\/cs\/2025\/05\/08\/proc-grand-tour-tak-casto-zacinaji-v-zahranici\/"]}]},{"@type":"ImageObject","inLanguage":"cs","@id":"https:\/\/www.welovecycling.com\/cs\/2025\/05\/08\/proc-grand-tour-tak-casto-zacinaji-v-zahranici\/#primaryimage","url":"https:\/\/d2p6e6u75xmxt8.cloudfront.net\/13\/2025\/05\/profimedia-0996306899.webp","contentUrl":"https:\/\/d2p6e6u75xmxt8.cloudfront.net\/13\/2025\/05\/profimedia-0996306899.webp","width":1800,"height":1200,"caption":"Grand Tour 2025 a start Giro di Italia v Alb\u00e1nii"},{"@type":"WebSite","@id":"https:\/\/www.welovecycling.com\/cs\/#website","url":"https:\/\/www.welovecycling.com\/cs\/","name":"\u0160koda We Love Cycling - \u010cesk\u00e1 republika","description":"WeLoveCycling.cz je online magaz\u00edn, kter\u00fd v\u00e1m pravideln\u011b p\u0159in\u00e1\u0161\u00ed rady a tipy, zaj\u00edmav\u00e9 \u010dl\u00e1nky, videa a jedine\u010dn\u00e9 report\u00e1\u017ee ze sv\u011bta cyklistiky.","potentialAction":[{"@type":"SearchAction","target":{"@type":"EntryPoint","urlTemplate":"https:\/\/www.welovecycling.com\/cs\/?s={search_term_string}"},"query-input":{"@type":"PropertyValueSpecification","valueRequired":true,"valueName":"search_term_string"}}],"inLanguage":"cs"},{"@type":"Person","@id":"https:\/\/www.welovecycling.com\/cs\/#\/schema\/person\/d9eeb0a378f3a7e4a6d12d2b536b04b8","name":"radekmalina","image":{"@type":"ImageObject","inLanguage":"cs","@id":"https:\/\/www.welovecycling.com\/cs\/#\/schema\/person\/image\/","url":"https:\/\/secure.gravatar.com\/avatar\/66994b632cb8c39a46b9f54afa3ae07201b678d32a54275b6f1c9ffec356bfc0?s=96&d=mm&r=g","contentUrl":"https:\/\/secure.gravatar.com\/avatar\/66994b632cb8c39a46b9f54afa3ae07201b678d32a54275b6f1c9ffec356bfc0?s=96&d=mm&r=g","caption":"radekmalina"},"url":"https:\/\/www.welovecycling.com\/cs\/author\/radekmalina\/"}]}},"_links":{"self":[{"href":"https:\/\/www.welovecycling.com\/cs\/wp-json\/wp\/v2\/posts\/29115","targetHints":{"allow":["GET"]}}],"collection":[{"href":"https:\/\/www.welovecycling.com\/cs\/wp-json\/wp\/v2\/posts"}],"about":[{"href":"https:\/\/www.welovecycling.com\/cs\/wp-json\/wp\/v2\/types\/post"}],"author":[{"embeddable":true,"href":"https:\/\/www.welovecycling.com\/cs\/wp-json\/wp\/v2\/users\/138"}],"replies":[{"embeddable":true,"href":"https:\/\/www.welovecycling.com\/cs\/wp-json\/wp\/v2\/comments?post=29115"}],"version-history":[{"count":3,"href":"https:\/\/www.welovecycling.com\/cs\/wp-json\/wp\/v2\/posts\/29115\/revisions"}],"predecessor-version":[{"id":29125,"href":"https:\/\/www.welovecycling.com\/cs\/wp-json\/wp\/v2\/posts\/29115\/revisions\/29125"}],"wp:featuredmedia":[{"embeddable":true,"href":"https:\/\/www.welovecycling.com\/cs\/wp-json\/wp\/v2\/media\/29123"}],"wp:attachment":[{"href":"https:\/\/www.welovecycling.com\/cs\/wp-json\/wp\/v2\/media?parent=29115"}],"wp:term":[{"taxonomy":"category","embeddable":true,"href":"https:\/\/www.welovecycling.com\/cs\/wp-json\/wp\/v2\/categories?post=29115"},{"taxonomy":"post_tag","embeddable":true,"href":"https:\/\/www.welovecycling.com\/cs\/wp-json\/wp\/v2\/tags?post=29115"},{"taxonomy":"global-categories","embeddable":true,"href":"https:\/\/www.welovecycling.com\/cs\/wp-json\/wp\/v2\/global-categories?post=29115"}],"curies":[{"name":"wp","href":"https:\/\/api.w.org\/{rel}","templated":true}]}}