{"id":29037,"date":"2025-04-25T11:53:10","date_gmt":"2025-04-25T09:53:10","guid":{"rendered":"https:\/\/www.welovecycling.com\/cs\/?p=29037"},"modified":"2025-04-25T12:03:59","modified_gmt":"2025-04-25T10:03:59","slug":"jaky-zavod-vybrat-pro-motivaci","status":"publish","type":"post","link":"https:\/\/www.welovecycling.com\/cs\/2025\/04\/25\/jaky-zavod-vybrat-pro-motivaci\/","title":{"rendered":"Jak\u00fd z\u00e1vod vybrat pro motivaci?"},"content":{"rendered":"<p><strong>Nejlep\u0161\u00ed motivace pro cyklistick\u00fd tr\u00e9nink? P\u0159ece z\u00e1vodn\u00ed kalend\u00e1\u0159! Ko\u0159en\u00edm ka\u017ed\u00e9 sezony je \u00fa\u010dast na vybran\u00e9 akci se startovn\u00edm \u010d\u00edslem. Nemus\u00edte p\u0159itom l\u00e1mat rekordy, jde o z\u00e1\u017eitky. Jak\u00fd z\u00e1vod v roce 2025 vybrat?<\/strong><\/p>\n<p>Prim\u00e1rn\u00ed volba je pochopiteln\u011b z\u00e1visl\u00e1 na druhu kola, kter\u00fd pou\u017e\u00edv\u00e1te. Ka\u017edop\u00e1dn\u011b zvolit v \u010cesku z\u00e1vod, pokud nehodl\u00e1te absolvovat celou s\u00e9rii, nen\u00ed v\u016fbec snadn\u00e9. Nab\u00eddka je skute\u010dn\u011b pestr\u00e1. A\u0165 u\u017e je \u0159e\u010d o horsk\u00fdch kolech, gravel kolech \u010di silni\u010dn\u00ed cyklistice.<\/p>\n<h2><strong>Kam na bikov\u00fd z\u00e1vod?<\/strong><\/h2>\n<p>V \u010cesku plat\u00ed mezi bikery za nejobl\u00edben\u011bj\u0161\u00ed dv\u011b s\u00e9rie. <a href=\"https:\/\/www.kolopro.cz\/\">Kolo pro \u017eivot<\/a>, nejv\u011bt\u0161\u00ed seri\u00e1l horsk\u00fdch kol v Evrop\u011b pro celou rodinu, vstupuje do 26. sezony. Mottem je slogan P\u0159ije\u010f na Kolo pro \u017eivot se svoj\u00ed +1. Organiz\u00e1to\u0159i c\u00edl\u00ed na st\u00e1vaj\u00edc\u00ed z\u00e1vodn\u00edky, jich\u017e pravideln\u011b jezd\u00ed na v\u0161echny podniky n\u011bkolik tis\u00edcovek, aby na start n\u011bkter\u00e9ho z osmi z\u00e1vod\u016f \u010di dvou partnersk\u00fdch podnik\u016f p\u0159ivedli kamar\u00e1da\/kamar\u00e1dku, partnera\/partnerku, kolegu\/kolegyni&#8230;<\/p>\n<p>Mezi nejobl\u00edben\u011bj\u0161\u00ed a nejvyhled\u00e1van\u011bj\u0161\u00ed v kalend\u00e1\u0159i Kolo pro \u017eivot pat\u0159\u00ed Bikemaraton Dr\u00e1sal v Hole\u0161ov\u011b, co\u017e je skute\u010dn\u011b legend\u00e1rn\u00ed bitva pro ka\u017ed\u00e9ho bikera. O \u010dtrn\u00e1ct dn\u016f d\u0159\u00edve se jede Malevil Cup, rovn\u011b\u017e velk\u00e1 v\u00fdzva pro ka\u017ed\u00e9ho vyznava\u010de horsk\u00fdch kol.<\/p>\n<figure id=\"attachment_29039\" aria-describedby=\"caption-attachment-29039\" style=\"width: 1536px\" class=\"wp-caption alignnone\"><a href=\"https:\/\/d2p6e6u75xmxt8.cloudfront.net\/13\/2025\/04\/Prima-CUP-Stolove-hory-trasa-1536x1024-1.webp\"><img loading=\"lazy\" decoding=\"async\" class=\"size-full wp-image-29039\" src=\"https:\/\/d2p6e6u75xmxt8.cloudfront.net\/13\/2025\/04\/Prima-CUP-Stolove-hory-trasa-1536x1024-1.webp\" alt=\"\" width=\"1536\" height=\"1024\" srcset=\"https:\/\/d2p6e6u75xmxt8.cloudfront.net\/13\/2025\/04\/Prima-CUP-Stolove-hory-trasa-1536x1024-1.webp 1536w, https:\/\/d2p6e6u75xmxt8.cloudfront.net\/13\/2025\/04\/Prima-CUP-Stolove-hory-trasa-1536x1024-1-300x200.webp 300w, https:\/\/d2p6e6u75xmxt8.cloudfront.net\/13\/2025\/04\/Prima-CUP-Stolove-hory-trasa-1536x1024-1-1024x683.webp 1024w, https:\/\/d2p6e6u75xmxt8.cloudfront.net\/13\/2025\/04\/Prima-CUP-Stolove-hory-trasa-1536x1024-1-768x512.webp 768w, https:\/\/d2p6e6u75xmxt8.cloudfront.net\/13\/2025\/04\/Prima-CUP-Stolove-hory-trasa-1536x1024-1-400x267.webp 400w, https:\/\/d2p6e6u75xmxt8.cloudfront.net\/13\/2025\/04\/Prima-CUP-Stolove-hory-trasa-1536x1024-1-272x182.webp 272w\" sizes=\"auto, (max-width: 1536px) 100vw, 1536px\" \/><\/a><figcaption id=\"caption-attachment-29039\" class=\"wp-caption-text\"><em>Z\u00e1vod Stolov\u00e9 hory pat\u0159\u00ed k jedn\u011bm z nejkr\u00e1sn\u011bj\u0161\u00edch v kalend\u00e1\u0159i seri\u00e1lu Prima Cup.<\/em><\/figcaption><\/figure>\n<p>Seri\u00e1l Prima Cup odstartoval u\u017e 12. dubna v Hradci Kr\u00e1lov\u00e9. Deset d\u00edl\u016f \u010d\u00edtaj\u00edc\u00ed s\u00e9rie zahrnuje mnoho v\u00fdjime\u010dn\u00fdch podnik\u016f. Jeden z nejmalebn\u011bj\u0161\u00edch z\u00e1vod\u016f seri\u00e1lu Prima Cup se uskute\u010dn\u00ed v ned\u011bli 11. kv\u011btna v kouzeln\u00e9 krajin\u011b Stolov\u00fdch hor. Perlou je rovn\u011b\u017e z\u00e1v\u011bre\u010dn\u00e9 d\u011bjstv\u00ed v Mikulov\u011b.<\/p>\n<p>Jednozna\u010dn\u011b nejpopul\u00e1rn\u011bj\u0161\u00ed v tuzemsku je pak \u010cT Author Cup, kdy jedete nejkr\u00e1sn\u011bj\u0161\u00edmi lokalitami Jizersk\u00fdch hor. U\u017e 29. ro\u010dn\u00edk se letos uskute\u010dn\u00ed 11. \u0159\u00edjna.<\/p>\n<h2><strong>Nejlep\u0161\u00ed z\u00e1vod pro gravel?<\/strong><\/h2>\n<p>Obrovskou popularitu z\u00edsk\u00e1v\u00e1 v posledn\u00edch sezon\u00e1ch gravel. A jak roste po\u010det milovn\u00edk\u016f &#8222;\u0161t\u011brkolet\u016f&#8220;, roste i mno\u017estv\u00ed sout\u011b\u017en\u00edch ud\u00e1lost\u00ed. Z\u0159ejm\u011b nejvyhl\u00e1\u0161en\u011bj\u0161\u00ed akc\u00ed je Mezin\u00e1rodn\u00ed cyklistick\u00fd z\u00e1vod Gravel Blinduro \u010cesk\u00e1 Kanada, kter\u00fd se kon\u00e1 v Nov\u00e9 Byst\u0159ici 6. a 7. z\u00e1\u0159\u00ed.<\/p>\n<p>&#8222;V\u00edkend bude p\u0159esn\u011b takov\u00fd, jak\u00fd si ho ud\u011bl\u00e1\u0161. M\u016f\u017ee\u0161 se kochat, m\u016f\u017ee\u0161 kl\u00e1bosit, m\u016f\u017ee\u0161 do toho \u0161l\u00e1pnout. \u010cek\u00e1 t\u011b zhruba sedmdes\u00e1tikilometrov\u00fd okruh. V sobotu jedn\u00edm sm\u011brem, v ned\u011bli naopak. Jede se na o\u010di, bez znalosti trati. Ta je slo\u017een\u00e1 z m\u011b\u0159en\u00fdch \u00fasek\u016f po cest\u00e1ch i cesti\u010dk\u00e1ch, a transfer\u016f v l\u00e1\u017eo-pl\u00e1\u017eo tempu. Nic t\u011b\u017ek\u00e9ho pro z\u00e1vo\u010f\u00e1ka, dost n\u00e1ro\u010dn\u00e9, aby hob\u00edk nezapomn\u011bl,&#8220; l\u00e1kaj\u00ed organiz\u00e1to\u0159i na vyhl\u00e1\u0161en\u00e9 dostaven\u00ed\u010dko vyznava\u010d\u016f gravelu.<\/p>\n<div class=\"shortcode-ys-post-pinup\"><article class=\"loop-simple post-28960 post type-post status-publish format-standard has-post-thumbnail hentry category-rady-tipy tag-canyon-lux-world-cup-cfr tag-cyklistika tag-horska-cyklistika tag-predstaveni-kola tag-test-kola global-categories-cycling\" data-postid=\"28960\" role=\"article\" data-post-id=\"28960\" data-word-count=\"677\" data-headline-length=\"60\" data-category=\"Rady &amp; tipy\" data-global-category=\"Cycling\" data-author=\"We Love Cycling\" data-published=\"2025-04-16T05:00:15+02:00\" data-published-day=\"Wednesday\">\n    <div class=\"entry-thumbnail article-thumbnail\" content=\"https:\/\/d2p6e6u75xmxt8.cloudfront.net\/13\/2025\/04\/MG_Canyon_Sidi_Cape_Epic_2024_0736-wp-150x150.webp\"><a href=\"https:\/\/www.welovecycling.com\/cs\/2025\/04\/16\/predstaveni-canyon-lux-world-cup-cfr-mrstnost-a-rychlost\/\" class=\"image-holder\" target=\"_self\"><img decoding=\"async\" loading=\"lazy\" class=\"\" src=\"https:\/\/d2p6e6u75xmxt8.cloudfront.net\/13\/2025\/04\/MG_Canyon_Sidi_Cape_Epic_2024_0736-wp-1024x683.webp\" srcset=\"https:\/\/d2p6e6u75xmxt8.cloudfront.net\/13\/2025\/04\/MG_Canyon_Sidi_Cape_Epic_2024_0736-wp-scaled.webp 2560w, https:\/\/d2p6e6u75xmxt8.cloudfront.net\/13\/2025\/04\/MG_Canyon_Sidi_Cape_Epic_2024_0736-wp-300x200.webp 300w, https:\/\/d2p6e6u75xmxt8.cloudfront.net\/13\/2025\/04\/MG_Canyon_Sidi_Cape_Epic_2024_0736-wp-1024x683.webp 1024w, https:\/\/d2p6e6u75xmxt8.cloudfront.net\/13\/2025\/04\/MG_Canyon_Sidi_Cape_Epic_2024_0736-wp-768x512.webp 768w, https:\/\/d2p6e6u75xmxt8.cloudfront.net\/13\/2025\/04\/MG_Canyon_Sidi_Cape_Epic_2024_0736-wp-1536x1024.webp 1536w, https:\/\/d2p6e6u75xmxt8.cloudfront.net\/13\/2025\/04\/MG_Canyon_Sidi_Cape_Epic_2024_0736-wp-2048x1365.webp 2048w, https:\/\/d2p6e6u75xmxt8.cloudfront.net\/13\/2025\/04\/MG_Canyon_Sidi_Cape_Epic_2024_0736-wp-1920x1280.webp 1920w, https:\/\/d2p6e6u75xmxt8.cloudfront.net\/13\/2025\/04\/MG_Canyon_Sidi_Cape_Epic_2024_0736-wp-400x267.webp 400w, https:\/\/d2p6e6u75xmxt8.cloudfront.net\/13\/2025\/04\/MG_Canyon_Sidi_Cape_Epic_2024_0736-wp-272x182.webp 272w, https:\/\/d2p6e6u75xmxt8.cloudfront.net\/13\/2025\/04\/MG_Canyon_Sidi_Cape_Epic_2024_0736-wp-1920x1280.webp 1920w\" width=\"1024\" height=\"683\" sizes=\"auto, (min-width: 1200px) 300px, (min-width: 768px) 25vw, 100vw\" alt=\"predstaveni-canyon-lux-world-cup-cfr-mrstnost-a-rychlost\"\/><\/a><\/div>    <div class=\"entry-meta\">\n        <a class=\"label label-secondary post-category\" href=\"https:\/\/www.welovecycling.com\/cs\/category\/rady-tipy\/\" title=\"Rady &amp; tipy\">Rady &amp; tipy<\/a>\n    <\/div>\n    <div class=\"entry-details\">\n        <a href=\"https:\/\/www.welovecycling.com\/cs\/2025\/04\/16\/predstaveni-canyon-lux-world-cup-cfr-mrstnost-a-rychlost\/\" class='entry-title-wrapper'>\n            <h3 class=\"entry-title\"><span>P\u0159edstaven\u00ed Canyon Lux World Cup CFR: mr\u0161tnost a rychlost<\/span><\/h3>\n        <\/a>\n    <\/div>\n    <\/article>\n<\/div>\n<p>Vyb\u00edrat m\u016f\u017ee i v kalend\u00e1\u0159i Gravel Bohemia Cupu 2025, kter\u00fd startuje 18. kv\u011btna v Sudom\u011b\u0159ic\u00edch. A n\u00e1sledn\u011b se jedou je\u0161t\u011b \u010dty\u0159i dal\u0161\u00ed z\u00e1vody. V Ose\u010dn\u00e9, Zbraslavic\u00edch, Hlinsku a Vina\u0159ic\u00edch, kde bude 30. srpna korunov\u00e1n nov\u00fd \u010desk\u00fd gravel \u0161ampion.<\/p>\n<h2><strong>Kam za silni\u010dn\u00edmi bitvami?<\/strong><\/h2>\n<p>Vybrat jen jedin\u00fd z\u00e1vod z pestr\u00e9 nab\u00eddky je tak\u0159ka nemo\u017en\u00e9. Mo\u017enosti jsou toti\u017e obrovsk\u00e9. Vrcholem amat\u00e9rsk\u00e9 sc\u00e9ny bude bezpochyby 21. \u010dervna kopcovit\u00e1 L&#8217;Etape Czech Republic by Tour de France. Jako ambasador bude na startu <a href=\"https:\/\/www.welovecycling.com\/cs\/2025\/04\/24\/jeste-hodinu-zadonil-rytir-a-patral-kam-dal-partak-vlasy\/\">Bradley Wiggins<\/a>, v\u00edt\u011bz Tour de France 2012 a p\u011btin\u00e1sobn\u00fd olympijsk\u00fd \u0161ampion. Ikona sportovn\u00edho sv\u011bta, kter\u00e1 p\u0159ekonala ob\u0159\u00ed osobn\u00ed probl\u00e9my, si byla v \u010cesku trasu prohl\u00e9dnout. A nechat si proklouznout p\u0159\u00edle\u017eitost jet v pelotonu s prvn\u00edm britsk\u00fdm v\u00edt\u011bzem Grande Boucle by byl h\u0159\u00edch. Vyb\u00edrat p\u0159itom m\u016f\u017eete ze t\u0159\u00ed r\u016fzn\u00fdch distanc\u00ed, p\u0159i\u010dem\u017e mu\u017e pasovan\u00fd kr\u00e1lovnou Al\u017eb\u011btou II. na ryt\u00ed\u0159e pojede nejdel\u0161\u00ed variantu \u010d\u00edtaj\u00edc\u00ed 139 kilometr\u016f a p\u0159ev\u00fd\u0161en\u00ed bezm\u00e1la 2000 metr\u016f.<\/p>\n<figure id=\"attachment_29020\" aria-describedby=\"caption-attachment-29020\" style=\"width: 1920px\" class=\"wp-caption alignnone\"><a href=\"https:\/\/d2p6e6u75xmxt8.cloudfront.net\/13\/2025\/04\/3C9A2309-scaled.webp\"><img loading=\"lazy\" decoding=\"async\" class=\"size-extra-large wp-image-29020\" src=\"https:\/\/d2p6e6u75xmxt8.cloudfront.net\/13\/2025\/04\/3C9A2309-1920x1280.webp\" alt=\"\" width=\"1920\" height=\"1280\" srcset=\"https:\/\/d2p6e6u75xmxt8.cloudfront.net\/13\/2025\/04\/3C9A2309-1920x1280.webp 1920w, https:\/\/d2p6e6u75xmxt8.cloudfront.net\/13\/2025\/04\/3C9A2309-300x200.webp 300w, https:\/\/d2p6e6u75xmxt8.cloudfront.net\/13\/2025\/04\/3C9A2309-1024x683.webp 1024w, https:\/\/d2p6e6u75xmxt8.cloudfront.net\/13\/2025\/04\/3C9A2309-768x512.webp 768w, https:\/\/d2p6e6u75xmxt8.cloudfront.net\/13\/2025\/04\/3C9A2309-1536x1024.webp 1536w, https:\/\/d2p6e6u75xmxt8.cloudfront.net\/13\/2025\/04\/3C9A2309-2048x1365.webp 2048w, https:\/\/d2p6e6u75xmxt8.cloudfront.net\/13\/2025\/04\/3C9A2309-400x267.webp 400w, https:\/\/d2p6e6u75xmxt8.cloudfront.net\/13\/2025\/04\/3C9A2309-272x182.webp 272w, https:\/\/d2p6e6u75xmxt8.cloudfront.net\/13\/2025\/04\/3C9A2309-1920x1280.webp 1920w\" sizes=\"auto, (max-width: 1920px) 100vw, 1920px\" \/><\/a><figcaption id=\"caption-attachment-29020\" class=\"wp-caption-text\"><em>Bradley Wiggins bude coby ambasador \u0160koda We Love Cycling\u00a0 a kopcovit\u00e9 L&#8217;Etape\u00a0 Czech Republic hlavn\u00ed hv\u011bzdou podniku napl\u00e1novan\u00e9ho na 21. \u010dervna.<\/em><\/figcaption><\/figure>\n<p>V\u00edt\u011bz Tour de France bude i na startu horsk\u00e9 L&#8217;Etape Czech Republic v Prachatic\u00edch 2. srpna. Okruh v Ji\u017en\u00edch \u010cech\u00e1ch pojede Andy Schleck, majitel maillot jaune z roku 2010. Oba z\u00e1vody jsou proslul\u00e9 hlavn\u011b jedine\u010dnou atmosf\u00e9rou, kter\u00e1 pravideln\u011b l\u00e1k\u00e1 mno\u017estv\u00ed cyklist\u016f.<\/p>\n<p>Velk\u00e9 z\u00e1\u017eitky slibuje i seri\u00e1l Road Classics, kter\u00fd vstupuje do t\u0159et\u00ed sezony. Postupn\u011b se jede 17. kv\u011btna na P\u00e1lav\u011b, n\u00e1sledn\u011b 19. \u010dervence na Kl\u00ednovci, a pak 20. z\u00e1\u0159\u00ed na Je\u0161t\u011bdu. Vyb\u00edrat m\u016f\u017eete v\u017edy z r\u016fzn\u00fdch distanc\u00ed a dokonce i ze dvou odli\u0161n\u00fdch variant z\u00e1vodu, kdy v p\u0159\u00edpad\u011b kategorie \u0160vih absolvujete trasu v tempu, kter\u00e9 v\u00e1m sed\u00ed a pouze na vybran\u00fdch segmentech ze sebe \u017ed\u00edm\u00e1te pln\u00fd v\u00fdkon.<\/p>\n<div class=\"shortcode-ys-post-pinup\"><article class=\"loop-simple post-29001 post type-post status-publish format-standard has-post-thumbnail hentry category-silnicni-cyklistika tag-ambasador-letape-czech-republic-by-tour-de-france tag-bradley-wiggins tag-cyklistika tag-letape-czech-republic-2025 tag-silnicni-cyklistika tag-tour-de-france global-categories-cycling\" data-postid=\"29001\" role=\"article\" data-post-id=\"29001\" data-word-count=\"674\" data-headline-length=\"57\" data-category=\"Silni\u010dn\u00ed cyklistika\" data-global-category=\"Cycling\" data-author=\"We Love Cycling\" data-published=\"2025-04-23T22:33:06+02:00\" data-published-day=\"Wednesday\">\n    <div class=\"entry-thumbnail article-thumbnail\" content=\"https:\/\/d2p6e6u75xmxt8.cloudfront.net\/13\/2025\/04\/3C9A1791-150x150.webp\"><a href=\"https:\/\/www.welovecycling.com\/cs\/2025\/04\/23\/bradley-wiggins-exkluzivne-mate-tu-krasny-kus-sveta\/\" class=\"image-holder\" target=\"_self\"><img decoding=\"async\" loading=\"lazy\" class=\"\" src=\"https:\/\/d2p6e6u75xmxt8.cloudfront.net\/13\/2025\/04\/3C9A1791-1024x683.webp\" srcset=\"https:\/\/d2p6e6u75xmxt8.cloudfront.net\/13\/2025\/04\/3C9A1791-scaled.webp 2560w, https:\/\/d2p6e6u75xmxt8.cloudfront.net\/13\/2025\/04\/3C9A1791-300x200.webp 300w, https:\/\/d2p6e6u75xmxt8.cloudfront.net\/13\/2025\/04\/3C9A1791-1024x683.webp 1024w, https:\/\/d2p6e6u75xmxt8.cloudfront.net\/13\/2025\/04\/3C9A1791-768x512.webp 768w, https:\/\/d2p6e6u75xmxt8.cloudfront.net\/13\/2025\/04\/3C9A1791-1536x1024.webp 1536w, https:\/\/d2p6e6u75xmxt8.cloudfront.net\/13\/2025\/04\/3C9A1791-2048x1365.webp 2048w, https:\/\/d2p6e6u75xmxt8.cloudfront.net\/13\/2025\/04\/3C9A1791-1920x1280.webp 1920w, https:\/\/d2p6e6u75xmxt8.cloudfront.net\/13\/2025\/04\/3C9A1791-400x267.webp 400w, https:\/\/d2p6e6u75xmxt8.cloudfront.net\/13\/2025\/04\/3C9A1791-272x182.webp 272w, https:\/\/d2p6e6u75xmxt8.cloudfront.net\/13\/2025\/04\/3C9A1791-1920x1280.webp 1920w\" width=\"1024\" height=\"683\" sizes=\"auto, (min-width: 1200px) 300px, (min-width: 768px) 25vw, 100vw\" alt=\"bradley-wiggins-exkluzivne-mate-tu-krasny-kus-sveta\"\/><\/a><\/div>    <div class=\"entry-meta\">\n        <a class=\"label label-secondary post-category\" href=\"https:\/\/www.welovecycling.com\/cs\/category\/silnicni-cyklistika\/\" title=\"Silni\u010dn\u00ed cyklistika\">Silni\u010dn\u00ed cyklistika<\/a>\n    <\/div>\n    <div class=\"entry-details\">\n        <a href=\"https:\/\/www.welovecycling.com\/cs\/2025\/04\/23\/bradley-wiggins-exkluzivne-mate-tu-krasny-kus-sveta\/\" class='entry-title-wrapper'>\n            <h3 class=\"entry-title\"><span>Bradley Wiggins exkluzivn\u011b: M\u00e1te tu kr\u00e1sn\u00fd kus sv\u011bta<\/span><\/h3>\n        <\/a>\n    <\/div>\n    <\/article>\n<\/div>\n<p>Motivac\u00ed nepochybn\u011b mohou b\u00fdt i legendy cyklistick\u00e9 sc\u00e9ny jako je kup\u0159\u00edkladu Krakono\u0161\u016fv cyklomaraton. Dvan\u00e1ct\u00fd ro\u010dn\u00edk z\u00e1vodu p\u0159es h\u0159ebeny Krkono\u0161 a \u010deskopolsk\u00e9 pohrani\u010d\u00ed se jede 14. \u010dervna. Jde o dokonalou prov\u011brku fyzick\u00e9 i ment\u00e1ln\u00ed p\u0159ipravenosti. Kulisy jsou sice \u010darokr\u00e1sn\u00e9, sou\u010dasn\u011b ale berou dech. Dlouh\u00e1 trasa (140 kilometr\u016f) si \u017e\u00e1d\u00e1 poko\u0159en\u00ed 2626 v\u00fd\u0161kov\u00fdch metr\u016f!<\/p>\n<p>Restart letos za\u017eije i velice obl\u00edben\u00fd Kru\u0161noton, nominaci do \u0160koda Cupu si zajistil podnik Road Stage v Orlick\u00fdch hor\u00e1ch.<\/p>\n<p>Zkr\u00e1tka pokud chcete alespo\u0148 jednou vyrazit na kolo se startovn\u00edm \u010d\u00edslem, rozhodn\u011b je v \u010desk\u00fdch podm\u00ednk\u00e1ch z \u010deho vyb\u00edrat. &#8222;Kr\u00e1sn\u00fdch podnik\u016f v n\u00e1dhern\u00e9 krajin\u011b se v na\u0161\u00ed domovin\u011b jezd\u00ed tolik, \u017ee absolutn\u011b nem\u00e1m pot\u0159ebu vyr\u00e1\u017eet za z\u00e1vody do zahrani\u010d\u00ed,&#8220; \u0159\u00edk\u00e1 Ji\u0159\u00ed Je\u017eek, \u0161estin\u00e1sobn\u00fd paralympijsk\u00fd \u0161ampion a ambasador We Love Cycling.<\/p>\n<h2><strong>Rozlu\u010dka t\u0159eba na Istria 300?<\/strong><\/h2>\n<p>Ka\u017edop\u00e1dn\u011b velk\u00e1 l\u00e1kadla a jedine\u010dn\u00e9 z\u00e1\u017eitky sk\u00fdtaj\u00ed pochopiteln\u011b i cyklistick\u00e9 podniky za hranicemi. V\u00fdjime\u010dn\u00fdch gravel akc\u00ed, stejn\u011b jako bikov\u00fdch podnik\u016f \u010di bitev pro silni\u010dn\u00ed cyklisty jsou skute\u010dn\u011b des\u00edtky.<\/p>\n<figure id=\"attachment_23812\" aria-describedby=\"caption-attachment-23812\" style=\"width: 1238px\" class=\"wp-caption alignnone\"><a href=\"https:\/\/d2p6e6u75xmxt8.cloudfront.net\/13\/2023\/10\/istria-300-foto-2.webp\"><img loading=\"lazy\" decoding=\"async\" class=\"size-full wp-image-23812\" src=\"https:\/\/d2p6e6u75xmxt8.cloudfront.net\/13\/2023\/10\/istria-300-foto-2.webp\" alt=\"Istria 300\" width=\"1238\" height=\"825\" srcset=\"https:\/\/d2p6e6u75xmxt8.cloudfront.net\/13\/2023\/10\/istria-300-foto-2.webp 1238w, https:\/\/d2p6e6u75xmxt8.cloudfront.net\/13\/2023\/10\/istria-300-foto-2-300x200.webp 300w, https:\/\/d2p6e6u75xmxt8.cloudfront.net\/13\/2023\/10\/istria-300-foto-2-1024x682.webp 1024w, https:\/\/d2p6e6u75xmxt8.cloudfront.net\/13\/2023\/10\/istria-300-foto-2-768x512.webp 768w, https:\/\/d2p6e6u75xmxt8.cloudfront.net\/13\/2023\/10\/istria-300-foto-2-400x267.webp 400w, https:\/\/d2p6e6u75xmxt8.cloudfront.net\/13\/2023\/10\/istria-300-foto-2-272x182.webp 272w\" sizes=\"auto, (max-width: 1238px) 100vw, 1238px\" \/><\/a><figcaption id=\"caption-attachment-23812\" class=\"wp-caption-text\"><em>Istria 300 je dokonal\u00fd z\u00e1vod na ukon\u010den\u00ed cyklistick\u00e9 sezony. A tak\u00e9 velk\u00e1 v\u00fdzva.<\/em><\/figcaption><\/figure>\n<p>Velice popul\u00e1rn\u00ed mezi \u010desk\u00fdmi cyklisty je z\u00e1vod Istria 300, kter\u00fd se letos uskute\u010dn\u00ed 27. z\u00e1\u0159\u00ed. Na t\u0159ech tras\u00e1ch se startem z Pore\u010de \u010dekaj\u00ed jedine\u010dn\u00e9 z\u00e1\u017eitky v\u011bt\u0161inou je\u0161t\u011b v letn\u00edch podm\u00ednk\u00e1ch. Cel\u00e9 m\u011bste\u010dko na pob\u0159e\u017e\u00ed Jadranu se na n\u011bkolik dn\u00ed tot\u00e1ln\u011b ovl\u00e1dnou cyklist\u00e9. M\u00edstn\u00ed berou akci jako skv\u011blou propagaci a tak\u00e9 prodlou\u017een\u00ed sezony, tak\u017ee jsou v\u016f\u010di cyklist\u016fm vst\u0159\u00edcn\u00ed.<\/p>\n<p>A proto\u017ee organiz\u00e1to\u0159i pravideln\u011b p\u0159iprav\u00ed t\u0159i r\u016fzn\u00e9 distance,\u00a0 vybere si ka\u017ed\u00fd cyklista. T\u00edm sp\u00ed\u0161e, \u017ee v z\u00e1v\u011bru sezony m\u00e1 ka\u017ed\u00fd najetou po\u0159\u00e1dnou porci kilometr\u016f, tud\u00ed\u017e mnoz\u00ed p\u0159ekon\u00e1vaj\u00ed vlastn\u00ed rekordy a pou\u0161t\u00ed se do bitvy s proslulou trasou dlouho <a href=\"https:\/\/www.welovecycling.com\/cs\/2023\/10\/08\/zraloci-i-tazni-ponici-jak-jezdit-na-limitu\/\">300 kilometr\u016f<\/a> a p\u0159ev\u00fd\u0161en\u00edm atakuj\u00edc\u00edm 5000 v\u00fd\u0161kov\u00fdch metr\u016f!<\/p>\n<p>Prost\u011b dokonal\u00fd z\u00e1v\u011br sezony! Ale ten je je\u0161t\u011b daleko, tud\u00ed\u017e vyberte alespo\u0148 jeden z\u00e1vod, a\u0165 m\u00e1te motivaci do tr\u00e9ninkov\u00e9 rutiny.<\/p>\n","protected":false},"excerpt":{"rendered":"<p>Nejlep\u0161\u00ed motivace pro cyklistick\u00fd tr\u00e9nink? P\u0159ece z\u00e1vodn\u00ed kalend\u00e1\u0159! Ko\u0159en\u00edm ka\u017ed\u00e9 sezony je \u00fa\u010dast na vybran\u00e9 akci se startovn\u00edm \u010d\u00edslem. Nemus\u00edte [&hellip;]<\/p>\n","protected":false},"author":138,"featured_media":29040,"comment_status":"open","ping_status":"open","sticky":false,"template":"","format":"standard","meta":{"footnotes":""},"categories":[4018],"tags":[4164,126,2001,206,2956,4163,3927,3154,9],"global-categories":[411],"class_list":["post-29037","post","type-post","status-publish","format-standard","has-post-thumbnail","hentry","category-cyklistika","tag-blinduro","tag-cyklistika","tag-gravel","tag-kolo-pro-zivot","tag-krakonosuv-cyklomaraton","tag-krusnoton-2025","tag-letape-2025","tag-prima-cup","tag-silnicni-cyklistika","global-categories-cycling"],"yoast_head":"<!-- This site is optimized with the Yoast SEO Premium plugin v25.3 (Yoast SEO v25.9) - https:\/\/yoast.com\/wordpress\/plugins\/seo\/ -->\n<title>Jak\u00fd z\u00e1vod vybrat pro motivaci? | \u0160koda We Love Cycling - \u010cesk\u00e1 republika<\/title>\n<meta name=\"description\" content=\"Nejlep\u0161\u00ed motivace pro cyklistick\u00fd tr\u00e9nink? Nemus\u00edte p\u0159itom l\u00e1mat rekordy, jde o z\u00e1\u017eitky. Jak\u00fd z\u00e1vod v roce 2025 vybrat?\" \/>\n<meta name=\"robots\" content=\"index, follow, max-snippet:-1, max-image-preview:large, max-video-preview:-1\" \/>\n<link rel=\"canonical\" href=\"https:\/\/www.welovecycling.com\/cs\/2025\/04\/25\/jaky-zavod-vybrat-pro-motivaci\/\" \/>\n<meta property=\"og:locale\" content=\"cs_CZ\" \/>\n<meta property=\"og:type\" content=\"article\" \/>\n<meta property=\"og:title\" content=\"Jak\u00fd z\u00e1vod vybrat pro motivaci?\" \/>\n<meta property=\"og:description\" content=\"Nejlep\u0161\u00ed motivace pro cyklistick\u00fd tr\u00e9nink? Nemus\u00edte p\u0159itom l\u00e1mat rekordy, jde o z\u00e1\u017eitky. Jak\u00fd z\u00e1vod v roce 2025 vybrat?\" \/>\n<meta property=\"og:url\" content=\"https:\/\/www.welovecycling.com\/cs\/2025\/04\/25\/jaky-zavod-vybrat-pro-motivaci\/\" \/>\n<meta property=\"og:site_name\" content=\"\u0160koda We Love Cycling - \u010cesk\u00e1 republika\" \/>\n<meta property=\"article:published_time\" content=\"2025-04-25T09:53:10+00:00\" \/>\n<meta property=\"article:modified_time\" content=\"2025-04-25T10:03:59+00:00\" \/>\n<meta property=\"og:image\" content=\"https:\/\/d2p6e6u75xmxt8.cloudfront.net\/13\/2025\/04\/Prima-CUP-Stolove-hory-trasa-2-1536x1024-1.webp\" \/>\n\t<meta property=\"og:image:width\" content=\"1536\" \/>\n\t<meta property=\"og:image:height\" content=\"1024\" \/>\n\t<meta property=\"og:image:type\" content=\"image\/webp\" \/>\n<meta name=\"author\" content=\"radekmalina\" \/>\n<meta name=\"twitter:card\" content=\"summary_large_image\" \/>\n<meta name=\"twitter:label1\" content=\"Written by\" \/>\n\t<meta name=\"twitter:data1\" content=\"We Love Cycling\" \/>\n\t<meta name=\"twitter:label2\" content=\"Est. reading time\" \/>\n\t<meta name=\"twitter:data2\" content=\"5\" \/>\n<script type=\"application\/ld+json\" class=\"yoast-schema-graph\">{\"@context\":\"https:\/\/schema.org\",\"@graph\":[{\"@type\":\"WebPage\",\"@id\":\"https:\/\/www.welovecycling.com\/cs\/2025\/04\/25\/jaky-zavod-vybrat-pro-motivaci\/\",\"url\":\"https:\/\/www.welovecycling.com\/cs\/2025\/04\/25\/jaky-zavod-vybrat-pro-motivaci\/\",\"name\":\"Jak\u00fd z\u00e1vod vybrat pro motivaci? | \u0160koda We Love Cycling - \u010cesk\u00e1 republika\",\"isPartOf\":{\"@id\":\"https:\/\/www.welovecycling.com\/cs\/#website\"},\"primaryImageOfPage\":{\"@id\":\"https:\/\/www.welovecycling.com\/cs\/2025\/04\/25\/jaky-zavod-vybrat-pro-motivaci\/#primaryimage\"},\"image\":{\"@id\":\"https:\/\/www.welovecycling.com\/cs\/2025\/04\/25\/jaky-zavod-vybrat-pro-motivaci\/#primaryimage\"},\"thumbnailUrl\":\"https:\/\/d2p6e6u75xmxt8.cloudfront.net\/13\/2025\/04\/Prima-CUP-Stolove-hory-trasa-2-1536x1024-1.webp\",\"datePublished\":\"2025-04-25T09:53:10+00:00\",\"dateModified\":\"2025-04-25T10:03:59+00:00\",\"author\":{\"@id\":\"https:\/\/www.welovecycling.com\/cs\/#\/schema\/person\/d9eeb0a378f3a7e4a6d12d2b536b04b8\"},\"description\":\"Nejlep\u0161\u00ed motivace pro cyklistick\u00fd tr\u00e9nink? Nemus\u00edte p\u0159itom l\u00e1mat rekordy, jde o z\u00e1\u017eitky. Jak\u00fd z\u00e1vod v roce 2025 vybrat?\",\"inLanguage\":\"cs\",\"potentialAction\":[{\"@type\":\"ReadAction\",\"target\":[\"https:\/\/www.welovecycling.com\/cs\/2025\/04\/25\/jaky-zavod-vybrat-pro-motivaci\/\"]}]},{\"@type\":\"ImageObject\",\"inLanguage\":\"cs\",\"@id\":\"https:\/\/www.welovecycling.com\/cs\/2025\/04\/25\/jaky-zavod-vybrat-pro-motivaci\/#primaryimage\",\"url\":\"https:\/\/d2p6e6u75xmxt8.cloudfront.net\/13\/2025\/04\/Prima-CUP-Stolove-hory-trasa-2-1536x1024-1.webp\",\"contentUrl\":\"https:\/\/d2p6e6u75xmxt8.cloudfront.net\/13\/2025\/04\/Prima-CUP-Stolove-hory-trasa-2-1536x1024-1.webp\",\"width\":1536,\"height\":1024,\"caption\":\"Z\u00e1vod Prima Cup Stolov\u00e9 hory\"},{\"@type\":\"WebSite\",\"@id\":\"https:\/\/www.welovecycling.com\/cs\/#website\",\"url\":\"https:\/\/www.welovecycling.com\/cs\/\",\"name\":\"\u0160koda We Love Cycling - \u010cesk\u00e1 republika\",\"description\":\"WeLoveCycling.cz je online magaz\u00edn, kter\u00fd v\u00e1m pravideln\u011b p\u0159in\u00e1\u0161\u00ed rady a tipy, zaj\u00edmav\u00e9 \u010dl\u00e1nky, videa a jedine\u010dn\u00e9 report\u00e1\u017ee ze sv\u011bta cyklistiky.\",\"potentialAction\":[{\"@type\":\"SearchAction\",\"target\":{\"@type\":\"EntryPoint\",\"urlTemplate\":\"https:\/\/www.welovecycling.com\/cs\/?s={search_term_string}\"},\"query-input\":{\"@type\":\"PropertyValueSpecification\",\"valueRequired\":true,\"valueName\":\"search_term_string\"}}],\"inLanguage\":\"cs\"},{\"@type\":\"Person\",\"@id\":\"https:\/\/www.welovecycling.com\/cs\/#\/schema\/person\/d9eeb0a378f3a7e4a6d12d2b536b04b8\",\"name\":\"radekmalina\",\"image\":{\"@type\":\"ImageObject\",\"inLanguage\":\"cs\",\"@id\":\"https:\/\/www.welovecycling.com\/cs\/#\/schema\/person\/image\/\",\"url\":\"https:\/\/secure.gravatar.com\/avatar\/66994b632cb8c39a46b9f54afa3ae07201b678d32a54275b6f1c9ffec356bfc0?s=96&d=mm&r=g\",\"contentUrl\":\"https:\/\/secure.gravatar.com\/avatar\/66994b632cb8c39a46b9f54afa3ae07201b678d32a54275b6f1c9ffec356bfc0?s=96&d=mm&r=g\",\"caption\":\"radekmalina\"},\"url\":\"https:\/\/www.welovecycling.com\/cs\/author\/radekmalina\/\"}]}<\/script>\n<!-- \/ Yoast SEO Premium plugin. -->","yoast_head_json":{"title":"Jak\u00fd z\u00e1vod vybrat pro motivaci? | \u0160koda We Love Cycling - \u010cesk\u00e1 republika","description":"Nejlep\u0161\u00ed motivace pro cyklistick\u00fd tr\u00e9nink? Nemus\u00edte p\u0159itom l\u00e1mat rekordy, jde o z\u00e1\u017eitky. Jak\u00fd z\u00e1vod v roce 2025 vybrat?","robots":{"index":"index","follow":"follow","max-snippet":"max-snippet:-1","max-image-preview":"max-image-preview:large","max-video-preview":"max-video-preview:-1"},"canonical":"https:\/\/www.welovecycling.com\/cs\/2025\/04\/25\/jaky-zavod-vybrat-pro-motivaci\/","og_locale":"cs_CZ","og_type":"article","og_title":"Jak\u00fd z\u00e1vod vybrat pro motivaci?","og_description":"Nejlep\u0161\u00ed motivace pro cyklistick\u00fd tr\u00e9nink? Nemus\u00edte p\u0159itom l\u00e1mat rekordy, jde o z\u00e1\u017eitky. Jak\u00fd z\u00e1vod v roce 2025 vybrat?","og_url":"https:\/\/www.welovecycling.com\/cs\/2025\/04\/25\/jaky-zavod-vybrat-pro-motivaci\/","og_site_name":"\u0160koda We Love Cycling - \u010cesk\u00e1 republika","article_published_time":"2025-04-25T09:53:10+00:00","article_modified_time":"2025-04-25T10:03:59+00:00","og_image":[{"width":1536,"height":1024,"url":"https:\/\/d2p6e6u75xmxt8.cloudfront.net\/13\/2025\/04\/Prima-CUP-Stolove-hory-trasa-2-1536x1024-1.webp","type":"image\/webp"}],"author":"radekmalina","twitter_card":"summary_large_image","twitter_misc":{"Written by":"We Love Cycling","Est. reading time":"5"},"schema":{"@context":"https:\/\/schema.org","@graph":[{"@type":"WebPage","@id":"https:\/\/www.welovecycling.com\/cs\/2025\/04\/25\/jaky-zavod-vybrat-pro-motivaci\/","url":"https:\/\/www.welovecycling.com\/cs\/2025\/04\/25\/jaky-zavod-vybrat-pro-motivaci\/","name":"Jak\u00fd z\u00e1vod vybrat pro motivaci? | \u0160koda We Love Cycling - \u010cesk\u00e1 republika","isPartOf":{"@id":"https:\/\/www.welovecycling.com\/cs\/#website"},"primaryImageOfPage":{"@id":"https:\/\/www.welovecycling.com\/cs\/2025\/04\/25\/jaky-zavod-vybrat-pro-motivaci\/#primaryimage"},"image":{"@id":"https:\/\/www.welovecycling.com\/cs\/2025\/04\/25\/jaky-zavod-vybrat-pro-motivaci\/#primaryimage"},"thumbnailUrl":"https:\/\/d2p6e6u75xmxt8.cloudfront.net\/13\/2025\/04\/Prima-CUP-Stolove-hory-trasa-2-1536x1024-1.webp","datePublished":"2025-04-25T09:53:10+00:00","dateModified":"2025-04-25T10:03:59+00:00","author":{"@id":"https:\/\/www.welovecycling.com\/cs\/#\/schema\/person\/d9eeb0a378f3a7e4a6d12d2b536b04b8"},"description":"Nejlep\u0161\u00ed motivace pro cyklistick\u00fd tr\u00e9nink? Nemus\u00edte p\u0159itom l\u00e1mat rekordy, jde o z\u00e1\u017eitky. Jak\u00fd z\u00e1vod v roce 2025 vybrat?","inLanguage":"cs","potentialAction":[{"@type":"ReadAction","target":["https:\/\/www.welovecycling.com\/cs\/2025\/04\/25\/jaky-zavod-vybrat-pro-motivaci\/"]}]},{"@type":"ImageObject","inLanguage":"cs","@id":"https:\/\/www.welovecycling.com\/cs\/2025\/04\/25\/jaky-zavod-vybrat-pro-motivaci\/#primaryimage","url":"https:\/\/d2p6e6u75xmxt8.cloudfront.net\/13\/2025\/04\/Prima-CUP-Stolove-hory-trasa-2-1536x1024-1.webp","contentUrl":"https:\/\/d2p6e6u75xmxt8.cloudfront.net\/13\/2025\/04\/Prima-CUP-Stolove-hory-trasa-2-1536x1024-1.webp","width":1536,"height":1024,"caption":"Z\u00e1vod Prima Cup Stolov\u00e9 hory"},{"@type":"WebSite","@id":"https:\/\/www.welovecycling.com\/cs\/#website","url":"https:\/\/www.welovecycling.com\/cs\/","name":"\u0160koda We Love Cycling - \u010cesk\u00e1 republika","description":"WeLoveCycling.cz je online magaz\u00edn, kter\u00fd v\u00e1m pravideln\u011b p\u0159in\u00e1\u0161\u00ed rady a tipy, zaj\u00edmav\u00e9 \u010dl\u00e1nky, videa a jedine\u010dn\u00e9 report\u00e1\u017ee ze sv\u011bta cyklistiky.","potentialAction":[{"@type":"SearchAction","target":{"@type":"EntryPoint","urlTemplate":"https:\/\/www.welovecycling.com\/cs\/?s={search_term_string}"},"query-input":{"@type":"PropertyValueSpecification","valueRequired":true,"valueName":"search_term_string"}}],"inLanguage":"cs"},{"@type":"Person","@id":"https:\/\/www.welovecycling.com\/cs\/#\/schema\/person\/d9eeb0a378f3a7e4a6d12d2b536b04b8","name":"radekmalina","image":{"@type":"ImageObject","inLanguage":"cs","@id":"https:\/\/www.welovecycling.com\/cs\/#\/schema\/person\/image\/","url":"https:\/\/secure.gravatar.com\/avatar\/66994b632cb8c39a46b9f54afa3ae07201b678d32a54275b6f1c9ffec356bfc0?s=96&d=mm&r=g","contentUrl":"https:\/\/secure.gravatar.com\/avatar\/66994b632cb8c39a46b9f54afa3ae07201b678d32a54275b6f1c9ffec356bfc0?s=96&d=mm&r=g","caption":"radekmalina"},"url":"https:\/\/www.welovecycling.com\/cs\/author\/radekmalina\/"}]}},"_links":{"self":[{"href":"https:\/\/www.welovecycling.com\/cs\/wp-json\/wp\/v2\/posts\/29037","targetHints":{"allow":["GET"]}}],"collection":[{"href":"https:\/\/www.welovecycling.com\/cs\/wp-json\/wp\/v2\/posts"}],"about":[{"href":"https:\/\/www.welovecycling.com\/cs\/wp-json\/wp\/v2\/types\/post"}],"author":[{"embeddable":true,"href":"https:\/\/www.welovecycling.com\/cs\/wp-json\/wp\/v2\/users\/138"}],"replies":[{"embeddable":true,"href":"https:\/\/www.welovecycling.com\/cs\/wp-json\/wp\/v2\/comments?post=29037"}],"version-history":[{"count":5,"href":"https:\/\/www.welovecycling.com\/cs\/wp-json\/wp\/v2\/posts\/29037\/revisions"}],"predecessor-version":[{"id":29044,"href":"https:\/\/www.welovecycling.com\/cs\/wp-json\/wp\/v2\/posts\/29037\/revisions\/29044"}],"wp:featuredmedia":[{"embeddable":true,"href":"https:\/\/www.welovecycling.com\/cs\/wp-json\/wp\/v2\/media\/29040"}],"wp:attachment":[{"href":"https:\/\/www.welovecycling.com\/cs\/wp-json\/wp\/v2\/media?parent=29037"}],"wp:term":[{"taxonomy":"category","embeddable":true,"href":"https:\/\/www.welovecycling.com\/cs\/wp-json\/wp\/v2\/categories?post=29037"},{"taxonomy":"post_tag","embeddable":true,"href":"https:\/\/www.welovecycling.com\/cs\/wp-json\/wp\/v2\/tags?post=29037"},{"taxonomy":"global-categories","embeddable":true,"href":"https:\/\/www.welovecycling.com\/cs\/wp-json\/wp\/v2\/global-categories?post=29037"}],"curies":[{"name":"wp","href":"https:\/\/api.w.org\/{rel}","templated":true}]}}