{"id":2899,"date":"2019-07-15T07:33:13","date_gmt":"2019-07-15T06:33:13","guid":{"rendered":"https:\/\/www.welovecycling.com\/cs\/?p=2899"},"modified":"2019-07-15T07:36:13","modified_gmt":"2019-07-15T06:36:13","slug":"co-ceka-na-krale-tour-de-france-500-000-eur-za-3-tydny-driny-welovecycling-cr","status":"publish","type":"post","link":"https:\/\/www.welovecycling.com\/cs\/2019\/07\/15\/co-ceka-na-krale-tour-de-france-500-000-eur-za-3-tydny-driny-welovecycling-cr\/","title":{"rendered":"Co \u010dek\u00e1 na kr\u00e1le Tour? Za t\u0159\u00edt\u00fddenn\u00ed d\u0159inu p\u016fl mili\u00f3nu eur"},"content":{"rendered":"<p><strong><a href=\"https:\/\/www.letour.fr\/en\">Tour de France<\/a> bol\u00ed. Ka\u017ed\u00e9ho, kdo ji kdy absolvoval. A je jedno, zda \u0161lo o prvn\u00ed ro\u010dn\u00edk v\u00a0roce 1903 nebo ten prob\u00edhaj\u00edc\u00ed s\u00a0po\u0159adov\u00fdm \u010d\u00edslem 106. Je to t\u0159\u00edt\u00fddenn\u00ed peklo v\u00a0sedle. Ten, kdo v\u00a0Pa\u0159\u00ed\u017ei stane letos na nejvy\u0161\u0161\u00edm stupni, obdr\u017e\u00ed finan\u010dn\u00ed pr\u00e9mii 500\u00a0000 eur.<\/strong><\/p>\n<p><!--more--><\/p>\n<p>Jen pro zaj\u00edmavost, brazilsk\u00fd fotbalista <a href=\"http:\/\/www.neymaroficial.com\/pt\">Neymar<\/a>, kter\u00fd se v\u00a0t\u011bchto dnech sna\u017e\u00ed vytrucovat si p\u0159estup z\u00a0PSG do Barcelony, vyd\u011bl\u00e1 v\u00a0pa\u0159\u00ed\u017esk\u00e9m klubu tuhle sumu za necel\u00fdch p\u011bt dn\u00ed. Jeho t\u00fddenn\u00ed g\u00e1\u017ee je p\u0159es 700\u00a0000 eur, p\u0159esn\u011b 705\u00a0747 eur. V\u00edt\u011bzov\u00e9 dvouher tenisov\u00e9ho Wimbledonu, kter\u00fd se tradi\u010dn\u011b s\u00a0Tour p\u0159ekr\u00fdv\u00e1, vyd\u011blaj\u00ed 2\u00a0645\u00a0874 eur.<\/p>\n<p>https:\/\/www.instagram.com\/p\/Bz6Bu3NFwdj\/<\/p>\n<p>Samoz\u0159ejm\u011b, \u017ee v\u00a0tenise a fotbale se to\u010d\u00ed daleko v\u011bt\u0161\u00ed pen\u00edze, ale je t\u0159eba si p\u0159iznat, \u017ee ve srovn\u00e1n\u00ed s\u00a0t\u00edm nen\u00ed v\u00edt\u011bz Tour adekv\u00e1tn\u011b ohodnocen. P\u016fl mili\u00f3nu eur pro v\u00edt\u011bze Tour de France samoz\u0159ejm\u011b nen\u00ed kone\u010dn\u00e1 suma. Je nutno k\u00a0n\u00ed p\u0159ipo\u010d\u00edtat prize money za po\u0159ad\u00ed t\u00fdm\u016f, postaven\u00ed v\u00a0jednotliv\u00fdch sout\u011b\u017e\u00edch, pen\u00edze za um\u00edst\u011bn\u00ed v\u00a0jednotliv\u00fdch etap\u00e1ch i za to, kolik dn\u00ed tr\u00e1v\u00edte nap\u0159. ve \u017elut\u00e9m dresu l\u00eddra.<\/p>\n<p>Tak\u017ee t\u0159eba lo\u0148sk\u00fd v\u00edt\u011bz <a href=\"https:\/\/www.geraintthomas.com\/\">Geraint Thomas<\/a> vyd\u011blal celkem 527\u00a0500 eur. K\u00a0tomu je ov\u0161em nutno p\u0159ipo\u010d\u00edst bonusy od t\u00fdmu i sponzor\u016f, kter\u00e9 maj\u00ed nejv\u011bt\u0161\u00ed hv\u011bzdy v\u00a0kontraktech. Ve srovn\u00e1n\u00ed s\u00a0t\u00edm mohou b\u00fdt ofici\u00e1ln\u00ed prize money jen hodn\u011b malou \u010d\u00e1stkou. A hlavn\u011b: v\u00a0p\u0159\u00edpad\u011b v\u00edt\u011bze Tour daleko v\u00edc vylet\u00ed jeho cena.<\/p>\n<p>Kdy\u017e se Tour konala v\u00a0roce 1903 poprv\u00e9, po\u0159\u00e1daj\u00edc\u00ed noviny L\u00b4Auto vyhl\u00e1sily, \u017ee ka\u017ed\u00fd, kdo se chce z\u00fa\u010dastnit, mus\u00ed zaplatit poplatek 20 frank\u016f, co\u017e se z\u00e1vodn\u00edk\u016fm moc nel\u00edbilo. A tak se stalo, \u017ee t\u00fdden p\u0159ed startem bylo p\u0159ihl\u00e1\u0161eno jen 15 cyklist\u016f. Organiz\u00e1to\u0159i \u0159ekli: Nep\u0159\u00edpustn\u00e9!<\/p>\n<figure id=\"attachment_2886\" aria-describedby=\"caption-attachment-2886\" style=\"width: 600px\" class=\"wp-caption alignnone\"><a href=\"https:\/\/d2p6e6u75xmxt8.cloudfront.net\/13\/2019\/07\/14.jpg\"><img loading=\"lazy\" decoding=\"async\" class=\"size-full wp-image-2886\" src=\"https:\/\/d2p6e6u75xmxt8.cloudfront.net\/13\/2019\/07\/14.jpg\" alt=\"\" width=\"600\" height=\"869\" \/><\/a><figcaption id=\"caption-attachment-2886\" class=\"wp-caption-text\">Premi\u00e9rov\u00fd ro\u010dn\u00edk Tour de France 1903.<\/figcaption><\/figure>\n<p>Tak\u017ee do\u0161lo ke zm\u011bn\u011b: z\u00e1vod byl zkr\u00e1cen na t\u0159i t\u00fddny z\u00a0p\u016fvodn\u00edch p\u011bti, celkov\u00e9 prize money se zv\u00fd\u0161ily na 20\u00a0000 frank\u016f, startovn\u00e9 \u010dinilo jen 10 frank\u016f a 50 nejlep\u0161\u00edch cyklist\u016f v\u00a0po\u0159ad\u00ed m\u011blo garantov\u00e1no 5 frank\u016f denn\u011b jako kapesn\u00e9.<\/p>\n<p>Pot\u00e9 se p\u0159ihl\u00e1silo 79 lid\u00ed, z\u00a0nich\u017e nakonec 60 vyrazilo do bitvy s\u00a0\u0161esti pekeln\u011b dlouh\u00fdmi etapami (t\u0159eba ta posledn\u00ed z\u00a0Nantes do Pa\u0159\u00ed\u017ee m\u011b\u0159ila 471 km). A t\u011bch 20 tis\u00edc pro v\u00edt\u011bze z\u00edskal dom\u00e1c\u00ed borec Maurice Garin, kter\u00fd 2 428 km absolvoval v celkov\u00e9m \u010dase 94:33:14 hod.<\/p>\n<figure id=\"attachment_2872\" aria-describedby=\"caption-attachment-2872\" style=\"width: 640px\" class=\"wp-caption alignnone\"><a href=\"https:\/\/d2p6e6u75xmxt8.cloudfront.net\/13\/2019\/07\/1903.jpg\"><img loading=\"lazy\" decoding=\"async\" class=\"size-full wp-image-2872\" src=\"https:\/\/d2p6e6u75xmxt8.cloudfront.net\/13\/2019\/07\/1903.jpg\" alt=\"\" width=\"640\" height=\"715\" \/><\/a><figcaption id=\"caption-attachment-2872\" class=\"wp-caption-text\">1903:\u00a0Tour de France winner Maurice Garin<\/figcaption><\/figure>\n<p>Jen pro srovn\u00e1n\u00ed: lo\u0148sk\u00e1 Tour m\u011b\u0159ila 3 351 km a Geraint Thomas zvl\u00e1dl 21 etap v\u00a0celkov\u00e9m \u010dase 83:17:13. I kdy\u017e se to v\u00a0podstat\u011b srovn\u00e1vat ned\u00e1. Jezd\u00ed se \u00fapln\u011b jinak, na zcela jin\u00e9m materi\u00e1lu, v\u00a0daleko rychlej\u0161\u00edm tempu, daleko v\u00edce v\u00a0hor\u00e1ch.<\/p>\n<p>Je t\u011b\u017ek\u00e9 \u0159\u00edct, kolik z\u00a0vyhran\u00fdch pen\u011bz skute\u010dn\u011b obdr\u017e\u00ed ten \u010di onen z\u00e1vodn\u00edk. V\u00a0cyklistice plat\u00ed pravidlo, \u017ee se v\u0161e d\u011bl\u00ed rovn\u00fdm d\u00edlem. To znamen\u00e1, \u017ee ve\u0161ker\u00e9 pen\u00edze vyd\u011blan\u00e9 na Tour dan\u00fdm t\u00fdmem a jeho jezdci se se\u010dtou a rozd\u011bl\u00ed se na dev\u011bt d\u00edl\u016f. Osm dostanou z\u00e1vodn\u00edci a zbyl\u00fd dev\u00e1t\u00fd d\u00edl se rozd\u011bl\u00ed mezi mas\u00e9ry, mechaniky i fyzioterapeuty.<\/p>\n<p>V\u00edt\u011bz Tour \u010dasto sv\u00fdm koleg\u016fm je\u0161t\u011b koup\u00ed n\u011bjak\u00fd d\u00e1rek nebo je odm\u011bn\u00ed i jinak. T\u0159eba takov\u00fd Lance Armstrong, kter\u00fd o v\u0161ech sv\u00fdch sedm titul\u016f p\u0159i\u0161el kv\u016fli u\u017e\u00edv\u00e1n\u00ed dopingu, d\u00e1val ka\u017ed\u00e9mu z\u00a0t\u00fdmu na konci Tour je\u0161t\u011b speci\u00e1ln\u00ed finan\u010dn\u00ed bonus.<\/p>\n","protected":false},"excerpt":{"rendered":"<p>Tour de France bol\u00ed. Ka\u017ed\u00e9ho, kdo ji kdy absolvoval. A je jedno, zda \u0161lo o prvn\u00ed ro\u010dn\u00edk v\u00a0roce 1903 nebo [&hellip;]<\/p>\n","protected":false},"author":95,"featured_media":2898,"comment_status":"open","ping_status":"open","sticky":false,"template":"","format":"standard","meta":{"footnotes":""},"categories":[243],"tags":[309,242,333,332,331,330,23],"global-categories":[],"class_list":["post-2899","post","type-post","status-publish","format-standard","has-post-thumbnail","hentry","category-welovecycling-com-cs-tdf","tag-geraint-thomas","tag-lance-armstrong","tag-maurice-garin","tag-neymar-jr","tag-penize","tag-prize-money","tag-tour-de-france"],"yoast_head":"<!-- This site is optimized with the Yoast SEO Premium plugin v25.3 (Yoast SEO v25.9) - https:\/\/yoast.com\/wordpress\/plugins\/seo\/ -->\n<title>Co \u010dek\u00e1 na kr\u00e1le Tour? Za t\u0159\u00edt\u00fddenn\u00ed d\u0159inu p\u016fl mili\u00f3nu eur | \u0160koda We Love Cycling - \u010cesk\u00e1 republika<\/title>\n<meta name=\"description\" content=\"Tour de France bol\u00ed. Je to t\u0159\u00edt\u00fddenn\u00ed peklo v\u00a0sedle. Ten, kdo v\u00a0Pa\u0159\u00ed\u017ei stane letos na nejvy\u0161\u0161\u00edm stupni, obdr\u017e\u00ed finan\u010dn\u00ed pr\u00e9mii 500\u00a0000 eur.\" \/>\n<meta name=\"robots\" content=\"index, follow, max-snippet:-1, max-image-preview:large, max-video-preview:-1\" \/>\n<link rel=\"canonical\" href=\"https:\/\/www.welovecycling.com\/cs\/2019\/07\/15\/co-ceka-na-krale-tour-de-france-500-000-eur-za-3-tydny-driny-welovecycling-cr\/\" \/>\n<meta property=\"og:locale\" content=\"cs_CZ\" \/>\n<meta property=\"og:type\" content=\"article\" \/>\n<meta property=\"og:title\" content=\"Co \u010dek\u00e1 na kr\u00e1le Tour? Za t\u0159\u00edt\u00fddenn\u00ed d\u0159inu p\u016fl mili\u00f3nu eur\" \/>\n<meta property=\"og:description\" content=\"Tour de France bol\u00ed. Je to t\u0159\u00edt\u00fddenn\u00ed peklo v\u00a0sedle. Ten, kdo v\u00a0Pa\u0159\u00ed\u017ei stane letos na nejvy\u0161\u0161\u00edm stupni, obdr\u017e\u00ed finan\u010dn\u00ed pr\u00e9mii 500\u00a0000 eur.\" \/>\n<meta property=\"og:url\" content=\"https:\/\/www.welovecycling.com\/cs\/2019\/07\/15\/co-ceka-na-krale-tour-de-france-500-000-eur-za-3-tydny-driny-welovecycling-cr\/\" \/>\n<meta property=\"og:site_name\" content=\"\u0160koda We Love Cycling - \u010cesk\u00e1 republika\" \/>\n<meta property=\"article:published_time\" content=\"2019-07-15T06:33:13+00:00\" \/>\n<meta property=\"article:modified_time\" content=\"2019-07-15T06:36:13+00:00\" \/>\n<meta property=\"og:image\" content=\"https:\/\/d2p6e6u75xmxt8.cloudfront.net\/13\/2019\/07\/Tour-de-France-Froome-CVR-profimedia-0235966430.webp\" \/>\n\t<meta property=\"og:image:width\" content=\"1366\" \/>\n\t<meta property=\"og:image:height\" content=\"600\" \/>\n\t<meta property=\"og:image:type\" content=\"image\/webp\" \/>\n<meta name=\"twitter:card\" content=\"summary_large_image\" \/>\n<meta name=\"twitter:label1\" content=\"Written by\" \/>\n\t<meta name=\"twitter:data1\" content=\"Jan Kr\u016fta\" \/>\n\t<meta name=\"twitter:label2\" content=\"Est. reading time\" \/>\n\t<meta name=\"twitter:data2\" content=\"7\" \/>\n<script type=\"application\/ld+json\" class=\"yoast-schema-graph\">{\"@context\":\"https:\/\/schema.org\",\"@graph\":[{\"@type\":\"WebPage\",\"@id\":\"https:\/\/www.welovecycling.com\/cs\/2019\/07\/15\/co-ceka-na-krale-tour-de-france-500-000-eur-za-3-tydny-driny-welovecycling-cr\/\",\"url\":\"https:\/\/www.welovecycling.com\/cs\/2019\/07\/15\/co-ceka-na-krale-tour-de-france-500-000-eur-za-3-tydny-driny-welovecycling-cr\/\",\"name\":\"Co \u010dek\u00e1 na kr\u00e1le Tour? Za t\u0159\u00edt\u00fddenn\u00ed d\u0159inu p\u016fl mili\u00f3nu eur | \u0160koda We Love Cycling - \u010cesk\u00e1 republika\",\"isPartOf\":{\"@id\":\"https:\/\/www.welovecycling.com\/cs\/#website\"},\"primaryImageOfPage\":{\"@id\":\"https:\/\/www.welovecycling.com\/cs\/2019\/07\/15\/co-ceka-na-krale-tour-de-france-500-000-eur-za-3-tydny-driny-welovecycling-cr\/#primaryimage\"},\"image\":{\"@id\":\"https:\/\/www.welovecycling.com\/cs\/2019\/07\/15\/co-ceka-na-krale-tour-de-france-500-000-eur-za-3-tydny-driny-welovecycling-cr\/#primaryimage\"},\"thumbnailUrl\":\"https:\/\/d2p6e6u75xmxt8.cloudfront.net\/13\/2019\/07\/Tour-de-France-Froome-CVR-profimedia-0235966430.webp\",\"datePublished\":\"2019-07-15T06:33:13+00:00\",\"dateModified\":\"2019-07-15T06:36:13+00:00\",\"author\":{\"@id\":\"\"},\"description\":\"Tour de France bol\u00ed. Je to t\u0159\u00edt\u00fddenn\u00ed peklo v\u00a0sedle. Ten, kdo v\u00a0Pa\u0159\u00ed\u017ei stane letos na nejvy\u0161\u0161\u00edm stupni, obdr\u017e\u00ed finan\u010dn\u00ed pr\u00e9mii 500\u00a0000 eur.\",\"inLanguage\":\"cs\",\"potentialAction\":[{\"@type\":\"ReadAction\",\"target\":[\"https:\/\/www.welovecycling.com\/cs\/2019\/07\/15\/co-ceka-na-krale-tour-de-france-500-000-eur-za-3-tydny-driny-welovecycling-cr\/\"]}]},{\"@type\":\"ImageObject\",\"inLanguage\":\"cs\",\"@id\":\"https:\/\/www.welovecycling.com\/cs\/2019\/07\/15\/co-ceka-na-krale-tour-de-france-500-000-eur-za-3-tydny-driny-welovecycling-cr\/#primaryimage\",\"url\":\"https:\/\/d2p6e6u75xmxt8.cloudfront.net\/13\/2019\/07\/Tour-de-France-Froome-CVR-profimedia-0235966430.webp\",\"contentUrl\":\"https:\/\/d2p6e6u75xmxt8.cloudfront.net\/13\/2019\/07\/Tour-de-France-Froome-CVR-profimedia-0235966430.webp\",\"width\":1366,\"height\":600,\"caption\":\"cChris Froome\"},{\"@type\":\"WebSite\",\"@id\":\"https:\/\/www.welovecycling.com\/cs\/#website\",\"url\":\"https:\/\/www.welovecycling.com\/cs\/\",\"name\":\"\u0160koda We Love Cycling - \u010cesk\u00e1 republika\",\"description\":\"WeLoveCycling.cz je online magaz\u00edn, kter\u00fd v\u00e1m pravideln\u011b p\u0159in\u00e1\u0161\u00ed rady a tipy, zaj\u00edmav\u00e9 \u010dl\u00e1nky, videa a jedine\u010dn\u00e9 report\u00e1\u017ee ze sv\u011bta cyklistiky.\",\"potentialAction\":[{\"@type\":\"SearchAction\",\"target\":{\"@type\":\"EntryPoint\",\"urlTemplate\":\"https:\/\/www.welovecycling.com\/cs\/?s={search_term_string}\"},\"query-input\":{\"@type\":\"PropertyValueSpecification\",\"valueRequired\":true,\"valueName\":\"search_term_string\"}}],\"inLanguage\":\"cs\"},{\"@type\":\"Person\",\"@id\":\"\",\"url\":\"https:\/\/www.welovecycling.com\/cs\/author\/\"}]}<\/script>\n<!-- \/ Yoast SEO Premium plugin. -->","yoast_head_json":{"title":"Co \u010dek\u00e1 na kr\u00e1le Tour? Za t\u0159\u00edt\u00fddenn\u00ed d\u0159inu p\u016fl mili\u00f3nu eur | \u0160koda We Love Cycling - \u010cesk\u00e1 republika","description":"Tour de France bol\u00ed. Je to t\u0159\u00edt\u00fddenn\u00ed peklo v\u00a0sedle. Ten, kdo v\u00a0Pa\u0159\u00ed\u017ei stane letos na nejvy\u0161\u0161\u00edm stupni, obdr\u017e\u00ed finan\u010dn\u00ed pr\u00e9mii 500\u00a0000 eur.","robots":{"index":"index","follow":"follow","max-snippet":"max-snippet:-1","max-image-preview":"max-image-preview:large","max-video-preview":"max-video-preview:-1"},"canonical":"https:\/\/www.welovecycling.com\/cs\/2019\/07\/15\/co-ceka-na-krale-tour-de-france-500-000-eur-za-3-tydny-driny-welovecycling-cr\/","og_locale":"cs_CZ","og_type":"article","og_title":"Co \u010dek\u00e1 na kr\u00e1le Tour? Za t\u0159\u00edt\u00fddenn\u00ed d\u0159inu p\u016fl mili\u00f3nu eur","og_description":"Tour de France bol\u00ed. Je to t\u0159\u00edt\u00fddenn\u00ed peklo v\u00a0sedle. Ten, kdo v\u00a0Pa\u0159\u00ed\u017ei stane letos na nejvy\u0161\u0161\u00edm stupni, obdr\u017e\u00ed finan\u010dn\u00ed pr\u00e9mii 500\u00a0000 eur.","og_url":"https:\/\/www.welovecycling.com\/cs\/2019\/07\/15\/co-ceka-na-krale-tour-de-france-500-000-eur-za-3-tydny-driny-welovecycling-cr\/","og_site_name":"\u0160koda We Love Cycling - \u010cesk\u00e1 republika","article_published_time":"2019-07-15T06:33:13+00:00","article_modified_time":"2019-07-15T06:36:13+00:00","og_image":[{"width":1366,"height":600,"url":"https:\/\/d2p6e6u75xmxt8.cloudfront.net\/13\/2019\/07\/Tour-de-France-Froome-CVR-profimedia-0235966430.webp","type":"image\/webp"}],"twitter_card":"summary_large_image","twitter_misc":{"Written by":"Jan Kr\u016fta","Est. reading time":"7"},"schema":{"@context":"https:\/\/schema.org","@graph":[{"@type":"WebPage","@id":"https:\/\/www.welovecycling.com\/cs\/2019\/07\/15\/co-ceka-na-krale-tour-de-france-500-000-eur-za-3-tydny-driny-welovecycling-cr\/","url":"https:\/\/www.welovecycling.com\/cs\/2019\/07\/15\/co-ceka-na-krale-tour-de-france-500-000-eur-za-3-tydny-driny-welovecycling-cr\/","name":"Co \u010dek\u00e1 na kr\u00e1le Tour? Za t\u0159\u00edt\u00fddenn\u00ed d\u0159inu p\u016fl mili\u00f3nu eur | \u0160koda We Love Cycling - \u010cesk\u00e1 republika","isPartOf":{"@id":"https:\/\/www.welovecycling.com\/cs\/#website"},"primaryImageOfPage":{"@id":"https:\/\/www.welovecycling.com\/cs\/2019\/07\/15\/co-ceka-na-krale-tour-de-france-500-000-eur-za-3-tydny-driny-welovecycling-cr\/#primaryimage"},"image":{"@id":"https:\/\/www.welovecycling.com\/cs\/2019\/07\/15\/co-ceka-na-krale-tour-de-france-500-000-eur-za-3-tydny-driny-welovecycling-cr\/#primaryimage"},"thumbnailUrl":"https:\/\/d2p6e6u75xmxt8.cloudfront.net\/13\/2019\/07\/Tour-de-France-Froome-CVR-profimedia-0235966430.webp","datePublished":"2019-07-15T06:33:13+00:00","dateModified":"2019-07-15T06:36:13+00:00","author":{"@id":""},"description":"Tour de France bol\u00ed. Je to t\u0159\u00edt\u00fddenn\u00ed peklo v\u00a0sedle. Ten, kdo v\u00a0Pa\u0159\u00ed\u017ei stane letos na nejvy\u0161\u0161\u00edm stupni, obdr\u017e\u00ed finan\u010dn\u00ed pr\u00e9mii 500\u00a0000 eur.","inLanguage":"cs","potentialAction":[{"@type":"ReadAction","target":["https:\/\/www.welovecycling.com\/cs\/2019\/07\/15\/co-ceka-na-krale-tour-de-france-500-000-eur-za-3-tydny-driny-welovecycling-cr\/"]}]},{"@type":"ImageObject","inLanguage":"cs","@id":"https:\/\/www.welovecycling.com\/cs\/2019\/07\/15\/co-ceka-na-krale-tour-de-france-500-000-eur-za-3-tydny-driny-welovecycling-cr\/#primaryimage","url":"https:\/\/d2p6e6u75xmxt8.cloudfront.net\/13\/2019\/07\/Tour-de-France-Froome-CVR-profimedia-0235966430.webp","contentUrl":"https:\/\/d2p6e6u75xmxt8.cloudfront.net\/13\/2019\/07\/Tour-de-France-Froome-CVR-profimedia-0235966430.webp","width":1366,"height":600,"caption":"cChris Froome"},{"@type":"WebSite","@id":"https:\/\/www.welovecycling.com\/cs\/#website","url":"https:\/\/www.welovecycling.com\/cs\/","name":"\u0160koda We Love Cycling - \u010cesk\u00e1 republika","description":"WeLoveCycling.cz je online magaz\u00edn, kter\u00fd v\u00e1m pravideln\u011b p\u0159in\u00e1\u0161\u00ed rady a tipy, zaj\u00edmav\u00e9 \u010dl\u00e1nky, videa a jedine\u010dn\u00e9 report\u00e1\u017ee ze sv\u011bta cyklistiky.","potentialAction":[{"@type":"SearchAction","target":{"@type":"EntryPoint","urlTemplate":"https:\/\/www.welovecycling.com\/cs\/?s={search_term_string}"},"query-input":{"@type":"PropertyValueSpecification","valueRequired":true,"valueName":"search_term_string"}}],"inLanguage":"cs"},{"@type":"Person","@id":"","url":"https:\/\/www.welovecycling.com\/cs\/author\/"}]}},"_links":{"self":[{"href":"https:\/\/www.welovecycling.com\/cs\/wp-json\/wp\/v2\/posts\/2899","targetHints":{"allow":["GET"]}}],"collection":[{"href":"https:\/\/www.welovecycling.com\/cs\/wp-json\/wp\/v2\/posts"}],"about":[{"href":"https:\/\/www.welovecycling.com\/cs\/wp-json\/wp\/v2\/types\/post"}],"author":[{"embeddable":true,"href":"https:\/\/www.welovecycling.com\/cs\/wp-json\/wp\/v2\/users\/95"}],"replies":[{"embeddable":true,"href":"https:\/\/www.welovecycling.com\/cs\/wp-json\/wp\/v2\/comments?post=2899"}],"version-history":[{"count":2,"href":"https:\/\/www.welovecycling.com\/cs\/wp-json\/wp\/v2\/posts\/2899\/revisions"}],"predecessor-version":[{"id":2908,"href":"https:\/\/www.welovecycling.com\/cs\/wp-json\/wp\/v2\/posts\/2899\/revisions\/2908"}],"wp:featuredmedia":[{"embeddable":true,"href":"https:\/\/www.welovecycling.com\/cs\/wp-json\/wp\/v2\/media\/2898"}],"wp:attachment":[{"href":"https:\/\/www.welovecycling.com\/cs\/wp-json\/wp\/v2\/media?parent=2899"}],"wp:term":[{"taxonomy":"category","embeddable":true,"href":"https:\/\/www.welovecycling.com\/cs\/wp-json\/wp\/v2\/categories?post=2899"},{"taxonomy":"post_tag","embeddable":true,"href":"https:\/\/www.welovecycling.com\/cs\/wp-json\/wp\/v2\/tags?post=2899"},{"taxonomy":"global-categories","embeddable":true,"href":"https:\/\/www.welovecycling.com\/cs\/wp-json\/wp\/v2\/global-categories?post=2899"}],"curies":[{"name":"wp","href":"https:\/\/api.w.org\/{rel}","templated":true}]}}