{"id":28974,"date":"2025-04-19T08:51:16","date_gmt":"2025-04-19T06:51:16","guid":{"rendered":"https:\/\/www.welovecycling.com\/cs\/?p=28974"},"modified":"2025-04-19T08:52:37","modified_gmt":"2025-04-19T06:52:37","slug":"remco-evenepoel-nejtezsi-bitva-meho-zivota","status":"publish","type":"post","link":"https:\/\/www.welovecycling.com\/cs\/2025\/04\/19\/remco-evenepoel-nejtezsi-bitva-meho-zivota\/","title":{"rendered":"Remco Evenepoel: Nejt\u011b\u017e\u0161\u00ed bitva m\u00e9ho \u017eivota"},"content":{"rendered":"<p><strong>Ka\u0161lu na to! Nem\u00e1m zapot\u0159eb\u00ed v\u0161echnu d\u0159inu a od\u0159\u00edk\u00e1n\u00ed. Ukon\u010d\u00edm kari\u00e9ru. Hodn\u011b \u010dern\u00e9 my\u0161lenky m\u011bl Remco Evenepoel, cyklista t\u00fdmu Soudal Quick Step, kdy\u017e b\u011bhem jara absolvoval rekonvalescenci po prosincov\u00e9m p\u00e1du. &#8222;Byl jsem na dn\u011b,&#8220; p\u0159iznal p\u011btadvacetilet\u00fd Belgi\u010dan, ne\u017e se vrhnul po v\u00edce ne\u017e \u0161esti m\u011bs\u00edc\u00edch do z\u00e1vodn\u00edho koloto\u010de. A byl to n\u00e1vrat se v\u0161\u00ed par\u00e1dou: ve spurtu Brabantsk\u00e9ho \u0161\u00edpu porazil Wouta van Aerta.<\/strong><\/p>\n<p>Dvojn\u00e1sobn\u00fd olympijsk\u00fd \u0161ampion z Pa\u0159\u00ed\u017ee 2024 m\u011bl t\u0159et\u00ed prosincov\u00fd den tr\u00e9nink v noh\u00e1ch a vracel se k domovu. Jen\u017ee nepozorn\u00fd \u0159idi\u010d po\u0161tovn\u00edho vozu otev\u0159el dve\u0159e a \u00fa\u0159aduj\u00edc\u00edho mistra sv\u011bta v \u010dasovce sest\u0159elil. N\u00e1sledky? Zlomenina ruky, lopatky, ramene a \u017eeber.<\/p>\n<p>&#8222;Nen\u00ed to prvn\u00ed velk\u00e1 hav\u00e1rie, kter\u00e1 m\u011b potkala,&#8220; uji\u0161\u0165oval po p\u0159edv\u00e1no\u010dn\u00ed kalv\u00e1rii. Nenar\u00e1\u017eel jen na p\u00e1d v Baskicku v dubnu 2024, ale t\u0159eba na d\u011bsivou nehodu p\u0159i z\u00e1vod\u011b Kolem Lombardie v srpnu 2020, kdy nezvl\u00e1dl technick\u00fd sjezd, trefil kamenn\u00fd most a slet\u011bl do hlubok\u00e9 str\u017ee. Jako z\u00e1zrakem vyv\u00e1zl &#8222;jen&#8220; se zlomenou p\u00e1nv\u00ed a pohmo\u017ed\u011bn\u00fdmi pl\u00edcemi.<\/p>\n<h2><strong>Byl jsem na dn\u011b, p\u0159iznal Remco Evenepoel<\/strong><\/h2>\n<p>Jen\u017ee po t\u0159et\u00edm m\u00edst\u011b z Tour de France 2024 a n\u00e1sledn\u00fdch dvou zlat\u00fdch olympijsk\u00fdch medail\u00edch byl v odli\u0161n\u00e9 pozici. Velk\u00e1 o\u010dek\u00e1v\u00e1n\u00ed m\u011bl t\u00fdm, kter\u00fd se rozhodl zm\u011bnit strategii. Vl\u010d\u00ed sme\u010dka, jej\u00edm\u017e \u010dlenem byli je\u0161t\u011b ned\u00e1vno i Zden\u011bk \u0160tybar \u010di Petr Vako\u010d, m\u00edsto sb\u00edr\u00e1n\u00ed etapov\u00fdch \u010di klasik\u00e1\u0159sk\u00fdch v\u00edt\u011bzstv\u00ed vsadila na bitvy pro celkov\u00e9 po\u0159ad\u00ed s jasn\u00fdm l\u00eddrem, j\u00edm\u017e nem\u00e1 b\u00fdt nikdo jin\u00fd ne\u017e Remco Evenepoel. I fanou\u0161ci byli netrp\u011bliv\u00ed. Stejn\u011b jako samotn\u00fd z\u00e1vodn\u00edk.<\/p>\n<figure id=\"attachment_28976\" aria-describedby=\"caption-attachment-28976\" style=\"width: 1800px\" class=\"wp-caption alignnone\"><a href=\"https:\/\/d2p6e6u75xmxt8.cloudfront.net\/13\/2025\/04\/profimedia-0989547978.webp\"><img loading=\"lazy\" decoding=\"async\" class=\"size-full wp-image-28976\" src=\"https:\/\/d2p6e6u75xmxt8.cloudfront.net\/13\/2025\/04\/profimedia-0989547978.webp\" alt=\"\" width=\"1800\" height=\"1200\" srcset=\"https:\/\/d2p6e6u75xmxt8.cloudfront.net\/13\/2025\/04\/profimedia-0989547978.webp 1800w, https:\/\/d2p6e6u75xmxt8.cloudfront.net\/13\/2025\/04\/profimedia-0989547978-300x200.webp 300w, https:\/\/d2p6e6u75xmxt8.cloudfront.net\/13\/2025\/04\/profimedia-0989547978-1024x683.webp 1024w, https:\/\/d2p6e6u75xmxt8.cloudfront.net\/13\/2025\/04\/profimedia-0989547978-768x512.webp 768w, https:\/\/d2p6e6u75xmxt8.cloudfront.net\/13\/2025\/04\/profimedia-0989547978-1536x1024.webp 1536w, https:\/\/d2p6e6u75xmxt8.cloudfront.net\/13\/2025\/04\/profimedia-0989547978-400x267.webp 400w, https:\/\/d2p6e6u75xmxt8.cloudfront.net\/13\/2025\/04\/profimedia-0989547978-272x182.webp 272w\" sizes=\"auto, (max-width: 1800px) 100vw, 1800px\" \/><\/a><figcaption id=\"caption-attachment-28976\" class=\"wp-caption-text\"><em>Remco Evenepoel s man\u017eelkou v c\u00edli Brabantsk\u00e9ho \u0161\u00edpu 2025. Foto: profimedia (2x)<\/em><\/figcaption><\/figure>\n<p>&#8222;Vedl jsem nejt\u011b\u017e\u0161\u00ed bitvu m\u00e9ho dosavadn\u00edho \u017eivota. Uva\u017eoval jsem o konci kari\u00e9ry. Pochyboval o budoucnosti. Fyzicky i psychicky jsem byl na dn\u011b. Pro\u017e\u00edval jsem mnoho frustrace, do\u0161lo i na slzy,&#8220; vyznal se belgick\u00fd borec, jen\u017e k cyklistice p\u0159esedlal <a href=\"https:\/\/www.welovecycling.com\/cs\/2022\/08\/30\/remco-evenepoel-od-lasky-k-fotbalu\/\">od fotbalu teprve v sedmn\u00e1cti letech<\/a>. Kl\u00ed\u010dovou postavou jeho comebacku k z\u00e1vod\u011bn\u00ed byla man\u017eelka \u00a0Oumi Rayane. &#8222;P\u0159e\u017e\u00edt se mnou cel\u00e9 temn\u00e9 obdob\u00ed nebylo snadn\u00e9. Ka\u017ed\u00fd den m\u011b n\u011bco nau\u010dila. Zejm\u00e9na z\u016fstat soust\u0159ed\u011bn\u00fd a \u0161\u0165astn\u00fd.&#8220;<\/p>\n<p>\u0160est t\u00fddn\u016f po p\u00e1du a operaci Evenepoel nemohl jezdit na kole. V pr\u016fb\u011bhu rekonvalescence se nav\u00edc uk\u00e1zalo, \u017ee v prav\u00e9m rameni jsou po\u0161kozen\u00e9 nervy. &#8222;Kdybych byl basketbalista, tenista nebo volejbalista, moje kari\u00e9ra by skon\u010dila,&#8220; p\u0159iznal Remco Evenepol.<\/p>\n<div class=\"shortcode-ys-post-pinup\"><article class=\"loop-simple post-27822 post type-post status-publish format-standard has-post-thumbnail hentry category-bezpecnost category-zdravi-a-trenink tag-bezpecnost-jizdy tag-cyklistika tag-dooring tag-horska-cyklistika tag-jizda-ve-meste tag-jizdni-pruhy tag-kolize-cyklistu tag-nehody tag-remco-evenepoel tag-silnicni-cyklistika tag-srazka-s-vozem tag-trenink tag-zdravi-a-trenink global-categories-cycling\" data-postid=\"27822\" role=\"article\" data-post-id=\"27822\" data-word-count=\"469\" data-headline-length=\"23\" data-category=\"Bezpe\u010dnost\" data-global-category=\"Cycling\" data-author=\"Radek Malina\" data-published=\"2024-12-12T05:00:16+02:00\" data-published-day=\"Thursday\">\n    <div class=\"entry-thumbnail article-thumbnail\" content=\"https:\/\/d2p6e6u75xmxt8.cloudfront.net\/13\/2022\/09\/Vuelta-evenepoel-vesta-150x150.webp\"><a href=\"https:\/\/www.welovecycling.com\/cs\/2024\/12\/12\/jak-eliminovat-dooring\/\" class=\"image-holder\" target=\"_self\"><img decoding=\"async\" loading=\"lazy\" class=\"\" src=\"https:\/\/d2p6e6u75xmxt8.cloudfront.net\/13\/2022\/09\/Vuelta-evenepoel-vesta-1024x683.webp\" srcset=\"https:\/\/d2p6e6u75xmxt8.cloudfront.net\/13\/2022\/09\/Vuelta-evenepoel-vesta.webp 2048w, https:\/\/d2p6e6u75xmxt8.cloudfront.net\/13\/2022\/09\/Vuelta-evenepoel-vesta-300x200.webp 300w, https:\/\/d2p6e6u75xmxt8.cloudfront.net\/13\/2022\/09\/Vuelta-evenepoel-vesta-1024x683.webp 1024w, https:\/\/d2p6e6u75xmxt8.cloudfront.net\/13\/2022\/09\/Vuelta-evenepoel-vesta-768x512.webp 768w, https:\/\/d2p6e6u75xmxt8.cloudfront.net\/13\/2022\/09\/Vuelta-evenepoel-vesta-1536x1024.webp 1536w, https:\/\/d2p6e6u75xmxt8.cloudfront.net\/13\/2022\/09\/Vuelta-evenepoel-vesta-1920x1280.webp 1920w, https:\/\/d2p6e6u75xmxt8.cloudfront.net\/13\/2022\/09\/Vuelta-evenepoel-vesta-272x182.webp 272w, https:\/\/d2p6e6u75xmxt8.cloudfront.net\/13\/2022\/09\/Vuelta-evenepoel-vesta-1920x1280.webp 1920w\" width=\"1024\" height=\"683\" sizes=\"auto, (min-width: 1200px) 300px, (min-width: 768px) 25vw, 100vw\" alt=\"jak-eliminovat-dooring\"\/><\/a><\/div>    <div class=\"entry-meta\">\n        <a class=\"label label-secondary post-category\" href=\"https:\/\/www.welovecycling.com\/cs\/category\/bezpecnost\/\" title=\"Bezpe\u010dnost\">Bezpe\u010dnost<\/a>\n    <\/div>\n    <div class=\"entry-details\">\n        <a href=\"https:\/\/www.welovecycling.com\/cs\/2024\/12\/12\/jak-eliminovat-dooring\/\" class='entry-title-wrapper'>\n            <h3 class=\"entry-title\"><span>Jak eliminovat dooring?<\/span><\/h3>\n        <\/a>\n    <\/div>\n    <\/article>\n<\/div>\n<p>Pr\u00e1v\u011b tento probl\u00e9m byl zdrojem v\u0161ech pochybnost\u00ed. &#8222;V\u016fbec jsem netu\u0161il, kolik \u010dasu budu pot\u0159ebovat k l\u00e9\u010db\u011b. Nem\u011bl jsem \u017e\u00e1dn\u00e9 datum, k n\u011bmu\u017e bych se upnul,&#8220; popisoval belgick\u00fd cyklista.<\/p>\n<p>&#8222;Kdy\u017e je \u010dlov\u011bk zran\u011bn\u00fd poprv\u00e9, m\u00e1 plno energie k okam\u017eit\u00e9mu n\u00e1vratu. P\u0159i druh\u00e9m karambolu u\u017e nad\u0161en\u00ed sm\u011brem k pr\u00e1ci pot\u0159ebn\u00e9 pro comeback sl\u00e1bne. A jestli\u017ee p\u0159ijde t\u011b\u017ek\u00e9 obdob\u00ed pot\u0159et\u00ed v kr\u00e1tk\u00e9m sledu, je to \u0161patn\u00e9. \u010clov\u011bk pochybuje. \u0158\u00edkal jsem si, jestli chci je\u0161t\u011b jezdit? Zda za to v\u0161echno utrpen\u00ed stoj\u00ed,&#8220; pronesl up\u0159\u00edmn\u011b jezdec formace Soudal Quick Step.<\/p>\n<h2><strong>Bude Tadej Poga\u010dar nad jeho s\u00edly?<\/strong><\/h2>\n<p>Zd\u00e1l se mnohem pokorn\u011bj\u0161\u00ed ve srovn\u00e1n\u00ed s obdob\u00edm p\u0159ed zran\u011bn\u00edm. A p\u0159iznal, \u017ee jako motivace slou\u017eily i jarn\u00ed spektakul\u00e1rn\u00ed bitvy Tadeje Poga\u010dara a Mathieu van der Poela. &#8222;D\u00e1vali mi chu\u0165 j\u00edt je\u0161t\u011b hloub\u011bji p\u0159es sv\u016fj limit. Jsem \u0161\u0165astn\u00fd, \u017ee mohu znovu z\u00e1vodit, p\u0159esto\u017ee je\u0161t\u011b ur\u010dit\u011b nen\u00ed moje forma stoprocentn\u00ed,&#8220; p\u0159iznal Remco Evenepoel p\u0159ed Brabantsk\u00fdm \u0161\u00edpem. M\u011bl za sebou t\u011b\u017ek\u00e9 \u010dty\u0159i m\u011bs\u00edce, kter\u00e9 m\u011bly daleko k nar\u00fdsovan\u00e9mu ide\u00e1lu v p\u0159\u00edprav\u011b na Tour de France 2025.<\/p>\n<p>Do prvn\u00edho z\u00e1vodu nastoupil se zatejpovan\u00fdm ramenem. &#8222;Je\u0161t\u011b nen\u00ed stoprocentn\u011b uzdraven\u00e9, ale v cyklistice jsou kl\u00ed\u010dov\u00e9 nohy. Na kostk\u00e1ch v\u0161ak pot\u0159ebuji, aby t\u011blo absorbovalo nerovnosti, proto mi fyzioterapeuti rameno zpevnili. Je pak stabiln\u011bj\u0161\u00ed,&#8220; vysv\u011btlil.<\/p>\n<figure id=\"attachment_26478\" aria-describedby=\"caption-attachment-26478\" style=\"width: 1000px\" class=\"wp-caption alignnone\"><a href=\"https:\/\/d2p6e6u75xmxt8.cloudfront.net\/13\/2024\/07\/remco-evenepoel-3.webp\"><img loading=\"lazy\" decoding=\"async\" class=\"size-full wp-image-26478\" src=\"https:\/\/d2p6e6u75xmxt8.cloudfront.net\/13\/2024\/07\/remco-evenepoel-3.webp\" alt=\"Remco Evenepoel\" width=\"1000\" height=\"667\" srcset=\"https:\/\/d2p6e6u75xmxt8.cloudfront.net\/13\/2024\/07\/remco-evenepoel-3.webp 1000w, https:\/\/d2p6e6u75xmxt8.cloudfront.net\/13\/2024\/07\/remco-evenepoel-3-300x200.webp 300w, https:\/\/d2p6e6u75xmxt8.cloudfront.net\/13\/2024\/07\/remco-evenepoel-3-768x512.webp 768w, https:\/\/d2p6e6u75xmxt8.cloudfront.net\/13\/2024\/07\/remco-evenepoel-3-400x267.webp 400w, https:\/\/d2p6e6u75xmxt8.cloudfront.net\/13\/2024\/07\/remco-evenepoel-3-272x182.webp 272w\" sizes=\"auto, (max-width: 1000px) 100vw, 1000px\" \/><\/a><figcaption id=\"caption-attachment-26478\" class=\"wp-caption-text\"><em>Remco Evenepoel a Tadej Poga\u010dar p\u0159i Tour de France 2024.<\/em><\/figcaption><\/figure>\n<p>&#8222;V\u017edy je t\u011b\u017ek\u00e9 vypo\u010d\u00edtat, jak velk\u00fd je m\u016fj tr\u00e9ninkov\u00fd deficit. Na kolo jsem sedl a\u017e prvn\u00ed \u00fanorov\u00fd den. A prvn\u00ed m\u011bs\u00edc to nebylo o \u017e\u00e1dn\u00e9 velk\u00e9 intenzit\u011b,&#8220; kr\u010dil rameny. Triumf ve spurtu z\u00e1vodu proti rivalovi mu v\u0161ak dodal sebev\u011bdom\u00ed.<\/p>\n<div class=\"shortcode-ys-post-pinup\"><article class=\"loop-simple post-28920 post type-post status-publish format-standard has-post-thumbnail hentry category-https-www-welovecycling-com-cs-category-zabava tag-cyklistika tag-mathias-vacek tag-mathieu-van-der-poel tag-pariz-roubaix tag-peklo-severu tag-roubaix-2025 tag-silnicni-cyklistika tag-tadej-pogacar global-categories-cycling\" data-postid=\"28920\" role=\"article\" data-post-id=\"28920\" data-word-count=\"320\" data-headline-length=\"70\" data-category=\"Z\u00c1BAVA\" data-global-category=\"Cycling\" data-author=\"We Love Cycling\" data-published=\"2025-04-14T12:38:28+02:00\" data-published-day=\"Monday\">\n    <div class=\"entry-thumbnail article-thumbnail\" content=\"https:\/\/d2p6e6u75xmxt8.cloudfront.net\/13\/2025\/04\/profimedia-0987693376-150x150.webp\"><a href=\"https:\/\/www.welovecycling.com\/cs\/2025\/04\/14\/tadej-ve-sprse-ci-krev-a-bolest-sampionu-pohled-za-kulisy-roubaix\/\" class=\"image-holder\" target=\"_self\"><img decoding=\"async\" loading=\"lazy\" class=\"\" src=\"https:\/\/d2p6e6u75xmxt8.cloudfront.net\/13\/2025\/04\/profimedia-0987693376-1024x683.webp\" srcset=\"https:\/\/d2p6e6u75xmxt8.cloudfront.net\/13\/2025\/04\/profimedia-0987693376.webp 1800w, https:\/\/d2p6e6u75xmxt8.cloudfront.net\/13\/2025\/04\/profimedia-0987693376-300x200.webp 300w, https:\/\/d2p6e6u75xmxt8.cloudfront.net\/13\/2025\/04\/profimedia-0987693376-1024x683.webp 1024w, https:\/\/d2p6e6u75xmxt8.cloudfront.net\/13\/2025\/04\/profimedia-0987693376-768x512.webp 768w, https:\/\/d2p6e6u75xmxt8.cloudfront.net\/13\/2025\/04\/profimedia-0987693376-1536x1024.webp 1536w, https:\/\/d2p6e6u75xmxt8.cloudfront.net\/13\/2025\/04\/profimedia-0987693376-400x267.webp 400w, https:\/\/d2p6e6u75xmxt8.cloudfront.net\/13\/2025\/04\/profimedia-0987693376-272x182.webp 272w\" width=\"1024\" height=\"683\" sizes=\"auto, (min-width: 1200px) 300px, (min-width: 768px) 25vw, 100vw\" alt=\"tadej-ve-sprse-ci-krev-a-bolest-sampionu-pohled-za-kulisy-roubaix\"\/><\/a><\/div>    <div class=\"entry-meta\">\n        <a class=\"label label-secondary post-category\" href=\"https:\/\/www.welovecycling.com\/cs\/category\/https-www-welovecycling-com-cs-category-zabava\/\" title=\"Z\u00c1BAVA\">Z\u00c1BAVA<\/a>\n    <\/div>\n    <div class=\"entry-details\">\n        <a href=\"https:\/\/www.welovecycling.com\/cs\/2025\/04\/14\/tadej-ve-sprse-ci-krev-a-bolest-sampionu-pohled-za-kulisy-roubaix\/\" class='entry-title-wrapper'>\n            <h3 class=\"entry-title\"><span>Tadej ve spr\u0161e \u010di krev a bolest \u0161ampion\u016f. Pohled za kulisy Roubaix<\/span><\/h3>\n        <\/a>\n    <\/div>\n    <\/article>\n<\/div>\n<p>A te\u010f Remco Evenepoel douf\u00e1, \u017ee bude schopen obst\u00e1t i v konkurenci slovinsk\u00e9ho \u0161ampiona Tour de France. Zejm\u00e9na p\u0159i Monumentu Lutych-Bastogne-Lutych, kter\u00fd ovl\u00e1dl v letech 2022 a 2023. Dva triumfy z let 2021 a 2024 m\u00e1 pr\u00e1v\u011b i Tadej Poga\u010dar. &#8222;Z\u016fst\u00e1v\u00e1 inspirac\u00ed ho sledovat. Sna\u017e\u00edm se ho p\u0159\u00edli\u0161 neanalyzovat. Ale chci se u\u010dit z jeho stylu, abych byl schopen ho porazit. Ale Poga\u010dar je mo\u017en\u00e1 nejlep\u0161\u00edm jezdcem od dob Eddyho Merckxe, tak\u017ee to nebude snadn\u00e9. Nicm\u00e9n\u011b m\u016fj t\u00fdm m\u011b plat\u00ed, abych ho porazil,&#8220; usm\u00e1l se Remco Evenepoel.<\/p>\n","protected":false},"excerpt":{"rendered":"<p>Ka\u0161lu na to! Nem\u00e1m zapot\u0159eb\u00ed v\u0161echnu d\u0159inu a od\u0159\u00edk\u00e1n\u00ed. Ukon\u010d\u00edm kari\u00e9ru. Hodn\u011b \u010dern\u00e9 my\u0161lenky m\u011bl Remco Evenepoel, cyklista t\u00fdmu Soudal [&hellip;]<\/p>\n","protected":false},"author":138,"featured_media":28977,"comment_status":"open","ping_status":"open","sticky":false,"template":"","format":"standard","meta":{"footnotes":""},"categories":[10],"tags":[179,4156,126,1950,203,2263,1072,9,502,113],"global-categories":[411],"class_list":["post-28974","post","type-post","status-publish","format-standard","has-post-thumbnail","hentry","category-silnicni-cyklistika","tag-amstel-gold-race","tag-brabantsky-sip","tag-cyklistika","tag-konec-kariery","tag-lutych-bastogne-lutych","tag-nehoda","tag-remco-evenepoel","tag-silnicni-cyklistika","tag-tadej-pogacar","tag-zraneni","global-categories-cycling"],"yoast_head":"<!-- This site is optimized with the Yoast SEO Premium plugin v25.3 (Yoast SEO v25.9) - https:\/\/yoast.com\/wordpress\/plugins\/seo\/ -->\n<title>Remco Evenepoel: Nejt\u011b\u017e\u0161\u00ed bitva m\u00e9ho \u017eivota | \u0160koda We Love Cycling - \u010cesk\u00e1 republika<\/title>\n<meta name=\"description\" content=\"Ka\u0161lu na to! Nem\u00e1m zapot\u0159eb\u00ed v\u0161echnu d\u0159inu a od\u0159\u00edk\u00e1n\u00ed. Ukon\u010d\u00edm kari\u00e9ru. Pro\u010d Remco Evenepoel ze Soudal Quick Step bitvu o n\u00e1vrat nevzdal?\" \/>\n<meta name=\"robots\" content=\"index, follow, max-snippet:-1, max-image-preview:large, max-video-preview:-1\" \/>\n<link rel=\"canonical\" href=\"https:\/\/www.welovecycling.com\/cs\/2025\/04\/19\/remco-evenepoel-nejtezsi-bitva-meho-zivota\/\" \/>\n<meta property=\"og:locale\" content=\"cs_CZ\" \/>\n<meta property=\"og:type\" content=\"article\" \/>\n<meta property=\"og:title\" content=\"Remco Evenepoel: Nejt\u011b\u017e\u0161\u00ed bitva m\u00e9ho \u017eivota\" \/>\n<meta property=\"og:description\" content=\"Ka\u0161lu na to! Nem\u00e1m zapot\u0159eb\u00ed v\u0161echnu d\u0159inu a od\u0159\u00edk\u00e1n\u00ed. Ukon\u010d\u00edm kari\u00e9ru. Pro\u010d Remco Evenepoel ze Soudal Quick Step bitvu o n\u00e1vrat nevzdal?\" \/>\n<meta property=\"og:url\" content=\"https:\/\/www.welovecycling.com\/cs\/2025\/04\/19\/remco-evenepoel-nejtezsi-bitva-meho-zivota\/\" \/>\n<meta property=\"og:site_name\" content=\"\u0160koda We Love Cycling - \u010cesk\u00e1 republika\" \/>\n<meta property=\"article:published_time\" content=\"2025-04-19T06:51:16+00:00\" \/>\n<meta property=\"article:modified_time\" content=\"2025-04-19T06:52:37+00:00\" \/>\n<meta property=\"og:image\" content=\"https:\/\/d2p6e6u75xmxt8.cloudfront.net\/13\/2025\/04\/profimedia-0989695150.webp\" \/>\n\t<meta property=\"og:image:width\" content=\"1800\" \/>\n\t<meta property=\"og:image:height\" content=\"1200\" \/>\n\t<meta property=\"og:image:type\" content=\"image\/webp\" \/>\n<meta name=\"author\" content=\"radekmalina\" \/>\n<meta name=\"twitter:card\" content=\"summary_large_image\" \/>\n<meta name=\"twitter:label1\" content=\"Written by\" \/>\n\t<meta name=\"twitter:data1\" content=\"We Love Cycling\" \/>\n\t<meta name=\"twitter:label2\" content=\"Est. reading time\" \/>\n\t<meta name=\"twitter:data2\" content=\"5\" \/>\n<script type=\"application\/ld+json\" class=\"yoast-schema-graph\">{\"@context\":\"https:\/\/schema.org\",\"@graph\":[{\"@type\":\"WebPage\",\"@id\":\"https:\/\/www.welovecycling.com\/cs\/2025\/04\/19\/remco-evenepoel-nejtezsi-bitva-meho-zivota\/\",\"url\":\"https:\/\/www.welovecycling.com\/cs\/2025\/04\/19\/remco-evenepoel-nejtezsi-bitva-meho-zivota\/\",\"name\":\"Remco Evenepoel: Nejt\u011b\u017e\u0161\u00ed bitva m\u00e9ho \u017eivota | \u0160koda We Love Cycling - \u010cesk\u00e1 republika\",\"isPartOf\":{\"@id\":\"https:\/\/www.welovecycling.com\/cs\/#website\"},\"primaryImageOfPage\":{\"@id\":\"https:\/\/www.welovecycling.com\/cs\/2025\/04\/19\/remco-evenepoel-nejtezsi-bitva-meho-zivota\/#primaryimage\"},\"image\":{\"@id\":\"https:\/\/www.welovecycling.com\/cs\/2025\/04\/19\/remco-evenepoel-nejtezsi-bitva-meho-zivota\/#primaryimage\"},\"thumbnailUrl\":\"https:\/\/d2p6e6u75xmxt8.cloudfront.net\/13\/2025\/04\/profimedia-0989695150.webp\",\"datePublished\":\"2025-04-19T06:51:16+00:00\",\"dateModified\":\"2025-04-19T06:52:37+00:00\",\"author\":{\"@id\":\"https:\/\/www.welovecycling.com\/cs\/#\/schema\/person\/d9eeb0a378f3a7e4a6d12d2b536b04b8\"},\"description\":\"Ka\u0161lu na to! Nem\u00e1m zapot\u0159eb\u00ed v\u0161echnu d\u0159inu a od\u0159\u00edk\u00e1n\u00ed. Ukon\u010d\u00edm kari\u00e9ru. Pro\u010d Remco Evenepoel ze Soudal Quick Step bitvu o n\u00e1vrat nevzdal?\",\"inLanguage\":\"cs\",\"potentialAction\":[{\"@type\":\"ReadAction\",\"target\":[\"https:\/\/www.welovecycling.com\/cs\/2025\/04\/19\/remco-evenepoel-nejtezsi-bitva-meho-zivota\/\"]}]},{\"@type\":\"ImageObject\",\"inLanguage\":\"cs\",\"@id\":\"https:\/\/www.welovecycling.com\/cs\/2025\/04\/19\/remco-evenepoel-nejtezsi-bitva-meho-zivota\/#primaryimage\",\"url\":\"https:\/\/d2p6e6u75xmxt8.cloudfront.net\/13\/2025\/04\/profimedia-0989695150.webp\",\"contentUrl\":\"https:\/\/d2p6e6u75xmxt8.cloudfront.net\/13\/2025\/04\/profimedia-0989695150.webp\",\"width\":1800,\"height\":1200,\"caption\":\"Remco Evenepoel slav\u00ed v\u00edt\u011bzstv\u00ed v Brabantsk\u00e9m \u0161\u00edpu.\"},{\"@type\":\"WebSite\",\"@id\":\"https:\/\/www.welovecycling.com\/cs\/#website\",\"url\":\"https:\/\/www.welovecycling.com\/cs\/\",\"name\":\"\u0160koda We Love Cycling - \u010cesk\u00e1 republika\",\"description\":\"WeLoveCycling.cz je online magaz\u00edn, kter\u00fd v\u00e1m pravideln\u011b p\u0159in\u00e1\u0161\u00ed rady a tipy, zaj\u00edmav\u00e9 \u010dl\u00e1nky, videa a jedine\u010dn\u00e9 report\u00e1\u017ee ze sv\u011bta cyklistiky.\",\"potentialAction\":[{\"@type\":\"SearchAction\",\"target\":{\"@type\":\"EntryPoint\",\"urlTemplate\":\"https:\/\/www.welovecycling.com\/cs\/?s={search_term_string}\"},\"query-input\":{\"@type\":\"PropertyValueSpecification\",\"valueRequired\":true,\"valueName\":\"search_term_string\"}}],\"inLanguage\":\"cs\"},{\"@type\":\"Person\",\"@id\":\"https:\/\/www.welovecycling.com\/cs\/#\/schema\/person\/d9eeb0a378f3a7e4a6d12d2b536b04b8\",\"name\":\"radekmalina\",\"image\":{\"@type\":\"ImageObject\",\"inLanguage\":\"cs\",\"@id\":\"https:\/\/www.welovecycling.com\/cs\/#\/schema\/person\/image\/\",\"url\":\"https:\/\/secure.gravatar.com\/avatar\/66994b632cb8c39a46b9f54afa3ae07201b678d32a54275b6f1c9ffec356bfc0?s=96&d=mm&r=g\",\"contentUrl\":\"https:\/\/secure.gravatar.com\/avatar\/66994b632cb8c39a46b9f54afa3ae07201b678d32a54275b6f1c9ffec356bfc0?s=96&d=mm&r=g\",\"caption\":\"radekmalina\"},\"url\":\"https:\/\/www.welovecycling.com\/cs\/author\/radekmalina\/\"}]}<\/script>\n<!-- \/ Yoast SEO Premium plugin. -->","yoast_head_json":{"title":"Remco Evenepoel: Nejt\u011b\u017e\u0161\u00ed bitva m\u00e9ho \u017eivota | \u0160koda We Love Cycling - \u010cesk\u00e1 republika","description":"Ka\u0161lu na to! Nem\u00e1m zapot\u0159eb\u00ed v\u0161echnu d\u0159inu a od\u0159\u00edk\u00e1n\u00ed. Ukon\u010d\u00edm kari\u00e9ru. Pro\u010d Remco Evenepoel ze Soudal Quick Step bitvu o n\u00e1vrat nevzdal?","robots":{"index":"index","follow":"follow","max-snippet":"max-snippet:-1","max-image-preview":"max-image-preview:large","max-video-preview":"max-video-preview:-1"},"canonical":"https:\/\/www.welovecycling.com\/cs\/2025\/04\/19\/remco-evenepoel-nejtezsi-bitva-meho-zivota\/","og_locale":"cs_CZ","og_type":"article","og_title":"Remco Evenepoel: Nejt\u011b\u017e\u0161\u00ed bitva m\u00e9ho \u017eivota","og_description":"Ka\u0161lu na to! Nem\u00e1m zapot\u0159eb\u00ed v\u0161echnu d\u0159inu a od\u0159\u00edk\u00e1n\u00ed. Ukon\u010d\u00edm kari\u00e9ru. Pro\u010d Remco Evenepoel ze Soudal Quick Step bitvu o n\u00e1vrat nevzdal?","og_url":"https:\/\/www.welovecycling.com\/cs\/2025\/04\/19\/remco-evenepoel-nejtezsi-bitva-meho-zivota\/","og_site_name":"\u0160koda We Love Cycling - \u010cesk\u00e1 republika","article_published_time":"2025-04-19T06:51:16+00:00","article_modified_time":"2025-04-19T06:52:37+00:00","og_image":[{"width":1800,"height":1200,"url":"https:\/\/d2p6e6u75xmxt8.cloudfront.net\/13\/2025\/04\/profimedia-0989695150.webp","type":"image\/webp"}],"author":"radekmalina","twitter_card":"summary_large_image","twitter_misc":{"Written by":"We Love Cycling","Est. reading time":"5"},"schema":{"@context":"https:\/\/schema.org","@graph":[{"@type":"WebPage","@id":"https:\/\/www.welovecycling.com\/cs\/2025\/04\/19\/remco-evenepoel-nejtezsi-bitva-meho-zivota\/","url":"https:\/\/www.welovecycling.com\/cs\/2025\/04\/19\/remco-evenepoel-nejtezsi-bitva-meho-zivota\/","name":"Remco Evenepoel: Nejt\u011b\u017e\u0161\u00ed bitva m\u00e9ho \u017eivota | \u0160koda We Love Cycling - \u010cesk\u00e1 republika","isPartOf":{"@id":"https:\/\/www.welovecycling.com\/cs\/#website"},"primaryImageOfPage":{"@id":"https:\/\/www.welovecycling.com\/cs\/2025\/04\/19\/remco-evenepoel-nejtezsi-bitva-meho-zivota\/#primaryimage"},"image":{"@id":"https:\/\/www.welovecycling.com\/cs\/2025\/04\/19\/remco-evenepoel-nejtezsi-bitva-meho-zivota\/#primaryimage"},"thumbnailUrl":"https:\/\/d2p6e6u75xmxt8.cloudfront.net\/13\/2025\/04\/profimedia-0989695150.webp","datePublished":"2025-04-19T06:51:16+00:00","dateModified":"2025-04-19T06:52:37+00:00","author":{"@id":"https:\/\/www.welovecycling.com\/cs\/#\/schema\/person\/d9eeb0a378f3a7e4a6d12d2b536b04b8"},"description":"Ka\u0161lu na to! Nem\u00e1m zapot\u0159eb\u00ed v\u0161echnu d\u0159inu a od\u0159\u00edk\u00e1n\u00ed. Ukon\u010d\u00edm kari\u00e9ru. Pro\u010d Remco Evenepoel ze Soudal Quick Step bitvu o n\u00e1vrat nevzdal?","inLanguage":"cs","potentialAction":[{"@type":"ReadAction","target":["https:\/\/www.welovecycling.com\/cs\/2025\/04\/19\/remco-evenepoel-nejtezsi-bitva-meho-zivota\/"]}]},{"@type":"ImageObject","inLanguage":"cs","@id":"https:\/\/www.welovecycling.com\/cs\/2025\/04\/19\/remco-evenepoel-nejtezsi-bitva-meho-zivota\/#primaryimage","url":"https:\/\/d2p6e6u75xmxt8.cloudfront.net\/13\/2025\/04\/profimedia-0989695150.webp","contentUrl":"https:\/\/d2p6e6u75xmxt8.cloudfront.net\/13\/2025\/04\/profimedia-0989695150.webp","width":1800,"height":1200,"caption":"Remco Evenepoel slav\u00ed v\u00edt\u011bzstv\u00ed v Brabantsk\u00e9m \u0161\u00edpu."},{"@type":"WebSite","@id":"https:\/\/www.welovecycling.com\/cs\/#website","url":"https:\/\/www.welovecycling.com\/cs\/","name":"\u0160koda We Love Cycling - \u010cesk\u00e1 republika","description":"WeLoveCycling.cz je online magaz\u00edn, kter\u00fd v\u00e1m pravideln\u011b p\u0159in\u00e1\u0161\u00ed rady a tipy, zaj\u00edmav\u00e9 \u010dl\u00e1nky, videa a jedine\u010dn\u00e9 report\u00e1\u017ee ze sv\u011bta cyklistiky.","potentialAction":[{"@type":"SearchAction","target":{"@type":"EntryPoint","urlTemplate":"https:\/\/www.welovecycling.com\/cs\/?s={search_term_string}"},"query-input":{"@type":"PropertyValueSpecification","valueRequired":true,"valueName":"search_term_string"}}],"inLanguage":"cs"},{"@type":"Person","@id":"https:\/\/www.welovecycling.com\/cs\/#\/schema\/person\/d9eeb0a378f3a7e4a6d12d2b536b04b8","name":"radekmalina","image":{"@type":"ImageObject","inLanguage":"cs","@id":"https:\/\/www.welovecycling.com\/cs\/#\/schema\/person\/image\/","url":"https:\/\/secure.gravatar.com\/avatar\/66994b632cb8c39a46b9f54afa3ae07201b678d32a54275b6f1c9ffec356bfc0?s=96&d=mm&r=g","contentUrl":"https:\/\/secure.gravatar.com\/avatar\/66994b632cb8c39a46b9f54afa3ae07201b678d32a54275b6f1c9ffec356bfc0?s=96&d=mm&r=g","caption":"radekmalina"},"url":"https:\/\/www.welovecycling.com\/cs\/author\/radekmalina\/"}]}},"_links":{"self":[{"href":"https:\/\/www.welovecycling.com\/cs\/wp-json\/wp\/v2\/posts\/28974","targetHints":{"allow":["GET"]}}],"collection":[{"href":"https:\/\/www.welovecycling.com\/cs\/wp-json\/wp\/v2\/posts"}],"about":[{"href":"https:\/\/www.welovecycling.com\/cs\/wp-json\/wp\/v2\/types\/post"}],"author":[{"embeddable":true,"href":"https:\/\/www.welovecycling.com\/cs\/wp-json\/wp\/v2\/users\/138"}],"replies":[{"embeddable":true,"href":"https:\/\/www.welovecycling.com\/cs\/wp-json\/wp\/v2\/comments?post=28974"}],"version-history":[{"count":4,"href":"https:\/\/www.welovecycling.com\/cs\/wp-json\/wp\/v2\/posts\/28974\/revisions"}],"predecessor-version":[{"id":28979,"href":"https:\/\/www.welovecycling.com\/cs\/wp-json\/wp\/v2\/posts\/28974\/revisions\/28979"}],"wp:featuredmedia":[{"embeddable":true,"href":"https:\/\/www.welovecycling.com\/cs\/wp-json\/wp\/v2\/media\/28977"}],"wp:attachment":[{"href":"https:\/\/www.welovecycling.com\/cs\/wp-json\/wp\/v2\/media?parent=28974"}],"wp:term":[{"taxonomy":"category","embeddable":true,"href":"https:\/\/www.welovecycling.com\/cs\/wp-json\/wp\/v2\/categories?post=28974"},{"taxonomy":"post_tag","embeddable":true,"href":"https:\/\/www.welovecycling.com\/cs\/wp-json\/wp\/v2\/tags?post=28974"},{"taxonomy":"global-categories","embeddable":true,"href":"https:\/\/www.welovecycling.com\/cs\/wp-json\/wp\/v2\/global-categories?post=28974"}],"curies":[{"name":"wp","href":"https:\/\/api.w.org\/{rel}","templated":true}]}}