{"id":28934,"date":"2025-04-15T10:48:15","date_gmt":"2025-04-15T08:48:15","guid":{"rendered":"https:\/\/www.welovecycling.com\/cs\/?p=28934"},"modified":"2025-04-15T10:48:15","modified_gmt":"2025-04-15T08:48:15","slug":"baterie-elektrokola-pece-skladovani-a-recyklace","status":"publish","type":"post","link":"https:\/\/www.welovecycling.com\/cs\/2025\/04\/15\/baterie-elektrokola-pece-skladovani-a-recyklace\/","title":{"rendered":"Baterie elektrokola: p\u00e9\u010de, skladov\u00e1n\u00ed a recyklace"},"content":{"rendered":"<p><strong>Cyklistick\u00e1 sezona je tady a s n\u00ed \u010das zkontrolovat, v jak\u00e9 kondici se nach\u00e1z\u00ed va\u0161e elektrokolo. Srdcem elektrokola je motor a baterie. Ta ale nevydr\u017e\u00ed v\u011b\u010dn\u011b. Jak se k n\u00ed spr\u00e1vn\u011b chovat, aby vydr\u017eela, a co d\u011blat pot\u00e9, co skon\u010d\u00ed jej\u00ed \u017eivotnost?<\/strong><\/p>\n<p>Podle Tom\u00e1\u0161e Jan\u010d\u00e1rka ze spole\u010dnosti Bosch eBike Systems, m\u016f\u017ee baterie vydr\u017eet velmi dlouho v z\u00e1vislosti na tom, jak zodpov\u011bdn\u011b s n\u00ed u\u017eivatel zach\u00e1z\u00ed. \u201eMy garantujeme, \u017ee si akumul\u00e1tor zachov\u00e1 nejm\u00e9n\u011b 60 procent kapacity za dva roky od zakoupen\u00ed, nebo po 500 \u00fapln\u00fdch nab\u00edjec\u00edch cyklech, podle toho, co nastane d\u0159\u00edve,\u201d \u0159\u00edk\u00e1 Tom\u00e1\u0161 Jan\u010d\u00e1rek.<\/p>\n<h2><strong>Baterii \u0161kod\u00ed \u010dipov\u00e1n\u00ed motoru a nespr\u00e1vn\u00e9 skladov\u00e1n\u00ed<\/strong><\/h2>\n<p>Obecn\u011b z\u00e1vis\u00ed tedy na cyklistovi a intenzit\u011b vyu\u017e\u00edv\u00e1n\u00ed elektrokola, jak dlouho bude baterie dob\u0159e fungovat. Obecn\u011b se doporu\u010duje akumul\u00e1tor skladovat p\u0159i nabit\u00ed mezi 30 a\u017e 60 procent kapacity. M\u00e9n\u011b nebo v\u00edce nabit\u00e1 baterie st\u00e1rne rychleji. Podle odborn\u00edk\u016f nejv\u00edce ni\u010d\u00ed baterie neleg\u00e1ln\u00ed \u010dipov\u00e1n\u00ed, kdy se r\u016fzn\u00fdmi \u00fapravami zvy\u0161uje v\u00fdkon elektrokola. Motor takto upraven\u00e9ho kola pak pom\u00e1h\u00e1 i v rychlostech nad p\u011btadvacet kilometr\u016f v hodin\u011b.<\/p>\n<p><a href=\"https:\/\/d2p6e6u75xmxt8.cloudfront.net\/13\/2025\/04\/Bosch-eBike-IBD-Shoot-MY2024-3375-Print-scaled.webp\"><img loading=\"lazy\" decoding=\"async\" class=\"size-extra-large wp-image-28940\" src=\"https:\/\/d2p6e6u75xmxt8.cloudfront.net\/13\/2025\/04\/Bosch-eBike-IBD-Shoot-MY2024-3375-Print-1920x1281.webp\" alt=\"\" width=\"1920\" height=\"1281\" srcset=\"https:\/\/d2p6e6u75xmxt8.cloudfront.net\/13\/2025\/04\/Bosch-eBike-IBD-Shoot-MY2024-3375-Print-1920x1281.webp 1920w, https:\/\/d2p6e6u75xmxt8.cloudfront.net\/13\/2025\/04\/Bosch-eBike-IBD-Shoot-MY2024-3375-Print-300x200.webp 300w, https:\/\/d2p6e6u75xmxt8.cloudfront.net\/13\/2025\/04\/Bosch-eBike-IBD-Shoot-MY2024-3375-Print-1024x683.webp 1024w, https:\/\/d2p6e6u75xmxt8.cloudfront.net\/13\/2025\/04\/Bosch-eBike-IBD-Shoot-MY2024-3375-Print-768x512.webp 768w, https:\/\/d2p6e6u75xmxt8.cloudfront.net\/13\/2025\/04\/Bosch-eBike-IBD-Shoot-MY2024-3375-Print-1536x1025.webp 1536w, https:\/\/d2p6e6u75xmxt8.cloudfront.net\/13\/2025\/04\/Bosch-eBike-IBD-Shoot-MY2024-3375-Print-2048x1366.webp 2048w, https:\/\/d2p6e6u75xmxt8.cloudfront.net\/13\/2025\/04\/Bosch-eBike-IBD-Shoot-MY2024-3375-Print-400x267.webp 400w, https:\/\/d2p6e6u75xmxt8.cloudfront.net\/13\/2025\/04\/Bosch-eBike-IBD-Shoot-MY2024-3375-Print-272x182.webp 272w, https:\/\/d2p6e6u75xmxt8.cloudfront.net\/13\/2025\/04\/Bosch-eBike-IBD-Shoot-MY2024-3375-Print-1920x1281.webp 1920w\" sizes=\"auto, (max-width: 1920px) 100vw, 1920px\" \/><\/a><\/p>\n<p>I p\u0159i zodpov\u011bdn\u00e9m vyu\u017e\u00edv\u00e1n\u00ed elektrokola v\u0161ak jednou p\u0159ijde \u010das na v\u00fdm\u011bnu. Lithiov\u00e9 baterie, jimi\u017e jsou elektrokola vybavov\u00e1na, maj\u00ed spoustu technick\u00fdch v\u00fdhod. Pokud v\u0161ak jednou doslou\u017e\u00ed, je nutn\u00e1 jejich ekologick\u00e1 likvidace.<\/p>\n<div class=\"shortcode-ys-post-pinup\"><article class=\"loop-simple post-8714 post type-post status-publish format-standard has-post-thumbnail hentry category-rady-tipy tag-cyklistika tag-e-bike tag-ebike tag-elektrokolo tag-horska-cyklistika tag-jak-vybrat-elektrokolo tag-silnicni-cyklistika global-categories-cycling\" data-postid=\"8714\" role=\"article\" data-post-id=\"8714\" data-word-count=\"356\" data-headline-length=\"42\" data-category=\"Rady &amp; tipy\" data-global-category=\"Cycling\" data-author=\"Jan Kr\u016fta\" data-published=\"2020-07-15T18:00:16+02:00\" data-published-day=\"Wednesday\">\n    <div class=\"entry-thumbnail article-thumbnail\" content=\"https:\/\/d2p6e6u75xmxt8.cloudfront.net\/13\/2020\/07\/elektrokola-motor-profimedia-0259479500-150x150.webp\"><a href=\"https:\/\/www.welovecycling.com\/cs\/2020\/07\/15\/jak-vybrat-elektrokolo-stredovy-nebo-zadni-motor\/\" class=\"image-holder\" target=\"_self\"><img decoding=\"async\" loading=\"lazy\" class=\"\" src=\"https:\/\/d2p6e6u75xmxt8.cloudfront.net\/13\/2020\/07\/elektrokola-motor-profimedia-0259479500-1024x576.webp\" srcset=\"https:\/\/d2p6e6u75xmxt8.cloudfront.net\/13\/2020\/07\/elektrokola-motor-profimedia-0259479500.webp 1600w, https:\/\/d2p6e6u75xmxt8.cloudfront.net\/13\/2020\/07\/elektrokola-motor-profimedia-0259479500-300x169.webp 300w, https:\/\/d2p6e6u75xmxt8.cloudfront.net\/13\/2020\/07\/elektrokola-motor-profimedia-0259479500-1024x576.webp 1024w, https:\/\/d2p6e6u75xmxt8.cloudfront.net\/13\/2020\/07\/elektrokola-motor-profimedia-0259479500-768x432.webp 768w, https:\/\/d2p6e6u75xmxt8.cloudfront.net\/13\/2020\/07\/elektrokola-motor-profimedia-0259479500-1536x864.webp 1536w\" width=\"1024\" height=\"576\" sizes=\"auto, (min-width: 1200px) 356px, (min-width: 768px) 30vw, 100vw\" alt=\"jak-vybrat-elektrokolo-stredovy-nebo-zadni-motor\"\/><\/a><\/div>    <div class=\"entry-meta\">\n        <a class=\"label label-secondary post-category\" href=\"https:\/\/www.welovecycling.com\/cs\/category\/rady-tipy\/\" title=\"Rady &amp; tipy\">Rady &amp; tipy<\/a>\n    <\/div>\n    <div class=\"entry-details\">\n        <a href=\"https:\/\/www.welovecycling.com\/cs\/2020\/07\/15\/jak-vybrat-elektrokolo-stredovy-nebo-zadni-motor\/\" class='entry-title-wrapper'>\n            <h3 class=\"entry-title\"><span>Elektrokolo: st\u0159edov\u00fd nebo zadn\u00ed motor?<\/span><\/h3>\n        <\/a>\n    <\/div>\n    <\/article>\n<\/div>\n<p>Z bezpe\u010dnostn\u00edch d\u016fvod\u016f v\u00fdrobci varuj\u00ed p\u0159ed repasov\u00e1n\u00edm. \u201eAkumul\u00e1tory elektrokol jsou ut\u011bsn\u011bny proti vniknut\u00ed vody a ne\u010distot. Otev\u0159en\u00ed nap\u00e1jec\u00ed jednotky a jej\u00ed n\u00e1sledn\u00e9 neodborn\u00e9 nebo nespr\u00e1vn\u00e9 sestaven\u00ed m\u016f\u017ee v\u00e9st ke ztr\u00e1t\u011b t\u011bsnosti a nav\u00edc tak\u00e9 ke t\u0159en\u00ed vodi\u010d\u016f, oslaben\u00ed izolace, pohybu \u010dl\u00e1nk\u016f, naru\u0161en\u00ed elektrick\u00fdch \u010di mechanick\u00fdch spoj\u016f a dal\u0161\u00edm rizik\u016fm,\u201d varuje Tom\u00e1\u0161 Jan\u010d\u00e1rek z Bosch eBike Systems. Dod\u00e1v\u00e1, \u017ee p\u0159i neodborn\u00e9 oprav\u011b hroz\u00ed vzn\u00edcen\u00ed v d\u016fsledku zkratu.<\/p>\n<h2><strong>Nepat\u0159\u00ed do sm\u011bsn\u00e9ho odpadu<\/strong><\/h2>\n<p>Kam tedy s bateri\u00ed po ukon\u010den\u00ed \u017eivotnosti? Baterie ur\u010dit\u011b nepat\u0159\u00ed do sm\u011bsn\u00e9ho odpadu \u010di na skl\u00e1dku, proto\u017ee se m\u016f\u017ee vzn\u00edtit a uvol\u0148uj\u00ed se z n\u00ed r\u016fzn\u00e9 \u0161kodliv\u00e9 l\u00e1tky v\u010detn\u011b t\u011b\u017ek\u00fdch kov\u016f. Ze stejn\u00e9ho d\u016fvodu nen\u00ed dobr\u00fd n\u00e1pad ani star\u00e9 baterie zbyte\u010dn\u011b skladovat doma, kde p\u0159edstavuj\u00ed potenci\u00e1ln\u00ed riziko.<\/p>\n<p>Podle spole\u010dnosti Ecobat, kter\u00e1 zaji\u0161\u0165uje komplexn\u00ed slu\u017eby spojen\u00e9 se zp\u011btn\u00fdm odb\u011brem bateri\u00ed, se k likvidaci star\u00fdch bateri\u00ed chov\u00e1 odpov\u011bdn\u011b jen mal\u00e1 \u010d\u00e1st firem a z\u00e1kazn\u00edk\u016f. Velk\u00e1 \u010d\u00e1st bateri\u00ed z <a href=\"https:\/\/www.welovecycling.com\/cs\/2021\/09\/14\/video-domaci-servis-elektrokola\/\">elektrokol<\/a> proto st\u00e1le bohu\u017eel kon\u010d\u00ed tam, kde nem\u00e1.<\/p>\n<figure id=\"attachment_28944\" aria-describedby=\"caption-attachment-28944\" style=\"width: 1920px\" class=\"wp-caption alignnone\"><a href=\"https:\/\/d2p6e6u75xmxt8.cloudfront.net\/13\/2025\/04\/Bosch-eBike-IBD-Shoot-MY2024-3205-Print-scaled.webp\"><img loading=\"lazy\" decoding=\"async\" class=\"size-extra-large wp-image-28944\" src=\"https:\/\/d2p6e6u75xmxt8.cloudfront.net\/13\/2025\/04\/Bosch-eBike-IBD-Shoot-MY2024-3205-Print-1920x1281.webp\" alt=\"\" width=\"1920\" height=\"1281\" srcset=\"https:\/\/d2p6e6u75xmxt8.cloudfront.net\/13\/2025\/04\/Bosch-eBike-IBD-Shoot-MY2024-3205-Print-1920x1281.webp 1920w, https:\/\/d2p6e6u75xmxt8.cloudfront.net\/13\/2025\/04\/Bosch-eBike-IBD-Shoot-MY2024-3205-Print-300x200.webp 300w, https:\/\/d2p6e6u75xmxt8.cloudfront.net\/13\/2025\/04\/Bosch-eBike-IBD-Shoot-MY2024-3205-Print-1024x683.webp 1024w, https:\/\/d2p6e6u75xmxt8.cloudfront.net\/13\/2025\/04\/Bosch-eBike-IBD-Shoot-MY2024-3205-Print-768x512.webp 768w, https:\/\/d2p6e6u75xmxt8.cloudfront.net\/13\/2025\/04\/Bosch-eBike-IBD-Shoot-MY2024-3205-Print-1536x1025.webp 1536w, https:\/\/d2p6e6u75xmxt8.cloudfront.net\/13\/2025\/04\/Bosch-eBike-IBD-Shoot-MY2024-3205-Print-2048x1366.webp 2048w, https:\/\/d2p6e6u75xmxt8.cloudfront.net\/13\/2025\/04\/Bosch-eBike-IBD-Shoot-MY2024-3205-Print-400x267.webp 400w, https:\/\/d2p6e6u75xmxt8.cloudfront.net\/13\/2025\/04\/Bosch-eBike-IBD-Shoot-MY2024-3205-Print-272x182.webp 272w, https:\/\/d2p6e6u75xmxt8.cloudfront.net\/13\/2025\/04\/Bosch-eBike-IBD-Shoot-MY2024-3205-Print-1920x1281.webp 1920w\" sizes=\"auto, (max-width: 1920px) 100vw, 1920px\" \/><\/a><figcaption id=\"caption-attachment-28944\" class=\"wp-caption-text\"><em>Baterie z elektrokola by nikdy nem\u011bla skon\u010dit ve sm\u011bsn\u00e9m odpadu. Foto: A. Mar\u0161\u00e1l\/We Love Cycling (3x)<\/em><\/figcaption><\/figure>\n<p>\u201eBaterie z elektrokol obsahuj\u00ed cenn\u00e9 materi\u00e1ly, kter\u00e9 mohou b\u00fdt znovu vyu\u017eity. Ov\u0161em jen pokud se dostanou do spr\u00e1vn\u00e9ho recykla\u010dn\u00edho procesu. Bohu\u017eel se st\u00e1le setk\u00e1v\u00e1me s t\u00edm, \u017ee lid\u00e9 nev\u011bd\u00ed, kam baterii odevzdat. Nebo ji nespr\u00e1vn\u011b skladuj\u00ed, co\u017e m\u016f\u017ee b\u00fdt nebezpe\u010dn\u00e9 nejen pro n\u011b, ale i pro jejich okol\u00ed,\u201d \u0159\u00edk\u00e1 Kate\u0159ina Vr\u00e1nkov\u00e1 z neziskov\u00e9 spole\u010dnosti Ecobat.<\/p>\n<h2><strong>Od star\u00e9 baterie pom\u016f\u017ee s\u00ed\u0165 prodejen s elektrokoly<\/strong><\/h2>\n<p>Spr\u00e1vn\u00fdm \u0159e\u0161en\u00edm je jej\u00ed odvoz do sb\u011brn\u00e9ho dvora, kde baterie od vybran\u00fdch v\u00fdrobc\u016f p\u0159evezmou. Cestov\u00e1n\u00ed do sb\u011brn\u00e9ho dvora ale nemus\u00ed b\u00fdt v\u017edy pohodln\u00e9. V\u00fdrobce pohon\u016f a bateri\u00ed Bosch eBike Systems proto nab\u00edz\u00ed mo\u017enost zbavit se ekologicky baterie ve v\u00edce ne\u017e 120 prodejn\u00e1ch s elektrokoly. S\u00ed\u0165 sb\u011bru bateri\u00ed je provozov\u00e1na ve spolupr\u00e1ci se spole\u010dnost\u00ed Ecobat.<\/p>\n<div class=\"shortcode-ys-post-pinup\"><article class=\"loop-simple post-26483 post type-post status-publish format-standard has-post-thumbnail hentry category-rady-tipy tag-cyklistika tag-elektrokola tag-horska-cyklistika tag-jak-vybrat-spravne-elektrokolo tag-silnicni-cyklistika global-categories-cycling\" data-postid=\"26483\" role=\"article\" data-post-id=\"26483\" data-word-count=\"753\" data-headline-length=\"45\" data-category=\"Rady &amp; tipy\" data-global-category=\"Cycling\" data-author=\"We Love Cycling\" data-published=\"2024-08-01T05:00:15+02:00\" data-published-day=\"Thursday\">\n    <div class=\"entry-thumbnail article-thumbnail\" content=\"https:\/\/d2p6e6u75xmxt8.cloudfront.net\/13\/2020\/02\/ebike-2-150x150.webp\"><a href=\"https:\/\/www.welovecycling.com\/cs\/2024\/08\/01\/jak-vybrat-spravne-elektrokolo-rady-a-tipy\/\" class=\"image-holder\" target=\"_self\"><img decoding=\"async\" loading=\"lazy\" class=\"\" src=\"https:\/\/d2p6e6u75xmxt8.cloudfront.net\/13\/2020\/02\/ebike-2-1024x683.webp\" srcset=\"https:\/\/d2p6e6u75xmxt8.cloudfront.net\/13\/2020\/02\/ebike-2.webp 1140w, https:\/\/d2p6e6u75xmxt8.cloudfront.net\/13\/2020\/02\/ebike-2-300x200.webp 300w, https:\/\/d2p6e6u75xmxt8.cloudfront.net\/13\/2020\/02\/ebike-2-1024x683.webp 1024w, https:\/\/d2p6e6u75xmxt8.cloudfront.net\/13\/2020\/02\/ebike-2-768x512.webp 768w, https:\/\/d2p6e6u75xmxt8.cloudfront.net\/13\/2020\/02\/ebike-2-272x182.webp 272w\" width=\"1024\" height=\"683\" sizes=\"auto, (min-width: 1200px) 300px, (min-width: 768px) 25vw, 100vw\" alt=\"jak-vybrat-spravne-elektrokolo-rady-a-tipy\"\/><\/a><\/div>    <div class=\"entry-meta\">\n        <a class=\"label label-secondary post-category\" href=\"https:\/\/www.welovecycling.com\/cs\/category\/rady-tipy\/\" title=\"Rady &amp; tipy\">Rady &amp; tipy<\/a>\n    <\/div>\n    <div class=\"entry-details\">\n        <a href=\"https:\/\/www.welovecycling.com\/cs\/2024\/08\/01\/jak-vybrat-spravne-elektrokolo-rady-a-tipy\/\" class='entry-title-wrapper'>\n            <h3 class=\"entry-title\"><span>Jak vybrat spr\u00e1vn\u00e9 elektrokolo: rady a tipy<\/span><\/h3>\n        <\/a>\n    <\/div>\n    <\/article>\n<\/div>\n<p>\u201eP\u0159ijde n\u00e1m logick\u00e9 z\u00e1kazn\u00edk\u016fm usnadnit ekologickou likvidaci star\u00e9 baterie t\u00edm, \u017ee ji mohou odevzdat v servisu, kam b\u011b\u017en\u011b chod\u00ed a kde se o jejich elektrokolo staraj\u00ed. Nemus\u00ed hledat sb\u011brn\u00e9 m\u00edsto, kde jim baterii p\u0159ijmou. V ka\u017ed\u00e9m z na\u0161ich partnersk\u00fdch servis\u016f lze nav\u00edc v\u017edy ud\u011blat diagnostiku schopnou ur\u010dit, v jak\u00e9 je baterie kondici,\u201d vysv\u011btluje Tom\u00e1\u0161 Jan\u010d\u00e1rek.<\/p>\n<p>Seznam m\u00edst, kde lze baterie odevzdat k ekologick\u00e9 likvidaci naleznete na adrese <a href=\"https:\/\/www.ecobat.cz\/baterie-z-elektrokol\/\">www.ecobat.cz\/baterie-z-elektrokol<\/a>.<\/p>\n","protected":false},"excerpt":{"rendered":"<p>Cyklistick\u00e1 sezona je tady a s n\u00ed \u010das zkontrolovat, v jak\u00e9 kondici se nach\u00e1z\u00ed va\u0161e elektrokolo. Srdcem elektrokola je motor [&hellip;]<\/p>\n","protected":false},"author":138,"featured_media":28937,"comment_status":"open","ping_status":"open","sticky":false,"template":"","format":"standard","meta":{"footnotes":""},"categories":[15],"tags":[4151,126,825,2001,56,2947,97,9],"global-categories":[411],"class_list":["post-28934","post","type-post","status-publish","format-standard","has-post-thumbnail","hentry","category-rady-tipy","tag-baterie-elektrokola","tag-cyklistika","tag-elektrokolo","tag-gravel","tag-horska-cyklistika","tag-kapacita-baterie","tag-rady-a-tipy","tag-silnicni-cyklistika","global-categories-cycling"],"yoast_head":"<!-- This site is optimized with the Yoast SEO Premium plugin v25.3 (Yoast SEO v25.9) - https:\/\/yoast.com\/wordpress\/plugins\/seo\/ -->\n<title>Baterie elektrokola: p\u00e9\u010de, skladov\u00e1n\u00ed a recyklace | \u0160koda We Love Cycling - \u010cesk\u00e1 republika<\/title>\n<meta name=\"description\" content=\"Cyklistick\u00e1 sezona je tady a s n\u00ed \u010das zkontrolovat, v jak\u00e9 kondici se nach\u00e1z\u00ed va\u0161e elektrokolo. Srdcem elektrokola je motor a baterie. Ta ale nevydr\u017e\u00ed v\u011b\u010dn\u011b. Jak se k n\u00ed spr\u00e1vn\u011b chovat, aby vydr\u017eela, a co d\u011blat pot\u00e9, co skon\u010d\u00ed jej\u00ed \u017eivotnost?\" \/>\n<meta name=\"robots\" content=\"index, follow, max-snippet:-1, max-image-preview:large, max-video-preview:-1\" \/>\n<link rel=\"canonical\" href=\"https:\/\/www.welovecycling.com\/cs\/2025\/04\/15\/baterie-elektrokola-pece-skladovani-a-recyklace\/\" \/>\n<meta property=\"og:locale\" content=\"cs_CZ\" \/>\n<meta property=\"og:type\" content=\"article\" \/>\n<meta property=\"og:title\" content=\"Baterie elektrokola: p\u00e9\u010de, skladov\u00e1n\u00ed a recyklace\" \/>\n<meta property=\"og:description\" content=\"Cyklistick\u00e1 sezona je tady a s n\u00ed \u010das zkontrolovat, v jak\u00e9 kondici se nach\u00e1z\u00ed va\u0161e elektrokolo. Srdcem elektrokola je motor a baterie. Ta ale nevydr\u017e\u00ed v\u011b\u010dn\u011b. Jak se k n\u00ed spr\u00e1vn\u011b chovat, aby vydr\u017eela, a co d\u011blat pot\u00e9, co skon\u010d\u00ed jej\u00ed \u017eivotnost?\" \/>\n<meta property=\"og:url\" content=\"https:\/\/www.welovecycling.com\/cs\/2025\/04\/15\/baterie-elektrokola-pece-skladovani-a-recyklace\/\" \/>\n<meta property=\"og:site_name\" content=\"\u0160koda We Love Cycling - \u010cesk\u00e1 republika\" \/>\n<meta property=\"article:published_time\" content=\"2025-04-15T08:48:15+00:00\" \/>\n<meta property=\"og:image\" content=\"https:\/\/d2p6e6u75xmxt8.cloudfront.net\/13\/2025\/04\/bosch_ebike_ibd_rt_2024_2859-Print-scaled.webp\" \/>\n\t<meta property=\"og:image:width\" content=\"2560\" \/>\n\t<meta property=\"og:image:height\" content=\"1707\" \/>\n\t<meta property=\"og:image:type\" content=\"image\/webp\" \/>\n<meta name=\"author\" content=\"radekmalina\" \/>\n<meta name=\"twitter:card\" content=\"summary_large_image\" \/>\n<meta name=\"twitter:label1\" content=\"Written by\" \/>\n\t<meta name=\"twitter:data1\" content=\"We Love Cycling\" \/>\n\t<meta name=\"twitter:label2\" content=\"Est. reading time\" \/>\n\t<meta name=\"twitter:data2\" content=\"6\" \/>\n<script type=\"application\/ld+json\" class=\"yoast-schema-graph\">{\"@context\":\"https:\/\/schema.org\",\"@graph\":[{\"@type\":\"WebPage\",\"@id\":\"https:\/\/www.welovecycling.com\/cs\/2025\/04\/15\/baterie-elektrokola-pece-skladovani-a-recyklace\/\",\"url\":\"https:\/\/www.welovecycling.com\/cs\/2025\/04\/15\/baterie-elektrokola-pece-skladovani-a-recyklace\/\",\"name\":\"Baterie elektrokola: p\u00e9\u010de, skladov\u00e1n\u00ed a recyklace | \u0160koda We Love Cycling - \u010cesk\u00e1 republika\",\"isPartOf\":{\"@id\":\"https:\/\/www.welovecycling.com\/cs\/#website\"},\"primaryImageOfPage\":{\"@id\":\"https:\/\/www.welovecycling.com\/cs\/2025\/04\/15\/baterie-elektrokola-pece-skladovani-a-recyklace\/#primaryimage\"},\"image\":{\"@id\":\"https:\/\/www.welovecycling.com\/cs\/2025\/04\/15\/baterie-elektrokola-pece-skladovani-a-recyklace\/#primaryimage\"},\"thumbnailUrl\":\"https:\/\/d2p6e6u75xmxt8.cloudfront.net\/13\/2025\/04\/bosch_ebike_ibd_rt_2024_2859-Print-scaled.webp\",\"datePublished\":\"2025-04-15T08:48:15+00:00\",\"author\":{\"@id\":\"https:\/\/www.welovecycling.com\/cs\/#\/schema\/person\/d9eeb0a378f3a7e4a6d12d2b536b04b8\"},\"description\":\"Cyklistick\u00e1 sezona je tady a s n\u00ed \u010das zkontrolovat, v jak\u00e9 kondici se nach\u00e1z\u00ed va\u0161e elektrokolo. Srdcem elektrokola je motor a baterie. Ta ale nevydr\u017e\u00ed v\u011b\u010dn\u011b. Jak se k n\u00ed spr\u00e1vn\u011b chovat, aby vydr\u017eela, a co d\u011blat pot\u00e9, co skon\u010d\u00ed jej\u00ed \u017eivotnost?\",\"inLanguage\":\"cs\",\"potentialAction\":[{\"@type\":\"ReadAction\",\"target\":[\"https:\/\/www.welovecycling.com\/cs\/2025\/04\/15\/baterie-elektrokola-pece-skladovani-a-recyklace\/\"]}]},{\"@type\":\"ImageObject\",\"inLanguage\":\"cs\",\"@id\":\"https:\/\/www.welovecycling.com\/cs\/2025\/04\/15\/baterie-elektrokola-pece-skladovani-a-recyklace\/#primaryimage\",\"url\":\"https:\/\/d2p6e6u75xmxt8.cloudfront.net\/13\/2025\/04\/bosch_ebike_ibd_rt_2024_2859-Print-scaled.webp\",\"contentUrl\":\"https:\/\/d2p6e6u75xmxt8.cloudfront.net\/13\/2025\/04\/bosch_ebike_ibd_rt_2024_2859-Print-scaled.webp\",\"width\":2560,\"height\":1707,\"caption\":\"Baterie je pro elektrokolo kl\u00ed\u010dovou sou\u010d\u00e1stkou.\"},{\"@type\":\"WebSite\",\"@id\":\"https:\/\/www.welovecycling.com\/cs\/#website\",\"url\":\"https:\/\/www.welovecycling.com\/cs\/\",\"name\":\"\u0160koda We Love Cycling - \u010cesk\u00e1 republika\",\"description\":\"WeLoveCycling.cz je online magaz\u00edn, kter\u00fd v\u00e1m pravideln\u011b p\u0159in\u00e1\u0161\u00ed rady a tipy, zaj\u00edmav\u00e9 \u010dl\u00e1nky, videa a jedine\u010dn\u00e9 report\u00e1\u017ee ze sv\u011bta cyklistiky.\",\"potentialAction\":[{\"@type\":\"SearchAction\",\"target\":{\"@type\":\"EntryPoint\",\"urlTemplate\":\"https:\/\/www.welovecycling.com\/cs\/?s={search_term_string}\"},\"query-input\":{\"@type\":\"PropertyValueSpecification\",\"valueRequired\":true,\"valueName\":\"search_term_string\"}}],\"inLanguage\":\"cs\"},{\"@type\":\"Person\",\"@id\":\"https:\/\/www.welovecycling.com\/cs\/#\/schema\/person\/d9eeb0a378f3a7e4a6d12d2b536b04b8\",\"name\":\"radekmalina\",\"image\":{\"@type\":\"ImageObject\",\"inLanguage\":\"cs\",\"@id\":\"https:\/\/www.welovecycling.com\/cs\/#\/schema\/person\/image\/\",\"url\":\"https:\/\/secure.gravatar.com\/avatar\/66994b632cb8c39a46b9f54afa3ae07201b678d32a54275b6f1c9ffec356bfc0?s=96&d=mm&r=g\",\"contentUrl\":\"https:\/\/secure.gravatar.com\/avatar\/66994b632cb8c39a46b9f54afa3ae07201b678d32a54275b6f1c9ffec356bfc0?s=96&d=mm&r=g\",\"caption\":\"radekmalina\"},\"url\":\"https:\/\/www.welovecycling.com\/cs\/author\/radekmalina\/\"}]}<\/script>\n<!-- \/ Yoast SEO Premium plugin. -->","yoast_head_json":{"title":"Baterie elektrokola: p\u00e9\u010de, skladov\u00e1n\u00ed a recyklace | \u0160koda We Love Cycling - \u010cesk\u00e1 republika","description":"Cyklistick\u00e1 sezona je tady a s n\u00ed \u010das zkontrolovat, v jak\u00e9 kondici se nach\u00e1z\u00ed va\u0161e elektrokolo. Srdcem elektrokola je motor a baterie. Ta ale nevydr\u017e\u00ed v\u011b\u010dn\u011b. Jak se k n\u00ed spr\u00e1vn\u011b chovat, aby vydr\u017eela, a co d\u011blat pot\u00e9, co skon\u010d\u00ed jej\u00ed \u017eivotnost?","robots":{"index":"index","follow":"follow","max-snippet":"max-snippet:-1","max-image-preview":"max-image-preview:large","max-video-preview":"max-video-preview:-1"},"canonical":"https:\/\/www.welovecycling.com\/cs\/2025\/04\/15\/baterie-elektrokola-pece-skladovani-a-recyklace\/","og_locale":"cs_CZ","og_type":"article","og_title":"Baterie elektrokola: p\u00e9\u010de, skladov\u00e1n\u00ed a recyklace","og_description":"Cyklistick\u00e1 sezona je tady a s n\u00ed \u010das zkontrolovat, v jak\u00e9 kondici se nach\u00e1z\u00ed va\u0161e elektrokolo. Srdcem elektrokola je motor a baterie. Ta ale nevydr\u017e\u00ed v\u011b\u010dn\u011b. Jak se k n\u00ed spr\u00e1vn\u011b chovat, aby vydr\u017eela, a co d\u011blat pot\u00e9, co skon\u010d\u00ed jej\u00ed \u017eivotnost?","og_url":"https:\/\/www.welovecycling.com\/cs\/2025\/04\/15\/baterie-elektrokola-pece-skladovani-a-recyklace\/","og_site_name":"\u0160koda We Love Cycling - \u010cesk\u00e1 republika","article_published_time":"2025-04-15T08:48:15+00:00","og_image":[{"width":2560,"height":1707,"url":"https:\/\/d2p6e6u75xmxt8.cloudfront.net\/13\/2025\/04\/bosch_ebike_ibd_rt_2024_2859-Print-scaled.webp","type":"image\/webp"}],"author":"radekmalina","twitter_card":"summary_large_image","twitter_misc":{"Written by":"We Love Cycling","Est. reading time":"6"},"schema":{"@context":"https:\/\/schema.org","@graph":[{"@type":"WebPage","@id":"https:\/\/www.welovecycling.com\/cs\/2025\/04\/15\/baterie-elektrokola-pece-skladovani-a-recyklace\/","url":"https:\/\/www.welovecycling.com\/cs\/2025\/04\/15\/baterie-elektrokola-pece-skladovani-a-recyklace\/","name":"Baterie elektrokola: p\u00e9\u010de, skladov\u00e1n\u00ed a recyklace | \u0160koda We Love Cycling - \u010cesk\u00e1 republika","isPartOf":{"@id":"https:\/\/www.welovecycling.com\/cs\/#website"},"primaryImageOfPage":{"@id":"https:\/\/www.welovecycling.com\/cs\/2025\/04\/15\/baterie-elektrokola-pece-skladovani-a-recyklace\/#primaryimage"},"image":{"@id":"https:\/\/www.welovecycling.com\/cs\/2025\/04\/15\/baterie-elektrokola-pece-skladovani-a-recyklace\/#primaryimage"},"thumbnailUrl":"https:\/\/d2p6e6u75xmxt8.cloudfront.net\/13\/2025\/04\/bosch_ebike_ibd_rt_2024_2859-Print-scaled.webp","datePublished":"2025-04-15T08:48:15+00:00","author":{"@id":"https:\/\/www.welovecycling.com\/cs\/#\/schema\/person\/d9eeb0a378f3a7e4a6d12d2b536b04b8"},"description":"Cyklistick\u00e1 sezona je tady a s n\u00ed \u010das zkontrolovat, v jak\u00e9 kondici se nach\u00e1z\u00ed va\u0161e elektrokolo. Srdcem elektrokola je motor a baterie. Ta ale nevydr\u017e\u00ed v\u011b\u010dn\u011b. Jak se k n\u00ed spr\u00e1vn\u011b chovat, aby vydr\u017eela, a co d\u011blat pot\u00e9, co skon\u010d\u00ed jej\u00ed \u017eivotnost?","inLanguage":"cs","potentialAction":[{"@type":"ReadAction","target":["https:\/\/www.welovecycling.com\/cs\/2025\/04\/15\/baterie-elektrokola-pece-skladovani-a-recyklace\/"]}]},{"@type":"ImageObject","inLanguage":"cs","@id":"https:\/\/www.welovecycling.com\/cs\/2025\/04\/15\/baterie-elektrokola-pece-skladovani-a-recyklace\/#primaryimage","url":"https:\/\/d2p6e6u75xmxt8.cloudfront.net\/13\/2025\/04\/bosch_ebike_ibd_rt_2024_2859-Print-scaled.webp","contentUrl":"https:\/\/d2p6e6u75xmxt8.cloudfront.net\/13\/2025\/04\/bosch_ebike_ibd_rt_2024_2859-Print-scaled.webp","width":2560,"height":1707,"caption":"Baterie je pro elektrokolo kl\u00ed\u010dovou sou\u010d\u00e1stkou."},{"@type":"WebSite","@id":"https:\/\/www.welovecycling.com\/cs\/#website","url":"https:\/\/www.welovecycling.com\/cs\/","name":"\u0160koda We Love Cycling - \u010cesk\u00e1 republika","description":"WeLoveCycling.cz je online magaz\u00edn, kter\u00fd v\u00e1m pravideln\u011b p\u0159in\u00e1\u0161\u00ed rady a tipy, zaj\u00edmav\u00e9 \u010dl\u00e1nky, videa a jedine\u010dn\u00e9 report\u00e1\u017ee ze sv\u011bta cyklistiky.","potentialAction":[{"@type":"SearchAction","target":{"@type":"EntryPoint","urlTemplate":"https:\/\/www.welovecycling.com\/cs\/?s={search_term_string}"},"query-input":{"@type":"PropertyValueSpecification","valueRequired":true,"valueName":"search_term_string"}}],"inLanguage":"cs"},{"@type":"Person","@id":"https:\/\/www.welovecycling.com\/cs\/#\/schema\/person\/d9eeb0a378f3a7e4a6d12d2b536b04b8","name":"radekmalina","image":{"@type":"ImageObject","inLanguage":"cs","@id":"https:\/\/www.welovecycling.com\/cs\/#\/schema\/person\/image\/","url":"https:\/\/secure.gravatar.com\/avatar\/66994b632cb8c39a46b9f54afa3ae07201b678d32a54275b6f1c9ffec356bfc0?s=96&d=mm&r=g","contentUrl":"https:\/\/secure.gravatar.com\/avatar\/66994b632cb8c39a46b9f54afa3ae07201b678d32a54275b6f1c9ffec356bfc0?s=96&d=mm&r=g","caption":"radekmalina"},"url":"https:\/\/www.welovecycling.com\/cs\/author\/radekmalina\/"}]}},"_links":{"self":[{"href":"https:\/\/www.welovecycling.com\/cs\/wp-json\/wp\/v2\/posts\/28934","targetHints":{"allow":["GET"]}}],"collection":[{"href":"https:\/\/www.welovecycling.com\/cs\/wp-json\/wp\/v2\/posts"}],"about":[{"href":"https:\/\/www.welovecycling.com\/cs\/wp-json\/wp\/v2\/types\/post"}],"author":[{"embeddable":true,"href":"https:\/\/www.welovecycling.com\/cs\/wp-json\/wp\/v2\/users\/138"}],"replies":[{"embeddable":true,"href":"https:\/\/www.welovecycling.com\/cs\/wp-json\/wp\/v2\/comments?post=28934"}],"version-history":[{"count":4,"href":"https:\/\/www.welovecycling.com\/cs\/wp-json\/wp\/v2\/posts\/28934\/revisions"}],"predecessor-version":[{"id":28947,"href":"https:\/\/www.welovecycling.com\/cs\/wp-json\/wp\/v2\/posts\/28934\/revisions\/28947"}],"wp:featuredmedia":[{"embeddable":true,"href":"https:\/\/www.welovecycling.com\/cs\/wp-json\/wp\/v2\/media\/28937"}],"wp:attachment":[{"href":"https:\/\/www.welovecycling.com\/cs\/wp-json\/wp\/v2\/media?parent=28934"}],"wp:term":[{"taxonomy":"category","embeddable":true,"href":"https:\/\/www.welovecycling.com\/cs\/wp-json\/wp\/v2\/categories?post=28934"},{"taxonomy":"post_tag","embeddable":true,"href":"https:\/\/www.welovecycling.com\/cs\/wp-json\/wp\/v2\/tags?post=28934"},{"taxonomy":"global-categories","embeddable":true,"href":"https:\/\/www.welovecycling.com\/cs\/wp-json\/wp\/v2\/global-categories?post=28934"}],"curies":[{"name":"wp","href":"https:\/\/api.w.org\/{rel}","templated":true}]}}