{"id":28920,"date":"2025-04-14T12:38:28","date_gmt":"2025-04-14T10:38:28","guid":{"rendered":"https:\/\/www.welovecycling.com\/cs\/?p=28920"},"modified":"2025-04-15T17:41:44","modified_gmt":"2025-04-15T15:41:44","slug":"tadej-ve-sprse-ci-krev-a-bolest-sampionu-pohled-za-kulisy-roubaix","status":"publish","type":"post","link":"https:\/\/www.welovecycling.com\/cs\/2025\/04\/14\/tadej-ve-sprse-ci-krev-a-bolest-sampionu-pohled-za-kulisy-roubaix\/","title":{"rendered":"Tadej ve spr\u0161e \u010di krev a bolest \u0161ampion\u016f. Pohled za kulisy Roubaix"},"content":{"rendered":"<p><strong>T\u0159iapades\u00e1t cyklist\u016f, t\u00e9m\u011b\u0159 t\u0159etina pelotonu, nedorazilo do c\u00edle legend\u00e1rn\u00edho velodromu v Roubaix, kde slavil t\u0159et\u00ed v\u00edt\u011bzstv\u00ed v \u0159ad\u011b Mathieu van der Poel. Nejbrut\u00e1ln\u011bj\u0161\u00ed jednodenn\u00ed z\u00e1vod v kalend\u00e1\u0159i profesion\u00e1ln\u00ed cyklistiky napsal sto dvac\u00e1tou druhou kapitolu. <\/strong><\/p>\n<p>Nizozemsk\u00fd d\u00e9mon se vypo\u0159\u00e1dal s t\u0159iceti sektory drsn\u00fdch kostkov\u00fdch sektor\u016f i v\u0161emi soupe\u0159i v\u010detn\u011b Tadeje Poga\u010dara, slovinsk\u00e9ho\u00a0 l\u00eddra\u00a0 sestavy UAE Emirates. <em><img loading=\"lazy\" decoding=\"async\" class=\"size-full wp-image-28912\" src=\"https:\/\/d2p6e6u75xmxt8.cloudfront.net\/13\/2025\/04\/profimedia-0987643148.webp\" alt=\"\" width=\"1800\" height=\"1200\" srcset=\"https:\/\/d2p6e6u75xmxt8.cloudfront.net\/13\/2025\/04\/profimedia-0987643148.webp 1800w, https:\/\/d2p6e6u75xmxt8.cloudfront.net\/13\/2025\/04\/profimedia-0987643148-300x200.webp 300w, https:\/\/d2p6e6u75xmxt8.cloudfront.net\/13\/2025\/04\/profimedia-0987643148-1024x683.webp 1024w, https:\/\/d2p6e6u75xmxt8.cloudfront.net\/13\/2025\/04\/profimedia-0987643148-768x512.webp 768w, https:\/\/d2p6e6u75xmxt8.cloudfront.net\/13\/2025\/04\/profimedia-0987643148-1536x1024.webp 1536w, https:\/\/d2p6e6u75xmxt8.cloudfront.net\/13\/2025\/04\/profimedia-0987643148-400x267.webp 400w, https:\/\/d2p6e6u75xmxt8.cloudfront.net\/13\/2025\/04\/profimedia-0987643148-272x182.webp 272w\" sizes=\"auto, (max-width: 1800px) 100vw, 1800px\" \/><span style=\"font-size: 14px;\">Objet\u00ed \u0161ampion\u016f! Mathieu van der Poel a Tadej Poga\u010dar v c\u00edli Roubaix 2025.<\/span><\/em><\/p>\n<p>Trojn\u00e1sobn\u00fd v\u00edt\u011bz Tour de France p\u0159i premi\u00e9\u0159e na Pekle severu oslnil. Ale doplatil na pravoto\u010divou zat\u00e1\u010dku v jednom ze sektor\u016f, kdy p\u0159ehnal n\u00e1jezdovou rychlost a spadl z kola.<\/p>\n<p><a href=\"https:\/\/d2p6e6u75xmxt8.cloudfront.net\/13\/2025\/04\/profimedia-0987637082.webp\"><img loading=\"lazy\" decoding=\"async\" class=\"size-full wp-image-28908\" src=\"https:\/\/d2p6e6u75xmxt8.cloudfront.net\/13\/2025\/04\/profimedia-0987637082.webp\" alt=\"\" width=\"1800\" height=\"1344\" srcset=\"https:\/\/d2p6e6u75xmxt8.cloudfront.net\/13\/2025\/04\/profimedia-0987637082.webp 1800w, https:\/\/d2p6e6u75xmxt8.cloudfront.net\/13\/2025\/04\/profimedia-0987637082-300x224.webp 300w, https:\/\/d2p6e6u75xmxt8.cloudfront.net\/13\/2025\/04\/profimedia-0987637082-1024x765.webp 1024w, https:\/\/d2p6e6u75xmxt8.cloudfront.net\/13\/2025\/04\/profimedia-0987637082-768x573.webp 768w, https:\/\/d2p6e6u75xmxt8.cloudfront.net\/13\/2025\/04\/profimedia-0987637082-1536x1147.webp 1536w, https:\/\/d2p6e6u75xmxt8.cloudfront.net\/13\/2025\/04\/profimedia-0987637082-400x299.webp 400w\" sizes=\"auto, (max-width: 1800px) 100vw, 1800px\" \/><\/a><\/p>\n<p>Slovinec n\u00e1sledn\u011b po defektu musel m\u011bnit kolo je\u0161t\u011b jednou. A tak <a href=\"https:\/\/www.welovecycling.com\/cs\/2025\/04\/13\/kral-pekla-van-der-poel-vyhral-roubaix-i-pres-sileny-utok-divaka\/\">Mathieu van der Poel<\/a> dojel pro v\u00edt\u011bzstv\u00ed, p\u0159esto\u017ee s\u00e1m rovn\u011b\u017e kv\u016fli praskl\u00e9mu pl\u00e1\u0161ti pot\u0159eboval vym\u011bnit bicykl. V c\u00edli padl vy\u010derpan\u00fd do n\u00e1ru\u010de p\u0159\u00edtelkyn\u011b Roxanny.<\/p>\n<p><a href=\"https:\/\/d2p6e6u75xmxt8.cloudfront.net\/13\/2025\/04\/profimedia-0987636407.webp\"><img loading=\"lazy\" decoding=\"async\" class=\"alignnone size-full wp-image-28911\" src=\"https:\/\/d2p6e6u75xmxt8.cloudfront.net\/13\/2025\/04\/profimedia-0987636407.webp\" alt=\"\" width=\"1800\" height=\"1200\" srcset=\"https:\/\/d2p6e6u75xmxt8.cloudfront.net\/13\/2025\/04\/profimedia-0987636407.webp 1800w, https:\/\/d2p6e6u75xmxt8.cloudfront.net\/13\/2025\/04\/profimedia-0987636407-300x200.webp 300w, https:\/\/d2p6e6u75xmxt8.cloudfront.net\/13\/2025\/04\/profimedia-0987636407-1024x683.webp 1024w, https:\/\/d2p6e6u75xmxt8.cloudfront.net\/13\/2025\/04\/profimedia-0987636407-768x512.webp 768w, https:\/\/d2p6e6u75xmxt8.cloudfront.net\/13\/2025\/04\/profimedia-0987636407-1536x1024.webp 1536w, https:\/\/d2p6e6u75xmxt8.cloudfront.net\/13\/2025\/04\/profimedia-0987636407-400x267.webp 400w, https:\/\/d2p6e6u75xmxt8.cloudfront.net\/13\/2025\/04\/profimedia-0987636407-272x182.webp 272w\" sizes=\"auto, (max-width: 1800px) 100vw, 1800px\" \/><\/a><\/p>\n<p>&#8222;Roubaix je spravedliv\u00e9. F\u00e9rov\u00fd z\u00e1vod. Vp\u0159edu z\u016fstanou jen nejsiln\u011bj\u0161\u00ed. Byl jsem sou\u010d\u00e1st\u00ed fin\u00e1le, ale nebyl jsem dost dobr\u00fd. Jel jsem s dv\u011bma super\u0161ampiony a rychle se dostal na sv\u016fj limit. Byla to ag\u00f3nie,&#8220; popsal vystoupen\u00ed v Pekle severu Jasper Philipsen, z\u00e1vodn\u00edk formace Alpecin Deceuninck a v\u00edt\u011bz bodovac\u00ed sout\u011b\u017ee \u0160koda Auto na Tour de France 2023.<\/p>\n<figure id=\"attachment_28909\" aria-describedby=\"caption-attachment-28909\" style=\"width: 1800px\" class=\"wp-caption alignnone\"><a href=\"https:\/\/d2p6e6u75xmxt8.cloudfront.net\/13\/2025\/04\/profimedia-0987629219.webp\"><img loading=\"lazy\" decoding=\"async\" class=\"size-full wp-image-28909\" src=\"https:\/\/d2p6e6u75xmxt8.cloudfront.net\/13\/2025\/04\/profimedia-0987629219.webp\" alt=\"\" width=\"1800\" height=\"1200\" srcset=\"https:\/\/d2p6e6u75xmxt8.cloudfront.net\/13\/2025\/04\/profimedia-0987629219.webp 1800w, https:\/\/d2p6e6u75xmxt8.cloudfront.net\/13\/2025\/04\/profimedia-0987629219-300x200.webp 300w, https:\/\/d2p6e6u75xmxt8.cloudfront.net\/13\/2025\/04\/profimedia-0987629219-1024x683.webp 1024w, https:\/\/d2p6e6u75xmxt8.cloudfront.net\/13\/2025\/04\/profimedia-0987629219-768x512.webp 768w, https:\/\/d2p6e6u75xmxt8.cloudfront.net\/13\/2025\/04\/profimedia-0987629219-1536x1024.webp 1536w, https:\/\/d2p6e6u75xmxt8.cloudfront.net\/13\/2025\/04\/profimedia-0987629219-400x267.webp 400w, https:\/\/d2p6e6u75xmxt8.cloudfront.net\/13\/2025\/04\/profimedia-0987629219-272x182.webp 272w\" sizes=\"auto, (max-width: 1800px) 100vw, 1800px\" \/><\/a><figcaption id=\"caption-attachment-28909\" class=\"wp-caption-text\"><em>Jasper Philipsen a jeho partnerka Melanie na velodromu v Roubaix.<\/em><\/figcaption><\/figure>\n<p>&#8222;V c\u00edli vypadaj\u00ed z\u00e1vodn\u00edci, jako kdy\u017e p\u0159ij\u00ed\u017ed\u00ed z v\u00e1le\u010dn\u00e9 z\u00f3ny. Ale tohle je Roubaix. Nikdy nev\u00edte, co v\u00e1s p\u0159ekvap\u00ed v dal\u0161\u00ed zat\u00e1\u010dce,&#8220; komentoval bitvu Mathias Vacek, jen\u017e dlouho odv\u00e1d\u011bl nedocenitelnou pr\u00e1ci pro t\u00fdmov\u00e9ho par\u0165\u00e1ka a l\u00eddra sestavy Lidl Trek Madse Pedersena, v c\u00edli t\u0159et\u00edho.<\/p>\n<p><a href=\"https:\/\/d2p6e6u75xmxt8.cloudfront.net\/13\/2025\/04\/mathias-vacek-Roubaix-2025.webp\"><img loading=\"lazy\" decoding=\"async\" class=\"alignnone wp-image-28923\" src=\"https:\/\/d2p6e6u75xmxt8.cloudfront.net\/13\/2025\/04\/mathias-vacek-Roubaix-2025.webp\" alt=\"\" width=\"793\" height=\"1091\" srcset=\"https:\/\/d2p6e6u75xmxt8.cloudfront.net\/13\/2025\/04\/mathias-vacek-Roubaix-2025.webp 565w, https:\/\/d2p6e6u75xmxt8.cloudfront.net\/13\/2025\/04\/mathias-vacek-Roubaix-2025-218x300.webp 218w, https:\/\/d2p6e6u75xmxt8.cloudfront.net\/13\/2025\/04\/mathias-vacek-Roubaix-2025-291x400.webp 291w\" sizes=\"auto, (max-width: 793px) 100vw, 793px\" \/><\/a><\/p>\n<p>Jen\u017ee v jednom z dl\u00e1\u017ed\u011bn\u00fdch \u00fasek\u016f se \u010desk\u00e9mu reprezentantovi smeklo p\u0159edn\u00ed kolo, drsn\u011b let\u011bl p\u0159es \u0159\u00edd\u00edtka a skon\u010dil ot\u0159esen\u00fd na zemi s roztr\u017een\u00fdm lev\u00fdm obo\u010d\u00edm. I p\u0159es krvav\u00e9 zran\u011bn\u00ed v\u0161ak borec ze Sto\u017ece sedl na kolo a dorazil na velodrom v Roubaix.<\/p>\n<p><a href=\"https:\/\/d2p6e6u75xmxt8.cloudfront.net\/13\/2025\/04\/profimedia-0987697998.webp\"><img loading=\"lazy\" decoding=\"async\" class=\"alignnone size-full wp-image-28916\" src=\"https:\/\/d2p6e6u75xmxt8.cloudfront.net\/13\/2025\/04\/profimedia-0987697998.webp\" alt=\"\" width=\"1200\" height=\"1800\" srcset=\"https:\/\/d2p6e6u75xmxt8.cloudfront.net\/13\/2025\/04\/profimedia-0987697998.webp 1200w, https:\/\/d2p6e6u75xmxt8.cloudfront.net\/13\/2025\/04\/profimedia-0987697998-200x300.webp 200w, https:\/\/d2p6e6u75xmxt8.cloudfront.net\/13\/2025\/04\/profimedia-0987697998-683x1024.webp 683w, https:\/\/d2p6e6u75xmxt8.cloudfront.net\/13\/2025\/04\/profimedia-0987697998-768x1152.webp 768w, https:\/\/d2p6e6u75xmxt8.cloudfront.net\/13\/2025\/04\/profimedia-0987697998-1024x1536.webp 1024w, https:\/\/d2p6e6u75xmxt8.cloudfront.net\/13\/2025\/04\/profimedia-0987697998-267x400.webp 267w\" sizes=\"auto, (max-width: 1200px) 100vw, 1200px\" \/><\/a><\/p>\n<p>T\u00fdmov\u00fd par\u0165\u00e1k Jasper Stuyven dorazil do c\u00edlov\u00e9ho prostoru v Roubaix rovn\u011b\u017e zna\u010dn\u011b zkrvaven\u00fd. Jeho nohy jasn\u011b dokazovaly, \u017ee projely Peklo severu.<\/p>\n<p><a href=\"https:\/\/d2p6e6u75xmxt8.cloudfront.net\/13\/2025\/04\/profimedia-0987604590.webp\"><img loading=\"lazy\" decoding=\"async\" class=\"alignnone size-full wp-image-28918\" src=\"https:\/\/d2p6e6u75xmxt8.cloudfront.net\/13\/2025\/04\/profimedia-0987604590.webp\" alt=\"\" width=\"1800\" height=\"1200\" srcset=\"https:\/\/d2p6e6u75xmxt8.cloudfront.net\/13\/2025\/04\/profimedia-0987604590.webp 1800w, https:\/\/d2p6e6u75xmxt8.cloudfront.net\/13\/2025\/04\/profimedia-0987604590-300x200.webp 300w, https:\/\/d2p6e6u75xmxt8.cloudfront.net\/13\/2025\/04\/profimedia-0987604590-1024x683.webp 1024w, https:\/\/d2p6e6u75xmxt8.cloudfront.net\/13\/2025\/04\/profimedia-0987604590-768x512.webp 768w, https:\/\/d2p6e6u75xmxt8.cloudfront.net\/13\/2025\/04\/profimedia-0987604590-1536x1024.webp 1536w, https:\/\/d2p6e6u75xmxt8.cloudfront.net\/13\/2025\/04\/profimedia-0987604590-400x267.webp 400w, https:\/\/d2p6e6u75xmxt8.cloudfront.net\/13\/2025\/04\/profimedia-0987604590-272x182.webp 272w\" sizes=\"auto, (max-width: 1800px) 100vw, 1800px\" \/><\/a><\/p>\n<p>Defekty, p\u00e1dy a zran\u011bn\u00ed zp\u016fsobily, \u017ee celkem osmapades\u00e1t z\u00e1vodn\u00edk\u016f nebylo p\u0159i Roubaix 2025 klasifikov\u00e1no.<\/p>\n<p><a href=\"https:\/\/d2p6e6u75xmxt8.cloudfront.net\/13\/2025\/04\/profimedia-0987762988.webp\"><img loading=\"lazy\" decoding=\"async\" class=\"alignnone size-full wp-image-28922\" src=\"https:\/\/d2p6e6u75xmxt8.cloudfront.net\/13\/2025\/04\/profimedia-0987762988.webp\" alt=\"\" width=\"1800\" height=\"1200\" srcset=\"https:\/\/d2p6e6u75xmxt8.cloudfront.net\/13\/2025\/04\/profimedia-0987762988.webp 1800w, https:\/\/d2p6e6u75xmxt8.cloudfront.net\/13\/2025\/04\/profimedia-0987762988-300x200.webp 300w, https:\/\/d2p6e6u75xmxt8.cloudfront.net\/13\/2025\/04\/profimedia-0987762988-1024x683.webp 1024w, https:\/\/d2p6e6u75xmxt8.cloudfront.net\/13\/2025\/04\/profimedia-0987762988-768x512.webp 768w, https:\/\/d2p6e6u75xmxt8.cloudfront.net\/13\/2025\/04\/profimedia-0987762988-1536x1024.webp 1536w, https:\/\/d2p6e6u75xmxt8.cloudfront.net\/13\/2025\/04\/profimedia-0987762988-400x267.webp 400w, https:\/\/d2p6e6u75xmxt8.cloudfront.net\/13\/2025\/04\/profimedia-0987762988-272x182.webp 272w\" sizes=\"auto, (max-width: 1800px) 100vw, 1800px\" \/><\/a><\/p>\n<p>Jezdci Visma Lease a Bike vyu\u017eili syst\u00e9m dofukov\u00e1n\u00ed \u010di upou\u0161t\u011bn\u00ed tlaku v pneumatik\u00e1ch podle pot\u0159eby. P\u0159ed kostkov\u00fdm sektorem je mo\u017en\u00e9 tlak sn\u00ed\u017eit, n\u00e1sledn\u011b pro asfaltov\u00fd koberec zv\u00fd\u0161it.<\/p>\n<p><a href=\"https:\/\/d2p6e6u75xmxt8.cloudfront.net\/13\/2025\/04\/profimedia-0987598436.webp\"><img loading=\"lazy\" decoding=\"async\" class=\"alignnone size-full wp-image-28921\" src=\"https:\/\/d2p6e6u75xmxt8.cloudfront.net\/13\/2025\/04\/profimedia-0987598436.webp\" alt=\"\" width=\"1800\" height=\"1200\" srcset=\"https:\/\/d2p6e6u75xmxt8.cloudfront.net\/13\/2025\/04\/profimedia-0987598436.webp 1800w, https:\/\/d2p6e6u75xmxt8.cloudfront.net\/13\/2025\/04\/profimedia-0987598436-300x200.webp 300w, https:\/\/d2p6e6u75xmxt8.cloudfront.net\/13\/2025\/04\/profimedia-0987598436-1024x683.webp 1024w, https:\/\/d2p6e6u75xmxt8.cloudfront.net\/13\/2025\/04\/profimedia-0987598436-768x512.webp 768w, https:\/\/d2p6e6u75xmxt8.cloudfront.net\/13\/2025\/04\/profimedia-0987598436-1536x1024.webp 1536w, https:\/\/d2p6e6u75xmxt8.cloudfront.net\/13\/2025\/04\/profimedia-0987598436-400x267.webp 400w, https:\/\/d2p6e6u75xmxt8.cloudfront.net\/13\/2025\/04\/profimedia-0987598436-272x182.webp 272w\" sizes=\"auto, (max-width: 1800px) 100vw, 1800px\" \/><\/a><\/p>\n<p>Na stupn\u011b v\u00edt\u011bz\u016f p\u0159esto vymo\u017eenost s ozna\u010den\u00edm Gravaa nesta\u010dila. Wout van Aert protnul p\u00e1sku \u010dtvrt\u00fd, kdy\u017e hned v \u00favodu z\u00e1vodu spadnul. P\u0159i pohledu na prav\u00e9 koleno belgick\u00e9ho z\u00e1vodn\u00edka je obdivuhodn\u00e9, \u017ee Ned\u011bli v pekle v\u016fbec absolvoval.<\/p>\n<p><a href=\"https:\/\/d2p6e6u75xmxt8.cloudfront.net\/13\/2025\/04\/profimedia-0987698066.webp\"><img loading=\"lazy\" decoding=\"async\" class=\"alignnone size-full wp-image-28917\" src=\"https:\/\/d2p6e6u75xmxt8.cloudfront.net\/13\/2025\/04\/profimedia-0987698066.webp\" alt=\"\" width=\"1800\" height=\"1199\" srcset=\"https:\/\/d2p6e6u75xmxt8.cloudfront.net\/13\/2025\/04\/profimedia-0987698066.webp 1800w, https:\/\/d2p6e6u75xmxt8.cloudfront.net\/13\/2025\/04\/profimedia-0987698066-300x200.webp 300w, https:\/\/d2p6e6u75xmxt8.cloudfront.net\/13\/2025\/04\/profimedia-0987698066-1024x682.webp 1024w, https:\/\/d2p6e6u75xmxt8.cloudfront.net\/13\/2025\/04\/profimedia-0987698066-768x512.webp 768w, https:\/\/d2p6e6u75xmxt8.cloudfront.net\/13\/2025\/04\/profimedia-0987698066-1536x1023.webp 1536w, https:\/\/d2p6e6u75xmxt8.cloudfront.net\/13\/2025\/04\/profimedia-0987698066-400x266.webp 400w, https:\/\/d2p6e6u75xmxt8.cloudfront.net\/13\/2025\/04\/profimedia-0987698066-272x182.webp 272w\" sizes=\"auto, (max-width: 1800px) 100vw, 1800px\" \/><\/a><\/p>\n<p>Legend\u00e1rn\u00ed sprchy v \u00fatrob\u00e1ch sta\u0159i\u010dk\u00e9ho velodromu byly pro v\u0161echny odm\u011bnou, bez ohledu na kone\u010dn\u00e9 um\u00edst\u011bn\u00ed.I tv\u00e1\u0159 Tadeje Poga\u010dara jasn\u011b vypov\u00eddala, jak moc jej Roubaix 2025 vy\u010derpalo.<\/p>\n<p><em>Foto: profimedia (11), 1x instagram Mathiase Vacka<\/em><\/p>\n","protected":false},"excerpt":{"rendered":"<p>T\u0159iapades\u00e1t cyklist\u016f, t\u00e9m\u011b\u0159 t\u0159etina pelotonu, nedorazilo do c\u00edle legend\u00e1rn\u00edho velodromu v Roubaix, kde slavil t\u0159et\u00ed v\u00edt\u011bzstv\u00ed v \u0159ad\u011b Mathieu van [&hellip;]<\/p>\n","protected":false},"author":138,"featured_media":28915,"comment_status":"open","ping_status":"open","sticky":false,"template":"","format":"standard","meta":{"footnotes":""},"categories":[660],"tags":[126,305,178,168,1930,4134,9,502],"global-categories":[411],"class_list":["post-28920","post","type-post","status-publish","format-standard","has-post-thumbnail","hentry","category-https-www-welovecycling-com-cs-category-zabava","tag-cyklistika","tag-mathias-vacek","tag-mathieu-van-der-poel","tag-pariz-roubaix","tag-peklo-severu","tag-roubaix-2025","tag-silnicni-cyklistika","tag-tadej-pogacar","global-categories-cycling"],"yoast_head":"<!-- This site is optimized with the Yoast SEO Premium plugin v25.3 (Yoast SEO v25.9) - https:\/\/yoast.com\/wordpress\/plugins\/seo\/ -->\n<title>Tadej ve spr\u0161e \u010di krev a bolest \u0161ampion\u016f. Pohled za kulisy Roubaix | \u0160koda We Love Cycling - \u010cesk\u00e1 republika<\/title>\n<meta name=\"description\" content=\"Nejbrut\u00e1ln\u011bj\u0161\u00ed jednodenn\u00ed z\u00e1vod v kalend\u00e1\u0159i profesion\u00e1ln\u00ed cyklistiky napsal sto dvac\u00e1tou druhou kapitolu. T\u0159iapades\u00e1t cyklist\u016f, t\u00e9m\u011b\u0159 t\u0159etina pelotonu, nedorazilo do c\u00edle legend\u00e1rn\u00edho velodromu v Roubaix, kde slavil t\u0159et\u00ed v\u00edt\u011bzstv\u00ed v \u0159ad\u011b Mathieu van der Poel.\" \/>\n<meta name=\"robots\" content=\"index, follow, max-snippet:-1, max-image-preview:large, max-video-preview:-1\" \/>\n<link rel=\"canonical\" href=\"https:\/\/www.welovecycling.com\/cs\/2025\/04\/14\/tadej-ve-sprse-ci-krev-a-bolest-sampionu-pohled-za-kulisy-roubaix\/\" \/>\n<meta property=\"og:locale\" content=\"cs_CZ\" \/>\n<meta property=\"og:type\" content=\"article\" \/>\n<meta property=\"og:title\" content=\"Tadej ve spr\u0161e \u010di krev a bolest \u0161ampion\u016f. Pohled za kulisy Roubaix\" \/>\n<meta property=\"og:description\" content=\"Nejbrut\u00e1ln\u011bj\u0161\u00ed jednodenn\u00ed z\u00e1vod v kalend\u00e1\u0159i profesion\u00e1ln\u00ed cyklistiky napsal sto dvac\u00e1tou druhou kapitolu. T\u0159iapades\u00e1t cyklist\u016f, t\u00e9m\u011b\u0159 t\u0159etina pelotonu, nedorazilo do c\u00edle legend\u00e1rn\u00edho velodromu v Roubaix, kde slavil t\u0159et\u00ed v\u00edt\u011bzstv\u00ed v \u0159ad\u011b Mathieu van der Poel.\" \/>\n<meta property=\"og:url\" content=\"https:\/\/www.welovecycling.com\/cs\/2025\/04\/14\/tadej-ve-sprse-ci-krev-a-bolest-sampionu-pohled-za-kulisy-roubaix\/\" \/>\n<meta property=\"og:site_name\" content=\"\u0160koda We Love Cycling - \u010cesk\u00e1 republika\" \/>\n<meta property=\"article:published_time\" content=\"2025-04-14T10:38:28+00:00\" \/>\n<meta property=\"article:modified_time\" content=\"2025-04-15T15:41:44+00:00\" \/>\n<meta property=\"og:image\" content=\"https:\/\/d2p6e6u75xmxt8.cloudfront.net\/13\/2025\/04\/profimedia-0987693376.webp\" \/>\n\t<meta property=\"og:image:width\" content=\"1800\" \/>\n\t<meta property=\"og:image:height\" content=\"1200\" \/>\n\t<meta property=\"og:image:type\" content=\"image\/webp\" \/>\n<meta name=\"author\" content=\"radekmalina\" \/>\n<meta name=\"twitter:card\" content=\"summary_large_image\" \/>\n<meta name=\"twitter:label1\" content=\"Written by\" \/>\n\t<meta name=\"twitter:data1\" content=\"We Love Cycling\" \/>\n\t<meta name=\"twitter:label2\" content=\"Est. reading time\" \/>\n\t<meta name=\"twitter:data2\" content=\"5\" \/>\n<script type=\"application\/ld+json\" class=\"yoast-schema-graph\">{\"@context\":\"https:\/\/schema.org\",\"@graph\":[{\"@type\":\"WebPage\",\"@id\":\"https:\/\/www.welovecycling.com\/cs\/2025\/04\/14\/tadej-ve-sprse-ci-krev-a-bolest-sampionu-pohled-za-kulisy-roubaix\/\",\"url\":\"https:\/\/www.welovecycling.com\/cs\/2025\/04\/14\/tadej-ve-sprse-ci-krev-a-bolest-sampionu-pohled-za-kulisy-roubaix\/\",\"name\":\"Tadej ve spr\u0161e \u010di krev a bolest \u0161ampion\u016f. Pohled za kulisy Roubaix | \u0160koda We Love Cycling - \u010cesk\u00e1 republika\",\"isPartOf\":{\"@id\":\"https:\/\/www.welovecycling.com\/cs\/#website\"},\"primaryImageOfPage\":{\"@id\":\"https:\/\/www.welovecycling.com\/cs\/2025\/04\/14\/tadej-ve-sprse-ci-krev-a-bolest-sampionu-pohled-za-kulisy-roubaix\/#primaryimage\"},\"image\":{\"@id\":\"https:\/\/www.welovecycling.com\/cs\/2025\/04\/14\/tadej-ve-sprse-ci-krev-a-bolest-sampionu-pohled-za-kulisy-roubaix\/#primaryimage\"},\"thumbnailUrl\":\"https:\/\/d2p6e6u75xmxt8.cloudfront.net\/13\/2025\/04\/profimedia-0987693376.webp\",\"datePublished\":\"2025-04-14T10:38:28+00:00\",\"dateModified\":\"2025-04-15T15:41:44+00:00\",\"author\":{\"@id\":\"https:\/\/www.welovecycling.com\/cs\/#\/schema\/person\/d9eeb0a378f3a7e4a6d12d2b536b04b8\"},\"description\":\"Nejbrut\u00e1ln\u011bj\u0161\u00ed jednodenn\u00ed z\u00e1vod v kalend\u00e1\u0159i profesion\u00e1ln\u00ed cyklistiky napsal sto dvac\u00e1tou druhou kapitolu. T\u0159iapades\u00e1t cyklist\u016f, t\u00e9m\u011b\u0159 t\u0159etina pelotonu, nedorazilo do c\u00edle legend\u00e1rn\u00edho velodromu v Roubaix, kde slavil t\u0159et\u00ed v\u00edt\u011bzstv\u00ed v \u0159ad\u011b Mathieu van der Poel.\",\"inLanguage\":\"cs\",\"potentialAction\":[{\"@type\":\"ReadAction\",\"target\":[\"https:\/\/www.welovecycling.com\/cs\/2025\/04\/14\/tadej-ve-sprse-ci-krev-a-bolest-sampionu-pohled-za-kulisy-roubaix\/\"]}]},{\"@type\":\"ImageObject\",\"inLanguage\":\"cs\",\"@id\":\"https:\/\/www.welovecycling.com\/cs\/2025\/04\/14\/tadej-ve-sprse-ci-krev-a-bolest-sampionu-pohled-za-kulisy-roubaix\/#primaryimage\",\"url\":\"https:\/\/d2p6e6u75xmxt8.cloudfront.net\/13\/2025\/04\/profimedia-0987693376.webp\",\"contentUrl\":\"https:\/\/d2p6e6u75xmxt8.cloudfront.net\/13\/2025\/04\/profimedia-0987693376.webp\",\"width\":1800,\"height\":1200,\"caption\":\"Sprchy p\u0159i Roubaix 2025\"},{\"@type\":\"WebSite\",\"@id\":\"https:\/\/www.welovecycling.com\/cs\/#website\",\"url\":\"https:\/\/www.welovecycling.com\/cs\/\",\"name\":\"\u0160koda We Love Cycling - \u010cesk\u00e1 republika\",\"description\":\"WeLoveCycling.cz je online magaz\u00edn, kter\u00fd v\u00e1m pravideln\u011b p\u0159in\u00e1\u0161\u00ed rady a tipy, zaj\u00edmav\u00e9 \u010dl\u00e1nky, videa a jedine\u010dn\u00e9 report\u00e1\u017ee ze sv\u011bta cyklistiky.\",\"potentialAction\":[{\"@type\":\"SearchAction\",\"target\":{\"@type\":\"EntryPoint\",\"urlTemplate\":\"https:\/\/www.welovecycling.com\/cs\/?s={search_term_string}\"},\"query-input\":{\"@type\":\"PropertyValueSpecification\",\"valueRequired\":true,\"valueName\":\"search_term_string\"}}],\"inLanguage\":\"cs\"},{\"@type\":\"Person\",\"@id\":\"https:\/\/www.welovecycling.com\/cs\/#\/schema\/person\/d9eeb0a378f3a7e4a6d12d2b536b04b8\",\"name\":\"radekmalina\",\"image\":{\"@type\":\"ImageObject\",\"inLanguage\":\"cs\",\"@id\":\"https:\/\/www.welovecycling.com\/cs\/#\/schema\/person\/image\/\",\"url\":\"https:\/\/secure.gravatar.com\/avatar\/66994b632cb8c39a46b9f54afa3ae07201b678d32a54275b6f1c9ffec356bfc0?s=96&d=mm&r=g\",\"contentUrl\":\"https:\/\/secure.gravatar.com\/avatar\/66994b632cb8c39a46b9f54afa3ae07201b678d32a54275b6f1c9ffec356bfc0?s=96&d=mm&r=g\",\"caption\":\"radekmalina\"},\"url\":\"https:\/\/www.welovecycling.com\/cs\/author\/radekmalina\/\"}]}<\/script>\n<!-- \/ Yoast SEO Premium plugin. -->","yoast_head_json":{"title":"Tadej ve spr\u0161e \u010di krev a bolest \u0161ampion\u016f. Pohled za kulisy Roubaix | \u0160koda We Love Cycling - \u010cesk\u00e1 republika","description":"Nejbrut\u00e1ln\u011bj\u0161\u00ed jednodenn\u00ed z\u00e1vod v kalend\u00e1\u0159i profesion\u00e1ln\u00ed cyklistiky napsal sto dvac\u00e1tou druhou kapitolu. T\u0159iapades\u00e1t cyklist\u016f, t\u00e9m\u011b\u0159 t\u0159etina pelotonu, nedorazilo do c\u00edle legend\u00e1rn\u00edho velodromu v Roubaix, kde slavil t\u0159et\u00ed v\u00edt\u011bzstv\u00ed v \u0159ad\u011b Mathieu van der Poel.","robots":{"index":"index","follow":"follow","max-snippet":"max-snippet:-1","max-image-preview":"max-image-preview:large","max-video-preview":"max-video-preview:-1"},"canonical":"https:\/\/www.welovecycling.com\/cs\/2025\/04\/14\/tadej-ve-sprse-ci-krev-a-bolest-sampionu-pohled-za-kulisy-roubaix\/","og_locale":"cs_CZ","og_type":"article","og_title":"Tadej ve spr\u0161e \u010di krev a bolest \u0161ampion\u016f. Pohled za kulisy Roubaix","og_description":"Nejbrut\u00e1ln\u011bj\u0161\u00ed jednodenn\u00ed z\u00e1vod v kalend\u00e1\u0159i profesion\u00e1ln\u00ed cyklistiky napsal sto dvac\u00e1tou druhou kapitolu. T\u0159iapades\u00e1t cyklist\u016f, t\u00e9m\u011b\u0159 t\u0159etina pelotonu, nedorazilo do c\u00edle legend\u00e1rn\u00edho velodromu v Roubaix, kde slavil t\u0159et\u00ed v\u00edt\u011bzstv\u00ed v \u0159ad\u011b Mathieu van der Poel.","og_url":"https:\/\/www.welovecycling.com\/cs\/2025\/04\/14\/tadej-ve-sprse-ci-krev-a-bolest-sampionu-pohled-za-kulisy-roubaix\/","og_site_name":"\u0160koda We Love Cycling - \u010cesk\u00e1 republika","article_published_time":"2025-04-14T10:38:28+00:00","article_modified_time":"2025-04-15T15:41:44+00:00","og_image":[{"width":1800,"height":1200,"url":"https:\/\/d2p6e6u75xmxt8.cloudfront.net\/13\/2025\/04\/profimedia-0987693376.webp","type":"image\/webp"}],"author":"radekmalina","twitter_card":"summary_large_image","twitter_misc":{"Written by":"We Love Cycling","Est. reading time":"5"},"schema":{"@context":"https:\/\/schema.org","@graph":[{"@type":"WebPage","@id":"https:\/\/www.welovecycling.com\/cs\/2025\/04\/14\/tadej-ve-sprse-ci-krev-a-bolest-sampionu-pohled-za-kulisy-roubaix\/","url":"https:\/\/www.welovecycling.com\/cs\/2025\/04\/14\/tadej-ve-sprse-ci-krev-a-bolest-sampionu-pohled-za-kulisy-roubaix\/","name":"Tadej ve spr\u0161e \u010di krev a bolest \u0161ampion\u016f. Pohled za kulisy Roubaix | \u0160koda We Love Cycling - \u010cesk\u00e1 republika","isPartOf":{"@id":"https:\/\/www.welovecycling.com\/cs\/#website"},"primaryImageOfPage":{"@id":"https:\/\/www.welovecycling.com\/cs\/2025\/04\/14\/tadej-ve-sprse-ci-krev-a-bolest-sampionu-pohled-za-kulisy-roubaix\/#primaryimage"},"image":{"@id":"https:\/\/www.welovecycling.com\/cs\/2025\/04\/14\/tadej-ve-sprse-ci-krev-a-bolest-sampionu-pohled-za-kulisy-roubaix\/#primaryimage"},"thumbnailUrl":"https:\/\/d2p6e6u75xmxt8.cloudfront.net\/13\/2025\/04\/profimedia-0987693376.webp","datePublished":"2025-04-14T10:38:28+00:00","dateModified":"2025-04-15T15:41:44+00:00","author":{"@id":"https:\/\/www.welovecycling.com\/cs\/#\/schema\/person\/d9eeb0a378f3a7e4a6d12d2b536b04b8"},"description":"Nejbrut\u00e1ln\u011bj\u0161\u00ed jednodenn\u00ed z\u00e1vod v kalend\u00e1\u0159i profesion\u00e1ln\u00ed cyklistiky napsal sto dvac\u00e1tou druhou kapitolu. T\u0159iapades\u00e1t cyklist\u016f, t\u00e9m\u011b\u0159 t\u0159etina pelotonu, nedorazilo do c\u00edle legend\u00e1rn\u00edho velodromu v Roubaix, kde slavil t\u0159et\u00ed v\u00edt\u011bzstv\u00ed v \u0159ad\u011b Mathieu van der Poel.","inLanguage":"cs","potentialAction":[{"@type":"ReadAction","target":["https:\/\/www.welovecycling.com\/cs\/2025\/04\/14\/tadej-ve-sprse-ci-krev-a-bolest-sampionu-pohled-za-kulisy-roubaix\/"]}]},{"@type":"ImageObject","inLanguage":"cs","@id":"https:\/\/www.welovecycling.com\/cs\/2025\/04\/14\/tadej-ve-sprse-ci-krev-a-bolest-sampionu-pohled-za-kulisy-roubaix\/#primaryimage","url":"https:\/\/d2p6e6u75xmxt8.cloudfront.net\/13\/2025\/04\/profimedia-0987693376.webp","contentUrl":"https:\/\/d2p6e6u75xmxt8.cloudfront.net\/13\/2025\/04\/profimedia-0987693376.webp","width":1800,"height":1200,"caption":"Sprchy p\u0159i Roubaix 2025"},{"@type":"WebSite","@id":"https:\/\/www.welovecycling.com\/cs\/#website","url":"https:\/\/www.welovecycling.com\/cs\/","name":"\u0160koda We Love Cycling - \u010cesk\u00e1 republika","description":"WeLoveCycling.cz je online magaz\u00edn, kter\u00fd v\u00e1m pravideln\u011b p\u0159in\u00e1\u0161\u00ed rady a tipy, zaj\u00edmav\u00e9 \u010dl\u00e1nky, videa a jedine\u010dn\u00e9 report\u00e1\u017ee ze sv\u011bta cyklistiky.","potentialAction":[{"@type":"SearchAction","target":{"@type":"EntryPoint","urlTemplate":"https:\/\/www.welovecycling.com\/cs\/?s={search_term_string}"},"query-input":{"@type":"PropertyValueSpecification","valueRequired":true,"valueName":"search_term_string"}}],"inLanguage":"cs"},{"@type":"Person","@id":"https:\/\/www.welovecycling.com\/cs\/#\/schema\/person\/d9eeb0a378f3a7e4a6d12d2b536b04b8","name":"radekmalina","image":{"@type":"ImageObject","inLanguage":"cs","@id":"https:\/\/www.welovecycling.com\/cs\/#\/schema\/person\/image\/","url":"https:\/\/secure.gravatar.com\/avatar\/66994b632cb8c39a46b9f54afa3ae07201b678d32a54275b6f1c9ffec356bfc0?s=96&d=mm&r=g","contentUrl":"https:\/\/secure.gravatar.com\/avatar\/66994b632cb8c39a46b9f54afa3ae07201b678d32a54275b6f1c9ffec356bfc0?s=96&d=mm&r=g","caption":"radekmalina"},"url":"https:\/\/www.welovecycling.com\/cs\/author\/radekmalina\/"}]}},"_links":{"self":[{"href":"https:\/\/www.welovecycling.com\/cs\/wp-json\/wp\/v2\/posts\/28920","targetHints":{"allow":["GET"]}}],"collection":[{"href":"https:\/\/www.welovecycling.com\/cs\/wp-json\/wp\/v2\/posts"}],"about":[{"href":"https:\/\/www.welovecycling.com\/cs\/wp-json\/wp\/v2\/types\/post"}],"author":[{"embeddable":true,"href":"https:\/\/www.welovecycling.com\/cs\/wp-json\/wp\/v2\/users\/138"}],"replies":[{"embeddable":true,"href":"https:\/\/www.welovecycling.com\/cs\/wp-json\/wp\/v2\/comments?post=28920"}],"version-history":[{"count":8,"href":"https:\/\/www.welovecycling.com\/cs\/wp-json\/wp\/v2\/posts\/28920\/revisions"}],"predecessor-version":[{"id":28931,"href":"https:\/\/www.welovecycling.com\/cs\/wp-json\/wp\/v2\/posts\/28920\/revisions\/28931"}],"wp:featuredmedia":[{"embeddable":true,"href":"https:\/\/www.welovecycling.com\/cs\/wp-json\/wp\/v2\/media\/28915"}],"wp:attachment":[{"href":"https:\/\/www.welovecycling.com\/cs\/wp-json\/wp\/v2\/media?parent=28920"}],"wp:term":[{"taxonomy":"category","embeddable":true,"href":"https:\/\/www.welovecycling.com\/cs\/wp-json\/wp\/v2\/categories?post=28920"},{"taxonomy":"post_tag","embeddable":true,"href":"https:\/\/www.welovecycling.com\/cs\/wp-json\/wp\/v2\/tags?post=28920"},{"taxonomy":"global-categories","embeddable":true,"href":"https:\/\/www.welovecycling.com\/cs\/wp-json\/wp\/v2\/global-categories?post=28920"}],"curies":[{"name":"wp","href":"https:\/\/api.w.org\/{rel}","templated":true}]}}