{"id":28898,"date":"2025-04-11T05:00:54","date_gmt":"2025-04-11T03:00:54","guid":{"rendered":"https:\/\/www.welovecycling.com\/cs\/?p=28898"},"modified":"2025-04-10T18:52:49","modified_gmt":"2025-04-10T16:52:49","slug":"proc-jsou-milionove-hodinky-v-pelotonu-vitane","status":"publish","type":"post","link":"https:\/\/www.welovecycling.com\/cs\/2025\/04\/11\/proc-jsou-milionove-hodinky-v-pelotonu-vitane\/","title":{"rendered":"Pro\u010d jsou milionov\u00e9 hodinky v pelotonu v\u00edtan\u00e9?"},"content":{"rendered":"<p><strong>Sv\u00e1d\u011bli nel\u00edtostnou bitvu v jednom z nejdrsn\u011bj\u0161\u00edch z\u00e1vod\u016f cyklistick\u00e9ho kalend\u00e1\u0159e. A p\u0159ece si neodpustili pot\u011b\u0161en\u00ed v podob\u011b v\u00fdjime\u010dn\u00fdch klenot\u016f. Mathieu van der Poel, bronzov\u00fd mu\u017e z formace Alpecin Deceuninck, a Tadej Poga\u010dar, pozd\u011bj\u0161\u00ed v\u00edt\u011bz v dresu UAE Emirates, vezli p\u0159i Monumentu Kolem Flander hodinky v p\u0159epo\u010dtu za sedm a p\u016fl milionu korun.<\/strong><\/p>\n<p>Spojen\u00ed hodin\u00e1\u0159sk\u00fdch spole\u010dnost\u00ed a cyklistiky je star\u00e9 t\u00e9m\u011b\u0159 jako j\u00edzda na bicyklu samotn\u00e1. V\u017edy\u0165 kl\u00ed\u010dov\u00fdmi sponzory Grand Tour i Monument\u016f jsou ob\u0159\u00ed hodin\u00e1\u0159sk\u00e9 spole\u010dnosti.<\/p>\n<h2><strong>Cyklistika je nov\u00fd golf, vysv\u011btluje mana\u017eer Pogiho<\/strong><\/h2>\n<p>Belgi\u010dt\u00ed \u017eurnalist\u00e9 po z\u00e1vod\u011b Kolem Flander upozornili, \u017ee a\u010d b\u011b\u017en\u011b cyklist\u00e9 \u0159e\u0161\u00ed ka\u017ed\u00fd gram v\u00e1hy, kter\u00e1 je kl\u00ed\u010dov\u00e1 pro v\u00fdkon, a ve stoup\u00e1n\u00edch odhazuj\u00ed bidony, dva velik\u00e1ni pelotonu obvykl\u00e1 pravidla ignorovali. Ka\u017ed\u00fd m\u011bl na ruce hodinky od spole\u010dnosti Richard Mille s cenovkou p\u0159es t\u0159i sta tis\u00edc eur za kus, tedy v p\u0159epo\u010dtu p\u0159ibli\u017en\u011b sedm a p\u016fl milionu korun.<\/p>\n<p>&#8222;Cyklistika je nov\u00fd golf,&#8220; podotkl Alex Carera, mana\u017eer Tadeje Pog\u010dara \u010di Biniama Girmaye, pro server sporza.be p\u0159i zamy\u0161len\u00ed, pro\u010d cyklist\u00e9 voz\u00ed luxusn\u00ed hodinky p\u0159i nejsledovan\u011bj\u0161\u00edch z\u00e1vodech. &#8222;Cyklistika je dlouhodob\u011b jedn\u00edm z nejpopul\u00e1rn\u011bj\u0161\u00edch sport\u016f. Ale nyn\u00ed se dere na \u00fapln\u00fd vrchol. P\u0159itahuje bohat\u00e9 lidi. Vrcholov\u00ed mana\u017ee\u0159i utr\u00e1c\u00ed mraky pen\u011bz za vybaven\u00ed. Napodobuj\u00ed hv\u011bzdy pelotonu. Proto se hodin\u00e1\u0159sk\u00e9 firmy spojuj\u00ed s cyklisty coby ambasadory,&#8220; vysv\u011btlil Alex Carera, \u017ee pro siln\u00e9 hodin\u00e1\u0159sk\u00e9 zna\u010dky p\u0159edstavuj\u00ed superstar pelotonu \u017e\u00e1dan\u00e9 zviditeln\u011bn\u00ed.<\/p>\n<figure id=\"attachment_28896\" aria-describedby=\"caption-attachment-28896\" style=\"width: 1800px\" class=\"wp-caption alignnone\"><a href=\"https:\/\/d2p6e6u75xmxt8.cloudfront.net\/13\/2025\/04\/profimedia-0984558430-1.webp\"><img loading=\"lazy\" decoding=\"async\" class=\"size-full wp-image-28896\" src=\"https:\/\/d2p6e6u75xmxt8.cloudfront.net\/13\/2025\/04\/profimedia-0984558430-1.webp\" alt=\"\" width=\"1800\" height=\"1200\" srcset=\"https:\/\/d2p6e6u75xmxt8.cloudfront.net\/13\/2025\/04\/profimedia-0984558430-1.webp 1800w, https:\/\/d2p6e6u75xmxt8.cloudfront.net\/13\/2025\/04\/profimedia-0984558430-1-300x200.webp 300w, https:\/\/d2p6e6u75xmxt8.cloudfront.net\/13\/2025\/04\/profimedia-0984558430-1-1024x683.webp 1024w, https:\/\/d2p6e6u75xmxt8.cloudfront.net\/13\/2025\/04\/profimedia-0984558430-1-768x512.webp 768w, https:\/\/d2p6e6u75xmxt8.cloudfront.net\/13\/2025\/04\/profimedia-0984558430-1-1536x1024.webp 1536w, https:\/\/d2p6e6u75xmxt8.cloudfront.net\/13\/2025\/04\/profimedia-0984558430-1-400x267.webp 400w, https:\/\/d2p6e6u75xmxt8.cloudfront.net\/13\/2025\/04\/profimedia-0984558430-1-272x182.webp 272w\" sizes=\"auto, (max-width: 1800px) 100vw, 1800px\" \/><\/a><figcaption id=\"caption-attachment-28896\" class=\"wp-caption-text\"><em>Tadej Poga\u010dar a Mathieu van der Poel s hodinkami Richard Mile p\u0159i Monumentu Kolem Flander.<\/em><\/figcaption><\/figure>\n<p>Z\u00e1vodn\u00edci, kter\u00e9 si hodin\u00e1\u0159\u0161t\u00ed giganti vyb\u00edraj\u00ed za &#8222;sv\u00e9&#8220; tv\u00e1\u0159e&#8220;, v\u0161ak mus\u00ed m\u00edt nejen \u00fasp\u011bch. Z\u00e1kladn\u00edm p\u0159edpokladem je i siln\u00fd p\u0159\u00edb\u011bh. Lotte Kopecka, ambasadorka Breitling, nen\u00ed jen skv\u011bl\u00e1 sportovkyn\u011b, ale i v\u00fdjime\u010dn\u00e1 \u017eena. Za cyklistick\u00fdm snem \u0161la od d\u011btstv\u00ed. Tadej Poga\u010dar coby kluk z mal\u00e9 zem\u011b pod Alpami jako \u0161ampion Tour de France a velk\u00fdch Monument\u016f? V\u011b\u010dn\u011b usm\u011bvav\u00fd a s d\u011btskou hravost\u00ed i po v\u0161ech v\u00edt\u011bzstv\u00edch? Nebo Biniam Girmay propojen\u00fd rovn\u011b\u017e s firmou Breitling, \u0161ampion zelen\u00e9ho dresu \u0160koda Auto z Tour de France 2024, co poch\u00e1z\u00ed z Eritree? Pro sponzory dokonal\u00e9 p\u0159\u00edb\u011bhy.<\/p>\n<div class=\"shortcode-ys-post-pinup\"><article class=\"loop-simple post-28692 post type-post status-publish format-standard has-post-thumbnail hentry category-https-www-welovecycling-com-cs-category-zabava tag-cyklisticka-pravidla tag-cyklistika tag-horska-cyklistika tag-silnicni-cyklistika tag-trenink tag-zdravi-a-trenink global-categories-cycling\" data-postid=\"28692\" role=\"article\" data-post-id=\"28692\" data-word-count=\"546\" data-headline-length=\"41\" data-category=\"Z\u00c1BAVA\" data-global-category=\"Cycling\" data-author=\"We Love Cycling\" data-published=\"2025-04-01T05:00:46+02:00\" data-published-day=\"Tuesday\">\n    <div class=\"entry-thumbnail article-thumbnail\" content=\"https:\/\/d2p6e6u75xmxt8.cloudfront.net\/13\/2025\/04\/20240810_100336-150x150.webp\"><a href=\"https:\/\/www.welovecycling.com\/cs\/2025\/04\/01\/cyklisticka-pravidla-ktera-se-necti\/\" class=\"image-holder\" target=\"_self\"><img decoding=\"async\" loading=\"lazy\" class=\"\" src=\"https:\/\/d2p6e6u75xmxt8.cloudfront.net\/13\/2025\/04\/20240810_100336-1024x768.webp\" srcset=\"https:\/\/d2p6e6u75xmxt8.cloudfront.net\/13\/2025\/04\/20240810_100336-scaled.webp 2560w, https:\/\/d2p6e6u75xmxt8.cloudfront.net\/13\/2025\/04\/20240810_100336-300x225.webp 300w, https:\/\/d2p6e6u75xmxt8.cloudfront.net\/13\/2025\/04\/20240810_100336-1024x768.webp 1024w, https:\/\/d2p6e6u75xmxt8.cloudfront.net\/13\/2025\/04\/20240810_100336-768x576.webp 768w, https:\/\/d2p6e6u75xmxt8.cloudfront.net\/13\/2025\/04\/20240810_100336-1536x1152.webp 1536w, https:\/\/d2p6e6u75xmxt8.cloudfront.net\/13\/2025\/04\/20240810_100336-2048x1536.webp 2048w, https:\/\/d2p6e6u75xmxt8.cloudfront.net\/13\/2025\/04\/20240810_100336-1920x1440.webp 1920w, https:\/\/d2p6e6u75xmxt8.cloudfront.net\/13\/2025\/04\/20240810_100336-400x300.webp 400w, https:\/\/d2p6e6u75xmxt8.cloudfront.net\/13\/2025\/04\/20240810_100336-1920x1440.webp 1920w\" width=\"1024\" height=\"768\" sizes=\"auto, (min-width: 1200px) 300px, (min-width: 768px) 25vw, 100vw\" alt=\"cyklisticka-pravidla-ktera-se-necti\"\/><\/a><\/div>    <div class=\"entry-meta\">\n        <a class=\"label label-secondary post-category\" href=\"https:\/\/www.welovecycling.com\/cs\/category\/https-www-welovecycling-com-cs-category-zabava\/\" title=\"Z\u00c1BAVA\">Z\u00c1BAVA<\/a>\n    <\/div>\n    <div class=\"entry-details\">\n        <a href=\"https:\/\/www.welovecycling.com\/cs\/2025\/04\/01\/cyklisticka-pravidla-ktera-se-necti\/\" class='entry-title-wrapper'>\n            <h3 class=\"entry-title\"><span>Cyklistick\u00e1 pravidla, kter\u00e1 se (ne)ct\u00ed<\/span><\/h3>\n        <\/a>\n    <\/div>\n    <\/article>\n<\/div>\n<p>Hodinky jsou v pelotonu obecn\u011b velk\u00fdm a obl\u00edben\u00fdm t\u00e9matem. V\u0161ak i Roman Kreuziger pat\u0159\u00ed mezi sb\u011bratele stejn\u011b jako Zden\u011bk \u0160tybar, ambasador We Love Cycling, kter\u00fd je tv\u00e1\u0159\u00ed jedn\u00e9 z \u010desk\u00fdch hodin\u00e1\u0159sk\u00fdch spole\u010dnost\u00ed.<\/p>\n<h2><strong>Hodinky a jejich v\u00e1ha? Pouh\u00fdch dvacet gram\u016f<\/strong><\/h2>\n<p>A ona &#8222;problematick\u00e1&#8220; v\u00e1ha? V\u011bzte, \u017ee hodinky, kter\u00e9 vezl Tadej Poga\u010dar a Mathieu van der Poel maj\u00ed podle expert\u016f hmotnost pouh\u00fdch dvacet gram\u016f.<\/p>\n<p>A riziko tot\u00e1ln\u00ed devastace v p\u0159\u00edpad\u011b p\u00e1du? Sponzo\u0159i po cyklistech nevy\u017eaduj\u00ed, aby jejich klenoty nosili v pr\u016fb\u011bhu z\u00e1vod\u016f. Nicm\u00e9n\u011b jsou za takovou reklamou r\u00e1di.<\/p>\n<figure id=\"attachment_28495\" aria-describedby=\"caption-attachment-28495\" style=\"width: 1800px\" class=\"wp-caption alignnone\"><a href=\"https:\/\/d2p6e6u75xmxt8.cloudfront.net\/13\/2025\/03\/profimedia-0973748932.webp\"><img loading=\"lazy\" decoding=\"async\" class=\"size-full wp-image-28495\" src=\"https:\/\/d2p6e6u75xmxt8.cloudfront.net\/13\/2025\/03\/profimedia-0973748932.webp\" alt=\"\" width=\"1800\" height=\"1200\" srcset=\"https:\/\/d2p6e6u75xmxt8.cloudfront.net\/13\/2025\/03\/profimedia-0973748932.webp 1800w, https:\/\/d2p6e6u75xmxt8.cloudfront.net\/13\/2025\/03\/profimedia-0973748932-300x200.webp 300w, https:\/\/d2p6e6u75xmxt8.cloudfront.net\/13\/2025\/03\/profimedia-0973748932-1024x683.webp 1024w, https:\/\/d2p6e6u75xmxt8.cloudfront.net\/13\/2025\/03\/profimedia-0973748932-768x512.webp 768w, https:\/\/d2p6e6u75xmxt8.cloudfront.net\/13\/2025\/03\/profimedia-0973748932-1536x1024.webp 1536w, https:\/\/d2p6e6u75xmxt8.cloudfront.net\/13\/2025\/03\/profimedia-0973748932-400x267.webp 400w, https:\/\/d2p6e6u75xmxt8.cloudfront.net\/13\/2025\/03\/profimedia-0973748932-272x182.webp 272w\" sizes=\"auto, (max-width: 1800px) 100vw, 1800px\" \/><\/a><figcaption id=\"caption-attachment-28495\" class=\"wp-caption-text\"><em>Tadej Poga\u010dar p\u0159i Strade Bianche 2025 s milionov\u00fdmi hodinkami. Foto: profimedia (3x)<\/em><\/figcaption><\/figure>\n<p>Poga\u010dar\u016fv mana\u017eer tvrd\u00ed, \u017ee Slovinec si v z\u00e1vod\u011bn\u00ed s hodinkami na z\u00e1p\u011bst\u00ed libuje. A rozhodn\u011b nemysl\u00ed ani na decentn\u00ed z\u00e1va\u017e\u00ed ani cenu hodinek, p\u0159esto\u017ee t\u0159eba p\u0159i <a href=\"https:\/\/www.welovecycling.com\/cs\/2025\/03\/08\/zkrvaveny-demon-tadej-pogacar-epickym-vykonem-napsal-historii\/\">Strade-Bianche<\/a> utrp\u011bl mrzut\u00fd p\u00e1d. Hodinky ale p\u0159e\u017eily. A z\u00e1b\u011bry, jak se dr\u00e1pe z pole s nepo\u0161kozen\u00fdmi hodinkami Richard Mile, oblet\u011bly planetu. Stejn\u011b jako kdy\u017e \u0161el p\u0159i Kolem Flander k zemi Mathieu van der Poel p\u0159\u00edmo na levou ruku ozdobenou hodinkami od stejn\u00e9ho v\u00fdrobce coby \u00fahlavn\u00ed rival slovinsk\u00e9ho d\u00e9mona. I v tomto p\u0159\u00edpad\u011b z\u016fstal klenot na lev\u00e9m z\u00e1p\u011bst\u00ed b\u00fdval\u00e9ho mistra sv\u011bta u\u0161et\u0159en.<\/p>\n<div class=\"shortcode-ys-post-pinup\"><article class=\"loop-simple post-28643 post type-post status-publish format-standard has-post-thumbnail hentry category-https-www-welovecycling-com-cs-category-zabava tag-cena-kol tag-cyklistika tag-gravel tag-horska-cyklistika tag-kola tag-proc-jsou-kola-draha-jako-auta tag-silnicni-cyklistika global-categories-cycling\" data-postid=\"28643\" role=\"article\" data-post-id=\"28643\" data-word-count=\"476\" data-headline-length=\"33\" data-category=\"Z\u00c1BAVA\" data-global-category=\"Cycling\" data-author=\"We Love Cycling\" data-published=\"2025-03-24T13:14:27+02:00\" data-published-day=\"Monday\">\n    <div class=\"entry-thumbnail article-thumbnail\" content=\"https:\/\/d2p6e6u75xmxt8.cloudfront.net\/13\/2025\/02\/futurecycling.kolaprodejna-12-150x150.webp\"><a href=\"https:\/\/www.welovecycling.com\/cs\/2025\/03\/24\/proc-jsou-kola-draha-jako-auta\/\" class=\"image-holder\" target=\"_self\"><img decoding=\"async\" loading=\"lazy\" class=\"\" src=\"https:\/\/d2p6e6u75xmxt8.cloudfront.net\/13\/2025\/02\/futurecycling.kolaprodejna-12-1024x683.webp\" srcset=\"https:\/\/d2p6e6u75xmxt8.cloudfront.net\/13\/2025\/02\/futurecycling.kolaprodejna-12-scaled.webp 2560w, https:\/\/d2p6e6u75xmxt8.cloudfront.net\/13\/2025\/02\/futurecycling.kolaprodejna-12-300x200.webp 300w, https:\/\/d2p6e6u75xmxt8.cloudfront.net\/13\/2025\/02\/futurecycling.kolaprodejna-12-1024x683.webp 1024w, https:\/\/d2p6e6u75xmxt8.cloudfront.net\/13\/2025\/02\/futurecycling.kolaprodejna-12-768x512.webp 768w, https:\/\/d2p6e6u75xmxt8.cloudfront.net\/13\/2025\/02\/futurecycling.kolaprodejna-12-1536x1024.webp 1536w, https:\/\/d2p6e6u75xmxt8.cloudfront.net\/13\/2025\/02\/futurecycling.kolaprodejna-12-2048x1365.webp 2048w, https:\/\/d2p6e6u75xmxt8.cloudfront.net\/13\/2025\/02\/futurecycling.kolaprodejna-12-1920x1280.webp 1920w, https:\/\/d2p6e6u75xmxt8.cloudfront.net\/13\/2025\/02\/futurecycling.kolaprodejna-12-400x267.webp 400w, https:\/\/d2p6e6u75xmxt8.cloudfront.net\/13\/2025\/02\/futurecycling.kolaprodejna-12-272x182.webp 272w, https:\/\/d2p6e6u75xmxt8.cloudfront.net\/13\/2025\/02\/futurecycling.kolaprodejna-12-1920x1280.webp 1920w\" width=\"1024\" height=\"683\" sizes=\"auto, (min-width: 1200px) 300px, (min-width: 768px) 25vw, 100vw\" alt=\"proc-jsou-kola-draha-jako-auta\"\/><\/a><\/div>    <div class=\"entry-meta\">\n        <a class=\"label label-secondary post-category\" href=\"https:\/\/www.welovecycling.com\/cs\/category\/https-www-welovecycling-com-cs-category-zabava\/\" title=\"Z\u00c1BAVA\">Z\u00c1BAVA<\/a>\n    <\/div>\n    <div class=\"entry-details\">\n        <a href=\"https:\/\/www.welovecycling.com\/cs\/2025\/03\/24\/proc-jsou-kola-draha-jako-auta\/\" class='entry-title-wrapper'>\n            <h3 class=\"entry-title\"><span>Pro\u010d jsou kola drah\u00e1 jako auta?<\/span><\/h3>\n        <\/a>\n    <\/div>\n    <\/article>\n<\/div>\n<p>Do\u010dkaj\u00ed se &#8222;hodin\u00e1\u0159i&#8220; v\u00edt\u011bzn\u00e9 prezentace i p\u0159i stupn\u00edch v\u00edt\u011bz\u016f na velodromu v Roubaix po Ned\u011bli v pekle?<\/p>\n","protected":false},"excerpt":{"rendered":"<p>Sv\u00e1d\u011bli nel\u00edtostnou bitvu v jednom z nejdrsn\u011bj\u0161\u00edch z\u00e1vod\u016f cyklistick\u00e9ho kalend\u00e1\u0159e. A p\u0159ece si neodpustili pot\u011b\u0161en\u00ed v podob\u011b v\u00fdjime\u010dn\u00fdch klenot\u016f. Mathieu [&hellip;]<\/p>\n","protected":false},"author":138,"featured_media":28897,"comment_status":"open","ping_status":"open","sticky":false,"template":"","format":"standard","meta":{"footnotes":""},"categories":[660],"tags":[126,4146,4148,178,4135,4147,9,4102,502],"global-categories":[411],"class_list":["post-28898","post","type-post","status-publish","format-standard","has-post-thumbnail","hentry","category-https-www-welovecycling-com-cs-category-zabava","tag-cyklistika","tag-hodinky","tag-kolem-flander-2025","tag-mathieu-van-der-poel","tag-pariz-roubaix-2025","tag-richard-mille","tag-silnicni-cyklistika","tag-strade-bianche-2025","tag-tadej-pogacar","global-categories-cycling"],"yoast_head":"<!-- This site is optimized with the Yoast SEO Premium plugin v25.3 (Yoast SEO v25.9) - https:\/\/yoast.com\/wordpress\/plugins\/seo\/ -->\n<title>Pro\u010d jsou milionov\u00e9 hodinky v pelotonu v\u00edtan\u00e9? | \u0160koda We Love Cycling - \u010cesk\u00e1 republika<\/title>\n<meta name=\"description\" content=\"Sv\u00e1d\u011bli nel\u00edtostnou bitvu v jednom z nejdrsn\u011bj\u0161\u00edch z\u00e1vod\u016f cyklistick\u00e9ho kalend\u00e1\u0159e. A p\u0159ece si neodpustili pot\u011b\u0161en\u00ed v podob\u011b v\u00fdjime\u010dn\u00fdch klenot\u016f. Mathieu van der Poel, bronzov\u00fd mu\u017e z formace Alpecin Deceuninck, a Tadej Poga\u010dar, pozd\u011bj\u0161\u00ed v\u00edt\u011bz v dresu UAE Emirates, vezli p\u0159i Monumentu Kolem Flander hodinky v p\u0159epo\u010dtu za sedm a p\u016fl milionu korun.\" \/>\n<meta name=\"robots\" content=\"index, follow, max-snippet:-1, max-image-preview:large, max-video-preview:-1\" \/>\n<link rel=\"canonical\" href=\"https:\/\/www.welovecycling.com\/cs\/2025\/04\/11\/proc-jsou-milionove-hodinky-v-pelotonu-vitane\/\" \/>\n<meta property=\"og:locale\" content=\"cs_CZ\" \/>\n<meta property=\"og:type\" content=\"article\" \/>\n<meta property=\"og:title\" content=\"Pro\u010d jsou milionov\u00e9 hodinky v pelotonu v\u00edtan\u00e9?\" \/>\n<meta property=\"og:description\" content=\"Sv\u00e1d\u011bli nel\u00edtostnou bitvu v jednom z nejdrsn\u011bj\u0161\u00edch z\u00e1vod\u016f cyklistick\u00e9ho kalend\u00e1\u0159e. A p\u0159ece si neodpustili pot\u011b\u0161en\u00ed v podob\u011b v\u00fdjime\u010dn\u00fdch klenot\u016f. Mathieu van der Poel, bronzov\u00fd mu\u017e z formace Alpecin Deceuninck, a Tadej Poga\u010dar, pozd\u011bj\u0161\u00ed v\u00edt\u011bz v dresu UAE Emirates, vezli p\u0159i Monumentu Kolem Flander hodinky v p\u0159epo\u010dtu za sedm a p\u016fl milionu korun.\" \/>\n<meta property=\"og:url\" content=\"https:\/\/www.welovecycling.com\/cs\/2025\/04\/11\/proc-jsou-milionove-hodinky-v-pelotonu-vitane\/\" \/>\n<meta property=\"og:site_name\" content=\"\u0160koda We Love Cycling - \u010cesk\u00e1 republika\" \/>\n<meta property=\"article:published_time\" content=\"2025-04-11T03:00:54+00:00\" \/>\n<meta property=\"og:image\" content=\"https:\/\/d2p6e6u75xmxt8.cloudfront.net\/13\/2025\/04\/profimedia-0984898185-1.webp\" \/>\n\t<meta property=\"og:image:width\" content=\"1800\" \/>\n\t<meta property=\"og:image:height\" content=\"1199\" \/>\n\t<meta property=\"og:image:type\" content=\"image\/webp\" \/>\n<meta name=\"author\" content=\"radekmalina\" \/>\n<meta name=\"twitter:card\" content=\"summary_large_image\" \/>\n<meta name=\"twitter:label1\" content=\"Written by\" \/>\n\t<meta name=\"twitter:data1\" content=\"We Love Cycling\" \/>\n\t<meta name=\"twitter:label2\" content=\"Est. reading time\" \/>\n\t<meta name=\"twitter:data2\" content=\"5\" \/>\n<script type=\"application\/ld+json\" class=\"yoast-schema-graph\">{\"@context\":\"https:\/\/schema.org\",\"@graph\":[{\"@type\":\"WebPage\",\"@id\":\"https:\/\/www.welovecycling.com\/cs\/2025\/04\/11\/proc-jsou-milionove-hodinky-v-pelotonu-vitane\/\",\"url\":\"https:\/\/www.welovecycling.com\/cs\/2025\/04\/11\/proc-jsou-milionove-hodinky-v-pelotonu-vitane\/\",\"name\":\"Pro\u010d jsou milionov\u00e9 hodinky v pelotonu v\u00edtan\u00e9? | \u0160koda We Love Cycling - \u010cesk\u00e1 republika\",\"isPartOf\":{\"@id\":\"https:\/\/www.welovecycling.com\/cs\/#website\"},\"primaryImageOfPage\":{\"@id\":\"https:\/\/www.welovecycling.com\/cs\/2025\/04\/11\/proc-jsou-milionove-hodinky-v-pelotonu-vitane\/#primaryimage\"},\"image\":{\"@id\":\"https:\/\/www.welovecycling.com\/cs\/2025\/04\/11\/proc-jsou-milionove-hodinky-v-pelotonu-vitane\/#primaryimage\"},\"thumbnailUrl\":\"https:\/\/d2p6e6u75xmxt8.cloudfront.net\/13\/2025\/04\/profimedia-0984898185-1.webp\",\"datePublished\":\"2025-04-11T03:00:54+00:00\",\"author\":{\"@id\":\"https:\/\/www.welovecycling.com\/cs\/#\/schema\/person\/d9eeb0a378f3a7e4a6d12d2b536b04b8\"},\"description\":\"Sv\u00e1d\u011bli nel\u00edtostnou bitvu v jednom z nejdrsn\u011bj\u0161\u00edch z\u00e1vod\u016f cyklistick\u00e9ho kalend\u00e1\u0159e. A p\u0159ece si neodpustili pot\u011b\u0161en\u00ed v podob\u011b v\u00fdjime\u010dn\u00fdch klenot\u016f. Mathieu van der Poel, bronzov\u00fd mu\u017e z formace Alpecin Deceuninck, a Tadej Poga\u010dar, pozd\u011bj\u0161\u00ed v\u00edt\u011bz v dresu UAE Emirates, vezli p\u0159i Monumentu Kolem Flander hodinky v p\u0159epo\u010dtu za sedm a p\u016fl milionu korun.\",\"inLanguage\":\"cs\",\"potentialAction\":[{\"@type\":\"ReadAction\",\"target\":[\"https:\/\/www.welovecycling.com\/cs\/2025\/04\/11\/proc-jsou-milionove-hodinky-v-pelotonu-vitane\/\"]}]},{\"@type\":\"ImageObject\",\"inLanguage\":\"cs\",\"@id\":\"https:\/\/www.welovecycling.com\/cs\/2025\/04\/11\/proc-jsou-milionove-hodinky-v-pelotonu-vitane\/#primaryimage\",\"url\":\"https:\/\/d2p6e6u75xmxt8.cloudfront.net\/13\/2025\/04\/profimedia-0984898185-1.webp\",\"contentUrl\":\"https:\/\/d2p6e6u75xmxt8.cloudfront.net\/13\/2025\/04\/profimedia-0984898185-1.webp\",\"width\":1800,\"height\":1199,\"caption\":\"Hodinky na stupn\u00edch v\u00edt\u011bz\u016f Kolem Flander v pod\u00e1n\u00ed Tadeje Poga\u010dar a Mathieu van der Poela.\"},{\"@type\":\"WebSite\",\"@id\":\"https:\/\/www.welovecycling.com\/cs\/#website\",\"url\":\"https:\/\/www.welovecycling.com\/cs\/\",\"name\":\"\u0160koda We Love Cycling - \u010cesk\u00e1 republika\",\"description\":\"WeLoveCycling.cz je online magaz\u00edn, kter\u00fd v\u00e1m pravideln\u011b p\u0159in\u00e1\u0161\u00ed rady a tipy, zaj\u00edmav\u00e9 \u010dl\u00e1nky, videa a jedine\u010dn\u00e9 report\u00e1\u017ee ze sv\u011bta cyklistiky.\",\"potentialAction\":[{\"@type\":\"SearchAction\",\"target\":{\"@type\":\"EntryPoint\",\"urlTemplate\":\"https:\/\/www.welovecycling.com\/cs\/?s={search_term_string}\"},\"query-input\":{\"@type\":\"PropertyValueSpecification\",\"valueRequired\":true,\"valueName\":\"search_term_string\"}}],\"inLanguage\":\"cs\"},{\"@type\":\"Person\",\"@id\":\"https:\/\/www.welovecycling.com\/cs\/#\/schema\/person\/d9eeb0a378f3a7e4a6d12d2b536b04b8\",\"name\":\"radekmalina\",\"image\":{\"@type\":\"ImageObject\",\"inLanguage\":\"cs\",\"@id\":\"https:\/\/www.welovecycling.com\/cs\/#\/schema\/person\/image\/\",\"url\":\"https:\/\/secure.gravatar.com\/avatar\/66994b632cb8c39a46b9f54afa3ae07201b678d32a54275b6f1c9ffec356bfc0?s=96&d=mm&r=g\",\"contentUrl\":\"https:\/\/secure.gravatar.com\/avatar\/66994b632cb8c39a46b9f54afa3ae07201b678d32a54275b6f1c9ffec356bfc0?s=96&d=mm&r=g\",\"caption\":\"radekmalina\"},\"url\":\"https:\/\/www.welovecycling.com\/cs\/author\/radekmalina\/\"}]}<\/script>\n<!-- \/ Yoast SEO Premium plugin. -->","yoast_head_json":{"title":"Pro\u010d jsou milionov\u00e9 hodinky v pelotonu v\u00edtan\u00e9? | \u0160koda We Love Cycling - \u010cesk\u00e1 republika","description":"Sv\u00e1d\u011bli nel\u00edtostnou bitvu v jednom z nejdrsn\u011bj\u0161\u00edch z\u00e1vod\u016f cyklistick\u00e9ho kalend\u00e1\u0159e. A p\u0159ece si neodpustili pot\u011b\u0161en\u00ed v podob\u011b v\u00fdjime\u010dn\u00fdch klenot\u016f. Mathieu van der Poel, bronzov\u00fd mu\u017e z formace Alpecin Deceuninck, a Tadej Poga\u010dar, pozd\u011bj\u0161\u00ed v\u00edt\u011bz v dresu UAE Emirates, vezli p\u0159i Monumentu Kolem Flander hodinky v p\u0159epo\u010dtu za sedm a p\u016fl milionu korun.","robots":{"index":"index","follow":"follow","max-snippet":"max-snippet:-1","max-image-preview":"max-image-preview:large","max-video-preview":"max-video-preview:-1"},"canonical":"https:\/\/www.welovecycling.com\/cs\/2025\/04\/11\/proc-jsou-milionove-hodinky-v-pelotonu-vitane\/","og_locale":"cs_CZ","og_type":"article","og_title":"Pro\u010d jsou milionov\u00e9 hodinky v pelotonu v\u00edtan\u00e9?","og_description":"Sv\u00e1d\u011bli nel\u00edtostnou bitvu v jednom z nejdrsn\u011bj\u0161\u00edch z\u00e1vod\u016f cyklistick\u00e9ho kalend\u00e1\u0159e. A p\u0159ece si neodpustili pot\u011b\u0161en\u00ed v podob\u011b v\u00fdjime\u010dn\u00fdch klenot\u016f. Mathieu van der Poel, bronzov\u00fd mu\u017e z formace Alpecin Deceuninck, a Tadej Poga\u010dar, pozd\u011bj\u0161\u00ed v\u00edt\u011bz v dresu UAE Emirates, vezli p\u0159i Monumentu Kolem Flander hodinky v p\u0159epo\u010dtu za sedm a p\u016fl milionu korun.","og_url":"https:\/\/www.welovecycling.com\/cs\/2025\/04\/11\/proc-jsou-milionove-hodinky-v-pelotonu-vitane\/","og_site_name":"\u0160koda We Love Cycling - \u010cesk\u00e1 republika","article_published_time":"2025-04-11T03:00:54+00:00","og_image":[{"width":1800,"height":1199,"url":"https:\/\/d2p6e6u75xmxt8.cloudfront.net\/13\/2025\/04\/profimedia-0984898185-1.webp","type":"image\/webp"}],"author":"radekmalina","twitter_card":"summary_large_image","twitter_misc":{"Written by":"We Love Cycling","Est. reading time":"5"},"schema":{"@context":"https:\/\/schema.org","@graph":[{"@type":"WebPage","@id":"https:\/\/www.welovecycling.com\/cs\/2025\/04\/11\/proc-jsou-milionove-hodinky-v-pelotonu-vitane\/","url":"https:\/\/www.welovecycling.com\/cs\/2025\/04\/11\/proc-jsou-milionove-hodinky-v-pelotonu-vitane\/","name":"Pro\u010d jsou milionov\u00e9 hodinky v pelotonu v\u00edtan\u00e9? | \u0160koda We Love Cycling - \u010cesk\u00e1 republika","isPartOf":{"@id":"https:\/\/www.welovecycling.com\/cs\/#website"},"primaryImageOfPage":{"@id":"https:\/\/www.welovecycling.com\/cs\/2025\/04\/11\/proc-jsou-milionove-hodinky-v-pelotonu-vitane\/#primaryimage"},"image":{"@id":"https:\/\/www.welovecycling.com\/cs\/2025\/04\/11\/proc-jsou-milionove-hodinky-v-pelotonu-vitane\/#primaryimage"},"thumbnailUrl":"https:\/\/d2p6e6u75xmxt8.cloudfront.net\/13\/2025\/04\/profimedia-0984898185-1.webp","datePublished":"2025-04-11T03:00:54+00:00","author":{"@id":"https:\/\/www.welovecycling.com\/cs\/#\/schema\/person\/d9eeb0a378f3a7e4a6d12d2b536b04b8"},"description":"Sv\u00e1d\u011bli nel\u00edtostnou bitvu v jednom z nejdrsn\u011bj\u0161\u00edch z\u00e1vod\u016f cyklistick\u00e9ho kalend\u00e1\u0159e. A p\u0159ece si neodpustili pot\u011b\u0161en\u00ed v podob\u011b v\u00fdjime\u010dn\u00fdch klenot\u016f. Mathieu van der Poel, bronzov\u00fd mu\u017e z formace Alpecin Deceuninck, a Tadej Poga\u010dar, pozd\u011bj\u0161\u00ed v\u00edt\u011bz v dresu UAE Emirates, vezli p\u0159i Monumentu Kolem Flander hodinky v p\u0159epo\u010dtu za sedm a p\u016fl milionu korun.","inLanguage":"cs","potentialAction":[{"@type":"ReadAction","target":["https:\/\/www.welovecycling.com\/cs\/2025\/04\/11\/proc-jsou-milionove-hodinky-v-pelotonu-vitane\/"]}]},{"@type":"ImageObject","inLanguage":"cs","@id":"https:\/\/www.welovecycling.com\/cs\/2025\/04\/11\/proc-jsou-milionove-hodinky-v-pelotonu-vitane\/#primaryimage","url":"https:\/\/d2p6e6u75xmxt8.cloudfront.net\/13\/2025\/04\/profimedia-0984898185-1.webp","contentUrl":"https:\/\/d2p6e6u75xmxt8.cloudfront.net\/13\/2025\/04\/profimedia-0984898185-1.webp","width":1800,"height":1199,"caption":"Hodinky na stupn\u00edch v\u00edt\u011bz\u016f Kolem Flander v pod\u00e1n\u00ed Tadeje Poga\u010dar a Mathieu van der Poela."},{"@type":"WebSite","@id":"https:\/\/www.welovecycling.com\/cs\/#website","url":"https:\/\/www.welovecycling.com\/cs\/","name":"\u0160koda We Love Cycling - \u010cesk\u00e1 republika","description":"WeLoveCycling.cz je online magaz\u00edn, kter\u00fd v\u00e1m pravideln\u011b p\u0159in\u00e1\u0161\u00ed rady a tipy, zaj\u00edmav\u00e9 \u010dl\u00e1nky, videa a jedine\u010dn\u00e9 report\u00e1\u017ee ze sv\u011bta cyklistiky.","potentialAction":[{"@type":"SearchAction","target":{"@type":"EntryPoint","urlTemplate":"https:\/\/www.welovecycling.com\/cs\/?s={search_term_string}"},"query-input":{"@type":"PropertyValueSpecification","valueRequired":true,"valueName":"search_term_string"}}],"inLanguage":"cs"},{"@type":"Person","@id":"https:\/\/www.welovecycling.com\/cs\/#\/schema\/person\/d9eeb0a378f3a7e4a6d12d2b536b04b8","name":"radekmalina","image":{"@type":"ImageObject","inLanguage":"cs","@id":"https:\/\/www.welovecycling.com\/cs\/#\/schema\/person\/image\/","url":"https:\/\/secure.gravatar.com\/avatar\/66994b632cb8c39a46b9f54afa3ae07201b678d32a54275b6f1c9ffec356bfc0?s=96&d=mm&r=g","contentUrl":"https:\/\/secure.gravatar.com\/avatar\/66994b632cb8c39a46b9f54afa3ae07201b678d32a54275b6f1c9ffec356bfc0?s=96&d=mm&r=g","caption":"radekmalina"},"url":"https:\/\/www.welovecycling.com\/cs\/author\/radekmalina\/"}]}},"_links":{"self":[{"href":"https:\/\/www.welovecycling.com\/cs\/wp-json\/wp\/v2\/posts\/28898","targetHints":{"allow":["GET"]}}],"collection":[{"href":"https:\/\/www.welovecycling.com\/cs\/wp-json\/wp\/v2\/posts"}],"about":[{"href":"https:\/\/www.welovecycling.com\/cs\/wp-json\/wp\/v2\/types\/post"}],"author":[{"embeddable":true,"href":"https:\/\/www.welovecycling.com\/cs\/wp-json\/wp\/v2\/users\/138"}],"replies":[{"embeddable":true,"href":"https:\/\/www.welovecycling.com\/cs\/wp-json\/wp\/v2\/comments?post=28898"}],"version-history":[{"count":2,"href":"https:\/\/www.welovecycling.com\/cs\/wp-json\/wp\/v2\/posts\/28898\/revisions"}],"predecessor-version":[{"id":28900,"href":"https:\/\/www.welovecycling.com\/cs\/wp-json\/wp\/v2\/posts\/28898\/revisions\/28900"}],"wp:featuredmedia":[{"embeddable":true,"href":"https:\/\/www.welovecycling.com\/cs\/wp-json\/wp\/v2\/media\/28897"}],"wp:attachment":[{"href":"https:\/\/www.welovecycling.com\/cs\/wp-json\/wp\/v2\/media?parent=28898"}],"wp:term":[{"taxonomy":"category","embeddable":true,"href":"https:\/\/www.welovecycling.com\/cs\/wp-json\/wp\/v2\/categories?post=28898"},{"taxonomy":"post_tag","embeddable":true,"href":"https:\/\/www.welovecycling.com\/cs\/wp-json\/wp\/v2\/tags?post=28898"},{"taxonomy":"global-categories","embeddable":true,"href":"https:\/\/www.welovecycling.com\/cs\/wp-json\/wp\/v2\/global-categories?post=28898"}],"curies":[{"name":"wp","href":"https:\/\/api.w.org\/{rel}","templated":true}]}}