{"id":28885,"date":"2025-04-11T14:00:16","date_gmt":"2025-04-11T12:00:16","guid":{"rendered":"https:\/\/www.welovecycling.com\/cs\/?p=28885"},"modified":"2025-04-11T12:12:46","modified_gmt":"2025-04-11T10:12:46","slug":"dve-minuty-k-ano-jak-se-tadej-pogacar-rozhodl-jet-roubaix","status":"publish","type":"post","link":"https:\/\/www.welovecycling.com\/cs\/2025\/04\/11\/dve-minuty-k-ano-jak-se-tadej-pogacar-rozhodl-jet-roubaix\/","title":{"rendered":"Dv\u011b minuty k ano. Jak se Tadej Poga\u010dar rozhodl jet Roubaix"},"content":{"rendered":"<p><strong>Pojede, nebo nepojede? Tou ot\u00e1zkou Tadej Poga\u010dar nap\u00ednal v posledn\u00edch m\u011bs\u00edc\u00edch cel\u00fd peloton. Odpov\u011b\u010f zn\u00ed: ANO. Slovinsk\u00fd \u010darod\u011bj si 13. dubna odbude premi\u00e9ru v z\u00e1vod\u011b Pa\u0159\u00ed\u017e\u2013Roubaix a pokus\u00ed se vyhr\u00e1t \u010dtvrt\u00fd Monument. Pak u\u017e by mu do ucelen\u00e9 sb\u00edrky p\u011bti zb\u00fdvalo posledn\u00ed, ale podle marn\u00e9 snahy posledn\u00edch let asi nejt\u011b\u017e\u0161\u00ed Sanremo.<\/strong><\/p>\n<p>Za\u010d\u00e1tkem \u00fanora byli Poga\u010dar a jeho t\u00fdmov\u00fd kolega Tim Wellens spat\u0159eni, jak tr\u00e9nuj\u00ed na p\u011btihv\u011bzdi\u010dkov\u00e9m, tedy co do n\u00e1ro\u010dnosti nejvy\u0161\u0161\u00edm sektoru dla\u017eebn\u00edch kostek u Arenbergu. V\u00edce ne\u017e 2kilometrov\u00fd lesn\u00ed pr\u016fsek pln\u00fd n\u00e1strah a past\u00ed v minulosti mnohdy znamenal konec nad\u011bj\u00ed nejednoho favorita.<\/p>\n<h2><strong>Tadej Poga\u010dar d\u011bl\u00e1 v\u011bci po sv\u00e9m<\/strong><\/h2>\n<p>Belgi\u010dan u toho Slovince nato\u010dil na mobil, a pak tuto legr\u00e1cku vypustili do virtu\u00e1ln\u00edho sv\u011bta.\u00a0To v\u00e1m byl poprask! Podle tradice se v\u00edt\u011bzov\u00e9 Tour de France \u2013 tedy lehc\u00ed vrcha\u0159i \u2013 takto brut\u00e1ln\u00edm sektor\u016fm v severn\u00ed Francii vyh\u00fdbaj\u00ed, proto\u017ee p\u00e1d je v tomto z\u00e1vod\u011b prakticky jistotou. Jen\u017ee Poga\u010dar na tradice v\u00edte co&#8230; D\u011bl\u00e1 si v\u011bci po sv\u00e9m.<\/p>\n<p>Slovinec t\u0159ikr\u00e1t vyhr\u00e1l Starou d\u00e1mu, ale v\u017edy tvrdil, \u017ee se jednoho dne Pekla severu z\u00fa\u010dastn\u00ed. Proto\u017ee chce-li p\u0159ekonat Eddyho Merckxe a st\u00e1t se nejv\u011bt\u0161\u00edm cyklistou v\u0161ech dob (co\u017e bude s Belgi\u010danovou bilanc\u00ed 525 triumf\u016f slo\u017eit\u00e9), mus\u00ed nutn\u011b vyhr\u00e1t v\u0161ech p\u011bt Monument\u016f.<\/p>\n<figure id=\"attachment_28901\" aria-describedby=\"caption-attachment-28901\" style=\"width: 1800px\" class=\"wp-caption alignnone\"><a href=\"https:\/\/d2p6e6u75xmxt8.cloudfront.net\/13\/2025\/04\/profimedia-0986462961.webp\"><img loading=\"lazy\" decoding=\"async\" class=\"size-full wp-image-28901\" src=\"https:\/\/d2p6e6u75xmxt8.cloudfront.net\/13\/2025\/04\/profimedia-0986462961.webp\" alt=\"\" width=\"1800\" height=\"1199\" srcset=\"https:\/\/d2p6e6u75xmxt8.cloudfront.net\/13\/2025\/04\/profimedia-0986462961.webp 1800w, https:\/\/d2p6e6u75xmxt8.cloudfront.net\/13\/2025\/04\/profimedia-0986462961-300x200.webp 300w, https:\/\/d2p6e6u75xmxt8.cloudfront.net\/13\/2025\/04\/profimedia-0986462961-1024x682.webp 1024w, https:\/\/d2p6e6u75xmxt8.cloudfront.net\/13\/2025\/04\/profimedia-0986462961-768x512.webp 768w, https:\/\/d2p6e6u75xmxt8.cloudfront.net\/13\/2025\/04\/profimedia-0986462961-1536x1023.webp 1536w, https:\/\/d2p6e6u75xmxt8.cloudfront.net\/13\/2025\/04\/profimedia-0986462961-400x266.webp 400w, https:\/\/d2p6e6u75xmxt8.cloudfront.net\/13\/2025\/04\/profimedia-0986462961-272x182.webp 272w\" sizes=\"auto, (max-width: 1800px) 100vw, 1800px\" \/><\/a><figcaption id=\"caption-attachment-28901\" class=\"wp-caption-text\"><em>Tadej Poga\u010dar p\u0159i prohl\u00eddce trasy Pa\u0159\u00ed\u017e Roubaix 2025. Foto: profimedia (2x)<\/em><\/figcaption><\/figure>\n<p>Nikdy v\u0161ak nedefinoval, kdy p\u0159esn\u011b se z\u00e1vodu hodl\u00e1 z\u00fa\u010dastnit. Snad pr\u00e1v\u011b proto ten \u00fanorov\u00fd pr\u016fzkum trati vyvolal v cyklistick\u00e9m sv\u011bt\u011b takov\u00fd rozruch. Pr\u016fzkum byl p\u0159itom tak trochu \u201eomylem\u201c, proto\u017ee nejd\u0159\u00edv s Wellensem vyrazili rekognoskovat jinou klasiku Kolem Flander, kterou u\u017e vyhr\u00e1l a kter\u00e1 v jeho kalend\u00e1\u0159i byla pl\u00e1novan\u00e1 dlouho.<\/p>\n<h2><strong>Kv\u016fli Roubaix zru\u0161il semiklasiky<\/strong><\/h2>\n<p>A kdy\u017e u\u017e byli na dost\u0159el severofrancouzsk\u00fdm kostk\u00e1m, ud\u011blali si odbo\u010dku. Wellensovi na ka\u017ed\u00e9m ze sektor\u016f natahoval \u00fasm\u011bv, a pak s\u00e1m s \u00fasm\u011bvem pronesl: \u201eL\u00edb\u00ed se mi to.&#8220; Mo\u017en\u00e1 t\u00edm sv\u00e9 t\u00fdmov\u00e9 \u0161\u00e9fy malinko vylekal, ale rad\u011bji mu \u0159ekli: \u201eTak skv\u011ble, probereme to b\u011bhem UAE Tour.&#8220;<\/p>\n<p>P\u00e1r dn\u016f nato Poga\u010dar ve Spojen\u00fdch arabsk\u00fdch emir\u00e1tech posp\u00edchal pro sv\u016fj t\u0159et\u00ed triumf na UAE Tour. Prvn\u00ed den sed\u011bl u sn\u00eddan\u011b se sportovn\u00edm mana\u017eerem t\u00fdmu Fern\u00e1ndezem a znovu zopakoval: \u201eRoubaix se mi l\u00edb\u00ed. Co mysl\u00ed\u0161, kdybych to letos zkusil?\u201c<\/p>\n<div class=\"shortcode-ys-post-pinup\"><article class=\"loop-simple post-28493 post type-post status-publish format-standard has-post-thumbnail hentry category-silnicni-cyklistika tag-cyklistika tag-fabian-cancellara tag-mathias-vacek tag-nehoda tag-pad tag-silnicni-cyklistika tag-strade-bianche tag-tadej-pogacar tag-toskansko tag-zraneni global-categories-cycling\" data-postid=\"28493\" role=\"article\" data-post-id=\"28493\" data-word-count=\"488\" data-headline-length=\"65\" data-category=\"Silni\u010dn\u00ed cyklistika\" data-global-category=\"Cycling\" data-author=\"Radek Malina\" data-published=\"2025-03-08T23:48:46+02:00\" data-published-day=\"Saturday\">\n    <div class=\"entry-thumbnail article-thumbnail\" content=\"https:\/\/d2p6e6u75xmxt8.cloudfront.net\/13\/2025\/03\/profimedia-0973823179-150x150.webp\"><a href=\"https:\/\/www.welovecycling.com\/cs\/2025\/03\/08\/zkrvaveny-demon-tadej-pogacar-epickym-vykonem-napsal-historii\/\" class=\"image-holder\" target=\"_self\"><img decoding=\"async\" loading=\"lazy\" class=\"\" src=\"https:\/\/d2p6e6u75xmxt8.cloudfront.net\/13\/2025\/03\/profimedia-0973823179-1024x682.webp\" srcset=\"https:\/\/d2p6e6u75xmxt8.cloudfront.net\/13\/2025\/03\/profimedia-0973823179.webp 1800w, https:\/\/d2p6e6u75xmxt8.cloudfront.net\/13\/2025\/03\/profimedia-0973823179-300x200.webp 300w, https:\/\/d2p6e6u75xmxt8.cloudfront.net\/13\/2025\/03\/profimedia-0973823179-1024x682.webp 1024w, https:\/\/d2p6e6u75xmxt8.cloudfront.net\/13\/2025\/03\/profimedia-0973823179-768x512.webp 768w, https:\/\/d2p6e6u75xmxt8.cloudfront.net\/13\/2025\/03\/profimedia-0973823179-1536x1023.webp 1536w, https:\/\/d2p6e6u75xmxt8.cloudfront.net\/13\/2025\/03\/profimedia-0973823179-400x266.webp 400w, https:\/\/d2p6e6u75xmxt8.cloudfront.net\/13\/2025\/03\/profimedia-0973823179-272x182.webp 272w\" width=\"1024\" height=\"682\" sizes=\"auto, (min-width: 1200px) 300px, (min-width: 768px) 25vw, 100vw\" alt=\"zkrvaveny-demon-tadej-pogacar-epickym-vykonem-napsal-historii\"\/><\/a><\/div>    <div class=\"entry-meta\">\n        <a class=\"label label-secondary post-category\" href=\"https:\/\/www.welovecycling.com\/cs\/category\/silnicni-cyklistika\/\" title=\"Silni\u010dn\u00ed cyklistika\">Silni\u010dn\u00ed cyklistika<\/a>\n    <\/div>\n    <div class=\"entry-details\">\n        <a href=\"https:\/\/www.welovecycling.com\/cs\/2025\/03\/08\/zkrvaveny-demon-tadej-pogacar-epickym-vykonem-napsal-historii\/\" class='entry-title-wrapper'>\n            <h3 class=\"entry-title\"><span>Tadej Poga\u010dar, a\u010d zkrvaven\u00fd, epick\u00fdm v\u00fdkonem napsal historii<\/span><\/h3>\n        <\/a>\n    <\/div>\n    <\/article>\n<\/div>\n<p>Jakkoliv nebezpe\u010dn\u00e1 mise to m\u016f\u017ee s ohledem na \u010dervenec a Tour de France b\u00fdt, v t\u00fdmu UAE nedok\u00e1\u017eou sv\u00e9 hv\u011bzd\u011b odporovat. Jedin\u011b kdy\u017e se bude bavit a bude motivovan\u00fd nov\u00fdmi v\u00fdzvami, bude vyhr\u00e1vat.<\/p>\n<p>Tohle ano s sebou neslo jist\u00e9 podm\u00ednky. Poga\u010dar musel drobn\u011b pro\u0161krtat sv\u016fj z\u00e1vodn\u00ed pl\u00e1n a odhl\u00e1sit se ze semiklasik Gent-Wevelgem nebo E3 Saxo Classic. \u201eRad\u011bji vynech\u00e1m ob\u011b, abych se p\u0159ipravil na Flandry, Roubaix a pak Amstel,&#8220; reagoval. Debata trvala dv\u011b minuty.<\/p>\n<h2><strong>Riziko p\u00e1du? \u010c\u00edh\u00e1 v\u0161ude<\/strong><\/h2>\n<p>Poga\u010dar sv\u00e9 rozhodnut\u00ed o \u00fa\u010dasti v z\u00e1vod\u011b sd\u011blil jen n\u011bkolika bl\u00edzk\u00fdm p\u0159\u00e1tel\u016fm, ve\u0159ejn\u00fd verdikt z\u016fstal sv\u011btu utajen a\u017e do 26. b\u0159ezna. Tedy po italsk\u00e9m dvojboji Strade Bianche &amp; Mil\u00e1n-Sanremo. Speci\u00e1ln\u011b pr\u016fb\u011bh Strade, kde Poga\u010dar pot\u0159et\u00ed vyhr\u00e1l, ale cestou padl do trn\u00ed, znovu vyvolal ot\u00e1zku o bezpe\u010dnosti startu na Roubaix. A gener\u00e1ln\u00ed mana\u017eer t\u00fdmu UAE Mauro Gianetti zopakoval, \u017ee by byl rad\u011bji, kdyby Pogi letos <a href=\"https:\/\/www.welovecycling.com\/cs\/2025\/04\/10\/udrzet-roubaix-v-pohybu-jak-funguji-strazni-andele-v-pekle\/\">Roubaix<\/a> vynechal.<\/p>\n<p>Jenom\u017ee riziko kouk\u00e1 z ka\u017ed\u00e9ho z\u00e1vodu, ne? B\u00e1li byste se ve chv\u00edli, kdy Poga\u010dar jel ve trojici na vedouc\u00ed pozici na Strade? Ne. A p\u0159eci p\u0159i\u0161el karambol. M\u011bl se b\u00e1t v pelotonu Lutychu, \u017ee n\u011bkdo p\u0159ed n\u00edm spadne? Nem\u011bl a p\u0159eci se to v roce 2023 stalo. V cyklistice riziko le\u017e\u00ed kdekoliv.<\/p>\n<figure id=\"attachment_28497\" aria-describedby=\"caption-attachment-28497\" style=\"width: 1800px\" class=\"wp-caption alignnone\"><a href=\"https:\/\/d2p6e6u75xmxt8.cloudfront.net\/13\/2025\/03\/profimedia-0973823179.webp\"><img loading=\"lazy\" decoding=\"async\" class=\"size-full wp-image-28497\" src=\"https:\/\/d2p6e6u75xmxt8.cloudfront.net\/13\/2025\/03\/profimedia-0973823179.webp\" alt=\"\" width=\"1800\" height=\"1199\" srcset=\"https:\/\/d2p6e6u75xmxt8.cloudfront.net\/13\/2025\/03\/profimedia-0973823179.webp 1800w, https:\/\/d2p6e6u75xmxt8.cloudfront.net\/13\/2025\/03\/profimedia-0973823179-300x200.webp 300w, https:\/\/d2p6e6u75xmxt8.cloudfront.net\/13\/2025\/03\/profimedia-0973823179-1024x682.webp 1024w, https:\/\/d2p6e6u75xmxt8.cloudfront.net\/13\/2025\/03\/profimedia-0973823179-768x512.webp 768w, https:\/\/d2p6e6u75xmxt8.cloudfront.net\/13\/2025\/03\/profimedia-0973823179-1536x1023.webp 1536w, https:\/\/d2p6e6u75xmxt8.cloudfront.net\/13\/2025\/03\/profimedia-0973823179-400x266.webp 400w, https:\/\/d2p6e6u75xmxt8.cloudfront.net\/13\/2025\/03\/profimedia-0973823179-272x182.webp 272w\" sizes=\"auto, (max-width: 1800px) 100vw, 1800px\" \/><\/a><figcaption id=\"caption-attachment-28497\" class=\"wp-caption-text\"><em>Tadej Poga\u010dar v p\u0159\u00edkopu po karambolu p\u0159i Strade Bianche 2025.<\/em><\/figcaption><\/figure>\n<p>Nyn\u00ed, kdy\u017e je Poga\u010darova \u00fa\u010dast potvrzena, se na n\u011bj up\u00edr\u00e1 ve\u0161ker\u00e1 pozornost. Co\u017e m\u016f\u017ee hr\u00e1t do karet obh\u00e1jci Van der Poelovi, kter\u00fd bude usilovat o t\u0159et\u00ed \u017eulovou kostku v \u0159ad\u011b. \u017de forma probl\u00e9m nebude, uk\u00e1zal v San Remu, kde tolik rozesmutnil Poga\u010dara.<\/p>\n<p>Ten bude m\u00edt k ruce siln\u00e9 ma\u0161iny Politta, Wellense a v\u011b\u0159\u00ed, \u017ee s nimi bude je\u0161t\u011b siln\u011bj\u0161\u00ed. A proto\u017ee m\u00e1 na Holan\u010fana pifku, ud\u011bl\u00e1 v\u0161echno, aby mu por\u00e1\u017eku ze San Rema vr\u00e1til. A\u0165 si je nov\u00e1\u010dkem a Van der Poel mistrem oboru.<\/p>\n","protected":false},"excerpt":{"rendered":"<p>Pojede, nebo nepojede? Tou ot\u00e1zkou Tadej Poga\u010dar nap\u00ednal v posledn\u00edch m\u011bs\u00edc\u00edch cel\u00fd peloton. Odpov\u011b\u010f zn\u00ed: ANO. Slovinsk\u00fd \u010darod\u011bj si 13. [&hellip;]<\/p>\n","protected":false},"author":138,"featured_media":28902,"comment_status":"open","ping_status":"open","sticky":false,"template":"","format":"standard","meta":{"footnotes":""},"categories":[10],"tags":[126,1523,4135,4134,9,502],"global-categories":[411],"class_list":["post-28885","post","type-post","status-publish","format-standard","has-post-thumbnail","hentry","category-silnicni-cyklistika","tag-cyklistika","tag-monument","tag-pariz-roubaix-2025","tag-roubaix-2025","tag-silnicni-cyklistika","tag-tadej-pogacar","global-categories-cycling"],"yoast_head":"<!-- This site is optimized with the Yoast SEO Premium plugin v25.3 (Yoast SEO v25.9) - https:\/\/yoast.com\/wordpress\/plugins\/seo\/ -->\n<title>Dv\u011b minuty k ano. Jak se Tadej Poga\u010dar rozhodl jet Roubaix | \u0160koda We Love Cycling - \u010cesk\u00e1 republika<\/title>\n<meta name=\"description\" content=\"Pojede, nebo nepojede? Tou ot\u00e1zkou Tadej Poga\u010dar nap\u00ednal v posledn\u00edch m\u011bs\u00edc\u00edch cel\u00fd peloton. Odpov\u011b\u010f zn\u00ed: ANO. Slovinsk\u00fd \u010darod\u011bj si 13. dubna odbude premi\u00e9ru v z\u00e1vod\u011b Pa\u0159\u00ed\u017e\u2013Roubaix a pokus\u00ed se vyhr\u00e1t \u010dtvrt\u00fd Monument. Pak u\u017e by mu do ucelen\u00e9 sb\u00edrky p\u011bti zb\u00fdvalo posledn\u00ed, ale podle marn\u00e9 snahy posledn\u00edch let asi nejt\u011b\u017e\u0161\u00ed Sanremo.\" \/>\n<meta name=\"robots\" content=\"index, follow, max-snippet:-1, max-image-preview:large, max-video-preview:-1\" \/>\n<link rel=\"canonical\" href=\"https:\/\/www.welovecycling.com\/cs\/2025\/04\/11\/dve-minuty-k-ano-jak-se-tadej-pogacar-rozhodl-jet-roubaix\/\" \/>\n<meta property=\"og:locale\" content=\"cs_CZ\" \/>\n<meta property=\"og:type\" content=\"article\" \/>\n<meta property=\"og:title\" content=\"Dv\u011b minuty k ano. Jak se Tadej Poga\u010dar rozhodl jet Roubaix\" \/>\n<meta property=\"og:description\" content=\"Pojede, nebo nepojede? Tou ot\u00e1zkou Tadej Poga\u010dar nap\u00ednal v posledn\u00edch m\u011bs\u00edc\u00edch cel\u00fd peloton. Odpov\u011b\u010f zn\u00ed: ANO. Slovinsk\u00fd \u010darod\u011bj si 13. dubna odbude premi\u00e9ru v z\u00e1vod\u011b Pa\u0159\u00ed\u017e\u2013Roubaix a pokus\u00ed se vyhr\u00e1t \u010dtvrt\u00fd Monument. Pak u\u017e by mu do ucelen\u00e9 sb\u00edrky p\u011bti zb\u00fdvalo posledn\u00ed, ale podle marn\u00e9 snahy posledn\u00edch let asi nejt\u011b\u017e\u0161\u00ed Sanremo.\" \/>\n<meta property=\"og:url\" content=\"https:\/\/www.welovecycling.com\/cs\/2025\/04\/11\/dve-minuty-k-ano-jak-se-tadej-pogacar-rozhodl-jet-roubaix\/\" \/>\n<meta property=\"og:site_name\" content=\"\u0160koda We Love Cycling - \u010cesk\u00e1 republika\" \/>\n<meta property=\"article:published_time\" content=\"2025-04-11T12:00:16+00:00\" \/>\n<meta property=\"og:image\" content=\"https:\/\/d2p6e6u75xmxt8.cloudfront.net\/13\/2025\/04\/profimedia-0986455866.webp\" \/>\n\t<meta property=\"og:image:width\" content=\"1800\" \/>\n\t<meta property=\"og:image:height\" content=\"1200\" \/>\n\t<meta property=\"og:image:type\" content=\"image\/webp\" \/>\n<meta name=\"author\" content=\"radekmalina\" \/>\n<meta name=\"twitter:card\" content=\"summary_large_image\" \/>\n<meta name=\"twitter:label1\" content=\"Written by\" \/>\n\t<meta name=\"twitter:data1\" content=\"Radek Malina\" \/>\n\t<meta name=\"twitter:label2\" content=\"Est. reading time\" \/>\n\t<meta name=\"twitter:data2\" content=\"5\" \/>\n<script type=\"application\/ld+json\" class=\"yoast-schema-graph\">{\"@context\":\"https:\/\/schema.org\",\"@graph\":[{\"@type\":\"WebPage\",\"@id\":\"https:\/\/www.welovecycling.com\/cs\/2025\/04\/11\/dve-minuty-k-ano-jak-se-tadej-pogacar-rozhodl-jet-roubaix\/\",\"url\":\"https:\/\/www.welovecycling.com\/cs\/2025\/04\/11\/dve-minuty-k-ano-jak-se-tadej-pogacar-rozhodl-jet-roubaix\/\",\"name\":\"Dv\u011b minuty k ano. Jak se Tadej Poga\u010dar rozhodl jet Roubaix | \u0160koda We Love Cycling - \u010cesk\u00e1 republika\",\"isPartOf\":{\"@id\":\"https:\/\/www.welovecycling.com\/cs\/#website\"},\"primaryImageOfPage\":{\"@id\":\"https:\/\/www.welovecycling.com\/cs\/2025\/04\/11\/dve-minuty-k-ano-jak-se-tadej-pogacar-rozhodl-jet-roubaix\/#primaryimage\"},\"image\":{\"@id\":\"https:\/\/www.welovecycling.com\/cs\/2025\/04\/11\/dve-minuty-k-ano-jak-se-tadej-pogacar-rozhodl-jet-roubaix\/#primaryimage\"},\"thumbnailUrl\":\"https:\/\/d2p6e6u75xmxt8.cloudfront.net\/13\/2025\/04\/profimedia-0986455866.webp\",\"datePublished\":\"2025-04-11T12:00:16+00:00\",\"author\":{\"@id\":\"https:\/\/www.welovecycling.com\/cs\/#\/schema\/person\/d9eeb0a378f3a7e4a6d12d2b536b04b8\"},\"description\":\"Pojede, nebo nepojede? Tou ot\u00e1zkou Tadej Poga\u010dar nap\u00ednal v posledn\u00edch m\u011bs\u00edc\u00edch cel\u00fd peloton. Odpov\u011b\u010f zn\u00ed: ANO. Slovinsk\u00fd \u010darod\u011bj si 13. dubna odbude premi\u00e9ru v z\u00e1vod\u011b Pa\u0159\u00ed\u017e\u2013Roubaix a pokus\u00ed se vyhr\u00e1t \u010dtvrt\u00fd Monument. Pak u\u017e by mu do ucelen\u00e9 sb\u00edrky p\u011bti zb\u00fdvalo posledn\u00ed, ale podle marn\u00e9 snahy posledn\u00edch let asi nejt\u011b\u017e\u0161\u00ed Sanremo.\",\"inLanguage\":\"cs\",\"potentialAction\":[{\"@type\":\"ReadAction\",\"target\":[\"https:\/\/www.welovecycling.com\/cs\/2025\/04\/11\/dve-minuty-k-ano-jak-se-tadej-pogacar-rozhodl-jet-roubaix\/\"]}]},{\"@type\":\"ImageObject\",\"inLanguage\":\"cs\",\"@id\":\"https:\/\/www.welovecycling.com\/cs\/2025\/04\/11\/dve-minuty-k-ano-jak-se-tadej-pogacar-rozhodl-jet-roubaix\/#primaryimage\",\"url\":\"https:\/\/d2p6e6u75xmxt8.cloudfront.net\/13\/2025\/04\/profimedia-0986455866.webp\",\"contentUrl\":\"https:\/\/d2p6e6u75xmxt8.cloudfront.net\/13\/2025\/04\/profimedia-0986455866.webp\",\"width\":1800,\"height\":1200,\"caption\":\"Tadej Poga\u010dar p\u0159i prohl\u00eddce trasy Pa\u0159\u00ed\u017e-Roubaix. Foto: profimedia\"},{\"@type\":\"WebSite\",\"@id\":\"https:\/\/www.welovecycling.com\/cs\/#website\",\"url\":\"https:\/\/www.welovecycling.com\/cs\/\",\"name\":\"\u0160koda We Love Cycling - \u010cesk\u00e1 republika\",\"description\":\"WeLoveCycling.cz je online magaz\u00edn, kter\u00fd v\u00e1m pravideln\u011b p\u0159in\u00e1\u0161\u00ed rady a tipy, zaj\u00edmav\u00e9 \u010dl\u00e1nky, videa a jedine\u010dn\u00e9 report\u00e1\u017ee ze sv\u011bta cyklistiky.\",\"potentialAction\":[{\"@type\":\"SearchAction\",\"target\":{\"@type\":\"EntryPoint\",\"urlTemplate\":\"https:\/\/www.welovecycling.com\/cs\/?s={search_term_string}\"},\"query-input\":{\"@type\":\"PropertyValueSpecification\",\"valueRequired\":true,\"valueName\":\"search_term_string\"}}],\"inLanguage\":\"cs\"},{\"@type\":\"Person\",\"@id\":\"https:\/\/www.welovecycling.com\/cs\/#\/schema\/person\/d9eeb0a378f3a7e4a6d12d2b536b04b8\",\"name\":\"radekmalina\",\"image\":{\"@type\":\"ImageObject\",\"inLanguage\":\"cs\",\"@id\":\"https:\/\/www.welovecycling.com\/cs\/#\/schema\/person\/image\/\",\"url\":\"https:\/\/secure.gravatar.com\/avatar\/66994b632cb8c39a46b9f54afa3ae07201b678d32a54275b6f1c9ffec356bfc0?s=96&d=mm&r=g\",\"contentUrl\":\"https:\/\/secure.gravatar.com\/avatar\/66994b632cb8c39a46b9f54afa3ae07201b678d32a54275b6f1c9ffec356bfc0?s=96&d=mm&r=g\",\"caption\":\"radekmalina\"},\"url\":\"https:\/\/www.welovecycling.com\/cs\/author\/radekmalina\/\"}]}<\/script>\n<!-- \/ Yoast SEO Premium plugin. -->","yoast_head_json":{"title":"Dv\u011b minuty k ano. Jak se Tadej Poga\u010dar rozhodl jet Roubaix | \u0160koda We Love Cycling - \u010cesk\u00e1 republika","description":"Pojede, nebo nepojede? Tou ot\u00e1zkou Tadej Poga\u010dar nap\u00ednal v posledn\u00edch m\u011bs\u00edc\u00edch cel\u00fd peloton. Odpov\u011b\u010f zn\u00ed: ANO. Slovinsk\u00fd \u010darod\u011bj si 13. dubna odbude premi\u00e9ru v z\u00e1vod\u011b Pa\u0159\u00ed\u017e\u2013Roubaix a pokus\u00ed se vyhr\u00e1t \u010dtvrt\u00fd Monument. Pak u\u017e by mu do ucelen\u00e9 sb\u00edrky p\u011bti zb\u00fdvalo posledn\u00ed, ale podle marn\u00e9 snahy posledn\u00edch let asi nejt\u011b\u017e\u0161\u00ed Sanremo.","robots":{"index":"index","follow":"follow","max-snippet":"max-snippet:-1","max-image-preview":"max-image-preview:large","max-video-preview":"max-video-preview:-1"},"canonical":"https:\/\/www.welovecycling.com\/cs\/2025\/04\/11\/dve-minuty-k-ano-jak-se-tadej-pogacar-rozhodl-jet-roubaix\/","og_locale":"cs_CZ","og_type":"article","og_title":"Dv\u011b minuty k ano. Jak se Tadej Poga\u010dar rozhodl jet Roubaix","og_description":"Pojede, nebo nepojede? Tou ot\u00e1zkou Tadej Poga\u010dar nap\u00ednal v posledn\u00edch m\u011bs\u00edc\u00edch cel\u00fd peloton. Odpov\u011b\u010f zn\u00ed: ANO. Slovinsk\u00fd \u010darod\u011bj si 13. dubna odbude premi\u00e9ru v z\u00e1vod\u011b Pa\u0159\u00ed\u017e\u2013Roubaix a pokus\u00ed se vyhr\u00e1t \u010dtvrt\u00fd Monument. Pak u\u017e by mu do ucelen\u00e9 sb\u00edrky p\u011bti zb\u00fdvalo posledn\u00ed, ale podle marn\u00e9 snahy posledn\u00edch let asi nejt\u011b\u017e\u0161\u00ed Sanremo.","og_url":"https:\/\/www.welovecycling.com\/cs\/2025\/04\/11\/dve-minuty-k-ano-jak-se-tadej-pogacar-rozhodl-jet-roubaix\/","og_site_name":"\u0160koda We Love Cycling - \u010cesk\u00e1 republika","article_published_time":"2025-04-11T12:00:16+00:00","og_image":[{"width":1800,"height":1200,"url":"https:\/\/d2p6e6u75xmxt8.cloudfront.net\/13\/2025\/04\/profimedia-0986455866.webp","type":"image\/webp"}],"author":"radekmalina","twitter_card":"summary_large_image","twitter_misc":{"Written by":"Radek Malina","Est. reading time":"5"},"schema":{"@context":"https:\/\/schema.org","@graph":[{"@type":"WebPage","@id":"https:\/\/www.welovecycling.com\/cs\/2025\/04\/11\/dve-minuty-k-ano-jak-se-tadej-pogacar-rozhodl-jet-roubaix\/","url":"https:\/\/www.welovecycling.com\/cs\/2025\/04\/11\/dve-minuty-k-ano-jak-se-tadej-pogacar-rozhodl-jet-roubaix\/","name":"Dv\u011b minuty k ano. Jak se Tadej Poga\u010dar rozhodl jet Roubaix | \u0160koda We Love Cycling - \u010cesk\u00e1 republika","isPartOf":{"@id":"https:\/\/www.welovecycling.com\/cs\/#website"},"primaryImageOfPage":{"@id":"https:\/\/www.welovecycling.com\/cs\/2025\/04\/11\/dve-minuty-k-ano-jak-se-tadej-pogacar-rozhodl-jet-roubaix\/#primaryimage"},"image":{"@id":"https:\/\/www.welovecycling.com\/cs\/2025\/04\/11\/dve-minuty-k-ano-jak-se-tadej-pogacar-rozhodl-jet-roubaix\/#primaryimage"},"thumbnailUrl":"https:\/\/d2p6e6u75xmxt8.cloudfront.net\/13\/2025\/04\/profimedia-0986455866.webp","datePublished":"2025-04-11T12:00:16+00:00","author":{"@id":"https:\/\/www.welovecycling.com\/cs\/#\/schema\/person\/d9eeb0a378f3a7e4a6d12d2b536b04b8"},"description":"Pojede, nebo nepojede? Tou ot\u00e1zkou Tadej Poga\u010dar nap\u00ednal v posledn\u00edch m\u011bs\u00edc\u00edch cel\u00fd peloton. Odpov\u011b\u010f zn\u00ed: ANO. Slovinsk\u00fd \u010darod\u011bj si 13. dubna odbude premi\u00e9ru v z\u00e1vod\u011b Pa\u0159\u00ed\u017e\u2013Roubaix a pokus\u00ed se vyhr\u00e1t \u010dtvrt\u00fd Monument. Pak u\u017e by mu do ucelen\u00e9 sb\u00edrky p\u011bti zb\u00fdvalo posledn\u00ed, ale podle marn\u00e9 snahy posledn\u00edch let asi nejt\u011b\u017e\u0161\u00ed Sanremo.","inLanguage":"cs","potentialAction":[{"@type":"ReadAction","target":["https:\/\/www.welovecycling.com\/cs\/2025\/04\/11\/dve-minuty-k-ano-jak-se-tadej-pogacar-rozhodl-jet-roubaix\/"]}]},{"@type":"ImageObject","inLanguage":"cs","@id":"https:\/\/www.welovecycling.com\/cs\/2025\/04\/11\/dve-minuty-k-ano-jak-se-tadej-pogacar-rozhodl-jet-roubaix\/#primaryimage","url":"https:\/\/d2p6e6u75xmxt8.cloudfront.net\/13\/2025\/04\/profimedia-0986455866.webp","contentUrl":"https:\/\/d2p6e6u75xmxt8.cloudfront.net\/13\/2025\/04\/profimedia-0986455866.webp","width":1800,"height":1200,"caption":"Tadej Poga\u010dar p\u0159i prohl\u00eddce trasy Pa\u0159\u00ed\u017e-Roubaix. Foto: profimedia"},{"@type":"WebSite","@id":"https:\/\/www.welovecycling.com\/cs\/#website","url":"https:\/\/www.welovecycling.com\/cs\/","name":"\u0160koda We Love Cycling - \u010cesk\u00e1 republika","description":"WeLoveCycling.cz je online magaz\u00edn, kter\u00fd v\u00e1m pravideln\u011b p\u0159in\u00e1\u0161\u00ed rady a tipy, zaj\u00edmav\u00e9 \u010dl\u00e1nky, videa a jedine\u010dn\u00e9 report\u00e1\u017ee ze sv\u011bta cyklistiky.","potentialAction":[{"@type":"SearchAction","target":{"@type":"EntryPoint","urlTemplate":"https:\/\/www.welovecycling.com\/cs\/?s={search_term_string}"},"query-input":{"@type":"PropertyValueSpecification","valueRequired":true,"valueName":"search_term_string"}}],"inLanguage":"cs"},{"@type":"Person","@id":"https:\/\/www.welovecycling.com\/cs\/#\/schema\/person\/d9eeb0a378f3a7e4a6d12d2b536b04b8","name":"radekmalina","image":{"@type":"ImageObject","inLanguage":"cs","@id":"https:\/\/www.welovecycling.com\/cs\/#\/schema\/person\/image\/","url":"https:\/\/secure.gravatar.com\/avatar\/66994b632cb8c39a46b9f54afa3ae07201b678d32a54275b6f1c9ffec356bfc0?s=96&d=mm&r=g","contentUrl":"https:\/\/secure.gravatar.com\/avatar\/66994b632cb8c39a46b9f54afa3ae07201b678d32a54275b6f1c9ffec356bfc0?s=96&d=mm&r=g","caption":"radekmalina"},"url":"https:\/\/www.welovecycling.com\/cs\/author\/radekmalina\/"}]}},"_links":{"self":[{"href":"https:\/\/www.welovecycling.com\/cs\/wp-json\/wp\/v2\/posts\/28885","targetHints":{"allow":["GET"]}}],"collection":[{"href":"https:\/\/www.welovecycling.com\/cs\/wp-json\/wp\/v2\/posts"}],"about":[{"href":"https:\/\/www.welovecycling.com\/cs\/wp-json\/wp\/v2\/types\/post"}],"author":[{"embeddable":true,"href":"https:\/\/www.welovecycling.com\/cs\/wp-json\/wp\/v2\/users\/138"}],"replies":[{"embeddable":true,"href":"https:\/\/www.welovecycling.com\/cs\/wp-json\/wp\/v2\/comments?post=28885"}],"version-history":[{"count":2,"href":"https:\/\/www.welovecycling.com\/cs\/wp-json\/wp\/v2\/posts\/28885\/revisions"}],"predecessor-version":[{"id":28903,"href":"https:\/\/www.welovecycling.com\/cs\/wp-json\/wp\/v2\/posts\/28885\/revisions\/28903"}],"wp:featuredmedia":[{"embeddable":true,"href":"https:\/\/www.welovecycling.com\/cs\/wp-json\/wp\/v2\/media\/28902"}],"wp:attachment":[{"href":"https:\/\/www.welovecycling.com\/cs\/wp-json\/wp\/v2\/media?parent=28885"}],"wp:term":[{"taxonomy":"category","embeddable":true,"href":"https:\/\/www.welovecycling.com\/cs\/wp-json\/wp\/v2\/categories?post=28885"},{"taxonomy":"post_tag","embeddable":true,"href":"https:\/\/www.welovecycling.com\/cs\/wp-json\/wp\/v2\/tags?post=28885"},{"taxonomy":"global-categories","embeddable":true,"href":"https:\/\/www.welovecycling.com\/cs\/wp-json\/wp\/v2\/global-categories?post=28885"}],"curies":[{"name":"wp","href":"https:\/\/api.w.org\/{rel}","templated":true}]}}